{"id":113985,"date":"2024-09-16T09:09:21","date_gmt":"2024-09-16T07:09:21","guid":{"rendered":"https:\/\/www.immo-invest.ch\/zuercher-stromerzeuger-bilden-netzelektriker-gemeinsam-aus\/"},"modified":"2024-09-16T09:34:10","modified_gmt":"2024-09-16T07:34:10","slug":"zuercher-stromerzeuger-bilden-netzelektriker-gemeinsam-aus","status":"publish","type":"post","link":"https:\/\/www.immo-invest.ch\/fr\/zuercher-stromerzeuger-bilden-netzelektriker-gemeinsam-aus\/","title":{"rendered":"Les producteurs d&rsquo;\u00e9lectricit\u00e9 zurichois forment ensemble des \u00e9lectriciens de r\u00e9seau"},"content":{"rendered":"<p class=\"bodytext\">Selon un <a href=\"https:\/\/services.hosting.augure.com\/Response\/cSU92\/%7B5f19ff36-8892-4470-891f-24e69e21821b%7D\" target=\"_blank\" rel=\"noopener\">communiqu&eacute; de presse<\/a>, les deux fournisseurs d&rsquo;&eacute;lectricit&eacute; de Zurich lancent une campagne commune de formation et de communication. Ils veulent former ensemble davantage d&rsquo;&eacute;lectriciens de r&eacute;seau. Selon un communiqu&eacute; commun d&rsquo;<a href=\"https:\/\/www.ekz.ch\/de\/ueber-ekz.html\" target=\"_blank\" rel=\"noopener\">EKZ<\/a> et <a href=\"https:\/\/www.ewz.ch\/de\/ueber-ewz.html\" target=\"_blank\" rel=\"noopener\">d&rsquo;ewz<\/a>, l&rsquo;accent est mis sur les personnes qui changent d&rsquo;orientation professionnelle.<\/p>\n<p class=\"bodytext\">Au lieu de se d&eacute;baucher mutuellement, les fournisseurs d&rsquo;&eacute;lectricit&eacute; ont &eacute;labor&eacute; un concept de formation commun, sp&eacute;cialement adapt&eacute; aux personnes qui changent d&rsquo;orientation professionnelle. Il s&rsquo;adresse aux professionnels qui ont d&eacute;j&agrave; termin&eacute; une formation en &eacute;lectrotechnique ou dans un autre domaine. Le 13 novembre, les deux entreprises d&rsquo;&eacute;nergie organisent une soir&eacute;e d&rsquo;information sur ce th&egrave;me.<\/p>\n<p class=\"bodytext\">Le programme est soutenu conjointement par les deux entreprises. Pendant la p&eacute;riode de formation interne, les collaborateurs per&ccedil;oivent d&eacute;j&agrave; un salaire complet. Ils sont employ&eacute;s soit par EKZ soit par ewz et re&ccedil;oivent leur formation pratique sur le terrain, compl&eacute;t&eacute;e par des cours au centre de formation d&rsquo;ewz &agrave; Zurich-Schwamendingen. Apr&egrave;s environ un an de formation continue, les dipl&ocirc;m&eacute;s re&ccedil;oivent ensuite un certificat de formation interne.<\/p>\n<p class=\"bodytext\">Pour atteindre les candidats au programme de reconversion, les fournisseurs d&rsquo;&eacute;lectricit&eacute; lancent la campagne <a href=\"http:\/\/www.teampower.ch\" target=\"_blank\" rel=\"noopener\">Komm ins Team Power<\/a>. Elle s&rsquo;adresse au groupe cible par le biais de courtes vid&eacute;os diffus&eacute;es sur diff&eacute;rents canaux en ligne et les conduit sur un site Internet sp&eacute;cial. Des actions publicitaires sont &eacute;galement pr&eacute;vues lors d&rsquo;&eacute;v&eacute;nements sportifs, l&rsquo;activation via les collaborateurs des deux entreprises d&rsquo;&eacute;nergie et la collaboration avec l&rsquo;association <a href=\"http:\/\/netzelektriker-forum.ch\/\" target=\"_blank\" rel=\"noopener\">netzelektriker-forum<\/a>.<\/p>\n","protected":false},"excerpt":{"rendered":"<p>Les deux entreprises d&rsquo;\u00e9lectricit\u00e9 du canton de Zurich (EKZ) et de la ville de Zurich (ewz) veulent \u00e0 l&rsquo;avenir former ensemble des \u00e9lectriciens de r\u00e9seau. Tous deux recherchent des sp\u00e9cialistes dans le r\u00e9seau et lors d&rsquo;\u00e9v\u00e9nements sp\u00e9ciaux. Les personnes venant d&rsquo;autres horizons sont les bienvenues.<\/p>\n","protected":false},"author":2,"featured_media":12387,"comment_status":"open","ping_status":"open","sticky":false,"template":"","format":"standard","meta":{"pmpro_default_level":"","inline_featured_image":false,"_monsterinsights_skip_tracking":false,"footnotes":""},"categories":[8747,22696,743,4957],"tags":[31416,835,22072,848,872,3931,2002,1586,49565,16586],"class_list":["post-113985","post","type-post","status-publish","format-standard","has-post-thumbnail","hentry","category-energie","category-entreprise","category-immonews-fr","category-region-zurich","tag-ausbildung-fr","tag-energie-fr","tag-fachkraeftemangel-fr","tag-immobilien-fr","tag-immoinvest-fr","tag-immonews-fr","tag-news-fr","tag-schule-fr","tag-strombranche-fr","tag-stromerzeugung-fr","pmpro-has-access"],"acf":{"bild_mit_ki_erstellt_worden":[],"lead":"Les deux entreprises d'\u00e9lectricit\u00e9 du canton de Zurich (EKZ) et de la ville de Zurich (ewz) veulent \u00e0 l'avenir former ensemble des \u00e9lectriciens de r\u00e9seau. Tous deux recherchent des sp\u00e9cialistes dans le r\u00e9seau et lors d'\u00e9v\u00e9nements sp\u00e9ciaux. Les personnes venant d'autres horizons sont les bienvenues.","autor":"ce\/gba\u00a0","ort":"Z\u00fcrich ","bildunterschrift":"","bild_im_grid":false,"gallerie":"","newsim":""},"aioseo_notices":[],"aioseo_head":"\n\t\t<!-- All in One SEO 5.0.1.1 - aioseo.com -->\n\t<meta name=\"description\" content=\"Les deux entreprises d&#039;\u00e9lectricit\u00e9 du canton de Zurich (EKZ) et de la ville de Zurich (ewz) veulent \u00e0 l&#039;avenir former ensemble des \u00e9lectriciens de r\u00e9seau. Tous deux recherchent des sp\u00e9cialistes dans le r\u00e9seau et lors d&#039;\u00e9v\u00e9nements sp\u00e9ciaux. Les personnes venant d&#039;autres horizons sont les bienvenues.\" \/>\n\t<meta name=\"robots\" content=\"max-image-preview:large\" \/>\n\t<meta name=\"author\" content=\"immovestuser\"\/>\n\t<meta name=\"google-site-verification\" content=\"fHJKvgWpZCR2zVBHWfkQeFXC11qieUSff0HGNYfuyLA\" \/>\n\t<link rel=\"canonical\" href=\"https:\/\/www.immo-invest.ch\/fr\/zuercher-stromerzeuger-bilden-netzelektriker-gemeinsam-aus\/\" \/>\n\t<meta name=\"generator\" content=\"All in One SEO (AIOSEO) 5.0.1.1\" \/>\n\t\t<meta property=\"og:locale\" content=\"fr_FR\" \/>\n\t\t<meta property=\"og:site_name\" content=\"immo!nvest - Die Plattform f\u00fcr Standorte und Immobilien - Die\u00a0Plattform f\u00fcr Standorte und Immobilien\" \/>\n\t\t<meta property=\"og:type\" content=\"article\" \/>\n\t\t<meta property=\"og:title\" content=\"Les producteurs d\u2019\u00e9lectricit\u00e9 zurichois forment ensemble des \u00e9lectriciens de r\u00e9seau - immo!nvest - Die Plattform f\u00fcr Standorte und Immobilien\" \/>\n\t\t<meta property=\"og:description\" content=\"Les deux entreprises d&#039;\u00e9lectricit\u00e9 du canton de Zurich (EKZ) et de la ville de Zurich (ewz) veulent \u00e0 l&#039;avenir former ensemble des \u00e9lectriciens de r\u00e9seau. Tous deux recherchent des sp\u00e9cialistes dans le r\u00e9seau et lors d&#039;\u00e9v\u00e9nements sp\u00e9ciaux. Les personnes venant d&#039;autres horizons sont les bienvenues.\" \/>\n\t\t<meta property=\"og:url\" content=\"https:\/\/www.immo-invest.ch\/fr\/zuercher-stromerzeuger-bilden-netzelektriker-gemeinsam-aus\/\" \/>\n\t\t<meta property=\"og:image\" content=\"https:\/\/www.immo-invest.ch\/wp-content\/uploads\/2021\/01\/energie-21.png\" \/>\n\t\t<meta property=\"og:image:secure_url\" content=\"https:\/\/www.immo-invest.ch\/wp-content\/uploads\/2021\/01\/energie-21.png\" \/>\n\t\t<meta property=\"og:image:width\" content=\"1200\" \/>\n\t\t<meta property=\"og:image:height\" content=\"628\" \/>\n\t\t<meta property=\"article:published_time\" content=\"2024-09-16T07:09:21+00:00\" \/>\n\t\t<meta property=\"article:modified_time\" content=\"2024-09-16T07:34:10+00:00\" \/>\n\t\t<meta property=\"article:publisher\" content=\"https:\/\/www.facebook.com\/people\/Immoinvest\/100077962920504\/\" \/>\n\t\t<meta name=\"twitter:card\" content=\"summary_large_image\" \/>\n\t\t<meta name=\"twitter:site\" content=\"@i\" \/>\n\t\t<meta name=\"twitter:title\" content=\"Les producteurs d\u2019\u00e9lectricit\u00e9 zurichois forment ensemble des \u00e9lectriciens de r\u00e9seau - immo!nvest - Die Plattform f\u00fcr Standorte und Immobilien\" \/>\n\t\t<meta name=\"twitter:description\" content=\"Les deux entreprises d&#039;\u00e9lectricit\u00e9 du canton de Zurich (EKZ) et de la ville de Zurich (ewz) veulent \u00e0 l&#039;avenir former ensemble des \u00e9lectriciens de r\u00e9seau. Tous deux recherchent des sp\u00e9cialistes dans le r\u00e9seau et lors d&#039;\u00e9v\u00e9nements sp\u00e9ciaux. Les personnes venant d&#039;autres horizons sont les bienvenues.\" \/>\n\t\t<meta name=\"twitter:creator\" content=\"@i\" \/>\n\t\t<meta name=\"twitter:image\" content=\"https:\/\/www.immo-invest.ch\/wp-content\/uploads\/2021\/01\/energie-21.png\" \/>\n\t\t<script type=\"application\/ld+json\" class=\"aioseo-schema\">\n\t\t\t{\"@context\":\"https:\\\/\\\/schema.org\",\"@graph\":[{\"@type\":\"BlogPosting\",\"@id\":\"https:\\\/\\\/www.immo-invest.ch\\\/fr\\\/zuercher-stromerzeuger-bilden-netzelektriker-gemeinsam-aus\\\/#blogposting\",\"name\":\"Les producteurs d\\u2019\\u00e9lectricit\\u00e9 zurichois forment ensemble des \\u00e9lectriciens de r\\u00e9seau - immo!nvest - Die Plattform f\\u00fcr Standorte und Immobilien\",\"headline\":\"Les producteurs d&rsquo;\\u00e9lectricit\\u00e9 zurichois forment ensemble des \\u00e9lectriciens de r\\u00e9seau\",\"author\":{\"@id\":\"https:\\\/\\\/www.immo-invest.ch\\\/fr\\\/author\\\/immovestuser\\\/#author\"},\"publisher\":{\"@id\":\"https:\\\/\\\/www.immo-invest.ch\\\/fr\\\/#organization\"},\"image\":{\"@type\":\"ImageObject\",\"url\":\"https:\\\/\\\/www.immo-invest.ch\\\/wp-content\\\/uploads\\\/2021\\\/01\\\/energie-21.png\",\"width\":1200,\"height\":628},\"datePublished\":\"2024-09-16T09:09:21+02:00\",\"dateModified\":\"2024-09-16T09:34:10+02:00\",\"inLanguage\":\"fr-FR\",\"mainEntityOfPage\":{\"@id\":\"https:\\\/\\\/www.immo-invest.ch\\\/fr\\\/zuercher-stromerzeuger-bilden-netzelektriker-gemeinsam-aus\\\/#webpage\"},\"isPartOf\":{\"@id\":\"https:\\\/\\\/www.immo-invest.ch\\\/fr\\\/zuercher-stromerzeuger-bilden-netzelektriker-gemeinsam-aus\\\/#webpage\"},\"articleSection\":\"\\u00c9nergie, Entreprise, immoNews, Zurich, Ausbildung, Energie, Fachkr\\u00e4ftemangel, immobilien, Immoinvest, immoNews, News, Schule, Strombranche, Stromerzeugung, Facultatif\"},{\"@type\":\"BreadcrumbList\",\"@id\":\"https:\\\/\\\/www.immo-invest.ch\\\/fr\\\/zuercher-stromerzeuger-bilden-netzelektriker-gemeinsam-aus\\\/#breadcrumblist\",\"itemListElement\":[{\"@type\":\"ListItem\",\"@id\":\"https:\\\/\\\/www.immo-invest.ch\\\/fr\\\/#listItem\",\"position\":1,\"name\":\"Home\",\"item\":\"https:\\\/\\\/www.immo-invest.ch\\\/fr\\\/\",\"nextItem\":{\"@type\":\"ListItem\",\"@id\":\"https:\\\/\\\/www.immo-invest.ch\\\/fr\\\/categories\\\/regions\\\/#listItem\",\"name\":\"R\\u00e9gions\"}},{\"@type\":\"ListItem\",\"@id\":\"https:\\\/\\\/www.immo-invest.ch\\\/fr\\\/categories\\\/regions\\\/#listItem\",\"position\":2,\"name\":\"R\\u00e9gions\",\"item\":\"https:\\\/\\\/www.immo-invest.ch\\\/fr\\\/categories\\\/regions\\\/\",\"nextItem\":{\"@type\":\"ListItem\",\"@id\":\"https:\\\/\\\/www.immo-invest.ch\\\/fr\\\/categories\\\/regions\\\/suisse\\\/#listItem\",\"name\":\"Suisse\"},\"previousItem\":{\"@type\":\"ListItem\",\"@id\":\"https:\\\/\\\/www.immo-invest.ch\\\/fr\\\/#listItem\",\"name\":\"Home\"}},{\"@type\":\"ListItem\",\"@id\":\"https:\\\/\\\/www.immo-invest.ch\\\/fr\\\/categories\\\/regions\\\/suisse\\\/#listItem\",\"position\":3,\"name\":\"Suisse\",\"item\":\"https:\\\/\\\/www.immo-invest.ch\\\/fr\\\/categories\\\/regions\\\/suisse\\\/\",\"nextItem\":{\"@type\":\"ListItem\",\"@id\":\"https:\\\/\\\/www.immo-invest.ch\\\/fr\\\/categories\\\/regions\\\/suisse\\\/region-zurich\\\/#listItem\",\"name\":\"Zurich\"},\"previousItem\":{\"@type\":\"ListItem\",\"@id\":\"https:\\\/\\\/www.immo-invest.ch\\\/fr\\\/categories\\\/regions\\\/#listItem\",\"name\":\"R\\u00e9gions\"}},{\"@type\":\"ListItem\",\"@id\":\"https:\\\/\\\/www.immo-invest.ch\\\/fr\\\/categories\\\/regions\\\/suisse\\\/region-zurich\\\/#listItem\",\"position\":4,\"name\":\"Zurich\",\"item\":\"https:\\\/\\\/www.immo-invest.ch\\\/fr\\\/categories\\\/regions\\\/suisse\\\/region-zurich\\\/\",\"nextItem\":{\"@type\":\"ListItem\",\"@id\":\"https:\\\/\\\/www.immo-invest.ch\\\/fr\\\/zuercher-stromerzeuger-bilden-netzelektriker-gemeinsam-aus\\\/#listItem\",\"name\":\"Les producteurs d&rsquo;\\u00e9lectricit\\u00e9 zurichois forment ensemble des \\u00e9lectriciens de r\\u00e9seau\"},\"previousItem\":{\"@type\":\"ListItem\",\"@id\":\"https:\\\/\\\/www.immo-invest.ch\\\/fr\\\/categories\\\/regions\\\/suisse\\\/#listItem\",\"name\":\"Suisse\"}},{\"@type\":\"ListItem\",\"@id\":\"https:\\\/\\\/www.immo-invest.ch\\\/fr\\\/zuercher-stromerzeuger-bilden-netzelektriker-gemeinsam-aus\\\/#listItem\",\"position\":5,\"name\":\"Les producteurs d&rsquo;\\u00e9lectricit\\u00e9 zurichois forment ensemble des \\u00e9lectriciens de r\\u00e9seau\",\"previousItem\":{\"@type\":\"ListItem\",\"@id\":\"https:\\\/\\\/www.immo-invest.ch\\\/fr\\\/categories\\\/regions\\\/suisse\\\/region-zurich\\\/#listItem\",\"name\":\"Zurich\"}}]},{\"@type\":\"Organization\",\"@id\":\"https:\\\/\\\/www.immo-invest.ch\\\/fr\\\/#organization\",\"name\":\"immo!nvest - Die Plattform f\\u00fcr Standorte und Immobilien\",\"description\":\"Die\\u00a0Plattform f\\u00fcr Standorte und Immobilien\",\"url\":\"https:\\\/\\\/www.immo-invest.ch\\\/fr\\\/\",\"email\":\"admin@immomedia.ag\",\"telephone\":\"+41444420002\",\"logo\":{\"@type\":\"ImageObject\",\"url\":\"https:\\\/\\\/www.immo-invest.ch\\\/wp-content\\\/uploads\\\/2024\\\/09\\\/immoinvest_sm-scaled.jpg\",\"@id\":\"https:\\\/\\\/www.immo-invest.ch\\\/fr\\\/zuercher-stromerzeuger-bilden-netzelektriker-gemeinsam-aus\\\/#organizationLogo\",\"width\":2560,\"height\":1340},\"image\":{\"@id\":\"https:\\\/\\\/www.immo-invest.ch\\\/fr\\\/zuercher-stromerzeuger-bilden-netzelektriker-gemeinsam-aus\\\/#organizationLogo\"},\"sameAs\":[\"https:\\\/\\\/www.facebook.com\\\/people\\\/Immoinvest\\\/100077962920504\\\/\",\"https:\\\/\\\/x.com\\\/i\\\/flow\\\/login?redirect_after_login=immoinvest_ch\",\"https:\\\/\\\/www.instagram.com\\\/immoinvest_ch\\\/\",\"https:\\\/\\\/www.linkedin.com\\\/company\\\/immoinvest-swiss\"]},{\"@type\":\"Person\",\"@id\":\"https:\\\/\\\/www.immo-invest.ch\\\/fr\\\/author\\\/immovestuser\\\/#author\",\"url\":\"https:\\\/\\\/www.immo-invest.ch\\\/fr\\\/author\\\/immovestuser\\\/\",\"name\":\"immovestuser\",\"image\":{\"@type\":\"ImageObject\",\"@id\":\"https:\\\/\\\/www.immo-invest.ch\\\/fr\\\/zuercher-stromerzeuger-bilden-netzelektriker-gemeinsam-aus\\\/#authorImage\",\"url\":\"https:\\\/\\\/secure.gravatar.com\\\/avatar\\\/8e01f4d99f2eeea7a362ebb93305e1172a70e9293ba250f897a65c39f54cdd1e?s=96&d=mm&r=g\",\"width\":96,\"height\":96,\"caption\":\"immovestuser\"}},{\"@type\":\"WebPage\",\"@id\":\"https:\\\/\\\/www.immo-invest.ch\\\/fr\\\/zuercher-stromerzeuger-bilden-netzelektriker-gemeinsam-aus\\\/#webpage\",\"url\":\"https:\\\/\\\/www.immo-invest.ch\\\/fr\\\/zuercher-stromerzeuger-bilden-netzelektriker-gemeinsam-aus\\\/\",\"name\":\"Les producteurs d\\u2019\\u00e9lectricit\\u00e9 zurichois forment ensemble des \\u00e9lectriciens de r\\u00e9seau - immo!nvest - Die Plattform f\\u00fcr Standorte und Immobilien\",\"description\":\"Les deux entreprises d'\\u00e9lectricit\\u00e9 du canton de Zurich (EKZ) et de la ville de Zurich (ewz) veulent \\u00e0 l'avenir former ensemble des \\u00e9lectriciens de r\\u00e9seau. Tous deux recherchent des sp\\u00e9cialistes dans le r\\u00e9seau et lors d'\\u00e9v\\u00e9nements sp\\u00e9ciaux. Les personnes venant d'autres horizons sont les bienvenues.\",\"inLanguage\":\"fr-FR\",\"isPartOf\":{\"@id\":\"https:\\\/\\\/www.immo-invest.ch\\\/fr\\\/#website\"},\"breadcrumb\":{\"@id\":\"https:\\\/\\\/www.immo-invest.ch\\\/fr\\\/zuercher-stromerzeuger-bilden-netzelektriker-gemeinsam-aus\\\/#breadcrumblist\"},\"author\":{\"@id\":\"https:\\\/\\\/www.immo-invest.ch\\\/fr\\\/author\\\/immovestuser\\\/#author\"},\"creator\":{\"@id\":\"https:\\\/\\\/www.immo-invest.ch\\\/fr\\\/author\\\/immovestuser\\\/#author\"},\"image\":{\"@type\":\"ImageObject\",\"url\":\"https:\\\/\\\/www.immo-invest.ch\\\/wp-content\\\/uploads\\\/2021\\\/01\\\/energie-21.png\",\"@id\":\"https:\\\/\\\/www.immo-invest.ch\\\/fr\\\/zuercher-stromerzeuger-bilden-netzelektriker-gemeinsam-aus\\\/#mainImage\",\"width\":1200,\"height\":628},\"primaryImageOfPage\":{\"@id\":\"https:\\\/\\\/www.immo-invest.ch\\\/fr\\\/zuercher-stromerzeuger-bilden-netzelektriker-gemeinsam-aus\\\/#mainImage\"},\"datePublished\":\"2024-09-16T09:09:21+02:00\",\"dateModified\":\"2024-09-16T09:34:10+02:00\"},{\"@type\":\"WebSite\",\"@id\":\"https:\\\/\\\/www.immo-invest.ch\\\/fr\\\/#website\",\"url\":\"https:\\\/\\\/www.immo-invest.ch\\\/fr\\\/\",\"name\":\"immo!nvest - Die Plattform f\\u00fcr Standorte und Immobilien\",\"description\":\"Die\\u00a0Plattform f\\u00fcr Standorte und Immobilien\",\"inLanguage\":\"fr-FR\",\"publisher\":{\"@id\":\"https:\\\/\\\/www.immo-invest.ch\\\/fr\\\/#organization\"}}]}\n\t\t<\/script>\n\t\t<!-- All in One SEO -->\n\n","aioseo_head_json":{"title":"Les producteurs d\u2019\u00e9lectricit\u00e9 zurichois forment ensemble des \u00e9lectriciens de r\u00e9seau - immo!nvest - Die Plattform f\u00fcr Standorte und Immobilien","description":"Les deux entreprises d'\u00e9lectricit\u00e9 du canton de Zurich (EKZ) et de la ville de Zurich (ewz) veulent \u00e0 l'avenir former ensemble des \u00e9lectriciens de r\u00e9seau. Tous deux recherchent des sp\u00e9cialistes dans le r\u00e9seau et lors d'\u00e9v\u00e9nements sp\u00e9ciaux. Les personnes venant d'autres horizons sont les bienvenues.","canonical_url":"https:\/\/www.immo-invest.ch\/fr\/zuercher-stromerzeuger-bilden-netzelektriker-gemeinsam-aus\/","robots":"max-image-preview:large","keywords":"","webmasterTools":{"google-site-verification":"fHJKvgWpZCR2zVBHWfkQeFXC11qieUSff0HGNYfuyLA","miscellaneous":""},"schema":{"@context":"https:\/\/schema.org","@graph":[{"@type":"BlogPosting","@id":"https:\/\/www.immo-invest.ch\/fr\/zuercher-stromerzeuger-bilden-netzelektriker-gemeinsam-aus\/#blogposting","name":"Les producteurs d\u2019\u00e9lectricit\u00e9 zurichois forment ensemble des \u00e9lectriciens de r\u00e9seau - immo!nvest - Die Plattform f\u00fcr Standorte und Immobilien","headline":"Les producteurs d&rsquo;\u00e9lectricit\u00e9 zurichois forment ensemble des \u00e9lectriciens de r\u00e9seau","author":{"@id":"https:\/\/www.immo-invest.ch\/fr\/author\/immovestuser\/#author"},"publisher":{"@id":"https:\/\/www.immo-invest.ch\/fr\/#organization"},"image":{"@type":"ImageObject","url":"https:\/\/www.immo-invest.ch\/wp-content\/uploads\/2021\/01\/energie-21.png","width":1200,"height":628},"datePublished":"2024-09-16T09:09:21+02:00","dateModified":"2024-09-16T09:34:10+02:00","inLanguage":"fr-FR","mainEntityOfPage":{"@id":"https:\/\/www.immo-invest.ch\/fr\/zuercher-stromerzeuger-bilden-netzelektriker-gemeinsam-aus\/#webpage"},"isPartOf":{"@id":"https:\/\/www.immo-invest.ch\/fr\/zuercher-stromerzeuger-bilden-netzelektriker-gemeinsam-aus\/#webpage"},"articleSection":"\u00c9nergie, Entreprise, immoNews, Zurich, Ausbildung, Energie, Fachkr\u00e4ftemangel, immobilien, Immoinvest, immoNews, News, Schule, Strombranche, Stromerzeugung, Facultatif"},{"@type":"BreadcrumbList","@id":"https:\/\/www.immo-invest.ch\/fr\/zuercher-stromerzeuger-bilden-netzelektriker-gemeinsam-aus\/#breadcrumblist","itemListElement":[{"@type":"ListItem","@id":"https:\/\/www.immo-invest.ch\/fr\/#listItem","position":1,"name":"Home","item":"https:\/\/www.immo-invest.ch\/fr\/","nextItem":{"@type":"ListItem","@id":"https:\/\/www.immo-invest.ch\/fr\/categories\/regions\/#listItem","name":"R\u00e9gions"}},{"@type":"ListItem","@id":"https:\/\/www.immo-invest.ch\/fr\/categories\/regions\/#listItem","position":2,"name":"R\u00e9gions","item":"https:\/\/www.immo-invest.ch\/fr\/categories\/regions\/","nextItem":{"@type":"ListItem","@id":"https:\/\/www.immo-invest.ch\/fr\/categories\/regions\/suisse\/#listItem","name":"Suisse"},"previousItem":{"@type":"ListItem","@id":"https:\/\/www.immo-invest.ch\/fr\/#listItem","name":"Home"}},{"@type":"ListItem","@id":"https:\/\/www.immo-invest.ch\/fr\/categories\/regions\/suisse\/#listItem","position":3,"name":"Suisse","item":"https:\/\/www.immo-invest.ch\/fr\/categories\/regions\/suisse\/","nextItem":{"@type":"ListItem","@id":"https:\/\/www.immo-invest.ch\/fr\/categories\/regions\/suisse\/region-zurich\/#listItem","name":"Zurich"},"previousItem":{"@type":"ListItem","@id":"https:\/\/www.immo-invest.ch\/fr\/categories\/regions\/#listItem","name":"R\u00e9gions"}},{"@type":"ListItem","@id":"https:\/\/www.immo-invest.ch\/fr\/categories\/regions\/suisse\/region-zurich\/#listItem","position":4,"name":"Zurich","item":"https:\/\/www.immo-invest.ch\/fr\/categories\/regions\/suisse\/region-zurich\/","nextItem":{"@type":"ListItem","@id":"https:\/\/www.immo-invest.ch\/fr\/zuercher-stromerzeuger-bilden-netzelektriker-gemeinsam-aus\/#listItem","name":"Les producteurs d&rsquo;\u00e9lectricit\u00e9 zurichois forment ensemble des \u00e9lectriciens de r\u00e9seau"},"previousItem":{"@type":"ListItem","@id":"https:\/\/www.immo-invest.ch\/fr\/categories\/regions\/suisse\/#listItem","name":"Suisse"}},{"@type":"ListItem","@id":"https:\/\/www.immo-invest.ch\/fr\/zuercher-stromerzeuger-bilden-netzelektriker-gemeinsam-aus\/#listItem","position":5,"name":"Les producteurs d&rsquo;\u00e9lectricit\u00e9 zurichois forment ensemble des \u00e9lectriciens de r\u00e9seau","previousItem":{"@type":"ListItem","@id":"https:\/\/www.immo-invest.ch\/fr\/categories\/regions\/suisse\/region-zurich\/#listItem","name":"Zurich"}}]},{"@type":"Organization","@id":"https:\/\/www.immo-invest.ch\/fr\/#organization","name":"immo!nvest - Die Plattform f\u00fcr Standorte und Immobilien","description":"Die\u00a0Plattform f\u00fcr Standorte und Immobilien","url":"https:\/\/www.immo-invest.ch\/fr\/","email":"admin@immomedia.ag","telephone":"+41444420002","logo":{"@type":"ImageObject","url":"https:\/\/www.immo-invest.ch\/wp-content\/uploads\/2024\/09\/immoinvest_sm-scaled.jpg","@id":"https:\/\/www.immo-invest.ch\/fr\/zuercher-stromerzeuger-bilden-netzelektriker-gemeinsam-aus\/#organizationLogo","width":2560,"height":1340},"image":{"@id":"https:\/\/www.immo-invest.ch\/fr\/zuercher-stromerzeuger-bilden-netzelektriker-gemeinsam-aus\/#organizationLogo"},"sameAs":["https:\/\/www.facebook.com\/people\/Immoinvest\/100077962920504\/","https:\/\/x.com\/i\/flow\/login?redirect_after_login=immoinvest_ch","https:\/\/www.instagram.com\/immoinvest_ch\/","https:\/\/www.linkedin.com\/company\/immoinvest-swiss"]},{"@type":"Person","@id":"https:\/\/www.immo-invest.ch\/fr\/author\/immovestuser\/#author","url":"https:\/\/www.immo-invest.ch\/fr\/author\/immovestuser\/","name":"immovestuser","image":{"@type":"ImageObject","@id":"https:\/\/www.immo-invest.ch\/fr\/zuercher-stromerzeuger-bilden-netzelektriker-gemeinsam-aus\/#authorImage","url":"https:\/\/secure.gravatar.com\/avatar\/8e01f4d99f2eeea7a362ebb93305e1172a70e9293ba250f897a65c39f54cdd1e?s=96&d=mm&r=g","width":96,"height":96,"caption":"immovestuser"}},{"@type":"WebPage","@id":"https:\/\/www.immo-invest.ch\/fr\/zuercher-stromerzeuger-bilden-netzelektriker-gemeinsam-aus\/#webpage","url":"https:\/\/www.immo-invest.ch\/fr\/zuercher-stromerzeuger-bilden-netzelektriker-gemeinsam-aus\/","name":"Les producteurs d\u2019\u00e9lectricit\u00e9 zurichois forment ensemble des \u00e9lectriciens de r\u00e9seau - immo!nvest - Die Plattform f\u00fcr Standorte und Immobilien","description":"Les deux entreprises d'\u00e9lectricit\u00e9 du canton de Zurich (EKZ) et de la ville de Zurich (ewz) veulent \u00e0 l'avenir former ensemble des \u00e9lectriciens de r\u00e9seau. Tous deux recherchent des sp\u00e9cialistes dans le r\u00e9seau et lors d'\u00e9v\u00e9nements sp\u00e9ciaux. Les personnes venant d'autres horizons sont les bienvenues.","inLanguage":"fr-FR","isPartOf":{"@id":"https:\/\/www.immo-invest.ch\/fr\/#website"},"breadcrumb":{"@id":"https:\/\/www.immo-invest.ch\/fr\/zuercher-stromerzeuger-bilden-netzelektriker-gemeinsam-aus\/#breadcrumblist"},"author":{"@id":"https:\/\/www.immo-invest.ch\/fr\/author\/immovestuser\/#author"},"creator":{"@id":"https:\/\/www.immo-invest.ch\/fr\/author\/immovestuser\/#author"},"image":{"@type":"ImageObject","url":"https:\/\/www.immo-invest.ch\/wp-content\/uploads\/2021\/01\/energie-21.png","@id":"https:\/\/www.immo-invest.ch\/fr\/zuercher-stromerzeuger-bilden-netzelektriker-gemeinsam-aus\/#mainImage","width":1200,"height":628},"primaryImageOfPage":{"@id":"https:\/\/www.immo-invest.ch\/fr\/zuercher-stromerzeuger-bilden-netzelektriker-gemeinsam-aus\/#mainImage"},"datePublished":"2024-09-16T09:09:21+02:00","dateModified":"2024-09-16T09:34:10+02:00"},{"@type":"WebSite","@id":"https:\/\/www.immo-invest.ch\/fr\/#website","url":"https:\/\/www.immo-invest.ch\/fr\/","name":"immo!nvest - Die Plattform f\u00fcr Standorte und Immobilien","description":"Die\u00a0Plattform f\u00fcr Standorte und Immobilien","inLanguage":"fr-FR","publisher":{"@id":"https:\/\/www.immo-invest.ch\/fr\/#organization"}}]},"og:locale":"fr_FR","og:site_name":"immo!nvest - Die Plattform f\u00fcr Standorte und Immobilien - Die\u00a0Plattform f\u00fcr Standorte und Immobilien","og:type":"article","og:title":"Les producteurs d\u2019\u00e9lectricit\u00e9 zurichois forment ensemble des \u00e9lectriciens de r\u00e9seau - immo!nvest - Die Plattform f\u00fcr Standorte und Immobilien","og:description":"Les deux entreprises d'\u00e9lectricit\u00e9 du canton de Zurich (EKZ) et de la ville de Zurich (ewz) veulent \u00e0 l'avenir former ensemble des \u00e9lectriciens de r\u00e9seau. Tous deux recherchent des sp\u00e9cialistes dans le r\u00e9seau et lors d'\u00e9v\u00e9nements sp\u00e9ciaux. Les personnes venant d'autres horizons sont les bienvenues.","og:url":"https:\/\/www.immo-invest.ch\/fr\/zuercher-stromerzeuger-bilden-netzelektriker-gemeinsam-aus\/","og:image":"https:\/\/www.immo-invest.ch\/wp-content\/uploads\/2021\/01\/energie-21.png","og:image:secure_url":"https:\/\/www.immo-invest.ch\/wp-content\/uploads\/2021\/01\/energie-21.png","og:image:width":1200,"og:image:height":628,"article:published_time":"2024-09-16T07:09:21+00:00","article:modified_time":"2024-09-16T07:34:10+00:00","article:publisher":"https:\/\/www.facebook.com\/people\/Immoinvest\/100077962920504\/","twitter:card":"summary_large_image","twitter:site":"@i","twitter:title":"Les producteurs d\u2019\u00e9lectricit\u00e9 zurichois forment ensemble des \u00e9lectriciens de r\u00e9seau - immo!nvest - Die Plattform f\u00fcr Standorte und Immobilien","twitter:description":"Les deux entreprises d'\u00e9lectricit\u00e9 du canton de Zurich (EKZ) et de la ville de Zurich (ewz) veulent \u00e0 l'avenir former ensemble des \u00e9lectriciens de r\u00e9seau. Tous deux recherchent des sp\u00e9cialistes dans le r\u00e9seau et lors d'\u00e9v\u00e9nements sp\u00e9ciaux. Les personnes venant d'autres horizons sont les bienvenues.","twitter:creator":"@i","twitter:image":"https:\/\/www.immo-invest.ch\/wp-content\/uploads\/2021\/01\/energie-21.png"},"aioseo_meta_data":{"post_id":"113985","title":null,"description":null,"keywords":null,"keyphrases":null,"primary_term":null,"canonical_url":null,"og_title":null,"og_description":null,"og_object_type":"default","og_image_type":"default","og_image_url":null,"og_image_width":null,"og_image_height":null,"og_image_custom_url":null,"og_image_custom_fields":null,"og_video":null,"og_custom_url":null,"og_article_section":null,"og_article_tags":null,"twitter_use_og":false,"twitter_card":"default","twitter_image_type":"default","twitter_image_url":null,"twitter_image_custom_url":null,"twitter_image_custom_fields":null,"twitter_title":null,"twitter_description":null,"schema":{"blockGraphs":[],"customGraphs":[],"default":{"data":{"Article":[],"Course":[],"Dataset":[],"FAQPage":[],"Movie":[],"Person":[],"Product":[],"ProductReview":[],"Car":[],"Recipe":[],"Service":[],"SoftwareApplication":[],"WebPage":[]},"graphName":"","isEnabled":true},"graphs":[]},"schema_type":"default","schema_type_options":null,"pillar_content":false,"robots_default":true,"robots_noindex":false,"robots_noarchive":false,"robots_nosnippet":false,"robots_nofollow":false,"robots_noimageindex":false,"robots_noodp":false,"robots_notranslate":false,"robots_max_snippet":null,"robots_max_videopreview":null,"robots_max_imagepreview":"large","priority":null,"frequency":null,"local_seo":null,"breadcrumb_settings":null,"limit_modified_date":false,"ai":null,"created":"2024-09-21 02:21:58","updated":"2025-10-24 09:32:13","seo_analyzer_scan_date":null,"focus_keyword":null,"additional_keywords":null,"truseo_locale":null},"aioseo_breadcrumb":"<div class=\"aioseo-breadcrumbs\"><span class=\"aioseo-breadcrumb\">\n\t\t\t<a href=\"https:\/\/www.immo-invest.ch\/fr\/\" title=\"Home\">Home<\/a>\n\t\t<\/span><span class=\"aioseo-breadcrumb-separator\">&raquo;<\/span><span class=\"aioseo-breadcrumb\">\n\t\t\t<a href=\"https:\/\/www.immo-invest.ch\/fr\/categories\/regions\/\" title=\"R\u00e9gions\">R\u00e9gions<\/a>\n\t\t<\/span><span class=\"aioseo-breadcrumb-separator\">&raquo;<\/span><span class=\"aioseo-breadcrumb\">\n\t\t\t<a href=\"https:\/\/www.immo-invest.ch\/fr\/categories\/regions\/suisse\/\" title=\"Suisse\">Suisse<\/a>\n\t\t<\/span><span class=\"aioseo-breadcrumb-separator\">&raquo;<\/span><span class=\"aioseo-breadcrumb\">\n\t\t\t<a href=\"https:\/\/www.immo-invest.ch\/fr\/categories\/regions\/suisse\/region-zurich\/\" title=\"Zurich\">Zurich<\/a>\n\t\t<\/span><span class=\"aioseo-breadcrumb-separator\">&raquo;<\/span><span class=\"aioseo-breadcrumb\">\n\t\t\tLes producteurs d\u2019\u00e9lectricit\u00e9 zurichois forment ensemble des \u00e9lectriciens de r\u00e9seau\n\t\t<\/span><\/div>","aioseo_breadcrumb_json":[{"label":"Home","link":"https:\/\/www.immo-invest.ch\/fr\/"},{"label":"R\u00e9gions","link":"https:\/\/www.immo-invest.ch\/fr\/categories\/regions\/"},{"label":"Suisse","link":"https:\/\/www.immo-invest.ch\/fr\/categories\/regions\/suisse\/"},{"label":"Zurich","link":"https:\/\/www.immo-invest.ch\/fr\/categories\/regions\/suisse\/region-zurich\/"},{"label":"Les producteurs d&rsquo;\u00e9lectricit\u00e9 zurichois forment ensemble des \u00e9lectriciens de r\u00e9seau","link":"https:\/\/www.immo-invest.ch\/fr\/zuercher-stromerzeuger-bilden-netzelektriker-gemeinsam-aus\/"}],"featured_image_src":"https:\/\/www.immo-invest.ch\/wp-content\/uploads\/2021\/01\/energie-21-150x150.png","_links":{"self":[{"href":"https:\/\/www.immo-invest.ch\/fr\/wp-json\/wp\/v2\/posts\/113985","targetHints":{"allow":["GET"]}}],"collection":[{"href":"https:\/\/www.immo-invest.ch\/fr\/wp-json\/wp\/v2\/posts"}],"about":[{"href":"https:\/\/www.immo-invest.ch\/fr\/wp-json\/wp\/v2\/types\/post"}],"author":[{"embeddable":true,"href":"https:\/\/www.immo-invest.ch\/fr\/wp-json\/wp\/v2\/users\/2"}],"replies":[{"embeddable":true,"href":"https:\/\/www.immo-invest.ch\/fr\/wp-json\/wp\/v2\/comments?post=113985"}],"version-history":[{"count":0,"href":"https:\/\/www.immo-invest.ch\/fr\/wp-json\/wp\/v2\/posts\/113985\/revisions"}],"wp:featuredmedia":[{"embeddable":true,"href":"https:\/\/www.immo-invest.ch\/fr\/wp-json\/wp\/v2\/media\/12387"}],"wp:attachment":[{"href":"https:\/\/www.immo-invest.ch\/fr\/wp-json\/wp\/v2\/media?parent=113985"}],"wp:term":[{"taxonomy":"category","embeddable":true,"href":"https:\/\/www.immo-invest.ch\/fr\/wp-json\/wp\/v2\/categories?post=113985"},{"taxonomy":"post_tag","embeddable":true,"href":"https:\/\/www.immo-invest.ch\/fr\/wp-json\/wp\/v2\/tags?post=113985"}],"curies":[{"name":"wp","href":"https:\/\/api.w.org\/{rel}","templated":true}]}}