{"id":113926,"date":"2024-09-13T09:35:04","date_gmt":"2024-09-13T07:35:04","guid":{"rendered":"https:\/\/www.immo-invest.ch\/neue-windenergieanlage-am-flumserberg-in-planung\/"},"modified":"2024-09-13T09:58:36","modified_gmt":"2024-09-13T07:58:36","slug":"neue-windenergieanlage-am-flumserberg-in-planung","status":"publish","type":"post","link":"https:\/\/www.immo-invest.ch\/fr\/neue-windenergieanlage-am-flumserberg-in-planung\/","title":{"rendered":"Nouvelle \u00e9olienne en projet au Flumserberg"},"content":{"rendered":"<p class=\"bodytext\"><a href=\"https:\/\/www.axpo.com\/group\/de.html\" target=\"_blank\" rel=\"noopener\">Axpo<\/a>, dont le si&egrave;ge est &agrave; Baden, entame les premi&egrave;res &eacute;tudes pour un &eacute;ventuel <a href=\"http:\/\/www.axpo.com\/wind-flumserberg\" target=\"_blank\" rel=\"noopener\">parc &eacute;olien<\/a> sur le Flumserberg dans le canton de Saint-Gall. Il pourrait comprendre jusqu&rsquo;&agrave; six &eacute;oliennes. Selon son <a href=\"https:\/\/www.axpo.com\/ch\/de\/newsroom\/medienmitteilungen\/2024\/Start-der-Windmessungen-auf-Flumserberg.html\" target=\"_blank\" rel=\"noopener\">communiqu&eacute; de presse<\/a>, l&rsquo;entreprise &eacute;nerg&eacute;tique va installer cette semaine un m&acirc;t de mesure du vent. Celui-ci doit permettre de collecter des donn&eacute;es sur le vent et les chauves-souris pendant un an.<\/p>\n<p class=\"bodytext\">Les donn&eacute;es recueillies serviront de base aux prochaines &eacute;tapes du projet et &agrave; la planification d&eacute;taill&eacute;e. La commune locale de Flums-Dorf et la corporation d&rsquo;alpage de Mols ont donn&eacute; leur accord pour l&rsquo;installation du m&acirc;t de mesure du vent. Le m&acirc;t de 120 m&egrave;tres de haut sera install&eacute; sur le site de Grappench&ouml;pf, un site qui, selon Axpo, offre un potentiel &eacute;olien prometteur.<\/p>\n<p class=\"bodytext\">L&rsquo;&eacute;lectricit&eacute; produite par le parc &eacute;olien correspondrait &agrave; la consommation de plus de 10 000 foyers. Selon les informations fournies, elle pourrait combler le d&eacute;ficit hivernal, les deux tiers de la production d&rsquo;&eacute;lectricit&eacute; ayant lieu en hiver. Comme le pr&eacute;cise Axpo, un parc &eacute;olien sur le Flumserberg contribuerait non seulement &agrave; r&eacute;duire les &eacute;missions de CO2 et &agrave; exploiter une source d&rsquo;&eacute;nergie durable et renouvelable, mais donnerait &eacute;galement des impulsions &eacute;conomiques &agrave; la r&eacute;gion.<\/p>\n","protected":false},"excerpt":{"rendered":"<p>Axpo teste les conditions n\u00e9cessaires \u00e0 la construction d&rsquo;un parc \u00e9olien comprenant jusqu&rsquo;\u00e0 six \u00e9oliennes sur le Flumserberg. Dans ce contexte, l&rsquo;entreprise \u00e9nerg\u00e9tique collectera des donn\u00e9es sur le vent et les chauves-souris pendant un an. Un m\u00e2t de mesure du vent de 120 m\u00e8tres de haut sera \u00e9rig\u00e9 \u00e0 cet effet.<\/p>\n","protected":false},"author":2,"featured_media":33005,"comment_status":"open","ping_status":"open","sticky":false,"template":"","format":"standard","meta":{"pmpro_default_level":"","inline_featured_image":false,"_monsterinsights_skip_tracking":false,"footnotes":""},"categories":[22699,8747,743,9442],"tags":[40239,848,872,3931,3656,2080,3993],"class_list":["post-113926","post","type-post","status-publish","format-standard","has-post-thumbnail","hentry","category-durabilite","category-energie","category-immonews-fr","category-region-saint-gall","tag-erneuerbare-energien-fr","tag-immobilien-fr","tag-immoinvest-fr","tag-immonews-fr","tag-planung-fr","tag-windenergie-fr","tag-windpark-fr","pmpro-has-access"],"acf":{"bild_mit_ki_erstellt_worden":[],"lead":"Axpo teste les conditions n\u00e9cessaires \u00e0 la construction d'un parc \u00e9olien comprenant jusqu'\u00e0 six \u00e9oliennes sur le Flumserberg. Dans ce contexte, l'entreprise \u00e9nerg\u00e9tique collectera des donn\u00e9es sur le vent et les chauves-souris pendant un an. Un m\u00e2t de mesure du vent de 120 m\u00e8tres de haut sera \u00e9rig\u00e9 \u00e0 cet effet.","autor":"ce\/gba","ort":"Baden AG\/Flums SG","bildunterschrift":"","bild_im_grid":false,"gallerie":"","newsim":""},"aioseo_notices":[],"aioseo_head":"\n\t\t<!-- All in One SEO 5.0.0.1 - aioseo.com -->\n\t<meta name=\"description\" content=\"Axpo teste les conditions n\u00e9cessaires \u00e0 la construction d&#039;un parc \u00e9olien comprenant jusqu&#039;\u00e0 six \u00e9oliennes sur le Flumserberg. Dans ce contexte, l&#039;entreprise \u00e9nerg\u00e9tique collectera des donn\u00e9es sur le vent et les chauves-souris pendant un an. Un m\u00e2t de mesure du vent de 120 m\u00e8tres de haut sera \u00e9rig\u00e9 \u00e0 cet effet.\" \/>\n\t<meta name=\"robots\" content=\"max-image-preview:large\" \/>\n\t<meta name=\"author\" content=\"immovestuser\"\/>\n\t<meta name=\"google-site-verification\" content=\"fHJKvgWpZCR2zVBHWfkQeFXC11qieUSff0HGNYfuyLA\" \/>\n\t<link rel=\"canonical\" href=\"https:\/\/www.immo-invest.ch\/fr\/neue-windenergieanlage-am-flumserberg-in-planung\/\" \/>\n\t<meta name=\"generator\" content=\"All in One SEO (AIOSEO) 5.0.0.1\" \/>\n\t\t<meta property=\"og:locale\" content=\"fr_FR\" \/>\n\t\t<meta property=\"og:site_name\" content=\"immo!nvest - Die Plattform f\u00fcr Standorte und Immobilien - Die\u00a0Plattform f\u00fcr Standorte und Immobilien\" \/>\n\t\t<meta property=\"og:type\" content=\"article\" \/>\n\t\t<meta property=\"og:title\" content=\"Nouvelle \u00e9olienne en projet au Flumserberg - immo!nvest - Die Plattform f\u00fcr Standorte und Immobilien\" \/>\n\t\t<meta property=\"og:description\" content=\"Axpo teste les conditions n\u00e9cessaires \u00e0 la construction d&#039;un parc \u00e9olien comprenant jusqu&#039;\u00e0 six \u00e9oliennes sur le Flumserberg. Dans ce contexte, l&#039;entreprise \u00e9nerg\u00e9tique collectera des donn\u00e9es sur le vent et les chauves-souris pendant un an. Un m\u00e2t de mesure du vent de 120 m\u00e8tres de haut sera \u00e9rig\u00e9 \u00e0 cet effet.\" \/>\n\t\t<meta property=\"og:url\" content=\"https:\/\/www.immo-invest.ch\/fr\/neue-windenergieanlage-am-flumserberg-in-planung\/\" \/>\n\t\t<meta property=\"og:image\" content=\"https:\/\/www.immo-invest.ch\/wp-content\/uploads\/2022\/02\/Energie_31.jpg\" \/>\n\t\t<meta property=\"og:image:secure_url\" content=\"https:\/\/www.immo-invest.ch\/wp-content\/uploads\/2022\/02\/Energie_31.jpg\" \/>\n\t\t<meta property=\"og:image:width\" content=\"1200\" \/>\n\t\t<meta property=\"og:image:height\" content=\"720\" \/>\n\t\t<meta property=\"article:published_time\" content=\"2024-09-13T07:35:04+00:00\" \/>\n\t\t<meta property=\"article:modified_time\" content=\"2024-09-13T07:58:36+00:00\" \/>\n\t\t<meta property=\"article:publisher\" content=\"https:\/\/www.facebook.com\/people\/Immoinvest\/100077962920504\/\" \/>\n\t\t<meta name=\"twitter:card\" content=\"summary_large_image\" \/>\n\t\t<meta name=\"twitter:site\" content=\"@i\" \/>\n\t\t<meta name=\"twitter:title\" content=\"Nouvelle \u00e9olienne en projet au Flumserberg - immo!nvest - Die Plattform f\u00fcr Standorte und Immobilien\" \/>\n\t\t<meta name=\"twitter:description\" content=\"Axpo teste les conditions n\u00e9cessaires \u00e0 la construction d&#039;un parc \u00e9olien comprenant jusqu&#039;\u00e0 six \u00e9oliennes sur le Flumserberg. Dans ce contexte, l&#039;entreprise \u00e9nerg\u00e9tique collectera des donn\u00e9es sur le vent et les chauves-souris pendant un an. Un m\u00e2t de mesure du vent de 120 m\u00e8tres de haut sera \u00e9rig\u00e9 \u00e0 cet effet.\" \/>\n\t\t<meta name=\"twitter:creator\" content=\"@i\" \/>\n\t\t<meta name=\"twitter:image\" content=\"https:\/\/www.immo-invest.ch\/wp-content\/uploads\/2022\/02\/Energie_31.jpg\" \/>\n\t\t<script type=\"application\/ld+json\" class=\"aioseo-schema\">\n\t\t\t{\"@context\":\"https:\\\/\\\/schema.org\",\"@graph\":[{\"@type\":\"BlogPosting\",\"@id\":\"https:\\\/\\\/www.immo-invest.ch\\\/fr\\\/neue-windenergieanlage-am-flumserberg-in-planung\\\/#blogposting\",\"name\":\"Nouvelle \\u00e9olienne en projet au Flumserberg - immo!nvest - Die Plattform f\\u00fcr Standorte und Immobilien\",\"headline\":\"Nouvelle \\u00e9olienne en projet au Flumserberg\",\"author\":{\"@id\":\"https:\\\/\\\/www.immo-invest.ch\\\/fr\\\/author\\\/immovestuser\\\/#author\"},\"publisher\":{\"@id\":\"https:\\\/\\\/www.immo-invest.ch\\\/fr\\\/#organization\"},\"image\":{\"@type\":\"ImageObject\",\"url\":\"https:\\\/\\\/www.immo-invest.ch\\\/wp-content\\\/uploads\\\/2022\\\/02\\\/Energie_31.jpg\",\"width\":1200,\"height\":720},\"datePublished\":\"2024-09-13T09:35:04+02:00\",\"dateModified\":\"2024-09-13T09:58:36+02:00\",\"inLanguage\":\"fr-FR\",\"mainEntityOfPage\":{\"@id\":\"https:\\\/\\\/www.immo-invest.ch\\\/fr\\\/neue-windenergieanlage-am-flumserberg-in-planung\\\/#webpage\"},\"isPartOf\":{\"@id\":\"https:\\\/\\\/www.immo-invest.ch\\\/fr\\\/neue-windenergieanlage-am-flumserberg-in-planung\\\/#webpage\"},\"articleSection\":\"Durabilit\\u00e9, \\u00c9nergie, immoNews, Saint-Gall, Erneuerbare Energien, immobilien, Immoinvest, immoNews, Planung, Windenergie, Windpark, Facultatif\"},{\"@type\":\"BreadcrumbList\",\"@id\":\"https:\\\/\\\/www.immo-invest.ch\\\/fr\\\/neue-windenergieanlage-am-flumserberg-in-planung\\\/#breadcrumblist\",\"itemListElement\":[{\"@type\":\"ListItem\",\"@id\":\"https:\\\/\\\/www.immo-invest.ch\\\/fr\\\/#listItem\",\"position\":1,\"name\":\"Home\",\"item\":\"https:\\\/\\\/www.immo-invest.ch\\\/fr\\\/\",\"nextItem\":{\"@type\":\"ListItem\",\"@id\":\"https:\\\/\\\/www.immo-invest.ch\\\/fr\\\/categories\\\/regions\\\/#listItem\",\"name\":\"R\\u00e9gions\"}},{\"@type\":\"ListItem\",\"@id\":\"https:\\\/\\\/www.immo-invest.ch\\\/fr\\\/categories\\\/regions\\\/#listItem\",\"position\":2,\"name\":\"R\\u00e9gions\",\"item\":\"https:\\\/\\\/www.immo-invest.ch\\\/fr\\\/categories\\\/regions\\\/\",\"nextItem\":{\"@type\":\"ListItem\",\"@id\":\"https:\\\/\\\/www.immo-invest.ch\\\/fr\\\/categories\\\/regions\\\/suisse\\\/#listItem\",\"name\":\"Suisse\"},\"previousItem\":{\"@type\":\"ListItem\",\"@id\":\"https:\\\/\\\/www.immo-invest.ch\\\/fr\\\/#listItem\",\"name\":\"Home\"}},{\"@type\":\"ListItem\",\"@id\":\"https:\\\/\\\/www.immo-invest.ch\\\/fr\\\/categories\\\/regions\\\/suisse\\\/#listItem\",\"position\":3,\"name\":\"Suisse\",\"item\":\"https:\\\/\\\/www.immo-invest.ch\\\/fr\\\/categories\\\/regions\\\/suisse\\\/\",\"nextItem\":{\"@type\":\"ListItem\",\"@id\":\"https:\\\/\\\/www.immo-invest.ch\\\/fr\\\/categories\\\/regions\\\/suisse\\\/suisse-orientale\\\/#listItem\",\"name\":\"Suisse orientale\"},\"previousItem\":{\"@type\":\"ListItem\",\"@id\":\"https:\\\/\\\/www.immo-invest.ch\\\/fr\\\/categories\\\/regions\\\/#listItem\",\"name\":\"R\\u00e9gions\"}},{\"@type\":\"ListItem\",\"@id\":\"https:\\\/\\\/www.immo-invest.ch\\\/fr\\\/categories\\\/regions\\\/suisse\\\/suisse-orientale\\\/#listItem\",\"position\":4,\"name\":\"Suisse orientale\",\"item\":\"https:\\\/\\\/www.immo-invest.ch\\\/fr\\\/categories\\\/regions\\\/suisse\\\/suisse-orientale\\\/\",\"nextItem\":{\"@type\":\"ListItem\",\"@id\":\"https:\\\/\\\/www.immo-invest.ch\\\/fr\\\/categories\\\/regions\\\/suisse\\\/suisse-orientale\\\/region-saint-gall\\\/#listItem\",\"name\":\"Saint-Gall\"},\"previousItem\":{\"@type\":\"ListItem\",\"@id\":\"https:\\\/\\\/www.immo-invest.ch\\\/fr\\\/categories\\\/regions\\\/suisse\\\/#listItem\",\"name\":\"Suisse\"}},{\"@type\":\"ListItem\",\"@id\":\"https:\\\/\\\/www.immo-invest.ch\\\/fr\\\/categories\\\/regions\\\/suisse\\\/suisse-orientale\\\/region-saint-gall\\\/#listItem\",\"position\":5,\"name\":\"Saint-Gall\",\"item\":\"https:\\\/\\\/www.immo-invest.ch\\\/fr\\\/categories\\\/regions\\\/suisse\\\/suisse-orientale\\\/region-saint-gall\\\/\",\"nextItem\":{\"@type\":\"ListItem\",\"@id\":\"https:\\\/\\\/www.immo-invest.ch\\\/fr\\\/neue-windenergieanlage-am-flumserberg-in-planung\\\/#listItem\",\"name\":\"Nouvelle \\u00e9olienne en projet au Flumserberg\"},\"previousItem\":{\"@type\":\"ListItem\",\"@id\":\"https:\\\/\\\/www.immo-invest.ch\\\/fr\\\/categories\\\/regions\\\/suisse\\\/suisse-orientale\\\/#listItem\",\"name\":\"Suisse orientale\"}},{\"@type\":\"ListItem\",\"@id\":\"https:\\\/\\\/www.immo-invest.ch\\\/fr\\\/neue-windenergieanlage-am-flumserberg-in-planung\\\/#listItem\",\"position\":6,\"name\":\"Nouvelle \\u00e9olienne en projet au Flumserberg\",\"previousItem\":{\"@type\":\"ListItem\",\"@id\":\"https:\\\/\\\/www.immo-invest.ch\\\/fr\\\/categories\\\/regions\\\/suisse\\\/suisse-orientale\\\/region-saint-gall\\\/#listItem\",\"name\":\"Saint-Gall\"}}]},{\"@type\":\"Organization\",\"@id\":\"https:\\\/\\\/www.immo-invest.ch\\\/fr\\\/#organization\",\"name\":\"immo!nvest - Die Plattform f\\u00fcr Standorte und Immobilien\",\"description\":\"Die\\u00a0Plattform f\\u00fcr Standorte und Immobilien\",\"url\":\"https:\\\/\\\/www.immo-invest.ch\\\/fr\\\/\",\"email\":\"admin@immomedia.ag\",\"telephone\":\"+41444420002\",\"logo\":{\"@type\":\"ImageObject\",\"url\":\"https:\\\/\\\/www.immo-invest.ch\\\/wp-content\\\/uploads\\\/2024\\\/09\\\/immoinvest_sm-scaled.jpg\",\"@id\":\"https:\\\/\\\/www.immo-invest.ch\\\/fr\\\/neue-windenergieanlage-am-flumserberg-in-planung\\\/#organizationLogo\",\"width\":2560,\"height\":1340},\"image\":{\"@id\":\"https:\\\/\\\/www.immo-invest.ch\\\/fr\\\/neue-windenergieanlage-am-flumserberg-in-planung\\\/#organizationLogo\"},\"sameAs\":[\"https:\\\/\\\/www.facebook.com\\\/people\\\/Immoinvest\\\/100077962920504\\\/\",\"https:\\\/\\\/x.com\\\/i\\\/flow\\\/login?redirect_after_login=immoinvest_ch\",\"https:\\\/\\\/www.instagram.com\\\/immoinvest_ch\\\/\",\"https:\\\/\\\/www.linkedin.com\\\/company\\\/immoinvest-swiss\"]},{\"@type\":\"Person\",\"@id\":\"https:\\\/\\\/www.immo-invest.ch\\\/fr\\\/author\\\/immovestuser\\\/#author\",\"url\":\"https:\\\/\\\/www.immo-invest.ch\\\/fr\\\/author\\\/immovestuser\\\/\",\"name\":\"immovestuser\",\"image\":{\"@type\":\"ImageObject\",\"@id\":\"https:\\\/\\\/www.immo-invest.ch\\\/fr\\\/neue-windenergieanlage-am-flumserberg-in-planung\\\/#authorImage\",\"url\":\"https:\\\/\\\/secure.gravatar.com\\\/avatar\\\/8e01f4d99f2eeea7a362ebb93305e1172a70e9293ba250f897a65c39f54cdd1e?s=96&d=mm&r=g\",\"width\":96,\"height\":96,\"caption\":\"immovestuser\"}},{\"@type\":\"WebPage\",\"@id\":\"https:\\\/\\\/www.immo-invest.ch\\\/fr\\\/neue-windenergieanlage-am-flumserberg-in-planung\\\/#webpage\",\"url\":\"https:\\\/\\\/www.immo-invest.ch\\\/fr\\\/neue-windenergieanlage-am-flumserberg-in-planung\\\/\",\"name\":\"Nouvelle \\u00e9olienne en projet au Flumserberg - immo!nvest - Die Plattform f\\u00fcr Standorte und Immobilien\",\"description\":\"Axpo teste les conditions n\\u00e9cessaires \\u00e0 la construction d'un parc \\u00e9olien comprenant jusqu'\\u00e0 six \\u00e9oliennes sur le Flumserberg. Dans ce contexte, l'entreprise \\u00e9nerg\\u00e9tique collectera des donn\\u00e9es sur le vent et les chauves-souris pendant un an. Un m\\u00e2t de mesure du vent de 120 m\\u00e8tres de haut sera \\u00e9rig\\u00e9 \\u00e0 cet effet.\",\"inLanguage\":\"fr-FR\",\"isPartOf\":{\"@id\":\"https:\\\/\\\/www.immo-invest.ch\\\/fr\\\/#website\"},\"breadcrumb\":{\"@id\":\"https:\\\/\\\/www.immo-invest.ch\\\/fr\\\/neue-windenergieanlage-am-flumserberg-in-planung\\\/#breadcrumblist\"},\"author\":{\"@id\":\"https:\\\/\\\/www.immo-invest.ch\\\/fr\\\/author\\\/immovestuser\\\/#author\"},\"creator\":{\"@id\":\"https:\\\/\\\/www.immo-invest.ch\\\/fr\\\/author\\\/immovestuser\\\/#author\"},\"image\":{\"@type\":\"ImageObject\",\"url\":\"https:\\\/\\\/www.immo-invest.ch\\\/wp-content\\\/uploads\\\/2022\\\/02\\\/Energie_31.jpg\",\"@id\":\"https:\\\/\\\/www.immo-invest.ch\\\/fr\\\/neue-windenergieanlage-am-flumserberg-in-planung\\\/#mainImage\",\"width\":1200,\"height\":720},\"primaryImageOfPage\":{\"@id\":\"https:\\\/\\\/www.immo-invest.ch\\\/fr\\\/neue-windenergieanlage-am-flumserberg-in-planung\\\/#mainImage\"},\"datePublished\":\"2024-09-13T09:35:04+02:00\",\"dateModified\":\"2024-09-13T09:58:36+02:00\"},{\"@type\":\"WebSite\",\"@id\":\"https:\\\/\\\/www.immo-invest.ch\\\/fr\\\/#website\",\"url\":\"https:\\\/\\\/www.immo-invest.ch\\\/fr\\\/\",\"name\":\"immo!nvest - Die Plattform f\\u00fcr Standorte und Immobilien\",\"description\":\"Die\\u00a0Plattform f\\u00fcr Standorte und Immobilien\",\"inLanguage\":\"fr-FR\",\"publisher\":{\"@id\":\"https:\\\/\\\/www.immo-invest.ch\\\/fr\\\/#organization\"}}]}\n\t\t<\/script>\n\t\t<!-- All in One SEO -->\n\n","aioseo_head_json":{"title":"Nouvelle \u00e9olienne en projet au Flumserberg - immo!nvest - Die Plattform f\u00fcr Standorte und Immobilien","description":"Axpo teste les conditions n\u00e9cessaires \u00e0 la construction d'un parc \u00e9olien comprenant jusqu'\u00e0 six \u00e9oliennes sur le Flumserberg. Dans ce contexte, l'entreprise \u00e9nerg\u00e9tique collectera des donn\u00e9es sur le vent et les chauves-souris pendant un an. Un m\u00e2t de mesure du vent de 120 m\u00e8tres de haut sera \u00e9rig\u00e9 \u00e0 cet effet.","canonical_url":"https:\/\/www.immo-invest.ch\/fr\/neue-windenergieanlage-am-flumserberg-in-planung\/","robots":"max-image-preview:large","keywords":"","webmasterTools":{"google-site-verification":"fHJKvgWpZCR2zVBHWfkQeFXC11qieUSff0HGNYfuyLA","miscellaneous":""},"schema":{"@context":"https:\/\/schema.org","@graph":[{"@type":"BlogPosting","@id":"https:\/\/www.immo-invest.ch\/fr\/neue-windenergieanlage-am-flumserberg-in-planung\/#blogposting","name":"Nouvelle \u00e9olienne en projet au Flumserberg - immo!nvest - Die Plattform f\u00fcr Standorte und Immobilien","headline":"Nouvelle \u00e9olienne en projet au Flumserberg","author":{"@id":"https:\/\/www.immo-invest.ch\/fr\/author\/immovestuser\/#author"},"publisher":{"@id":"https:\/\/www.immo-invest.ch\/fr\/#organization"},"image":{"@type":"ImageObject","url":"https:\/\/www.immo-invest.ch\/wp-content\/uploads\/2022\/02\/Energie_31.jpg","width":1200,"height":720},"datePublished":"2024-09-13T09:35:04+02:00","dateModified":"2024-09-13T09:58:36+02:00","inLanguage":"fr-FR","mainEntityOfPage":{"@id":"https:\/\/www.immo-invest.ch\/fr\/neue-windenergieanlage-am-flumserberg-in-planung\/#webpage"},"isPartOf":{"@id":"https:\/\/www.immo-invest.ch\/fr\/neue-windenergieanlage-am-flumserberg-in-planung\/#webpage"},"articleSection":"Durabilit\u00e9, \u00c9nergie, immoNews, Saint-Gall, Erneuerbare Energien, immobilien, Immoinvest, immoNews, Planung, Windenergie, Windpark, Facultatif"},{"@type":"BreadcrumbList","@id":"https:\/\/www.immo-invest.ch\/fr\/neue-windenergieanlage-am-flumserberg-in-planung\/#breadcrumblist","itemListElement":[{"@type":"ListItem","@id":"https:\/\/www.immo-invest.ch\/fr\/#listItem","position":1,"name":"Home","item":"https:\/\/www.immo-invest.ch\/fr\/","nextItem":{"@type":"ListItem","@id":"https:\/\/www.immo-invest.ch\/fr\/categories\/regions\/#listItem","name":"R\u00e9gions"}},{"@type":"ListItem","@id":"https:\/\/www.immo-invest.ch\/fr\/categories\/regions\/#listItem","position":2,"name":"R\u00e9gions","item":"https:\/\/www.immo-invest.ch\/fr\/categories\/regions\/","nextItem":{"@type":"ListItem","@id":"https:\/\/www.immo-invest.ch\/fr\/categories\/regions\/suisse\/#listItem","name":"Suisse"},"previousItem":{"@type":"ListItem","@id":"https:\/\/www.immo-invest.ch\/fr\/#listItem","name":"Home"}},{"@type":"ListItem","@id":"https:\/\/www.immo-invest.ch\/fr\/categories\/regions\/suisse\/#listItem","position":3,"name":"Suisse","item":"https:\/\/www.immo-invest.ch\/fr\/categories\/regions\/suisse\/","nextItem":{"@type":"ListItem","@id":"https:\/\/www.immo-invest.ch\/fr\/categories\/regions\/suisse\/suisse-orientale\/#listItem","name":"Suisse orientale"},"previousItem":{"@type":"ListItem","@id":"https:\/\/www.immo-invest.ch\/fr\/categories\/regions\/#listItem","name":"R\u00e9gions"}},{"@type":"ListItem","@id":"https:\/\/www.immo-invest.ch\/fr\/categories\/regions\/suisse\/suisse-orientale\/#listItem","position":4,"name":"Suisse orientale","item":"https:\/\/www.immo-invest.ch\/fr\/categories\/regions\/suisse\/suisse-orientale\/","nextItem":{"@type":"ListItem","@id":"https:\/\/www.immo-invest.ch\/fr\/categories\/regions\/suisse\/suisse-orientale\/region-saint-gall\/#listItem","name":"Saint-Gall"},"previousItem":{"@type":"ListItem","@id":"https:\/\/www.immo-invest.ch\/fr\/categories\/regions\/suisse\/#listItem","name":"Suisse"}},{"@type":"ListItem","@id":"https:\/\/www.immo-invest.ch\/fr\/categories\/regions\/suisse\/suisse-orientale\/region-saint-gall\/#listItem","position":5,"name":"Saint-Gall","item":"https:\/\/www.immo-invest.ch\/fr\/categories\/regions\/suisse\/suisse-orientale\/region-saint-gall\/","nextItem":{"@type":"ListItem","@id":"https:\/\/www.immo-invest.ch\/fr\/neue-windenergieanlage-am-flumserberg-in-planung\/#listItem","name":"Nouvelle \u00e9olienne en projet au Flumserberg"},"previousItem":{"@type":"ListItem","@id":"https:\/\/www.immo-invest.ch\/fr\/categories\/regions\/suisse\/suisse-orientale\/#listItem","name":"Suisse orientale"}},{"@type":"ListItem","@id":"https:\/\/www.immo-invest.ch\/fr\/neue-windenergieanlage-am-flumserberg-in-planung\/#listItem","position":6,"name":"Nouvelle \u00e9olienne en projet au Flumserberg","previousItem":{"@type":"ListItem","@id":"https:\/\/www.immo-invest.ch\/fr\/categories\/regions\/suisse\/suisse-orientale\/region-saint-gall\/#listItem","name":"Saint-Gall"}}]},{"@type":"Organization","@id":"https:\/\/www.immo-invest.ch\/fr\/#organization","name":"immo!nvest - Die Plattform f\u00fcr Standorte und Immobilien","description":"Die\u00a0Plattform f\u00fcr Standorte und Immobilien","url":"https:\/\/www.immo-invest.ch\/fr\/","email":"admin@immomedia.ag","telephone":"+41444420002","logo":{"@type":"ImageObject","url":"https:\/\/www.immo-invest.ch\/wp-content\/uploads\/2024\/09\/immoinvest_sm-scaled.jpg","@id":"https:\/\/www.immo-invest.ch\/fr\/neue-windenergieanlage-am-flumserberg-in-planung\/#organizationLogo","width":2560,"height":1340},"image":{"@id":"https:\/\/www.immo-invest.ch\/fr\/neue-windenergieanlage-am-flumserberg-in-planung\/#organizationLogo"},"sameAs":["https:\/\/www.facebook.com\/people\/Immoinvest\/100077962920504\/","https:\/\/x.com\/i\/flow\/login?redirect_after_login=immoinvest_ch","https:\/\/www.instagram.com\/immoinvest_ch\/","https:\/\/www.linkedin.com\/company\/immoinvest-swiss"]},{"@type":"Person","@id":"https:\/\/www.immo-invest.ch\/fr\/author\/immovestuser\/#author","url":"https:\/\/www.immo-invest.ch\/fr\/author\/immovestuser\/","name":"immovestuser","image":{"@type":"ImageObject","@id":"https:\/\/www.immo-invest.ch\/fr\/neue-windenergieanlage-am-flumserberg-in-planung\/#authorImage","url":"https:\/\/secure.gravatar.com\/avatar\/8e01f4d99f2eeea7a362ebb93305e1172a70e9293ba250f897a65c39f54cdd1e?s=96&d=mm&r=g","width":96,"height":96,"caption":"immovestuser"}},{"@type":"WebPage","@id":"https:\/\/www.immo-invest.ch\/fr\/neue-windenergieanlage-am-flumserberg-in-planung\/#webpage","url":"https:\/\/www.immo-invest.ch\/fr\/neue-windenergieanlage-am-flumserberg-in-planung\/","name":"Nouvelle \u00e9olienne en projet au Flumserberg - immo!nvest - Die Plattform f\u00fcr Standorte und Immobilien","description":"Axpo teste les conditions n\u00e9cessaires \u00e0 la construction d'un parc \u00e9olien comprenant jusqu'\u00e0 six \u00e9oliennes sur le Flumserberg. Dans ce contexte, l'entreprise \u00e9nerg\u00e9tique collectera des donn\u00e9es sur le vent et les chauves-souris pendant un an. Un m\u00e2t de mesure du vent de 120 m\u00e8tres de haut sera \u00e9rig\u00e9 \u00e0 cet effet.","inLanguage":"fr-FR","isPartOf":{"@id":"https:\/\/www.immo-invest.ch\/fr\/#website"},"breadcrumb":{"@id":"https:\/\/www.immo-invest.ch\/fr\/neue-windenergieanlage-am-flumserberg-in-planung\/#breadcrumblist"},"author":{"@id":"https:\/\/www.immo-invest.ch\/fr\/author\/immovestuser\/#author"},"creator":{"@id":"https:\/\/www.immo-invest.ch\/fr\/author\/immovestuser\/#author"},"image":{"@type":"ImageObject","url":"https:\/\/www.immo-invest.ch\/wp-content\/uploads\/2022\/02\/Energie_31.jpg","@id":"https:\/\/www.immo-invest.ch\/fr\/neue-windenergieanlage-am-flumserberg-in-planung\/#mainImage","width":1200,"height":720},"primaryImageOfPage":{"@id":"https:\/\/www.immo-invest.ch\/fr\/neue-windenergieanlage-am-flumserberg-in-planung\/#mainImage"},"datePublished":"2024-09-13T09:35:04+02:00","dateModified":"2024-09-13T09:58:36+02:00"},{"@type":"WebSite","@id":"https:\/\/www.immo-invest.ch\/fr\/#website","url":"https:\/\/www.immo-invest.ch\/fr\/","name":"immo!nvest - Die Plattform f\u00fcr Standorte und Immobilien","description":"Die\u00a0Plattform f\u00fcr Standorte und Immobilien","inLanguage":"fr-FR","publisher":{"@id":"https:\/\/www.immo-invest.ch\/fr\/#organization"}}]},"og:locale":"fr_FR","og:site_name":"immo!nvest - Die Plattform f\u00fcr Standorte und Immobilien - Die\u00a0Plattform f\u00fcr Standorte und Immobilien","og:type":"article","og:title":"Nouvelle \u00e9olienne en projet au Flumserberg - immo!nvest - Die Plattform f\u00fcr Standorte und Immobilien","og:description":"Axpo teste les conditions n\u00e9cessaires \u00e0 la construction d'un parc \u00e9olien comprenant jusqu'\u00e0 six \u00e9oliennes sur le Flumserberg. Dans ce contexte, l'entreprise \u00e9nerg\u00e9tique collectera des donn\u00e9es sur le vent et les chauves-souris pendant un an. Un m\u00e2t de mesure du vent de 120 m\u00e8tres de haut sera \u00e9rig\u00e9 \u00e0 cet effet.","og:url":"https:\/\/www.immo-invest.ch\/fr\/neue-windenergieanlage-am-flumserberg-in-planung\/","og:image":"https:\/\/www.immo-invest.ch\/wp-content\/uploads\/2022\/02\/Energie_31.jpg","og:image:secure_url":"https:\/\/www.immo-invest.ch\/wp-content\/uploads\/2022\/02\/Energie_31.jpg","og:image:width":1200,"og:image:height":720,"article:published_time":"2024-09-13T07:35:04+00:00","article:modified_time":"2024-09-13T07:58:36+00:00","article:publisher":"https:\/\/www.facebook.com\/people\/Immoinvest\/100077962920504\/","twitter:card":"summary_large_image","twitter:site":"@i","twitter:title":"Nouvelle \u00e9olienne en projet au Flumserberg - immo!nvest - Die Plattform f\u00fcr Standorte und Immobilien","twitter:description":"Axpo teste les conditions n\u00e9cessaires \u00e0 la construction d'un parc \u00e9olien comprenant jusqu'\u00e0 six \u00e9oliennes sur le Flumserberg. Dans ce contexte, l'entreprise \u00e9nerg\u00e9tique collectera des donn\u00e9es sur le vent et les chauves-souris pendant un an. Un m\u00e2t de mesure du vent de 120 m\u00e8tres de haut sera \u00e9rig\u00e9 \u00e0 cet effet.","twitter:creator":"@i","twitter:image":"https:\/\/www.immo-invest.ch\/wp-content\/uploads\/2022\/02\/Energie_31.jpg"},"aioseo_meta_data":{"post_id":"113926","title":null,"description":null,"keywords":null,"keyphrases":null,"primary_term":null,"canonical_url":null,"og_title":null,"og_description":null,"og_object_type":"default","og_image_type":"default","og_image_url":null,"og_image_width":null,"og_image_height":null,"og_image_custom_url":null,"og_image_custom_fields":null,"og_video":null,"og_custom_url":null,"og_article_section":null,"og_article_tags":null,"twitter_use_og":false,"twitter_card":"default","twitter_image_type":"default","twitter_image_url":null,"twitter_image_custom_url":null,"twitter_image_custom_fields":null,"twitter_title":null,"twitter_description":null,"schema":{"blockGraphs":[],"customGraphs":[],"default":{"data":{"Article":[],"Course":[],"Dataset":[],"FAQPage":[],"Movie":[],"Person":[],"Product":[],"ProductReview":[],"Car":[],"Recipe":[],"Service":[],"SoftwareApplication":[],"WebPage":[]},"graphName":"","isEnabled":true},"graphs":[]},"schema_type":"default","schema_type_options":null,"pillar_content":false,"robots_default":true,"robots_noindex":false,"robots_noarchive":false,"robots_nosnippet":false,"robots_nofollow":false,"robots_noimageindex":false,"robots_noodp":false,"robots_notranslate":false,"robots_max_snippet":null,"robots_max_videopreview":null,"robots_max_imagepreview":"large","priority":null,"frequency":null,"local_seo":null,"breadcrumb_settings":null,"limit_modified_date":false,"ai":null,"created":"2024-09-21 02:20:01","updated":"2025-10-24 09:30:29","seo_analyzer_scan_date":null,"focus_keyword":null,"additional_keywords":null,"truseo_locale":null},"aioseo_breadcrumb":"<div class=\"aioseo-breadcrumbs\"><span class=\"aioseo-breadcrumb\">\n\t\t\t<a href=\"https:\/\/www.immo-invest.ch\/fr\/\" title=\"Home\">Home<\/a>\n\t\t<\/span><span class=\"aioseo-breadcrumb-separator\">&raquo;<\/span><span class=\"aioseo-breadcrumb\">\n\t\t\t<a href=\"https:\/\/www.immo-invest.ch\/fr\/categories\/regions\/\" title=\"R\u00e9gions\">R\u00e9gions<\/a>\n\t\t<\/span><span class=\"aioseo-breadcrumb-separator\">&raquo;<\/span><span class=\"aioseo-breadcrumb\">\n\t\t\t<a href=\"https:\/\/www.immo-invest.ch\/fr\/categories\/regions\/suisse\/\" title=\"Suisse\">Suisse<\/a>\n\t\t<\/span><span class=\"aioseo-breadcrumb-separator\">&raquo;<\/span><span class=\"aioseo-breadcrumb\">\n\t\t\t<a href=\"https:\/\/www.immo-invest.ch\/fr\/categories\/regions\/suisse\/suisse-orientale\/\" title=\"Suisse orientale\">Suisse orientale<\/a>\n\t\t<\/span><span class=\"aioseo-breadcrumb-separator\">&raquo;<\/span><span class=\"aioseo-breadcrumb\">\n\t\t\t<a href=\"https:\/\/www.immo-invest.ch\/fr\/categories\/regions\/suisse\/suisse-orientale\/region-saint-gall\/\" title=\"Saint-Gall\">Saint-Gall<\/a>\n\t\t<\/span><span class=\"aioseo-breadcrumb-separator\">&raquo;<\/span><span class=\"aioseo-breadcrumb\">\n\t\t\tNouvelle \u00e9olienne en projet au Flumserberg\n\t\t<\/span><\/div>","aioseo_breadcrumb_json":[{"label":"Home","link":"https:\/\/www.immo-invest.ch\/fr\/"},{"label":"R\u00e9gions","link":"https:\/\/www.immo-invest.ch\/fr\/categories\/regions\/"},{"label":"Suisse","link":"https:\/\/www.immo-invest.ch\/fr\/categories\/regions\/suisse\/"},{"label":"Suisse orientale","link":"https:\/\/www.immo-invest.ch\/fr\/categories\/regions\/suisse\/suisse-orientale\/"},{"label":"Saint-Gall","link":"https:\/\/www.immo-invest.ch\/fr\/categories\/regions\/suisse\/suisse-orientale\/region-saint-gall\/"},{"label":"Nouvelle \u00e9olienne en projet au Flumserberg","link":"https:\/\/www.immo-invest.ch\/fr\/neue-windenergieanlage-am-flumserberg-in-planung\/"}],"featured_image_src":"https:\/\/www.immo-invest.ch\/wp-content\/uploads\/2022\/02\/Energie_31-336x168.jpg","_links":{"self":[{"href":"https:\/\/www.immo-invest.ch\/fr\/wp-json\/wp\/v2\/posts\/113926","targetHints":{"allow":["GET"]}}],"collection":[{"href":"https:\/\/www.immo-invest.ch\/fr\/wp-json\/wp\/v2\/posts"}],"about":[{"href":"https:\/\/www.immo-invest.ch\/fr\/wp-json\/wp\/v2\/types\/post"}],"author":[{"embeddable":true,"href":"https:\/\/www.immo-invest.ch\/fr\/wp-json\/wp\/v2\/users\/2"}],"replies":[{"embeddable":true,"href":"https:\/\/www.immo-invest.ch\/fr\/wp-json\/wp\/v2\/comments?post=113926"}],"version-history":[{"count":0,"href":"https:\/\/www.immo-invest.ch\/fr\/wp-json\/wp\/v2\/posts\/113926\/revisions"}],"wp:featuredmedia":[{"embeddable":true,"href":"https:\/\/www.immo-invest.ch\/fr\/wp-json\/wp\/v2\/media\/33005"}],"wp:attachment":[{"href":"https:\/\/www.immo-invest.ch\/fr\/wp-json\/wp\/v2\/media?parent=113926"}],"wp:term":[{"taxonomy":"category","embeddable":true,"href":"https:\/\/www.immo-invest.ch\/fr\/wp-json\/wp\/v2\/categories?post=113926"},{"taxonomy":"post_tag","embeddable":true,"href":"https:\/\/www.immo-invest.ch\/fr\/wp-json\/wp\/v2\/tags?post=113926"}],"curies":[{"name":"wp","href":"https:\/\/api.w.org\/{rel}","templated":true}]}}