{"id":113890,"date":"2024-09-12T17:19:52","date_gmt":"2024-09-12T15:19:52","guid":{"rendered":"https:\/\/www.immo-invest.ch\/?p=113890"},"modified":"2024-09-12T09:23:21","modified_gmt":"2024-09-12T07:23:21","slug":"fuenf-kantone-brechen-lanze-fuer-windenergie","status":"publish","type":"post","link":"https:\/\/www.immo-invest.ch\/fr\/fuenf-kantone-brechen-lanze-fuer-windenergie\/","title":{"rendered":"Cinq cantons rompent une lance pour l&rsquo;\u00e9nergie \u00e9olienne"},"content":{"rendered":"<p class=\"bodytext\">Lors d&rsquo;une conf&eacute;rence de presse commune &agrave; Winterthur, les repr&eacute;sentants des gouvernements des cantons d&rsquo;Appenzell Rhodes-Ext&eacute;rieures et Rhodes-Int&eacute;rieures, de Saint-Gall, de Thurgovie et de Zurich ont rompu une lance en faveur de l&rsquo;&eacute;nergie &eacute;olienne. Elle doit devenir &laquo;&nbsp;un pilier de notre futur approvisionnement en &eacute;nergie locale &ndash; en particulier pour couvrir la p&eacute;nurie d&rsquo;&eacute;lectricit&eacute; en hiver&nbsp;&raquo;, indique le <a href=\"https:\/\/www.zh.ch\/de.html\" target=\"_blank\" rel=\"noopener\">canton de Zurich<\/a> dans un <a href=\"https:\/\/www.zh.ch\/de\/news-uebersicht\/medienmitteilungen\/2024\/09\/neuer-pioniergeist-soll-fuer-windenergie-wehen.html\" target=\"_blank\" rel=\"noopener\">communiqu&eacute;<\/a> relatif &agrave; la conf&eacute;rence. Pour ce faire, les cinq cantons voisins veulent cr&eacute;er un &laquo;&nbsp;nouvel esprit de pionnier&nbsp;&raquo;.<\/p>\n<p class=\"bodytext\">Lors de la conf&eacute;rence de presse, les membres comp&eacute;tents du gouvernement ont pr&eacute;sent&eacute; les approches respectives de leurs cantons. A cette occasion, D&ouml;lf Biasotto, du <a href=\"https:\/\/ar.ch\/\" target=\"_blank\" rel=\"noopener\">canton d&rsquo;Appenzell Rhodes-Ext&eacute;rieures<\/a>, a &eacute;voqu&eacute; l&rsquo;impact des &eacute;oliennes sur le paysage, qui peut &ecirc;tre r&eacute;duit. Dans le canton <a href=\"https:\/\/www.ai.ch\/\" target=\"_blank\" rel=\"noopener\">d&rsquo;Appenzell Rhodes-Int&eacute;rieures<\/a>, l&rsquo;installation d&rsquo;&eacute;oliennes doit &ecirc;tre accompagn&eacute;e d&rsquo;un d&eacute;veloppement ult&eacute;rieur du paysage. Dans le canton de Zurich, les conditions de planification pour l&rsquo;utilisation de l&rsquo;&eacute;nergie &eacute;olienne sont en cours de cr&eacute;ation.<\/p>\n<p class=\"bodytext\">Les repr&eacute;sentants des cantons <a href=\"https:\/\/www.sg.ch\/\" target=\"_blank\" rel=\"noopener\">de Saint-Gall<\/a> et <a href=\"https:\/\/www.tg.ch\/\" target=\"_blank\" rel=\"noopener\">de Thurgovie<\/a> ont soulign&eacute; dans leurs interventions l&rsquo;importance de la collaboration avec la population concern&eacute;e. Dans le canton de Saint-Gall, le plan d&rsquo;affectation sp&eacute;cial stipule que toutes les communes concern&eacute;es et leur population peuvent participer &agrave; la proc&eacute;dure d&rsquo;autorisation. Dans le canton de Thurgovie, une base l&eacute;gale pour la participation locale a &eacute;t&eacute; pr&eacute;par&eacute;e. Dans le cadre d&rsquo;un projet en cours &agrave; Thundorf TG, les &eacute;lecteurs seront appel&eacute;s &agrave; se prononcer sur la construction d&rsquo;un parc &eacute;olien le 24 novembre prochain.<\/p>\n","protected":false},"excerpt":{"rendered":"<p>Des repr\u00e9sentants des cantons d&rsquo;Appenzell, de Saint-Gall, de Thurgovie et de Zurich ont plaid\u00e9, lors d&rsquo;une conf\u00e9rence de presse, pour que l&rsquo;\u00e9nergie \u00e9olienne fasse partie de l&rsquo;approvisionnement \u00e9nerg\u00e9tique futur. Les cantons souhaitent s&rsquo;unir pour promouvoir le d\u00e9veloppement de l&rsquo;\u00e9nergie \u00e9olienne.<\/p>\n","protected":false},"author":2,"featured_media":113885,"comment_status":"open","ping_status":"open","sticky":false,"template":"","format":"standard","meta":{"pmpro_default_level":"","inline_featured_image":false,"_monsterinsights_skip_tracking":false,"footnotes":""},"categories":[22699,8747,743,4957],"tags":[872,3931,4110,2002,2080,13639],"class_list":["post-113890","post","type-post","status-publish","format-standard","has-post-thumbnail","hentry","category-durabilite","category-energie","category-immonews-fr","category-region-zurich","tag-immoinvest-fr","tag-immonews-fr","tag-kantone-fr","tag-news-fr","tag-windenergie-fr","tag-zusammenarbeit-fr","pmpro-has-access"],"acf":{"bild_mit_ki_erstellt_worden":[],"lead":"Les repr\u00e9sentants des cantons d'Appenzell, Saint-Gall, Thurgovie et Zurich ont plaid\u00e9 pour l'\u00e9nergie \u00e9olienne lors d'une conf\u00e9rence de presse. Les cantons veulent promouvoir conjointement l'expansion de l'\u00e9nergie \u00e9olienne.","autor":"ce\/hs","ort":"Winterthur","bildunterschrift":"","bild_im_grid":false,"gallerie":"","newsim":""},"aioseo_notices":[],"aioseo_head":"\n\t\t<!-- All in One SEO 5.0.1.1 - aioseo.com -->\n\t<meta name=\"description\" content=\"Des repr\u00e9sentants des cantons d&#039;Appenzell, de Saint-Gall, de Thurgovie et de Zurich ont plaid\u00e9, lors d&#039;une conf\u00e9rence de presse, pour que l&#039;\u00e9nergie \u00e9olienne fasse partie de l&#039;approvisionnement \u00e9nerg\u00e9tique futur. Les cantons souhaitent s&#039;unir pour promouvoir le d\u00e9veloppement de l&#039;\u00e9nergie \u00e9olienne.\" \/>\n\t<meta name=\"robots\" content=\"max-image-preview:large\" \/>\n\t<meta name=\"author\" content=\"immovestuser\"\/>\n\t<meta name=\"google-site-verification\" content=\"fHJKvgWpZCR2zVBHWfkQeFXC11qieUSff0HGNYfuyLA\" \/>\n\t<link rel=\"canonical\" href=\"https:\/\/www.immo-invest.ch\/fr\/fuenf-kantone-brechen-lanze-fuer-windenergie\/\" \/>\n\t<meta name=\"generator\" content=\"All in One SEO (AIOSEO) 5.0.1.1\" \/>\n\t\t<meta property=\"og:locale\" content=\"fr_FR\" \/>\n\t\t<meta property=\"og:site_name\" content=\"immo!nvest - Die Plattform f\u00fcr Standorte und Immobilien - Die\u00a0Plattform f\u00fcr Standorte und Immobilien\" \/>\n\t\t<meta property=\"og:type\" content=\"article\" \/>\n\t\t<meta property=\"og:title\" content=\"Cinq cantons rompent une lance pour l\u2019\u00e9nergie \u00e9olienne - immo!nvest - Die Plattform f\u00fcr Standorte und Immobilien\" \/>\n\t\t<meta property=\"og:description\" content=\"Des repr\u00e9sentants des cantons d&#039;Appenzell, de Saint-Gall, de Thurgovie et de Zurich ont plaid\u00e9, lors d&#039;une conf\u00e9rence de presse, pour que l&#039;\u00e9nergie \u00e9olienne fasse partie de l&#039;approvisionnement \u00e9nerg\u00e9tique futur. Les cantons souhaitent s&#039;unir pour promouvoir le d\u00e9veloppement de l&#039;\u00e9nergie \u00e9olienne.\" \/>\n\t\t<meta property=\"og:url\" content=\"https:\/\/www.immo-invest.ch\/fr\/fuenf-kantone-brechen-lanze-fuer-windenergie\/\" \/>\n\t\t<meta property=\"og:image\" content=\"https:\/\/www.immo-invest.ch\/wp-content\/uploads\/2024\/09\/Unbenannt-17.png\" \/>\n\t\t<meta property=\"og:image:secure_url\" content=\"https:\/\/www.immo-invest.ch\/wp-content\/uploads\/2024\/09\/Unbenannt-17.png\" \/>\n\t\t<meta property=\"og:image:width\" content=\"1792\" \/>\n\t\t<meta property=\"og:image:height\" content=\"1024\" \/>\n\t\t<meta property=\"article:published_time\" content=\"2024-09-12T15:19:52+00:00\" \/>\n\t\t<meta property=\"article:modified_time\" content=\"2024-09-12T07:23:21+00:00\" \/>\n\t\t<meta property=\"article:publisher\" content=\"https:\/\/www.facebook.com\/people\/Immoinvest\/100077962920504\/\" \/>\n\t\t<meta name=\"twitter:card\" content=\"summary_large_image\" \/>\n\t\t<meta name=\"twitter:site\" content=\"@i\" \/>\n\t\t<meta name=\"twitter:title\" content=\"Cinq cantons rompent une lance pour l\u2019\u00e9nergie \u00e9olienne - immo!nvest - Die Plattform f\u00fcr Standorte und Immobilien\" \/>\n\t\t<meta name=\"twitter:description\" content=\"Des repr\u00e9sentants des cantons d&#039;Appenzell, de Saint-Gall, de Thurgovie et de Zurich ont plaid\u00e9, lors d&#039;une conf\u00e9rence de presse, pour que l&#039;\u00e9nergie \u00e9olienne fasse partie de l&#039;approvisionnement \u00e9nerg\u00e9tique futur. Les cantons souhaitent s&#039;unir pour promouvoir le d\u00e9veloppement de l&#039;\u00e9nergie \u00e9olienne.\" \/>\n\t\t<meta name=\"twitter:creator\" content=\"@i\" \/>\n\t\t<meta name=\"twitter:image\" content=\"https:\/\/www.immo-invest.ch\/wp-content\/uploads\/2024\/09\/Unbenannt-17.png\" \/>\n\t\t<script type=\"application\/ld+json\" class=\"aioseo-schema\">\n\t\t\t{\"@context\":\"https:\\\/\\\/schema.org\",\"@graph\":[{\"@type\":\"BlogPosting\",\"@id\":\"https:\\\/\\\/www.immo-invest.ch\\\/fr\\\/fuenf-kantone-brechen-lanze-fuer-windenergie\\\/#blogposting\",\"name\":\"Cinq cantons rompent une lance pour l\\u2019\\u00e9nergie \\u00e9olienne - immo!nvest - Die Plattform f\\u00fcr Standorte und Immobilien\",\"headline\":\"Cinq cantons rompent une lance pour l&rsquo;\\u00e9nergie \\u00e9olienne\",\"author\":{\"@id\":\"https:\\\/\\\/www.immo-invest.ch\\\/fr\\\/author\\\/immovestuser\\\/#author\"},\"publisher\":{\"@id\":\"https:\\\/\\\/www.immo-invest.ch\\\/fr\\\/#organization\"},\"image\":{\"@type\":\"ImageObject\",\"url\":\"https:\\\/\\\/www.immo-invest.ch\\\/wp-content\\\/uploads\\\/2024\\\/09\\\/Unbenannt-17.png\",\"width\":1792,\"height\":1024},\"datePublished\":\"2024-09-12T17:19:52+02:00\",\"dateModified\":\"2024-09-12T09:23:21+02:00\",\"inLanguage\":\"fr-FR\",\"mainEntityOfPage\":{\"@id\":\"https:\\\/\\\/www.immo-invest.ch\\\/fr\\\/fuenf-kantone-brechen-lanze-fuer-windenergie\\\/#webpage\"},\"isPartOf\":{\"@id\":\"https:\\\/\\\/www.immo-invest.ch\\\/fr\\\/fuenf-kantone-brechen-lanze-fuer-windenergie\\\/#webpage\"},\"articleSection\":\"Durabilit\\u00e9, \\u00c9nergie, immoNews, Zurich, Immoinvest, immoNews, Kantone, News, Windenergie, Zusammenarbeit, Facultatif\"},{\"@type\":\"BreadcrumbList\",\"@id\":\"https:\\\/\\\/www.immo-invest.ch\\\/fr\\\/fuenf-kantone-brechen-lanze-fuer-windenergie\\\/#breadcrumblist\",\"itemListElement\":[{\"@type\":\"ListItem\",\"@id\":\"https:\\\/\\\/www.immo-invest.ch\\\/fr\\\/#listItem\",\"position\":1,\"name\":\"Home\",\"item\":\"https:\\\/\\\/www.immo-invest.ch\\\/fr\\\/\",\"nextItem\":{\"@type\":\"ListItem\",\"@id\":\"https:\\\/\\\/www.immo-invest.ch\\\/fr\\\/categories\\\/regions\\\/#listItem\",\"name\":\"R\\u00e9gions\"}},{\"@type\":\"ListItem\",\"@id\":\"https:\\\/\\\/www.immo-invest.ch\\\/fr\\\/categories\\\/regions\\\/#listItem\",\"position\":2,\"name\":\"R\\u00e9gions\",\"item\":\"https:\\\/\\\/www.immo-invest.ch\\\/fr\\\/categories\\\/regions\\\/\",\"nextItem\":{\"@type\":\"ListItem\",\"@id\":\"https:\\\/\\\/www.immo-invest.ch\\\/fr\\\/categories\\\/regions\\\/suisse\\\/#listItem\",\"name\":\"Suisse\"},\"previousItem\":{\"@type\":\"ListItem\",\"@id\":\"https:\\\/\\\/www.immo-invest.ch\\\/fr\\\/#listItem\",\"name\":\"Home\"}},{\"@type\":\"ListItem\",\"@id\":\"https:\\\/\\\/www.immo-invest.ch\\\/fr\\\/categories\\\/regions\\\/suisse\\\/#listItem\",\"position\":3,\"name\":\"Suisse\",\"item\":\"https:\\\/\\\/www.immo-invest.ch\\\/fr\\\/categories\\\/regions\\\/suisse\\\/\",\"nextItem\":{\"@type\":\"ListItem\",\"@id\":\"https:\\\/\\\/www.immo-invest.ch\\\/fr\\\/categories\\\/regions\\\/suisse\\\/region-zurich\\\/#listItem\",\"name\":\"Zurich\"},\"previousItem\":{\"@type\":\"ListItem\",\"@id\":\"https:\\\/\\\/www.immo-invest.ch\\\/fr\\\/categories\\\/regions\\\/#listItem\",\"name\":\"R\\u00e9gions\"}},{\"@type\":\"ListItem\",\"@id\":\"https:\\\/\\\/www.immo-invest.ch\\\/fr\\\/categories\\\/regions\\\/suisse\\\/region-zurich\\\/#listItem\",\"position\":4,\"name\":\"Zurich\",\"item\":\"https:\\\/\\\/www.immo-invest.ch\\\/fr\\\/categories\\\/regions\\\/suisse\\\/region-zurich\\\/\",\"nextItem\":{\"@type\":\"ListItem\",\"@id\":\"https:\\\/\\\/www.immo-invest.ch\\\/fr\\\/fuenf-kantone-brechen-lanze-fuer-windenergie\\\/#listItem\",\"name\":\"Cinq cantons rompent une lance pour l&rsquo;\\u00e9nergie \\u00e9olienne\"},\"previousItem\":{\"@type\":\"ListItem\",\"@id\":\"https:\\\/\\\/www.immo-invest.ch\\\/fr\\\/categories\\\/regions\\\/suisse\\\/#listItem\",\"name\":\"Suisse\"}},{\"@type\":\"ListItem\",\"@id\":\"https:\\\/\\\/www.immo-invest.ch\\\/fr\\\/fuenf-kantone-brechen-lanze-fuer-windenergie\\\/#listItem\",\"position\":5,\"name\":\"Cinq cantons rompent une lance pour l&rsquo;\\u00e9nergie \\u00e9olienne\",\"previousItem\":{\"@type\":\"ListItem\",\"@id\":\"https:\\\/\\\/www.immo-invest.ch\\\/fr\\\/categories\\\/regions\\\/suisse\\\/region-zurich\\\/#listItem\",\"name\":\"Zurich\"}}]},{\"@type\":\"Organization\",\"@id\":\"https:\\\/\\\/www.immo-invest.ch\\\/fr\\\/#organization\",\"name\":\"immo!nvest - Die Plattform f\\u00fcr Standorte und Immobilien\",\"description\":\"Die\\u00a0Plattform f\\u00fcr Standorte und Immobilien\",\"url\":\"https:\\\/\\\/www.immo-invest.ch\\\/fr\\\/\",\"email\":\"admin@immomedia.ag\",\"telephone\":\"+41444420002\",\"logo\":{\"@type\":\"ImageObject\",\"url\":\"https:\\\/\\\/www.immo-invest.ch\\\/wp-content\\\/uploads\\\/2024\\\/09\\\/immoinvest_sm-scaled.jpg\",\"@id\":\"https:\\\/\\\/www.immo-invest.ch\\\/fr\\\/fuenf-kantone-brechen-lanze-fuer-windenergie\\\/#organizationLogo\",\"width\":2560,\"height\":1340},\"image\":{\"@id\":\"https:\\\/\\\/www.immo-invest.ch\\\/fr\\\/fuenf-kantone-brechen-lanze-fuer-windenergie\\\/#organizationLogo\"},\"sameAs\":[\"https:\\\/\\\/www.facebook.com\\\/people\\\/Immoinvest\\\/100077962920504\\\/\",\"https:\\\/\\\/x.com\\\/i\\\/flow\\\/login?redirect_after_login=immoinvest_ch\",\"https:\\\/\\\/www.instagram.com\\\/immoinvest_ch\\\/\",\"https:\\\/\\\/www.linkedin.com\\\/company\\\/immoinvest-swiss\"]},{\"@type\":\"Person\",\"@id\":\"https:\\\/\\\/www.immo-invest.ch\\\/fr\\\/author\\\/immovestuser\\\/#author\",\"url\":\"https:\\\/\\\/www.immo-invest.ch\\\/fr\\\/author\\\/immovestuser\\\/\",\"name\":\"immovestuser\",\"image\":{\"@type\":\"ImageObject\",\"@id\":\"https:\\\/\\\/www.immo-invest.ch\\\/fr\\\/fuenf-kantone-brechen-lanze-fuer-windenergie\\\/#authorImage\",\"url\":\"https:\\\/\\\/secure.gravatar.com\\\/avatar\\\/8e01f4d99f2eeea7a362ebb93305e1172a70e9293ba250f897a65c39f54cdd1e?s=96&d=mm&r=g\",\"width\":96,\"height\":96,\"caption\":\"immovestuser\"}},{\"@type\":\"WebPage\",\"@id\":\"https:\\\/\\\/www.immo-invest.ch\\\/fr\\\/fuenf-kantone-brechen-lanze-fuer-windenergie\\\/#webpage\",\"url\":\"https:\\\/\\\/www.immo-invest.ch\\\/fr\\\/fuenf-kantone-brechen-lanze-fuer-windenergie\\\/\",\"name\":\"Cinq cantons rompent une lance pour l\\u2019\\u00e9nergie \\u00e9olienne - immo!nvest - Die Plattform f\\u00fcr Standorte und Immobilien\",\"description\":\"Des repr\\u00e9sentants des cantons d'Appenzell, de Saint-Gall, de Thurgovie et de Zurich ont plaid\\u00e9, lors d'une conf\\u00e9rence de presse, pour que l'\\u00e9nergie \\u00e9olienne fasse partie de l'approvisionnement \\u00e9nerg\\u00e9tique futur. Les cantons souhaitent s'unir pour promouvoir le d\\u00e9veloppement de l'\\u00e9nergie \\u00e9olienne.\",\"inLanguage\":\"fr-FR\",\"isPartOf\":{\"@id\":\"https:\\\/\\\/www.immo-invest.ch\\\/fr\\\/#website\"},\"breadcrumb\":{\"@id\":\"https:\\\/\\\/www.immo-invest.ch\\\/fr\\\/fuenf-kantone-brechen-lanze-fuer-windenergie\\\/#breadcrumblist\"},\"author\":{\"@id\":\"https:\\\/\\\/www.immo-invest.ch\\\/fr\\\/author\\\/immovestuser\\\/#author\"},\"creator\":{\"@id\":\"https:\\\/\\\/www.immo-invest.ch\\\/fr\\\/author\\\/immovestuser\\\/#author\"},\"image\":{\"@type\":\"ImageObject\",\"url\":\"https:\\\/\\\/www.immo-invest.ch\\\/wp-content\\\/uploads\\\/2024\\\/09\\\/Unbenannt-17.png\",\"@id\":\"https:\\\/\\\/www.immo-invest.ch\\\/fr\\\/fuenf-kantone-brechen-lanze-fuer-windenergie\\\/#mainImage\",\"width\":1792,\"height\":1024},\"primaryImageOfPage\":{\"@id\":\"https:\\\/\\\/www.immo-invest.ch\\\/fr\\\/fuenf-kantone-brechen-lanze-fuer-windenergie\\\/#mainImage\"},\"datePublished\":\"2024-09-12T17:19:52+02:00\",\"dateModified\":\"2024-09-12T09:23:21+02:00\"},{\"@type\":\"WebSite\",\"@id\":\"https:\\\/\\\/www.immo-invest.ch\\\/fr\\\/#website\",\"url\":\"https:\\\/\\\/www.immo-invest.ch\\\/fr\\\/\",\"name\":\"immo!nvest - Die Plattform f\\u00fcr Standorte und Immobilien\",\"description\":\"Die\\u00a0Plattform f\\u00fcr Standorte und Immobilien\",\"inLanguage\":\"fr-FR\",\"publisher\":{\"@id\":\"https:\\\/\\\/www.immo-invest.ch\\\/fr\\\/#organization\"}}]}\n\t\t<\/script>\n\t\t<!-- All in One SEO -->\n\n","aioseo_head_json":{"title":"Cinq cantons rompent une lance pour l\u2019\u00e9nergie \u00e9olienne - immo!nvest - Die Plattform f\u00fcr Standorte und Immobilien","description":"Des repr\u00e9sentants des cantons d'Appenzell, de Saint-Gall, de Thurgovie et de Zurich ont plaid\u00e9, lors d'une conf\u00e9rence de presse, pour que l'\u00e9nergie \u00e9olienne fasse partie de l'approvisionnement \u00e9nerg\u00e9tique futur. Les cantons souhaitent s'unir pour promouvoir le d\u00e9veloppement de l'\u00e9nergie \u00e9olienne.","canonical_url":"https:\/\/www.immo-invest.ch\/fr\/fuenf-kantone-brechen-lanze-fuer-windenergie\/","robots":"max-image-preview:large","keywords":"","webmasterTools":{"google-site-verification":"fHJKvgWpZCR2zVBHWfkQeFXC11qieUSff0HGNYfuyLA","miscellaneous":""},"schema":{"@context":"https:\/\/schema.org","@graph":[{"@type":"BlogPosting","@id":"https:\/\/www.immo-invest.ch\/fr\/fuenf-kantone-brechen-lanze-fuer-windenergie\/#blogposting","name":"Cinq cantons rompent une lance pour l\u2019\u00e9nergie \u00e9olienne - immo!nvest - Die Plattform f\u00fcr Standorte und Immobilien","headline":"Cinq cantons rompent une lance pour l&rsquo;\u00e9nergie \u00e9olienne","author":{"@id":"https:\/\/www.immo-invest.ch\/fr\/author\/immovestuser\/#author"},"publisher":{"@id":"https:\/\/www.immo-invest.ch\/fr\/#organization"},"image":{"@type":"ImageObject","url":"https:\/\/www.immo-invest.ch\/wp-content\/uploads\/2024\/09\/Unbenannt-17.png","width":1792,"height":1024},"datePublished":"2024-09-12T17:19:52+02:00","dateModified":"2024-09-12T09:23:21+02:00","inLanguage":"fr-FR","mainEntityOfPage":{"@id":"https:\/\/www.immo-invest.ch\/fr\/fuenf-kantone-brechen-lanze-fuer-windenergie\/#webpage"},"isPartOf":{"@id":"https:\/\/www.immo-invest.ch\/fr\/fuenf-kantone-brechen-lanze-fuer-windenergie\/#webpage"},"articleSection":"Durabilit\u00e9, \u00c9nergie, immoNews, Zurich, Immoinvest, immoNews, Kantone, News, Windenergie, Zusammenarbeit, Facultatif"},{"@type":"BreadcrumbList","@id":"https:\/\/www.immo-invest.ch\/fr\/fuenf-kantone-brechen-lanze-fuer-windenergie\/#breadcrumblist","itemListElement":[{"@type":"ListItem","@id":"https:\/\/www.immo-invest.ch\/fr\/#listItem","position":1,"name":"Home","item":"https:\/\/www.immo-invest.ch\/fr\/","nextItem":{"@type":"ListItem","@id":"https:\/\/www.immo-invest.ch\/fr\/categories\/regions\/#listItem","name":"R\u00e9gions"}},{"@type":"ListItem","@id":"https:\/\/www.immo-invest.ch\/fr\/categories\/regions\/#listItem","position":2,"name":"R\u00e9gions","item":"https:\/\/www.immo-invest.ch\/fr\/categories\/regions\/","nextItem":{"@type":"ListItem","@id":"https:\/\/www.immo-invest.ch\/fr\/categories\/regions\/suisse\/#listItem","name":"Suisse"},"previousItem":{"@type":"ListItem","@id":"https:\/\/www.immo-invest.ch\/fr\/#listItem","name":"Home"}},{"@type":"ListItem","@id":"https:\/\/www.immo-invest.ch\/fr\/categories\/regions\/suisse\/#listItem","position":3,"name":"Suisse","item":"https:\/\/www.immo-invest.ch\/fr\/categories\/regions\/suisse\/","nextItem":{"@type":"ListItem","@id":"https:\/\/www.immo-invest.ch\/fr\/categories\/regions\/suisse\/region-zurich\/#listItem","name":"Zurich"},"previousItem":{"@type":"ListItem","@id":"https:\/\/www.immo-invest.ch\/fr\/categories\/regions\/#listItem","name":"R\u00e9gions"}},{"@type":"ListItem","@id":"https:\/\/www.immo-invest.ch\/fr\/categories\/regions\/suisse\/region-zurich\/#listItem","position":4,"name":"Zurich","item":"https:\/\/www.immo-invest.ch\/fr\/categories\/regions\/suisse\/region-zurich\/","nextItem":{"@type":"ListItem","@id":"https:\/\/www.immo-invest.ch\/fr\/fuenf-kantone-brechen-lanze-fuer-windenergie\/#listItem","name":"Cinq cantons rompent une lance pour l&rsquo;\u00e9nergie \u00e9olienne"},"previousItem":{"@type":"ListItem","@id":"https:\/\/www.immo-invest.ch\/fr\/categories\/regions\/suisse\/#listItem","name":"Suisse"}},{"@type":"ListItem","@id":"https:\/\/www.immo-invest.ch\/fr\/fuenf-kantone-brechen-lanze-fuer-windenergie\/#listItem","position":5,"name":"Cinq cantons rompent une lance pour l&rsquo;\u00e9nergie \u00e9olienne","previousItem":{"@type":"ListItem","@id":"https:\/\/www.immo-invest.ch\/fr\/categories\/regions\/suisse\/region-zurich\/#listItem","name":"Zurich"}}]},{"@type":"Organization","@id":"https:\/\/www.immo-invest.ch\/fr\/#organization","name":"immo!nvest - Die Plattform f\u00fcr Standorte und Immobilien","description":"Die\u00a0Plattform f\u00fcr Standorte und Immobilien","url":"https:\/\/www.immo-invest.ch\/fr\/","email":"admin@immomedia.ag","telephone":"+41444420002","logo":{"@type":"ImageObject","url":"https:\/\/www.immo-invest.ch\/wp-content\/uploads\/2024\/09\/immoinvest_sm-scaled.jpg","@id":"https:\/\/www.immo-invest.ch\/fr\/fuenf-kantone-brechen-lanze-fuer-windenergie\/#organizationLogo","width":2560,"height":1340},"image":{"@id":"https:\/\/www.immo-invest.ch\/fr\/fuenf-kantone-brechen-lanze-fuer-windenergie\/#organizationLogo"},"sameAs":["https:\/\/www.facebook.com\/people\/Immoinvest\/100077962920504\/","https:\/\/x.com\/i\/flow\/login?redirect_after_login=immoinvest_ch","https:\/\/www.instagram.com\/immoinvest_ch\/","https:\/\/www.linkedin.com\/company\/immoinvest-swiss"]},{"@type":"Person","@id":"https:\/\/www.immo-invest.ch\/fr\/author\/immovestuser\/#author","url":"https:\/\/www.immo-invest.ch\/fr\/author\/immovestuser\/","name":"immovestuser","image":{"@type":"ImageObject","@id":"https:\/\/www.immo-invest.ch\/fr\/fuenf-kantone-brechen-lanze-fuer-windenergie\/#authorImage","url":"https:\/\/secure.gravatar.com\/avatar\/8e01f4d99f2eeea7a362ebb93305e1172a70e9293ba250f897a65c39f54cdd1e?s=96&d=mm&r=g","width":96,"height":96,"caption":"immovestuser"}},{"@type":"WebPage","@id":"https:\/\/www.immo-invest.ch\/fr\/fuenf-kantone-brechen-lanze-fuer-windenergie\/#webpage","url":"https:\/\/www.immo-invest.ch\/fr\/fuenf-kantone-brechen-lanze-fuer-windenergie\/","name":"Cinq cantons rompent une lance pour l\u2019\u00e9nergie \u00e9olienne - immo!nvest - Die Plattform f\u00fcr Standorte und Immobilien","description":"Des repr\u00e9sentants des cantons d'Appenzell, de Saint-Gall, de Thurgovie et de Zurich ont plaid\u00e9, lors d'une conf\u00e9rence de presse, pour que l'\u00e9nergie \u00e9olienne fasse partie de l'approvisionnement \u00e9nerg\u00e9tique futur. Les cantons souhaitent s'unir pour promouvoir le d\u00e9veloppement de l'\u00e9nergie \u00e9olienne.","inLanguage":"fr-FR","isPartOf":{"@id":"https:\/\/www.immo-invest.ch\/fr\/#website"},"breadcrumb":{"@id":"https:\/\/www.immo-invest.ch\/fr\/fuenf-kantone-brechen-lanze-fuer-windenergie\/#breadcrumblist"},"author":{"@id":"https:\/\/www.immo-invest.ch\/fr\/author\/immovestuser\/#author"},"creator":{"@id":"https:\/\/www.immo-invest.ch\/fr\/author\/immovestuser\/#author"},"image":{"@type":"ImageObject","url":"https:\/\/www.immo-invest.ch\/wp-content\/uploads\/2024\/09\/Unbenannt-17.png","@id":"https:\/\/www.immo-invest.ch\/fr\/fuenf-kantone-brechen-lanze-fuer-windenergie\/#mainImage","width":1792,"height":1024},"primaryImageOfPage":{"@id":"https:\/\/www.immo-invest.ch\/fr\/fuenf-kantone-brechen-lanze-fuer-windenergie\/#mainImage"},"datePublished":"2024-09-12T17:19:52+02:00","dateModified":"2024-09-12T09:23:21+02:00"},{"@type":"WebSite","@id":"https:\/\/www.immo-invest.ch\/fr\/#website","url":"https:\/\/www.immo-invest.ch\/fr\/","name":"immo!nvest - Die Plattform f\u00fcr Standorte und Immobilien","description":"Die\u00a0Plattform f\u00fcr Standorte und Immobilien","inLanguage":"fr-FR","publisher":{"@id":"https:\/\/www.immo-invest.ch\/fr\/#organization"}}]},"og:locale":"fr_FR","og:site_name":"immo!nvest - Die Plattform f\u00fcr Standorte und Immobilien - Die\u00a0Plattform f\u00fcr Standorte und Immobilien","og:type":"article","og:title":"Cinq cantons rompent une lance pour l\u2019\u00e9nergie \u00e9olienne - immo!nvest - Die Plattform f\u00fcr Standorte und Immobilien","og:description":"Des repr\u00e9sentants des cantons d'Appenzell, de Saint-Gall, de Thurgovie et de Zurich ont plaid\u00e9, lors d'une conf\u00e9rence de presse, pour que l'\u00e9nergie \u00e9olienne fasse partie de l'approvisionnement \u00e9nerg\u00e9tique futur. Les cantons souhaitent s'unir pour promouvoir le d\u00e9veloppement de l'\u00e9nergie \u00e9olienne.","og:url":"https:\/\/www.immo-invest.ch\/fr\/fuenf-kantone-brechen-lanze-fuer-windenergie\/","og:image":"https:\/\/www.immo-invest.ch\/wp-content\/uploads\/2024\/09\/Unbenannt-17.png","og:image:secure_url":"https:\/\/www.immo-invest.ch\/wp-content\/uploads\/2024\/09\/Unbenannt-17.png","og:image:width":1792,"og:image:height":1024,"article:published_time":"2024-09-12T15:19:52+00:00","article:modified_time":"2024-09-12T07:23:21+00:00","article:publisher":"https:\/\/www.facebook.com\/people\/Immoinvest\/100077962920504\/","twitter:card":"summary_large_image","twitter:site":"@i","twitter:title":"Cinq cantons rompent une lance pour l\u2019\u00e9nergie \u00e9olienne - immo!nvest - Die Plattform f\u00fcr Standorte und Immobilien","twitter:description":"Des repr\u00e9sentants des cantons d'Appenzell, de Saint-Gall, de Thurgovie et de Zurich ont plaid\u00e9, lors d'une conf\u00e9rence de presse, pour que l'\u00e9nergie \u00e9olienne fasse partie de l'approvisionnement \u00e9nerg\u00e9tique futur. Les cantons souhaitent s'unir pour promouvoir le d\u00e9veloppement de l'\u00e9nergie \u00e9olienne.","twitter:creator":"@i","twitter:image":"https:\/\/www.immo-invest.ch\/wp-content\/uploads\/2024\/09\/Unbenannt-17.png"},"aioseo_meta_data":{"post_id":"113890","title":null,"description":null,"keywords":null,"keyphrases":null,"primary_term":null,"canonical_url":null,"og_title":null,"og_description":null,"og_object_type":"default","og_image_type":"default","og_image_url":null,"og_image_width":null,"og_image_height":null,"og_image_custom_url":null,"og_image_custom_fields":null,"og_video":null,"og_custom_url":null,"og_article_section":null,"og_article_tags":null,"twitter_use_og":false,"twitter_card":"default","twitter_image_type":"default","twitter_image_url":null,"twitter_image_custom_url":null,"twitter_image_custom_fields":null,"twitter_title":null,"twitter_description":null,"schema":{"blockGraphs":[],"customGraphs":[],"default":{"data":{"Article":[],"Course":[],"Dataset":[],"FAQPage":[],"Movie":[],"Person":[],"Product":[],"ProductReview":[],"Car":[],"Recipe":[],"Service":[],"SoftwareApplication":[],"WebPage":[]},"graphName":"","isEnabled":true},"graphs":[]},"schema_type":"default","schema_type_options":null,"pillar_content":false,"robots_default":true,"robots_noindex":false,"robots_noarchive":false,"robots_nosnippet":false,"robots_nofollow":false,"robots_noimageindex":false,"robots_noodp":false,"robots_notranslate":false,"robots_max_snippet":null,"robots_max_videopreview":null,"robots_max_imagepreview":"large","priority":null,"frequency":null,"local_seo":null,"breadcrumb_settings":null,"limit_modified_date":false,"ai":null,"created":"2024-09-21 02:18:03","updated":"2025-10-24 09:29:47","seo_analyzer_scan_date":null,"focus_keyword":null,"additional_keywords":null,"truseo_locale":null},"aioseo_breadcrumb":"<div class=\"aioseo-breadcrumbs\"><span class=\"aioseo-breadcrumb\">\n\t\t\t<a href=\"https:\/\/www.immo-invest.ch\/fr\/\" title=\"Home\">Home<\/a>\n\t\t<\/span><span class=\"aioseo-breadcrumb-separator\">&raquo;<\/span><span class=\"aioseo-breadcrumb\">\n\t\t\t<a href=\"https:\/\/www.immo-invest.ch\/fr\/categories\/regions\/\" title=\"R\u00e9gions\">R\u00e9gions<\/a>\n\t\t<\/span><span class=\"aioseo-breadcrumb-separator\">&raquo;<\/span><span class=\"aioseo-breadcrumb\">\n\t\t\t<a href=\"https:\/\/www.immo-invest.ch\/fr\/categories\/regions\/suisse\/\" title=\"Suisse\">Suisse<\/a>\n\t\t<\/span><span class=\"aioseo-breadcrumb-separator\">&raquo;<\/span><span class=\"aioseo-breadcrumb\">\n\t\t\t<a href=\"https:\/\/www.immo-invest.ch\/fr\/categories\/regions\/suisse\/region-zurich\/\" title=\"Zurich\">Zurich<\/a>\n\t\t<\/span><span class=\"aioseo-breadcrumb-separator\">&raquo;<\/span><span class=\"aioseo-breadcrumb\">\n\t\t\tCinq cantons rompent une lance pour l\u2019\u00e9nergie \u00e9olienne\n\t\t<\/span><\/div>","aioseo_breadcrumb_json":[{"label":"Home","link":"https:\/\/www.immo-invest.ch\/fr\/"},{"label":"R\u00e9gions","link":"https:\/\/www.immo-invest.ch\/fr\/categories\/regions\/"},{"label":"Suisse","link":"https:\/\/www.immo-invest.ch\/fr\/categories\/regions\/suisse\/"},{"label":"Zurich","link":"https:\/\/www.immo-invest.ch\/fr\/categories\/regions\/suisse\/region-zurich\/"},{"label":"Cinq cantons rompent une lance pour l&rsquo;\u00e9nergie \u00e9olienne","link":"https:\/\/www.immo-invest.ch\/fr\/fuenf-kantone-brechen-lanze-fuer-windenergie\/"}],"featured_image_src":"https:\/\/www.immo-invest.ch\/wp-content\/uploads\/2024\/09\/Unbenannt-17-336x168.png","_links":{"self":[{"href":"https:\/\/www.immo-invest.ch\/fr\/wp-json\/wp\/v2\/posts\/113890","targetHints":{"allow":["GET"]}}],"collection":[{"href":"https:\/\/www.immo-invest.ch\/fr\/wp-json\/wp\/v2\/posts"}],"about":[{"href":"https:\/\/www.immo-invest.ch\/fr\/wp-json\/wp\/v2\/types\/post"}],"author":[{"embeddable":true,"href":"https:\/\/www.immo-invest.ch\/fr\/wp-json\/wp\/v2\/users\/2"}],"replies":[{"embeddable":true,"href":"https:\/\/www.immo-invest.ch\/fr\/wp-json\/wp\/v2\/comments?post=113890"}],"version-history":[{"count":0,"href":"https:\/\/www.immo-invest.ch\/fr\/wp-json\/wp\/v2\/posts\/113890\/revisions"}],"wp:featuredmedia":[{"embeddable":true,"href":"https:\/\/www.immo-invest.ch\/fr\/wp-json\/wp\/v2\/media\/113885"}],"wp:attachment":[{"href":"https:\/\/www.immo-invest.ch\/fr\/wp-json\/wp\/v2\/media?parent=113890"}],"wp:term":[{"taxonomy":"category","embeddable":true,"href":"https:\/\/www.immo-invest.ch\/fr\/wp-json\/wp\/v2\/categories?post=113890"},{"taxonomy":"post_tag","embeddable":true,"href":"https:\/\/www.immo-invest.ch\/fr\/wp-json\/wp\/v2\/tags?post=113890"}],"curies":[{"name":"wp","href":"https:\/\/api.w.org\/{rel}","templated":true}]}}