{"id":113806,"date":"2024-09-11T13:48:11","date_gmt":"2024-09-11T11:48:11","guid":{"rendered":"https:\/\/www.immo-invest.ch\/?p=113806"},"modified":"2024-09-11T09:53:37","modified_gmt":"2024-09-11T07:53:37","slug":"primarschule-degersheim-setzt-auf-lista-office-lo","status":"publish","type":"post","link":"https:\/\/www.immo-invest.ch\/fr\/primarschule-degersheim-setzt-auf-lista-office-lo\/","title":{"rendered":"L&rsquo;\u00e9cole primaire de Degersheim mise sur Lista Office LO"},"content":{"rendered":"<p class=\"bodytext\"><a href=\"https:\/\/www.lista-office.com\/de\/business-solutions\/ueber-lista-office-lo\/\" target=\"_blank\" rel=\"noopener\">Lista Office LO<\/a> a meubl&eacute; quatre salles de classe de l&rsquo;<a href=\"https:\/\/www.schule-degersheim.ch\/\" target=\"_blank\" rel=\"noopener\">&eacute;cole primaire de Degersheim<\/a> &agrave; temps pour la rentr&eacute;e scolaire de la mi-ao&ucirc;t, informe dans un communiqu&eacute; l&rsquo;&eacute;quipementier de bureau international &eacute;tabli dans la m&ecirc;me localit&eacute;. L&rsquo;ameublement agile de l&rsquo;&eacute;cole Steinegg doit permettre de trouver de nouvelles voies pour un enseignement cr&eacute;atif et un apprentissage motiv&eacute;, explique Lista Office LO dans la <a href=\"https:\/\/www.lista-office.com\/de\/business-solutions\/inspiration\/referenzen\/primarschule-degersheim\/\" target=\"_blank\" rel=\"noopener\">description du projet<\/a>. &laquo;&nbsp;L&rsquo;enseignement contemporain se base sur une diversit&eacute; de m&eacute;thodes dans la didactique&nbsp;&raquo;, y est cit&eacute; le directeur de l&rsquo;&eacute;cole Stefan G&uuml;beli. &laquo;&nbsp;Avec le nouveau mobilier, cette diversit&eacute; peut &ecirc;tre v&eacute;cue en toute simplicit&eacute;&nbsp;&raquo;<\/p>\n<p class=\"bodytext\">Pour l&rsquo;enseignante de la classe, Madlene Keller, il est important de pouvoir mettre en &oelig;uvre diff&eacute;rentes formes d&rsquo;apprentissage sans devoir proc&eacute;der &agrave; de grands am&eacute;nagements. &laquo;&nbsp;Pour cela, il est important de ne pas d&eacute;ranger les autres enfants pendant l&rsquo;installation des settings d&rsquo;apprentissage&nbsp;&raquo;, explique Mme Keller, cit&eacute;e dans le communiqu&eacute;. &laquo;&nbsp;Le mobilier id&eacute;al doit donc pouvoir &ecirc;tre d&eacute;plac&eacute; et r&eacute;organis&eacute; rapidement, silencieusement et facilement, aussi bien par les enseignants que par les &eacute;l&egrave;ves&nbsp;&raquo;<\/p>\n<p class=\"bodytext\">Lors du r&eacute;am&eacute;nagement &agrave; Degersheim, l&rsquo;&eacute;cole primaire a pu tester en d&eacute;tail diff&eacute;rents meubles avant de les acheter. &laquo;&nbsp;Cela nous a donn&eacute; la certitude que nos &eacute;l&egrave;ves pouvaient bien travailler avec le nouveau mobilier et qu&rsquo;ils avaient envie de travailler&nbsp;&raquo;, explique Keller. &laquo;&nbsp;Ce que je constate avec le nouveau mobilier, c&rsquo;est que l&rsquo;atmosph&egrave;re des salles de classe a chang&eacute; de mani&egrave;re perceptible&nbsp;&raquo; Concr&egrave;tement, la ma&icirc;tresse de classe constate un am&eacute;nagement g&eacute;n&eacute;ral plus a&eacute;r&eacute; et plus l&eacute;ger, avec de nombreux espaces libres. Cela a, selon elle, &laquo;&nbsp;un effet positif sensible sur la pens&eacute;e et la motivation des &eacute;l&egrave;ves&nbsp;&raquo;.<\/p>\n","protected":false},"excerpt":{"rendered":"<p>Lista Office LO a remeubl\u00e9 l&rsquo;\u00e9cole primaire de Degersheim \u00e0 temps pour la rentr\u00e9e scolaire. L&rsquo;ameublement flexible doit favoriser un enseignement cr\u00e9atif et un apprentissage motiv\u00e9 en permettant d&rsquo;adapter facilement les salles d&rsquo;\u00e9tude aux diff\u00e9rentes formes d&rsquo;enseignement.<\/p>\n","protected":false},"author":2,"featured_media":113801,"comment_status":"open","ping_status":"open","sticky":false,"template":"","format":"standard","meta":{"pmpro_default_level":"","inline_featured_image":false,"_monsterinsights_skip_tracking":false,"footnotes":""},"categories":[4464,743,739,9442],"tags":[872,3931,49522,2002,49523],"class_list":["post-113806","post","type-post","status-publish","format-standard","has-post-thumbnail","hentry","category-gens","category-immonews-fr","category-projects","category-region-saint-gall","tag-immoinvest-fr","tag-immonews-fr","tag-kreatives-lernen-fr","tag-news-fr","tag-schulmoblierung-fr","pmpro-has-access"],"acf":{"bild_mit_ki_erstellt_worden":[],"lead":"Lista Office LO a am\u00e9nag\u00e9 l'\u00e9cole primaire de Degersheim juste \u00e0 temps pour la rentr\u00e9e scolaire. Le mobilier flexible vise \u00e0 favoriser un enseignement cr\u00e9atif et un apprentissage motiv\u00e9 en permettant une adaptation facile des salles de classe \u00e0 diff\u00e9rentes m\u00e9thodes d'enseignement.","autor":"ce\/hs","ort":"Degersheim SG","bildunterschrift":"","bild_im_grid":false,"gallerie":"","newsim":""},"aioseo_notices":[],"aioseo_head":"\n\t\t<!-- All in One SEO 5.0.0.1 - aioseo.com -->\n\t<meta name=\"description\" content=\"Lista Office LO a remeubl\u00e9 l&#039;\u00e9cole primaire de Degersheim \u00e0 temps pour la rentr\u00e9e scolaire. L&#039;ameublement flexible doit favoriser un enseignement cr\u00e9atif et un apprentissage motiv\u00e9 en permettant d&#039;adapter facilement les salles d&#039;\u00e9tude aux diff\u00e9rentes formes d&#039;enseignement.\" \/>\n\t<meta name=\"robots\" content=\"max-image-preview:large\" \/>\n\t<meta name=\"author\" content=\"immovestuser\"\/>\n\t<meta name=\"google-site-verification\" content=\"fHJKvgWpZCR2zVBHWfkQeFXC11qieUSff0HGNYfuyLA\" \/>\n\t<link rel=\"canonical\" href=\"https:\/\/www.immo-invest.ch\/fr\/primarschule-degersheim-setzt-auf-lista-office-lo\/\" \/>\n\t<meta name=\"generator\" content=\"All in One SEO (AIOSEO) 5.0.0.1\" \/>\n\t\t<meta property=\"og:locale\" content=\"fr_FR\" \/>\n\t\t<meta property=\"og:site_name\" content=\"immo!nvest - Die Plattform f\u00fcr Standorte und Immobilien - Die\u00a0Plattform f\u00fcr Standorte und Immobilien\" \/>\n\t\t<meta property=\"og:type\" content=\"article\" \/>\n\t\t<meta property=\"og:title\" content=\"L\u2019\u00e9cole primaire de Degersheim mise sur Lista Office LO - immo!nvest - Die Plattform f\u00fcr Standorte und Immobilien\" \/>\n\t\t<meta property=\"og:description\" content=\"Lista Office LO a remeubl\u00e9 l&#039;\u00e9cole primaire de Degersheim \u00e0 temps pour la rentr\u00e9e scolaire. L&#039;ameublement flexible doit favoriser un enseignement cr\u00e9atif et un apprentissage motiv\u00e9 en permettant d&#039;adapter facilement les salles d&#039;\u00e9tude aux diff\u00e9rentes formes d&#039;enseignement.\" \/>\n\t\t<meta property=\"og:url\" content=\"https:\/\/www.immo-invest.ch\/fr\/primarschule-degersheim-setzt-auf-lista-office-lo\/\" \/>\n\t\t<meta property=\"og:image\" content=\"https:\/\/www.immo-invest.ch\/wp-content\/uploads\/2024\/09\/Unbenannt-11.png\" \/>\n\t\t<meta property=\"og:image:secure_url\" content=\"https:\/\/www.immo-invest.ch\/wp-content\/uploads\/2024\/09\/Unbenannt-11.png\" \/>\n\t\t<meta property=\"og:image:width\" content=\"1792\" \/>\n\t\t<meta property=\"og:image:height\" content=\"1024\" \/>\n\t\t<meta property=\"article:published_time\" content=\"2024-09-11T11:48:11+00:00\" \/>\n\t\t<meta property=\"article:modified_time\" content=\"2024-09-11T07:53:37+00:00\" \/>\n\t\t<meta property=\"article:publisher\" content=\"https:\/\/www.facebook.com\/people\/Immoinvest\/100077962920504\/\" \/>\n\t\t<meta name=\"twitter:card\" content=\"summary_large_image\" \/>\n\t\t<meta name=\"twitter:site\" content=\"@i\" \/>\n\t\t<meta name=\"twitter:title\" content=\"L\u2019\u00e9cole primaire de Degersheim mise sur Lista Office LO - immo!nvest - Die Plattform f\u00fcr Standorte und Immobilien\" \/>\n\t\t<meta name=\"twitter:description\" content=\"Lista Office LO a remeubl\u00e9 l&#039;\u00e9cole primaire de Degersheim \u00e0 temps pour la rentr\u00e9e scolaire. L&#039;ameublement flexible doit favoriser un enseignement cr\u00e9atif et un apprentissage motiv\u00e9 en permettant d&#039;adapter facilement les salles d&#039;\u00e9tude aux diff\u00e9rentes formes d&#039;enseignement.\" \/>\n\t\t<meta name=\"twitter:creator\" content=\"@i\" \/>\n\t\t<meta name=\"twitter:image\" content=\"https:\/\/www.immo-invest.ch\/wp-content\/uploads\/2024\/09\/Unbenannt-11.png\" \/>\n\t\t<script type=\"application\/ld+json\" class=\"aioseo-schema\">\n\t\t\t{\"@context\":\"https:\\\/\\\/schema.org\",\"@graph\":[{\"@type\":\"BlogPosting\",\"@id\":\"https:\\\/\\\/www.immo-invest.ch\\\/fr\\\/primarschule-degersheim-setzt-auf-lista-office-lo\\\/#blogposting\",\"name\":\"L\\u2019\\u00e9cole primaire de Degersheim mise sur Lista Office LO - immo!nvest - Die Plattform f\\u00fcr Standorte und Immobilien\",\"headline\":\"L&rsquo;\\u00e9cole primaire de Degersheim mise sur Lista Office LO\",\"author\":{\"@id\":\"https:\\\/\\\/www.immo-invest.ch\\\/fr\\\/author\\\/immovestuser\\\/#author\"},\"publisher\":{\"@id\":\"https:\\\/\\\/www.immo-invest.ch\\\/fr\\\/#organization\"},\"image\":{\"@type\":\"ImageObject\",\"url\":\"https:\\\/\\\/www.immo-invest.ch\\\/wp-content\\\/uploads\\\/2024\\\/09\\\/Unbenannt-11.png\",\"width\":1792,\"height\":1024},\"datePublished\":\"2024-09-11T13:48:11+02:00\",\"dateModified\":\"2024-09-11T09:53:37+02:00\",\"inLanguage\":\"fr-FR\",\"mainEntityOfPage\":{\"@id\":\"https:\\\/\\\/www.immo-invest.ch\\\/fr\\\/primarschule-degersheim-setzt-auf-lista-office-lo\\\/#webpage\"},\"isPartOf\":{\"@id\":\"https:\\\/\\\/www.immo-invest.ch\\\/fr\\\/primarschule-degersheim-setzt-auf-lista-office-lo\\\/#webpage\"},\"articleSection\":\"Gens, immoNews, Projects, Saint-Gall, Immoinvest, immoNews, kreatives Lernen, News, Schulm\\u00f6blierung, Facultatif\"},{\"@type\":\"BreadcrumbList\",\"@id\":\"https:\\\/\\\/www.immo-invest.ch\\\/fr\\\/primarschule-degersheim-setzt-auf-lista-office-lo\\\/#breadcrumblist\",\"itemListElement\":[{\"@type\":\"ListItem\",\"@id\":\"https:\\\/\\\/www.immo-invest.ch\\\/fr\\\/#listItem\",\"position\":1,\"name\":\"Home\",\"item\":\"https:\\\/\\\/www.immo-invest.ch\\\/fr\\\/\",\"nextItem\":{\"@type\":\"ListItem\",\"@id\":\"https:\\\/\\\/www.immo-invest.ch\\\/fr\\\/categories\\\/regions\\\/#listItem\",\"name\":\"R\\u00e9gions\"}},{\"@type\":\"ListItem\",\"@id\":\"https:\\\/\\\/www.immo-invest.ch\\\/fr\\\/categories\\\/regions\\\/#listItem\",\"position\":2,\"name\":\"R\\u00e9gions\",\"item\":\"https:\\\/\\\/www.immo-invest.ch\\\/fr\\\/categories\\\/regions\\\/\",\"nextItem\":{\"@type\":\"ListItem\",\"@id\":\"https:\\\/\\\/www.immo-invest.ch\\\/fr\\\/categories\\\/regions\\\/suisse\\\/#listItem\",\"name\":\"Suisse\"},\"previousItem\":{\"@type\":\"ListItem\",\"@id\":\"https:\\\/\\\/www.immo-invest.ch\\\/fr\\\/#listItem\",\"name\":\"Home\"}},{\"@type\":\"ListItem\",\"@id\":\"https:\\\/\\\/www.immo-invest.ch\\\/fr\\\/categories\\\/regions\\\/suisse\\\/#listItem\",\"position\":3,\"name\":\"Suisse\",\"item\":\"https:\\\/\\\/www.immo-invest.ch\\\/fr\\\/categories\\\/regions\\\/suisse\\\/\",\"nextItem\":{\"@type\":\"ListItem\",\"@id\":\"https:\\\/\\\/www.immo-invest.ch\\\/fr\\\/categories\\\/regions\\\/suisse\\\/suisse-orientale\\\/#listItem\",\"name\":\"Suisse orientale\"},\"previousItem\":{\"@type\":\"ListItem\",\"@id\":\"https:\\\/\\\/www.immo-invest.ch\\\/fr\\\/categories\\\/regions\\\/#listItem\",\"name\":\"R\\u00e9gions\"}},{\"@type\":\"ListItem\",\"@id\":\"https:\\\/\\\/www.immo-invest.ch\\\/fr\\\/categories\\\/regions\\\/suisse\\\/suisse-orientale\\\/#listItem\",\"position\":4,\"name\":\"Suisse orientale\",\"item\":\"https:\\\/\\\/www.immo-invest.ch\\\/fr\\\/categories\\\/regions\\\/suisse\\\/suisse-orientale\\\/\",\"nextItem\":{\"@type\":\"ListItem\",\"@id\":\"https:\\\/\\\/www.immo-invest.ch\\\/fr\\\/categories\\\/regions\\\/suisse\\\/suisse-orientale\\\/region-saint-gall\\\/#listItem\",\"name\":\"Saint-Gall\"},\"previousItem\":{\"@type\":\"ListItem\",\"@id\":\"https:\\\/\\\/www.immo-invest.ch\\\/fr\\\/categories\\\/regions\\\/suisse\\\/#listItem\",\"name\":\"Suisse\"}},{\"@type\":\"ListItem\",\"@id\":\"https:\\\/\\\/www.immo-invest.ch\\\/fr\\\/categories\\\/regions\\\/suisse\\\/suisse-orientale\\\/region-saint-gall\\\/#listItem\",\"position\":5,\"name\":\"Saint-Gall\",\"item\":\"https:\\\/\\\/www.immo-invest.ch\\\/fr\\\/categories\\\/regions\\\/suisse\\\/suisse-orientale\\\/region-saint-gall\\\/\",\"nextItem\":{\"@type\":\"ListItem\",\"@id\":\"https:\\\/\\\/www.immo-invest.ch\\\/fr\\\/primarschule-degersheim-setzt-auf-lista-office-lo\\\/#listItem\",\"name\":\"L&rsquo;\\u00e9cole primaire de Degersheim mise sur Lista Office LO\"},\"previousItem\":{\"@type\":\"ListItem\",\"@id\":\"https:\\\/\\\/www.immo-invest.ch\\\/fr\\\/categories\\\/regions\\\/suisse\\\/suisse-orientale\\\/#listItem\",\"name\":\"Suisse orientale\"}},{\"@type\":\"ListItem\",\"@id\":\"https:\\\/\\\/www.immo-invest.ch\\\/fr\\\/primarschule-degersheim-setzt-auf-lista-office-lo\\\/#listItem\",\"position\":6,\"name\":\"L&rsquo;\\u00e9cole primaire de Degersheim mise sur Lista Office LO\",\"previousItem\":{\"@type\":\"ListItem\",\"@id\":\"https:\\\/\\\/www.immo-invest.ch\\\/fr\\\/categories\\\/regions\\\/suisse\\\/suisse-orientale\\\/region-saint-gall\\\/#listItem\",\"name\":\"Saint-Gall\"}}]},{\"@type\":\"Organization\",\"@id\":\"https:\\\/\\\/www.immo-invest.ch\\\/fr\\\/#organization\",\"name\":\"immo!nvest - Die Plattform f\\u00fcr Standorte und Immobilien\",\"description\":\"Die\\u00a0Plattform f\\u00fcr Standorte und Immobilien\",\"url\":\"https:\\\/\\\/www.immo-invest.ch\\\/fr\\\/\",\"email\":\"admin@immomedia.ag\",\"telephone\":\"+41444420002\",\"logo\":{\"@type\":\"ImageObject\",\"url\":\"https:\\\/\\\/www.immo-invest.ch\\\/wp-content\\\/uploads\\\/2024\\\/09\\\/immoinvest_sm-scaled.jpg\",\"@id\":\"https:\\\/\\\/www.immo-invest.ch\\\/fr\\\/primarschule-degersheim-setzt-auf-lista-office-lo\\\/#organizationLogo\",\"width\":2560,\"height\":1340},\"image\":{\"@id\":\"https:\\\/\\\/www.immo-invest.ch\\\/fr\\\/primarschule-degersheim-setzt-auf-lista-office-lo\\\/#organizationLogo\"},\"sameAs\":[\"https:\\\/\\\/www.facebook.com\\\/people\\\/Immoinvest\\\/100077962920504\\\/\",\"https:\\\/\\\/x.com\\\/i\\\/flow\\\/login?redirect_after_login=immoinvest_ch\",\"https:\\\/\\\/www.instagram.com\\\/immoinvest_ch\\\/\",\"https:\\\/\\\/www.linkedin.com\\\/company\\\/immoinvest-swiss\"]},{\"@type\":\"Person\",\"@id\":\"https:\\\/\\\/www.immo-invest.ch\\\/fr\\\/author\\\/immovestuser\\\/#author\",\"url\":\"https:\\\/\\\/www.immo-invest.ch\\\/fr\\\/author\\\/immovestuser\\\/\",\"name\":\"immovestuser\",\"image\":{\"@type\":\"ImageObject\",\"@id\":\"https:\\\/\\\/www.immo-invest.ch\\\/fr\\\/primarschule-degersheim-setzt-auf-lista-office-lo\\\/#authorImage\",\"url\":\"https:\\\/\\\/secure.gravatar.com\\\/avatar\\\/8e01f4d99f2eeea7a362ebb93305e1172a70e9293ba250f897a65c39f54cdd1e?s=96&d=mm&r=g\",\"width\":96,\"height\":96,\"caption\":\"immovestuser\"}},{\"@type\":\"WebPage\",\"@id\":\"https:\\\/\\\/www.immo-invest.ch\\\/fr\\\/primarschule-degersheim-setzt-auf-lista-office-lo\\\/#webpage\",\"url\":\"https:\\\/\\\/www.immo-invest.ch\\\/fr\\\/primarschule-degersheim-setzt-auf-lista-office-lo\\\/\",\"name\":\"L\\u2019\\u00e9cole primaire de Degersheim mise sur Lista Office LO - immo!nvest - Die Plattform f\\u00fcr Standorte und Immobilien\",\"description\":\"Lista Office LO a remeubl\\u00e9 l'\\u00e9cole primaire de Degersheim \\u00e0 temps pour la rentr\\u00e9e scolaire. L'ameublement flexible doit favoriser un enseignement cr\\u00e9atif et un apprentissage motiv\\u00e9 en permettant d'adapter facilement les salles d'\\u00e9tude aux diff\\u00e9rentes formes d'enseignement.\",\"inLanguage\":\"fr-FR\",\"isPartOf\":{\"@id\":\"https:\\\/\\\/www.immo-invest.ch\\\/fr\\\/#website\"},\"breadcrumb\":{\"@id\":\"https:\\\/\\\/www.immo-invest.ch\\\/fr\\\/primarschule-degersheim-setzt-auf-lista-office-lo\\\/#breadcrumblist\"},\"author\":{\"@id\":\"https:\\\/\\\/www.immo-invest.ch\\\/fr\\\/author\\\/immovestuser\\\/#author\"},\"creator\":{\"@id\":\"https:\\\/\\\/www.immo-invest.ch\\\/fr\\\/author\\\/immovestuser\\\/#author\"},\"image\":{\"@type\":\"ImageObject\",\"url\":\"https:\\\/\\\/www.immo-invest.ch\\\/wp-content\\\/uploads\\\/2024\\\/09\\\/Unbenannt-11.png\",\"@id\":\"https:\\\/\\\/www.immo-invest.ch\\\/fr\\\/primarschule-degersheim-setzt-auf-lista-office-lo\\\/#mainImage\",\"width\":1792,\"height\":1024},\"primaryImageOfPage\":{\"@id\":\"https:\\\/\\\/www.immo-invest.ch\\\/fr\\\/primarschule-degersheim-setzt-auf-lista-office-lo\\\/#mainImage\"},\"datePublished\":\"2024-09-11T13:48:11+02:00\",\"dateModified\":\"2024-09-11T09:53:37+02:00\"},{\"@type\":\"WebSite\",\"@id\":\"https:\\\/\\\/www.immo-invest.ch\\\/fr\\\/#website\",\"url\":\"https:\\\/\\\/www.immo-invest.ch\\\/fr\\\/\",\"name\":\"immo!nvest - Die Plattform f\\u00fcr Standorte und Immobilien\",\"description\":\"Die\\u00a0Plattform f\\u00fcr Standorte und Immobilien\",\"inLanguage\":\"fr-FR\",\"publisher\":{\"@id\":\"https:\\\/\\\/www.immo-invest.ch\\\/fr\\\/#organization\"}}]}\n\t\t<\/script>\n\t\t<!-- All in One SEO -->\n\n","aioseo_head_json":{"title":"L\u2019\u00e9cole primaire de Degersheim mise sur Lista Office LO - immo!nvest - Die Plattform f\u00fcr Standorte und Immobilien","description":"Lista Office LO a remeubl\u00e9 l'\u00e9cole primaire de Degersheim \u00e0 temps pour la rentr\u00e9e scolaire. L'ameublement flexible doit favoriser un enseignement cr\u00e9atif et un apprentissage motiv\u00e9 en permettant d'adapter facilement les salles d'\u00e9tude aux diff\u00e9rentes formes d'enseignement.","canonical_url":"https:\/\/www.immo-invest.ch\/fr\/primarschule-degersheim-setzt-auf-lista-office-lo\/","robots":"max-image-preview:large","keywords":"","webmasterTools":{"google-site-verification":"fHJKvgWpZCR2zVBHWfkQeFXC11qieUSff0HGNYfuyLA","miscellaneous":""},"schema":{"@context":"https:\/\/schema.org","@graph":[{"@type":"BlogPosting","@id":"https:\/\/www.immo-invest.ch\/fr\/primarschule-degersheim-setzt-auf-lista-office-lo\/#blogposting","name":"L\u2019\u00e9cole primaire de Degersheim mise sur Lista Office LO - immo!nvest - Die Plattform f\u00fcr Standorte und Immobilien","headline":"L&rsquo;\u00e9cole primaire de Degersheim mise sur Lista Office LO","author":{"@id":"https:\/\/www.immo-invest.ch\/fr\/author\/immovestuser\/#author"},"publisher":{"@id":"https:\/\/www.immo-invest.ch\/fr\/#organization"},"image":{"@type":"ImageObject","url":"https:\/\/www.immo-invest.ch\/wp-content\/uploads\/2024\/09\/Unbenannt-11.png","width":1792,"height":1024},"datePublished":"2024-09-11T13:48:11+02:00","dateModified":"2024-09-11T09:53:37+02:00","inLanguage":"fr-FR","mainEntityOfPage":{"@id":"https:\/\/www.immo-invest.ch\/fr\/primarschule-degersheim-setzt-auf-lista-office-lo\/#webpage"},"isPartOf":{"@id":"https:\/\/www.immo-invest.ch\/fr\/primarschule-degersheim-setzt-auf-lista-office-lo\/#webpage"},"articleSection":"Gens, immoNews, Projects, Saint-Gall, Immoinvest, immoNews, kreatives Lernen, News, Schulm\u00f6blierung, Facultatif"},{"@type":"BreadcrumbList","@id":"https:\/\/www.immo-invest.ch\/fr\/primarschule-degersheim-setzt-auf-lista-office-lo\/#breadcrumblist","itemListElement":[{"@type":"ListItem","@id":"https:\/\/www.immo-invest.ch\/fr\/#listItem","position":1,"name":"Home","item":"https:\/\/www.immo-invest.ch\/fr\/","nextItem":{"@type":"ListItem","@id":"https:\/\/www.immo-invest.ch\/fr\/categories\/regions\/#listItem","name":"R\u00e9gions"}},{"@type":"ListItem","@id":"https:\/\/www.immo-invest.ch\/fr\/categories\/regions\/#listItem","position":2,"name":"R\u00e9gions","item":"https:\/\/www.immo-invest.ch\/fr\/categories\/regions\/","nextItem":{"@type":"ListItem","@id":"https:\/\/www.immo-invest.ch\/fr\/categories\/regions\/suisse\/#listItem","name":"Suisse"},"previousItem":{"@type":"ListItem","@id":"https:\/\/www.immo-invest.ch\/fr\/#listItem","name":"Home"}},{"@type":"ListItem","@id":"https:\/\/www.immo-invest.ch\/fr\/categories\/regions\/suisse\/#listItem","position":3,"name":"Suisse","item":"https:\/\/www.immo-invest.ch\/fr\/categories\/regions\/suisse\/","nextItem":{"@type":"ListItem","@id":"https:\/\/www.immo-invest.ch\/fr\/categories\/regions\/suisse\/suisse-orientale\/#listItem","name":"Suisse orientale"},"previousItem":{"@type":"ListItem","@id":"https:\/\/www.immo-invest.ch\/fr\/categories\/regions\/#listItem","name":"R\u00e9gions"}},{"@type":"ListItem","@id":"https:\/\/www.immo-invest.ch\/fr\/categories\/regions\/suisse\/suisse-orientale\/#listItem","position":4,"name":"Suisse orientale","item":"https:\/\/www.immo-invest.ch\/fr\/categories\/regions\/suisse\/suisse-orientale\/","nextItem":{"@type":"ListItem","@id":"https:\/\/www.immo-invest.ch\/fr\/categories\/regions\/suisse\/suisse-orientale\/region-saint-gall\/#listItem","name":"Saint-Gall"},"previousItem":{"@type":"ListItem","@id":"https:\/\/www.immo-invest.ch\/fr\/categories\/regions\/suisse\/#listItem","name":"Suisse"}},{"@type":"ListItem","@id":"https:\/\/www.immo-invest.ch\/fr\/categories\/regions\/suisse\/suisse-orientale\/region-saint-gall\/#listItem","position":5,"name":"Saint-Gall","item":"https:\/\/www.immo-invest.ch\/fr\/categories\/regions\/suisse\/suisse-orientale\/region-saint-gall\/","nextItem":{"@type":"ListItem","@id":"https:\/\/www.immo-invest.ch\/fr\/primarschule-degersheim-setzt-auf-lista-office-lo\/#listItem","name":"L&rsquo;\u00e9cole primaire de Degersheim mise sur Lista Office LO"},"previousItem":{"@type":"ListItem","@id":"https:\/\/www.immo-invest.ch\/fr\/categories\/regions\/suisse\/suisse-orientale\/#listItem","name":"Suisse orientale"}},{"@type":"ListItem","@id":"https:\/\/www.immo-invest.ch\/fr\/primarschule-degersheim-setzt-auf-lista-office-lo\/#listItem","position":6,"name":"L&rsquo;\u00e9cole primaire de Degersheim mise sur Lista Office LO","previousItem":{"@type":"ListItem","@id":"https:\/\/www.immo-invest.ch\/fr\/categories\/regions\/suisse\/suisse-orientale\/region-saint-gall\/#listItem","name":"Saint-Gall"}}]},{"@type":"Organization","@id":"https:\/\/www.immo-invest.ch\/fr\/#organization","name":"immo!nvest - Die Plattform f\u00fcr Standorte und Immobilien","description":"Die\u00a0Plattform f\u00fcr Standorte und Immobilien","url":"https:\/\/www.immo-invest.ch\/fr\/","email":"admin@immomedia.ag","telephone":"+41444420002","logo":{"@type":"ImageObject","url":"https:\/\/www.immo-invest.ch\/wp-content\/uploads\/2024\/09\/immoinvest_sm-scaled.jpg","@id":"https:\/\/www.immo-invest.ch\/fr\/primarschule-degersheim-setzt-auf-lista-office-lo\/#organizationLogo","width":2560,"height":1340},"image":{"@id":"https:\/\/www.immo-invest.ch\/fr\/primarschule-degersheim-setzt-auf-lista-office-lo\/#organizationLogo"},"sameAs":["https:\/\/www.facebook.com\/people\/Immoinvest\/100077962920504\/","https:\/\/x.com\/i\/flow\/login?redirect_after_login=immoinvest_ch","https:\/\/www.instagram.com\/immoinvest_ch\/","https:\/\/www.linkedin.com\/company\/immoinvest-swiss"]},{"@type":"Person","@id":"https:\/\/www.immo-invest.ch\/fr\/author\/immovestuser\/#author","url":"https:\/\/www.immo-invest.ch\/fr\/author\/immovestuser\/","name":"immovestuser","image":{"@type":"ImageObject","@id":"https:\/\/www.immo-invest.ch\/fr\/primarschule-degersheim-setzt-auf-lista-office-lo\/#authorImage","url":"https:\/\/secure.gravatar.com\/avatar\/8e01f4d99f2eeea7a362ebb93305e1172a70e9293ba250f897a65c39f54cdd1e?s=96&d=mm&r=g","width":96,"height":96,"caption":"immovestuser"}},{"@type":"WebPage","@id":"https:\/\/www.immo-invest.ch\/fr\/primarschule-degersheim-setzt-auf-lista-office-lo\/#webpage","url":"https:\/\/www.immo-invest.ch\/fr\/primarschule-degersheim-setzt-auf-lista-office-lo\/","name":"L\u2019\u00e9cole primaire de Degersheim mise sur Lista Office LO - immo!nvest - Die Plattform f\u00fcr Standorte und Immobilien","description":"Lista Office LO a remeubl\u00e9 l'\u00e9cole primaire de Degersheim \u00e0 temps pour la rentr\u00e9e scolaire. L'ameublement flexible doit favoriser un enseignement cr\u00e9atif et un apprentissage motiv\u00e9 en permettant d'adapter facilement les salles d'\u00e9tude aux diff\u00e9rentes formes d'enseignement.","inLanguage":"fr-FR","isPartOf":{"@id":"https:\/\/www.immo-invest.ch\/fr\/#website"},"breadcrumb":{"@id":"https:\/\/www.immo-invest.ch\/fr\/primarschule-degersheim-setzt-auf-lista-office-lo\/#breadcrumblist"},"author":{"@id":"https:\/\/www.immo-invest.ch\/fr\/author\/immovestuser\/#author"},"creator":{"@id":"https:\/\/www.immo-invest.ch\/fr\/author\/immovestuser\/#author"},"image":{"@type":"ImageObject","url":"https:\/\/www.immo-invest.ch\/wp-content\/uploads\/2024\/09\/Unbenannt-11.png","@id":"https:\/\/www.immo-invest.ch\/fr\/primarschule-degersheim-setzt-auf-lista-office-lo\/#mainImage","width":1792,"height":1024},"primaryImageOfPage":{"@id":"https:\/\/www.immo-invest.ch\/fr\/primarschule-degersheim-setzt-auf-lista-office-lo\/#mainImage"},"datePublished":"2024-09-11T13:48:11+02:00","dateModified":"2024-09-11T09:53:37+02:00"},{"@type":"WebSite","@id":"https:\/\/www.immo-invest.ch\/fr\/#website","url":"https:\/\/www.immo-invest.ch\/fr\/","name":"immo!nvest - Die Plattform f\u00fcr Standorte und Immobilien","description":"Die\u00a0Plattform f\u00fcr Standorte und Immobilien","inLanguage":"fr-FR","publisher":{"@id":"https:\/\/www.immo-invest.ch\/fr\/#organization"}}]},"og:locale":"fr_FR","og:site_name":"immo!nvest - Die Plattform f\u00fcr Standorte und Immobilien - Die\u00a0Plattform f\u00fcr Standorte und Immobilien","og:type":"article","og:title":"L\u2019\u00e9cole primaire de Degersheim mise sur Lista Office LO - immo!nvest - Die Plattform f\u00fcr Standorte und Immobilien","og:description":"Lista Office LO a remeubl\u00e9 l'\u00e9cole primaire de Degersheim \u00e0 temps pour la rentr\u00e9e scolaire. L'ameublement flexible doit favoriser un enseignement cr\u00e9atif et un apprentissage motiv\u00e9 en permettant d'adapter facilement les salles d'\u00e9tude aux diff\u00e9rentes formes d'enseignement.","og:url":"https:\/\/www.immo-invest.ch\/fr\/primarschule-degersheim-setzt-auf-lista-office-lo\/","og:image":"https:\/\/www.immo-invest.ch\/wp-content\/uploads\/2024\/09\/Unbenannt-11.png","og:image:secure_url":"https:\/\/www.immo-invest.ch\/wp-content\/uploads\/2024\/09\/Unbenannt-11.png","og:image:width":1792,"og:image:height":1024,"article:published_time":"2024-09-11T11:48:11+00:00","article:modified_time":"2024-09-11T07:53:37+00:00","article:publisher":"https:\/\/www.facebook.com\/people\/Immoinvest\/100077962920504\/","twitter:card":"summary_large_image","twitter:site":"@i","twitter:title":"L\u2019\u00e9cole primaire de Degersheim mise sur Lista Office LO - immo!nvest - Die Plattform f\u00fcr Standorte und Immobilien","twitter:description":"Lista Office LO a remeubl\u00e9 l'\u00e9cole primaire de Degersheim \u00e0 temps pour la rentr\u00e9e scolaire. L'ameublement flexible doit favoriser un enseignement cr\u00e9atif et un apprentissage motiv\u00e9 en permettant d'adapter facilement les salles d'\u00e9tude aux diff\u00e9rentes formes d'enseignement.","twitter:creator":"@i","twitter:image":"https:\/\/www.immo-invest.ch\/wp-content\/uploads\/2024\/09\/Unbenannt-11.png"},"aioseo_meta_data":{"post_id":"113806","title":null,"description":null,"keywords":null,"keyphrases":null,"primary_term":null,"canonical_url":null,"og_title":null,"og_description":null,"og_object_type":"default","og_image_type":"default","og_image_url":null,"og_image_width":null,"og_image_height":null,"og_image_custom_url":null,"og_image_custom_fields":null,"og_video":null,"og_custom_url":null,"og_article_section":null,"og_article_tags":null,"twitter_use_og":false,"twitter_card":"default","twitter_image_type":"default","twitter_image_url":null,"twitter_image_custom_url":null,"twitter_image_custom_fields":null,"twitter_title":null,"twitter_description":null,"schema":{"blockGraphs":[],"customGraphs":[],"default":{"data":{"Article":[],"Course":[],"Dataset":[],"FAQPage":[],"Movie":[],"Person":[],"Product":[],"ProductReview":[],"Car":[],"Recipe":[],"Service":[],"SoftwareApplication":[],"WebPage":[]},"graphName":"","isEnabled":true},"graphs":[]},"schema_type":"default","schema_type_options":null,"pillar_content":false,"robots_default":true,"robots_noindex":false,"robots_noarchive":false,"robots_nosnippet":false,"robots_nofollow":false,"robots_noimageindex":false,"robots_noodp":false,"robots_notranslate":false,"robots_max_snippet":null,"robots_max_videopreview":null,"robots_max_imagepreview":"large","priority":null,"frequency":null,"local_seo":null,"breadcrumb_settings":null,"limit_modified_date":false,"ai":null,"created":"2024-09-21 02:13:58","updated":"2025-10-24 09:25:00","seo_analyzer_scan_date":null,"focus_keyword":null,"additional_keywords":null,"truseo_locale":null},"aioseo_breadcrumb":"<div class=\"aioseo-breadcrumbs\"><span class=\"aioseo-breadcrumb\">\n\t\t\t<a href=\"https:\/\/www.immo-invest.ch\/fr\/\" title=\"Home\">Home<\/a>\n\t\t<\/span><span class=\"aioseo-breadcrumb-separator\">&raquo;<\/span><span class=\"aioseo-breadcrumb\">\n\t\t\t<a href=\"https:\/\/www.immo-invest.ch\/fr\/categories\/regions\/\" title=\"R\u00e9gions\">R\u00e9gions<\/a>\n\t\t<\/span><span class=\"aioseo-breadcrumb-separator\">&raquo;<\/span><span class=\"aioseo-breadcrumb\">\n\t\t\t<a href=\"https:\/\/www.immo-invest.ch\/fr\/categories\/regions\/suisse\/\" title=\"Suisse\">Suisse<\/a>\n\t\t<\/span><span class=\"aioseo-breadcrumb-separator\">&raquo;<\/span><span class=\"aioseo-breadcrumb\">\n\t\t\t<a href=\"https:\/\/www.immo-invest.ch\/fr\/categories\/regions\/suisse\/suisse-orientale\/\" title=\"Suisse orientale\">Suisse orientale<\/a>\n\t\t<\/span><span class=\"aioseo-breadcrumb-separator\">&raquo;<\/span><span class=\"aioseo-breadcrumb\">\n\t\t\t<a href=\"https:\/\/www.immo-invest.ch\/fr\/categories\/regions\/suisse\/suisse-orientale\/region-saint-gall\/\" title=\"Saint-Gall\">Saint-Gall<\/a>\n\t\t<\/span><span class=\"aioseo-breadcrumb-separator\">&raquo;<\/span><span class=\"aioseo-breadcrumb\">\n\t\t\tL\u2019\u00e9cole primaire de Degersheim mise sur Lista Office LO\n\t\t<\/span><\/div>","aioseo_breadcrumb_json":[{"label":"Home","link":"https:\/\/www.immo-invest.ch\/fr\/"},{"label":"R\u00e9gions","link":"https:\/\/www.immo-invest.ch\/fr\/categories\/regions\/"},{"label":"Suisse","link":"https:\/\/www.immo-invest.ch\/fr\/categories\/regions\/suisse\/"},{"label":"Suisse orientale","link":"https:\/\/www.immo-invest.ch\/fr\/categories\/regions\/suisse\/suisse-orientale\/"},{"label":"Saint-Gall","link":"https:\/\/www.immo-invest.ch\/fr\/categories\/regions\/suisse\/suisse-orientale\/region-saint-gall\/"},{"label":"L&rsquo;\u00e9cole primaire de Degersheim mise sur Lista Office LO","link":"https:\/\/www.immo-invest.ch\/fr\/primarschule-degersheim-setzt-auf-lista-office-lo\/"}],"featured_image_src":"https:\/\/www.immo-invest.ch\/wp-content\/uploads\/2024\/09\/Unbenannt-11-336x168.png","_links":{"self":[{"href":"https:\/\/www.immo-invest.ch\/fr\/wp-json\/wp\/v2\/posts\/113806","targetHints":{"allow":["GET"]}}],"collection":[{"href":"https:\/\/www.immo-invest.ch\/fr\/wp-json\/wp\/v2\/posts"}],"about":[{"href":"https:\/\/www.immo-invest.ch\/fr\/wp-json\/wp\/v2\/types\/post"}],"author":[{"embeddable":true,"href":"https:\/\/www.immo-invest.ch\/fr\/wp-json\/wp\/v2\/users\/2"}],"replies":[{"embeddable":true,"href":"https:\/\/www.immo-invest.ch\/fr\/wp-json\/wp\/v2\/comments?post=113806"}],"version-history":[{"count":0,"href":"https:\/\/www.immo-invest.ch\/fr\/wp-json\/wp\/v2\/posts\/113806\/revisions"}],"wp:featuredmedia":[{"embeddable":true,"href":"https:\/\/www.immo-invest.ch\/fr\/wp-json\/wp\/v2\/media\/113801"}],"wp:attachment":[{"href":"https:\/\/www.immo-invest.ch\/fr\/wp-json\/wp\/v2\/media?parent=113806"}],"wp:term":[{"taxonomy":"category","embeddable":true,"href":"https:\/\/www.immo-invest.ch\/fr\/wp-json\/wp\/v2\/categories?post=113806"},{"taxonomy":"post_tag","embeddable":true,"href":"https:\/\/www.immo-invest.ch\/fr\/wp-json\/wp\/v2\/tags?post=113806"}],"curies":[{"name":"wp","href":"https:\/\/api.w.org\/{rel}","templated":true}]}}