{"id":113636,"date":"2024-09-10T11:36:33","date_gmt":"2024-09-10T09:36:33","guid":{"rendered":"https:\/\/www.immo-invest.ch\/ineltecschweizer-elektrobranche-feiert-ein-kraftvolles-comeback\/"},"modified":"2024-09-10T13:41:58","modified_gmt":"2024-09-10T11:41:58","slug":"ineltecschweizer-elektrobranche-feiert-ein-kraftvolles-comeback","status":"publish","type":"post","link":"https:\/\/www.immo-invest.ch\/fr\/ineltecschweizer-elektrobranche-feiert-ein-kraftvolles-comeback\/","title":{"rendered":"IneltecLe secteur suisse de l&rsquo;\u00e9lectricit\u00e9 fait un retour en force"},"content":{"rendered":"<p class=\"wp-block-paragraph\">Apr&egrave;s une interruption de sept ans, ineltec ouvre ses portes les 11 et 12 septembre et offre au secteur suisse de l&rsquo;&eacute;lectricit&eacute; un point de rencontre central. Les halles 1 et 2 de <span class=\"glossaryLink\"  aria-describedby=\"tt\"  data-cmtooltip=\"&lt;div class=glossaryItemTitle&gt;Messe&lt;\/div&gt;&lt;div class=glossaryItemBody&gt;Messen sind als Plattform f&uuml;r die Akquisition und die Pflege von Kunden &auml;ussert wirkungsvoll. Auch in der weltweit vernetzten Online-Welt sind Treffen von Angesicht zu Angesicht durch nichts zu ersetzen. Einmal ist keinmal, deshalb ist es wichtig, regelm&auml;ssig an Messen teilzunehmen, um die Kontaktqualit&auml;t stetig zu steigern und bis zum Abschluss voranzutreiben&lt;\/div&gt;\"  data-mobile-support=\"0\"  data-gt-translate-attributes='[{\"attribute\":\"data-cmtooltip\", \"format\":\"html\"}]' tabindex='0' role='link'>Messe<\/span> Z&uuml;rich attendent 162 exposantes ainsi qu&rsquo;un public averti qui pourra s&rsquo;informer sur les derniers d&eacute;veloppements et tendances sur 11 000 m&egrave;tres carr&eacute;s de surface d&rsquo;exposition.<\/p>\n\n\n\n\n\n<p class=\"wp-block-paragraph\">No&euml;lle Marti, la nouvelle directrice du salon de l&rsquo;&eacute;lectricit&eacute;, se montre enthousiaste quant &agrave; l&rsquo;&eacute;cho rencontr&eacute; : &laquo;&nbsp;Tous les participants peuvent se r&eacute;jouir de voir les halles de <span class=\"glossaryLink\"  aria-describedby=\"tt\"  data-cmtooltip=\"&lt;div class=glossaryItemTitle&gt;Messe&lt;\/div&gt;&lt;div class=glossaryItemBody&gt;Messen sind als Plattform f&uuml;r die Akquisition und die Pflege von Kunden &auml;ussert wirkungsvoll. Auch in der weltweit vernetzten Online-Welt sind Treffen von Angesicht zu Angesicht durch nichts zu ersetzen. Einmal ist keinmal, deshalb ist es wichtig, regelm&auml;ssig an Messen teilzunehmen, um die Kontaktqualit&auml;t stetig zu steigern und bis zum Abschluss voranzutreiben&lt;\/div&gt;\"  data-mobile-support=\"0\"  data-gt-translate-attributes='[{\"attribute\":\"data-cmtooltip\", \"format\":\"html\"}]' tabindex='0' role='link'>Messe<\/span> Z&uuml;rich pleines &agrave; craquer. Nous sommes submerg&eacute;s par les nombreux retours positifs et la ru&eacute;e sur les billets&nbsp;&raquo; Plus qu&rsquo;un simple salon, ineltec 2024 est une plate-forme pour le transfert de connaissances, le r&eacute;seautage et les technologies innovantes.<\/p>\n\n\n\n\n\n<p class=\"wp-block-paragraph\"><strong>L&rsquo;<span class=\"glossaryLink\" aria-describedby=\"tt\" data-cmtooltip=\"&lt;div class=glossaryItemTitle&gt;Innovation&lt;\/div&gt;&lt;div class=glossaryItemBody&gt;Innovation in der heutigen Immobilienwelt bedeutet vor allem Digitalisierung von Prozessen. Zum Beispiel das Eliminieren von Tausenden von Excel-Bl&auml;ttern f&uuml;r Portfolio- und Asset-Manager oder das Erstellen einer Anwendung (App) f&uuml;r alle Formalit&auml;ten rund um die Beziehung zwischen Immobilieneigent&uuml;mern, - verwaltung und -mietern.&lt;\/div&gt;\" data-mobile-support=\"0\" data-gt-translate-attributes='[{\"attribute\":\"data-cmtooltip\", \"format\":\"html\"}]' tabindex=\"0\" role=\"link\">innovation<\/span> et le transfert de connaissances en point de mire<br><\/strong>La nouvelle orientation d&rsquo;ineltec vise &agrave; se concentrer sur l&rsquo;essentiel. L&rsquo;<span class=\"glossaryLink\" aria-describedby=\"tt\" data-cmtooltip=\"&lt;div class=glossaryItemTitle&gt;Innovation&lt;\/div&gt;&lt;div class=glossaryItemBody&gt;Innovation in der heutigen Immobilienwelt bedeutet vor allem Digitalisierung von Prozessen. Zum Beispiel das Eliminieren von Tausenden von Excel-Bl&auml;ttern f&uuml;r Portfolio- und Asset-Manager oder das Erstellen einer Anwendung (App) f&uuml;r alle Formalit&auml;ten rund um die Beziehung zwischen Immobilieneigent&uuml;mern, - verwaltung und -mietern.&lt;\/div&gt;\" data-mobile-support=\"0\" data-gt-translate-attributes='[{\"attribute\":\"data-cmtooltip\", \"format\":\"html\"}]' tabindex=\"0\" role=\"link\">innovation<\/span>, le transfert de connaissances et l&rsquo;&eacute;change direct entre les personnes et les technologies. Contrairement aux ann&eacute;es pr&eacute;c&eacute;dentes, on a d&eacute;lib&eacute;r&eacute;ment renonc&eacute; &agrave; des surfaces de stand surdimensionn&eacute;es afin de rendre la manifestation plus compacte et plus cibl&eacute;e. Le <span class=\"glossaryLink\" aria-describedby=\"tt\" data-cmtooltip=\"&lt;div class=glossaryItemTitle&gt;Slogan&lt;\/div&gt;&lt;div class=glossaryItemBody&gt;Kurze, pr&auml;gnante Zusammenfassung der zentralen Werbeaussage&lt;\/div&gt;\" data-mobile-support=\"0\" data-gt-translate-attributes='[{\"attribute\":\"data-cmtooltip\", \"format\":\"html\"}]' tabindex=\"0\" role=\"link\">slogan<\/span> &laquo;&nbsp;Retour aux sources, mais avec une touche de modernit&eacute;&nbsp;&raquo; d&eacute;crit bien l&rsquo;esprit du salon de cette ann&eacute;e.<\/p>\n\n\n\n\n\n<p class=\"wp-block-paragraph\">De 9 &agrave; 17 heures, les deux jours du salon seront consacr&eacute;s &agrave; des conf&eacute;rences, des innovations et des ateliers. Le Speakers Corner sera la plaque tournante des &eacute;changes professionnels. Apr&egrave;s la fermeture du salon, des &eacute;v&eacute;nements &laquo;&nbsp;after work&nbsp;&raquo; invitent &agrave; un r&eacute;seautage informel, o&ugrave; les participants peuvent se rencontrer dans une atmosph&egrave;re d&eacute;tendue et passer en revue la journ&eacute;e.<\/p>\n\n\n\n\n\n<p class=\"wp-block-paragraph\"><strong>Manifestations d&rsquo;approfondissement pour les professionnels<br><\/strong>Les onze manifestations organis&eacute;es par les associations professionnelles et les exposants offrent un aper&ccedil;u d&eacute;taill&eacute; des th&egrave;mes actuels du secteur &eacute;lectrique. Qu&rsquo;il s&rsquo;agisse de nouveaux outils de planification, d&rsquo;installations &eacute;lectriques, d&rsquo;intelligence artificielle ou d&rsquo;&eacute;lectromobilit&eacute;, les professionnels peuvent s&rsquo;attendre &agrave; une large palette d&rsquo;innovations et de tendances qu&rsquo;ils pourront int&eacute;grer directement dans leur quotidien professionnel.<\/p>\n\n\n\n\n\n<p class=\"wp-block-paragraph\"><strong>Point fort particulier<br><\/strong>Lors du Startup Pitch du mercredi apr&egrave;s-midi, de jeunes entreprises innovantes rencontreront le public professionnel. La Startup Academy Suisse soutient les entreprises par le biais d&rsquo;un mentorat et encourage les &eacute;changes entre les esprits cr&eacute;atifs et les experts exp&eacute;riment&eacute;s du secteur.<\/p>\n\n\n\n\n\n<p class=\"wp-block-paragraph\"><strong>La promotion de la rel&egrave;ve au c&oelig;ur de l&rsquo;ineltec<br><\/strong>La rel&egrave;ve est &eacute;galement au c&oelig;ur de l&rsquo;ineltec. Sous l&rsquo;&eacute;gide d&rsquo;EIT.swiss, des visites guid&eacute;es pour la rel&egrave;ve sont organis&eacute;es, au cours desquelles les apprentis entrent en contact de mani&egrave;re ludique avec les exposants et obtiennent un aper&ccedil;u des derni&egrave;res technologies. Cette initiative permet aux jeunes talents de nouer des premiers liens pr&eacute;cieux pour leur avenir professionnel et de poser la premi&egrave;re pierre d&rsquo;une carri&egrave;re dans le secteur &eacute;lectrique.<\/p>\n\n\n\n\n\n<p class=\"wp-block-paragraph\">Ineltec offre non seulement des informations et des orientations pr&eacute;cieuses aux professionnels exp&eacute;riment&eacute;s, mais aussi aux d&eacute;butants. Sur le site ineltec.ch, tous les visiteurs trouveront des informations cibl&eacute;es sur 14 th&egrave;mes d&rsquo;actualit&eacute; de la branche &eacute;lectrique, des nouveaut&eacute;s produits, des profils d&rsquo;entreprises et des offres de manifestations.<\/p>\n\n","protected":false},"excerpt":{"rendered":"<p>Apr\u00e8s sept ans, ineltec est de retour \u00e0 Messe Z\u00fcrich les 11 et 12 septembre. Avec un concept recentr\u00e9, le salon leader de l&rsquo;\u00e9lectricit\u00e9 accueille 162 exposants et de nombreux professionnels de l&rsquo;artisanat \u00e9lectrique et de la planification. L&rsquo;innovation, le transfert de connaissances et les \u00e9changes personnels sont au c\u0153ur de l&rsquo;\u00e9v\u00e9nement.<\/p>\n","protected":false},"author":2,"featured_media":113575,"comment_status":"open","ping_status":"open","sticky":false,"template":"","format":"standard","meta":{"pmpro_default_level":"","inline_featured_image":false,"_monsterinsights_skip_tracking":false,"footnotes":""},"categories":[8747,22696,743],"tags":[46820,11650,25520,848,872,3931,1731,49511,2002,34711],"class_list":["post-113636","post","type-post","status-publish","format-standard","has-post-thumbnail","hentry","category-energie","category-entreprise","category-immonews-fr","tag-elektrobranche-fr","tag-elektronik-fr","tag-firma-fr","tag-immobilien-fr","tag-immoinvest-fr","tag-immonews-fr","tag-messe-fr","tag-nachwuchfoerderung-fr","tag-news-fr","tag-wiedereroeffnung-fr","pmpro-has-access"],"acf":{"bild_mit_ki_erstellt_worden":[],"lead":"Apr\u00e8s sept ans, ineltec est de retour \u00e0 Messe Z\u00fcrich les 11 et 12 septembre. Avec un concept recentr\u00e9, le salon leader de l'\u00e9lectricit\u00e9 accueille 162 exposants et de nombreux professionnels de l'artisanat \u00e9lectrique et de la planification. L'innovation, le transfert de connaissances et les \u00e9changes personnels sont au c\u0153ur de l'\u00e9v\u00e9nement.","autor":"Quelle: Ineltec","ort":"","bildunterschrift":"","bild_im_grid":false,"gallerie":"","newsim":""},"aioseo_notices":[],"aioseo_head":"\n\t\t<!-- All in One SEO 5.0.1.1 - aioseo.com -->\n\t<meta name=\"description\" content=\"Apr\u00e8s sept ans, ineltec est de retour \u00e0 Messe Z\u00fcrich les 11 et 12 septembre. Avec un concept recentr\u00e9, le salon leader de l&#039;\u00e9lectricit\u00e9 accueille 162 exposants et de nombreux professionnels de l&#039;artisanat \u00e9lectrique et de la planification. L&#039;innovation, le transfert de connaissances et les \u00e9changes personnels sont au c\u0153ur de l&#039;\u00e9v\u00e9nement.\" \/>\n\t<meta name=\"robots\" content=\"max-image-preview:large\" \/>\n\t<meta name=\"author\" content=\"immovestuser\"\/>\n\t<meta name=\"google-site-verification\" content=\"fHJKvgWpZCR2zVBHWfkQeFXC11qieUSff0HGNYfuyLA\" \/>\n\t<link rel=\"canonical\" href=\"https:\/\/www.immo-invest.ch\/fr\/ineltecschweizer-elektrobranche-feiert-ein-kraftvolles-comeback\/\" \/>\n\t<meta name=\"generator\" content=\"All in One SEO (AIOSEO) 5.0.1.1\" \/>\n\t\t<meta property=\"og:locale\" content=\"fr_FR\" \/>\n\t\t<meta property=\"og:site_name\" content=\"immo!nvest - Die Plattform f\u00fcr Standorte und Immobilien - Die\u00a0Plattform f\u00fcr Standorte und Immobilien\" \/>\n\t\t<meta property=\"og:type\" content=\"article\" \/>\n\t\t<meta property=\"og:title\" content=\"IneltecLe secteur suisse de l\u2019\u00e9lectricit\u00e9 fait un retour en force - immo!nvest - Die Plattform f\u00fcr Standorte und Immobilien\" \/>\n\t\t<meta property=\"og:description\" content=\"Apr\u00e8s sept ans, ineltec est de retour \u00e0 Messe Z\u00fcrich les 11 et 12 septembre. Avec un concept recentr\u00e9, le salon leader de l&#039;\u00e9lectricit\u00e9 accueille 162 exposants et de nombreux professionnels de l&#039;artisanat \u00e9lectrique et de la planification. L&#039;innovation, le transfert de connaissances et les \u00e9changes personnels sont au c\u0153ur de l&#039;\u00e9v\u00e9nement.\" \/>\n\t\t<meta property=\"og:url\" content=\"https:\/\/www.immo-invest.ch\/fr\/ineltecschweizer-elektrobranche-feiert-ein-kraftvolles-comeback\/\" \/>\n\t\t<meta property=\"og:image\" content=\"https:\/\/www.immo-invest.ch\/wp-content\/uploads\/2024\/09\/Office-approx-21-x-14-cm-ineltec2017_SBA_03_011.jpg\" \/>\n\t\t<meta property=\"og:image:secure_url\" content=\"https:\/\/www.immo-invest.ch\/wp-content\/uploads\/2024\/09\/Office-approx-21-x-14-cm-ineltec2017_SBA_03_011.jpg\" \/>\n\t\t<meta property=\"og:image:width\" content=\"1240\" \/>\n\t\t<meta property=\"og:image:height\" content=\"827\" \/>\n\t\t<meta property=\"article:published_time\" content=\"2024-09-10T09:36:33+00:00\" \/>\n\t\t<meta property=\"article:modified_time\" content=\"2024-09-10T11:41:58+00:00\" \/>\n\t\t<meta property=\"article:publisher\" content=\"https:\/\/www.facebook.com\/people\/Immoinvest\/100077962920504\/\" \/>\n\t\t<meta name=\"twitter:card\" content=\"summary_large_image\" \/>\n\t\t<meta name=\"twitter:site\" content=\"@i\" \/>\n\t\t<meta name=\"twitter:title\" content=\"IneltecLe secteur suisse de l\u2019\u00e9lectricit\u00e9 fait un retour en force - immo!nvest - Die Plattform f\u00fcr Standorte und Immobilien\" \/>\n\t\t<meta name=\"twitter:description\" content=\"Apr\u00e8s sept ans, ineltec est de retour \u00e0 Messe Z\u00fcrich les 11 et 12 septembre. Avec un concept recentr\u00e9, le salon leader de l&#039;\u00e9lectricit\u00e9 accueille 162 exposants et de nombreux professionnels de l&#039;artisanat \u00e9lectrique et de la planification. L&#039;innovation, le transfert de connaissances et les \u00e9changes personnels sont au c\u0153ur de l&#039;\u00e9v\u00e9nement.\" \/>\n\t\t<meta name=\"twitter:creator\" content=\"@i\" \/>\n\t\t<meta name=\"twitter:image\" content=\"https:\/\/www.immo-invest.ch\/wp-content\/uploads\/2024\/09\/Office-approx-21-x-14-cm-ineltec2017_SBA_03_011.jpg\" \/>\n\t\t<script type=\"application\/ld+json\" class=\"aioseo-schema\">\n\t\t\t{\"@context\":\"https:\\\/\\\/schema.org\",\"@graph\":[{\"@type\":\"BlogPosting\",\"@id\":\"https:\\\/\\\/www.immo-invest.ch\\\/fr\\\/ineltecschweizer-elektrobranche-feiert-ein-kraftvolles-comeback\\\/#blogposting\",\"name\":\"IneltecLe secteur suisse de l\\u2019\\u00e9lectricit\\u00e9 fait un retour en force - immo!nvest - Die Plattform f\\u00fcr Standorte und Immobilien\",\"headline\":\"IneltecLe secteur suisse de l&rsquo;\\u00e9lectricit\\u00e9 fait un retour en force\",\"author\":{\"@id\":\"https:\\\/\\\/www.immo-invest.ch\\\/fr\\\/author\\\/immovestuser\\\/#author\"},\"publisher\":{\"@id\":\"https:\\\/\\\/www.immo-invest.ch\\\/fr\\\/#organization\"},\"image\":{\"@type\":\"ImageObject\",\"url\":\"https:\\\/\\\/www.immo-invest.ch\\\/wp-content\\\/uploads\\\/2024\\\/09\\\/Office-approx-21-x-14-cm-ineltec2017_SBA_03_011.jpg\",\"width\":1240,\"height\":827,\"caption\":\"ineltec 2017 |\\u00a0Impression\"},\"datePublished\":\"2024-09-10T11:36:33+02:00\",\"dateModified\":\"2024-09-10T13:41:58+02:00\",\"inLanguage\":\"fr-FR\",\"mainEntityOfPage\":{\"@id\":\"https:\\\/\\\/www.immo-invest.ch\\\/fr\\\/ineltecschweizer-elektrobranche-feiert-ein-kraftvolles-comeback\\\/#webpage\"},\"isPartOf\":{\"@id\":\"https:\\\/\\\/www.immo-invest.ch\\\/fr\\\/ineltecschweizer-elektrobranche-feiert-ein-kraftvolles-comeback\\\/#webpage\"},\"articleSection\":\"\\u00c9nergie, Entreprise, immoNews, Elektrobranche, Elektronik, Firma, immobilien, Immoinvest, immoNews, Messe, Nachwuchf\\u00f6rderung, News, Wiederer\\u00f6ffnung, Facultatif\"},{\"@type\":\"BreadcrumbList\",\"@id\":\"https:\\\/\\\/www.immo-invest.ch\\\/fr\\\/ineltecschweizer-elektrobranche-feiert-ein-kraftvolles-comeback\\\/#breadcrumblist\",\"itemListElement\":[{\"@type\":\"ListItem\",\"@id\":\"https:\\\/\\\/www.immo-invest.ch\\\/fr\\\/#listItem\",\"position\":1,\"name\":\"Home\",\"item\":\"https:\\\/\\\/www.immo-invest.ch\\\/fr\\\/\",\"nextItem\":{\"@type\":\"ListItem\",\"@id\":\"https:\\\/\\\/www.immo-invest.ch\\\/fr\\\/categories\\\/trends-fr\\\/#listItem\",\"name\":\"Trends\"}},{\"@type\":\"ListItem\",\"@id\":\"https:\\\/\\\/www.immo-invest.ch\\\/fr\\\/categories\\\/trends-fr\\\/#listItem\",\"position\":2,\"name\":\"Trends\",\"item\":\"https:\\\/\\\/www.immo-invest.ch\\\/fr\\\/categories\\\/trends-fr\\\/\",\"nextItem\":{\"@type\":\"ListItem\",\"@id\":\"https:\\\/\\\/www.immo-invest.ch\\\/fr\\\/categories\\\/trends-fr\\\/entreprise\\\/#listItem\",\"name\":\"Entreprise\"},\"previousItem\":{\"@type\":\"ListItem\",\"@id\":\"https:\\\/\\\/www.immo-invest.ch\\\/fr\\\/#listItem\",\"name\":\"Home\"}},{\"@type\":\"ListItem\",\"@id\":\"https:\\\/\\\/www.immo-invest.ch\\\/fr\\\/categories\\\/trends-fr\\\/entreprise\\\/#listItem\",\"position\":3,\"name\":\"Entreprise\",\"item\":\"https:\\\/\\\/www.immo-invest.ch\\\/fr\\\/categories\\\/trends-fr\\\/entreprise\\\/\",\"nextItem\":{\"@type\":\"ListItem\",\"@id\":\"https:\\\/\\\/www.immo-invest.ch\\\/fr\\\/ineltecschweizer-elektrobranche-feiert-ein-kraftvolles-comeback\\\/#listItem\",\"name\":\"IneltecLe secteur suisse de l&rsquo;\\u00e9lectricit\\u00e9 fait un retour en force\"},\"previousItem\":{\"@type\":\"ListItem\",\"@id\":\"https:\\\/\\\/www.immo-invest.ch\\\/fr\\\/categories\\\/trends-fr\\\/#listItem\",\"name\":\"Trends\"}},{\"@type\":\"ListItem\",\"@id\":\"https:\\\/\\\/www.immo-invest.ch\\\/fr\\\/ineltecschweizer-elektrobranche-feiert-ein-kraftvolles-comeback\\\/#listItem\",\"position\":4,\"name\":\"IneltecLe secteur suisse de l&rsquo;\\u00e9lectricit\\u00e9 fait un retour en force\",\"previousItem\":{\"@type\":\"ListItem\",\"@id\":\"https:\\\/\\\/www.immo-invest.ch\\\/fr\\\/categories\\\/trends-fr\\\/entreprise\\\/#listItem\",\"name\":\"Entreprise\"}}]},{\"@type\":\"Organization\",\"@id\":\"https:\\\/\\\/www.immo-invest.ch\\\/fr\\\/#organization\",\"name\":\"immo!nvest - Die Plattform f\\u00fcr Standorte und Immobilien\",\"description\":\"Die\\u00a0Plattform f\\u00fcr Standorte und Immobilien\",\"url\":\"https:\\\/\\\/www.immo-invest.ch\\\/fr\\\/\",\"email\":\"admin@immomedia.ag\",\"telephone\":\"+41444420002\",\"logo\":{\"@type\":\"ImageObject\",\"url\":\"https:\\\/\\\/www.immo-invest.ch\\\/wp-content\\\/uploads\\\/2024\\\/09\\\/immoinvest_sm-scaled.jpg\",\"@id\":\"https:\\\/\\\/www.immo-invest.ch\\\/fr\\\/ineltecschweizer-elektrobranche-feiert-ein-kraftvolles-comeback\\\/#organizationLogo\",\"width\":2560,\"height\":1340},\"image\":{\"@id\":\"https:\\\/\\\/www.immo-invest.ch\\\/fr\\\/ineltecschweizer-elektrobranche-feiert-ein-kraftvolles-comeback\\\/#organizationLogo\"},\"sameAs\":[\"https:\\\/\\\/www.facebook.com\\\/people\\\/Immoinvest\\\/100077962920504\\\/\",\"https:\\\/\\\/x.com\\\/i\\\/flow\\\/login?redirect_after_login=immoinvest_ch\",\"https:\\\/\\\/www.instagram.com\\\/immoinvest_ch\\\/\",\"https:\\\/\\\/www.linkedin.com\\\/company\\\/immoinvest-swiss\"]},{\"@type\":\"Person\",\"@id\":\"https:\\\/\\\/www.immo-invest.ch\\\/fr\\\/author\\\/immovestuser\\\/#author\",\"url\":\"https:\\\/\\\/www.immo-invest.ch\\\/fr\\\/author\\\/immovestuser\\\/\",\"name\":\"immovestuser\",\"image\":{\"@type\":\"ImageObject\",\"@id\":\"https:\\\/\\\/www.immo-invest.ch\\\/fr\\\/ineltecschweizer-elektrobranche-feiert-ein-kraftvolles-comeback\\\/#authorImage\",\"url\":\"https:\\\/\\\/secure.gravatar.com\\\/avatar\\\/8e01f4d99f2eeea7a362ebb93305e1172a70e9293ba250f897a65c39f54cdd1e?s=96&d=mm&r=g\",\"width\":96,\"height\":96,\"caption\":\"immovestuser\"}},{\"@type\":\"WebPage\",\"@id\":\"https:\\\/\\\/www.immo-invest.ch\\\/fr\\\/ineltecschweizer-elektrobranche-feiert-ein-kraftvolles-comeback\\\/#webpage\",\"url\":\"https:\\\/\\\/www.immo-invest.ch\\\/fr\\\/ineltecschweizer-elektrobranche-feiert-ein-kraftvolles-comeback\\\/\",\"name\":\"IneltecLe secteur suisse de l\\u2019\\u00e9lectricit\\u00e9 fait un retour en force - immo!nvest - Die Plattform f\\u00fcr Standorte und Immobilien\",\"description\":\"Apr\\u00e8s sept ans, ineltec est de retour \\u00e0 Messe Z\\u00fcrich les 11 et 12 septembre. Avec un concept recentr\\u00e9, le salon leader de l'\\u00e9lectricit\\u00e9 accueille 162 exposants et de nombreux professionnels de l'artisanat \\u00e9lectrique et de la planification. L'innovation, le transfert de connaissances et les \\u00e9changes personnels sont au c\\u0153ur de l'\\u00e9v\\u00e9nement.\",\"inLanguage\":\"fr-FR\",\"isPartOf\":{\"@id\":\"https:\\\/\\\/www.immo-invest.ch\\\/fr\\\/#website\"},\"breadcrumb\":{\"@id\":\"https:\\\/\\\/www.immo-invest.ch\\\/fr\\\/ineltecschweizer-elektrobranche-feiert-ein-kraftvolles-comeback\\\/#breadcrumblist\"},\"author\":{\"@id\":\"https:\\\/\\\/www.immo-invest.ch\\\/fr\\\/author\\\/immovestuser\\\/#author\"},\"creator\":{\"@id\":\"https:\\\/\\\/www.immo-invest.ch\\\/fr\\\/author\\\/immovestuser\\\/#author\"},\"image\":{\"@type\":\"ImageObject\",\"url\":\"https:\\\/\\\/www.immo-invest.ch\\\/wp-content\\\/uploads\\\/2024\\\/09\\\/Office-approx-21-x-14-cm-ineltec2017_SBA_03_011.jpg\",\"@id\":\"https:\\\/\\\/www.immo-invest.ch\\\/fr\\\/ineltecschweizer-elektrobranche-feiert-ein-kraftvolles-comeback\\\/#mainImage\",\"width\":1240,\"height\":827,\"caption\":\"ineltec 2017 |\\u00a0Impression\"},\"primaryImageOfPage\":{\"@id\":\"https:\\\/\\\/www.immo-invest.ch\\\/fr\\\/ineltecschweizer-elektrobranche-feiert-ein-kraftvolles-comeback\\\/#mainImage\"},\"datePublished\":\"2024-09-10T11:36:33+02:00\",\"dateModified\":\"2024-09-10T13:41:58+02:00\"},{\"@type\":\"WebSite\",\"@id\":\"https:\\\/\\\/www.immo-invest.ch\\\/fr\\\/#website\",\"url\":\"https:\\\/\\\/www.immo-invest.ch\\\/fr\\\/\",\"name\":\"immo!nvest - Die Plattform f\\u00fcr Standorte und Immobilien\",\"description\":\"Die\\u00a0Plattform f\\u00fcr Standorte und Immobilien\",\"inLanguage\":\"fr-FR\",\"publisher\":{\"@id\":\"https:\\\/\\\/www.immo-invest.ch\\\/fr\\\/#organization\"}}]}\n\t\t<\/script>\n\t\t<!-- All in One SEO -->\n\n","aioseo_head_json":{"title":"IneltecLe secteur suisse de l\u2019\u00e9lectricit\u00e9 fait un retour en force - immo!nvest - Die Plattform f\u00fcr Standorte und Immobilien","description":"Apr\u00e8s sept ans, ineltec est de retour \u00e0 Messe Z\u00fcrich les 11 et 12 septembre. Avec un concept recentr\u00e9, le salon leader de l'\u00e9lectricit\u00e9 accueille 162 exposants et de nombreux professionnels de l'artisanat \u00e9lectrique et de la planification. L'innovation, le transfert de connaissances et les \u00e9changes personnels sont au c\u0153ur de l'\u00e9v\u00e9nement.","canonical_url":"https:\/\/www.immo-invest.ch\/fr\/ineltecschweizer-elektrobranche-feiert-ein-kraftvolles-comeback\/","robots":"max-image-preview:large","keywords":"","webmasterTools":{"google-site-verification":"fHJKvgWpZCR2zVBHWfkQeFXC11qieUSff0HGNYfuyLA","miscellaneous":""},"schema":{"@context":"https:\/\/schema.org","@graph":[{"@type":"BlogPosting","@id":"https:\/\/www.immo-invest.ch\/fr\/ineltecschweizer-elektrobranche-feiert-ein-kraftvolles-comeback\/#blogposting","name":"IneltecLe secteur suisse de l\u2019\u00e9lectricit\u00e9 fait un retour en force - immo!nvest - Die Plattform f\u00fcr Standorte und Immobilien","headline":"IneltecLe secteur suisse de l&rsquo;\u00e9lectricit\u00e9 fait un retour en force","author":{"@id":"https:\/\/www.immo-invest.ch\/fr\/author\/immovestuser\/#author"},"publisher":{"@id":"https:\/\/www.immo-invest.ch\/fr\/#organization"},"image":{"@type":"ImageObject","url":"https:\/\/www.immo-invest.ch\/wp-content\/uploads\/2024\/09\/Office-approx-21-x-14-cm-ineltec2017_SBA_03_011.jpg","width":1240,"height":827,"caption":"ineltec 2017 |\u00a0Impression"},"datePublished":"2024-09-10T11:36:33+02:00","dateModified":"2024-09-10T13:41:58+02:00","inLanguage":"fr-FR","mainEntityOfPage":{"@id":"https:\/\/www.immo-invest.ch\/fr\/ineltecschweizer-elektrobranche-feiert-ein-kraftvolles-comeback\/#webpage"},"isPartOf":{"@id":"https:\/\/www.immo-invest.ch\/fr\/ineltecschweizer-elektrobranche-feiert-ein-kraftvolles-comeback\/#webpage"},"articleSection":"\u00c9nergie, Entreprise, immoNews, Elektrobranche, Elektronik, Firma, immobilien, Immoinvest, immoNews, Messe, Nachwuchf\u00f6rderung, News, Wiederer\u00f6ffnung, Facultatif"},{"@type":"BreadcrumbList","@id":"https:\/\/www.immo-invest.ch\/fr\/ineltecschweizer-elektrobranche-feiert-ein-kraftvolles-comeback\/#breadcrumblist","itemListElement":[{"@type":"ListItem","@id":"https:\/\/www.immo-invest.ch\/fr\/#listItem","position":1,"name":"Home","item":"https:\/\/www.immo-invest.ch\/fr\/","nextItem":{"@type":"ListItem","@id":"https:\/\/www.immo-invest.ch\/fr\/categories\/trends-fr\/#listItem","name":"Trends"}},{"@type":"ListItem","@id":"https:\/\/www.immo-invest.ch\/fr\/categories\/trends-fr\/#listItem","position":2,"name":"Trends","item":"https:\/\/www.immo-invest.ch\/fr\/categories\/trends-fr\/","nextItem":{"@type":"ListItem","@id":"https:\/\/www.immo-invest.ch\/fr\/categories\/trends-fr\/entreprise\/#listItem","name":"Entreprise"},"previousItem":{"@type":"ListItem","@id":"https:\/\/www.immo-invest.ch\/fr\/#listItem","name":"Home"}},{"@type":"ListItem","@id":"https:\/\/www.immo-invest.ch\/fr\/categories\/trends-fr\/entreprise\/#listItem","position":3,"name":"Entreprise","item":"https:\/\/www.immo-invest.ch\/fr\/categories\/trends-fr\/entreprise\/","nextItem":{"@type":"ListItem","@id":"https:\/\/www.immo-invest.ch\/fr\/ineltecschweizer-elektrobranche-feiert-ein-kraftvolles-comeback\/#listItem","name":"IneltecLe secteur suisse de l&rsquo;\u00e9lectricit\u00e9 fait un retour en force"},"previousItem":{"@type":"ListItem","@id":"https:\/\/www.immo-invest.ch\/fr\/categories\/trends-fr\/#listItem","name":"Trends"}},{"@type":"ListItem","@id":"https:\/\/www.immo-invest.ch\/fr\/ineltecschweizer-elektrobranche-feiert-ein-kraftvolles-comeback\/#listItem","position":4,"name":"IneltecLe secteur suisse de l&rsquo;\u00e9lectricit\u00e9 fait un retour en force","previousItem":{"@type":"ListItem","@id":"https:\/\/www.immo-invest.ch\/fr\/categories\/trends-fr\/entreprise\/#listItem","name":"Entreprise"}}]},{"@type":"Organization","@id":"https:\/\/www.immo-invest.ch\/fr\/#organization","name":"immo!nvest - Die Plattform f\u00fcr Standorte und Immobilien","description":"Die\u00a0Plattform f\u00fcr Standorte und Immobilien","url":"https:\/\/www.immo-invest.ch\/fr\/","email":"admin@immomedia.ag","telephone":"+41444420002","logo":{"@type":"ImageObject","url":"https:\/\/www.immo-invest.ch\/wp-content\/uploads\/2024\/09\/immoinvest_sm-scaled.jpg","@id":"https:\/\/www.immo-invest.ch\/fr\/ineltecschweizer-elektrobranche-feiert-ein-kraftvolles-comeback\/#organizationLogo","width":2560,"height":1340},"image":{"@id":"https:\/\/www.immo-invest.ch\/fr\/ineltecschweizer-elektrobranche-feiert-ein-kraftvolles-comeback\/#organizationLogo"},"sameAs":["https:\/\/www.facebook.com\/people\/Immoinvest\/100077962920504\/","https:\/\/x.com\/i\/flow\/login?redirect_after_login=immoinvest_ch","https:\/\/www.instagram.com\/immoinvest_ch\/","https:\/\/www.linkedin.com\/company\/immoinvest-swiss"]},{"@type":"Person","@id":"https:\/\/www.immo-invest.ch\/fr\/author\/immovestuser\/#author","url":"https:\/\/www.immo-invest.ch\/fr\/author\/immovestuser\/","name":"immovestuser","image":{"@type":"ImageObject","@id":"https:\/\/www.immo-invest.ch\/fr\/ineltecschweizer-elektrobranche-feiert-ein-kraftvolles-comeback\/#authorImage","url":"https:\/\/secure.gravatar.com\/avatar\/8e01f4d99f2eeea7a362ebb93305e1172a70e9293ba250f897a65c39f54cdd1e?s=96&d=mm&r=g","width":96,"height":96,"caption":"immovestuser"}},{"@type":"WebPage","@id":"https:\/\/www.immo-invest.ch\/fr\/ineltecschweizer-elektrobranche-feiert-ein-kraftvolles-comeback\/#webpage","url":"https:\/\/www.immo-invest.ch\/fr\/ineltecschweizer-elektrobranche-feiert-ein-kraftvolles-comeback\/","name":"IneltecLe secteur suisse de l\u2019\u00e9lectricit\u00e9 fait un retour en force - immo!nvest - Die Plattform f\u00fcr Standorte und Immobilien","description":"Apr\u00e8s sept ans, ineltec est de retour \u00e0 Messe Z\u00fcrich les 11 et 12 septembre. Avec un concept recentr\u00e9, le salon leader de l'\u00e9lectricit\u00e9 accueille 162 exposants et de nombreux professionnels de l'artisanat \u00e9lectrique et de la planification. L'innovation, le transfert de connaissances et les \u00e9changes personnels sont au c\u0153ur de l'\u00e9v\u00e9nement.","inLanguage":"fr-FR","isPartOf":{"@id":"https:\/\/www.immo-invest.ch\/fr\/#website"},"breadcrumb":{"@id":"https:\/\/www.immo-invest.ch\/fr\/ineltecschweizer-elektrobranche-feiert-ein-kraftvolles-comeback\/#breadcrumblist"},"author":{"@id":"https:\/\/www.immo-invest.ch\/fr\/author\/immovestuser\/#author"},"creator":{"@id":"https:\/\/www.immo-invest.ch\/fr\/author\/immovestuser\/#author"},"image":{"@type":"ImageObject","url":"https:\/\/www.immo-invest.ch\/wp-content\/uploads\/2024\/09\/Office-approx-21-x-14-cm-ineltec2017_SBA_03_011.jpg","@id":"https:\/\/www.immo-invest.ch\/fr\/ineltecschweizer-elektrobranche-feiert-ein-kraftvolles-comeback\/#mainImage","width":1240,"height":827,"caption":"ineltec 2017 |\u00a0Impression"},"primaryImageOfPage":{"@id":"https:\/\/www.immo-invest.ch\/fr\/ineltecschweizer-elektrobranche-feiert-ein-kraftvolles-comeback\/#mainImage"},"datePublished":"2024-09-10T11:36:33+02:00","dateModified":"2024-09-10T13:41:58+02:00"},{"@type":"WebSite","@id":"https:\/\/www.immo-invest.ch\/fr\/#website","url":"https:\/\/www.immo-invest.ch\/fr\/","name":"immo!nvest - Die Plattform f\u00fcr Standorte und Immobilien","description":"Die\u00a0Plattform f\u00fcr Standorte und Immobilien","inLanguage":"fr-FR","publisher":{"@id":"https:\/\/www.immo-invest.ch\/fr\/#organization"}}]},"og:locale":"fr_FR","og:site_name":"immo!nvest - Die Plattform f\u00fcr Standorte und Immobilien - Die\u00a0Plattform f\u00fcr Standorte und Immobilien","og:type":"article","og:title":"IneltecLe secteur suisse de l\u2019\u00e9lectricit\u00e9 fait un retour en force - immo!nvest - Die Plattform f\u00fcr Standorte und Immobilien","og:description":"Apr\u00e8s sept ans, ineltec est de retour \u00e0 Messe Z\u00fcrich les 11 et 12 septembre. Avec un concept recentr\u00e9, le salon leader de l'\u00e9lectricit\u00e9 accueille 162 exposants et de nombreux professionnels de l'artisanat \u00e9lectrique et de la planification. L'innovation, le transfert de connaissances et les \u00e9changes personnels sont au c\u0153ur de l'\u00e9v\u00e9nement.","og:url":"https:\/\/www.immo-invest.ch\/fr\/ineltecschweizer-elektrobranche-feiert-ein-kraftvolles-comeback\/","og:image":"https:\/\/www.immo-invest.ch\/wp-content\/uploads\/2024\/09\/Office-approx-21-x-14-cm-ineltec2017_SBA_03_011.jpg","og:image:secure_url":"https:\/\/www.immo-invest.ch\/wp-content\/uploads\/2024\/09\/Office-approx-21-x-14-cm-ineltec2017_SBA_03_011.jpg","og:image:width":1240,"og:image:height":827,"article:published_time":"2024-09-10T09:36:33+00:00","article:modified_time":"2024-09-10T11:41:58+00:00","article:publisher":"https:\/\/www.facebook.com\/people\/Immoinvest\/100077962920504\/","twitter:card":"summary_large_image","twitter:site":"@i","twitter:title":"IneltecLe secteur suisse de l\u2019\u00e9lectricit\u00e9 fait un retour en force - immo!nvest - Die Plattform f\u00fcr Standorte und Immobilien","twitter:description":"Apr\u00e8s sept ans, ineltec est de retour \u00e0 Messe Z\u00fcrich les 11 et 12 septembre. Avec un concept recentr\u00e9, le salon leader de l'\u00e9lectricit\u00e9 accueille 162 exposants et de nombreux professionnels de l'artisanat \u00e9lectrique et de la planification. L'innovation, le transfert de connaissances et les \u00e9changes personnels sont au c\u0153ur de l'\u00e9v\u00e9nement.","twitter:creator":"@i","twitter:image":"https:\/\/www.immo-invest.ch\/wp-content\/uploads\/2024\/09\/Office-approx-21-x-14-cm-ineltec2017_SBA_03_011.jpg"},"aioseo_meta_data":{"post_id":"113636","title":null,"description":null,"keywords":null,"keyphrases":null,"primary_term":null,"canonical_url":null,"og_title":null,"og_description":null,"og_object_type":"default","og_image_type":"default","og_image_url":null,"og_image_width":null,"og_image_height":null,"og_image_custom_url":null,"og_image_custom_fields":null,"og_video":null,"og_custom_url":null,"og_article_section":null,"og_article_tags":null,"twitter_use_og":false,"twitter_card":"default","twitter_image_type":"default","twitter_image_url":null,"twitter_image_custom_url":null,"twitter_image_custom_fields":null,"twitter_title":null,"twitter_description":null,"schema":{"blockGraphs":[],"customGraphs":[],"default":{"data":{"Article":[],"Course":[],"Dataset":[],"FAQPage":[],"Movie":[],"Person":[],"Product":[],"ProductReview":[],"Car":[],"Recipe":[],"Service":[],"SoftwareApplication":[],"WebPage":[]},"graphName":"","isEnabled":true},"graphs":[]},"schema_type":"default","schema_type_options":null,"pillar_content":false,"robots_default":true,"robots_noindex":false,"robots_noarchive":false,"robots_nosnippet":false,"robots_nofollow":false,"robots_noimageindex":false,"robots_noodp":false,"robots_notranslate":false,"robots_max_snippet":null,"robots_max_videopreview":null,"robots_max_imagepreview":"large","priority":null,"frequency":null,"local_seo":null,"breadcrumb_settings":null,"limit_modified_date":false,"ai":null,"created":"2024-09-21 02:11:57","updated":"2025-10-24 09:16:27","seo_analyzer_scan_date":null,"focus_keyword":null,"additional_keywords":null,"truseo_locale":null},"aioseo_breadcrumb":"<div class=\"aioseo-breadcrumbs\"><span class=\"aioseo-breadcrumb\">\n\t\t\t<a href=\"https:\/\/www.immo-invest.ch\/fr\/\" title=\"Home\">Home<\/a>\n\t\t<\/span><span class=\"aioseo-breadcrumb-separator\">&raquo;<\/span><span class=\"aioseo-breadcrumb\">\n\t\t\t<a href=\"https:\/\/www.immo-invest.ch\/fr\/categories\/trends-fr\/\" title=\"Trends\">Trends<\/a>\n\t\t<\/span><span class=\"aioseo-breadcrumb-separator\">&raquo;<\/span><span class=\"aioseo-breadcrumb\">\n\t\t\t<a href=\"https:\/\/www.immo-invest.ch\/fr\/categories\/trends-fr\/entreprise\/\" title=\"Entreprise\">Entreprise<\/a>\n\t\t<\/span><span class=\"aioseo-breadcrumb-separator\">&raquo;<\/span><span class=\"aioseo-breadcrumb\">\n\t\t\tIneltecLe secteur suisse de l\u2019\u00e9lectricit\u00e9 fait un retour en force\n\t\t<\/span><\/div>","aioseo_breadcrumb_json":[{"label":"Home","link":"https:\/\/www.immo-invest.ch\/fr\/"},{"label":"Trends","link":"https:\/\/www.immo-invest.ch\/fr\/categories\/trends-fr\/"},{"label":"Entreprise","link":"https:\/\/www.immo-invest.ch\/fr\/categories\/trends-fr\/entreprise\/"},{"label":"IneltecLe secteur suisse de l&rsquo;\u00e9lectricit\u00e9 fait un retour en force","link":"https:\/\/www.immo-invest.ch\/fr\/ineltecschweizer-elektrobranche-feiert-ein-kraftvolles-comeback\/"}],"featured_image_src":"https:\/\/www.immo-invest.ch\/wp-content\/uploads\/2024\/09\/Office-approx-21-x-14-cm-ineltec2017_SBA_03_011-336x168.jpg","_links":{"self":[{"href":"https:\/\/www.immo-invest.ch\/fr\/wp-json\/wp\/v2\/posts\/113636","targetHints":{"allow":["GET"]}}],"collection":[{"href":"https:\/\/www.immo-invest.ch\/fr\/wp-json\/wp\/v2\/posts"}],"about":[{"href":"https:\/\/www.immo-invest.ch\/fr\/wp-json\/wp\/v2\/types\/post"}],"author":[{"embeddable":true,"href":"https:\/\/www.immo-invest.ch\/fr\/wp-json\/wp\/v2\/users\/2"}],"replies":[{"embeddable":true,"href":"https:\/\/www.immo-invest.ch\/fr\/wp-json\/wp\/v2\/comments?post=113636"}],"version-history":[{"count":0,"href":"https:\/\/www.immo-invest.ch\/fr\/wp-json\/wp\/v2\/posts\/113636\/revisions"}],"wp:featuredmedia":[{"embeddable":true,"href":"https:\/\/www.immo-invest.ch\/fr\/wp-json\/wp\/v2\/media\/113575"}],"wp:attachment":[{"href":"https:\/\/www.immo-invest.ch\/fr\/wp-json\/wp\/v2\/media?parent=113636"}],"wp:term":[{"taxonomy":"category","embeddable":true,"href":"https:\/\/www.immo-invest.ch\/fr\/wp-json\/wp\/v2\/categories?post=113636"},{"taxonomy":"post_tag","embeddable":true,"href":"https:\/\/www.immo-invest.ch\/fr\/wp-json\/wp\/v2\/tags?post=113636"}],"curies":[{"name":"wp","href":"https:\/\/api.w.org\/{rel}","templated":true}]}}