{"id":113464,"date":"2024-09-06T14:34:17","date_gmt":"2024-09-06T12:34:17","guid":{"rendered":"https:\/\/www.immo-invest.ch\/militaerflugplatz-alpnach-wird-ausgebaut\/"},"modified":"2024-09-06T14:52:15","modified_gmt":"2024-09-06T12:52:15","slug":"militaerflugplatz-alpnach-wird-ausgebaut","status":"publish","type":"post","link":"https:\/\/www.immo-invest.ch\/fr\/militaerflugplatz-alpnach-wird-ausgebaut\/","title":{"rendered":"L&rsquo;a\u00e9rodrome militaire d&rsquo;Alpnach va \u00eatre agrandi"},"content":{"rendered":"<p class=\"bodytext\">Le D&eacute;partement f&eacute;d&eacute;ral de la d&eacute;fense, de la protection de la population et des sports<a href=\"https:\/\/www.vbs.admin.ch\/\" target=\"_blank\" rel=\"noopener\">(DDPS<\/a>) fait construire un nouveau garage pour v&eacute;hicules et un atelier multifonctionnel sur l&rsquo;<a href=\"https:\/\/www.vtg.admin.ch\/de\/militarflugplatz-alpnach\" target=\"_blank\" rel=\"noopener\">a&eacute;rodrome militaire d&rsquo;Alpnach<\/a>. Le DDPS investit au total 18 millions de francs dans ce projet. Le 21 ao&ucirc;t, le premier coup de pioche a &eacute;t&eacute; donn&eacute; dans le cadre des travaux de construction pr&eacute;vus jusqu&rsquo;au d&eacute;but 2026, informe le DDPS dans un <a href=\"https:\/\/www.admin.ch\/gov\/de\/start\/dokumentation\/medienmitteilungen.msg-id-102183.html\" target=\"_blank\" rel=\"noopener\">communiqu&eacute;<\/a>. Selon ce dernier, environ deux tiers des contrats ont &eacute;t&eacute; attribu&eacute;s &agrave; des entreprises de Suisse centrale.<\/p>\n<p class=\"bodytext\">La halle pour v&eacute;hicules &agrave; un &eacute;tage couvrira pr&egrave;s de 2000 m&egrave;tres carr&eacute;s et sera construite dans la partie est de la base a&eacute;rienne. Il abritera &agrave; l&rsquo;avenir des v&eacute;hicules sp&eacute;ciaux et du mat&eacute;riel d&rsquo;intervention. L&rsquo;&eacute;nergie thermique du nouveau b&acirc;timent sera fournie par des pieux &eacute;nerg&eacute;tiques.<\/p>\n<p class=\"bodytext\">Le nouvel atelier est une extension d&rsquo;un hall existant dans la partie ouest de l&rsquo;a&eacute;rodrome. C&rsquo;est l&agrave; que seront entretenus &agrave; l&rsquo;avenir les gros v&eacute;hicules sp&eacute;ciaux. Le nouveau b&acirc;timent d&rsquo;environ 1400 m&egrave;tres carr&eacute;s accueillera un atelier, un garage et une station de lavage. Il abritera &eacute;galement des bureaux, des vestiaires et des locaux annexes pour le mat&eacute;riel d&rsquo;exploitation. L&rsquo;extension sera aliment&eacute;e en &eacute;nergie thermique par le chauffage urbain de la corporation d&rsquo;Alpnach.<\/p>\n<p class=\"bodytext\">Les deux constructions seront r&eacute;alis&eacute;es &laquo;&nbsp;selon des normes &eacute;cologiques &eacute;lev&eacute;es&nbsp;&raquo;, &eacute;crit le DDPS. Il est notamment pr&eacute;vu de construire des fa&ccedil;ades en lamelles de bois. Des panneaux photovolta&iuml;ques install&eacute;s sur les deux toits devraient produire un total d&rsquo;environ 324 m&eacute;gawattheures d&rsquo;&eacute;lectricit&eacute; par an.<\/p>\n","protected":false},"excerpt":{"rendered":"<p>L&rsquo;a\u00e9rodrome militaire d&rsquo;Alpnach va \u00eatre dot\u00e9 d&rsquo;un nouveau garage pour v\u00e9hicules et d&rsquo;une extension multifonctionnelle. Le D\u00e9partement de la d\u00e9fense, de la protection de la population et des sports investit 18 millions de francs dans ce projet. Le premier coup de pioche a \u00e9t\u00e9 donn\u00e9 le 21 ao\u00fbt.<\/p>\n","protected":false},"author":2,"featured_media":113451,"comment_status":"open","ping_status":"open","sticky":false,"template":"","format":"standard","meta":{"pmpro_default_level":"","inline_featured_image":false,"_monsterinsights_skip_tracking":false,"footnotes":""},"categories":[743,22357,22703,22326],"tags":[49424,2053,49425,848,872,3931,49426,2225,873,49427],"class_list":["post-113464","post","type-post","status-publish","format-standard","has-post-thumbnail","hentry","category-immonews-fr","category-industrie-du-batiment","category-mobilite","category-obwald","tag-alpnach-fr","tag-energieeffizienz-fr","tag-fahrzeughalle-fr","tag-immobilien-fr","tag-immoinvest-fr","tag-immonews-fr","tag-militaerflugplatz-fr","tag-neubau-fr","tag-photovoltaik-fr","tag-werkstatt-fr","pmpro-has-access"],"acf":{"bild_mit_ki_erstellt_worden":[],"lead":"L'a\u00e9rodrome militaire d'Alpnach va \u00eatre dot\u00e9 d'un nouveau garage pour v\u00e9hicules et d'une extension multifonctionnelle. Le D\u00e9partement de la d\u00e9fense, de la protection de la population et des sports investit 18 millions de francs dans ce projet. Le premier coup de pioche a \u00e9t\u00e9 donn\u00e9 le 21 ao\u00fbt.","autor":"ce\/hs","ort":"Alpnach OW","bildunterschrift":"","bild_im_grid":false,"gallerie":"","newsim":""},"aioseo_notices":[],"aioseo_head":"\n\t\t<!-- All in One SEO 5.0.0.1 - aioseo.com -->\n\t<meta name=\"description\" content=\"L&#039;a\u00e9rodrome militaire d&#039;Alpnach va \u00eatre dot\u00e9 d&#039;un nouveau garage pour v\u00e9hicules et d&#039;une extension multifonctionnelle. Le D\u00e9partement de la d\u00e9fense, de la protection de la population et des sports investit 18 millions de francs dans ce projet. Le premier coup de pioche a \u00e9t\u00e9 donn\u00e9 le 21 ao\u00fbt.\" \/>\n\t<meta name=\"robots\" content=\"max-image-preview:large\" \/>\n\t<meta name=\"author\" content=\"immovestuser\"\/>\n\t<meta name=\"google-site-verification\" content=\"fHJKvgWpZCR2zVBHWfkQeFXC11qieUSff0HGNYfuyLA\" \/>\n\t<link rel=\"canonical\" href=\"https:\/\/www.immo-invest.ch\/fr\/militaerflugplatz-alpnach-wird-ausgebaut\/\" \/>\n\t<meta name=\"generator\" content=\"All in One SEO (AIOSEO) 5.0.0.1\" \/>\n\t\t<meta property=\"og:locale\" content=\"fr_FR\" \/>\n\t\t<meta property=\"og:site_name\" content=\"immo!nvest - Die Plattform f\u00fcr Standorte und Immobilien - Die\u00a0Plattform f\u00fcr Standorte und Immobilien\" \/>\n\t\t<meta property=\"og:type\" content=\"article\" \/>\n\t\t<meta property=\"og:title\" content=\"L\u2019a\u00e9rodrome militaire d\u2019Alpnach va \u00eatre agrandi - immo!nvest - Die Plattform f\u00fcr Standorte und Immobilien\" \/>\n\t\t<meta property=\"og:description\" content=\"L&#039;a\u00e9rodrome militaire d&#039;Alpnach va \u00eatre dot\u00e9 d&#039;un nouveau garage pour v\u00e9hicules et d&#039;une extension multifonctionnelle. Le D\u00e9partement de la d\u00e9fense, de la protection de la population et des sports investit 18 millions de francs dans ce projet. Le premier coup de pioche a \u00e9t\u00e9 donn\u00e9 le 21 ao\u00fbt.\" \/>\n\t\t<meta property=\"og:url\" content=\"https:\/\/www.immo-invest.ch\/fr\/militaerflugplatz-alpnach-wird-ausgebaut\/\" \/>\n\t\t<meta property=\"og:image\" content=\"https:\/\/www.immo-invest.ch\/wp-content\/uploads\/2024\/09\/militaer_Flugzeug-scaled.jpg\" \/>\n\t\t<meta property=\"og:image:secure_url\" content=\"https:\/\/www.immo-invest.ch\/wp-content\/uploads\/2024\/09\/militaer_Flugzeug-scaled.jpg\" \/>\n\t\t<meta property=\"og:image:width\" content=\"2560\" \/>\n\t\t<meta property=\"og:image:height\" content=\"1440\" \/>\n\t\t<meta property=\"article:published_time\" content=\"2024-09-06T12:34:17+00:00\" \/>\n\t\t<meta property=\"article:modified_time\" content=\"2024-09-06T12:52:15+00:00\" \/>\n\t\t<meta property=\"article:publisher\" content=\"https:\/\/www.facebook.com\/people\/Immoinvest\/100077962920504\/\" \/>\n\t\t<meta name=\"twitter:card\" content=\"summary_large_image\" \/>\n\t\t<meta name=\"twitter:site\" content=\"@i\" \/>\n\t\t<meta name=\"twitter:title\" content=\"L\u2019a\u00e9rodrome militaire d\u2019Alpnach va \u00eatre agrandi - immo!nvest - Die Plattform f\u00fcr Standorte und Immobilien\" \/>\n\t\t<meta name=\"twitter:description\" content=\"L&#039;a\u00e9rodrome militaire d&#039;Alpnach va \u00eatre dot\u00e9 d&#039;un nouveau garage pour v\u00e9hicules et d&#039;une extension multifonctionnelle. Le D\u00e9partement de la d\u00e9fense, de la protection de la population et des sports investit 18 millions de francs dans ce projet. Le premier coup de pioche a \u00e9t\u00e9 donn\u00e9 le 21 ao\u00fbt.\" \/>\n\t\t<meta name=\"twitter:creator\" content=\"@i\" \/>\n\t\t<meta name=\"twitter:image\" content=\"https:\/\/www.immo-invest.ch\/wp-content\/uploads\/2024\/09\/militaer_Flugzeug-scaled.jpg\" \/>\n\t\t<script type=\"application\/ld+json\" class=\"aioseo-schema\">\n\t\t\t{\"@context\":\"https:\\\/\\\/schema.org\",\"@graph\":[{\"@type\":\"BlogPosting\",\"@id\":\"https:\\\/\\\/www.immo-invest.ch\\\/fr\\\/militaerflugplatz-alpnach-wird-ausgebaut\\\/#blogposting\",\"name\":\"L\\u2019a\\u00e9rodrome militaire d\\u2019Alpnach va \\u00eatre agrandi - immo!nvest - Die Plattform f\\u00fcr Standorte und Immobilien\",\"headline\":\"L&rsquo;a\\u00e9rodrome militaire d&rsquo;Alpnach va \\u00eatre agrandi\",\"author\":{\"@id\":\"https:\\\/\\\/www.immo-invest.ch\\\/fr\\\/author\\\/immovestuser\\\/#author\"},\"publisher\":{\"@id\":\"https:\\\/\\\/www.immo-invest.ch\\\/fr\\\/#organization\"},\"image\":{\"@type\":\"ImageObject\",\"url\":\"https:\\\/\\\/www.immo-invest.ch\\\/wp-content\\\/uploads\\\/2024\\\/09\\\/militaer_Flugzeug-scaled.jpg\",\"width\":2560,\"height\":1440},\"datePublished\":\"2024-09-06T14:34:17+02:00\",\"dateModified\":\"2024-09-06T14:52:15+02:00\",\"inLanguage\":\"fr-FR\",\"mainEntityOfPage\":{\"@id\":\"https:\\\/\\\/www.immo-invest.ch\\\/fr\\\/militaerflugplatz-alpnach-wird-ausgebaut\\\/#webpage\"},\"isPartOf\":{\"@id\":\"https:\\\/\\\/www.immo-invest.ch\\\/fr\\\/militaerflugplatz-alpnach-wird-ausgebaut\\\/#webpage\"},\"articleSection\":\"immoNews, Industrie du b\\u00e2timent, Mobilit\\u00e9, Obwald, Alpnach, Energieeffizienz, Fahrzeughalle, immobilien, Immoinvest, immoNews, Milit\\u00e4rflugplatz, Neubau, Photovoltaik, Werkstatt, Facultatif\"},{\"@type\":\"BreadcrumbList\",\"@id\":\"https:\\\/\\\/www.immo-invest.ch\\\/fr\\\/militaerflugplatz-alpnach-wird-ausgebaut\\\/#breadcrumblist\",\"itemListElement\":[{\"@type\":\"ListItem\",\"@id\":\"https:\\\/\\\/www.immo-invest.ch\\\/fr\\\/#listItem\",\"position\":1,\"name\":\"Home\",\"item\":\"https:\\\/\\\/www.immo-invest.ch\\\/fr\\\/\",\"nextItem\":{\"@type\":\"ListItem\",\"@id\":\"https:\\\/\\\/www.immo-invest.ch\\\/fr\\\/categories\\\/regions\\\/#listItem\",\"name\":\"R\\u00e9gions\"}},{\"@type\":\"ListItem\",\"@id\":\"https:\\\/\\\/www.immo-invest.ch\\\/fr\\\/categories\\\/regions\\\/#listItem\",\"position\":2,\"name\":\"R\\u00e9gions\",\"item\":\"https:\\\/\\\/www.immo-invest.ch\\\/fr\\\/categories\\\/regions\\\/\",\"nextItem\":{\"@type\":\"ListItem\",\"@id\":\"https:\\\/\\\/www.immo-invest.ch\\\/fr\\\/categories\\\/regions\\\/suisse\\\/#listItem\",\"name\":\"Suisse\"},\"previousItem\":{\"@type\":\"ListItem\",\"@id\":\"https:\\\/\\\/www.immo-invest.ch\\\/fr\\\/#listItem\",\"name\":\"Home\"}},{\"@type\":\"ListItem\",\"@id\":\"https:\\\/\\\/www.immo-invest.ch\\\/fr\\\/categories\\\/regions\\\/suisse\\\/#listItem\",\"position\":3,\"name\":\"Suisse\",\"item\":\"https:\\\/\\\/www.immo-invest.ch\\\/fr\\\/categories\\\/regions\\\/suisse\\\/\",\"nextItem\":{\"@type\":\"ListItem\",\"@id\":\"https:\\\/\\\/www.immo-invest.ch\\\/fr\\\/categories\\\/regions\\\/suisse\\\/region-zentralschweiz\\\/#listItem\",\"name\":\"Zentralschweiz\"},\"previousItem\":{\"@type\":\"ListItem\",\"@id\":\"https:\\\/\\\/www.immo-invest.ch\\\/fr\\\/categories\\\/regions\\\/#listItem\",\"name\":\"R\\u00e9gions\"}},{\"@type\":\"ListItem\",\"@id\":\"https:\\\/\\\/www.immo-invest.ch\\\/fr\\\/categories\\\/regions\\\/suisse\\\/region-zentralschweiz\\\/#listItem\",\"position\":4,\"name\":\"Zentralschweiz\",\"item\":\"https:\\\/\\\/www.immo-invest.ch\\\/fr\\\/categories\\\/regions\\\/suisse\\\/region-zentralschweiz\\\/\",\"nextItem\":{\"@type\":\"ListItem\",\"@id\":\"https:\\\/\\\/www.immo-invest.ch\\\/fr\\\/categories\\\/regions\\\/suisse\\\/region-zentralschweiz\\\/obwald\\\/#listItem\",\"name\":\"Obwald\"},\"previousItem\":{\"@type\":\"ListItem\",\"@id\":\"https:\\\/\\\/www.immo-invest.ch\\\/fr\\\/categories\\\/regions\\\/suisse\\\/#listItem\",\"name\":\"Suisse\"}},{\"@type\":\"ListItem\",\"@id\":\"https:\\\/\\\/www.immo-invest.ch\\\/fr\\\/categories\\\/regions\\\/suisse\\\/region-zentralschweiz\\\/obwald\\\/#listItem\",\"position\":5,\"name\":\"Obwald\",\"item\":\"https:\\\/\\\/www.immo-invest.ch\\\/fr\\\/categories\\\/regions\\\/suisse\\\/region-zentralschweiz\\\/obwald\\\/\",\"nextItem\":{\"@type\":\"ListItem\",\"@id\":\"https:\\\/\\\/www.immo-invest.ch\\\/fr\\\/militaerflugplatz-alpnach-wird-ausgebaut\\\/#listItem\",\"name\":\"L&rsquo;a\\u00e9rodrome militaire d&rsquo;Alpnach va \\u00eatre agrandi\"},\"previousItem\":{\"@type\":\"ListItem\",\"@id\":\"https:\\\/\\\/www.immo-invest.ch\\\/fr\\\/categories\\\/regions\\\/suisse\\\/region-zentralschweiz\\\/#listItem\",\"name\":\"Zentralschweiz\"}},{\"@type\":\"ListItem\",\"@id\":\"https:\\\/\\\/www.immo-invest.ch\\\/fr\\\/militaerflugplatz-alpnach-wird-ausgebaut\\\/#listItem\",\"position\":6,\"name\":\"L&rsquo;a\\u00e9rodrome militaire d&rsquo;Alpnach va \\u00eatre agrandi\",\"previousItem\":{\"@type\":\"ListItem\",\"@id\":\"https:\\\/\\\/www.immo-invest.ch\\\/fr\\\/categories\\\/regions\\\/suisse\\\/region-zentralschweiz\\\/obwald\\\/#listItem\",\"name\":\"Obwald\"}}]},{\"@type\":\"Organization\",\"@id\":\"https:\\\/\\\/www.immo-invest.ch\\\/fr\\\/#organization\",\"name\":\"immo!nvest - Die Plattform f\\u00fcr Standorte und Immobilien\",\"description\":\"Die\\u00a0Plattform f\\u00fcr Standorte und Immobilien\",\"url\":\"https:\\\/\\\/www.immo-invest.ch\\\/fr\\\/\",\"email\":\"admin@immomedia.ag\",\"telephone\":\"+41444420002\",\"logo\":{\"@type\":\"ImageObject\",\"url\":\"https:\\\/\\\/www.immo-invest.ch\\\/wp-content\\\/uploads\\\/2024\\\/09\\\/immoinvest_sm-scaled.jpg\",\"@id\":\"https:\\\/\\\/www.immo-invest.ch\\\/fr\\\/militaerflugplatz-alpnach-wird-ausgebaut\\\/#organizationLogo\",\"width\":2560,\"height\":1340},\"image\":{\"@id\":\"https:\\\/\\\/www.immo-invest.ch\\\/fr\\\/militaerflugplatz-alpnach-wird-ausgebaut\\\/#organizationLogo\"},\"sameAs\":[\"https:\\\/\\\/www.facebook.com\\\/people\\\/Immoinvest\\\/100077962920504\\\/\",\"https:\\\/\\\/x.com\\\/i\\\/flow\\\/login?redirect_after_login=immoinvest_ch\",\"https:\\\/\\\/www.instagram.com\\\/immoinvest_ch\\\/\",\"https:\\\/\\\/www.linkedin.com\\\/company\\\/immoinvest-swiss\"]},{\"@type\":\"Person\",\"@id\":\"https:\\\/\\\/www.immo-invest.ch\\\/fr\\\/author\\\/immovestuser\\\/#author\",\"url\":\"https:\\\/\\\/www.immo-invest.ch\\\/fr\\\/author\\\/immovestuser\\\/\",\"name\":\"immovestuser\",\"image\":{\"@type\":\"ImageObject\",\"@id\":\"https:\\\/\\\/www.immo-invest.ch\\\/fr\\\/militaerflugplatz-alpnach-wird-ausgebaut\\\/#authorImage\",\"url\":\"https:\\\/\\\/secure.gravatar.com\\\/avatar\\\/8e01f4d99f2eeea7a362ebb93305e1172a70e9293ba250f897a65c39f54cdd1e?s=96&d=mm&r=g\",\"width\":96,\"height\":96,\"caption\":\"immovestuser\"}},{\"@type\":\"WebPage\",\"@id\":\"https:\\\/\\\/www.immo-invest.ch\\\/fr\\\/militaerflugplatz-alpnach-wird-ausgebaut\\\/#webpage\",\"url\":\"https:\\\/\\\/www.immo-invest.ch\\\/fr\\\/militaerflugplatz-alpnach-wird-ausgebaut\\\/\",\"name\":\"L\\u2019a\\u00e9rodrome militaire d\\u2019Alpnach va \\u00eatre agrandi - immo!nvest - Die Plattform f\\u00fcr Standorte und Immobilien\",\"description\":\"L'a\\u00e9rodrome militaire d'Alpnach va \\u00eatre dot\\u00e9 d'un nouveau garage pour v\\u00e9hicules et d'une extension multifonctionnelle. Le D\\u00e9partement de la d\\u00e9fense, de la protection de la population et des sports investit 18 millions de francs dans ce projet. Le premier coup de pioche a \\u00e9t\\u00e9 donn\\u00e9 le 21 ao\\u00fbt.\",\"inLanguage\":\"fr-FR\",\"isPartOf\":{\"@id\":\"https:\\\/\\\/www.immo-invest.ch\\\/fr\\\/#website\"},\"breadcrumb\":{\"@id\":\"https:\\\/\\\/www.immo-invest.ch\\\/fr\\\/militaerflugplatz-alpnach-wird-ausgebaut\\\/#breadcrumblist\"},\"author\":{\"@id\":\"https:\\\/\\\/www.immo-invest.ch\\\/fr\\\/author\\\/immovestuser\\\/#author\"},\"creator\":{\"@id\":\"https:\\\/\\\/www.immo-invest.ch\\\/fr\\\/author\\\/immovestuser\\\/#author\"},\"image\":{\"@type\":\"ImageObject\",\"url\":\"https:\\\/\\\/www.immo-invest.ch\\\/wp-content\\\/uploads\\\/2024\\\/09\\\/militaer_Flugzeug-scaled.jpg\",\"@id\":\"https:\\\/\\\/www.immo-invest.ch\\\/fr\\\/militaerflugplatz-alpnach-wird-ausgebaut\\\/#mainImage\",\"width\":2560,\"height\":1440},\"primaryImageOfPage\":{\"@id\":\"https:\\\/\\\/www.immo-invest.ch\\\/fr\\\/militaerflugplatz-alpnach-wird-ausgebaut\\\/#mainImage\"},\"datePublished\":\"2024-09-06T14:34:17+02:00\",\"dateModified\":\"2024-09-06T14:52:15+02:00\"},{\"@type\":\"WebSite\",\"@id\":\"https:\\\/\\\/www.immo-invest.ch\\\/fr\\\/#website\",\"url\":\"https:\\\/\\\/www.immo-invest.ch\\\/fr\\\/\",\"name\":\"immo!nvest - Die Plattform f\\u00fcr Standorte und Immobilien\",\"description\":\"Die\\u00a0Plattform f\\u00fcr Standorte und Immobilien\",\"inLanguage\":\"fr-FR\",\"publisher\":{\"@id\":\"https:\\\/\\\/www.immo-invest.ch\\\/fr\\\/#organization\"}}]}\n\t\t<\/script>\n\t\t<!-- All in One SEO -->\n\n","aioseo_head_json":{"title":"L\u2019a\u00e9rodrome militaire d\u2019Alpnach va \u00eatre agrandi - immo!nvest - Die Plattform f\u00fcr Standorte und Immobilien","description":"L'a\u00e9rodrome militaire d'Alpnach va \u00eatre dot\u00e9 d'un nouveau garage pour v\u00e9hicules et d'une extension multifonctionnelle. Le D\u00e9partement de la d\u00e9fense, de la protection de la population et des sports investit 18 millions de francs dans ce projet. Le premier coup de pioche a \u00e9t\u00e9 donn\u00e9 le 21 ao\u00fbt.","canonical_url":"https:\/\/www.immo-invest.ch\/fr\/militaerflugplatz-alpnach-wird-ausgebaut\/","robots":"max-image-preview:large","keywords":"","webmasterTools":{"google-site-verification":"fHJKvgWpZCR2zVBHWfkQeFXC11qieUSff0HGNYfuyLA","miscellaneous":""},"schema":{"@context":"https:\/\/schema.org","@graph":[{"@type":"BlogPosting","@id":"https:\/\/www.immo-invest.ch\/fr\/militaerflugplatz-alpnach-wird-ausgebaut\/#blogposting","name":"L\u2019a\u00e9rodrome militaire d\u2019Alpnach va \u00eatre agrandi - immo!nvest - Die Plattform f\u00fcr Standorte und Immobilien","headline":"L&rsquo;a\u00e9rodrome militaire d&rsquo;Alpnach va \u00eatre agrandi","author":{"@id":"https:\/\/www.immo-invest.ch\/fr\/author\/immovestuser\/#author"},"publisher":{"@id":"https:\/\/www.immo-invest.ch\/fr\/#organization"},"image":{"@type":"ImageObject","url":"https:\/\/www.immo-invest.ch\/wp-content\/uploads\/2024\/09\/militaer_Flugzeug-scaled.jpg","width":2560,"height":1440},"datePublished":"2024-09-06T14:34:17+02:00","dateModified":"2024-09-06T14:52:15+02:00","inLanguage":"fr-FR","mainEntityOfPage":{"@id":"https:\/\/www.immo-invest.ch\/fr\/militaerflugplatz-alpnach-wird-ausgebaut\/#webpage"},"isPartOf":{"@id":"https:\/\/www.immo-invest.ch\/fr\/militaerflugplatz-alpnach-wird-ausgebaut\/#webpage"},"articleSection":"immoNews, Industrie du b\u00e2timent, Mobilit\u00e9, Obwald, Alpnach, Energieeffizienz, Fahrzeughalle, immobilien, Immoinvest, immoNews, Milit\u00e4rflugplatz, Neubau, Photovoltaik, Werkstatt, Facultatif"},{"@type":"BreadcrumbList","@id":"https:\/\/www.immo-invest.ch\/fr\/militaerflugplatz-alpnach-wird-ausgebaut\/#breadcrumblist","itemListElement":[{"@type":"ListItem","@id":"https:\/\/www.immo-invest.ch\/fr\/#listItem","position":1,"name":"Home","item":"https:\/\/www.immo-invest.ch\/fr\/","nextItem":{"@type":"ListItem","@id":"https:\/\/www.immo-invest.ch\/fr\/categories\/regions\/#listItem","name":"R\u00e9gions"}},{"@type":"ListItem","@id":"https:\/\/www.immo-invest.ch\/fr\/categories\/regions\/#listItem","position":2,"name":"R\u00e9gions","item":"https:\/\/www.immo-invest.ch\/fr\/categories\/regions\/","nextItem":{"@type":"ListItem","@id":"https:\/\/www.immo-invest.ch\/fr\/categories\/regions\/suisse\/#listItem","name":"Suisse"},"previousItem":{"@type":"ListItem","@id":"https:\/\/www.immo-invest.ch\/fr\/#listItem","name":"Home"}},{"@type":"ListItem","@id":"https:\/\/www.immo-invest.ch\/fr\/categories\/regions\/suisse\/#listItem","position":3,"name":"Suisse","item":"https:\/\/www.immo-invest.ch\/fr\/categories\/regions\/suisse\/","nextItem":{"@type":"ListItem","@id":"https:\/\/www.immo-invest.ch\/fr\/categories\/regions\/suisse\/region-zentralschweiz\/#listItem","name":"Zentralschweiz"},"previousItem":{"@type":"ListItem","@id":"https:\/\/www.immo-invest.ch\/fr\/categories\/regions\/#listItem","name":"R\u00e9gions"}},{"@type":"ListItem","@id":"https:\/\/www.immo-invest.ch\/fr\/categories\/regions\/suisse\/region-zentralschweiz\/#listItem","position":4,"name":"Zentralschweiz","item":"https:\/\/www.immo-invest.ch\/fr\/categories\/regions\/suisse\/region-zentralschweiz\/","nextItem":{"@type":"ListItem","@id":"https:\/\/www.immo-invest.ch\/fr\/categories\/regions\/suisse\/region-zentralschweiz\/obwald\/#listItem","name":"Obwald"},"previousItem":{"@type":"ListItem","@id":"https:\/\/www.immo-invest.ch\/fr\/categories\/regions\/suisse\/#listItem","name":"Suisse"}},{"@type":"ListItem","@id":"https:\/\/www.immo-invest.ch\/fr\/categories\/regions\/suisse\/region-zentralschweiz\/obwald\/#listItem","position":5,"name":"Obwald","item":"https:\/\/www.immo-invest.ch\/fr\/categories\/regions\/suisse\/region-zentralschweiz\/obwald\/","nextItem":{"@type":"ListItem","@id":"https:\/\/www.immo-invest.ch\/fr\/militaerflugplatz-alpnach-wird-ausgebaut\/#listItem","name":"L&rsquo;a\u00e9rodrome militaire d&rsquo;Alpnach va \u00eatre agrandi"},"previousItem":{"@type":"ListItem","@id":"https:\/\/www.immo-invest.ch\/fr\/categories\/regions\/suisse\/region-zentralschweiz\/#listItem","name":"Zentralschweiz"}},{"@type":"ListItem","@id":"https:\/\/www.immo-invest.ch\/fr\/militaerflugplatz-alpnach-wird-ausgebaut\/#listItem","position":6,"name":"L&rsquo;a\u00e9rodrome militaire d&rsquo;Alpnach va \u00eatre agrandi","previousItem":{"@type":"ListItem","@id":"https:\/\/www.immo-invest.ch\/fr\/categories\/regions\/suisse\/region-zentralschweiz\/obwald\/#listItem","name":"Obwald"}}]},{"@type":"Organization","@id":"https:\/\/www.immo-invest.ch\/fr\/#organization","name":"immo!nvest - Die Plattform f\u00fcr Standorte und Immobilien","description":"Die\u00a0Plattform f\u00fcr Standorte und Immobilien","url":"https:\/\/www.immo-invest.ch\/fr\/","email":"admin@immomedia.ag","telephone":"+41444420002","logo":{"@type":"ImageObject","url":"https:\/\/www.immo-invest.ch\/wp-content\/uploads\/2024\/09\/immoinvest_sm-scaled.jpg","@id":"https:\/\/www.immo-invest.ch\/fr\/militaerflugplatz-alpnach-wird-ausgebaut\/#organizationLogo","width":2560,"height":1340},"image":{"@id":"https:\/\/www.immo-invest.ch\/fr\/militaerflugplatz-alpnach-wird-ausgebaut\/#organizationLogo"},"sameAs":["https:\/\/www.facebook.com\/people\/Immoinvest\/100077962920504\/","https:\/\/x.com\/i\/flow\/login?redirect_after_login=immoinvest_ch","https:\/\/www.instagram.com\/immoinvest_ch\/","https:\/\/www.linkedin.com\/company\/immoinvest-swiss"]},{"@type":"Person","@id":"https:\/\/www.immo-invest.ch\/fr\/author\/immovestuser\/#author","url":"https:\/\/www.immo-invest.ch\/fr\/author\/immovestuser\/","name":"immovestuser","image":{"@type":"ImageObject","@id":"https:\/\/www.immo-invest.ch\/fr\/militaerflugplatz-alpnach-wird-ausgebaut\/#authorImage","url":"https:\/\/secure.gravatar.com\/avatar\/8e01f4d99f2eeea7a362ebb93305e1172a70e9293ba250f897a65c39f54cdd1e?s=96&d=mm&r=g","width":96,"height":96,"caption":"immovestuser"}},{"@type":"WebPage","@id":"https:\/\/www.immo-invest.ch\/fr\/militaerflugplatz-alpnach-wird-ausgebaut\/#webpage","url":"https:\/\/www.immo-invest.ch\/fr\/militaerflugplatz-alpnach-wird-ausgebaut\/","name":"L\u2019a\u00e9rodrome militaire d\u2019Alpnach va \u00eatre agrandi - immo!nvest - Die Plattform f\u00fcr Standorte und Immobilien","description":"L'a\u00e9rodrome militaire d'Alpnach va \u00eatre dot\u00e9 d'un nouveau garage pour v\u00e9hicules et d'une extension multifonctionnelle. Le D\u00e9partement de la d\u00e9fense, de la protection de la population et des sports investit 18 millions de francs dans ce projet. Le premier coup de pioche a \u00e9t\u00e9 donn\u00e9 le 21 ao\u00fbt.","inLanguage":"fr-FR","isPartOf":{"@id":"https:\/\/www.immo-invest.ch\/fr\/#website"},"breadcrumb":{"@id":"https:\/\/www.immo-invest.ch\/fr\/militaerflugplatz-alpnach-wird-ausgebaut\/#breadcrumblist"},"author":{"@id":"https:\/\/www.immo-invest.ch\/fr\/author\/immovestuser\/#author"},"creator":{"@id":"https:\/\/www.immo-invest.ch\/fr\/author\/immovestuser\/#author"},"image":{"@type":"ImageObject","url":"https:\/\/www.immo-invest.ch\/wp-content\/uploads\/2024\/09\/militaer_Flugzeug-scaled.jpg","@id":"https:\/\/www.immo-invest.ch\/fr\/militaerflugplatz-alpnach-wird-ausgebaut\/#mainImage","width":2560,"height":1440},"primaryImageOfPage":{"@id":"https:\/\/www.immo-invest.ch\/fr\/militaerflugplatz-alpnach-wird-ausgebaut\/#mainImage"},"datePublished":"2024-09-06T14:34:17+02:00","dateModified":"2024-09-06T14:52:15+02:00"},{"@type":"WebSite","@id":"https:\/\/www.immo-invest.ch\/fr\/#website","url":"https:\/\/www.immo-invest.ch\/fr\/","name":"immo!nvest - Die Plattform f\u00fcr Standorte und Immobilien","description":"Die\u00a0Plattform f\u00fcr Standorte und Immobilien","inLanguage":"fr-FR","publisher":{"@id":"https:\/\/www.immo-invest.ch\/fr\/#organization"}}]},"og:locale":"fr_FR","og:site_name":"immo!nvest - Die Plattform f\u00fcr Standorte und Immobilien - Die\u00a0Plattform f\u00fcr Standorte und Immobilien","og:type":"article","og:title":"L\u2019a\u00e9rodrome militaire d\u2019Alpnach va \u00eatre agrandi - immo!nvest - Die Plattform f\u00fcr Standorte und Immobilien","og:description":"L'a\u00e9rodrome militaire d'Alpnach va \u00eatre dot\u00e9 d'un nouveau garage pour v\u00e9hicules et d'une extension multifonctionnelle. Le D\u00e9partement de la d\u00e9fense, de la protection de la population et des sports investit 18 millions de francs dans ce projet. Le premier coup de pioche a \u00e9t\u00e9 donn\u00e9 le 21 ao\u00fbt.","og:url":"https:\/\/www.immo-invest.ch\/fr\/militaerflugplatz-alpnach-wird-ausgebaut\/","og:image":"https:\/\/www.immo-invest.ch\/wp-content\/uploads\/2024\/09\/militaer_Flugzeug-scaled.jpg","og:image:secure_url":"https:\/\/www.immo-invest.ch\/wp-content\/uploads\/2024\/09\/militaer_Flugzeug-scaled.jpg","og:image:width":2560,"og:image:height":1440,"article:published_time":"2024-09-06T12:34:17+00:00","article:modified_time":"2024-09-06T12:52:15+00:00","article:publisher":"https:\/\/www.facebook.com\/people\/Immoinvest\/100077962920504\/","twitter:card":"summary_large_image","twitter:site":"@i","twitter:title":"L\u2019a\u00e9rodrome militaire d\u2019Alpnach va \u00eatre agrandi - immo!nvest - Die Plattform f\u00fcr Standorte und Immobilien","twitter:description":"L'a\u00e9rodrome militaire d'Alpnach va \u00eatre dot\u00e9 d'un nouveau garage pour v\u00e9hicules et d'une extension multifonctionnelle. Le D\u00e9partement de la d\u00e9fense, de la protection de la population et des sports investit 18 millions de francs dans ce projet. Le premier coup de pioche a \u00e9t\u00e9 donn\u00e9 le 21 ao\u00fbt.","twitter:creator":"@i","twitter:image":"https:\/\/www.immo-invest.ch\/wp-content\/uploads\/2024\/09\/militaer_Flugzeug-scaled.jpg"},"aioseo_meta_data":{"post_id":"113464","title":null,"description":null,"keywords":null,"keyphrases":null,"primary_term":null,"canonical_url":null,"og_title":null,"og_description":null,"og_object_type":"default","og_image_type":"default","og_image_url":null,"og_image_width":null,"og_image_height":null,"og_image_custom_url":null,"og_image_custom_fields":null,"og_video":null,"og_custom_url":null,"og_article_section":null,"og_article_tags":null,"twitter_use_og":false,"twitter_card":"default","twitter_image_type":"default","twitter_image_url":null,"twitter_image_custom_url":null,"twitter_image_custom_fields":null,"twitter_title":null,"twitter_description":null,"schema":{"blockGraphs":[],"customGraphs":[],"default":{"data":{"Article":[],"Course":[],"Dataset":[],"FAQPage":[],"Movie":[],"Person":[],"Product":[],"ProductReview":[],"Car":[],"Recipe":[],"Service":[],"SoftwareApplication":[],"WebPage":[]},"graphName":"","isEnabled":true},"graphs":[]},"schema_type":"default","schema_type_options":null,"pillar_content":false,"robots_default":true,"robots_noindex":false,"robots_noarchive":false,"robots_nosnippet":false,"robots_nofollow":false,"robots_noimageindex":false,"robots_noodp":false,"robots_notranslate":false,"robots_max_snippet":null,"robots_max_videopreview":null,"robots_max_imagepreview":"large","priority":null,"frequency":null,"local_seo":null,"breadcrumb_settings":null,"limit_modified_date":false,"ai":null,"created":"2024-09-21 02:04:59","updated":"2025-10-24 09:07:42","seo_analyzer_scan_date":null,"focus_keyword":null,"additional_keywords":null,"truseo_locale":null},"aioseo_breadcrumb":"<div class=\"aioseo-breadcrumbs\"><span class=\"aioseo-breadcrumb\">\n\t\t\t<a href=\"https:\/\/www.immo-invest.ch\/fr\/\" title=\"Home\">Home<\/a>\n\t\t<\/span><span class=\"aioseo-breadcrumb-separator\">&raquo;<\/span><span class=\"aioseo-breadcrumb\">\n\t\t\t<a href=\"https:\/\/www.immo-invest.ch\/fr\/categories\/regions\/\" title=\"R\u00e9gions\">R\u00e9gions<\/a>\n\t\t<\/span><span class=\"aioseo-breadcrumb-separator\">&raquo;<\/span><span class=\"aioseo-breadcrumb\">\n\t\t\t<a href=\"https:\/\/www.immo-invest.ch\/fr\/categories\/regions\/suisse\/\" title=\"Suisse\">Suisse<\/a>\n\t\t<\/span><span class=\"aioseo-breadcrumb-separator\">&raquo;<\/span><span class=\"aioseo-breadcrumb\">\n\t\t\t<a href=\"https:\/\/www.immo-invest.ch\/fr\/categories\/regions\/suisse\/region-zentralschweiz\/\" title=\"Zentralschweiz\">Zentralschweiz<\/a>\n\t\t<\/span><span class=\"aioseo-breadcrumb-separator\">&raquo;<\/span><span class=\"aioseo-breadcrumb\">\n\t\t\t<a href=\"https:\/\/www.immo-invest.ch\/fr\/categories\/regions\/suisse\/region-zentralschweiz\/obwald\/\" title=\"Obwald\">Obwald<\/a>\n\t\t<\/span><span class=\"aioseo-breadcrumb-separator\">&raquo;<\/span><span class=\"aioseo-breadcrumb\">\n\t\t\tL\u2019a\u00e9rodrome militaire d\u2019Alpnach va \u00eatre agrandi\n\t\t<\/span><\/div>","aioseo_breadcrumb_json":[{"label":"Home","link":"https:\/\/www.immo-invest.ch\/fr\/"},{"label":"R\u00e9gions","link":"https:\/\/www.immo-invest.ch\/fr\/categories\/regions\/"},{"label":"Suisse","link":"https:\/\/www.immo-invest.ch\/fr\/categories\/regions\/suisse\/"},{"label":"Zentralschweiz","link":"https:\/\/www.immo-invest.ch\/fr\/categories\/regions\/suisse\/region-zentralschweiz\/"},{"label":"Obwald","link":"https:\/\/www.immo-invest.ch\/fr\/categories\/regions\/suisse\/region-zentralschweiz\/obwald\/"},{"label":"L&rsquo;a\u00e9rodrome militaire d&rsquo;Alpnach va \u00eatre agrandi","link":"https:\/\/www.immo-invest.ch\/fr\/militaerflugplatz-alpnach-wird-ausgebaut\/"}],"featured_image_src":"https:\/\/www.immo-invest.ch\/wp-content\/uploads\/2024\/09\/militaer_Flugzeug-336x168.jpg","_links":{"self":[{"href":"https:\/\/www.immo-invest.ch\/fr\/wp-json\/wp\/v2\/posts\/113464","targetHints":{"allow":["GET"]}}],"collection":[{"href":"https:\/\/www.immo-invest.ch\/fr\/wp-json\/wp\/v2\/posts"}],"about":[{"href":"https:\/\/www.immo-invest.ch\/fr\/wp-json\/wp\/v2\/types\/post"}],"author":[{"embeddable":true,"href":"https:\/\/www.immo-invest.ch\/fr\/wp-json\/wp\/v2\/users\/2"}],"replies":[{"embeddable":true,"href":"https:\/\/www.immo-invest.ch\/fr\/wp-json\/wp\/v2\/comments?post=113464"}],"version-history":[{"count":0,"href":"https:\/\/www.immo-invest.ch\/fr\/wp-json\/wp\/v2\/posts\/113464\/revisions"}],"wp:featuredmedia":[{"embeddable":true,"href":"https:\/\/www.immo-invest.ch\/fr\/wp-json\/wp\/v2\/media\/113451"}],"wp:attachment":[{"href":"https:\/\/www.immo-invest.ch\/fr\/wp-json\/wp\/v2\/media?parent=113464"}],"wp:term":[{"taxonomy":"category","embeddable":true,"href":"https:\/\/www.immo-invest.ch\/fr\/wp-json\/wp\/v2\/categories?post=113464"},{"taxonomy":"post_tag","embeddable":true,"href":"https:\/\/www.immo-invest.ch\/fr\/wp-json\/wp\/v2\/tags?post=113464"}],"curies":[{"name":"wp","href":"https:\/\/api.w.org\/{rel}","templated":true}]}}