{"id":113444,"date":"2024-09-06T14:45:04","date_gmt":"2024-09-06T12:45:04","guid":{"rendered":"https:\/\/www.immo-invest.ch\/?p=113444"},"modified":"2024-09-06T14:52:06","modified_gmt":"2024-09-06T12:52:06","slug":"energiegewinnung-und-kuehlung-fassaden-im-fokus-der-forschung","status":"publish","type":"post","link":"https:\/\/www.immo-invest.ch\/fr\/energiegewinnung-und-kuehlung-fassaden-im-fokus-der-forschung\/","title":{"rendered":"Production d&rsquo;\u00e9nergie et refroidissement : les fa\u00e7ades au c\u0153ur de la recherche"},"content":{"rendered":"<p class=\"bodytext\">Dans le cadre du projet <a href=\"https:\/\/www.hslu.ch\/de-ch\/hochschule-luzern\/forschung\/projekte\/detail\/?pid=6035\" target=\"_blank\" rel=\"noopener\">GreenPV<\/a>, des chercheurs de la <a href=\"https:\/\/www.hslu.ch\/de-ch\/\" target=\"_blank\" rel=\"noopener\">HSLU<\/a> ont explor&eacute; le potentiel de la v&eacute;g&eacute;talisation et des panneaux solaires sur les fa&ccedil;ades des b&acirc;timents. &laquo;&nbsp;Alors que les avantages des syst&egrave;mes photovolta&iuml;ques et de la v&eacute;g&eacute;talisation sont d&eacute;j&agrave; de plus en plus utilis&eacute;s sur les toits, ils ne sont pas encore appliqu&eacute;s aux fa&ccedil;ades&nbsp;&raquo;, explique Silvia Domingo, chercheuse &agrave; la HSLU, cit&eacute;e dans un <a href=\"https:\/\/www.hslu.ch\/de-ch\/hochschule-luzern\/ueber-uns\/medien\/medienmitteilungen\/2024\/08\/30\/greenpv\/\" target=\"_blank\" rel=\"noopener\">communiqu&eacute;<\/a> de l&rsquo;universit&eacute; sur le projet. Pourtant, ils pourraient notamment contribuer &agrave; combler le manque d&rsquo;&eacute;lectricit&eacute; en hiver. En effet, &laquo;&nbsp;le rendement &eacute;nerg&eacute;tique d&rsquo;une installation PV est plus &eacute;lev&eacute; sur une fa&ccedil;ade sud que sur un toit pendant le semestre d&rsquo;hiver en raison de l&rsquo;angle d&rsquo;inclinaison bas du soleil d&ucirc; &agrave; la saison&nbsp;&raquo;, explique Silvia Domingo.<\/p>\n<p class=\"bodytext\">Quant aux fa&ccedil;ades v&eacute;g&eacute;talis&eacute;es, outre leur effet rafra&icirc;chissant, elles contribuent &agrave; la biodiversit&eacute; et &agrave; la r&eacute;duction de la propagation du bruit. De plus, la qualit&eacute; de l&rsquo;air est am&eacute;lior&eacute;e par la fixation des polluants et la production d&rsquo;oxyg&egrave;ne. Selon les chercheurs de la HSLU, la v&eacute;g&eacute;talisation et le photovolta&iuml;que (PV) sur les fa&ccedil;ades se combinent bien. &laquo;&nbsp;Le PV entre en jeu l&agrave; o&ugrave; une production d&rsquo;&eacute;nergie &eacute;lev&eacute;e est possible, c&rsquo;est-&agrave;-dire sur une fa&ccedil;ade non ombrag&eacute;e aux &eacute;tages sup&eacute;rieurs&nbsp;&raquo;, estime Domingo. En revanche, la v&eacute;g&eacute;talisation devrait &ecirc;tre install&eacute;e aux &eacute;tages inf&eacute;rieurs et dans les cours int&eacute;rieures.<\/p>\n<p class=\"bodytext\">Parmi les obstacles rencontr&eacute;s par les ma&icirc;tres d&rsquo;ouvrage, les auteurs ont identifi&eacute; le financement ainsi que le manque de directives et d&rsquo;exp&eacute;rience. L&rsquo;aspect d&rsquo;une fa&ccedil;ade enti&egrave;rement recouverte de panneaux solaires noirs ne serait pas non plus du go&ucirc;t de tout le monde. C&rsquo;est pourquoi la HSLU a d&eacute;j&agrave; test&eacute; des alternatives de couleurs et de textures dans le cadre d&rsquo;un <a href=\"https:\/\/news.hslu.ch\/farbige-solarpanels\/\" target=\"_blank\" rel=\"noopener\">autre projet<\/a>.<\/p>\n","protected":false},"excerpt":{"rendered":"<p>La Haute \u00e9cole de Lucerne (HSLU) a \u00e9tudi\u00e9 le potentiel de la v\u00e9g\u00e9tation et des panneaux solaires sur les fa\u00e7ades des b\u00e2timents. Selon l&rsquo;\u00e9tude correspondante et les d\u00e9clarations de la chercheuse Silvia Domingo, les deux peuvent \u00eatre facilement combin\u00e9s. Les r\u00e9ticences des ma\u00eetres d&rsquo;ouvrage sont \u00e9galement prises en compte.<\/p>\n","protected":false},"author":2,"featured_media":113151,"comment_status":"open","ping_status":"open","sticky":false,"template":"","format":"standard","meta":{"pmpro_default_level":"","inline_featured_image":false,"_monsterinsights_skip_tracking":false,"footnotes":""},"categories":[22699,8747,743,22438],"tags":[38313,40239,6800,49409,872,3931,2056,873,41090],"class_list":["post-113444","post","type-post","status-publish","format-standard","has-post-thumbnail","hentry","category-durabilite","category-energie","category-immonews-fr","category-trends-fr","tag-begruenung-fr","tag-erneuerbare-energien-fr","tag-fassaden-fr","tag-gebaeudeeffizienz-fr","tag-immoinvest-fr","tag-immonews-fr","tag-nachhaltigkeit-fr","tag-photovoltaik-fr","tag-winterstrom-fr","pmpro-has-access"],"acf":{"bild_mit_ki_erstellt_worden":[],"lead":"La Haute \u00e9cole de Lucerne (HSLU) a \u00e9tudi\u00e9 le potentiel de la v\u00e9g\u00e9tation et des panneaux solaires sur les fa\u00e7ades des b\u00e2timents. Selon l'\u00e9tude correspondante et les d\u00e9clarations de la chercheuse Silvia Domingo, les deux peuvent \u00eatre facilement combin\u00e9s. Les r\u00e9ticences des ma\u00eetres d'ouvrage sont \u00e9galement prises en compte.","autor":"ce\/hs","ort":"Luzern","bildunterschrift":"","bild_im_grid":false,"gallerie":"","newsim":""},"aioseo_notices":[],"aioseo_head":"\n\t\t<!-- All in One SEO 5.0.1.1 - aioseo.com -->\n\t<meta name=\"description\" content=\"La Haute \u00e9cole de Lucerne (HSLU) a \u00e9tudi\u00e9 le potentiel de la v\u00e9g\u00e9tation et des panneaux solaires sur les fa\u00e7ades des b\u00e2timents. Selon l&#039;\u00e9tude correspondante et les d\u00e9clarations de la chercheuse Silvia Domingo, les deux peuvent \u00eatre facilement combin\u00e9s. Les r\u00e9ticences des ma\u00eetres d&#039;ouvrage sont \u00e9galement prises en compte.\" \/>\n\t<meta name=\"robots\" content=\"max-image-preview:large\" \/>\n\t<meta name=\"author\" content=\"immovestuser\"\/>\n\t<meta name=\"google-site-verification\" content=\"fHJKvgWpZCR2zVBHWfkQeFXC11qieUSff0HGNYfuyLA\" \/>\n\t<link rel=\"canonical\" href=\"https:\/\/www.immo-invest.ch\/fr\/energiegewinnung-und-kuehlung-fassaden-im-fokus-der-forschung\/\" \/>\n\t<meta name=\"generator\" content=\"All in One SEO (AIOSEO) 5.0.1.1\" \/>\n\t\t<meta property=\"og:locale\" content=\"fr_FR\" \/>\n\t\t<meta property=\"og:site_name\" content=\"immo!nvest - Die Plattform f\u00fcr Standorte und Immobilien - Die\u00a0Plattform f\u00fcr Standorte und Immobilien\" \/>\n\t\t<meta property=\"og:type\" content=\"article\" \/>\n\t\t<meta property=\"og:title\" content=\"Production d\u2019\u00e9nergie et refroidissement : les fa\u00e7ades au c\u0153ur de la recherche - immo!nvest - Die Plattform f\u00fcr Standorte und Immobilien\" \/>\n\t\t<meta property=\"og:description\" content=\"La Haute \u00e9cole de Lucerne (HSLU) a \u00e9tudi\u00e9 le potentiel de la v\u00e9g\u00e9tation et des panneaux solaires sur les fa\u00e7ades des b\u00e2timents. Selon l&#039;\u00e9tude correspondante et les d\u00e9clarations de la chercheuse Silvia Domingo, les deux peuvent \u00eatre facilement combin\u00e9s. Les r\u00e9ticences des ma\u00eetres d&#039;ouvrage sont \u00e9galement prises en compte.\" \/>\n\t\t<meta property=\"og:url\" content=\"https:\/\/www.immo-invest.ch\/fr\/energiegewinnung-und-kuehlung-fassaden-im-fokus-der-forschung\/\" \/>\n\t\t<meta property=\"og:image\" content=\"https:\/\/www.immo-invest.ch\/wp-content\/uploads\/2024\/09\/gruen_urban_Pflanzen_Wohnung-scaled-e1725355614409.jpg\" \/>\n\t\t<meta property=\"og:image:secure_url\" content=\"https:\/\/www.immo-invest.ch\/wp-content\/uploads\/2024\/09\/gruen_urban_Pflanzen_Wohnung-scaled-e1725355614409.jpg\" \/>\n\t\t<meta property=\"og:image:width\" content=\"1706\" \/>\n\t\t<meta property=\"og:image:height\" content=\"2560\" \/>\n\t\t<meta property=\"article:published_time\" content=\"2024-09-06T12:45:04+00:00\" \/>\n\t\t<meta property=\"article:modified_time\" content=\"2024-09-06T12:52:06+00:00\" \/>\n\t\t<meta property=\"article:publisher\" content=\"https:\/\/www.facebook.com\/people\/Immoinvest\/100077962920504\/\" \/>\n\t\t<meta name=\"twitter:card\" content=\"summary_large_image\" \/>\n\t\t<meta name=\"twitter:site\" content=\"@i\" \/>\n\t\t<meta name=\"twitter:title\" content=\"Production d\u2019\u00e9nergie et refroidissement : les fa\u00e7ades au c\u0153ur de la recherche - immo!nvest - Die Plattform f\u00fcr Standorte und Immobilien\" \/>\n\t\t<meta name=\"twitter:description\" content=\"La Haute \u00e9cole de Lucerne (HSLU) a \u00e9tudi\u00e9 le potentiel de la v\u00e9g\u00e9tation et des panneaux solaires sur les fa\u00e7ades des b\u00e2timents. Selon l&#039;\u00e9tude correspondante et les d\u00e9clarations de la chercheuse Silvia Domingo, les deux peuvent \u00eatre facilement combin\u00e9s. Les r\u00e9ticences des ma\u00eetres d&#039;ouvrage sont \u00e9galement prises en compte.\" \/>\n\t\t<meta name=\"twitter:creator\" content=\"@i\" \/>\n\t\t<meta name=\"twitter:image\" content=\"https:\/\/www.immo-invest.ch\/wp-content\/uploads\/2024\/09\/gruen_urban_Pflanzen_Wohnung-scaled-e1725355614409.jpg\" \/>\n\t\t<script type=\"application\/ld+json\" class=\"aioseo-schema\">\n\t\t\t{\"@context\":\"https:\\\/\\\/schema.org\",\"@graph\":[{\"@type\":\"BlogPosting\",\"@id\":\"https:\\\/\\\/www.immo-invest.ch\\\/fr\\\/energiegewinnung-und-kuehlung-fassaden-im-fokus-der-forschung\\\/#blogposting\",\"name\":\"Production d\\u2019\\u00e9nergie et refroidissement : les fa\\u00e7ades au c\\u0153ur de la recherche - immo!nvest - Die Plattform f\\u00fcr Standorte und Immobilien\",\"headline\":\"Production d&rsquo;\\u00e9nergie et refroidissement : les fa\\u00e7ades au c\\u0153ur de la recherche\",\"author\":{\"@id\":\"https:\\\/\\\/www.immo-invest.ch\\\/fr\\\/author\\\/immovestuser\\\/#author\"},\"publisher\":{\"@id\":\"https:\\\/\\\/www.immo-invest.ch\\\/fr\\\/#organization\"},\"image\":{\"@type\":\"ImageObject\",\"url\":\"https:\\\/\\\/www.immo-invest.ch\\\/wp-content\\\/uploads\\\/2024\\\/09\\\/gruen_urban_Pflanzen_Wohnung-scaled-e1725355614409.jpg\",\"width\":1706,\"height\":2560},\"datePublished\":\"2024-09-06T14:45:04+02:00\",\"dateModified\":\"2024-09-06T14:52:06+02:00\",\"inLanguage\":\"fr-FR\",\"mainEntityOfPage\":{\"@id\":\"https:\\\/\\\/www.immo-invest.ch\\\/fr\\\/energiegewinnung-und-kuehlung-fassaden-im-fokus-der-forschung\\\/#webpage\"},\"isPartOf\":{\"@id\":\"https:\\\/\\\/www.immo-invest.ch\\\/fr\\\/energiegewinnung-und-kuehlung-fassaden-im-fokus-der-forschung\\\/#webpage\"},\"articleSection\":\"Durabilit\\u00e9, \\u00c9nergie, immoNews, Trends, Begr\\u00fcnung, Erneuerbare Energien, Fassaden, Geb\\u00e4udeeffizienz, Immoinvest, immoNews, Nachhaltigkeit, Photovoltaik, Winterstrom, Facultatif\"},{\"@type\":\"BreadcrumbList\",\"@id\":\"https:\\\/\\\/www.immo-invest.ch\\\/fr\\\/energiegewinnung-und-kuehlung-fassaden-im-fokus-der-forschung\\\/#breadcrumblist\",\"itemListElement\":[{\"@type\":\"ListItem\",\"@id\":\"https:\\\/\\\/www.immo-invest.ch\\\/fr\\\/#listItem\",\"position\":1,\"name\":\"Home\",\"item\":\"https:\\\/\\\/www.immo-invest.ch\\\/fr\\\/\",\"nextItem\":{\"@type\":\"ListItem\",\"@id\":\"https:\\\/\\\/www.immo-invest.ch\\\/fr\\\/categories\\\/trends-fr\\\/#listItem\",\"name\":\"Trends\"}},{\"@type\":\"ListItem\",\"@id\":\"https:\\\/\\\/www.immo-invest.ch\\\/fr\\\/categories\\\/trends-fr\\\/#listItem\",\"position\":2,\"name\":\"Trends\",\"item\":\"https:\\\/\\\/www.immo-invest.ch\\\/fr\\\/categories\\\/trends-fr\\\/\",\"nextItem\":{\"@type\":\"ListItem\",\"@id\":\"https:\\\/\\\/www.immo-invest.ch\\\/fr\\\/categories\\\/trends-fr\\\/durabilite\\\/#listItem\",\"name\":\"Durabilit\\u00e9\"},\"previousItem\":{\"@type\":\"ListItem\",\"@id\":\"https:\\\/\\\/www.immo-invest.ch\\\/fr\\\/#listItem\",\"name\":\"Home\"}},{\"@type\":\"ListItem\",\"@id\":\"https:\\\/\\\/www.immo-invest.ch\\\/fr\\\/categories\\\/trends-fr\\\/durabilite\\\/#listItem\",\"position\":3,\"name\":\"Durabilit\\u00e9\",\"item\":\"https:\\\/\\\/www.immo-invest.ch\\\/fr\\\/categories\\\/trends-fr\\\/durabilite\\\/\",\"nextItem\":{\"@type\":\"ListItem\",\"@id\":\"https:\\\/\\\/www.immo-invest.ch\\\/fr\\\/energiegewinnung-und-kuehlung-fassaden-im-fokus-der-forschung\\\/#listItem\",\"name\":\"Production d&rsquo;\\u00e9nergie et refroidissement : les fa\\u00e7ades au c\\u0153ur de la recherche\"},\"previousItem\":{\"@type\":\"ListItem\",\"@id\":\"https:\\\/\\\/www.immo-invest.ch\\\/fr\\\/categories\\\/trends-fr\\\/#listItem\",\"name\":\"Trends\"}},{\"@type\":\"ListItem\",\"@id\":\"https:\\\/\\\/www.immo-invest.ch\\\/fr\\\/energiegewinnung-und-kuehlung-fassaden-im-fokus-der-forschung\\\/#listItem\",\"position\":4,\"name\":\"Production d&rsquo;\\u00e9nergie et refroidissement : les fa\\u00e7ades au c\\u0153ur de la recherche\",\"previousItem\":{\"@type\":\"ListItem\",\"@id\":\"https:\\\/\\\/www.immo-invest.ch\\\/fr\\\/categories\\\/trends-fr\\\/durabilite\\\/#listItem\",\"name\":\"Durabilit\\u00e9\"}}]},{\"@type\":\"Organization\",\"@id\":\"https:\\\/\\\/www.immo-invest.ch\\\/fr\\\/#organization\",\"name\":\"immo!nvest - Die Plattform f\\u00fcr Standorte und Immobilien\",\"description\":\"Die\\u00a0Plattform f\\u00fcr Standorte und Immobilien\",\"url\":\"https:\\\/\\\/www.immo-invest.ch\\\/fr\\\/\",\"email\":\"admin@immomedia.ag\",\"telephone\":\"+41444420002\",\"logo\":{\"@type\":\"ImageObject\",\"url\":\"https:\\\/\\\/www.immo-invest.ch\\\/wp-content\\\/uploads\\\/2024\\\/09\\\/immoinvest_sm-scaled.jpg\",\"@id\":\"https:\\\/\\\/www.immo-invest.ch\\\/fr\\\/energiegewinnung-und-kuehlung-fassaden-im-fokus-der-forschung\\\/#organizationLogo\",\"width\":2560,\"height\":1340},\"image\":{\"@id\":\"https:\\\/\\\/www.immo-invest.ch\\\/fr\\\/energiegewinnung-und-kuehlung-fassaden-im-fokus-der-forschung\\\/#organizationLogo\"},\"sameAs\":[\"https:\\\/\\\/www.facebook.com\\\/people\\\/Immoinvest\\\/100077962920504\\\/\",\"https:\\\/\\\/x.com\\\/i\\\/flow\\\/login?redirect_after_login=immoinvest_ch\",\"https:\\\/\\\/www.instagram.com\\\/immoinvest_ch\\\/\",\"https:\\\/\\\/www.linkedin.com\\\/company\\\/immoinvest-swiss\"]},{\"@type\":\"Person\",\"@id\":\"https:\\\/\\\/www.immo-invest.ch\\\/fr\\\/author\\\/immovestuser\\\/#author\",\"url\":\"https:\\\/\\\/www.immo-invest.ch\\\/fr\\\/author\\\/immovestuser\\\/\",\"name\":\"immovestuser\",\"image\":{\"@type\":\"ImageObject\",\"@id\":\"https:\\\/\\\/www.immo-invest.ch\\\/fr\\\/energiegewinnung-und-kuehlung-fassaden-im-fokus-der-forschung\\\/#authorImage\",\"url\":\"https:\\\/\\\/secure.gravatar.com\\\/avatar\\\/8e01f4d99f2eeea7a362ebb93305e1172a70e9293ba250f897a65c39f54cdd1e?s=96&d=mm&r=g\",\"width\":96,\"height\":96,\"caption\":\"immovestuser\"}},{\"@type\":\"WebPage\",\"@id\":\"https:\\\/\\\/www.immo-invest.ch\\\/fr\\\/energiegewinnung-und-kuehlung-fassaden-im-fokus-der-forschung\\\/#webpage\",\"url\":\"https:\\\/\\\/www.immo-invest.ch\\\/fr\\\/energiegewinnung-und-kuehlung-fassaden-im-fokus-der-forschung\\\/\",\"name\":\"Production d\\u2019\\u00e9nergie et refroidissement : les fa\\u00e7ades au c\\u0153ur de la recherche - immo!nvest - Die Plattform f\\u00fcr Standorte und Immobilien\",\"description\":\"La Haute \\u00e9cole de Lucerne (HSLU) a \\u00e9tudi\\u00e9 le potentiel de la v\\u00e9g\\u00e9tation et des panneaux solaires sur les fa\\u00e7ades des b\\u00e2timents. Selon l'\\u00e9tude correspondante et les d\\u00e9clarations de la chercheuse Silvia Domingo, les deux peuvent \\u00eatre facilement combin\\u00e9s. Les r\\u00e9ticences des ma\\u00eetres d'ouvrage sont \\u00e9galement prises en compte.\",\"inLanguage\":\"fr-FR\",\"isPartOf\":{\"@id\":\"https:\\\/\\\/www.immo-invest.ch\\\/fr\\\/#website\"},\"breadcrumb\":{\"@id\":\"https:\\\/\\\/www.immo-invest.ch\\\/fr\\\/energiegewinnung-und-kuehlung-fassaden-im-fokus-der-forschung\\\/#breadcrumblist\"},\"author\":{\"@id\":\"https:\\\/\\\/www.immo-invest.ch\\\/fr\\\/author\\\/immovestuser\\\/#author\"},\"creator\":{\"@id\":\"https:\\\/\\\/www.immo-invest.ch\\\/fr\\\/author\\\/immovestuser\\\/#author\"},\"image\":{\"@type\":\"ImageObject\",\"url\":\"https:\\\/\\\/www.immo-invest.ch\\\/wp-content\\\/uploads\\\/2024\\\/09\\\/gruen_urban_Pflanzen_Wohnung-scaled-e1725355614409.jpg\",\"@id\":\"https:\\\/\\\/www.immo-invest.ch\\\/fr\\\/energiegewinnung-und-kuehlung-fassaden-im-fokus-der-forschung\\\/#mainImage\",\"width\":1706,\"height\":2560},\"primaryImageOfPage\":{\"@id\":\"https:\\\/\\\/www.immo-invest.ch\\\/fr\\\/energiegewinnung-und-kuehlung-fassaden-im-fokus-der-forschung\\\/#mainImage\"},\"datePublished\":\"2024-09-06T14:45:04+02:00\",\"dateModified\":\"2024-09-06T14:52:06+02:00\"},{\"@type\":\"WebSite\",\"@id\":\"https:\\\/\\\/www.immo-invest.ch\\\/fr\\\/#website\",\"url\":\"https:\\\/\\\/www.immo-invest.ch\\\/fr\\\/\",\"name\":\"immo!nvest - Die Plattform f\\u00fcr Standorte und Immobilien\",\"description\":\"Die\\u00a0Plattform f\\u00fcr Standorte und Immobilien\",\"inLanguage\":\"fr-FR\",\"publisher\":{\"@id\":\"https:\\\/\\\/www.immo-invest.ch\\\/fr\\\/#organization\"}}]}\n\t\t<\/script>\n\t\t<!-- All in One SEO -->\n\n","aioseo_head_json":{"title":"Production d\u2019\u00e9nergie et refroidissement : les fa\u00e7ades au c\u0153ur de la recherche - immo!nvest - Die Plattform f\u00fcr Standorte und Immobilien","description":"La Haute \u00e9cole de Lucerne (HSLU) a \u00e9tudi\u00e9 le potentiel de la v\u00e9g\u00e9tation et des panneaux solaires sur les fa\u00e7ades des b\u00e2timents. Selon l'\u00e9tude correspondante et les d\u00e9clarations de la chercheuse Silvia Domingo, les deux peuvent \u00eatre facilement combin\u00e9s. Les r\u00e9ticences des ma\u00eetres d'ouvrage sont \u00e9galement prises en compte.","canonical_url":"https:\/\/www.immo-invest.ch\/fr\/energiegewinnung-und-kuehlung-fassaden-im-fokus-der-forschung\/","robots":"max-image-preview:large","keywords":"","webmasterTools":{"google-site-verification":"fHJKvgWpZCR2zVBHWfkQeFXC11qieUSff0HGNYfuyLA","miscellaneous":""},"schema":{"@context":"https:\/\/schema.org","@graph":[{"@type":"BlogPosting","@id":"https:\/\/www.immo-invest.ch\/fr\/energiegewinnung-und-kuehlung-fassaden-im-fokus-der-forschung\/#blogposting","name":"Production d\u2019\u00e9nergie et refroidissement : les fa\u00e7ades au c\u0153ur de la recherche - immo!nvest - Die Plattform f\u00fcr Standorte und Immobilien","headline":"Production d&rsquo;\u00e9nergie et refroidissement : les fa\u00e7ades au c\u0153ur de la recherche","author":{"@id":"https:\/\/www.immo-invest.ch\/fr\/author\/immovestuser\/#author"},"publisher":{"@id":"https:\/\/www.immo-invest.ch\/fr\/#organization"},"image":{"@type":"ImageObject","url":"https:\/\/www.immo-invest.ch\/wp-content\/uploads\/2024\/09\/gruen_urban_Pflanzen_Wohnung-scaled-e1725355614409.jpg","width":1706,"height":2560},"datePublished":"2024-09-06T14:45:04+02:00","dateModified":"2024-09-06T14:52:06+02:00","inLanguage":"fr-FR","mainEntityOfPage":{"@id":"https:\/\/www.immo-invest.ch\/fr\/energiegewinnung-und-kuehlung-fassaden-im-fokus-der-forschung\/#webpage"},"isPartOf":{"@id":"https:\/\/www.immo-invest.ch\/fr\/energiegewinnung-und-kuehlung-fassaden-im-fokus-der-forschung\/#webpage"},"articleSection":"Durabilit\u00e9, \u00c9nergie, immoNews, Trends, Begr\u00fcnung, Erneuerbare Energien, Fassaden, Geb\u00e4udeeffizienz, Immoinvest, immoNews, Nachhaltigkeit, Photovoltaik, Winterstrom, Facultatif"},{"@type":"BreadcrumbList","@id":"https:\/\/www.immo-invest.ch\/fr\/energiegewinnung-und-kuehlung-fassaden-im-fokus-der-forschung\/#breadcrumblist","itemListElement":[{"@type":"ListItem","@id":"https:\/\/www.immo-invest.ch\/fr\/#listItem","position":1,"name":"Home","item":"https:\/\/www.immo-invest.ch\/fr\/","nextItem":{"@type":"ListItem","@id":"https:\/\/www.immo-invest.ch\/fr\/categories\/trends-fr\/#listItem","name":"Trends"}},{"@type":"ListItem","@id":"https:\/\/www.immo-invest.ch\/fr\/categories\/trends-fr\/#listItem","position":2,"name":"Trends","item":"https:\/\/www.immo-invest.ch\/fr\/categories\/trends-fr\/","nextItem":{"@type":"ListItem","@id":"https:\/\/www.immo-invest.ch\/fr\/categories\/trends-fr\/durabilite\/#listItem","name":"Durabilit\u00e9"},"previousItem":{"@type":"ListItem","@id":"https:\/\/www.immo-invest.ch\/fr\/#listItem","name":"Home"}},{"@type":"ListItem","@id":"https:\/\/www.immo-invest.ch\/fr\/categories\/trends-fr\/durabilite\/#listItem","position":3,"name":"Durabilit\u00e9","item":"https:\/\/www.immo-invest.ch\/fr\/categories\/trends-fr\/durabilite\/","nextItem":{"@type":"ListItem","@id":"https:\/\/www.immo-invest.ch\/fr\/energiegewinnung-und-kuehlung-fassaden-im-fokus-der-forschung\/#listItem","name":"Production d&rsquo;\u00e9nergie et refroidissement : les fa\u00e7ades au c\u0153ur de la recherche"},"previousItem":{"@type":"ListItem","@id":"https:\/\/www.immo-invest.ch\/fr\/categories\/trends-fr\/#listItem","name":"Trends"}},{"@type":"ListItem","@id":"https:\/\/www.immo-invest.ch\/fr\/energiegewinnung-und-kuehlung-fassaden-im-fokus-der-forschung\/#listItem","position":4,"name":"Production d&rsquo;\u00e9nergie et refroidissement : les fa\u00e7ades au c\u0153ur de la recherche","previousItem":{"@type":"ListItem","@id":"https:\/\/www.immo-invest.ch\/fr\/categories\/trends-fr\/durabilite\/#listItem","name":"Durabilit\u00e9"}}]},{"@type":"Organization","@id":"https:\/\/www.immo-invest.ch\/fr\/#organization","name":"immo!nvest - Die Plattform f\u00fcr Standorte und Immobilien","description":"Die\u00a0Plattform f\u00fcr Standorte und Immobilien","url":"https:\/\/www.immo-invest.ch\/fr\/","email":"admin@immomedia.ag","telephone":"+41444420002","logo":{"@type":"ImageObject","url":"https:\/\/www.immo-invest.ch\/wp-content\/uploads\/2024\/09\/immoinvest_sm-scaled.jpg","@id":"https:\/\/www.immo-invest.ch\/fr\/energiegewinnung-und-kuehlung-fassaden-im-fokus-der-forschung\/#organizationLogo","width":2560,"height":1340},"image":{"@id":"https:\/\/www.immo-invest.ch\/fr\/energiegewinnung-und-kuehlung-fassaden-im-fokus-der-forschung\/#organizationLogo"},"sameAs":["https:\/\/www.facebook.com\/people\/Immoinvest\/100077962920504\/","https:\/\/x.com\/i\/flow\/login?redirect_after_login=immoinvest_ch","https:\/\/www.instagram.com\/immoinvest_ch\/","https:\/\/www.linkedin.com\/company\/immoinvest-swiss"]},{"@type":"Person","@id":"https:\/\/www.immo-invest.ch\/fr\/author\/immovestuser\/#author","url":"https:\/\/www.immo-invest.ch\/fr\/author\/immovestuser\/","name":"immovestuser","image":{"@type":"ImageObject","@id":"https:\/\/www.immo-invest.ch\/fr\/energiegewinnung-und-kuehlung-fassaden-im-fokus-der-forschung\/#authorImage","url":"https:\/\/secure.gravatar.com\/avatar\/8e01f4d99f2eeea7a362ebb93305e1172a70e9293ba250f897a65c39f54cdd1e?s=96&d=mm&r=g","width":96,"height":96,"caption":"immovestuser"}},{"@type":"WebPage","@id":"https:\/\/www.immo-invest.ch\/fr\/energiegewinnung-und-kuehlung-fassaden-im-fokus-der-forschung\/#webpage","url":"https:\/\/www.immo-invest.ch\/fr\/energiegewinnung-und-kuehlung-fassaden-im-fokus-der-forschung\/","name":"Production d\u2019\u00e9nergie et refroidissement : les fa\u00e7ades au c\u0153ur de la recherche - immo!nvest - Die Plattform f\u00fcr Standorte und Immobilien","description":"La Haute \u00e9cole de Lucerne (HSLU) a \u00e9tudi\u00e9 le potentiel de la v\u00e9g\u00e9tation et des panneaux solaires sur les fa\u00e7ades des b\u00e2timents. Selon l'\u00e9tude correspondante et les d\u00e9clarations de la chercheuse Silvia Domingo, les deux peuvent \u00eatre facilement combin\u00e9s. Les r\u00e9ticences des ma\u00eetres d'ouvrage sont \u00e9galement prises en compte.","inLanguage":"fr-FR","isPartOf":{"@id":"https:\/\/www.immo-invest.ch\/fr\/#website"},"breadcrumb":{"@id":"https:\/\/www.immo-invest.ch\/fr\/energiegewinnung-und-kuehlung-fassaden-im-fokus-der-forschung\/#breadcrumblist"},"author":{"@id":"https:\/\/www.immo-invest.ch\/fr\/author\/immovestuser\/#author"},"creator":{"@id":"https:\/\/www.immo-invest.ch\/fr\/author\/immovestuser\/#author"},"image":{"@type":"ImageObject","url":"https:\/\/www.immo-invest.ch\/wp-content\/uploads\/2024\/09\/gruen_urban_Pflanzen_Wohnung-scaled-e1725355614409.jpg","@id":"https:\/\/www.immo-invest.ch\/fr\/energiegewinnung-und-kuehlung-fassaden-im-fokus-der-forschung\/#mainImage","width":1706,"height":2560},"primaryImageOfPage":{"@id":"https:\/\/www.immo-invest.ch\/fr\/energiegewinnung-und-kuehlung-fassaden-im-fokus-der-forschung\/#mainImage"},"datePublished":"2024-09-06T14:45:04+02:00","dateModified":"2024-09-06T14:52:06+02:00"},{"@type":"WebSite","@id":"https:\/\/www.immo-invest.ch\/fr\/#website","url":"https:\/\/www.immo-invest.ch\/fr\/","name":"immo!nvest - Die Plattform f\u00fcr Standorte und Immobilien","description":"Die\u00a0Plattform f\u00fcr Standorte und Immobilien","inLanguage":"fr-FR","publisher":{"@id":"https:\/\/www.immo-invest.ch\/fr\/#organization"}}]},"og:locale":"fr_FR","og:site_name":"immo!nvest - Die Plattform f\u00fcr Standorte und Immobilien - Die\u00a0Plattform f\u00fcr Standorte und Immobilien","og:type":"article","og:title":"Production d\u2019\u00e9nergie et refroidissement : les fa\u00e7ades au c\u0153ur de la recherche - immo!nvest - Die Plattform f\u00fcr Standorte und Immobilien","og:description":"La Haute \u00e9cole de Lucerne (HSLU) a \u00e9tudi\u00e9 le potentiel de la v\u00e9g\u00e9tation et des panneaux solaires sur les fa\u00e7ades des b\u00e2timents. Selon l'\u00e9tude correspondante et les d\u00e9clarations de la chercheuse Silvia Domingo, les deux peuvent \u00eatre facilement combin\u00e9s. Les r\u00e9ticences des ma\u00eetres d'ouvrage sont \u00e9galement prises en compte.","og:url":"https:\/\/www.immo-invest.ch\/fr\/energiegewinnung-und-kuehlung-fassaden-im-fokus-der-forschung\/","og:image":"https:\/\/www.immo-invest.ch\/wp-content\/uploads\/2024\/09\/gruen_urban_Pflanzen_Wohnung-scaled-e1725355614409.jpg","og:image:secure_url":"https:\/\/www.immo-invest.ch\/wp-content\/uploads\/2024\/09\/gruen_urban_Pflanzen_Wohnung-scaled-e1725355614409.jpg","og:image:width":1706,"og:image:height":2560,"article:published_time":"2024-09-06T12:45:04+00:00","article:modified_time":"2024-09-06T12:52:06+00:00","article:publisher":"https:\/\/www.facebook.com\/people\/Immoinvest\/100077962920504\/","twitter:card":"summary_large_image","twitter:site":"@i","twitter:title":"Production d\u2019\u00e9nergie et refroidissement : les fa\u00e7ades au c\u0153ur de la recherche - immo!nvest - Die Plattform f\u00fcr Standorte und Immobilien","twitter:description":"La Haute \u00e9cole de Lucerne (HSLU) a \u00e9tudi\u00e9 le potentiel de la v\u00e9g\u00e9tation et des panneaux solaires sur les fa\u00e7ades des b\u00e2timents. Selon l'\u00e9tude correspondante et les d\u00e9clarations de la chercheuse Silvia Domingo, les deux peuvent \u00eatre facilement combin\u00e9s. Les r\u00e9ticences des ma\u00eetres d'ouvrage sont \u00e9galement prises en compte.","twitter:creator":"@i","twitter:image":"https:\/\/www.immo-invest.ch\/wp-content\/uploads\/2024\/09\/gruen_urban_Pflanzen_Wohnung-scaled-e1725355614409.jpg"},"aioseo_meta_data":{"post_id":"113444","title":null,"description":null,"keywords":null,"keyphrases":null,"primary_term":null,"canonical_url":null,"og_title":null,"og_description":null,"og_object_type":"default","og_image_type":"default","og_image_url":null,"og_image_width":null,"og_image_height":null,"og_image_custom_url":null,"og_image_custom_fields":null,"og_video":null,"og_custom_url":null,"og_article_section":null,"og_article_tags":null,"twitter_use_og":false,"twitter_card":"default","twitter_image_type":"default","twitter_image_url":null,"twitter_image_custom_url":null,"twitter_image_custom_fields":null,"twitter_title":null,"twitter_description":null,"schema":{"blockGraphs":[],"customGraphs":[],"default":{"data":{"Article":[],"Course":[],"Dataset":[],"FAQPage":[],"Movie":[],"Person":[],"Product":[],"ProductReview":[],"Car":[],"Recipe":[],"Service":[],"SoftwareApplication":[],"WebPage":[]},"graphName":"","isEnabled":true},"graphs":[]},"schema_type":"default","schema_type_options":null,"pillar_content":false,"robots_default":true,"robots_noindex":false,"robots_noarchive":false,"robots_nosnippet":false,"robots_nofollow":false,"robots_noimageindex":false,"robots_noodp":false,"robots_notranslate":false,"robots_max_snippet":null,"robots_max_videopreview":null,"robots_max_imagepreview":"large","priority":null,"frequency":null,"local_seo":null,"breadcrumb_settings":null,"limit_modified_date":false,"ai":null,"created":"2024-09-21 02:04:01","updated":"2025-10-24 09:06:27","seo_analyzer_scan_date":null,"focus_keyword":null,"additional_keywords":null,"truseo_locale":null},"aioseo_breadcrumb":"<div class=\"aioseo-breadcrumbs\"><span class=\"aioseo-breadcrumb\">\n\t\t\t<a href=\"https:\/\/www.immo-invest.ch\/fr\/\" title=\"Home\">Home<\/a>\n\t\t<\/span><span class=\"aioseo-breadcrumb-separator\">&raquo;<\/span><span class=\"aioseo-breadcrumb\">\n\t\t\t<a href=\"https:\/\/www.immo-invest.ch\/fr\/categories\/trends-fr\/\" title=\"Trends\">Trends<\/a>\n\t\t<\/span><span class=\"aioseo-breadcrumb-separator\">&raquo;<\/span><span class=\"aioseo-breadcrumb\">\n\t\t\t<a href=\"https:\/\/www.immo-invest.ch\/fr\/categories\/trends-fr\/durabilite\/\" title=\"Durabilit\u00e9\">Durabilit\u00e9<\/a>\n\t\t<\/span><span class=\"aioseo-breadcrumb-separator\">&raquo;<\/span><span class=\"aioseo-breadcrumb\">\n\t\t\tProduction d\u2019\u00e9nergie et refroidissement : les fa\u00e7ades au c\u0153ur de la recherche\n\t\t<\/span><\/div>","aioseo_breadcrumb_json":[{"label":"Home","link":"https:\/\/www.immo-invest.ch\/fr\/"},{"label":"Trends","link":"https:\/\/www.immo-invest.ch\/fr\/categories\/trends-fr\/"},{"label":"Durabilit\u00e9","link":"https:\/\/www.immo-invest.ch\/fr\/categories\/trends-fr\/durabilite\/"},{"label":"Production d&rsquo;\u00e9nergie et refroidissement : les fa\u00e7ades au c\u0153ur de la recherche","link":"https:\/\/www.immo-invest.ch\/fr\/energiegewinnung-und-kuehlung-fassaden-im-fokus-der-forschung\/"}],"featured_image_src":"https:\/\/www.immo-invest.ch\/wp-content\/uploads\/2024\/09\/gruen_urban_Pflanzen_Wohnung-336x168.jpg","_links":{"self":[{"href":"https:\/\/www.immo-invest.ch\/fr\/wp-json\/wp\/v2\/posts\/113444","targetHints":{"allow":["GET"]}}],"collection":[{"href":"https:\/\/www.immo-invest.ch\/fr\/wp-json\/wp\/v2\/posts"}],"about":[{"href":"https:\/\/www.immo-invest.ch\/fr\/wp-json\/wp\/v2\/types\/post"}],"author":[{"embeddable":true,"href":"https:\/\/www.immo-invest.ch\/fr\/wp-json\/wp\/v2\/users\/2"}],"replies":[{"embeddable":true,"href":"https:\/\/www.immo-invest.ch\/fr\/wp-json\/wp\/v2\/comments?post=113444"}],"version-history":[{"count":0,"href":"https:\/\/www.immo-invest.ch\/fr\/wp-json\/wp\/v2\/posts\/113444\/revisions"}],"wp:featuredmedia":[{"embeddable":true,"href":"https:\/\/www.immo-invest.ch\/fr\/wp-json\/wp\/v2\/media\/113151"}],"wp:attachment":[{"href":"https:\/\/www.immo-invest.ch\/fr\/wp-json\/wp\/v2\/media?parent=113444"}],"wp:term":[{"taxonomy":"category","embeddable":true,"href":"https:\/\/www.immo-invest.ch\/fr\/wp-json\/wp\/v2\/categories?post=113444"},{"taxonomy":"post_tag","embeddable":true,"href":"https:\/\/www.immo-invest.ch\/fr\/wp-json\/wp\/v2\/tags?post=113444"}],"curies":[{"name":"wp","href":"https:\/\/api.w.org\/{rel}","templated":true}]}}