{"id":113303,"date":"2024-09-04T10:40:46","date_gmt":"2024-09-04T08:40:46","guid":{"rendered":"https:\/\/www.immo-invest.ch\/?p=113303"},"modified":"2024-09-04T08:46:07","modified_gmt":"2024-09-04T06:46:07","slug":"gebaeudeprogramm-fuer-energetische-sanierungen-verzeichnet-rekordnachfrage","status":"publish","type":"post","link":"https:\/\/www.immo-invest.ch\/fr\/gebaeudeprogramm-fuer-energetische-sanierungen-verzeichnet-rekordnachfrage\/","title":{"rendered":"Le Programme B\u00e2timents pour la r\u00e9novation \u00e9nerg\u00e9tique enregistre une demande record"},"content":{"rendered":"<p class=\"bodytext\">Le <a href=\"http:\/\/www.dasgebaeudeprogramm.ch\" target=\"_blank\" rel=\"noopener\">Programme B&acirc;timents<\/a> de la Conf&eacute;d&eacute;ration et des cantons a connu une ann&eacute;e record. Selon un <a href=\"http:\/\/www.admin.ch\/gov\/de\/start\/dokumentation\/medienmitteilungen.msg-id-102203.html\" target=\"_blank\" rel=\"noopener\">communiqu&eacute; de presse<\/a>, des subventions d&rsquo;un montant de 528 millions de francs ont &eacute;t&eacute; vers&eacute;es en 2023. Il s&rsquo;agit du montant le plus &eacute;lev&eacute; depuis l&rsquo;introduction du programme en 2010 et d&rsquo;une augmentation de 25% par rapport &agrave; l&rsquo;ann&eacute;e pr&eacute;c&eacute;dente.<\/p>\n<p class=\"bodytext\">Les mesures subventionn&eacute;es ont permis de r&eacute;duire la consommation d&rsquo;&eacute;nergie des b&acirc;timents de 11,2 milliards de kilowattheures et les &eacute;missions de CO2 de 3,4 millions de tonnes sur toute leur dur&eacute;e de vie, est-il pr&eacute;cis&eacute;.<\/p>\n<p class=\"bodytext\">Les raisons de la demande accrue sont les th&egrave;mes de la s&eacute;curit&eacute; de l&rsquo;approvisionnement &eacute;nerg&eacute;tique et des &eacute;conomies d&rsquo;&eacute;nergie, qui sont toujours aussi pr&eacute;sents dans l&rsquo;esprit du public. Suite &agrave; l&rsquo;augmentation des co&ucirc;ts de l&rsquo;&eacute;nergie, les cantons ont augment&eacute; leurs budgets d&rsquo;encouragement et parfois leurs subventions, cr&eacute;ant ainsi des incitations dans le secteur de la r&eacute;novation.<\/p>\n<p class=\"bodytext\">Il est &eacute;galement pr&eacute;cis&eacute; qu&rsquo;en plus des versements, les engagements de subventions pour des mesures &eacute;nerg&eacute;tiques qui seront mises en &oelig;uvre et vers&eacute;es au cours des cinq prochaines ann&eacute;es ont presque atteint, avec 587 millions de francs, leur valeur maximale de 2022, soit 592 millions de francs.<\/p>\n<p class=\"bodytext\">La majeure partie de cette somme a &eacute;t&eacute; consacr&eacute;e &agrave; des projets de r&eacute;novation des installations techniques des b&acirc;timents. Les francs d&rsquo;encouragement devraient &ecirc;tre utilis&eacute;s pour le remplacement de 26 500 chauffages au cours des prochaines ann&eacute;es. Un montant de 114 millions de francs serait pr&eacute;vu pour les r&eacute;novations de syst&egrave;mes.<\/p>\n<p class=\"bodytext\">Outre les objectifs climatiques, le Programme B&acirc;timents a eu un effet positif sur l&rsquo;emploi et la cr&eacute;ation de valeur. il a permis de g&eacute;n&eacute;rer 3000 &eacute;quivalents temps plein et 150 millions de francs de valeur ajout&eacute;e suppl&eacute;mentaire dans le pays.<\/p>\n","protected":false},"excerpt":{"rendered":"<p>Le Programme B\u00e2timents de la Conf\u00e9d\u00e9ration et des cantons enregistre une ann\u00e9e record en 2023 : 528 millions de francs ont \u00e9t\u00e9 vers\u00e9s pour des r\u00e9novations \u00e9nerg\u00e9tiques. Les mesures subventionn\u00e9es contribuent \u00e0 la r\u00e9duction des \u00e9missions de CO\u2082 et de la consommation d&rsquo;\u00e9nergie et favorisent l&rsquo;\u00e9conomie.<\/p>\n","protected":false},"author":2,"featured_media":113296,"comment_status":"open","ping_status":"open","sticky":false,"template":"","format":"standard","meta":{"pmpro_default_level":"","inline_featured_image":false,"_monsterinsights_skip_tracking":false,"footnotes":""},"categories":[22699,8747,743],"tags":[45816,2053,39888,872,3931,2002],"class_list":["post-113303","post","type-post","status-publish","format-standard","has-post-thumbnail","hentry","category-durabilite","category-energie","category-immonews-fr","tag-co2-reduktion-2-fr","tag-energieeffizienz-fr","tag-gebaeudesanierung-fr","tag-immoinvest-fr","tag-immonews-fr","tag-news-fr","pmpro-has-access"],"acf":{"bild_mit_ki_erstellt_worden":[],"lead":"Le programme de r\u00e9novation \u00e9nerg\u00e9tique des b\u00e2timents de la Conf\u00e9d\u00e9ration et des cantons a atteint un record en 2023, avec 528 millions de francs allou\u00e9s. Les mesures financ\u00e9es r\u00e9duisent les \u00e9missions de CO\u2082 et la consommation d'\u00e9nergie, tout en stimulant l'\u00e9conomie.","autor":"ce\/heg","ort":"Bern","bildunterschrift":"","bild_im_grid":false,"gallerie":"","newsim":""},"aioseo_notices":[],"aioseo_head":"\n\t\t<!-- All in One SEO 5.0.1.1 - aioseo.com -->\n\t<meta name=\"description\" content=\"Le Programme B\u00e2timents de la Conf\u00e9d\u00e9ration et des cantons enregistre une ann\u00e9e record en 2023 : 528 millions de francs ont \u00e9t\u00e9 vers\u00e9s pour des r\u00e9novations \u00e9nerg\u00e9tiques. Les mesures subventionn\u00e9es contribuent \u00e0 la r\u00e9duction des \u00e9missions de CO\u2082 et de la consommation d&#039;\u00e9nergie et favorisent l&#039;\u00e9conomie.\" \/>\n\t<meta name=\"robots\" content=\"max-image-preview:large\" \/>\n\t<meta name=\"author\" content=\"immovestuser\"\/>\n\t<meta name=\"google-site-verification\" content=\"fHJKvgWpZCR2zVBHWfkQeFXC11qieUSff0HGNYfuyLA\" \/>\n\t<link rel=\"canonical\" href=\"https:\/\/www.immo-invest.ch\/fr\/gebaeudeprogramm-fuer-energetische-sanierungen-verzeichnet-rekordnachfrage\/\" \/>\n\t<meta name=\"generator\" content=\"All in One SEO (AIOSEO) 5.0.1.1\" \/>\n\t\t<meta property=\"og:locale\" content=\"fr_FR\" \/>\n\t\t<meta property=\"og:site_name\" content=\"immo!nvest - Die Plattform f\u00fcr Standorte und Immobilien - Die\u00a0Plattform f\u00fcr Standorte und Immobilien\" \/>\n\t\t<meta property=\"og:type\" content=\"article\" \/>\n\t\t<meta property=\"og:title\" content=\"Le Programme B\u00e2timents pour la r\u00e9novation \u00e9nerg\u00e9tique enregistre une demande record - immo!nvest - Die Plattform f\u00fcr Standorte und Immobilien\" \/>\n\t\t<meta property=\"og:description\" content=\"Le Programme B\u00e2timents de la Conf\u00e9d\u00e9ration et des cantons enregistre une ann\u00e9e record en 2023 : 528 millions de francs ont \u00e9t\u00e9 vers\u00e9s pour des r\u00e9novations \u00e9nerg\u00e9tiques. Les mesures subventionn\u00e9es contribuent \u00e0 la r\u00e9duction des \u00e9missions de CO\u2082 et de la consommation d&#039;\u00e9nergie et favorisent l&#039;\u00e9conomie.\" \/>\n\t\t<meta property=\"og:url\" content=\"https:\/\/www.immo-invest.ch\/fr\/gebaeudeprogramm-fuer-energetische-sanierungen-verzeichnet-rekordnachfrage\/\" \/>\n\t\t<meta property=\"og:image\" content=\"https:\/\/www.immo-invest.ch\/wp-content\/uploads\/2024\/09\/Unbenannt-1.png\" \/>\n\t\t<meta property=\"og:image:secure_url\" content=\"https:\/\/www.immo-invest.ch\/wp-content\/uploads\/2024\/09\/Unbenannt-1.png\" \/>\n\t\t<meta property=\"og:image:width\" content=\"1792\" \/>\n\t\t<meta property=\"og:image:height\" content=\"1024\" \/>\n\t\t<meta property=\"article:published_time\" content=\"2024-09-04T08:40:46+00:00\" \/>\n\t\t<meta property=\"article:modified_time\" content=\"2024-09-04T06:46:07+00:00\" \/>\n\t\t<meta property=\"article:publisher\" content=\"https:\/\/www.facebook.com\/people\/Immoinvest\/100077962920504\/\" \/>\n\t\t<meta name=\"twitter:card\" content=\"summary_large_image\" \/>\n\t\t<meta name=\"twitter:site\" content=\"@i\" \/>\n\t\t<meta name=\"twitter:title\" content=\"Le Programme B\u00e2timents pour la r\u00e9novation \u00e9nerg\u00e9tique enregistre une demande record - immo!nvest - Die Plattform f\u00fcr Standorte und Immobilien\" \/>\n\t\t<meta name=\"twitter:description\" content=\"Le Programme B\u00e2timents de la Conf\u00e9d\u00e9ration et des cantons enregistre une ann\u00e9e record en 2023 : 528 millions de francs ont \u00e9t\u00e9 vers\u00e9s pour des r\u00e9novations \u00e9nerg\u00e9tiques. Les mesures subventionn\u00e9es contribuent \u00e0 la r\u00e9duction des \u00e9missions de CO\u2082 et de la consommation d&#039;\u00e9nergie et favorisent l&#039;\u00e9conomie.\" \/>\n\t\t<meta name=\"twitter:creator\" content=\"@i\" \/>\n\t\t<meta name=\"twitter:image\" content=\"https:\/\/www.immo-invest.ch\/wp-content\/uploads\/2024\/09\/Unbenannt-1.png\" \/>\n\t\t<script type=\"application\/ld+json\" class=\"aioseo-schema\">\n\t\t\t{\"@context\":\"https:\\\/\\\/schema.org\",\"@graph\":[{\"@type\":\"BlogPosting\",\"@id\":\"https:\\\/\\\/www.immo-invest.ch\\\/fr\\\/gebaeudeprogramm-fuer-energetische-sanierungen-verzeichnet-rekordnachfrage\\\/#blogposting\",\"name\":\"Le Programme B\\u00e2timents pour la r\\u00e9novation \\u00e9nerg\\u00e9tique enregistre une demande record - immo!nvest - Die Plattform f\\u00fcr Standorte und Immobilien\",\"headline\":\"Le Programme B\\u00e2timents pour la r\\u00e9novation \\u00e9nerg\\u00e9tique enregistre une demande record\",\"author\":{\"@id\":\"https:\\\/\\\/www.immo-invest.ch\\\/fr\\\/author\\\/immovestuser\\\/#author\"},\"publisher\":{\"@id\":\"https:\\\/\\\/www.immo-invest.ch\\\/fr\\\/#organization\"},\"image\":{\"@type\":\"ImageObject\",\"url\":\"https:\\\/\\\/www.immo-invest.ch\\\/wp-content\\\/uploads\\\/2024\\\/09\\\/Unbenannt-1.png\",\"width\":1792,\"height\":1024},\"datePublished\":\"2024-09-04T10:40:46+02:00\",\"dateModified\":\"2024-09-04T08:46:07+02:00\",\"inLanguage\":\"fr-FR\",\"mainEntityOfPage\":{\"@id\":\"https:\\\/\\\/www.immo-invest.ch\\\/fr\\\/gebaeudeprogramm-fuer-energetische-sanierungen-verzeichnet-rekordnachfrage\\\/#webpage\"},\"isPartOf\":{\"@id\":\"https:\\\/\\\/www.immo-invest.ch\\\/fr\\\/gebaeudeprogramm-fuer-energetische-sanierungen-verzeichnet-rekordnachfrage\\\/#webpage\"},\"articleSection\":\"Durabilit\\u00e9, \\u00c9nergie, immoNews, CO2-Reduktion, Energieeffizienz, Geb\\u00e4udesanierung, Immoinvest, immoNews, News, Facultatif\"},{\"@type\":\"BreadcrumbList\",\"@id\":\"https:\\\/\\\/www.immo-invest.ch\\\/fr\\\/gebaeudeprogramm-fuer-energetische-sanierungen-verzeichnet-rekordnachfrage\\\/#breadcrumblist\",\"itemListElement\":[{\"@type\":\"ListItem\",\"@id\":\"https:\\\/\\\/www.immo-invest.ch\\\/fr\\\/#listItem\",\"position\":1,\"name\":\"Home\",\"item\":\"https:\\\/\\\/www.immo-invest.ch\\\/fr\\\/\",\"nextItem\":{\"@type\":\"ListItem\",\"@id\":\"https:\\\/\\\/www.immo-invest.ch\\\/fr\\\/categories\\\/trends-fr\\\/#listItem\",\"name\":\"Trends\"}},{\"@type\":\"ListItem\",\"@id\":\"https:\\\/\\\/www.immo-invest.ch\\\/fr\\\/categories\\\/trends-fr\\\/#listItem\",\"position\":2,\"name\":\"Trends\",\"item\":\"https:\\\/\\\/www.immo-invest.ch\\\/fr\\\/categories\\\/trends-fr\\\/\",\"nextItem\":{\"@type\":\"ListItem\",\"@id\":\"https:\\\/\\\/www.immo-invest.ch\\\/fr\\\/categories\\\/trends-fr\\\/durabilite\\\/#listItem\",\"name\":\"Durabilit\\u00e9\"},\"previousItem\":{\"@type\":\"ListItem\",\"@id\":\"https:\\\/\\\/www.immo-invest.ch\\\/fr\\\/#listItem\",\"name\":\"Home\"}},{\"@type\":\"ListItem\",\"@id\":\"https:\\\/\\\/www.immo-invest.ch\\\/fr\\\/categories\\\/trends-fr\\\/durabilite\\\/#listItem\",\"position\":3,\"name\":\"Durabilit\\u00e9\",\"item\":\"https:\\\/\\\/www.immo-invest.ch\\\/fr\\\/categories\\\/trends-fr\\\/durabilite\\\/\",\"nextItem\":{\"@type\":\"ListItem\",\"@id\":\"https:\\\/\\\/www.immo-invest.ch\\\/fr\\\/gebaeudeprogramm-fuer-energetische-sanierungen-verzeichnet-rekordnachfrage\\\/#listItem\",\"name\":\"Le Programme B\\u00e2timents pour la r\\u00e9novation \\u00e9nerg\\u00e9tique enregistre une demande record\"},\"previousItem\":{\"@type\":\"ListItem\",\"@id\":\"https:\\\/\\\/www.immo-invest.ch\\\/fr\\\/categories\\\/trends-fr\\\/#listItem\",\"name\":\"Trends\"}},{\"@type\":\"ListItem\",\"@id\":\"https:\\\/\\\/www.immo-invest.ch\\\/fr\\\/gebaeudeprogramm-fuer-energetische-sanierungen-verzeichnet-rekordnachfrage\\\/#listItem\",\"position\":4,\"name\":\"Le Programme B\\u00e2timents pour la r\\u00e9novation \\u00e9nerg\\u00e9tique enregistre une demande record\",\"previousItem\":{\"@type\":\"ListItem\",\"@id\":\"https:\\\/\\\/www.immo-invest.ch\\\/fr\\\/categories\\\/trends-fr\\\/durabilite\\\/#listItem\",\"name\":\"Durabilit\\u00e9\"}}]},{\"@type\":\"Organization\",\"@id\":\"https:\\\/\\\/www.immo-invest.ch\\\/fr\\\/#organization\",\"name\":\"immo!nvest - Die Plattform f\\u00fcr Standorte und Immobilien\",\"description\":\"Die\\u00a0Plattform f\\u00fcr Standorte und Immobilien\",\"url\":\"https:\\\/\\\/www.immo-invest.ch\\\/fr\\\/\",\"email\":\"admin@immomedia.ag\",\"telephone\":\"+41444420002\",\"logo\":{\"@type\":\"ImageObject\",\"url\":\"https:\\\/\\\/www.immo-invest.ch\\\/wp-content\\\/uploads\\\/2024\\\/09\\\/immoinvest_sm-scaled.jpg\",\"@id\":\"https:\\\/\\\/www.immo-invest.ch\\\/fr\\\/gebaeudeprogramm-fuer-energetische-sanierungen-verzeichnet-rekordnachfrage\\\/#organizationLogo\",\"width\":2560,\"height\":1340},\"image\":{\"@id\":\"https:\\\/\\\/www.immo-invest.ch\\\/fr\\\/gebaeudeprogramm-fuer-energetische-sanierungen-verzeichnet-rekordnachfrage\\\/#organizationLogo\"},\"sameAs\":[\"https:\\\/\\\/www.facebook.com\\\/people\\\/Immoinvest\\\/100077962920504\\\/\",\"https:\\\/\\\/x.com\\\/i\\\/flow\\\/login?redirect_after_login=immoinvest_ch\",\"https:\\\/\\\/www.instagram.com\\\/immoinvest_ch\\\/\",\"https:\\\/\\\/www.linkedin.com\\\/company\\\/immoinvest-swiss\"]},{\"@type\":\"Person\",\"@id\":\"https:\\\/\\\/www.immo-invest.ch\\\/fr\\\/author\\\/immovestuser\\\/#author\",\"url\":\"https:\\\/\\\/www.immo-invest.ch\\\/fr\\\/author\\\/immovestuser\\\/\",\"name\":\"immovestuser\",\"image\":{\"@type\":\"ImageObject\",\"@id\":\"https:\\\/\\\/www.immo-invest.ch\\\/fr\\\/gebaeudeprogramm-fuer-energetische-sanierungen-verzeichnet-rekordnachfrage\\\/#authorImage\",\"url\":\"https:\\\/\\\/secure.gravatar.com\\\/avatar\\\/8e01f4d99f2eeea7a362ebb93305e1172a70e9293ba250f897a65c39f54cdd1e?s=96&d=mm&r=g\",\"width\":96,\"height\":96,\"caption\":\"immovestuser\"}},{\"@type\":\"WebPage\",\"@id\":\"https:\\\/\\\/www.immo-invest.ch\\\/fr\\\/gebaeudeprogramm-fuer-energetische-sanierungen-verzeichnet-rekordnachfrage\\\/#webpage\",\"url\":\"https:\\\/\\\/www.immo-invest.ch\\\/fr\\\/gebaeudeprogramm-fuer-energetische-sanierungen-verzeichnet-rekordnachfrage\\\/\",\"name\":\"Le Programme B\\u00e2timents pour la r\\u00e9novation \\u00e9nerg\\u00e9tique enregistre une demande record - immo!nvest - Die Plattform f\\u00fcr Standorte und Immobilien\",\"description\":\"Le Programme B\\u00e2timents de la Conf\\u00e9d\\u00e9ration et des cantons enregistre une ann\\u00e9e record en 2023 : 528 millions de francs ont \\u00e9t\\u00e9 vers\\u00e9s pour des r\\u00e9novations \\u00e9nerg\\u00e9tiques. Les mesures subventionn\\u00e9es contribuent \\u00e0 la r\\u00e9duction des \\u00e9missions de CO\\u2082 et de la consommation d'\\u00e9nergie et favorisent l'\\u00e9conomie.\",\"inLanguage\":\"fr-FR\",\"isPartOf\":{\"@id\":\"https:\\\/\\\/www.immo-invest.ch\\\/fr\\\/#website\"},\"breadcrumb\":{\"@id\":\"https:\\\/\\\/www.immo-invest.ch\\\/fr\\\/gebaeudeprogramm-fuer-energetische-sanierungen-verzeichnet-rekordnachfrage\\\/#breadcrumblist\"},\"author\":{\"@id\":\"https:\\\/\\\/www.immo-invest.ch\\\/fr\\\/author\\\/immovestuser\\\/#author\"},\"creator\":{\"@id\":\"https:\\\/\\\/www.immo-invest.ch\\\/fr\\\/author\\\/immovestuser\\\/#author\"},\"image\":{\"@type\":\"ImageObject\",\"url\":\"https:\\\/\\\/www.immo-invest.ch\\\/wp-content\\\/uploads\\\/2024\\\/09\\\/Unbenannt-1.png\",\"@id\":\"https:\\\/\\\/www.immo-invest.ch\\\/fr\\\/gebaeudeprogramm-fuer-energetische-sanierungen-verzeichnet-rekordnachfrage\\\/#mainImage\",\"width\":1792,\"height\":1024},\"primaryImageOfPage\":{\"@id\":\"https:\\\/\\\/www.immo-invest.ch\\\/fr\\\/gebaeudeprogramm-fuer-energetische-sanierungen-verzeichnet-rekordnachfrage\\\/#mainImage\"},\"datePublished\":\"2024-09-04T10:40:46+02:00\",\"dateModified\":\"2024-09-04T08:46:07+02:00\"},{\"@type\":\"WebSite\",\"@id\":\"https:\\\/\\\/www.immo-invest.ch\\\/fr\\\/#website\",\"url\":\"https:\\\/\\\/www.immo-invest.ch\\\/fr\\\/\",\"name\":\"immo!nvest - Die Plattform f\\u00fcr Standorte und Immobilien\",\"description\":\"Die\\u00a0Plattform f\\u00fcr Standorte und Immobilien\",\"inLanguage\":\"fr-FR\",\"publisher\":{\"@id\":\"https:\\\/\\\/www.immo-invest.ch\\\/fr\\\/#organization\"}}]}\n\t\t<\/script>\n\t\t<!-- All in One SEO -->\n\n","aioseo_head_json":{"title":"Le Programme B\u00e2timents pour la r\u00e9novation \u00e9nerg\u00e9tique enregistre une demande record - immo!nvest - Die Plattform f\u00fcr Standorte und Immobilien","description":"Le Programme B\u00e2timents de la Conf\u00e9d\u00e9ration et des cantons enregistre une ann\u00e9e record en 2023 : 528 millions de francs ont \u00e9t\u00e9 vers\u00e9s pour des r\u00e9novations \u00e9nerg\u00e9tiques. Les mesures subventionn\u00e9es contribuent \u00e0 la r\u00e9duction des \u00e9missions de CO\u2082 et de la consommation d'\u00e9nergie et favorisent l'\u00e9conomie.","canonical_url":"https:\/\/www.immo-invest.ch\/fr\/gebaeudeprogramm-fuer-energetische-sanierungen-verzeichnet-rekordnachfrage\/","robots":"max-image-preview:large","keywords":"","webmasterTools":{"google-site-verification":"fHJKvgWpZCR2zVBHWfkQeFXC11qieUSff0HGNYfuyLA","miscellaneous":""},"schema":{"@context":"https:\/\/schema.org","@graph":[{"@type":"BlogPosting","@id":"https:\/\/www.immo-invest.ch\/fr\/gebaeudeprogramm-fuer-energetische-sanierungen-verzeichnet-rekordnachfrage\/#blogposting","name":"Le Programme B\u00e2timents pour la r\u00e9novation \u00e9nerg\u00e9tique enregistre une demande record - immo!nvest - Die Plattform f\u00fcr Standorte und Immobilien","headline":"Le Programme B\u00e2timents pour la r\u00e9novation \u00e9nerg\u00e9tique enregistre une demande record","author":{"@id":"https:\/\/www.immo-invest.ch\/fr\/author\/immovestuser\/#author"},"publisher":{"@id":"https:\/\/www.immo-invest.ch\/fr\/#organization"},"image":{"@type":"ImageObject","url":"https:\/\/www.immo-invest.ch\/wp-content\/uploads\/2024\/09\/Unbenannt-1.png","width":1792,"height":1024},"datePublished":"2024-09-04T10:40:46+02:00","dateModified":"2024-09-04T08:46:07+02:00","inLanguage":"fr-FR","mainEntityOfPage":{"@id":"https:\/\/www.immo-invest.ch\/fr\/gebaeudeprogramm-fuer-energetische-sanierungen-verzeichnet-rekordnachfrage\/#webpage"},"isPartOf":{"@id":"https:\/\/www.immo-invest.ch\/fr\/gebaeudeprogramm-fuer-energetische-sanierungen-verzeichnet-rekordnachfrage\/#webpage"},"articleSection":"Durabilit\u00e9, \u00c9nergie, immoNews, CO2-Reduktion, Energieeffizienz, Geb\u00e4udesanierung, Immoinvest, immoNews, News, Facultatif"},{"@type":"BreadcrumbList","@id":"https:\/\/www.immo-invest.ch\/fr\/gebaeudeprogramm-fuer-energetische-sanierungen-verzeichnet-rekordnachfrage\/#breadcrumblist","itemListElement":[{"@type":"ListItem","@id":"https:\/\/www.immo-invest.ch\/fr\/#listItem","position":1,"name":"Home","item":"https:\/\/www.immo-invest.ch\/fr\/","nextItem":{"@type":"ListItem","@id":"https:\/\/www.immo-invest.ch\/fr\/categories\/trends-fr\/#listItem","name":"Trends"}},{"@type":"ListItem","@id":"https:\/\/www.immo-invest.ch\/fr\/categories\/trends-fr\/#listItem","position":2,"name":"Trends","item":"https:\/\/www.immo-invest.ch\/fr\/categories\/trends-fr\/","nextItem":{"@type":"ListItem","@id":"https:\/\/www.immo-invest.ch\/fr\/categories\/trends-fr\/durabilite\/#listItem","name":"Durabilit\u00e9"},"previousItem":{"@type":"ListItem","@id":"https:\/\/www.immo-invest.ch\/fr\/#listItem","name":"Home"}},{"@type":"ListItem","@id":"https:\/\/www.immo-invest.ch\/fr\/categories\/trends-fr\/durabilite\/#listItem","position":3,"name":"Durabilit\u00e9","item":"https:\/\/www.immo-invest.ch\/fr\/categories\/trends-fr\/durabilite\/","nextItem":{"@type":"ListItem","@id":"https:\/\/www.immo-invest.ch\/fr\/gebaeudeprogramm-fuer-energetische-sanierungen-verzeichnet-rekordnachfrage\/#listItem","name":"Le Programme B\u00e2timents pour la r\u00e9novation \u00e9nerg\u00e9tique enregistre une demande record"},"previousItem":{"@type":"ListItem","@id":"https:\/\/www.immo-invest.ch\/fr\/categories\/trends-fr\/#listItem","name":"Trends"}},{"@type":"ListItem","@id":"https:\/\/www.immo-invest.ch\/fr\/gebaeudeprogramm-fuer-energetische-sanierungen-verzeichnet-rekordnachfrage\/#listItem","position":4,"name":"Le Programme B\u00e2timents pour la r\u00e9novation \u00e9nerg\u00e9tique enregistre une demande record","previousItem":{"@type":"ListItem","@id":"https:\/\/www.immo-invest.ch\/fr\/categories\/trends-fr\/durabilite\/#listItem","name":"Durabilit\u00e9"}}]},{"@type":"Organization","@id":"https:\/\/www.immo-invest.ch\/fr\/#organization","name":"immo!nvest - Die Plattform f\u00fcr Standorte und Immobilien","description":"Die\u00a0Plattform f\u00fcr Standorte und Immobilien","url":"https:\/\/www.immo-invest.ch\/fr\/","email":"admin@immomedia.ag","telephone":"+41444420002","logo":{"@type":"ImageObject","url":"https:\/\/www.immo-invest.ch\/wp-content\/uploads\/2024\/09\/immoinvest_sm-scaled.jpg","@id":"https:\/\/www.immo-invest.ch\/fr\/gebaeudeprogramm-fuer-energetische-sanierungen-verzeichnet-rekordnachfrage\/#organizationLogo","width":2560,"height":1340},"image":{"@id":"https:\/\/www.immo-invest.ch\/fr\/gebaeudeprogramm-fuer-energetische-sanierungen-verzeichnet-rekordnachfrage\/#organizationLogo"},"sameAs":["https:\/\/www.facebook.com\/people\/Immoinvest\/100077962920504\/","https:\/\/x.com\/i\/flow\/login?redirect_after_login=immoinvest_ch","https:\/\/www.instagram.com\/immoinvest_ch\/","https:\/\/www.linkedin.com\/company\/immoinvest-swiss"]},{"@type":"Person","@id":"https:\/\/www.immo-invest.ch\/fr\/author\/immovestuser\/#author","url":"https:\/\/www.immo-invest.ch\/fr\/author\/immovestuser\/","name":"immovestuser","image":{"@type":"ImageObject","@id":"https:\/\/www.immo-invest.ch\/fr\/gebaeudeprogramm-fuer-energetische-sanierungen-verzeichnet-rekordnachfrage\/#authorImage","url":"https:\/\/secure.gravatar.com\/avatar\/8e01f4d99f2eeea7a362ebb93305e1172a70e9293ba250f897a65c39f54cdd1e?s=96&d=mm&r=g","width":96,"height":96,"caption":"immovestuser"}},{"@type":"WebPage","@id":"https:\/\/www.immo-invest.ch\/fr\/gebaeudeprogramm-fuer-energetische-sanierungen-verzeichnet-rekordnachfrage\/#webpage","url":"https:\/\/www.immo-invest.ch\/fr\/gebaeudeprogramm-fuer-energetische-sanierungen-verzeichnet-rekordnachfrage\/","name":"Le Programme B\u00e2timents pour la r\u00e9novation \u00e9nerg\u00e9tique enregistre une demande record - immo!nvest - Die Plattform f\u00fcr Standorte und Immobilien","description":"Le Programme B\u00e2timents de la Conf\u00e9d\u00e9ration et des cantons enregistre une ann\u00e9e record en 2023 : 528 millions de francs ont \u00e9t\u00e9 vers\u00e9s pour des r\u00e9novations \u00e9nerg\u00e9tiques. Les mesures subventionn\u00e9es contribuent \u00e0 la r\u00e9duction des \u00e9missions de CO\u2082 et de la consommation d'\u00e9nergie et favorisent l'\u00e9conomie.","inLanguage":"fr-FR","isPartOf":{"@id":"https:\/\/www.immo-invest.ch\/fr\/#website"},"breadcrumb":{"@id":"https:\/\/www.immo-invest.ch\/fr\/gebaeudeprogramm-fuer-energetische-sanierungen-verzeichnet-rekordnachfrage\/#breadcrumblist"},"author":{"@id":"https:\/\/www.immo-invest.ch\/fr\/author\/immovestuser\/#author"},"creator":{"@id":"https:\/\/www.immo-invest.ch\/fr\/author\/immovestuser\/#author"},"image":{"@type":"ImageObject","url":"https:\/\/www.immo-invest.ch\/wp-content\/uploads\/2024\/09\/Unbenannt-1.png","@id":"https:\/\/www.immo-invest.ch\/fr\/gebaeudeprogramm-fuer-energetische-sanierungen-verzeichnet-rekordnachfrage\/#mainImage","width":1792,"height":1024},"primaryImageOfPage":{"@id":"https:\/\/www.immo-invest.ch\/fr\/gebaeudeprogramm-fuer-energetische-sanierungen-verzeichnet-rekordnachfrage\/#mainImage"},"datePublished":"2024-09-04T10:40:46+02:00","dateModified":"2024-09-04T08:46:07+02:00"},{"@type":"WebSite","@id":"https:\/\/www.immo-invest.ch\/fr\/#website","url":"https:\/\/www.immo-invest.ch\/fr\/","name":"immo!nvest - Die Plattform f\u00fcr Standorte und Immobilien","description":"Die\u00a0Plattform f\u00fcr Standorte und Immobilien","inLanguage":"fr-FR","publisher":{"@id":"https:\/\/www.immo-invest.ch\/fr\/#organization"}}]},"og:locale":"fr_FR","og:site_name":"immo!nvest - Die Plattform f\u00fcr Standorte und Immobilien - Die\u00a0Plattform f\u00fcr Standorte und Immobilien","og:type":"article","og:title":"Le Programme B\u00e2timents pour la r\u00e9novation \u00e9nerg\u00e9tique enregistre une demande record - immo!nvest - Die Plattform f\u00fcr Standorte und Immobilien","og:description":"Le Programme B\u00e2timents de la Conf\u00e9d\u00e9ration et des cantons enregistre une ann\u00e9e record en 2023 : 528 millions de francs ont \u00e9t\u00e9 vers\u00e9s pour des r\u00e9novations \u00e9nerg\u00e9tiques. Les mesures subventionn\u00e9es contribuent \u00e0 la r\u00e9duction des \u00e9missions de CO\u2082 et de la consommation d'\u00e9nergie et favorisent l'\u00e9conomie.","og:url":"https:\/\/www.immo-invest.ch\/fr\/gebaeudeprogramm-fuer-energetische-sanierungen-verzeichnet-rekordnachfrage\/","og:image":"https:\/\/www.immo-invest.ch\/wp-content\/uploads\/2024\/09\/Unbenannt-1.png","og:image:secure_url":"https:\/\/www.immo-invest.ch\/wp-content\/uploads\/2024\/09\/Unbenannt-1.png","og:image:width":1792,"og:image:height":1024,"article:published_time":"2024-09-04T08:40:46+00:00","article:modified_time":"2024-09-04T06:46:07+00:00","article:publisher":"https:\/\/www.facebook.com\/people\/Immoinvest\/100077962920504\/","twitter:card":"summary_large_image","twitter:site":"@i","twitter:title":"Le Programme B\u00e2timents pour la r\u00e9novation \u00e9nerg\u00e9tique enregistre une demande record - immo!nvest - Die Plattform f\u00fcr Standorte und Immobilien","twitter:description":"Le Programme B\u00e2timents de la Conf\u00e9d\u00e9ration et des cantons enregistre une ann\u00e9e record en 2023 : 528 millions de francs ont \u00e9t\u00e9 vers\u00e9s pour des r\u00e9novations \u00e9nerg\u00e9tiques. Les mesures subventionn\u00e9es contribuent \u00e0 la r\u00e9duction des \u00e9missions de CO\u2082 et de la consommation d'\u00e9nergie et favorisent l'\u00e9conomie.","twitter:creator":"@i","twitter:image":"https:\/\/www.immo-invest.ch\/wp-content\/uploads\/2024\/09\/Unbenannt-1.png"},"aioseo_meta_data":{"post_id":"113303","title":null,"description":null,"keywords":null,"keyphrases":null,"primary_term":null,"canonical_url":null,"og_title":null,"og_description":null,"og_object_type":"default","og_image_type":"default","og_image_url":null,"og_image_width":null,"og_image_height":null,"og_image_custom_url":null,"og_image_custom_fields":null,"og_video":null,"og_custom_url":null,"og_article_section":null,"og_article_tags":null,"twitter_use_og":false,"twitter_card":"default","twitter_image_type":"default","twitter_image_url":null,"twitter_image_custom_url":null,"twitter_image_custom_fields":null,"twitter_title":null,"twitter_description":null,"schema":{"blockGraphs":[],"customGraphs":[],"default":{"data":{"Article":[],"Course":[],"Dataset":[],"FAQPage":[],"Movie":[],"Person":[],"Product":[],"ProductReview":[],"Car":[],"Recipe":[],"Service":[],"SoftwareApplication":[],"WebPage":[]},"graphName":"","isEnabled":true},"graphs":[]},"schema_type":"default","schema_type_options":null,"pillar_content":false,"robots_default":true,"robots_noindex":false,"robots_noarchive":false,"robots_nosnippet":false,"robots_nofollow":false,"robots_noimageindex":false,"robots_noodp":false,"robots_notranslate":false,"robots_max_snippet":null,"robots_max_videopreview":null,"robots_max_imagepreview":"large","priority":null,"frequency":null,"local_seo":null,"breadcrumb_settings":null,"limit_modified_date":false,"ai":null,"created":"2024-09-21 01:56:02","updated":"2025-10-24 08:46:53","seo_analyzer_scan_date":null,"focus_keyword":null,"additional_keywords":null,"truseo_locale":null},"aioseo_breadcrumb":"<div class=\"aioseo-breadcrumbs\"><span class=\"aioseo-breadcrumb\">\n\t\t\t<a href=\"https:\/\/www.immo-invest.ch\/fr\/\" title=\"Home\">Home<\/a>\n\t\t<\/span><span class=\"aioseo-breadcrumb-separator\">&raquo;<\/span><span class=\"aioseo-breadcrumb\">\n\t\t\t<a href=\"https:\/\/www.immo-invest.ch\/fr\/categories\/trends-fr\/\" title=\"Trends\">Trends<\/a>\n\t\t<\/span><span class=\"aioseo-breadcrumb-separator\">&raquo;<\/span><span class=\"aioseo-breadcrumb\">\n\t\t\t<a href=\"https:\/\/www.immo-invest.ch\/fr\/categories\/trends-fr\/durabilite\/\" title=\"Durabilit\u00e9\">Durabilit\u00e9<\/a>\n\t\t<\/span><span class=\"aioseo-breadcrumb-separator\">&raquo;<\/span><span class=\"aioseo-breadcrumb\">\n\t\t\tLe Programme B\u00e2timents pour la r\u00e9novation \u00e9nerg\u00e9tique enregistre une demande record\n\t\t<\/span><\/div>","aioseo_breadcrumb_json":[{"label":"Home","link":"https:\/\/www.immo-invest.ch\/fr\/"},{"label":"Trends","link":"https:\/\/www.immo-invest.ch\/fr\/categories\/trends-fr\/"},{"label":"Durabilit\u00e9","link":"https:\/\/www.immo-invest.ch\/fr\/categories\/trends-fr\/durabilite\/"},{"label":"Le Programme B\u00e2timents pour la r\u00e9novation \u00e9nerg\u00e9tique enregistre une demande record","link":"https:\/\/www.immo-invest.ch\/fr\/gebaeudeprogramm-fuer-energetische-sanierungen-verzeichnet-rekordnachfrage\/"}],"featured_image_src":"https:\/\/www.immo-invest.ch\/wp-content\/uploads\/2024\/09\/Unbenannt-1-336x168.png","_links":{"self":[{"href":"https:\/\/www.immo-invest.ch\/fr\/wp-json\/wp\/v2\/posts\/113303","targetHints":{"allow":["GET"]}}],"collection":[{"href":"https:\/\/www.immo-invest.ch\/fr\/wp-json\/wp\/v2\/posts"}],"about":[{"href":"https:\/\/www.immo-invest.ch\/fr\/wp-json\/wp\/v2\/types\/post"}],"author":[{"embeddable":true,"href":"https:\/\/www.immo-invest.ch\/fr\/wp-json\/wp\/v2\/users\/2"}],"replies":[{"embeddable":true,"href":"https:\/\/www.immo-invest.ch\/fr\/wp-json\/wp\/v2\/comments?post=113303"}],"version-history":[{"count":0,"href":"https:\/\/www.immo-invest.ch\/fr\/wp-json\/wp\/v2\/posts\/113303\/revisions"}],"wp:featuredmedia":[{"embeddable":true,"href":"https:\/\/www.immo-invest.ch\/fr\/wp-json\/wp\/v2\/media\/113296"}],"wp:attachment":[{"href":"https:\/\/www.immo-invest.ch\/fr\/wp-json\/wp\/v2\/media?parent=113303"}],"wp:term":[{"taxonomy":"category","embeddable":true,"href":"https:\/\/www.immo-invest.ch\/fr\/wp-json\/wp\/v2\/categories?post=113303"},{"taxonomy":"post_tag","embeddable":true,"href":"https:\/\/www.immo-invest.ch\/fr\/wp-json\/wp\/v2\/tags?post=113303"}],"curies":[{"name":"wp","href":"https:\/\/api.w.org\/{rel}","templated":true}]}}