{"id":112617,"date":"2024-08-27T08:57:00","date_gmt":"2024-08-27T06:57:00","guid":{"rendered":"https:\/\/www.immo-invest.ch\/landsgemeinde-entscheidet-ueber-braunwalds-erschliessung\/"},"modified":"2024-08-27T16:30:29","modified_gmt":"2024-08-27T14:30:29","slug":"landsgemeinde-entscheidet-ueber-braunwalds-erschliessung","status":"publish","type":"post","link":"https:\/\/www.immo-invest.ch\/fr\/landsgemeinde-entscheidet-ueber-braunwalds-erschliessung\/","title":{"rendered":"La Landsgemeinde d\u00e9cide de l&rsquo;am\u00e9nagement de Braunwald"},"content":{"rendered":"<p class=\"wp-block-paragraph\">La future desserte de Braunwald sera d&eacute;termin&eacute;e par la Landsgemeinde de 2025. Apr&egrave;s d&rsquo;intenses discussions politiques et publiques, une r&eacute;vision de la loi sur les transports publics permet aux citoyens de d&eacute;cider de la variante de desserte. Le Conseil d&rsquo;Etat favorise la modernisation du funiculaire, qui est la solution la plus &eacute;conomique, avec un faible risque de proc&eacute;dure et une dur&eacute;e de construction plus courte.<\/p>\n\n\n\n<p class=\"wp-block-paragraph\"><strong>La solution favoris&eacute;e<br><\/strong>Apr&egrave;s une longue phase d&rsquo;&eacute;valuation, le Conseil d&rsquo;Etat a opt&eacute; pour un nouveau funiculaire, l&rsquo;option jug&eacute;e la plus rentable et la plus praticable. Il entra&icirc;ne des co&ucirc;ts d&rsquo;investissement de 24 millions de francs et des co&ucirc;ts d&rsquo;exploitation de 3 millions de francs par an. Compar&eacute; &agrave; une t&eacute;l&eacute;cabine, dont la construction serait presque deux fois plus ch&egrave;re et dont la proc&eacute;dure serait plus longue (jusqu&rsquo;&agrave; dix ans), le funiculaire pr&eacute;sente de nets avantages. Un funiculaire automatis&eacute; permettrait en outre une utilisation ind&eacute;pendante de l&rsquo;horaire.<\/p>\n\n\n\n<p class=\"wp-block-paragraph\"><strong>Adaptations l&eacute;gales pour int&eacute;grer la Landsgemeinde<br><\/strong>Le Conseil d&rsquo;&Eacute;tat a d&eacute;cid&eacute; d&rsquo;inscrire la desserte de Braunwald dans un nouvel article de la loi sur les transports publics, ce qui permettra d&rsquo;en discuter et de voter lors de la Landsgemeinde 2025. La population aura ainsi le dernier mot sur cette d&eacute;cision importante en mati&egrave;re d&rsquo;infrastructure. Si la Landsgemeinde devait voter en faveur d&rsquo;une t&eacute;l&eacute;cabine alternative, le Conseil d&rsquo;&Eacute;tat lancerait les adaptations de planification correspondantes.<\/p>\n\n\n\n<p class=\"wp-block-paragraph\"><strong>Investissements et perspectives d&rsquo;avenir<br><\/strong>Les investissements pr&eacute;vus de 24 millions de francs pour la construction du funiculaire et de 3 millions de francs pour son exploitation cr&eacute;ent une desserte durable et orient&eacute;e vers l&rsquo;avenir pour Braunwald. Le Conseil d&rsquo;Etat s&rsquo;attend &agrave; ce que la d&eacute;cision de la Landsgemeinde permette de franchir une &eacute;tape importante vers une mobilit&eacute; &eacute;conomique et respectueuse de l&rsquo;environnement, qui renforcera la r&eacute;gion &agrave; long terme et favorisera le tourisme.<\/p>\n\n","protected":false},"excerpt":{"rendered":"<p>L&rsquo;avenir de la desserte de Braunwald sera d\u00e9cid\u00e9 par la Landsgemeinde en 2025. Apr\u00e8s une longue \u00e9valuation, le Conseil d&rsquo;Etat glaronnais se prononce en faveur du renouvellement du funiculaire, mais c&rsquo;est au peuple de prendre une d\u00e9cision finale.<\/p>\n","protected":false},"author":2,"featured_media":112563,"comment_status":"open","ping_status":"open","sticky":false,"template":"","format":"standard","meta":{"pmpro_default_level":"","inline_featured_image":false,"_monsterinsights_skip_tracking":false,"footnotes":""},"categories":[22699,45951,743,22357,22703],"tags":[3489,872,3931,4579,49303,49304,49305,1132,2420],"class_list":["post-112617","post","type-post","status-publish","format-standard","has-post-thumbnail","hentry","category-durabilite","category-glarus-fr","category-immonews-fr","category-industrie-du-batiment","category-mobilite","tag-abstimmung-fr","tag-immoinvest-fr","tag-immonews-fr","tag-kosten-fr","tag-landsgemeinde-fr","tag-regierungsrt-fr","tag-stndseilbhn-fr","tag-verkehr-fr","tag-wirtschaft-fr","pmpro-has-access"],"acf":{"bild_mit_ki_erstellt_worden":[],"lead":"L'avenir de la desserte de Braunwald sera d\u00e9cid\u00e9 par la Landsgemeinde en 2025. Apr\u00e8s une longue \u00e9valuation, le Conseil d'Etat glaronnais se prononce en faveur du renouvellement du funiculaire, mais c'est au peuple de prendre une d\u00e9cision finale.","autor":"Quelle: Glarus, Bild: gl.ch","ort":"","bildunterschrift":"","bild_im_grid":false,"gallerie":"","newsim":""},"aioseo_notices":[],"aioseo_head":"\n\t\t<!-- All in One SEO 5.0.0.1 - aioseo.com -->\n\t<meta name=\"description\" content=\"L&#039;avenir de la desserte de Braunwald sera d\u00e9cid\u00e9 par la Landsgemeinde en 2025. Apr\u00e8s une longue \u00e9valuation, le Conseil d&#039;Etat glaronnais se prononce en faveur du renouvellement du funiculaire, mais c&#039;est au peuple de prendre une d\u00e9cision finale.\" \/>\n\t<meta name=\"robots\" content=\"max-image-preview:large\" \/>\n\t<meta name=\"author\" content=\"immovestuser\"\/>\n\t<meta name=\"google-site-verification\" content=\"fHJKvgWpZCR2zVBHWfkQeFXC11qieUSff0HGNYfuyLA\" \/>\n\t<link rel=\"canonical\" href=\"https:\/\/www.immo-invest.ch\/fr\/landsgemeinde-entscheidet-ueber-braunwalds-erschliessung\/\" \/>\n\t<meta name=\"generator\" content=\"All in One SEO (AIOSEO) 5.0.0.1\" \/>\n\t\t<meta property=\"og:locale\" content=\"fr_FR\" \/>\n\t\t<meta property=\"og:site_name\" content=\"immo!nvest - Die Plattform f\u00fcr Standorte und Immobilien - Die\u00a0Plattform f\u00fcr Standorte und Immobilien\" \/>\n\t\t<meta property=\"og:type\" content=\"article\" \/>\n\t\t<meta property=\"og:title\" content=\"La Landsgemeinde d\u00e9cide de l\u2019am\u00e9nagement de Braunwald - immo!nvest - Die Plattform f\u00fcr Standorte und Immobilien\" \/>\n\t\t<meta property=\"og:description\" content=\"L&#039;avenir de la desserte de Braunwald sera d\u00e9cid\u00e9 par la Landsgemeinde en 2025. Apr\u00e8s une longue \u00e9valuation, le Conseil d&#039;Etat glaronnais se prononce en faveur du renouvellement du funiculaire, mais c&#039;est au peuple de prendre une d\u00e9cision finale.\" \/>\n\t\t<meta property=\"og:url\" content=\"https:\/\/www.immo-invest.ch\/fr\/landsgemeinde-entscheidet-ueber-braunwalds-erschliessung\/\" \/>\n\t\t<meta property=\"og:image\" content=\"https:\/\/www.immo-invest.ch\/wp-content\/uploads\/2024\/08\/img_large-1.jpg\" \/>\n\t\t<meta property=\"og:image:secure_url\" content=\"https:\/\/www.immo-invest.ch\/wp-content\/uploads\/2024\/08\/img_large-1.jpg\" \/>\n\t\t<meta property=\"og:image:width\" content=\"900\" \/>\n\t\t<meta property=\"og:image:height\" content=\"506\" \/>\n\t\t<meta property=\"article:published_time\" content=\"2024-08-27T06:57:00+00:00\" \/>\n\t\t<meta property=\"article:modified_time\" content=\"2024-08-27T14:30:29+00:00\" \/>\n\t\t<meta property=\"article:publisher\" content=\"https:\/\/www.facebook.com\/people\/Immoinvest\/100077962920504\/\" \/>\n\t\t<meta name=\"twitter:card\" content=\"summary_large_image\" \/>\n\t\t<meta name=\"twitter:site\" content=\"@i\" \/>\n\t\t<meta name=\"twitter:title\" content=\"La Landsgemeinde d\u00e9cide de l\u2019am\u00e9nagement de Braunwald - immo!nvest - Die Plattform f\u00fcr Standorte und Immobilien\" \/>\n\t\t<meta name=\"twitter:description\" content=\"L&#039;avenir de la desserte de Braunwald sera d\u00e9cid\u00e9 par la Landsgemeinde en 2025. Apr\u00e8s une longue \u00e9valuation, le Conseil d&#039;Etat glaronnais se prononce en faveur du renouvellement du funiculaire, mais c&#039;est au peuple de prendre une d\u00e9cision finale.\" \/>\n\t\t<meta name=\"twitter:creator\" content=\"@i\" \/>\n\t\t<meta name=\"twitter:image\" content=\"https:\/\/www.immo-invest.ch\/wp-content\/uploads\/2024\/08\/img_large-1.jpg\" \/>\n\t\t<script type=\"application\/ld+json\" class=\"aioseo-schema\">\n\t\t\t{\"@context\":\"https:\\\/\\\/schema.org\",\"@graph\":[{\"@type\":\"BlogPosting\",\"@id\":\"https:\\\/\\\/www.immo-invest.ch\\\/fr\\\/landsgemeinde-entscheidet-ueber-braunwalds-erschliessung\\\/#blogposting\",\"name\":\"La Landsgemeinde d\\u00e9cide de l\\u2019am\\u00e9nagement de Braunwald - immo!nvest - Die Plattform f\\u00fcr Standorte und Immobilien\",\"headline\":\"La Landsgemeinde d\\u00e9cide de l&rsquo;am\\u00e9nagement de Braunwald\",\"author\":{\"@id\":\"https:\\\/\\\/www.immo-invest.ch\\\/fr\\\/author\\\/immovestuser\\\/#author\"},\"publisher\":{\"@id\":\"https:\\\/\\\/www.immo-invest.ch\\\/fr\\\/#organization\"},\"image\":{\"@type\":\"ImageObject\",\"url\":\"https:\\\/\\\/www.immo-invest.ch\\\/wp-content\\\/uploads\\\/2024\\\/08\\\/img_large-1.jpg\",\"width\":900,\"height\":506,\"caption\":\"https:\\\/\\\/www.gl.ch\\\/public-newsroom.html\\\/31\\\/l\\\/de\\\/newsroomnews\\\/10668\\\/title\\\/erschliessung-braunwald-landsgemeinde--f%C3%A4llt-variantenentscheid\"},\"datePublished\":\"2024-08-27T08:57:00+02:00\",\"dateModified\":\"2024-08-27T16:30:29+02:00\",\"inLanguage\":\"fr-FR\",\"mainEntityOfPage\":{\"@id\":\"https:\\\/\\\/www.immo-invest.ch\\\/fr\\\/landsgemeinde-entscheidet-ueber-braunwalds-erschliessung\\\/#webpage\"},\"isPartOf\":{\"@id\":\"https:\\\/\\\/www.immo-invest.ch\\\/fr\\\/landsgemeinde-entscheidet-ueber-braunwalds-erschliessung\\\/#webpage\"},\"articleSection\":\"Durabilit\\u00e9, Glarus, immoNews, Industrie du b\\u00e2timent, Mobilit\\u00e9, Abstimmung, Immoinvest, immoNews, Kosten, Landsgemeinde, RegierungsrT, Stndseilbhn, Verkehr, wirtschaft, Facultatif\"},{\"@type\":\"BreadcrumbList\",\"@id\":\"https:\\\/\\\/www.immo-invest.ch\\\/fr\\\/landsgemeinde-entscheidet-ueber-braunwalds-erschliessung\\\/#breadcrumblist\",\"itemListElement\":[{\"@type\":\"ListItem\",\"@id\":\"https:\\\/\\\/www.immo-invest.ch\\\/fr\\\/#listItem\",\"position\":1,\"name\":\"Home\",\"item\":\"https:\\\/\\\/www.immo-invest.ch\\\/fr\\\/\",\"nextItem\":{\"@type\":\"ListItem\",\"@id\":\"https:\\\/\\\/www.immo-invest.ch\\\/fr\\\/categories\\\/regions\\\/#listItem\",\"name\":\"R\\u00e9gions\"}},{\"@type\":\"ListItem\",\"@id\":\"https:\\\/\\\/www.immo-invest.ch\\\/fr\\\/categories\\\/regions\\\/#listItem\",\"position\":2,\"name\":\"R\\u00e9gions\",\"item\":\"https:\\\/\\\/www.immo-invest.ch\\\/fr\\\/categories\\\/regions\\\/\",\"nextItem\":{\"@type\":\"ListItem\",\"@id\":\"https:\\\/\\\/www.immo-invest.ch\\\/fr\\\/categories\\\/regions\\\/suisse\\\/#listItem\",\"name\":\"Suisse\"},\"previousItem\":{\"@type\":\"ListItem\",\"@id\":\"https:\\\/\\\/www.immo-invest.ch\\\/fr\\\/#listItem\",\"name\":\"Home\"}},{\"@type\":\"ListItem\",\"@id\":\"https:\\\/\\\/www.immo-invest.ch\\\/fr\\\/categories\\\/regions\\\/suisse\\\/#listItem\",\"position\":3,\"name\":\"Suisse\",\"item\":\"https:\\\/\\\/www.immo-invest.ch\\\/fr\\\/categories\\\/regions\\\/suisse\\\/\",\"nextItem\":{\"@type\":\"ListItem\",\"@id\":\"https:\\\/\\\/www.immo-invest.ch\\\/fr\\\/categories\\\/regions\\\/suisse\\\/suisse-orientale\\\/#listItem\",\"name\":\"Suisse orientale\"},\"previousItem\":{\"@type\":\"ListItem\",\"@id\":\"https:\\\/\\\/www.immo-invest.ch\\\/fr\\\/categories\\\/regions\\\/#listItem\",\"name\":\"R\\u00e9gions\"}},{\"@type\":\"ListItem\",\"@id\":\"https:\\\/\\\/www.immo-invest.ch\\\/fr\\\/categories\\\/regions\\\/suisse\\\/suisse-orientale\\\/#listItem\",\"position\":4,\"name\":\"Suisse orientale\",\"item\":\"https:\\\/\\\/www.immo-invest.ch\\\/fr\\\/categories\\\/regions\\\/suisse\\\/suisse-orientale\\\/\",\"nextItem\":{\"@type\":\"ListItem\",\"@id\":\"https:\\\/\\\/www.immo-invest.ch\\\/fr\\\/categories\\\/regions\\\/suisse\\\/suisse-orientale\\\/glarus-fr\\\/#listItem\",\"name\":\"Glarus\"},\"previousItem\":{\"@type\":\"ListItem\",\"@id\":\"https:\\\/\\\/www.immo-invest.ch\\\/fr\\\/categories\\\/regions\\\/suisse\\\/#listItem\",\"name\":\"Suisse\"}},{\"@type\":\"ListItem\",\"@id\":\"https:\\\/\\\/www.immo-invest.ch\\\/fr\\\/categories\\\/regions\\\/suisse\\\/suisse-orientale\\\/glarus-fr\\\/#listItem\",\"position\":5,\"name\":\"Glarus\",\"item\":\"https:\\\/\\\/www.immo-invest.ch\\\/fr\\\/categories\\\/regions\\\/suisse\\\/suisse-orientale\\\/glarus-fr\\\/\",\"nextItem\":{\"@type\":\"ListItem\",\"@id\":\"https:\\\/\\\/www.immo-invest.ch\\\/fr\\\/landsgemeinde-entscheidet-ueber-braunwalds-erschliessung\\\/#listItem\",\"name\":\"La Landsgemeinde d\\u00e9cide de l&rsquo;am\\u00e9nagement de Braunwald\"},\"previousItem\":{\"@type\":\"ListItem\",\"@id\":\"https:\\\/\\\/www.immo-invest.ch\\\/fr\\\/categories\\\/regions\\\/suisse\\\/suisse-orientale\\\/#listItem\",\"name\":\"Suisse orientale\"}},{\"@type\":\"ListItem\",\"@id\":\"https:\\\/\\\/www.immo-invest.ch\\\/fr\\\/landsgemeinde-entscheidet-ueber-braunwalds-erschliessung\\\/#listItem\",\"position\":6,\"name\":\"La Landsgemeinde d\\u00e9cide de l&rsquo;am\\u00e9nagement de Braunwald\",\"previousItem\":{\"@type\":\"ListItem\",\"@id\":\"https:\\\/\\\/www.immo-invest.ch\\\/fr\\\/categories\\\/regions\\\/suisse\\\/suisse-orientale\\\/glarus-fr\\\/#listItem\",\"name\":\"Glarus\"}}]},{\"@type\":\"Organization\",\"@id\":\"https:\\\/\\\/www.immo-invest.ch\\\/fr\\\/#organization\",\"name\":\"immo!nvest - Die Plattform f\\u00fcr Standorte und Immobilien\",\"description\":\"Die\\u00a0Plattform f\\u00fcr Standorte und Immobilien\",\"url\":\"https:\\\/\\\/www.immo-invest.ch\\\/fr\\\/\",\"email\":\"admin@immomedia.ag\",\"telephone\":\"+41444420002\",\"logo\":{\"@type\":\"ImageObject\",\"url\":\"https:\\\/\\\/www.immo-invest.ch\\\/wp-content\\\/uploads\\\/2024\\\/09\\\/immoinvest_sm-scaled.jpg\",\"@id\":\"https:\\\/\\\/www.immo-invest.ch\\\/fr\\\/landsgemeinde-entscheidet-ueber-braunwalds-erschliessung\\\/#organizationLogo\",\"width\":2560,\"height\":1340},\"image\":{\"@id\":\"https:\\\/\\\/www.immo-invest.ch\\\/fr\\\/landsgemeinde-entscheidet-ueber-braunwalds-erschliessung\\\/#organizationLogo\"},\"sameAs\":[\"https:\\\/\\\/www.facebook.com\\\/people\\\/Immoinvest\\\/100077962920504\\\/\",\"https:\\\/\\\/x.com\\\/i\\\/flow\\\/login?redirect_after_login=immoinvest_ch\",\"https:\\\/\\\/www.instagram.com\\\/immoinvest_ch\\\/\",\"https:\\\/\\\/www.linkedin.com\\\/company\\\/immoinvest-swiss\"]},{\"@type\":\"Person\",\"@id\":\"https:\\\/\\\/www.immo-invest.ch\\\/fr\\\/author\\\/immovestuser\\\/#author\",\"url\":\"https:\\\/\\\/www.immo-invest.ch\\\/fr\\\/author\\\/immovestuser\\\/\",\"name\":\"immovestuser\",\"image\":{\"@type\":\"ImageObject\",\"@id\":\"https:\\\/\\\/www.immo-invest.ch\\\/fr\\\/landsgemeinde-entscheidet-ueber-braunwalds-erschliessung\\\/#authorImage\",\"url\":\"https:\\\/\\\/secure.gravatar.com\\\/avatar\\\/8e01f4d99f2eeea7a362ebb93305e1172a70e9293ba250f897a65c39f54cdd1e?s=96&d=mm&r=g\",\"width\":96,\"height\":96,\"caption\":\"immovestuser\"}},{\"@type\":\"WebPage\",\"@id\":\"https:\\\/\\\/www.immo-invest.ch\\\/fr\\\/landsgemeinde-entscheidet-ueber-braunwalds-erschliessung\\\/#webpage\",\"url\":\"https:\\\/\\\/www.immo-invest.ch\\\/fr\\\/landsgemeinde-entscheidet-ueber-braunwalds-erschliessung\\\/\",\"name\":\"La Landsgemeinde d\\u00e9cide de l\\u2019am\\u00e9nagement de Braunwald - immo!nvest - Die Plattform f\\u00fcr Standorte und Immobilien\",\"description\":\"L'avenir de la desserte de Braunwald sera d\\u00e9cid\\u00e9 par la Landsgemeinde en 2025. Apr\\u00e8s une longue \\u00e9valuation, le Conseil d'Etat glaronnais se prononce en faveur du renouvellement du funiculaire, mais c'est au peuple de prendre une d\\u00e9cision finale.\",\"inLanguage\":\"fr-FR\",\"isPartOf\":{\"@id\":\"https:\\\/\\\/www.immo-invest.ch\\\/fr\\\/#website\"},\"breadcrumb\":{\"@id\":\"https:\\\/\\\/www.immo-invest.ch\\\/fr\\\/landsgemeinde-entscheidet-ueber-braunwalds-erschliessung\\\/#breadcrumblist\"},\"author\":{\"@id\":\"https:\\\/\\\/www.immo-invest.ch\\\/fr\\\/author\\\/immovestuser\\\/#author\"},\"creator\":{\"@id\":\"https:\\\/\\\/www.immo-invest.ch\\\/fr\\\/author\\\/immovestuser\\\/#author\"},\"image\":{\"@type\":\"ImageObject\",\"url\":\"https:\\\/\\\/www.immo-invest.ch\\\/wp-content\\\/uploads\\\/2024\\\/08\\\/img_large-1.jpg\",\"@id\":\"https:\\\/\\\/www.immo-invest.ch\\\/fr\\\/landsgemeinde-entscheidet-ueber-braunwalds-erschliessung\\\/#mainImage\",\"width\":900,\"height\":506,\"caption\":\"https:\\\/\\\/www.gl.ch\\\/public-newsroom.html\\\/31\\\/l\\\/de\\\/newsroomnews\\\/10668\\\/title\\\/erschliessung-braunwald-landsgemeinde--f%C3%A4llt-variantenentscheid\"},\"primaryImageOfPage\":{\"@id\":\"https:\\\/\\\/www.immo-invest.ch\\\/fr\\\/landsgemeinde-entscheidet-ueber-braunwalds-erschliessung\\\/#mainImage\"},\"datePublished\":\"2024-08-27T08:57:00+02:00\",\"dateModified\":\"2024-08-27T16:30:29+02:00\"},{\"@type\":\"WebSite\",\"@id\":\"https:\\\/\\\/www.immo-invest.ch\\\/fr\\\/#website\",\"url\":\"https:\\\/\\\/www.immo-invest.ch\\\/fr\\\/\",\"name\":\"immo!nvest - Die Plattform f\\u00fcr Standorte und Immobilien\",\"description\":\"Die\\u00a0Plattform f\\u00fcr Standorte und Immobilien\",\"inLanguage\":\"fr-FR\",\"publisher\":{\"@id\":\"https:\\\/\\\/www.immo-invest.ch\\\/fr\\\/#organization\"}}]}\n\t\t<\/script>\n\t\t<!-- All in One SEO -->\n\n","aioseo_head_json":{"title":"La Landsgemeinde d\u00e9cide de l\u2019am\u00e9nagement de Braunwald - immo!nvest - Die Plattform f\u00fcr Standorte und Immobilien","description":"L'avenir de la desserte de Braunwald sera d\u00e9cid\u00e9 par la Landsgemeinde en 2025. Apr\u00e8s une longue \u00e9valuation, le Conseil d'Etat glaronnais se prononce en faveur du renouvellement du funiculaire, mais c'est au peuple de prendre une d\u00e9cision finale.","canonical_url":"https:\/\/www.immo-invest.ch\/fr\/landsgemeinde-entscheidet-ueber-braunwalds-erschliessung\/","robots":"max-image-preview:large","keywords":"","webmasterTools":{"google-site-verification":"fHJKvgWpZCR2zVBHWfkQeFXC11qieUSff0HGNYfuyLA","miscellaneous":""},"schema":{"@context":"https:\/\/schema.org","@graph":[{"@type":"BlogPosting","@id":"https:\/\/www.immo-invest.ch\/fr\/landsgemeinde-entscheidet-ueber-braunwalds-erschliessung\/#blogposting","name":"La Landsgemeinde d\u00e9cide de l\u2019am\u00e9nagement de Braunwald - immo!nvest - Die Plattform f\u00fcr Standorte und Immobilien","headline":"La Landsgemeinde d\u00e9cide de l&rsquo;am\u00e9nagement de Braunwald","author":{"@id":"https:\/\/www.immo-invest.ch\/fr\/author\/immovestuser\/#author"},"publisher":{"@id":"https:\/\/www.immo-invest.ch\/fr\/#organization"},"image":{"@type":"ImageObject","url":"https:\/\/www.immo-invest.ch\/wp-content\/uploads\/2024\/08\/img_large-1.jpg","width":900,"height":506,"caption":"https:\/\/www.gl.ch\/public-newsroom.html\/31\/l\/de\/newsroomnews\/10668\/title\/erschliessung-braunwald-landsgemeinde--f%C3%A4llt-variantenentscheid"},"datePublished":"2024-08-27T08:57:00+02:00","dateModified":"2024-08-27T16:30:29+02:00","inLanguage":"fr-FR","mainEntityOfPage":{"@id":"https:\/\/www.immo-invest.ch\/fr\/landsgemeinde-entscheidet-ueber-braunwalds-erschliessung\/#webpage"},"isPartOf":{"@id":"https:\/\/www.immo-invest.ch\/fr\/landsgemeinde-entscheidet-ueber-braunwalds-erschliessung\/#webpage"},"articleSection":"Durabilit\u00e9, Glarus, immoNews, Industrie du b\u00e2timent, Mobilit\u00e9, Abstimmung, Immoinvest, immoNews, Kosten, Landsgemeinde, RegierungsrT, Stndseilbhn, Verkehr, wirtschaft, Facultatif"},{"@type":"BreadcrumbList","@id":"https:\/\/www.immo-invest.ch\/fr\/landsgemeinde-entscheidet-ueber-braunwalds-erschliessung\/#breadcrumblist","itemListElement":[{"@type":"ListItem","@id":"https:\/\/www.immo-invest.ch\/fr\/#listItem","position":1,"name":"Home","item":"https:\/\/www.immo-invest.ch\/fr\/","nextItem":{"@type":"ListItem","@id":"https:\/\/www.immo-invest.ch\/fr\/categories\/regions\/#listItem","name":"R\u00e9gions"}},{"@type":"ListItem","@id":"https:\/\/www.immo-invest.ch\/fr\/categories\/regions\/#listItem","position":2,"name":"R\u00e9gions","item":"https:\/\/www.immo-invest.ch\/fr\/categories\/regions\/","nextItem":{"@type":"ListItem","@id":"https:\/\/www.immo-invest.ch\/fr\/categories\/regions\/suisse\/#listItem","name":"Suisse"},"previousItem":{"@type":"ListItem","@id":"https:\/\/www.immo-invest.ch\/fr\/#listItem","name":"Home"}},{"@type":"ListItem","@id":"https:\/\/www.immo-invest.ch\/fr\/categories\/regions\/suisse\/#listItem","position":3,"name":"Suisse","item":"https:\/\/www.immo-invest.ch\/fr\/categories\/regions\/suisse\/","nextItem":{"@type":"ListItem","@id":"https:\/\/www.immo-invest.ch\/fr\/categories\/regions\/suisse\/suisse-orientale\/#listItem","name":"Suisse orientale"},"previousItem":{"@type":"ListItem","@id":"https:\/\/www.immo-invest.ch\/fr\/categories\/regions\/#listItem","name":"R\u00e9gions"}},{"@type":"ListItem","@id":"https:\/\/www.immo-invest.ch\/fr\/categories\/regions\/suisse\/suisse-orientale\/#listItem","position":4,"name":"Suisse orientale","item":"https:\/\/www.immo-invest.ch\/fr\/categories\/regions\/suisse\/suisse-orientale\/","nextItem":{"@type":"ListItem","@id":"https:\/\/www.immo-invest.ch\/fr\/categories\/regions\/suisse\/suisse-orientale\/glarus-fr\/#listItem","name":"Glarus"},"previousItem":{"@type":"ListItem","@id":"https:\/\/www.immo-invest.ch\/fr\/categories\/regions\/suisse\/#listItem","name":"Suisse"}},{"@type":"ListItem","@id":"https:\/\/www.immo-invest.ch\/fr\/categories\/regions\/suisse\/suisse-orientale\/glarus-fr\/#listItem","position":5,"name":"Glarus","item":"https:\/\/www.immo-invest.ch\/fr\/categories\/regions\/suisse\/suisse-orientale\/glarus-fr\/","nextItem":{"@type":"ListItem","@id":"https:\/\/www.immo-invest.ch\/fr\/landsgemeinde-entscheidet-ueber-braunwalds-erschliessung\/#listItem","name":"La Landsgemeinde d\u00e9cide de l&rsquo;am\u00e9nagement de Braunwald"},"previousItem":{"@type":"ListItem","@id":"https:\/\/www.immo-invest.ch\/fr\/categories\/regions\/suisse\/suisse-orientale\/#listItem","name":"Suisse orientale"}},{"@type":"ListItem","@id":"https:\/\/www.immo-invest.ch\/fr\/landsgemeinde-entscheidet-ueber-braunwalds-erschliessung\/#listItem","position":6,"name":"La Landsgemeinde d\u00e9cide de l&rsquo;am\u00e9nagement de Braunwald","previousItem":{"@type":"ListItem","@id":"https:\/\/www.immo-invest.ch\/fr\/categories\/regions\/suisse\/suisse-orientale\/glarus-fr\/#listItem","name":"Glarus"}}]},{"@type":"Organization","@id":"https:\/\/www.immo-invest.ch\/fr\/#organization","name":"immo!nvest - Die Plattform f\u00fcr Standorte und Immobilien","description":"Die\u00a0Plattform f\u00fcr Standorte und Immobilien","url":"https:\/\/www.immo-invest.ch\/fr\/","email":"admin@immomedia.ag","telephone":"+41444420002","logo":{"@type":"ImageObject","url":"https:\/\/www.immo-invest.ch\/wp-content\/uploads\/2024\/09\/immoinvest_sm-scaled.jpg","@id":"https:\/\/www.immo-invest.ch\/fr\/landsgemeinde-entscheidet-ueber-braunwalds-erschliessung\/#organizationLogo","width":2560,"height":1340},"image":{"@id":"https:\/\/www.immo-invest.ch\/fr\/landsgemeinde-entscheidet-ueber-braunwalds-erschliessung\/#organizationLogo"},"sameAs":["https:\/\/www.facebook.com\/people\/Immoinvest\/100077962920504\/","https:\/\/x.com\/i\/flow\/login?redirect_after_login=immoinvest_ch","https:\/\/www.instagram.com\/immoinvest_ch\/","https:\/\/www.linkedin.com\/company\/immoinvest-swiss"]},{"@type":"Person","@id":"https:\/\/www.immo-invest.ch\/fr\/author\/immovestuser\/#author","url":"https:\/\/www.immo-invest.ch\/fr\/author\/immovestuser\/","name":"immovestuser","image":{"@type":"ImageObject","@id":"https:\/\/www.immo-invest.ch\/fr\/landsgemeinde-entscheidet-ueber-braunwalds-erschliessung\/#authorImage","url":"https:\/\/secure.gravatar.com\/avatar\/8e01f4d99f2eeea7a362ebb93305e1172a70e9293ba250f897a65c39f54cdd1e?s=96&d=mm&r=g","width":96,"height":96,"caption":"immovestuser"}},{"@type":"WebPage","@id":"https:\/\/www.immo-invest.ch\/fr\/landsgemeinde-entscheidet-ueber-braunwalds-erschliessung\/#webpage","url":"https:\/\/www.immo-invest.ch\/fr\/landsgemeinde-entscheidet-ueber-braunwalds-erschliessung\/","name":"La Landsgemeinde d\u00e9cide de l\u2019am\u00e9nagement de Braunwald - immo!nvest - Die Plattform f\u00fcr Standorte und Immobilien","description":"L'avenir de la desserte de Braunwald sera d\u00e9cid\u00e9 par la Landsgemeinde en 2025. Apr\u00e8s une longue \u00e9valuation, le Conseil d'Etat glaronnais se prononce en faveur du renouvellement du funiculaire, mais c'est au peuple de prendre une d\u00e9cision finale.","inLanguage":"fr-FR","isPartOf":{"@id":"https:\/\/www.immo-invest.ch\/fr\/#website"},"breadcrumb":{"@id":"https:\/\/www.immo-invest.ch\/fr\/landsgemeinde-entscheidet-ueber-braunwalds-erschliessung\/#breadcrumblist"},"author":{"@id":"https:\/\/www.immo-invest.ch\/fr\/author\/immovestuser\/#author"},"creator":{"@id":"https:\/\/www.immo-invest.ch\/fr\/author\/immovestuser\/#author"},"image":{"@type":"ImageObject","url":"https:\/\/www.immo-invest.ch\/wp-content\/uploads\/2024\/08\/img_large-1.jpg","@id":"https:\/\/www.immo-invest.ch\/fr\/landsgemeinde-entscheidet-ueber-braunwalds-erschliessung\/#mainImage","width":900,"height":506,"caption":"https:\/\/www.gl.ch\/public-newsroom.html\/31\/l\/de\/newsroomnews\/10668\/title\/erschliessung-braunwald-landsgemeinde--f%C3%A4llt-variantenentscheid"},"primaryImageOfPage":{"@id":"https:\/\/www.immo-invest.ch\/fr\/landsgemeinde-entscheidet-ueber-braunwalds-erschliessung\/#mainImage"},"datePublished":"2024-08-27T08:57:00+02:00","dateModified":"2024-08-27T16:30:29+02:00"},{"@type":"WebSite","@id":"https:\/\/www.immo-invest.ch\/fr\/#website","url":"https:\/\/www.immo-invest.ch\/fr\/","name":"immo!nvest - Die Plattform f\u00fcr Standorte und Immobilien","description":"Die\u00a0Plattform f\u00fcr Standorte und Immobilien","inLanguage":"fr-FR","publisher":{"@id":"https:\/\/www.immo-invest.ch\/fr\/#organization"}}]},"og:locale":"fr_FR","og:site_name":"immo!nvest - Die Plattform f\u00fcr Standorte und Immobilien - Die\u00a0Plattform f\u00fcr Standorte und Immobilien","og:type":"article","og:title":"La Landsgemeinde d\u00e9cide de l\u2019am\u00e9nagement de Braunwald - immo!nvest - Die Plattform f\u00fcr Standorte und Immobilien","og:description":"L'avenir de la desserte de Braunwald sera d\u00e9cid\u00e9 par la Landsgemeinde en 2025. Apr\u00e8s une longue \u00e9valuation, le Conseil d'Etat glaronnais se prononce en faveur du renouvellement du funiculaire, mais c'est au peuple de prendre une d\u00e9cision finale.","og:url":"https:\/\/www.immo-invest.ch\/fr\/landsgemeinde-entscheidet-ueber-braunwalds-erschliessung\/","og:image":"https:\/\/www.immo-invest.ch\/wp-content\/uploads\/2024\/08\/img_large-1.jpg","og:image:secure_url":"https:\/\/www.immo-invest.ch\/wp-content\/uploads\/2024\/08\/img_large-1.jpg","og:image:width":900,"og:image:height":506,"article:published_time":"2024-08-27T06:57:00+00:00","article:modified_time":"2024-08-27T14:30:29+00:00","article:publisher":"https:\/\/www.facebook.com\/people\/Immoinvest\/100077962920504\/","twitter:card":"summary_large_image","twitter:site":"@i","twitter:title":"La Landsgemeinde d\u00e9cide de l\u2019am\u00e9nagement de Braunwald - immo!nvest - Die Plattform f\u00fcr Standorte und Immobilien","twitter:description":"L'avenir de la desserte de Braunwald sera d\u00e9cid\u00e9 par la Landsgemeinde en 2025. Apr\u00e8s une longue \u00e9valuation, le Conseil d'Etat glaronnais se prononce en faveur du renouvellement du funiculaire, mais c'est au peuple de prendre une d\u00e9cision finale.","twitter:creator":"@i","twitter:image":"https:\/\/www.immo-invest.ch\/wp-content\/uploads\/2024\/08\/img_large-1.jpg"},"aioseo_meta_data":{"post_id":"112617","title":null,"description":null,"keywords":null,"keyphrases":null,"primary_term":null,"canonical_url":null,"og_title":null,"og_description":null,"og_object_type":"default","og_image_type":"default","og_image_url":null,"og_image_width":null,"og_image_height":null,"og_image_custom_url":null,"og_image_custom_fields":null,"og_video":null,"og_custom_url":null,"og_article_section":null,"og_article_tags":null,"twitter_use_og":false,"twitter_card":"default","twitter_image_type":"default","twitter_image_url":null,"twitter_image_custom_url":null,"twitter_image_custom_fields":null,"twitter_title":null,"twitter_description":null,"schema":{"blockGraphs":[],"customGraphs":[],"default":{"data":{"Article":[],"Course":[],"Dataset":[],"FAQPage":[],"Movie":[],"Person":[],"Product":[],"ProductReview":[],"Car":[],"Recipe":[],"Service":[],"SoftwareApplication":[],"WebPage":[]},"graphName":"","isEnabled":true},"graphs":[]},"schema_type":"default","schema_type_options":null,"pillar_content":false,"robots_default":true,"robots_noindex":false,"robots_noarchive":false,"robots_nosnippet":false,"robots_nofollow":false,"robots_noimageindex":false,"robots_noodp":false,"robots_notranslate":false,"robots_max_snippet":null,"robots_max_videopreview":null,"robots_max_imagepreview":"large","priority":null,"frequency":null,"local_seo":null,"breadcrumb_settings":null,"limit_modified_date":false,"ai":null,"created":"2024-09-21 01:30:59","updated":"2025-10-24 08:18:26","seo_analyzer_scan_date":null,"focus_keyword":null,"additional_keywords":null,"truseo_locale":null},"aioseo_breadcrumb":"<div class=\"aioseo-breadcrumbs\"><span class=\"aioseo-breadcrumb\">\n\t\t\t<a href=\"https:\/\/www.immo-invest.ch\/fr\/\" title=\"Home\">Home<\/a>\n\t\t<\/span><span class=\"aioseo-breadcrumb-separator\">&raquo;<\/span><span class=\"aioseo-breadcrumb\">\n\t\t\t<a href=\"https:\/\/www.immo-invest.ch\/fr\/categories\/regions\/\" title=\"R\u00e9gions\">R\u00e9gions<\/a>\n\t\t<\/span><span class=\"aioseo-breadcrumb-separator\">&raquo;<\/span><span class=\"aioseo-breadcrumb\">\n\t\t\t<a href=\"https:\/\/www.immo-invest.ch\/fr\/categories\/regions\/suisse\/\" title=\"Suisse\">Suisse<\/a>\n\t\t<\/span><span class=\"aioseo-breadcrumb-separator\">&raquo;<\/span><span class=\"aioseo-breadcrumb\">\n\t\t\t<a href=\"https:\/\/www.immo-invest.ch\/fr\/categories\/regions\/suisse\/suisse-orientale\/\" title=\"Suisse orientale\">Suisse orientale<\/a>\n\t\t<\/span><span class=\"aioseo-breadcrumb-separator\">&raquo;<\/span><span class=\"aioseo-breadcrumb\">\n\t\t\t<a href=\"https:\/\/www.immo-invest.ch\/fr\/categories\/regions\/suisse\/suisse-orientale\/glarus-fr\/\" title=\"Glarus\">Glarus<\/a>\n\t\t<\/span><span class=\"aioseo-breadcrumb-separator\">&raquo;<\/span><span class=\"aioseo-breadcrumb\">\n\t\t\tLa Landsgemeinde d\u00e9cide de l\u2019am\u00e9nagement de Braunwald\n\t\t<\/span><\/div>","aioseo_breadcrumb_json":[{"label":"Home","link":"https:\/\/www.immo-invest.ch\/fr\/"},{"label":"R\u00e9gions","link":"https:\/\/www.immo-invest.ch\/fr\/categories\/regions\/"},{"label":"Suisse","link":"https:\/\/www.immo-invest.ch\/fr\/categories\/regions\/suisse\/"},{"label":"Suisse orientale","link":"https:\/\/www.immo-invest.ch\/fr\/categories\/regions\/suisse\/suisse-orientale\/"},{"label":"Glarus","link":"https:\/\/www.immo-invest.ch\/fr\/categories\/regions\/suisse\/suisse-orientale\/glarus-fr\/"},{"label":"La Landsgemeinde d\u00e9cide de l&rsquo;am\u00e9nagement de Braunwald","link":"https:\/\/www.immo-invest.ch\/fr\/landsgemeinde-entscheidet-ueber-braunwalds-erschliessung\/"}],"featured_image_src":"https:\/\/www.immo-invest.ch\/wp-content\/uploads\/2024\/08\/img_large-1-336x168.jpg","_links":{"self":[{"href":"https:\/\/www.immo-invest.ch\/fr\/wp-json\/wp\/v2\/posts\/112617","targetHints":{"allow":["GET"]}}],"collection":[{"href":"https:\/\/www.immo-invest.ch\/fr\/wp-json\/wp\/v2\/posts"}],"about":[{"href":"https:\/\/www.immo-invest.ch\/fr\/wp-json\/wp\/v2\/types\/post"}],"author":[{"embeddable":true,"href":"https:\/\/www.immo-invest.ch\/fr\/wp-json\/wp\/v2\/users\/2"}],"replies":[{"embeddable":true,"href":"https:\/\/www.immo-invest.ch\/fr\/wp-json\/wp\/v2\/comments?post=112617"}],"version-history":[{"count":0,"href":"https:\/\/www.immo-invest.ch\/fr\/wp-json\/wp\/v2\/posts\/112617\/revisions"}],"wp:featuredmedia":[{"embeddable":true,"href":"https:\/\/www.immo-invest.ch\/fr\/wp-json\/wp\/v2\/media\/112563"}],"wp:attachment":[{"href":"https:\/\/www.immo-invest.ch\/fr\/wp-json\/wp\/v2\/media?parent=112617"}],"wp:term":[{"taxonomy":"category","embeddable":true,"href":"https:\/\/www.immo-invest.ch\/fr\/wp-json\/wp\/v2\/categories?post=112617"},{"taxonomy":"post_tag","embeddable":true,"href":"https:\/\/www.immo-invest.ch\/fr\/wp-json\/wp\/v2\/tags?post=112617"}],"curies":[{"name":"wp","href":"https:\/\/api.w.org\/{rel}","templated":true}]}}