{"id":112517,"date":"2024-08-26T09:24:34","date_gmt":"2024-08-26T07:24:34","guid":{"rendered":"https:\/\/www.immo-invest.ch\/einkaufsorganisation-erzeugt-eigenen-strom-in-st-gallen\/"},"modified":"2024-08-26T09:49:46","modified_gmt":"2024-08-26T07:49:46","slug":"einkaufsorganisation-erzeugt-eigenen-strom-in-st-gallen","status":"publish","type":"post","link":"https:\/\/www.immo-invest.ch\/fr\/einkaufsorganisation-erzeugt-eigenen-strom-in-st-gallen\/","title":{"rendered":"Une organisation d&rsquo;achat produit sa propre \u00e9lectricit\u00e9 \u00e0 Saint-Gall"},"content":{"rendered":"<p class=\"bodytext\">Selon un communiqu&eacute; de presse, l&rsquo;organisation d&rsquo;achat de la branche suisse de l&rsquo;automobile et des v&eacute;hicules &agrave; moteur<a href=\"http:\/\/www.esa.ch\/\" target=\"_blank\" rel=\"noopener\">(ESA<\/a>) a compl&eacute;t&eacute; son r&eacute;seau par une troisi&egrave;me installation pour son propre approvisionnement en &eacute;lectricit&eacute;. Le jeudi 15 ao&ucirc;t, une installation photovolta&iuml;que a &eacute;t&eacute; mise en service sur le site de l&rsquo;ESA &agrave; Saint-Gall. Il y a quatre mois, l&rsquo;ESA a lanc&eacute; les deux premi&egrave;res installations &agrave; son si&egrave;ge de Berthoud et il y a un mois &agrave; Giubiasco.<\/p>\n<p class=\"bodytext\">Avec environ 1800 modules et quelque 3500 m&egrave;tres carr&eacute;s, l&rsquo;installation photovolta&iuml;que de Saint-Gall est actuellement la deuxi&egrave;me plus grande installation de l&rsquo;ESA. La quantit&eacute; d&rsquo;&eacute;lectricit&eacute; qui sera produite &agrave; l&rsquo;avenir couvrira &agrave; peu pr&egrave;s la consommation annuelle de 150 m&eacute;nages. L&rsquo;installation de Berthoud couvre 200 foyers, celle de Giubiasco environ 25 foyers.<\/p>\n<p class=\"bodytext\">L&rsquo;organisation d&rsquo;achat ESA a &eacute;t&eacute; fond&eacute;e en 1930. En tant que coop&eacute;rative, elle appartient &agrave; environ 7000 copropri&eacute;taires de la branche automobile et des v&eacute;hicules &agrave; moteur. Elle emploie environ 670 collaborateurs, dont une soixantaine d&rsquo;apprentis, sur onze sites r&eacute;partis dans toute la Suisse.<\/p>\n","protected":false},"excerpt":{"rendered":"<p>La coop\u00e9rative ESA a mis en service une installation photovolta\u00efque sur son site de Saint-Gall, sa troisi\u00e8me installation pour son propre approvisionnement en \u00e9lectricit\u00e9. Auparavant, des installations avaient \u00e9t\u00e9 mises en place \u00e0 Burgdorf et \u00e0 Giubiasco TI.<\/p>\n","protected":false},"author":2,"featured_media":6802,"comment_status":"open","ping_status":"open","sticky":false,"template":"","format":"standard","meta":{"pmpro_default_level":"","inline_featured_image":false,"_monsterinsights_skip_tracking":false,"footnotes":""},"categories":[22699,8747,743,9442],"tags":[3803,835,40239,49281,872,3931,2002,22983,5528,36425],"class_list":["post-112517","post","type-post","status-publish","format-standard","has-post-thumbnail","hentry","category-durabilite","category-energie","category-immonews-fr","category-region-saint-gall","tag-burgdorf-fr","tag-energie-fr","tag-erneuerbare-energien-fr","tag-giubiasco-fr","tag-immoinvest-fr","tag-immonews-fr","tag-news-fr","tag-photovoltaikanlage-fr","tag-st-gallen-3-fr","tag-stromversorgung-fr","pmpro-has-access"],"acf":{"bild_mit_ki_erstellt_worden":[],"lead":"La coop\u00e9rative ESA a mis en service une installation photovolta\u00efque sur son site de Saint-Gall, sa troisi\u00e8me installation pour son propre approvisionnement en \u00e9lectricit\u00e9. Auparavant, des installations avaient \u00e9t\u00e9 mises en place \u00e0 Burgdorf et \u00e0 Giubiasco TI.","autor":"ce\/gba","ort":"Burgdorf BE\/St.Gallen","bildunterschrift":"","bild_im_grid":false,"gallerie":"","newsim":""},"aioseo_notices":[],"aioseo_head":"\n\t\t<!-- All in One SEO 5.0.0.1 - aioseo.com -->\n\t<meta name=\"description\" content=\"La coop\u00e9rative ESA a mis en service une installation photovolta\u00efque sur son site de Saint-Gall, sa troisi\u00e8me installation pour son propre approvisionnement en \u00e9lectricit\u00e9. Auparavant, des installations avaient \u00e9t\u00e9 mises en place \u00e0 Burgdorf et \u00e0 Giubiasco TI.\" \/>\n\t<meta name=\"robots\" content=\"max-image-preview:large\" \/>\n\t<meta name=\"author\" content=\"immovestuser\"\/>\n\t<meta name=\"google-site-verification\" content=\"fHJKvgWpZCR2zVBHWfkQeFXC11qieUSff0HGNYfuyLA\" \/>\n\t<link rel=\"canonical\" href=\"https:\/\/www.immo-invest.ch\/fr\/einkaufsorganisation-erzeugt-eigenen-strom-in-st-gallen\/\" \/>\n\t<meta name=\"generator\" content=\"All in One SEO (AIOSEO) 5.0.0.1\" \/>\n\t\t<meta property=\"og:locale\" content=\"fr_FR\" \/>\n\t\t<meta property=\"og:site_name\" content=\"immo!nvest - Die Plattform f\u00fcr Standorte und Immobilien - Die\u00a0Plattform f\u00fcr Standorte und Immobilien\" \/>\n\t\t<meta property=\"og:type\" content=\"article\" \/>\n\t\t<meta property=\"og:title\" content=\"Une organisation d\u2019achat produit sa propre \u00e9lectricit\u00e9 \u00e0 Saint-Gall - immo!nvest - Die Plattform f\u00fcr Standorte und Immobilien\" \/>\n\t\t<meta property=\"og:description\" content=\"La coop\u00e9rative ESA a mis en service une installation photovolta\u00efque sur son site de Saint-Gall, sa troisi\u00e8me installation pour son propre approvisionnement en \u00e9lectricit\u00e9. Auparavant, des installations avaient \u00e9t\u00e9 mises en place \u00e0 Burgdorf et \u00e0 Giubiasco TI.\" \/>\n\t\t<meta property=\"og:url\" content=\"https:\/\/www.immo-invest.ch\/fr\/einkaufsorganisation-erzeugt-eigenen-strom-in-st-gallen\/\" \/>\n\t\t<meta property=\"og:image\" content=\"https:\/\/www.immo-invest.ch\/wp-content\/uploads\/2020\/07\/energie_7-1.png\" \/>\n\t\t<meta property=\"og:image:secure_url\" content=\"https:\/\/www.immo-invest.ch\/wp-content\/uploads\/2020\/07\/energie_7-1.png\" \/>\n\t\t<meta property=\"og:image:width\" content=\"1200\" \/>\n\t\t<meta property=\"og:image:height\" content=\"628\" \/>\n\t\t<meta property=\"article:published_time\" content=\"2024-08-26T07:24:34+00:00\" \/>\n\t\t<meta property=\"article:modified_time\" content=\"2024-08-26T07:49:46+00:00\" \/>\n\t\t<meta property=\"article:publisher\" content=\"https:\/\/www.facebook.com\/people\/Immoinvest\/100077962920504\/\" \/>\n\t\t<meta name=\"twitter:card\" content=\"summary_large_image\" \/>\n\t\t<meta name=\"twitter:site\" content=\"@i\" \/>\n\t\t<meta name=\"twitter:title\" content=\"Une organisation d\u2019achat produit sa propre \u00e9lectricit\u00e9 \u00e0 Saint-Gall - immo!nvest - Die Plattform f\u00fcr Standorte und Immobilien\" \/>\n\t\t<meta name=\"twitter:description\" content=\"La coop\u00e9rative ESA a mis en service une installation photovolta\u00efque sur son site de Saint-Gall, sa troisi\u00e8me installation pour son propre approvisionnement en \u00e9lectricit\u00e9. Auparavant, des installations avaient \u00e9t\u00e9 mises en place \u00e0 Burgdorf et \u00e0 Giubiasco TI.\" \/>\n\t\t<meta name=\"twitter:creator\" content=\"@i\" \/>\n\t\t<meta name=\"twitter:image\" content=\"https:\/\/www.immo-invest.ch\/wp-content\/uploads\/2020\/07\/energie_7-1.png\" \/>\n\t\t<script type=\"application\/ld+json\" class=\"aioseo-schema\">\n\t\t\t{\"@context\":\"https:\\\/\\\/schema.org\",\"@graph\":[{\"@type\":\"BlogPosting\",\"@id\":\"https:\\\/\\\/www.immo-invest.ch\\\/fr\\\/einkaufsorganisation-erzeugt-eigenen-strom-in-st-gallen\\\/#blogposting\",\"name\":\"Une organisation d\\u2019achat produit sa propre \\u00e9lectricit\\u00e9 \\u00e0 Saint-Gall - immo!nvest - Die Plattform f\\u00fcr Standorte und Immobilien\",\"headline\":\"Une organisation d&rsquo;achat produit sa propre \\u00e9lectricit\\u00e9 \\u00e0 Saint-Gall\",\"author\":{\"@id\":\"https:\\\/\\\/www.immo-invest.ch\\\/fr\\\/author\\\/immovestuser\\\/#author\"},\"publisher\":{\"@id\":\"https:\\\/\\\/www.immo-invest.ch\\\/fr\\\/#organization\"},\"image\":{\"@type\":\"ImageObject\",\"url\":\"https:\\\/\\\/www.immo-invest.ch\\\/wp-content\\\/uploads\\\/2020\\\/07\\\/energie_7-1.png\",\"width\":1200,\"height\":628},\"datePublished\":\"2024-08-26T09:24:34+02:00\",\"dateModified\":\"2024-08-26T09:49:46+02:00\",\"inLanguage\":\"fr-FR\",\"mainEntityOfPage\":{\"@id\":\"https:\\\/\\\/www.immo-invest.ch\\\/fr\\\/einkaufsorganisation-erzeugt-eigenen-strom-in-st-gallen\\\/#webpage\"},\"isPartOf\":{\"@id\":\"https:\\\/\\\/www.immo-invest.ch\\\/fr\\\/einkaufsorganisation-erzeugt-eigenen-strom-in-st-gallen\\\/#webpage\"},\"articleSection\":\"Durabilit\\u00e9, \\u00c9nergie, immoNews, Saint-Gall, Burgdorf, Energie, Erneuerbare Energien, Giubiasco, Immoinvest, immoNews, News, Photovoltaikanlage, St.Gallen, Stromversorgung, Facultatif\"},{\"@type\":\"BreadcrumbList\",\"@id\":\"https:\\\/\\\/www.immo-invest.ch\\\/fr\\\/einkaufsorganisation-erzeugt-eigenen-strom-in-st-gallen\\\/#breadcrumblist\",\"itemListElement\":[{\"@type\":\"ListItem\",\"@id\":\"https:\\\/\\\/www.immo-invest.ch\\\/fr\\\/#listItem\",\"position\":1,\"name\":\"Home\",\"item\":\"https:\\\/\\\/www.immo-invest.ch\\\/fr\\\/\",\"nextItem\":{\"@type\":\"ListItem\",\"@id\":\"https:\\\/\\\/www.immo-invest.ch\\\/fr\\\/categories\\\/regions\\\/#listItem\",\"name\":\"R\\u00e9gions\"}},{\"@type\":\"ListItem\",\"@id\":\"https:\\\/\\\/www.immo-invest.ch\\\/fr\\\/categories\\\/regions\\\/#listItem\",\"position\":2,\"name\":\"R\\u00e9gions\",\"item\":\"https:\\\/\\\/www.immo-invest.ch\\\/fr\\\/categories\\\/regions\\\/\",\"nextItem\":{\"@type\":\"ListItem\",\"@id\":\"https:\\\/\\\/www.immo-invest.ch\\\/fr\\\/categories\\\/regions\\\/suisse\\\/#listItem\",\"name\":\"Suisse\"},\"previousItem\":{\"@type\":\"ListItem\",\"@id\":\"https:\\\/\\\/www.immo-invest.ch\\\/fr\\\/#listItem\",\"name\":\"Home\"}},{\"@type\":\"ListItem\",\"@id\":\"https:\\\/\\\/www.immo-invest.ch\\\/fr\\\/categories\\\/regions\\\/suisse\\\/#listItem\",\"position\":3,\"name\":\"Suisse\",\"item\":\"https:\\\/\\\/www.immo-invest.ch\\\/fr\\\/categories\\\/regions\\\/suisse\\\/\",\"nextItem\":{\"@type\":\"ListItem\",\"@id\":\"https:\\\/\\\/www.immo-invest.ch\\\/fr\\\/categories\\\/regions\\\/suisse\\\/suisse-orientale\\\/#listItem\",\"name\":\"Suisse orientale\"},\"previousItem\":{\"@type\":\"ListItem\",\"@id\":\"https:\\\/\\\/www.immo-invest.ch\\\/fr\\\/categories\\\/regions\\\/#listItem\",\"name\":\"R\\u00e9gions\"}},{\"@type\":\"ListItem\",\"@id\":\"https:\\\/\\\/www.immo-invest.ch\\\/fr\\\/categories\\\/regions\\\/suisse\\\/suisse-orientale\\\/#listItem\",\"position\":4,\"name\":\"Suisse orientale\",\"item\":\"https:\\\/\\\/www.immo-invest.ch\\\/fr\\\/categories\\\/regions\\\/suisse\\\/suisse-orientale\\\/\",\"nextItem\":{\"@type\":\"ListItem\",\"@id\":\"https:\\\/\\\/www.immo-invest.ch\\\/fr\\\/categories\\\/regions\\\/suisse\\\/suisse-orientale\\\/region-saint-gall\\\/#listItem\",\"name\":\"Saint-Gall\"},\"previousItem\":{\"@type\":\"ListItem\",\"@id\":\"https:\\\/\\\/www.immo-invest.ch\\\/fr\\\/categories\\\/regions\\\/suisse\\\/#listItem\",\"name\":\"Suisse\"}},{\"@type\":\"ListItem\",\"@id\":\"https:\\\/\\\/www.immo-invest.ch\\\/fr\\\/categories\\\/regions\\\/suisse\\\/suisse-orientale\\\/region-saint-gall\\\/#listItem\",\"position\":5,\"name\":\"Saint-Gall\",\"item\":\"https:\\\/\\\/www.immo-invest.ch\\\/fr\\\/categories\\\/regions\\\/suisse\\\/suisse-orientale\\\/region-saint-gall\\\/\",\"nextItem\":{\"@type\":\"ListItem\",\"@id\":\"https:\\\/\\\/www.immo-invest.ch\\\/fr\\\/einkaufsorganisation-erzeugt-eigenen-strom-in-st-gallen\\\/#listItem\",\"name\":\"Une organisation d&rsquo;achat produit sa propre \\u00e9lectricit\\u00e9 \\u00e0 Saint-Gall\"},\"previousItem\":{\"@type\":\"ListItem\",\"@id\":\"https:\\\/\\\/www.immo-invest.ch\\\/fr\\\/categories\\\/regions\\\/suisse\\\/suisse-orientale\\\/#listItem\",\"name\":\"Suisse orientale\"}},{\"@type\":\"ListItem\",\"@id\":\"https:\\\/\\\/www.immo-invest.ch\\\/fr\\\/einkaufsorganisation-erzeugt-eigenen-strom-in-st-gallen\\\/#listItem\",\"position\":6,\"name\":\"Une organisation d&rsquo;achat produit sa propre \\u00e9lectricit\\u00e9 \\u00e0 Saint-Gall\",\"previousItem\":{\"@type\":\"ListItem\",\"@id\":\"https:\\\/\\\/www.immo-invest.ch\\\/fr\\\/categories\\\/regions\\\/suisse\\\/suisse-orientale\\\/region-saint-gall\\\/#listItem\",\"name\":\"Saint-Gall\"}}]},{\"@type\":\"Organization\",\"@id\":\"https:\\\/\\\/www.immo-invest.ch\\\/fr\\\/#organization\",\"name\":\"immo!nvest - Die Plattform f\\u00fcr Standorte und Immobilien\",\"description\":\"Die\\u00a0Plattform f\\u00fcr Standorte und Immobilien\",\"url\":\"https:\\\/\\\/www.immo-invest.ch\\\/fr\\\/\",\"email\":\"admin@immomedia.ag\",\"telephone\":\"+41444420002\",\"logo\":{\"@type\":\"ImageObject\",\"url\":\"https:\\\/\\\/www.immo-invest.ch\\\/wp-content\\\/uploads\\\/2024\\\/09\\\/immoinvest_sm-scaled.jpg\",\"@id\":\"https:\\\/\\\/www.immo-invest.ch\\\/fr\\\/einkaufsorganisation-erzeugt-eigenen-strom-in-st-gallen\\\/#organizationLogo\",\"width\":2560,\"height\":1340},\"image\":{\"@id\":\"https:\\\/\\\/www.immo-invest.ch\\\/fr\\\/einkaufsorganisation-erzeugt-eigenen-strom-in-st-gallen\\\/#organizationLogo\"},\"sameAs\":[\"https:\\\/\\\/www.facebook.com\\\/people\\\/Immoinvest\\\/100077962920504\\\/\",\"https:\\\/\\\/x.com\\\/i\\\/flow\\\/login?redirect_after_login=immoinvest_ch\",\"https:\\\/\\\/www.instagram.com\\\/immoinvest_ch\\\/\",\"https:\\\/\\\/www.linkedin.com\\\/company\\\/immoinvest-swiss\"]},{\"@type\":\"Person\",\"@id\":\"https:\\\/\\\/www.immo-invest.ch\\\/fr\\\/author\\\/immovestuser\\\/#author\",\"url\":\"https:\\\/\\\/www.immo-invest.ch\\\/fr\\\/author\\\/immovestuser\\\/\",\"name\":\"immovestuser\",\"image\":{\"@type\":\"ImageObject\",\"@id\":\"https:\\\/\\\/www.immo-invest.ch\\\/fr\\\/einkaufsorganisation-erzeugt-eigenen-strom-in-st-gallen\\\/#authorImage\",\"url\":\"https:\\\/\\\/secure.gravatar.com\\\/avatar\\\/8e01f4d99f2eeea7a362ebb93305e1172a70e9293ba250f897a65c39f54cdd1e?s=96&d=mm&r=g\",\"width\":96,\"height\":96,\"caption\":\"immovestuser\"}},{\"@type\":\"WebPage\",\"@id\":\"https:\\\/\\\/www.immo-invest.ch\\\/fr\\\/einkaufsorganisation-erzeugt-eigenen-strom-in-st-gallen\\\/#webpage\",\"url\":\"https:\\\/\\\/www.immo-invest.ch\\\/fr\\\/einkaufsorganisation-erzeugt-eigenen-strom-in-st-gallen\\\/\",\"name\":\"Une organisation d\\u2019achat produit sa propre \\u00e9lectricit\\u00e9 \\u00e0 Saint-Gall - immo!nvest - Die Plattform f\\u00fcr Standorte und Immobilien\",\"description\":\"La coop\\u00e9rative ESA a mis en service une installation photovolta\\u00efque sur son site de Saint-Gall, sa troisi\\u00e8me installation pour son propre approvisionnement en \\u00e9lectricit\\u00e9. Auparavant, des installations avaient \\u00e9t\\u00e9 mises en place \\u00e0 Burgdorf et \\u00e0 Giubiasco TI.\",\"inLanguage\":\"fr-FR\",\"isPartOf\":{\"@id\":\"https:\\\/\\\/www.immo-invest.ch\\\/fr\\\/#website\"},\"breadcrumb\":{\"@id\":\"https:\\\/\\\/www.immo-invest.ch\\\/fr\\\/einkaufsorganisation-erzeugt-eigenen-strom-in-st-gallen\\\/#breadcrumblist\"},\"author\":{\"@id\":\"https:\\\/\\\/www.immo-invest.ch\\\/fr\\\/author\\\/immovestuser\\\/#author\"},\"creator\":{\"@id\":\"https:\\\/\\\/www.immo-invest.ch\\\/fr\\\/author\\\/immovestuser\\\/#author\"},\"image\":{\"@type\":\"ImageObject\",\"url\":\"https:\\\/\\\/www.immo-invest.ch\\\/wp-content\\\/uploads\\\/2020\\\/07\\\/energie_7-1.png\",\"@id\":\"https:\\\/\\\/www.immo-invest.ch\\\/fr\\\/einkaufsorganisation-erzeugt-eigenen-strom-in-st-gallen\\\/#mainImage\",\"width\":1200,\"height\":628},\"primaryImageOfPage\":{\"@id\":\"https:\\\/\\\/www.immo-invest.ch\\\/fr\\\/einkaufsorganisation-erzeugt-eigenen-strom-in-st-gallen\\\/#mainImage\"},\"datePublished\":\"2024-08-26T09:24:34+02:00\",\"dateModified\":\"2024-08-26T09:49:46+02:00\"},{\"@type\":\"WebSite\",\"@id\":\"https:\\\/\\\/www.immo-invest.ch\\\/fr\\\/#website\",\"url\":\"https:\\\/\\\/www.immo-invest.ch\\\/fr\\\/\",\"name\":\"immo!nvest - Die Plattform f\\u00fcr Standorte und Immobilien\",\"description\":\"Die\\u00a0Plattform f\\u00fcr Standorte und Immobilien\",\"inLanguage\":\"fr-FR\",\"publisher\":{\"@id\":\"https:\\\/\\\/www.immo-invest.ch\\\/fr\\\/#organization\"}}]}\n\t\t<\/script>\n\t\t<!-- All in One SEO -->\n\n","aioseo_head_json":{"title":"Une organisation d\u2019achat produit sa propre \u00e9lectricit\u00e9 \u00e0 Saint-Gall - immo!nvest - Die Plattform f\u00fcr Standorte und Immobilien","description":"La coop\u00e9rative ESA a mis en service une installation photovolta\u00efque sur son site de Saint-Gall, sa troisi\u00e8me installation pour son propre approvisionnement en \u00e9lectricit\u00e9. Auparavant, des installations avaient \u00e9t\u00e9 mises en place \u00e0 Burgdorf et \u00e0 Giubiasco TI.","canonical_url":"https:\/\/www.immo-invest.ch\/fr\/einkaufsorganisation-erzeugt-eigenen-strom-in-st-gallen\/","robots":"max-image-preview:large","keywords":"","webmasterTools":{"google-site-verification":"fHJKvgWpZCR2zVBHWfkQeFXC11qieUSff0HGNYfuyLA","miscellaneous":""},"schema":{"@context":"https:\/\/schema.org","@graph":[{"@type":"BlogPosting","@id":"https:\/\/www.immo-invest.ch\/fr\/einkaufsorganisation-erzeugt-eigenen-strom-in-st-gallen\/#blogposting","name":"Une organisation d\u2019achat produit sa propre \u00e9lectricit\u00e9 \u00e0 Saint-Gall - immo!nvest - Die Plattform f\u00fcr Standorte und Immobilien","headline":"Une organisation d&rsquo;achat produit sa propre \u00e9lectricit\u00e9 \u00e0 Saint-Gall","author":{"@id":"https:\/\/www.immo-invest.ch\/fr\/author\/immovestuser\/#author"},"publisher":{"@id":"https:\/\/www.immo-invest.ch\/fr\/#organization"},"image":{"@type":"ImageObject","url":"https:\/\/www.immo-invest.ch\/wp-content\/uploads\/2020\/07\/energie_7-1.png","width":1200,"height":628},"datePublished":"2024-08-26T09:24:34+02:00","dateModified":"2024-08-26T09:49:46+02:00","inLanguage":"fr-FR","mainEntityOfPage":{"@id":"https:\/\/www.immo-invest.ch\/fr\/einkaufsorganisation-erzeugt-eigenen-strom-in-st-gallen\/#webpage"},"isPartOf":{"@id":"https:\/\/www.immo-invest.ch\/fr\/einkaufsorganisation-erzeugt-eigenen-strom-in-st-gallen\/#webpage"},"articleSection":"Durabilit\u00e9, \u00c9nergie, immoNews, Saint-Gall, Burgdorf, Energie, Erneuerbare Energien, Giubiasco, Immoinvest, immoNews, News, Photovoltaikanlage, St.Gallen, Stromversorgung, Facultatif"},{"@type":"BreadcrumbList","@id":"https:\/\/www.immo-invest.ch\/fr\/einkaufsorganisation-erzeugt-eigenen-strom-in-st-gallen\/#breadcrumblist","itemListElement":[{"@type":"ListItem","@id":"https:\/\/www.immo-invest.ch\/fr\/#listItem","position":1,"name":"Home","item":"https:\/\/www.immo-invest.ch\/fr\/","nextItem":{"@type":"ListItem","@id":"https:\/\/www.immo-invest.ch\/fr\/categories\/regions\/#listItem","name":"R\u00e9gions"}},{"@type":"ListItem","@id":"https:\/\/www.immo-invest.ch\/fr\/categories\/regions\/#listItem","position":2,"name":"R\u00e9gions","item":"https:\/\/www.immo-invest.ch\/fr\/categories\/regions\/","nextItem":{"@type":"ListItem","@id":"https:\/\/www.immo-invest.ch\/fr\/categories\/regions\/suisse\/#listItem","name":"Suisse"},"previousItem":{"@type":"ListItem","@id":"https:\/\/www.immo-invest.ch\/fr\/#listItem","name":"Home"}},{"@type":"ListItem","@id":"https:\/\/www.immo-invest.ch\/fr\/categories\/regions\/suisse\/#listItem","position":3,"name":"Suisse","item":"https:\/\/www.immo-invest.ch\/fr\/categories\/regions\/suisse\/","nextItem":{"@type":"ListItem","@id":"https:\/\/www.immo-invest.ch\/fr\/categories\/regions\/suisse\/suisse-orientale\/#listItem","name":"Suisse orientale"},"previousItem":{"@type":"ListItem","@id":"https:\/\/www.immo-invest.ch\/fr\/categories\/regions\/#listItem","name":"R\u00e9gions"}},{"@type":"ListItem","@id":"https:\/\/www.immo-invest.ch\/fr\/categories\/regions\/suisse\/suisse-orientale\/#listItem","position":4,"name":"Suisse orientale","item":"https:\/\/www.immo-invest.ch\/fr\/categories\/regions\/suisse\/suisse-orientale\/","nextItem":{"@type":"ListItem","@id":"https:\/\/www.immo-invest.ch\/fr\/categories\/regions\/suisse\/suisse-orientale\/region-saint-gall\/#listItem","name":"Saint-Gall"},"previousItem":{"@type":"ListItem","@id":"https:\/\/www.immo-invest.ch\/fr\/categories\/regions\/suisse\/#listItem","name":"Suisse"}},{"@type":"ListItem","@id":"https:\/\/www.immo-invest.ch\/fr\/categories\/regions\/suisse\/suisse-orientale\/region-saint-gall\/#listItem","position":5,"name":"Saint-Gall","item":"https:\/\/www.immo-invest.ch\/fr\/categories\/regions\/suisse\/suisse-orientale\/region-saint-gall\/","nextItem":{"@type":"ListItem","@id":"https:\/\/www.immo-invest.ch\/fr\/einkaufsorganisation-erzeugt-eigenen-strom-in-st-gallen\/#listItem","name":"Une organisation d&rsquo;achat produit sa propre \u00e9lectricit\u00e9 \u00e0 Saint-Gall"},"previousItem":{"@type":"ListItem","@id":"https:\/\/www.immo-invest.ch\/fr\/categories\/regions\/suisse\/suisse-orientale\/#listItem","name":"Suisse orientale"}},{"@type":"ListItem","@id":"https:\/\/www.immo-invest.ch\/fr\/einkaufsorganisation-erzeugt-eigenen-strom-in-st-gallen\/#listItem","position":6,"name":"Une organisation d&rsquo;achat produit sa propre \u00e9lectricit\u00e9 \u00e0 Saint-Gall","previousItem":{"@type":"ListItem","@id":"https:\/\/www.immo-invest.ch\/fr\/categories\/regions\/suisse\/suisse-orientale\/region-saint-gall\/#listItem","name":"Saint-Gall"}}]},{"@type":"Organization","@id":"https:\/\/www.immo-invest.ch\/fr\/#organization","name":"immo!nvest - Die Plattform f\u00fcr Standorte und Immobilien","description":"Die\u00a0Plattform f\u00fcr Standorte und Immobilien","url":"https:\/\/www.immo-invest.ch\/fr\/","email":"admin@immomedia.ag","telephone":"+41444420002","logo":{"@type":"ImageObject","url":"https:\/\/www.immo-invest.ch\/wp-content\/uploads\/2024\/09\/immoinvest_sm-scaled.jpg","@id":"https:\/\/www.immo-invest.ch\/fr\/einkaufsorganisation-erzeugt-eigenen-strom-in-st-gallen\/#organizationLogo","width":2560,"height":1340},"image":{"@id":"https:\/\/www.immo-invest.ch\/fr\/einkaufsorganisation-erzeugt-eigenen-strom-in-st-gallen\/#organizationLogo"},"sameAs":["https:\/\/www.facebook.com\/people\/Immoinvest\/100077962920504\/","https:\/\/x.com\/i\/flow\/login?redirect_after_login=immoinvest_ch","https:\/\/www.instagram.com\/immoinvest_ch\/","https:\/\/www.linkedin.com\/company\/immoinvest-swiss"]},{"@type":"Person","@id":"https:\/\/www.immo-invest.ch\/fr\/author\/immovestuser\/#author","url":"https:\/\/www.immo-invest.ch\/fr\/author\/immovestuser\/","name":"immovestuser","image":{"@type":"ImageObject","@id":"https:\/\/www.immo-invest.ch\/fr\/einkaufsorganisation-erzeugt-eigenen-strom-in-st-gallen\/#authorImage","url":"https:\/\/secure.gravatar.com\/avatar\/8e01f4d99f2eeea7a362ebb93305e1172a70e9293ba250f897a65c39f54cdd1e?s=96&d=mm&r=g","width":96,"height":96,"caption":"immovestuser"}},{"@type":"WebPage","@id":"https:\/\/www.immo-invest.ch\/fr\/einkaufsorganisation-erzeugt-eigenen-strom-in-st-gallen\/#webpage","url":"https:\/\/www.immo-invest.ch\/fr\/einkaufsorganisation-erzeugt-eigenen-strom-in-st-gallen\/","name":"Une organisation d\u2019achat produit sa propre \u00e9lectricit\u00e9 \u00e0 Saint-Gall - immo!nvest - Die Plattform f\u00fcr Standorte und Immobilien","description":"La coop\u00e9rative ESA a mis en service une installation photovolta\u00efque sur son site de Saint-Gall, sa troisi\u00e8me installation pour son propre approvisionnement en \u00e9lectricit\u00e9. Auparavant, des installations avaient \u00e9t\u00e9 mises en place \u00e0 Burgdorf et \u00e0 Giubiasco TI.","inLanguage":"fr-FR","isPartOf":{"@id":"https:\/\/www.immo-invest.ch\/fr\/#website"},"breadcrumb":{"@id":"https:\/\/www.immo-invest.ch\/fr\/einkaufsorganisation-erzeugt-eigenen-strom-in-st-gallen\/#breadcrumblist"},"author":{"@id":"https:\/\/www.immo-invest.ch\/fr\/author\/immovestuser\/#author"},"creator":{"@id":"https:\/\/www.immo-invest.ch\/fr\/author\/immovestuser\/#author"},"image":{"@type":"ImageObject","url":"https:\/\/www.immo-invest.ch\/wp-content\/uploads\/2020\/07\/energie_7-1.png","@id":"https:\/\/www.immo-invest.ch\/fr\/einkaufsorganisation-erzeugt-eigenen-strom-in-st-gallen\/#mainImage","width":1200,"height":628},"primaryImageOfPage":{"@id":"https:\/\/www.immo-invest.ch\/fr\/einkaufsorganisation-erzeugt-eigenen-strom-in-st-gallen\/#mainImage"},"datePublished":"2024-08-26T09:24:34+02:00","dateModified":"2024-08-26T09:49:46+02:00"},{"@type":"WebSite","@id":"https:\/\/www.immo-invest.ch\/fr\/#website","url":"https:\/\/www.immo-invest.ch\/fr\/","name":"immo!nvest - Die Plattform f\u00fcr Standorte und Immobilien","description":"Die\u00a0Plattform f\u00fcr Standorte und Immobilien","inLanguage":"fr-FR","publisher":{"@id":"https:\/\/www.immo-invest.ch\/fr\/#organization"}}]},"og:locale":"fr_FR","og:site_name":"immo!nvest - Die Plattform f\u00fcr Standorte und Immobilien - Die\u00a0Plattform f\u00fcr Standorte und Immobilien","og:type":"article","og:title":"Une organisation d\u2019achat produit sa propre \u00e9lectricit\u00e9 \u00e0 Saint-Gall - immo!nvest - Die Plattform f\u00fcr Standorte und Immobilien","og:description":"La coop\u00e9rative ESA a mis en service une installation photovolta\u00efque sur son site de Saint-Gall, sa troisi\u00e8me installation pour son propre approvisionnement en \u00e9lectricit\u00e9. Auparavant, des installations avaient \u00e9t\u00e9 mises en place \u00e0 Burgdorf et \u00e0 Giubiasco TI.","og:url":"https:\/\/www.immo-invest.ch\/fr\/einkaufsorganisation-erzeugt-eigenen-strom-in-st-gallen\/","og:image":"https:\/\/www.immo-invest.ch\/wp-content\/uploads\/2020\/07\/energie_7-1.png","og:image:secure_url":"https:\/\/www.immo-invest.ch\/wp-content\/uploads\/2020\/07\/energie_7-1.png","og:image:width":1200,"og:image:height":628,"article:published_time":"2024-08-26T07:24:34+00:00","article:modified_time":"2024-08-26T07:49:46+00:00","article:publisher":"https:\/\/www.facebook.com\/people\/Immoinvest\/100077962920504\/","twitter:card":"summary_large_image","twitter:site":"@i","twitter:title":"Une organisation d\u2019achat produit sa propre \u00e9lectricit\u00e9 \u00e0 Saint-Gall - immo!nvest - Die Plattform f\u00fcr Standorte und Immobilien","twitter:description":"La coop\u00e9rative ESA a mis en service une installation photovolta\u00efque sur son site de Saint-Gall, sa troisi\u00e8me installation pour son propre approvisionnement en \u00e9lectricit\u00e9. Auparavant, des installations avaient \u00e9t\u00e9 mises en place \u00e0 Burgdorf et \u00e0 Giubiasco TI.","twitter:creator":"@i","twitter:image":"https:\/\/www.immo-invest.ch\/wp-content\/uploads\/2020\/07\/energie_7-1.png"},"aioseo_meta_data":{"post_id":"112517","title":null,"description":null,"keywords":null,"keyphrases":null,"primary_term":null,"canonical_url":null,"og_title":null,"og_description":null,"og_object_type":"default","og_image_type":"default","og_image_url":null,"og_image_width":null,"og_image_height":null,"og_image_custom_url":null,"og_image_custom_fields":null,"og_video":null,"og_custom_url":null,"og_article_section":null,"og_article_tags":null,"twitter_use_og":false,"twitter_card":"default","twitter_image_type":"default","twitter_image_url":null,"twitter_image_custom_url":null,"twitter_image_custom_fields":null,"twitter_title":null,"twitter_description":null,"schema":{"blockGraphs":[],"customGraphs":[],"default":{"data":{"Article":[],"Course":[],"Dataset":[],"FAQPage":[],"Movie":[],"Person":[],"Product":[],"ProductReview":[],"Car":[],"Recipe":[],"Service":[],"SoftwareApplication":[],"WebPage":[]},"graphName":"","isEnabled":true},"graphs":[]},"schema_type":"default","schema_type_options":null,"pillar_content":false,"robots_default":true,"robots_noindex":false,"robots_noarchive":false,"robots_nosnippet":false,"robots_nofollow":false,"robots_noimageindex":false,"robots_noodp":false,"robots_notranslate":false,"robots_max_snippet":null,"robots_max_videopreview":null,"robots_max_imagepreview":"large","priority":null,"frequency":null,"local_seo":null,"breadcrumb_settings":null,"limit_modified_date":false,"ai":null,"created":"2024-09-21 01:26:58","updated":"2025-10-24 08:13:27","seo_analyzer_scan_date":null,"focus_keyword":null,"additional_keywords":null,"truseo_locale":null},"aioseo_breadcrumb":"<div class=\"aioseo-breadcrumbs\"><span class=\"aioseo-breadcrumb\">\n\t\t\t<a href=\"https:\/\/www.immo-invest.ch\/fr\/\" title=\"Home\">Home<\/a>\n\t\t<\/span><span class=\"aioseo-breadcrumb-separator\">&raquo;<\/span><span class=\"aioseo-breadcrumb\">\n\t\t\t<a href=\"https:\/\/www.immo-invest.ch\/fr\/categories\/regions\/\" title=\"R\u00e9gions\">R\u00e9gions<\/a>\n\t\t<\/span><span class=\"aioseo-breadcrumb-separator\">&raquo;<\/span><span class=\"aioseo-breadcrumb\">\n\t\t\t<a href=\"https:\/\/www.immo-invest.ch\/fr\/categories\/regions\/suisse\/\" title=\"Suisse\">Suisse<\/a>\n\t\t<\/span><span class=\"aioseo-breadcrumb-separator\">&raquo;<\/span><span class=\"aioseo-breadcrumb\">\n\t\t\t<a href=\"https:\/\/www.immo-invest.ch\/fr\/categories\/regions\/suisse\/suisse-orientale\/\" title=\"Suisse orientale\">Suisse orientale<\/a>\n\t\t<\/span><span class=\"aioseo-breadcrumb-separator\">&raquo;<\/span><span class=\"aioseo-breadcrumb\">\n\t\t\t<a href=\"https:\/\/www.immo-invest.ch\/fr\/categories\/regions\/suisse\/suisse-orientale\/region-saint-gall\/\" title=\"Saint-Gall\">Saint-Gall<\/a>\n\t\t<\/span><span class=\"aioseo-breadcrumb-separator\">&raquo;<\/span><span class=\"aioseo-breadcrumb\">\n\t\t\tUne organisation d\u2019achat produit sa propre \u00e9lectricit\u00e9 \u00e0 Saint-Gall\n\t\t<\/span><\/div>","aioseo_breadcrumb_json":[{"label":"Home","link":"https:\/\/www.immo-invest.ch\/fr\/"},{"label":"R\u00e9gions","link":"https:\/\/www.immo-invest.ch\/fr\/categories\/regions\/"},{"label":"Suisse","link":"https:\/\/www.immo-invest.ch\/fr\/categories\/regions\/suisse\/"},{"label":"Suisse orientale","link":"https:\/\/www.immo-invest.ch\/fr\/categories\/regions\/suisse\/suisse-orientale\/"},{"label":"Saint-Gall","link":"https:\/\/www.immo-invest.ch\/fr\/categories\/regions\/suisse\/suisse-orientale\/region-saint-gall\/"},{"label":"Une organisation d&rsquo;achat produit sa propre \u00e9lectricit\u00e9 \u00e0 Saint-Gall","link":"https:\/\/www.immo-invest.ch\/fr\/einkaufsorganisation-erzeugt-eigenen-strom-in-st-gallen\/"}],"featured_image_src":"https:\/\/www.immo-invest.ch\/wp-content\/uploads\/2020\/07\/energie_7-1-150x150.png","_links":{"self":[{"href":"https:\/\/www.immo-invest.ch\/fr\/wp-json\/wp\/v2\/posts\/112517","targetHints":{"allow":["GET"]}}],"collection":[{"href":"https:\/\/www.immo-invest.ch\/fr\/wp-json\/wp\/v2\/posts"}],"about":[{"href":"https:\/\/www.immo-invest.ch\/fr\/wp-json\/wp\/v2\/types\/post"}],"author":[{"embeddable":true,"href":"https:\/\/www.immo-invest.ch\/fr\/wp-json\/wp\/v2\/users\/2"}],"replies":[{"embeddable":true,"href":"https:\/\/www.immo-invest.ch\/fr\/wp-json\/wp\/v2\/comments?post=112517"}],"version-history":[{"count":0,"href":"https:\/\/www.immo-invest.ch\/fr\/wp-json\/wp\/v2\/posts\/112517\/revisions"}],"wp:featuredmedia":[{"embeddable":true,"href":"https:\/\/www.immo-invest.ch\/fr\/wp-json\/wp\/v2\/media\/6802"}],"wp:attachment":[{"href":"https:\/\/www.immo-invest.ch\/fr\/wp-json\/wp\/v2\/media?parent=112517"}],"wp:term":[{"taxonomy":"category","embeddable":true,"href":"https:\/\/www.immo-invest.ch\/fr\/wp-json\/wp\/v2\/categories?post=112517"},{"taxonomy":"post_tag","embeddable":true,"href":"https:\/\/www.immo-invest.ch\/fr\/wp-json\/wp\/v2\/tags?post=112517"}],"curies":[{"name":"wp","href":"https:\/\/api.w.org\/{rel}","templated":true}]}}