{"id":112314,"date":"2024-08-22T15:19:46","date_gmt":"2024-08-22T13:19:46","guid":{"rendered":"https:\/\/www.immo-invest.ch\/?p=112314"},"modified":"2024-08-22T09:21:26","modified_gmt":"2024-08-22T07:21:26","slug":"basel-stadt-will-fernwaerme-und-begruenung-ausbauen","status":"publish","type":"post","link":"https:\/\/www.immo-invest.ch\/fr\/basel-stadt-will-fernwaerme-und-begruenung-ausbauen\/","title":{"rendered":"B\u00e2le-Ville veut d\u00e9velopper le chauffage urbain et la v\u00e9g\u00e9talisation"},"content":{"rendered":"<p class=\"bodytext\">Le Conseil d&rsquo;Etat du <a href=\"https:\/\/www.bs.ch\/\" target=\"_blank\" rel=\"noopener\">canton de B&acirc;le-Ville<\/a> a d&eacute;velopp&eacute; un concept global d&rsquo;extension du r&eacute;seau de chauffage urbain et l&rsquo;a pr&eacute;sent&eacute; sous forme de conseil. Comme il ressort d&rsquo;un <a href=\"https:\/\/www.medien.bs.ch\/nm\/2024-kanton-will-fernwaerme-ausbau-fuer-begruenung-nutzen-rr.html\" target=\"_blank\" rel=\"noopener\">communiqu&eacute;<\/a>, les routes, les conduites et les voies de tram doivent &ecirc;tre enti&egrave;rement r&eacute;nov&eacute;es dans ce cadre. Parall&egrave;lement, de nombreux espaces publics du centre-ville seront rendus imperm&eacute;ables.<\/p>\n<p class=\"bodytext\">Ce vaste r&eacute;am&eacute;nagement offre &eacute;galement une opportunit&eacute; unique de v&eacute;g&eacute;taliser de grandes surfaces, pr&eacute;cise le communiqu&eacute;. Pour mettre en &oelig;uvre les plans, le canton examine, en accord avec le concept climatique de la ville, les possibilit&eacute;s de nouvelles plantations d&rsquo;arbres &agrave; chaque r&eacute;novation &agrave; venir. Outre les plantations &agrave; effectuer maintenant, le projet pr&eacute;voit de poser les conduites de chauffage urbain et autres lors des r&eacute;novations de mani&egrave;re &agrave; ce que des plantations puissent encore &ecirc;tre effectu&eacute;es ult&eacute;rieurement. En outre, la planification et la r&eacute;alisation doivent tenir compte de la n&eacute;cessit&eacute; d&rsquo;optimiser le flux de circulation dans la ville et de garantir l&rsquo;acc&egrave;s des forces de s&eacute;curit&eacute; telles que les pompiers ou les services m&eacute;dicaux d&rsquo;urgence.<\/p>\n<p class=\"bodytext\">Pour la mise en &oelig;uvre de l&rsquo;ensemble du projet, le Conseil d&rsquo;Etat a propos&eacute; au Grand Conseil un budget annuel de 4,1 millions de francs sur 13 ans, soit un total de 51 millions de francs.<\/p>\n","protected":false},"excerpt":{"rendered":"<p>Le Conseil d&rsquo;Etat de B\u00e2le-Ville a pr\u00e9sent\u00e9 un concept global d&rsquo;extension du r\u00e9seau de chauffage urbain. Outre la r\u00e9novation des rues et des voies de tramway, de grandes surfaces du centre-ville doivent \u00eatre v\u00e9g\u00e9talis\u00e9es et d\u00e9sensabl\u00e9es afin d&rsquo;am\u00e9liorer le climat urbain.<\/p>\n","protected":false},"author":2,"featured_media":112309,"comment_status":"open","ping_status":"open","sticky":false,"template":"","format":"standard","meta":{"pmpro_default_level":"","inline_featured_image":false,"_monsterinsights_skip_tracking":false,"footnotes":""},"categories":[9438,22699,743,8452],"tags":[3784,872,3931,2002,49211,49212],"class_list":["post-112314","post","type-post","status-publish","format-standard","has-post-thumbnail","hentry","category-region-bale","category-durabilite","category-immonews-fr","category-regions","tag-fernwaerme-fr","tag-immoinvest-fr","tag-immonews-fr","tag-news-fr","tag-stadtbegruenung-fr","tag-stadterneuerung-fr","pmpro-has-access"],"acf":{"bild_mit_ki_erstellt_worden":[],"lead":"Le gouvernement de B\u00e2le-Ville a pr\u00e9sent\u00e9 un plan global pour \u00e9tendre le r\u00e9seau de chauffage urbain. En plus de la r\u00e9novation des rues et des voies de tramway, de vastes zones urbaines seront v\u00e9g\u00e9talis\u00e9es et d\u00e9simperm\u00e9abilis\u00e9es pour am\u00e9liorer le climat de la ville.","autor":"ce\/ww","ort":"Basel","bildunterschrift":"","bild_im_grid":false,"gallerie":"","newsim":""},"aioseo_notices":[],"aioseo_head":"\n\t\t<!-- All in One SEO 5.0.0.1 - aioseo.com -->\n\t<meta name=\"description\" content=\"Le Conseil d&#039;Etat de B\u00e2le-Ville a pr\u00e9sent\u00e9 un concept global d&#039;extension du r\u00e9seau de chauffage urbain. Outre la r\u00e9novation des rues et des voies de tramway, de grandes surfaces du centre-ville doivent \u00eatre v\u00e9g\u00e9talis\u00e9es et d\u00e9sensabl\u00e9es afin d&#039;am\u00e9liorer le climat urbain.\" \/>\n\t<meta name=\"robots\" content=\"max-image-preview:large\" \/>\n\t<meta name=\"author\" content=\"immovestuser\"\/>\n\t<meta name=\"google-site-verification\" content=\"fHJKvgWpZCR2zVBHWfkQeFXC11qieUSff0HGNYfuyLA\" \/>\n\t<link rel=\"canonical\" href=\"https:\/\/www.immo-invest.ch\/fr\/basel-stadt-will-fernwaerme-und-begruenung-ausbauen\/\" \/>\n\t<meta name=\"generator\" content=\"All in One SEO (AIOSEO) 5.0.0.1\" \/>\n\t\t<meta property=\"og:locale\" content=\"fr_FR\" \/>\n\t\t<meta property=\"og:site_name\" content=\"immo!nvest - Die Plattform f\u00fcr Standorte und Immobilien - Die\u00a0Plattform f\u00fcr Standorte und Immobilien\" \/>\n\t\t<meta property=\"og:type\" content=\"article\" \/>\n\t\t<meta property=\"og:title\" content=\"B\u00e2le-Ville veut d\u00e9velopper le chauffage urbain et la v\u00e9g\u00e9talisation - immo!nvest - Die Plattform f\u00fcr Standorte und Immobilien\" \/>\n\t\t<meta property=\"og:description\" content=\"Le Conseil d&#039;Etat de B\u00e2le-Ville a pr\u00e9sent\u00e9 un concept global d&#039;extension du r\u00e9seau de chauffage urbain. Outre la r\u00e9novation des rues et des voies de tramway, de grandes surfaces du centre-ville doivent \u00eatre v\u00e9g\u00e9talis\u00e9es et d\u00e9sensabl\u00e9es afin d&#039;am\u00e9liorer le climat urbain.\" \/>\n\t\t<meta property=\"og:url\" content=\"https:\/\/www.immo-invest.ch\/fr\/basel-stadt-will-fernwaerme-und-begruenung-ausbauen\/\" \/>\n\t\t<meta property=\"og:image\" content=\"https:\/\/www.immo-invest.ch\/wp-content\/uploads\/2024\/08\/Unbenannt-28.png\" \/>\n\t\t<meta property=\"og:image:secure_url\" content=\"https:\/\/www.immo-invest.ch\/wp-content\/uploads\/2024\/08\/Unbenannt-28.png\" \/>\n\t\t<meta property=\"og:image:width\" content=\"1792\" \/>\n\t\t<meta property=\"og:image:height\" content=\"1024\" \/>\n\t\t<meta property=\"article:published_time\" content=\"2024-08-22T13:19:46+00:00\" \/>\n\t\t<meta property=\"article:modified_time\" content=\"2024-08-22T07:21:26+00:00\" \/>\n\t\t<meta property=\"article:publisher\" content=\"https:\/\/www.facebook.com\/people\/Immoinvest\/100077962920504\/\" \/>\n\t\t<meta name=\"twitter:card\" content=\"summary_large_image\" \/>\n\t\t<meta name=\"twitter:site\" content=\"@i\" \/>\n\t\t<meta name=\"twitter:title\" content=\"B\u00e2le-Ville veut d\u00e9velopper le chauffage urbain et la v\u00e9g\u00e9talisation - immo!nvest - Die Plattform f\u00fcr Standorte und Immobilien\" \/>\n\t\t<meta name=\"twitter:description\" content=\"Le Conseil d&#039;Etat de B\u00e2le-Ville a pr\u00e9sent\u00e9 un concept global d&#039;extension du r\u00e9seau de chauffage urbain. Outre la r\u00e9novation des rues et des voies de tramway, de grandes surfaces du centre-ville doivent \u00eatre v\u00e9g\u00e9talis\u00e9es et d\u00e9sensabl\u00e9es afin d&#039;am\u00e9liorer le climat urbain.\" \/>\n\t\t<meta name=\"twitter:creator\" content=\"@i\" \/>\n\t\t<meta name=\"twitter:image\" content=\"https:\/\/www.immo-invest.ch\/wp-content\/uploads\/2024\/08\/Unbenannt-28.png\" \/>\n\t\t<script type=\"application\/ld+json\" class=\"aioseo-schema\">\n\t\t\t{\"@context\":\"https:\\\/\\\/schema.org\",\"@graph\":[{\"@type\":\"BlogPosting\",\"@id\":\"https:\\\/\\\/www.immo-invest.ch\\\/fr\\\/basel-stadt-will-fernwaerme-und-begruenung-ausbauen\\\/#blogposting\",\"name\":\"B\\u00e2le-Ville veut d\\u00e9velopper le chauffage urbain et la v\\u00e9g\\u00e9talisation - immo!nvest - Die Plattform f\\u00fcr Standorte und Immobilien\",\"headline\":\"B\\u00e2le-Ville veut d\\u00e9velopper le chauffage urbain et la v\\u00e9g\\u00e9talisation\",\"author\":{\"@id\":\"https:\\\/\\\/www.immo-invest.ch\\\/fr\\\/author\\\/immovestuser\\\/#author\"},\"publisher\":{\"@id\":\"https:\\\/\\\/www.immo-invest.ch\\\/fr\\\/#organization\"},\"image\":{\"@type\":\"ImageObject\",\"url\":\"https:\\\/\\\/www.immo-invest.ch\\\/wp-content\\\/uploads\\\/2024\\\/08\\\/Unbenannt-28.png\",\"width\":1792,\"height\":1024},\"datePublished\":\"2024-08-22T15:19:46+02:00\",\"dateModified\":\"2024-08-22T09:21:26+02:00\",\"inLanguage\":\"fr-FR\",\"mainEntityOfPage\":{\"@id\":\"https:\\\/\\\/www.immo-invest.ch\\\/fr\\\/basel-stadt-will-fernwaerme-und-begruenung-ausbauen\\\/#webpage\"},\"isPartOf\":{\"@id\":\"https:\\\/\\\/www.immo-invest.ch\\\/fr\\\/basel-stadt-will-fernwaerme-und-begruenung-ausbauen\\\/#webpage\"},\"articleSection\":\"B\\u00e2le, Durabilit\\u00e9, immoNews, R\\u00e9gions, Fernw\\u00e4rme, Immoinvest, immoNews, News, Stadtbegr\\u00fcnung, Stadterneuerung, Facultatif\"},{\"@type\":\"BreadcrumbList\",\"@id\":\"https:\\\/\\\/www.immo-invest.ch\\\/fr\\\/basel-stadt-will-fernwaerme-und-begruenung-ausbauen\\\/#breadcrumblist\",\"itemListElement\":[{\"@type\":\"ListItem\",\"@id\":\"https:\\\/\\\/www.immo-invest.ch\\\/fr\\\/#listItem\",\"position\":1,\"name\":\"Home\",\"item\":\"https:\\\/\\\/www.immo-invest.ch\\\/fr\\\/\",\"nextItem\":{\"@type\":\"ListItem\",\"@id\":\"https:\\\/\\\/www.immo-invest.ch\\\/fr\\\/categories\\\/regions\\\/#listItem\",\"name\":\"R\\u00e9gions\"}},{\"@type\":\"ListItem\",\"@id\":\"https:\\\/\\\/www.immo-invest.ch\\\/fr\\\/categories\\\/regions\\\/#listItem\",\"position\":2,\"name\":\"R\\u00e9gions\",\"item\":\"https:\\\/\\\/www.immo-invest.ch\\\/fr\\\/categories\\\/regions\\\/\",\"nextItem\":{\"@type\":\"ListItem\",\"@id\":\"https:\\\/\\\/www.immo-invest.ch\\\/fr\\\/categories\\\/regions\\\/suisse\\\/#listItem\",\"name\":\"Suisse\"},\"previousItem\":{\"@type\":\"ListItem\",\"@id\":\"https:\\\/\\\/www.immo-invest.ch\\\/fr\\\/#listItem\",\"name\":\"Home\"}},{\"@type\":\"ListItem\",\"@id\":\"https:\\\/\\\/www.immo-invest.ch\\\/fr\\\/categories\\\/regions\\\/suisse\\\/#listItem\",\"position\":3,\"name\":\"Suisse\",\"item\":\"https:\\\/\\\/www.immo-invest.ch\\\/fr\\\/categories\\\/regions\\\/suisse\\\/\",\"nextItem\":{\"@type\":\"ListItem\",\"@id\":\"https:\\\/\\\/www.immo-invest.ch\\\/fr\\\/categories\\\/regions\\\/suisse\\\/suisse-du-nord-ouest\\\/#listItem\",\"name\":\"Suisse du Nord-Ouest\"},\"previousItem\":{\"@type\":\"ListItem\",\"@id\":\"https:\\\/\\\/www.immo-invest.ch\\\/fr\\\/categories\\\/regions\\\/#listItem\",\"name\":\"R\\u00e9gions\"}},{\"@type\":\"ListItem\",\"@id\":\"https:\\\/\\\/www.immo-invest.ch\\\/fr\\\/categories\\\/regions\\\/suisse\\\/suisse-du-nord-ouest\\\/#listItem\",\"position\":4,\"name\":\"Suisse du Nord-Ouest\",\"item\":\"https:\\\/\\\/www.immo-invest.ch\\\/fr\\\/categories\\\/regions\\\/suisse\\\/suisse-du-nord-ouest\\\/\",\"nextItem\":{\"@type\":\"ListItem\",\"@id\":\"https:\\\/\\\/www.immo-invest.ch\\\/fr\\\/categories\\\/regions\\\/suisse\\\/suisse-du-nord-ouest\\\/region-bale\\\/#listItem\",\"name\":\"B\\u00e2le\"},\"previousItem\":{\"@type\":\"ListItem\",\"@id\":\"https:\\\/\\\/www.immo-invest.ch\\\/fr\\\/categories\\\/regions\\\/suisse\\\/#listItem\",\"name\":\"Suisse\"}},{\"@type\":\"ListItem\",\"@id\":\"https:\\\/\\\/www.immo-invest.ch\\\/fr\\\/categories\\\/regions\\\/suisse\\\/suisse-du-nord-ouest\\\/region-bale\\\/#listItem\",\"position\":5,\"name\":\"B\\u00e2le\",\"item\":\"https:\\\/\\\/www.immo-invest.ch\\\/fr\\\/categories\\\/regions\\\/suisse\\\/suisse-du-nord-ouest\\\/region-bale\\\/\",\"nextItem\":{\"@type\":\"ListItem\",\"@id\":\"https:\\\/\\\/www.immo-invest.ch\\\/fr\\\/basel-stadt-will-fernwaerme-und-begruenung-ausbauen\\\/#listItem\",\"name\":\"B\\u00e2le-Ville veut d\\u00e9velopper le chauffage urbain et la v\\u00e9g\\u00e9talisation\"},\"previousItem\":{\"@type\":\"ListItem\",\"@id\":\"https:\\\/\\\/www.immo-invest.ch\\\/fr\\\/categories\\\/regions\\\/suisse\\\/suisse-du-nord-ouest\\\/#listItem\",\"name\":\"Suisse du Nord-Ouest\"}},{\"@type\":\"ListItem\",\"@id\":\"https:\\\/\\\/www.immo-invest.ch\\\/fr\\\/basel-stadt-will-fernwaerme-und-begruenung-ausbauen\\\/#listItem\",\"position\":6,\"name\":\"B\\u00e2le-Ville veut d\\u00e9velopper le chauffage urbain et la v\\u00e9g\\u00e9talisation\",\"previousItem\":{\"@type\":\"ListItem\",\"@id\":\"https:\\\/\\\/www.immo-invest.ch\\\/fr\\\/categories\\\/regions\\\/suisse\\\/suisse-du-nord-ouest\\\/region-bale\\\/#listItem\",\"name\":\"B\\u00e2le\"}}]},{\"@type\":\"Organization\",\"@id\":\"https:\\\/\\\/www.immo-invest.ch\\\/fr\\\/#organization\",\"name\":\"immo!nvest - Die Plattform f\\u00fcr Standorte und Immobilien\",\"description\":\"Die\\u00a0Plattform f\\u00fcr Standorte und Immobilien\",\"url\":\"https:\\\/\\\/www.immo-invest.ch\\\/fr\\\/\",\"email\":\"admin@immomedia.ag\",\"telephone\":\"+41444420002\",\"logo\":{\"@type\":\"ImageObject\",\"url\":\"https:\\\/\\\/www.immo-invest.ch\\\/wp-content\\\/uploads\\\/2024\\\/09\\\/immoinvest_sm-scaled.jpg\",\"@id\":\"https:\\\/\\\/www.immo-invest.ch\\\/fr\\\/basel-stadt-will-fernwaerme-und-begruenung-ausbauen\\\/#organizationLogo\",\"width\":2560,\"height\":1340},\"image\":{\"@id\":\"https:\\\/\\\/www.immo-invest.ch\\\/fr\\\/basel-stadt-will-fernwaerme-und-begruenung-ausbauen\\\/#organizationLogo\"},\"sameAs\":[\"https:\\\/\\\/www.facebook.com\\\/people\\\/Immoinvest\\\/100077962920504\\\/\",\"https:\\\/\\\/x.com\\\/i\\\/flow\\\/login?redirect_after_login=immoinvest_ch\",\"https:\\\/\\\/www.instagram.com\\\/immoinvest_ch\\\/\",\"https:\\\/\\\/www.linkedin.com\\\/company\\\/immoinvest-swiss\"]},{\"@type\":\"Person\",\"@id\":\"https:\\\/\\\/www.immo-invest.ch\\\/fr\\\/author\\\/immovestuser\\\/#author\",\"url\":\"https:\\\/\\\/www.immo-invest.ch\\\/fr\\\/author\\\/immovestuser\\\/\",\"name\":\"immovestuser\",\"image\":{\"@type\":\"ImageObject\",\"@id\":\"https:\\\/\\\/www.immo-invest.ch\\\/fr\\\/basel-stadt-will-fernwaerme-und-begruenung-ausbauen\\\/#authorImage\",\"url\":\"https:\\\/\\\/secure.gravatar.com\\\/avatar\\\/8e01f4d99f2eeea7a362ebb93305e1172a70e9293ba250f897a65c39f54cdd1e?s=96&d=mm&r=g\",\"width\":96,\"height\":96,\"caption\":\"immovestuser\"}},{\"@type\":\"WebPage\",\"@id\":\"https:\\\/\\\/www.immo-invest.ch\\\/fr\\\/basel-stadt-will-fernwaerme-und-begruenung-ausbauen\\\/#webpage\",\"url\":\"https:\\\/\\\/www.immo-invest.ch\\\/fr\\\/basel-stadt-will-fernwaerme-und-begruenung-ausbauen\\\/\",\"name\":\"B\\u00e2le-Ville veut d\\u00e9velopper le chauffage urbain et la v\\u00e9g\\u00e9talisation - immo!nvest - Die Plattform f\\u00fcr Standorte und Immobilien\",\"description\":\"Le Conseil d'Etat de B\\u00e2le-Ville a pr\\u00e9sent\\u00e9 un concept global d'extension du r\\u00e9seau de chauffage urbain. Outre la r\\u00e9novation des rues et des voies de tramway, de grandes surfaces du centre-ville doivent \\u00eatre v\\u00e9g\\u00e9talis\\u00e9es et d\\u00e9sensabl\\u00e9es afin d'am\\u00e9liorer le climat urbain.\",\"inLanguage\":\"fr-FR\",\"isPartOf\":{\"@id\":\"https:\\\/\\\/www.immo-invest.ch\\\/fr\\\/#website\"},\"breadcrumb\":{\"@id\":\"https:\\\/\\\/www.immo-invest.ch\\\/fr\\\/basel-stadt-will-fernwaerme-und-begruenung-ausbauen\\\/#breadcrumblist\"},\"author\":{\"@id\":\"https:\\\/\\\/www.immo-invest.ch\\\/fr\\\/author\\\/immovestuser\\\/#author\"},\"creator\":{\"@id\":\"https:\\\/\\\/www.immo-invest.ch\\\/fr\\\/author\\\/immovestuser\\\/#author\"},\"image\":{\"@type\":\"ImageObject\",\"url\":\"https:\\\/\\\/www.immo-invest.ch\\\/wp-content\\\/uploads\\\/2024\\\/08\\\/Unbenannt-28.png\",\"@id\":\"https:\\\/\\\/www.immo-invest.ch\\\/fr\\\/basel-stadt-will-fernwaerme-und-begruenung-ausbauen\\\/#mainImage\",\"width\":1792,\"height\":1024},\"primaryImageOfPage\":{\"@id\":\"https:\\\/\\\/www.immo-invest.ch\\\/fr\\\/basel-stadt-will-fernwaerme-und-begruenung-ausbauen\\\/#mainImage\"},\"datePublished\":\"2024-08-22T15:19:46+02:00\",\"dateModified\":\"2024-08-22T09:21:26+02:00\"},{\"@type\":\"WebSite\",\"@id\":\"https:\\\/\\\/www.immo-invest.ch\\\/fr\\\/#website\",\"url\":\"https:\\\/\\\/www.immo-invest.ch\\\/fr\\\/\",\"name\":\"immo!nvest - Die Plattform f\\u00fcr Standorte und Immobilien\",\"description\":\"Die\\u00a0Plattform f\\u00fcr Standorte und Immobilien\",\"inLanguage\":\"fr-FR\",\"publisher\":{\"@id\":\"https:\\\/\\\/www.immo-invest.ch\\\/fr\\\/#organization\"}}]}\n\t\t<\/script>\n\t\t<!-- All in One SEO -->\n\n","aioseo_head_json":{"title":"B\u00e2le-Ville veut d\u00e9velopper le chauffage urbain et la v\u00e9g\u00e9talisation - immo!nvest - Die Plattform f\u00fcr Standorte und Immobilien","description":"Le Conseil d'Etat de B\u00e2le-Ville a pr\u00e9sent\u00e9 un concept global d'extension du r\u00e9seau de chauffage urbain. Outre la r\u00e9novation des rues et des voies de tramway, de grandes surfaces du centre-ville doivent \u00eatre v\u00e9g\u00e9talis\u00e9es et d\u00e9sensabl\u00e9es afin d'am\u00e9liorer le climat urbain.","canonical_url":"https:\/\/www.immo-invest.ch\/fr\/basel-stadt-will-fernwaerme-und-begruenung-ausbauen\/","robots":"max-image-preview:large","keywords":"","webmasterTools":{"google-site-verification":"fHJKvgWpZCR2zVBHWfkQeFXC11qieUSff0HGNYfuyLA","miscellaneous":""},"schema":{"@context":"https:\/\/schema.org","@graph":[{"@type":"BlogPosting","@id":"https:\/\/www.immo-invest.ch\/fr\/basel-stadt-will-fernwaerme-und-begruenung-ausbauen\/#blogposting","name":"B\u00e2le-Ville veut d\u00e9velopper le chauffage urbain et la v\u00e9g\u00e9talisation - immo!nvest - Die Plattform f\u00fcr Standorte und Immobilien","headline":"B\u00e2le-Ville veut d\u00e9velopper le chauffage urbain et la v\u00e9g\u00e9talisation","author":{"@id":"https:\/\/www.immo-invest.ch\/fr\/author\/immovestuser\/#author"},"publisher":{"@id":"https:\/\/www.immo-invest.ch\/fr\/#organization"},"image":{"@type":"ImageObject","url":"https:\/\/www.immo-invest.ch\/wp-content\/uploads\/2024\/08\/Unbenannt-28.png","width":1792,"height":1024},"datePublished":"2024-08-22T15:19:46+02:00","dateModified":"2024-08-22T09:21:26+02:00","inLanguage":"fr-FR","mainEntityOfPage":{"@id":"https:\/\/www.immo-invest.ch\/fr\/basel-stadt-will-fernwaerme-und-begruenung-ausbauen\/#webpage"},"isPartOf":{"@id":"https:\/\/www.immo-invest.ch\/fr\/basel-stadt-will-fernwaerme-und-begruenung-ausbauen\/#webpage"},"articleSection":"B\u00e2le, Durabilit\u00e9, immoNews, R\u00e9gions, Fernw\u00e4rme, Immoinvest, immoNews, News, Stadtbegr\u00fcnung, Stadterneuerung, Facultatif"},{"@type":"BreadcrumbList","@id":"https:\/\/www.immo-invest.ch\/fr\/basel-stadt-will-fernwaerme-und-begruenung-ausbauen\/#breadcrumblist","itemListElement":[{"@type":"ListItem","@id":"https:\/\/www.immo-invest.ch\/fr\/#listItem","position":1,"name":"Home","item":"https:\/\/www.immo-invest.ch\/fr\/","nextItem":{"@type":"ListItem","@id":"https:\/\/www.immo-invest.ch\/fr\/categories\/regions\/#listItem","name":"R\u00e9gions"}},{"@type":"ListItem","@id":"https:\/\/www.immo-invest.ch\/fr\/categories\/regions\/#listItem","position":2,"name":"R\u00e9gions","item":"https:\/\/www.immo-invest.ch\/fr\/categories\/regions\/","nextItem":{"@type":"ListItem","@id":"https:\/\/www.immo-invest.ch\/fr\/categories\/regions\/suisse\/#listItem","name":"Suisse"},"previousItem":{"@type":"ListItem","@id":"https:\/\/www.immo-invest.ch\/fr\/#listItem","name":"Home"}},{"@type":"ListItem","@id":"https:\/\/www.immo-invest.ch\/fr\/categories\/regions\/suisse\/#listItem","position":3,"name":"Suisse","item":"https:\/\/www.immo-invest.ch\/fr\/categories\/regions\/suisse\/","nextItem":{"@type":"ListItem","@id":"https:\/\/www.immo-invest.ch\/fr\/categories\/regions\/suisse\/suisse-du-nord-ouest\/#listItem","name":"Suisse du Nord-Ouest"},"previousItem":{"@type":"ListItem","@id":"https:\/\/www.immo-invest.ch\/fr\/categories\/regions\/#listItem","name":"R\u00e9gions"}},{"@type":"ListItem","@id":"https:\/\/www.immo-invest.ch\/fr\/categories\/regions\/suisse\/suisse-du-nord-ouest\/#listItem","position":4,"name":"Suisse du Nord-Ouest","item":"https:\/\/www.immo-invest.ch\/fr\/categories\/regions\/suisse\/suisse-du-nord-ouest\/","nextItem":{"@type":"ListItem","@id":"https:\/\/www.immo-invest.ch\/fr\/categories\/regions\/suisse\/suisse-du-nord-ouest\/region-bale\/#listItem","name":"B\u00e2le"},"previousItem":{"@type":"ListItem","@id":"https:\/\/www.immo-invest.ch\/fr\/categories\/regions\/suisse\/#listItem","name":"Suisse"}},{"@type":"ListItem","@id":"https:\/\/www.immo-invest.ch\/fr\/categories\/regions\/suisse\/suisse-du-nord-ouest\/region-bale\/#listItem","position":5,"name":"B\u00e2le","item":"https:\/\/www.immo-invest.ch\/fr\/categories\/regions\/suisse\/suisse-du-nord-ouest\/region-bale\/","nextItem":{"@type":"ListItem","@id":"https:\/\/www.immo-invest.ch\/fr\/basel-stadt-will-fernwaerme-und-begruenung-ausbauen\/#listItem","name":"B\u00e2le-Ville veut d\u00e9velopper le chauffage urbain et la v\u00e9g\u00e9talisation"},"previousItem":{"@type":"ListItem","@id":"https:\/\/www.immo-invest.ch\/fr\/categories\/regions\/suisse\/suisse-du-nord-ouest\/#listItem","name":"Suisse du Nord-Ouest"}},{"@type":"ListItem","@id":"https:\/\/www.immo-invest.ch\/fr\/basel-stadt-will-fernwaerme-und-begruenung-ausbauen\/#listItem","position":6,"name":"B\u00e2le-Ville veut d\u00e9velopper le chauffage urbain et la v\u00e9g\u00e9talisation","previousItem":{"@type":"ListItem","@id":"https:\/\/www.immo-invest.ch\/fr\/categories\/regions\/suisse\/suisse-du-nord-ouest\/region-bale\/#listItem","name":"B\u00e2le"}}]},{"@type":"Organization","@id":"https:\/\/www.immo-invest.ch\/fr\/#organization","name":"immo!nvest - Die Plattform f\u00fcr Standorte und Immobilien","description":"Die\u00a0Plattform f\u00fcr Standorte und Immobilien","url":"https:\/\/www.immo-invest.ch\/fr\/","email":"admin@immomedia.ag","telephone":"+41444420002","logo":{"@type":"ImageObject","url":"https:\/\/www.immo-invest.ch\/wp-content\/uploads\/2024\/09\/immoinvest_sm-scaled.jpg","@id":"https:\/\/www.immo-invest.ch\/fr\/basel-stadt-will-fernwaerme-und-begruenung-ausbauen\/#organizationLogo","width":2560,"height":1340},"image":{"@id":"https:\/\/www.immo-invest.ch\/fr\/basel-stadt-will-fernwaerme-und-begruenung-ausbauen\/#organizationLogo"},"sameAs":["https:\/\/www.facebook.com\/people\/Immoinvest\/100077962920504\/","https:\/\/x.com\/i\/flow\/login?redirect_after_login=immoinvest_ch","https:\/\/www.instagram.com\/immoinvest_ch\/","https:\/\/www.linkedin.com\/company\/immoinvest-swiss"]},{"@type":"Person","@id":"https:\/\/www.immo-invest.ch\/fr\/author\/immovestuser\/#author","url":"https:\/\/www.immo-invest.ch\/fr\/author\/immovestuser\/","name":"immovestuser","image":{"@type":"ImageObject","@id":"https:\/\/www.immo-invest.ch\/fr\/basel-stadt-will-fernwaerme-und-begruenung-ausbauen\/#authorImage","url":"https:\/\/secure.gravatar.com\/avatar\/8e01f4d99f2eeea7a362ebb93305e1172a70e9293ba250f897a65c39f54cdd1e?s=96&d=mm&r=g","width":96,"height":96,"caption":"immovestuser"}},{"@type":"WebPage","@id":"https:\/\/www.immo-invest.ch\/fr\/basel-stadt-will-fernwaerme-und-begruenung-ausbauen\/#webpage","url":"https:\/\/www.immo-invest.ch\/fr\/basel-stadt-will-fernwaerme-und-begruenung-ausbauen\/","name":"B\u00e2le-Ville veut d\u00e9velopper le chauffage urbain et la v\u00e9g\u00e9talisation - immo!nvest - Die Plattform f\u00fcr Standorte und Immobilien","description":"Le Conseil d'Etat de B\u00e2le-Ville a pr\u00e9sent\u00e9 un concept global d'extension du r\u00e9seau de chauffage urbain. Outre la r\u00e9novation des rues et des voies de tramway, de grandes surfaces du centre-ville doivent \u00eatre v\u00e9g\u00e9talis\u00e9es et d\u00e9sensabl\u00e9es afin d'am\u00e9liorer le climat urbain.","inLanguage":"fr-FR","isPartOf":{"@id":"https:\/\/www.immo-invest.ch\/fr\/#website"},"breadcrumb":{"@id":"https:\/\/www.immo-invest.ch\/fr\/basel-stadt-will-fernwaerme-und-begruenung-ausbauen\/#breadcrumblist"},"author":{"@id":"https:\/\/www.immo-invest.ch\/fr\/author\/immovestuser\/#author"},"creator":{"@id":"https:\/\/www.immo-invest.ch\/fr\/author\/immovestuser\/#author"},"image":{"@type":"ImageObject","url":"https:\/\/www.immo-invest.ch\/wp-content\/uploads\/2024\/08\/Unbenannt-28.png","@id":"https:\/\/www.immo-invest.ch\/fr\/basel-stadt-will-fernwaerme-und-begruenung-ausbauen\/#mainImage","width":1792,"height":1024},"primaryImageOfPage":{"@id":"https:\/\/www.immo-invest.ch\/fr\/basel-stadt-will-fernwaerme-und-begruenung-ausbauen\/#mainImage"},"datePublished":"2024-08-22T15:19:46+02:00","dateModified":"2024-08-22T09:21:26+02:00"},{"@type":"WebSite","@id":"https:\/\/www.immo-invest.ch\/fr\/#website","url":"https:\/\/www.immo-invest.ch\/fr\/","name":"immo!nvest - Die Plattform f\u00fcr Standorte und Immobilien","description":"Die\u00a0Plattform f\u00fcr Standorte und Immobilien","inLanguage":"fr-FR","publisher":{"@id":"https:\/\/www.immo-invest.ch\/fr\/#organization"}}]},"og:locale":"fr_FR","og:site_name":"immo!nvest - Die Plattform f\u00fcr Standorte und Immobilien - Die\u00a0Plattform f\u00fcr Standorte und Immobilien","og:type":"article","og:title":"B\u00e2le-Ville veut d\u00e9velopper le chauffage urbain et la v\u00e9g\u00e9talisation - immo!nvest - Die Plattform f\u00fcr Standorte und Immobilien","og:description":"Le Conseil d'Etat de B\u00e2le-Ville a pr\u00e9sent\u00e9 un concept global d'extension du r\u00e9seau de chauffage urbain. Outre la r\u00e9novation des rues et des voies de tramway, de grandes surfaces du centre-ville doivent \u00eatre v\u00e9g\u00e9talis\u00e9es et d\u00e9sensabl\u00e9es afin d'am\u00e9liorer le climat urbain.","og:url":"https:\/\/www.immo-invest.ch\/fr\/basel-stadt-will-fernwaerme-und-begruenung-ausbauen\/","og:image":"https:\/\/www.immo-invest.ch\/wp-content\/uploads\/2024\/08\/Unbenannt-28.png","og:image:secure_url":"https:\/\/www.immo-invest.ch\/wp-content\/uploads\/2024\/08\/Unbenannt-28.png","og:image:width":1792,"og:image:height":1024,"article:published_time":"2024-08-22T13:19:46+00:00","article:modified_time":"2024-08-22T07:21:26+00:00","article:publisher":"https:\/\/www.facebook.com\/people\/Immoinvest\/100077962920504\/","twitter:card":"summary_large_image","twitter:site":"@i","twitter:title":"B\u00e2le-Ville veut d\u00e9velopper le chauffage urbain et la v\u00e9g\u00e9talisation - immo!nvest - Die Plattform f\u00fcr Standorte und Immobilien","twitter:description":"Le Conseil d'Etat de B\u00e2le-Ville a pr\u00e9sent\u00e9 un concept global d'extension du r\u00e9seau de chauffage urbain. Outre la r\u00e9novation des rues et des voies de tramway, de grandes surfaces du centre-ville doivent \u00eatre v\u00e9g\u00e9talis\u00e9es et d\u00e9sensabl\u00e9es afin d'am\u00e9liorer le climat urbain.","twitter:creator":"@i","twitter:image":"https:\/\/www.immo-invest.ch\/wp-content\/uploads\/2024\/08\/Unbenannt-28.png"},"aioseo_meta_data":{"post_id":"112314","title":null,"description":null,"keywords":null,"keyphrases":null,"primary_term":null,"canonical_url":null,"og_title":null,"og_description":null,"og_object_type":"default","og_image_type":"default","og_image_url":null,"og_image_width":null,"og_image_height":null,"og_image_custom_url":null,"og_image_custom_fields":null,"og_video":null,"og_custom_url":null,"og_article_section":null,"og_article_tags":null,"twitter_use_og":false,"twitter_card":"default","twitter_image_type":"default","twitter_image_url":null,"twitter_image_custom_url":null,"twitter_image_custom_fields":null,"twitter_title":null,"twitter_description":null,"schema":{"blockGraphs":[],"customGraphs":[],"default":{"data":{"Article":[],"Course":[],"Dataset":[],"FAQPage":[],"Movie":[],"Person":[],"Product":[],"ProductReview":[],"Car":[],"Recipe":[],"Service":[],"SoftwareApplication":[],"WebPage":[]},"graphName":"","isEnabled":true},"graphs":[]},"schema_type":"default","schema_type_options":null,"pillar_content":false,"robots_default":true,"robots_noindex":false,"robots_noarchive":false,"robots_nosnippet":false,"robots_nofollow":false,"robots_noimageindex":false,"robots_noodp":false,"robots_notranslate":false,"robots_max_snippet":null,"robots_max_videopreview":null,"robots_max_imagepreview":"large","priority":null,"frequency":null,"local_seo":null,"breadcrumb_settings":null,"limit_modified_date":false,"ai":null,"created":"2024-09-21 01:19:59","updated":"2025-10-24 08:06:29","seo_analyzer_scan_date":null,"focus_keyword":null,"additional_keywords":null,"truseo_locale":null},"aioseo_breadcrumb":"<div class=\"aioseo-breadcrumbs\"><span class=\"aioseo-breadcrumb\">\n\t\t\t<a href=\"https:\/\/www.immo-invest.ch\/fr\/\" title=\"Home\">Home<\/a>\n\t\t<\/span><span class=\"aioseo-breadcrumb-separator\">&raquo;<\/span><span class=\"aioseo-breadcrumb\">\n\t\t\t<a href=\"https:\/\/www.immo-invest.ch\/fr\/categories\/regions\/\" title=\"R\u00e9gions\">R\u00e9gions<\/a>\n\t\t<\/span><span class=\"aioseo-breadcrumb-separator\">&raquo;<\/span><span class=\"aioseo-breadcrumb\">\n\t\t\t<a href=\"https:\/\/www.immo-invest.ch\/fr\/categories\/regions\/suisse\/\" title=\"Suisse\">Suisse<\/a>\n\t\t<\/span><span class=\"aioseo-breadcrumb-separator\">&raquo;<\/span><span class=\"aioseo-breadcrumb\">\n\t\t\t<a href=\"https:\/\/www.immo-invest.ch\/fr\/categories\/regions\/suisse\/suisse-du-nord-ouest\/\" title=\"Suisse du Nord-Ouest\">Suisse du Nord-Ouest<\/a>\n\t\t<\/span><span class=\"aioseo-breadcrumb-separator\">&raquo;<\/span><span class=\"aioseo-breadcrumb\">\n\t\t\t<a href=\"https:\/\/www.immo-invest.ch\/fr\/categories\/regions\/suisse\/suisse-du-nord-ouest\/region-bale\/\" title=\"B\u00e2le\">B\u00e2le<\/a>\n\t\t<\/span><span class=\"aioseo-breadcrumb-separator\">&raquo;<\/span><span class=\"aioseo-breadcrumb\">\n\t\t\tB\u00e2le-Ville veut d\u00e9velopper le chauffage urbain et la v\u00e9g\u00e9talisation\n\t\t<\/span><\/div>","aioseo_breadcrumb_json":[{"label":"Home","link":"https:\/\/www.immo-invest.ch\/fr\/"},{"label":"R\u00e9gions","link":"https:\/\/www.immo-invest.ch\/fr\/categories\/regions\/"},{"label":"Suisse","link":"https:\/\/www.immo-invest.ch\/fr\/categories\/regions\/suisse\/"},{"label":"Suisse du Nord-Ouest","link":"https:\/\/www.immo-invest.ch\/fr\/categories\/regions\/suisse\/suisse-du-nord-ouest\/"},{"label":"B\u00e2le","link":"https:\/\/www.immo-invest.ch\/fr\/categories\/regions\/suisse\/suisse-du-nord-ouest\/region-bale\/"},{"label":"B\u00e2le-Ville veut d\u00e9velopper le chauffage urbain et la v\u00e9g\u00e9talisation","link":"https:\/\/www.immo-invest.ch\/fr\/basel-stadt-will-fernwaerme-und-begruenung-ausbauen\/"}],"featured_image_src":"https:\/\/www.immo-invest.ch\/wp-content\/uploads\/2024\/08\/Unbenannt-28-336x168.png","_links":{"self":[{"href":"https:\/\/www.immo-invest.ch\/fr\/wp-json\/wp\/v2\/posts\/112314","targetHints":{"allow":["GET"]}}],"collection":[{"href":"https:\/\/www.immo-invest.ch\/fr\/wp-json\/wp\/v2\/posts"}],"about":[{"href":"https:\/\/www.immo-invest.ch\/fr\/wp-json\/wp\/v2\/types\/post"}],"author":[{"embeddable":true,"href":"https:\/\/www.immo-invest.ch\/fr\/wp-json\/wp\/v2\/users\/2"}],"replies":[{"embeddable":true,"href":"https:\/\/www.immo-invest.ch\/fr\/wp-json\/wp\/v2\/comments?post=112314"}],"version-history":[{"count":0,"href":"https:\/\/www.immo-invest.ch\/fr\/wp-json\/wp\/v2\/posts\/112314\/revisions"}],"wp:featuredmedia":[{"embeddable":true,"href":"https:\/\/www.immo-invest.ch\/fr\/wp-json\/wp\/v2\/media\/112309"}],"wp:attachment":[{"href":"https:\/\/www.immo-invest.ch\/fr\/wp-json\/wp\/v2\/media?parent=112314"}],"wp:term":[{"taxonomy":"category","embeddable":true,"href":"https:\/\/www.immo-invest.ch\/fr\/wp-json\/wp\/v2\/categories?post=112314"},{"taxonomy":"post_tag","embeddable":true,"href":"https:\/\/www.immo-invest.ch\/fr\/wp-json\/wp\/v2\/tags?post=112314"}],"curies":[{"name":"wp","href":"https:\/\/api.w.org\/{rel}","templated":true}]}}