{"id":112239,"date":"2024-08-21T15:56:59","date_gmt":"2024-08-21T13:56:59","guid":{"rendered":"https:\/\/www.immo-invest.ch\/neuer-verwaltungsrat-der-sbb-andre-wyss\/"},"modified":"2024-08-21T16:19:02","modified_gmt":"2024-08-21T14:19:02","slug":"neuer-verwaltungsrat-der-sbb-andre-wyss","status":"publish","type":"post","link":"https:\/\/www.immo-invest.ch\/fr\/neuer-verwaltungsrat-der-sbb-andre-wyss\/","title":{"rendered":"Nouveau conseil d&rsquo;administration des CFF Andr\u00e9 Wyss"},"content":{"rendered":"<p class=\"wp-block-paragraph\">Andr&eacute; Wyss va si&eacute;ger au conseil d&rsquo;administration des Chemins de fer f&eacute;d&eacute;raux suisses. Le Conseil f&eacute;d&eacute;ral a approuv&eacute; la nomination de Wyss lors de sa s&eacute;ance du 21 ao&ucirc;t 2024. La confirmation officielle de sa nouvelle fonction aura lieu lors de l&rsquo;assembl&eacute;e g&eacute;n&eacute;rale des CFF en avril 2025. Wyss, un leader &eacute;conomique suisse renomm&eacute; et CEO du prestataire de services de construction et d&rsquo;immobilier Implenia, devrait reprendre la pr&eacute;sidence du conseil d&rsquo;administration de Monika Ribar en 2026.<\/p>\n\n\n\n\n\n\n\n<p class=\"wp-block-paragraph\">Wyss apporte avec lui une carri&egrave;re impressionnante qui le pr&eacute;pare parfaitement &agrave; cette t&acirc;che. Apr&egrave;s sa formation de chimiste, il a suivi des &eacute;tudes d&rsquo;&eacute;conomie et s&rsquo;est perfectionn&eacute; &agrave; la prestigieuse Harvard Business School. Avant de rejoindre Implenia, il a acquis une vaste exp&eacute;rience internationale chez Novartis, o&ugrave; il a dirig&eacute; en dernier lieu la production mondiale et les services centraux avec plus de 40 000 collaborateurs. Son engagement dans diff&eacute;rents conseils d&rsquo;administration et en tant que pr&eacute;sident de la soci&eacute;t&eacute; d&rsquo;&eacute;conomie statistique de B&acirc;le souligne &eacute;galement ses comp&eacute;tences multiples. Outre son exp&eacute;rience &eacute;conomique, Wyss a &eacute;t&eacute; major et commandant dans l&rsquo;arm&eacute;e suisse, ce qui lui a permis de bien comprendre le contexte politique et &eacute;conomique de la Suisse.<\/p>\n\n\n\n\n\n\n\n<p class=\"wp-block-paragraph\"><strong>Une proc&eacute;dure &eacute;lectorale bien con&ccedil;ue<br><\/strong>Les membres du conseil d&rsquo;administration des CFF sont traditionnellement &eacute;lus lors de l&rsquo;assembl&eacute;e g&eacute;n&eacute;rale pour un mandat de deux ans. En tant qu&rsquo;actionnaire unique, la Conf&eacute;d&eacute;ration exerce le droit de vote de l&rsquo;assembl&eacute;e g&eacute;n&eacute;rale. Monika Ribar, pr&eacute;sidente du conseil d&rsquo;administration des CFF depuis douze ans, quittera son poste en 2026 en raison de la limitation de la dur&eacute;e de son mandat. L&rsquo;actuelle administratrice, V&eacute;ronique Gigon, quittera son mandat d&egrave;s l&rsquo;assembl&eacute;e g&eacute;n&eacute;rale de 2025.<\/p>\n\n\n\n\n\n\n\n<p class=\"wp-block-paragraph\">Afin d&rsquo;assurer une succession sans heurts &agrave; la t&ecirc;te des CFF, un processus de recrutement complet a &eacute;t&eacute; initi&eacute; tr&egrave;s t&ocirc;t par la Conf&eacute;d&eacute;ration. Le Conseil d&rsquo;administration des CFF a ensuite d&eacute;cid&eacute;, lors d&rsquo;une r&eacute;union extraordinaire en ao&ucirc;t 2024, de proposer au Conseil f&eacute;d&eacute;ral la nomination d&rsquo;Andr&eacute; Wyss. L&rsquo;exp&eacute;rience ant&eacute;rieure de Wyss et son vaste r&eacute;seau dans l&rsquo;&eacute;conomie suisse font de lui le candidat id&eacute;al pour cette t&acirc;che exigeante.<\/p>\n\n\n\n\n\n\n\n<p class=\"wp-block-paragraph\"><strong>Une transition claire chez Implenia et les CFF<br><\/strong>Wyss quittera ses fonctions de CEO d&rsquo;Implenia fin mars 2025. Il se consacrera ensuite pleinement &agrave; son nouveau r&ocirc;le au sein du Conseil d&rsquo;administration des CFF. Pendant un an, il travaillera au sein du Conseil d&rsquo;administration aux c&ocirc;t&eacute;s de l&rsquo;actuelle pr&eacute;sidente Monika Ribar et se pr&eacute;parera intensivement &agrave; la reprise de la pr&eacute;sidence. Cette transition en douceur garantit une direction continue et stable au sein des CFF et assure l&rsquo;orientation strat&eacute;gique de l&rsquo;entreprise &agrave; l&rsquo;avenir &eacute;galement.<\/p>\n\n\n\n\n\n\n\n<p class=\"wp-block-paragraph\">Avec l&rsquo;&eacute;lection d&rsquo;Andr&eacute; Wyss, les CFF misent sur une personnalit&eacute; dirigeante forte, capable de relever les d&eacute;fis de l&rsquo;avenir et de d&eacute;velopper l&rsquo;entreprise avec succ&egrave;s<\/p>\n\n\n","protected":false},"excerpt":{"rendered":"<p>Le Conseil f\u00e9d\u00e9ral a confirm\u00e9 l&rsquo;\u00e9lection d&rsquo;Andr\u00e9 Wyss au Conseil d&rsquo;administration des CFF. Le CEO exp\u00e9riment\u00e9 d&rsquo;Implenia devrait succ\u00e9der \u00e0 Monika Ribar \u00e0 la pr\u00e9sidence des CFF en 2026, apr\u00e8s avoir \u00e9t\u00e9 \u00e9lu au conseil d&rsquo;administration en 2025.<\/p>\n","protected":false},"author":2,"featured_media":112234,"comment_status":"open","ping_status":"open","sticky":false,"template":"","format":"standard","meta":{"pmpro_default_level":"","inline_featured_image":false,"_monsterinsights_skip_tracking":false,"footnotes":""},"categories":[22696,22703],"tags":[19289,872,49184,32066],"class_list":["post-112239","post","type-post","status-publish","format-standard","has-post-thumbnail","hentry","category-entreprise","category-mobilite","tag-fuehrungswechsel-fr","tag-immoinvest-fr","tag-schweizer-bahn-fr","tag-strategie-fr","pmpro-has-access"],"acf":{"bild_mit_ki_erstellt_worden":[],"lead":"Andr\u00e9 Wyss rejoindra le conseil d'administration des Chemins de fer f\u00e9d\u00e9raux suisses en 2025 et prendra la pr\u00e9sidence en 2026. Avec une vaste exp\u00e9rience en affaires, Wyss est pr\u00eat \u00e0 diriger la SBB vers l'avenir.","autor":"SBB","ort":"","bildunterschrift":"","bild_im_grid":false,"gallerie":"","newsim":""},"aioseo_notices":[],"aioseo_head":"\n\t\t<!-- All in One SEO 5.0.1.1 - aioseo.com -->\n\t<meta name=\"description\" content=\"Le Conseil f\u00e9d\u00e9ral a confirm\u00e9 l&#039;\u00e9lection d&#039;Andr\u00e9 Wyss au Conseil d&#039;administration des CFF. Le CEO exp\u00e9riment\u00e9 d&#039;Implenia devrait succ\u00e9der \u00e0 Monika Ribar \u00e0 la pr\u00e9sidence des CFF en 2026, apr\u00e8s avoir \u00e9t\u00e9 \u00e9lu au conseil d&#039;administration en 2025.\" \/>\n\t<meta name=\"robots\" content=\"max-image-preview:large\" \/>\n\t<meta name=\"author\" content=\"immovestuser\"\/>\n\t<meta name=\"google-site-verification\" content=\"fHJKvgWpZCR2zVBHWfkQeFXC11qieUSff0HGNYfuyLA\" \/>\n\t<link rel=\"canonical\" href=\"https:\/\/www.immo-invest.ch\/fr\/neuer-verwaltungsrat-der-sbb-andre-wyss\/\" \/>\n\t<meta name=\"generator\" content=\"All in One SEO (AIOSEO) 5.0.1.1\" \/>\n\t\t<meta property=\"og:locale\" content=\"fr_FR\" \/>\n\t\t<meta property=\"og:site_name\" content=\"immo!nvest - Die Plattform f\u00fcr Standorte und Immobilien - Die\u00a0Plattform f\u00fcr Standorte und Immobilien\" \/>\n\t\t<meta property=\"og:type\" content=\"article\" \/>\n\t\t<meta property=\"og:title\" content=\"Nouveau conseil d\u2019administration des CFF Andr\u00e9 Wyss - immo!nvest - Die Plattform f\u00fcr Standorte und Immobilien\" \/>\n\t\t<meta property=\"og:description\" content=\"Le Conseil f\u00e9d\u00e9ral a confirm\u00e9 l&#039;\u00e9lection d&#039;Andr\u00e9 Wyss au Conseil d&#039;administration des CFF. Le CEO exp\u00e9riment\u00e9 d&#039;Implenia devrait succ\u00e9der \u00e0 Monika Ribar \u00e0 la pr\u00e9sidence des CFF en 2026, apr\u00e8s avoir \u00e9t\u00e9 \u00e9lu au conseil d&#039;administration en 2025.\" \/>\n\t\t<meta property=\"og:url\" content=\"https:\/\/www.immo-invest.ch\/fr\/neuer-verwaltungsrat-der-sbb-andre-wyss\/\" \/>\n\t\t<meta property=\"og:image\" content=\"https:\/\/www.immo-invest.ch\/wp-content\/uploads\/2024\/08\/Unbenannt-24.png\" \/>\n\t\t<meta property=\"og:image:secure_url\" content=\"https:\/\/www.immo-invest.ch\/wp-content\/uploads\/2024\/08\/Unbenannt-24.png\" \/>\n\t\t<meta property=\"og:image:width\" content=\"1006\" \/>\n\t\t<meta property=\"og:image:height\" content=\"566\" \/>\n\t\t<meta property=\"article:published_time\" content=\"2024-08-21T13:56:59+00:00\" \/>\n\t\t<meta property=\"article:modified_time\" content=\"2024-08-21T14:19:02+00:00\" \/>\n\t\t<meta property=\"article:publisher\" content=\"https:\/\/www.facebook.com\/people\/Immoinvest\/100077962920504\/\" \/>\n\t\t<meta name=\"twitter:card\" content=\"summary_large_image\" \/>\n\t\t<meta name=\"twitter:site\" content=\"@i\" \/>\n\t\t<meta name=\"twitter:title\" content=\"Nouveau conseil d\u2019administration des CFF Andr\u00e9 Wyss - immo!nvest - Die Plattform f\u00fcr Standorte und Immobilien\" \/>\n\t\t<meta name=\"twitter:description\" content=\"Le Conseil f\u00e9d\u00e9ral a confirm\u00e9 l&#039;\u00e9lection d&#039;Andr\u00e9 Wyss au Conseil d&#039;administration des CFF. Le CEO exp\u00e9riment\u00e9 d&#039;Implenia devrait succ\u00e9der \u00e0 Monika Ribar \u00e0 la pr\u00e9sidence des CFF en 2026, apr\u00e8s avoir \u00e9t\u00e9 \u00e9lu au conseil d&#039;administration en 2025.\" \/>\n\t\t<meta name=\"twitter:creator\" content=\"@i\" \/>\n\t\t<meta name=\"twitter:image\" content=\"https:\/\/www.immo-invest.ch\/wp-content\/uploads\/2024\/08\/Unbenannt-24.png\" \/>\n\t\t<script type=\"application\/ld+json\" class=\"aioseo-schema\">\n\t\t\t{\"@context\":\"https:\\\/\\\/schema.org\",\"@graph\":[{\"@type\":\"BlogPosting\",\"@id\":\"https:\\\/\\\/www.immo-invest.ch\\\/fr\\\/neuer-verwaltungsrat-der-sbb-andre-wyss\\\/#blogposting\",\"name\":\"Nouveau conseil d\\u2019administration des CFF Andr\\u00e9 Wyss - immo!nvest - Die Plattform f\\u00fcr Standorte und Immobilien\",\"headline\":\"Nouveau conseil d&rsquo;administration des CFF Andr\\u00e9 Wyss\",\"author\":{\"@id\":\"https:\\\/\\\/www.immo-invest.ch\\\/fr\\\/author\\\/immovestuser\\\/#author\"},\"publisher\":{\"@id\":\"https:\\\/\\\/www.immo-invest.ch\\\/fr\\\/#organization\"},\"image\":{\"@type\":\"ImageObject\",\"url\":\"https:\\\/\\\/www.immo-invest.ch\\\/wp-content\\\/uploads\\\/2024\\\/08\\\/Unbenannt-24.png\",\"width\":1006,\"height\":566},\"datePublished\":\"2024-08-21T15:56:59+02:00\",\"dateModified\":\"2024-08-21T16:19:02+02:00\",\"inLanguage\":\"fr-FR\",\"mainEntityOfPage\":{\"@id\":\"https:\\\/\\\/www.immo-invest.ch\\\/fr\\\/neuer-verwaltungsrat-der-sbb-andre-wyss\\\/#webpage\"},\"isPartOf\":{\"@id\":\"https:\\\/\\\/www.immo-invest.ch\\\/fr\\\/neuer-verwaltungsrat-der-sbb-andre-wyss\\\/#webpage\"},\"articleSection\":\"Entreprise, Mobilit\\u00e9, F\\u00fchrungswechsel, Immoinvest, Schweizer Bahn, Strategie, Facultatif\"},{\"@type\":\"BreadcrumbList\",\"@id\":\"https:\\\/\\\/www.immo-invest.ch\\\/fr\\\/neuer-verwaltungsrat-der-sbb-andre-wyss\\\/#breadcrumblist\",\"itemListElement\":[{\"@type\":\"ListItem\",\"@id\":\"https:\\\/\\\/www.immo-invest.ch\\\/fr\\\/#listItem\",\"position\":1,\"name\":\"Home\",\"item\":\"https:\\\/\\\/www.immo-invest.ch\\\/fr\\\/\",\"nextItem\":{\"@type\":\"ListItem\",\"@id\":\"https:\\\/\\\/www.immo-invest.ch\\\/fr\\\/categories\\\/trends-fr\\\/#listItem\",\"name\":\"Trends\"}},{\"@type\":\"ListItem\",\"@id\":\"https:\\\/\\\/www.immo-invest.ch\\\/fr\\\/categories\\\/trends-fr\\\/#listItem\",\"position\":2,\"name\":\"Trends\",\"item\":\"https:\\\/\\\/www.immo-invest.ch\\\/fr\\\/categories\\\/trends-fr\\\/\",\"nextItem\":{\"@type\":\"ListItem\",\"@id\":\"https:\\\/\\\/www.immo-invest.ch\\\/fr\\\/categories\\\/trends-fr\\\/entreprise\\\/#listItem\",\"name\":\"Entreprise\"},\"previousItem\":{\"@type\":\"ListItem\",\"@id\":\"https:\\\/\\\/www.immo-invest.ch\\\/fr\\\/#listItem\",\"name\":\"Home\"}},{\"@type\":\"ListItem\",\"@id\":\"https:\\\/\\\/www.immo-invest.ch\\\/fr\\\/categories\\\/trends-fr\\\/entreprise\\\/#listItem\",\"position\":3,\"name\":\"Entreprise\",\"item\":\"https:\\\/\\\/www.immo-invest.ch\\\/fr\\\/categories\\\/trends-fr\\\/entreprise\\\/\",\"nextItem\":{\"@type\":\"ListItem\",\"@id\":\"https:\\\/\\\/www.immo-invest.ch\\\/fr\\\/neuer-verwaltungsrat-der-sbb-andre-wyss\\\/#listItem\",\"name\":\"Nouveau conseil d&rsquo;administration des CFF Andr\\u00e9 Wyss\"},\"previousItem\":{\"@type\":\"ListItem\",\"@id\":\"https:\\\/\\\/www.immo-invest.ch\\\/fr\\\/categories\\\/trends-fr\\\/#listItem\",\"name\":\"Trends\"}},{\"@type\":\"ListItem\",\"@id\":\"https:\\\/\\\/www.immo-invest.ch\\\/fr\\\/neuer-verwaltungsrat-der-sbb-andre-wyss\\\/#listItem\",\"position\":4,\"name\":\"Nouveau conseil d&rsquo;administration des CFF Andr\\u00e9 Wyss\",\"previousItem\":{\"@type\":\"ListItem\",\"@id\":\"https:\\\/\\\/www.immo-invest.ch\\\/fr\\\/categories\\\/trends-fr\\\/entreprise\\\/#listItem\",\"name\":\"Entreprise\"}}]},{\"@type\":\"Organization\",\"@id\":\"https:\\\/\\\/www.immo-invest.ch\\\/fr\\\/#organization\",\"name\":\"immo!nvest - Die Plattform f\\u00fcr Standorte und Immobilien\",\"description\":\"Die\\u00a0Plattform f\\u00fcr Standorte und Immobilien\",\"url\":\"https:\\\/\\\/www.immo-invest.ch\\\/fr\\\/\",\"email\":\"admin@immomedia.ag\",\"telephone\":\"+41444420002\",\"logo\":{\"@type\":\"ImageObject\",\"url\":\"https:\\\/\\\/www.immo-invest.ch\\\/wp-content\\\/uploads\\\/2024\\\/09\\\/immoinvest_sm-scaled.jpg\",\"@id\":\"https:\\\/\\\/www.immo-invest.ch\\\/fr\\\/neuer-verwaltungsrat-der-sbb-andre-wyss\\\/#organizationLogo\",\"width\":2560,\"height\":1340},\"image\":{\"@id\":\"https:\\\/\\\/www.immo-invest.ch\\\/fr\\\/neuer-verwaltungsrat-der-sbb-andre-wyss\\\/#organizationLogo\"},\"sameAs\":[\"https:\\\/\\\/www.facebook.com\\\/people\\\/Immoinvest\\\/100077962920504\\\/\",\"https:\\\/\\\/x.com\\\/i\\\/flow\\\/login?redirect_after_login=immoinvest_ch\",\"https:\\\/\\\/www.instagram.com\\\/immoinvest_ch\\\/\",\"https:\\\/\\\/www.linkedin.com\\\/company\\\/immoinvest-swiss\"]},{\"@type\":\"Person\",\"@id\":\"https:\\\/\\\/www.immo-invest.ch\\\/fr\\\/author\\\/immovestuser\\\/#author\",\"url\":\"https:\\\/\\\/www.immo-invest.ch\\\/fr\\\/author\\\/immovestuser\\\/\",\"name\":\"immovestuser\",\"image\":{\"@type\":\"ImageObject\",\"@id\":\"https:\\\/\\\/www.immo-invest.ch\\\/fr\\\/neuer-verwaltungsrat-der-sbb-andre-wyss\\\/#authorImage\",\"url\":\"https:\\\/\\\/secure.gravatar.com\\\/avatar\\\/8e01f4d99f2eeea7a362ebb93305e1172a70e9293ba250f897a65c39f54cdd1e?s=96&d=mm&r=g\",\"width\":96,\"height\":96,\"caption\":\"immovestuser\"}},{\"@type\":\"WebPage\",\"@id\":\"https:\\\/\\\/www.immo-invest.ch\\\/fr\\\/neuer-verwaltungsrat-der-sbb-andre-wyss\\\/#webpage\",\"url\":\"https:\\\/\\\/www.immo-invest.ch\\\/fr\\\/neuer-verwaltungsrat-der-sbb-andre-wyss\\\/\",\"name\":\"Nouveau conseil d\\u2019administration des CFF Andr\\u00e9 Wyss - immo!nvest - Die Plattform f\\u00fcr Standorte und Immobilien\",\"description\":\"Le Conseil f\\u00e9d\\u00e9ral a confirm\\u00e9 l'\\u00e9lection d'Andr\\u00e9 Wyss au Conseil d'administration des CFF. Le CEO exp\\u00e9riment\\u00e9 d'Implenia devrait succ\\u00e9der \\u00e0 Monika Ribar \\u00e0 la pr\\u00e9sidence des CFF en 2026, apr\\u00e8s avoir \\u00e9t\\u00e9 \\u00e9lu au conseil d'administration en 2025.\",\"inLanguage\":\"fr-FR\",\"isPartOf\":{\"@id\":\"https:\\\/\\\/www.immo-invest.ch\\\/fr\\\/#website\"},\"breadcrumb\":{\"@id\":\"https:\\\/\\\/www.immo-invest.ch\\\/fr\\\/neuer-verwaltungsrat-der-sbb-andre-wyss\\\/#breadcrumblist\"},\"author\":{\"@id\":\"https:\\\/\\\/www.immo-invest.ch\\\/fr\\\/author\\\/immovestuser\\\/#author\"},\"creator\":{\"@id\":\"https:\\\/\\\/www.immo-invest.ch\\\/fr\\\/author\\\/immovestuser\\\/#author\"},\"image\":{\"@type\":\"ImageObject\",\"url\":\"https:\\\/\\\/www.immo-invest.ch\\\/wp-content\\\/uploads\\\/2024\\\/08\\\/Unbenannt-24.png\",\"@id\":\"https:\\\/\\\/www.immo-invest.ch\\\/fr\\\/neuer-verwaltungsrat-der-sbb-andre-wyss\\\/#mainImage\",\"width\":1006,\"height\":566},\"primaryImageOfPage\":{\"@id\":\"https:\\\/\\\/www.immo-invest.ch\\\/fr\\\/neuer-verwaltungsrat-der-sbb-andre-wyss\\\/#mainImage\"},\"datePublished\":\"2024-08-21T15:56:59+02:00\",\"dateModified\":\"2024-08-21T16:19:02+02:00\"},{\"@type\":\"WebSite\",\"@id\":\"https:\\\/\\\/www.immo-invest.ch\\\/fr\\\/#website\",\"url\":\"https:\\\/\\\/www.immo-invest.ch\\\/fr\\\/\",\"name\":\"immo!nvest - Die Plattform f\\u00fcr Standorte und Immobilien\",\"description\":\"Die\\u00a0Plattform f\\u00fcr Standorte und Immobilien\",\"inLanguage\":\"fr-FR\",\"publisher\":{\"@id\":\"https:\\\/\\\/www.immo-invest.ch\\\/fr\\\/#organization\"}}]}\n\t\t<\/script>\n\t\t<!-- All in One SEO -->\n\n","aioseo_head_json":{"title":"Nouveau conseil d\u2019administration des CFF Andr\u00e9 Wyss - immo!nvest - Die Plattform f\u00fcr Standorte und Immobilien","description":"Le Conseil f\u00e9d\u00e9ral a confirm\u00e9 l'\u00e9lection d'Andr\u00e9 Wyss au Conseil d'administration des CFF. Le CEO exp\u00e9riment\u00e9 d'Implenia devrait succ\u00e9der \u00e0 Monika Ribar \u00e0 la pr\u00e9sidence des CFF en 2026, apr\u00e8s avoir \u00e9t\u00e9 \u00e9lu au conseil d'administration en 2025.","canonical_url":"https:\/\/www.immo-invest.ch\/fr\/neuer-verwaltungsrat-der-sbb-andre-wyss\/","robots":"max-image-preview:large","keywords":"","webmasterTools":{"google-site-verification":"fHJKvgWpZCR2zVBHWfkQeFXC11qieUSff0HGNYfuyLA","miscellaneous":""},"schema":{"@context":"https:\/\/schema.org","@graph":[{"@type":"BlogPosting","@id":"https:\/\/www.immo-invest.ch\/fr\/neuer-verwaltungsrat-der-sbb-andre-wyss\/#blogposting","name":"Nouveau conseil d\u2019administration des CFF Andr\u00e9 Wyss - immo!nvest - Die Plattform f\u00fcr Standorte und Immobilien","headline":"Nouveau conseil d&rsquo;administration des CFF Andr\u00e9 Wyss","author":{"@id":"https:\/\/www.immo-invest.ch\/fr\/author\/immovestuser\/#author"},"publisher":{"@id":"https:\/\/www.immo-invest.ch\/fr\/#organization"},"image":{"@type":"ImageObject","url":"https:\/\/www.immo-invest.ch\/wp-content\/uploads\/2024\/08\/Unbenannt-24.png","width":1006,"height":566},"datePublished":"2024-08-21T15:56:59+02:00","dateModified":"2024-08-21T16:19:02+02:00","inLanguage":"fr-FR","mainEntityOfPage":{"@id":"https:\/\/www.immo-invest.ch\/fr\/neuer-verwaltungsrat-der-sbb-andre-wyss\/#webpage"},"isPartOf":{"@id":"https:\/\/www.immo-invest.ch\/fr\/neuer-verwaltungsrat-der-sbb-andre-wyss\/#webpage"},"articleSection":"Entreprise, Mobilit\u00e9, F\u00fchrungswechsel, Immoinvest, Schweizer Bahn, Strategie, Facultatif"},{"@type":"BreadcrumbList","@id":"https:\/\/www.immo-invest.ch\/fr\/neuer-verwaltungsrat-der-sbb-andre-wyss\/#breadcrumblist","itemListElement":[{"@type":"ListItem","@id":"https:\/\/www.immo-invest.ch\/fr\/#listItem","position":1,"name":"Home","item":"https:\/\/www.immo-invest.ch\/fr\/","nextItem":{"@type":"ListItem","@id":"https:\/\/www.immo-invest.ch\/fr\/categories\/trends-fr\/#listItem","name":"Trends"}},{"@type":"ListItem","@id":"https:\/\/www.immo-invest.ch\/fr\/categories\/trends-fr\/#listItem","position":2,"name":"Trends","item":"https:\/\/www.immo-invest.ch\/fr\/categories\/trends-fr\/","nextItem":{"@type":"ListItem","@id":"https:\/\/www.immo-invest.ch\/fr\/categories\/trends-fr\/entreprise\/#listItem","name":"Entreprise"},"previousItem":{"@type":"ListItem","@id":"https:\/\/www.immo-invest.ch\/fr\/#listItem","name":"Home"}},{"@type":"ListItem","@id":"https:\/\/www.immo-invest.ch\/fr\/categories\/trends-fr\/entreprise\/#listItem","position":3,"name":"Entreprise","item":"https:\/\/www.immo-invest.ch\/fr\/categories\/trends-fr\/entreprise\/","nextItem":{"@type":"ListItem","@id":"https:\/\/www.immo-invest.ch\/fr\/neuer-verwaltungsrat-der-sbb-andre-wyss\/#listItem","name":"Nouveau conseil d&rsquo;administration des CFF Andr\u00e9 Wyss"},"previousItem":{"@type":"ListItem","@id":"https:\/\/www.immo-invest.ch\/fr\/categories\/trends-fr\/#listItem","name":"Trends"}},{"@type":"ListItem","@id":"https:\/\/www.immo-invest.ch\/fr\/neuer-verwaltungsrat-der-sbb-andre-wyss\/#listItem","position":4,"name":"Nouveau conseil d&rsquo;administration des CFF Andr\u00e9 Wyss","previousItem":{"@type":"ListItem","@id":"https:\/\/www.immo-invest.ch\/fr\/categories\/trends-fr\/entreprise\/#listItem","name":"Entreprise"}}]},{"@type":"Organization","@id":"https:\/\/www.immo-invest.ch\/fr\/#organization","name":"immo!nvest - Die Plattform f\u00fcr Standorte und Immobilien","description":"Die\u00a0Plattform f\u00fcr Standorte und Immobilien","url":"https:\/\/www.immo-invest.ch\/fr\/","email":"admin@immomedia.ag","telephone":"+41444420002","logo":{"@type":"ImageObject","url":"https:\/\/www.immo-invest.ch\/wp-content\/uploads\/2024\/09\/immoinvest_sm-scaled.jpg","@id":"https:\/\/www.immo-invest.ch\/fr\/neuer-verwaltungsrat-der-sbb-andre-wyss\/#organizationLogo","width":2560,"height":1340},"image":{"@id":"https:\/\/www.immo-invest.ch\/fr\/neuer-verwaltungsrat-der-sbb-andre-wyss\/#organizationLogo"},"sameAs":["https:\/\/www.facebook.com\/people\/Immoinvest\/100077962920504\/","https:\/\/x.com\/i\/flow\/login?redirect_after_login=immoinvest_ch","https:\/\/www.instagram.com\/immoinvest_ch\/","https:\/\/www.linkedin.com\/company\/immoinvest-swiss"]},{"@type":"Person","@id":"https:\/\/www.immo-invest.ch\/fr\/author\/immovestuser\/#author","url":"https:\/\/www.immo-invest.ch\/fr\/author\/immovestuser\/","name":"immovestuser","image":{"@type":"ImageObject","@id":"https:\/\/www.immo-invest.ch\/fr\/neuer-verwaltungsrat-der-sbb-andre-wyss\/#authorImage","url":"https:\/\/secure.gravatar.com\/avatar\/8e01f4d99f2eeea7a362ebb93305e1172a70e9293ba250f897a65c39f54cdd1e?s=96&d=mm&r=g","width":96,"height":96,"caption":"immovestuser"}},{"@type":"WebPage","@id":"https:\/\/www.immo-invest.ch\/fr\/neuer-verwaltungsrat-der-sbb-andre-wyss\/#webpage","url":"https:\/\/www.immo-invest.ch\/fr\/neuer-verwaltungsrat-der-sbb-andre-wyss\/","name":"Nouveau conseil d\u2019administration des CFF Andr\u00e9 Wyss - immo!nvest - Die Plattform f\u00fcr Standorte und Immobilien","description":"Le Conseil f\u00e9d\u00e9ral a confirm\u00e9 l'\u00e9lection d'Andr\u00e9 Wyss au Conseil d'administration des CFF. Le CEO exp\u00e9riment\u00e9 d'Implenia devrait succ\u00e9der \u00e0 Monika Ribar \u00e0 la pr\u00e9sidence des CFF en 2026, apr\u00e8s avoir \u00e9t\u00e9 \u00e9lu au conseil d'administration en 2025.","inLanguage":"fr-FR","isPartOf":{"@id":"https:\/\/www.immo-invest.ch\/fr\/#website"},"breadcrumb":{"@id":"https:\/\/www.immo-invest.ch\/fr\/neuer-verwaltungsrat-der-sbb-andre-wyss\/#breadcrumblist"},"author":{"@id":"https:\/\/www.immo-invest.ch\/fr\/author\/immovestuser\/#author"},"creator":{"@id":"https:\/\/www.immo-invest.ch\/fr\/author\/immovestuser\/#author"},"image":{"@type":"ImageObject","url":"https:\/\/www.immo-invest.ch\/wp-content\/uploads\/2024\/08\/Unbenannt-24.png","@id":"https:\/\/www.immo-invest.ch\/fr\/neuer-verwaltungsrat-der-sbb-andre-wyss\/#mainImage","width":1006,"height":566},"primaryImageOfPage":{"@id":"https:\/\/www.immo-invest.ch\/fr\/neuer-verwaltungsrat-der-sbb-andre-wyss\/#mainImage"},"datePublished":"2024-08-21T15:56:59+02:00","dateModified":"2024-08-21T16:19:02+02:00"},{"@type":"WebSite","@id":"https:\/\/www.immo-invest.ch\/fr\/#website","url":"https:\/\/www.immo-invest.ch\/fr\/","name":"immo!nvest - Die Plattform f\u00fcr Standorte und Immobilien","description":"Die\u00a0Plattform f\u00fcr Standorte und Immobilien","inLanguage":"fr-FR","publisher":{"@id":"https:\/\/www.immo-invest.ch\/fr\/#organization"}}]},"og:locale":"fr_FR","og:site_name":"immo!nvest - Die Plattform f\u00fcr Standorte und Immobilien - Die\u00a0Plattform f\u00fcr Standorte und Immobilien","og:type":"article","og:title":"Nouveau conseil d\u2019administration des CFF Andr\u00e9 Wyss - immo!nvest - Die Plattform f\u00fcr Standorte und Immobilien","og:description":"Le Conseil f\u00e9d\u00e9ral a confirm\u00e9 l'\u00e9lection d'Andr\u00e9 Wyss au Conseil d'administration des CFF. Le CEO exp\u00e9riment\u00e9 d'Implenia devrait succ\u00e9der \u00e0 Monika Ribar \u00e0 la pr\u00e9sidence des CFF en 2026, apr\u00e8s avoir \u00e9t\u00e9 \u00e9lu au conseil d'administration en 2025.","og:url":"https:\/\/www.immo-invest.ch\/fr\/neuer-verwaltungsrat-der-sbb-andre-wyss\/","og:image":"https:\/\/www.immo-invest.ch\/wp-content\/uploads\/2024\/08\/Unbenannt-24.png","og:image:secure_url":"https:\/\/www.immo-invest.ch\/wp-content\/uploads\/2024\/08\/Unbenannt-24.png","og:image:width":1006,"og:image:height":566,"article:published_time":"2024-08-21T13:56:59+00:00","article:modified_time":"2024-08-21T14:19:02+00:00","article:publisher":"https:\/\/www.facebook.com\/people\/Immoinvest\/100077962920504\/","twitter:card":"summary_large_image","twitter:site":"@i","twitter:title":"Nouveau conseil d\u2019administration des CFF Andr\u00e9 Wyss - immo!nvest - Die Plattform f\u00fcr Standorte und Immobilien","twitter:description":"Le Conseil f\u00e9d\u00e9ral a confirm\u00e9 l'\u00e9lection d'Andr\u00e9 Wyss au Conseil d'administration des CFF. Le CEO exp\u00e9riment\u00e9 d'Implenia devrait succ\u00e9der \u00e0 Monika Ribar \u00e0 la pr\u00e9sidence des CFF en 2026, apr\u00e8s avoir \u00e9t\u00e9 \u00e9lu au conseil d'administration en 2025.","twitter:creator":"@i","twitter:image":"https:\/\/www.immo-invest.ch\/wp-content\/uploads\/2024\/08\/Unbenannt-24.png"},"aioseo_meta_data":{"post_id":"112239","title":null,"description":null,"keywords":null,"keyphrases":null,"primary_term":null,"canonical_url":null,"og_title":null,"og_description":null,"og_object_type":"default","og_image_type":"default","og_image_url":null,"og_image_width":null,"og_image_height":null,"og_image_custom_url":null,"og_image_custom_fields":null,"og_video":null,"og_custom_url":null,"og_article_section":null,"og_article_tags":null,"twitter_use_og":false,"twitter_card":"default","twitter_image_type":"default","twitter_image_url":null,"twitter_image_custom_url":null,"twitter_image_custom_fields":null,"twitter_title":null,"twitter_description":null,"schema":{"blockGraphs":[],"customGraphs":[],"default":{"data":{"Article":[],"Course":[],"Dataset":[],"FAQPage":[],"Movie":[],"Person":[],"Product":[],"ProductReview":[],"Car":[],"Recipe":[],"Service":[],"SoftwareApplication":[],"WebPage":[]},"graphName":"","isEnabled":true},"graphs":[]},"schema_type":"default","schema_type_options":null,"pillar_content":false,"robots_default":true,"robots_noindex":false,"robots_noarchive":false,"robots_nosnippet":false,"robots_nofollow":false,"robots_noimageindex":false,"robots_noodp":false,"robots_notranslate":false,"robots_max_snippet":null,"robots_max_videopreview":null,"robots_max_imagepreview":"large","priority":null,"frequency":null,"local_seo":null,"breadcrumb_settings":null,"limit_modified_date":false,"ai":null,"created":"2024-09-21 01:17:00","updated":"2025-10-24 08:04:30","seo_analyzer_scan_date":null,"focus_keyword":null,"additional_keywords":null,"truseo_locale":null},"aioseo_breadcrumb":"<div class=\"aioseo-breadcrumbs\"><span class=\"aioseo-breadcrumb\">\n\t\t\t<a href=\"https:\/\/www.immo-invest.ch\/fr\/\" title=\"Home\">Home<\/a>\n\t\t<\/span><span class=\"aioseo-breadcrumb-separator\">&raquo;<\/span><span class=\"aioseo-breadcrumb\">\n\t\t\t<a href=\"https:\/\/www.immo-invest.ch\/fr\/categories\/trends-fr\/\" title=\"Trends\">Trends<\/a>\n\t\t<\/span><span class=\"aioseo-breadcrumb-separator\">&raquo;<\/span><span class=\"aioseo-breadcrumb\">\n\t\t\t<a href=\"https:\/\/www.immo-invest.ch\/fr\/categories\/trends-fr\/entreprise\/\" title=\"Entreprise\">Entreprise<\/a>\n\t\t<\/span><span class=\"aioseo-breadcrumb-separator\">&raquo;<\/span><span class=\"aioseo-breadcrumb\">\n\t\t\tNouveau conseil d\u2019administration des CFF Andr\u00e9 Wyss\n\t\t<\/span><\/div>","aioseo_breadcrumb_json":[{"label":"Home","link":"https:\/\/www.immo-invest.ch\/fr\/"},{"label":"Trends","link":"https:\/\/www.immo-invest.ch\/fr\/categories\/trends-fr\/"},{"label":"Entreprise","link":"https:\/\/www.immo-invest.ch\/fr\/categories\/trends-fr\/entreprise\/"},{"label":"Nouveau conseil d&rsquo;administration des CFF Andr\u00e9 Wyss","link":"https:\/\/www.immo-invest.ch\/fr\/neuer-verwaltungsrat-der-sbb-andre-wyss\/"}],"featured_image_src":"https:\/\/www.immo-invest.ch\/wp-content\/uploads\/2024\/08\/Unbenannt-24-336x168.png","_links":{"self":[{"href":"https:\/\/www.immo-invest.ch\/fr\/wp-json\/wp\/v2\/posts\/112239","targetHints":{"allow":["GET"]}}],"collection":[{"href":"https:\/\/www.immo-invest.ch\/fr\/wp-json\/wp\/v2\/posts"}],"about":[{"href":"https:\/\/www.immo-invest.ch\/fr\/wp-json\/wp\/v2\/types\/post"}],"author":[{"embeddable":true,"href":"https:\/\/www.immo-invest.ch\/fr\/wp-json\/wp\/v2\/users\/2"}],"replies":[{"embeddable":true,"href":"https:\/\/www.immo-invest.ch\/fr\/wp-json\/wp\/v2\/comments?post=112239"}],"version-history":[{"count":0,"href":"https:\/\/www.immo-invest.ch\/fr\/wp-json\/wp\/v2\/posts\/112239\/revisions"}],"wp:featuredmedia":[{"embeddable":true,"href":"https:\/\/www.immo-invest.ch\/fr\/wp-json\/wp\/v2\/media\/112234"}],"wp:attachment":[{"href":"https:\/\/www.immo-invest.ch\/fr\/wp-json\/wp\/v2\/media?parent=112239"}],"wp:term":[{"taxonomy":"category","embeddable":true,"href":"https:\/\/www.immo-invest.ch\/fr\/wp-json\/wp\/v2\/categories?post=112239"},{"taxonomy":"post_tag","embeddable":true,"href":"https:\/\/www.immo-invest.ch\/fr\/wp-json\/wp\/v2\/tags?post=112239"}],"curies":[{"name":"wp","href":"https:\/\/api.w.org\/{rel}","templated":true}]}}