{"id":111563,"date":"2024-08-13T13:53:05","date_gmt":"2024-08-13T11:53:05","guid":{"rendered":"https:\/\/www.immo-invest.ch\/kanton-glarus-setzt-siedlungs-und-abbaugebiete-im-richtplan-fest\/"},"modified":"2024-08-13T15:01:51","modified_gmt":"2024-08-13T13:01:51","slug":"kanton-glarus-setzt-siedlungs-und-abbaugebiete-im-richtplan-fest","status":"publish","type":"post","link":"https:\/\/www.immo-invest.ch\/fr\/kanton-glarus-setzt-siedlungs-und-abbaugebiete-im-richtplan-fest\/","title":{"rendered":"Le canton de Glaris d\u00e9finit les zones d&rsquo;habitation et d&rsquo;extraction dans son plan directeur"},"content":{"rendered":"<p class=\"wp-block-paragraph\">Dans le cadre du plan d&rsquo;affectation communal de Glaris Nord, le d&eacute;partement de la construction et de l&rsquo;environnement du canton de Glaris a officiellement inscrit la zone d&rsquo;habitation de la commune dans le plan directeur cantonal. Cela fait suite &agrave; un examen approfondi du taux d&rsquo;occupation des zones r&eacute;sidentielles, mixtes et centrales, qui r&eacute;pondent d&eacute;sormais aux strictes exigences f&eacute;d&eacute;rales et cantonales en mati&egrave;re de dimensionnement des zones &agrave; b&acirc;tir. Cette fixation soutient l&rsquo;objectif d&rsquo;&eacute;viter le mitage et de pr&eacute;server le paysage, tout en offrant aux propri&eacute;taires fonciers de Glaris Nord une s&eacute;curit&eacute; de planification et juridique &agrave; long terme, ce qui est d&rsquo;une importance consid&eacute;rable pour le d&eacute;veloppement &eacute;conomique du canton.<\/p>\n\n\n\n\n\n<p class=\"wp-block-paragraph\"><strong>Extension de la zone d&rsquo;extraction Haltengut &agrave; Mollis<br><\/strong>En plus de la fixation de la zone d&rsquo;urbanisation, la zone d&rsquo;extraction Haltengut dans le <span class=\"glossaryLink\" aria-describedby=\"tt\" data-cmtooltip=\"&lt;div class=glossaryItemTitle&gt;Quartier&lt;\/div&gt;&lt;div class=glossaryItemBody&gt;Amtliches, historisches, soziales oder stadtplanerisches Stadtviertel&lt;\/div&gt;\" data-mobile-support=\"0\" data-gt-translate-attributes='[{\"attribute\":\"data-cmtooltip\", \"format\":\"html\"}]' tabindex=\"0\" role=\"link\">quartier<\/span> de Mollis a &eacute;t&eacute; &eacute;tendue dans le plan directeur cantonal. Cette mesure est le r&eacute;sultat d&rsquo;une coordination minutieuse du plan d&rsquo;affectation par la commune de Glaris Nord, qui a d&eacute;montr&eacute; la compatibilit&eacute; du projet avec l&rsquo;environnement. L&rsquo;extension de la zone d&rsquo;extraction contribue &agrave; l&rsquo;approvisionnement et &agrave; l&rsquo;&eacute;limination des d&eacute;chets en fonction des besoins et repr&eacute;sente une collaboration importante entre le canton et la commune en mati&egrave;re d&rsquo;am&eacute;nagement du territoire.<\/p>\n\n\n\n\n\n<p class=\"wp-block-paragraph\"><strong>Proc&eacute;dure d&rsquo;approbation au niveau f&eacute;d&eacute;ral<br><\/strong>Les mises &agrave; jour du plan directeur cantonal 2018 ont &eacute;t&eacute; soumises &agrave; l&rsquo;Office f&eacute;d&eacute;ral du d&eacute;veloppement territorial pour approbation, apr&egrave;s consultation des cantons voisins. En fixant les zones d&rsquo;habitat et d&rsquo;extraction, le canton de Glaris a achev&eacute; une &eacute;tape importante de la proc&eacute;dure d&rsquo;approbation du plan d&rsquo;affectation communal de Glaris Nord. Ces d&eacute;cisions sont d&eacute;sormais contraignantes et cr&eacute;ent un cadre clair pour le d&eacute;veloppement futur de la r&eacute;gion.<\/p>\n\n","protected":false},"excerpt":{"rendered":"<p>Le d\u00e9partement de la construction et de l&rsquo;environnement du canton de Glaris a inscrit les zones d&rsquo;habitation et d&rsquo;extraction de la commune de Glaris Nord dans le plan directeur cantonal. Ces fixations font suite \u00e0 l&rsquo;approbation du plan d&rsquo;affectation communal et offrent une s\u00e9curit\u00e9 de planification et juridique pour les d\u00e9veloppements futurs. <\/p>\n","protected":false},"author":2,"featured_media":111515,"comment_status":"open","ping_status":"open","sticky":false,"template":"","format":"standard","meta":{"pmpro_default_level":"","inline_featured_image":false,"_monsterinsights_skip_tracking":false,"footnotes":""},"categories":[22699,45951,22357],"tags":[49034,49035,848,872,3931,49036,8915,3185,40138,49037],"class_list":["post-111563","post","type-post","status-publish","format-standard","has-post-thumbnail","hentry","category-durabilite","category-glarus-fr","category-industrie-du-batiment","tag-abbaugebiet-fr","tag-glarus-nord-fr","tag-immobilien-fr","tag-immoinvest-fr","tag-immonews-fr","tag-landschaftsschutz-fr","tag-nutzungsplanung-fr","tag-raumplanung-fr","tag-richtplan-fr","tag-siedlungsgebiet-fr","pmpro-has-access"],"acf":{"bild_mit_ki_erstellt_worden":[],"lead":"Le d\u00e9partement de la construction et de l'environnement du canton de Glaris a inscrit les zones d'habitation et d'extraction de la commune de Glaris Nord dans le plan directeur cantonal. Ces fixations font suite \u00e0 l'approbation du plan d'affectation communal et offrent une s\u00e9curit\u00e9 de planification et juridique pour les d\u00e9veloppements futurs. ","autor":"Quelle: Glarus","ort":"","bildunterschrift":"","bild_im_grid":false,"gallerie":"","newsim":""},"aioseo_notices":[],"aioseo_head":"\n\t\t<!-- All in One SEO 5.0.0.1 - aioseo.com -->\n\t<meta name=\"description\" content=\"Le d\u00e9partement de la construction et de l&#039;environnement du canton de Glaris a inscrit les zones d&#039;habitation et d&#039;extraction de la commune de Glaris Nord dans le plan directeur cantonal. Ces fixations font suite \u00e0 l&#039;approbation du plan d&#039;affectation communal et offrent une s\u00e9curit\u00e9 de planification et juridique pour les d\u00e9veloppements futurs.\" \/>\n\t<meta name=\"robots\" content=\"max-image-preview:large\" \/>\n\t<meta name=\"author\" content=\"immovestuser\"\/>\n\t<meta name=\"google-site-verification\" content=\"fHJKvgWpZCR2zVBHWfkQeFXC11qieUSff0HGNYfuyLA\" \/>\n\t<link rel=\"canonical\" href=\"https:\/\/www.immo-invest.ch\/fr\/kanton-glarus-setzt-siedlungs-und-abbaugebiete-im-richtplan-fest\/\" \/>\n\t<meta name=\"generator\" content=\"All in One SEO (AIOSEO) 5.0.0.1\" \/>\n\t\t<meta property=\"og:locale\" content=\"fr_FR\" \/>\n\t\t<meta property=\"og:site_name\" content=\"immo!nvest - Die Plattform f\u00fcr Standorte und Immobilien - Die\u00a0Plattform f\u00fcr Standorte und Immobilien\" \/>\n\t\t<meta property=\"og:type\" content=\"article\" \/>\n\t\t<meta property=\"og:title\" content=\"Le canton de Glaris d\u00e9finit les zones d\u2019habitation et d\u2019extraction dans son plan directeur - immo!nvest - Die Plattform f\u00fcr Standorte und Immobilien\" \/>\n\t\t<meta property=\"og:description\" content=\"Le d\u00e9partement de la construction et de l&#039;environnement du canton de Glaris a inscrit les zones d&#039;habitation et d&#039;extraction de la commune de Glaris Nord dans le plan directeur cantonal. Ces fixations font suite \u00e0 l&#039;approbation du plan d&#039;affectation communal et offrent une s\u00e9curit\u00e9 de planification et juridique pour les d\u00e9veloppements futurs.\" \/>\n\t\t<meta property=\"og:url\" content=\"https:\/\/www.immo-invest.ch\/fr\/kanton-glarus-setzt-siedlungs-und-abbaugebiete-im-richtplan-fest\/\" \/>\n\t\t<meta property=\"og:image\" content=\"https:\/\/www.immo-invest.ch\/wp-content\/uploads\/2024\/08\/img_large.jpg\" \/>\n\t\t<meta property=\"og:image:secure_url\" content=\"https:\/\/www.immo-invest.ch\/wp-content\/uploads\/2024\/08\/img_large.jpg\" \/>\n\t\t<meta property=\"og:image:width\" content=\"900\" \/>\n\t\t<meta property=\"og:image:height\" content=\"506\" \/>\n\t\t<meta property=\"article:published_time\" content=\"2024-08-13T11:53:05+00:00\" \/>\n\t\t<meta property=\"article:modified_time\" content=\"2024-08-13T13:01:51+00:00\" \/>\n\t\t<meta property=\"article:publisher\" content=\"https:\/\/www.facebook.com\/people\/Immoinvest\/100077962920504\/\" \/>\n\t\t<meta name=\"twitter:card\" content=\"summary_large_image\" \/>\n\t\t<meta name=\"twitter:site\" content=\"@i\" \/>\n\t\t<meta name=\"twitter:title\" content=\"Le canton de Glaris d\u00e9finit les zones d\u2019habitation et d\u2019extraction dans son plan directeur - immo!nvest - Die Plattform f\u00fcr Standorte und Immobilien\" \/>\n\t\t<meta name=\"twitter:description\" content=\"Le d\u00e9partement de la construction et de l&#039;environnement du canton de Glaris a inscrit les zones d&#039;habitation et d&#039;extraction de la commune de Glaris Nord dans le plan directeur cantonal. Ces fixations font suite \u00e0 l&#039;approbation du plan d&#039;affectation communal et offrent une s\u00e9curit\u00e9 de planification et juridique pour les d\u00e9veloppements futurs.\" \/>\n\t\t<meta name=\"twitter:creator\" content=\"@i\" \/>\n\t\t<meta name=\"twitter:image\" content=\"https:\/\/www.immo-invest.ch\/wp-content\/uploads\/2024\/08\/img_large.jpg\" \/>\n\t\t<script type=\"application\/ld+json\" class=\"aioseo-schema\">\n\t\t\t{\"@context\":\"https:\\\/\\\/schema.org\",\"@graph\":[{\"@type\":\"BlogPosting\",\"@id\":\"https:\\\/\\\/www.immo-invest.ch\\\/fr\\\/kanton-glarus-setzt-siedlungs-und-abbaugebiete-im-richtplan-fest\\\/#blogposting\",\"name\":\"Le canton de Glaris d\\u00e9finit les zones d\\u2019habitation et d\\u2019extraction dans son plan directeur - immo!nvest - Die Plattform f\\u00fcr Standorte und Immobilien\",\"headline\":\"Le canton de Glaris d\\u00e9finit les zones d&rsquo;habitation et d&rsquo;extraction dans son plan directeur\",\"author\":{\"@id\":\"https:\\\/\\\/www.immo-invest.ch\\\/fr\\\/author\\\/immovestuser\\\/#author\"},\"publisher\":{\"@id\":\"https:\\\/\\\/www.immo-invest.ch\\\/fr\\\/#organization\"},\"image\":{\"@type\":\"ImageObject\",\"url\":\"https:\\\/\\\/www.immo-invest.ch\\\/wp-content\\\/uploads\\\/2024\\\/08\\\/img_large.jpg\",\"width\":900,\"height\":506},\"datePublished\":\"2024-08-13T13:53:05+02:00\",\"dateModified\":\"2024-08-13T15:01:51+02:00\",\"inLanguage\":\"fr-FR\",\"mainEntityOfPage\":{\"@id\":\"https:\\\/\\\/www.immo-invest.ch\\\/fr\\\/kanton-glarus-setzt-siedlungs-und-abbaugebiete-im-richtplan-fest\\\/#webpage\"},\"isPartOf\":{\"@id\":\"https:\\\/\\\/www.immo-invest.ch\\\/fr\\\/kanton-glarus-setzt-siedlungs-und-abbaugebiete-im-richtplan-fest\\\/#webpage\"},\"articleSection\":\"Durabilit\\u00e9, Glarus, Industrie du b\\u00e2timent, Abbaugebiet, Glarus Nord, immobilien, Immoinvest, immoNews, Landschaftsschutz, Nutzungsplanung, Raumplanung, Richtplan, Siedlungsgebiet, Facultatif\"},{\"@type\":\"BreadcrumbList\",\"@id\":\"https:\\\/\\\/www.immo-invest.ch\\\/fr\\\/kanton-glarus-setzt-siedlungs-und-abbaugebiete-im-richtplan-fest\\\/#breadcrumblist\",\"itemListElement\":[{\"@type\":\"ListItem\",\"@id\":\"https:\\\/\\\/www.immo-invest.ch\\\/fr\\\/#listItem\",\"position\":1,\"name\":\"Home\",\"item\":\"https:\\\/\\\/www.immo-invest.ch\\\/fr\\\/\",\"nextItem\":{\"@type\":\"ListItem\",\"@id\":\"https:\\\/\\\/www.immo-invest.ch\\\/fr\\\/categories\\\/regions\\\/#listItem\",\"name\":\"R\\u00e9gions\"}},{\"@type\":\"ListItem\",\"@id\":\"https:\\\/\\\/www.immo-invest.ch\\\/fr\\\/categories\\\/regions\\\/#listItem\",\"position\":2,\"name\":\"R\\u00e9gions\",\"item\":\"https:\\\/\\\/www.immo-invest.ch\\\/fr\\\/categories\\\/regions\\\/\",\"nextItem\":{\"@type\":\"ListItem\",\"@id\":\"https:\\\/\\\/www.immo-invest.ch\\\/fr\\\/categories\\\/regions\\\/suisse\\\/#listItem\",\"name\":\"Suisse\"},\"previousItem\":{\"@type\":\"ListItem\",\"@id\":\"https:\\\/\\\/www.immo-invest.ch\\\/fr\\\/#listItem\",\"name\":\"Home\"}},{\"@type\":\"ListItem\",\"@id\":\"https:\\\/\\\/www.immo-invest.ch\\\/fr\\\/categories\\\/regions\\\/suisse\\\/#listItem\",\"position\":3,\"name\":\"Suisse\",\"item\":\"https:\\\/\\\/www.immo-invest.ch\\\/fr\\\/categories\\\/regions\\\/suisse\\\/\",\"nextItem\":{\"@type\":\"ListItem\",\"@id\":\"https:\\\/\\\/www.immo-invest.ch\\\/fr\\\/categories\\\/regions\\\/suisse\\\/suisse-orientale\\\/#listItem\",\"name\":\"Suisse orientale\"},\"previousItem\":{\"@type\":\"ListItem\",\"@id\":\"https:\\\/\\\/www.immo-invest.ch\\\/fr\\\/categories\\\/regions\\\/#listItem\",\"name\":\"R\\u00e9gions\"}},{\"@type\":\"ListItem\",\"@id\":\"https:\\\/\\\/www.immo-invest.ch\\\/fr\\\/categories\\\/regions\\\/suisse\\\/suisse-orientale\\\/#listItem\",\"position\":4,\"name\":\"Suisse orientale\",\"item\":\"https:\\\/\\\/www.immo-invest.ch\\\/fr\\\/categories\\\/regions\\\/suisse\\\/suisse-orientale\\\/\",\"nextItem\":{\"@type\":\"ListItem\",\"@id\":\"https:\\\/\\\/www.immo-invest.ch\\\/fr\\\/categories\\\/regions\\\/suisse\\\/suisse-orientale\\\/glarus-fr\\\/#listItem\",\"name\":\"Glarus\"},\"previousItem\":{\"@type\":\"ListItem\",\"@id\":\"https:\\\/\\\/www.immo-invest.ch\\\/fr\\\/categories\\\/regions\\\/suisse\\\/#listItem\",\"name\":\"Suisse\"}},{\"@type\":\"ListItem\",\"@id\":\"https:\\\/\\\/www.immo-invest.ch\\\/fr\\\/categories\\\/regions\\\/suisse\\\/suisse-orientale\\\/glarus-fr\\\/#listItem\",\"position\":5,\"name\":\"Glarus\",\"item\":\"https:\\\/\\\/www.immo-invest.ch\\\/fr\\\/categories\\\/regions\\\/suisse\\\/suisse-orientale\\\/glarus-fr\\\/\",\"nextItem\":{\"@type\":\"ListItem\",\"@id\":\"https:\\\/\\\/www.immo-invest.ch\\\/fr\\\/kanton-glarus-setzt-siedlungs-und-abbaugebiete-im-richtplan-fest\\\/#listItem\",\"name\":\"Le canton de Glaris d\\u00e9finit les zones d&rsquo;habitation et d&rsquo;extraction dans son plan directeur\"},\"previousItem\":{\"@type\":\"ListItem\",\"@id\":\"https:\\\/\\\/www.immo-invest.ch\\\/fr\\\/categories\\\/regions\\\/suisse\\\/suisse-orientale\\\/#listItem\",\"name\":\"Suisse orientale\"}},{\"@type\":\"ListItem\",\"@id\":\"https:\\\/\\\/www.immo-invest.ch\\\/fr\\\/kanton-glarus-setzt-siedlungs-und-abbaugebiete-im-richtplan-fest\\\/#listItem\",\"position\":6,\"name\":\"Le canton de Glaris d\\u00e9finit les zones d&rsquo;habitation et d&rsquo;extraction dans son plan directeur\",\"previousItem\":{\"@type\":\"ListItem\",\"@id\":\"https:\\\/\\\/www.immo-invest.ch\\\/fr\\\/categories\\\/regions\\\/suisse\\\/suisse-orientale\\\/glarus-fr\\\/#listItem\",\"name\":\"Glarus\"}}]},{\"@type\":\"Organization\",\"@id\":\"https:\\\/\\\/www.immo-invest.ch\\\/fr\\\/#organization\",\"name\":\"immo!nvest - Die Plattform f\\u00fcr Standorte und Immobilien\",\"description\":\"Die\\u00a0Plattform f\\u00fcr Standorte und Immobilien\",\"url\":\"https:\\\/\\\/www.immo-invest.ch\\\/fr\\\/\",\"email\":\"admin@immomedia.ag\",\"telephone\":\"+41444420002\",\"logo\":{\"@type\":\"ImageObject\",\"url\":\"https:\\\/\\\/www.immo-invest.ch\\\/wp-content\\\/uploads\\\/2024\\\/09\\\/immoinvest_sm-scaled.jpg\",\"@id\":\"https:\\\/\\\/www.immo-invest.ch\\\/fr\\\/kanton-glarus-setzt-siedlungs-und-abbaugebiete-im-richtplan-fest\\\/#organizationLogo\",\"width\":2560,\"height\":1340},\"image\":{\"@id\":\"https:\\\/\\\/www.immo-invest.ch\\\/fr\\\/kanton-glarus-setzt-siedlungs-und-abbaugebiete-im-richtplan-fest\\\/#organizationLogo\"},\"sameAs\":[\"https:\\\/\\\/www.facebook.com\\\/people\\\/Immoinvest\\\/100077962920504\\\/\",\"https:\\\/\\\/x.com\\\/i\\\/flow\\\/login?redirect_after_login=immoinvest_ch\",\"https:\\\/\\\/www.instagram.com\\\/immoinvest_ch\\\/\",\"https:\\\/\\\/www.linkedin.com\\\/company\\\/immoinvest-swiss\"]},{\"@type\":\"Person\",\"@id\":\"https:\\\/\\\/www.immo-invest.ch\\\/fr\\\/author\\\/immovestuser\\\/#author\",\"url\":\"https:\\\/\\\/www.immo-invest.ch\\\/fr\\\/author\\\/immovestuser\\\/\",\"name\":\"immovestuser\",\"image\":{\"@type\":\"ImageObject\",\"@id\":\"https:\\\/\\\/www.immo-invest.ch\\\/fr\\\/kanton-glarus-setzt-siedlungs-und-abbaugebiete-im-richtplan-fest\\\/#authorImage\",\"url\":\"https:\\\/\\\/secure.gravatar.com\\\/avatar\\\/8e01f4d99f2eeea7a362ebb93305e1172a70e9293ba250f897a65c39f54cdd1e?s=96&d=mm&r=g\",\"width\":96,\"height\":96,\"caption\":\"immovestuser\"}},{\"@type\":\"WebPage\",\"@id\":\"https:\\\/\\\/www.immo-invest.ch\\\/fr\\\/kanton-glarus-setzt-siedlungs-und-abbaugebiete-im-richtplan-fest\\\/#webpage\",\"url\":\"https:\\\/\\\/www.immo-invest.ch\\\/fr\\\/kanton-glarus-setzt-siedlungs-und-abbaugebiete-im-richtplan-fest\\\/\",\"name\":\"Le canton de Glaris d\\u00e9finit les zones d\\u2019habitation et d\\u2019extraction dans son plan directeur - immo!nvest - Die Plattform f\\u00fcr Standorte und Immobilien\",\"description\":\"Le d\\u00e9partement de la construction et de l'environnement du canton de Glaris a inscrit les zones d'habitation et d'extraction de la commune de Glaris Nord dans le plan directeur cantonal. Ces fixations font suite \\u00e0 l'approbation du plan d'affectation communal et offrent une s\\u00e9curit\\u00e9 de planification et juridique pour les d\\u00e9veloppements futurs.\",\"inLanguage\":\"fr-FR\",\"isPartOf\":{\"@id\":\"https:\\\/\\\/www.immo-invest.ch\\\/fr\\\/#website\"},\"breadcrumb\":{\"@id\":\"https:\\\/\\\/www.immo-invest.ch\\\/fr\\\/kanton-glarus-setzt-siedlungs-und-abbaugebiete-im-richtplan-fest\\\/#breadcrumblist\"},\"author\":{\"@id\":\"https:\\\/\\\/www.immo-invest.ch\\\/fr\\\/author\\\/immovestuser\\\/#author\"},\"creator\":{\"@id\":\"https:\\\/\\\/www.immo-invest.ch\\\/fr\\\/author\\\/immovestuser\\\/#author\"},\"image\":{\"@type\":\"ImageObject\",\"url\":\"https:\\\/\\\/www.immo-invest.ch\\\/wp-content\\\/uploads\\\/2024\\\/08\\\/img_large.jpg\",\"@id\":\"https:\\\/\\\/www.immo-invest.ch\\\/fr\\\/kanton-glarus-setzt-siedlungs-und-abbaugebiete-im-richtplan-fest\\\/#mainImage\",\"width\":900,\"height\":506},\"primaryImageOfPage\":{\"@id\":\"https:\\\/\\\/www.immo-invest.ch\\\/fr\\\/kanton-glarus-setzt-siedlungs-und-abbaugebiete-im-richtplan-fest\\\/#mainImage\"},\"datePublished\":\"2024-08-13T13:53:05+02:00\",\"dateModified\":\"2024-08-13T15:01:51+02:00\"},{\"@type\":\"WebSite\",\"@id\":\"https:\\\/\\\/www.immo-invest.ch\\\/fr\\\/#website\",\"url\":\"https:\\\/\\\/www.immo-invest.ch\\\/fr\\\/\",\"name\":\"immo!nvest - Die Plattform f\\u00fcr Standorte und Immobilien\",\"description\":\"Die\\u00a0Plattform f\\u00fcr Standorte und Immobilien\",\"inLanguage\":\"fr-FR\",\"publisher\":{\"@id\":\"https:\\\/\\\/www.immo-invest.ch\\\/fr\\\/#organization\"}}]}\n\t\t<\/script>\n\t\t<!-- All in One SEO -->\n\n","aioseo_head_json":{"title":"Le canton de Glaris d\u00e9finit les zones d\u2019habitation et d\u2019extraction dans son plan directeur - immo!nvest - Die Plattform f\u00fcr Standorte und Immobilien","description":"Le d\u00e9partement de la construction et de l'environnement du canton de Glaris a inscrit les zones d'habitation et d'extraction de la commune de Glaris Nord dans le plan directeur cantonal. Ces fixations font suite \u00e0 l'approbation du plan d'affectation communal et offrent une s\u00e9curit\u00e9 de planification et juridique pour les d\u00e9veloppements futurs.","canonical_url":"https:\/\/www.immo-invest.ch\/fr\/kanton-glarus-setzt-siedlungs-und-abbaugebiete-im-richtplan-fest\/","robots":"max-image-preview:large","keywords":"","webmasterTools":{"google-site-verification":"fHJKvgWpZCR2zVBHWfkQeFXC11qieUSff0HGNYfuyLA","miscellaneous":""},"schema":{"@context":"https:\/\/schema.org","@graph":[{"@type":"BlogPosting","@id":"https:\/\/www.immo-invest.ch\/fr\/kanton-glarus-setzt-siedlungs-und-abbaugebiete-im-richtplan-fest\/#blogposting","name":"Le canton de Glaris d\u00e9finit les zones d\u2019habitation et d\u2019extraction dans son plan directeur - immo!nvest - Die Plattform f\u00fcr Standorte und Immobilien","headline":"Le canton de Glaris d\u00e9finit les zones d&rsquo;habitation et d&rsquo;extraction dans son plan directeur","author":{"@id":"https:\/\/www.immo-invest.ch\/fr\/author\/immovestuser\/#author"},"publisher":{"@id":"https:\/\/www.immo-invest.ch\/fr\/#organization"},"image":{"@type":"ImageObject","url":"https:\/\/www.immo-invest.ch\/wp-content\/uploads\/2024\/08\/img_large.jpg","width":900,"height":506},"datePublished":"2024-08-13T13:53:05+02:00","dateModified":"2024-08-13T15:01:51+02:00","inLanguage":"fr-FR","mainEntityOfPage":{"@id":"https:\/\/www.immo-invest.ch\/fr\/kanton-glarus-setzt-siedlungs-und-abbaugebiete-im-richtplan-fest\/#webpage"},"isPartOf":{"@id":"https:\/\/www.immo-invest.ch\/fr\/kanton-glarus-setzt-siedlungs-und-abbaugebiete-im-richtplan-fest\/#webpage"},"articleSection":"Durabilit\u00e9, Glarus, Industrie du b\u00e2timent, Abbaugebiet, Glarus Nord, immobilien, Immoinvest, immoNews, Landschaftsschutz, Nutzungsplanung, Raumplanung, Richtplan, Siedlungsgebiet, Facultatif"},{"@type":"BreadcrumbList","@id":"https:\/\/www.immo-invest.ch\/fr\/kanton-glarus-setzt-siedlungs-und-abbaugebiete-im-richtplan-fest\/#breadcrumblist","itemListElement":[{"@type":"ListItem","@id":"https:\/\/www.immo-invest.ch\/fr\/#listItem","position":1,"name":"Home","item":"https:\/\/www.immo-invest.ch\/fr\/","nextItem":{"@type":"ListItem","@id":"https:\/\/www.immo-invest.ch\/fr\/categories\/regions\/#listItem","name":"R\u00e9gions"}},{"@type":"ListItem","@id":"https:\/\/www.immo-invest.ch\/fr\/categories\/regions\/#listItem","position":2,"name":"R\u00e9gions","item":"https:\/\/www.immo-invest.ch\/fr\/categories\/regions\/","nextItem":{"@type":"ListItem","@id":"https:\/\/www.immo-invest.ch\/fr\/categories\/regions\/suisse\/#listItem","name":"Suisse"},"previousItem":{"@type":"ListItem","@id":"https:\/\/www.immo-invest.ch\/fr\/#listItem","name":"Home"}},{"@type":"ListItem","@id":"https:\/\/www.immo-invest.ch\/fr\/categories\/regions\/suisse\/#listItem","position":3,"name":"Suisse","item":"https:\/\/www.immo-invest.ch\/fr\/categories\/regions\/suisse\/","nextItem":{"@type":"ListItem","@id":"https:\/\/www.immo-invest.ch\/fr\/categories\/regions\/suisse\/suisse-orientale\/#listItem","name":"Suisse orientale"},"previousItem":{"@type":"ListItem","@id":"https:\/\/www.immo-invest.ch\/fr\/categories\/regions\/#listItem","name":"R\u00e9gions"}},{"@type":"ListItem","@id":"https:\/\/www.immo-invest.ch\/fr\/categories\/regions\/suisse\/suisse-orientale\/#listItem","position":4,"name":"Suisse orientale","item":"https:\/\/www.immo-invest.ch\/fr\/categories\/regions\/suisse\/suisse-orientale\/","nextItem":{"@type":"ListItem","@id":"https:\/\/www.immo-invest.ch\/fr\/categories\/regions\/suisse\/suisse-orientale\/glarus-fr\/#listItem","name":"Glarus"},"previousItem":{"@type":"ListItem","@id":"https:\/\/www.immo-invest.ch\/fr\/categories\/regions\/suisse\/#listItem","name":"Suisse"}},{"@type":"ListItem","@id":"https:\/\/www.immo-invest.ch\/fr\/categories\/regions\/suisse\/suisse-orientale\/glarus-fr\/#listItem","position":5,"name":"Glarus","item":"https:\/\/www.immo-invest.ch\/fr\/categories\/regions\/suisse\/suisse-orientale\/glarus-fr\/","nextItem":{"@type":"ListItem","@id":"https:\/\/www.immo-invest.ch\/fr\/kanton-glarus-setzt-siedlungs-und-abbaugebiete-im-richtplan-fest\/#listItem","name":"Le canton de Glaris d\u00e9finit les zones d&rsquo;habitation et d&rsquo;extraction dans son plan directeur"},"previousItem":{"@type":"ListItem","@id":"https:\/\/www.immo-invest.ch\/fr\/categories\/regions\/suisse\/suisse-orientale\/#listItem","name":"Suisse orientale"}},{"@type":"ListItem","@id":"https:\/\/www.immo-invest.ch\/fr\/kanton-glarus-setzt-siedlungs-und-abbaugebiete-im-richtplan-fest\/#listItem","position":6,"name":"Le canton de Glaris d\u00e9finit les zones d&rsquo;habitation et d&rsquo;extraction dans son plan directeur","previousItem":{"@type":"ListItem","@id":"https:\/\/www.immo-invest.ch\/fr\/categories\/regions\/suisse\/suisse-orientale\/glarus-fr\/#listItem","name":"Glarus"}}]},{"@type":"Organization","@id":"https:\/\/www.immo-invest.ch\/fr\/#organization","name":"immo!nvest - Die Plattform f\u00fcr Standorte und Immobilien","description":"Die\u00a0Plattform f\u00fcr Standorte und Immobilien","url":"https:\/\/www.immo-invest.ch\/fr\/","email":"admin@immomedia.ag","telephone":"+41444420002","logo":{"@type":"ImageObject","url":"https:\/\/www.immo-invest.ch\/wp-content\/uploads\/2024\/09\/immoinvest_sm-scaled.jpg","@id":"https:\/\/www.immo-invest.ch\/fr\/kanton-glarus-setzt-siedlungs-und-abbaugebiete-im-richtplan-fest\/#organizationLogo","width":2560,"height":1340},"image":{"@id":"https:\/\/www.immo-invest.ch\/fr\/kanton-glarus-setzt-siedlungs-und-abbaugebiete-im-richtplan-fest\/#organizationLogo"},"sameAs":["https:\/\/www.facebook.com\/people\/Immoinvest\/100077962920504\/","https:\/\/x.com\/i\/flow\/login?redirect_after_login=immoinvest_ch","https:\/\/www.instagram.com\/immoinvest_ch\/","https:\/\/www.linkedin.com\/company\/immoinvest-swiss"]},{"@type":"Person","@id":"https:\/\/www.immo-invest.ch\/fr\/author\/immovestuser\/#author","url":"https:\/\/www.immo-invest.ch\/fr\/author\/immovestuser\/","name":"immovestuser","image":{"@type":"ImageObject","@id":"https:\/\/www.immo-invest.ch\/fr\/kanton-glarus-setzt-siedlungs-und-abbaugebiete-im-richtplan-fest\/#authorImage","url":"https:\/\/secure.gravatar.com\/avatar\/8e01f4d99f2eeea7a362ebb93305e1172a70e9293ba250f897a65c39f54cdd1e?s=96&d=mm&r=g","width":96,"height":96,"caption":"immovestuser"}},{"@type":"WebPage","@id":"https:\/\/www.immo-invest.ch\/fr\/kanton-glarus-setzt-siedlungs-und-abbaugebiete-im-richtplan-fest\/#webpage","url":"https:\/\/www.immo-invest.ch\/fr\/kanton-glarus-setzt-siedlungs-und-abbaugebiete-im-richtplan-fest\/","name":"Le canton de Glaris d\u00e9finit les zones d\u2019habitation et d\u2019extraction dans son plan directeur - immo!nvest - Die Plattform f\u00fcr Standorte und Immobilien","description":"Le d\u00e9partement de la construction et de l'environnement du canton de Glaris a inscrit les zones d'habitation et d'extraction de la commune de Glaris Nord dans le plan directeur cantonal. Ces fixations font suite \u00e0 l'approbation du plan d'affectation communal et offrent une s\u00e9curit\u00e9 de planification et juridique pour les d\u00e9veloppements futurs.","inLanguage":"fr-FR","isPartOf":{"@id":"https:\/\/www.immo-invest.ch\/fr\/#website"},"breadcrumb":{"@id":"https:\/\/www.immo-invest.ch\/fr\/kanton-glarus-setzt-siedlungs-und-abbaugebiete-im-richtplan-fest\/#breadcrumblist"},"author":{"@id":"https:\/\/www.immo-invest.ch\/fr\/author\/immovestuser\/#author"},"creator":{"@id":"https:\/\/www.immo-invest.ch\/fr\/author\/immovestuser\/#author"},"image":{"@type":"ImageObject","url":"https:\/\/www.immo-invest.ch\/wp-content\/uploads\/2024\/08\/img_large.jpg","@id":"https:\/\/www.immo-invest.ch\/fr\/kanton-glarus-setzt-siedlungs-und-abbaugebiete-im-richtplan-fest\/#mainImage","width":900,"height":506},"primaryImageOfPage":{"@id":"https:\/\/www.immo-invest.ch\/fr\/kanton-glarus-setzt-siedlungs-und-abbaugebiete-im-richtplan-fest\/#mainImage"},"datePublished":"2024-08-13T13:53:05+02:00","dateModified":"2024-08-13T15:01:51+02:00"},{"@type":"WebSite","@id":"https:\/\/www.immo-invest.ch\/fr\/#website","url":"https:\/\/www.immo-invest.ch\/fr\/","name":"immo!nvest - Die Plattform f\u00fcr Standorte und Immobilien","description":"Die\u00a0Plattform f\u00fcr Standorte und Immobilien","inLanguage":"fr-FR","publisher":{"@id":"https:\/\/www.immo-invest.ch\/fr\/#organization"}}]},"og:locale":"fr_FR","og:site_name":"immo!nvest - Die Plattform f\u00fcr Standorte und Immobilien - Die\u00a0Plattform f\u00fcr Standorte und Immobilien","og:type":"article","og:title":"Le canton de Glaris d\u00e9finit les zones d\u2019habitation et d\u2019extraction dans son plan directeur - immo!nvest - Die Plattform f\u00fcr Standorte und Immobilien","og:description":"Le d\u00e9partement de la construction et de l'environnement du canton de Glaris a inscrit les zones d'habitation et d'extraction de la commune de Glaris Nord dans le plan directeur cantonal. Ces fixations font suite \u00e0 l'approbation du plan d'affectation communal et offrent une s\u00e9curit\u00e9 de planification et juridique pour les d\u00e9veloppements futurs.","og:url":"https:\/\/www.immo-invest.ch\/fr\/kanton-glarus-setzt-siedlungs-und-abbaugebiete-im-richtplan-fest\/","og:image":"https:\/\/www.immo-invest.ch\/wp-content\/uploads\/2024\/08\/img_large.jpg","og:image:secure_url":"https:\/\/www.immo-invest.ch\/wp-content\/uploads\/2024\/08\/img_large.jpg","og:image:width":900,"og:image:height":506,"article:published_time":"2024-08-13T11:53:05+00:00","article:modified_time":"2024-08-13T13:01:51+00:00","article:publisher":"https:\/\/www.facebook.com\/people\/Immoinvest\/100077962920504\/","twitter:card":"summary_large_image","twitter:site":"@i","twitter:title":"Le canton de Glaris d\u00e9finit les zones d\u2019habitation et d\u2019extraction dans son plan directeur - immo!nvest - Die Plattform f\u00fcr Standorte und Immobilien","twitter:description":"Le d\u00e9partement de la construction et de l'environnement du canton de Glaris a inscrit les zones d'habitation et d'extraction de la commune de Glaris Nord dans le plan directeur cantonal. Ces fixations font suite \u00e0 l'approbation du plan d'affectation communal et offrent une s\u00e9curit\u00e9 de planification et juridique pour les d\u00e9veloppements futurs.","twitter:creator":"@i","twitter:image":"https:\/\/www.immo-invest.ch\/wp-content\/uploads\/2024\/08\/img_large.jpg"},"aioseo_meta_data":{"post_id":"111563","title":null,"description":null,"keywords":null,"keyphrases":null,"primary_term":null,"canonical_url":null,"og_title":null,"og_description":null,"og_object_type":"default","og_image_type":"default","og_image_url":null,"og_image_width":null,"og_image_height":null,"og_image_custom_url":null,"og_image_custom_fields":null,"og_video":null,"og_custom_url":null,"og_article_section":null,"og_article_tags":null,"twitter_use_og":false,"twitter_card":"default","twitter_image_type":"default","twitter_image_url":null,"twitter_image_custom_url":null,"twitter_image_custom_fields":null,"twitter_title":null,"twitter_description":null,"schema":{"blockGraphs":[],"customGraphs":[],"default":{"data":{"Article":[],"Course":[],"Dataset":[],"FAQPage":[],"Movie":[],"Person":[],"Product":[],"ProductReview":[],"Car":[],"Recipe":[],"Service":[],"SoftwareApplication":[],"WebPage":[]},"graphName":"","isEnabled":true},"graphs":[]},"schema_type":"default","schema_type_options":null,"pillar_content":false,"robots_default":true,"robots_noindex":false,"robots_noarchive":false,"robots_nosnippet":false,"robots_nofollow":false,"robots_noimageindex":false,"robots_noodp":false,"robots_notranslate":false,"robots_max_snippet":null,"robots_max_videopreview":null,"robots_max_imagepreview":"large","priority":null,"frequency":null,"local_seo":null,"breadcrumb_settings":null,"limit_modified_date":false,"ai":null,"created":"2024-09-21 00:57:01","updated":"2025-10-24 07:39:19","seo_analyzer_scan_date":null,"focus_keyword":null,"additional_keywords":null,"truseo_locale":null},"aioseo_breadcrumb":"<div class=\"aioseo-breadcrumbs\"><span class=\"aioseo-breadcrumb\">\n\t\t\t<a href=\"https:\/\/www.immo-invest.ch\/fr\/\" title=\"Home\">Home<\/a>\n\t\t<\/span><span class=\"aioseo-breadcrumb-separator\">&raquo;<\/span><span class=\"aioseo-breadcrumb\">\n\t\t\t<a href=\"https:\/\/www.immo-invest.ch\/fr\/categories\/regions\/\" title=\"R\u00e9gions\">R\u00e9gions<\/a>\n\t\t<\/span><span class=\"aioseo-breadcrumb-separator\">&raquo;<\/span><span class=\"aioseo-breadcrumb\">\n\t\t\t<a href=\"https:\/\/www.immo-invest.ch\/fr\/categories\/regions\/suisse\/\" title=\"Suisse\">Suisse<\/a>\n\t\t<\/span><span class=\"aioseo-breadcrumb-separator\">&raquo;<\/span><span class=\"aioseo-breadcrumb\">\n\t\t\t<a href=\"https:\/\/www.immo-invest.ch\/fr\/categories\/regions\/suisse\/suisse-orientale\/\" title=\"Suisse orientale\">Suisse orientale<\/a>\n\t\t<\/span><span class=\"aioseo-breadcrumb-separator\">&raquo;<\/span><span class=\"aioseo-breadcrumb\">\n\t\t\t<a href=\"https:\/\/www.immo-invest.ch\/fr\/categories\/regions\/suisse\/suisse-orientale\/glarus-fr\/\" title=\"Glarus\">Glarus<\/a>\n\t\t<\/span><span class=\"aioseo-breadcrumb-separator\">&raquo;<\/span><span class=\"aioseo-breadcrumb\">\n\t\t\tLe canton de Glaris d\u00e9finit les zones d\u2019habitation et d\u2019extraction dans son plan directeur\n\t\t<\/span><\/div>","aioseo_breadcrumb_json":[{"label":"Home","link":"https:\/\/www.immo-invest.ch\/fr\/"},{"label":"R\u00e9gions","link":"https:\/\/www.immo-invest.ch\/fr\/categories\/regions\/"},{"label":"Suisse","link":"https:\/\/www.immo-invest.ch\/fr\/categories\/regions\/suisse\/"},{"label":"Suisse orientale","link":"https:\/\/www.immo-invest.ch\/fr\/categories\/regions\/suisse\/suisse-orientale\/"},{"label":"Glarus","link":"https:\/\/www.immo-invest.ch\/fr\/categories\/regions\/suisse\/suisse-orientale\/glarus-fr\/"},{"label":"Le canton de Glaris d\u00e9finit les zones d&rsquo;habitation et d&rsquo;extraction dans son plan directeur","link":"https:\/\/www.immo-invest.ch\/fr\/kanton-glarus-setzt-siedlungs-und-abbaugebiete-im-richtplan-fest\/"}],"featured_image_src":"https:\/\/www.immo-invest.ch\/wp-content\/uploads\/2024\/08\/img_large-336x168.jpg","_links":{"self":[{"href":"https:\/\/www.immo-invest.ch\/fr\/wp-json\/wp\/v2\/posts\/111563","targetHints":{"allow":["GET"]}}],"collection":[{"href":"https:\/\/www.immo-invest.ch\/fr\/wp-json\/wp\/v2\/posts"}],"about":[{"href":"https:\/\/www.immo-invest.ch\/fr\/wp-json\/wp\/v2\/types\/post"}],"author":[{"embeddable":true,"href":"https:\/\/www.immo-invest.ch\/fr\/wp-json\/wp\/v2\/users\/2"}],"replies":[{"embeddable":true,"href":"https:\/\/www.immo-invest.ch\/fr\/wp-json\/wp\/v2\/comments?post=111563"}],"version-history":[{"count":0,"href":"https:\/\/www.immo-invest.ch\/fr\/wp-json\/wp\/v2\/posts\/111563\/revisions"}],"wp:featuredmedia":[{"embeddable":true,"href":"https:\/\/www.immo-invest.ch\/fr\/wp-json\/wp\/v2\/media\/111515"}],"wp:attachment":[{"href":"https:\/\/www.immo-invest.ch\/fr\/wp-json\/wp\/v2\/media?parent=111563"}],"wp:term":[{"taxonomy":"category","embeddable":true,"href":"https:\/\/www.immo-invest.ch\/fr\/wp-json\/wp\/v2\/categories?post=111563"},{"taxonomy":"post_tag","embeddable":true,"href":"https:\/\/www.immo-invest.ch\/fr\/wp-json\/wp\/v2\/tags?post=111563"}],"curies":[{"name":"wp","href":"https:\/\/api.w.org\/{rel}","templated":true}]}}