{"id":111105,"date":"2024-08-06T13:25:54","date_gmt":"2024-08-06T11:25:54","guid":{"rendered":"https:\/\/www.immo-invest.ch\/regierungsrat-zuerich-laedt-zur-oeffentlichen-mitwirkung-an-den-agglo-programmen-der-fuenften-generation-ein\/"},"modified":"2024-08-06T14:59:10","modified_gmt":"2024-08-06T12:59:10","slug":"regierungsrat-zuerich-laedt-zur-oeffentlichen-mitwirkung-an-den-agglo-programmen-der-fuenften-generation-ein","status":"publish","type":"post","link":"https:\/\/www.immo-invest.ch\/fr\/regierungsrat-zuerich-laedt-zur-oeffentlichen-mitwirkung-an-den-agglo-programmen-der-fuenften-generation-ein\/","title":{"rendered":"Le Conseil d&rsquo;\u00c9tat de Zurich invite \u00e0 la participation publique aux projets d&rsquo;agglom\u00e9ration de cinqui\u00e8me g\u00e9n\u00e9ration"},"content":{"rendered":"<p class=\"wp-block-paragraph\">Pour obtenir des fonds f&eacute;d&eacute;raux, les projets d&rsquo;agglom&eacute;ration doivent r&eacute;pondre &agrave; certaines exigences. Celles-ci incluent l&rsquo;analyse de l&rsquo;&eacute;tat actuel ainsi que l&rsquo;identification des tendances de d&eacute;veloppement dans les domaines de l&rsquo;urbanisation, du paysage et des transports. Sur cette base, des sc&eacute;narios d&rsquo;avenir sont d&eacute;velopp&eacute;s et les mesures n&eacute;cessaires sont d&eacute;duites. Ces mesures peuvent ensuite &ecirc;tre cofinanc&eacute;es &agrave; hauteur de 30 &agrave; 50 % par la Conf&eacute;d&eacute;ration, &agrave; condition qu&rsquo;elles soient pr&ecirc;tes &agrave; &ecirc;tre mises en &oelig;uvre.<\/p>\n\n\n\n\n\n<p class=\"wp-block-paragraph\">Les programmes couvrent diff&eacute;rentes r&eacute;gions et se concentrent sur des priorit&eacute;s sp&eacute;cifiques. Dans la vall&eacute;e de la Limmat, l&rsquo;accent est mis sur les points d&rsquo;&eacute;change multimodaux et l&rsquo;&eacute;lectrification du transport par bus. Dans la ville de Zurich et la vall&eacute;e de la Glatt, les plates-formes de transport et les r&eacute;seaux cyclables sont d&eacute;velopp&eacute;s. Les mesures de Winterthur se concentrent sur les transports publics et sur un d&eacute;veloppement urbain respectueux des pi&eacute;tons et des cyclistes.<\/p>\n\n\n\n\n\n<p class=\"wp-block-paragraph\">Le nouveau programme pour l&rsquo;Unterland et la Furttal met l&rsquo;accent sur l&rsquo;am&eacute;nagement d&rsquo;espaces routiers compatibles avec l&rsquo;habitat. Dans l&rsquo;Oberland zurichois, l&rsquo;accent est mis sur l&rsquo;accessibilit&eacute; des centres r&eacute;gionaux par les transports et les points d&rsquo;&eacute;change multimodaux.<\/p>\n\n\n\n\n\n<p class=\"wp-block-paragraph\"><strong>Participation et proc&eacute;dure de participation<br><\/strong>La proc&eacute;dure de participation publique a &eacute;t&eacute; lanc&eacute;e le 3 juillet 2024 par la d&eacute;cision gouvernementale n&deg; 765\/2024 et se d&eacute;roule du 5 ao&ucirc;t au 20 septembre 2024. Durant cette p&eacute;riode, les villes, les communes, les r&eacute;gions de planification, les entreprises de transport, les associations ainsi que le public sont invit&eacute;s &agrave; donner leur avis. Les cantons voisins et les projets d&rsquo;agglom&eacute;ration limitrophes tels que Schaffhouse et Obersee sont &eacute;galement appel&eacute;s &agrave; participer.<\/p>\n\n\n\n\n\n<p class=\"wp-block-paragraph\">La conseill&egrave;re d&rsquo;Etat Carmen Walker Sp&auml;h souligne l&rsquo;importance des programmes : &laquo;&nbsp;Tout le monde profite d&rsquo;une infrastructure moderne. Une infrastructure efficace est le nerf de la guerre pour l&rsquo;&eacute;conomie&nbsp;&raquo;<br>Les projets de projets d&rsquo;agglom&eacute;ration et d&rsquo;autres documents pertinents seront disponibles &agrave; partir du 5 ao&ucirc;t sur zh.ch\/ap5.<\/p>\n\n","protected":false},"excerpt":{"rendered":"<p>Le Conseil d&rsquo;Etat a lanc\u00e9 la proc\u00e9dure de participation pour les projets d&rsquo;agglom\u00e9ration zurichois de cinqui\u00e8me g\u00e9n\u00e9ration. Ces projets sont d\u00e9cisifs pour le d\u00e9veloppement coordonn\u00e9 des transports et de l&rsquo;urbanisation et garantissent le soutien financier de la Conf\u00e9d\u00e9ration pour les projets d&rsquo;infrastructure de transport. Avec une enveloppe d&rsquo;investissement de plus de 1,2 milliard de francs, la nouvelle phase du programme s&rsquo;\u00e9tend sur un territoire \u00e9largi et s&rsquo;appuie sur le succ\u00e8s des programmes pr\u00e9c\u00e9dents.<\/p>\n","protected":false},"author":2,"featured_media":111041,"comment_status":"open","ping_status":"open","sticky":false,"template":"","format":"standard","meta":{"pmpro_default_level":"","inline_featured_image":false,"_monsterinsights_skip_tracking":false,"footnotes":""},"categories":[22699,743,22703,22438],"tags":[48828,2463,11650,1818,3931,20360,3158],"class_list":["post-111105","post","type-post","status-publish","format-standard","has-post-thumbnail","hentry","category-durabilite","category-immonews-fr","category-mobilite","category-trends-fr","tag-agglo-programm-fr","tag-bus-fr","tag-elektronik-fr","tag-entwicklung-fr","tag-immonews-fr","tag-strassen-fr","tag-velo-fr","pmpro-has-access"],"acf":{"bild_mit_ki_erstellt_worden":[],"lead":"Le Conseil d'Etat a lanc\u00e9 la proc\u00e9dure de participation pour les projets d'agglom\u00e9ration zurichois de cinqui\u00e8me g\u00e9n\u00e9ration. Ces projets sont d\u00e9cisifs pour le d\u00e9veloppement coordonn\u00e9 des transports et de l'urbanisation et garantissent le soutien financier de la Conf\u00e9d\u00e9ration pour les projets d'infrastructure de transport. Avec une enveloppe d'investissement de plus de 1,2 milliard de francs, la nouvelle phase du programme s'\u00e9tend sur un territoire \u00e9largi et s'appuie sur le succ\u00e8s des programmes pr\u00e9c\u00e9dents.","autor":"Quelle: Z\u00fcrich","ort":"","bildunterschrift":"","bild_im_grid":false,"gallerie":"","newsim":""},"aioseo_notices":[],"aioseo_head":"\n\t\t<!-- All in One SEO 5.0.1.1 - aioseo.com -->\n\t<meta name=\"description\" content=\"Le Conseil d&#039;Etat a lanc\u00e9 la proc\u00e9dure de participation pour les projets d&#039;agglom\u00e9ration zurichois de cinqui\u00e8me g\u00e9n\u00e9ration. Ces projets sont d\u00e9cisifs pour le d\u00e9veloppement coordonn\u00e9 des transports et de l&#039;urbanisation et garantissent le soutien financier de la Conf\u00e9d\u00e9ration pour les projets d&#039;infrastructure de transport. Avec une enveloppe d&#039;investissement de plus de 1,2 milliard de francs, la nouvelle phase du programme s&#039;\u00e9tend sur un territoire \u00e9largi et s&#039;appuie sur le succ\u00e8s des programmes pr\u00e9c\u00e9dents.\" \/>\n\t<meta name=\"robots\" content=\"max-image-preview:large\" \/>\n\t<meta name=\"author\" content=\"immovestuser\"\/>\n\t<meta name=\"google-site-verification\" content=\"fHJKvgWpZCR2zVBHWfkQeFXC11qieUSff0HGNYfuyLA\" \/>\n\t<link rel=\"canonical\" href=\"https:\/\/www.immo-invest.ch\/fr\/regierungsrat-zuerich-laedt-zur-oeffentlichen-mitwirkung-an-den-agglo-programmen-der-fuenften-generation-ein\/\" \/>\n\t<meta name=\"generator\" content=\"All in One SEO (AIOSEO) 5.0.1.1\" \/>\n\t\t<meta property=\"og:locale\" content=\"fr_FR\" \/>\n\t\t<meta property=\"og:site_name\" content=\"immo!nvest - Die Plattform f\u00fcr Standorte und Immobilien - Die\u00a0Plattform f\u00fcr Standorte und Immobilien\" \/>\n\t\t<meta property=\"og:type\" content=\"article\" \/>\n\t\t<meta property=\"og:title\" content=\"Le Conseil d\u2019\u00c9tat de Zurich invite \u00e0 la participation publique aux projets d\u2019agglom\u00e9ration de cinqui\u00e8me g\u00e9n\u00e9ration - immo!nvest - Die Plattform f\u00fcr Standorte und Immobilien\" \/>\n\t\t<meta property=\"og:description\" content=\"Le Conseil d&#039;Etat a lanc\u00e9 la proc\u00e9dure de participation pour les projets d&#039;agglom\u00e9ration zurichois de cinqui\u00e8me g\u00e9n\u00e9ration. Ces projets sont d\u00e9cisifs pour le d\u00e9veloppement coordonn\u00e9 des transports et de l&#039;urbanisation et garantissent le soutien financier de la Conf\u00e9d\u00e9ration pour les projets d&#039;infrastructure de transport. Avec une enveloppe d&#039;investissement de plus de 1,2 milliard de francs, la nouvelle phase du programme s&#039;\u00e9tend sur un territoire \u00e9largi et s&#039;appuie sur le succ\u00e8s des programmes pr\u00e9c\u00e9dents.\" \/>\n\t\t<meta property=\"og:url\" content=\"https:\/\/www.immo-invest.ch\/fr\/regierungsrat-zuerich-laedt-zur-oeffentlichen-mitwirkung-an-den-agglo-programmen-der-fuenften-generation-ein\/\" \/>\n\t\t<meta property=\"og:image\" content=\"https:\/\/www.immo-invest.ch\/wp-content\/uploads\/2024\/08\/39c232a9-a0bc-4b18-9fd8-d9cdef15ac03.jpg\" \/>\n\t\t<meta property=\"og:image:secure_url\" content=\"https:\/\/www.immo-invest.ch\/wp-content\/uploads\/2024\/08\/39c232a9-a0bc-4b18-9fd8-d9cdef15ac03.jpg\" \/>\n\t\t<meta property=\"og:image:width\" content=\"500\" \/>\n\t\t<meta property=\"og:image:height\" content=\"375\" \/>\n\t\t<meta property=\"article:published_time\" content=\"2024-08-06T11:25:54+00:00\" \/>\n\t\t<meta property=\"article:modified_time\" content=\"2024-08-06T12:59:10+00:00\" \/>\n\t\t<meta property=\"article:publisher\" content=\"https:\/\/www.facebook.com\/people\/Immoinvest\/100077962920504\/\" \/>\n\t\t<meta name=\"twitter:card\" content=\"summary_large_image\" \/>\n\t\t<meta name=\"twitter:site\" content=\"@i\" \/>\n\t\t<meta name=\"twitter:title\" content=\"Le Conseil d\u2019\u00c9tat de Zurich invite \u00e0 la participation publique aux projets d\u2019agglom\u00e9ration de cinqui\u00e8me g\u00e9n\u00e9ration - immo!nvest - Die Plattform f\u00fcr Standorte und Immobilien\" \/>\n\t\t<meta name=\"twitter:description\" content=\"Le Conseil d&#039;Etat a lanc\u00e9 la proc\u00e9dure de participation pour les projets d&#039;agglom\u00e9ration zurichois de cinqui\u00e8me g\u00e9n\u00e9ration. Ces projets sont d\u00e9cisifs pour le d\u00e9veloppement coordonn\u00e9 des transports et de l&#039;urbanisation et garantissent le soutien financier de la Conf\u00e9d\u00e9ration pour les projets d&#039;infrastructure de transport. Avec une enveloppe d&#039;investissement de plus de 1,2 milliard de francs, la nouvelle phase du programme s&#039;\u00e9tend sur un territoire \u00e9largi et s&#039;appuie sur le succ\u00e8s des programmes pr\u00e9c\u00e9dents.\" \/>\n\t\t<meta name=\"twitter:creator\" content=\"@i\" \/>\n\t\t<meta name=\"twitter:image\" content=\"https:\/\/www.immo-invest.ch\/wp-content\/uploads\/2024\/08\/39c232a9-a0bc-4b18-9fd8-d9cdef15ac03.jpg\" \/>\n\t\t<script type=\"application\/ld+json\" class=\"aioseo-schema\">\n\t\t\t{\"@context\":\"https:\\\/\\\/schema.org\",\"@graph\":[{\"@type\":\"BlogPosting\",\"@id\":\"https:\\\/\\\/www.immo-invest.ch\\\/fr\\\/regierungsrat-zuerich-laedt-zur-oeffentlichen-mitwirkung-an-den-agglo-programmen-der-fuenften-generation-ein\\\/#blogposting\",\"name\":\"Le Conseil d\\u2019\\u00c9tat de Zurich invite \\u00e0 la participation publique aux projets d\\u2019agglom\\u00e9ration de cinqui\\u00e8me g\\u00e9n\\u00e9ration - immo!nvest - Die Plattform f\\u00fcr Standorte und Immobilien\",\"headline\":\"Le Conseil d&rsquo;\\u00c9tat de Zurich invite \\u00e0 la participation publique aux projets d&rsquo;agglom\\u00e9ration de cinqui\\u00e8me g\\u00e9n\\u00e9ration\",\"author\":{\"@id\":\"https:\\\/\\\/www.immo-invest.ch\\\/fr\\\/author\\\/immovestuser\\\/#author\"},\"publisher\":{\"@id\":\"https:\\\/\\\/www.immo-invest.ch\\\/fr\\\/#organization\"},\"image\":{\"@type\":\"ImageObject\",\"url\":\"https:\\\/\\\/www.immo-invest.ch\\\/wp-content\\\/uploads\\\/2024\\\/08\\\/39c232a9-a0bc-4b18-9fd8-d9cdef15ac03.jpg\",\"width\":500,\"height\":375},\"datePublished\":\"2024-08-06T13:25:54+02:00\",\"dateModified\":\"2024-08-06T14:59:10+02:00\",\"inLanguage\":\"fr-FR\",\"mainEntityOfPage\":{\"@id\":\"https:\\\/\\\/www.immo-invest.ch\\\/fr\\\/regierungsrat-zuerich-laedt-zur-oeffentlichen-mitwirkung-an-den-agglo-programmen-der-fuenften-generation-ein\\\/#webpage\"},\"isPartOf\":{\"@id\":\"https:\\\/\\\/www.immo-invest.ch\\\/fr\\\/regierungsrat-zuerich-laedt-zur-oeffentlichen-mitwirkung-an-den-agglo-programmen-der-fuenften-generation-ein\\\/#webpage\"},\"articleSection\":\"Durabilit\\u00e9, immoNews, Mobilit\\u00e9, Trends, Agglo-Programm, bus, Elektronik, Entwicklung, immoNews, Strassen, Velo, Facultatif\"},{\"@type\":\"BreadcrumbList\",\"@id\":\"https:\\\/\\\/www.immo-invest.ch\\\/fr\\\/regierungsrat-zuerich-laedt-zur-oeffentlichen-mitwirkung-an-den-agglo-programmen-der-fuenften-generation-ein\\\/#breadcrumblist\",\"itemListElement\":[{\"@type\":\"ListItem\",\"@id\":\"https:\\\/\\\/www.immo-invest.ch\\\/fr\\\/#listItem\",\"position\":1,\"name\":\"Home\",\"item\":\"https:\\\/\\\/www.immo-invest.ch\\\/fr\\\/\",\"nextItem\":{\"@type\":\"ListItem\",\"@id\":\"https:\\\/\\\/www.immo-invest.ch\\\/fr\\\/categories\\\/trends-fr\\\/#listItem\",\"name\":\"Trends\"}},{\"@type\":\"ListItem\",\"@id\":\"https:\\\/\\\/www.immo-invest.ch\\\/fr\\\/categories\\\/trends-fr\\\/#listItem\",\"position\":2,\"name\":\"Trends\",\"item\":\"https:\\\/\\\/www.immo-invest.ch\\\/fr\\\/categories\\\/trends-fr\\\/\",\"nextItem\":{\"@type\":\"ListItem\",\"@id\":\"https:\\\/\\\/www.immo-invest.ch\\\/fr\\\/categories\\\/trends-fr\\\/durabilite\\\/#listItem\",\"name\":\"Durabilit\\u00e9\"},\"previousItem\":{\"@type\":\"ListItem\",\"@id\":\"https:\\\/\\\/www.immo-invest.ch\\\/fr\\\/#listItem\",\"name\":\"Home\"}},{\"@type\":\"ListItem\",\"@id\":\"https:\\\/\\\/www.immo-invest.ch\\\/fr\\\/categories\\\/trends-fr\\\/durabilite\\\/#listItem\",\"position\":3,\"name\":\"Durabilit\\u00e9\",\"item\":\"https:\\\/\\\/www.immo-invest.ch\\\/fr\\\/categories\\\/trends-fr\\\/durabilite\\\/\",\"nextItem\":{\"@type\":\"ListItem\",\"@id\":\"https:\\\/\\\/www.immo-invest.ch\\\/fr\\\/regierungsrat-zuerich-laedt-zur-oeffentlichen-mitwirkung-an-den-agglo-programmen-der-fuenften-generation-ein\\\/#listItem\",\"name\":\"Le Conseil d&rsquo;\\u00c9tat de Zurich invite \\u00e0 la participation publique aux projets d&rsquo;agglom\\u00e9ration de cinqui\\u00e8me g\\u00e9n\\u00e9ration\"},\"previousItem\":{\"@type\":\"ListItem\",\"@id\":\"https:\\\/\\\/www.immo-invest.ch\\\/fr\\\/categories\\\/trends-fr\\\/#listItem\",\"name\":\"Trends\"}},{\"@type\":\"ListItem\",\"@id\":\"https:\\\/\\\/www.immo-invest.ch\\\/fr\\\/regierungsrat-zuerich-laedt-zur-oeffentlichen-mitwirkung-an-den-agglo-programmen-der-fuenften-generation-ein\\\/#listItem\",\"position\":4,\"name\":\"Le Conseil d&rsquo;\\u00c9tat de Zurich invite \\u00e0 la participation publique aux projets d&rsquo;agglom\\u00e9ration de cinqui\\u00e8me g\\u00e9n\\u00e9ration\",\"previousItem\":{\"@type\":\"ListItem\",\"@id\":\"https:\\\/\\\/www.immo-invest.ch\\\/fr\\\/categories\\\/trends-fr\\\/durabilite\\\/#listItem\",\"name\":\"Durabilit\\u00e9\"}}]},{\"@type\":\"Organization\",\"@id\":\"https:\\\/\\\/www.immo-invest.ch\\\/fr\\\/#organization\",\"name\":\"immo!nvest - Die Plattform f\\u00fcr Standorte und Immobilien\",\"description\":\"Die\\u00a0Plattform f\\u00fcr Standorte und Immobilien\",\"url\":\"https:\\\/\\\/www.immo-invest.ch\\\/fr\\\/\",\"email\":\"admin@immomedia.ag\",\"telephone\":\"+41444420002\",\"logo\":{\"@type\":\"ImageObject\",\"url\":\"https:\\\/\\\/www.immo-invest.ch\\\/wp-content\\\/uploads\\\/2024\\\/09\\\/immoinvest_sm-scaled.jpg\",\"@id\":\"https:\\\/\\\/www.immo-invest.ch\\\/fr\\\/regierungsrat-zuerich-laedt-zur-oeffentlichen-mitwirkung-an-den-agglo-programmen-der-fuenften-generation-ein\\\/#organizationLogo\",\"width\":2560,\"height\":1340},\"image\":{\"@id\":\"https:\\\/\\\/www.immo-invest.ch\\\/fr\\\/regierungsrat-zuerich-laedt-zur-oeffentlichen-mitwirkung-an-den-agglo-programmen-der-fuenften-generation-ein\\\/#organizationLogo\"},\"sameAs\":[\"https:\\\/\\\/www.facebook.com\\\/people\\\/Immoinvest\\\/100077962920504\\\/\",\"https:\\\/\\\/x.com\\\/i\\\/flow\\\/login?redirect_after_login=immoinvest_ch\",\"https:\\\/\\\/www.instagram.com\\\/immoinvest_ch\\\/\",\"https:\\\/\\\/www.linkedin.com\\\/company\\\/immoinvest-swiss\"]},{\"@type\":\"Person\",\"@id\":\"https:\\\/\\\/www.immo-invest.ch\\\/fr\\\/author\\\/immovestuser\\\/#author\",\"url\":\"https:\\\/\\\/www.immo-invest.ch\\\/fr\\\/author\\\/immovestuser\\\/\",\"name\":\"immovestuser\",\"image\":{\"@type\":\"ImageObject\",\"@id\":\"https:\\\/\\\/www.immo-invest.ch\\\/fr\\\/regierungsrat-zuerich-laedt-zur-oeffentlichen-mitwirkung-an-den-agglo-programmen-der-fuenften-generation-ein\\\/#authorImage\",\"url\":\"https:\\\/\\\/secure.gravatar.com\\\/avatar\\\/8e01f4d99f2eeea7a362ebb93305e1172a70e9293ba250f897a65c39f54cdd1e?s=96&d=mm&r=g\",\"width\":96,\"height\":96,\"caption\":\"immovestuser\"}},{\"@type\":\"WebPage\",\"@id\":\"https:\\\/\\\/www.immo-invest.ch\\\/fr\\\/regierungsrat-zuerich-laedt-zur-oeffentlichen-mitwirkung-an-den-agglo-programmen-der-fuenften-generation-ein\\\/#webpage\",\"url\":\"https:\\\/\\\/www.immo-invest.ch\\\/fr\\\/regierungsrat-zuerich-laedt-zur-oeffentlichen-mitwirkung-an-den-agglo-programmen-der-fuenften-generation-ein\\\/\",\"name\":\"Le Conseil d\\u2019\\u00c9tat de Zurich invite \\u00e0 la participation publique aux projets d\\u2019agglom\\u00e9ration de cinqui\\u00e8me g\\u00e9n\\u00e9ration - immo!nvest - Die Plattform f\\u00fcr Standorte und Immobilien\",\"description\":\"Le Conseil d'Etat a lanc\\u00e9 la proc\\u00e9dure de participation pour les projets d'agglom\\u00e9ration zurichois de cinqui\\u00e8me g\\u00e9n\\u00e9ration. Ces projets sont d\\u00e9cisifs pour le d\\u00e9veloppement coordonn\\u00e9 des transports et de l'urbanisation et garantissent le soutien financier de la Conf\\u00e9d\\u00e9ration pour les projets d'infrastructure de transport. Avec une enveloppe d'investissement de plus de 1,2 milliard de francs, la nouvelle phase du programme s'\\u00e9tend sur un territoire \\u00e9largi et s'appuie sur le succ\\u00e8s des programmes pr\\u00e9c\\u00e9dents.\",\"inLanguage\":\"fr-FR\",\"isPartOf\":{\"@id\":\"https:\\\/\\\/www.immo-invest.ch\\\/fr\\\/#website\"},\"breadcrumb\":{\"@id\":\"https:\\\/\\\/www.immo-invest.ch\\\/fr\\\/regierungsrat-zuerich-laedt-zur-oeffentlichen-mitwirkung-an-den-agglo-programmen-der-fuenften-generation-ein\\\/#breadcrumblist\"},\"author\":{\"@id\":\"https:\\\/\\\/www.immo-invest.ch\\\/fr\\\/author\\\/immovestuser\\\/#author\"},\"creator\":{\"@id\":\"https:\\\/\\\/www.immo-invest.ch\\\/fr\\\/author\\\/immovestuser\\\/#author\"},\"image\":{\"@type\":\"ImageObject\",\"url\":\"https:\\\/\\\/www.immo-invest.ch\\\/wp-content\\\/uploads\\\/2024\\\/08\\\/39c232a9-a0bc-4b18-9fd8-d9cdef15ac03.jpg\",\"@id\":\"https:\\\/\\\/www.immo-invest.ch\\\/fr\\\/regierungsrat-zuerich-laedt-zur-oeffentlichen-mitwirkung-an-den-agglo-programmen-der-fuenften-generation-ein\\\/#mainImage\",\"width\":500,\"height\":375},\"primaryImageOfPage\":{\"@id\":\"https:\\\/\\\/www.immo-invest.ch\\\/fr\\\/regierungsrat-zuerich-laedt-zur-oeffentlichen-mitwirkung-an-den-agglo-programmen-der-fuenften-generation-ein\\\/#mainImage\"},\"datePublished\":\"2024-08-06T13:25:54+02:00\",\"dateModified\":\"2024-08-06T14:59:10+02:00\"},{\"@type\":\"WebSite\",\"@id\":\"https:\\\/\\\/www.immo-invest.ch\\\/fr\\\/#website\",\"url\":\"https:\\\/\\\/www.immo-invest.ch\\\/fr\\\/\",\"name\":\"immo!nvest - Die Plattform f\\u00fcr Standorte und Immobilien\",\"description\":\"Die\\u00a0Plattform f\\u00fcr Standorte und Immobilien\",\"inLanguage\":\"fr-FR\",\"publisher\":{\"@id\":\"https:\\\/\\\/www.immo-invest.ch\\\/fr\\\/#organization\"}}]}\n\t\t<\/script>\n\t\t<!-- All in One SEO -->\n\n","aioseo_head_json":{"title":"Le Conseil d\u2019\u00c9tat de Zurich invite \u00e0 la participation publique aux projets d\u2019agglom\u00e9ration de cinqui\u00e8me g\u00e9n\u00e9ration - immo!nvest - Die Plattform f\u00fcr Standorte und Immobilien","description":"Le Conseil d'Etat a lanc\u00e9 la proc\u00e9dure de participation pour les projets d'agglom\u00e9ration zurichois de cinqui\u00e8me g\u00e9n\u00e9ration. Ces projets sont d\u00e9cisifs pour le d\u00e9veloppement coordonn\u00e9 des transports et de l'urbanisation et garantissent le soutien financier de la Conf\u00e9d\u00e9ration pour les projets d'infrastructure de transport. Avec une enveloppe d'investissement de plus de 1,2 milliard de francs, la nouvelle phase du programme s'\u00e9tend sur un territoire \u00e9largi et s'appuie sur le succ\u00e8s des programmes pr\u00e9c\u00e9dents.","canonical_url":"https:\/\/www.immo-invest.ch\/fr\/regierungsrat-zuerich-laedt-zur-oeffentlichen-mitwirkung-an-den-agglo-programmen-der-fuenften-generation-ein\/","robots":"max-image-preview:large","keywords":"","webmasterTools":{"google-site-verification":"fHJKvgWpZCR2zVBHWfkQeFXC11qieUSff0HGNYfuyLA","miscellaneous":""},"schema":{"@context":"https:\/\/schema.org","@graph":[{"@type":"BlogPosting","@id":"https:\/\/www.immo-invest.ch\/fr\/regierungsrat-zuerich-laedt-zur-oeffentlichen-mitwirkung-an-den-agglo-programmen-der-fuenften-generation-ein\/#blogposting","name":"Le Conseil d\u2019\u00c9tat de Zurich invite \u00e0 la participation publique aux projets d\u2019agglom\u00e9ration de cinqui\u00e8me g\u00e9n\u00e9ration - immo!nvest - Die Plattform f\u00fcr Standorte und Immobilien","headline":"Le Conseil d&rsquo;\u00c9tat de Zurich invite \u00e0 la participation publique aux projets d&rsquo;agglom\u00e9ration de cinqui\u00e8me g\u00e9n\u00e9ration","author":{"@id":"https:\/\/www.immo-invest.ch\/fr\/author\/immovestuser\/#author"},"publisher":{"@id":"https:\/\/www.immo-invest.ch\/fr\/#organization"},"image":{"@type":"ImageObject","url":"https:\/\/www.immo-invest.ch\/wp-content\/uploads\/2024\/08\/39c232a9-a0bc-4b18-9fd8-d9cdef15ac03.jpg","width":500,"height":375},"datePublished":"2024-08-06T13:25:54+02:00","dateModified":"2024-08-06T14:59:10+02:00","inLanguage":"fr-FR","mainEntityOfPage":{"@id":"https:\/\/www.immo-invest.ch\/fr\/regierungsrat-zuerich-laedt-zur-oeffentlichen-mitwirkung-an-den-agglo-programmen-der-fuenften-generation-ein\/#webpage"},"isPartOf":{"@id":"https:\/\/www.immo-invest.ch\/fr\/regierungsrat-zuerich-laedt-zur-oeffentlichen-mitwirkung-an-den-agglo-programmen-der-fuenften-generation-ein\/#webpage"},"articleSection":"Durabilit\u00e9, immoNews, Mobilit\u00e9, Trends, Agglo-Programm, bus, Elektronik, Entwicklung, immoNews, Strassen, Velo, Facultatif"},{"@type":"BreadcrumbList","@id":"https:\/\/www.immo-invest.ch\/fr\/regierungsrat-zuerich-laedt-zur-oeffentlichen-mitwirkung-an-den-agglo-programmen-der-fuenften-generation-ein\/#breadcrumblist","itemListElement":[{"@type":"ListItem","@id":"https:\/\/www.immo-invest.ch\/fr\/#listItem","position":1,"name":"Home","item":"https:\/\/www.immo-invest.ch\/fr\/","nextItem":{"@type":"ListItem","@id":"https:\/\/www.immo-invest.ch\/fr\/categories\/trends-fr\/#listItem","name":"Trends"}},{"@type":"ListItem","@id":"https:\/\/www.immo-invest.ch\/fr\/categories\/trends-fr\/#listItem","position":2,"name":"Trends","item":"https:\/\/www.immo-invest.ch\/fr\/categories\/trends-fr\/","nextItem":{"@type":"ListItem","@id":"https:\/\/www.immo-invest.ch\/fr\/categories\/trends-fr\/durabilite\/#listItem","name":"Durabilit\u00e9"},"previousItem":{"@type":"ListItem","@id":"https:\/\/www.immo-invest.ch\/fr\/#listItem","name":"Home"}},{"@type":"ListItem","@id":"https:\/\/www.immo-invest.ch\/fr\/categories\/trends-fr\/durabilite\/#listItem","position":3,"name":"Durabilit\u00e9","item":"https:\/\/www.immo-invest.ch\/fr\/categories\/trends-fr\/durabilite\/","nextItem":{"@type":"ListItem","@id":"https:\/\/www.immo-invest.ch\/fr\/regierungsrat-zuerich-laedt-zur-oeffentlichen-mitwirkung-an-den-agglo-programmen-der-fuenften-generation-ein\/#listItem","name":"Le Conseil d&rsquo;\u00c9tat de Zurich invite \u00e0 la participation publique aux projets d&rsquo;agglom\u00e9ration de cinqui\u00e8me g\u00e9n\u00e9ration"},"previousItem":{"@type":"ListItem","@id":"https:\/\/www.immo-invest.ch\/fr\/categories\/trends-fr\/#listItem","name":"Trends"}},{"@type":"ListItem","@id":"https:\/\/www.immo-invest.ch\/fr\/regierungsrat-zuerich-laedt-zur-oeffentlichen-mitwirkung-an-den-agglo-programmen-der-fuenften-generation-ein\/#listItem","position":4,"name":"Le Conseil d&rsquo;\u00c9tat de Zurich invite \u00e0 la participation publique aux projets d&rsquo;agglom\u00e9ration de cinqui\u00e8me g\u00e9n\u00e9ration","previousItem":{"@type":"ListItem","@id":"https:\/\/www.immo-invest.ch\/fr\/categories\/trends-fr\/durabilite\/#listItem","name":"Durabilit\u00e9"}}]},{"@type":"Organization","@id":"https:\/\/www.immo-invest.ch\/fr\/#organization","name":"immo!nvest - Die Plattform f\u00fcr Standorte und Immobilien","description":"Die\u00a0Plattform f\u00fcr Standorte und Immobilien","url":"https:\/\/www.immo-invest.ch\/fr\/","email":"admin@immomedia.ag","telephone":"+41444420002","logo":{"@type":"ImageObject","url":"https:\/\/www.immo-invest.ch\/wp-content\/uploads\/2024\/09\/immoinvest_sm-scaled.jpg","@id":"https:\/\/www.immo-invest.ch\/fr\/regierungsrat-zuerich-laedt-zur-oeffentlichen-mitwirkung-an-den-agglo-programmen-der-fuenften-generation-ein\/#organizationLogo","width":2560,"height":1340},"image":{"@id":"https:\/\/www.immo-invest.ch\/fr\/regierungsrat-zuerich-laedt-zur-oeffentlichen-mitwirkung-an-den-agglo-programmen-der-fuenften-generation-ein\/#organizationLogo"},"sameAs":["https:\/\/www.facebook.com\/people\/Immoinvest\/100077962920504\/","https:\/\/x.com\/i\/flow\/login?redirect_after_login=immoinvest_ch","https:\/\/www.instagram.com\/immoinvest_ch\/","https:\/\/www.linkedin.com\/company\/immoinvest-swiss"]},{"@type":"Person","@id":"https:\/\/www.immo-invest.ch\/fr\/author\/immovestuser\/#author","url":"https:\/\/www.immo-invest.ch\/fr\/author\/immovestuser\/","name":"immovestuser","image":{"@type":"ImageObject","@id":"https:\/\/www.immo-invest.ch\/fr\/regierungsrat-zuerich-laedt-zur-oeffentlichen-mitwirkung-an-den-agglo-programmen-der-fuenften-generation-ein\/#authorImage","url":"https:\/\/secure.gravatar.com\/avatar\/8e01f4d99f2eeea7a362ebb93305e1172a70e9293ba250f897a65c39f54cdd1e?s=96&d=mm&r=g","width":96,"height":96,"caption":"immovestuser"}},{"@type":"WebPage","@id":"https:\/\/www.immo-invest.ch\/fr\/regierungsrat-zuerich-laedt-zur-oeffentlichen-mitwirkung-an-den-agglo-programmen-der-fuenften-generation-ein\/#webpage","url":"https:\/\/www.immo-invest.ch\/fr\/regierungsrat-zuerich-laedt-zur-oeffentlichen-mitwirkung-an-den-agglo-programmen-der-fuenften-generation-ein\/","name":"Le Conseil d\u2019\u00c9tat de Zurich invite \u00e0 la participation publique aux projets d\u2019agglom\u00e9ration de cinqui\u00e8me g\u00e9n\u00e9ration - immo!nvest - Die Plattform f\u00fcr Standorte und Immobilien","description":"Le Conseil d'Etat a lanc\u00e9 la proc\u00e9dure de participation pour les projets d'agglom\u00e9ration zurichois de cinqui\u00e8me g\u00e9n\u00e9ration. Ces projets sont d\u00e9cisifs pour le d\u00e9veloppement coordonn\u00e9 des transports et de l'urbanisation et garantissent le soutien financier de la Conf\u00e9d\u00e9ration pour les projets d'infrastructure de transport. Avec une enveloppe d'investissement de plus de 1,2 milliard de francs, la nouvelle phase du programme s'\u00e9tend sur un territoire \u00e9largi et s'appuie sur le succ\u00e8s des programmes pr\u00e9c\u00e9dents.","inLanguage":"fr-FR","isPartOf":{"@id":"https:\/\/www.immo-invest.ch\/fr\/#website"},"breadcrumb":{"@id":"https:\/\/www.immo-invest.ch\/fr\/regierungsrat-zuerich-laedt-zur-oeffentlichen-mitwirkung-an-den-agglo-programmen-der-fuenften-generation-ein\/#breadcrumblist"},"author":{"@id":"https:\/\/www.immo-invest.ch\/fr\/author\/immovestuser\/#author"},"creator":{"@id":"https:\/\/www.immo-invest.ch\/fr\/author\/immovestuser\/#author"},"image":{"@type":"ImageObject","url":"https:\/\/www.immo-invest.ch\/wp-content\/uploads\/2024\/08\/39c232a9-a0bc-4b18-9fd8-d9cdef15ac03.jpg","@id":"https:\/\/www.immo-invest.ch\/fr\/regierungsrat-zuerich-laedt-zur-oeffentlichen-mitwirkung-an-den-agglo-programmen-der-fuenften-generation-ein\/#mainImage","width":500,"height":375},"primaryImageOfPage":{"@id":"https:\/\/www.immo-invest.ch\/fr\/regierungsrat-zuerich-laedt-zur-oeffentlichen-mitwirkung-an-den-agglo-programmen-der-fuenften-generation-ein\/#mainImage"},"datePublished":"2024-08-06T13:25:54+02:00","dateModified":"2024-08-06T14:59:10+02:00"},{"@type":"WebSite","@id":"https:\/\/www.immo-invest.ch\/fr\/#website","url":"https:\/\/www.immo-invest.ch\/fr\/","name":"immo!nvest - Die Plattform f\u00fcr Standorte und Immobilien","description":"Die\u00a0Plattform f\u00fcr Standorte und Immobilien","inLanguage":"fr-FR","publisher":{"@id":"https:\/\/www.immo-invest.ch\/fr\/#organization"}}]},"og:locale":"fr_FR","og:site_name":"immo!nvest - Die Plattform f\u00fcr Standorte und Immobilien - Die\u00a0Plattform f\u00fcr Standorte und Immobilien","og:type":"article","og:title":"Le Conseil d\u2019\u00c9tat de Zurich invite \u00e0 la participation publique aux projets d\u2019agglom\u00e9ration de cinqui\u00e8me g\u00e9n\u00e9ration - immo!nvest - Die Plattform f\u00fcr Standorte und Immobilien","og:description":"Le Conseil d'Etat a lanc\u00e9 la proc\u00e9dure de participation pour les projets d'agglom\u00e9ration zurichois de cinqui\u00e8me g\u00e9n\u00e9ration. Ces projets sont d\u00e9cisifs pour le d\u00e9veloppement coordonn\u00e9 des transports et de l'urbanisation et garantissent le soutien financier de la Conf\u00e9d\u00e9ration pour les projets d'infrastructure de transport. Avec une enveloppe d'investissement de plus de 1,2 milliard de francs, la nouvelle phase du programme s'\u00e9tend sur un territoire \u00e9largi et s'appuie sur le succ\u00e8s des programmes pr\u00e9c\u00e9dents.","og:url":"https:\/\/www.immo-invest.ch\/fr\/regierungsrat-zuerich-laedt-zur-oeffentlichen-mitwirkung-an-den-agglo-programmen-der-fuenften-generation-ein\/","og:image":"https:\/\/www.immo-invest.ch\/wp-content\/uploads\/2024\/08\/39c232a9-a0bc-4b18-9fd8-d9cdef15ac03.jpg","og:image:secure_url":"https:\/\/www.immo-invest.ch\/wp-content\/uploads\/2024\/08\/39c232a9-a0bc-4b18-9fd8-d9cdef15ac03.jpg","og:image:width":500,"og:image:height":375,"article:published_time":"2024-08-06T11:25:54+00:00","article:modified_time":"2024-08-06T12:59:10+00:00","article:publisher":"https:\/\/www.facebook.com\/people\/Immoinvest\/100077962920504\/","twitter:card":"summary_large_image","twitter:site":"@i","twitter:title":"Le Conseil d\u2019\u00c9tat de Zurich invite \u00e0 la participation publique aux projets d\u2019agglom\u00e9ration de cinqui\u00e8me g\u00e9n\u00e9ration - immo!nvest - Die Plattform f\u00fcr Standorte und Immobilien","twitter:description":"Le Conseil d'Etat a lanc\u00e9 la proc\u00e9dure de participation pour les projets d'agglom\u00e9ration zurichois de cinqui\u00e8me g\u00e9n\u00e9ration. Ces projets sont d\u00e9cisifs pour le d\u00e9veloppement coordonn\u00e9 des transports et de l'urbanisation et garantissent le soutien financier de la Conf\u00e9d\u00e9ration pour les projets d'infrastructure de transport. Avec une enveloppe d'investissement de plus de 1,2 milliard de francs, la nouvelle phase du programme s'\u00e9tend sur un territoire \u00e9largi et s'appuie sur le succ\u00e8s des programmes pr\u00e9c\u00e9dents.","twitter:creator":"@i","twitter:image":"https:\/\/www.immo-invest.ch\/wp-content\/uploads\/2024\/08\/39c232a9-a0bc-4b18-9fd8-d9cdef15ac03.jpg"},"aioseo_meta_data":{"post_id":"111105","title":null,"description":null,"keywords":null,"keyphrases":null,"primary_term":null,"canonical_url":null,"og_title":null,"og_description":null,"og_object_type":"default","og_image_type":"default","og_image_url":null,"og_image_width":null,"og_image_height":null,"og_image_custom_url":null,"og_image_custom_fields":null,"og_video":null,"og_custom_url":null,"og_article_section":null,"og_article_tags":null,"twitter_use_og":false,"twitter_card":"default","twitter_image_type":"default","twitter_image_url":null,"twitter_image_custom_url":null,"twitter_image_custom_fields":null,"twitter_title":null,"twitter_description":null,"schema":{"blockGraphs":[],"customGraphs":[],"default":{"data":{"Article":[],"Course":[],"Dataset":[],"FAQPage":[],"Movie":[],"Person":[],"Product":[],"ProductReview":[],"Car":[],"Recipe":[],"Service":[],"SoftwareApplication":[],"WebPage":[]},"graphName":"","isEnabled":true},"graphs":[]},"schema_type":"default","schema_type_options":null,"pillar_content":false,"robots_default":true,"robots_noindex":false,"robots_noarchive":false,"robots_nosnippet":false,"robots_nofollow":false,"robots_noimageindex":false,"robots_noodp":false,"robots_notranslate":false,"robots_max_snippet":null,"robots_max_videopreview":null,"robots_max_imagepreview":"large","priority":null,"frequency":null,"local_seo":null,"breadcrumb_settings":null,"limit_modified_date":false,"ai":null,"created":"2024-09-21 00:35:58","updated":"2025-10-24 06:56:07","seo_analyzer_scan_date":null,"focus_keyword":null,"additional_keywords":null,"truseo_locale":null},"aioseo_breadcrumb":"<div class=\"aioseo-breadcrumbs\"><span class=\"aioseo-breadcrumb\">\n\t\t\t<a href=\"https:\/\/www.immo-invest.ch\/fr\/\" title=\"Home\">Home<\/a>\n\t\t<\/span><span class=\"aioseo-breadcrumb-separator\">&raquo;<\/span><span class=\"aioseo-breadcrumb\">\n\t\t\t<a href=\"https:\/\/www.immo-invest.ch\/fr\/categories\/trends-fr\/\" title=\"Trends\">Trends<\/a>\n\t\t<\/span><span class=\"aioseo-breadcrumb-separator\">&raquo;<\/span><span class=\"aioseo-breadcrumb\">\n\t\t\t<a href=\"https:\/\/www.immo-invest.ch\/fr\/categories\/trends-fr\/durabilite\/\" title=\"Durabilit\u00e9\">Durabilit\u00e9<\/a>\n\t\t<\/span><span class=\"aioseo-breadcrumb-separator\">&raquo;<\/span><span class=\"aioseo-breadcrumb\">\n\t\t\tLe Conseil d\u2019\u00c9tat de Zurich invite \u00e0 la participation publique aux projets d\u2019agglom\u00e9ration de cinqui\u00e8me g\u00e9n\u00e9ration\n\t\t<\/span><\/div>","aioseo_breadcrumb_json":[{"label":"Home","link":"https:\/\/www.immo-invest.ch\/fr\/"},{"label":"Trends","link":"https:\/\/www.immo-invest.ch\/fr\/categories\/trends-fr\/"},{"label":"Durabilit\u00e9","link":"https:\/\/www.immo-invest.ch\/fr\/categories\/trends-fr\/durabilite\/"},{"label":"Le Conseil d&rsquo;\u00c9tat de Zurich invite \u00e0 la participation publique aux projets d&rsquo;agglom\u00e9ration de cinqui\u00e8me g\u00e9n\u00e9ration","link":"https:\/\/www.immo-invest.ch\/fr\/regierungsrat-zuerich-laedt-zur-oeffentlichen-mitwirkung-an-den-agglo-programmen-der-fuenften-generation-ein\/"}],"featured_image_src":"https:\/\/www.immo-invest.ch\/wp-content\/uploads\/2024\/08\/39c232a9-a0bc-4b18-9fd8-d9cdef15ac03-336x168.jpg","_links":{"self":[{"href":"https:\/\/www.immo-invest.ch\/fr\/wp-json\/wp\/v2\/posts\/111105","targetHints":{"allow":["GET"]}}],"collection":[{"href":"https:\/\/www.immo-invest.ch\/fr\/wp-json\/wp\/v2\/posts"}],"about":[{"href":"https:\/\/www.immo-invest.ch\/fr\/wp-json\/wp\/v2\/types\/post"}],"author":[{"embeddable":true,"href":"https:\/\/www.immo-invest.ch\/fr\/wp-json\/wp\/v2\/users\/2"}],"replies":[{"embeddable":true,"href":"https:\/\/www.immo-invest.ch\/fr\/wp-json\/wp\/v2\/comments?post=111105"}],"version-history":[{"count":0,"href":"https:\/\/www.immo-invest.ch\/fr\/wp-json\/wp\/v2\/posts\/111105\/revisions"}],"wp:featuredmedia":[{"embeddable":true,"href":"https:\/\/www.immo-invest.ch\/fr\/wp-json\/wp\/v2\/media\/111041"}],"wp:attachment":[{"href":"https:\/\/www.immo-invest.ch\/fr\/wp-json\/wp\/v2\/media?parent=111105"}],"wp:term":[{"taxonomy":"category","embeddable":true,"href":"https:\/\/www.immo-invest.ch\/fr\/wp-json\/wp\/v2\/categories?post=111105"},{"taxonomy":"post_tag","embeddable":true,"href":"https:\/\/www.immo-invest.ch\/fr\/wp-json\/wp\/v2\/tags?post=111105"}],"curies":[{"name":"wp","href":"https:\/\/api.w.org\/{rel}","templated":true}]}}