{"id":111100,"date":"2024-08-06T13:48:13","date_gmt":"2024-08-06T11:48:13","guid":{"rendered":"https:\/\/www.immo-invest.ch\/kof-konjunkturbarometer-sinkt-im-juli\/"},"modified":"2024-08-06T14:37:24","modified_gmt":"2024-08-06T12:37:24","slug":"kof-konjunkturbarometer-sinkt-im-juli","status":"publish","type":"post","link":"https:\/\/www.immo-invest.ch\/fr\/kof-konjunkturbarometer-sinkt-im-juli\/","title":{"rendered":"Le barom\u00e8tre conjoncturel KOF baisse en juillet"},"content":{"rendered":"<p class=\"wp-block-paragraph\"><strong>Le secteur manufacturier sous pression<br><\/strong>Dans le secteur manufacturier, le carnet de commandes, l&rsquo;utilisation des capacit&eacute;s et l&rsquo;activit&eacute; de production p&egrave;sent particuli&egrave;rement sur l&rsquo;&eacute;volution. En revanche, les stocks et les commandes de produits interm&eacute;diaires ainsi que la situation concurrentielle ont un impact positif. Au sein de l&rsquo;industrie manufacturi&egrave;re, les perspectives sont moins favorables pour le secteur &eacute;lectrique ainsi que pour le bois, le verre, les pierres et la terre et la construction m&eacute;canique. Les perspectives se sont am&eacute;lior&eacute;es dans la m&eacute;tallurgie, le textile et l&rsquo;habillement et le papier et l&rsquo;imprimerie.<\/p>\n\n","protected":false},"excerpt":{"rendered":"<p>En juillet, le barom\u00e8tre conjoncturel du KOF se rapproche de sa valeur moyenne \u00e0 moyen terme et affiche un recul de 1,7 point \u00e0 101,0 points. Cela indique que l&rsquo;\u00e9volution \u00e9conomique en Suisse reste mod\u00e9r\u00e9e. Le recul concerne en particulier la demande \u00e9trang\u00e8re et la demande de consommation, ainsi que les secteurs de l&rsquo;h\u00f4tellerie et de la restauration, de la construction et de l&rsquo;industrie manufacturi\u00e8re. Seul le secteur des finances et des assurances affiche une tendance positive. Au sein de l&rsquo;industrie manufacturi\u00e8re, ce sont surtout les secteurs de l&rsquo;\u00e9lectricit\u00e9, du bois, du verre, de la pierre et de la terre et de la construction m\u00e9canique qui sont touch\u00e9s n\u00e9gativement.<\/p>\n","protected":false},"author":2,"featured_media":111132,"comment_status":"open","ping_status":"open","sticky":false,"template":"","format":"standard","meta":{"pmpro_default_level":"","inline_featured_image":false,"_monsterinsights_skip_tracking":false,"footnotes":""},"categories":[22696,22353,743,22438],"tags":[48821,48822,48823],"class_list":["post-111100","post","type-post","status-publish","format-standard","has-post-thumbnail","hentry","category-entreprise","category-international-fr","category-immonews-fr","category-trends-fr","tag-kapazitaetsauslastung-fr","tag-produktionstaetigkeit-fr","tag-produzierendes-gewerbe-fr","pmpro-has-access"],"acf":{"bild_mit_ki_erstellt_worden":[],"lead":"L'indicateur conjoncturel KOF se rapproche de sa valeur moyenne \u00e0 moyen terme en juillet, enregistrant une baisse de 1,7 point \u00e0 101,0 points. Cela indique un d\u00e9veloppement \u00e9conomique mod\u00e9r\u00e9 en Suisse. La baisse concerne particuli\u00e8rement la demande \u00e9trang\u00e8re et la demande des consommateurs, ainsi que les secteurs de l'h\u00f4tellerie, de la construction et de l'industrie manufacturi\u00e8re. Seul le secteur financier et des assurances montre une tendance positive. Au sein de l'industrie manufacturi\u00e8re, les domaines de l'\u00e9lectricit\u00e9, du bois, du verre, des pierres, des terres et de la construction m\u00e9canique sont particuli\u00e8rement affect\u00e9s n\u00e9gativement.","autor":"Quelle KOF","ort":"","bildunterschrift":"","bild_im_grid":false,"gallerie":"","newsim":""},"aioseo_notices":[],"aioseo_head":"\n\t\t<!-- All in One SEO 5.0.1.1 - aioseo.com -->\n\t<meta name=\"description\" content=\"En juillet, le barom\u00e8tre conjoncturel du KOF se rapproche de sa valeur moyenne \u00e0 moyen terme et affiche un recul de 1,7 point \u00e0 101,0 points. Cela indique que l&#039;\u00e9volution \u00e9conomique en Suisse reste mod\u00e9r\u00e9e. Le recul concerne en particulier la demande \u00e9trang\u00e8re et la demande de consommation, ainsi que les secteurs de l&#039;h\u00f4tellerie et de la restauration, de la construction et de l&#039;industrie manufacturi\u00e8re. Seul le secteur des finances et des assurances affiche une tendance positive. Au sein de l&#039;industrie manufacturi\u00e8re, ce sont surtout les secteurs de l&#039;\u00e9lectricit\u00e9, du bois, du verre, de la pierre et de la terre et de la construction m\u00e9canique qui sont touch\u00e9s n\u00e9gativement.\" \/>\n\t<meta name=\"robots\" content=\"max-image-preview:large\" \/>\n\t<meta name=\"author\" content=\"immovestuser\"\/>\n\t<meta name=\"google-site-verification\" content=\"fHJKvgWpZCR2zVBHWfkQeFXC11qieUSff0HGNYfuyLA\" \/>\n\t<link rel=\"canonical\" href=\"https:\/\/www.immo-invest.ch\/fr\/kof-konjunkturbarometer-sinkt-im-juli\/\" \/>\n\t<meta name=\"generator\" content=\"All in One SEO (AIOSEO) 5.0.1.1\" \/>\n\t\t<meta property=\"og:locale\" content=\"fr_FR\" \/>\n\t\t<meta property=\"og:site_name\" content=\"immo!nvest - Die Plattform f\u00fcr Standorte und Immobilien - Die\u00a0Plattform f\u00fcr Standorte und Immobilien\" \/>\n\t\t<meta property=\"og:type\" content=\"article\" \/>\n\t\t<meta property=\"og:title\" content=\"Le barom\u00e8tre conjoncturel KOF baisse en juillet - immo!nvest - Die Plattform f\u00fcr Standorte und Immobilien\" \/>\n\t\t<meta property=\"og:description\" content=\"En juillet, le barom\u00e8tre conjoncturel du KOF se rapproche de sa valeur moyenne \u00e0 moyen terme et affiche un recul de 1,7 point \u00e0 101,0 points. Cela indique que l&#039;\u00e9volution \u00e9conomique en Suisse reste mod\u00e9r\u00e9e. Le recul concerne en particulier la demande \u00e9trang\u00e8re et la demande de consommation, ainsi que les secteurs de l&#039;h\u00f4tellerie et de la restauration, de la construction et de l&#039;industrie manufacturi\u00e8re. Seul le secteur des finances et des assurances affiche une tendance positive. Au sein de l&#039;industrie manufacturi\u00e8re, ce sont surtout les secteurs de l&#039;\u00e9lectricit\u00e9, du bois, du verre, de la pierre et de la terre et de la construction m\u00e9canique qui sont touch\u00e9s n\u00e9gativement.\" \/>\n\t\t<meta property=\"og:url\" content=\"https:\/\/www.immo-invest.ch\/fr\/kof-konjunkturbarometer-sinkt-im-juli\/\" \/>\n\t\t<meta property=\"og:image\" content=\"https:\/\/www.immo-invest.ch\/wp-content\/uploads\/2024\/08\/kof.ethz_.ch_rechteck.png\" \/>\n\t\t<meta property=\"og:image:secure_url\" content=\"https:\/\/www.immo-invest.ch\/wp-content\/uploads\/2024\/08\/kof.ethz_.ch_rechteck.png\" \/>\n\t\t<meta property=\"og:image:width\" content=\"1175\" \/>\n\t\t<meta property=\"og:image:height\" content=\"587\" \/>\n\t\t<meta property=\"article:published_time\" content=\"2024-08-06T11:48:13+00:00\" \/>\n\t\t<meta property=\"article:modified_time\" content=\"2024-08-06T12:37:24+00:00\" \/>\n\t\t<meta property=\"article:publisher\" content=\"https:\/\/www.facebook.com\/people\/Immoinvest\/100077962920504\/\" \/>\n\t\t<meta name=\"twitter:card\" content=\"summary_large_image\" \/>\n\t\t<meta name=\"twitter:site\" content=\"@i\" \/>\n\t\t<meta name=\"twitter:title\" content=\"Le barom\u00e8tre conjoncturel KOF baisse en juillet - immo!nvest - Die Plattform f\u00fcr Standorte und Immobilien\" \/>\n\t\t<meta name=\"twitter:description\" content=\"En juillet, le barom\u00e8tre conjoncturel du KOF se rapproche de sa valeur moyenne \u00e0 moyen terme et affiche un recul de 1,7 point \u00e0 101,0 points. Cela indique que l&#039;\u00e9volution \u00e9conomique en Suisse reste mod\u00e9r\u00e9e. Le recul concerne en particulier la demande \u00e9trang\u00e8re et la demande de consommation, ainsi que les secteurs de l&#039;h\u00f4tellerie et de la restauration, de la construction et de l&#039;industrie manufacturi\u00e8re. Seul le secteur des finances et des assurances affiche une tendance positive. Au sein de l&#039;industrie manufacturi\u00e8re, ce sont surtout les secteurs de l&#039;\u00e9lectricit\u00e9, du bois, du verre, de la pierre et de la terre et de la construction m\u00e9canique qui sont touch\u00e9s n\u00e9gativement.\" \/>\n\t\t<meta name=\"twitter:creator\" content=\"@i\" \/>\n\t\t<meta name=\"twitter:image\" content=\"https:\/\/www.immo-invest.ch\/wp-content\/uploads\/2024\/08\/kof.ethz_.ch_rechteck.png\" \/>\n\t\t<script type=\"application\/ld+json\" class=\"aioseo-schema\">\n\t\t\t{\"@context\":\"https:\\\/\\\/schema.org\",\"@graph\":[{\"@type\":\"BlogPosting\",\"@id\":\"https:\\\/\\\/www.immo-invest.ch\\\/fr\\\/kof-konjunkturbarometer-sinkt-im-juli\\\/#blogposting\",\"name\":\"Le barom\\u00e8tre conjoncturel KOF baisse en juillet - immo!nvest - Die Plattform f\\u00fcr Standorte und Immobilien\",\"headline\":\"Le barom\\u00e8tre conjoncturel KOF baisse en juillet\",\"author\":{\"@id\":\"https:\\\/\\\/www.immo-invest.ch\\\/fr\\\/author\\\/immovestuser\\\/#author\"},\"publisher\":{\"@id\":\"https:\\\/\\\/www.immo-invest.ch\\\/fr\\\/#organization\"},\"image\":{\"@type\":\"ImageObject\",\"url\":\"https:\\\/\\\/www.immo-invest.ch\\\/wp-content\\\/uploads\\\/2024\\\/08\\\/kof.ethz_.ch_rechteck.png\",\"width\":1175,\"height\":587,\"caption\":\"https:\\\/\\\/kof.ethz.ch\\\/utils\\\/suche.html?q=medienmitteilung&language=de&site=currentSiteOnly&type=news&p=1\"},\"datePublished\":\"2024-08-06T13:48:13+02:00\",\"dateModified\":\"2024-08-06T14:37:24+02:00\",\"inLanguage\":\"fr-FR\",\"mainEntityOfPage\":{\"@id\":\"https:\\\/\\\/www.immo-invest.ch\\\/fr\\\/kof-konjunkturbarometer-sinkt-im-juli\\\/#webpage\"},\"isPartOf\":{\"@id\":\"https:\\\/\\\/www.immo-invest.ch\\\/fr\\\/kof-konjunkturbarometer-sinkt-im-juli\\\/#webpage\"},\"articleSection\":\"Entreprise, Global, immoNews, Trends, Kapazit\\u00e4tsauslastung, Produktionst\\u00e4tigkeit, produzierendes Gewerbe, Facultatif\"},{\"@type\":\"BreadcrumbList\",\"@id\":\"https:\\\/\\\/www.immo-invest.ch\\\/fr\\\/kof-konjunkturbarometer-sinkt-im-juli\\\/#breadcrumblist\",\"itemListElement\":[{\"@type\":\"ListItem\",\"@id\":\"https:\\\/\\\/www.immo-invest.ch\\\/fr\\\/#listItem\",\"position\":1,\"name\":\"Home\",\"item\":\"https:\\\/\\\/www.immo-invest.ch\\\/fr\\\/\",\"nextItem\":{\"@type\":\"ListItem\",\"@id\":\"https:\\\/\\\/www.immo-invest.ch\\\/fr\\\/categories\\\/regions\\\/#listItem\",\"name\":\"R\\u00e9gions\"}},{\"@type\":\"ListItem\",\"@id\":\"https:\\\/\\\/www.immo-invest.ch\\\/fr\\\/categories\\\/regions\\\/#listItem\",\"position\":2,\"name\":\"R\\u00e9gions\",\"item\":\"https:\\\/\\\/www.immo-invest.ch\\\/fr\\\/categories\\\/regions\\\/\",\"nextItem\":{\"@type\":\"ListItem\",\"@id\":\"https:\\\/\\\/www.immo-invest.ch\\\/fr\\\/categories\\\/regions\\\/international\\\/#listItem\",\"name\":\"International\"},\"previousItem\":{\"@type\":\"ListItem\",\"@id\":\"https:\\\/\\\/www.immo-invest.ch\\\/fr\\\/#listItem\",\"name\":\"Home\"}},{\"@type\":\"ListItem\",\"@id\":\"https:\\\/\\\/www.immo-invest.ch\\\/fr\\\/categories\\\/regions\\\/international\\\/#listItem\",\"position\":3,\"name\":\"International\",\"item\":\"https:\\\/\\\/www.immo-invest.ch\\\/fr\\\/categories\\\/regions\\\/international\\\/\",\"nextItem\":{\"@type\":\"ListItem\",\"@id\":\"https:\\\/\\\/www.immo-invest.ch\\\/fr\\\/categories\\\/regions\\\/international\\\/international-fr\\\/#listItem\",\"name\":\"Global\"},\"previousItem\":{\"@type\":\"ListItem\",\"@id\":\"https:\\\/\\\/www.immo-invest.ch\\\/fr\\\/categories\\\/regions\\\/#listItem\",\"name\":\"R\\u00e9gions\"}},{\"@type\":\"ListItem\",\"@id\":\"https:\\\/\\\/www.immo-invest.ch\\\/fr\\\/categories\\\/regions\\\/international\\\/international-fr\\\/#listItem\",\"position\":4,\"name\":\"Global\",\"item\":\"https:\\\/\\\/www.immo-invest.ch\\\/fr\\\/categories\\\/regions\\\/international\\\/international-fr\\\/\",\"nextItem\":{\"@type\":\"ListItem\",\"@id\":\"https:\\\/\\\/www.immo-invest.ch\\\/fr\\\/kof-konjunkturbarometer-sinkt-im-juli\\\/#listItem\",\"name\":\"Le barom\\u00e8tre conjoncturel KOF baisse en juillet\"},\"previousItem\":{\"@type\":\"ListItem\",\"@id\":\"https:\\\/\\\/www.immo-invest.ch\\\/fr\\\/categories\\\/regions\\\/international\\\/#listItem\",\"name\":\"International\"}},{\"@type\":\"ListItem\",\"@id\":\"https:\\\/\\\/www.immo-invest.ch\\\/fr\\\/kof-konjunkturbarometer-sinkt-im-juli\\\/#listItem\",\"position\":5,\"name\":\"Le barom\\u00e8tre conjoncturel KOF baisse en juillet\",\"previousItem\":{\"@type\":\"ListItem\",\"@id\":\"https:\\\/\\\/www.immo-invest.ch\\\/fr\\\/categories\\\/regions\\\/international\\\/international-fr\\\/#listItem\",\"name\":\"Global\"}}]},{\"@type\":\"Organization\",\"@id\":\"https:\\\/\\\/www.immo-invest.ch\\\/fr\\\/#organization\",\"name\":\"immo!nvest - Die Plattform f\\u00fcr Standorte und Immobilien\",\"description\":\"Die\\u00a0Plattform f\\u00fcr Standorte und Immobilien\",\"url\":\"https:\\\/\\\/www.immo-invest.ch\\\/fr\\\/\",\"email\":\"admin@immomedia.ag\",\"telephone\":\"+41444420002\",\"logo\":{\"@type\":\"ImageObject\",\"url\":\"https:\\\/\\\/www.immo-invest.ch\\\/wp-content\\\/uploads\\\/2024\\\/09\\\/immoinvest_sm-scaled.jpg\",\"@id\":\"https:\\\/\\\/www.immo-invest.ch\\\/fr\\\/kof-konjunkturbarometer-sinkt-im-juli\\\/#organizationLogo\",\"width\":2560,\"height\":1340},\"image\":{\"@id\":\"https:\\\/\\\/www.immo-invest.ch\\\/fr\\\/kof-konjunkturbarometer-sinkt-im-juli\\\/#organizationLogo\"},\"sameAs\":[\"https:\\\/\\\/www.facebook.com\\\/people\\\/Immoinvest\\\/100077962920504\\\/\",\"https:\\\/\\\/x.com\\\/i\\\/flow\\\/login?redirect_after_login=immoinvest_ch\",\"https:\\\/\\\/www.instagram.com\\\/immoinvest_ch\\\/\",\"https:\\\/\\\/www.linkedin.com\\\/company\\\/immoinvest-swiss\"]},{\"@type\":\"Person\",\"@id\":\"https:\\\/\\\/www.immo-invest.ch\\\/fr\\\/author\\\/immovestuser\\\/#author\",\"url\":\"https:\\\/\\\/www.immo-invest.ch\\\/fr\\\/author\\\/immovestuser\\\/\",\"name\":\"immovestuser\",\"image\":{\"@type\":\"ImageObject\",\"@id\":\"https:\\\/\\\/www.immo-invest.ch\\\/fr\\\/kof-konjunkturbarometer-sinkt-im-juli\\\/#authorImage\",\"url\":\"https:\\\/\\\/secure.gravatar.com\\\/avatar\\\/8e01f4d99f2eeea7a362ebb93305e1172a70e9293ba250f897a65c39f54cdd1e?s=96&d=mm&r=g\",\"width\":96,\"height\":96,\"caption\":\"immovestuser\"}},{\"@type\":\"WebPage\",\"@id\":\"https:\\\/\\\/www.immo-invest.ch\\\/fr\\\/kof-konjunkturbarometer-sinkt-im-juli\\\/#webpage\",\"url\":\"https:\\\/\\\/www.immo-invest.ch\\\/fr\\\/kof-konjunkturbarometer-sinkt-im-juli\\\/\",\"name\":\"Le barom\\u00e8tre conjoncturel KOF baisse en juillet - immo!nvest - Die Plattform f\\u00fcr Standorte und Immobilien\",\"description\":\"En juillet, le barom\\u00e8tre conjoncturel du KOF se rapproche de sa valeur moyenne \\u00e0 moyen terme et affiche un recul de 1,7 point \\u00e0 101,0 points. Cela indique que l'\\u00e9volution \\u00e9conomique en Suisse reste mod\\u00e9r\\u00e9e. Le recul concerne en particulier la demande \\u00e9trang\\u00e8re et la demande de consommation, ainsi que les secteurs de l'h\\u00f4tellerie et de la restauration, de la construction et de l'industrie manufacturi\\u00e8re. Seul le secteur des finances et des assurances affiche une tendance positive. Au sein de l'industrie manufacturi\\u00e8re, ce sont surtout les secteurs de l'\\u00e9lectricit\\u00e9, du bois, du verre, de la pierre et de la terre et de la construction m\\u00e9canique qui sont touch\\u00e9s n\\u00e9gativement.\",\"inLanguage\":\"fr-FR\",\"isPartOf\":{\"@id\":\"https:\\\/\\\/www.immo-invest.ch\\\/fr\\\/#website\"},\"breadcrumb\":{\"@id\":\"https:\\\/\\\/www.immo-invest.ch\\\/fr\\\/kof-konjunkturbarometer-sinkt-im-juli\\\/#breadcrumblist\"},\"author\":{\"@id\":\"https:\\\/\\\/www.immo-invest.ch\\\/fr\\\/author\\\/immovestuser\\\/#author\"},\"creator\":{\"@id\":\"https:\\\/\\\/www.immo-invest.ch\\\/fr\\\/author\\\/immovestuser\\\/#author\"},\"image\":{\"@type\":\"ImageObject\",\"url\":\"https:\\\/\\\/www.immo-invest.ch\\\/wp-content\\\/uploads\\\/2024\\\/08\\\/kof.ethz_.ch_rechteck.png\",\"@id\":\"https:\\\/\\\/www.immo-invest.ch\\\/fr\\\/kof-konjunkturbarometer-sinkt-im-juli\\\/#mainImage\",\"width\":1175,\"height\":587,\"caption\":\"https:\\\/\\\/kof.ethz.ch\\\/utils\\\/suche.html?q=medienmitteilung&language=de&site=currentSiteOnly&type=news&p=1\"},\"primaryImageOfPage\":{\"@id\":\"https:\\\/\\\/www.immo-invest.ch\\\/fr\\\/kof-konjunkturbarometer-sinkt-im-juli\\\/#mainImage\"},\"datePublished\":\"2024-08-06T13:48:13+02:00\",\"dateModified\":\"2024-08-06T14:37:24+02:00\"},{\"@type\":\"WebSite\",\"@id\":\"https:\\\/\\\/www.immo-invest.ch\\\/fr\\\/#website\",\"url\":\"https:\\\/\\\/www.immo-invest.ch\\\/fr\\\/\",\"name\":\"immo!nvest - Die Plattform f\\u00fcr Standorte und Immobilien\",\"description\":\"Die\\u00a0Plattform f\\u00fcr Standorte und Immobilien\",\"inLanguage\":\"fr-FR\",\"publisher\":{\"@id\":\"https:\\\/\\\/www.immo-invest.ch\\\/fr\\\/#organization\"}}]}\n\t\t<\/script>\n\t\t<!-- All in One SEO -->\n\n","aioseo_head_json":{"title":"Le barom\u00e8tre conjoncturel KOF baisse en juillet - immo!nvest - Die Plattform f\u00fcr Standorte und Immobilien","description":"En juillet, le barom\u00e8tre conjoncturel du KOF se rapproche de sa valeur moyenne \u00e0 moyen terme et affiche un recul de 1,7 point \u00e0 101,0 points. Cela indique que l'\u00e9volution \u00e9conomique en Suisse reste mod\u00e9r\u00e9e. Le recul concerne en particulier la demande \u00e9trang\u00e8re et la demande de consommation, ainsi que les secteurs de l'h\u00f4tellerie et de la restauration, de la construction et de l'industrie manufacturi\u00e8re. Seul le secteur des finances et des assurances affiche une tendance positive. Au sein de l'industrie manufacturi\u00e8re, ce sont surtout les secteurs de l'\u00e9lectricit\u00e9, du bois, du verre, de la pierre et de la terre et de la construction m\u00e9canique qui sont touch\u00e9s n\u00e9gativement.","canonical_url":"https:\/\/www.immo-invest.ch\/fr\/kof-konjunkturbarometer-sinkt-im-juli\/","robots":"max-image-preview:large","keywords":"","webmasterTools":{"google-site-verification":"fHJKvgWpZCR2zVBHWfkQeFXC11qieUSff0HGNYfuyLA","miscellaneous":""},"schema":{"@context":"https:\/\/schema.org","@graph":[{"@type":"BlogPosting","@id":"https:\/\/www.immo-invest.ch\/fr\/kof-konjunkturbarometer-sinkt-im-juli\/#blogposting","name":"Le barom\u00e8tre conjoncturel KOF baisse en juillet - immo!nvest - Die Plattform f\u00fcr Standorte und Immobilien","headline":"Le barom\u00e8tre conjoncturel KOF baisse en juillet","author":{"@id":"https:\/\/www.immo-invest.ch\/fr\/author\/immovestuser\/#author"},"publisher":{"@id":"https:\/\/www.immo-invest.ch\/fr\/#organization"},"image":{"@type":"ImageObject","url":"https:\/\/www.immo-invest.ch\/wp-content\/uploads\/2024\/08\/kof.ethz_.ch_rechteck.png","width":1175,"height":587,"caption":"https:\/\/kof.ethz.ch\/utils\/suche.html?q=medienmitteilung&language=de&site=currentSiteOnly&type=news&p=1"},"datePublished":"2024-08-06T13:48:13+02:00","dateModified":"2024-08-06T14:37:24+02:00","inLanguage":"fr-FR","mainEntityOfPage":{"@id":"https:\/\/www.immo-invest.ch\/fr\/kof-konjunkturbarometer-sinkt-im-juli\/#webpage"},"isPartOf":{"@id":"https:\/\/www.immo-invest.ch\/fr\/kof-konjunkturbarometer-sinkt-im-juli\/#webpage"},"articleSection":"Entreprise, Global, immoNews, Trends, Kapazit\u00e4tsauslastung, Produktionst\u00e4tigkeit, produzierendes Gewerbe, Facultatif"},{"@type":"BreadcrumbList","@id":"https:\/\/www.immo-invest.ch\/fr\/kof-konjunkturbarometer-sinkt-im-juli\/#breadcrumblist","itemListElement":[{"@type":"ListItem","@id":"https:\/\/www.immo-invest.ch\/fr\/#listItem","position":1,"name":"Home","item":"https:\/\/www.immo-invest.ch\/fr\/","nextItem":{"@type":"ListItem","@id":"https:\/\/www.immo-invest.ch\/fr\/categories\/regions\/#listItem","name":"R\u00e9gions"}},{"@type":"ListItem","@id":"https:\/\/www.immo-invest.ch\/fr\/categories\/regions\/#listItem","position":2,"name":"R\u00e9gions","item":"https:\/\/www.immo-invest.ch\/fr\/categories\/regions\/","nextItem":{"@type":"ListItem","@id":"https:\/\/www.immo-invest.ch\/fr\/categories\/regions\/international\/#listItem","name":"International"},"previousItem":{"@type":"ListItem","@id":"https:\/\/www.immo-invest.ch\/fr\/#listItem","name":"Home"}},{"@type":"ListItem","@id":"https:\/\/www.immo-invest.ch\/fr\/categories\/regions\/international\/#listItem","position":3,"name":"International","item":"https:\/\/www.immo-invest.ch\/fr\/categories\/regions\/international\/","nextItem":{"@type":"ListItem","@id":"https:\/\/www.immo-invest.ch\/fr\/categories\/regions\/international\/international-fr\/#listItem","name":"Global"},"previousItem":{"@type":"ListItem","@id":"https:\/\/www.immo-invest.ch\/fr\/categories\/regions\/#listItem","name":"R\u00e9gions"}},{"@type":"ListItem","@id":"https:\/\/www.immo-invest.ch\/fr\/categories\/regions\/international\/international-fr\/#listItem","position":4,"name":"Global","item":"https:\/\/www.immo-invest.ch\/fr\/categories\/regions\/international\/international-fr\/","nextItem":{"@type":"ListItem","@id":"https:\/\/www.immo-invest.ch\/fr\/kof-konjunkturbarometer-sinkt-im-juli\/#listItem","name":"Le barom\u00e8tre conjoncturel KOF baisse en juillet"},"previousItem":{"@type":"ListItem","@id":"https:\/\/www.immo-invest.ch\/fr\/categories\/regions\/international\/#listItem","name":"International"}},{"@type":"ListItem","@id":"https:\/\/www.immo-invest.ch\/fr\/kof-konjunkturbarometer-sinkt-im-juli\/#listItem","position":5,"name":"Le barom\u00e8tre conjoncturel KOF baisse en juillet","previousItem":{"@type":"ListItem","@id":"https:\/\/www.immo-invest.ch\/fr\/categories\/regions\/international\/international-fr\/#listItem","name":"Global"}}]},{"@type":"Organization","@id":"https:\/\/www.immo-invest.ch\/fr\/#organization","name":"immo!nvest - Die Plattform f\u00fcr Standorte und Immobilien","description":"Die\u00a0Plattform f\u00fcr Standorte und Immobilien","url":"https:\/\/www.immo-invest.ch\/fr\/","email":"admin@immomedia.ag","telephone":"+41444420002","logo":{"@type":"ImageObject","url":"https:\/\/www.immo-invest.ch\/wp-content\/uploads\/2024\/09\/immoinvest_sm-scaled.jpg","@id":"https:\/\/www.immo-invest.ch\/fr\/kof-konjunkturbarometer-sinkt-im-juli\/#organizationLogo","width":2560,"height":1340},"image":{"@id":"https:\/\/www.immo-invest.ch\/fr\/kof-konjunkturbarometer-sinkt-im-juli\/#organizationLogo"},"sameAs":["https:\/\/www.facebook.com\/people\/Immoinvest\/100077962920504\/","https:\/\/x.com\/i\/flow\/login?redirect_after_login=immoinvest_ch","https:\/\/www.instagram.com\/immoinvest_ch\/","https:\/\/www.linkedin.com\/company\/immoinvest-swiss"]},{"@type":"Person","@id":"https:\/\/www.immo-invest.ch\/fr\/author\/immovestuser\/#author","url":"https:\/\/www.immo-invest.ch\/fr\/author\/immovestuser\/","name":"immovestuser","image":{"@type":"ImageObject","@id":"https:\/\/www.immo-invest.ch\/fr\/kof-konjunkturbarometer-sinkt-im-juli\/#authorImage","url":"https:\/\/secure.gravatar.com\/avatar\/8e01f4d99f2eeea7a362ebb93305e1172a70e9293ba250f897a65c39f54cdd1e?s=96&d=mm&r=g","width":96,"height":96,"caption":"immovestuser"}},{"@type":"WebPage","@id":"https:\/\/www.immo-invest.ch\/fr\/kof-konjunkturbarometer-sinkt-im-juli\/#webpage","url":"https:\/\/www.immo-invest.ch\/fr\/kof-konjunkturbarometer-sinkt-im-juli\/","name":"Le barom\u00e8tre conjoncturel KOF baisse en juillet - immo!nvest - Die Plattform f\u00fcr Standorte und Immobilien","description":"En juillet, le barom\u00e8tre conjoncturel du KOF se rapproche de sa valeur moyenne \u00e0 moyen terme et affiche un recul de 1,7 point \u00e0 101,0 points. Cela indique que l'\u00e9volution \u00e9conomique en Suisse reste mod\u00e9r\u00e9e. Le recul concerne en particulier la demande \u00e9trang\u00e8re et la demande de consommation, ainsi que les secteurs de l'h\u00f4tellerie et de la restauration, de la construction et de l'industrie manufacturi\u00e8re. Seul le secteur des finances et des assurances affiche une tendance positive. Au sein de l'industrie manufacturi\u00e8re, ce sont surtout les secteurs de l'\u00e9lectricit\u00e9, du bois, du verre, de la pierre et de la terre et de la construction m\u00e9canique qui sont touch\u00e9s n\u00e9gativement.","inLanguage":"fr-FR","isPartOf":{"@id":"https:\/\/www.immo-invest.ch\/fr\/#website"},"breadcrumb":{"@id":"https:\/\/www.immo-invest.ch\/fr\/kof-konjunkturbarometer-sinkt-im-juli\/#breadcrumblist"},"author":{"@id":"https:\/\/www.immo-invest.ch\/fr\/author\/immovestuser\/#author"},"creator":{"@id":"https:\/\/www.immo-invest.ch\/fr\/author\/immovestuser\/#author"},"image":{"@type":"ImageObject","url":"https:\/\/www.immo-invest.ch\/wp-content\/uploads\/2024\/08\/kof.ethz_.ch_rechteck.png","@id":"https:\/\/www.immo-invest.ch\/fr\/kof-konjunkturbarometer-sinkt-im-juli\/#mainImage","width":1175,"height":587,"caption":"https:\/\/kof.ethz.ch\/utils\/suche.html?q=medienmitteilung&language=de&site=currentSiteOnly&type=news&p=1"},"primaryImageOfPage":{"@id":"https:\/\/www.immo-invest.ch\/fr\/kof-konjunkturbarometer-sinkt-im-juli\/#mainImage"},"datePublished":"2024-08-06T13:48:13+02:00","dateModified":"2024-08-06T14:37:24+02:00"},{"@type":"WebSite","@id":"https:\/\/www.immo-invest.ch\/fr\/#website","url":"https:\/\/www.immo-invest.ch\/fr\/","name":"immo!nvest - Die Plattform f\u00fcr Standorte und Immobilien","description":"Die\u00a0Plattform f\u00fcr Standorte und Immobilien","inLanguage":"fr-FR","publisher":{"@id":"https:\/\/www.immo-invest.ch\/fr\/#organization"}}]},"og:locale":"fr_FR","og:site_name":"immo!nvest - Die Plattform f\u00fcr Standorte und Immobilien - Die\u00a0Plattform f\u00fcr Standorte und Immobilien","og:type":"article","og:title":"Le barom\u00e8tre conjoncturel KOF baisse en juillet - immo!nvest - Die Plattform f\u00fcr Standorte und Immobilien","og:description":"En juillet, le barom\u00e8tre conjoncturel du KOF se rapproche de sa valeur moyenne \u00e0 moyen terme et affiche un recul de 1,7 point \u00e0 101,0 points. Cela indique que l'\u00e9volution \u00e9conomique en Suisse reste mod\u00e9r\u00e9e. Le recul concerne en particulier la demande \u00e9trang\u00e8re et la demande de consommation, ainsi que les secteurs de l'h\u00f4tellerie et de la restauration, de la construction et de l'industrie manufacturi\u00e8re. Seul le secteur des finances et des assurances affiche une tendance positive. Au sein de l'industrie manufacturi\u00e8re, ce sont surtout les secteurs de l'\u00e9lectricit\u00e9, du bois, du verre, de la pierre et de la terre et de la construction m\u00e9canique qui sont touch\u00e9s n\u00e9gativement.","og:url":"https:\/\/www.immo-invest.ch\/fr\/kof-konjunkturbarometer-sinkt-im-juli\/","og:image":"https:\/\/www.immo-invest.ch\/wp-content\/uploads\/2024\/08\/kof.ethz_.ch_rechteck.png","og:image:secure_url":"https:\/\/www.immo-invest.ch\/wp-content\/uploads\/2024\/08\/kof.ethz_.ch_rechteck.png","og:image:width":1175,"og:image:height":587,"article:published_time":"2024-08-06T11:48:13+00:00","article:modified_time":"2024-08-06T12:37:24+00:00","article:publisher":"https:\/\/www.facebook.com\/people\/Immoinvest\/100077962920504\/","twitter:card":"summary_large_image","twitter:site":"@i","twitter:title":"Le barom\u00e8tre conjoncturel KOF baisse en juillet - immo!nvest - Die Plattform f\u00fcr Standorte und Immobilien","twitter:description":"En juillet, le barom\u00e8tre conjoncturel du KOF se rapproche de sa valeur moyenne \u00e0 moyen terme et affiche un recul de 1,7 point \u00e0 101,0 points. Cela indique que l'\u00e9volution \u00e9conomique en Suisse reste mod\u00e9r\u00e9e. Le recul concerne en particulier la demande \u00e9trang\u00e8re et la demande de consommation, ainsi que les secteurs de l'h\u00f4tellerie et de la restauration, de la construction et de l'industrie manufacturi\u00e8re. Seul le secteur des finances et des assurances affiche une tendance positive. Au sein de l'industrie manufacturi\u00e8re, ce sont surtout les secteurs de l'\u00e9lectricit\u00e9, du bois, du verre, de la pierre et de la terre et de la construction m\u00e9canique qui sont touch\u00e9s n\u00e9gativement.","twitter:creator":"@i","twitter:image":"https:\/\/www.immo-invest.ch\/wp-content\/uploads\/2024\/08\/kof.ethz_.ch_rechteck.png"},"aioseo_meta_data":{"post_id":"111100","title":null,"description":null,"keywords":null,"keyphrases":null,"primary_term":null,"canonical_url":null,"og_title":null,"og_description":null,"og_object_type":"default","og_image_type":"default","og_image_url":null,"og_image_width":null,"og_image_height":null,"og_image_custom_url":null,"og_image_custom_fields":null,"og_video":null,"og_custom_url":null,"og_article_section":null,"og_article_tags":null,"twitter_use_og":false,"twitter_card":"default","twitter_image_type":"default","twitter_image_url":null,"twitter_image_custom_url":null,"twitter_image_custom_fields":null,"twitter_title":null,"twitter_description":null,"schema":{"blockGraphs":[],"customGraphs":[],"default":{"data":{"Article":[],"Course":[],"Dataset":[],"FAQPage":[],"Movie":[],"Person":[],"Product":[],"ProductReview":[],"Car":[],"Recipe":[],"Service":[],"SoftwareApplication":[],"WebPage":[]},"graphName":"","isEnabled":true},"graphs":[]},"schema_type":"default","schema_type_options":null,"pillar_content":false,"robots_default":true,"robots_noindex":false,"robots_noarchive":false,"robots_nosnippet":false,"robots_nofollow":false,"robots_noimageindex":false,"robots_noodp":false,"robots_notranslate":false,"robots_max_snippet":null,"robots_max_videopreview":null,"robots_max_imagepreview":"large","priority":null,"frequency":null,"local_seo":null,"breadcrumb_settings":null,"limit_modified_date":false,"ai":null,"created":"2024-09-21 00:35:58","updated":"2025-10-24 06:56:07","seo_analyzer_scan_date":null,"focus_keyword":null,"additional_keywords":null,"truseo_locale":null},"aioseo_breadcrumb":"<div class=\"aioseo-breadcrumbs\"><span class=\"aioseo-breadcrumb\">\n\t\t\t<a href=\"https:\/\/www.immo-invest.ch\/fr\/\" title=\"Home\">Home<\/a>\n\t\t<\/span><span class=\"aioseo-breadcrumb-separator\">&raquo;<\/span><span class=\"aioseo-breadcrumb\">\n\t\t\t<a href=\"https:\/\/www.immo-invest.ch\/fr\/categories\/regions\/\" title=\"R\u00e9gions\">R\u00e9gions<\/a>\n\t\t<\/span><span class=\"aioseo-breadcrumb-separator\">&raquo;<\/span><span class=\"aioseo-breadcrumb\">\n\t\t\t<a href=\"https:\/\/www.immo-invest.ch\/fr\/categories\/regions\/international\/\" title=\"International\">International<\/a>\n\t\t<\/span><span class=\"aioseo-breadcrumb-separator\">&raquo;<\/span><span class=\"aioseo-breadcrumb\">\n\t\t\t<a href=\"https:\/\/www.immo-invest.ch\/fr\/categories\/regions\/international\/international-fr\/\" title=\"Global\">Global<\/a>\n\t\t<\/span><span class=\"aioseo-breadcrumb-separator\">&raquo;<\/span><span class=\"aioseo-breadcrumb\">\n\t\t\tLe barom\u00e8tre conjoncturel KOF baisse en juillet\n\t\t<\/span><\/div>","aioseo_breadcrumb_json":[{"label":"Home","link":"https:\/\/www.immo-invest.ch\/fr\/"},{"label":"R\u00e9gions","link":"https:\/\/www.immo-invest.ch\/fr\/categories\/regions\/"},{"label":"International","link":"https:\/\/www.immo-invest.ch\/fr\/categories\/regions\/international\/"},{"label":"Global","link":"https:\/\/www.immo-invest.ch\/fr\/categories\/regions\/international\/international-fr\/"},{"label":"Le barom\u00e8tre conjoncturel KOF baisse en juillet","link":"https:\/\/www.immo-invest.ch\/fr\/kof-konjunkturbarometer-sinkt-im-juli\/"}],"featured_image_src":"https:\/\/www.immo-invest.ch\/wp-content\/uploads\/2024\/08\/kof.ethz_.ch_rechteck-336x168.png","_links":{"self":[{"href":"https:\/\/www.immo-invest.ch\/fr\/wp-json\/wp\/v2\/posts\/111100","targetHints":{"allow":["GET"]}}],"collection":[{"href":"https:\/\/www.immo-invest.ch\/fr\/wp-json\/wp\/v2\/posts"}],"about":[{"href":"https:\/\/www.immo-invest.ch\/fr\/wp-json\/wp\/v2\/types\/post"}],"author":[{"embeddable":true,"href":"https:\/\/www.immo-invest.ch\/fr\/wp-json\/wp\/v2\/users\/2"}],"replies":[{"embeddable":true,"href":"https:\/\/www.immo-invest.ch\/fr\/wp-json\/wp\/v2\/comments?post=111100"}],"version-history":[{"count":0,"href":"https:\/\/www.immo-invest.ch\/fr\/wp-json\/wp\/v2\/posts\/111100\/revisions"}],"wp:featuredmedia":[{"embeddable":true,"href":"https:\/\/www.immo-invest.ch\/fr\/wp-json\/wp\/v2\/media\/111132"}],"wp:attachment":[{"href":"https:\/\/www.immo-invest.ch\/fr\/wp-json\/wp\/v2\/media?parent=111100"}],"wp:term":[{"taxonomy":"category","embeddable":true,"href":"https:\/\/www.immo-invest.ch\/fr\/wp-json\/wp\/v2\/categories?post=111100"},{"taxonomy":"post_tag","embeddable":true,"href":"https:\/\/www.immo-invest.ch\/fr\/wp-json\/wp\/v2\/tags?post=111100"}],"curies":[{"name":"wp","href":"https:\/\/api.w.org\/{rel}","templated":true}]}}