{"id":110669,"date":"2024-07-19T11:51:17","date_gmt":"2024-07-19T09:51:17","guid":{"rendered":"https:\/\/www.immo-invest.ch\/schweizer-geburtenrate-auf-historischem-tiefstand\/"},"modified":"2024-07-19T12:36:37","modified_gmt":"2024-07-19T10:36:37","slug":"schweizer-geburtenrate-auf-historischem-tiefstand","status":"publish","type":"post","link":"https:\/\/www.immo-invest.ch\/fr\/schweizer-geburtenrate-auf-historischem-tiefstand\/","title":{"rendered":"Le taux de natalit\u00e9 suisse \u00e0 un niveau historiquement bas"},"content":{"rendered":"<p class=\"wp-block-paragraph\">L&rsquo;Office f&eacute;d&eacute;ral de la statistique a publi&eacute; les chiffres du mouvement naturel de la population en Suisse pour l&rsquo;ann&eacute;e 2023. Le nombre de naissances a atteint un niveau historiquement bas. Entre 2021 et 2023, le nombre de naissances vivantes a chut&eacute; de plus de 10% pour atteindre 80&rsquo;024 naissances. L&rsquo;accroissement naturel de la population n&rsquo;&eacute;tait plus que de 8 200 personnes, soit environ la moiti&eacute; de la moyenne des dix derni&egrave;res ann&eacute;es. L&rsquo;indice synth&eacute;tique de f&eacute;condit&eacute; a atteint 1,33, une valeur sans pr&eacute;c&eacute;dent en Suisse.<\/p>\n\n\n\n\n\n<p class=\"wp-block-paragraph\"><strong>Evolution des naissances : analyse d&eacute;taill&eacute;e<br><\/strong>La baisse concerne aussi bien les enfants de nationalit&eacute; suisse que ceux de nationalit&eacute; &eacute;trang&egrave;re. Les naissances d&rsquo;enfants suisses ont diminu&eacute; de 8 % et celles d&rsquo;enfants de nationalit&eacute; &eacute;trang&egrave;re de 5 %. Le nombre de troisi&egrave;mes enfants a particuli&egrave;rement diminu&eacute; (plus de 11 %). Ce recul concerne surtout les jeunes m&egrave;res : chez les adolescentes et les femmes de moins de 25 ans, la baisse a &eacute;t&eacute; de plus de 30 %, tandis que les femmes de plus de 45 ans ont donn&eacute; naissance &agrave; davantage d&rsquo;enfants.<\/p>\n\n\n\n\n\n<p class=\"wp-block-paragraph\"><strong>Causes de la baisse de la natalit&eacute;<br><\/strong>Les causes de la baisse de la natalit&eacute; en Suisse sont multiples et complexes. L&rsquo;un des principaux facteurs est l&rsquo;individualisation et les changements de mode de vie qui l&rsquo;accompagnent. De plus en plus de personnes se d&eacute;tournent des mod&egrave;les familiaux traditionnels et cherchent un sens et un accomplissement en dehors de la parentalit&eacute;.<\/p>\n\n\n\n\n\n<p class=\"wp-block-paragraph\">Les co&ucirc;ts &eacute;conomiques jouent &eacute;galement un r&ocirc;le important. Les co&ucirc;ts &eacute;lev&eacute;s du logement, les d&eacute;penses de garde d&rsquo;enfants et les co&ucirc;ts d&rsquo;opportunit&eacute; li&eacute;s &agrave; la perte de revenus p&egrave;sent sur de nombreuses familles. Ces charges financi&egrave;res font qu&rsquo;il est difficile pour de nombreux couples de d&eacute;cider d&rsquo;avoir des enfants.<\/p>\n\n\n\n\n\n<p class=\"wp-block-paragraph\">Un autre aspect important est la crise du logement. La p&eacute;nurie de logements abordables rend difficile pour les jeunes familles de trouver un logement appropri&eacute;, ce qui constitue un obstacle suppl&eacute;mentaire &agrave; la cr&eacute;ation d&rsquo;une famille.<\/p>\n\n\n\n\n\n<p class=\"wp-block-paragraph\">Les incertitudes g&eacute;opolitiques et ce que l&rsquo;on appelle l&rsquo;angoisse &eacute;cologique contribuent &eacute;galement &agrave; la baisse de la natalit&eacute;. De nombreuses personnes s&rsquo;inqui&egrave;tent de l&rsquo;avenir et ont des pr&eacute;occupations &eacute;cologiques qui influencent n&eacute;gativement leur d&eacute;cision d&rsquo;avoir des enfants.<\/p>\n\n\n\n\n\n<p class=\"wp-block-paragraph\">Enfin, la politique familiale joue &eacute;galement un r&ocirc;le. En comparaison internationale, la Suisse offre un soutien familial moins g&eacute;n&eacute;reux. D&rsquo;autres pays, comme la France, soutiennent davantage les familles et favorisent ainsi la natalit&eacute;.<\/p>\n\n\n\n\n\n<p class=\"wp-block-paragraph\"><strong>Une baisse du taux de natalit&eacute; a des cons&eacute;quences importantes<br><\/strong>La baisse du taux de natalit&eacute; pourrait avoir des cons&eacute;quences importantes dans diff&eacute;rents domaines. Le march&eacute; du travail est un domaine particuli&egrave;rement touch&eacute;. La p&eacute;nurie de main-d&rsquo;&oelig;uvre existante pourrait s&rsquo;aggraver, ce qui rendrait la Suisse plus d&eacute;pendante de l&rsquo;immigration pour couvrir ses besoins en main-d&rsquo;&oelig;uvre.<\/p>\n\n\n\n\n\n<p class=\"wp-block-paragraph\">Les assurances sociales pourraient &eacute;galement souffrir de la baisse de la natalit&eacute;. Une augmentation de l&rsquo;esp&eacute;rance de vie accompagn&eacute;e d&rsquo;une baisse de la natalit&eacute; pourrait entra&icirc;ner d&rsquo;importants d&eacute;s&eacute;quilibres dans les syst&egrave;mes de s&eacute;curit&eacute; sociale. Cela pourrait menacer la stabilit&eacute; financi&egrave;re des syst&egrave;mes de retraite et de sant&eacute; &agrave; long terme.<\/p>\n\n\n\n\n\n<p class=\"wp-block-paragraph\">Le march&eacute; immobilier serait &eacute;galement affect&eacute;. La demande de logements plus petits pourrait augmenter, tandis que les grandes maisons isol&eacute;es pourraient perdre de leur attrait. Cela entra&icirc;nerait un d&eacute;placement de la demande, avec une pr&eacute;f&eacute;rence pour les petits logements situ&eacute;s au centre et facilement accessibles. Parall&egrave;lement, la demande d&rsquo;infrastructures publiques, telles que les &eacute;coles, pourrait diminuer, tandis que la demande de structures de garde d&rsquo;enfants pourrait augmenter afin de mieux r&eacute;pondre aux besoins des parents qui travaillent.<\/p>\n\n\n\n\n\n<p class=\"wp-block-paragraph\"><strong>Reprise des naissances en 2024 ?<br><\/strong>Les premiers chiffres sur les naissances en 2024 ne laissent pas pr&eacute;sager de changement de tendance. Entre janvier et avril 2024, 24 300 b&eacute;b&eacute;s sont n&eacute;s, un chiffre stable par rapport &agrave; 2023. Il est probable que le nombre de naissances se stabilise &agrave; ce faible niveau.<\/p>\n\n\n\n\n\n<p class=\"wp-block-paragraph\">La baisse du taux de natalit&eacute; en Suisse est un ph&eacute;nom&egrave;ne complexe aux cons&eacute;quences importantes. Pour faire face aux d&eacute;fis, des mesures globales et une planification prospective sont n&eacute;cessaires. Cela ne concerne pas seulement l&rsquo;&eacute;conomie, mais aussi la coh&eacute;sion sociale et l&rsquo;am&eacute;nagement de nos espaces de vie.<\/p>\n\n","protected":false},"excerpt":{"rendered":"<p>La Suisse enregistre une forte baisse du nombre de naissances. Ce changement d\u00e9mographique a de profondes r\u00e9percussions \u00e9conomiques et sociales. Dans cet article, nous mettons en lumi\u00e8re les causes et les cons\u00e9quences possibles de ce ph\u00e9nom\u00e8ne.<\/p>\n","protected":false},"author":2,"featured_media":110664,"comment_status":"open","ping_status":"open","sticky":false,"template":"","format":"standard","meta":{"pmpro_default_level":"","inline_featured_image":false,"_monsterinsights_skip_tracking":false,"footnotes":""},"categories":[22699,743,22303,22438],"tags":[39321,48721,41023,48722,48723,36649,2420,1713],"class_list":["post-110669","post","type-post","status-publish","format-standard","has-post-thumbnail","hentry","category-durabilite","category-immonews-fr","category-suisse","category-trends-fr","tag-bevoelkerungswachstum-fr","tag-geburtenrate-fr","tag-leben-fr","tag-mutter-fr","tag-staatsangehoerigkeit-fr","tag-vater-fr","tag-wirtschaft-fr","tag-wohnen-fr","pmpro-has-access"],"acf":{"bild_mit_ki_erstellt_worden":[],"lead":"La Suisse enregistre une forte baisse du nombre de naissances. Ce changement d\u00e9mographique a de profondes r\u00e9percussions \u00e9conomiques et sociales. Dans cet article, nous mettons en lumi\u00e8re les causes et les cons\u00e9quences possibles de ce ph\u00e9nom\u00e8ne.","autor":"Quelle: W\u00fcstpartner","ort":"","bildunterschrift":"","bild_im_grid":false,"gallerie":"","newsim":""},"aioseo_notices":[],"aioseo_head":"\n\t\t<!-- All in One SEO 5.0.0.1 - aioseo.com -->\n\t<meta name=\"description\" content=\"La Suisse enregistre une forte baisse du nombre de naissances. Ce changement d\u00e9mographique a de profondes r\u00e9percussions \u00e9conomiques et sociales. Dans cet article, nous mettons en lumi\u00e8re les causes et les cons\u00e9quences possibles de ce ph\u00e9nom\u00e8ne.\" \/>\n\t<meta name=\"robots\" content=\"max-image-preview:large\" \/>\n\t<meta name=\"author\" content=\"immovestuser\"\/>\n\t<meta name=\"google-site-verification\" content=\"fHJKvgWpZCR2zVBHWfkQeFXC11qieUSff0HGNYfuyLA\" \/>\n\t<link rel=\"canonical\" href=\"https:\/\/www.immo-invest.ch\/fr\/schweizer-geburtenrate-auf-historischem-tiefstand\/\" \/>\n\t<meta name=\"generator\" content=\"All in One SEO (AIOSEO) 5.0.0.1\" \/>\n\t\t<meta property=\"og:locale\" content=\"fr_FR\" \/>\n\t\t<meta property=\"og:site_name\" content=\"immo!nvest - Die Plattform f\u00fcr Standorte und Immobilien - Die\u00a0Plattform f\u00fcr Standorte und Immobilien\" \/>\n\t\t<meta property=\"og:type\" content=\"article\" \/>\n\t\t<meta property=\"og:title\" content=\"Le taux de natalit\u00e9 suisse \u00e0 un niveau historiquement bas - immo!nvest - Die Plattform f\u00fcr Standorte und Immobilien\" \/>\n\t\t<meta property=\"og:description\" content=\"La Suisse enregistre une forte baisse du nombre de naissances. Ce changement d\u00e9mographique a de profondes r\u00e9percussions \u00e9conomiques et sociales. Dans cet article, nous mettons en lumi\u00e8re les causes et les cons\u00e9quences possibles de ce ph\u00e9nom\u00e8ne.\" \/>\n\t\t<meta property=\"og:url\" content=\"https:\/\/www.immo-invest.ch\/fr\/schweizer-geburtenrate-auf-historischem-tiefstand\/\" \/>\n\t\t<meta property=\"og:image\" content=\"https:\/\/www.immo-invest.ch\/wp-content\/uploads\/2024\/07\/chris-barbalis-eZsT7oQhG4I-unsplash-scaled-e1721382519163.jpg\" \/>\n\t\t<meta property=\"og:image:secure_url\" content=\"https:\/\/www.immo-invest.ch\/wp-content\/uploads\/2024\/07\/chris-barbalis-eZsT7oQhG4I-unsplash-scaled-e1721382519163.jpg\" \/>\n\t\t<meta property=\"og:image:width\" content=\"2560\" \/>\n\t\t<meta property=\"og:image:height\" content=\"1594\" \/>\n\t\t<meta property=\"article:published_time\" content=\"2024-07-19T09:51:17+00:00\" \/>\n\t\t<meta property=\"article:modified_time\" content=\"2024-07-19T10:36:37+00:00\" \/>\n\t\t<meta property=\"article:publisher\" content=\"https:\/\/www.facebook.com\/people\/Immoinvest\/100077962920504\/\" \/>\n\t\t<meta name=\"twitter:card\" content=\"summary_large_image\" \/>\n\t\t<meta name=\"twitter:site\" content=\"@i\" \/>\n\t\t<meta name=\"twitter:title\" content=\"Le taux de natalit\u00e9 suisse \u00e0 un niveau historiquement bas - immo!nvest - Die Plattform f\u00fcr Standorte und Immobilien\" \/>\n\t\t<meta name=\"twitter:description\" content=\"La Suisse enregistre une forte baisse du nombre de naissances. Ce changement d\u00e9mographique a de profondes r\u00e9percussions \u00e9conomiques et sociales. Dans cet article, nous mettons en lumi\u00e8re les causes et les cons\u00e9quences possibles de ce ph\u00e9nom\u00e8ne.\" \/>\n\t\t<meta name=\"twitter:creator\" content=\"@i\" \/>\n\t\t<meta name=\"twitter:image\" content=\"https:\/\/www.immo-invest.ch\/wp-content\/uploads\/2024\/07\/chris-barbalis-eZsT7oQhG4I-unsplash-scaled-e1721382519163.jpg\" \/>\n\t\t<script type=\"application\/ld+json\" class=\"aioseo-schema\">\n\t\t\t{\"@context\":\"https:\\\/\\\/schema.org\",\"@graph\":[{\"@type\":\"BlogPosting\",\"@id\":\"https:\\\/\\\/www.immo-invest.ch\\\/fr\\\/schweizer-geburtenrate-auf-historischem-tiefstand\\\/#blogposting\",\"name\":\"Le taux de natalit\\u00e9 suisse \\u00e0 un niveau historiquement bas - immo!nvest - Die Plattform f\\u00fcr Standorte und Immobilien\",\"headline\":\"Le taux de natalit\\u00e9 suisse \\u00e0 un niveau historiquement bas\",\"author\":{\"@id\":\"https:\\\/\\\/www.immo-invest.ch\\\/fr\\\/author\\\/immovestuser\\\/#author\"},\"publisher\":{\"@id\":\"https:\\\/\\\/www.immo-invest.ch\\\/fr\\\/#organization\"},\"image\":{\"@type\":\"ImageObject\",\"url\":\"https:\\\/\\\/www.immo-invest.ch\\\/wp-content\\\/uploads\\\/2024\\\/07\\\/chris-barbalis-eZsT7oQhG4I-unsplash-scaled-e1721382519163.jpg\",\"width\":2560,\"height\":1594},\"datePublished\":\"2024-07-19T11:51:17+02:00\",\"dateModified\":\"2024-07-19T12:36:37+02:00\",\"inLanguage\":\"fr-FR\",\"mainEntityOfPage\":{\"@id\":\"https:\\\/\\\/www.immo-invest.ch\\\/fr\\\/schweizer-geburtenrate-auf-historischem-tiefstand\\\/#webpage\"},\"isPartOf\":{\"@id\":\"https:\\\/\\\/www.immo-invest.ch\\\/fr\\\/schweizer-geburtenrate-auf-historischem-tiefstand\\\/#webpage\"},\"articleSection\":\"Durabilit\\u00e9, immoNews, Suisse, Trends, Bev\\u00f6lkerungswachstum, Geburtenrate, Leben, Mutter, Staatsangeh\\u00f6rigkeit, Vater, wirtschaft, Wohnen, Facultatif\"},{\"@type\":\"BreadcrumbList\",\"@id\":\"https:\\\/\\\/www.immo-invest.ch\\\/fr\\\/schweizer-geburtenrate-auf-historischem-tiefstand\\\/#breadcrumblist\",\"itemListElement\":[{\"@type\":\"ListItem\",\"@id\":\"https:\\\/\\\/www.immo-invest.ch\\\/fr\\\/#listItem\",\"position\":1,\"name\":\"Home\",\"item\":\"https:\\\/\\\/www.immo-invest.ch\\\/fr\\\/\",\"nextItem\":{\"@type\":\"ListItem\",\"@id\":\"https:\\\/\\\/www.immo-invest.ch\\\/fr\\\/categories\\\/regions\\\/#listItem\",\"name\":\"R\\u00e9gions\"}},{\"@type\":\"ListItem\",\"@id\":\"https:\\\/\\\/www.immo-invest.ch\\\/fr\\\/categories\\\/regions\\\/#listItem\",\"position\":2,\"name\":\"R\\u00e9gions\",\"item\":\"https:\\\/\\\/www.immo-invest.ch\\\/fr\\\/categories\\\/regions\\\/\",\"nextItem\":{\"@type\":\"ListItem\",\"@id\":\"https:\\\/\\\/www.immo-invest.ch\\\/fr\\\/categories\\\/regions\\\/suisse\\\/#listItem\",\"name\":\"Suisse\"},\"previousItem\":{\"@type\":\"ListItem\",\"@id\":\"https:\\\/\\\/www.immo-invest.ch\\\/fr\\\/#listItem\",\"name\":\"Home\"}},{\"@type\":\"ListItem\",\"@id\":\"https:\\\/\\\/www.immo-invest.ch\\\/fr\\\/categories\\\/regions\\\/suisse\\\/#listItem\",\"position\":3,\"name\":\"Suisse\",\"item\":\"https:\\\/\\\/www.immo-invest.ch\\\/fr\\\/categories\\\/regions\\\/suisse\\\/\",\"nextItem\":{\"@type\":\"ListItem\",\"@id\":\"https:\\\/\\\/www.immo-invest.ch\\\/fr\\\/schweizer-geburtenrate-auf-historischem-tiefstand\\\/#listItem\",\"name\":\"Le taux de natalit\\u00e9 suisse \\u00e0 un niveau historiquement bas\"},\"previousItem\":{\"@type\":\"ListItem\",\"@id\":\"https:\\\/\\\/www.immo-invest.ch\\\/fr\\\/categories\\\/regions\\\/#listItem\",\"name\":\"R\\u00e9gions\"}},{\"@type\":\"ListItem\",\"@id\":\"https:\\\/\\\/www.immo-invest.ch\\\/fr\\\/schweizer-geburtenrate-auf-historischem-tiefstand\\\/#listItem\",\"position\":4,\"name\":\"Le taux de natalit\\u00e9 suisse \\u00e0 un niveau historiquement bas\",\"previousItem\":{\"@type\":\"ListItem\",\"@id\":\"https:\\\/\\\/www.immo-invest.ch\\\/fr\\\/categories\\\/regions\\\/suisse\\\/#listItem\",\"name\":\"Suisse\"}}]},{\"@type\":\"Organization\",\"@id\":\"https:\\\/\\\/www.immo-invest.ch\\\/fr\\\/#organization\",\"name\":\"immo!nvest - Die Plattform f\\u00fcr Standorte und Immobilien\",\"description\":\"Die\\u00a0Plattform f\\u00fcr Standorte und Immobilien\",\"url\":\"https:\\\/\\\/www.immo-invest.ch\\\/fr\\\/\",\"email\":\"admin@immomedia.ag\",\"telephone\":\"+41444420002\",\"logo\":{\"@type\":\"ImageObject\",\"url\":\"https:\\\/\\\/www.immo-invest.ch\\\/wp-content\\\/uploads\\\/2024\\\/09\\\/immoinvest_sm-scaled.jpg\",\"@id\":\"https:\\\/\\\/www.immo-invest.ch\\\/fr\\\/schweizer-geburtenrate-auf-historischem-tiefstand\\\/#organizationLogo\",\"width\":2560,\"height\":1340},\"image\":{\"@id\":\"https:\\\/\\\/www.immo-invest.ch\\\/fr\\\/schweizer-geburtenrate-auf-historischem-tiefstand\\\/#organizationLogo\"},\"sameAs\":[\"https:\\\/\\\/www.facebook.com\\\/people\\\/Immoinvest\\\/100077962920504\\\/\",\"https:\\\/\\\/x.com\\\/i\\\/flow\\\/login?redirect_after_login=immoinvest_ch\",\"https:\\\/\\\/www.instagram.com\\\/immoinvest_ch\\\/\",\"https:\\\/\\\/www.linkedin.com\\\/company\\\/immoinvest-swiss\"]},{\"@type\":\"Person\",\"@id\":\"https:\\\/\\\/www.immo-invest.ch\\\/fr\\\/author\\\/immovestuser\\\/#author\",\"url\":\"https:\\\/\\\/www.immo-invest.ch\\\/fr\\\/author\\\/immovestuser\\\/\",\"name\":\"immovestuser\",\"image\":{\"@type\":\"ImageObject\",\"@id\":\"https:\\\/\\\/www.immo-invest.ch\\\/fr\\\/schweizer-geburtenrate-auf-historischem-tiefstand\\\/#authorImage\",\"url\":\"https:\\\/\\\/secure.gravatar.com\\\/avatar\\\/8e01f4d99f2eeea7a362ebb93305e1172a70e9293ba250f897a65c39f54cdd1e?s=96&d=mm&r=g\",\"width\":96,\"height\":96,\"caption\":\"immovestuser\"}},{\"@type\":\"WebPage\",\"@id\":\"https:\\\/\\\/www.immo-invest.ch\\\/fr\\\/schweizer-geburtenrate-auf-historischem-tiefstand\\\/#webpage\",\"url\":\"https:\\\/\\\/www.immo-invest.ch\\\/fr\\\/schweizer-geburtenrate-auf-historischem-tiefstand\\\/\",\"name\":\"Le taux de natalit\\u00e9 suisse \\u00e0 un niveau historiquement bas - immo!nvest - Die Plattform f\\u00fcr Standorte und Immobilien\",\"description\":\"La Suisse enregistre une forte baisse du nombre de naissances. Ce changement d\\u00e9mographique a de profondes r\\u00e9percussions \\u00e9conomiques et sociales. Dans cet article, nous mettons en lumi\\u00e8re les causes et les cons\\u00e9quences possibles de ce ph\\u00e9nom\\u00e8ne.\",\"inLanguage\":\"fr-FR\",\"isPartOf\":{\"@id\":\"https:\\\/\\\/www.immo-invest.ch\\\/fr\\\/#website\"},\"breadcrumb\":{\"@id\":\"https:\\\/\\\/www.immo-invest.ch\\\/fr\\\/schweizer-geburtenrate-auf-historischem-tiefstand\\\/#breadcrumblist\"},\"author\":{\"@id\":\"https:\\\/\\\/www.immo-invest.ch\\\/fr\\\/author\\\/immovestuser\\\/#author\"},\"creator\":{\"@id\":\"https:\\\/\\\/www.immo-invest.ch\\\/fr\\\/author\\\/immovestuser\\\/#author\"},\"image\":{\"@type\":\"ImageObject\",\"url\":\"https:\\\/\\\/www.immo-invest.ch\\\/wp-content\\\/uploads\\\/2024\\\/07\\\/chris-barbalis-eZsT7oQhG4I-unsplash-scaled-e1721382519163.jpg\",\"@id\":\"https:\\\/\\\/www.immo-invest.ch\\\/fr\\\/schweizer-geburtenrate-auf-historischem-tiefstand\\\/#mainImage\",\"width\":2560,\"height\":1594},\"primaryImageOfPage\":{\"@id\":\"https:\\\/\\\/www.immo-invest.ch\\\/fr\\\/schweizer-geburtenrate-auf-historischem-tiefstand\\\/#mainImage\"},\"datePublished\":\"2024-07-19T11:51:17+02:00\",\"dateModified\":\"2024-07-19T12:36:37+02:00\"},{\"@type\":\"WebSite\",\"@id\":\"https:\\\/\\\/www.immo-invest.ch\\\/fr\\\/#website\",\"url\":\"https:\\\/\\\/www.immo-invest.ch\\\/fr\\\/\",\"name\":\"immo!nvest - Die Plattform f\\u00fcr Standorte und Immobilien\",\"description\":\"Die\\u00a0Plattform f\\u00fcr Standorte und Immobilien\",\"inLanguage\":\"fr-FR\",\"publisher\":{\"@id\":\"https:\\\/\\\/www.immo-invest.ch\\\/fr\\\/#organization\"}}]}\n\t\t<\/script>\n\t\t<!-- All in One SEO -->\n\n","aioseo_head_json":{"title":"Le taux de natalit\u00e9 suisse \u00e0 un niveau historiquement bas - immo!nvest - Die Plattform f\u00fcr Standorte und Immobilien","description":"La Suisse enregistre une forte baisse du nombre de naissances. Ce changement d\u00e9mographique a de profondes r\u00e9percussions \u00e9conomiques et sociales. Dans cet article, nous mettons en lumi\u00e8re les causes et les cons\u00e9quences possibles de ce ph\u00e9nom\u00e8ne.","canonical_url":"https:\/\/www.immo-invest.ch\/fr\/schweizer-geburtenrate-auf-historischem-tiefstand\/","robots":"max-image-preview:large","keywords":"","webmasterTools":{"google-site-verification":"fHJKvgWpZCR2zVBHWfkQeFXC11qieUSff0HGNYfuyLA","miscellaneous":""},"schema":{"@context":"https:\/\/schema.org","@graph":[{"@type":"BlogPosting","@id":"https:\/\/www.immo-invest.ch\/fr\/schweizer-geburtenrate-auf-historischem-tiefstand\/#blogposting","name":"Le taux de natalit\u00e9 suisse \u00e0 un niveau historiquement bas - immo!nvest - Die Plattform f\u00fcr Standorte und Immobilien","headline":"Le taux de natalit\u00e9 suisse \u00e0 un niveau historiquement bas","author":{"@id":"https:\/\/www.immo-invest.ch\/fr\/author\/immovestuser\/#author"},"publisher":{"@id":"https:\/\/www.immo-invest.ch\/fr\/#organization"},"image":{"@type":"ImageObject","url":"https:\/\/www.immo-invest.ch\/wp-content\/uploads\/2024\/07\/chris-barbalis-eZsT7oQhG4I-unsplash-scaled-e1721382519163.jpg","width":2560,"height":1594},"datePublished":"2024-07-19T11:51:17+02:00","dateModified":"2024-07-19T12:36:37+02:00","inLanguage":"fr-FR","mainEntityOfPage":{"@id":"https:\/\/www.immo-invest.ch\/fr\/schweizer-geburtenrate-auf-historischem-tiefstand\/#webpage"},"isPartOf":{"@id":"https:\/\/www.immo-invest.ch\/fr\/schweizer-geburtenrate-auf-historischem-tiefstand\/#webpage"},"articleSection":"Durabilit\u00e9, immoNews, Suisse, Trends, Bev\u00f6lkerungswachstum, Geburtenrate, Leben, Mutter, Staatsangeh\u00f6rigkeit, Vater, wirtschaft, Wohnen, Facultatif"},{"@type":"BreadcrumbList","@id":"https:\/\/www.immo-invest.ch\/fr\/schweizer-geburtenrate-auf-historischem-tiefstand\/#breadcrumblist","itemListElement":[{"@type":"ListItem","@id":"https:\/\/www.immo-invest.ch\/fr\/#listItem","position":1,"name":"Home","item":"https:\/\/www.immo-invest.ch\/fr\/","nextItem":{"@type":"ListItem","@id":"https:\/\/www.immo-invest.ch\/fr\/categories\/regions\/#listItem","name":"R\u00e9gions"}},{"@type":"ListItem","@id":"https:\/\/www.immo-invest.ch\/fr\/categories\/regions\/#listItem","position":2,"name":"R\u00e9gions","item":"https:\/\/www.immo-invest.ch\/fr\/categories\/regions\/","nextItem":{"@type":"ListItem","@id":"https:\/\/www.immo-invest.ch\/fr\/categories\/regions\/suisse\/#listItem","name":"Suisse"},"previousItem":{"@type":"ListItem","@id":"https:\/\/www.immo-invest.ch\/fr\/#listItem","name":"Home"}},{"@type":"ListItem","@id":"https:\/\/www.immo-invest.ch\/fr\/categories\/regions\/suisse\/#listItem","position":3,"name":"Suisse","item":"https:\/\/www.immo-invest.ch\/fr\/categories\/regions\/suisse\/","nextItem":{"@type":"ListItem","@id":"https:\/\/www.immo-invest.ch\/fr\/schweizer-geburtenrate-auf-historischem-tiefstand\/#listItem","name":"Le taux de natalit\u00e9 suisse \u00e0 un niveau historiquement bas"},"previousItem":{"@type":"ListItem","@id":"https:\/\/www.immo-invest.ch\/fr\/categories\/regions\/#listItem","name":"R\u00e9gions"}},{"@type":"ListItem","@id":"https:\/\/www.immo-invest.ch\/fr\/schweizer-geburtenrate-auf-historischem-tiefstand\/#listItem","position":4,"name":"Le taux de natalit\u00e9 suisse \u00e0 un niveau historiquement bas","previousItem":{"@type":"ListItem","@id":"https:\/\/www.immo-invest.ch\/fr\/categories\/regions\/suisse\/#listItem","name":"Suisse"}}]},{"@type":"Organization","@id":"https:\/\/www.immo-invest.ch\/fr\/#organization","name":"immo!nvest - Die Plattform f\u00fcr Standorte und Immobilien","description":"Die\u00a0Plattform f\u00fcr Standorte und Immobilien","url":"https:\/\/www.immo-invest.ch\/fr\/","email":"admin@immomedia.ag","telephone":"+41444420002","logo":{"@type":"ImageObject","url":"https:\/\/www.immo-invest.ch\/wp-content\/uploads\/2024\/09\/immoinvest_sm-scaled.jpg","@id":"https:\/\/www.immo-invest.ch\/fr\/schweizer-geburtenrate-auf-historischem-tiefstand\/#organizationLogo","width":2560,"height":1340},"image":{"@id":"https:\/\/www.immo-invest.ch\/fr\/schweizer-geburtenrate-auf-historischem-tiefstand\/#organizationLogo"},"sameAs":["https:\/\/www.facebook.com\/people\/Immoinvest\/100077962920504\/","https:\/\/x.com\/i\/flow\/login?redirect_after_login=immoinvest_ch","https:\/\/www.instagram.com\/immoinvest_ch\/","https:\/\/www.linkedin.com\/company\/immoinvest-swiss"]},{"@type":"Person","@id":"https:\/\/www.immo-invest.ch\/fr\/author\/immovestuser\/#author","url":"https:\/\/www.immo-invest.ch\/fr\/author\/immovestuser\/","name":"immovestuser","image":{"@type":"ImageObject","@id":"https:\/\/www.immo-invest.ch\/fr\/schweizer-geburtenrate-auf-historischem-tiefstand\/#authorImage","url":"https:\/\/secure.gravatar.com\/avatar\/8e01f4d99f2eeea7a362ebb93305e1172a70e9293ba250f897a65c39f54cdd1e?s=96&d=mm&r=g","width":96,"height":96,"caption":"immovestuser"}},{"@type":"WebPage","@id":"https:\/\/www.immo-invest.ch\/fr\/schweizer-geburtenrate-auf-historischem-tiefstand\/#webpage","url":"https:\/\/www.immo-invest.ch\/fr\/schweizer-geburtenrate-auf-historischem-tiefstand\/","name":"Le taux de natalit\u00e9 suisse \u00e0 un niveau historiquement bas - immo!nvest - Die Plattform f\u00fcr Standorte und Immobilien","description":"La Suisse enregistre une forte baisse du nombre de naissances. Ce changement d\u00e9mographique a de profondes r\u00e9percussions \u00e9conomiques et sociales. Dans cet article, nous mettons en lumi\u00e8re les causes et les cons\u00e9quences possibles de ce ph\u00e9nom\u00e8ne.","inLanguage":"fr-FR","isPartOf":{"@id":"https:\/\/www.immo-invest.ch\/fr\/#website"},"breadcrumb":{"@id":"https:\/\/www.immo-invest.ch\/fr\/schweizer-geburtenrate-auf-historischem-tiefstand\/#breadcrumblist"},"author":{"@id":"https:\/\/www.immo-invest.ch\/fr\/author\/immovestuser\/#author"},"creator":{"@id":"https:\/\/www.immo-invest.ch\/fr\/author\/immovestuser\/#author"},"image":{"@type":"ImageObject","url":"https:\/\/www.immo-invest.ch\/wp-content\/uploads\/2024\/07\/chris-barbalis-eZsT7oQhG4I-unsplash-scaled-e1721382519163.jpg","@id":"https:\/\/www.immo-invest.ch\/fr\/schweizer-geburtenrate-auf-historischem-tiefstand\/#mainImage","width":2560,"height":1594},"primaryImageOfPage":{"@id":"https:\/\/www.immo-invest.ch\/fr\/schweizer-geburtenrate-auf-historischem-tiefstand\/#mainImage"},"datePublished":"2024-07-19T11:51:17+02:00","dateModified":"2024-07-19T12:36:37+02:00"},{"@type":"WebSite","@id":"https:\/\/www.immo-invest.ch\/fr\/#website","url":"https:\/\/www.immo-invest.ch\/fr\/","name":"immo!nvest - Die Plattform f\u00fcr Standorte und Immobilien","description":"Die\u00a0Plattform f\u00fcr Standorte und Immobilien","inLanguage":"fr-FR","publisher":{"@id":"https:\/\/www.immo-invest.ch\/fr\/#organization"}}]},"og:locale":"fr_FR","og:site_name":"immo!nvest - Die Plattform f\u00fcr Standorte und Immobilien - Die\u00a0Plattform f\u00fcr Standorte und Immobilien","og:type":"article","og:title":"Le taux de natalit\u00e9 suisse \u00e0 un niveau historiquement bas - immo!nvest - Die Plattform f\u00fcr Standorte und Immobilien","og:description":"La Suisse enregistre une forte baisse du nombre de naissances. Ce changement d\u00e9mographique a de profondes r\u00e9percussions \u00e9conomiques et sociales. Dans cet article, nous mettons en lumi\u00e8re les causes et les cons\u00e9quences possibles de ce ph\u00e9nom\u00e8ne.","og:url":"https:\/\/www.immo-invest.ch\/fr\/schweizer-geburtenrate-auf-historischem-tiefstand\/","og:image":"https:\/\/www.immo-invest.ch\/wp-content\/uploads\/2024\/07\/chris-barbalis-eZsT7oQhG4I-unsplash-scaled-e1721382519163.jpg","og:image:secure_url":"https:\/\/www.immo-invest.ch\/wp-content\/uploads\/2024\/07\/chris-barbalis-eZsT7oQhG4I-unsplash-scaled-e1721382519163.jpg","og:image:width":2560,"og:image:height":1594,"article:published_time":"2024-07-19T09:51:17+00:00","article:modified_time":"2024-07-19T10:36:37+00:00","article:publisher":"https:\/\/www.facebook.com\/people\/Immoinvest\/100077962920504\/","twitter:card":"summary_large_image","twitter:site":"@i","twitter:title":"Le taux de natalit\u00e9 suisse \u00e0 un niveau historiquement bas - immo!nvest - Die Plattform f\u00fcr Standorte und Immobilien","twitter:description":"La Suisse enregistre une forte baisse du nombre de naissances. Ce changement d\u00e9mographique a de profondes r\u00e9percussions \u00e9conomiques et sociales. Dans cet article, nous mettons en lumi\u00e8re les causes et les cons\u00e9quences possibles de ce ph\u00e9nom\u00e8ne.","twitter:creator":"@i","twitter:image":"https:\/\/www.immo-invest.ch\/wp-content\/uploads\/2024\/07\/chris-barbalis-eZsT7oQhG4I-unsplash-scaled-e1721382519163.jpg"},"aioseo_meta_data":{"post_id":"110669","title":null,"description":null,"keywords":null,"keyphrases":null,"primary_term":null,"canonical_url":null,"og_title":null,"og_description":null,"og_object_type":"default","og_image_type":"default","og_image_url":null,"og_image_width":null,"og_image_height":null,"og_image_custom_url":null,"og_image_custom_fields":null,"og_video":null,"og_custom_url":null,"og_article_section":null,"og_article_tags":null,"twitter_use_og":false,"twitter_card":"default","twitter_image_type":"default","twitter_image_url":null,"twitter_image_custom_url":null,"twitter_image_custom_fields":null,"twitter_title":null,"twitter_description":null,"schema":{"blockGraphs":[],"customGraphs":[],"default":{"data":{"Article":[],"Course":[],"Dataset":[],"FAQPage":[],"Movie":[],"Person":[],"Product":[],"ProductReview":[],"Car":[],"Recipe":[],"Service":[],"SoftwareApplication":[],"WebPage":[]},"graphName":"","isEnabled":true},"graphs":[]},"schema_type":"default","schema_type_options":null,"pillar_content":false,"robots_default":true,"robots_noindex":false,"robots_noarchive":false,"robots_nosnippet":false,"robots_nofollow":false,"robots_noimageindex":false,"robots_noodp":false,"robots_notranslate":false,"robots_max_snippet":null,"robots_max_videopreview":null,"robots_max_imagepreview":"large","priority":null,"frequency":null,"local_seo":null,"breadcrumb_settings":null,"limit_modified_date":false,"ai":null,"created":"2024-09-21 00:19:58","updated":"2025-10-24 06:37:13","seo_analyzer_scan_date":null,"focus_keyword":null,"additional_keywords":null,"truseo_locale":null},"aioseo_breadcrumb":"<div class=\"aioseo-breadcrumbs\"><span class=\"aioseo-breadcrumb\">\n\t\t\t<a href=\"https:\/\/www.immo-invest.ch\/fr\/\" title=\"Home\">Home<\/a>\n\t\t<\/span><span class=\"aioseo-breadcrumb-separator\">&raquo;<\/span><span class=\"aioseo-breadcrumb\">\n\t\t\t<a href=\"https:\/\/www.immo-invest.ch\/fr\/categories\/regions\/\" title=\"R\u00e9gions\">R\u00e9gions<\/a>\n\t\t<\/span><span class=\"aioseo-breadcrumb-separator\">&raquo;<\/span><span class=\"aioseo-breadcrumb\">\n\t\t\t<a href=\"https:\/\/www.immo-invest.ch\/fr\/categories\/regions\/suisse\/\" title=\"Suisse\">Suisse<\/a>\n\t\t<\/span><span class=\"aioseo-breadcrumb-separator\">&raquo;<\/span><span class=\"aioseo-breadcrumb\">\n\t\t\tLe taux de natalit\u00e9 suisse \u00e0 un niveau historiquement bas\n\t\t<\/span><\/div>","aioseo_breadcrumb_json":[{"label":"Home","link":"https:\/\/www.immo-invest.ch\/fr\/"},{"label":"R\u00e9gions","link":"https:\/\/www.immo-invest.ch\/fr\/categories\/regions\/"},{"label":"Suisse","link":"https:\/\/www.immo-invest.ch\/fr\/categories\/regions\/suisse\/"},{"label":"Le taux de natalit\u00e9 suisse \u00e0 un niveau historiquement bas","link":"https:\/\/www.immo-invest.ch\/fr\/schweizer-geburtenrate-auf-historischem-tiefstand\/"}],"featured_image_src":"https:\/\/www.immo-invest.ch\/wp-content\/uploads\/2024\/07\/chris-barbalis-eZsT7oQhG4I-unsplash-336x168.jpg","_links":{"self":[{"href":"https:\/\/www.immo-invest.ch\/fr\/wp-json\/wp\/v2\/posts\/110669","targetHints":{"allow":["GET"]}}],"collection":[{"href":"https:\/\/www.immo-invest.ch\/fr\/wp-json\/wp\/v2\/posts"}],"about":[{"href":"https:\/\/www.immo-invest.ch\/fr\/wp-json\/wp\/v2\/types\/post"}],"author":[{"embeddable":true,"href":"https:\/\/www.immo-invest.ch\/fr\/wp-json\/wp\/v2\/users\/2"}],"replies":[{"embeddable":true,"href":"https:\/\/www.immo-invest.ch\/fr\/wp-json\/wp\/v2\/comments?post=110669"}],"version-history":[{"count":0,"href":"https:\/\/www.immo-invest.ch\/fr\/wp-json\/wp\/v2\/posts\/110669\/revisions"}],"wp:featuredmedia":[{"embeddable":true,"href":"https:\/\/www.immo-invest.ch\/fr\/wp-json\/wp\/v2\/media\/110664"}],"wp:attachment":[{"href":"https:\/\/www.immo-invest.ch\/fr\/wp-json\/wp\/v2\/media?parent=110669"}],"wp:term":[{"taxonomy":"category","embeddable":true,"href":"https:\/\/www.immo-invest.ch\/fr\/wp-json\/wp\/v2\/categories?post=110669"},{"taxonomy":"post_tag","embeddable":true,"href":"https:\/\/www.immo-invest.ch\/fr\/wp-json\/wp\/v2\/tags?post=110669"}],"curies":[{"name":"wp","href":"https:\/\/api.w.org\/{rel}","templated":true}]}}