{"id":110631,"date":"2024-07-19T11:04:59","date_gmt":"2024-07-19T09:04:59","guid":{"rendered":"https:\/\/www.immo-invest.ch\/vier-ostschweizer-kantone-staerken-zusammenarbeit-fuer-eine-vernetzte-zukunft\/"},"modified":"2024-07-19T12:33:21","modified_gmt":"2024-07-19T10:33:21","slug":"vier-ostschweizer-kantone-staerken-zusammenarbeit-fuer-eine-vernetzte-zukunft","status":"publish","type":"post","link":"https:\/\/www.immo-invest.ch\/fr\/vier-ostschweizer-kantone-staerken-zusammenarbeit-fuer-eine-vernetzte-zukunft\/","title":{"rendered":"Quatre cantons de Suisse orientale renforcent leur coop\u00e9ration pour un avenir en r\u00e9seau"},"content":{"rendered":"<p class=\"wp-block-paragraph\">Le 4 juillet 2024, les gouvernements des cantons de Saint-Gall, Appenzell Rhodes-Ext&eacute;rieures, Appenzell Rhodes-Int&eacute;rieures et Thurgovie ont sign&eacute; une d&eacute;claration de coop&eacute;ration strat&eacute;gique plus &eacute;troite. Cette &eacute;tape marque le d&eacute;but d&rsquo;un processus de coop&eacute;ration intensif visant &agrave; renforcer et &agrave; mettre en r&eacute;seau la Suisse orientale. La d&eacute;claration commune souligne l&rsquo;engagement des quatre cantons &agrave; trouver et &agrave; mettre en &oelig;uvre ensemble des solutions &agrave; des d&eacute;fis communs.<\/p>\n\n\n\n\n\n<p class=\"wp-block-paragraph\"><strong>Engagement commun pour la r&eacute;gion du lac de Constance<br><\/strong>Les quatre cantons avaient d&eacute;j&agrave; annonc&eacute; auparavant qu&rsquo;ils s&rsquo;engageraient ensemble pour &eacute;tablir la r&eacute;gion internationale du lac de Constance au niveau national dans le cadre du Projet de territoire Suisse. Ce projet a &eacute;t&eacute; bien accueilli par les entreprises et le public et a mis en &eacute;vidence le potentiel d&rsquo;une coop&eacute;ration plus &eacute;troite pour renforcer l&rsquo;ensemble de la Suisse orientale.<\/p>\n\n\n\n\n\n<p class=\"wp-block-paragraph\"><strong>Champs d&rsquo;action strat&eacute;giques et discussions annuelles<br><\/strong>La d&eacute;claration place la coop&eacute;ration &agrave; un niveau strat&eacute;gique. Les gouvernements des quatre cantons discuteront chaque ann&eacute;e des champs d&rsquo;action pour la coop&eacute;ration et &eacute;valueront le potentiel de coop&eacute;ration. Les collaborateurs des administrations sont invit&eacute;s &agrave; faire des propositions et &agrave; participer &agrave; la s&eacute;lection des champs d&rsquo;action.<\/p>\n\n\n\n\n\n<p class=\"wp-block-paragraph\">Parmi les champs d&rsquo;action strat&eacute;giques possibles figurent notamment le d&eacute;veloppement territorial, les transports, l&rsquo;&eacute;ducation et la culture, l&rsquo;<span class=\"glossaryLink\" aria-describedby=\"tt\" data-cmtooltip=\"&lt;div class=glossaryItemTitle&gt;Innovation&lt;\/div&gt;&lt;div class=glossaryItemBody&gt;Innovation in der heutigen Immobilienwelt bedeutet vor allem Digitalisierung von Prozessen. Zum Beispiel das Eliminieren von Tausenden von Excel-Bl&auml;ttern f&uuml;r Portfolio- und Asset-Manager oder das Erstellen einer Anwendung (App) f&uuml;r alle Formalit&auml;ten rund um die Beziehung zwischen Immobilieneigent&uuml;mern, - verwaltung und -mietern.&lt;\/div&gt;\" data-mobile-support=\"0\" data-gt-translate-attributes='[{\"attribute\":\"data-cmtooltip\", \"format\":\"html\"}]' tabindex=\"0\" role=\"link\">innovation<\/span> et la num&eacute;risation, la d&eacute;fense contre les dangers naturels, la gestion des crises et la s&eacute;curit&eacute;. Gr&acirc;ce &agrave; la coop&eacute;ration strat&eacute;gique, les cantons esp&egrave;rent trouver des solutions plus efficientes et plus efficaces dans ces domaines.<\/p>\n\n\n\n\n\n<p class=\"wp-block-paragraph\"><strong>Mod&egrave;les de coop&eacute;ration flexibles<br><\/strong>La coop&eacute;ration peut prendre diff&eacute;rentes formes en fonction des besoins et de la situation. Les solutions peuvent &ecirc;tre mises en &oelig;uvre soit par les quatre cantons ensemble, soit par deux ou trois cantons. D&rsquo;autres cantons, notamment de Suisse orientale, peuvent &eacute;galement participer &agrave; des projets. Chaque canton d&eacute;cide individuellement si une solution commune est pertinente pour lui et offre une valeur ajout&eacute;e.<\/p>\n\n\n\n\n\n<p class=\"wp-block-paragraph\"><strong>Institutionnalisation de la collaboration<br><\/strong>L&rsquo;une des principales pr&eacute;occupations des gouvernements est de lancer le processus de collaboration strat&eacute;gique et de l&rsquo;institutionnaliser par la suite. En franchissant cette &eacute;tape, les quatre cantons envoient un signal fort en faveur d&rsquo;une collaboration plus &eacute;troite et d&rsquo;un avenir en r&eacute;seau pour la Suisse orientale.<\/p>\n\n\n\n\n\n<p class=\"wp-block-paragraph\">La signature de la d&eacute;claration sur une collaboration plus &eacute;troite marque une &eacute;tape importante sur la voie d&rsquo;une Suisse orientale plus forte et plus efficace. Ensemble, les cantons veulent relever les d&eacute;fis et d&eacute;velopper la r&eacute;gion de mani&egrave;re durable.<\/p>\n\n","protected":false},"excerpt":{"rendered":"<p>Les cantons de Saint-Gall, Appenzell Rhodes-Ext\u00e9rieures, Appenzell Rhodes-Int\u00e9rieures et Thurgovie ont sign\u00e9 une d\u00e9claration commune pour une collaboration strat\u00e9gique plus \u00e9troite. L&rsquo;objectif est de renforcer la Suisse orientale en regroupant les forces et en trouvant des solutions communes.<\/p>\n","protected":false},"author":2,"featured_media":17555,"comment_status":"open","ping_status":"open","sticky":false,"template":"","format":"standard","meta":{"pmpro_default_level":"","inline_featured_image":false,"_monsterinsights_skip_tracking":false,"footnotes":""},"categories":[48699,48700,22699,743,9442,22342],"tags":[18745,48701,848,872,3931,5641,2002,34512,18747,6950,2420,13639],"class_list":["post-110631","post","type-post","status-publish","format-standard","has-post-thumbnail","hentry","category-appenzell-ausserrhoden-fr","category-appenzell-innerrhoden-fr","category-durabilite","category-immonews-fr","category-region-saint-gall","category-thurgovie","tag-bodenseeraum-fr","tag-handlung-fr","tag-immobilien-fr","tag-immoinvest-fr","tag-immonews-fr","tag-kooperation-fr","tag-news-fr","tag-oeffentlichkeit-fr","tag-ostschweiz-fr","tag-verwaltung-fr","tag-wirtschaft-fr","tag-zusammenarbeit-fr","pmpro-has-access"],"acf":{"bild_mit_ki_erstellt_worden":[],"lead":"Les cantons de Saint-Gall, Appenzell Rhodes-Ext\u00e9rieures, Appenzell Rhodes-Int\u00e9rieures et Thurgovie ont sign\u00e9 une d\u00e9claration commune pour une collaboration strat\u00e9gique plus \u00e9troite. L'objectif est de renforcer la Suisse orientale en regroupant les forces et en trouvant des solutions communes.","autor":"Quelle: ai.ch","ort":"","bildunterschrift":"","bild_im_grid":false,"gallerie":"","newsim":""},"aioseo_notices":[],"aioseo_head":"\n\t\t<!-- All in One SEO 5.0.0.1 - aioseo.com -->\n\t<meta name=\"description\" content=\"Les cantons de Saint-Gall, Appenzell Rhodes-Ext\u00e9rieures, Appenzell Rhodes-Int\u00e9rieures et Thurgovie ont sign\u00e9 une d\u00e9claration commune pour une collaboration strat\u00e9gique plus \u00e9troite. L&#039;objectif est de renforcer la Suisse orientale en regroupant les forces et en trouvant des solutions communes.\" \/>\n\t<meta name=\"robots\" content=\"max-image-preview:large\" \/>\n\t<meta name=\"author\" content=\"immovestuser\"\/>\n\t<meta name=\"google-site-verification\" content=\"fHJKvgWpZCR2zVBHWfkQeFXC11qieUSff0HGNYfuyLA\" \/>\n\t<link rel=\"canonical\" href=\"https:\/\/www.immo-invest.ch\/fr\/vier-ostschweizer-kantone-staerken-zusammenarbeit-fuer-eine-vernetzte-zukunft\/\" \/>\n\t<meta name=\"generator\" content=\"All in One SEO (AIOSEO) 5.0.0.1\" \/>\n\t\t<meta property=\"og:locale\" content=\"fr_FR\" \/>\n\t\t<meta property=\"og:site_name\" content=\"immo!nvest - Die Plattform f\u00fcr Standorte und Immobilien - Die\u00a0Plattform f\u00fcr Standorte und Immobilien\" \/>\n\t\t<meta property=\"og:type\" content=\"article\" \/>\n\t\t<meta property=\"og:title\" content=\"Quatre cantons de Suisse orientale renforcent leur coop\u00e9ration pour un avenir en r\u00e9seau - immo!nvest - Die Plattform f\u00fcr Standorte und Immobilien\" \/>\n\t\t<meta property=\"og:description\" content=\"Les cantons de Saint-Gall, Appenzell Rhodes-Ext\u00e9rieures, Appenzell Rhodes-Int\u00e9rieures et Thurgovie ont sign\u00e9 une d\u00e9claration commune pour une collaboration strat\u00e9gique plus \u00e9troite. L&#039;objectif est de renforcer la Suisse orientale en regroupant les forces et en trouvant des solutions communes.\" \/>\n\t\t<meta property=\"og:url\" content=\"https:\/\/www.immo-invest.ch\/fr\/vier-ostschweizer-kantone-staerken-zusammenarbeit-fuer-eine-vernetzte-zukunft\/\" \/>\n\t\t<meta property=\"og:image\" content=\"https:\/\/www.immo-invest.ch\/wp-content\/uploads\/2021\/04\/zusammenarbeit-3.jpg\" \/>\n\t\t<meta property=\"og:image:secure_url\" content=\"https:\/\/www.immo-invest.ch\/wp-content\/uploads\/2021\/04\/zusammenarbeit-3.jpg\" \/>\n\t\t<meta property=\"og:image:width\" content=\"1200\" \/>\n\t\t<meta property=\"og:image:height\" content=\"628\" \/>\n\t\t<meta property=\"article:published_time\" content=\"2024-07-19T09:04:59+00:00\" \/>\n\t\t<meta property=\"article:modified_time\" content=\"2024-07-19T10:33:21+00:00\" \/>\n\t\t<meta property=\"article:publisher\" content=\"https:\/\/www.facebook.com\/people\/Immoinvest\/100077962920504\/\" \/>\n\t\t<meta name=\"twitter:card\" content=\"summary_large_image\" \/>\n\t\t<meta name=\"twitter:site\" content=\"@i\" \/>\n\t\t<meta name=\"twitter:title\" content=\"Quatre cantons de Suisse orientale renforcent leur coop\u00e9ration pour un avenir en r\u00e9seau - immo!nvest - Die Plattform f\u00fcr Standorte und Immobilien\" \/>\n\t\t<meta name=\"twitter:description\" content=\"Les cantons de Saint-Gall, Appenzell Rhodes-Ext\u00e9rieures, Appenzell Rhodes-Int\u00e9rieures et Thurgovie ont sign\u00e9 une d\u00e9claration commune pour une collaboration strat\u00e9gique plus \u00e9troite. L&#039;objectif est de renforcer la Suisse orientale en regroupant les forces et en trouvant des solutions communes.\" \/>\n\t\t<meta name=\"twitter:creator\" content=\"@i\" \/>\n\t\t<meta name=\"twitter:image\" content=\"https:\/\/www.immo-invest.ch\/wp-content\/uploads\/2021\/04\/zusammenarbeit-3.jpg\" \/>\n\t\t<script type=\"application\/ld+json\" class=\"aioseo-schema\">\n\t\t\t{\"@context\":\"https:\\\/\\\/schema.org\",\"@graph\":[{\"@type\":\"BlogPosting\",\"@id\":\"https:\\\/\\\/www.immo-invest.ch\\\/fr\\\/vier-ostschweizer-kantone-staerken-zusammenarbeit-fuer-eine-vernetzte-zukunft\\\/#blogposting\",\"name\":\"Quatre cantons de Suisse orientale renforcent leur coop\\u00e9ration pour un avenir en r\\u00e9seau - immo!nvest - Die Plattform f\\u00fcr Standorte und Immobilien\",\"headline\":\"Quatre cantons de Suisse orientale renforcent leur coop\\u00e9ration pour un avenir en r\\u00e9seau\",\"author\":{\"@id\":\"https:\\\/\\\/www.immo-invest.ch\\\/fr\\\/author\\\/immovestuser\\\/#author\"},\"publisher\":{\"@id\":\"https:\\\/\\\/www.immo-invest.ch\\\/fr\\\/#organization\"},\"image\":{\"@type\":\"ImageObject\",\"url\":\"https:\\\/\\\/www.immo-invest.ch\\\/wp-content\\\/uploads\\\/2021\\\/04\\\/zusammenarbeit-3.jpg\",\"width\":1200,\"height\":628},\"datePublished\":\"2024-07-19T11:04:59+02:00\",\"dateModified\":\"2024-07-19T12:33:21+02:00\",\"inLanguage\":\"fr-FR\",\"mainEntityOfPage\":{\"@id\":\"https:\\\/\\\/www.immo-invest.ch\\\/fr\\\/vier-ostschweizer-kantone-staerken-zusammenarbeit-fuer-eine-vernetzte-zukunft\\\/#webpage\"},\"isPartOf\":{\"@id\":\"https:\\\/\\\/www.immo-invest.ch\\\/fr\\\/vier-ostschweizer-kantone-staerken-zusammenarbeit-fuer-eine-vernetzte-zukunft\\\/#webpage\"},\"articleSection\":\"Appenzell Ausserrhoden, Appenzell Innerrhoden, Durabilit\\u00e9, immoNews, Saint-Gall, Thurgovie, Bodenseeraum, Handlung, immobilien, Immoinvest, immoNews, Kooperation, News, \\u00d6ffentlichkeit, Ostschweiz, Verwaltung, wirtschaft, Zusammenarbeit, Facultatif\"},{\"@type\":\"BreadcrumbList\",\"@id\":\"https:\\\/\\\/www.immo-invest.ch\\\/fr\\\/vier-ostschweizer-kantone-staerken-zusammenarbeit-fuer-eine-vernetzte-zukunft\\\/#breadcrumblist\",\"itemListElement\":[{\"@type\":\"ListItem\",\"@id\":\"https:\\\/\\\/www.immo-invest.ch\\\/fr\\\/#listItem\",\"position\":1,\"name\":\"Home\",\"item\":\"https:\\\/\\\/www.immo-invest.ch\\\/fr\\\/\",\"nextItem\":{\"@type\":\"ListItem\",\"@id\":\"https:\\\/\\\/www.immo-invest.ch\\\/fr\\\/categories\\\/regions\\\/#listItem\",\"name\":\"R\\u00e9gions\"}},{\"@type\":\"ListItem\",\"@id\":\"https:\\\/\\\/www.immo-invest.ch\\\/fr\\\/categories\\\/regions\\\/#listItem\",\"position\":2,\"name\":\"R\\u00e9gions\",\"item\":\"https:\\\/\\\/www.immo-invest.ch\\\/fr\\\/categories\\\/regions\\\/\",\"nextItem\":{\"@type\":\"ListItem\",\"@id\":\"https:\\\/\\\/www.immo-invest.ch\\\/fr\\\/categories\\\/regions\\\/suisse\\\/#listItem\",\"name\":\"Suisse\"},\"previousItem\":{\"@type\":\"ListItem\",\"@id\":\"https:\\\/\\\/www.immo-invest.ch\\\/fr\\\/#listItem\",\"name\":\"Home\"}},{\"@type\":\"ListItem\",\"@id\":\"https:\\\/\\\/www.immo-invest.ch\\\/fr\\\/categories\\\/regions\\\/suisse\\\/#listItem\",\"position\":3,\"name\":\"Suisse\",\"item\":\"https:\\\/\\\/www.immo-invest.ch\\\/fr\\\/categories\\\/regions\\\/suisse\\\/\",\"nextItem\":{\"@type\":\"ListItem\",\"@id\":\"https:\\\/\\\/www.immo-invest.ch\\\/fr\\\/categories\\\/regions\\\/suisse\\\/suisse-orientale\\\/#listItem\",\"name\":\"Suisse orientale\"},\"previousItem\":{\"@type\":\"ListItem\",\"@id\":\"https:\\\/\\\/www.immo-invest.ch\\\/fr\\\/categories\\\/regions\\\/#listItem\",\"name\":\"R\\u00e9gions\"}},{\"@type\":\"ListItem\",\"@id\":\"https:\\\/\\\/www.immo-invest.ch\\\/fr\\\/categories\\\/regions\\\/suisse\\\/suisse-orientale\\\/#listItem\",\"position\":4,\"name\":\"Suisse orientale\",\"item\":\"https:\\\/\\\/www.immo-invest.ch\\\/fr\\\/categories\\\/regions\\\/suisse\\\/suisse-orientale\\\/\",\"nextItem\":{\"@type\":\"ListItem\",\"@id\":\"https:\\\/\\\/www.immo-invest.ch\\\/fr\\\/categories\\\/regions\\\/suisse\\\/suisse-orientale\\\/region-saint-gall\\\/#listItem\",\"name\":\"Saint-Gall\"},\"previousItem\":{\"@type\":\"ListItem\",\"@id\":\"https:\\\/\\\/www.immo-invest.ch\\\/fr\\\/categories\\\/regions\\\/suisse\\\/#listItem\",\"name\":\"Suisse\"}},{\"@type\":\"ListItem\",\"@id\":\"https:\\\/\\\/www.immo-invest.ch\\\/fr\\\/categories\\\/regions\\\/suisse\\\/suisse-orientale\\\/region-saint-gall\\\/#listItem\",\"position\":5,\"name\":\"Saint-Gall\",\"item\":\"https:\\\/\\\/www.immo-invest.ch\\\/fr\\\/categories\\\/regions\\\/suisse\\\/suisse-orientale\\\/region-saint-gall\\\/\",\"nextItem\":{\"@type\":\"ListItem\",\"@id\":\"https:\\\/\\\/www.immo-invest.ch\\\/fr\\\/vier-ostschweizer-kantone-staerken-zusammenarbeit-fuer-eine-vernetzte-zukunft\\\/#listItem\",\"name\":\"Quatre cantons de Suisse orientale renforcent leur coop\\u00e9ration pour un avenir en r\\u00e9seau\"},\"previousItem\":{\"@type\":\"ListItem\",\"@id\":\"https:\\\/\\\/www.immo-invest.ch\\\/fr\\\/categories\\\/regions\\\/suisse\\\/suisse-orientale\\\/#listItem\",\"name\":\"Suisse orientale\"}},{\"@type\":\"ListItem\",\"@id\":\"https:\\\/\\\/www.immo-invest.ch\\\/fr\\\/vier-ostschweizer-kantone-staerken-zusammenarbeit-fuer-eine-vernetzte-zukunft\\\/#listItem\",\"position\":6,\"name\":\"Quatre cantons de Suisse orientale renforcent leur coop\\u00e9ration pour un avenir en r\\u00e9seau\",\"previousItem\":{\"@type\":\"ListItem\",\"@id\":\"https:\\\/\\\/www.immo-invest.ch\\\/fr\\\/categories\\\/regions\\\/suisse\\\/suisse-orientale\\\/region-saint-gall\\\/#listItem\",\"name\":\"Saint-Gall\"}}]},{\"@type\":\"Organization\",\"@id\":\"https:\\\/\\\/www.immo-invest.ch\\\/fr\\\/#organization\",\"name\":\"immo!nvest - Die Plattform f\\u00fcr Standorte und Immobilien\",\"description\":\"Die\\u00a0Plattform f\\u00fcr Standorte und Immobilien\",\"url\":\"https:\\\/\\\/www.immo-invest.ch\\\/fr\\\/\",\"email\":\"admin@immomedia.ag\",\"telephone\":\"+41444420002\",\"logo\":{\"@type\":\"ImageObject\",\"url\":\"https:\\\/\\\/www.immo-invest.ch\\\/wp-content\\\/uploads\\\/2024\\\/09\\\/immoinvest_sm-scaled.jpg\",\"@id\":\"https:\\\/\\\/www.immo-invest.ch\\\/fr\\\/vier-ostschweizer-kantone-staerken-zusammenarbeit-fuer-eine-vernetzte-zukunft\\\/#organizationLogo\",\"width\":2560,\"height\":1340},\"image\":{\"@id\":\"https:\\\/\\\/www.immo-invest.ch\\\/fr\\\/vier-ostschweizer-kantone-staerken-zusammenarbeit-fuer-eine-vernetzte-zukunft\\\/#organizationLogo\"},\"sameAs\":[\"https:\\\/\\\/www.facebook.com\\\/people\\\/Immoinvest\\\/100077962920504\\\/\",\"https:\\\/\\\/x.com\\\/i\\\/flow\\\/login?redirect_after_login=immoinvest_ch\",\"https:\\\/\\\/www.instagram.com\\\/immoinvest_ch\\\/\",\"https:\\\/\\\/www.linkedin.com\\\/company\\\/immoinvest-swiss\"]},{\"@type\":\"Person\",\"@id\":\"https:\\\/\\\/www.immo-invest.ch\\\/fr\\\/author\\\/immovestuser\\\/#author\",\"url\":\"https:\\\/\\\/www.immo-invest.ch\\\/fr\\\/author\\\/immovestuser\\\/\",\"name\":\"immovestuser\",\"image\":{\"@type\":\"ImageObject\",\"@id\":\"https:\\\/\\\/www.immo-invest.ch\\\/fr\\\/vier-ostschweizer-kantone-staerken-zusammenarbeit-fuer-eine-vernetzte-zukunft\\\/#authorImage\",\"url\":\"https:\\\/\\\/secure.gravatar.com\\\/avatar\\\/8e01f4d99f2eeea7a362ebb93305e1172a70e9293ba250f897a65c39f54cdd1e?s=96&d=mm&r=g\",\"width\":96,\"height\":96,\"caption\":\"immovestuser\"}},{\"@type\":\"WebPage\",\"@id\":\"https:\\\/\\\/www.immo-invest.ch\\\/fr\\\/vier-ostschweizer-kantone-staerken-zusammenarbeit-fuer-eine-vernetzte-zukunft\\\/#webpage\",\"url\":\"https:\\\/\\\/www.immo-invest.ch\\\/fr\\\/vier-ostschweizer-kantone-staerken-zusammenarbeit-fuer-eine-vernetzte-zukunft\\\/\",\"name\":\"Quatre cantons de Suisse orientale renforcent leur coop\\u00e9ration pour un avenir en r\\u00e9seau - immo!nvest - Die Plattform f\\u00fcr Standorte und Immobilien\",\"description\":\"Les cantons de Saint-Gall, Appenzell Rhodes-Ext\\u00e9rieures, Appenzell Rhodes-Int\\u00e9rieures et Thurgovie ont sign\\u00e9 une d\\u00e9claration commune pour une collaboration strat\\u00e9gique plus \\u00e9troite. L'objectif est de renforcer la Suisse orientale en regroupant les forces et en trouvant des solutions communes.\",\"inLanguage\":\"fr-FR\",\"isPartOf\":{\"@id\":\"https:\\\/\\\/www.immo-invest.ch\\\/fr\\\/#website\"},\"breadcrumb\":{\"@id\":\"https:\\\/\\\/www.immo-invest.ch\\\/fr\\\/vier-ostschweizer-kantone-staerken-zusammenarbeit-fuer-eine-vernetzte-zukunft\\\/#breadcrumblist\"},\"author\":{\"@id\":\"https:\\\/\\\/www.immo-invest.ch\\\/fr\\\/author\\\/immovestuser\\\/#author\"},\"creator\":{\"@id\":\"https:\\\/\\\/www.immo-invest.ch\\\/fr\\\/author\\\/immovestuser\\\/#author\"},\"image\":{\"@type\":\"ImageObject\",\"url\":\"https:\\\/\\\/www.immo-invest.ch\\\/wp-content\\\/uploads\\\/2021\\\/04\\\/zusammenarbeit-3.jpg\",\"@id\":\"https:\\\/\\\/www.immo-invest.ch\\\/fr\\\/vier-ostschweizer-kantone-staerken-zusammenarbeit-fuer-eine-vernetzte-zukunft\\\/#mainImage\",\"width\":1200,\"height\":628},\"primaryImageOfPage\":{\"@id\":\"https:\\\/\\\/www.immo-invest.ch\\\/fr\\\/vier-ostschweizer-kantone-staerken-zusammenarbeit-fuer-eine-vernetzte-zukunft\\\/#mainImage\"},\"datePublished\":\"2024-07-19T11:04:59+02:00\",\"dateModified\":\"2024-07-19T12:33:21+02:00\"},{\"@type\":\"WebSite\",\"@id\":\"https:\\\/\\\/www.immo-invest.ch\\\/fr\\\/#website\",\"url\":\"https:\\\/\\\/www.immo-invest.ch\\\/fr\\\/\",\"name\":\"immo!nvest - Die Plattform f\\u00fcr Standorte und Immobilien\",\"description\":\"Die\\u00a0Plattform f\\u00fcr Standorte und Immobilien\",\"inLanguage\":\"fr-FR\",\"publisher\":{\"@id\":\"https:\\\/\\\/www.immo-invest.ch\\\/fr\\\/#organization\"}}]}\n\t\t<\/script>\n\t\t<!-- All in One SEO -->\n\n","aioseo_head_json":{"title":"Quatre cantons de Suisse orientale renforcent leur coop\u00e9ration pour un avenir en r\u00e9seau - immo!nvest - Die Plattform f\u00fcr Standorte und Immobilien","description":"Les cantons de Saint-Gall, Appenzell Rhodes-Ext\u00e9rieures, Appenzell Rhodes-Int\u00e9rieures et Thurgovie ont sign\u00e9 une d\u00e9claration commune pour une collaboration strat\u00e9gique plus \u00e9troite. L'objectif est de renforcer la Suisse orientale en regroupant les forces et en trouvant des solutions communes.","canonical_url":"https:\/\/www.immo-invest.ch\/fr\/vier-ostschweizer-kantone-staerken-zusammenarbeit-fuer-eine-vernetzte-zukunft\/","robots":"max-image-preview:large","keywords":"","webmasterTools":{"google-site-verification":"fHJKvgWpZCR2zVBHWfkQeFXC11qieUSff0HGNYfuyLA","miscellaneous":""},"schema":{"@context":"https:\/\/schema.org","@graph":[{"@type":"BlogPosting","@id":"https:\/\/www.immo-invest.ch\/fr\/vier-ostschweizer-kantone-staerken-zusammenarbeit-fuer-eine-vernetzte-zukunft\/#blogposting","name":"Quatre cantons de Suisse orientale renforcent leur coop\u00e9ration pour un avenir en r\u00e9seau - immo!nvest - Die Plattform f\u00fcr Standorte und Immobilien","headline":"Quatre cantons de Suisse orientale renforcent leur coop\u00e9ration pour un avenir en r\u00e9seau","author":{"@id":"https:\/\/www.immo-invest.ch\/fr\/author\/immovestuser\/#author"},"publisher":{"@id":"https:\/\/www.immo-invest.ch\/fr\/#organization"},"image":{"@type":"ImageObject","url":"https:\/\/www.immo-invest.ch\/wp-content\/uploads\/2021\/04\/zusammenarbeit-3.jpg","width":1200,"height":628},"datePublished":"2024-07-19T11:04:59+02:00","dateModified":"2024-07-19T12:33:21+02:00","inLanguage":"fr-FR","mainEntityOfPage":{"@id":"https:\/\/www.immo-invest.ch\/fr\/vier-ostschweizer-kantone-staerken-zusammenarbeit-fuer-eine-vernetzte-zukunft\/#webpage"},"isPartOf":{"@id":"https:\/\/www.immo-invest.ch\/fr\/vier-ostschweizer-kantone-staerken-zusammenarbeit-fuer-eine-vernetzte-zukunft\/#webpage"},"articleSection":"Appenzell Ausserrhoden, Appenzell Innerrhoden, Durabilit\u00e9, immoNews, Saint-Gall, Thurgovie, Bodenseeraum, Handlung, immobilien, Immoinvest, immoNews, Kooperation, News, \u00d6ffentlichkeit, Ostschweiz, Verwaltung, wirtschaft, Zusammenarbeit, Facultatif"},{"@type":"BreadcrumbList","@id":"https:\/\/www.immo-invest.ch\/fr\/vier-ostschweizer-kantone-staerken-zusammenarbeit-fuer-eine-vernetzte-zukunft\/#breadcrumblist","itemListElement":[{"@type":"ListItem","@id":"https:\/\/www.immo-invest.ch\/fr\/#listItem","position":1,"name":"Home","item":"https:\/\/www.immo-invest.ch\/fr\/","nextItem":{"@type":"ListItem","@id":"https:\/\/www.immo-invest.ch\/fr\/categories\/regions\/#listItem","name":"R\u00e9gions"}},{"@type":"ListItem","@id":"https:\/\/www.immo-invest.ch\/fr\/categories\/regions\/#listItem","position":2,"name":"R\u00e9gions","item":"https:\/\/www.immo-invest.ch\/fr\/categories\/regions\/","nextItem":{"@type":"ListItem","@id":"https:\/\/www.immo-invest.ch\/fr\/categories\/regions\/suisse\/#listItem","name":"Suisse"},"previousItem":{"@type":"ListItem","@id":"https:\/\/www.immo-invest.ch\/fr\/#listItem","name":"Home"}},{"@type":"ListItem","@id":"https:\/\/www.immo-invest.ch\/fr\/categories\/regions\/suisse\/#listItem","position":3,"name":"Suisse","item":"https:\/\/www.immo-invest.ch\/fr\/categories\/regions\/suisse\/","nextItem":{"@type":"ListItem","@id":"https:\/\/www.immo-invest.ch\/fr\/categories\/regions\/suisse\/suisse-orientale\/#listItem","name":"Suisse orientale"},"previousItem":{"@type":"ListItem","@id":"https:\/\/www.immo-invest.ch\/fr\/categories\/regions\/#listItem","name":"R\u00e9gions"}},{"@type":"ListItem","@id":"https:\/\/www.immo-invest.ch\/fr\/categories\/regions\/suisse\/suisse-orientale\/#listItem","position":4,"name":"Suisse orientale","item":"https:\/\/www.immo-invest.ch\/fr\/categories\/regions\/suisse\/suisse-orientale\/","nextItem":{"@type":"ListItem","@id":"https:\/\/www.immo-invest.ch\/fr\/categories\/regions\/suisse\/suisse-orientale\/region-saint-gall\/#listItem","name":"Saint-Gall"},"previousItem":{"@type":"ListItem","@id":"https:\/\/www.immo-invest.ch\/fr\/categories\/regions\/suisse\/#listItem","name":"Suisse"}},{"@type":"ListItem","@id":"https:\/\/www.immo-invest.ch\/fr\/categories\/regions\/suisse\/suisse-orientale\/region-saint-gall\/#listItem","position":5,"name":"Saint-Gall","item":"https:\/\/www.immo-invest.ch\/fr\/categories\/regions\/suisse\/suisse-orientale\/region-saint-gall\/","nextItem":{"@type":"ListItem","@id":"https:\/\/www.immo-invest.ch\/fr\/vier-ostschweizer-kantone-staerken-zusammenarbeit-fuer-eine-vernetzte-zukunft\/#listItem","name":"Quatre cantons de Suisse orientale renforcent leur coop\u00e9ration pour un avenir en r\u00e9seau"},"previousItem":{"@type":"ListItem","@id":"https:\/\/www.immo-invest.ch\/fr\/categories\/regions\/suisse\/suisse-orientale\/#listItem","name":"Suisse orientale"}},{"@type":"ListItem","@id":"https:\/\/www.immo-invest.ch\/fr\/vier-ostschweizer-kantone-staerken-zusammenarbeit-fuer-eine-vernetzte-zukunft\/#listItem","position":6,"name":"Quatre cantons de Suisse orientale renforcent leur coop\u00e9ration pour un avenir en r\u00e9seau","previousItem":{"@type":"ListItem","@id":"https:\/\/www.immo-invest.ch\/fr\/categories\/regions\/suisse\/suisse-orientale\/region-saint-gall\/#listItem","name":"Saint-Gall"}}]},{"@type":"Organization","@id":"https:\/\/www.immo-invest.ch\/fr\/#organization","name":"immo!nvest - Die Plattform f\u00fcr Standorte und Immobilien","description":"Die\u00a0Plattform f\u00fcr Standorte und Immobilien","url":"https:\/\/www.immo-invest.ch\/fr\/","email":"admin@immomedia.ag","telephone":"+41444420002","logo":{"@type":"ImageObject","url":"https:\/\/www.immo-invest.ch\/wp-content\/uploads\/2024\/09\/immoinvest_sm-scaled.jpg","@id":"https:\/\/www.immo-invest.ch\/fr\/vier-ostschweizer-kantone-staerken-zusammenarbeit-fuer-eine-vernetzte-zukunft\/#organizationLogo","width":2560,"height":1340},"image":{"@id":"https:\/\/www.immo-invest.ch\/fr\/vier-ostschweizer-kantone-staerken-zusammenarbeit-fuer-eine-vernetzte-zukunft\/#organizationLogo"},"sameAs":["https:\/\/www.facebook.com\/people\/Immoinvest\/100077962920504\/","https:\/\/x.com\/i\/flow\/login?redirect_after_login=immoinvest_ch","https:\/\/www.instagram.com\/immoinvest_ch\/","https:\/\/www.linkedin.com\/company\/immoinvest-swiss"]},{"@type":"Person","@id":"https:\/\/www.immo-invest.ch\/fr\/author\/immovestuser\/#author","url":"https:\/\/www.immo-invest.ch\/fr\/author\/immovestuser\/","name":"immovestuser","image":{"@type":"ImageObject","@id":"https:\/\/www.immo-invest.ch\/fr\/vier-ostschweizer-kantone-staerken-zusammenarbeit-fuer-eine-vernetzte-zukunft\/#authorImage","url":"https:\/\/secure.gravatar.com\/avatar\/8e01f4d99f2eeea7a362ebb93305e1172a70e9293ba250f897a65c39f54cdd1e?s=96&d=mm&r=g","width":96,"height":96,"caption":"immovestuser"}},{"@type":"WebPage","@id":"https:\/\/www.immo-invest.ch\/fr\/vier-ostschweizer-kantone-staerken-zusammenarbeit-fuer-eine-vernetzte-zukunft\/#webpage","url":"https:\/\/www.immo-invest.ch\/fr\/vier-ostschweizer-kantone-staerken-zusammenarbeit-fuer-eine-vernetzte-zukunft\/","name":"Quatre cantons de Suisse orientale renforcent leur coop\u00e9ration pour un avenir en r\u00e9seau - immo!nvest - Die Plattform f\u00fcr Standorte und Immobilien","description":"Les cantons de Saint-Gall, Appenzell Rhodes-Ext\u00e9rieures, Appenzell Rhodes-Int\u00e9rieures et Thurgovie ont sign\u00e9 une d\u00e9claration commune pour une collaboration strat\u00e9gique plus \u00e9troite. L'objectif est de renforcer la Suisse orientale en regroupant les forces et en trouvant des solutions communes.","inLanguage":"fr-FR","isPartOf":{"@id":"https:\/\/www.immo-invest.ch\/fr\/#website"},"breadcrumb":{"@id":"https:\/\/www.immo-invest.ch\/fr\/vier-ostschweizer-kantone-staerken-zusammenarbeit-fuer-eine-vernetzte-zukunft\/#breadcrumblist"},"author":{"@id":"https:\/\/www.immo-invest.ch\/fr\/author\/immovestuser\/#author"},"creator":{"@id":"https:\/\/www.immo-invest.ch\/fr\/author\/immovestuser\/#author"},"image":{"@type":"ImageObject","url":"https:\/\/www.immo-invest.ch\/wp-content\/uploads\/2021\/04\/zusammenarbeit-3.jpg","@id":"https:\/\/www.immo-invest.ch\/fr\/vier-ostschweizer-kantone-staerken-zusammenarbeit-fuer-eine-vernetzte-zukunft\/#mainImage","width":1200,"height":628},"primaryImageOfPage":{"@id":"https:\/\/www.immo-invest.ch\/fr\/vier-ostschweizer-kantone-staerken-zusammenarbeit-fuer-eine-vernetzte-zukunft\/#mainImage"},"datePublished":"2024-07-19T11:04:59+02:00","dateModified":"2024-07-19T12:33:21+02:00"},{"@type":"WebSite","@id":"https:\/\/www.immo-invest.ch\/fr\/#website","url":"https:\/\/www.immo-invest.ch\/fr\/","name":"immo!nvest - Die Plattform f\u00fcr Standorte und Immobilien","description":"Die\u00a0Plattform f\u00fcr Standorte und Immobilien","inLanguage":"fr-FR","publisher":{"@id":"https:\/\/www.immo-invest.ch\/fr\/#organization"}}]},"og:locale":"fr_FR","og:site_name":"immo!nvest - Die Plattform f\u00fcr Standorte und Immobilien - Die\u00a0Plattform f\u00fcr Standorte und Immobilien","og:type":"article","og:title":"Quatre cantons de Suisse orientale renforcent leur coop\u00e9ration pour un avenir en r\u00e9seau - immo!nvest - Die Plattform f\u00fcr Standorte und Immobilien","og:description":"Les cantons de Saint-Gall, Appenzell Rhodes-Ext\u00e9rieures, Appenzell Rhodes-Int\u00e9rieures et Thurgovie ont sign\u00e9 une d\u00e9claration commune pour une collaboration strat\u00e9gique plus \u00e9troite. L'objectif est de renforcer la Suisse orientale en regroupant les forces et en trouvant des solutions communes.","og:url":"https:\/\/www.immo-invest.ch\/fr\/vier-ostschweizer-kantone-staerken-zusammenarbeit-fuer-eine-vernetzte-zukunft\/","og:image":"https:\/\/www.immo-invest.ch\/wp-content\/uploads\/2021\/04\/zusammenarbeit-3.jpg","og:image:secure_url":"https:\/\/www.immo-invest.ch\/wp-content\/uploads\/2021\/04\/zusammenarbeit-3.jpg","og:image:width":1200,"og:image:height":628,"article:published_time":"2024-07-19T09:04:59+00:00","article:modified_time":"2024-07-19T10:33:21+00:00","article:publisher":"https:\/\/www.facebook.com\/people\/Immoinvest\/100077962920504\/","twitter:card":"summary_large_image","twitter:site":"@i","twitter:title":"Quatre cantons de Suisse orientale renforcent leur coop\u00e9ration pour un avenir en r\u00e9seau - immo!nvest - Die Plattform f\u00fcr Standorte und Immobilien","twitter:description":"Les cantons de Saint-Gall, Appenzell Rhodes-Ext\u00e9rieures, Appenzell Rhodes-Int\u00e9rieures et Thurgovie ont sign\u00e9 une d\u00e9claration commune pour une collaboration strat\u00e9gique plus \u00e9troite. L'objectif est de renforcer la Suisse orientale en regroupant les forces et en trouvant des solutions communes.","twitter:creator":"@i","twitter:image":"https:\/\/www.immo-invest.ch\/wp-content\/uploads\/2021\/04\/zusammenarbeit-3.jpg"},"aioseo_meta_data":{"post_id":"110631","title":null,"description":null,"keywords":null,"keyphrases":null,"primary_term":null,"canonical_url":null,"og_title":null,"og_description":null,"og_object_type":"default","og_image_type":"default","og_image_url":null,"og_image_width":null,"og_image_height":null,"og_image_custom_url":null,"og_image_custom_fields":null,"og_video":null,"og_custom_url":null,"og_article_section":null,"og_article_tags":null,"twitter_use_og":false,"twitter_card":"default","twitter_image_type":"default","twitter_image_url":null,"twitter_image_custom_url":null,"twitter_image_custom_fields":null,"twitter_title":null,"twitter_description":null,"schema":{"blockGraphs":[],"customGraphs":[],"default":{"data":{"Article":[],"Course":[],"Dataset":[],"FAQPage":[],"Movie":[],"Person":[],"Product":[],"ProductReview":[],"Car":[],"Recipe":[],"Service":[],"SoftwareApplication":[],"WebPage":[]},"graphName":"","isEnabled":true},"graphs":[]},"schema_type":"default","schema_type_options":null,"pillar_content":false,"robots_default":true,"robots_noindex":false,"robots_noarchive":false,"robots_nosnippet":false,"robots_nofollow":false,"robots_noimageindex":false,"robots_noodp":false,"robots_notranslate":false,"robots_max_snippet":null,"robots_max_videopreview":null,"robots_max_imagepreview":"large","priority":null,"frequency":null,"local_seo":null,"breadcrumb_settings":null,"limit_modified_date":false,"ai":null,"created":"2024-09-21 00:16:58","updated":"2025-10-24 06:35:12","seo_analyzer_scan_date":null,"focus_keyword":null,"additional_keywords":null,"truseo_locale":null},"aioseo_breadcrumb":"<div class=\"aioseo-breadcrumbs\"><span class=\"aioseo-breadcrumb\">\n\t\t\t<a href=\"https:\/\/www.immo-invest.ch\/fr\/\" title=\"Home\">Home<\/a>\n\t\t<\/span><span class=\"aioseo-breadcrumb-separator\">&raquo;<\/span><span class=\"aioseo-breadcrumb\">\n\t\t\t<a href=\"https:\/\/www.immo-invest.ch\/fr\/categories\/regions\/\" title=\"R\u00e9gions\">R\u00e9gions<\/a>\n\t\t<\/span><span class=\"aioseo-breadcrumb-separator\">&raquo;<\/span><span class=\"aioseo-breadcrumb\">\n\t\t\t<a href=\"https:\/\/www.immo-invest.ch\/fr\/categories\/regions\/suisse\/\" title=\"Suisse\">Suisse<\/a>\n\t\t<\/span><span class=\"aioseo-breadcrumb-separator\">&raquo;<\/span><span class=\"aioseo-breadcrumb\">\n\t\t\t<a href=\"https:\/\/www.immo-invest.ch\/fr\/categories\/regions\/suisse\/suisse-orientale\/\" title=\"Suisse orientale\">Suisse orientale<\/a>\n\t\t<\/span><span class=\"aioseo-breadcrumb-separator\">&raquo;<\/span><span class=\"aioseo-breadcrumb\">\n\t\t\t<a href=\"https:\/\/www.immo-invest.ch\/fr\/categories\/regions\/suisse\/suisse-orientale\/region-saint-gall\/\" title=\"Saint-Gall\">Saint-Gall<\/a>\n\t\t<\/span><span class=\"aioseo-breadcrumb-separator\">&raquo;<\/span><span class=\"aioseo-breadcrumb\">\n\t\t\tQuatre cantons de Suisse orientale renforcent leur coop\u00e9ration pour un avenir en r\u00e9seau\n\t\t<\/span><\/div>","aioseo_breadcrumb_json":[{"label":"Home","link":"https:\/\/www.immo-invest.ch\/fr\/"},{"label":"R\u00e9gions","link":"https:\/\/www.immo-invest.ch\/fr\/categories\/regions\/"},{"label":"Suisse","link":"https:\/\/www.immo-invest.ch\/fr\/categories\/regions\/suisse\/"},{"label":"Suisse orientale","link":"https:\/\/www.immo-invest.ch\/fr\/categories\/regions\/suisse\/suisse-orientale\/"},{"label":"Saint-Gall","link":"https:\/\/www.immo-invest.ch\/fr\/categories\/regions\/suisse\/suisse-orientale\/region-saint-gall\/"},{"label":"Quatre cantons de Suisse orientale renforcent leur coop\u00e9ration pour un avenir en r\u00e9seau","link":"https:\/\/www.immo-invest.ch\/fr\/vier-ostschweizer-kantone-staerken-zusammenarbeit-fuer-eine-vernetzte-zukunft\/"}],"featured_image_src":"https:\/\/www.immo-invest.ch\/wp-content\/uploads\/2021\/04\/zusammenarbeit-3-150x150.jpg","_links":{"self":[{"href":"https:\/\/www.immo-invest.ch\/fr\/wp-json\/wp\/v2\/posts\/110631","targetHints":{"allow":["GET"]}}],"collection":[{"href":"https:\/\/www.immo-invest.ch\/fr\/wp-json\/wp\/v2\/posts"}],"about":[{"href":"https:\/\/www.immo-invest.ch\/fr\/wp-json\/wp\/v2\/types\/post"}],"author":[{"embeddable":true,"href":"https:\/\/www.immo-invest.ch\/fr\/wp-json\/wp\/v2\/users\/2"}],"replies":[{"embeddable":true,"href":"https:\/\/www.immo-invest.ch\/fr\/wp-json\/wp\/v2\/comments?post=110631"}],"version-history":[{"count":0,"href":"https:\/\/www.immo-invest.ch\/fr\/wp-json\/wp\/v2\/posts\/110631\/revisions"}],"wp:featuredmedia":[{"embeddable":true,"href":"https:\/\/www.immo-invest.ch\/fr\/wp-json\/wp\/v2\/media\/17555"}],"wp:attachment":[{"href":"https:\/\/www.immo-invest.ch\/fr\/wp-json\/wp\/v2\/media?parent=110631"}],"wp:term":[{"taxonomy":"category","embeddable":true,"href":"https:\/\/www.immo-invest.ch\/fr\/wp-json\/wp\/v2\/categories?post=110631"},{"taxonomy":"post_tag","embeddable":true,"href":"https:\/\/www.immo-invest.ch\/fr\/wp-json\/wp\/v2\/tags?post=110631"}],"curies":[{"name":"wp","href":"https:\/\/api.w.org\/{rel}","templated":true}]}}