{"id":110293,"date":"2024-07-25T16:00:00","date_gmt":"2024-07-25T14:00:00","guid":{"rendered":"https:\/\/www.immo-invest.ch\/?p=110293"},"modified":"2024-07-17T10:23:24","modified_gmt":"2024-07-17T08:23:24","slug":"neue-partnerschaft-foerdert-regionale-vernetzung-in-der-ostschweiz","status":"publish","type":"post","link":"https:\/\/www.immo-invest.ch\/fr\/neue-partnerschaft-foerdert-regionale-vernetzung-in-der-ostschweiz\/","title":{"rendered":"Un nouveau partenariat favorise la mise en r\u00e9seau r\u00e9gionale en Suisse orientale"},"content":{"rendered":"<p class=\"bodytext\">L&rsquo;association <a href=\"https:\/\/www.itrockt.ch\/\" target=\"_blank\" rel=\"noopener\">IT rockt !<\/a>, bas&eacute;e &agrave; Saint-Gall, et <a href=\"https:\/\/www.collektiv.ch\/\" target=\"_blank\" rel=\"noopener\">collektiv AG<\/a> collaboreront &agrave; l&rsquo;avenir. Comme l&rsquo;indique un communiqu&eacute;, IT rockt ! va s&rsquo;installer dans les locaux du coworking Occupera des locaux dans l&rsquo;espace de coworking collektiv (st.gallen). Ainsi, IT rockt ! sera &laquo;&nbsp;au c&oelig;ur de l&rsquo;action&nbsp;&raquo;, ce qui permettra au <span class=\"glossaryLink\" aria-describedby=\"tt\" data-cmtooltip=\"&lt;div class=glossaryItemTitle&gt;Cluster&lt;\/div&gt;&lt;div class=glossaryItemBody&gt;Marketingbegriff f&uuml;r eine Nutzergruppe mit &auml;hnlichen Anforderungen an eine Immobilie. In der Standortf&ouml;rderung spricht man von Cluster, wenn Unternehmen aus der gleichen Branche vernetzt werden&lt;\/div&gt;\" data-mobile-support=\"0\" data-gt-translate-attributes='[{\"attribute\":\"data-cmtooltip\", \"format\":\"html\"}]' tabindex=\"0\" role=\"link\">cluster<\/span> informatique de Suisse orientale d&rsquo;&eacute;largir son offre pour ses membres et ses collaborateurs. A partir de septembre, IT rockt ! sera &eacute;galement plus flexible qu&rsquo;auparavant pour l&rsquo;organisation d&rsquo;&eacute;v&eacute;nements au collektiv (st.gallen).<\/p>\n<p class=\"bodytext\">Selon le communiqu&eacute;, la collaboration entre les deux organisations favorise les &eacute;changes sur le terrain. Le r&eacute;seau r&eacute;gional sera ainsi encourag&eacute;. &laquo;&nbsp;Nous sommes tr&egrave;s heureux de travailler avec collektiv (st.gallen)&nbsp;&raquo;, d&eacute;clare Eva De Salvatore, directrice g&eacute;n&eacute;rale d&rsquo;IT rockt !, cit&eacute;e dans le communiqu&eacute;. &laquo;&nbsp;L&rsquo;atmosph&egrave;re stimulante cr&eacute;e des conditions id&eacute;ales pour notre communaut&eacute; informatique, et la r&eacute;gion b&eacute;n&eacute;ficiera d&rsquo;une offre aussi enrichissante&nbsp;&raquo;<\/p>\n<p class=\"bodytext\">&laquo;&nbsp;C&rsquo;est formidable d&rsquo;avoir un partenaire comme IT rockt ! &agrave; nos c&ocirc;t&eacute;s&nbsp;&raquo;, ajoute Majid Parente, fondateur et PDG de collektiv AG.<\/p>\n","protected":false},"excerpt":{"rendered":"<p>L&rsquo;association IT rockt ! et collektiv AG ont conclu un accord de coop\u00e9ration. Les deux organisations souhaitent ainsi renforcer le r\u00e9seau r\u00e9gional.<\/p>\n","protected":false},"author":2,"featured_media":61262,"comment_status":"open","ping_status":"open","sticky":false,"template":"","format":"standard","meta":{"pmpro_default_level":"","inline_featured_image":false,"_monsterinsights_skip_tracking":false,"footnotes":""},"categories":[22699,22696,743,8735,9442],"tags":[33472,17048,848,872,3931,48615,5641,48616,5528,17031],"class_list":["post-110293","post","type-post","status-publish","format-standard","has-post-thumbnail","hentry","category-durabilite","category-entreprise","category-immonews-fr","category-proptech-fr","category-region-saint-gall","tag-coworking-space-fr","tag-gemeinschaft-fr","tag-immobilien-fr","tag-immoinvest-fr","tag-immonews-fr","tag-it-cluster-fr","tag-kooperation-fr","tag-regionale-vernetzung-fr","tag-st-gallen-3-fr","tag-veranstaltungen-fr","pmpro-has-access"],"acf":{"bild_mit_ki_erstellt_worden":[],"lead":"Der Verein IT rockt! und die collektiv AG haben eine Vereinbarung zur Zusammenarbeit geschlossen. Beide Organisationen wollen damit die regionale Vernetzung st\u00e4rken.","autor":"ce\/ww","ort":"St.Gallen","bildunterschrift":"","bild_im_grid":false,"gallerie":"","newsim":""},"aioseo_notices":[],"aioseo_head":"\n\t\t<!-- All in One SEO 5.0.0.1 - aioseo.com -->\n\t<meta name=\"description\" content=\"L&#039;association IT rockt ! et collektiv AG ont conclu un accord de coop\u00e9ration. Les deux organisations souhaitent ainsi renforcer le r\u00e9seau r\u00e9gional.\" \/>\n\t<meta name=\"robots\" content=\"max-image-preview:large\" \/>\n\t<meta name=\"author\" content=\"immovestuser\"\/>\n\t<meta name=\"google-site-verification\" content=\"fHJKvgWpZCR2zVBHWfkQeFXC11qieUSff0HGNYfuyLA\" \/>\n\t<link rel=\"canonical\" href=\"https:\/\/www.immo-invest.ch\/fr\/neue-partnerschaft-foerdert-regionale-vernetzung-in-der-ostschweiz\/\" \/>\n\t<meta name=\"generator\" content=\"All in One SEO (AIOSEO) 5.0.0.1\" \/>\n\t\t<meta property=\"og:locale\" content=\"fr_FR\" \/>\n\t\t<meta property=\"og:site_name\" content=\"immo!nvest - Die Plattform f\u00fcr Standorte und Immobilien - Die\u00a0Plattform f\u00fcr Standorte und Immobilien\" \/>\n\t\t<meta property=\"og:type\" content=\"article\" \/>\n\t\t<meta property=\"og:title\" content=\"Un nouveau partenariat favorise la mise en r\u00e9seau r\u00e9gionale en Suisse orientale - immo!nvest - Die Plattform f\u00fcr Standorte und Immobilien\" \/>\n\t\t<meta property=\"og:description\" content=\"L&#039;association IT rockt ! et collektiv AG ont conclu un accord de coop\u00e9ration. Les deux organisations souhaitent ainsi renforcer le r\u00e9seau r\u00e9gional.\" \/>\n\t\t<meta property=\"og:url\" content=\"https:\/\/www.immo-invest.ch\/fr\/neue-partnerschaft-foerdert-regionale-vernetzung-in-der-ostschweiz\/\" \/>\n\t\t<meta property=\"og:image\" content=\"https:\/\/www.immo-invest.ch\/wp-content\/uploads\/2023\/08\/Gebaeudemanagement_Digitalisierung_Smarthome_6.png\" \/>\n\t\t<meta property=\"og:image:secure_url\" content=\"https:\/\/www.immo-invest.ch\/wp-content\/uploads\/2023\/08\/Gebaeudemanagement_Digitalisierung_Smarthome_6.png\" \/>\n\t\t<meta property=\"og:image:width\" content=\"1024\" \/>\n\t\t<meta property=\"og:image:height\" content=\"1024\" \/>\n\t\t<meta property=\"article:published_time\" content=\"2024-07-25T14:00:00+00:00\" \/>\n\t\t<meta property=\"article:modified_time\" content=\"2024-07-17T08:23:24+00:00\" \/>\n\t\t<meta property=\"article:publisher\" content=\"https:\/\/www.facebook.com\/people\/Immoinvest\/100077962920504\/\" \/>\n\t\t<meta name=\"twitter:card\" content=\"summary_large_image\" \/>\n\t\t<meta name=\"twitter:site\" content=\"@i\" \/>\n\t\t<meta name=\"twitter:title\" content=\"Un nouveau partenariat favorise la mise en r\u00e9seau r\u00e9gionale en Suisse orientale - immo!nvest - Die Plattform f\u00fcr Standorte und Immobilien\" \/>\n\t\t<meta name=\"twitter:description\" content=\"L&#039;association IT rockt ! et collektiv AG ont conclu un accord de coop\u00e9ration. Les deux organisations souhaitent ainsi renforcer le r\u00e9seau r\u00e9gional.\" \/>\n\t\t<meta name=\"twitter:creator\" content=\"@i\" \/>\n\t\t<meta name=\"twitter:image\" content=\"https:\/\/www.immo-invest.ch\/wp-content\/uploads\/2023\/08\/Gebaeudemanagement_Digitalisierung_Smarthome_6.png\" \/>\n\t\t<script type=\"application\/ld+json\" class=\"aioseo-schema\">\n\t\t\t{\"@context\":\"https:\\\/\\\/schema.org\",\"@graph\":[{\"@type\":\"BlogPosting\",\"@id\":\"https:\\\/\\\/www.immo-invest.ch\\\/fr\\\/neue-partnerschaft-foerdert-regionale-vernetzung-in-der-ostschweiz\\\/#blogposting\",\"name\":\"Un nouveau partenariat favorise la mise en r\\u00e9seau r\\u00e9gionale en Suisse orientale - immo!nvest - Die Plattform f\\u00fcr Standorte und Immobilien\",\"headline\":\"Un nouveau partenariat favorise la mise en r\\u00e9seau r\\u00e9gionale en Suisse orientale\",\"author\":{\"@id\":\"https:\\\/\\\/www.immo-invest.ch\\\/fr\\\/author\\\/immovestuser\\\/#author\"},\"publisher\":{\"@id\":\"https:\\\/\\\/www.immo-invest.ch\\\/fr\\\/#organization\"},\"image\":{\"@type\":\"ImageObject\",\"url\":\"https:\\\/\\\/www.immo-invest.ch\\\/wp-content\\\/uploads\\\/2023\\\/08\\\/Gebaeudemanagement_Digitalisierung_Smarthome_6.png\",\"width\":1024,\"height\":1024},\"datePublished\":\"2024-07-25T16:00:00+02:00\",\"dateModified\":\"2024-07-17T10:23:24+02:00\",\"inLanguage\":\"fr-FR\",\"mainEntityOfPage\":{\"@id\":\"https:\\\/\\\/www.immo-invest.ch\\\/fr\\\/neue-partnerschaft-foerdert-regionale-vernetzung-in-der-ostschweiz\\\/#webpage\"},\"isPartOf\":{\"@id\":\"https:\\\/\\\/www.immo-invest.ch\\\/fr\\\/neue-partnerschaft-foerdert-regionale-vernetzung-in-der-ostschweiz\\\/#webpage\"},\"articleSection\":\"Durabilit\\u00e9, Entreprise, immoNews, propTech, Saint-Gall, Coworking Space, Gemeinschaft, immobilien, Immoinvest, immoNews, IT-Cluster, Kooperation, regionale Vernetzung, St.Gallen, Veranstaltungen, Facultatif\"},{\"@type\":\"BreadcrumbList\",\"@id\":\"https:\\\/\\\/www.immo-invest.ch\\\/fr\\\/neue-partnerschaft-foerdert-regionale-vernetzung-in-der-ostschweiz\\\/#breadcrumblist\",\"itemListElement\":[{\"@type\":\"ListItem\",\"@id\":\"https:\\\/\\\/www.immo-invest.ch\\\/fr\\\/#listItem\",\"position\":1,\"name\":\"Home\",\"item\":\"https:\\\/\\\/www.immo-invest.ch\\\/fr\\\/\",\"nextItem\":{\"@type\":\"ListItem\",\"@id\":\"https:\\\/\\\/www.immo-invest.ch\\\/fr\\\/categories\\\/regions\\\/#listItem\",\"name\":\"R\\u00e9gions\"}},{\"@type\":\"ListItem\",\"@id\":\"https:\\\/\\\/www.immo-invest.ch\\\/fr\\\/categories\\\/regions\\\/#listItem\",\"position\":2,\"name\":\"R\\u00e9gions\",\"item\":\"https:\\\/\\\/www.immo-invest.ch\\\/fr\\\/categories\\\/regions\\\/\",\"nextItem\":{\"@type\":\"ListItem\",\"@id\":\"https:\\\/\\\/www.immo-invest.ch\\\/fr\\\/categories\\\/regions\\\/suisse\\\/#listItem\",\"name\":\"Suisse\"},\"previousItem\":{\"@type\":\"ListItem\",\"@id\":\"https:\\\/\\\/www.immo-invest.ch\\\/fr\\\/#listItem\",\"name\":\"Home\"}},{\"@type\":\"ListItem\",\"@id\":\"https:\\\/\\\/www.immo-invest.ch\\\/fr\\\/categories\\\/regions\\\/suisse\\\/#listItem\",\"position\":3,\"name\":\"Suisse\",\"item\":\"https:\\\/\\\/www.immo-invest.ch\\\/fr\\\/categories\\\/regions\\\/suisse\\\/\",\"nextItem\":{\"@type\":\"ListItem\",\"@id\":\"https:\\\/\\\/www.immo-invest.ch\\\/fr\\\/categories\\\/regions\\\/suisse\\\/suisse-orientale\\\/#listItem\",\"name\":\"Suisse orientale\"},\"previousItem\":{\"@type\":\"ListItem\",\"@id\":\"https:\\\/\\\/www.immo-invest.ch\\\/fr\\\/categories\\\/regions\\\/#listItem\",\"name\":\"R\\u00e9gions\"}},{\"@type\":\"ListItem\",\"@id\":\"https:\\\/\\\/www.immo-invest.ch\\\/fr\\\/categories\\\/regions\\\/suisse\\\/suisse-orientale\\\/#listItem\",\"position\":4,\"name\":\"Suisse orientale\",\"item\":\"https:\\\/\\\/www.immo-invest.ch\\\/fr\\\/categories\\\/regions\\\/suisse\\\/suisse-orientale\\\/\",\"nextItem\":{\"@type\":\"ListItem\",\"@id\":\"https:\\\/\\\/www.immo-invest.ch\\\/fr\\\/categories\\\/regions\\\/suisse\\\/suisse-orientale\\\/region-saint-gall\\\/#listItem\",\"name\":\"Saint-Gall\"},\"previousItem\":{\"@type\":\"ListItem\",\"@id\":\"https:\\\/\\\/www.immo-invest.ch\\\/fr\\\/categories\\\/regions\\\/suisse\\\/#listItem\",\"name\":\"Suisse\"}},{\"@type\":\"ListItem\",\"@id\":\"https:\\\/\\\/www.immo-invest.ch\\\/fr\\\/categories\\\/regions\\\/suisse\\\/suisse-orientale\\\/region-saint-gall\\\/#listItem\",\"position\":5,\"name\":\"Saint-Gall\",\"item\":\"https:\\\/\\\/www.immo-invest.ch\\\/fr\\\/categories\\\/regions\\\/suisse\\\/suisse-orientale\\\/region-saint-gall\\\/\",\"nextItem\":{\"@type\":\"ListItem\",\"@id\":\"https:\\\/\\\/www.immo-invest.ch\\\/fr\\\/neue-partnerschaft-foerdert-regionale-vernetzung-in-der-ostschweiz\\\/#listItem\",\"name\":\"Un nouveau partenariat favorise la mise en r\\u00e9seau r\\u00e9gionale en Suisse orientale\"},\"previousItem\":{\"@type\":\"ListItem\",\"@id\":\"https:\\\/\\\/www.immo-invest.ch\\\/fr\\\/categories\\\/regions\\\/suisse\\\/suisse-orientale\\\/#listItem\",\"name\":\"Suisse orientale\"}},{\"@type\":\"ListItem\",\"@id\":\"https:\\\/\\\/www.immo-invest.ch\\\/fr\\\/neue-partnerschaft-foerdert-regionale-vernetzung-in-der-ostschweiz\\\/#listItem\",\"position\":6,\"name\":\"Un nouveau partenariat favorise la mise en r\\u00e9seau r\\u00e9gionale en Suisse orientale\",\"previousItem\":{\"@type\":\"ListItem\",\"@id\":\"https:\\\/\\\/www.immo-invest.ch\\\/fr\\\/categories\\\/regions\\\/suisse\\\/suisse-orientale\\\/region-saint-gall\\\/#listItem\",\"name\":\"Saint-Gall\"}}]},{\"@type\":\"Organization\",\"@id\":\"https:\\\/\\\/www.immo-invest.ch\\\/fr\\\/#organization\",\"name\":\"immo!nvest - Die Plattform f\\u00fcr Standorte und Immobilien\",\"description\":\"Die\\u00a0Plattform f\\u00fcr Standorte und Immobilien\",\"url\":\"https:\\\/\\\/www.immo-invest.ch\\\/fr\\\/\",\"email\":\"admin@immomedia.ag\",\"telephone\":\"+41444420002\",\"logo\":{\"@type\":\"ImageObject\",\"url\":\"https:\\\/\\\/www.immo-invest.ch\\\/wp-content\\\/uploads\\\/2024\\\/09\\\/immoinvest_sm-scaled.jpg\",\"@id\":\"https:\\\/\\\/www.immo-invest.ch\\\/fr\\\/neue-partnerschaft-foerdert-regionale-vernetzung-in-der-ostschweiz\\\/#organizationLogo\",\"width\":2560,\"height\":1340},\"image\":{\"@id\":\"https:\\\/\\\/www.immo-invest.ch\\\/fr\\\/neue-partnerschaft-foerdert-regionale-vernetzung-in-der-ostschweiz\\\/#organizationLogo\"},\"sameAs\":[\"https:\\\/\\\/www.facebook.com\\\/people\\\/Immoinvest\\\/100077962920504\\\/\",\"https:\\\/\\\/x.com\\\/i\\\/flow\\\/login?redirect_after_login=immoinvest_ch\",\"https:\\\/\\\/www.instagram.com\\\/immoinvest_ch\\\/\",\"https:\\\/\\\/www.linkedin.com\\\/company\\\/immoinvest-swiss\"]},{\"@type\":\"Person\",\"@id\":\"https:\\\/\\\/www.immo-invest.ch\\\/fr\\\/author\\\/immovestuser\\\/#author\",\"url\":\"https:\\\/\\\/www.immo-invest.ch\\\/fr\\\/author\\\/immovestuser\\\/\",\"name\":\"immovestuser\",\"image\":{\"@type\":\"ImageObject\",\"@id\":\"https:\\\/\\\/www.immo-invest.ch\\\/fr\\\/neue-partnerschaft-foerdert-regionale-vernetzung-in-der-ostschweiz\\\/#authorImage\",\"url\":\"https:\\\/\\\/secure.gravatar.com\\\/avatar\\\/8e01f4d99f2eeea7a362ebb93305e1172a70e9293ba250f897a65c39f54cdd1e?s=96&d=mm&r=g\",\"width\":96,\"height\":96,\"caption\":\"immovestuser\"}},{\"@type\":\"WebPage\",\"@id\":\"https:\\\/\\\/www.immo-invest.ch\\\/fr\\\/neue-partnerschaft-foerdert-regionale-vernetzung-in-der-ostschweiz\\\/#webpage\",\"url\":\"https:\\\/\\\/www.immo-invest.ch\\\/fr\\\/neue-partnerschaft-foerdert-regionale-vernetzung-in-der-ostschweiz\\\/\",\"name\":\"Un nouveau partenariat favorise la mise en r\\u00e9seau r\\u00e9gionale en Suisse orientale - immo!nvest - Die Plattform f\\u00fcr Standorte und Immobilien\",\"description\":\"L'association IT rockt ! et collektiv AG ont conclu un accord de coop\\u00e9ration. Les deux organisations souhaitent ainsi renforcer le r\\u00e9seau r\\u00e9gional.\",\"inLanguage\":\"fr-FR\",\"isPartOf\":{\"@id\":\"https:\\\/\\\/www.immo-invest.ch\\\/fr\\\/#website\"},\"breadcrumb\":{\"@id\":\"https:\\\/\\\/www.immo-invest.ch\\\/fr\\\/neue-partnerschaft-foerdert-regionale-vernetzung-in-der-ostschweiz\\\/#breadcrumblist\"},\"author\":{\"@id\":\"https:\\\/\\\/www.immo-invest.ch\\\/fr\\\/author\\\/immovestuser\\\/#author\"},\"creator\":{\"@id\":\"https:\\\/\\\/www.immo-invest.ch\\\/fr\\\/author\\\/immovestuser\\\/#author\"},\"image\":{\"@type\":\"ImageObject\",\"url\":\"https:\\\/\\\/www.immo-invest.ch\\\/wp-content\\\/uploads\\\/2023\\\/08\\\/Gebaeudemanagement_Digitalisierung_Smarthome_6.png\",\"@id\":\"https:\\\/\\\/www.immo-invest.ch\\\/fr\\\/neue-partnerschaft-foerdert-regionale-vernetzung-in-der-ostschweiz\\\/#mainImage\",\"width\":1024,\"height\":1024},\"primaryImageOfPage\":{\"@id\":\"https:\\\/\\\/www.immo-invest.ch\\\/fr\\\/neue-partnerschaft-foerdert-regionale-vernetzung-in-der-ostschweiz\\\/#mainImage\"},\"datePublished\":\"2024-07-25T16:00:00+02:00\",\"dateModified\":\"2024-07-17T10:23:24+02:00\"},{\"@type\":\"WebSite\",\"@id\":\"https:\\\/\\\/www.immo-invest.ch\\\/fr\\\/#website\",\"url\":\"https:\\\/\\\/www.immo-invest.ch\\\/fr\\\/\",\"name\":\"immo!nvest - Die Plattform f\\u00fcr Standorte und Immobilien\",\"description\":\"Die\\u00a0Plattform f\\u00fcr Standorte und Immobilien\",\"inLanguage\":\"fr-FR\",\"publisher\":{\"@id\":\"https:\\\/\\\/www.immo-invest.ch\\\/fr\\\/#organization\"}}]}\n\t\t<\/script>\n\t\t<!-- All in One SEO -->\n\n","aioseo_head_json":{"title":"Un nouveau partenariat favorise la mise en r\u00e9seau r\u00e9gionale en Suisse orientale - immo!nvest - Die Plattform f\u00fcr Standorte und Immobilien","description":"L'association IT rockt ! et collektiv AG ont conclu un accord de coop\u00e9ration. Les deux organisations souhaitent ainsi renforcer le r\u00e9seau r\u00e9gional.","canonical_url":"https:\/\/www.immo-invest.ch\/fr\/neue-partnerschaft-foerdert-regionale-vernetzung-in-der-ostschweiz\/","robots":"max-image-preview:large","keywords":"","webmasterTools":{"google-site-verification":"fHJKvgWpZCR2zVBHWfkQeFXC11qieUSff0HGNYfuyLA","miscellaneous":""},"schema":{"@context":"https:\/\/schema.org","@graph":[{"@type":"BlogPosting","@id":"https:\/\/www.immo-invest.ch\/fr\/neue-partnerschaft-foerdert-regionale-vernetzung-in-der-ostschweiz\/#blogposting","name":"Un nouveau partenariat favorise la mise en r\u00e9seau r\u00e9gionale en Suisse orientale - immo!nvest - Die Plattform f\u00fcr Standorte und Immobilien","headline":"Un nouveau partenariat favorise la mise en r\u00e9seau r\u00e9gionale en Suisse orientale","author":{"@id":"https:\/\/www.immo-invest.ch\/fr\/author\/immovestuser\/#author"},"publisher":{"@id":"https:\/\/www.immo-invest.ch\/fr\/#organization"},"image":{"@type":"ImageObject","url":"https:\/\/www.immo-invest.ch\/wp-content\/uploads\/2023\/08\/Gebaeudemanagement_Digitalisierung_Smarthome_6.png","width":1024,"height":1024},"datePublished":"2024-07-25T16:00:00+02:00","dateModified":"2024-07-17T10:23:24+02:00","inLanguage":"fr-FR","mainEntityOfPage":{"@id":"https:\/\/www.immo-invest.ch\/fr\/neue-partnerschaft-foerdert-regionale-vernetzung-in-der-ostschweiz\/#webpage"},"isPartOf":{"@id":"https:\/\/www.immo-invest.ch\/fr\/neue-partnerschaft-foerdert-regionale-vernetzung-in-der-ostschweiz\/#webpage"},"articleSection":"Durabilit\u00e9, Entreprise, immoNews, propTech, Saint-Gall, Coworking Space, Gemeinschaft, immobilien, Immoinvest, immoNews, IT-Cluster, Kooperation, regionale Vernetzung, St.Gallen, Veranstaltungen, Facultatif"},{"@type":"BreadcrumbList","@id":"https:\/\/www.immo-invest.ch\/fr\/neue-partnerschaft-foerdert-regionale-vernetzung-in-der-ostschweiz\/#breadcrumblist","itemListElement":[{"@type":"ListItem","@id":"https:\/\/www.immo-invest.ch\/fr\/#listItem","position":1,"name":"Home","item":"https:\/\/www.immo-invest.ch\/fr\/","nextItem":{"@type":"ListItem","@id":"https:\/\/www.immo-invest.ch\/fr\/categories\/regions\/#listItem","name":"R\u00e9gions"}},{"@type":"ListItem","@id":"https:\/\/www.immo-invest.ch\/fr\/categories\/regions\/#listItem","position":2,"name":"R\u00e9gions","item":"https:\/\/www.immo-invest.ch\/fr\/categories\/regions\/","nextItem":{"@type":"ListItem","@id":"https:\/\/www.immo-invest.ch\/fr\/categories\/regions\/suisse\/#listItem","name":"Suisse"},"previousItem":{"@type":"ListItem","@id":"https:\/\/www.immo-invest.ch\/fr\/#listItem","name":"Home"}},{"@type":"ListItem","@id":"https:\/\/www.immo-invest.ch\/fr\/categories\/regions\/suisse\/#listItem","position":3,"name":"Suisse","item":"https:\/\/www.immo-invest.ch\/fr\/categories\/regions\/suisse\/","nextItem":{"@type":"ListItem","@id":"https:\/\/www.immo-invest.ch\/fr\/categories\/regions\/suisse\/suisse-orientale\/#listItem","name":"Suisse orientale"},"previousItem":{"@type":"ListItem","@id":"https:\/\/www.immo-invest.ch\/fr\/categories\/regions\/#listItem","name":"R\u00e9gions"}},{"@type":"ListItem","@id":"https:\/\/www.immo-invest.ch\/fr\/categories\/regions\/suisse\/suisse-orientale\/#listItem","position":4,"name":"Suisse orientale","item":"https:\/\/www.immo-invest.ch\/fr\/categories\/regions\/suisse\/suisse-orientale\/","nextItem":{"@type":"ListItem","@id":"https:\/\/www.immo-invest.ch\/fr\/categories\/regions\/suisse\/suisse-orientale\/region-saint-gall\/#listItem","name":"Saint-Gall"},"previousItem":{"@type":"ListItem","@id":"https:\/\/www.immo-invest.ch\/fr\/categories\/regions\/suisse\/#listItem","name":"Suisse"}},{"@type":"ListItem","@id":"https:\/\/www.immo-invest.ch\/fr\/categories\/regions\/suisse\/suisse-orientale\/region-saint-gall\/#listItem","position":5,"name":"Saint-Gall","item":"https:\/\/www.immo-invest.ch\/fr\/categories\/regions\/suisse\/suisse-orientale\/region-saint-gall\/","nextItem":{"@type":"ListItem","@id":"https:\/\/www.immo-invest.ch\/fr\/neue-partnerschaft-foerdert-regionale-vernetzung-in-der-ostschweiz\/#listItem","name":"Un nouveau partenariat favorise la mise en r\u00e9seau r\u00e9gionale en Suisse orientale"},"previousItem":{"@type":"ListItem","@id":"https:\/\/www.immo-invest.ch\/fr\/categories\/regions\/suisse\/suisse-orientale\/#listItem","name":"Suisse orientale"}},{"@type":"ListItem","@id":"https:\/\/www.immo-invest.ch\/fr\/neue-partnerschaft-foerdert-regionale-vernetzung-in-der-ostschweiz\/#listItem","position":6,"name":"Un nouveau partenariat favorise la mise en r\u00e9seau r\u00e9gionale en Suisse orientale","previousItem":{"@type":"ListItem","@id":"https:\/\/www.immo-invest.ch\/fr\/categories\/regions\/suisse\/suisse-orientale\/region-saint-gall\/#listItem","name":"Saint-Gall"}}]},{"@type":"Organization","@id":"https:\/\/www.immo-invest.ch\/fr\/#organization","name":"immo!nvest - Die Plattform f\u00fcr Standorte und Immobilien","description":"Die\u00a0Plattform f\u00fcr Standorte und Immobilien","url":"https:\/\/www.immo-invest.ch\/fr\/","email":"admin@immomedia.ag","telephone":"+41444420002","logo":{"@type":"ImageObject","url":"https:\/\/www.immo-invest.ch\/wp-content\/uploads\/2024\/09\/immoinvest_sm-scaled.jpg","@id":"https:\/\/www.immo-invest.ch\/fr\/neue-partnerschaft-foerdert-regionale-vernetzung-in-der-ostschweiz\/#organizationLogo","width":2560,"height":1340},"image":{"@id":"https:\/\/www.immo-invest.ch\/fr\/neue-partnerschaft-foerdert-regionale-vernetzung-in-der-ostschweiz\/#organizationLogo"},"sameAs":["https:\/\/www.facebook.com\/people\/Immoinvest\/100077962920504\/","https:\/\/x.com\/i\/flow\/login?redirect_after_login=immoinvest_ch","https:\/\/www.instagram.com\/immoinvest_ch\/","https:\/\/www.linkedin.com\/company\/immoinvest-swiss"]},{"@type":"Person","@id":"https:\/\/www.immo-invest.ch\/fr\/author\/immovestuser\/#author","url":"https:\/\/www.immo-invest.ch\/fr\/author\/immovestuser\/","name":"immovestuser","image":{"@type":"ImageObject","@id":"https:\/\/www.immo-invest.ch\/fr\/neue-partnerschaft-foerdert-regionale-vernetzung-in-der-ostschweiz\/#authorImage","url":"https:\/\/secure.gravatar.com\/avatar\/8e01f4d99f2eeea7a362ebb93305e1172a70e9293ba250f897a65c39f54cdd1e?s=96&d=mm&r=g","width":96,"height":96,"caption":"immovestuser"}},{"@type":"WebPage","@id":"https:\/\/www.immo-invest.ch\/fr\/neue-partnerschaft-foerdert-regionale-vernetzung-in-der-ostschweiz\/#webpage","url":"https:\/\/www.immo-invest.ch\/fr\/neue-partnerschaft-foerdert-regionale-vernetzung-in-der-ostschweiz\/","name":"Un nouveau partenariat favorise la mise en r\u00e9seau r\u00e9gionale en Suisse orientale - immo!nvest - Die Plattform f\u00fcr Standorte und Immobilien","description":"L'association IT rockt ! et collektiv AG ont conclu un accord de coop\u00e9ration. Les deux organisations souhaitent ainsi renforcer le r\u00e9seau r\u00e9gional.","inLanguage":"fr-FR","isPartOf":{"@id":"https:\/\/www.immo-invest.ch\/fr\/#website"},"breadcrumb":{"@id":"https:\/\/www.immo-invest.ch\/fr\/neue-partnerschaft-foerdert-regionale-vernetzung-in-der-ostschweiz\/#breadcrumblist"},"author":{"@id":"https:\/\/www.immo-invest.ch\/fr\/author\/immovestuser\/#author"},"creator":{"@id":"https:\/\/www.immo-invest.ch\/fr\/author\/immovestuser\/#author"},"image":{"@type":"ImageObject","url":"https:\/\/www.immo-invest.ch\/wp-content\/uploads\/2023\/08\/Gebaeudemanagement_Digitalisierung_Smarthome_6.png","@id":"https:\/\/www.immo-invest.ch\/fr\/neue-partnerschaft-foerdert-regionale-vernetzung-in-der-ostschweiz\/#mainImage","width":1024,"height":1024},"primaryImageOfPage":{"@id":"https:\/\/www.immo-invest.ch\/fr\/neue-partnerschaft-foerdert-regionale-vernetzung-in-der-ostschweiz\/#mainImage"},"datePublished":"2024-07-25T16:00:00+02:00","dateModified":"2024-07-17T10:23:24+02:00"},{"@type":"WebSite","@id":"https:\/\/www.immo-invest.ch\/fr\/#website","url":"https:\/\/www.immo-invest.ch\/fr\/","name":"immo!nvest - Die Plattform f\u00fcr Standorte und Immobilien","description":"Die\u00a0Plattform f\u00fcr Standorte und Immobilien","inLanguage":"fr-FR","publisher":{"@id":"https:\/\/www.immo-invest.ch\/fr\/#organization"}}]},"og:locale":"fr_FR","og:site_name":"immo!nvest - Die Plattform f\u00fcr Standorte und Immobilien - Die\u00a0Plattform f\u00fcr Standorte und Immobilien","og:type":"article","og:title":"Un nouveau partenariat favorise la mise en r\u00e9seau r\u00e9gionale en Suisse orientale - immo!nvest - Die Plattform f\u00fcr Standorte und Immobilien","og:description":"L'association IT rockt ! et collektiv AG ont conclu un accord de coop\u00e9ration. Les deux organisations souhaitent ainsi renforcer le r\u00e9seau r\u00e9gional.","og:url":"https:\/\/www.immo-invest.ch\/fr\/neue-partnerschaft-foerdert-regionale-vernetzung-in-der-ostschweiz\/","og:image":"https:\/\/www.immo-invest.ch\/wp-content\/uploads\/2023\/08\/Gebaeudemanagement_Digitalisierung_Smarthome_6.png","og:image:secure_url":"https:\/\/www.immo-invest.ch\/wp-content\/uploads\/2023\/08\/Gebaeudemanagement_Digitalisierung_Smarthome_6.png","og:image:width":1024,"og:image:height":1024,"article:published_time":"2024-07-25T14:00:00+00:00","article:modified_time":"2024-07-17T08:23:24+00:00","article:publisher":"https:\/\/www.facebook.com\/people\/Immoinvest\/100077962920504\/","twitter:card":"summary_large_image","twitter:site":"@i","twitter:title":"Un nouveau partenariat favorise la mise en r\u00e9seau r\u00e9gionale en Suisse orientale - immo!nvest - Die Plattform f\u00fcr Standorte und Immobilien","twitter:description":"L'association IT rockt ! et collektiv AG ont conclu un accord de coop\u00e9ration. Les deux organisations souhaitent ainsi renforcer le r\u00e9seau r\u00e9gional.","twitter:creator":"@i","twitter:image":"https:\/\/www.immo-invest.ch\/wp-content\/uploads\/2023\/08\/Gebaeudemanagement_Digitalisierung_Smarthome_6.png"},"aioseo_meta_data":{"post_id":"110293","title":null,"description":null,"keywords":null,"keyphrases":null,"primary_term":null,"canonical_url":null,"og_title":null,"og_description":null,"og_object_type":"default","og_image_type":"default","og_image_url":null,"og_image_width":null,"og_image_height":null,"og_image_custom_url":null,"og_image_custom_fields":null,"og_video":null,"og_custom_url":null,"og_article_section":null,"og_article_tags":null,"twitter_use_og":false,"twitter_card":"default","twitter_image_type":"default","twitter_image_url":null,"twitter_image_custom_url":null,"twitter_image_custom_fields":null,"twitter_title":null,"twitter_description":null,"schema":{"blockGraphs":[],"customGraphs":[],"default":{"data":{"Article":[],"Course":[],"Dataset":[],"FAQPage":[],"Movie":[],"Person":[],"Product":[],"ProductReview":[],"Car":[],"Recipe":[],"Service":[],"SoftwareApplication":[],"WebPage":[]},"graphName":"","isEnabled":true},"graphs":[]},"schema_type":"default","schema_type_options":null,"pillar_content":false,"robots_default":true,"robots_noindex":false,"robots_noarchive":false,"robots_nosnippet":false,"robots_nofollow":false,"robots_noimageindex":false,"robots_noodp":false,"robots_notranslate":false,"robots_max_snippet":null,"robots_max_videopreview":null,"robots_max_imagepreview":"large","priority":null,"frequency":null,"local_seo":null,"breadcrumb_settings":null,"limit_modified_date":false,"ai":null,"created":"2024-09-21 00:04:58","updated":"2025-10-24 06:23:17","seo_analyzer_scan_date":null,"focus_keyword":null,"additional_keywords":null,"truseo_locale":null},"aioseo_breadcrumb":"<div class=\"aioseo-breadcrumbs\"><span class=\"aioseo-breadcrumb\">\n\t\t\t<a href=\"https:\/\/www.immo-invest.ch\/fr\/\" title=\"Home\">Home<\/a>\n\t\t<\/span><span class=\"aioseo-breadcrumb-separator\">&raquo;<\/span><span class=\"aioseo-breadcrumb\">\n\t\t\t<a href=\"https:\/\/www.immo-invest.ch\/fr\/categories\/regions\/\" title=\"R\u00e9gions\">R\u00e9gions<\/a>\n\t\t<\/span><span class=\"aioseo-breadcrumb-separator\">&raquo;<\/span><span class=\"aioseo-breadcrumb\">\n\t\t\t<a href=\"https:\/\/www.immo-invest.ch\/fr\/categories\/regions\/suisse\/\" title=\"Suisse\">Suisse<\/a>\n\t\t<\/span><span class=\"aioseo-breadcrumb-separator\">&raquo;<\/span><span class=\"aioseo-breadcrumb\">\n\t\t\t<a href=\"https:\/\/www.immo-invest.ch\/fr\/categories\/regions\/suisse\/suisse-orientale\/\" title=\"Suisse orientale\">Suisse orientale<\/a>\n\t\t<\/span><span class=\"aioseo-breadcrumb-separator\">&raquo;<\/span><span class=\"aioseo-breadcrumb\">\n\t\t\t<a href=\"https:\/\/www.immo-invest.ch\/fr\/categories\/regions\/suisse\/suisse-orientale\/region-saint-gall\/\" title=\"Saint-Gall\">Saint-Gall<\/a>\n\t\t<\/span><span class=\"aioseo-breadcrumb-separator\">&raquo;<\/span><span class=\"aioseo-breadcrumb\">\n\t\t\tUn nouveau partenariat favorise la mise en r\u00e9seau r\u00e9gionale en Suisse orientale\n\t\t<\/span><\/div>","aioseo_breadcrumb_json":[{"label":"Home","link":"https:\/\/www.immo-invest.ch\/fr\/"},{"label":"R\u00e9gions","link":"https:\/\/www.immo-invest.ch\/fr\/categories\/regions\/"},{"label":"Suisse","link":"https:\/\/www.immo-invest.ch\/fr\/categories\/regions\/suisse\/"},{"label":"Suisse orientale","link":"https:\/\/www.immo-invest.ch\/fr\/categories\/regions\/suisse\/suisse-orientale\/"},{"label":"Saint-Gall","link":"https:\/\/www.immo-invest.ch\/fr\/categories\/regions\/suisse\/suisse-orientale\/region-saint-gall\/"},{"label":"Un nouveau partenariat favorise la mise en r\u00e9seau r\u00e9gionale en Suisse orientale","link":"https:\/\/www.immo-invest.ch\/fr\/neue-partnerschaft-foerdert-regionale-vernetzung-in-der-ostschweiz\/"}],"featured_image_src":"https:\/\/www.immo-invest.ch\/wp-content\/uploads\/2023\/08\/Gebaeudemanagement_Digitalisierung_Smarthome_6-336x168.png","_links":{"self":[{"href":"https:\/\/www.immo-invest.ch\/fr\/wp-json\/wp\/v2\/posts\/110293","targetHints":{"allow":["GET"]}}],"collection":[{"href":"https:\/\/www.immo-invest.ch\/fr\/wp-json\/wp\/v2\/posts"}],"about":[{"href":"https:\/\/www.immo-invest.ch\/fr\/wp-json\/wp\/v2\/types\/post"}],"author":[{"embeddable":true,"href":"https:\/\/www.immo-invest.ch\/fr\/wp-json\/wp\/v2\/users\/2"}],"replies":[{"embeddable":true,"href":"https:\/\/www.immo-invest.ch\/fr\/wp-json\/wp\/v2\/comments?post=110293"}],"version-history":[{"count":0,"href":"https:\/\/www.immo-invest.ch\/fr\/wp-json\/wp\/v2\/posts\/110293\/revisions"}],"wp:featuredmedia":[{"embeddable":true,"href":"https:\/\/www.immo-invest.ch\/fr\/wp-json\/wp\/v2\/media\/61262"}],"wp:attachment":[{"href":"https:\/\/www.immo-invest.ch\/fr\/wp-json\/wp\/v2\/media?parent=110293"}],"wp:term":[{"taxonomy":"category","embeddable":true,"href":"https:\/\/www.immo-invest.ch\/fr\/wp-json\/wp\/v2\/categories?post=110293"},{"taxonomy":"post_tag","embeddable":true,"href":"https:\/\/www.immo-invest.ch\/fr\/wp-json\/wp\/v2\/tags?post=110293"}],"curies":[{"name":"wp","href":"https:\/\/api.w.org\/{rel}","templated":true}]}}