{"id":106549,"date":"2024-07-10T13:28:22","date_gmt":"2024-07-10T11:28:22","guid":{"rendered":"https:\/\/www.immo-invest.ch\/generis-ag-fuehrt-wirtschaftsfoerderung-fort\/"},"modified":"2024-07-10T15:15:48","modified_gmt":"2024-07-10T13:15:48","slug":"generis-ag-fuehrt-wirtschaftsfoerderung-fort","status":"publish","type":"post","link":"https:\/\/www.immo-invest.ch\/fr\/generis-ag-fuehrt-wirtschaftsfoerderung-fort\/","title":{"rendered":"Generis AG poursuit le d\u00e9veloppement \u00e9conomique"},"content":{"rendered":"<p class=\"wp-block-paragraph\">Da der aktuelle Leistungsauftrag mit der Generis AG per Ende 2024 ausl&auml;uft, entschied die Schaffhauser Regierung, das Mandat zur F&uuml;hrung der <span class=\"glossaryLink\" aria-describedby=\"tt\" data-cmtooltip=\"&lt;div class=glossaryItemTitle&gt;Wirtschaftsf&ouml;rderung&lt;\/div&gt;&lt;div class=glossaryItemBody&gt;Von einer Gemeinde, einer Stadt, einem Kanton oder einem Staat eingesetzte Organisation zur F&ouml;rderung der eigenen Wirtschaft&lt;\/div&gt;\" data-mobile-support=\"0\" data-gt-translate-attributes='[{\"attribute\":\"data-cmtooltip\", \"format\":\"html\"}]' tabindex=\"0\" role=\"link\">Wirtschaftsf&ouml;rderung<\/span> und der Gesch&auml;ftsstelle Regional- und <span class=\"glossaryLink\" aria-describedby=\"tt\" data-cmtooltip=\"&lt;div class=glossaryItemTitle&gt;Standortentwicklung&lt;\/div&gt;&lt;div class=glossaryItemBody&gt;Langfristige St&auml;rkung der Standortfaktoren und\/oder Begleitung eines Strukturwandels. Gesetze, der Zugang zum Arbeitsmarkt, Steuern, Bildung, Innovationskraft und Infrastruktur beeinflussen die Entwicklung eines Standortes&lt;\/div&gt;\" data-mobile-support=\"0\" data-gt-translate-attributes='[{\"attribute\":\"data-cmtooltip\", \"format\":\"html\"}]' tabindex=\"0\" role=\"link\">Standortentwicklung<\/span> fr&uuml;hzeitig &ouml;ffentlich auszuschreiben. Im zweistufigen Ausschreibungsprozess setzte sich die Generis AG gegen ihre Mitbewerberin durch.<\/p>\n\n<p class=\"wp-block-paragraph\"><strong>Verl&auml;ngerung des Mandats bis 2032<br><\/strong>Der neue Leistungsvertrag tritt ab dem 1. Januar 2025 in Kraft und endet am 31. Dezember 2032. Dies gew&auml;hrleistet Kontinuit&auml;t und Stabilit&auml;t in der <span class=\"glossaryLink\" aria-describedby=\"tt\" data-cmtooltip=\"&lt;div class=glossaryItemTitle&gt;Standortentwicklung&lt;\/div&gt;&lt;div class=glossaryItemBody&gt;Langfristige St&auml;rkung der Standortfaktoren und\/oder Begleitung eines Strukturwandels. Gesetze, der Zugang zum Arbeitsmarkt, Steuern, Bildung, Innovationskraft und Infrastruktur beeinflussen die Entwicklung eines Standortes&lt;\/div&gt;\" data-mobile-support=\"0\" data-gt-translate-attributes='[{\"attribute\":\"data-cmtooltip\", \"format\":\"html\"}]' tabindex=\"0\" role=\"link\">Standortentwicklung<\/span> des Kantons Schaffhausen.<\/p>\n\n<p class=\"wp-block-paragraph\"><strong>Zukunftsorientierte Massnahmen<br><\/strong>Die Generis AG wird ihre erfolgreiche Arbeit fortsetzen, mit besonderem Fokus auf Digitalisierung und demographische Herausforderungen. Die enge Zusammenarbeit mit lokalen und regionalen Partnern bleibt dabei zentral.<\/p>\n\n<p class=\"wp-block-paragraph\"><strong>Vertrauen und Stabilit&auml;t<br><\/strong>Der Schaffhauser Regierungsrat sieht in der erneuten Vergabe des Mandats an die Generis AG eine Best&auml;tigung der bisherigen Erfolge und erwartet eine weitere St&auml;rkung des Wirtschaftsstandortes Schaffhausen.<\/p>\n","protected":false},"excerpt":{"rendered":"<p>Le Conseil d&rsquo;Etat schaffhousois a de nouveau attribu\u00e9 le mandat de gestion de la promotion \u00e9conomique et du bureau du d\u00e9veloppement r\u00e9gional et du site \u00e0 Generis AG. Apr\u00e8s un processus d&rsquo;appel d&rsquo;offres en deux \u00e9tapes, Generis AG poursuivra ces t\u00e2ches \u00e0 partir du 1er janvier 2025 jusqu&rsquo;\u00e0 fin 2032. <\/p>\n","protected":false},"author":2,"featured_media":106544,"comment_status":"open","ping_status":"open","sticky":false,"template":"","format":"standard","meta":{"pmpro_default_level":"0","inline_featured_image":false,"_monsterinsights_skip_tracking":false,"footnotes":""},"categories":[22696,743,22336],"tags":[1647,13921,48450,6922,2258,48451,1597,4746,13639],"class_list":["post-106549","post","type-post","status-publish","format-standard","has-post-thumbnail","hentry","category-entreprise","category-immonews-fr","category-schaffhouse","tag-digitalisierung-fr","tag-leistungsauftrag-fr","tag-mandat-fr","tag-regierung-fr","tag-schaffhausen-fr","tag-vertrauen-fr","tag-wirtschaftsfoerderung-fr","tag-wirtschaftsstandort-fr","tag-zusammenarbeit-fr","pmpro-has-access"],"acf":{"bild_mit_ki_erstellt_worden":[],"lead":"Le Conseil d'Etat schaffhousois a de nouveau attribu\u00e9 le mandat de gestion de la promotion \u00e9conomique et du bureau du d\u00e9veloppement r\u00e9gional et du site \u00e0 Generis AG. Apr\u00e8s un processus d'appel d'offres en deux \u00e9tapes, Generis AG poursuivra ces t\u00e2ches \u00e0 partir du 1er janvier 2025 jusqu'\u00e0 fin 2032. ","autor":"Quelle: Schaffhausen","ort":"","bildunterschrift":"","bild_im_grid":false,"gallerie":"","newsim":""},"aioseo_notices":[],"aioseo_head":"\n\t\t<!-- All in One SEO 5.0.0.1 - aioseo.com -->\n\t<meta name=\"description\" content=\"Le Conseil d&#039;Etat schaffhousois a de nouveau attribu\u00e9 le mandat de gestion de la promotion \u00e9conomique et du bureau du d\u00e9veloppement r\u00e9gional et du site \u00e0 Generis AG. Apr\u00e8s un processus d&#039;appel d&#039;offres en deux \u00e9tapes, Generis AG poursuivra ces t\u00e2ches \u00e0 partir du 1er janvier 2025 jusqu&#039;\u00e0 fin 2032.\" \/>\n\t<meta name=\"robots\" content=\"max-image-preview:large\" \/>\n\t<meta name=\"author\" content=\"immovestuser\"\/>\n\t<meta name=\"google-site-verification\" content=\"fHJKvgWpZCR2zVBHWfkQeFXC11qieUSff0HGNYfuyLA\" \/>\n\t<link rel=\"canonical\" href=\"https:\/\/www.immo-invest.ch\/fr\/generis-ag-fuehrt-wirtschaftsfoerderung-fort\/\" \/>\n\t<meta name=\"generator\" content=\"All in One SEO (AIOSEO) 5.0.0.1\" \/>\n\t\t<meta property=\"og:locale\" content=\"fr_FR\" \/>\n\t\t<meta property=\"og:site_name\" content=\"immo!nvest - Die Plattform f\u00fcr Standorte und Immobilien - Die\u00a0Plattform f\u00fcr Standorte und Immobilien\" \/>\n\t\t<meta property=\"og:type\" content=\"article\" \/>\n\t\t<meta property=\"og:title\" content=\"Generis AG poursuit le d\u00e9veloppement \u00e9conomique - immo!nvest - Die Plattform f\u00fcr Standorte und Immobilien\" \/>\n\t\t<meta property=\"og:description\" content=\"Le Conseil d&#039;Etat schaffhousois a de nouveau attribu\u00e9 le mandat de gestion de la promotion \u00e9conomique et du bureau du d\u00e9veloppement r\u00e9gional et du site \u00e0 Generis AG. Apr\u00e8s un processus d&#039;appel d&#039;offres en deux \u00e9tapes, Generis AG poursuivra ces t\u00e2ches \u00e0 partir du 1er janvier 2025 jusqu&#039;\u00e0 fin 2032.\" \/>\n\t\t<meta property=\"og:url\" content=\"https:\/\/www.immo-invest.ch\/fr\/generis-ag-fuehrt-wirtschaftsfoerderung-fort\/\" \/>\n\t\t<meta property=\"og:image\" content=\"https:\/\/www.immo-invest.ch\/wp-content\/uploads\/2024\/07\/schaffhausen-5337305_1920-e1720610886552.jpg\" \/>\n\t\t<meta property=\"og:image:secure_url\" content=\"https:\/\/www.immo-invest.ch\/wp-content\/uploads\/2024\/07\/schaffhausen-5337305_1920-e1720610886552.jpg\" \/>\n\t\t<meta property=\"og:image:width\" content=\"1920\" \/>\n\t\t<meta property=\"og:image:height\" content=\"960\" \/>\n\t\t<meta property=\"article:published_time\" content=\"2024-07-10T11:28:22+00:00\" \/>\n\t\t<meta property=\"article:modified_time\" content=\"2024-07-10T13:15:48+00:00\" \/>\n\t\t<meta property=\"article:publisher\" content=\"https:\/\/www.facebook.com\/people\/Immoinvest\/100077962920504\/\" \/>\n\t\t<meta name=\"twitter:card\" content=\"summary_large_image\" \/>\n\t\t<meta name=\"twitter:site\" content=\"@i\" \/>\n\t\t<meta name=\"twitter:title\" content=\"Generis AG poursuit le d\u00e9veloppement \u00e9conomique - immo!nvest - Die Plattform f\u00fcr Standorte und Immobilien\" \/>\n\t\t<meta name=\"twitter:description\" content=\"Le Conseil d&#039;Etat schaffhousois a de nouveau attribu\u00e9 le mandat de gestion de la promotion \u00e9conomique et du bureau du d\u00e9veloppement r\u00e9gional et du site \u00e0 Generis AG. Apr\u00e8s un processus d&#039;appel d&#039;offres en deux \u00e9tapes, Generis AG poursuivra ces t\u00e2ches \u00e0 partir du 1er janvier 2025 jusqu&#039;\u00e0 fin 2032.\" \/>\n\t\t<meta name=\"twitter:creator\" content=\"@i\" \/>\n\t\t<meta name=\"twitter:image\" content=\"https:\/\/www.immo-invest.ch\/wp-content\/uploads\/2024\/07\/schaffhausen-5337305_1920-e1720610886552.jpg\" \/>\n\t\t<script type=\"application\/ld+json\" class=\"aioseo-schema\">\n\t\t\t{\"@context\":\"https:\\\/\\\/schema.org\",\"@graph\":[{\"@type\":\"BlogPosting\",\"@id\":\"https:\\\/\\\/www.immo-invest.ch\\\/fr\\\/generis-ag-fuehrt-wirtschaftsfoerderung-fort\\\/#blogposting\",\"name\":\"Generis AG poursuit le d\\u00e9veloppement \\u00e9conomique - immo!nvest - Die Plattform f\\u00fcr Standorte und Immobilien\",\"headline\":\"Generis AG poursuit le d\\u00e9veloppement \\u00e9conomique\",\"author\":{\"@id\":\"https:\\\/\\\/www.immo-invest.ch\\\/fr\\\/author\\\/immovestuser\\\/#author\"},\"publisher\":{\"@id\":\"https:\\\/\\\/www.immo-invest.ch\\\/fr\\\/#organization\"},\"image\":{\"@type\":\"ImageObject\",\"url\":\"https:\\\/\\\/www.immo-invest.ch\\\/wp-content\\\/uploads\\\/2024\\\/07\\\/schaffhausen-5337305_1920-e1720610886552.jpg\",\"width\":1920,\"height\":960},\"datePublished\":\"2024-07-10T13:28:22+02:00\",\"dateModified\":\"2024-07-10T15:15:48+02:00\",\"inLanguage\":\"fr-FR\",\"mainEntityOfPage\":{\"@id\":\"https:\\\/\\\/www.immo-invest.ch\\\/fr\\\/generis-ag-fuehrt-wirtschaftsfoerderung-fort\\\/#webpage\"},\"isPartOf\":{\"@id\":\"https:\\\/\\\/www.immo-invest.ch\\\/fr\\\/generis-ag-fuehrt-wirtschaftsfoerderung-fort\\\/#webpage\"},\"articleSection\":\"Entreprise, immoNews, Schaffhouse, Digitalisierung, Leistungsauftrag, Mandat, Regierung, schaffhausen, Vertrauen, Wirtschaftsf\\u00f6rderung, Wirtschaftsstandort, Zusammenarbeit, Facultatif\"},{\"@type\":\"BreadcrumbList\",\"@id\":\"https:\\\/\\\/www.immo-invest.ch\\\/fr\\\/generis-ag-fuehrt-wirtschaftsfoerderung-fort\\\/#breadcrumblist\",\"itemListElement\":[{\"@type\":\"ListItem\",\"@id\":\"https:\\\/\\\/www.immo-invest.ch\\\/fr\\\/#listItem\",\"position\":1,\"name\":\"Home\",\"item\":\"https:\\\/\\\/www.immo-invest.ch\\\/fr\\\/\",\"nextItem\":{\"@type\":\"ListItem\",\"@id\":\"https:\\\/\\\/www.immo-invest.ch\\\/fr\\\/categories\\\/regions\\\/#listItem\",\"name\":\"R\\u00e9gions\"}},{\"@type\":\"ListItem\",\"@id\":\"https:\\\/\\\/www.immo-invest.ch\\\/fr\\\/categories\\\/regions\\\/#listItem\",\"position\":2,\"name\":\"R\\u00e9gions\",\"item\":\"https:\\\/\\\/www.immo-invest.ch\\\/fr\\\/categories\\\/regions\\\/\",\"nextItem\":{\"@type\":\"ListItem\",\"@id\":\"https:\\\/\\\/www.immo-invest.ch\\\/fr\\\/categories\\\/regions\\\/suisse\\\/#listItem\",\"name\":\"Suisse\"},\"previousItem\":{\"@type\":\"ListItem\",\"@id\":\"https:\\\/\\\/www.immo-invest.ch\\\/fr\\\/#listItem\",\"name\":\"Home\"}},{\"@type\":\"ListItem\",\"@id\":\"https:\\\/\\\/www.immo-invest.ch\\\/fr\\\/categories\\\/regions\\\/suisse\\\/#listItem\",\"position\":3,\"name\":\"Suisse\",\"item\":\"https:\\\/\\\/www.immo-invest.ch\\\/fr\\\/categories\\\/regions\\\/suisse\\\/\",\"nextItem\":{\"@type\":\"ListItem\",\"@id\":\"https:\\\/\\\/www.immo-invest.ch\\\/fr\\\/categories\\\/regions\\\/suisse\\\/suisse-orientale\\\/#listItem\",\"name\":\"Suisse orientale\"},\"previousItem\":{\"@type\":\"ListItem\",\"@id\":\"https:\\\/\\\/www.immo-invest.ch\\\/fr\\\/categories\\\/regions\\\/#listItem\",\"name\":\"R\\u00e9gions\"}},{\"@type\":\"ListItem\",\"@id\":\"https:\\\/\\\/www.immo-invest.ch\\\/fr\\\/categories\\\/regions\\\/suisse\\\/suisse-orientale\\\/#listItem\",\"position\":4,\"name\":\"Suisse orientale\",\"item\":\"https:\\\/\\\/www.immo-invest.ch\\\/fr\\\/categories\\\/regions\\\/suisse\\\/suisse-orientale\\\/\",\"nextItem\":{\"@type\":\"ListItem\",\"@id\":\"https:\\\/\\\/www.immo-invest.ch\\\/fr\\\/categories\\\/regions\\\/suisse\\\/suisse-orientale\\\/schaffhouse\\\/#listItem\",\"name\":\"Schaffhouse\"},\"previousItem\":{\"@type\":\"ListItem\",\"@id\":\"https:\\\/\\\/www.immo-invest.ch\\\/fr\\\/categories\\\/regions\\\/suisse\\\/#listItem\",\"name\":\"Suisse\"}},{\"@type\":\"ListItem\",\"@id\":\"https:\\\/\\\/www.immo-invest.ch\\\/fr\\\/categories\\\/regions\\\/suisse\\\/suisse-orientale\\\/schaffhouse\\\/#listItem\",\"position\":5,\"name\":\"Schaffhouse\",\"item\":\"https:\\\/\\\/www.immo-invest.ch\\\/fr\\\/categories\\\/regions\\\/suisse\\\/suisse-orientale\\\/schaffhouse\\\/\",\"nextItem\":{\"@type\":\"ListItem\",\"@id\":\"https:\\\/\\\/www.immo-invest.ch\\\/fr\\\/generis-ag-fuehrt-wirtschaftsfoerderung-fort\\\/#listItem\",\"name\":\"Generis AG poursuit le d\\u00e9veloppement \\u00e9conomique\"},\"previousItem\":{\"@type\":\"ListItem\",\"@id\":\"https:\\\/\\\/www.immo-invest.ch\\\/fr\\\/categories\\\/regions\\\/suisse\\\/suisse-orientale\\\/#listItem\",\"name\":\"Suisse orientale\"}},{\"@type\":\"ListItem\",\"@id\":\"https:\\\/\\\/www.immo-invest.ch\\\/fr\\\/generis-ag-fuehrt-wirtschaftsfoerderung-fort\\\/#listItem\",\"position\":6,\"name\":\"Generis AG poursuit le d\\u00e9veloppement \\u00e9conomique\",\"previousItem\":{\"@type\":\"ListItem\",\"@id\":\"https:\\\/\\\/www.immo-invest.ch\\\/fr\\\/categories\\\/regions\\\/suisse\\\/suisse-orientale\\\/schaffhouse\\\/#listItem\",\"name\":\"Schaffhouse\"}}]},{\"@type\":\"Organization\",\"@id\":\"https:\\\/\\\/www.immo-invest.ch\\\/fr\\\/#organization\",\"name\":\"immo!nvest - Die Plattform f\\u00fcr Standorte und Immobilien\",\"description\":\"Die\\u00a0Plattform f\\u00fcr Standorte und Immobilien\",\"url\":\"https:\\\/\\\/www.immo-invest.ch\\\/fr\\\/\",\"email\":\"admin@immomedia.ag\",\"telephone\":\"+41444420002\",\"logo\":{\"@type\":\"ImageObject\",\"url\":\"https:\\\/\\\/www.immo-invest.ch\\\/wp-content\\\/uploads\\\/2024\\\/09\\\/immoinvest_sm-scaled.jpg\",\"@id\":\"https:\\\/\\\/www.immo-invest.ch\\\/fr\\\/generis-ag-fuehrt-wirtschaftsfoerderung-fort\\\/#organizationLogo\",\"width\":2560,\"height\":1340},\"image\":{\"@id\":\"https:\\\/\\\/www.immo-invest.ch\\\/fr\\\/generis-ag-fuehrt-wirtschaftsfoerderung-fort\\\/#organizationLogo\"},\"sameAs\":[\"https:\\\/\\\/www.facebook.com\\\/people\\\/Immoinvest\\\/100077962920504\\\/\",\"https:\\\/\\\/x.com\\\/i\\\/flow\\\/login?redirect_after_login=immoinvest_ch\",\"https:\\\/\\\/www.instagram.com\\\/immoinvest_ch\\\/\",\"https:\\\/\\\/www.linkedin.com\\\/company\\\/immoinvest-swiss\"]},{\"@type\":\"Person\",\"@id\":\"https:\\\/\\\/www.immo-invest.ch\\\/fr\\\/author\\\/immovestuser\\\/#author\",\"url\":\"https:\\\/\\\/www.immo-invest.ch\\\/fr\\\/author\\\/immovestuser\\\/\",\"name\":\"immovestuser\",\"image\":{\"@type\":\"ImageObject\",\"@id\":\"https:\\\/\\\/www.immo-invest.ch\\\/fr\\\/generis-ag-fuehrt-wirtschaftsfoerderung-fort\\\/#authorImage\",\"url\":\"https:\\\/\\\/secure.gravatar.com\\\/avatar\\\/8e01f4d99f2eeea7a362ebb93305e1172a70e9293ba250f897a65c39f54cdd1e?s=96&d=mm&r=g\",\"width\":96,\"height\":96,\"caption\":\"immovestuser\"}},{\"@type\":\"WebPage\",\"@id\":\"https:\\\/\\\/www.immo-invest.ch\\\/fr\\\/generis-ag-fuehrt-wirtschaftsfoerderung-fort\\\/#webpage\",\"url\":\"https:\\\/\\\/www.immo-invest.ch\\\/fr\\\/generis-ag-fuehrt-wirtschaftsfoerderung-fort\\\/\",\"name\":\"Generis AG poursuit le d\\u00e9veloppement \\u00e9conomique - immo!nvest - Die Plattform f\\u00fcr Standorte und Immobilien\",\"description\":\"Le Conseil d'Etat schaffhousois a de nouveau attribu\\u00e9 le mandat de gestion de la promotion \\u00e9conomique et du bureau du d\\u00e9veloppement r\\u00e9gional et du site \\u00e0 Generis AG. Apr\\u00e8s un processus d'appel d'offres en deux \\u00e9tapes, Generis AG poursuivra ces t\\u00e2ches \\u00e0 partir du 1er janvier 2025 jusqu'\\u00e0 fin 2032.\",\"inLanguage\":\"fr-FR\",\"isPartOf\":{\"@id\":\"https:\\\/\\\/www.immo-invest.ch\\\/fr\\\/#website\"},\"breadcrumb\":{\"@id\":\"https:\\\/\\\/www.immo-invest.ch\\\/fr\\\/generis-ag-fuehrt-wirtschaftsfoerderung-fort\\\/#breadcrumblist\"},\"author\":{\"@id\":\"https:\\\/\\\/www.immo-invest.ch\\\/fr\\\/author\\\/immovestuser\\\/#author\"},\"creator\":{\"@id\":\"https:\\\/\\\/www.immo-invest.ch\\\/fr\\\/author\\\/immovestuser\\\/#author\"},\"image\":{\"@type\":\"ImageObject\",\"url\":\"https:\\\/\\\/www.immo-invest.ch\\\/wp-content\\\/uploads\\\/2024\\\/07\\\/schaffhausen-5337305_1920-e1720610886552.jpg\",\"@id\":\"https:\\\/\\\/www.immo-invest.ch\\\/fr\\\/generis-ag-fuehrt-wirtschaftsfoerderung-fort\\\/#mainImage\",\"width\":1920,\"height\":960},\"primaryImageOfPage\":{\"@id\":\"https:\\\/\\\/www.immo-invest.ch\\\/fr\\\/generis-ag-fuehrt-wirtschaftsfoerderung-fort\\\/#mainImage\"},\"datePublished\":\"2024-07-10T13:28:22+02:00\",\"dateModified\":\"2024-07-10T15:15:48+02:00\"},{\"@type\":\"WebSite\",\"@id\":\"https:\\\/\\\/www.immo-invest.ch\\\/fr\\\/#website\",\"url\":\"https:\\\/\\\/www.immo-invest.ch\\\/fr\\\/\",\"name\":\"immo!nvest - Die Plattform f\\u00fcr Standorte und Immobilien\",\"description\":\"Die\\u00a0Plattform f\\u00fcr Standorte und Immobilien\",\"inLanguage\":\"fr-FR\",\"publisher\":{\"@id\":\"https:\\\/\\\/www.immo-invest.ch\\\/fr\\\/#organization\"}}]}\n\t\t<\/script>\n\t\t<!-- All in One SEO -->\n\n","aioseo_head_json":{"title":"Generis AG poursuit le d\u00e9veloppement \u00e9conomique - immo!nvest - Die Plattform f\u00fcr Standorte und Immobilien","description":"Le Conseil d'Etat schaffhousois a de nouveau attribu\u00e9 le mandat de gestion de la promotion \u00e9conomique et du bureau du d\u00e9veloppement r\u00e9gional et du site \u00e0 Generis AG. Apr\u00e8s un processus d'appel d'offres en deux \u00e9tapes, Generis AG poursuivra ces t\u00e2ches \u00e0 partir du 1er janvier 2025 jusqu'\u00e0 fin 2032.","canonical_url":"https:\/\/www.immo-invest.ch\/fr\/generis-ag-fuehrt-wirtschaftsfoerderung-fort\/","robots":"max-image-preview:large","keywords":"","webmasterTools":{"google-site-verification":"fHJKvgWpZCR2zVBHWfkQeFXC11qieUSff0HGNYfuyLA","miscellaneous":""},"schema":{"@context":"https:\/\/schema.org","@graph":[{"@type":"BlogPosting","@id":"https:\/\/www.immo-invest.ch\/fr\/generis-ag-fuehrt-wirtschaftsfoerderung-fort\/#blogposting","name":"Generis AG poursuit le d\u00e9veloppement \u00e9conomique - immo!nvest - Die Plattform f\u00fcr Standorte und Immobilien","headline":"Generis AG poursuit le d\u00e9veloppement \u00e9conomique","author":{"@id":"https:\/\/www.immo-invest.ch\/fr\/author\/immovestuser\/#author"},"publisher":{"@id":"https:\/\/www.immo-invest.ch\/fr\/#organization"},"image":{"@type":"ImageObject","url":"https:\/\/www.immo-invest.ch\/wp-content\/uploads\/2024\/07\/schaffhausen-5337305_1920-e1720610886552.jpg","width":1920,"height":960},"datePublished":"2024-07-10T13:28:22+02:00","dateModified":"2024-07-10T15:15:48+02:00","inLanguage":"fr-FR","mainEntityOfPage":{"@id":"https:\/\/www.immo-invest.ch\/fr\/generis-ag-fuehrt-wirtschaftsfoerderung-fort\/#webpage"},"isPartOf":{"@id":"https:\/\/www.immo-invest.ch\/fr\/generis-ag-fuehrt-wirtschaftsfoerderung-fort\/#webpage"},"articleSection":"Entreprise, immoNews, Schaffhouse, Digitalisierung, Leistungsauftrag, Mandat, Regierung, schaffhausen, Vertrauen, Wirtschaftsf\u00f6rderung, Wirtschaftsstandort, Zusammenarbeit, Facultatif"},{"@type":"BreadcrumbList","@id":"https:\/\/www.immo-invest.ch\/fr\/generis-ag-fuehrt-wirtschaftsfoerderung-fort\/#breadcrumblist","itemListElement":[{"@type":"ListItem","@id":"https:\/\/www.immo-invest.ch\/fr\/#listItem","position":1,"name":"Home","item":"https:\/\/www.immo-invest.ch\/fr\/","nextItem":{"@type":"ListItem","@id":"https:\/\/www.immo-invest.ch\/fr\/categories\/regions\/#listItem","name":"R\u00e9gions"}},{"@type":"ListItem","@id":"https:\/\/www.immo-invest.ch\/fr\/categories\/regions\/#listItem","position":2,"name":"R\u00e9gions","item":"https:\/\/www.immo-invest.ch\/fr\/categories\/regions\/","nextItem":{"@type":"ListItem","@id":"https:\/\/www.immo-invest.ch\/fr\/categories\/regions\/suisse\/#listItem","name":"Suisse"},"previousItem":{"@type":"ListItem","@id":"https:\/\/www.immo-invest.ch\/fr\/#listItem","name":"Home"}},{"@type":"ListItem","@id":"https:\/\/www.immo-invest.ch\/fr\/categories\/regions\/suisse\/#listItem","position":3,"name":"Suisse","item":"https:\/\/www.immo-invest.ch\/fr\/categories\/regions\/suisse\/","nextItem":{"@type":"ListItem","@id":"https:\/\/www.immo-invest.ch\/fr\/categories\/regions\/suisse\/suisse-orientale\/#listItem","name":"Suisse orientale"},"previousItem":{"@type":"ListItem","@id":"https:\/\/www.immo-invest.ch\/fr\/categories\/regions\/#listItem","name":"R\u00e9gions"}},{"@type":"ListItem","@id":"https:\/\/www.immo-invest.ch\/fr\/categories\/regions\/suisse\/suisse-orientale\/#listItem","position":4,"name":"Suisse orientale","item":"https:\/\/www.immo-invest.ch\/fr\/categories\/regions\/suisse\/suisse-orientale\/","nextItem":{"@type":"ListItem","@id":"https:\/\/www.immo-invest.ch\/fr\/categories\/regions\/suisse\/suisse-orientale\/schaffhouse\/#listItem","name":"Schaffhouse"},"previousItem":{"@type":"ListItem","@id":"https:\/\/www.immo-invest.ch\/fr\/categories\/regions\/suisse\/#listItem","name":"Suisse"}},{"@type":"ListItem","@id":"https:\/\/www.immo-invest.ch\/fr\/categories\/regions\/suisse\/suisse-orientale\/schaffhouse\/#listItem","position":5,"name":"Schaffhouse","item":"https:\/\/www.immo-invest.ch\/fr\/categories\/regions\/suisse\/suisse-orientale\/schaffhouse\/","nextItem":{"@type":"ListItem","@id":"https:\/\/www.immo-invest.ch\/fr\/generis-ag-fuehrt-wirtschaftsfoerderung-fort\/#listItem","name":"Generis AG poursuit le d\u00e9veloppement \u00e9conomique"},"previousItem":{"@type":"ListItem","@id":"https:\/\/www.immo-invest.ch\/fr\/categories\/regions\/suisse\/suisse-orientale\/#listItem","name":"Suisse orientale"}},{"@type":"ListItem","@id":"https:\/\/www.immo-invest.ch\/fr\/generis-ag-fuehrt-wirtschaftsfoerderung-fort\/#listItem","position":6,"name":"Generis AG poursuit le d\u00e9veloppement \u00e9conomique","previousItem":{"@type":"ListItem","@id":"https:\/\/www.immo-invest.ch\/fr\/categories\/regions\/suisse\/suisse-orientale\/schaffhouse\/#listItem","name":"Schaffhouse"}}]},{"@type":"Organization","@id":"https:\/\/www.immo-invest.ch\/fr\/#organization","name":"immo!nvest - Die Plattform f\u00fcr Standorte und Immobilien","description":"Die\u00a0Plattform f\u00fcr Standorte und Immobilien","url":"https:\/\/www.immo-invest.ch\/fr\/","email":"admin@immomedia.ag","telephone":"+41444420002","logo":{"@type":"ImageObject","url":"https:\/\/www.immo-invest.ch\/wp-content\/uploads\/2024\/09\/immoinvest_sm-scaled.jpg","@id":"https:\/\/www.immo-invest.ch\/fr\/generis-ag-fuehrt-wirtschaftsfoerderung-fort\/#organizationLogo","width":2560,"height":1340},"image":{"@id":"https:\/\/www.immo-invest.ch\/fr\/generis-ag-fuehrt-wirtschaftsfoerderung-fort\/#organizationLogo"},"sameAs":["https:\/\/www.facebook.com\/people\/Immoinvest\/100077962920504\/","https:\/\/x.com\/i\/flow\/login?redirect_after_login=immoinvest_ch","https:\/\/www.instagram.com\/immoinvest_ch\/","https:\/\/www.linkedin.com\/company\/immoinvest-swiss"]},{"@type":"Person","@id":"https:\/\/www.immo-invest.ch\/fr\/author\/immovestuser\/#author","url":"https:\/\/www.immo-invest.ch\/fr\/author\/immovestuser\/","name":"immovestuser","image":{"@type":"ImageObject","@id":"https:\/\/www.immo-invest.ch\/fr\/generis-ag-fuehrt-wirtschaftsfoerderung-fort\/#authorImage","url":"https:\/\/secure.gravatar.com\/avatar\/8e01f4d99f2eeea7a362ebb93305e1172a70e9293ba250f897a65c39f54cdd1e?s=96&d=mm&r=g","width":96,"height":96,"caption":"immovestuser"}},{"@type":"WebPage","@id":"https:\/\/www.immo-invest.ch\/fr\/generis-ag-fuehrt-wirtschaftsfoerderung-fort\/#webpage","url":"https:\/\/www.immo-invest.ch\/fr\/generis-ag-fuehrt-wirtschaftsfoerderung-fort\/","name":"Generis AG poursuit le d\u00e9veloppement \u00e9conomique - immo!nvest - Die Plattform f\u00fcr Standorte und Immobilien","description":"Le Conseil d'Etat schaffhousois a de nouveau attribu\u00e9 le mandat de gestion de la promotion \u00e9conomique et du bureau du d\u00e9veloppement r\u00e9gional et du site \u00e0 Generis AG. Apr\u00e8s un processus d'appel d'offres en deux \u00e9tapes, Generis AG poursuivra ces t\u00e2ches \u00e0 partir du 1er janvier 2025 jusqu'\u00e0 fin 2032.","inLanguage":"fr-FR","isPartOf":{"@id":"https:\/\/www.immo-invest.ch\/fr\/#website"},"breadcrumb":{"@id":"https:\/\/www.immo-invest.ch\/fr\/generis-ag-fuehrt-wirtschaftsfoerderung-fort\/#breadcrumblist"},"author":{"@id":"https:\/\/www.immo-invest.ch\/fr\/author\/immovestuser\/#author"},"creator":{"@id":"https:\/\/www.immo-invest.ch\/fr\/author\/immovestuser\/#author"},"image":{"@type":"ImageObject","url":"https:\/\/www.immo-invest.ch\/wp-content\/uploads\/2024\/07\/schaffhausen-5337305_1920-e1720610886552.jpg","@id":"https:\/\/www.immo-invest.ch\/fr\/generis-ag-fuehrt-wirtschaftsfoerderung-fort\/#mainImage","width":1920,"height":960},"primaryImageOfPage":{"@id":"https:\/\/www.immo-invest.ch\/fr\/generis-ag-fuehrt-wirtschaftsfoerderung-fort\/#mainImage"},"datePublished":"2024-07-10T13:28:22+02:00","dateModified":"2024-07-10T15:15:48+02:00"},{"@type":"WebSite","@id":"https:\/\/www.immo-invest.ch\/fr\/#website","url":"https:\/\/www.immo-invest.ch\/fr\/","name":"immo!nvest - Die Plattform f\u00fcr Standorte und Immobilien","description":"Die\u00a0Plattform f\u00fcr Standorte und Immobilien","inLanguage":"fr-FR","publisher":{"@id":"https:\/\/www.immo-invest.ch\/fr\/#organization"}}]},"og:locale":"fr_FR","og:site_name":"immo!nvest - Die Plattform f\u00fcr Standorte und Immobilien - Die\u00a0Plattform f\u00fcr Standorte und Immobilien","og:type":"article","og:title":"Generis AG poursuit le d\u00e9veloppement \u00e9conomique - immo!nvest - Die Plattform f\u00fcr Standorte und Immobilien","og:description":"Le Conseil d'Etat schaffhousois a de nouveau attribu\u00e9 le mandat de gestion de la promotion \u00e9conomique et du bureau du d\u00e9veloppement r\u00e9gional et du site \u00e0 Generis AG. Apr\u00e8s un processus d'appel d'offres en deux \u00e9tapes, Generis AG poursuivra ces t\u00e2ches \u00e0 partir du 1er janvier 2025 jusqu'\u00e0 fin 2032.","og:url":"https:\/\/www.immo-invest.ch\/fr\/generis-ag-fuehrt-wirtschaftsfoerderung-fort\/","og:image":"https:\/\/www.immo-invest.ch\/wp-content\/uploads\/2024\/07\/schaffhausen-5337305_1920-e1720610886552.jpg","og:image:secure_url":"https:\/\/www.immo-invest.ch\/wp-content\/uploads\/2024\/07\/schaffhausen-5337305_1920-e1720610886552.jpg","og:image:width":1920,"og:image:height":960,"article:published_time":"2024-07-10T11:28:22+00:00","article:modified_time":"2024-07-10T13:15:48+00:00","article:publisher":"https:\/\/www.facebook.com\/people\/Immoinvest\/100077962920504\/","twitter:card":"summary_large_image","twitter:site":"@i","twitter:title":"Generis AG poursuit le d\u00e9veloppement \u00e9conomique - immo!nvest - Die Plattform f\u00fcr Standorte und Immobilien","twitter:description":"Le Conseil d'Etat schaffhousois a de nouveau attribu\u00e9 le mandat de gestion de la promotion \u00e9conomique et du bureau du d\u00e9veloppement r\u00e9gional et du site \u00e0 Generis AG. Apr\u00e8s un processus d'appel d'offres en deux \u00e9tapes, Generis AG poursuivra ces t\u00e2ches \u00e0 partir du 1er janvier 2025 jusqu'\u00e0 fin 2032.","twitter:creator":"@i","twitter:image":"https:\/\/www.immo-invest.ch\/wp-content\/uploads\/2024\/07\/schaffhausen-5337305_1920-e1720610886552.jpg"},"aioseo_meta_data":{"post_id":"106549","title":null,"description":null,"keywords":null,"keyphrases":null,"primary_term":null,"canonical_url":null,"og_title":null,"og_description":null,"og_object_type":"default","og_image_type":"default","og_image_url":null,"og_image_width":null,"og_image_height":null,"og_image_custom_url":null,"og_image_custom_fields":null,"og_video":null,"og_custom_url":null,"og_article_section":null,"og_article_tags":null,"twitter_use_og":false,"twitter_card":"default","twitter_image_type":"default","twitter_image_url":null,"twitter_image_custom_url":null,"twitter_image_custom_fields":null,"twitter_title":null,"twitter_description":null,"schema":{"blockGraphs":[],"customGraphs":[],"default":{"data":{"Article":[],"Course":[],"Dataset":[],"FAQPage":[],"Movie":[],"Person":[],"Product":[],"ProductReview":[],"Car":[],"Recipe":[],"Service":[],"SoftwareApplication":[],"WebPage":[]},"graphName":"","isEnabled":true},"graphs":[]},"schema_type":"default","schema_type_options":null,"pillar_content":false,"robots_default":true,"robots_noindex":false,"robots_noarchive":false,"robots_nosnippet":false,"robots_nofollow":false,"robots_noimageindex":false,"robots_noodp":false,"robots_notranslate":false,"robots_max_snippet":null,"robots_max_videopreview":null,"robots_max_imagepreview":"large","priority":null,"frequency":null,"local_seo":null,"breadcrumb_settings":null,"limit_modified_date":false,"ai":null,"created":"2024-09-20 23:44:58","updated":"2025-10-24 06:03:12","seo_analyzer_scan_date":null,"focus_keyword":null,"additional_keywords":null,"truseo_locale":null},"aioseo_breadcrumb":"<div class=\"aioseo-breadcrumbs\"><span class=\"aioseo-breadcrumb\">\n\t\t\t<a href=\"https:\/\/www.immo-invest.ch\/fr\/\" title=\"Home\">Home<\/a>\n\t\t<\/span><span class=\"aioseo-breadcrumb-separator\">&raquo;<\/span><span class=\"aioseo-breadcrumb\">\n\t\t\t<a href=\"https:\/\/www.immo-invest.ch\/fr\/categories\/regions\/\" title=\"R\u00e9gions\">R\u00e9gions<\/a>\n\t\t<\/span><span class=\"aioseo-breadcrumb-separator\">&raquo;<\/span><span class=\"aioseo-breadcrumb\">\n\t\t\t<a href=\"https:\/\/www.immo-invest.ch\/fr\/categories\/regions\/suisse\/\" title=\"Suisse\">Suisse<\/a>\n\t\t<\/span><span class=\"aioseo-breadcrumb-separator\">&raquo;<\/span><span class=\"aioseo-breadcrumb\">\n\t\t\t<a href=\"https:\/\/www.immo-invest.ch\/fr\/categories\/regions\/suisse\/suisse-orientale\/\" title=\"Suisse orientale\">Suisse orientale<\/a>\n\t\t<\/span><span class=\"aioseo-breadcrumb-separator\">&raquo;<\/span><span class=\"aioseo-breadcrumb\">\n\t\t\t<a href=\"https:\/\/www.immo-invest.ch\/fr\/categories\/regions\/suisse\/suisse-orientale\/schaffhouse\/\" title=\"Schaffhouse\">Schaffhouse<\/a>\n\t\t<\/span><span class=\"aioseo-breadcrumb-separator\">&raquo;<\/span><span class=\"aioseo-breadcrumb\">\n\t\t\tGeneris AG poursuit le d\u00e9veloppement \u00e9conomique\n\t\t<\/span><\/div>","aioseo_breadcrumb_json":[{"label":"Home","link":"https:\/\/www.immo-invest.ch\/fr\/"},{"label":"R\u00e9gions","link":"https:\/\/www.immo-invest.ch\/fr\/categories\/regions\/"},{"label":"Suisse","link":"https:\/\/www.immo-invest.ch\/fr\/categories\/regions\/suisse\/"},{"label":"Suisse orientale","link":"https:\/\/www.immo-invest.ch\/fr\/categories\/regions\/suisse\/suisse-orientale\/"},{"label":"Schaffhouse","link":"https:\/\/www.immo-invest.ch\/fr\/categories\/regions\/suisse\/suisse-orientale\/schaffhouse\/"},{"label":"Generis AG poursuit le d\u00e9veloppement \u00e9conomique","link":"https:\/\/www.immo-invest.ch\/fr\/generis-ag-fuehrt-wirtschaftsfoerderung-fort\/"}],"featured_image_src":"https:\/\/www.immo-invest.ch\/wp-content\/uploads\/2024\/07\/schaffhausen-5337305_1920-336x168.jpg","_links":{"self":[{"href":"https:\/\/www.immo-invest.ch\/fr\/wp-json\/wp\/v2\/posts\/106549","targetHints":{"allow":["GET"]}}],"collection":[{"href":"https:\/\/www.immo-invest.ch\/fr\/wp-json\/wp\/v2\/posts"}],"about":[{"href":"https:\/\/www.immo-invest.ch\/fr\/wp-json\/wp\/v2\/types\/post"}],"author":[{"embeddable":true,"href":"https:\/\/www.immo-invest.ch\/fr\/wp-json\/wp\/v2\/users\/2"}],"replies":[{"embeddable":true,"href":"https:\/\/www.immo-invest.ch\/fr\/wp-json\/wp\/v2\/comments?post=106549"}],"version-history":[{"count":0,"href":"https:\/\/www.immo-invest.ch\/fr\/wp-json\/wp\/v2\/posts\/106549\/revisions"}],"wp:featuredmedia":[{"embeddable":true,"href":"https:\/\/www.immo-invest.ch\/fr\/wp-json\/wp\/v2\/media\/106544"}],"wp:attachment":[{"href":"https:\/\/www.immo-invest.ch\/fr\/wp-json\/wp\/v2\/media?parent=106549"}],"wp:term":[{"taxonomy":"category","embeddable":true,"href":"https:\/\/www.immo-invest.ch\/fr\/wp-json\/wp\/v2\/categories?post=106549"},{"taxonomy":"post_tag","embeddable":true,"href":"https:\/\/www.immo-invest.ch\/fr\/wp-json\/wp\/v2\/tags?post=106549"}],"curies":[{"name":"wp","href":"https:\/\/api.w.org\/{rel}","templated":true}]}}