{"id":106478,"date":"2024-07-10T12:12:52","date_gmt":"2024-07-10T10:12:52","guid":{"rendered":"https:\/\/www.immo-invest.ch\/?p=106478"},"modified":"2024-07-10T10:16:10","modified_gmt":"2024-07-10T08:16:10","slug":"galliker-nimmt-ladestation-der-superlative-von-designwerk-in-betrieb","status":"publish","type":"post","link":"https:\/\/www.immo-invest.ch\/fr\/galliker-nimmt-ladestation-der-superlative-von-designwerk-in-betrieb\/","title":{"rendered":"Galliker met en service la station de recharge superlative de Designwerk"},"content":{"rendered":"<p class=\"bodytext\"><a href=\"https:\/\/www.galliker.com\/\" target=\"_blank\" rel=\"noopener\">Galliker Transport AG<\/a> dispose d&eacute;sormais d&rsquo;une station de recharge de tous les superlatifs : dans le cadre de l&rsquo;<span class=\"glossaryLink\" aria-describedby=\"tt\" data-cmtooltip=\"&lt;div class=glossaryItemTitle&gt;Innovation&lt;\/div&gt;&lt;div class=glossaryItemBody&gt;Innovation in der heutigen Immobilienwelt bedeutet vor allem Digitalisierung von Prozessen. Zum Beispiel das Eliminieren von Tausenden von Excel-Bl&auml;ttern f&uuml;r Portfolio- und Asset-Manager oder das Erstellen einer Anwendung (App) f&uuml;r alle Formalit&auml;ten rund um die Beziehung zwischen Immobilieneigent&uuml;mern, - verwaltung und -mietern.&lt;\/div&gt;\" data-mobile-support=\"0\" data-gt-translate-attributes='[{\"attribute\":\"data-cmtooltip\", \"format\":\"html\"}]' tabindex=\"0\" role=\"link\">Innovation<\/span> Day by Galliker, le logisticien d&rsquo;Altishofen a mis en service le premier Stationary Battery Backed Mega Charger de Designwerk, informe <a href=\"https:\/\/www.designwerk.com\/\" target=\"_blank\" rel=\"noopener\">Designwerk Technologies AG<\/a> dans un <a href=\"https:\/\/www.designwerk.com\/post\/presse\/galliker-transport-ag-nimmt-mega-charger-von-designwerk-in-betrieb\/\" target=\"_blank\" rel=\"noopener\">communiqu&eacute;<\/a>. L&rsquo;installation pilote du syst&egrave;me de recharge rapide sur batterie dispose d&rsquo;une capacit&eacute; totale de 1 m&eacute;gawattheure et est aliment&eacute;e par l&rsquo;&eacute;lectricit&eacute; solaire produite par Galliker lui-m&ecirc;me.<\/p>\n<p class=\"bodytext\">&laquo;&nbsp;L&rsquo;utilisation de la station de recharge avec batterie de secours nous permet d&rsquo;utiliser l&rsquo;&eacute;lectricit&eacute; solaire produite pendant la journ&eacute;e pour recharger efficacement nos v&eacute;hicules utilitaires &eacute;lectriques 24 heures sur 24&nbsp;&raquo;, explique Felix Felder, responsable de la gestion de la flotte chez Galliker Transport AG, cit&eacute; dans le communiqu&eacute;. &laquo;&nbsp;Ce faisant, le Mega Charger peut contribuer &agrave; la stabilit&eacute; de notre r&eacute;seau d&rsquo;aires en lissant les pics de charge&nbsp;&raquo;<\/p>\n<p class=\"bodytext\">La station de chargement a la taille d&rsquo;un conteneur standard. L&rsquo;installation pilote chez Galliker est &eacute;quip&eacute;e de deux points de charge d&rsquo;une puissance de 420 kilowatts de courant continu chacun. La version maximale du Mega Charger peut accueillir une capacit&eacute; totale allant jusqu&rsquo;&agrave; 2 m&eacute;gawattheures.<\/p>\n<p class=\"bodytext\">&laquo;&nbsp;La mise en service du Mega Charger chez Galliker est une &eacute;tape importante dans le d&eacute;veloppement d&rsquo;une infrastructure de charge p&eacute;renne pour les poids lourds&nbsp;&raquo;, explique Thorben Maier, responsable des ventes et du service apr&egrave;s-vente de la technologie de charge de Designwerk Technologies AG. &laquo;&nbsp;Notre technologie permet aux entreprises de logistique de couvrir de mani&egrave;re durable un grand nombre de sc&eacute;narios de charge, les accumulateurs tampons permettant de soulager le r&eacute;seau &eacute;lectrique&nbsp;&raquo;<\/p>\n","protected":false},"excerpt":{"rendered":"<p>Galliker Transport AG a mis en service une station de recharge ultramoderne pour v\u00e9hicules utilitaires \u00e9lectriques. L&rsquo;installation pilote utilise l&rsquo;\u00e9nergie solaire produite sur place et peut lisser les pics de charge du r\u00e9seau \u00e9lectrique.<\/p>\n","protected":false},"author":2,"featured_media":106473,"comment_status":"open","ping_status":"open","sticky":false,"template":"","format":"standard","meta":{"pmpro_default_level":"","inline_featured_image":false,"_monsterinsights_skip_tracking":false,"footnotes":""},"categories":[22699,8747,743,9437],"tags":[4455,872,3931,5448,2002,2363],"class_list":["post-106478","post","type-post","status-publish","format-standard","has-post-thumbnail","hentry","category-durabilite","category-energie","category-immonews-fr","category-region-lucerne","tag-elektromobilitaet-fr","tag-immoinvest-fr","tag-immonews-fr","tag-ladestation-fr","tag-news-fr","tag-solarstrom-fr","pmpro-has-access"],"acf":{"bild_mit_ki_erstellt_worden":[],"lead":"Galliker Transport AG a mis en service une station de recharge ultramoderne pour v\u00e9hicules utilitaires \u00e9lectriques. L'installation pilote utilise l'\u00e9nergie solaire produite sur place et peut lisser les pics de charge du r\u00e9seau \u00e9lectrique.","autor":"ce\/hs","ort":"Luzern","bildunterschrift":"","bild_im_grid":false,"gallerie":"","newsim":""},"aioseo_notices":[],"aioseo_head":"\n\t\t<!-- All in One SEO 5.0.0.1 - aioseo.com -->\n\t<meta name=\"description\" content=\"Galliker Transport AG a mis en service une station de recharge ultramoderne pour v\u00e9hicules utilitaires \u00e9lectriques. L&#039;installation pilote utilise l&#039;\u00e9nergie solaire produite sur place et peut lisser les pics de charge du r\u00e9seau \u00e9lectrique.\" \/>\n\t<meta name=\"robots\" content=\"max-image-preview:large\" \/>\n\t<meta name=\"author\" content=\"immovestuser\"\/>\n\t<meta name=\"google-site-verification\" content=\"fHJKvgWpZCR2zVBHWfkQeFXC11qieUSff0HGNYfuyLA\" \/>\n\t<link rel=\"canonical\" href=\"https:\/\/www.immo-invest.ch\/fr\/galliker-nimmt-ladestation-der-superlative-von-designwerk-in-betrieb\/\" \/>\n\t<meta name=\"generator\" content=\"All in One SEO (AIOSEO) 5.0.0.1\" \/>\n\t\t<meta property=\"og:locale\" content=\"fr_FR\" \/>\n\t\t<meta property=\"og:site_name\" content=\"immo!nvest - Die Plattform f\u00fcr Standorte und Immobilien - Die\u00a0Plattform f\u00fcr Standorte und Immobilien\" \/>\n\t\t<meta property=\"og:type\" content=\"article\" \/>\n\t\t<meta property=\"og:title\" content=\"Galliker met en service la station de recharge superlative de Designwerk - immo!nvest - Die Plattform f\u00fcr Standorte und Immobilien\" \/>\n\t\t<meta property=\"og:description\" content=\"Galliker Transport AG a mis en service une station de recharge ultramoderne pour v\u00e9hicules utilitaires \u00e9lectriques. L&#039;installation pilote utilise l&#039;\u00e9nergie solaire produite sur place et peut lisser les pics de charge du r\u00e9seau \u00e9lectrique.\" \/>\n\t\t<meta property=\"og:url\" content=\"https:\/\/www.immo-invest.ch\/fr\/galliker-nimmt-ladestation-der-superlative-von-designwerk-in-betrieb\/\" \/>\n\t\t<meta property=\"og:image\" content=\"https:\/\/www.immo-invest.ch\/wp-content\/uploads\/2024\/07\/Unbenannt-13.png\" \/>\n\t\t<meta property=\"og:image:secure_url\" content=\"https:\/\/www.immo-invest.ch\/wp-content\/uploads\/2024\/07\/Unbenannt-13.png\" \/>\n\t\t<meta property=\"og:image:width\" content=\"1792\" \/>\n\t\t<meta property=\"og:image:height\" content=\"1024\" \/>\n\t\t<meta property=\"article:published_time\" content=\"2024-07-10T10:12:52+00:00\" \/>\n\t\t<meta property=\"article:modified_time\" content=\"2024-07-10T08:16:10+00:00\" \/>\n\t\t<meta property=\"article:publisher\" content=\"https:\/\/www.facebook.com\/people\/Immoinvest\/100077962920504\/\" \/>\n\t\t<meta name=\"twitter:card\" content=\"summary_large_image\" \/>\n\t\t<meta name=\"twitter:site\" content=\"@i\" \/>\n\t\t<meta name=\"twitter:title\" content=\"Galliker met en service la station de recharge superlative de Designwerk - immo!nvest - Die Plattform f\u00fcr Standorte und Immobilien\" \/>\n\t\t<meta name=\"twitter:description\" content=\"Galliker Transport AG a mis en service une station de recharge ultramoderne pour v\u00e9hicules utilitaires \u00e9lectriques. L&#039;installation pilote utilise l&#039;\u00e9nergie solaire produite sur place et peut lisser les pics de charge du r\u00e9seau \u00e9lectrique.\" \/>\n\t\t<meta name=\"twitter:creator\" content=\"@i\" \/>\n\t\t<meta name=\"twitter:image\" content=\"https:\/\/www.immo-invest.ch\/wp-content\/uploads\/2024\/07\/Unbenannt-13.png\" \/>\n\t\t<script type=\"application\/ld+json\" class=\"aioseo-schema\">\n\t\t\t{\"@context\":\"https:\\\/\\\/schema.org\",\"@graph\":[{\"@type\":\"BlogPosting\",\"@id\":\"https:\\\/\\\/www.immo-invest.ch\\\/fr\\\/galliker-nimmt-ladestation-der-superlative-von-designwerk-in-betrieb\\\/#blogposting\",\"name\":\"Galliker met en service la station de recharge superlative de Designwerk - immo!nvest - Die Plattform f\\u00fcr Standorte und Immobilien\",\"headline\":\"Galliker met en service la station de recharge superlative de Designwerk\",\"author\":{\"@id\":\"https:\\\/\\\/www.immo-invest.ch\\\/fr\\\/author\\\/immovestuser\\\/#author\"},\"publisher\":{\"@id\":\"https:\\\/\\\/www.immo-invest.ch\\\/fr\\\/#organization\"},\"image\":{\"@type\":\"ImageObject\",\"url\":\"https:\\\/\\\/www.immo-invest.ch\\\/wp-content\\\/uploads\\\/2024\\\/07\\\/Unbenannt-13.png\",\"width\":1792,\"height\":1024},\"datePublished\":\"2024-07-10T12:12:52+02:00\",\"dateModified\":\"2024-07-10T10:16:10+02:00\",\"inLanguage\":\"fr-FR\",\"mainEntityOfPage\":{\"@id\":\"https:\\\/\\\/www.immo-invest.ch\\\/fr\\\/galliker-nimmt-ladestation-der-superlative-von-designwerk-in-betrieb\\\/#webpage\"},\"isPartOf\":{\"@id\":\"https:\\\/\\\/www.immo-invest.ch\\\/fr\\\/galliker-nimmt-ladestation-der-superlative-von-designwerk-in-betrieb\\\/#webpage\"},\"articleSection\":\"Durabilit\\u00e9, \\u00c9nergie, immoNews, Lucerne, Elektromobilit\\u00e4t, Immoinvest, immoNews, ladestation, News, Solarstrom, Facultatif\"},{\"@type\":\"BreadcrumbList\",\"@id\":\"https:\\\/\\\/www.immo-invest.ch\\\/fr\\\/galliker-nimmt-ladestation-der-superlative-von-designwerk-in-betrieb\\\/#breadcrumblist\",\"itemListElement\":[{\"@type\":\"ListItem\",\"@id\":\"https:\\\/\\\/www.immo-invest.ch\\\/fr\\\/#listItem\",\"position\":1,\"name\":\"Home\",\"item\":\"https:\\\/\\\/www.immo-invest.ch\\\/fr\\\/\",\"nextItem\":{\"@type\":\"ListItem\",\"@id\":\"https:\\\/\\\/www.immo-invest.ch\\\/fr\\\/categories\\\/regions\\\/#listItem\",\"name\":\"R\\u00e9gions\"}},{\"@type\":\"ListItem\",\"@id\":\"https:\\\/\\\/www.immo-invest.ch\\\/fr\\\/categories\\\/regions\\\/#listItem\",\"position\":2,\"name\":\"R\\u00e9gions\",\"item\":\"https:\\\/\\\/www.immo-invest.ch\\\/fr\\\/categories\\\/regions\\\/\",\"nextItem\":{\"@type\":\"ListItem\",\"@id\":\"https:\\\/\\\/www.immo-invest.ch\\\/fr\\\/categories\\\/regions\\\/suisse\\\/#listItem\",\"name\":\"Suisse\"},\"previousItem\":{\"@type\":\"ListItem\",\"@id\":\"https:\\\/\\\/www.immo-invest.ch\\\/fr\\\/#listItem\",\"name\":\"Home\"}},{\"@type\":\"ListItem\",\"@id\":\"https:\\\/\\\/www.immo-invest.ch\\\/fr\\\/categories\\\/regions\\\/suisse\\\/#listItem\",\"position\":3,\"name\":\"Suisse\",\"item\":\"https:\\\/\\\/www.immo-invest.ch\\\/fr\\\/categories\\\/regions\\\/suisse\\\/\",\"nextItem\":{\"@type\":\"ListItem\",\"@id\":\"https:\\\/\\\/www.immo-invest.ch\\\/fr\\\/categories\\\/regions\\\/suisse\\\/region-zentralschweiz\\\/#listItem\",\"name\":\"Zentralschweiz\"},\"previousItem\":{\"@type\":\"ListItem\",\"@id\":\"https:\\\/\\\/www.immo-invest.ch\\\/fr\\\/categories\\\/regions\\\/#listItem\",\"name\":\"R\\u00e9gions\"}},{\"@type\":\"ListItem\",\"@id\":\"https:\\\/\\\/www.immo-invest.ch\\\/fr\\\/categories\\\/regions\\\/suisse\\\/region-zentralschweiz\\\/#listItem\",\"position\":4,\"name\":\"Zentralschweiz\",\"item\":\"https:\\\/\\\/www.immo-invest.ch\\\/fr\\\/categories\\\/regions\\\/suisse\\\/region-zentralschweiz\\\/\",\"nextItem\":{\"@type\":\"ListItem\",\"@id\":\"https:\\\/\\\/www.immo-invest.ch\\\/fr\\\/categories\\\/regions\\\/suisse\\\/region-zentralschweiz\\\/region-lucerne\\\/#listItem\",\"name\":\"Lucerne\"},\"previousItem\":{\"@type\":\"ListItem\",\"@id\":\"https:\\\/\\\/www.immo-invest.ch\\\/fr\\\/categories\\\/regions\\\/suisse\\\/#listItem\",\"name\":\"Suisse\"}},{\"@type\":\"ListItem\",\"@id\":\"https:\\\/\\\/www.immo-invest.ch\\\/fr\\\/categories\\\/regions\\\/suisse\\\/region-zentralschweiz\\\/region-lucerne\\\/#listItem\",\"position\":5,\"name\":\"Lucerne\",\"item\":\"https:\\\/\\\/www.immo-invest.ch\\\/fr\\\/categories\\\/regions\\\/suisse\\\/region-zentralschweiz\\\/region-lucerne\\\/\",\"nextItem\":{\"@type\":\"ListItem\",\"@id\":\"https:\\\/\\\/www.immo-invest.ch\\\/fr\\\/galliker-nimmt-ladestation-der-superlative-von-designwerk-in-betrieb\\\/#listItem\",\"name\":\"Galliker met en service la station de recharge superlative de Designwerk\"},\"previousItem\":{\"@type\":\"ListItem\",\"@id\":\"https:\\\/\\\/www.immo-invest.ch\\\/fr\\\/categories\\\/regions\\\/suisse\\\/region-zentralschweiz\\\/#listItem\",\"name\":\"Zentralschweiz\"}},{\"@type\":\"ListItem\",\"@id\":\"https:\\\/\\\/www.immo-invest.ch\\\/fr\\\/galliker-nimmt-ladestation-der-superlative-von-designwerk-in-betrieb\\\/#listItem\",\"position\":6,\"name\":\"Galliker met en service la station de recharge superlative de Designwerk\",\"previousItem\":{\"@type\":\"ListItem\",\"@id\":\"https:\\\/\\\/www.immo-invest.ch\\\/fr\\\/categories\\\/regions\\\/suisse\\\/region-zentralschweiz\\\/region-lucerne\\\/#listItem\",\"name\":\"Lucerne\"}}]},{\"@type\":\"Organization\",\"@id\":\"https:\\\/\\\/www.immo-invest.ch\\\/fr\\\/#organization\",\"name\":\"immo!nvest - Die Plattform f\\u00fcr Standorte und Immobilien\",\"description\":\"Die\\u00a0Plattform f\\u00fcr Standorte und Immobilien\",\"url\":\"https:\\\/\\\/www.immo-invest.ch\\\/fr\\\/\",\"email\":\"admin@immomedia.ag\",\"telephone\":\"+41444420002\",\"logo\":{\"@type\":\"ImageObject\",\"url\":\"https:\\\/\\\/www.immo-invest.ch\\\/wp-content\\\/uploads\\\/2024\\\/09\\\/immoinvest_sm-scaled.jpg\",\"@id\":\"https:\\\/\\\/www.immo-invest.ch\\\/fr\\\/galliker-nimmt-ladestation-der-superlative-von-designwerk-in-betrieb\\\/#organizationLogo\",\"width\":2560,\"height\":1340},\"image\":{\"@id\":\"https:\\\/\\\/www.immo-invest.ch\\\/fr\\\/galliker-nimmt-ladestation-der-superlative-von-designwerk-in-betrieb\\\/#organizationLogo\"},\"sameAs\":[\"https:\\\/\\\/www.facebook.com\\\/people\\\/Immoinvest\\\/100077962920504\\\/\",\"https:\\\/\\\/x.com\\\/i\\\/flow\\\/login?redirect_after_login=immoinvest_ch\",\"https:\\\/\\\/www.instagram.com\\\/immoinvest_ch\\\/\",\"https:\\\/\\\/www.linkedin.com\\\/company\\\/immoinvest-swiss\"]},{\"@type\":\"Person\",\"@id\":\"https:\\\/\\\/www.immo-invest.ch\\\/fr\\\/author\\\/immovestuser\\\/#author\",\"url\":\"https:\\\/\\\/www.immo-invest.ch\\\/fr\\\/author\\\/immovestuser\\\/\",\"name\":\"immovestuser\",\"image\":{\"@type\":\"ImageObject\",\"@id\":\"https:\\\/\\\/www.immo-invest.ch\\\/fr\\\/galliker-nimmt-ladestation-der-superlative-von-designwerk-in-betrieb\\\/#authorImage\",\"url\":\"https:\\\/\\\/secure.gravatar.com\\\/avatar\\\/8e01f4d99f2eeea7a362ebb93305e1172a70e9293ba250f897a65c39f54cdd1e?s=96&d=mm&r=g\",\"width\":96,\"height\":96,\"caption\":\"immovestuser\"}},{\"@type\":\"WebPage\",\"@id\":\"https:\\\/\\\/www.immo-invest.ch\\\/fr\\\/galliker-nimmt-ladestation-der-superlative-von-designwerk-in-betrieb\\\/#webpage\",\"url\":\"https:\\\/\\\/www.immo-invest.ch\\\/fr\\\/galliker-nimmt-ladestation-der-superlative-von-designwerk-in-betrieb\\\/\",\"name\":\"Galliker met en service la station de recharge superlative de Designwerk - immo!nvest - Die Plattform f\\u00fcr Standorte und Immobilien\",\"description\":\"Galliker Transport AG a mis en service une station de recharge ultramoderne pour v\\u00e9hicules utilitaires \\u00e9lectriques. L'installation pilote utilise l'\\u00e9nergie solaire produite sur place et peut lisser les pics de charge du r\\u00e9seau \\u00e9lectrique.\",\"inLanguage\":\"fr-FR\",\"isPartOf\":{\"@id\":\"https:\\\/\\\/www.immo-invest.ch\\\/fr\\\/#website\"},\"breadcrumb\":{\"@id\":\"https:\\\/\\\/www.immo-invest.ch\\\/fr\\\/galliker-nimmt-ladestation-der-superlative-von-designwerk-in-betrieb\\\/#breadcrumblist\"},\"author\":{\"@id\":\"https:\\\/\\\/www.immo-invest.ch\\\/fr\\\/author\\\/immovestuser\\\/#author\"},\"creator\":{\"@id\":\"https:\\\/\\\/www.immo-invest.ch\\\/fr\\\/author\\\/immovestuser\\\/#author\"},\"image\":{\"@type\":\"ImageObject\",\"url\":\"https:\\\/\\\/www.immo-invest.ch\\\/wp-content\\\/uploads\\\/2024\\\/07\\\/Unbenannt-13.png\",\"@id\":\"https:\\\/\\\/www.immo-invest.ch\\\/fr\\\/galliker-nimmt-ladestation-der-superlative-von-designwerk-in-betrieb\\\/#mainImage\",\"width\":1792,\"height\":1024},\"primaryImageOfPage\":{\"@id\":\"https:\\\/\\\/www.immo-invest.ch\\\/fr\\\/galliker-nimmt-ladestation-der-superlative-von-designwerk-in-betrieb\\\/#mainImage\"},\"datePublished\":\"2024-07-10T12:12:52+02:00\",\"dateModified\":\"2024-07-10T10:16:10+02:00\"},{\"@type\":\"WebSite\",\"@id\":\"https:\\\/\\\/www.immo-invest.ch\\\/fr\\\/#website\",\"url\":\"https:\\\/\\\/www.immo-invest.ch\\\/fr\\\/\",\"name\":\"immo!nvest - Die Plattform f\\u00fcr Standorte und Immobilien\",\"description\":\"Die\\u00a0Plattform f\\u00fcr Standorte und Immobilien\",\"inLanguage\":\"fr-FR\",\"publisher\":{\"@id\":\"https:\\\/\\\/www.immo-invest.ch\\\/fr\\\/#organization\"}}]}\n\t\t<\/script>\n\t\t<!-- All in One SEO -->\n\n","aioseo_head_json":{"title":"Galliker met en service la station de recharge superlative de Designwerk - immo!nvest - Die Plattform f\u00fcr Standorte und Immobilien","description":"Galliker Transport AG a mis en service une station de recharge ultramoderne pour v\u00e9hicules utilitaires \u00e9lectriques. L'installation pilote utilise l'\u00e9nergie solaire produite sur place et peut lisser les pics de charge du r\u00e9seau \u00e9lectrique.","canonical_url":"https:\/\/www.immo-invest.ch\/fr\/galliker-nimmt-ladestation-der-superlative-von-designwerk-in-betrieb\/","robots":"max-image-preview:large","keywords":"","webmasterTools":{"google-site-verification":"fHJKvgWpZCR2zVBHWfkQeFXC11qieUSff0HGNYfuyLA","miscellaneous":""},"schema":{"@context":"https:\/\/schema.org","@graph":[{"@type":"BlogPosting","@id":"https:\/\/www.immo-invest.ch\/fr\/galliker-nimmt-ladestation-der-superlative-von-designwerk-in-betrieb\/#blogposting","name":"Galliker met en service la station de recharge superlative de Designwerk - immo!nvest - Die Plattform f\u00fcr Standorte und Immobilien","headline":"Galliker met en service la station de recharge superlative de Designwerk","author":{"@id":"https:\/\/www.immo-invest.ch\/fr\/author\/immovestuser\/#author"},"publisher":{"@id":"https:\/\/www.immo-invest.ch\/fr\/#organization"},"image":{"@type":"ImageObject","url":"https:\/\/www.immo-invest.ch\/wp-content\/uploads\/2024\/07\/Unbenannt-13.png","width":1792,"height":1024},"datePublished":"2024-07-10T12:12:52+02:00","dateModified":"2024-07-10T10:16:10+02:00","inLanguage":"fr-FR","mainEntityOfPage":{"@id":"https:\/\/www.immo-invest.ch\/fr\/galliker-nimmt-ladestation-der-superlative-von-designwerk-in-betrieb\/#webpage"},"isPartOf":{"@id":"https:\/\/www.immo-invest.ch\/fr\/galliker-nimmt-ladestation-der-superlative-von-designwerk-in-betrieb\/#webpage"},"articleSection":"Durabilit\u00e9, \u00c9nergie, immoNews, Lucerne, Elektromobilit\u00e4t, Immoinvest, immoNews, ladestation, News, Solarstrom, Facultatif"},{"@type":"BreadcrumbList","@id":"https:\/\/www.immo-invest.ch\/fr\/galliker-nimmt-ladestation-der-superlative-von-designwerk-in-betrieb\/#breadcrumblist","itemListElement":[{"@type":"ListItem","@id":"https:\/\/www.immo-invest.ch\/fr\/#listItem","position":1,"name":"Home","item":"https:\/\/www.immo-invest.ch\/fr\/","nextItem":{"@type":"ListItem","@id":"https:\/\/www.immo-invest.ch\/fr\/categories\/regions\/#listItem","name":"R\u00e9gions"}},{"@type":"ListItem","@id":"https:\/\/www.immo-invest.ch\/fr\/categories\/regions\/#listItem","position":2,"name":"R\u00e9gions","item":"https:\/\/www.immo-invest.ch\/fr\/categories\/regions\/","nextItem":{"@type":"ListItem","@id":"https:\/\/www.immo-invest.ch\/fr\/categories\/regions\/suisse\/#listItem","name":"Suisse"},"previousItem":{"@type":"ListItem","@id":"https:\/\/www.immo-invest.ch\/fr\/#listItem","name":"Home"}},{"@type":"ListItem","@id":"https:\/\/www.immo-invest.ch\/fr\/categories\/regions\/suisse\/#listItem","position":3,"name":"Suisse","item":"https:\/\/www.immo-invest.ch\/fr\/categories\/regions\/suisse\/","nextItem":{"@type":"ListItem","@id":"https:\/\/www.immo-invest.ch\/fr\/categories\/regions\/suisse\/region-zentralschweiz\/#listItem","name":"Zentralschweiz"},"previousItem":{"@type":"ListItem","@id":"https:\/\/www.immo-invest.ch\/fr\/categories\/regions\/#listItem","name":"R\u00e9gions"}},{"@type":"ListItem","@id":"https:\/\/www.immo-invest.ch\/fr\/categories\/regions\/suisse\/region-zentralschweiz\/#listItem","position":4,"name":"Zentralschweiz","item":"https:\/\/www.immo-invest.ch\/fr\/categories\/regions\/suisse\/region-zentralschweiz\/","nextItem":{"@type":"ListItem","@id":"https:\/\/www.immo-invest.ch\/fr\/categories\/regions\/suisse\/region-zentralschweiz\/region-lucerne\/#listItem","name":"Lucerne"},"previousItem":{"@type":"ListItem","@id":"https:\/\/www.immo-invest.ch\/fr\/categories\/regions\/suisse\/#listItem","name":"Suisse"}},{"@type":"ListItem","@id":"https:\/\/www.immo-invest.ch\/fr\/categories\/regions\/suisse\/region-zentralschweiz\/region-lucerne\/#listItem","position":5,"name":"Lucerne","item":"https:\/\/www.immo-invest.ch\/fr\/categories\/regions\/suisse\/region-zentralschweiz\/region-lucerne\/","nextItem":{"@type":"ListItem","@id":"https:\/\/www.immo-invest.ch\/fr\/galliker-nimmt-ladestation-der-superlative-von-designwerk-in-betrieb\/#listItem","name":"Galliker met en service la station de recharge superlative de Designwerk"},"previousItem":{"@type":"ListItem","@id":"https:\/\/www.immo-invest.ch\/fr\/categories\/regions\/suisse\/region-zentralschweiz\/#listItem","name":"Zentralschweiz"}},{"@type":"ListItem","@id":"https:\/\/www.immo-invest.ch\/fr\/galliker-nimmt-ladestation-der-superlative-von-designwerk-in-betrieb\/#listItem","position":6,"name":"Galliker met en service la station de recharge superlative de Designwerk","previousItem":{"@type":"ListItem","@id":"https:\/\/www.immo-invest.ch\/fr\/categories\/regions\/suisse\/region-zentralschweiz\/region-lucerne\/#listItem","name":"Lucerne"}}]},{"@type":"Organization","@id":"https:\/\/www.immo-invest.ch\/fr\/#organization","name":"immo!nvest - Die Plattform f\u00fcr Standorte und Immobilien","description":"Die\u00a0Plattform f\u00fcr Standorte und Immobilien","url":"https:\/\/www.immo-invest.ch\/fr\/","email":"admin@immomedia.ag","telephone":"+41444420002","logo":{"@type":"ImageObject","url":"https:\/\/www.immo-invest.ch\/wp-content\/uploads\/2024\/09\/immoinvest_sm-scaled.jpg","@id":"https:\/\/www.immo-invest.ch\/fr\/galliker-nimmt-ladestation-der-superlative-von-designwerk-in-betrieb\/#organizationLogo","width":2560,"height":1340},"image":{"@id":"https:\/\/www.immo-invest.ch\/fr\/galliker-nimmt-ladestation-der-superlative-von-designwerk-in-betrieb\/#organizationLogo"},"sameAs":["https:\/\/www.facebook.com\/people\/Immoinvest\/100077962920504\/","https:\/\/x.com\/i\/flow\/login?redirect_after_login=immoinvest_ch","https:\/\/www.instagram.com\/immoinvest_ch\/","https:\/\/www.linkedin.com\/company\/immoinvest-swiss"]},{"@type":"Person","@id":"https:\/\/www.immo-invest.ch\/fr\/author\/immovestuser\/#author","url":"https:\/\/www.immo-invest.ch\/fr\/author\/immovestuser\/","name":"immovestuser","image":{"@type":"ImageObject","@id":"https:\/\/www.immo-invest.ch\/fr\/galliker-nimmt-ladestation-der-superlative-von-designwerk-in-betrieb\/#authorImage","url":"https:\/\/secure.gravatar.com\/avatar\/8e01f4d99f2eeea7a362ebb93305e1172a70e9293ba250f897a65c39f54cdd1e?s=96&d=mm&r=g","width":96,"height":96,"caption":"immovestuser"}},{"@type":"WebPage","@id":"https:\/\/www.immo-invest.ch\/fr\/galliker-nimmt-ladestation-der-superlative-von-designwerk-in-betrieb\/#webpage","url":"https:\/\/www.immo-invest.ch\/fr\/galliker-nimmt-ladestation-der-superlative-von-designwerk-in-betrieb\/","name":"Galliker met en service la station de recharge superlative de Designwerk - immo!nvest - Die Plattform f\u00fcr Standorte und Immobilien","description":"Galliker Transport AG a mis en service une station de recharge ultramoderne pour v\u00e9hicules utilitaires \u00e9lectriques. L'installation pilote utilise l'\u00e9nergie solaire produite sur place et peut lisser les pics de charge du r\u00e9seau \u00e9lectrique.","inLanguage":"fr-FR","isPartOf":{"@id":"https:\/\/www.immo-invest.ch\/fr\/#website"},"breadcrumb":{"@id":"https:\/\/www.immo-invest.ch\/fr\/galliker-nimmt-ladestation-der-superlative-von-designwerk-in-betrieb\/#breadcrumblist"},"author":{"@id":"https:\/\/www.immo-invest.ch\/fr\/author\/immovestuser\/#author"},"creator":{"@id":"https:\/\/www.immo-invest.ch\/fr\/author\/immovestuser\/#author"},"image":{"@type":"ImageObject","url":"https:\/\/www.immo-invest.ch\/wp-content\/uploads\/2024\/07\/Unbenannt-13.png","@id":"https:\/\/www.immo-invest.ch\/fr\/galliker-nimmt-ladestation-der-superlative-von-designwerk-in-betrieb\/#mainImage","width":1792,"height":1024},"primaryImageOfPage":{"@id":"https:\/\/www.immo-invest.ch\/fr\/galliker-nimmt-ladestation-der-superlative-von-designwerk-in-betrieb\/#mainImage"},"datePublished":"2024-07-10T12:12:52+02:00","dateModified":"2024-07-10T10:16:10+02:00"},{"@type":"WebSite","@id":"https:\/\/www.immo-invest.ch\/fr\/#website","url":"https:\/\/www.immo-invest.ch\/fr\/","name":"immo!nvest - Die Plattform f\u00fcr Standorte und Immobilien","description":"Die\u00a0Plattform f\u00fcr Standorte und Immobilien","inLanguage":"fr-FR","publisher":{"@id":"https:\/\/www.immo-invest.ch\/fr\/#organization"}}]},"og:locale":"fr_FR","og:site_name":"immo!nvest - Die Plattform f\u00fcr Standorte und Immobilien - Die\u00a0Plattform f\u00fcr Standorte und Immobilien","og:type":"article","og:title":"Galliker met en service la station de recharge superlative de Designwerk - immo!nvest - Die Plattform f\u00fcr Standorte und Immobilien","og:description":"Galliker Transport AG a mis en service une station de recharge ultramoderne pour v\u00e9hicules utilitaires \u00e9lectriques. L'installation pilote utilise l'\u00e9nergie solaire produite sur place et peut lisser les pics de charge du r\u00e9seau \u00e9lectrique.","og:url":"https:\/\/www.immo-invest.ch\/fr\/galliker-nimmt-ladestation-der-superlative-von-designwerk-in-betrieb\/","og:image":"https:\/\/www.immo-invest.ch\/wp-content\/uploads\/2024\/07\/Unbenannt-13.png","og:image:secure_url":"https:\/\/www.immo-invest.ch\/wp-content\/uploads\/2024\/07\/Unbenannt-13.png","og:image:width":1792,"og:image:height":1024,"article:published_time":"2024-07-10T10:12:52+00:00","article:modified_time":"2024-07-10T08:16:10+00:00","article:publisher":"https:\/\/www.facebook.com\/people\/Immoinvest\/100077962920504\/","twitter:card":"summary_large_image","twitter:site":"@i","twitter:title":"Galliker met en service la station de recharge superlative de Designwerk - immo!nvest - Die Plattform f\u00fcr Standorte und Immobilien","twitter:description":"Galliker Transport AG a mis en service une station de recharge ultramoderne pour v\u00e9hicules utilitaires \u00e9lectriques. L'installation pilote utilise l'\u00e9nergie solaire produite sur place et peut lisser les pics de charge du r\u00e9seau \u00e9lectrique.","twitter:creator":"@i","twitter:image":"https:\/\/www.immo-invest.ch\/wp-content\/uploads\/2024\/07\/Unbenannt-13.png"},"aioseo_meta_data":{"post_id":"106478","title":null,"description":null,"keywords":null,"keyphrases":null,"primary_term":null,"canonical_url":null,"og_title":null,"og_description":null,"og_object_type":"default","og_image_type":"default","og_image_url":null,"og_image_width":null,"og_image_height":null,"og_image_custom_url":null,"og_image_custom_fields":null,"og_video":null,"og_custom_url":null,"og_article_section":null,"og_article_tags":null,"twitter_use_og":false,"twitter_card":"default","twitter_image_type":"default","twitter_image_url":null,"twitter_image_custom_url":null,"twitter_image_custom_fields":null,"twitter_title":null,"twitter_description":null,"schema":{"blockGraphs":[],"customGraphs":[],"default":{"data":{"Article":[],"Course":[],"Dataset":[],"FAQPage":[],"Movie":[],"Person":[],"Product":[],"ProductReview":[],"Car":[],"Recipe":[],"Service":[],"SoftwareApplication":[],"WebPage":[]},"graphName":"","isEnabled":true},"graphs":[]},"schema_type":"default","schema_type_options":null,"pillar_content":false,"robots_default":true,"robots_noindex":false,"robots_noarchive":false,"robots_nosnippet":false,"robots_nofollow":false,"robots_noimageindex":false,"robots_noodp":false,"robots_notranslate":false,"robots_max_snippet":null,"robots_max_videopreview":null,"robots_max_imagepreview":"large","priority":null,"frequency":null,"local_seo":null,"breadcrumb_settings":null,"limit_modified_date":false,"ai":null,"created":"2024-09-20 23:42:58","updated":"2025-10-24 06:01:12","seo_analyzer_scan_date":null,"focus_keyword":null,"additional_keywords":null,"truseo_locale":null},"aioseo_breadcrumb":"<div class=\"aioseo-breadcrumbs\"><span class=\"aioseo-breadcrumb\">\n\t\t\t<a href=\"https:\/\/www.immo-invest.ch\/fr\/\" title=\"Home\">Home<\/a>\n\t\t<\/span><span class=\"aioseo-breadcrumb-separator\">&raquo;<\/span><span class=\"aioseo-breadcrumb\">\n\t\t\t<a href=\"https:\/\/www.immo-invest.ch\/fr\/categories\/regions\/\" title=\"R\u00e9gions\">R\u00e9gions<\/a>\n\t\t<\/span><span class=\"aioseo-breadcrumb-separator\">&raquo;<\/span><span class=\"aioseo-breadcrumb\">\n\t\t\t<a href=\"https:\/\/www.immo-invest.ch\/fr\/categories\/regions\/suisse\/\" title=\"Suisse\">Suisse<\/a>\n\t\t<\/span><span class=\"aioseo-breadcrumb-separator\">&raquo;<\/span><span class=\"aioseo-breadcrumb\">\n\t\t\t<a href=\"https:\/\/www.immo-invest.ch\/fr\/categories\/regions\/suisse\/region-zentralschweiz\/\" title=\"Zentralschweiz\">Zentralschweiz<\/a>\n\t\t<\/span><span class=\"aioseo-breadcrumb-separator\">&raquo;<\/span><span class=\"aioseo-breadcrumb\">\n\t\t\t<a href=\"https:\/\/www.immo-invest.ch\/fr\/categories\/regions\/suisse\/region-zentralschweiz\/region-lucerne\/\" title=\"Lucerne\">Lucerne<\/a>\n\t\t<\/span><span class=\"aioseo-breadcrumb-separator\">&raquo;<\/span><span class=\"aioseo-breadcrumb\">\n\t\t\tGalliker met en service la station de recharge superlative de Designwerk\n\t\t<\/span><\/div>","aioseo_breadcrumb_json":[{"label":"Home","link":"https:\/\/www.immo-invest.ch\/fr\/"},{"label":"R\u00e9gions","link":"https:\/\/www.immo-invest.ch\/fr\/categories\/regions\/"},{"label":"Suisse","link":"https:\/\/www.immo-invest.ch\/fr\/categories\/regions\/suisse\/"},{"label":"Zentralschweiz","link":"https:\/\/www.immo-invest.ch\/fr\/categories\/regions\/suisse\/region-zentralschweiz\/"},{"label":"Lucerne","link":"https:\/\/www.immo-invest.ch\/fr\/categories\/regions\/suisse\/region-zentralschweiz\/region-lucerne\/"},{"label":"Galliker met en service la station de recharge superlative de Designwerk","link":"https:\/\/www.immo-invest.ch\/fr\/galliker-nimmt-ladestation-der-superlative-von-designwerk-in-betrieb\/"}],"featured_image_src":"https:\/\/www.immo-invest.ch\/wp-content\/uploads\/2024\/07\/Unbenannt-13-336x168.png","_links":{"self":[{"href":"https:\/\/www.immo-invest.ch\/fr\/wp-json\/wp\/v2\/posts\/106478","targetHints":{"allow":["GET"]}}],"collection":[{"href":"https:\/\/www.immo-invest.ch\/fr\/wp-json\/wp\/v2\/posts"}],"about":[{"href":"https:\/\/www.immo-invest.ch\/fr\/wp-json\/wp\/v2\/types\/post"}],"author":[{"embeddable":true,"href":"https:\/\/www.immo-invest.ch\/fr\/wp-json\/wp\/v2\/users\/2"}],"replies":[{"embeddable":true,"href":"https:\/\/www.immo-invest.ch\/fr\/wp-json\/wp\/v2\/comments?post=106478"}],"version-history":[{"count":0,"href":"https:\/\/www.immo-invest.ch\/fr\/wp-json\/wp\/v2\/posts\/106478\/revisions"}],"wp:featuredmedia":[{"embeddable":true,"href":"https:\/\/www.immo-invest.ch\/fr\/wp-json\/wp\/v2\/media\/106473"}],"wp:attachment":[{"href":"https:\/\/www.immo-invest.ch\/fr\/wp-json\/wp\/v2\/media?parent=106478"}],"wp:term":[{"taxonomy":"category","embeddable":true,"href":"https:\/\/www.immo-invest.ch\/fr\/wp-json\/wp\/v2\/categories?post=106478"},{"taxonomy":"post_tag","embeddable":true,"href":"https:\/\/www.immo-invest.ch\/fr\/wp-json\/wp\/v2\/tags?post=106478"}],"curies":[{"name":"wp","href":"https:\/\/api.w.org\/{rel}","templated":true}]}}