{"id":104952,"date":"2024-07-05T16:29:30","date_gmt":"2024-07-05T14:29:30","guid":{"rendered":"https:\/\/www.immo-invest.ch\/?p=104952"},"modified":"2024-07-05T16:29:32","modified_gmt":"2024-07-05T14:29:32","slug":"zimeysaver-un-avenir-pour-meyrin-satigny-vernier","status":"publish","type":"post","link":"https:\/\/www.immo-invest.ch\/fr\/zimeysaver-un-avenir-pour-meyrin-satigny-vernier\/","title":{"rendered":"ZIMEYSAVER \u2013 un avenir pour Meyrin, Satigny, Vernier"},"content":{"rendered":"<p class=\"wp-block-paragraph\">Cet important projet de d&eacute;veloppement est men&eacute; en &eacute;troite collaboration entre les communes concern&eacute;es, la Fondation pour les terrains industriels ainsi que diverses associations, entrepreneurs et habitants de la r&eacute;gion. Ce partenariat garantit la prise en compte d&rsquo;int&eacute;r&ecirc;ts multiples et la cr&eacute;ation d&rsquo;une cohabitation harmonieuse entre espaces commerciaux et r&eacute;sidentiels.<\/p>\n\n\n\n<p class=\"wp-block-paragraph\">Des espaces attrayants et abordables<br>L&rsquo;un des principaux d&eacute;fis du projet est de cr&eacute;er des disponibilit&eacute;s fonci&egrave;res et immobili&egrave;res attrayantes et diversifi&eacute;es &agrave; des prix abordables pour les activit&eacute;s productives. L&rsquo;accent est &eacute;galement mis sur l&rsquo;int&eacute;gration habile des espaces commerciaux et r&eacute;sidentiels afin de cr&eacute;er un environnement coh&eacute;rent et agr&eacute;able pour toutes les parties concern&eacute;es.<\/p>\n\n\n\n<p class=\"wp-block-paragraph\">Optimisation de l&rsquo;infrastructure de transport<br>L&rsquo;am&eacute;lioration du transport de marchandises et de la mobilit&eacute; des personnes est un autre aspect important. Les voies de circulation pr&eacute;vues et les nouveaux embranchements autoroutiers am&eacute;lioreront consid&eacute;rablement l&rsquo;accessibilit&eacute; de la zone. Deux lignes de bus &agrave; haut niveau de service permettront de mieux relier le nord et le sud de la r&eacute;gion d&egrave;s 2024.<\/p>\n\n\n\n<p class=\"wp-block-paragraph\">Qualit&eacute; de l&rsquo;environnement et habitat<br>L&rsquo;accent sera mis sur l&rsquo;am&eacute;lioration de la qualit&eacute; de l&rsquo;environnement par la cr&eacute;ation d&rsquo;espaces ouverts et qualifi&eacute;s et la mise &agrave; disposition de nouveaux &eacute;quipements pour les entreprises et les employ&eacute;s, tels que des cr&egrave;ches, des restaurants et des petits commerces.<br>Les prochaines &eacute;tapes<br>En 2024, la poursuite du d&eacute;veloppement du plan directeur pour les activit&eacute;s mixtes et le d&eacute;p&ocirc;t du permis de construire pour le &laquo;bar de Montfleury&raquo; ainsi que le nouvel &eacute;changeur autoroutier. L&rsquo;ann&eacute;e prochaine, il est pr&eacute;vu de faire un tour d&rsquo;horizon public des modifications de zones et du plan directeur de la zone industrielle de Tuilire et de commencer les travaux sur le chemin d&rsquo;agglom&eacute;ration de la rive droite. D&rsquo;ici 2031, la mise en &oelig;uvre de la &laquo;barre de Montfleury&raquo; et l&rsquo;&eacute;changeur autoroutier devraient &ecirc;tre r&eacute;alis&eacute;s.<\/p>\n\n\n\n<p class=\"wp-block-paragraph\">R&eacute;alisations ant&eacute;rieures<br>Le projet a d&eacute;j&agrave; r&eacute;ussi &agrave; mettre en &oelig;uvre de nombreuses &eacute;tapes importantes, notamment l&rsquo;adoption de plusieurs plans directeurs et de cr&eacute;dits d&rsquo;investissement, ainsi que la pr&eacute;paration des futures phases de d&eacute;veloppement. Ainsi, le plan directeur pour les zones industrielles et artisanales a d&eacute;j&agrave; &eacute;t&eacute; adopt&eacute; par le Conseil d&rsquo;&Eacute;tat en mai 2022.<\/p>\n","protected":false},"excerpt":{"rendered":"<p>Le grand projet ZIMEYSAVER s&rsquo;\u00e9tend sur plus de 380 hectares et relie les zones industrielles des communes de Meyrin, Satigny et Vernier. L&rsquo;objectif du projet est de cr\u00e9er des zones d&rsquo;entreprises vivantes et comp\u00e9titives, offrant une qualit\u00e9 de vie \u00e9lev\u00e9e tant pour les employ\u00e9s que pour les riverains, et de cr\u00e9er environ 10 000 nouveaux emplois d&rsquo;ici 2030. En appliquant les principes de l&rsquo;\u00e9cologie industrielle, le projet favorise une utilisation durable des sols et des ressources et optimise les infrastructures et les \u00e9quipements de la zone.<\/p>\n","protected":false},"author":2,"featured_media":104953,"comment_status":"open","ping_status":"open","sticky":false,"template":"","format":"standard","meta":{"pmpro_default_level":"0","inline_featured_image":false,"_monsterinsights_skip_tracking":false,"footnotes":""},"categories":[22696,47523,739],"tags":[48202,47524,34948,48205,48199,872,3931,48201,48204,48203,48200,4519],"class_list":["post-104952","post","type-post","status-publish","format-standard","has-post-thumbnail","hentry","category-entreprise","category-genf-fr","category-projects","tag-accessibilite","tag-collaboration-fr","tag-developpement","tag-equipements","tag-espaces-commerciaux","tag-immoinvest-fr","tag-immonews-fr","tag-permis-de-construire","tag-plan-directeur","tag-qualite-de-lenvironnement","tag-residentiels","tag-transport-fr","pmpro-has-access"],"acf":{"bild_mit_ki_erstellt_worden":[],"lead":"Le grand projet ZIMEYSAVER s'\u00e9tend sur plus de 380 hectares et relie les zones industrielles des communes de Meyrin, Satigny et Vernier. L'objectif du projet est de cr\u00e9er des zones d'entreprises vivantes et comp\u00e9titives, offrant une qualit\u00e9 de vie \u00e9lev\u00e9e tant pour les employ\u00e9s que pour les riverains, et de cr\u00e9er environ 10 000 nouveaux emplois d'ici 2030. En appliquant les principes de l'\u00e9cologie industrielle, le projet favorise une utilisation durable des sols et des ressources et optimise les infrastructures et les \u00e9quipements de la zone.","autor":"Texte: Christoph Gr\u00fcninger, Source: Gen\u00e8ve, Image: ge.ch","ort":"","bildunterschrift":"","bild_im_grid":false,"gallerie":"","newsim":""},"aioseo_notices":[],"aioseo_head":"\n\t\t<!-- All in One SEO 5.0.0.1 - aioseo.com -->\n\t<meta name=\"description\" content=\"Le grand projet ZIMEYSAVER s&#039;\u00e9tend sur plus de 380 hectares et relie les zones industrielles des communes de Meyrin, Satigny et Vernier. L&#039;objectif du projet est de cr\u00e9er des zones d&#039;entreprises vivantes et comp\u00e9titives, offrant une qualit\u00e9 de vie \u00e9lev\u00e9e tant pour les employ\u00e9s que pour les riverains, et de cr\u00e9er environ 10 000 nouveaux emplois d&#039;ici 2030. En appliquant les principes de l&#039;\u00e9cologie industrielle, le projet favorise une utilisation durable des sols et des ressources et optimise les infrastructures et les \u00e9quipements de la zone.\" \/>\n\t<meta name=\"robots\" content=\"max-image-preview:large\" \/>\n\t<meta name=\"author\" content=\"immovestuser\"\/>\n\t<meta name=\"google-site-verification\" content=\"fHJKvgWpZCR2zVBHWfkQeFXC11qieUSff0HGNYfuyLA\" \/>\n\t<link rel=\"canonical\" href=\"https:\/\/www.immo-invest.ch\/fr\/zimeysaver-un-avenir-pour-meyrin-satigny-vernier\/\" \/>\n\t<meta name=\"generator\" content=\"All in One SEO (AIOSEO) 5.0.0.1\" \/>\n\t\t<meta property=\"og:locale\" content=\"fr_FR\" \/>\n\t\t<meta property=\"og:site_name\" content=\"immo!nvest - Die Plattform f\u00fcr Standorte und Immobilien - Die\u00a0Plattform f\u00fcr Standorte und Immobilien\" \/>\n\t\t<meta property=\"og:type\" content=\"article\" \/>\n\t\t<meta property=\"og:title\" content=\"ZIMEYSAVER \u2013 un avenir pour Meyrin, Satigny, Vernier - immo!nvest - Die Plattform f\u00fcr Standorte und Immobilien\" \/>\n\t\t<meta property=\"og:description\" content=\"Le grand projet ZIMEYSAVER s&#039;\u00e9tend sur plus de 380 hectares et relie les zones industrielles des communes de Meyrin, Satigny et Vernier. L&#039;objectif du projet est de cr\u00e9er des zones d&#039;entreprises vivantes et comp\u00e9titives, offrant une qualit\u00e9 de vie \u00e9lev\u00e9e tant pour les employ\u00e9s que pour les riverains, et de cr\u00e9er environ 10 000 nouveaux emplois d&#039;ici 2030. En appliquant les principes de l&#039;\u00e9cologie industrielle, le projet favorise une utilisation durable des sols et des ressources et optimise les infrastructures et les \u00e9quipements de la zone.\" \/>\n\t\t<meta property=\"og:url\" content=\"https:\/\/www.immo-invest.ch\/fr\/zimeysaver-un-avenir-pour-meyrin-satigny-vernier\/\" \/>\n\t\t<meta property=\"og:image\" content=\"https:\/\/www.immo-invest.ch\/wp-content\/uploads\/2024\/07\/06102023DJI_0321-Panorama_BDef-transformed.png\" \/>\n\t\t<meta property=\"og:image:secure_url\" content=\"https:\/\/www.immo-invest.ch\/wp-content\/uploads\/2024\/07\/06102023DJI_0321-Panorama_BDef-transformed.png\" \/>\n\t\t<meta property=\"og:image:width\" content=\"1460\" \/>\n\t\t<meta property=\"og:image:height\" content=\"648\" \/>\n\t\t<meta property=\"article:published_time\" content=\"2024-07-05T14:29:30+00:00\" \/>\n\t\t<meta property=\"article:modified_time\" content=\"2024-07-05T14:29:32+00:00\" \/>\n\t\t<meta property=\"article:publisher\" content=\"https:\/\/www.facebook.com\/people\/Immoinvest\/100077962920504\/\" \/>\n\t\t<meta name=\"twitter:card\" content=\"summary_large_image\" \/>\n\t\t<meta name=\"twitter:site\" content=\"@i\" \/>\n\t\t<meta name=\"twitter:title\" content=\"ZIMEYSAVER \u2013 un avenir pour Meyrin, Satigny, Vernier - immo!nvest - Die Plattform f\u00fcr Standorte und Immobilien\" \/>\n\t\t<meta name=\"twitter:description\" content=\"Le grand projet ZIMEYSAVER s&#039;\u00e9tend sur plus de 380 hectares et relie les zones industrielles des communes de Meyrin, Satigny et Vernier. L&#039;objectif du projet est de cr\u00e9er des zones d&#039;entreprises vivantes et comp\u00e9titives, offrant une qualit\u00e9 de vie \u00e9lev\u00e9e tant pour les employ\u00e9s que pour les riverains, et de cr\u00e9er environ 10 000 nouveaux emplois d&#039;ici 2030. En appliquant les principes de l&#039;\u00e9cologie industrielle, le projet favorise une utilisation durable des sols et des ressources et optimise les infrastructures et les \u00e9quipements de la zone.\" \/>\n\t\t<meta name=\"twitter:creator\" content=\"@i\" \/>\n\t\t<meta name=\"twitter:image\" content=\"https:\/\/www.immo-invest.ch\/wp-content\/uploads\/2024\/07\/06102023DJI_0321-Panorama_BDef-transformed.png\" \/>\n\t\t<script type=\"application\/ld+json\" class=\"aioseo-schema\">\n\t\t\t{\"@context\":\"https:\\\/\\\/schema.org\",\"@graph\":[{\"@type\":\"BlogPosting\",\"@id\":\"https:\\\/\\\/www.immo-invest.ch\\\/fr\\\/zimeysaver-un-avenir-pour-meyrin-satigny-vernier\\\/#blogposting\",\"name\":\"ZIMEYSAVER \\u2013 un avenir pour Meyrin, Satigny, Vernier - immo!nvest - Die Plattform f\\u00fcr Standorte und Immobilien\",\"headline\":\"ZIMEYSAVER \\u2013 un avenir pour Meyrin, Satigny, Vernier\",\"author\":{\"@id\":\"https:\\\/\\\/www.immo-invest.ch\\\/fr\\\/author\\\/immovestuser\\\/#author\"},\"publisher\":{\"@id\":\"https:\\\/\\\/www.immo-invest.ch\\\/fr\\\/#organization\"},\"image\":{\"@type\":\"ImageObject\",\"url\":\"https:\\\/\\\/www.immo-invest.ch\\\/wp-content\\\/uploads\\\/2024\\\/07\\\/06102023DJI_0321-Panorama_BDef-transformed.png\",\"width\":1460,\"height\":648},\"datePublished\":\"2024-07-05T16:29:30+02:00\",\"dateModified\":\"2024-07-05T16:29:32+02:00\",\"inLanguage\":\"fr-FR\",\"mainEntityOfPage\":{\"@id\":\"https:\\\/\\\/www.immo-invest.ch\\\/fr\\\/zimeysaver-un-avenir-pour-meyrin-satigny-vernier\\\/#webpage\"},\"isPartOf\":{\"@id\":\"https:\\\/\\\/www.immo-invest.ch\\\/fr\\\/zimeysaver-un-avenir-pour-meyrin-satigny-vernier\\\/#webpage\"},\"articleSection\":\"Entreprise, Genf, Projects, accessibilit\\u00e9, collaboration, D\\u00e9veloppement, \\u00e9quipements, espaces commerciaux, Immoinvest, immoNews, permis de construire, plan directeur, qualit\\u00e9 de l&#039;environnement, r\\u00e9sidentiels, Transport, Facultatif\"},{\"@type\":\"BreadcrumbList\",\"@id\":\"https:\\\/\\\/www.immo-invest.ch\\\/fr\\\/zimeysaver-un-avenir-pour-meyrin-satigny-vernier\\\/#breadcrumblist\",\"itemListElement\":[{\"@type\":\"ListItem\",\"@id\":\"https:\\\/\\\/www.immo-invest.ch\\\/fr\\\/#listItem\",\"position\":1,\"name\":\"Home\",\"item\":\"https:\\\/\\\/www.immo-invest.ch\\\/fr\\\/\",\"nextItem\":{\"@type\":\"ListItem\",\"@id\":\"https:\\\/\\\/www.immo-invest.ch\\\/fr\\\/categories\\\/regions\\\/#listItem\",\"name\":\"R\\u00e9gions\"}},{\"@type\":\"ListItem\",\"@id\":\"https:\\\/\\\/www.immo-invest.ch\\\/fr\\\/categories\\\/regions\\\/#listItem\",\"position\":2,\"name\":\"R\\u00e9gions\",\"item\":\"https:\\\/\\\/www.immo-invest.ch\\\/fr\\\/categories\\\/regions\\\/\",\"nextItem\":{\"@type\":\"ListItem\",\"@id\":\"https:\\\/\\\/www.immo-invest.ch\\\/fr\\\/categories\\\/regions\\\/suisse\\\/#listItem\",\"name\":\"Suisse\"},\"previousItem\":{\"@type\":\"ListItem\",\"@id\":\"https:\\\/\\\/www.immo-invest.ch\\\/fr\\\/#listItem\",\"name\":\"Home\"}},{\"@type\":\"ListItem\",\"@id\":\"https:\\\/\\\/www.immo-invest.ch\\\/fr\\\/categories\\\/regions\\\/suisse\\\/#listItem\",\"position\":3,\"name\":\"Suisse\",\"item\":\"https:\\\/\\\/www.immo-invest.ch\\\/fr\\\/categories\\\/regions\\\/suisse\\\/\",\"nextItem\":{\"@type\":\"ListItem\",\"@id\":\"https:\\\/\\\/www.immo-invest.ch\\\/fr\\\/categories\\\/regions\\\/suisse\\\/region-lemanique\\\/#listItem\",\"name\":\"R\\u00e9gion l\\u00e9manique\"},\"previousItem\":{\"@type\":\"ListItem\",\"@id\":\"https:\\\/\\\/www.immo-invest.ch\\\/fr\\\/categories\\\/regions\\\/#listItem\",\"name\":\"R\\u00e9gions\"}},{\"@type\":\"ListItem\",\"@id\":\"https:\\\/\\\/www.immo-invest.ch\\\/fr\\\/categories\\\/regions\\\/suisse\\\/region-lemanique\\\/#listItem\",\"position\":4,\"name\":\"R\\u00e9gion l\\u00e9manique\",\"item\":\"https:\\\/\\\/www.immo-invest.ch\\\/fr\\\/categories\\\/regions\\\/suisse\\\/region-lemanique\\\/\",\"nextItem\":{\"@type\":\"ListItem\",\"@id\":\"https:\\\/\\\/www.immo-invest.ch\\\/fr\\\/categories\\\/regions\\\/suisse\\\/region-lemanique\\\/genf-fr\\\/#listItem\",\"name\":\"Genf\"},\"previousItem\":{\"@type\":\"ListItem\",\"@id\":\"https:\\\/\\\/www.immo-invest.ch\\\/fr\\\/categories\\\/regions\\\/suisse\\\/#listItem\",\"name\":\"Suisse\"}},{\"@type\":\"ListItem\",\"@id\":\"https:\\\/\\\/www.immo-invest.ch\\\/fr\\\/categories\\\/regions\\\/suisse\\\/region-lemanique\\\/genf-fr\\\/#listItem\",\"position\":5,\"name\":\"Genf\",\"item\":\"https:\\\/\\\/www.immo-invest.ch\\\/fr\\\/categories\\\/regions\\\/suisse\\\/region-lemanique\\\/genf-fr\\\/\",\"nextItem\":{\"@type\":\"ListItem\",\"@id\":\"https:\\\/\\\/www.immo-invest.ch\\\/fr\\\/zimeysaver-un-avenir-pour-meyrin-satigny-vernier\\\/#listItem\",\"name\":\"ZIMEYSAVER \\u2013 un avenir pour Meyrin, Satigny, Vernier\"},\"previousItem\":{\"@type\":\"ListItem\",\"@id\":\"https:\\\/\\\/www.immo-invest.ch\\\/fr\\\/categories\\\/regions\\\/suisse\\\/region-lemanique\\\/#listItem\",\"name\":\"R\\u00e9gion l\\u00e9manique\"}},{\"@type\":\"ListItem\",\"@id\":\"https:\\\/\\\/www.immo-invest.ch\\\/fr\\\/zimeysaver-un-avenir-pour-meyrin-satigny-vernier\\\/#listItem\",\"position\":6,\"name\":\"ZIMEYSAVER \\u2013 un avenir pour Meyrin, Satigny, Vernier\",\"previousItem\":{\"@type\":\"ListItem\",\"@id\":\"https:\\\/\\\/www.immo-invest.ch\\\/fr\\\/categories\\\/regions\\\/suisse\\\/region-lemanique\\\/genf-fr\\\/#listItem\",\"name\":\"Genf\"}}]},{\"@type\":\"Organization\",\"@id\":\"https:\\\/\\\/www.immo-invest.ch\\\/fr\\\/#organization\",\"name\":\"immo!nvest - Die Plattform f\\u00fcr Standorte und Immobilien\",\"description\":\"Die\\u00a0Plattform f\\u00fcr Standorte und Immobilien\",\"url\":\"https:\\\/\\\/www.immo-invest.ch\\\/fr\\\/\",\"email\":\"admin@immomedia.ag\",\"telephone\":\"+41444420002\",\"logo\":{\"@type\":\"ImageObject\",\"url\":\"https:\\\/\\\/www.immo-invest.ch\\\/wp-content\\\/uploads\\\/2024\\\/09\\\/immoinvest_sm-scaled.jpg\",\"@id\":\"https:\\\/\\\/www.immo-invest.ch\\\/fr\\\/zimeysaver-un-avenir-pour-meyrin-satigny-vernier\\\/#organizationLogo\",\"width\":2560,\"height\":1340},\"image\":{\"@id\":\"https:\\\/\\\/www.immo-invest.ch\\\/fr\\\/zimeysaver-un-avenir-pour-meyrin-satigny-vernier\\\/#organizationLogo\"},\"sameAs\":[\"https:\\\/\\\/www.facebook.com\\\/people\\\/Immoinvest\\\/100077962920504\\\/\",\"https:\\\/\\\/x.com\\\/i\\\/flow\\\/login?redirect_after_login=immoinvest_ch\",\"https:\\\/\\\/www.instagram.com\\\/immoinvest_ch\\\/\",\"https:\\\/\\\/www.linkedin.com\\\/company\\\/immoinvest-swiss\"]},{\"@type\":\"Person\",\"@id\":\"https:\\\/\\\/www.immo-invest.ch\\\/fr\\\/author\\\/immovestuser\\\/#author\",\"url\":\"https:\\\/\\\/www.immo-invest.ch\\\/fr\\\/author\\\/immovestuser\\\/\",\"name\":\"immovestuser\",\"image\":{\"@type\":\"ImageObject\",\"@id\":\"https:\\\/\\\/www.immo-invest.ch\\\/fr\\\/zimeysaver-un-avenir-pour-meyrin-satigny-vernier\\\/#authorImage\",\"url\":\"https:\\\/\\\/secure.gravatar.com\\\/avatar\\\/8e01f4d99f2eeea7a362ebb93305e1172a70e9293ba250f897a65c39f54cdd1e?s=96&d=mm&r=g\",\"width\":96,\"height\":96,\"caption\":\"immovestuser\"}},{\"@type\":\"WebPage\",\"@id\":\"https:\\\/\\\/www.immo-invest.ch\\\/fr\\\/zimeysaver-un-avenir-pour-meyrin-satigny-vernier\\\/#webpage\",\"url\":\"https:\\\/\\\/www.immo-invest.ch\\\/fr\\\/zimeysaver-un-avenir-pour-meyrin-satigny-vernier\\\/\",\"name\":\"ZIMEYSAVER \\u2013 un avenir pour Meyrin, Satigny, Vernier - immo!nvest - Die Plattform f\\u00fcr Standorte und Immobilien\",\"description\":\"Le grand projet ZIMEYSAVER s'\\u00e9tend sur plus de 380 hectares et relie les zones industrielles des communes de Meyrin, Satigny et Vernier. L'objectif du projet est de cr\\u00e9er des zones d'entreprises vivantes et comp\\u00e9titives, offrant une qualit\\u00e9 de vie \\u00e9lev\\u00e9e tant pour les employ\\u00e9s que pour les riverains, et de cr\\u00e9er environ 10 000 nouveaux emplois d'ici 2030. En appliquant les principes de l'\\u00e9cologie industrielle, le projet favorise une utilisation durable des sols et des ressources et optimise les infrastructures et les \\u00e9quipements de la zone.\",\"inLanguage\":\"fr-FR\",\"isPartOf\":{\"@id\":\"https:\\\/\\\/www.immo-invest.ch\\\/fr\\\/#website\"},\"breadcrumb\":{\"@id\":\"https:\\\/\\\/www.immo-invest.ch\\\/fr\\\/zimeysaver-un-avenir-pour-meyrin-satigny-vernier\\\/#breadcrumblist\"},\"author\":{\"@id\":\"https:\\\/\\\/www.immo-invest.ch\\\/fr\\\/author\\\/immovestuser\\\/#author\"},\"creator\":{\"@id\":\"https:\\\/\\\/www.immo-invest.ch\\\/fr\\\/author\\\/immovestuser\\\/#author\"},\"image\":{\"@type\":\"ImageObject\",\"url\":\"https:\\\/\\\/www.immo-invest.ch\\\/wp-content\\\/uploads\\\/2024\\\/07\\\/06102023DJI_0321-Panorama_BDef-transformed.png\",\"@id\":\"https:\\\/\\\/www.immo-invest.ch\\\/fr\\\/zimeysaver-un-avenir-pour-meyrin-satigny-vernier\\\/#mainImage\",\"width\":1460,\"height\":648},\"primaryImageOfPage\":{\"@id\":\"https:\\\/\\\/www.immo-invest.ch\\\/fr\\\/zimeysaver-un-avenir-pour-meyrin-satigny-vernier\\\/#mainImage\"},\"datePublished\":\"2024-07-05T16:29:30+02:00\",\"dateModified\":\"2024-07-05T16:29:32+02:00\"},{\"@type\":\"WebSite\",\"@id\":\"https:\\\/\\\/www.immo-invest.ch\\\/fr\\\/#website\",\"url\":\"https:\\\/\\\/www.immo-invest.ch\\\/fr\\\/\",\"name\":\"immo!nvest - Die Plattform f\\u00fcr Standorte und Immobilien\",\"description\":\"Die\\u00a0Plattform f\\u00fcr Standorte und Immobilien\",\"inLanguage\":\"fr-FR\",\"publisher\":{\"@id\":\"https:\\\/\\\/www.immo-invest.ch\\\/fr\\\/#organization\"}}]}\n\t\t<\/script>\n\t\t<!-- All in One SEO -->\n\n","aioseo_head_json":{"title":"ZIMEYSAVER \u2013 un avenir pour Meyrin, Satigny, Vernier - immo!nvest - Die Plattform f\u00fcr Standorte und Immobilien","description":"Le grand projet ZIMEYSAVER s'\u00e9tend sur plus de 380 hectares et relie les zones industrielles des communes de Meyrin, Satigny et Vernier. L'objectif du projet est de cr\u00e9er des zones d'entreprises vivantes et comp\u00e9titives, offrant une qualit\u00e9 de vie \u00e9lev\u00e9e tant pour les employ\u00e9s que pour les riverains, et de cr\u00e9er environ 10 000 nouveaux emplois d'ici 2030. En appliquant les principes de l'\u00e9cologie industrielle, le projet favorise une utilisation durable des sols et des ressources et optimise les infrastructures et les \u00e9quipements de la zone.","canonical_url":"https:\/\/www.immo-invest.ch\/fr\/zimeysaver-un-avenir-pour-meyrin-satigny-vernier\/","robots":"max-image-preview:large","keywords":"","webmasterTools":{"google-site-verification":"fHJKvgWpZCR2zVBHWfkQeFXC11qieUSff0HGNYfuyLA","miscellaneous":""},"schema":{"@context":"https:\/\/schema.org","@graph":[{"@type":"BlogPosting","@id":"https:\/\/www.immo-invest.ch\/fr\/zimeysaver-un-avenir-pour-meyrin-satigny-vernier\/#blogposting","name":"ZIMEYSAVER \u2013 un avenir pour Meyrin, Satigny, Vernier - immo!nvest - Die Plattform f\u00fcr Standorte und Immobilien","headline":"ZIMEYSAVER \u2013 un avenir pour Meyrin, Satigny, Vernier","author":{"@id":"https:\/\/www.immo-invest.ch\/fr\/author\/immovestuser\/#author"},"publisher":{"@id":"https:\/\/www.immo-invest.ch\/fr\/#organization"},"image":{"@type":"ImageObject","url":"https:\/\/www.immo-invest.ch\/wp-content\/uploads\/2024\/07\/06102023DJI_0321-Panorama_BDef-transformed.png","width":1460,"height":648},"datePublished":"2024-07-05T16:29:30+02:00","dateModified":"2024-07-05T16:29:32+02:00","inLanguage":"fr-FR","mainEntityOfPage":{"@id":"https:\/\/www.immo-invest.ch\/fr\/zimeysaver-un-avenir-pour-meyrin-satigny-vernier\/#webpage"},"isPartOf":{"@id":"https:\/\/www.immo-invest.ch\/fr\/zimeysaver-un-avenir-pour-meyrin-satigny-vernier\/#webpage"},"articleSection":"Entreprise, Genf, Projects, accessibilit\u00e9, collaboration, D\u00e9veloppement, \u00e9quipements, espaces commerciaux, Immoinvest, immoNews, permis de construire, plan directeur, qualit\u00e9 de l&#039;environnement, r\u00e9sidentiels, Transport, Facultatif"},{"@type":"BreadcrumbList","@id":"https:\/\/www.immo-invest.ch\/fr\/zimeysaver-un-avenir-pour-meyrin-satigny-vernier\/#breadcrumblist","itemListElement":[{"@type":"ListItem","@id":"https:\/\/www.immo-invest.ch\/fr\/#listItem","position":1,"name":"Home","item":"https:\/\/www.immo-invest.ch\/fr\/","nextItem":{"@type":"ListItem","@id":"https:\/\/www.immo-invest.ch\/fr\/categories\/regions\/#listItem","name":"R\u00e9gions"}},{"@type":"ListItem","@id":"https:\/\/www.immo-invest.ch\/fr\/categories\/regions\/#listItem","position":2,"name":"R\u00e9gions","item":"https:\/\/www.immo-invest.ch\/fr\/categories\/regions\/","nextItem":{"@type":"ListItem","@id":"https:\/\/www.immo-invest.ch\/fr\/categories\/regions\/suisse\/#listItem","name":"Suisse"},"previousItem":{"@type":"ListItem","@id":"https:\/\/www.immo-invest.ch\/fr\/#listItem","name":"Home"}},{"@type":"ListItem","@id":"https:\/\/www.immo-invest.ch\/fr\/categories\/regions\/suisse\/#listItem","position":3,"name":"Suisse","item":"https:\/\/www.immo-invest.ch\/fr\/categories\/regions\/suisse\/","nextItem":{"@type":"ListItem","@id":"https:\/\/www.immo-invest.ch\/fr\/categories\/regions\/suisse\/region-lemanique\/#listItem","name":"R\u00e9gion l\u00e9manique"},"previousItem":{"@type":"ListItem","@id":"https:\/\/www.immo-invest.ch\/fr\/categories\/regions\/#listItem","name":"R\u00e9gions"}},{"@type":"ListItem","@id":"https:\/\/www.immo-invest.ch\/fr\/categories\/regions\/suisse\/region-lemanique\/#listItem","position":4,"name":"R\u00e9gion l\u00e9manique","item":"https:\/\/www.immo-invest.ch\/fr\/categories\/regions\/suisse\/region-lemanique\/","nextItem":{"@type":"ListItem","@id":"https:\/\/www.immo-invest.ch\/fr\/categories\/regions\/suisse\/region-lemanique\/genf-fr\/#listItem","name":"Genf"},"previousItem":{"@type":"ListItem","@id":"https:\/\/www.immo-invest.ch\/fr\/categories\/regions\/suisse\/#listItem","name":"Suisse"}},{"@type":"ListItem","@id":"https:\/\/www.immo-invest.ch\/fr\/categories\/regions\/suisse\/region-lemanique\/genf-fr\/#listItem","position":5,"name":"Genf","item":"https:\/\/www.immo-invest.ch\/fr\/categories\/regions\/suisse\/region-lemanique\/genf-fr\/","nextItem":{"@type":"ListItem","@id":"https:\/\/www.immo-invest.ch\/fr\/zimeysaver-un-avenir-pour-meyrin-satigny-vernier\/#listItem","name":"ZIMEYSAVER \u2013 un avenir pour Meyrin, Satigny, Vernier"},"previousItem":{"@type":"ListItem","@id":"https:\/\/www.immo-invest.ch\/fr\/categories\/regions\/suisse\/region-lemanique\/#listItem","name":"R\u00e9gion l\u00e9manique"}},{"@type":"ListItem","@id":"https:\/\/www.immo-invest.ch\/fr\/zimeysaver-un-avenir-pour-meyrin-satigny-vernier\/#listItem","position":6,"name":"ZIMEYSAVER \u2013 un avenir pour Meyrin, Satigny, Vernier","previousItem":{"@type":"ListItem","@id":"https:\/\/www.immo-invest.ch\/fr\/categories\/regions\/suisse\/region-lemanique\/genf-fr\/#listItem","name":"Genf"}}]},{"@type":"Organization","@id":"https:\/\/www.immo-invest.ch\/fr\/#organization","name":"immo!nvest - Die Plattform f\u00fcr Standorte und Immobilien","description":"Die\u00a0Plattform f\u00fcr Standorte und Immobilien","url":"https:\/\/www.immo-invest.ch\/fr\/","email":"admin@immomedia.ag","telephone":"+41444420002","logo":{"@type":"ImageObject","url":"https:\/\/www.immo-invest.ch\/wp-content\/uploads\/2024\/09\/immoinvest_sm-scaled.jpg","@id":"https:\/\/www.immo-invest.ch\/fr\/zimeysaver-un-avenir-pour-meyrin-satigny-vernier\/#organizationLogo","width":2560,"height":1340},"image":{"@id":"https:\/\/www.immo-invest.ch\/fr\/zimeysaver-un-avenir-pour-meyrin-satigny-vernier\/#organizationLogo"},"sameAs":["https:\/\/www.facebook.com\/people\/Immoinvest\/100077962920504\/","https:\/\/x.com\/i\/flow\/login?redirect_after_login=immoinvest_ch","https:\/\/www.instagram.com\/immoinvest_ch\/","https:\/\/www.linkedin.com\/company\/immoinvest-swiss"]},{"@type":"Person","@id":"https:\/\/www.immo-invest.ch\/fr\/author\/immovestuser\/#author","url":"https:\/\/www.immo-invest.ch\/fr\/author\/immovestuser\/","name":"immovestuser","image":{"@type":"ImageObject","@id":"https:\/\/www.immo-invest.ch\/fr\/zimeysaver-un-avenir-pour-meyrin-satigny-vernier\/#authorImage","url":"https:\/\/secure.gravatar.com\/avatar\/8e01f4d99f2eeea7a362ebb93305e1172a70e9293ba250f897a65c39f54cdd1e?s=96&d=mm&r=g","width":96,"height":96,"caption":"immovestuser"}},{"@type":"WebPage","@id":"https:\/\/www.immo-invest.ch\/fr\/zimeysaver-un-avenir-pour-meyrin-satigny-vernier\/#webpage","url":"https:\/\/www.immo-invest.ch\/fr\/zimeysaver-un-avenir-pour-meyrin-satigny-vernier\/","name":"ZIMEYSAVER \u2013 un avenir pour Meyrin, Satigny, Vernier - immo!nvest - Die Plattform f\u00fcr Standorte und Immobilien","description":"Le grand projet ZIMEYSAVER s'\u00e9tend sur plus de 380 hectares et relie les zones industrielles des communes de Meyrin, Satigny et Vernier. L'objectif du projet est de cr\u00e9er des zones d'entreprises vivantes et comp\u00e9titives, offrant une qualit\u00e9 de vie \u00e9lev\u00e9e tant pour les employ\u00e9s que pour les riverains, et de cr\u00e9er environ 10 000 nouveaux emplois d'ici 2030. En appliquant les principes de l'\u00e9cologie industrielle, le projet favorise une utilisation durable des sols et des ressources et optimise les infrastructures et les \u00e9quipements de la zone.","inLanguage":"fr-FR","isPartOf":{"@id":"https:\/\/www.immo-invest.ch\/fr\/#website"},"breadcrumb":{"@id":"https:\/\/www.immo-invest.ch\/fr\/zimeysaver-un-avenir-pour-meyrin-satigny-vernier\/#breadcrumblist"},"author":{"@id":"https:\/\/www.immo-invest.ch\/fr\/author\/immovestuser\/#author"},"creator":{"@id":"https:\/\/www.immo-invest.ch\/fr\/author\/immovestuser\/#author"},"image":{"@type":"ImageObject","url":"https:\/\/www.immo-invest.ch\/wp-content\/uploads\/2024\/07\/06102023DJI_0321-Panorama_BDef-transformed.png","@id":"https:\/\/www.immo-invest.ch\/fr\/zimeysaver-un-avenir-pour-meyrin-satigny-vernier\/#mainImage","width":1460,"height":648},"primaryImageOfPage":{"@id":"https:\/\/www.immo-invest.ch\/fr\/zimeysaver-un-avenir-pour-meyrin-satigny-vernier\/#mainImage"},"datePublished":"2024-07-05T16:29:30+02:00","dateModified":"2024-07-05T16:29:32+02:00"},{"@type":"WebSite","@id":"https:\/\/www.immo-invest.ch\/fr\/#website","url":"https:\/\/www.immo-invest.ch\/fr\/","name":"immo!nvest - Die Plattform f\u00fcr Standorte und Immobilien","description":"Die\u00a0Plattform f\u00fcr Standorte und Immobilien","inLanguage":"fr-FR","publisher":{"@id":"https:\/\/www.immo-invest.ch\/fr\/#organization"}}]},"og:locale":"fr_FR","og:site_name":"immo!nvest - Die Plattform f\u00fcr Standorte und Immobilien - Die\u00a0Plattform f\u00fcr Standorte und Immobilien","og:type":"article","og:title":"ZIMEYSAVER \u2013 un avenir pour Meyrin, Satigny, Vernier - immo!nvest - Die Plattform f\u00fcr Standorte und Immobilien","og:description":"Le grand projet ZIMEYSAVER s'\u00e9tend sur plus de 380 hectares et relie les zones industrielles des communes de Meyrin, Satigny et Vernier. L'objectif du projet est de cr\u00e9er des zones d'entreprises vivantes et comp\u00e9titives, offrant une qualit\u00e9 de vie \u00e9lev\u00e9e tant pour les employ\u00e9s que pour les riverains, et de cr\u00e9er environ 10 000 nouveaux emplois d'ici 2030. En appliquant les principes de l'\u00e9cologie industrielle, le projet favorise une utilisation durable des sols et des ressources et optimise les infrastructures et les \u00e9quipements de la zone.","og:url":"https:\/\/www.immo-invest.ch\/fr\/zimeysaver-un-avenir-pour-meyrin-satigny-vernier\/","og:image":"https:\/\/www.immo-invest.ch\/wp-content\/uploads\/2024\/07\/06102023DJI_0321-Panorama_BDef-transformed.png","og:image:secure_url":"https:\/\/www.immo-invest.ch\/wp-content\/uploads\/2024\/07\/06102023DJI_0321-Panorama_BDef-transformed.png","og:image:width":1460,"og:image:height":648,"article:published_time":"2024-07-05T14:29:30+00:00","article:modified_time":"2024-07-05T14:29:32+00:00","article:publisher":"https:\/\/www.facebook.com\/people\/Immoinvest\/100077962920504\/","twitter:card":"summary_large_image","twitter:site":"@i","twitter:title":"ZIMEYSAVER \u2013 un avenir pour Meyrin, Satigny, Vernier - immo!nvest - Die Plattform f\u00fcr Standorte und Immobilien","twitter:description":"Le grand projet ZIMEYSAVER s'\u00e9tend sur plus de 380 hectares et relie les zones industrielles des communes de Meyrin, Satigny et Vernier. L'objectif du projet est de cr\u00e9er des zones d'entreprises vivantes et comp\u00e9titives, offrant une qualit\u00e9 de vie \u00e9lev\u00e9e tant pour les employ\u00e9s que pour les riverains, et de cr\u00e9er environ 10 000 nouveaux emplois d'ici 2030. En appliquant les principes de l'\u00e9cologie industrielle, le projet favorise une utilisation durable des sols et des ressources et optimise les infrastructures et les \u00e9quipements de la zone.","twitter:creator":"@i","twitter:image":"https:\/\/www.immo-invest.ch\/wp-content\/uploads\/2024\/07\/06102023DJI_0321-Panorama_BDef-transformed.png"},"aioseo_meta_data":{"post_id":"104952","title":null,"description":null,"keywords":null,"keyphrases":null,"primary_term":null,"canonical_url":null,"og_title":null,"og_description":null,"og_object_type":"default","og_image_type":"default","og_image_url":null,"og_image_width":null,"og_image_height":null,"og_image_custom_url":null,"og_image_custom_fields":null,"og_video":null,"og_custom_url":null,"og_article_section":null,"og_article_tags":null,"twitter_use_og":false,"twitter_card":"default","twitter_image_type":"default","twitter_image_url":null,"twitter_image_custom_url":null,"twitter_image_custom_fields":null,"twitter_title":null,"twitter_description":null,"schema":{"blockGraphs":[],"customGraphs":[],"default":{"data":{"Article":[],"Course":[],"Dataset":[],"FAQPage":[],"Movie":[],"Person":[],"Product":[],"ProductReview":[],"Car":[],"Recipe":[],"Service":[],"SoftwareApplication":[],"WebPage":[]},"graphName":"","isEnabled":true},"graphs":[]},"schema_type":"default","schema_type_options":null,"pillar_content":false,"robots_default":true,"robots_noindex":false,"robots_noarchive":false,"robots_nosnippet":false,"robots_nofollow":false,"robots_noimageindex":false,"robots_noodp":false,"robots_notranslate":false,"robots_max_snippet":null,"robots_max_videopreview":null,"robots_max_imagepreview":"large","priority":null,"frequency":null,"local_seo":null,"breadcrumb_settings":null,"limit_modified_date":false,"ai":null,"created":"2024-09-20 23:01:57","updated":"2025-10-24 05:20:16","seo_analyzer_scan_date":null,"focus_keyword":null,"additional_keywords":null,"truseo_locale":null},"aioseo_breadcrumb":"<div class=\"aioseo-breadcrumbs\"><span class=\"aioseo-breadcrumb\">\n\t\t\t<a href=\"https:\/\/www.immo-invest.ch\/fr\/\" title=\"Home\">Home<\/a>\n\t\t<\/span><span class=\"aioseo-breadcrumb-separator\">&raquo;<\/span><span class=\"aioseo-breadcrumb\">\n\t\t\t<a href=\"https:\/\/www.immo-invest.ch\/fr\/categories\/regions\/\" title=\"R\u00e9gions\">R\u00e9gions<\/a>\n\t\t<\/span><span class=\"aioseo-breadcrumb-separator\">&raquo;<\/span><span class=\"aioseo-breadcrumb\">\n\t\t\t<a href=\"https:\/\/www.immo-invest.ch\/fr\/categories\/regions\/suisse\/\" title=\"Suisse\">Suisse<\/a>\n\t\t<\/span><span class=\"aioseo-breadcrumb-separator\">&raquo;<\/span><span class=\"aioseo-breadcrumb\">\n\t\t\t<a href=\"https:\/\/www.immo-invest.ch\/fr\/categories\/regions\/suisse\/region-lemanique\/\" title=\"R\u00e9gion l\u00e9manique\">R\u00e9gion l\u00e9manique<\/a>\n\t\t<\/span><span class=\"aioseo-breadcrumb-separator\">&raquo;<\/span><span class=\"aioseo-breadcrumb\">\n\t\t\t<a href=\"https:\/\/www.immo-invest.ch\/fr\/categories\/regions\/suisse\/region-lemanique\/genf-fr\/\" title=\"Genf\">Genf<\/a>\n\t\t<\/span><span class=\"aioseo-breadcrumb-separator\">&raquo;<\/span><span class=\"aioseo-breadcrumb\">\n\t\t\tZIMEYSAVER \u2013 un avenir pour Meyrin, Satigny, Vernier\n\t\t<\/span><\/div>","aioseo_breadcrumb_json":[{"label":"Home","link":"https:\/\/www.immo-invest.ch\/fr\/"},{"label":"R\u00e9gions","link":"https:\/\/www.immo-invest.ch\/fr\/categories\/regions\/"},{"label":"Suisse","link":"https:\/\/www.immo-invest.ch\/fr\/categories\/regions\/suisse\/"},{"label":"R\u00e9gion l\u00e9manique","link":"https:\/\/www.immo-invest.ch\/fr\/categories\/regions\/suisse\/region-lemanique\/"},{"label":"Genf","link":"https:\/\/www.immo-invest.ch\/fr\/categories\/regions\/suisse\/region-lemanique\/genf-fr\/"},{"label":"ZIMEYSAVER \u2013 un avenir pour Meyrin, Satigny, Vernier","link":"https:\/\/www.immo-invest.ch\/fr\/zimeysaver-un-avenir-pour-meyrin-satigny-vernier\/"}],"featured_image_src":"https:\/\/www.immo-invest.ch\/wp-content\/uploads\/2024\/07\/06102023DJI_0321-Panorama_BDef-transformed-336x168.png","_links":{"self":[{"href":"https:\/\/www.immo-invest.ch\/fr\/wp-json\/wp\/v2\/posts\/104952","targetHints":{"allow":["GET"]}}],"collection":[{"href":"https:\/\/www.immo-invest.ch\/fr\/wp-json\/wp\/v2\/posts"}],"about":[{"href":"https:\/\/www.immo-invest.ch\/fr\/wp-json\/wp\/v2\/types\/post"}],"author":[{"embeddable":true,"href":"https:\/\/www.immo-invest.ch\/fr\/wp-json\/wp\/v2\/users\/2"}],"replies":[{"embeddable":true,"href":"https:\/\/www.immo-invest.ch\/fr\/wp-json\/wp\/v2\/comments?post=104952"}],"version-history":[{"count":0,"href":"https:\/\/www.immo-invest.ch\/fr\/wp-json\/wp\/v2\/posts\/104952\/revisions"}],"wp:featuredmedia":[{"embeddable":true,"href":"https:\/\/www.immo-invest.ch\/fr\/wp-json\/wp\/v2\/media\/104953"}],"wp:attachment":[{"href":"https:\/\/www.immo-invest.ch\/fr\/wp-json\/wp\/v2\/media?parent=104952"}],"wp:term":[{"taxonomy":"category","embeddable":true,"href":"https:\/\/www.immo-invest.ch\/fr\/wp-json\/wp\/v2\/categories?post=104952"},{"taxonomy":"post_tag","embeddable":true,"href":"https:\/\/www.immo-invest.ch\/fr\/wp-json\/wp\/v2\/tags?post=104952"}],"curies":[{"name":"wp","href":"https:\/\/api.w.org\/{rel}","templated":true}]}}