{"id":104906,"date":"2024-07-05T16:27:46","date_gmt":"2024-07-05T14:27:46","guid":{"rendered":"https:\/\/www.immo-invest.ch\/?p=104906"},"modified":"2024-07-05T16:27:47","modified_gmt":"2024-07-05T14:27:47","slug":"grand-projet-bernex-un-carrefour-urbain-avec-des-logements-et-des-emplois","status":"publish","type":"post","link":"https:\/\/www.immo-invest.ch\/fr\/grand-projet-bernex-un-carrefour-urbain-avec-des-logements-et-des-emplois\/","title":{"rendered":"Grand projet Bernex un carrefour urbain avec des logements et des emplois"},"content":{"rendered":"<p class=\"wp-block-paragraph\">Le grand projet Bernex s&rsquo;&eacute;tend le long du prolongement du tramway et couvre pr&egrave;s de 120 hectares. La premi&egrave;re phase, qui devrait s&rsquo;achever en 2030, pr&eacute;voit la construction de 1600 logements et 1600 emplois &agrave; Bernex et de 200 logements &agrave; Confignon.La planification et la mise en &oelig;uvre de ce projet se d&eacute;roulent en plusieurs secteurs et &eacute;tapes visant &agrave; cr&eacute;er un environnement urbain dynamique et int&eacute;gr&eacute;.<\/p>\n\n\n\n<p class=\"wp-block-paragraph\">Secteurs et domaines du projet<br>Les principaux secteurs du projet sont le secteur Bernex-Est avec les quartiers Saint-Mathieu et Grouet, le parc agro-urbain des Molliers, les &eacute;quipements publics de la Goutte de Saint-Mathieu et la zone industrielle des Rouettes. D&rsquo;autres secteurs sont Vailly et Vuillonnex. Ces secteurs seront structur&eacute;s par deux boulevards urbains, le &laquo;Boulevard de Chancy&raquo; et le &laquo;Boulevard des Abarois&raquo;, qui desserviront les futurs quartiers parall&egrave;lement au d&eacute;veloppement des transports en commun.<br>Objectifs en mati&egrave;re de logement et d&rsquo;emploi<br>Le plan pr&eacute;voit de planifier environ 2800 nouvelles unit&eacute;s de logement et 2550 nouveaux emplois dans le secteur Est et Vailly. Le plan directeur cantonal vise &agrave; faire de Bernex un carrefour r&eacute;gional totalisant 5700 unit&eacute;s de logement et emplois. Outre les logements, des places pour la formation et la culture seront cr&eacute;&eacute;es afin de r&eacute;pondre aux besoins des futurs habitants et travailleurs.<\/p>\n\n\n\n<p class=\"wp-block-paragraph\">Pr&eacute;servation de l&rsquo;identit&eacute; agricole<br>Le projet s&rsquo;&eacute;tendra &eacute;galement aux terres agricoles afin de pr&eacute;server et de promouvoir l&rsquo;activit&eacute; agricole locale et r&eacute;gionale. Le parc agro-urbain des Molliers joue &agrave; cet &eacute;gard un r&ocirc;le central en pr&eacute;servant et en am&eacute;liorant l&rsquo;identit&eacute; agricole de la r&eacute;gion.<\/p>\n\n\n\n<p class=\"wp-block-paragraph\">Concept de mobilit&eacute;<br>Plusieurs mesures sont mises en &oelig;uvre pour promouvoir la mobilit&eacute; durable. Il s&rsquo;agit notamment d&rsquo;une voie verte pour la mobilit&eacute; douce et de deux parkings relais pour encourager le transfert modal de la voiture vers les transports en commun, le v&eacute;lo et la marche. Ces mesures sont essentielles pour r&eacute;duire le trafic de transit et am&eacute;liorer l&rsquo;accessibilit&eacute; des nouveaux quartiers.<\/p>\n\n\n\n<p class=\"wp-block-paragraph\">Mesures environnementales et espaces publics<br>Une grande partie des nouveaux quartiers sera publique et dot&eacute;e de vastes espaces verts. Une attention particuli&egrave;re sera accord&eacute;e aux mesures environnementales telles que la gestion de l&rsquo;&eacute;nergie en r&eacute;seau, la r&eacute;cup&eacute;ration des eaux de pluie et le d&eacute;veloppement de la biodiversit&eacute;. Un r&eacute;seau de chemins pi&eacute;tonniers sera cr&eacute;&eacute; par la commune de Bernex afin de rendre les espaces ouverts et publics accessibles &agrave; tous.<br>Prochaines &eacute;tapes et calendrier<br>Les &eacute;tapes importantes du projet comprennent le vote communal sur le plan local de voisinage &agrave; Vailly le 9 juin 2024, la poursuite de la proc&eacute;dure de projet pour la zone d&rsquo;activit&eacute; des Rouettes et la livraison des derni&egrave;res unit&eacute;s d&rsquo;habitation dans le <span class=\"glossaryLink\" aria-describedby=\"tt\" data-cmtooltip=\"&lt;div class=glossaryItemTitle&gt;Quartier&lt;\/div&gt;&lt;div class=glossaryItemBody&gt;Amtliches, historisches, soziales oder stadtplanerisches Stadtviertel&lt;\/div&gt;\" data-mobile-support=\"0\" data-gt-translate-attributes='[{\"attribute\":\"data-cmtooltip\", \"format\":\"html\"}]' tabindex=\"0\" role=\"link\">quartier<\/span> Saint-Mathieu en 2024. L&rsquo;autorisation de construire le boulevard des Abarois et l&rsquo;usine Caran d&rsquo;Ache est &eacute;galement pr&eacute;vue pour 2024. D&rsquo;ici 2030, les diff&eacute;rentes phases du projet devraient &ecirc;tre achev&eacute;es, y compris les premi&egrave;res maisons &agrave; Vailly et l&rsquo;ach&egrave;vement des &eacute;quipements publics du centre de formation de la Goutte de Saint-Mathieu.<br>Le grand projet Bernex est un projet d&rsquo;urbanisme int&eacute;gral qui vise &agrave; faire de la r&eacute;gion un carrefour urbain dynamique et durable. En cr&eacute;ant de nouveaux logements et emplois, en favorisant la mobilit&eacute; durable et en pr&eacute;servant l&rsquo;identit&eacute; agricole, le projet contribuera de mani&egrave;re significative au d&eacute;veloppement &eacute;conomique et social de la r&eacute;gion.<\/p>\n","protected":false},"excerpt":{"rendered":"<p>Le vaste projet urbain de Bernex dans la r\u00e9gion l\u00e9manique comprend la cr\u00e9ation de 1600 unit\u00e9s d&rsquo;habitation et d&rsquo;autant d&#8217;emplois dans la premi\u00e8re phase. L&rsquo;objectif est de cr\u00e9er au total 5700 nouvelles unit\u00e9s de logement et 5700 nouveaux emplois d&rsquo;ici 2030, tout en pr\u00e9servant l&rsquo;identit\u00e9 agricole de la r\u00e9gion.<\/p>\n","protected":false},"author":2,"featured_media":104944,"comment_status":"open","ping_status":"open","sticky":false,"template":"","format":"standard","meta":{"pmpro_default_level":"0","inline_featured_image":false,"_monsterinsights_skip_tracking":false,"footnotes":""},"categories":[47523,743,739],"tags":[48188,48187,48168,48186,848,872,3931,34974,48183,48185,48184,48028],"class_list":["post-104906","post","type-post","status-publish","format-standard","has-post-thumbnail","hentry","category-genf-fr","category-immonews-fr","category-projects","tag-boulevards-urbains","tag-emplois","tag-espaces-verts","tag-identite-agricole","tag-immobilien-fr","tag-immoinvest-fr","tag-immonews-fr","tag-logements","tag-mobilite-durable","tag-parc-agro-urbain","tag-prolongement-du-tramway","tag-urbanisme","pmpro-has-access"],"acf":{"bild_mit_ki_erstellt_worden":[],"lead":"Le vaste projet urbain de Bernex dans la r\u00e9gion l\u00e9manique comprend la cr\u00e9ation de 1600 unit\u00e9s d'habitation et d'autant d'emplois dans la premi\u00e8re phase. L'objectif est de cr\u00e9er au total 5700 nouvelles unit\u00e9s de logement et 5700 nouveaux emplois d'ici 2030, tout en pr\u00e9servant l'identit\u00e9 agricole de la r\u00e9gion.","autor":"","ort":"","bildunterschrift":"","bild_im_grid":false,"gallerie":"","newsim":""},"aioseo_notices":[],"aioseo_head":"\n\t\t<!-- All in One SEO 5.0.0.1 - aioseo.com -->\n\t<meta name=\"description\" content=\"Le vaste projet urbain de Bernex dans la r\u00e9gion l\u00e9manique comprend la cr\u00e9ation de 1600 unit\u00e9s d&#039;habitation et d&#039;autant d&#039;emplois dans la premi\u00e8re phase. L&#039;objectif est de cr\u00e9er au total 5700 nouvelles unit\u00e9s de logement et 5700 nouveaux emplois d&#039;ici 2030, tout en pr\u00e9servant l&#039;identit\u00e9 agricole de la r\u00e9gion.\" \/>\n\t<meta name=\"robots\" content=\"max-image-preview:large\" \/>\n\t<meta name=\"author\" content=\"immovestuser\"\/>\n\t<meta name=\"google-site-verification\" content=\"fHJKvgWpZCR2zVBHWfkQeFXC11qieUSff0HGNYfuyLA\" \/>\n\t<link rel=\"canonical\" href=\"https:\/\/www.immo-invest.ch\/fr\/grand-projet-bernex-un-carrefour-urbain-avec-des-logements-et-des-emplois\/\" \/>\n\t<meta name=\"generator\" content=\"All in One SEO (AIOSEO) 5.0.0.1\" \/>\n\t\t<meta property=\"og:locale\" content=\"fr_FR\" \/>\n\t\t<meta property=\"og:site_name\" content=\"immo!nvest - Die Plattform f\u00fcr Standorte und Immobilien - Die\u00a0Plattform f\u00fcr Standorte und Immobilien\" \/>\n\t\t<meta property=\"og:type\" content=\"article\" \/>\n\t\t<meta property=\"og:title\" content=\"Grand projet Bernex un carrefour urbain avec des logements et des emplois - immo!nvest - Die Plattform f\u00fcr Standorte und Immobilien\" \/>\n\t\t<meta property=\"og:description\" content=\"Le vaste projet urbain de Bernex dans la r\u00e9gion l\u00e9manique comprend la cr\u00e9ation de 1600 unit\u00e9s d&#039;habitation et d&#039;autant d&#039;emplois dans la premi\u00e8re phase. L&#039;objectif est de cr\u00e9er au total 5700 nouvelles unit\u00e9s de logement et 5700 nouveaux emplois d&#039;ici 2030, tout en pr\u00e9servant l&#039;identit\u00e9 agricole de la r\u00e9gion.\" \/>\n\t\t<meta property=\"og:url\" content=\"https:\/\/www.immo-invest.ch\/fr\/grand-projet-bernex-un-carrefour-urbain-avec-des-logements-et-des-emplois\/\" \/>\n\t\t<meta property=\"og:image\" content=\"https:\/\/www.immo-invest.ch\/wp-content\/uploads\/2024\/07\/Bernex_GE-scaled.jpg\" \/>\n\t\t<meta property=\"og:image:secure_url\" content=\"https:\/\/www.immo-invest.ch\/wp-content\/uploads\/2024\/07\/Bernex_GE-scaled.jpg\" \/>\n\t\t<meta property=\"og:image:width\" content=\"2560\" \/>\n\t\t<meta property=\"og:image:height\" content=\"1707\" \/>\n\t\t<meta property=\"article:published_time\" content=\"2024-07-05T14:27:46+00:00\" \/>\n\t\t<meta property=\"article:modified_time\" content=\"2024-07-05T14:27:47+00:00\" \/>\n\t\t<meta property=\"article:publisher\" content=\"https:\/\/www.facebook.com\/people\/Immoinvest\/100077962920504\/\" \/>\n\t\t<meta name=\"twitter:card\" content=\"summary_large_image\" \/>\n\t\t<meta name=\"twitter:site\" content=\"@i\" \/>\n\t\t<meta name=\"twitter:title\" content=\"Grand projet Bernex un carrefour urbain avec des logements et des emplois - immo!nvest - Die Plattform f\u00fcr Standorte und Immobilien\" \/>\n\t\t<meta name=\"twitter:description\" content=\"Le vaste projet urbain de Bernex dans la r\u00e9gion l\u00e9manique comprend la cr\u00e9ation de 1600 unit\u00e9s d&#039;habitation et d&#039;autant d&#039;emplois dans la premi\u00e8re phase. L&#039;objectif est de cr\u00e9er au total 5700 nouvelles unit\u00e9s de logement et 5700 nouveaux emplois d&#039;ici 2030, tout en pr\u00e9servant l&#039;identit\u00e9 agricole de la r\u00e9gion.\" \/>\n\t\t<meta name=\"twitter:creator\" content=\"@i\" \/>\n\t\t<meta name=\"twitter:image\" content=\"https:\/\/www.immo-invest.ch\/wp-content\/uploads\/2024\/07\/Bernex_GE-scaled.jpg\" \/>\n\t\t<script type=\"application\/ld+json\" class=\"aioseo-schema\">\n\t\t\t{\"@context\":\"https:\\\/\\\/schema.org\",\"@graph\":[{\"@type\":\"BlogPosting\",\"@id\":\"https:\\\/\\\/www.immo-invest.ch\\\/fr\\\/grand-projet-bernex-un-carrefour-urbain-avec-des-logements-et-des-emplois\\\/#blogposting\",\"name\":\"Grand projet Bernex un carrefour urbain avec des logements et des emplois - immo!nvest - Die Plattform f\\u00fcr Standorte und Immobilien\",\"headline\":\"Grand projet Bernex un carrefour urbain avec des logements et des emplois\",\"author\":{\"@id\":\"https:\\\/\\\/www.immo-invest.ch\\\/fr\\\/author\\\/immovestuser\\\/#author\"},\"publisher\":{\"@id\":\"https:\\\/\\\/www.immo-invest.ch\\\/fr\\\/#organization\"},\"image\":{\"@type\":\"ImageObject\",\"url\":\"https:\\\/\\\/www.immo-invest.ch\\\/wp-content\\\/uploads\\\/2024\\\/07\\\/Bernex_GE-scaled.jpg\",\"width\":2560,\"height\":1707},\"datePublished\":\"2024-07-05T16:27:46+02:00\",\"dateModified\":\"2024-07-05T16:27:47+02:00\",\"inLanguage\":\"fr-FR\",\"mainEntityOfPage\":{\"@id\":\"https:\\\/\\\/www.immo-invest.ch\\\/fr\\\/grand-projet-bernex-un-carrefour-urbain-avec-des-logements-et-des-emplois\\\/#webpage\"},\"isPartOf\":{\"@id\":\"https:\\\/\\\/www.immo-invest.ch\\\/fr\\\/grand-projet-bernex-un-carrefour-urbain-avec-des-logements-et-des-emplois\\\/#webpage\"},\"articleSection\":\"Genf, immoNews, Projects, Boulevards urbains, emplois, espaces verts, identit\\u00e9 agricole, immobilien, Immoinvest, immoNews, logements, mobilit\\u00e9 durable, parc agro-urbain, prolongement du tramway, urbanisme, Facultatif\"},{\"@type\":\"BreadcrumbList\",\"@id\":\"https:\\\/\\\/www.immo-invest.ch\\\/fr\\\/grand-projet-bernex-un-carrefour-urbain-avec-des-logements-et-des-emplois\\\/#breadcrumblist\",\"itemListElement\":[{\"@type\":\"ListItem\",\"@id\":\"https:\\\/\\\/www.immo-invest.ch\\\/fr\\\/#listItem\",\"position\":1,\"name\":\"Home\",\"item\":\"https:\\\/\\\/www.immo-invest.ch\\\/fr\\\/\",\"nextItem\":{\"@type\":\"ListItem\",\"@id\":\"https:\\\/\\\/www.immo-invest.ch\\\/fr\\\/categories\\\/regions\\\/#listItem\",\"name\":\"R\\u00e9gions\"}},{\"@type\":\"ListItem\",\"@id\":\"https:\\\/\\\/www.immo-invest.ch\\\/fr\\\/categories\\\/regions\\\/#listItem\",\"position\":2,\"name\":\"R\\u00e9gions\",\"item\":\"https:\\\/\\\/www.immo-invest.ch\\\/fr\\\/categories\\\/regions\\\/\",\"nextItem\":{\"@type\":\"ListItem\",\"@id\":\"https:\\\/\\\/www.immo-invest.ch\\\/fr\\\/categories\\\/regions\\\/suisse\\\/#listItem\",\"name\":\"Suisse\"},\"previousItem\":{\"@type\":\"ListItem\",\"@id\":\"https:\\\/\\\/www.immo-invest.ch\\\/fr\\\/#listItem\",\"name\":\"Home\"}},{\"@type\":\"ListItem\",\"@id\":\"https:\\\/\\\/www.immo-invest.ch\\\/fr\\\/categories\\\/regions\\\/suisse\\\/#listItem\",\"position\":3,\"name\":\"Suisse\",\"item\":\"https:\\\/\\\/www.immo-invest.ch\\\/fr\\\/categories\\\/regions\\\/suisse\\\/\",\"nextItem\":{\"@type\":\"ListItem\",\"@id\":\"https:\\\/\\\/www.immo-invest.ch\\\/fr\\\/categories\\\/regions\\\/suisse\\\/region-lemanique\\\/#listItem\",\"name\":\"R\\u00e9gion l\\u00e9manique\"},\"previousItem\":{\"@type\":\"ListItem\",\"@id\":\"https:\\\/\\\/www.immo-invest.ch\\\/fr\\\/categories\\\/regions\\\/#listItem\",\"name\":\"R\\u00e9gions\"}},{\"@type\":\"ListItem\",\"@id\":\"https:\\\/\\\/www.immo-invest.ch\\\/fr\\\/categories\\\/regions\\\/suisse\\\/region-lemanique\\\/#listItem\",\"position\":4,\"name\":\"R\\u00e9gion l\\u00e9manique\",\"item\":\"https:\\\/\\\/www.immo-invest.ch\\\/fr\\\/categories\\\/regions\\\/suisse\\\/region-lemanique\\\/\",\"nextItem\":{\"@type\":\"ListItem\",\"@id\":\"https:\\\/\\\/www.immo-invest.ch\\\/fr\\\/categories\\\/regions\\\/suisse\\\/region-lemanique\\\/genf-fr\\\/#listItem\",\"name\":\"Genf\"},\"previousItem\":{\"@type\":\"ListItem\",\"@id\":\"https:\\\/\\\/www.immo-invest.ch\\\/fr\\\/categories\\\/regions\\\/suisse\\\/#listItem\",\"name\":\"Suisse\"}},{\"@type\":\"ListItem\",\"@id\":\"https:\\\/\\\/www.immo-invest.ch\\\/fr\\\/categories\\\/regions\\\/suisse\\\/region-lemanique\\\/genf-fr\\\/#listItem\",\"position\":5,\"name\":\"Genf\",\"item\":\"https:\\\/\\\/www.immo-invest.ch\\\/fr\\\/categories\\\/regions\\\/suisse\\\/region-lemanique\\\/genf-fr\\\/\",\"nextItem\":{\"@type\":\"ListItem\",\"@id\":\"https:\\\/\\\/www.immo-invest.ch\\\/fr\\\/grand-projet-bernex-un-carrefour-urbain-avec-des-logements-et-des-emplois\\\/#listItem\",\"name\":\"Grand projet Bernex un carrefour urbain avec des logements et des emplois\"},\"previousItem\":{\"@type\":\"ListItem\",\"@id\":\"https:\\\/\\\/www.immo-invest.ch\\\/fr\\\/categories\\\/regions\\\/suisse\\\/region-lemanique\\\/#listItem\",\"name\":\"R\\u00e9gion l\\u00e9manique\"}},{\"@type\":\"ListItem\",\"@id\":\"https:\\\/\\\/www.immo-invest.ch\\\/fr\\\/grand-projet-bernex-un-carrefour-urbain-avec-des-logements-et-des-emplois\\\/#listItem\",\"position\":6,\"name\":\"Grand projet Bernex un carrefour urbain avec des logements et des emplois\",\"previousItem\":{\"@type\":\"ListItem\",\"@id\":\"https:\\\/\\\/www.immo-invest.ch\\\/fr\\\/categories\\\/regions\\\/suisse\\\/region-lemanique\\\/genf-fr\\\/#listItem\",\"name\":\"Genf\"}}]},{\"@type\":\"Organization\",\"@id\":\"https:\\\/\\\/www.immo-invest.ch\\\/fr\\\/#organization\",\"name\":\"immo!nvest - Die Plattform f\\u00fcr Standorte und Immobilien\",\"description\":\"Die\\u00a0Plattform f\\u00fcr Standorte und Immobilien\",\"url\":\"https:\\\/\\\/www.immo-invest.ch\\\/fr\\\/\",\"email\":\"admin@immomedia.ag\",\"telephone\":\"+41444420002\",\"logo\":{\"@type\":\"ImageObject\",\"url\":\"https:\\\/\\\/www.immo-invest.ch\\\/wp-content\\\/uploads\\\/2024\\\/09\\\/immoinvest_sm-scaled.jpg\",\"@id\":\"https:\\\/\\\/www.immo-invest.ch\\\/fr\\\/grand-projet-bernex-un-carrefour-urbain-avec-des-logements-et-des-emplois\\\/#organizationLogo\",\"width\":2560,\"height\":1340},\"image\":{\"@id\":\"https:\\\/\\\/www.immo-invest.ch\\\/fr\\\/grand-projet-bernex-un-carrefour-urbain-avec-des-logements-et-des-emplois\\\/#organizationLogo\"},\"sameAs\":[\"https:\\\/\\\/www.facebook.com\\\/people\\\/Immoinvest\\\/100077962920504\\\/\",\"https:\\\/\\\/x.com\\\/i\\\/flow\\\/login?redirect_after_login=immoinvest_ch\",\"https:\\\/\\\/www.instagram.com\\\/immoinvest_ch\\\/\",\"https:\\\/\\\/www.linkedin.com\\\/company\\\/immoinvest-swiss\"]},{\"@type\":\"Person\",\"@id\":\"https:\\\/\\\/www.immo-invest.ch\\\/fr\\\/author\\\/immovestuser\\\/#author\",\"url\":\"https:\\\/\\\/www.immo-invest.ch\\\/fr\\\/author\\\/immovestuser\\\/\",\"name\":\"immovestuser\",\"image\":{\"@type\":\"ImageObject\",\"@id\":\"https:\\\/\\\/www.immo-invest.ch\\\/fr\\\/grand-projet-bernex-un-carrefour-urbain-avec-des-logements-et-des-emplois\\\/#authorImage\",\"url\":\"https:\\\/\\\/secure.gravatar.com\\\/avatar\\\/8e01f4d99f2eeea7a362ebb93305e1172a70e9293ba250f897a65c39f54cdd1e?s=96&d=mm&r=g\",\"width\":96,\"height\":96,\"caption\":\"immovestuser\"}},{\"@type\":\"WebPage\",\"@id\":\"https:\\\/\\\/www.immo-invest.ch\\\/fr\\\/grand-projet-bernex-un-carrefour-urbain-avec-des-logements-et-des-emplois\\\/#webpage\",\"url\":\"https:\\\/\\\/www.immo-invest.ch\\\/fr\\\/grand-projet-bernex-un-carrefour-urbain-avec-des-logements-et-des-emplois\\\/\",\"name\":\"Grand projet Bernex un carrefour urbain avec des logements et des emplois - immo!nvest - Die Plattform f\\u00fcr Standorte und Immobilien\",\"description\":\"Le vaste projet urbain de Bernex dans la r\\u00e9gion l\\u00e9manique comprend la cr\\u00e9ation de 1600 unit\\u00e9s d'habitation et d'autant d'emplois dans la premi\\u00e8re phase. L'objectif est de cr\\u00e9er au total 5700 nouvelles unit\\u00e9s de logement et 5700 nouveaux emplois d'ici 2030, tout en pr\\u00e9servant l'identit\\u00e9 agricole de la r\\u00e9gion.\",\"inLanguage\":\"fr-FR\",\"isPartOf\":{\"@id\":\"https:\\\/\\\/www.immo-invest.ch\\\/fr\\\/#website\"},\"breadcrumb\":{\"@id\":\"https:\\\/\\\/www.immo-invest.ch\\\/fr\\\/grand-projet-bernex-un-carrefour-urbain-avec-des-logements-et-des-emplois\\\/#breadcrumblist\"},\"author\":{\"@id\":\"https:\\\/\\\/www.immo-invest.ch\\\/fr\\\/author\\\/immovestuser\\\/#author\"},\"creator\":{\"@id\":\"https:\\\/\\\/www.immo-invest.ch\\\/fr\\\/author\\\/immovestuser\\\/#author\"},\"image\":{\"@type\":\"ImageObject\",\"url\":\"https:\\\/\\\/www.immo-invest.ch\\\/wp-content\\\/uploads\\\/2024\\\/07\\\/Bernex_GE-scaled.jpg\",\"@id\":\"https:\\\/\\\/www.immo-invest.ch\\\/fr\\\/grand-projet-bernex-un-carrefour-urbain-avec-des-logements-et-des-emplois\\\/#mainImage\",\"width\":2560,\"height\":1707},\"primaryImageOfPage\":{\"@id\":\"https:\\\/\\\/www.immo-invest.ch\\\/fr\\\/grand-projet-bernex-un-carrefour-urbain-avec-des-logements-et-des-emplois\\\/#mainImage\"},\"datePublished\":\"2024-07-05T16:27:46+02:00\",\"dateModified\":\"2024-07-05T16:27:47+02:00\"},{\"@type\":\"WebSite\",\"@id\":\"https:\\\/\\\/www.immo-invest.ch\\\/fr\\\/#website\",\"url\":\"https:\\\/\\\/www.immo-invest.ch\\\/fr\\\/\",\"name\":\"immo!nvest - Die Plattform f\\u00fcr Standorte und Immobilien\",\"description\":\"Die\\u00a0Plattform f\\u00fcr Standorte und Immobilien\",\"inLanguage\":\"fr-FR\",\"publisher\":{\"@id\":\"https:\\\/\\\/www.immo-invest.ch\\\/fr\\\/#organization\"}}]}\n\t\t<\/script>\n\t\t<!-- All in One SEO -->\n\n","aioseo_head_json":{"title":"Grand projet Bernex un carrefour urbain avec des logements et des emplois - immo!nvest - Die Plattform f\u00fcr Standorte und Immobilien","description":"Le vaste projet urbain de Bernex dans la r\u00e9gion l\u00e9manique comprend la cr\u00e9ation de 1600 unit\u00e9s d'habitation et d'autant d'emplois dans la premi\u00e8re phase. L'objectif est de cr\u00e9er au total 5700 nouvelles unit\u00e9s de logement et 5700 nouveaux emplois d'ici 2030, tout en pr\u00e9servant l'identit\u00e9 agricole de la r\u00e9gion.","canonical_url":"https:\/\/www.immo-invest.ch\/fr\/grand-projet-bernex-un-carrefour-urbain-avec-des-logements-et-des-emplois\/","robots":"max-image-preview:large","keywords":"","webmasterTools":{"google-site-verification":"fHJKvgWpZCR2zVBHWfkQeFXC11qieUSff0HGNYfuyLA","miscellaneous":""},"schema":{"@context":"https:\/\/schema.org","@graph":[{"@type":"BlogPosting","@id":"https:\/\/www.immo-invest.ch\/fr\/grand-projet-bernex-un-carrefour-urbain-avec-des-logements-et-des-emplois\/#blogposting","name":"Grand projet Bernex un carrefour urbain avec des logements et des emplois - immo!nvest - Die Plattform f\u00fcr Standorte und Immobilien","headline":"Grand projet Bernex un carrefour urbain avec des logements et des emplois","author":{"@id":"https:\/\/www.immo-invest.ch\/fr\/author\/immovestuser\/#author"},"publisher":{"@id":"https:\/\/www.immo-invest.ch\/fr\/#organization"},"image":{"@type":"ImageObject","url":"https:\/\/www.immo-invest.ch\/wp-content\/uploads\/2024\/07\/Bernex_GE-scaled.jpg","width":2560,"height":1707},"datePublished":"2024-07-05T16:27:46+02:00","dateModified":"2024-07-05T16:27:47+02:00","inLanguage":"fr-FR","mainEntityOfPage":{"@id":"https:\/\/www.immo-invest.ch\/fr\/grand-projet-bernex-un-carrefour-urbain-avec-des-logements-et-des-emplois\/#webpage"},"isPartOf":{"@id":"https:\/\/www.immo-invest.ch\/fr\/grand-projet-bernex-un-carrefour-urbain-avec-des-logements-et-des-emplois\/#webpage"},"articleSection":"Genf, immoNews, Projects, Boulevards urbains, emplois, espaces verts, identit\u00e9 agricole, immobilien, Immoinvest, immoNews, logements, mobilit\u00e9 durable, parc agro-urbain, prolongement du tramway, urbanisme, Facultatif"},{"@type":"BreadcrumbList","@id":"https:\/\/www.immo-invest.ch\/fr\/grand-projet-bernex-un-carrefour-urbain-avec-des-logements-et-des-emplois\/#breadcrumblist","itemListElement":[{"@type":"ListItem","@id":"https:\/\/www.immo-invest.ch\/fr\/#listItem","position":1,"name":"Home","item":"https:\/\/www.immo-invest.ch\/fr\/","nextItem":{"@type":"ListItem","@id":"https:\/\/www.immo-invest.ch\/fr\/categories\/regions\/#listItem","name":"R\u00e9gions"}},{"@type":"ListItem","@id":"https:\/\/www.immo-invest.ch\/fr\/categories\/regions\/#listItem","position":2,"name":"R\u00e9gions","item":"https:\/\/www.immo-invest.ch\/fr\/categories\/regions\/","nextItem":{"@type":"ListItem","@id":"https:\/\/www.immo-invest.ch\/fr\/categories\/regions\/suisse\/#listItem","name":"Suisse"},"previousItem":{"@type":"ListItem","@id":"https:\/\/www.immo-invest.ch\/fr\/#listItem","name":"Home"}},{"@type":"ListItem","@id":"https:\/\/www.immo-invest.ch\/fr\/categories\/regions\/suisse\/#listItem","position":3,"name":"Suisse","item":"https:\/\/www.immo-invest.ch\/fr\/categories\/regions\/suisse\/","nextItem":{"@type":"ListItem","@id":"https:\/\/www.immo-invest.ch\/fr\/categories\/regions\/suisse\/region-lemanique\/#listItem","name":"R\u00e9gion l\u00e9manique"},"previousItem":{"@type":"ListItem","@id":"https:\/\/www.immo-invest.ch\/fr\/categories\/regions\/#listItem","name":"R\u00e9gions"}},{"@type":"ListItem","@id":"https:\/\/www.immo-invest.ch\/fr\/categories\/regions\/suisse\/region-lemanique\/#listItem","position":4,"name":"R\u00e9gion l\u00e9manique","item":"https:\/\/www.immo-invest.ch\/fr\/categories\/regions\/suisse\/region-lemanique\/","nextItem":{"@type":"ListItem","@id":"https:\/\/www.immo-invest.ch\/fr\/categories\/regions\/suisse\/region-lemanique\/genf-fr\/#listItem","name":"Genf"},"previousItem":{"@type":"ListItem","@id":"https:\/\/www.immo-invest.ch\/fr\/categories\/regions\/suisse\/#listItem","name":"Suisse"}},{"@type":"ListItem","@id":"https:\/\/www.immo-invest.ch\/fr\/categories\/regions\/suisse\/region-lemanique\/genf-fr\/#listItem","position":5,"name":"Genf","item":"https:\/\/www.immo-invest.ch\/fr\/categories\/regions\/suisse\/region-lemanique\/genf-fr\/","nextItem":{"@type":"ListItem","@id":"https:\/\/www.immo-invest.ch\/fr\/grand-projet-bernex-un-carrefour-urbain-avec-des-logements-et-des-emplois\/#listItem","name":"Grand projet Bernex un carrefour urbain avec des logements et des emplois"},"previousItem":{"@type":"ListItem","@id":"https:\/\/www.immo-invest.ch\/fr\/categories\/regions\/suisse\/region-lemanique\/#listItem","name":"R\u00e9gion l\u00e9manique"}},{"@type":"ListItem","@id":"https:\/\/www.immo-invest.ch\/fr\/grand-projet-bernex-un-carrefour-urbain-avec-des-logements-et-des-emplois\/#listItem","position":6,"name":"Grand projet Bernex un carrefour urbain avec des logements et des emplois","previousItem":{"@type":"ListItem","@id":"https:\/\/www.immo-invest.ch\/fr\/categories\/regions\/suisse\/region-lemanique\/genf-fr\/#listItem","name":"Genf"}}]},{"@type":"Organization","@id":"https:\/\/www.immo-invest.ch\/fr\/#organization","name":"immo!nvest - Die Plattform f\u00fcr Standorte und Immobilien","description":"Die\u00a0Plattform f\u00fcr Standorte und Immobilien","url":"https:\/\/www.immo-invest.ch\/fr\/","email":"admin@immomedia.ag","telephone":"+41444420002","logo":{"@type":"ImageObject","url":"https:\/\/www.immo-invest.ch\/wp-content\/uploads\/2024\/09\/immoinvest_sm-scaled.jpg","@id":"https:\/\/www.immo-invest.ch\/fr\/grand-projet-bernex-un-carrefour-urbain-avec-des-logements-et-des-emplois\/#organizationLogo","width":2560,"height":1340},"image":{"@id":"https:\/\/www.immo-invest.ch\/fr\/grand-projet-bernex-un-carrefour-urbain-avec-des-logements-et-des-emplois\/#organizationLogo"},"sameAs":["https:\/\/www.facebook.com\/people\/Immoinvest\/100077962920504\/","https:\/\/x.com\/i\/flow\/login?redirect_after_login=immoinvest_ch","https:\/\/www.instagram.com\/immoinvest_ch\/","https:\/\/www.linkedin.com\/company\/immoinvest-swiss"]},{"@type":"Person","@id":"https:\/\/www.immo-invest.ch\/fr\/author\/immovestuser\/#author","url":"https:\/\/www.immo-invest.ch\/fr\/author\/immovestuser\/","name":"immovestuser","image":{"@type":"ImageObject","@id":"https:\/\/www.immo-invest.ch\/fr\/grand-projet-bernex-un-carrefour-urbain-avec-des-logements-et-des-emplois\/#authorImage","url":"https:\/\/secure.gravatar.com\/avatar\/8e01f4d99f2eeea7a362ebb93305e1172a70e9293ba250f897a65c39f54cdd1e?s=96&d=mm&r=g","width":96,"height":96,"caption":"immovestuser"}},{"@type":"WebPage","@id":"https:\/\/www.immo-invest.ch\/fr\/grand-projet-bernex-un-carrefour-urbain-avec-des-logements-et-des-emplois\/#webpage","url":"https:\/\/www.immo-invest.ch\/fr\/grand-projet-bernex-un-carrefour-urbain-avec-des-logements-et-des-emplois\/","name":"Grand projet Bernex un carrefour urbain avec des logements et des emplois - immo!nvest - Die Plattform f\u00fcr Standorte und Immobilien","description":"Le vaste projet urbain de Bernex dans la r\u00e9gion l\u00e9manique comprend la cr\u00e9ation de 1600 unit\u00e9s d'habitation et d'autant d'emplois dans la premi\u00e8re phase. L'objectif est de cr\u00e9er au total 5700 nouvelles unit\u00e9s de logement et 5700 nouveaux emplois d'ici 2030, tout en pr\u00e9servant l'identit\u00e9 agricole de la r\u00e9gion.","inLanguage":"fr-FR","isPartOf":{"@id":"https:\/\/www.immo-invest.ch\/fr\/#website"},"breadcrumb":{"@id":"https:\/\/www.immo-invest.ch\/fr\/grand-projet-bernex-un-carrefour-urbain-avec-des-logements-et-des-emplois\/#breadcrumblist"},"author":{"@id":"https:\/\/www.immo-invest.ch\/fr\/author\/immovestuser\/#author"},"creator":{"@id":"https:\/\/www.immo-invest.ch\/fr\/author\/immovestuser\/#author"},"image":{"@type":"ImageObject","url":"https:\/\/www.immo-invest.ch\/wp-content\/uploads\/2024\/07\/Bernex_GE-scaled.jpg","@id":"https:\/\/www.immo-invest.ch\/fr\/grand-projet-bernex-un-carrefour-urbain-avec-des-logements-et-des-emplois\/#mainImage","width":2560,"height":1707},"primaryImageOfPage":{"@id":"https:\/\/www.immo-invest.ch\/fr\/grand-projet-bernex-un-carrefour-urbain-avec-des-logements-et-des-emplois\/#mainImage"},"datePublished":"2024-07-05T16:27:46+02:00","dateModified":"2024-07-05T16:27:47+02:00"},{"@type":"WebSite","@id":"https:\/\/www.immo-invest.ch\/fr\/#website","url":"https:\/\/www.immo-invest.ch\/fr\/","name":"immo!nvest - Die Plattform f\u00fcr Standorte und Immobilien","description":"Die\u00a0Plattform f\u00fcr Standorte und Immobilien","inLanguage":"fr-FR","publisher":{"@id":"https:\/\/www.immo-invest.ch\/fr\/#organization"}}]},"og:locale":"fr_FR","og:site_name":"immo!nvest - Die Plattform f\u00fcr Standorte und Immobilien - Die\u00a0Plattform f\u00fcr Standorte und Immobilien","og:type":"article","og:title":"Grand projet Bernex un carrefour urbain avec des logements et des emplois - immo!nvest - Die Plattform f\u00fcr Standorte und Immobilien","og:description":"Le vaste projet urbain de Bernex dans la r\u00e9gion l\u00e9manique comprend la cr\u00e9ation de 1600 unit\u00e9s d'habitation et d'autant d'emplois dans la premi\u00e8re phase. L'objectif est de cr\u00e9er au total 5700 nouvelles unit\u00e9s de logement et 5700 nouveaux emplois d'ici 2030, tout en pr\u00e9servant l'identit\u00e9 agricole de la r\u00e9gion.","og:url":"https:\/\/www.immo-invest.ch\/fr\/grand-projet-bernex-un-carrefour-urbain-avec-des-logements-et-des-emplois\/","og:image":"https:\/\/www.immo-invest.ch\/wp-content\/uploads\/2024\/07\/Bernex_GE-scaled.jpg","og:image:secure_url":"https:\/\/www.immo-invest.ch\/wp-content\/uploads\/2024\/07\/Bernex_GE-scaled.jpg","og:image:width":2560,"og:image:height":1707,"article:published_time":"2024-07-05T14:27:46+00:00","article:modified_time":"2024-07-05T14:27:47+00:00","article:publisher":"https:\/\/www.facebook.com\/people\/Immoinvest\/100077962920504\/","twitter:card":"summary_large_image","twitter:site":"@i","twitter:title":"Grand projet Bernex un carrefour urbain avec des logements et des emplois - immo!nvest - Die Plattform f\u00fcr Standorte und Immobilien","twitter:description":"Le vaste projet urbain de Bernex dans la r\u00e9gion l\u00e9manique comprend la cr\u00e9ation de 1600 unit\u00e9s d'habitation et d'autant d'emplois dans la premi\u00e8re phase. L'objectif est de cr\u00e9er au total 5700 nouvelles unit\u00e9s de logement et 5700 nouveaux emplois d'ici 2030, tout en pr\u00e9servant l'identit\u00e9 agricole de la r\u00e9gion.","twitter:creator":"@i","twitter:image":"https:\/\/www.immo-invest.ch\/wp-content\/uploads\/2024\/07\/Bernex_GE-scaled.jpg"},"aioseo_meta_data":{"post_id":"104906","title":null,"description":null,"keywords":null,"keyphrases":null,"primary_term":null,"canonical_url":null,"og_title":null,"og_description":null,"og_object_type":"default","og_image_type":"default","og_image_url":null,"og_image_width":null,"og_image_height":null,"og_image_custom_url":null,"og_image_custom_fields":null,"og_video":null,"og_custom_url":null,"og_article_section":null,"og_article_tags":null,"twitter_use_og":false,"twitter_card":"default","twitter_image_type":"default","twitter_image_url":null,"twitter_image_custom_url":null,"twitter_image_custom_fields":null,"twitter_title":null,"twitter_description":null,"schema":{"blockGraphs":[],"customGraphs":[],"default":{"data":{"Article":[],"Course":[],"Dataset":[],"FAQPage":[],"Movie":[],"Person":[],"Product":[],"ProductReview":[],"Car":[],"Recipe":[],"Service":[],"SoftwareApplication":[],"WebPage":[]},"graphName":"","isEnabled":true},"graphs":[]},"schema_type":"default","schema_type_options":null,"pillar_content":false,"robots_default":true,"robots_noindex":false,"robots_noarchive":false,"robots_nosnippet":false,"robots_nofollow":false,"robots_noimageindex":false,"robots_noodp":false,"robots_notranslate":false,"robots_max_snippet":null,"robots_max_videopreview":null,"robots_max_imagepreview":"large","priority":null,"frequency":null,"local_seo":null,"breadcrumb_settings":null,"limit_modified_date":false,"ai":null,"created":"2024-09-20 22:57:58","updated":"2025-10-24 05:15:13","seo_analyzer_scan_date":null,"focus_keyword":null,"additional_keywords":null,"truseo_locale":null},"aioseo_breadcrumb":"<div class=\"aioseo-breadcrumbs\"><span class=\"aioseo-breadcrumb\">\n\t\t\t<a href=\"https:\/\/www.immo-invest.ch\/fr\/\" title=\"Home\">Home<\/a>\n\t\t<\/span><span class=\"aioseo-breadcrumb-separator\">&raquo;<\/span><span class=\"aioseo-breadcrumb\">\n\t\t\t<a href=\"https:\/\/www.immo-invest.ch\/fr\/categories\/regions\/\" title=\"R\u00e9gions\">R\u00e9gions<\/a>\n\t\t<\/span><span class=\"aioseo-breadcrumb-separator\">&raquo;<\/span><span class=\"aioseo-breadcrumb\">\n\t\t\t<a href=\"https:\/\/www.immo-invest.ch\/fr\/categories\/regions\/suisse\/\" title=\"Suisse\">Suisse<\/a>\n\t\t<\/span><span class=\"aioseo-breadcrumb-separator\">&raquo;<\/span><span class=\"aioseo-breadcrumb\">\n\t\t\t<a href=\"https:\/\/www.immo-invest.ch\/fr\/categories\/regions\/suisse\/region-lemanique\/\" title=\"R\u00e9gion l\u00e9manique\">R\u00e9gion l\u00e9manique<\/a>\n\t\t<\/span><span class=\"aioseo-breadcrumb-separator\">&raquo;<\/span><span class=\"aioseo-breadcrumb\">\n\t\t\t<a href=\"https:\/\/www.immo-invest.ch\/fr\/categories\/regions\/suisse\/region-lemanique\/genf-fr\/\" title=\"Genf\">Genf<\/a>\n\t\t<\/span><span class=\"aioseo-breadcrumb-separator\">&raquo;<\/span><span class=\"aioseo-breadcrumb\">\n\t\t\tGrand projet Bernex un carrefour urbain avec des logements et des emplois\n\t\t<\/span><\/div>","aioseo_breadcrumb_json":[{"label":"Home","link":"https:\/\/www.immo-invest.ch\/fr\/"},{"label":"R\u00e9gions","link":"https:\/\/www.immo-invest.ch\/fr\/categories\/regions\/"},{"label":"Suisse","link":"https:\/\/www.immo-invest.ch\/fr\/categories\/regions\/suisse\/"},{"label":"R\u00e9gion l\u00e9manique","link":"https:\/\/www.immo-invest.ch\/fr\/categories\/regions\/suisse\/region-lemanique\/"},{"label":"Genf","link":"https:\/\/www.immo-invest.ch\/fr\/categories\/regions\/suisse\/region-lemanique\/genf-fr\/"},{"label":"Grand projet Bernex un carrefour urbain avec des logements et des emplois","link":"https:\/\/www.immo-invest.ch\/fr\/grand-projet-bernex-un-carrefour-urbain-avec-des-logements-et-des-emplois\/"}],"featured_image_src":"https:\/\/www.immo-invest.ch\/wp-content\/uploads\/2024\/07\/Bernex_GE-336x168.jpg","_links":{"self":[{"href":"https:\/\/www.immo-invest.ch\/fr\/wp-json\/wp\/v2\/posts\/104906","targetHints":{"allow":["GET"]}}],"collection":[{"href":"https:\/\/www.immo-invest.ch\/fr\/wp-json\/wp\/v2\/posts"}],"about":[{"href":"https:\/\/www.immo-invest.ch\/fr\/wp-json\/wp\/v2\/types\/post"}],"author":[{"embeddable":true,"href":"https:\/\/www.immo-invest.ch\/fr\/wp-json\/wp\/v2\/users\/2"}],"replies":[{"embeddable":true,"href":"https:\/\/www.immo-invest.ch\/fr\/wp-json\/wp\/v2\/comments?post=104906"}],"version-history":[{"count":0,"href":"https:\/\/www.immo-invest.ch\/fr\/wp-json\/wp\/v2\/posts\/104906\/revisions"}],"wp:featuredmedia":[{"embeddable":true,"href":"https:\/\/www.immo-invest.ch\/fr\/wp-json\/wp\/v2\/media\/104944"}],"wp:attachment":[{"href":"https:\/\/www.immo-invest.ch\/fr\/wp-json\/wp\/v2\/media?parent=104906"}],"wp:term":[{"taxonomy":"category","embeddable":true,"href":"https:\/\/www.immo-invest.ch\/fr\/wp-json\/wp\/v2\/categories?post=104906"},{"taxonomy":"post_tag","embeddable":true,"href":"https:\/\/www.immo-invest.ch\/fr\/wp-json\/wp\/v2\/tags?post=104906"}],"curies":[{"name":"wp","href":"https:\/\/api.w.org\/{rel}","templated":true}]}}