{"id":104905,"date":"2024-07-05T16:27:26","date_gmt":"2024-07-05T14:27:26","guid":{"rendered":"https:\/\/www.immo-invest.ch\/?p=104905"},"modified":"2024-07-05T16:27:28","modified_gmt":"2024-07-05T14:27:28","slug":"laureat-du-concours-darchitecture-pour-lecole-de-confignon","status":"publish","type":"post","link":"https:\/\/www.immo-invest.ch\/fr\/laureat-du-concours-darchitecture-pour-lecole-de-confignon\/","title":{"rendered":"Laur\u00e9at du concours d&rsquo;architecture pour l&rsquo;\u00e9cole de Confignon"},"content":{"rendered":"<p class=\"wp-block-paragraph\">Le projet gagnant &laquo;C&eacute; Qu&rsquo;&Eacute; Lain&ocirc;&raquo; se distingue par une strat&eacute;gie innovante de fragmentation du vaste programme scolaire. Cette approche permet une grande flexibilit&eacute; dans les phases d&rsquo;utilisation future des salles de classe, des gymnases et de l&rsquo;espace jeunesse. La disposition astucieuse des b&acirc;timents facilite l&rsquo;acc&egrave;s aux diff&eacute;rentes activit&eacute;s pr&eacute;vues dans cette &eacute;cole et contribue &agrave; l&rsquo;animation de la future place centrale du <span class=\"glossaryLink\" aria-describedby=\"tt\" data-cmtooltip=\"&lt;div class=glossaryItemTitle&gt;Quartier&lt;\/div&gt;&lt;div class=glossaryItemBody&gt;Amtliches, historisches, soziales oder stadtplanerisches Stadtviertel&lt;\/div&gt;\" data-mobile-support=\"0\" data-gt-translate-attributes='[{\"attribute\":\"data-cmtooltip\", \"format\":\"html\"}]' tabindex=\"0\" role=\"link\">quartier<\/span>, qui servira de lieu de rencontre social.<\/p>\n\n\n\n<p class=\"wp-block-paragraph\"><strong>Int&eacute;gration et conditions d&rsquo;implantation<\/strong><br>Le projet int&egrave;gre de mani&egrave;re optimale les diff&eacute;rentes contraintes du site, y compris la n&eacute;cessit&eacute; de cr&eacute;er une pr&eacute;sence architecturale marquante au c&oelig;ur du <span class=\"glossaryLink\" aria-describedby=\"tt\" data-cmtooltip=\"&lt;div class=glossaryItemTitle&gt;Quartier&lt;\/div&gt;&lt;div class=glossaryItemBody&gt;Amtliches, historisches, soziales oder stadtplanerisches Stadtviertel&lt;\/div&gt;\" data-mobile-support=\"0\" data-gt-translate-attributes='[{\"attribute\":\"data-cmtooltip\", \"format\":\"html\"}]' tabindex=\"0\" role=\"link\">quartier<\/span>. Les bureaux participants ont d&ucirc; prendre en compte des aspects tels que l&rsquo;organisation interne du programme, les choix de construction, l&rsquo;int&eacute;gration dans le futur <span class=\"glossaryLink\" aria-describedby=\"tt\" data-cmtooltip=\"&lt;div class=glossaryItemTitle&gt;Quartier&lt;\/div&gt;&lt;div class=glossaryItemBody&gt;Amtliches, historisches, soziales oder stadtplanerisches Stadtviertel&lt;\/div&gt;\" data-mobile-support=\"0\" data-gt-translate-attributes='[{\"attribute\":\"data-cmtooltip\", \"format\":\"html\"}]' tabindex=\"0\" role=\"link\">quartier<\/span> des Cherpines et le dialogue avec les principaux espaces publics. La gestion de la mobilit&eacute; et l&rsquo;am&eacute;nagement paysager &eacute;taient &eacute;galement particuli&egrave;rement importants. En outre, il s&rsquo;agissait d&rsquo;accueillir un grand nombre d&rsquo;&eacute;l&egrave;ves et d&rsquo;enseignants et de leur offrir un cadre de vie favorisant la transmission des connaissances.<\/p>\n\n\n\n<p class=\"wp-block-paragraph\"><strong>Des objectifs &eacute;nerg&eacute;tiques ambitieux et la durabilit&eacute;<\/strong><br>Le programme de la nouvelle &eacute;cole s&rsquo;inscrit dans un concept &eacute;nerg&eacute;tique ambitieux, qui mise sur le raccordement au chauffage urbain, aliment&eacute; par des sources d&rsquo;&eacute;nergie renouvelables. La ventilation naturelle et une installation solaire photovolta&iuml;que &agrave; grande &eacute;chelle sur le toit, combin&eacute;e &agrave; la v&eacute;g&eacute;talisation, doivent permettre de r&eacute;pondre &agrave; la norme de tr&egrave;s haute <span class=\"glossaryLink\" aria-describedby=\"tt\" data-cmtooltip=\"&lt;div class=glossaryItemTitle&gt;Performance&lt;\/div&gt;&lt;div class=glossaryItemBody&gt;Wertentwicklung eines Portfolios&lt;\/div&gt;\" data-mobile-support=\"0\" data-gt-translate-attributes='[{\"attribute\":\"data-cmtooltip\", \"format\":\"html\"}]' tabindex=\"0\" role=\"link\">performance<\/span> &eacute;nerg&eacute;tique (THPE). Ces mesures soutiennent le d&eacute;veloppement durable de l&rsquo;ensemble du projet.<br><br><strong>Un concours complet<\/strong><br>Conform&eacute;ment &agrave; la norme <span class=\"glossaryLink\"  aria-describedby=\"tt\"  data-cmtooltip=\"&lt;div class=glossaryItemTitle&gt;SIA&lt;\/div&gt;&lt;div class=glossaryItemBody&gt;Schweizerischer Ingenieur- und Architektenverein; massgebender Berufsverband f&uuml;r qualifizierte Fachleute der Bereiche Bau, Technik und Umwelt mit rund f&uuml;nfzehntausend Mitgliedern&lt;\/div&gt;\"  data-mobile-support=\"0\"  data-gt-translate-attributes='[{\"attribute\":\"data-cmtooltip\", \"format\":\"html\"}]' tabindex='0' role='link'>SIA<\/span> 142, le concours d&rsquo;architecture a &eacute;t&eacute; organis&eacute; dans le cadre d&rsquo;une proc&eacute;dure ouverte en deux &eacute;tapes. Lors de la premi&egrave;re &eacute;tape, l&rsquo;accent a &eacute;t&eacute; mis sur le concept d&rsquo;am&eacute;nagement du p&eacute;rim&egrave;tre, notamment sur la d&eacute;finition des espaces ext&eacute;rieurs, les principes de durabilit&eacute; et l&rsquo;organisation fonctionnelle des composantes du programme. La deuxi&egrave;me &eacute;tape a permis de d&eacute;finir le projet architectural pour le programme &eacute;ducatif et sportif ainsi que pour les am&eacute;nagements ext&eacute;rieurs. Au total, 46 projets ont &eacute;t&eacute; pr&eacute;sent&eacute;s.<br><br><strong>Perspectives d&rsquo;avenir pour le <span class=\"glossaryLink\" aria-describedby=\"tt\" data-cmtooltip=\"&lt;div class=glossaryItemTitle&gt;Quartier&lt;\/div&gt;&lt;div class=glossaryItemBody&gt;Amtliches, historisches, soziales oder stadtplanerisches Stadtviertel&lt;\/div&gt;\" data-mobile-support=\"0\" data-gt-translate-attributes='[{\"attribute\":\"data-cmtooltip\", \"format\":\"html\"}]' tabindex=\"0\" role=\"link\">quartier<\/span> des Cherpines<\/strong><br>Apr&egrave;s la premi&egrave;re phase de construction au Rolliet et l&rsquo;arriv&eacute;e des premi&egrave;res entreprises dans l&rsquo;&eacute;coparc des Cherpines, l&rsquo;&eacute;cole secondaire II de Confignon posera la premi&egrave;re pierre de la deuxi&egrave;me phase du projet des Cherpines. L&rsquo;&eacute;cole donnera corps &agrave; la Place des Cherpines et fera vivre l&rsquo;espace d&egrave;s son ouverture en accueillant 1 400 &eacute;l&egrave;ves et enseignants. La construction de l&rsquo;&eacute;cole constituera le premier front b&acirc;ti de cet espace public, tandis que les autres &icirc;lots du <span class=\"glossaryLink\" aria-describedby=\"tt\" data-cmtooltip=\"&lt;div class=glossaryItemTitle&gt;Quartier&lt;\/div&gt;&lt;div class=glossaryItemBody&gt;Amtliches, historisches, soziales oder stadtplanerisches Stadtviertel&lt;\/div&gt;\" data-mobile-support=\"0\" data-gt-translate-attributes='[{\"attribute\":\"data-cmtooltip\", \"format\":\"html\"}]' tabindex=\"0\" role=\"link\">quartier<\/span> r&eacute;sidentiel seront construits au fur et &agrave; mesure.<\/p>\n\n\n\n<p class=\"wp-block-paragraph\"><strong>Un d&eacute;veloppement continu<\/strong><br>Le concours s&rsquo;est d&eacute;roul&eacute; parall&egrave;lement &agrave; l&rsquo;&eacute;laboration du projet de Plan localis&eacute; de <span class=\"glossaryLink\" aria-describedby=\"tt\" data-cmtooltip=\"&lt;div class=glossaryItemTitle&gt;Quartier&lt;\/div&gt;&lt;div class=glossaryItemBody&gt;Amtliches, historisches, soziales oder stadtplanerisches Stadtviertel&lt;\/div&gt;\" data-mobile-support=\"0\" data-gt-translate-attributes='[{\"attribute\":\"data-cmtooltip\", \"format\":\"html\"}]' tabindex=\"0\" role=\"link\">quartier<\/span>, situ&eacute; entre l&rsquo;&eacute;coparc industriel et les terrains de sport. Le PLQ devrait &ecirc;tre pr&eacute;sent&eacute; au Conseil d&rsquo;&Eacute;tat d&rsquo;ici d&eacute;but 2025.<\/p>\n","protected":false},"excerpt":{"rendered":"<p>Le projet \u00abC\u00e9 Qu&rsquo;\u00c9 Lain\u00f4\u00bb a \u00e9t\u00e9 choisi comme laur\u00e9at du concours d&rsquo;architecture pour la construction de l&rsquo;\u00e9cole secondaire II \u00e0 Confignon. Le jury a soulign\u00e9 l&rsquo;\u00e9quilibre et la flexibilit\u00e9 remarquables du projet, qui est \u00e0 la fois convaincant sur le plan architectural et r\u00e9pond aux diff\u00e9rents objectifs du cahier des charges.<\/p>\n","protected":false},"author":2,"featured_media":104940,"comment_status":"open","ping_status":"open","sticky":false,"template":"","format":"standard","meta":{"pmpro_default_level":"0","inline_featured_image":false,"_monsterinsights_skip_tracking":false,"footnotes":""},"categories":[22699,8747,47523,743],"tags":[48179,48177,48178,48182,848,872,3931,48176,48146,48181,48180],"class_list":["post-104905","post","type-post","status-publish","format-standard","has-post-thumbnail","hentry","category-durabilite","category-energie","category-genf-fr","category-immonews-fr","tag-chauffage-urbain","tag-cherpines","tag-durabilite-energetique","tag-flexibilite-scolaire","tag-immobilien-fr","tag-immoinvest-fr","tag-immonews-fr","tag-integration-urbaine","tag-photovoltaique","tag-plq","tag-sia-142","pmpro-has-access"],"acf":{"bild_mit_ki_erstellt_worden":[],"lead":"Le projet \u00abC\u00e9 Qu'\u00c9 Lain\u00f4\u00bb a \u00e9t\u00e9 choisi comme laur\u00e9at du concours d'architecture pour la construction de l'\u00e9cole secondaire II \u00e0 Confignon. Le jury a soulign\u00e9 l'\u00e9quilibre et la flexibilit\u00e9 remarquables du projet, qui est \u00e0 la fois convaincant sur le plan architectural et r\u00e9pond aux diff\u00e9rents objectifs du cahier des charges.","autor":"Texte: Karin Ibach, Image: tdg.ch","ort":"","bildunterschrift":"","bild_im_grid":false,"gallerie":"","newsim":""},"aioseo_notices":[],"aioseo_head":"\n\t\t<!-- All in One SEO 5.0.1.1 - aioseo.com -->\n\t<meta name=\"description\" content=\"Le projet \u00abC\u00e9 Qu&#039;\u00c9 Lain\u00f4\u00bb a \u00e9t\u00e9 choisi comme laur\u00e9at du concours d&#039;architecture pour la construction de l&#039;\u00e9cole secondaire II \u00e0 Confignon. Le jury a soulign\u00e9 l&#039;\u00e9quilibre et la flexibilit\u00e9 remarquables du projet, qui est \u00e0 la fois convaincant sur le plan architectural et r\u00e9pond aux diff\u00e9rents objectifs du cahier des charges.\" \/>\n\t<meta name=\"robots\" content=\"max-image-preview:large\" \/>\n\t<meta name=\"author\" content=\"immovestuser\"\/>\n\t<meta name=\"google-site-verification\" content=\"fHJKvgWpZCR2zVBHWfkQeFXC11qieUSff0HGNYfuyLA\" \/>\n\t<link rel=\"canonical\" href=\"https:\/\/www.immo-invest.ch\/fr\/laureat-du-concours-darchitecture-pour-lecole-de-confignon\/\" \/>\n\t<meta name=\"generator\" content=\"All in One SEO (AIOSEO) 5.0.1.1\" \/>\n\t\t<meta property=\"og:locale\" content=\"fr_FR\" \/>\n\t\t<meta property=\"og:site_name\" content=\"immo!nvest - Die Plattform f\u00fcr Standorte und Immobilien - Die\u00a0Plattform f\u00fcr Standorte und Immobilien\" \/>\n\t\t<meta property=\"og:type\" content=\"article\" \/>\n\t\t<meta property=\"og:title\" content=\"Laur\u00e9at du concours d\u2019architecture pour l\u2019\u00e9cole de Confignon - immo!nvest - Die Plattform f\u00fcr Standorte und Immobilien\" \/>\n\t\t<meta property=\"og:description\" content=\"Le projet \u00abC\u00e9 Qu&#039;\u00c9 Lain\u00f4\u00bb a \u00e9t\u00e9 choisi comme laur\u00e9at du concours d&#039;architecture pour la construction de l&#039;\u00e9cole secondaire II \u00e0 Confignon. Le jury a soulign\u00e9 l&#039;\u00e9quilibre et la flexibilit\u00e9 remarquables du projet, qui est \u00e0 la fois convaincant sur le plan architectural et r\u00e9pond aux diff\u00e9rents objectifs du cahier des charges.\" \/>\n\t\t<meta property=\"og:url\" content=\"https:\/\/www.immo-invest.ch\/fr\/laureat-du-concours-darchitecture-pour-lecole-de-confignon\/\" \/>\n\t\t<meta property=\"og:image\" content=\"https:\/\/www.immo-invest.ch\/wp-content\/uploads\/2024\/07\/1mnJ3puVKpDA5ZN-9l4D3f.png\" \/>\n\t\t<meta property=\"og:image:secure_url\" content=\"https:\/\/www.immo-invest.ch\/wp-content\/uploads\/2024\/07\/1mnJ3puVKpDA5ZN-9l4D3f.png\" \/>\n\t\t<meta property=\"og:image:width\" content=\"2001\" \/>\n\t\t<meta property=\"og:image:height\" content=\"1504\" \/>\n\t\t<meta property=\"article:published_time\" content=\"2024-07-05T14:27:26+00:00\" \/>\n\t\t<meta property=\"article:modified_time\" content=\"2024-07-05T14:27:28+00:00\" \/>\n\t\t<meta property=\"article:publisher\" content=\"https:\/\/www.facebook.com\/people\/Immoinvest\/100077962920504\/\" \/>\n\t\t<meta name=\"twitter:card\" content=\"summary_large_image\" \/>\n\t\t<meta name=\"twitter:site\" content=\"@i\" \/>\n\t\t<meta name=\"twitter:title\" content=\"Laur\u00e9at du concours d\u2019architecture pour l\u2019\u00e9cole de Confignon - immo!nvest - Die Plattform f\u00fcr Standorte und Immobilien\" \/>\n\t\t<meta name=\"twitter:description\" content=\"Le projet \u00abC\u00e9 Qu&#039;\u00c9 Lain\u00f4\u00bb a \u00e9t\u00e9 choisi comme laur\u00e9at du concours d&#039;architecture pour la construction de l&#039;\u00e9cole secondaire II \u00e0 Confignon. Le jury a soulign\u00e9 l&#039;\u00e9quilibre et la flexibilit\u00e9 remarquables du projet, qui est \u00e0 la fois convaincant sur le plan architectural et r\u00e9pond aux diff\u00e9rents objectifs du cahier des charges.\" \/>\n\t\t<meta name=\"twitter:creator\" content=\"@i\" \/>\n\t\t<meta name=\"twitter:image\" content=\"https:\/\/www.immo-invest.ch\/wp-content\/uploads\/2024\/07\/1mnJ3puVKpDA5ZN-9l4D3f.png\" \/>\n\t\t<script type=\"application\/ld+json\" class=\"aioseo-schema\">\n\t\t\t{\"@context\":\"https:\\\/\\\/schema.org\",\"@graph\":[{\"@type\":\"BlogPosting\",\"@id\":\"https:\\\/\\\/www.immo-invest.ch\\\/fr\\\/laureat-du-concours-darchitecture-pour-lecole-de-confignon\\\/#blogposting\",\"name\":\"Laur\\u00e9at du concours d\\u2019architecture pour l\\u2019\\u00e9cole de Confignon - immo!nvest - Die Plattform f\\u00fcr Standorte und Immobilien\",\"headline\":\"Laur\\u00e9at du concours d&rsquo;architecture pour l&rsquo;\\u00e9cole de Confignon\",\"author\":{\"@id\":\"https:\\\/\\\/www.immo-invest.ch\\\/fr\\\/author\\\/immovestuser\\\/#author\"},\"publisher\":{\"@id\":\"https:\\\/\\\/www.immo-invest.ch\\\/fr\\\/#organization\"},\"image\":{\"@type\":\"ImageObject\",\"url\":\"https:\\\/\\\/www.immo-invest.ch\\\/wp-content\\\/uploads\\\/2024\\\/07\\\/1mnJ3puVKpDA5ZN-9l4D3f.png\",\"width\":2001,\"height\":1504},\"datePublished\":\"2024-07-05T16:27:26+02:00\",\"dateModified\":\"2024-07-05T16:27:28+02:00\",\"inLanguage\":\"fr-FR\",\"mainEntityOfPage\":{\"@id\":\"https:\\\/\\\/www.immo-invest.ch\\\/fr\\\/laureat-du-concours-darchitecture-pour-lecole-de-confignon\\\/#webpage\"},\"isPartOf\":{\"@id\":\"https:\\\/\\\/www.immo-invest.ch\\\/fr\\\/laureat-du-concours-darchitecture-pour-lecole-de-confignon\\\/#webpage\"},\"articleSection\":\"Durabilit\\u00e9, \\u00c9nergie, Genf, immoNews, chauffage urbain, Cherpines, durabilit\\u00e9 \\u00e9nerg\\u00e9tique, flexibilit\\u00e9 scolaire, immobilien, Immoinvest, immoNews, int\\u00e9gration urbaine, photovolta\\u00efque, PLQ, SIA 142, Facultatif\"},{\"@type\":\"BreadcrumbList\",\"@id\":\"https:\\\/\\\/www.immo-invest.ch\\\/fr\\\/laureat-du-concours-darchitecture-pour-lecole-de-confignon\\\/#breadcrumblist\",\"itemListElement\":[{\"@type\":\"ListItem\",\"@id\":\"https:\\\/\\\/www.immo-invest.ch\\\/fr\\\/#listItem\",\"position\":1,\"name\":\"Home\",\"item\":\"https:\\\/\\\/www.immo-invest.ch\\\/fr\\\/\",\"nextItem\":{\"@type\":\"ListItem\",\"@id\":\"https:\\\/\\\/www.immo-invest.ch\\\/fr\\\/categories\\\/regions\\\/#listItem\",\"name\":\"R\\u00e9gions\"}},{\"@type\":\"ListItem\",\"@id\":\"https:\\\/\\\/www.immo-invest.ch\\\/fr\\\/categories\\\/regions\\\/#listItem\",\"position\":2,\"name\":\"R\\u00e9gions\",\"item\":\"https:\\\/\\\/www.immo-invest.ch\\\/fr\\\/categories\\\/regions\\\/\",\"nextItem\":{\"@type\":\"ListItem\",\"@id\":\"https:\\\/\\\/www.immo-invest.ch\\\/fr\\\/categories\\\/regions\\\/suisse\\\/#listItem\",\"name\":\"Suisse\"},\"previousItem\":{\"@type\":\"ListItem\",\"@id\":\"https:\\\/\\\/www.immo-invest.ch\\\/fr\\\/#listItem\",\"name\":\"Home\"}},{\"@type\":\"ListItem\",\"@id\":\"https:\\\/\\\/www.immo-invest.ch\\\/fr\\\/categories\\\/regions\\\/suisse\\\/#listItem\",\"position\":3,\"name\":\"Suisse\",\"item\":\"https:\\\/\\\/www.immo-invest.ch\\\/fr\\\/categories\\\/regions\\\/suisse\\\/\",\"nextItem\":{\"@type\":\"ListItem\",\"@id\":\"https:\\\/\\\/www.immo-invest.ch\\\/fr\\\/categories\\\/regions\\\/suisse\\\/region-lemanique\\\/#listItem\",\"name\":\"R\\u00e9gion l\\u00e9manique\"},\"previousItem\":{\"@type\":\"ListItem\",\"@id\":\"https:\\\/\\\/www.immo-invest.ch\\\/fr\\\/categories\\\/regions\\\/#listItem\",\"name\":\"R\\u00e9gions\"}},{\"@type\":\"ListItem\",\"@id\":\"https:\\\/\\\/www.immo-invest.ch\\\/fr\\\/categories\\\/regions\\\/suisse\\\/region-lemanique\\\/#listItem\",\"position\":4,\"name\":\"R\\u00e9gion l\\u00e9manique\",\"item\":\"https:\\\/\\\/www.immo-invest.ch\\\/fr\\\/categories\\\/regions\\\/suisse\\\/region-lemanique\\\/\",\"nextItem\":{\"@type\":\"ListItem\",\"@id\":\"https:\\\/\\\/www.immo-invest.ch\\\/fr\\\/categories\\\/regions\\\/suisse\\\/region-lemanique\\\/genf-fr\\\/#listItem\",\"name\":\"Genf\"},\"previousItem\":{\"@type\":\"ListItem\",\"@id\":\"https:\\\/\\\/www.immo-invest.ch\\\/fr\\\/categories\\\/regions\\\/suisse\\\/#listItem\",\"name\":\"Suisse\"}},{\"@type\":\"ListItem\",\"@id\":\"https:\\\/\\\/www.immo-invest.ch\\\/fr\\\/categories\\\/regions\\\/suisse\\\/region-lemanique\\\/genf-fr\\\/#listItem\",\"position\":5,\"name\":\"Genf\",\"item\":\"https:\\\/\\\/www.immo-invest.ch\\\/fr\\\/categories\\\/regions\\\/suisse\\\/region-lemanique\\\/genf-fr\\\/\",\"nextItem\":{\"@type\":\"ListItem\",\"@id\":\"https:\\\/\\\/www.immo-invest.ch\\\/fr\\\/laureat-du-concours-darchitecture-pour-lecole-de-confignon\\\/#listItem\",\"name\":\"Laur\\u00e9at du concours d&rsquo;architecture pour l&rsquo;\\u00e9cole de Confignon\"},\"previousItem\":{\"@type\":\"ListItem\",\"@id\":\"https:\\\/\\\/www.immo-invest.ch\\\/fr\\\/categories\\\/regions\\\/suisse\\\/region-lemanique\\\/#listItem\",\"name\":\"R\\u00e9gion l\\u00e9manique\"}},{\"@type\":\"ListItem\",\"@id\":\"https:\\\/\\\/www.immo-invest.ch\\\/fr\\\/laureat-du-concours-darchitecture-pour-lecole-de-confignon\\\/#listItem\",\"position\":6,\"name\":\"Laur\\u00e9at du concours d&rsquo;architecture pour l&rsquo;\\u00e9cole de Confignon\",\"previousItem\":{\"@type\":\"ListItem\",\"@id\":\"https:\\\/\\\/www.immo-invest.ch\\\/fr\\\/categories\\\/regions\\\/suisse\\\/region-lemanique\\\/genf-fr\\\/#listItem\",\"name\":\"Genf\"}}]},{\"@type\":\"Organization\",\"@id\":\"https:\\\/\\\/www.immo-invest.ch\\\/fr\\\/#organization\",\"name\":\"immo!nvest - Die Plattform f\\u00fcr Standorte und Immobilien\",\"description\":\"Die\\u00a0Plattform f\\u00fcr Standorte und Immobilien\",\"url\":\"https:\\\/\\\/www.immo-invest.ch\\\/fr\\\/\",\"email\":\"admin@immomedia.ag\",\"telephone\":\"+41444420002\",\"logo\":{\"@type\":\"ImageObject\",\"url\":\"https:\\\/\\\/www.immo-invest.ch\\\/wp-content\\\/uploads\\\/2024\\\/09\\\/immoinvest_sm-scaled.jpg\",\"@id\":\"https:\\\/\\\/www.immo-invest.ch\\\/fr\\\/laureat-du-concours-darchitecture-pour-lecole-de-confignon\\\/#organizationLogo\",\"width\":2560,\"height\":1340},\"image\":{\"@id\":\"https:\\\/\\\/www.immo-invest.ch\\\/fr\\\/laureat-du-concours-darchitecture-pour-lecole-de-confignon\\\/#organizationLogo\"},\"sameAs\":[\"https:\\\/\\\/www.facebook.com\\\/people\\\/Immoinvest\\\/100077962920504\\\/\",\"https:\\\/\\\/x.com\\\/i\\\/flow\\\/login?redirect_after_login=immoinvest_ch\",\"https:\\\/\\\/www.instagram.com\\\/immoinvest_ch\\\/\",\"https:\\\/\\\/www.linkedin.com\\\/company\\\/immoinvest-swiss\"]},{\"@type\":\"Person\",\"@id\":\"https:\\\/\\\/www.immo-invest.ch\\\/fr\\\/author\\\/immovestuser\\\/#author\",\"url\":\"https:\\\/\\\/www.immo-invest.ch\\\/fr\\\/author\\\/immovestuser\\\/\",\"name\":\"immovestuser\",\"image\":{\"@type\":\"ImageObject\",\"@id\":\"https:\\\/\\\/www.immo-invest.ch\\\/fr\\\/laureat-du-concours-darchitecture-pour-lecole-de-confignon\\\/#authorImage\",\"url\":\"https:\\\/\\\/secure.gravatar.com\\\/avatar\\\/8e01f4d99f2eeea7a362ebb93305e1172a70e9293ba250f897a65c39f54cdd1e?s=96&d=mm&r=g\",\"width\":96,\"height\":96,\"caption\":\"immovestuser\"}},{\"@type\":\"WebPage\",\"@id\":\"https:\\\/\\\/www.immo-invest.ch\\\/fr\\\/laureat-du-concours-darchitecture-pour-lecole-de-confignon\\\/#webpage\",\"url\":\"https:\\\/\\\/www.immo-invest.ch\\\/fr\\\/laureat-du-concours-darchitecture-pour-lecole-de-confignon\\\/\",\"name\":\"Laur\\u00e9at du concours d\\u2019architecture pour l\\u2019\\u00e9cole de Confignon - immo!nvest - Die Plattform f\\u00fcr Standorte und Immobilien\",\"description\":\"Le projet \\u00abC\\u00e9 Qu'\\u00c9 Lain\\u00f4\\u00bb a \\u00e9t\\u00e9 choisi comme laur\\u00e9at du concours d'architecture pour la construction de l'\\u00e9cole secondaire II \\u00e0 Confignon. Le jury a soulign\\u00e9 l'\\u00e9quilibre et la flexibilit\\u00e9 remarquables du projet, qui est \\u00e0 la fois convaincant sur le plan architectural et r\\u00e9pond aux diff\\u00e9rents objectifs du cahier des charges.\",\"inLanguage\":\"fr-FR\",\"isPartOf\":{\"@id\":\"https:\\\/\\\/www.immo-invest.ch\\\/fr\\\/#website\"},\"breadcrumb\":{\"@id\":\"https:\\\/\\\/www.immo-invest.ch\\\/fr\\\/laureat-du-concours-darchitecture-pour-lecole-de-confignon\\\/#breadcrumblist\"},\"author\":{\"@id\":\"https:\\\/\\\/www.immo-invest.ch\\\/fr\\\/author\\\/immovestuser\\\/#author\"},\"creator\":{\"@id\":\"https:\\\/\\\/www.immo-invest.ch\\\/fr\\\/author\\\/immovestuser\\\/#author\"},\"image\":{\"@type\":\"ImageObject\",\"url\":\"https:\\\/\\\/www.immo-invest.ch\\\/wp-content\\\/uploads\\\/2024\\\/07\\\/1mnJ3puVKpDA5ZN-9l4D3f.png\",\"@id\":\"https:\\\/\\\/www.immo-invest.ch\\\/fr\\\/laureat-du-concours-darchitecture-pour-lecole-de-confignon\\\/#mainImage\",\"width\":2001,\"height\":1504},\"primaryImageOfPage\":{\"@id\":\"https:\\\/\\\/www.immo-invest.ch\\\/fr\\\/laureat-du-concours-darchitecture-pour-lecole-de-confignon\\\/#mainImage\"},\"datePublished\":\"2024-07-05T16:27:26+02:00\",\"dateModified\":\"2024-07-05T16:27:28+02:00\"},{\"@type\":\"WebSite\",\"@id\":\"https:\\\/\\\/www.immo-invest.ch\\\/fr\\\/#website\",\"url\":\"https:\\\/\\\/www.immo-invest.ch\\\/fr\\\/\",\"name\":\"immo!nvest - Die Plattform f\\u00fcr Standorte und Immobilien\",\"description\":\"Die\\u00a0Plattform f\\u00fcr Standorte und Immobilien\",\"inLanguage\":\"fr-FR\",\"publisher\":{\"@id\":\"https:\\\/\\\/www.immo-invest.ch\\\/fr\\\/#organization\"}}]}\n\t\t<\/script>\n\t\t<!-- All in One SEO -->\n\n","aioseo_head_json":{"title":"Laur\u00e9at du concours d\u2019architecture pour l\u2019\u00e9cole de Confignon - immo!nvest - Die Plattform f\u00fcr Standorte und Immobilien","description":"Le projet \u00abC\u00e9 Qu'\u00c9 Lain\u00f4\u00bb a \u00e9t\u00e9 choisi comme laur\u00e9at du concours d'architecture pour la construction de l'\u00e9cole secondaire II \u00e0 Confignon. Le jury a soulign\u00e9 l'\u00e9quilibre et la flexibilit\u00e9 remarquables du projet, qui est \u00e0 la fois convaincant sur le plan architectural et r\u00e9pond aux diff\u00e9rents objectifs du cahier des charges.","canonical_url":"https:\/\/www.immo-invest.ch\/fr\/laureat-du-concours-darchitecture-pour-lecole-de-confignon\/","robots":"max-image-preview:large","keywords":"","webmasterTools":{"google-site-verification":"fHJKvgWpZCR2zVBHWfkQeFXC11qieUSff0HGNYfuyLA","miscellaneous":""},"schema":{"@context":"https:\/\/schema.org","@graph":[{"@type":"BlogPosting","@id":"https:\/\/www.immo-invest.ch\/fr\/laureat-du-concours-darchitecture-pour-lecole-de-confignon\/#blogposting","name":"Laur\u00e9at du concours d\u2019architecture pour l\u2019\u00e9cole de Confignon - immo!nvest - Die Plattform f\u00fcr Standorte und Immobilien","headline":"Laur\u00e9at du concours d&rsquo;architecture pour l&rsquo;\u00e9cole de Confignon","author":{"@id":"https:\/\/www.immo-invest.ch\/fr\/author\/immovestuser\/#author"},"publisher":{"@id":"https:\/\/www.immo-invest.ch\/fr\/#organization"},"image":{"@type":"ImageObject","url":"https:\/\/www.immo-invest.ch\/wp-content\/uploads\/2024\/07\/1mnJ3puVKpDA5ZN-9l4D3f.png","width":2001,"height":1504},"datePublished":"2024-07-05T16:27:26+02:00","dateModified":"2024-07-05T16:27:28+02:00","inLanguage":"fr-FR","mainEntityOfPage":{"@id":"https:\/\/www.immo-invest.ch\/fr\/laureat-du-concours-darchitecture-pour-lecole-de-confignon\/#webpage"},"isPartOf":{"@id":"https:\/\/www.immo-invest.ch\/fr\/laureat-du-concours-darchitecture-pour-lecole-de-confignon\/#webpage"},"articleSection":"Durabilit\u00e9, \u00c9nergie, Genf, immoNews, chauffage urbain, Cherpines, durabilit\u00e9 \u00e9nerg\u00e9tique, flexibilit\u00e9 scolaire, immobilien, Immoinvest, immoNews, int\u00e9gration urbaine, photovolta\u00efque, PLQ, SIA 142, Facultatif"},{"@type":"BreadcrumbList","@id":"https:\/\/www.immo-invest.ch\/fr\/laureat-du-concours-darchitecture-pour-lecole-de-confignon\/#breadcrumblist","itemListElement":[{"@type":"ListItem","@id":"https:\/\/www.immo-invest.ch\/fr\/#listItem","position":1,"name":"Home","item":"https:\/\/www.immo-invest.ch\/fr\/","nextItem":{"@type":"ListItem","@id":"https:\/\/www.immo-invest.ch\/fr\/categories\/regions\/#listItem","name":"R\u00e9gions"}},{"@type":"ListItem","@id":"https:\/\/www.immo-invest.ch\/fr\/categories\/regions\/#listItem","position":2,"name":"R\u00e9gions","item":"https:\/\/www.immo-invest.ch\/fr\/categories\/regions\/","nextItem":{"@type":"ListItem","@id":"https:\/\/www.immo-invest.ch\/fr\/categories\/regions\/suisse\/#listItem","name":"Suisse"},"previousItem":{"@type":"ListItem","@id":"https:\/\/www.immo-invest.ch\/fr\/#listItem","name":"Home"}},{"@type":"ListItem","@id":"https:\/\/www.immo-invest.ch\/fr\/categories\/regions\/suisse\/#listItem","position":3,"name":"Suisse","item":"https:\/\/www.immo-invest.ch\/fr\/categories\/regions\/suisse\/","nextItem":{"@type":"ListItem","@id":"https:\/\/www.immo-invest.ch\/fr\/categories\/regions\/suisse\/region-lemanique\/#listItem","name":"R\u00e9gion l\u00e9manique"},"previousItem":{"@type":"ListItem","@id":"https:\/\/www.immo-invest.ch\/fr\/categories\/regions\/#listItem","name":"R\u00e9gions"}},{"@type":"ListItem","@id":"https:\/\/www.immo-invest.ch\/fr\/categories\/regions\/suisse\/region-lemanique\/#listItem","position":4,"name":"R\u00e9gion l\u00e9manique","item":"https:\/\/www.immo-invest.ch\/fr\/categories\/regions\/suisse\/region-lemanique\/","nextItem":{"@type":"ListItem","@id":"https:\/\/www.immo-invest.ch\/fr\/categories\/regions\/suisse\/region-lemanique\/genf-fr\/#listItem","name":"Genf"},"previousItem":{"@type":"ListItem","@id":"https:\/\/www.immo-invest.ch\/fr\/categories\/regions\/suisse\/#listItem","name":"Suisse"}},{"@type":"ListItem","@id":"https:\/\/www.immo-invest.ch\/fr\/categories\/regions\/suisse\/region-lemanique\/genf-fr\/#listItem","position":5,"name":"Genf","item":"https:\/\/www.immo-invest.ch\/fr\/categories\/regions\/suisse\/region-lemanique\/genf-fr\/","nextItem":{"@type":"ListItem","@id":"https:\/\/www.immo-invest.ch\/fr\/laureat-du-concours-darchitecture-pour-lecole-de-confignon\/#listItem","name":"Laur\u00e9at du concours d&rsquo;architecture pour l&rsquo;\u00e9cole de Confignon"},"previousItem":{"@type":"ListItem","@id":"https:\/\/www.immo-invest.ch\/fr\/categories\/regions\/suisse\/region-lemanique\/#listItem","name":"R\u00e9gion l\u00e9manique"}},{"@type":"ListItem","@id":"https:\/\/www.immo-invest.ch\/fr\/laureat-du-concours-darchitecture-pour-lecole-de-confignon\/#listItem","position":6,"name":"Laur\u00e9at du concours d&rsquo;architecture pour l&rsquo;\u00e9cole de Confignon","previousItem":{"@type":"ListItem","@id":"https:\/\/www.immo-invest.ch\/fr\/categories\/regions\/suisse\/region-lemanique\/genf-fr\/#listItem","name":"Genf"}}]},{"@type":"Organization","@id":"https:\/\/www.immo-invest.ch\/fr\/#organization","name":"immo!nvest - Die Plattform f\u00fcr Standorte und Immobilien","description":"Die\u00a0Plattform f\u00fcr Standorte und Immobilien","url":"https:\/\/www.immo-invest.ch\/fr\/","email":"admin@immomedia.ag","telephone":"+41444420002","logo":{"@type":"ImageObject","url":"https:\/\/www.immo-invest.ch\/wp-content\/uploads\/2024\/09\/immoinvest_sm-scaled.jpg","@id":"https:\/\/www.immo-invest.ch\/fr\/laureat-du-concours-darchitecture-pour-lecole-de-confignon\/#organizationLogo","width":2560,"height":1340},"image":{"@id":"https:\/\/www.immo-invest.ch\/fr\/laureat-du-concours-darchitecture-pour-lecole-de-confignon\/#organizationLogo"},"sameAs":["https:\/\/www.facebook.com\/people\/Immoinvest\/100077962920504\/","https:\/\/x.com\/i\/flow\/login?redirect_after_login=immoinvest_ch","https:\/\/www.instagram.com\/immoinvest_ch\/","https:\/\/www.linkedin.com\/company\/immoinvest-swiss"]},{"@type":"Person","@id":"https:\/\/www.immo-invest.ch\/fr\/author\/immovestuser\/#author","url":"https:\/\/www.immo-invest.ch\/fr\/author\/immovestuser\/","name":"immovestuser","image":{"@type":"ImageObject","@id":"https:\/\/www.immo-invest.ch\/fr\/laureat-du-concours-darchitecture-pour-lecole-de-confignon\/#authorImage","url":"https:\/\/secure.gravatar.com\/avatar\/8e01f4d99f2eeea7a362ebb93305e1172a70e9293ba250f897a65c39f54cdd1e?s=96&d=mm&r=g","width":96,"height":96,"caption":"immovestuser"}},{"@type":"WebPage","@id":"https:\/\/www.immo-invest.ch\/fr\/laureat-du-concours-darchitecture-pour-lecole-de-confignon\/#webpage","url":"https:\/\/www.immo-invest.ch\/fr\/laureat-du-concours-darchitecture-pour-lecole-de-confignon\/","name":"Laur\u00e9at du concours d\u2019architecture pour l\u2019\u00e9cole de Confignon - immo!nvest - Die Plattform f\u00fcr Standorte und Immobilien","description":"Le projet \u00abC\u00e9 Qu'\u00c9 Lain\u00f4\u00bb a \u00e9t\u00e9 choisi comme laur\u00e9at du concours d'architecture pour la construction de l'\u00e9cole secondaire II \u00e0 Confignon. Le jury a soulign\u00e9 l'\u00e9quilibre et la flexibilit\u00e9 remarquables du projet, qui est \u00e0 la fois convaincant sur le plan architectural et r\u00e9pond aux diff\u00e9rents objectifs du cahier des charges.","inLanguage":"fr-FR","isPartOf":{"@id":"https:\/\/www.immo-invest.ch\/fr\/#website"},"breadcrumb":{"@id":"https:\/\/www.immo-invest.ch\/fr\/laureat-du-concours-darchitecture-pour-lecole-de-confignon\/#breadcrumblist"},"author":{"@id":"https:\/\/www.immo-invest.ch\/fr\/author\/immovestuser\/#author"},"creator":{"@id":"https:\/\/www.immo-invest.ch\/fr\/author\/immovestuser\/#author"},"image":{"@type":"ImageObject","url":"https:\/\/www.immo-invest.ch\/wp-content\/uploads\/2024\/07\/1mnJ3puVKpDA5ZN-9l4D3f.png","@id":"https:\/\/www.immo-invest.ch\/fr\/laureat-du-concours-darchitecture-pour-lecole-de-confignon\/#mainImage","width":2001,"height":1504},"primaryImageOfPage":{"@id":"https:\/\/www.immo-invest.ch\/fr\/laureat-du-concours-darchitecture-pour-lecole-de-confignon\/#mainImage"},"datePublished":"2024-07-05T16:27:26+02:00","dateModified":"2024-07-05T16:27:28+02:00"},{"@type":"WebSite","@id":"https:\/\/www.immo-invest.ch\/fr\/#website","url":"https:\/\/www.immo-invest.ch\/fr\/","name":"immo!nvest - Die Plattform f\u00fcr Standorte und Immobilien","description":"Die\u00a0Plattform f\u00fcr Standorte und Immobilien","inLanguage":"fr-FR","publisher":{"@id":"https:\/\/www.immo-invest.ch\/fr\/#organization"}}]},"og:locale":"fr_FR","og:site_name":"immo!nvest - Die Plattform f\u00fcr Standorte und Immobilien - Die\u00a0Plattform f\u00fcr Standorte und Immobilien","og:type":"article","og:title":"Laur\u00e9at du concours d\u2019architecture pour l\u2019\u00e9cole de Confignon - immo!nvest - Die Plattform f\u00fcr Standorte und Immobilien","og:description":"Le projet \u00abC\u00e9 Qu'\u00c9 Lain\u00f4\u00bb a \u00e9t\u00e9 choisi comme laur\u00e9at du concours d'architecture pour la construction de l'\u00e9cole secondaire II \u00e0 Confignon. Le jury a soulign\u00e9 l'\u00e9quilibre et la flexibilit\u00e9 remarquables du projet, qui est \u00e0 la fois convaincant sur le plan architectural et r\u00e9pond aux diff\u00e9rents objectifs du cahier des charges.","og:url":"https:\/\/www.immo-invest.ch\/fr\/laureat-du-concours-darchitecture-pour-lecole-de-confignon\/","og:image":"https:\/\/www.immo-invest.ch\/wp-content\/uploads\/2024\/07\/1mnJ3puVKpDA5ZN-9l4D3f.png","og:image:secure_url":"https:\/\/www.immo-invest.ch\/wp-content\/uploads\/2024\/07\/1mnJ3puVKpDA5ZN-9l4D3f.png","og:image:width":2001,"og:image:height":1504,"article:published_time":"2024-07-05T14:27:26+00:00","article:modified_time":"2024-07-05T14:27:28+00:00","article:publisher":"https:\/\/www.facebook.com\/people\/Immoinvest\/100077962920504\/","twitter:card":"summary_large_image","twitter:site":"@i","twitter:title":"Laur\u00e9at du concours d\u2019architecture pour l\u2019\u00e9cole de Confignon - immo!nvest - Die Plattform f\u00fcr Standorte und Immobilien","twitter:description":"Le projet \u00abC\u00e9 Qu'\u00c9 Lain\u00f4\u00bb a \u00e9t\u00e9 choisi comme laur\u00e9at du concours d'architecture pour la construction de l'\u00e9cole secondaire II \u00e0 Confignon. Le jury a soulign\u00e9 l'\u00e9quilibre et la flexibilit\u00e9 remarquables du projet, qui est \u00e0 la fois convaincant sur le plan architectural et r\u00e9pond aux diff\u00e9rents objectifs du cahier des charges.","twitter:creator":"@i","twitter:image":"https:\/\/www.immo-invest.ch\/wp-content\/uploads\/2024\/07\/1mnJ3puVKpDA5ZN-9l4D3f.png"},"aioseo_meta_data":{"post_id":"104905","title":null,"description":null,"keywords":null,"keyphrases":null,"primary_term":null,"canonical_url":null,"og_title":null,"og_description":null,"og_object_type":"default","og_image_type":"default","og_image_url":null,"og_image_width":null,"og_image_height":null,"og_image_custom_url":null,"og_image_custom_fields":null,"og_video":null,"og_custom_url":null,"og_article_section":null,"og_article_tags":null,"twitter_use_og":false,"twitter_card":"default","twitter_image_type":"default","twitter_image_url":null,"twitter_image_custom_url":null,"twitter_image_custom_fields":null,"twitter_title":null,"twitter_description":null,"schema":{"blockGraphs":[],"customGraphs":[],"default":{"data":{"Article":[],"Course":[],"Dataset":[],"FAQPage":[],"Movie":[],"Person":[],"Product":[],"ProductReview":[],"Car":[],"Recipe":[],"Service":[],"SoftwareApplication":[],"WebPage":[]},"graphName":"","isEnabled":true},"graphs":[]},"schema_type":"default","schema_type_options":null,"pillar_content":false,"robots_default":true,"robots_noindex":false,"robots_noarchive":false,"robots_nosnippet":false,"robots_nofollow":false,"robots_noimageindex":false,"robots_noodp":false,"robots_notranslate":false,"robots_max_snippet":null,"robots_max_videopreview":null,"robots_max_imagepreview":"large","priority":null,"frequency":null,"local_seo":null,"breadcrumb_settings":null,"limit_modified_date":false,"ai":null,"created":"2024-09-20 22:57:58","updated":"2025-10-24 05:15:12","seo_analyzer_scan_date":null,"focus_keyword":null,"additional_keywords":null,"truseo_locale":null},"aioseo_breadcrumb":"<div class=\"aioseo-breadcrumbs\"><span class=\"aioseo-breadcrumb\">\n\t\t\t<a href=\"https:\/\/www.immo-invest.ch\/fr\/\" title=\"Home\">Home<\/a>\n\t\t<\/span><span class=\"aioseo-breadcrumb-separator\">&raquo;<\/span><span class=\"aioseo-breadcrumb\">\n\t\t\t<a href=\"https:\/\/www.immo-invest.ch\/fr\/categories\/regions\/\" title=\"R\u00e9gions\">R\u00e9gions<\/a>\n\t\t<\/span><span class=\"aioseo-breadcrumb-separator\">&raquo;<\/span><span class=\"aioseo-breadcrumb\">\n\t\t\t<a href=\"https:\/\/www.immo-invest.ch\/fr\/categories\/regions\/suisse\/\" title=\"Suisse\">Suisse<\/a>\n\t\t<\/span><span class=\"aioseo-breadcrumb-separator\">&raquo;<\/span><span class=\"aioseo-breadcrumb\">\n\t\t\t<a href=\"https:\/\/www.immo-invest.ch\/fr\/categories\/regions\/suisse\/region-lemanique\/\" title=\"R\u00e9gion l\u00e9manique\">R\u00e9gion l\u00e9manique<\/a>\n\t\t<\/span><span class=\"aioseo-breadcrumb-separator\">&raquo;<\/span><span class=\"aioseo-breadcrumb\">\n\t\t\t<a href=\"https:\/\/www.immo-invest.ch\/fr\/categories\/regions\/suisse\/region-lemanique\/genf-fr\/\" title=\"Genf\">Genf<\/a>\n\t\t<\/span><span class=\"aioseo-breadcrumb-separator\">&raquo;<\/span><span class=\"aioseo-breadcrumb\">\n\t\t\tLaur\u00e9at du concours d\u2019architecture pour l\u2019\u00e9cole de Confignon\n\t\t<\/span><\/div>","aioseo_breadcrumb_json":[{"label":"Home","link":"https:\/\/www.immo-invest.ch\/fr\/"},{"label":"R\u00e9gions","link":"https:\/\/www.immo-invest.ch\/fr\/categories\/regions\/"},{"label":"Suisse","link":"https:\/\/www.immo-invest.ch\/fr\/categories\/regions\/suisse\/"},{"label":"R\u00e9gion l\u00e9manique","link":"https:\/\/www.immo-invest.ch\/fr\/categories\/regions\/suisse\/region-lemanique\/"},{"label":"Genf","link":"https:\/\/www.immo-invest.ch\/fr\/categories\/regions\/suisse\/region-lemanique\/genf-fr\/"},{"label":"Laur\u00e9at du concours d&rsquo;architecture pour l&rsquo;\u00e9cole de Confignon","link":"https:\/\/www.immo-invest.ch\/fr\/laureat-du-concours-darchitecture-pour-lecole-de-confignon\/"}],"featured_image_src":"https:\/\/www.immo-invest.ch\/wp-content\/uploads\/2024\/07\/1mnJ3puVKpDA5ZN-9l4D3f-336x168.png","_links":{"self":[{"href":"https:\/\/www.immo-invest.ch\/fr\/wp-json\/wp\/v2\/posts\/104905","targetHints":{"allow":["GET"]}}],"collection":[{"href":"https:\/\/www.immo-invest.ch\/fr\/wp-json\/wp\/v2\/posts"}],"about":[{"href":"https:\/\/www.immo-invest.ch\/fr\/wp-json\/wp\/v2\/types\/post"}],"author":[{"embeddable":true,"href":"https:\/\/www.immo-invest.ch\/fr\/wp-json\/wp\/v2\/users\/2"}],"replies":[{"embeddable":true,"href":"https:\/\/www.immo-invest.ch\/fr\/wp-json\/wp\/v2\/comments?post=104905"}],"version-history":[{"count":0,"href":"https:\/\/www.immo-invest.ch\/fr\/wp-json\/wp\/v2\/posts\/104905\/revisions"}],"wp:featuredmedia":[{"embeddable":true,"href":"https:\/\/www.immo-invest.ch\/fr\/wp-json\/wp\/v2\/media\/104940"}],"wp:attachment":[{"href":"https:\/\/www.immo-invest.ch\/fr\/wp-json\/wp\/v2\/media?parent=104905"}],"wp:term":[{"taxonomy":"category","embeddable":true,"href":"https:\/\/www.immo-invest.ch\/fr\/wp-json\/wp\/v2\/categories?post=104905"},{"taxonomy":"post_tag","embeddable":true,"href":"https:\/\/www.immo-invest.ch\/fr\/wp-json\/wp\/v2\/tags?post=104905"}],"curies":[{"name":"wp","href":"https:\/\/api.w.org\/{rel}","templated":true}]}}