{"id":104904,"date":"2024-07-05T16:27:00","date_gmt":"2024-07-05T14:27:00","guid":{"rendered":"https:\/\/www.immo-invest.ch\/?p=104904"},"modified":"2024-07-05T16:27:02","modified_gmt":"2024-07-05T14:27:02","slug":"projet-grands-esserts-a-veyrier","status":"publish","type":"post","link":"https:\/\/www.immo-invest.ch\/fr\/projet-grands-esserts-a-veyrier\/","title":{"rendered":"Projet Grands Esserts \u00e0 Veyrier"},"content":{"rendered":"<p class=\"wp-block-paragraph\">Au c&oelig;ur du projet se trouve l&rsquo;esplanade Jean-Piaget qui, avec la Promenade des Cirses, caract&eacute;rise les espaces verts et libres du site. Cette disposition bien pens&eacute;e souligne la valeur des normes environnementales &eacute;lev&eacute;es et sert la strat&eacute;gie municipale de lutte contre le changement climatique. La planification tient strictement compte des principes de durabilit&eacute; &eacute;cologique afin de cr&eacute;er un espace de vie b&eacute;n&eacute;fique &agrave; la fois pour les habitants et pour l&rsquo;environnement.<\/p>\n\n\n\n<p class=\"wp-block-paragraph\"><strong>Approche participative de la planification<\/strong><br>Une large consultation des acteurs locaux et cantonaux ainsi que des futurs utilisateurs permet de poser les jalons de l&rsquo;urbanisation, de la mobilit&eacute; et de l&rsquo;am&eacute;nagement environnemental du nouveau <span class=\"glossaryLink\" aria-describedby=\"tt\" data-cmtooltip=\"&lt;div class=glossaryItemTitle&gt;Quartier&lt;\/div&gt;&lt;div class=glossaryItemBody&gt;Amtliches, historisches, soziales oder stadtplanerisches Stadtviertel&lt;\/div&gt;\" data-mobile-support=\"0\" data-gt-translate-attributes='[{\"attribute\":\"data-cmtooltip\", \"format\":\"html\"}]' tabindex=\"0\" role=\"link\">quartier<\/span>. Ces processus de planification collaboratifs garantissent l&rsquo;implication de toutes les parties prenantes dans la prise de d&eacute;cision et contribuent &agrave; l&rsquo;acceptation du projet.<\/p>\n\n\n\n<p class=\"wp-block-paragraph\"><strong>Promotion de la mobilit&eacute; douce et accessibilit&eacute; optimale<\/strong><br>La promotion de la mobilit&eacute; douce est au c&oelig;ur de la planification des transports des Grands Esserts. Un r&eacute;seau de pistes cyclables et de chemins pi&eacute;tonniers attrayants relie le nouveau <span class=\"glossaryLink\" aria-describedby=\"tt\" data-cmtooltip=\"&lt;div class=glossaryItemTitle&gt;Quartier&lt;\/div&gt;&lt;div class=glossaryItemBody&gt;Amtliches, historisches, soziales oder stadtplanerisches Stadtviertel&lt;\/div&gt;\" data-mobile-support=\"0\" data-gt-translate-attributes='[{\"attribute\":\"data-cmtooltip\", \"format\":\"html\"}]' tabindex=\"0\" role=\"link\">quartier<\/span> &agrave; des points importants tels que le centre-ville de Gen&egrave;ve, Carouge et Veyrier. Cette infrastructure est compl&eacute;t&eacute;e par une meilleure connexion au r&eacute;seau de transports publics, notamment au L&eacute;man Express, ce qui facilite la mobilit&eacute; sans voiture au sein de la zone.<\/p>\n\n\n\n<p class=\"wp-block-paragraph\"><strong>Pr&eacute;server et valoriser l&rsquo;environnement naturel<\/strong><br>Une attention particuli&egrave;re est port&eacute;e &agrave; la pr&eacute;servation et &agrave; la valorisation des ressources naturelles telles que la lisi&egrave;re foresti&egrave;re et l&rsquo;am&eacute;nagement paysager de la Promenade des Cirses. Ces mesures permettent non seulement de pr&eacute;server la biodiversit&eacute;, mais aussi d&rsquo;offrir aux habitants des espaces de d&eacute;tente de qualit&eacute;.<br><br>Le projet des Grands Esserts pose de nouveaux jalons en mati&egrave;re de d&eacute;veloppement r&eacute;sidentiel et commercial gr&acirc;ce &agrave; l&rsquo;int&eacute;gration compl&egrave;te de principes &eacute;cologiques et &agrave; la cr&eacute;ation d&rsquo;une communaut&eacute; inclusive et durable. Avec l&rsquo;ach&egrave;vement de la premi&egrave;re phase de construction d&rsquo;ici 2030, les Grands Esserts deviendront un mod&egrave;le de vie urbaine en harmonie avec l&rsquo;environnement.<\/p>\n","protected":false},"excerpt":{"rendered":"<p>Le projet des Grands Esserts s&rsquo;\u00e9tend sur 12 hectares et est d\u00e9velopp\u00e9 par des acteurs publics et coop\u00e9ratifs tels que la Caisse de pr\u00e9voyance de l&rsquo;Etat de Gen\u00e8ve et la Fondation immobili\u00e8re de la ville de Veyrier. Il vise \u00e0 cr\u00e9er d&rsquo;ici 2030 un mod\u00e8le urbain d&rsquo;habitat, de travail et de durabilit\u00e9 \u00e9cologique.<\/p>\n","protected":false},"author":2,"featured_media":104936,"comment_status":"open","ping_status":"open","sticky":false,"template":"","format":"standard","meta":{"pmpro_default_level":"0","inline_featured_image":false,"_monsterinsights_skip_tracking":false,"footnotes":""},"categories":[47523,22703],"tags":[48171,48175,48170,48174,47527,48172,848,872,3931,48136,48173],"class_list":["post-104904","post","type-post","status-publish","format-standard","has-post-thumbnail","hentry","category-genf-fr","category-mobilite","tag-biodiversite","tag-consultation-participative","tag-durabilite-ecologique","tag-esplanade-jean-piaget","tag-geneve-fr","tag-grands-esserts","tag-immobilien-fr","tag-immoinvest-fr","tag-immonews-fr","tag-mobilite-douce","tag-transports-publics","pmpro-has-access"],"acf":{"bild_mit_ki_erstellt_worden":[],"lead":"Le projet des Grands Esserts s'\u00e9tend sur 12 hectares et est d\u00e9velopp\u00e9 par des acteurs publics et coop\u00e9ratifs tels que la Caisse de pr\u00e9voyance de l'Etat de Gen\u00e8ve et la Fondation immobili\u00e8re de la ville de Veyrier. Il vise \u00e0 cr\u00e9er d'ici 2030 un mod\u00e8le urbain d'habitat, de travail et de durabilit\u00e9 \u00e9cologique.","autor":"Texte: Jessica Bill, Source & Image: grand-esserts","ort":"","bildunterschrift":"","bild_im_grid":false,"gallerie":"","newsim":""},"aioseo_notices":[],"aioseo_head":"\n\t\t<!-- All in One SEO 5.0.0.1 - aioseo.com -->\n\t<meta name=\"description\" content=\"Le projet des Grands Esserts s&#039;\u00e9tend sur 12 hectares et est d\u00e9velopp\u00e9 par des acteurs publics et coop\u00e9ratifs tels que la Caisse de pr\u00e9voyance de l&#039;Etat de Gen\u00e8ve et la Fondation immobili\u00e8re de la ville de Veyrier. Il vise \u00e0 cr\u00e9er d&#039;ici 2030 un mod\u00e8le urbain d&#039;habitat, de travail et de durabilit\u00e9 \u00e9cologique.\" \/>\n\t<meta name=\"robots\" content=\"max-image-preview:large\" \/>\n\t<meta name=\"author\" content=\"immovestuser\"\/>\n\t<meta name=\"google-site-verification\" content=\"fHJKvgWpZCR2zVBHWfkQeFXC11qieUSff0HGNYfuyLA\" \/>\n\t<link rel=\"canonical\" href=\"https:\/\/www.immo-invest.ch\/fr\/projet-grands-esserts-a-veyrier\/\" \/>\n\t<meta name=\"generator\" content=\"All in One SEO (AIOSEO) 5.0.0.1\" \/>\n\t\t<meta property=\"og:locale\" content=\"fr_FR\" \/>\n\t\t<meta property=\"og:site_name\" content=\"immo!nvest - Die Plattform f\u00fcr Standorte und Immobilien - Die\u00a0Plattform f\u00fcr Standorte und Immobilien\" \/>\n\t\t<meta property=\"og:type\" content=\"article\" \/>\n\t\t<meta property=\"og:title\" content=\"Projet Grands Esserts \u00e0 Veyrier - immo!nvest - Die Plattform f\u00fcr Standorte und Immobilien\" \/>\n\t\t<meta property=\"og:description\" content=\"Le projet des Grands Esserts s&#039;\u00e9tend sur 12 hectares et est d\u00e9velopp\u00e9 par des acteurs publics et coop\u00e9ratifs tels que la Caisse de pr\u00e9voyance de l&#039;Etat de Gen\u00e8ve et la Fondation immobili\u00e8re de la ville de Veyrier. Il vise \u00e0 cr\u00e9er d&#039;ici 2030 un mod\u00e8le urbain d&#039;habitat, de travail et de durabilit\u00e9 \u00e9cologique.\" \/>\n\t\t<meta property=\"og:url\" content=\"https:\/\/www.immo-invest.ch\/fr\/projet-grands-esserts-a-veyrier\/\" \/>\n\t\t<meta property=\"og:image\" content=\"https:\/\/www.immo-invest.ch\/wp-content\/uploads\/2024\/07\/page_accueil_slide_2.jpg\" \/>\n\t\t<meta property=\"og:image:secure_url\" content=\"https:\/\/www.immo-invest.ch\/wp-content\/uploads\/2024\/07\/page_accueil_slide_2.jpg\" \/>\n\t\t<meta property=\"og:image:width\" content=\"1440\" \/>\n\t\t<meta property=\"og:image:height\" content=\"960\" \/>\n\t\t<meta property=\"article:published_time\" content=\"2024-07-05T14:27:00+00:00\" \/>\n\t\t<meta property=\"article:modified_time\" content=\"2024-07-05T14:27:02+00:00\" \/>\n\t\t<meta property=\"article:publisher\" content=\"https:\/\/www.facebook.com\/people\/Immoinvest\/100077962920504\/\" \/>\n\t\t<meta name=\"twitter:card\" content=\"summary_large_image\" \/>\n\t\t<meta name=\"twitter:site\" content=\"@i\" \/>\n\t\t<meta name=\"twitter:title\" content=\"Projet Grands Esserts \u00e0 Veyrier - immo!nvest - Die Plattform f\u00fcr Standorte und Immobilien\" \/>\n\t\t<meta name=\"twitter:description\" content=\"Le projet des Grands Esserts s&#039;\u00e9tend sur 12 hectares et est d\u00e9velopp\u00e9 par des acteurs publics et coop\u00e9ratifs tels que la Caisse de pr\u00e9voyance de l&#039;Etat de Gen\u00e8ve et la Fondation immobili\u00e8re de la ville de Veyrier. Il vise \u00e0 cr\u00e9er d&#039;ici 2030 un mod\u00e8le urbain d&#039;habitat, de travail et de durabilit\u00e9 \u00e9cologique.\" \/>\n\t\t<meta name=\"twitter:creator\" content=\"@i\" \/>\n\t\t<meta name=\"twitter:image\" content=\"https:\/\/www.immo-invest.ch\/wp-content\/uploads\/2024\/07\/page_accueil_slide_2.jpg\" \/>\n\t\t<script type=\"application\/ld+json\" class=\"aioseo-schema\">\n\t\t\t{\"@context\":\"https:\\\/\\\/schema.org\",\"@graph\":[{\"@type\":\"BlogPosting\",\"@id\":\"https:\\\/\\\/www.immo-invest.ch\\\/fr\\\/projet-grands-esserts-a-veyrier\\\/#blogposting\",\"name\":\"Projet Grands Esserts \\u00e0 Veyrier - immo!nvest - Die Plattform f\\u00fcr Standorte und Immobilien\",\"headline\":\"Projet Grands Esserts \\u00e0 Veyrier\",\"author\":{\"@id\":\"https:\\\/\\\/www.immo-invest.ch\\\/fr\\\/author\\\/immovestuser\\\/#author\"},\"publisher\":{\"@id\":\"https:\\\/\\\/www.immo-invest.ch\\\/fr\\\/#organization\"},\"image\":{\"@type\":\"ImageObject\",\"url\":\"https:\\\/\\\/www.immo-invest.ch\\\/wp-content\\\/uploads\\\/2024\\\/07\\\/page_accueil_slide_2.jpg\",\"width\":1440,\"height\":960},\"datePublished\":\"2024-07-05T16:27:00+02:00\",\"dateModified\":\"2024-07-05T16:27:02+02:00\",\"inLanguage\":\"fr-FR\",\"mainEntityOfPage\":{\"@id\":\"https:\\\/\\\/www.immo-invest.ch\\\/fr\\\/projet-grands-esserts-a-veyrier\\\/#webpage\"},\"isPartOf\":{\"@id\":\"https:\\\/\\\/www.immo-invest.ch\\\/fr\\\/projet-grands-esserts-a-veyrier\\\/#webpage\"},\"articleSection\":\"Genf, Mobilit\\u00e9, biodiversit\\u00e9, consultation participative, durabilit\\u00e9 \\u00e9cologique, esplanade Jean-Piaget, gen\\u00e8ve, Grands Esserts, immobilien, Immoinvest, immoNews, mobilit\\u00e9 douce, transports publics, Facultatif\"},{\"@type\":\"BreadcrumbList\",\"@id\":\"https:\\\/\\\/www.immo-invest.ch\\\/fr\\\/projet-grands-esserts-a-veyrier\\\/#breadcrumblist\",\"itemListElement\":[{\"@type\":\"ListItem\",\"@id\":\"https:\\\/\\\/www.immo-invest.ch\\\/fr\\\/#listItem\",\"position\":1,\"name\":\"Home\",\"item\":\"https:\\\/\\\/www.immo-invest.ch\\\/fr\\\/\",\"nextItem\":{\"@type\":\"ListItem\",\"@id\":\"https:\\\/\\\/www.immo-invest.ch\\\/fr\\\/categories\\\/regions\\\/#listItem\",\"name\":\"R\\u00e9gions\"}},{\"@type\":\"ListItem\",\"@id\":\"https:\\\/\\\/www.immo-invest.ch\\\/fr\\\/categories\\\/regions\\\/#listItem\",\"position\":2,\"name\":\"R\\u00e9gions\",\"item\":\"https:\\\/\\\/www.immo-invest.ch\\\/fr\\\/categories\\\/regions\\\/\",\"nextItem\":{\"@type\":\"ListItem\",\"@id\":\"https:\\\/\\\/www.immo-invest.ch\\\/fr\\\/categories\\\/regions\\\/suisse\\\/#listItem\",\"name\":\"Suisse\"},\"previousItem\":{\"@type\":\"ListItem\",\"@id\":\"https:\\\/\\\/www.immo-invest.ch\\\/fr\\\/#listItem\",\"name\":\"Home\"}},{\"@type\":\"ListItem\",\"@id\":\"https:\\\/\\\/www.immo-invest.ch\\\/fr\\\/categories\\\/regions\\\/suisse\\\/#listItem\",\"position\":3,\"name\":\"Suisse\",\"item\":\"https:\\\/\\\/www.immo-invest.ch\\\/fr\\\/categories\\\/regions\\\/suisse\\\/\",\"nextItem\":{\"@type\":\"ListItem\",\"@id\":\"https:\\\/\\\/www.immo-invest.ch\\\/fr\\\/categories\\\/regions\\\/suisse\\\/region-lemanique\\\/#listItem\",\"name\":\"R\\u00e9gion l\\u00e9manique\"},\"previousItem\":{\"@type\":\"ListItem\",\"@id\":\"https:\\\/\\\/www.immo-invest.ch\\\/fr\\\/categories\\\/regions\\\/#listItem\",\"name\":\"R\\u00e9gions\"}},{\"@type\":\"ListItem\",\"@id\":\"https:\\\/\\\/www.immo-invest.ch\\\/fr\\\/categories\\\/regions\\\/suisse\\\/region-lemanique\\\/#listItem\",\"position\":4,\"name\":\"R\\u00e9gion l\\u00e9manique\",\"item\":\"https:\\\/\\\/www.immo-invest.ch\\\/fr\\\/categories\\\/regions\\\/suisse\\\/region-lemanique\\\/\",\"nextItem\":{\"@type\":\"ListItem\",\"@id\":\"https:\\\/\\\/www.immo-invest.ch\\\/fr\\\/categories\\\/regions\\\/suisse\\\/region-lemanique\\\/genf-fr\\\/#listItem\",\"name\":\"Genf\"},\"previousItem\":{\"@type\":\"ListItem\",\"@id\":\"https:\\\/\\\/www.immo-invest.ch\\\/fr\\\/categories\\\/regions\\\/suisse\\\/#listItem\",\"name\":\"Suisse\"}},{\"@type\":\"ListItem\",\"@id\":\"https:\\\/\\\/www.immo-invest.ch\\\/fr\\\/categories\\\/regions\\\/suisse\\\/region-lemanique\\\/genf-fr\\\/#listItem\",\"position\":5,\"name\":\"Genf\",\"item\":\"https:\\\/\\\/www.immo-invest.ch\\\/fr\\\/categories\\\/regions\\\/suisse\\\/region-lemanique\\\/genf-fr\\\/\",\"nextItem\":{\"@type\":\"ListItem\",\"@id\":\"https:\\\/\\\/www.immo-invest.ch\\\/fr\\\/projet-grands-esserts-a-veyrier\\\/#listItem\",\"name\":\"Projet Grands Esserts \\u00e0 Veyrier\"},\"previousItem\":{\"@type\":\"ListItem\",\"@id\":\"https:\\\/\\\/www.immo-invest.ch\\\/fr\\\/categories\\\/regions\\\/suisse\\\/region-lemanique\\\/#listItem\",\"name\":\"R\\u00e9gion l\\u00e9manique\"}},{\"@type\":\"ListItem\",\"@id\":\"https:\\\/\\\/www.immo-invest.ch\\\/fr\\\/projet-grands-esserts-a-veyrier\\\/#listItem\",\"position\":6,\"name\":\"Projet Grands Esserts \\u00e0 Veyrier\",\"previousItem\":{\"@type\":\"ListItem\",\"@id\":\"https:\\\/\\\/www.immo-invest.ch\\\/fr\\\/categories\\\/regions\\\/suisse\\\/region-lemanique\\\/genf-fr\\\/#listItem\",\"name\":\"Genf\"}}]},{\"@type\":\"Organization\",\"@id\":\"https:\\\/\\\/www.immo-invest.ch\\\/fr\\\/#organization\",\"name\":\"immo!nvest - Die Plattform f\\u00fcr Standorte und Immobilien\",\"description\":\"Die\\u00a0Plattform f\\u00fcr Standorte und Immobilien\",\"url\":\"https:\\\/\\\/www.immo-invest.ch\\\/fr\\\/\",\"email\":\"admin@immomedia.ag\",\"telephone\":\"+41444420002\",\"logo\":{\"@type\":\"ImageObject\",\"url\":\"https:\\\/\\\/www.immo-invest.ch\\\/wp-content\\\/uploads\\\/2024\\\/09\\\/immoinvest_sm-scaled.jpg\",\"@id\":\"https:\\\/\\\/www.immo-invest.ch\\\/fr\\\/projet-grands-esserts-a-veyrier\\\/#organizationLogo\",\"width\":2560,\"height\":1340},\"image\":{\"@id\":\"https:\\\/\\\/www.immo-invest.ch\\\/fr\\\/projet-grands-esserts-a-veyrier\\\/#organizationLogo\"},\"sameAs\":[\"https:\\\/\\\/www.facebook.com\\\/people\\\/Immoinvest\\\/100077962920504\\\/\",\"https:\\\/\\\/x.com\\\/i\\\/flow\\\/login?redirect_after_login=immoinvest_ch\",\"https:\\\/\\\/www.instagram.com\\\/immoinvest_ch\\\/\",\"https:\\\/\\\/www.linkedin.com\\\/company\\\/immoinvest-swiss\"]},{\"@type\":\"Person\",\"@id\":\"https:\\\/\\\/www.immo-invest.ch\\\/fr\\\/author\\\/immovestuser\\\/#author\",\"url\":\"https:\\\/\\\/www.immo-invest.ch\\\/fr\\\/author\\\/immovestuser\\\/\",\"name\":\"immovestuser\",\"image\":{\"@type\":\"ImageObject\",\"@id\":\"https:\\\/\\\/www.immo-invest.ch\\\/fr\\\/projet-grands-esserts-a-veyrier\\\/#authorImage\",\"url\":\"https:\\\/\\\/secure.gravatar.com\\\/avatar\\\/8e01f4d99f2eeea7a362ebb93305e1172a70e9293ba250f897a65c39f54cdd1e?s=96&d=mm&r=g\",\"width\":96,\"height\":96,\"caption\":\"immovestuser\"}},{\"@type\":\"WebPage\",\"@id\":\"https:\\\/\\\/www.immo-invest.ch\\\/fr\\\/projet-grands-esserts-a-veyrier\\\/#webpage\",\"url\":\"https:\\\/\\\/www.immo-invest.ch\\\/fr\\\/projet-grands-esserts-a-veyrier\\\/\",\"name\":\"Projet Grands Esserts \\u00e0 Veyrier - immo!nvest - Die Plattform f\\u00fcr Standorte und Immobilien\",\"description\":\"Le projet des Grands Esserts s'\\u00e9tend sur 12 hectares et est d\\u00e9velopp\\u00e9 par des acteurs publics et coop\\u00e9ratifs tels que la Caisse de pr\\u00e9voyance de l'Etat de Gen\\u00e8ve et la Fondation immobili\\u00e8re de la ville de Veyrier. Il vise \\u00e0 cr\\u00e9er d'ici 2030 un mod\\u00e8le urbain d'habitat, de travail et de durabilit\\u00e9 \\u00e9cologique.\",\"inLanguage\":\"fr-FR\",\"isPartOf\":{\"@id\":\"https:\\\/\\\/www.immo-invest.ch\\\/fr\\\/#website\"},\"breadcrumb\":{\"@id\":\"https:\\\/\\\/www.immo-invest.ch\\\/fr\\\/projet-grands-esserts-a-veyrier\\\/#breadcrumblist\"},\"author\":{\"@id\":\"https:\\\/\\\/www.immo-invest.ch\\\/fr\\\/author\\\/immovestuser\\\/#author\"},\"creator\":{\"@id\":\"https:\\\/\\\/www.immo-invest.ch\\\/fr\\\/author\\\/immovestuser\\\/#author\"},\"image\":{\"@type\":\"ImageObject\",\"url\":\"https:\\\/\\\/www.immo-invest.ch\\\/wp-content\\\/uploads\\\/2024\\\/07\\\/page_accueil_slide_2.jpg\",\"@id\":\"https:\\\/\\\/www.immo-invest.ch\\\/fr\\\/projet-grands-esserts-a-veyrier\\\/#mainImage\",\"width\":1440,\"height\":960},\"primaryImageOfPage\":{\"@id\":\"https:\\\/\\\/www.immo-invest.ch\\\/fr\\\/projet-grands-esserts-a-veyrier\\\/#mainImage\"},\"datePublished\":\"2024-07-05T16:27:00+02:00\",\"dateModified\":\"2024-07-05T16:27:02+02:00\"},{\"@type\":\"WebSite\",\"@id\":\"https:\\\/\\\/www.immo-invest.ch\\\/fr\\\/#website\",\"url\":\"https:\\\/\\\/www.immo-invest.ch\\\/fr\\\/\",\"name\":\"immo!nvest - Die Plattform f\\u00fcr Standorte und Immobilien\",\"description\":\"Die\\u00a0Plattform f\\u00fcr Standorte und Immobilien\",\"inLanguage\":\"fr-FR\",\"publisher\":{\"@id\":\"https:\\\/\\\/www.immo-invest.ch\\\/fr\\\/#organization\"}}]}\n\t\t<\/script>\n\t\t<!-- All in One SEO -->\n\n","aioseo_head_json":{"title":"Projet Grands Esserts \u00e0 Veyrier - immo!nvest - Die Plattform f\u00fcr Standorte und Immobilien","description":"Le projet des Grands Esserts s'\u00e9tend sur 12 hectares et est d\u00e9velopp\u00e9 par des acteurs publics et coop\u00e9ratifs tels que la Caisse de pr\u00e9voyance de l'Etat de Gen\u00e8ve et la Fondation immobili\u00e8re de la ville de Veyrier. Il vise \u00e0 cr\u00e9er d'ici 2030 un mod\u00e8le urbain d'habitat, de travail et de durabilit\u00e9 \u00e9cologique.","canonical_url":"https:\/\/www.immo-invest.ch\/fr\/projet-grands-esserts-a-veyrier\/","robots":"max-image-preview:large","keywords":"","webmasterTools":{"google-site-verification":"fHJKvgWpZCR2zVBHWfkQeFXC11qieUSff0HGNYfuyLA","miscellaneous":""},"schema":{"@context":"https:\/\/schema.org","@graph":[{"@type":"BlogPosting","@id":"https:\/\/www.immo-invest.ch\/fr\/projet-grands-esserts-a-veyrier\/#blogposting","name":"Projet Grands Esserts \u00e0 Veyrier - immo!nvest - Die Plattform f\u00fcr Standorte und Immobilien","headline":"Projet Grands Esserts \u00e0 Veyrier","author":{"@id":"https:\/\/www.immo-invest.ch\/fr\/author\/immovestuser\/#author"},"publisher":{"@id":"https:\/\/www.immo-invest.ch\/fr\/#organization"},"image":{"@type":"ImageObject","url":"https:\/\/www.immo-invest.ch\/wp-content\/uploads\/2024\/07\/page_accueil_slide_2.jpg","width":1440,"height":960},"datePublished":"2024-07-05T16:27:00+02:00","dateModified":"2024-07-05T16:27:02+02:00","inLanguage":"fr-FR","mainEntityOfPage":{"@id":"https:\/\/www.immo-invest.ch\/fr\/projet-grands-esserts-a-veyrier\/#webpage"},"isPartOf":{"@id":"https:\/\/www.immo-invest.ch\/fr\/projet-grands-esserts-a-veyrier\/#webpage"},"articleSection":"Genf, Mobilit\u00e9, biodiversit\u00e9, consultation participative, durabilit\u00e9 \u00e9cologique, esplanade Jean-Piaget, gen\u00e8ve, Grands Esserts, immobilien, Immoinvest, immoNews, mobilit\u00e9 douce, transports publics, Facultatif"},{"@type":"BreadcrumbList","@id":"https:\/\/www.immo-invest.ch\/fr\/projet-grands-esserts-a-veyrier\/#breadcrumblist","itemListElement":[{"@type":"ListItem","@id":"https:\/\/www.immo-invest.ch\/fr\/#listItem","position":1,"name":"Home","item":"https:\/\/www.immo-invest.ch\/fr\/","nextItem":{"@type":"ListItem","@id":"https:\/\/www.immo-invest.ch\/fr\/categories\/regions\/#listItem","name":"R\u00e9gions"}},{"@type":"ListItem","@id":"https:\/\/www.immo-invest.ch\/fr\/categories\/regions\/#listItem","position":2,"name":"R\u00e9gions","item":"https:\/\/www.immo-invest.ch\/fr\/categories\/regions\/","nextItem":{"@type":"ListItem","@id":"https:\/\/www.immo-invest.ch\/fr\/categories\/regions\/suisse\/#listItem","name":"Suisse"},"previousItem":{"@type":"ListItem","@id":"https:\/\/www.immo-invest.ch\/fr\/#listItem","name":"Home"}},{"@type":"ListItem","@id":"https:\/\/www.immo-invest.ch\/fr\/categories\/regions\/suisse\/#listItem","position":3,"name":"Suisse","item":"https:\/\/www.immo-invest.ch\/fr\/categories\/regions\/suisse\/","nextItem":{"@type":"ListItem","@id":"https:\/\/www.immo-invest.ch\/fr\/categories\/regions\/suisse\/region-lemanique\/#listItem","name":"R\u00e9gion l\u00e9manique"},"previousItem":{"@type":"ListItem","@id":"https:\/\/www.immo-invest.ch\/fr\/categories\/regions\/#listItem","name":"R\u00e9gions"}},{"@type":"ListItem","@id":"https:\/\/www.immo-invest.ch\/fr\/categories\/regions\/suisse\/region-lemanique\/#listItem","position":4,"name":"R\u00e9gion l\u00e9manique","item":"https:\/\/www.immo-invest.ch\/fr\/categories\/regions\/suisse\/region-lemanique\/","nextItem":{"@type":"ListItem","@id":"https:\/\/www.immo-invest.ch\/fr\/categories\/regions\/suisse\/region-lemanique\/genf-fr\/#listItem","name":"Genf"},"previousItem":{"@type":"ListItem","@id":"https:\/\/www.immo-invest.ch\/fr\/categories\/regions\/suisse\/#listItem","name":"Suisse"}},{"@type":"ListItem","@id":"https:\/\/www.immo-invest.ch\/fr\/categories\/regions\/suisse\/region-lemanique\/genf-fr\/#listItem","position":5,"name":"Genf","item":"https:\/\/www.immo-invest.ch\/fr\/categories\/regions\/suisse\/region-lemanique\/genf-fr\/","nextItem":{"@type":"ListItem","@id":"https:\/\/www.immo-invest.ch\/fr\/projet-grands-esserts-a-veyrier\/#listItem","name":"Projet Grands Esserts \u00e0 Veyrier"},"previousItem":{"@type":"ListItem","@id":"https:\/\/www.immo-invest.ch\/fr\/categories\/regions\/suisse\/region-lemanique\/#listItem","name":"R\u00e9gion l\u00e9manique"}},{"@type":"ListItem","@id":"https:\/\/www.immo-invest.ch\/fr\/projet-grands-esserts-a-veyrier\/#listItem","position":6,"name":"Projet Grands Esserts \u00e0 Veyrier","previousItem":{"@type":"ListItem","@id":"https:\/\/www.immo-invest.ch\/fr\/categories\/regions\/suisse\/region-lemanique\/genf-fr\/#listItem","name":"Genf"}}]},{"@type":"Organization","@id":"https:\/\/www.immo-invest.ch\/fr\/#organization","name":"immo!nvest - Die Plattform f\u00fcr Standorte und Immobilien","description":"Die\u00a0Plattform f\u00fcr Standorte und Immobilien","url":"https:\/\/www.immo-invest.ch\/fr\/","email":"admin@immomedia.ag","telephone":"+41444420002","logo":{"@type":"ImageObject","url":"https:\/\/www.immo-invest.ch\/wp-content\/uploads\/2024\/09\/immoinvest_sm-scaled.jpg","@id":"https:\/\/www.immo-invest.ch\/fr\/projet-grands-esserts-a-veyrier\/#organizationLogo","width":2560,"height":1340},"image":{"@id":"https:\/\/www.immo-invest.ch\/fr\/projet-grands-esserts-a-veyrier\/#organizationLogo"},"sameAs":["https:\/\/www.facebook.com\/people\/Immoinvest\/100077962920504\/","https:\/\/x.com\/i\/flow\/login?redirect_after_login=immoinvest_ch","https:\/\/www.instagram.com\/immoinvest_ch\/","https:\/\/www.linkedin.com\/company\/immoinvest-swiss"]},{"@type":"Person","@id":"https:\/\/www.immo-invest.ch\/fr\/author\/immovestuser\/#author","url":"https:\/\/www.immo-invest.ch\/fr\/author\/immovestuser\/","name":"immovestuser","image":{"@type":"ImageObject","@id":"https:\/\/www.immo-invest.ch\/fr\/projet-grands-esserts-a-veyrier\/#authorImage","url":"https:\/\/secure.gravatar.com\/avatar\/8e01f4d99f2eeea7a362ebb93305e1172a70e9293ba250f897a65c39f54cdd1e?s=96&d=mm&r=g","width":96,"height":96,"caption":"immovestuser"}},{"@type":"WebPage","@id":"https:\/\/www.immo-invest.ch\/fr\/projet-grands-esserts-a-veyrier\/#webpage","url":"https:\/\/www.immo-invest.ch\/fr\/projet-grands-esserts-a-veyrier\/","name":"Projet Grands Esserts \u00e0 Veyrier - immo!nvest - Die Plattform f\u00fcr Standorte und Immobilien","description":"Le projet des Grands Esserts s'\u00e9tend sur 12 hectares et est d\u00e9velopp\u00e9 par des acteurs publics et coop\u00e9ratifs tels que la Caisse de pr\u00e9voyance de l'Etat de Gen\u00e8ve et la Fondation immobili\u00e8re de la ville de Veyrier. Il vise \u00e0 cr\u00e9er d'ici 2030 un mod\u00e8le urbain d'habitat, de travail et de durabilit\u00e9 \u00e9cologique.","inLanguage":"fr-FR","isPartOf":{"@id":"https:\/\/www.immo-invest.ch\/fr\/#website"},"breadcrumb":{"@id":"https:\/\/www.immo-invest.ch\/fr\/projet-grands-esserts-a-veyrier\/#breadcrumblist"},"author":{"@id":"https:\/\/www.immo-invest.ch\/fr\/author\/immovestuser\/#author"},"creator":{"@id":"https:\/\/www.immo-invest.ch\/fr\/author\/immovestuser\/#author"},"image":{"@type":"ImageObject","url":"https:\/\/www.immo-invest.ch\/wp-content\/uploads\/2024\/07\/page_accueil_slide_2.jpg","@id":"https:\/\/www.immo-invest.ch\/fr\/projet-grands-esserts-a-veyrier\/#mainImage","width":1440,"height":960},"primaryImageOfPage":{"@id":"https:\/\/www.immo-invest.ch\/fr\/projet-grands-esserts-a-veyrier\/#mainImage"},"datePublished":"2024-07-05T16:27:00+02:00","dateModified":"2024-07-05T16:27:02+02:00"},{"@type":"WebSite","@id":"https:\/\/www.immo-invest.ch\/fr\/#website","url":"https:\/\/www.immo-invest.ch\/fr\/","name":"immo!nvest - Die Plattform f\u00fcr Standorte und Immobilien","description":"Die\u00a0Plattform f\u00fcr Standorte und Immobilien","inLanguage":"fr-FR","publisher":{"@id":"https:\/\/www.immo-invest.ch\/fr\/#organization"}}]},"og:locale":"fr_FR","og:site_name":"immo!nvest - Die Plattform f\u00fcr Standorte und Immobilien - Die\u00a0Plattform f\u00fcr Standorte und Immobilien","og:type":"article","og:title":"Projet Grands Esserts \u00e0 Veyrier - immo!nvest - Die Plattform f\u00fcr Standorte und Immobilien","og:description":"Le projet des Grands Esserts s'\u00e9tend sur 12 hectares et est d\u00e9velopp\u00e9 par des acteurs publics et coop\u00e9ratifs tels que la Caisse de pr\u00e9voyance de l'Etat de Gen\u00e8ve et la Fondation immobili\u00e8re de la ville de Veyrier. Il vise \u00e0 cr\u00e9er d'ici 2030 un mod\u00e8le urbain d'habitat, de travail et de durabilit\u00e9 \u00e9cologique.","og:url":"https:\/\/www.immo-invest.ch\/fr\/projet-grands-esserts-a-veyrier\/","og:image":"https:\/\/www.immo-invest.ch\/wp-content\/uploads\/2024\/07\/page_accueil_slide_2.jpg","og:image:secure_url":"https:\/\/www.immo-invest.ch\/wp-content\/uploads\/2024\/07\/page_accueil_slide_2.jpg","og:image:width":1440,"og:image:height":960,"article:published_time":"2024-07-05T14:27:00+00:00","article:modified_time":"2024-07-05T14:27:02+00:00","article:publisher":"https:\/\/www.facebook.com\/people\/Immoinvest\/100077962920504\/","twitter:card":"summary_large_image","twitter:site":"@i","twitter:title":"Projet Grands Esserts \u00e0 Veyrier - immo!nvest - Die Plattform f\u00fcr Standorte und Immobilien","twitter:description":"Le projet des Grands Esserts s'\u00e9tend sur 12 hectares et est d\u00e9velopp\u00e9 par des acteurs publics et coop\u00e9ratifs tels que la Caisse de pr\u00e9voyance de l'Etat de Gen\u00e8ve et la Fondation immobili\u00e8re de la ville de Veyrier. Il vise \u00e0 cr\u00e9er d'ici 2030 un mod\u00e8le urbain d'habitat, de travail et de durabilit\u00e9 \u00e9cologique.","twitter:creator":"@i","twitter:image":"https:\/\/www.immo-invest.ch\/wp-content\/uploads\/2024\/07\/page_accueil_slide_2.jpg"},"aioseo_meta_data":{"post_id":"104904","title":null,"description":null,"keywords":null,"keyphrases":null,"primary_term":null,"canonical_url":null,"og_title":null,"og_description":null,"og_object_type":"default","og_image_type":"default","og_image_url":null,"og_image_width":null,"og_image_height":null,"og_image_custom_url":null,"og_image_custom_fields":null,"og_video":null,"og_custom_url":null,"og_article_section":null,"og_article_tags":null,"twitter_use_og":false,"twitter_card":"default","twitter_image_type":"default","twitter_image_url":null,"twitter_image_custom_url":null,"twitter_image_custom_fields":null,"twitter_title":null,"twitter_description":null,"schema":{"blockGraphs":[],"customGraphs":[],"default":{"data":{"Article":[],"Course":[],"Dataset":[],"FAQPage":[],"Movie":[],"Person":[],"Product":[],"ProductReview":[],"Car":[],"Recipe":[],"Service":[],"SoftwareApplication":[],"WebPage":[]},"graphName":"","isEnabled":true},"graphs":[]},"schema_type":"default","schema_type_options":null,"pillar_content":false,"robots_default":true,"robots_noindex":false,"robots_noarchive":false,"robots_nosnippet":false,"robots_nofollow":false,"robots_noimageindex":false,"robots_noodp":false,"robots_notranslate":false,"robots_max_snippet":null,"robots_max_videopreview":null,"robots_max_imagepreview":"large","priority":null,"frequency":null,"local_seo":null,"breadcrumb_settings":null,"limit_modified_date":false,"ai":null,"created":"2024-09-20 22:57:58","updated":"2025-10-24 05:15:12","seo_analyzer_scan_date":null,"focus_keyword":null,"additional_keywords":null,"truseo_locale":null},"aioseo_breadcrumb":"<div class=\"aioseo-breadcrumbs\"><span class=\"aioseo-breadcrumb\">\n\t\t\t<a href=\"https:\/\/www.immo-invest.ch\/fr\/\" title=\"Home\">Home<\/a>\n\t\t<\/span><span class=\"aioseo-breadcrumb-separator\">&raquo;<\/span><span class=\"aioseo-breadcrumb\">\n\t\t\t<a href=\"https:\/\/www.immo-invest.ch\/fr\/categories\/regions\/\" title=\"R\u00e9gions\">R\u00e9gions<\/a>\n\t\t<\/span><span class=\"aioseo-breadcrumb-separator\">&raquo;<\/span><span class=\"aioseo-breadcrumb\">\n\t\t\t<a href=\"https:\/\/www.immo-invest.ch\/fr\/categories\/regions\/suisse\/\" title=\"Suisse\">Suisse<\/a>\n\t\t<\/span><span class=\"aioseo-breadcrumb-separator\">&raquo;<\/span><span class=\"aioseo-breadcrumb\">\n\t\t\t<a href=\"https:\/\/www.immo-invest.ch\/fr\/categories\/regions\/suisse\/region-lemanique\/\" title=\"R\u00e9gion l\u00e9manique\">R\u00e9gion l\u00e9manique<\/a>\n\t\t<\/span><span class=\"aioseo-breadcrumb-separator\">&raquo;<\/span><span class=\"aioseo-breadcrumb\">\n\t\t\t<a href=\"https:\/\/www.immo-invest.ch\/fr\/categories\/regions\/suisse\/region-lemanique\/genf-fr\/\" title=\"Genf\">Genf<\/a>\n\t\t<\/span><span class=\"aioseo-breadcrumb-separator\">&raquo;<\/span><span class=\"aioseo-breadcrumb\">\n\t\t\tProjet Grands Esserts \u00e0 Veyrier\n\t\t<\/span><\/div>","aioseo_breadcrumb_json":[{"label":"Home","link":"https:\/\/www.immo-invest.ch\/fr\/"},{"label":"R\u00e9gions","link":"https:\/\/www.immo-invest.ch\/fr\/categories\/regions\/"},{"label":"Suisse","link":"https:\/\/www.immo-invest.ch\/fr\/categories\/regions\/suisse\/"},{"label":"R\u00e9gion l\u00e9manique","link":"https:\/\/www.immo-invest.ch\/fr\/categories\/regions\/suisse\/region-lemanique\/"},{"label":"Genf","link":"https:\/\/www.immo-invest.ch\/fr\/categories\/regions\/suisse\/region-lemanique\/genf-fr\/"},{"label":"Projet Grands Esserts \u00e0 Veyrier","link":"https:\/\/www.immo-invest.ch\/fr\/projet-grands-esserts-a-veyrier\/"}],"featured_image_src":"https:\/\/www.immo-invest.ch\/wp-content\/uploads\/2024\/07\/page_accueil_slide_2-336x168.jpg","_links":{"self":[{"href":"https:\/\/www.immo-invest.ch\/fr\/wp-json\/wp\/v2\/posts\/104904","targetHints":{"allow":["GET"]}}],"collection":[{"href":"https:\/\/www.immo-invest.ch\/fr\/wp-json\/wp\/v2\/posts"}],"about":[{"href":"https:\/\/www.immo-invest.ch\/fr\/wp-json\/wp\/v2\/types\/post"}],"author":[{"embeddable":true,"href":"https:\/\/www.immo-invest.ch\/fr\/wp-json\/wp\/v2\/users\/2"}],"replies":[{"embeddable":true,"href":"https:\/\/www.immo-invest.ch\/fr\/wp-json\/wp\/v2\/comments?post=104904"}],"version-history":[{"count":0,"href":"https:\/\/www.immo-invest.ch\/fr\/wp-json\/wp\/v2\/posts\/104904\/revisions"}],"wp:featuredmedia":[{"embeddable":true,"href":"https:\/\/www.immo-invest.ch\/fr\/wp-json\/wp\/v2\/media\/104936"}],"wp:attachment":[{"href":"https:\/\/www.immo-invest.ch\/fr\/wp-json\/wp\/v2\/media?parent=104904"}],"wp:term":[{"taxonomy":"category","embeddable":true,"href":"https:\/\/www.immo-invest.ch\/fr\/wp-json\/wp\/v2\/categories?post=104904"},{"taxonomy":"post_tag","embeddable":true,"href":"https:\/\/www.immo-invest.ch\/fr\/wp-json\/wp\/v2\/tags?post=104904"}],"curies":[{"name":"wp","href":"https:\/\/api.w.org\/{rel}","templated":true}]}}