{"id":104902,"date":"2024-07-05T16:25:23","date_gmt":"2024-07-05T14:25:23","guid":{"rendered":"https:\/\/www.immo-invest.ch\/?p=104902"},"modified":"2024-07-05T16:25:24","modified_gmt":"2024-07-05T14:25:24","slug":"nouvel-hopital-pediatrique-a-geneve","status":"publish","type":"post","link":"https:\/\/www.immo-invest.ch\/fr\/nouvel-hopital-pediatrique-a-geneve\/","title":{"rendered":"Nouvel h\u00f4pital p\u00e9diatrique \u00e0 Gen\u00e8ve"},"content":{"rendered":"<p class=\"wp-block-paragraph\">L&rsquo;int&eacute;gration des familles des jeunes patients est une pr&eacute;occupation centrale du nouvel h&ocirc;pital p&eacute;diatrique. Il y aura des espaces sp&eacute;ciaux adapt&eacute;s aux besoins des familles, comme des chambres individuelles avec salles de bains int&eacute;gr&eacute;es pour les patients et des espaces jour et nuit s&eacute;par&eacute;s pour les parents. Un autre espace pour les parents ou les accompagnants avec des salles de s&eacute;jour, des cuisines et des salles de bains. De m&ecirc;me, des chambres pour les parents dont les enfants viennent de loin &agrave; l&rsquo;h&ocirc;pital et qui ne peuvent donc pas s&rsquo;y rendre tous les jours.<\/p>\n\n\n\n<p class=\"wp-block-paragraph\"><strong>Promotion de la recherche et de la formation<\/strong><br>Le nouvel h&ocirc;pital r&eacute;pondra &eacute;galement aux besoins du personnel m&eacute;dical et de la formation. Il am&eacute;liorera les conditions de travail du personnel m&eacute;dical et incitera les &eacute;tudiants en m&eacute;decine &agrave; se sp&eacute;cialiser en p&eacute;diatrie. En outre, l&rsquo;h&ocirc;pital offrira un espace pour les activit&eacute;s de recherche.<\/p>\n\n\n\n<p class=\"wp-block-paragraph\"><strong>Bases d&eacute;mographiques et &eacute;conomiques<\/strong><br>Ce projet de construction s&rsquo;inscrit dans le cadre de la planification hospitali&egrave;re cantonale et repose sur des pr&eacute;visions d&eacute;mographiques et des consid&eacute;rations &eacute;conomiques. L&rsquo;objectif est de permettre aux H&ocirc;pitaux Universitaires de Gen&egrave;ve d&rsquo;offrir aux enfants et &agrave; leurs familles des soins complets et de qualit&eacute; dans un environnement moderne et fonctionnel.<\/p>\n\n\n\n<p class=\"wp-block-paragraph\"><strong>Architecture et phases de construction<\/strong><br>L&rsquo;architecture du nouvel h&ocirc;pital p&eacute;diatrique allie confort et fonctionnalit&eacute; afin de cr&eacute;er un environnement propice &agrave; la gu&eacute;rison. Le concours d&rsquo;architectes a &eacute;t&eacute; organis&eacute; conform&eacute;ment au r&egrave;glement <span class=\"glossaryLink\"  aria-describedby=\"tt\"  data-cmtooltip=\"&lt;div class=glossaryItemTitle&gt;SIA&lt;\/div&gt;&lt;div class=glossaryItemBody&gt;Schweizerischer Ingenieur- und Architektenverein; massgebender Berufsverband f&uuml;r qualifizierte Fachleute der Bereiche Bau, Technik und Umwelt mit rund f&uuml;nfzehntausend Mitgliedern&lt;\/div&gt;\"  data-mobile-support=\"0\"  data-gt-translate-attributes='[{\"attribute\":\"data-cmtooltip\", \"format\":\"html\"}]' tabindex='0' role='link'>SIA<\/span> 142 dans le cadre d&rsquo;une proc&eacute;dure s&eacute;lective pour une &eacute;quipe pluridisciplinaire. Architecturestudio, une agence internationale avec des bureaux &agrave; Paris, Shanghai et Zoug, a remport&eacute; le concours.<\/p>\n\n\n\n<p class=\"wp-block-paragraph\"><strong>Construction durable et moderne<\/strong><br>Le nouveau b&acirc;timent r&eacute;pondra aux normes &eacute;nerg&eacute;tiques et fonctionnelles les plus &eacute;lev&eacute;es. Outre les installations conviviales pour les patients, la durabilit&eacute; sera &eacute;galement au centre des pr&eacute;occupations. La construction se d&eacute;roulera en plusieurs phases. La partie stationnaire du b&acirc;timent devrait &ecirc;tre mise en service fin 2030, tandis que le b&acirc;timent ambulatoire devrait &ecirc;tre achev&eacute; au milieu de l&rsquo;ann&eacute;e 2035.<\/p>\n","protected":false},"excerpt":{"rendered":"<p>L&rsquo;h\u00f4pital p\u00e9diatrique de Gen\u00e8ve, construit \u00e0 l&rsquo;origine en 1957, sera remplac\u00e9 par un nouveau b\u00e2timent moderne r\u00e9pondant aux derni\u00e8res normes m\u00e9dicales et mettant l&rsquo;accent sur les besoins des jeunes patients et de leurs familles. L&rsquo;ouverture est pr\u00e9vue pour 2031.<\/p>\n","protected":false},"author":2,"featured_media":104928,"comment_status":"open","ping_status":"open","sticky":false,"template":"","format":"standard","meta":{"pmpro_default_level":"0","inline_featured_image":false,"_monsterinsights_skip_tracking":false,"footnotes":""},"categories":[47523,22357,9824],"tags":[48160,48161,47527,48159,848,872,3931,48158,48156,48157],"class_list":["post-104902","post","type-post","status-publish","format-standard","has-post-thumbnail","hentry","category-genf-fr","category-industrie-du-batiment","category-nouvelle-construction","tag-architecture-fonctionnelle","tag-construction-durable","tag-geneve-fr","tag-hopital-pediatrique","tag-immobilien-fr","tag-immoinvest-fr","tag-immonews-fr","tag-integration-des-familles","tag-planification-hospitaliere","tag-recherche-et-formation","pmpro-has-access"],"acf":{"bild_mit_ki_erstellt_worden":[],"lead":"L'h\u00f4pital p\u00e9diatrique de Gen\u00e8ve, construit \u00e0 l'origine en 1957, sera remplac\u00e9 par un nouveau b\u00e2timent moderne r\u00e9pondant aux derni\u00e8res normes m\u00e9dicales et mettant l'accent sur les besoins des jeunes patients et de leurs familles. L'ouverture est pr\u00e9vue pour 2031.","autor":"Texte: Christoph Gr\u00fcninger, Source: Gen\u00e8ve, Image: Medinside","ort":"","bildunterschrift":"","bild_im_grid":false,"gallerie":"","newsim":""},"aioseo_notices":[],"aioseo_head":"\n\t\t<!-- All in One SEO 5.0.0.1 - aioseo.com -->\n\t<meta name=\"description\" content=\"L&#039;h\u00f4pital p\u00e9diatrique de Gen\u00e8ve, construit \u00e0 l&#039;origine en 1957, sera remplac\u00e9 par un nouveau b\u00e2timent moderne r\u00e9pondant aux derni\u00e8res normes m\u00e9dicales et mettant l&#039;accent sur les besoins des jeunes patients et de leurs familles. L&#039;ouverture est pr\u00e9vue pour 2031.\" \/>\n\t<meta name=\"robots\" content=\"max-image-preview:large\" \/>\n\t<meta name=\"author\" content=\"immovestuser\"\/>\n\t<meta name=\"google-site-verification\" content=\"fHJKvgWpZCR2zVBHWfkQeFXC11qieUSff0HGNYfuyLA\" \/>\n\t<link rel=\"canonical\" href=\"https:\/\/www.immo-invest.ch\/fr\/nouvel-hopital-pediatrique-a-geneve\/\" \/>\n\t<meta name=\"generator\" content=\"All in One SEO (AIOSEO) 5.0.0.1\" \/>\n\t\t<meta property=\"og:locale\" content=\"fr_FR\" \/>\n\t\t<meta property=\"og:site_name\" content=\"immo!nvest - Die Plattform f\u00fcr Standorte und Immobilien - Die\u00a0Plattform f\u00fcr Standorte und Immobilien\" \/>\n\t\t<meta property=\"og:type\" content=\"article\" \/>\n\t\t<meta property=\"og:title\" content=\"Nouvel h\u00f4pital p\u00e9diatrique \u00e0 Gen\u00e8ve - immo!nvest - Die Plattform f\u00fcr Standorte und Immobilien\" \/>\n\t\t<meta property=\"og:description\" content=\"L&#039;h\u00f4pital p\u00e9diatrique de Gen\u00e8ve, construit \u00e0 l&#039;origine en 1957, sera remplac\u00e9 par un nouveau b\u00e2timent moderne r\u00e9pondant aux derni\u00e8res normes m\u00e9dicales et mettant l&#039;accent sur les besoins des jeunes patients et de leurs familles. L&#039;ouverture est pr\u00e9vue pour 2031.\" \/>\n\t\t<meta property=\"og:url\" content=\"https:\/\/www.immo-invest.ch\/fr\/nouvel-hopital-pediatrique-a-geneve\/\" \/>\n\t\t<meta property=\"og:image\" content=\"https:\/\/www.immo-invest.ch\/wp-content\/uploads\/2024\/07\/hopital-des-enfants-02-2_ueispl-1.jpg\" \/>\n\t\t<meta property=\"og:image:secure_url\" content=\"https:\/\/www.immo-invest.ch\/wp-content\/uploads\/2024\/07\/hopital-des-enfants-02-2_ueispl-1.jpg\" \/>\n\t\t<meta property=\"og:image:width\" content=\"998\" \/>\n\t\t<meta property=\"og:image:height\" content=\"562\" \/>\n\t\t<meta property=\"article:published_time\" content=\"2024-07-05T14:25:23+00:00\" \/>\n\t\t<meta property=\"article:modified_time\" content=\"2024-07-05T14:25:24+00:00\" \/>\n\t\t<meta property=\"article:publisher\" content=\"https:\/\/www.facebook.com\/people\/Immoinvest\/100077962920504\/\" \/>\n\t\t<meta name=\"twitter:card\" content=\"summary_large_image\" \/>\n\t\t<meta name=\"twitter:site\" content=\"@i\" \/>\n\t\t<meta name=\"twitter:title\" content=\"Nouvel h\u00f4pital p\u00e9diatrique \u00e0 Gen\u00e8ve - immo!nvest - Die Plattform f\u00fcr Standorte und Immobilien\" \/>\n\t\t<meta name=\"twitter:description\" content=\"L&#039;h\u00f4pital p\u00e9diatrique de Gen\u00e8ve, construit \u00e0 l&#039;origine en 1957, sera remplac\u00e9 par un nouveau b\u00e2timent moderne r\u00e9pondant aux derni\u00e8res normes m\u00e9dicales et mettant l&#039;accent sur les besoins des jeunes patients et de leurs familles. L&#039;ouverture est pr\u00e9vue pour 2031.\" \/>\n\t\t<meta name=\"twitter:creator\" content=\"@i\" \/>\n\t\t<meta name=\"twitter:image\" content=\"https:\/\/www.immo-invest.ch\/wp-content\/uploads\/2024\/07\/hopital-des-enfants-02-2_ueispl-1.jpg\" \/>\n\t\t<script type=\"application\/ld+json\" class=\"aioseo-schema\">\n\t\t\t{\"@context\":\"https:\\\/\\\/schema.org\",\"@graph\":[{\"@type\":\"BlogPosting\",\"@id\":\"https:\\\/\\\/www.immo-invest.ch\\\/fr\\\/nouvel-hopital-pediatrique-a-geneve\\\/#blogposting\",\"name\":\"Nouvel h\\u00f4pital p\\u00e9diatrique \\u00e0 Gen\\u00e8ve - immo!nvest - Die Plattform f\\u00fcr Standorte und Immobilien\",\"headline\":\"Nouvel h\\u00f4pital p\\u00e9diatrique \\u00e0 Gen\\u00e8ve\",\"author\":{\"@id\":\"https:\\\/\\\/www.immo-invest.ch\\\/fr\\\/author\\\/immovestuser\\\/#author\"},\"publisher\":{\"@id\":\"https:\\\/\\\/www.immo-invest.ch\\\/fr\\\/#organization\"},\"image\":{\"@type\":\"ImageObject\",\"url\":\"https:\\\/\\\/www.immo-invest.ch\\\/wp-content\\\/uploads\\\/2024\\\/07\\\/hopital-des-enfants-02-2_ueispl-1.jpg\",\"width\":998,\"height\":562},\"datePublished\":\"2024-07-05T16:25:23+02:00\",\"dateModified\":\"2024-07-05T16:25:24+02:00\",\"inLanguage\":\"fr-FR\",\"mainEntityOfPage\":{\"@id\":\"https:\\\/\\\/www.immo-invest.ch\\\/fr\\\/nouvel-hopital-pediatrique-a-geneve\\\/#webpage\"},\"isPartOf\":{\"@id\":\"https:\\\/\\\/www.immo-invest.ch\\\/fr\\\/nouvel-hopital-pediatrique-a-geneve\\\/#webpage\"},\"articleSection\":\"Genf, Industrie du b\\u00e2timent, Nouvelle construction, architecture fonctionnelle, construction durable, gen\\u00e8ve, h\\u00f4pital p\\u00e9diatrique, immobilien, Immoinvest, immoNews, int\\u00e9gration des familles, planification hospitali\\u00e8re, recherche et formation, Facultatif\"},{\"@type\":\"BreadcrumbList\",\"@id\":\"https:\\\/\\\/www.immo-invest.ch\\\/fr\\\/nouvel-hopital-pediatrique-a-geneve\\\/#breadcrumblist\",\"itemListElement\":[{\"@type\":\"ListItem\",\"@id\":\"https:\\\/\\\/www.immo-invest.ch\\\/fr\\\/#listItem\",\"position\":1,\"name\":\"Home\",\"item\":\"https:\\\/\\\/www.immo-invest.ch\\\/fr\\\/\",\"nextItem\":{\"@type\":\"ListItem\",\"@id\":\"https:\\\/\\\/www.immo-invest.ch\\\/fr\\\/categories\\\/regions\\\/#listItem\",\"name\":\"R\\u00e9gions\"}},{\"@type\":\"ListItem\",\"@id\":\"https:\\\/\\\/www.immo-invest.ch\\\/fr\\\/categories\\\/regions\\\/#listItem\",\"position\":2,\"name\":\"R\\u00e9gions\",\"item\":\"https:\\\/\\\/www.immo-invest.ch\\\/fr\\\/categories\\\/regions\\\/\",\"nextItem\":{\"@type\":\"ListItem\",\"@id\":\"https:\\\/\\\/www.immo-invest.ch\\\/fr\\\/categories\\\/regions\\\/suisse\\\/#listItem\",\"name\":\"Suisse\"},\"previousItem\":{\"@type\":\"ListItem\",\"@id\":\"https:\\\/\\\/www.immo-invest.ch\\\/fr\\\/#listItem\",\"name\":\"Home\"}},{\"@type\":\"ListItem\",\"@id\":\"https:\\\/\\\/www.immo-invest.ch\\\/fr\\\/categories\\\/regions\\\/suisse\\\/#listItem\",\"position\":3,\"name\":\"Suisse\",\"item\":\"https:\\\/\\\/www.immo-invest.ch\\\/fr\\\/categories\\\/regions\\\/suisse\\\/\",\"nextItem\":{\"@type\":\"ListItem\",\"@id\":\"https:\\\/\\\/www.immo-invest.ch\\\/fr\\\/categories\\\/regions\\\/suisse\\\/region-lemanique\\\/#listItem\",\"name\":\"R\\u00e9gion l\\u00e9manique\"},\"previousItem\":{\"@type\":\"ListItem\",\"@id\":\"https:\\\/\\\/www.immo-invest.ch\\\/fr\\\/categories\\\/regions\\\/#listItem\",\"name\":\"R\\u00e9gions\"}},{\"@type\":\"ListItem\",\"@id\":\"https:\\\/\\\/www.immo-invest.ch\\\/fr\\\/categories\\\/regions\\\/suisse\\\/region-lemanique\\\/#listItem\",\"position\":4,\"name\":\"R\\u00e9gion l\\u00e9manique\",\"item\":\"https:\\\/\\\/www.immo-invest.ch\\\/fr\\\/categories\\\/regions\\\/suisse\\\/region-lemanique\\\/\",\"nextItem\":{\"@type\":\"ListItem\",\"@id\":\"https:\\\/\\\/www.immo-invest.ch\\\/fr\\\/categories\\\/regions\\\/suisse\\\/region-lemanique\\\/genf-fr\\\/#listItem\",\"name\":\"Genf\"},\"previousItem\":{\"@type\":\"ListItem\",\"@id\":\"https:\\\/\\\/www.immo-invest.ch\\\/fr\\\/categories\\\/regions\\\/suisse\\\/#listItem\",\"name\":\"Suisse\"}},{\"@type\":\"ListItem\",\"@id\":\"https:\\\/\\\/www.immo-invest.ch\\\/fr\\\/categories\\\/regions\\\/suisse\\\/region-lemanique\\\/genf-fr\\\/#listItem\",\"position\":5,\"name\":\"Genf\",\"item\":\"https:\\\/\\\/www.immo-invest.ch\\\/fr\\\/categories\\\/regions\\\/suisse\\\/region-lemanique\\\/genf-fr\\\/\",\"nextItem\":{\"@type\":\"ListItem\",\"@id\":\"https:\\\/\\\/www.immo-invest.ch\\\/fr\\\/nouvel-hopital-pediatrique-a-geneve\\\/#listItem\",\"name\":\"Nouvel h\\u00f4pital p\\u00e9diatrique \\u00e0 Gen\\u00e8ve\"},\"previousItem\":{\"@type\":\"ListItem\",\"@id\":\"https:\\\/\\\/www.immo-invest.ch\\\/fr\\\/categories\\\/regions\\\/suisse\\\/region-lemanique\\\/#listItem\",\"name\":\"R\\u00e9gion l\\u00e9manique\"}},{\"@type\":\"ListItem\",\"@id\":\"https:\\\/\\\/www.immo-invest.ch\\\/fr\\\/nouvel-hopital-pediatrique-a-geneve\\\/#listItem\",\"position\":6,\"name\":\"Nouvel h\\u00f4pital p\\u00e9diatrique \\u00e0 Gen\\u00e8ve\",\"previousItem\":{\"@type\":\"ListItem\",\"@id\":\"https:\\\/\\\/www.immo-invest.ch\\\/fr\\\/categories\\\/regions\\\/suisse\\\/region-lemanique\\\/genf-fr\\\/#listItem\",\"name\":\"Genf\"}}]},{\"@type\":\"Organization\",\"@id\":\"https:\\\/\\\/www.immo-invest.ch\\\/fr\\\/#organization\",\"name\":\"immo!nvest - Die Plattform f\\u00fcr Standorte und Immobilien\",\"description\":\"Die\\u00a0Plattform f\\u00fcr Standorte und Immobilien\",\"url\":\"https:\\\/\\\/www.immo-invest.ch\\\/fr\\\/\",\"email\":\"admin@immomedia.ag\",\"telephone\":\"+41444420002\",\"logo\":{\"@type\":\"ImageObject\",\"url\":\"https:\\\/\\\/www.immo-invest.ch\\\/wp-content\\\/uploads\\\/2024\\\/09\\\/immoinvest_sm-scaled.jpg\",\"@id\":\"https:\\\/\\\/www.immo-invest.ch\\\/fr\\\/nouvel-hopital-pediatrique-a-geneve\\\/#organizationLogo\",\"width\":2560,\"height\":1340},\"image\":{\"@id\":\"https:\\\/\\\/www.immo-invest.ch\\\/fr\\\/nouvel-hopital-pediatrique-a-geneve\\\/#organizationLogo\"},\"sameAs\":[\"https:\\\/\\\/www.facebook.com\\\/people\\\/Immoinvest\\\/100077962920504\\\/\",\"https:\\\/\\\/x.com\\\/i\\\/flow\\\/login?redirect_after_login=immoinvest_ch\",\"https:\\\/\\\/www.instagram.com\\\/immoinvest_ch\\\/\",\"https:\\\/\\\/www.linkedin.com\\\/company\\\/immoinvest-swiss\"]},{\"@type\":\"Person\",\"@id\":\"https:\\\/\\\/www.immo-invest.ch\\\/fr\\\/author\\\/immovestuser\\\/#author\",\"url\":\"https:\\\/\\\/www.immo-invest.ch\\\/fr\\\/author\\\/immovestuser\\\/\",\"name\":\"immovestuser\",\"image\":{\"@type\":\"ImageObject\",\"@id\":\"https:\\\/\\\/www.immo-invest.ch\\\/fr\\\/nouvel-hopital-pediatrique-a-geneve\\\/#authorImage\",\"url\":\"https:\\\/\\\/secure.gravatar.com\\\/avatar\\\/8e01f4d99f2eeea7a362ebb93305e1172a70e9293ba250f897a65c39f54cdd1e?s=96&d=mm&r=g\",\"width\":96,\"height\":96,\"caption\":\"immovestuser\"}},{\"@type\":\"WebPage\",\"@id\":\"https:\\\/\\\/www.immo-invest.ch\\\/fr\\\/nouvel-hopital-pediatrique-a-geneve\\\/#webpage\",\"url\":\"https:\\\/\\\/www.immo-invest.ch\\\/fr\\\/nouvel-hopital-pediatrique-a-geneve\\\/\",\"name\":\"Nouvel h\\u00f4pital p\\u00e9diatrique \\u00e0 Gen\\u00e8ve - immo!nvest - Die Plattform f\\u00fcr Standorte und Immobilien\",\"description\":\"L'h\\u00f4pital p\\u00e9diatrique de Gen\\u00e8ve, construit \\u00e0 l'origine en 1957, sera remplac\\u00e9 par un nouveau b\\u00e2timent moderne r\\u00e9pondant aux derni\\u00e8res normes m\\u00e9dicales et mettant l'accent sur les besoins des jeunes patients et de leurs familles. L'ouverture est pr\\u00e9vue pour 2031.\",\"inLanguage\":\"fr-FR\",\"isPartOf\":{\"@id\":\"https:\\\/\\\/www.immo-invest.ch\\\/fr\\\/#website\"},\"breadcrumb\":{\"@id\":\"https:\\\/\\\/www.immo-invest.ch\\\/fr\\\/nouvel-hopital-pediatrique-a-geneve\\\/#breadcrumblist\"},\"author\":{\"@id\":\"https:\\\/\\\/www.immo-invest.ch\\\/fr\\\/author\\\/immovestuser\\\/#author\"},\"creator\":{\"@id\":\"https:\\\/\\\/www.immo-invest.ch\\\/fr\\\/author\\\/immovestuser\\\/#author\"},\"image\":{\"@type\":\"ImageObject\",\"url\":\"https:\\\/\\\/www.immo-invest.ch\\\/wp-content\\\/uploads\\\/2024\\\/07\\\/hopital-des-enfants-02-2_ueispl-1.jpg\",\"@id\":\"https:\\\/\\\/www.immo-invest.ch\\\/fr\\\/nouvel-hopital-pediatrique-a-geneve\\\/#mainImage\",\"width\":998,\"height\":562},\"primaryImageOfPage\":{\"@id\":\"https:\\\/\\\/www.immo-invest.ch\\\/fr\\\/nouvel-hopital-pediatrique-a-geneve\\\/#mainImage\"},\"datePublished\":\"2024-07-05T16:25:23+02:00\",\"dateModified\":\"2024-07-05T16:25:24+02:00\"},{\"@type\":\"WebSite\",\"@id\":\"https:\\\/\\\/www.immo-invest.ch\\\/fr\\\/#website\",\"url\":\"https:\\\/\\\/www.immo-invest.ch\\\/fr\\\/\",\"name\":\"immo!nvest - Die Plattform f\\u00fcr Standorte und Immobilien\",\"description\":\"Die\\u00a0Plattform f\\u00fcr Standorte und Immobilien\",\"inLanguage\":\"fr-FR\",\"publisher\":{\"@id\":\"https:\\\/\\\/www.immo-invest.ch\\\/fr\\\/#organization\"}}]}\n\t\t<\/script>\n\t\t<!-- All in One SEO -->\n\n","aioseo_head_json":{"title":"Nouvel h\u00f4pital p\u00e9diatrique \u00e0 Gen\u00e8ve - immo!nvest - Die Plattform f\u00fcr Standorte und Immobilien","description":"L'h\u00f4pital p\u00e9diatrique de Gen\u00e8ve, construit \u00e0 l'origine en 1957, sera remplac\u00e9 par un nouveau b\u00e2timent moderne r\u00e9pondant aux derni\u00e8res normes m\u00e9dicales et mettant l'accent sur les besoins des jeunes patients et de leurs familles. L'ouverture est pr\u00e9vue pour 2031.","canonical_url":"https:\/\/www.immo-invest.ch\/fr\/nouvel-hopital-pediatrique-a-geneve\/","robots":"max-image-preview:large","keywords":"","webmasterTools":{"google-site-verification":"fHJKvgWpZCR2zVBHWfkQeFXC11qieUSff0HGNYfuyLA","miscellaneous":""},"schema":{"@context":"https:\/\/schema.org","@graph":[{"@type":"BlogPosting","@id":"https:\/\/www.immo-invest.ch\/fr\/nouvel-hopital-pediatrique-a-geneve\/#blogposting","name":"Nouvel h\u00f4pital p\u00e9diatrique \u00e0 Gen\u00e8ve - immo!nvest - Die Plattform f\u00fcr Standorte und Immobilien","headline":"Nouvel h\u00f4pital p\u00e9diatrique \u00e0 Gen\u00e8ve","author":{"@id":"https:\/\/www.immo-invest.ch\/fr\/author\/immovestuser\/#author"},"publisher":{"@id":"https:\/\/www.immo-invest.ch\/fr\/#organization"},"image":{"@type":"ImageObject","url":"https:\/\/www.immo-invest.ch\/wp-content\/uploads\/2024\/07\/hopital-des-enfants-02-2_ueispl-1.jpg","width":998,"height":562},"datePublished":"2024-07-05T16:25:23+02:00","dateModified":"2024-07-05T16:25:24+02:00","inLanguage":"fr-FR","mainEntityOfPage":{"@id":"https:\/\/www.immo-invest.ch\/fr\/nouvel-hopital-pediatrique-a-geneve\/#webpage"},"isPartOf":{"@id":"https:\/\/www.immo-invest.ch\/fr\/nouvel-hopital-pediatrique-a-geneve\/#webpage"},"articleSection":"Genf, Industrie du b\u00e2timent, Nouvelle construction, architecture fonctionnelle, construction durable, gen\u00e8ve, h\u00f4pital p\u00e9diatrique, immobilien, Immoinvest, immoNews, int\u00e9gration des familles, planification hospitali\u00e8re, recherche et formation, Facultatif"},{"@type":"BreadcrumbList","@id":"https:\/\/www.immo-invest.ch\/fr\/nouvel-hopital-pediatrique-a-geneve\/#breadcrumblist","itemListElement":[{"@type":"ListItem","@id":"https:\/\/www.immo-invest.ch\/fr\/#listItem","position":1,"name":"Home","item":"https:\/\/www.immo-invest.ch\/fr\/","nextItem":{"@type":"ListItem","@id":"https:\/\/www.immo-invest.ch\/fr\/categories\/regions\/#listItem","name":"R\u00e9gions"}},{"@type":"ListItem","@id":"https:\/\/www.immo-invest.ch\/fr\/categories\/regions\/#listItem","position":2,"name":"R\u00e9gions","item":"https:\/\/www.immo-invest.ch\/fr\/categories\/regions\/","nextItem":{"@type":"ListItem","@id":"https:\/\/www.immo-invest.ch\/fr\/categories\/regions\/suisse\/#listItem","name":"Suisse"},"previousItem":{"@type":"ListItem","@id":"https:\/\/www.immo-invest.ch\/fr\/#listItem","name":"Home"}},{"@type":"ListItem","@id":"https:\/\/www.immo-invest.ch\/fr\/categories\/regions\/suisse\/#listItem","position":3,"name":"Suisse","item":"https:\/\/www.immo-invest.ch\/fr\/categories\/regions\/suisse\/","nextItem":{"@type":"ListItem","@id":"https:\/\/www.immo-invest.ch\/fr\/categories\/regions\/suisse\/region-lemanique\/#listItem","name":"R\u00e9gion l\u00e9manique"},"previousItem":{"@type":"ListItem","@id":"https:\/\/www.immo-invest.ch\/fr\/categories\/regions\/#listItem","name":"R\u00e9gions"}},{"@type":"ListItem","@id":"https:\/\/www.immo-invest.ch\/fr\/categories\/regions\/suisse\/region-lemanique\/#listItem","position":4,"name":"R\u00e9gion l\u00e9manique","item":"https:\/\/www.immo-invest.ch\/fr\/categories\/regions\/suisse\/region-lemanique\/","nextItem":{"@type":"ListItem","@id":"https:\/\/www.immo-invest.ch\/fr\/categories\/regions\/suisse\/region-lemanique\/genf-fr\/#listItem","name":"Genf"},"previousItem":{"@type":"ListItem","@id":"https:\/\/www.immo-invest.ch\/fr\/categories\/regions\/suisse\/#listItem","name":"Suisse"}},{"@type":"ListItem","@id":"https:\/\/www.immo-invest.ch\/fr\/categories\/regions\/suisse\/region-lemanique\/genf-fr\/#listItem","position":5,"name":"Genf","item":"https:\/\/www.immo-invest.ch\/fr\/categories\/regions\/suisse\/region-lemanique\/genf-fr\/","nextItem":{"@type":"ListItem","@id":"https:\/\/www.immo-invest.ch\/fr\/nouvel-hopital-pediatrique-a-geneve\/#listItem","name":"Nouvel h\u00f4pital p\u00e9diatrique \u00e0 Gen\u00e8ve"},"previousItem":{"@type":"ListItem","@id":"https:\/\/www.immo-invest.ch\/fr\/categories\/regions\/suisse\/region-lemanique\/#listItem","name":"R\u00e9gion l\u00e9manique"}},{"@type":"ListItem","@id":"https:\/\/www.immo-invest.ch\/fr\/nouvel-hopital-pediatrique-a-geneve\/#listItem","position":6,"name":"Nouvel h\u00f4pital p\u00e9diatrique \u00e0 Gen\u00e8ve","previousItem":{"@type":"ListItem","@id":"https:\/\/www.immo-invest.ch\/fr\/categories\/regions\/suisse\/region-lemanique\/genf-fr\/#listItem","name":"Genf"}}]},{"@type":"Organization","@id":"https:\/\/www.immo-invest.ch\/fr\/#organization","name":"immo!nvest - Die Plattform f\u00fcr Standorte und Immobilien","description":"Die\u00a0Plattform f\u00fcr Standorte und Immobilien","url":"https:\/\/www.immo-invest.ch\/fr\/","email":"admin@immomedia.ag","telephone":"+41444420002","logo":{"@type":"ImageObject","url":"https:\/\/www.immo-invest.ch\/wp-content\/uploads\/2024\/09\/immoinvest_sm-scaled.jpg","@id":"https:\/\/www.immo-invest.ch\/fr\/nouvel-hopital-pediatrique-a-geneve\/#organizationLogo","width":2560,"height":1340},"image":{"@id":"https:\/\/www.immo-invest.ch\/fr\/nouvel-hopital-pediatrique-a-geneve\/#organizationLogo"},"sameAs":["https:\/\/www.facebook.com\/people\/Immoinvest\/100077962920504\/","https:\/\/x.com\/i\/flow\/login?redirect_after_login=immoinvest_ch","https:\/\/www.instagram.com\/immoinvest_ch\/","https:\/\/www.linkedin.com\/company\/immoinvest-swiss"]},{"@type":"Person","@id":"https:\/\/www.immo-invest.ch\/fr\/author\/immovestuser\/#author","url":"https:\/\/www.immo-invest.ch\/fr\/author\/immovestuser\/","name":"immovestuser","image":{"@type":"ImageObject","@id":"https:\/\/www.immo-invest.ch\/fr\/nouvel-hopital-pediatrique-a-geneve\/#authorImage","url":"https:\/\/secure.gravatar.com\/avatar\/8e01f4d99f2eeea7a362ebb93305e1172a70e9293ba250f897a65c39f54cdd1e?s=96&d=mm&r=g","width":96,"height":96,"caption":"immovestuser"}},{"@type":"WebPage","@id":"https:\/\/www.immo-invest.ch\/fr\/nouvel-hopital-pediatrique-a-geneve\/#webpage","url":"https:\/\/www.immo-invest.ch\/fr\/nouvel-hopital-pediatrique-a-geneve\/","name":"Nouvel h\u00f4pital p\u00e9diatrique \u00e0 Gen\u00e8ve - immo!nvest - Die Plattform f\u00fcr Standorte und Immobilien","description":"L'h\u00f4pital p\u00e9diatrique de Gen\u00e8ve, construit \u00e0 l'origine en 1957, sera remplac\u00e9 par un nouveau b\u00e2timent moderne r\u00e9pondant aux derni\u00e8res normes m\u00e9dicales et mettant l'accent sur les besoins des jeunes patients et de leurs familles. L'ouverture est pr\u00e9vue pour 2031.","inLanguage":"fr-FR","isPartOf":{"@id":"https:\/\/www.immo-invest.ch\/fr\/#website"},"breadcrumb":{"@id":"https:\/\/www.immo-invest.ch\/fr\/nouvel-hopital-pediatrique-a-geneve\/#breadcrumblist"},"author":{"@id":"https:\/\/www.immo-invest.ch\/fr\/author\/immovestuser\/#author"},"creator":{"@id":"https:\/\/www.immo-invest.ch\/fr\/author\/immovestuser\/#author"},"image":{"@type":"ImageObject","url":"https:\/\/www.immo-invest.ch\/wp-content\/uploads\/2024\/07\/hopital-des-enfants-02-2_ueispl-1.jpg","@id":"https:\/\/www.immo-invest.ch\/fr\/nouvel-hopital-pediatrique-a-geneve\/#mainImage","width":998,"height":562},"primaryImageOfPage":{"@id":"https:\/\/www.immo-invest.ch\/fr\/nouvel-hopital-pediatrique-a-geneve\/#mainImage"},"datePublished":"2024-07-05T16:25:23+02:00","dateModified":"2024-07-05T16:25:24+02:00"},{"@type":"WebSite","@id":"https:\/\/www.immo-invest.ch\/fr\/#website","url":"https:\/\/www.immo-invest.ch\/fr\/","name":"immo!nvest - Die Plattform f\u00fcr Standorte und Immobilien","description":"Die\u00a0Plattform f\u00fcr Standorte und Immobilien","inLanguage":"fr-FR","publisher":{"@id":"https:\/\/www.immo-invest.ch\/fr\/#organization"}}]},"og:locale":"fr_FR","og:site_name":"immo!nvest - Die Plattform f\u00fcr Standorte und Immobilien - Die\u00a0Plattform f\u00fcr Standorte und Immobilien","og:type":"article","og:title":"Nouvel h\u00f4pital p\u00e9diatrique \u00e0 Gen\u00e8ve - immo!nvest - Die Plattform f\u00fcr Standorte und Immobilien","og:description":"L'h\u00f4pital p\u00e9diatrique de Gen\u00e8ve, construit \u00e0 l'origine en 1957, sera remplac\u00e9 par un nouveau b\u00e2timent moderne r\u00e9pondant aux derni\u00e8res normes m\u00e9dicales et mettant l'accent sur les besoins des jeunes patients et de leurs familles. L'ouverture est pr\u00e9vue pour 2031.","og:url":"https:\/\/www.immo-invest.ch\/fr\/nouvel-hopital-pediatrique-a-geneve\/","og:image":"https:\/\/www.immo-invest.ch\/wp-content\/uploads\/2024\/07\/hopital-des-enfants-02-2_ueispl-1.jpg","og:image:secure_url":"https:\/\/www.immo-invest.ch\/wp-content\/uploads\/2024\/07\/hopital-des-enfants-02-2_ueispl-1.jpg","og:image:width":998,"og:image:height":562,"article:published_time":"2024-07-05T14:25:23+00:00","article:modified_time":"2024-07-05T14:25:24+00:00","article:publisher":"https:\/\/www.facebook.com\/people\/Immoinvest\/100077962920504\/","twitter:card":"summary_large_image","twitter:site":"@i","twitter:title":"Nouvel h\u00f4pital p\u00e9diatrique \u00e0 Gen\u00e8ve - immo!nvest - Die Plattform f\u00fcr Standorte und Immobilien","twitter:description":"L'h\u00f4pital p\u00e9diatrique de Gen\u00e8ve, construit \u00e0 l'origine en 1957, sera remplac\u00e9 par un nouveau b\u00e2timent moderne r\u00e9pondant aux derni\u00e8res normes m\u00e9dicales et mettant l'accent sur les besoins des jeunes patients et de leurs familles. L'ouverture est pr\u00e9vue pour 2031.","twitter:creator":"@i","twitter:image":"https:\/\/www.immo-invest.ch\/wp-content\/uploads\/2024\/07\/hopital-des-enfants-02-2_ueispl-1.jpg"},"aioseo_meta_data":{"post_id":"104902","title":null,"description":null,"keywords":null,"keyphrases":null,"primary_term":null,"canonical_url":null,"og_title":null,"og_description":null,"og_object_type":"default","og_image_type":"default","og_image_url":null,"og_image_width":null,"og_image_height":null,"og_image_custom_url":null,"og_image_custom_fields":null,"og_video":null,"og_custom_url":null,"og_article_section":null,"og_article_tags":null,"twitter_use_og":false,"twitter_card":"default","twitter_image_type":"default","twitter_image_url":null,"twitter_image_custom_url":null,"twitter_image_custom_fields":null,"twitter_title":null,"twitter_description":null,"schema":{"blockGraphs":[],"customGraphs":[],"default":{"data":{"Article":[],"Course":[],"Dataset":[],"FAQPage":[],"Movie":[],"Person":[],"Product":[],"ProductReview":[],"Car":[],"Recipe":[],"Service":[],"SoftwareApplication":[],"WebPage":[]},"graphName":"","isEnabled":true},"graphs":[]},"schema_type":"default","schema_type_options":null,"pillar_content":false,"robots_default":true,"robots_noindex":false,"robots_noarchive":false,"robots_nosnippet":false,"robots_nofollow":false,"robots_noimageindex":false,"robots_noodp":false,"robots_notranslate":false,"robots_max_snippet":null,"robots_max_videopreview":null,"robots_max_imagepreview":"large","priority":null,"frequency":null,"local_seo":null,"breadcrumb_settings":null,"limit_modified_date":false,"ai":null,"created":"2024-09-20 22:56:57","updated":"2025-10-24 05:15:12","seo_analyzer_scan_date":null,"focus_keyword":null,"additional_keywords":null,"truseo_locale":null},"aioseo_breadcrumb":"<div class=\"aioseo-breadcrumbs\"><span class=\"aioseo-breadcrumb\">\n\t\t\t<a href=\"https:\/\/www.immo-invest.ch\/fr\/\" title=\"Home\">Home<\/a>\n\t\t<\/span><span class=\"aioseo-breadcrumb-separator\">&raquo;<\/span><span class=\"aioseo-breadcrumb\">\n\t\t\t<a href=\"https:\/\/www.immo-invest.ch\/fr\/categories\/regions\/\" title=\"R\u00e9gions\">R\u00e9gions<\/a>\n\t\t<\/span><span class=\"aioseo-breadcrumb-separator\">&raquo;<\/span><span class=\"aioseo-breadcrumb\">\n\t\t\t<a href=\"https:\/\/www.immo-invest.ch\/fr\/categories\/regions\/suisse\/\" title=\"Suisse\">Suisse<\/a>\n\t\t<\/span><span class=\"aioseo-breadcrumb-separator\">&raquo;<\/span><span class=\"aioseo-breadcrumb\">\n\t\t\t<a href=\"https:\/\/www.immo-invest.ch\/fr\/categories\/regions\/suisse\/region-lemanique\/\" title=\"R\u00e9gion l\u00e9manique\">R\u00e9gion l\u00e9manique<\/a>\n\t\t<\/span><span class=\"aioseo-breadcrumb-separator\">&raquo;<\/span><span class=\"aioseo-breadcrumb\">\n\t\t\t<a href=\"https:\/\/www.immo-invest.ch\/fr\/categories\/regions\/suisse\/region-lemanique\/genf-fr\/\" title=\"Genf\">Genf<\/a>\n\t\t<\/span><span class=\"aioseo-breadcrumb-separator\">&raquo;<\/span><span class=\"aioseo-breadcrumb\">\n\t\t\tNouvel h\u00f4pital p\u00e9diatrique \u00e0 Gen\u00e8ve\n\t\t<\/span><\/div>","aioseo_breadcrumb_json":[{"label":"Home","link":"https:\/\/www.immo-invest.ch\/fr\/"},{"label":"R\u00e9gions","link":"https:\/\/www.immo-invest.ch\/fr\/categories\/regions\/"},{"label":"Suisse","link":"https:\/\/www.immo-invest.ch\/fr\/categories\/regions\/suisse\/"},{"label":"R\u00e9gion l\u00e9manique","link":"https:\/\/www.immo-invest.ch\/fr\/categories\/regions\/suisse\/region-lemanique\/"},{"label":"Genf","link":"https:\/\/www.immo-invest.ch\/fr\/categories\/regions\/suisse\/region-lemanique\/genf-fr\/"},{"label":"Nouvel h\u00f4pital p\u00e9diatrique \u00e0 Gen\u00e8ve","link":"https:\/\/www.immo-invest.ch\/fr\/nouvel-hopital-pediatrique-a-geneve\/"}],"featured_image_src":"https:\/\/www.immo-invest.ch\/wp-content\/uploads\/2024\/07\/hopital-des-enfants-02-2_ueispl-1-336x168.jpg","_links":{"self":[{"href":"https:\/\/www.immo-invest.ch\/fr\/wp-json\/wp\/v2\/posts\/104902","targetHints":{"allow":["GET"]}}],"collection":[{"href":"https:\/\/www.immo-invest.ch\/fr\/wp-json\/wp\/v2\/posts"}],"about":[{"href":"https:\/\/www.immo-invest.ch\/fr\/wp-json\/wp\/v2\/types\/post"}],"author":[{"embeddable":true,"href":"https:\/\/www.immo-invest.ch\/fr\/wp-json\/wp\/v2\/users\/2"}],"replies":[{"embeddable":true,"href":"https:\/\/www.immo-invest.ch\/fr\/wp-json\/wp\/v2\/comments?post=104902"}],"version-history":[{"count":0,"href":"https:\/\/www.immo-invest.ch\/fr\/wp-json\/wp\/v2\/posts\/104902\/revisions"}],"wp:featuredmedia":[{"embeddable":true,"href":"https:\/\/www.immo-invest.ch\/fr\/wp-json\/wp\/v2\/media\/104928"}],"wp:attachment":[{"href":"https:\/\/www.immo-invest.ch\/fr\/wp-json\/wp\/v2\/media?parent=104902"}],"wp:term":[{"taxonomy":"category","embeddable":true,"href":"https:\/\/www.immo-invest.ch\/fr\/wp-json\/wp\/v2\/categories?post=104902"},{"taxonomy":"post_tag","embeddable":true,"href":"https:\/\/www.immo-invest.ch\/fr\/wp-json\/wp\/v2\/tags?post=104902"}],"curies":[{"name":"wp","href":"https:\/\/api.w.org\/{rel}","templated":true}]}}