{"id":104901,"date":"2024-07-05T16:24:57","date_gmt":"2024-07-05T14:24:57","guid":{"rendered":"https:\/\/www.immo-invest.ch\/?p=104901"},"modified":"2024-07-05T16:24:58","modified_gmt":"2024-07-05T14:24:58","slug":"developpement-urbain-du-grand-projet-des-communaux-dambilly","status":"publish","type":"post","link":"https:\/\/www.immo-invest.ch\/fr\/developpement-urbain-du-grand-projet-des-communaux-dambilly\/","title":{"rendered":"D\u00e9veloppement urbain du grand projet des Communaux d&rsquo;Ambilly"},"content":{"rendered":"<p class=\"wp-block-paragraph\">Le grand projet Communaux d&rsquo;Ambilly, d&eacute;sormais connu sous le nom de <span class=\"glossaryLink\" aria-describedby=\"tt\" data-cmtooltip=\"&lt;div class=glossaryItemTitle&gt;Quartier&lt;\/div&gt;&lt;div class=glossaryItemBody&gt;Amtliches, historisches, soziales oder stadtplanerisches Stadtviertel&lt;\/div&gt;\" data-mobile-support=\"0\" data-gt-translate-attributes='[{\"attribute\":\"data-cmtooltip\", \"format\":\"html\"}]' tabindex=\"0\" role=\"link\">quartier<\/span> Belle-Terre, comprend l&rsquo;urbanisation d&rsquo;une zone de 36 hectares dans la commune de Th&ocirc;nex. Environ 2400 nouveaux logements devraient y &ecirc;tre construits d&rsquo;ici 2030.<br>Cette op&eacute;ration d&rsquo;urbanisation offre l&rsquo;une des rares opportunit&eacute;s fonci&egrave;res importantes de la premi&egrave;re couronne de la rive gauche de l&rsquo;agglom&eacute;ration genevoise. Gr&acirc;ce &agrave; la proximit&eacute; des gares du L&eacute;man Express de Ch&ecirc;ne-Bourg et d&rsquo;Annemasse, la zone sera parfaitement connect&eacute;e &agrave; l&rsquo;ensemble de l&rsquo;agglom&eacute;ration et de la r&eacute;gion.<\/p>\n\n\n\n<p class=\"wp-block-paragraph\"><strong>Les &eacute;tapes du d&eacute;veloppement<\/strong><br>La premi&egrave;re &eacute;tape du projet, bas&eacute;e sur un Plan localis&eacute; de <span class=\"glossaryLink\" aria-describedby=\"tt\" data-cmtooltip=\"&lt;div class=glossaryItemTitle&gt;Quartier&lt;\/div&gt;&lt;div class=glossaryItemBody&gt;Amtliches, historisches, soziales oder stadtplanerisches Stadtviertel&lt;\/div&gt;\" data-mobile-support=\"0\" data-gt-translate-attributes='[{\"attribute\":\"data-cmtooltip\", \"format\":\"html\"}]' tabindex=\"0\" role=\"link\">quartier<\/span> (PLQ) adopt&eacute; en 2011, a permis la construction d&rsquo;environ 670 logements ainsi que des commerces, des services de proximit&eacute;, un groupe scolaire et de vastes espaces publics. Cette phase comprenait &eacute;galement la cr&eacute;ation d&rsquo;un alignement central de 180 arbres de haute tige. L&rsquo;acc&egrave;s au site est assur&eacute; par deux nouvelles rues : la Chauss&eacute;e des Cornouillers et l&rsquo;All&eacute;e Belle-Terre.<br>Actuellement, la deuxi&egrave;me phase est en pr&eacute;paration et pr&eacute;voit le d&eacute;veloppement de 1000 logements suppl&eacute;mentaires et de nouveaux services d&rsquo;ici 2028. La troisi&egrave;me phase devrait permettre la construction de 1000 logements suppl&eacute;mentaires d&rsquo;ici 2030. Ces d&eacute;veloppements seront soutenus par le d&eacute;veloppement des transports en commun, notamment d&rsquo;une ligne de BHNS (bus &agrave; haut niveau de service), et par l&rsquo;extension des infrastructures scolaires.<\/p>\n\n\n\n<p class=\"wp-block-paragraph\"><strong>Une planification participative<\/strong><br>Un aspect central du projet Belle-Terre est le processus de planification participative. Celui-ci permet aux habitants et aux usagers actuels et futurs du <span class=\"glossaryLink\" aria-describedby=\"tt\" data-cmtooltip=\"&lt;div class=glossaryItemTitle&gt;Quartier&lt;\/div&gt;&lt;div class=glossaryItemBody&gt;Amtliches, historisches, soziales oder stadtplanerisches Stadtviertel&lt;\/div&gt;\" data-mobile-support=\"0\" data-gt-translate-attributes='[{\"attribute\":\"data-cmtooltip\", \"format\":\"html\"}]' tabindex=\"0\" role=\"link\">quartier<\/span> de faire part de leurs exp&eacute;riences et de leurs id&eacute;es dans le d&eacute;veloppement du projet. Cette approche participative favorise le bien vivre ensemble et le d&eacute;veloppement durable du <span class=\"glossaryLink\" aria-describedby=\"tt\" data-cmtooltip=\"&lt;div class=glossaryItemTitle&gt;Quartier&lt;\/div&gt;&lt;div class=glossaryItemBody&gt;Amtliches, historisches, soziales oder stadtplanerisches Stadtviertel&lt;\/div&gt;\" data-mobile-support=\"0\" data-gt-translate-attributes='[{\"attribute\":\"data-cmtooltip\", \"format\":\"html\"}]' tabindex=\"0\" role=\"link\">quartier<\/span>.<\/p>\n\n\n\n<p class=\"wp-block-paragraph\"><strong>Une approche respectueuse de l&rsquo;environnement<\/strong><br>Le <span class=\"glossaryLink\" aria-describedby=\"tt\" data-cmtooltip=\"&lt;div class=glossaryItemTitle&gt;Quartier&lt;\/div&gt;&lt;div class=glossaryItemBody&gt;Amtliches, historisches, soziales oder stadtplanerisches Stadtviertel&lt;\/div&gt;\" data-mobile-support=\"0\" data-gt-translate-attributes='[{\"attribute\":\"data-cmtooltip\", \"format\":\"html\"}]' tabindex=\"0\" role=\"link\">quartier<\/span> de Belle-Terre accorde une grande importance &agrave; la durabilit&eacute; et &agrave; la protection de l&rsquo;environnement. 50 % des surfaces sont d&eacute;di&eacute;es &agrave; la nature, plus de 450 nouveaux arbres sont plant&eacute;s et une for&ecirc;t participative est mise en place. La g&eacute;othermie et les panneaux solaires couvrent 90 % des besoins en &eacute;nergie, tandis que les foss&eacute;s, les toitures v&eacute;g&eacute;talis&eacute;es et les surfaces perm&eacute;ables optimisent le cycle de l&rsquo;eau. Un impressionnant 95 % des mat&eacute;riaux d&rsquo;excavation ont &eacute;t&eacute; r&eacute;utilis&eacute;s sur place, ce qui r&eacute;duit consid&eacute;rablement l&rsquo;impact environnemental.<br>L&rsquo;am&eacute;nagement du <span class=\"glossaryLink\" aria-describedby=\"tt\" data-cmtooltip=\"&lt;div class=glossaryItemTitle&gt;Quartier&lt;\/div&gt;&lt;div class=glossaryItemBody&gt;Amtliches, historisches, soziales oder stadtplanerisches Stadtviertel&lt;\/div&gt;\" data-mobile-support=\"0\" data-gt-translate-attributes='[{\"attribute\":\"data-cmtooltip\", \"format\":\"html\"}]' tabindex=\"0\" role=\"link\">quartier<\/span> comprend un m&eacute;lange harmonieux de cours rurales et de promenades plant&eacute;es qui cr&eacute;ent des continuit&eacute;s paysag&egrave;res et relient le <span class=\"glossaryLink\" aria-describedby=\"tt\" data-cmtooltip=\"&lt;div class=glossaryItemTitle&gt;Quartier&lt;\/div&gt;&lt;div class=glossaryItemBody&gt;Amtliches, historisches, soziales oder stadtplanerisches Stadtviertel&lt;\/div&gt;\" data-mobile-support=\"0\" data-gt-translate-attributes='[{\"attribute\":\"data-cmtooltip\", \"format\":\"html\"}]' tabindex=\"0\" role=\"link\">quartier<\/span> &agrave; la rivi&egrave;re Seymaz et &agrave; la lisi&egrave;re de la for&ecirc;t de Belle-Id&eacute;e.<\/p>\n","protected":false},"excerpt":{"rendered":"<p>Le quartier Belle-Terre \u00e0 Th\u00f4nex, un grand projet des Communaux d&rsquo;Ambilly, pr\u00e9voit la cr\u00e9ation de 2400 nouveaux logements d&rsquo;ici 2030.<br \/>\nCe projet d&rsquo;urbanisme est une r\u00e9f\u00e9rence en mati\u00e8re de d\u00e9veloppement durable et de planification participative.<\/p>\n","protected":false},"author":2,"featured_media":104924,"comment_status":"open","ping_status":"open","sticky":false,"template":"","format":"standard","meta":{"pmpro_default_level":"0","inline_featured_image":false,"_monsterinsights_skip_tracking":false,"footnotes":""},"categories":[22699,47523,22703],"tags":[48154,48155,848,872,3931,47941,48152,48153,48151],"class_list":["post-104901","post","type-post","status-publish","format-standard","has-post-thumbnail","hentry","category-durabilite","category-genf-fr","category-mobilite","tag-environnement","tag-geothermie-2","tag-immobilien-fr","tag-immoinvest-fr","tag-immonews-fr","tag-panneaux-solaires","tag-planification-participative","tag-reutilisation-des-materiaux","tag-transports-en-commun","pmpro-has-access"],"acf":{"bild_mit_ki_erstellt_worden":[],"lead":"Le quartier Belle-Terre \u00e0 Th\u00f4nex, un grand projet des Communaux d'Ambilly, pr\u00e9voit la cr\u00e9ation de 2400 nouveaux logements d'ici 2030.\r\nCe projet d'urbanisme est une r\u00e9f\u00e9rence en mati\u00e8re de d\u00e9veloppement durable et de planification participative.","autor":"Texte: Karin Ibach, Source: Gen\u00e8ve, Image: ge.ch","ort":"","bildunterschrift":"","bild_im_grid":false,"gallerie":"","newsim":""},"aioseo_notices":[],"aioseo_head":"\n\t\t<!-- All in One SEO 5.0.1.1 - aioseo.com -->\n\t<meta name=\"description\" content=\"Le quartier Belle-Terre \u00e0 Th\u00f4nex, un grand projet des Communaux d&#039;Ambilly, pr\u00e9voit la cr\u00e9ation de 2400 nouveaux logements d&#039;ici 2030. Ce projet d&#039;urbanisme est une r\u00e9f\u00e9rence en mati\u00e8re de d\u00e9veloppement durable et de planification participative.\" \/>\n\t<meta name=\"robots\" content=\"max-image-preview:large\" \/>\n\t<meta name=\"author\" content=\"immovestuser\"\/>\n\t<meta name=\"google-site-verification\" content=\"fHJKvgWpZCR2zVBHWfkQeFXC11qieUSff0HGNYfuyLA\" \/>\n\t<link rel=\"canonical\" href=\"https:\/\/www.immo-invest.ch\/fr\/developpement-urbain-du-grand-projet-des-communaux-dambilly\/\" \/>\n\t<meta name=\"generator\" content=\"All in One SEO (AIOSEO) 5.0.1.1\" \/>\n\t\t<meta property=\"og:locale\" content=\"fr_FR\" \/>\n\t\t<meta property=\"og:site_name\" content=\"immo!nvest - Die Plattform f\u00fcr Standorte und Immobilien - Die\u00a0Plattform f\u00fcr Standorte und Immobilien\" \/>\n\t\t<meta property=\"og:type\" content=\"article\" \/>\n\t\t<meta property=\"og:title\" content=\"D\u00e9veloppement urbain du grand projet des Communaux d\u2019Ambilly - immo!nvest - Die Plattform f\u00fcr Standorte und Immobilien\" \/>\n\t\t<meta property=\"og:description\" content=\"Le quartier Belle-Terre \u00e0 Th\u00f4nex, un grand projet des Communaux d&#039;Ambilly, pr\u00e9voit la cr\u00e9ation de 2400 nouveaux logements d&#039;ici 2030. Ce projet d&#039;urbanisme est une r\u00e9f\u00e9rence en mati\u00e8re de d\u00e9veloppement durable et de planification participative.\" \/>\n\t\t<meta property=\"og:url\" content=\"https:\/\/www.immo-invest.ch\/fr\/developpement-urbain-du-grand-projet-des-communaux-dambilly\/\" \/>\n\t\t<meta property=\"og:image\" content=\"https:\/\/www.immo-invest.ch\/wp-content\/uploads\/2024\/07\/11_-_cours_champetre-transformed.jpeg\" \/>\n\t\t<meta property=\"og:image:secure_url\" content=\"https:\/\/www.immo-invest.ch\/wp-content\/uploads\/2024\/07\/11_-_cours_champetre-transformed.jpeg\" \/>\n\t\t<meta property=\"og:image:width\" content=\"1460\" \/>\n\t\t<meta property=\"og:image:height\" content=\"648\" \/>\n\t\t<meta property=\"article:published_time\" content=\"2024-07-05T14:24:57+00:00\" \/>\n\t\t<meta property=\"article:modified_time\" content=\"2024-07-05T14:24:58+00:00\" \/>\n\t\t<meta property=\"article:publisher\" content=\"https:\/\/www.facebook.com\/people\/Immoinvest\/100077962920504\/\" \/>\n\t\t<meta name=\"twitter:card\" content=\"summary_large_image\" \/>\n\t\t<meta name=\"twitter:site\" content=\"@i\" \/>\n\t\t<meta name=\"twitter:title\" content=\"D\u00e9veloppement urbain du grand projet des Communaux d\u2019Ambilly - immo!nvest - Die Plattform f\u00fcr Standorte und Immobilien\" \/>\n\t\t<meta name=\"twitter:description\" content=\"Le quartier Belle-Terre \u00e0 Th\u00f4nex, un grand projet des Communaux d&#039;Ambilly, pr\u00e9voit la cr\u00e9ation de 2400 nouveaux logements d&#039;ici 2030. Ce projet d&#039;urbanisme est une r\u00e9f\u00e9rence en mati\u00e8re de d\u00e9veloppement durable et de planification participative.\" \/>\n\t\t<meta name=\"twitter:creator\" content=\"@i\" \/>\n\t\t<meta name=\"twitter:image\" content=\"https:\/\/www.immo-invest.ch\/wp-content\/uploads\/2024\/07\/11_-_cours_champetre-transformed.jpeg\" \/>\n\t\t<script type=\"application\/ld+json\" class=\"aioseo-schema\">\n\t\t\t{\"@context\":\"https:\\\/\\\/schema.org\",\"@graph\":[{\"@type\":\"BlogPosting\",\"@id\":\"https:\\\/\\\/www.immo-invest.ch\\\/fr\\\/developpement-urbain-du-grand-projet-des-communaux-dambilly\\\/#blogposting\",\"name\":\"D\\u00e9veloppement urbain du grand projet des Communaux d\\u2019Ambilly - immo!nvest - Die Plattform f\\u00fcr Standorte und Immobilien\",\"headline\":\"D\\u00e9veloppement urbain du grand projet des Communaux d&rsquo;Ambilly\",\"author\":{\"@id\":\"https:\\\/\\\/www.immo-invest.ch\\\/fr\\\/author\\\/immovestuser\\\/#author\"},\"publisher\":{\"@id\":\"https:\\\/\\\/www.immo-invest.ch\\\/fr\\\/#organization\"},\"image\":{\"@type\":\"ImageObject\",\"url\":\"https:\\\/\\\/www.immo-invest.ch\\\/wp-content\\\/uploads\\\/2024\\\/07\\\/11_-_cours_champetre-transformed.jpeg\",\"width\":1460,\"height\":648},\"datePublished\":\"2024-07-05T16:24:57+02:00\",\"dateModified\":\"2024-07-05T16:24:58+02:00\",\"inLanguage\":\"fr-FR\",\"mainEntityOfPage\":{\"@id\":\"https:\\\/\\\/www.immo-invest.ch\\\/fr\\\/developpement-urbain-du-grand-projet-des-communaux-dambilly\\\/#webpage\"},\"isPartOf\":{\"@id\":\"https:\\\/\\\/www.immo-invest.ch\\\/fr\\\/developpement-urbain-du-grand-projet-des-communaux-dambilly\\\/#webpage\"},\"articleSection\":\"Durabilit\\u00e9, Genf, Mobilit\\u00e9, environnement, g\\u00e9othermie, immobilien, Immoinvest, immoNews, panneaux solaires, planification participative, r\\u00e9utilisation des mat\\u00e9riaux, transports en commun, Facultatif\"},{\"@type\":\"BreadcrumbList\",\"@id\":\"https:\\\/\\\/www.immo-invest.ch\\\/fr\\\/developpement-urbain-du-grand-projet-des-communaux-dambilly\\\/#breadcrumblist\",\"itemListElement\":[{\"@type\":\"ListItem\",\"@id\":\"https:\\\/\\\/www.immo-invest.ch\\\/fr\\\/#listItem\",\"position\":1,\"name\":\"Home\",\"item\":\"https:\\\/\\\/www.immo-invest.ch\\\/fr\\\/\",\"nextItem\":{\"@type\":\"ListItem\",\"@id\":\"https:\\\/\\\/www.immo-invest.ch\\\/fr\\\/categories\\\/regions\\\/#listItem\",\"name\":\"R\\u00e9gions\"}},{\"@type\":\"ListItem\",\"@id\":\"https:\\\/\\\/www.immo-invest.ch\\\/fr\\\/categories\\\/regions\\\/#listItem\",\"position\":2,\"name\":\"R\\u00e9gions\",\"item\":\"https:\\\/\\\/www.immo-invest.ch\\\/fr\\\/categories\\\/regions\\\/\",\"nextItem\":{\"@type\":\"ListItem\",\"@id\":\"https:\\\/\\\/www.immo-invest.ch\\\/fr\\\/categories\\\/regions\\\/suisse\\\/#listItem\",\"name\":\"Suisse\"},\"previousItem\":{\"@type\":\"ListItem\",\"@id\":\"https:\\\/\\\/www.immo-invest.ch\\\/fr\\\/#listItem\",\"name\":\"Home\"}},{\"@type\":\"ListItem\",\"@id\":\"https:\\\/\\\/www.immo-invest.ch\\\/fr\\\/categories\\\/regions\\\/suisse\\\/#listItem\",\"position\":3,\"name\":\"Suisse\",\"item\":\"https:\\\/\\\/www.immo-invest.ch\\\/fr\\\/categories\\\/regions\\\/suisse\\\/\",\"nextItem\":{\"@type\":\"ListItem\",\"@id\":\"https:\\\/\\\/www.immo-invest.ch\\\/fr\\\/categories\\\/regions\\\/suisse\\\/region-lemanique\\\/#listItem\",\"name\":\"R\\u00e9gion l\\u00e9manique\"},\"previousItem\":{\"@type\":\"ListItem\",\"@id\":\"https:\\\/\\\/www.immo-invest.ch\\\/fr\\\/categories\\\/regions\\\/#listItem\",\"name\":\"R\\u00e9gions\"}},{\"@type\":\"ListItem\",\"@id\":\"https:\\\/\\\/www.immo-invest.ch\\\/fr\\\/categories\\\/regions\\\/suisse\\\/region-lemanique\\\/#listItem\",\"position\":4,\"name\":\"R\\u00e9gion l\\u00e9manique\",\"item\":\"https:\\\/\\\/www.immo-invest.ch\\\/fr\\\/categories\\\/regions\\\/suisse\\\/region-lemanique\\\/\",\"nextItem\":{\"@type\":\"ListItem\",\"@id\":\"https:\\\/\\\/www.immo-invest.ch\\\/fr\\\/categories\\\/regions\\\/suisse\\\/region-lemanique\\\/genf-fr\\\/#listItem\",\"name\":\"Genf\"},\"previousItem\":{\"@type\":\"ListItem\",\"@id\":\"https:\\\/\\\/www.immo-invest.ch\\\/fr\\\/categories\\\/regions\\\/suisse\\\/#listItem\",\"name\":\"Suisse\"}},{\"@type\":\"ListItem\",\"@id\":\"https:\\\/\\\/www.immo-invest.ch\\\/fr\\\/categories\\\/regions\\\/suisse\\\/region-lemanique\\\/genf-fr\\\/#listItem\",\"position\":5,\"name\":\"Genf\",\"item\":\"https:\\\/\\\/www.immo-invest.ch\\\/fr\\\/categories\\\/regions\\\/suisse\\\/region-lemanique\\\/genf-fr\\\/\",\"nextItem\":{\"@type\":\"ListItem\",\"@id\":\"https:\\\/\\\/www.immo-invest.ch\\\/fr\\\/developpement-urbain-du-grand-projet-des-communaux-dambilly\\\/#listItem\",\"name\":\"D\\u00e9veloppement urbain du grand projet des Communaux d&rsquo;Ambilly\"},\"previousItem\":{\"@type\":\"ListItem\",\"@id\":\"https:\\\/\\\/www.immo-invest.ch\\\/fr\\\/categories\\\/regions\\\/suisse\\\/region-lemanique\\\/#listItem\",\"name\":\"R\\u00e9gion l\\u00e9manique\"}},{\"@type\":\"ListItem\",\"@id\":\"https:\\\/\\\/www.immo-invest.ch\\\/fr\\\/developpement-urbain-du-grand-projet-des-communaux-dambilly\\\/#listItem\",\"position\":6,\"name\":\"D\\u00e9veloppement urbain du grand projet des Communaux d&rsquo;Ambilly\",\"previousItem\":{\"@type\":\"ListItem\",\"@id\":\"https:\\\/\\\/www.immo-invest.ch\\\/fr\\\/categories\\\/regions\\\/suisse\\\/region-lemanique\\\/genf-fr\\\/#listItem\",\"name\":\"Genf\"}}]},{\"@type\":\"Organization\",\"@id\":\"https:\\\/\\\/www.immo-invest.ch\\\/fr\\\/#organization\",\"name\":\"immo!nvest - Die Plattform f\\u00fcr Standorte und Immobilien\",\"description\":\"Die\\u00a0Plattform f\\u00fcr Standorte und Immobilien\",\"url\":\"https:\\\/\\\/www.immo-invest.ch\\\/fr\\\/\",\"email\":\"admin@immomedia.ag\",\"telephone\":\"+41444420002\",\"logo\":{\"@type\":\"ImageObject\",\"url\":\"https:\\\/\\\/www.immo-invest.ch\\\/wp-content\\\/uploads\\\/2024\\\/09\\\/immoinvest_sm-scaled.jpg\",\"@id\":\"https:\\\/\\\/www.immo-invest.ch\\\/fr\\\/developpement-urbain-du-grand-projet-des-communaux-dambilly\\\/#organizationLogo\",\"width\":2560,\"height\":1340},\"image\":{\"@id\":\"https:\\\/\\\/www.immo-invest.ch\\\/fr\\\/developpement-urbain-du-grand-projet-des-communaux-dambilly\\\/#organizationLogo\"},\"sameAs\":[\"https:\\\/\\\/www.facebook.com\\\/people\\\/Immoinvest\\\/100077962920504\\\/\",\"https:\\\/\\\/x.com\\\/i\\\/flow\\\/login?redirect_after_login=immoinvest_ch\",\"https:\\\/\\\/www.instagram.com\\\/immoinvest_ch\\\/\",\"https:\\\/\\\/www.linkedin.com\\\/company\\\/immoinvest-swiss\"]},{\"@type\":\"Person\",\"@id\":\"https:\\\/\\\/www.immo-invest.ch\\\/fr\\\/author\\\/immovestuser\\\/#author\",\"url\":\"https:\\\/\\\/www.immo-invest.ch\\\/fr\\\/author\\\/immovestuser\\\/\",\"name\":\"immovestuser\",\"image\":{\"@type\":\"ImageObject\",\"@id\":\"https:\\\/\\\/www.immo-invest.ch\\\/fr\\\/developpement-urbain-du-grand-projet-des-communaux-dambilly\\\/#authorImage\",\"url\":\"https:\\\/\\\/secure.gravatar.com\\\/avatar\\\/8e01f4d99f2eeea7a362ebb93305e1172a70e9293ba250f897a65c39f54cdd1e?s=96&d=mm&r=g\",\"width\":96,\"height\":96,\"caption\":\"immovestuser\"}},{\"@type\":\"WebPage\",\"@id\":\"https:\\\/\\\/www.immo-invest.ch\\\/fr\\\/developpement-urbain-du-grand-projet-des-communaux-dambilly\\\/#webpage\",\"url\":\"https:\\\/\\\/www.immo-invest.ch\\\/fr\\\/developpement-urbain-du-grand-projet-des-communaux-dambilly\\\/\",\"name\":\"D\\u00e9veloppement urbain du grand projet des Communaux d\\u2019Ambilly - immo!nvest - Die Plattform f\\u00fcr Standorte und Immobilien\",\"description\":\"Le quartier Belle-Terre \\u00e0 Th\\u00f4nex, un grand projet des Communaux d'Ambilly, pr\\u00e9voit la cr\\u00e9ation de 2400 nouveaux logements d'ici 2030. Ce projet d'urbanisme est une r\\u00e9f\\u00e9rence en mati\\u00e8re de d\\u00e9veloppement durable et de planification participative.\",\"inLanguage\":\"fr-FR\",\"isPartOf\":{\"@id\":\"https:\\\/\\\/www.immo-invest.ch\\\/fr\\\/#website\"},\"breadcrumb\":{\"@id\":\"https:\\\/\\\/www.immo-invest.ch\\\/fr\\\/developpement-urbain-du-grand-projet-des-communaux-dambilly\\\/#breadcrumblist\"},\"author\":{\"@id\":\"https:\\\/\\\/www.immo-invest.ch\\\/fr\\\/author\\\/immovestuser\\\/#author\"},\"creator\":{\"@id\":\"https:\\\/\\\/www.immo-invest.ch\\\/fr\\\/author\\\/immovestuser\\\/#author\"},\"image\":{\"@type\":\"ImageObject\",\"url\":\"https:\\\/\\\/www.immo-invest.ch\\\/wp-content\\\/uploads\\\/2024\\\/07\\\/11_-_cours_champetre-transformed.jpeg\",\"@id\":\"https:\\\/\\\/www.immo-invest.ch\\\/fr\\\/developpement-urbain-du-grand-projet-des-communaux-dambilly\\\/#mainImage\",\"width\":1460,\"height\":648},\"primaryImageOfPage\":{\"@id\":\"https:\\\/\\\/www.immo-invest.ch\\\/fr\\\/developpement-urbain-du-grand-projet-des-communaux-dambilly\\\/#mainImage\"},\"datePublished\":\"2024-07-05T16:24:57+02:00\",\"dateModified\":\"2024-07-05T16:24:58+02:00\"},{\"@type\":\"WebSite\",\"@id\":\"https:\\\/\\\/www.immo-invest.ch\\\/fr\\\/#website\",\"url\":\"https:\\\/\\\/www.immo-invest.ch\\\/fr\\\/\",\"name\":\"immo!nvest - Die Plattform f\\u00fcr Standorte und Immobilien\",\"description\":\"Die\\u00a0Plattform f\\u00fcr Standorte und Immobilien\",\"inLanguage\":\"fr-FR\",\"publisher\":{\"@id\":\"https:\\\/\\\/www.immo-invest.ch\\\/fr\\\/#organization\"}}]}\n\t\t<\/script>\n\t\t<!-- All in One SEO -->\n\n","aioseo_head_json":{"title":"D\u00e9veloppement urbain du grand projet des Communaux d\u2019Ambilly - immo!nvest - Die Plattform f\u00fcr Standorte und Immobilien","description":"Le quartier Belle-Terre \u00e0 Th\u00f4nex, un grand projet des Communaux d'Ambilly, pr\u00e9voit la cr\u00e9ation de 2400 nouveaux logements d'ici 2030. Ce projet d'urbanisme est une r\u00e9f\u00e9rence en mati\u00e8re de d\u00e9veloppement durable et de planification participative.","canonical_url":"https:\/\/www.immo-invest.ch\/fr\/developpement-urbain-du-grand-projet-des-communaux-dambilly\/","robots":"max-image-preview:large","keywords":"","webmasterTools":{"google-site-verification":"fHJKvgWpZCR2zVBHWfkQeFXC11qieUSff0HGNYfuyLA","miscellaneous":""},"schema":{"@context":"https:\/\/schema.org","@graph":[{"@type":"BlogPosting","@id":"https:\/\/www.immo-invest.ch\/fr\/developpement-urbain-du-grand-projet-des-communaux-dambilly\/#blogposting","name":"D\u00e9veloppement urbain du grand projet des Communaux d\u2019Ambilly - immo!nvest - Die Plattform f\u00fcr Standorte und Immobilien","headline":"D\u00e9veloppement urbain du grand projet des Communaux d&rsquo;Ambilly","author":{"@id":"https:\/\/www.immo-invest.ch\/fr\/author\/immovestuser\/#author"},"publisher":{"@id":"https:\/\/www.immo-invest.ch\/fr\/#organization"},"image":{"@type":"ImageObject","url":"https:\/\/www.immo-invest.ch\/wp-content\/uploads\/2024\/07\/11_-_cours_champetre-transformed.jpeg","width":1460,"height":648},"datePublished":"2024-07-05T16:24:57+02:00","dateModified":"2024-07-05T16:24:58+02:00","inLanguage":"fr-FR","mainEntityOfPage":{"@id":"https:\/\/www.immo-invest.ch\/fr\/developpement-urbain-du-grand-projet-des-communaux-dambilly\/#webpage"},"isPartOf":{"@id":"https:\/\/www.immo-invest.ch\/fr\/developpement-urbain-du-grand-projet-des-communaux-dambilly\/#webpage"},"articleSection":"Durabilit\u00e9, Genf, Mobilit\u00e9, environnement, g\u00e9othermie, immobilien, Immoinvest, immoNews, panneaux solaires, planification participative, r\u00e9utilisation des mat\u00e9riaux, transports en commun, Facultatif"},{"@type":"BreadcrumbList","@id":"https:\/\/www.immo-invest.ch\/fr\/developpement-urbain-du-grand-projet-des-communaux-dambilly\/#breadcrumblist","itemListElement":[{"@type":"ListItem","@id":"https:\/\/www.immo-invest.ch\/fr\/#listItem","position":1,"name":"Home","item":"https:\/\/www.immo-invest.ch\/fr\/","nextItem":{"@type":"ListItem","@id":"https:\/\/www.immo-invest.ch\/fr\/categories\/regions\/#listItem","name":"R\u00e9gions"}},{"@type":"ListItem","@id":"https:\/\/www.immo-invest.ch\/fr\/categories\/regions\/#listItem","position":2,"name":"R\u00e9gions","item":"https:\/\/www.immo-invest.ch\/fr\/categories\/regions\/","nextItem":{"@type":"ListItem","@id":"https:\/\/www.immo-invest.ch\/fr\/categories\/regions\/suisse\/#listItem","name":"Suisse"},"previousItem":{"@type":"ListItem","@id":"https:\/\/www.immo-invest.ch\/fr\/#listItem","name":"Home"}},{"@type":"ListItem","@id":"https:\/\/www.immo-invest.ch\/fr\/categories\/regions\/suisse\/#listItem","position":3,"name":"Suisse","item":"https:\/\/www.immo-invest.ch\/fr\/categories\/regions\/suisse\/","nextItem":{"@type":"ListItem","@id":"https:\/\/www.immo-invest.ch\/fr\/categories\/regions\/suisse\/region-lemanique\/#listItem","name":"R\u00e9gion l\u00e9manique"},"previousItem":{"@type":"ListItem","@id":"https:\/\/www.immo-invest.ch\/fr\/categories\/regions\/#listItem","name":"R\u00e9gions"}},{"@type":"ListItem","@id":"https:\/\/www.immo-invest.ch\/fr\/categories\/regions\/suisse\/region-lemanique\/#listItem","position":4,"name":"R\u00e9gion l\u00e9manique","item":"https:\/\/www.immo-invest.ch\/fr\/categories\/regions\/suisse\/region-lemanique\/","nextItem":{"@type":"ListItem","@id":"https:\/\/www.immo-invest.ch\/fr\/categories\/regions\/suisse\/region-lemanique\/genf-fr\/#listItem","name":"Genf"},"previousItem":{"@type":"ListItem","@id":"https:\/\/www.immo-invest.ch\/fr\/categories\/regions\/suisse\/#listItem","name":"Suisse"}},{"@type":"ListItem","@id":"https:\/\/www.immo-invest.ch\/fr\/categories\/regions\/suisse\/region-lemanique\/genf-fr\/#listItem","position":5,"name":"Genf","item":"https:\/\/www.immo-invest.ch\/fr\/categories\/regions\/suisse\/region-lemanique\/genf-fr\/","nextItem":{"@type":"ListItem","@id":"https:\/\/www.immo-invest.ch\/fr\/developpement-urbain-du-grand-projet-des-communaux-dambilly\/#listItem","name":"D\u00e9veloppement urbain du grand projet des Communaux d&rsquo;Ambilly"},"previousItem":{"@type":"ListItem","@id":"https:\/\/www.immo-invest.ch\/fr\/categories\/regions\/suisse\/region-lemanique\/#listItem","name":"R\u00e9gion l\u00e9manique"}},{"@type":"ListItem","@id":"https:\/\/www.immo-invest.ch\/fr\/developpement-urbain-du-grand-projet-des-communaux-dambilly\/#listItem","position":6,"name":"D\u00e9veloppement urbain du grand projet des Communaux d&rsquo;Ambilly","previousItem":{"@type":"ListItem","@id":"https:\/\/www.immo-invest.ch\/fr\/categories\/regions\/suisse\/region-lemanique\/genf-fr\/#listItem","name":"Genf"}}]},{"@type":"Organization","@id":"https:\/\/www.immo-invest.ch\/fr\/#organization","name":"immo!nvest - Die Plattform f\u00fcr Standorte und Immobilien","description":"Die\u00a0Plattform f\u00fcr Standorte und Immobilien","url":"https:\/\/www.immo-invest.ch\/fr\/","email":"admin@immomedia.ag","telephone":"+41444420002","logo":{"@type":"ImageObject","url":"https:\/\/www.immo-invest.ch\/wp-content\/uploads\/2024\/09\/immoinvest_sm-scaled.jpg","@id":"https:\/\/www.immo-invest.ch\/fr\/developpement-urbain-du-grand-projet-des-communaux-dambilly\/#organizationLogo","width":2560,"height":1340},"image":{"@id":"https:\/\/www.immo-invest.ch\/fr\/developpement-urbain-du-grand-projet-des-communaux-dambilly\/#organizationLogo"},"sameAs":["https:\/\/www.facebook.com\/people\/Immoinvest\/100077962920504\/","https:\/\/x.com\/i\/flow\/login?redirect_after_login=immoinvest_ch","https:\/\/www.instagram.com\/immoinvest_ch\/","https:\/\/www.linkedin.com\/company\/immoinvest-swiss"]},{"@type":"Person","@id":"https:\/\/www.immo-invest.ch\/fr\/author\/immovestuser\/#author","url":"https:\/\/www.immo-invest.ch\/fr\/author\/immovestuser\/","name":"immovestuser","image":{"@type":"ImageObject","@id":"https:\/\/www.immo-invest.ch\/fr\/developpement-urbain-du-grand-projet-des-communaux-dambilly\/#authorImage","url":"https:\/\/secure.gravatar.com\/avatar\/8e01f4d99f2eeea7a362ebb93305e1172a70e9293ba250f897a65c39f54cdd1e?s=96&d=mm&r=g","width":96,"height":96,"caption":"immovestuser"}},{"@type":"WebPage","@id":"https:\/\/www.immo-invest.ch\/fr\/developpement-urbain-du-grand-projet-des-communaux-dambilly\/#webpage","url":"https:\/\/www.immo-invest.ch\/fr\/developpement-urbain-du-grand-projet-des-communaux-dambilly\/","name":"D\u00e9veloppement urbain du grand projet des Communaux d\u2019Ambilly - immo!nvest - Die Plattform f\u00fcr Standorte und Immobilien","description":"Le quartier Belle-Terre \u00e0 Th\u00f4nex, un grand projet des Communaux d'Ambilly, pr\u00e9voit la cr\u00e9ation de 2400 nouveaux logements d'ici 2030. Ce projet d'urbanisme est une r\u00e9f\u00e9rence en mati\u00e8re de d\u00e9veloppement durable et de planification participative.","inLanguage":"fr-FR","isPartOf":{"@id":"https:\/\/www.immo-invest.ch\/fr\/#website"},"breadcrumb":{"@id":"https:\/\/www.immo-invest.ch\/fr\/developpement-urbain-du-grand-projet-des-communaux-dambilly\/#breadcrumblist"},"author":{"@id":"https:\/\/www.immo-invest.ch\/fr\/author\/immovestuser\/#author"},"creator":{"@id":"https:\/\/www.immo-invest.ch\/fr\/author\/immovestuser\/#author"},"image":{"@type":"ImageObject","url":"https:\/\/www.immo-invest.ch\/wp-content\/uploads\/2024\/07\/11_-_cours_champetre-transformed.jpeg","@id":"https:\/\/www.immo-invest.ch\/fr\/developpement-urbain-du-grand-projet-des-communaux-dambilly\/#mainImage","width":1460,"height":648},"primaryImageOfPage":{"@id":"https:\/\/www.immo-invest.ch\/fr\/developpement-urbain-du-grand-projet-des-communaux-dambilly\/#mainImage"},"datePublished":"2024-07-05T16:24:57+02:00","dateModified":"2024-07-05T16:24:58+02:00"},{"@type":"WebSite","@id":"https:\/\/www.immo-invest.ch\/fr\/#website","url":"https:\/\/www.immo-invest.ch\/fr\/","name":"immo!nvest - Die Plattform f\u00fcr Standorte und Immobilien","description":"Die\u00a0Plattform f\u00fcr Standorte und Immobilien","inLanguage":"fr-FR","publisher":{"@id":"https:\/\/www.immo-invest.ch\/fr\/#organization"}}]},"og:locale":"fr_FR","og:site_name":"immo!nvest - Die Plattform f\u00fcr Standorte und Immobilien - Die\u00a0Plattform f\u00fcr Standorte und Immobilien","og:type":"article","og:title":"D\u00e9veloppement urbain du grand projet des Communaux d\u2019Ambilly - immo!nvest - Die Plattform f\u00fcr Standorte und Immobilien","og:description":"Le quartier Belle-Terre \u00e0 Th\u00f4nex, un grand projet des Communaux d'Ambilly, pr\u00e9voit la cr\u00e9ation de 2400 nouveaux logements d'ici 2030. Ce projet d'urbanisme est une r\u00e9f\u00e9rence en mati\u00e8re de d\u00e9veloppement durable et de planification participative.","og:url":"https:\/\/www.immo-invest.ch\/fr\/developpement-urbain-du-grand-projet-des-communaux-dambilly\/","og:image":"https:\/\/www.immo-invest.ch\/wp-content\/uploads\/2024\/07\/11_-_cours_champetre-transformed.jpeg","og:image:secure_url":"https:\/\/www.immo-invest.ch\/wp-content\/uploads\/2024\/07\/11_-_cours_champetre-transformed.jpeg","og:image:width":1460,"og:image:height":648,"article:published_time":"2024-07-05T14:24:57+00:00","article:modified_time":"2024-07-05T14:24:58+00:00","article:publisher":"https:\/\/www.facebook.com\/people\/Immoinvest\/100077962920504\/","twitter:card":"summary_large_image","twitter:site":"@i","twitter:title":"D\u00e9veloppement urbain du grand projet des Communaux d\u2019Ambilly - immo!nvest - Die Plattform f\u00fcr Standorte und Immobilien","twitter:description":"Le quartier Belle-Terre \u00e0 Th\u00f4nex, un grand projet des Communaux d'Ambilly, pr\u00e9voit la cr\u00e9ation de 2400 nouveaux logements d'ici 2030. Ce projet d'urbanisme est une r\u00e9f\u00e9rence en mati\u00e8re de d\u00e9veloppement durable et de planification participative.","twitter:creator":"@i","twitter:image":"https:\/\/www.immo-invest.ch\/wp-content\/uploads\/2024\/07\/11_-_cours_champetre-transformed.jpeg"},"aioseo_meta_data":{"post_id":"104901","title":null,"description":null,"keywords":null,"keyphrases":null,"primary_term":null,"canonical_url":null,"og_title":null,"og_description":null,"og_object_type":"default","og_image_type":"default","og_image_url":null,"og_image_width":null,"og_image_height":null,"og_image_custom_url":null,"og_image_custom_fields":null,"og_video":null,"og_custom_url":null,"og_article_section":null,"og_article_tags":null,"twitter_use_og":false,"twitter_card":"default","twitter_image_type":"default","twitter_image_url":null,"twitter_image_custom_url":null,"twitter_image_custom_fields":null,"twitter_title":null,"twitter_description":null,"schema":{"blockGraphs":[],"customGraphs":[],"default":{"data":{"Article":[],"Course":[],"Dataset":[],"FAQPage":[],"Movie":[],"Person":[],"Product":[],"ProductReview":[],"Car":[],"Recipe":[],"Service":[],"SoftwareApplication":[],"WebPage":[]},"graphName":"","isEnabled":true},"graphs":[]},"schema_type":"default","schema_type_options":null,"pillar_content":false,"robots_default":true,"robots_noindex":false,"robots_noarchive":false,"robots_nosnippet":false,"robots_nofollow":false,"robots_noimageindex":false,"robots_noodp":false,"robots_notranslate":false,"robots_max_snippet":null,"robots_max_videopreview":null,"robots_max_imagepreview":"large","priority":null,"frequency":null,"local_seo":null,"breadcrumb_settings":null,"limit_modified_date":false,"ai":null,"created":"2024-09-20 22:56:57","updated":"2025-10-24 05:15:12","seo_analyzer_scan_date":null,"focus_keyword":null,"additional_keywords":null,"truseo_locale":null},"aioseo_breadcrumb":"<div class=\"aioseo-breadcrumbs\"><span class=\"aioseo-breadcrumb\">\n\t\t\t<a href=\"https:\/\/www.immo-invest.ch\/fr\/\" title=\"Home\">Home<\/a>\n\t\t<\/span><span class=\"aioseo-breadcrumb-separator\">&raquo;<\/span><span class=\"aioseo-breadcrumb\">\n\t\t\t<a href=\"https:\/\/www.immo-invest.ch\/fr\/categories\/regions\/\" title=\"R\u00e9gions\">R\u00e9gions<\/a>\n\t\t<\/span><span class=\"aioseo-breadcrumb-separator\">&raquo;<\/span><span class=\"aioseo-breadcrumb\">\n\t\t\t<a href=\"https:\/\/www.immo-invest.ch\/fr\/categories\/regions\/suisse\/\" title=\"Suisse\">Suisse<\/a>\n\t\t<\/span><span class=\"aioseo-breadcrumb-separator\">&raquo;<\/span><span class=\"aioseo-breadcrumb\">\n\t\t\t<a href=\"https:\/\/www.immo-invest.ch\/fr\/categories\/regions\/suisse\/region-lemanique\/\" title=\"R\u00e9gion l\u00e9manique\">R\u00e9gion l\u00e9manique<\/a>\n\t\t<\/span><span class=\"aioseo-breadcrumb-separator\">&raquo;<\/span><span class=\"aioseo-breadcrumb\">\n\t\t\t<a href=\"https:\/\/www.immo-invest.ch\/fr\/categories\/regions\/suisse\/region-lemanique\/genf-fr\/\" title=\"Genf\">Genf<\/a>\n\t\t<\/span><span class=\"aioseo-breadcrumb-separator\">&raquo;<\/span><span class=\"aioseo-breadcrumb\">\n\t\t\tD\u00e9veloppement urbain du grand projet des Communaux d\u2019Ambilly\n\t\t<\/span><\/div>","aioseo_breadcrumb_json":[{"label":"Home","link":"https:\/\/www.immo-invest.ch\/fr\/"},{"label":"R\u00e9gions","link":"https:\/\/www.immo-invest.ch\/fr\/categories\/regions\/"},{"label":"Suisse","link":"https:\/\/www.immo-invest.ch\/fr\/categories\/regions\/suisse\/"},{"label":"R\u00e9gion l\u00e9manique","link":"https:\/\/www.immo-invest.ch\/fr\/categories\/regions\/suisse\/region-lemanique\/"},{"label":"Genf","link":"https:\/\/www.immo-invest.ch\/fr\/categories\/regions\/suisse\/region-lemanique\/genf-fr\/"},{"label":"D\u00e9veloppement urbain du grand projet des Communaux d&rsquo;Ambilly","link":"https:\/\/www.immo-invest.ch\/fr\/developpement-urbain-du-grand-projet-des-communaux-dambilly\/"}],"featured_image_src":"https:\/\/www.immo-invest.ch\/wp-content\/uploads\/2024\/07\/11_-_cours_champetre-transformed-336x168.jpeg","_links":{"self":[{"href":"https:\/\/www.immo-invest.ch\/fr\/wp-json\/wp\/v2\/posts\/104901","targetHints":{"allow":["GET"]}}],"collection":[{"href":"https:\/\/www.immo-invest.ch\/fr\/wp-json\/wp\/v2\/posts"}],"about":[{"href":"https:\/\/www.immo-invest.ch\/fr\/wp-json\/wp\/v2\/types\/post"}],"author":[{"embeddable":true,"href":"https:\/\/www.immo-invest.ch\/fr\/wp-json\/wp\/v2\/users\/2"}],"replies":[{"embeddable":true,"href":"https:\/\/www.immo-invest.ch\/fr\/wp-json\/wp\/v2\/comments?post=104901"}],"version-history":[{"count":0,"href":"https:\/\/www.immo-invest.ch\/fr\/wp-json\/wp\/v2\/posts\/104901\/revisions"}],"wp:featuredmedia":[{"embeddable":true,"href":"https:\/\/www.immo-invest.ch\/fr\/wp-json\/wp\/v2\/media\/104924"}],"wp:attachment":[{"href":"https:\/\/www.immo-invest.ch\/fr\/wp-json\/wp\/v2\/media?parent=104901"}],"wp:term":[{"taxonomy":"category","embeddable":true,"href":"https:\/\/www.immo-invest.ch\/fr\/wp-json\/wp\/v2\/categories?post=104901"},{"taxonomy":"post_tag","embeddable":true,"href":"https:\/\/www.immo-invest.ch\/fr\/wp-json\/wp\/v2\/tags?post=104901"}],"curies":[{"name":"wp","href":"https:\/\/api.w.org\/{rel}","templated":true}]}}