{"id":104899,"date":"2024-07-05T16:24:22","date_gmt":"2024-07-05T14:24:22","guid":{"rendered":"https:\/\/www.immo-invest.ch\/?p=104899"},"modified":"2024-07-05T16:24:23","modified_gmt":"2024-07-05T14:24:23","slug":"le-museum-dhistoire-naturelle-de-geneve-devoile-sa-vision-energetique","status":"publish","type":"post","link":"https:\/\/www.immo-invest.ch\/fr\/le-museum-dhistoire-naturelle-de-geneve-devoile-sa-vision-energetique\/","title":{"rendered":"Le Mus\u00e9um d&rsquo;histoire naturelle de Gen\u00e8ve d\u00e9voile sa vision \u00e9nerg\u00e9tique"},"content":{"rendered":"<p class=\"wp-block-paragraph\">La nouvelle extension pour les collections, con&ccedil;ue par MAK Architecture, viendra compl&eacute;ter les ailes existantes datant des ann&eacute;es 1960. Avec plus de 15 millions d&rsquo;objets expos&eacute;s, dont des animaux, des roches et des min&eacute;raux du monde entier, le MHNG est le plus grand mus&eacute;e d&rsquo;histoire naturelle de Suisse et l&rsquo;un des dix plus importants d&rsquo;Europe. Cet agrandissement permettra non seulement de mieux organiser et pr&eacute;senter les collections, mais aussi de cr&eacute;er de nouveaux espaces de travail, d&rsquo;am&eacute;liorer les zones d&rsquo;accueil des visiteurs et d&rsquo;am&eacute;nager un nouvel espace pour les expositions temporaires.<\/p>\n\n\n\n<p class=\"wp-block-paragraph\"><strong>L&rsquo;efficacit&eacute; &eacute;nerg&eacute;tique comme &eacute;l&eacute;ment central<\/strong><br>L&rsquo;un des objectifs centraux du projet est d&rsquo;am&eacute;liorer l&rsquo;efficacit&eacute; &eacute;nerg&eacute;tique du mus&eacute;e. La partie historique du b&acirc;timent a d&eacute;j&agrave; fait l&rsquo;objet d&rsquo;une r&eacute;novation &eacute;nerg&eacute;tique en 2012 et la nouvelle extension sera construite selon la norme de tr&egrave;s haute efficacit&eacute; &eacute;nerg&eacute;tique. Cela correspond &agrave; la strat&eacute;gie de la ville de Gen&egrave;ve d&rsquo;utiliser 100% d&rsquo;&eacute;nergies renouvelables et d&rsquo;&eacute;liminer les &eacute;missions de CO&sup2; d&rsquo;ici 2050.<\/p>\n\n\n\n<p class=\"wp-block-paragraph\"><strong>Installation photovolta&iuml;que et &eacute;clairage durable<\/strong><br>L&rsquo;un des points forts de la r&eacute;novation est l&rsquo;installation du deuxi&egrave;me plus grand syst&egrave;me photovolta&iuml;que de la ville de Gen&egrave;ve. En outre, l&rsquo;ensemble du b&acirc;timent sera &eacute;quip&eacute; de luminaires LED &agrave; haute efficacit&eacute; et utilisera l&rsquo;&eacute;clairage naturel pour r&eacute;duire encore la consommation d&rsquo;&eacute;nergie.<\/p>\n\n\n\n<p class=\"wp-block-paragraph\"><strong>Syst&egrave;mes de chauffage et de climatisation<\/strong><br>Les besoins en chauffage de la nouvelle extension seront enti&egrave;rement couverts par des &eacute;nergies renouvelables et, au total, la part des &eacute;nergies renouvelables sur l&rsquo;ensemble du site sera progressivement port&eacute;e &agrave; 80 %. Une pompe &agrave; chaleur sera la principale source d&rsquo;&eacute;nergie de chauffage et permettra d&rsquo;&eacute;conomiser 70 tonnes d&rsquo;&eacute;missions de CO&sup2; par an par rapport aux syst&egrave;mes conventionnels. En cas d&rsquo;urgence, un chauffage au gaz sera disponible en tant que solution de secours.<\/p>\n\n\n\n<p class=\"wp-block-paragraph\"><strong>Ventilation et climatisation optimis&eacute;es<\/strong><br>Une attention particuli&egrave;re a &eacute;t&eacute; accord&eacute;e &agrave; la ventilation et &agrave; la climatisation afin de prot&eacute;ger les collections fragiles des variations n&eacute;fastes de l&rsquo;humidit&eacute;. Cela permettra au mus&eacute;e de recevoir des pr&ecirc;ts pr&eacute;cieux d&rsquo;autres institutions qui exigent des conditions de conservation &eacute;lev&eacute;es.<\/p>\n","protected":false},"excerpt":{"rendered":"<p>Le Mus\u00e9um d&rsquo;histoire naturelle de Gen\u00e8ve a ferm\u00e9 ses portes le 1er janvier 2024 pour une ann\u00e9e afin de proc\u00e9der \u00e0 d&rsquo;importants travaux de r\u00e9novation. Cette transformation concerne non seulement les salles d&rsquo;exposition, mais aussi l&rsquo;extension du b\u00e2timent pour accueillir la collection et les installations de recherche. L&rsquo;objectif est de cr\u00e9er d&rsquo;ici 2027 une infrastructure moderne et durable, capable de r\u00e9pondre aux besoins croissants.<\/p>\n","protected":false},"author":2,"featured_media":104916,"comment_status":"open","ping_status":"open","sticky":false,"template":"","format":"standard","meta":{"pmpro_default_level":"0","inline_featured_image":false,"_monsterinsights_skip_tracking":false,"footnotes":""},"categories":[8747,47523,743],"tags":[48147,48145,848,872,3931,3261,48146,48144,48148],"class_list":["post-104899","post","type-post","status-publish","format-standard","has-post-thumbnail","hentry","category-energie","category-genf-fr","category-immonews-fr","tag-conservation-des-collections","tag-energies-renouvelables","tag-immobilien-fr","tag-immoinvest-fr","tag-immonews-fr","tag-led-fr","tag-photovoltaique","tag-pompe-a-chaleur","tag-ventilation","pmpro-has-access"],"acf":{"bild_mit_ki_erstellt_worden":[],"lead":"Le Mus\u00e9um d'histoire naturelle de Gen\u00e8ve a ferm\u00e9 ses portes le 1er janvier 2024 pour une ann\u00e9e afin de proc\u00e9der \u00e0 d'importants travaux de r\u00e9novation. Cette transformation concerne non seulement les salles d'exposition, mais aussi l'extension du b\u00e2timent pour accueillir la collection et les installations de recherche. L'objectif est de cr\u00e9er d'ici 2027 une infrastructure moderne et durable, capable de r\u00e9pondre aux besoins croissants.","autor":"Texte: Karin Ibach, Source: Gen\u00e8ve, Image: m\u00e0d.","ort":"","bildunterschrift":"","bild_im_grid":false,"gallerie":"","newsim":""},"aioseo_notices":[],"aioseo_head":"\n\t\t<!-- All in One SEO 5.0.0.1 - aioseo.com -->\n\t<meta name=\"description\" content=\"Le Mus\u00e9um d&#039;histoire naturelle de Gen\u00e8ve a ferm\u00e9 ses portes le 1er janvier 2024 pour une ann\u00e9e afin de proc\u00e9der \u00e0 d&#039;importants travaux de r\u00e9novation. Cette transformation concerne non seulement les salles d&#039;exposition, mais aussi l&#039;extension du b\u00e2timent pour accueillir la collection et les installations de recherche. L&#039;objectif est de cr\u00e9er d&#039;ici 2027 une infrastructure moderne et durable, capable de r\u00e9pondre aux besoins croissants.\" \/>\n\t<meta name=\"robots\" content=\"max-image-preview:large\" \/>\n\t<meta name=\"author\" content=\"immovestuser\"\/>\n\t<meta name=\"google-site-verification\" content=\"fHJKvgWpZCR2zVBHWfkQeFXC11qieUSff0HGNYfuyLA\" \/>\n\t<link rel=\"canonical\" href=\"https:\/\/www.immo-invest.ch\/fr\/le-museum-dhistoire-naturelle-de-geneve-devoile-sa-vision-energetique\/\" \/>\n\t<meta name=\"generator\" content=\"All in One SEO (AIOSEO) 5.0.0.1\" \/>\n\t\t<meta property=\"og:locale\" content=\"fr_FR\" \/>\n\t\t<meta property=\"og:site_name\" content=\"immo!nvest - Die Plattform f\u00fcr Standorte und Immobilien - Die\u00a0Plattform f\u00fcr Standorte und Immobilien\" \/>\n\t\t<meta property=\"og:type\" content=\"article\" \/>\n\t\t<meta property=\"og:title\" content=\"Le Mus\u00e9um d\u2019histoire naturelle de Gen\u00e8ve d\u00e9voile sa vision \u00e9nerg\u00e9tique - immo!nvest - Die Plattform f\u00fcr Standorte und Immobilien\" \/>\n\t\t<meta property=\"og:description\" content=\"Le Mus\u00e9um d&#039;histoire naturelle de Gen\u00e8ve a ferm\u00e9 ses portes le 1er janvier 2024 pour une ann\u00e9e afin de proc\u00e9der \u00e0 d&#039;importants travaux de r\u00e9novation. Cette transformation concerne non seulement les salles d&#039;exposition, mais aussi l&#039;extension du b\u00e2timent pour accueillir la collection et les installations de recherche. L&#039;objectif est de cr\u00e9er d&#039;ici 2027 une infrastructure moderne et durable, capable de r\u00e9pondre aux besoins croissants.\" \/>\n\t\t<meta property=\"og:url\" content=\"https:\/\/www.immo-invest.ch\/fr\/le-museum-dhistoire-naturelle-de-geneve-devoile-sa-vision-energetique\/\" \/>\n\t\t<meta property=\"og:image\" content=\"https:\/\/www.immo-invest.ch\/wp-content\/uploads\/2024\/07\/206672-5.png\" \/>\n\t\t<meta property=\"og:image:secure_url\" content=\"https:\/\/www.immo-invest.ch\/wp-content\/uploads\/2024\/07\/206672-5.png\" \/>\n\t\t<meta property=\"og:image:width\" content=\"850\" \/>\n\t\t<meta property=\"og:image:height\" content=\"640\" \/>\n\t\t<meta property=\"article:published_time\" content=\"2024-07-05T14:24:22+00:00\" \/>\n\t\t<meta property=\"article:modified_time\" content=\"2024-07-05T14:24:23+00:00\" \/>\n\t\t<meta property=\"article:publisher\" content=\"https:\/\/www.facebook.com\/people\/Immoinvest\/100077962920504\/\" \/>\n\t\t<meta name=\"twitter:card\" content=\"summary_large_image\" \/>\n\t\t<meta name=\"twitter:site\" content=\"@i\" \/>\n\t\t<meta name=\"twitter:title\" content=\"Le Mus\u00e9um d\u2019histoire naturelle de Gen\u00e8ve d\u00e9voile sa vision \u00e9nerg\u00e9tique - immo!nvest - Die Plattform f\u00fcr Standorte und Immobilien\" \/>\n\t\t<meta name=\"twitter:description\" content=\"Le Mus\u00e9um d&#039;histoire naturelle de Gen\u00e8ve a ferm\u00e9 ses portes le 1er janvier 2024 pour une ann\u00e9e afin de proc\u00e9der \u00e0 d&#039;importants travaux de r\u00e9novation. Cette transformation concerne non seulement les salles d&#039;exposition, mais aussi l&#039;extension du b\u00e2timent pour accueillir la collection et les installations de recherche. L&#039;objectif est de cr\u00e9er d&#039;ici 2027 une infrastructure moderne et durable, capable de r\u00e9pondre aux besoins croissants.\" \/>\n\t\t<meta name=\"twitter:creator\" content=\"@i\" \/>\n\t\t<meta name=\"twitter:image\" content=\"https:\/\/www.immo-invest.ch\/wp-content\/uploads\/2024\/07\/206672-5.png\" \/>\n\t\t<script type=\"application\/ld+json\" class=\"aioseo-schema\">\n\t\t\t{\"@context\":\"https:\\\/\\\/schema.org\",\"@graph\":[{\"@type\":\"BlogPosting\",\"@id\":\"https:\\\/\\\/www.immo-invest.ch\\\/fr\\\/le-museum-dhistoire-naturelle-de-geneve-devoile-sa-vision-energetique\\\/#blogposting\",\"name\":\"Le Mus\\u00e9um d\\u2019histoire naturelle de Gen\\u00e8ve d\\u00e9voile sa vision \\u00e9nerg\\u00e9tique - immo!nvest - Die Plattform f\\u00fcr Standorte und Immobilien\",\"headline\":\"Le Mus\\u00e9um d&rsquo;histoire naturelle de Gen\\u00e8ve d\\u00e9voile sa vision \\u00e9nerg\\u00e9tique\",\"author\":{\"@id\":\"https:\\\/\\\/www.immo-invest.ch\\\/fr\\\/author\\\/immovestuser\\\/#author\"},\"publisher\":{\"@id\":\"https:\\\/\\\/www.immo-invest.ch\\\/fr\\\/#organization\"},\"image\":{\"@type\":\"ImageObject\",\"url\":\"https:\\\/\\\/www.immo-invest.ch\\\/wp-content\\\/uploads\\\/2024\\\/07\\\/206672-5.png\",\"width\":850,\"height\":640},\"datePublished\":\"2024-07-05T16:24:22+02:00\",\"dateModified\":\"2024-07-05T16:24:23+02:00\",\"inLanguage\":\"fr-FR\",\"mainEntityOfPage\":{\"@id\":\"https:\\\/\\\/www.immo-invest.ch\\\/fr\\\/le-museum-dhistoire-naturelle-de-geneve-devoile-sa-vision-energetique\\\/#webpage\"},\"isPartOf\":{\"@id\":\"https:\\\/\\\/www.immo-invest.ch\\\/fr\\\/le-museum-dhistoire-naturelle-de-geneve-devoile-sa-vision-energetique\\\/#webpage\"},\"articleSection\":\"\\u00c9nergie, Genf, immoNews, conservation des collections, \\u00e9nergies renouvelables, immobilien, Immoinvest, immoNews, LED, photovolta\\u00efque, pompe \\u00e0 chaleur, ventilation, Facultatif\"},{\"@type\":\"BreadcrumbList\",\"@id\":\"https:\\\/\\\/www.immo-invest.ch\\\/fr\\\/le-museum-dhistoire-naturelle-de-geneve-devoile-sa-vision-energetique\\\/#breadcrumblist\",\"itemListElement\":[{\"@type\":\"ListItem\",\"@id\":\"https:\\\/\\\/www.immo-invest.ch\\\/fr\\\/#listItem\",\"position\":1,\"name\":\"Home\",\"item\":\"https:\\\/\\\/www.immo-invest.ch\\\/fr\\\/\",\"nextItem\":{\"@type\":\"ListItem\",\"@id\":\"https:\\\/\\\/www.immo-invest.ch\\\/fr\\\/categories\\\/regions\\\/#listItem\",\"name\":\"R\\u00e9gions\"}},{\"@type\":\"ListItem\",\"@id\":\"https:\\\/\\\/www.immo-invest.ch\\\/fr\\\/categories\\\/regions\\\/#listItem\",\"position\":2,\"name\":\"R\\u00e9gions\",\"item\":\"https:\\\/\\\/www.immo-invest.ch\\\/fr\\\/categories\\\/regions\\\/\",\"nextItem\":{\"@type\":\"ListItem\",\"@id\":\"https:\\\/\\\/www.immo-invest.ch\\\/fr\\\/categories\\\/regions\\\/suisse\\\/#listItem\",\"name\":\"Suisse\"},\"previousItem\":{\"@type\":\"ListItem\",\"@id\":\"https:\\\/\\\/www.immo-invest.ch\\\/fr\\\/#listItem\",\"name\":\"Home\"}},{\"@type\":\"ListItem\",\"@id\":\"https:\\\/\\\/www.immo-invest.ch\\\/fr\\\/categories\\\/regions\\\/suisse\\\/#listItem\",\"position\":3,\"name\":\"Suisse\",\"item\":\"https:\\\/\\\/www.immo-invest.ch\\\/fr\\\/categories\\\/regions\\\/suisse\\\/\",\"nextItem\":{\"@type\":\"ListItem\",\"@id\":\"https:\\\/\\\/www.immo-invest.ch\\\/fr\\\/categories\\\/regions\\\/suisse\\\/region-lemanique\\\/#listItem\",\"name\":\"R\\u00e9gion l\\u00e9manique\"},\"previousItem\":{\"@type\":\"ListItem\",\"@id\":\"https:\\\/\\\/www.immo-invest.ch\\\/fr\\\/categories\\\/regions\\\/#listItem\",\"name\":\"R\\u00e9gions\"}},{\"@type\":\"ListItem\",\"@id\":\"https:\\\/\\\/www.immo-invest.ch\\\/fr\\\/categories\\\/regions\\\/suisse\\\/region-lemanique\\\/#listItem\",\"position\":4,\"name\":\"R\\u00e9gion l\\u00e9manique\",\"item\":\"https:\\\/\\\/www.immo-invest.ch\\\/fr\\\/categories\\\/regions\\\/suisse\\\/region-lemanique\\\/\",\"nextItem\":{\"@type\":\"ListItem\",\"@id\":\"https:\\\/\\\/www.immo-invest.ch\\\/fr\\\/categories\\\/regions\\\/suisse\\\/region-lemanique\\\/genf-fr\\\/#listItem\",\"name\":\"Genf\"},\"previousItem\":{\"@type\":\"ListItem\",\"@id\":\"https:\\\/\\\/www.immo-invest.ch\\\/fr\\\/categories\\\/regions\\\/suisse\\\/#listItem\",\"name\":\"Suisse\"}},{\"@type\":\"ListItem\",\"@id\":\"https:\\\/\\\/www.immo-invest.ch\\\/fr\\\/categories\\\/regions\\\/suisse\\\/region-lemanique\\\/genf-fr\\\/#listItem\",\"position\":5,\"name\":\"Genf\",\"item\":\"https:\\\/\\\/www.immo-invest.ch\\\/fr\\\/categories\\\/regions\\\/suisse\\\/region-lemanique\\\/genf-fr\\\/\",\"nextItem\":{\"@type\":\"ListItem\",\"@id\":\"https:\\\/\\\/www.immo-invest.ch\\\/fr\\\/le-museum-dhistoire-naturelle-de-geneve-devoile-sa-vision-energetique\\\/#listItem\",\"name\":\"Le Mus\\u00e9um d&rsquo;histoire naturelle de Gen\\u00e8ve d\\u00e9voile sa vision \\u00e9nerg\\u00e9tique\"},\"previousItem\":{\"@type\":\"ListItem\",\"@id\":\"https:\\\/\\\/www.immo-invest.ch\\\/fr\\\/categories\\\/regions\\\/suisse\\\/region-lemanique\\\/#listItem\",\"name\":\"R\\u00e9gion l\\u00e9manique\"}},{\"@type\":\"ListItem\",\"@id\":\"https:\\\/\\\/www.immo-invest.ch\\\/fr\\\/le-museum-dhistoire-naturelle-de-geneve-devoile-sa-vision-energetique\\\/#listItem\",\"position\":6,\"name\":\"Le Mus\\u00e9um d&rsquo;histoire naturelle de Gen\\u00e8ve d\\u00e9voile sa vision \\u00e9nerg\\u00e9tique\",\"previousItem\":{\"@type\":\"ListItem\",\"@id\":\"https:\\\/\\\/www.immo-invest.ch\\\/fr\\\/categories\\\/regions\\\/suisse\\\/region-lemanique\\\/genf-fr\\\/#listItem\",\"name\":\"Genf\"}}]},{\"@type\":\"Organization\",\"@id\":\"https:\\\/\\\/www.immo-invest.ch\\\/fr\\\/#organization\",\"name\":\"immo!nvest - Die Plattform f\\u00fcr Standorte und Immobilien\",\"description\":\"Die\\u00a0Plattform f\\u00fcr Standorte und Immobilien\",\"url\":\"https:\\\/\\\/www.immo-invest.ch\\\/fr\\\/\",\"email\":\"admin@immomedia.ag\",\"telephone\":\"+41444420002\",\"logo\":{\"@type\":\"ImageObject\",\"url\":\"https:\\\/\\\/www.immo-invest.ch\\\/wp-content\\\/uploads\\\/2024\\\/09\\\/immoinvest_sm-scaled.jpg\",\"@id\":\"https:\\\/\\\/www.immo-invest.ch\\\/fr\\\/le-museum-dhistoire-naturelle-de-geneve-devoile-sa-vision-energetique\\\/#organizationLogo\",\"width\":2560,\"height\":1340},\"image\":{\"@id\":\"https:\\\/\\\/www.immo-invest.ch\\\/fr\\\/le-museum-dhistoire-naturelle-de-geneve-devoile-sa-vision-energetique\\\/#organizationLogo\"},\"sameAs\":[\"https:\\\/\\\/www.facebook.com\\\/people\\\/Immoinvest\\\/100077962920504\\\/\",\"https:\\\/\\\/x.com\\\/i\\\/flow\\\/login?redirect_after_login=immoinvest_ch\",\"https:\\\/\\\/www.instagram.com\\\/immoinvest_ch\\\/\",\"https:\\\/\\\/www.linkedin.com\\\/company\\\/immoinvest-swiss\"]},{\"@type\":\"Person\",\"@id\":\"https:\\\/\\\/www.immo-invest.ch\\\/fr\\\/author\\\/immovestuser\\\/#author\",\"url\":\"https:\\\/\\\/www.immo-invest.ch\\\/fr\\\/author\\\/immovestuser\\\/\",\"name\":\"immovestuser\",\"image\":{\"@type\":\"ImageObject\",\"@id\":\"https:\\\/\\\/www.immo-invest.ch\\\/fr\\\/le-museum-dhistoire-naturelle-de-geneve-devoile-sa-vision-energetique\\\/#authorImage\",\"url\":\"https:\\\/\\\/secure.gravatar.com\\\/avatar\\\/8e01f4d99f2eeea7a362ebb93305e1172a70e9293ba250f897a65c39f54cdd1e?s=96&d=mm&r=g\",\"width\":96,\"height\":96,\"caption\":\"immovestuser\"}},{\"@type\":\"WebPage\",\"@id\":\"https:\\\/\\\/www.immo-invest.ch\\\/fr\\\/le-museum-dhistoire-naturelle-de-geneve-devoile-sa-vision-energetique\\\/#webpage\",\"url\":\"https:\\\/\\\/www.immo-invest.ch\\\/fr\\\/le-museum-dhistoire-naturelle-de-geneve-devoile-sa-vision-energetique\\\/\",\"name\":\"Le Mus\\u00e9um d\\u2019histoire naturelle de Gen\\u00e8ve d\\u00e9voile sa vision \\u00e9nerg\\u00e9tique - immo!nvest - Die Plattform f\\u00fcr Standorte und Immobilien\",\"description\":\"Le Mus\\u00e9um d'histoire naturelle de Gen\\u00e8ve a ferm\\u00e9 ses portes le 1er janvier 2024 pour une ann\\u00e9e afin de proc\\u00e9der \\u00e0 d'importants travaux de r\\u00e9novation. Cette transformation concerne non seulement les salles d'exposition, mais aussi l'extension du b\\u00e2timent pour accueillir la collection et les installations de recherche. L'objectif est de cr\\u00e9er d'ici 2027 une infrastructure moderne et durable, capable de r\\u00e9pondre aux besoins croissants.\",\"inLanguage\":\"fr-FR\",\"isPartOf\":{\"@id\":\"https:\\\/\\\/www.immo-invest.ch\\\/fr\\\/#website\"},\"breadcrumb\":{\"@id\":\"https:\\\/\\\/www.immo-invest.ch\\\/fr\\\/le-museum-dhistoire-naturelle-de-geneve-devoile-sa-vision-energetique\\\/#breadcrumblist\"},\"author\":{\"@id\":\"https:\\\/\\\/www.immo-invest.ch\\\/fr\\\/author\\\/immovestuser\\\/#author\"},\"creator\":{\"@id\":\"https:\\\/\\\/www.immo-invest.ch\\\/fr\\\/author\\\/immovestuser\\\/#author\"},\"image\":{\"@type\":\"ImageObject\",\"url\":\"https:\\\/\\\/www.immo-invest.ch\\\/wp-content\\\/uploads\\\/2024\\\/07\\\/206672-5.png\",\"@id\":\"https:\\\/\\\/www.immo-invest.ch\\\/fr\\\/le-museum-dhistoire-naturelle-de-geneve-devoile-sa-vision-energetique\\\/#mainImage\",\"width\":850,\"height\":640},\"primaryImageOfPage\":{\"@id\":\"https:\\\/\\\/www.immo-invest.ch\\\/fr\\\/le-museum-dhistoire-naturelle-de-geneve-devoile-sa-vision-energetique\\\/#mainImage\"},\"datePublished\":\"2024-07-05T16:24:22+02:00\",\"dateModified\":\"2024-07-05T16:24:23+02:00\"},{\"@type\":\"WebSite\",\"@id\":\"https:\\\/\\\/www.immo-invest.ch\\\/fr\\\/#website\",\"url\":\"https:\\\/\\\/www.immo-invest.ch\\\/fr\\\/\",\"name\":\"immo!nvest - Die Plattform f\\u00fcr Standorte und Immobilien\",\"description\":\"Die\\u00a0Plattform f\\u00fcr Standorte und Immobilien\",\"inLanguage\":\"fr-FR\",\"publisher\":{\"@id\":\"https:\\\/\\\/www.immo-invest.ch\\\/fr\\\/#organization\"}}]}\n\t\t<\/script>\n\t\t<!-- All in One SEO -->\n\n","aioseo_head_json":{"title":"Le Mus\u00e9um d\u2019histoire naturelle de Gen\u00e8ve d\u00e9voile sa vision \u00e9nerg\u00e9tique - immo!nvest - Die Plattform f\u00fcr Standorte und Immobilien","description":"Le Mus\u00e9um d'histoire naturelle de Gen\u00e8ve a ferm\u00e9 ses portes le 1er janvier 2024 pour une ann\u00e9e afin de proc\u00e9der \u00e0 d'importants travaux de r\u00e9novation. Cette transformation concerne non seulement les salles d'exposition, mais aussi l'extension du b\u00e2timent pour accueillir la collection et les installations de recherche. L'objectif est de cr\u00e9er d'ici 2027 une infrastructure moderne et durable, capable de r\u00e9pondre aux besoins croissants.","canonical_url":"https:\/\/www.immo-invest.ch\/fr\/le-museum-dhistoire-naturelle-de-geneve-devoile-sa-vision-energetique\/","robots":"max-image-preview:large","keywords":"","webmasterTools":{"google-site-verification":"fHJKvgWpZCR2zVBHWfkQeFXC11qieUSff0HGNYfuyLA","miscellaneous":""},"schema":{"@context":"https:\/\/schema.org","@graph":[{"@type":"BlogPosting","@id":"https:\/\/www.immo-invest.ch\/fr\/le-museum-dhistoire-naturelle-de-geneve-devoile-sa-vision-energetique\/#blogposting","name":"Le Mus\u00e9um d\u2019histoire naturelle de Gen\u00e8ve d\u00e9voile sa vision \u00e9nerg\u00e9tique - immo!nvest - Die Plattform f\u00fcr Standorte und Immobilien","headline":"Le Mus\u00e9um d&rsquo;histoire naturelle de Gen\u00e8ve d\u00e9voile sa vision \u00e9nerg\u00e9tique","author":{"@id":"https:\/\/www.immo-invest.ch\/fr\/author\/immovestuser\/#author"},"publisher":{"@id":"https:\/\/www.immo-invest.ch\/fr\/#organization"},"image":{"@type":"ImageObject","url":"https:\/\/www.immo-invest.ch\/wp-content\/uploads\/2024\/07\/206672-5.png","width":850,"height":640},"datePublished":"2024-07-05T16:24:22+02:00","dateModified":"2024-07-05T16:24:23+02:00","inLanguage":"fr-FR","mainEntityOfPage":{"@id":"https:\/\/www.immo-invest.ch\/fr\/le-museum-dhistoire-naturelle-de-geneve-devoile-sa-vision-energetique\/#webpage"},"isPartOf":{"@id":"https:\/\/www.immo-invest.ch\/fr\/le-museum-dhistoire-naturelle-de-geneve-devoile-sa-vision-energetique\/#webpage"},"articleSection":"\u00c9nergie, Genf, immoNews, conservation des collections, \u00e9nergies renouvelables, immobilien, Immoinvest, immoNews, LED, photovolta\u00efque, pompe \u00e0 chaleur, ventilation, Facultatif"},{"@type":"BreadcrumbList","@id":"https:\/\/www.immo-invest.ch\/fr\/le-museum-dhistoire-naturelle-de-geneve-devoile-sa-vision-energetique\/#breadcrumblist","itemListElement":[{"@type":"ListItem","@id":"https:\/\/www.immo-invest.ch\/fr\/#listItem","position":1,"name":"Home","item":"https:\/\/www.immo-invest.ch\/fr\/","nextItem":{"@type":"ListItem","@id":"https:\/\/www.immo-invest.ch\/fr\/categories\/regions\/#listItem","name":"R\u00e9gions"}},{"@type":"ListItem","@id":"https:\/\/www.immo-invest.ch\/fr\/categories\/regions\/#listItem","position":2,"name":"R\u00e9gions","item":"https:\/\/www.immo-invest.ch\/fr\/categories\/regions\/","nextItem":{"@type":"ListItem","@id":"https:\/\/www.immo-invest.ch\/fr\/categories\/regions\/suisse\/#listItem","name":"Suisse"},"previousItem":{"@type":"ListItem","@id":"https:\/\/www.immo-invest.ch\/fr\/#listItem","name":"Home"}},{"@type":"ListItem","@id":"https:\/\/www.immo-invest.ch\/fr\/categories\/regions\/suisse\/#listItem","position":3,"name":"Suisse","item":"https:\/\/www.immo-invest.ch\/fr\/categories\/regions\/suisse\/","nextItem":{"@type":"ListItem","@id":"https:\/\/www.immo-invest.ch\/fr\/categories\/regions\/suisse\/region-lemanique\/#listItem","name":"R\u00e9gion l\u00e9manique"},"previousItem":{"@type":"ListItem","@id":"https:\/\/www.immo-invest.ch\/fr\/categories\/regions\/#listItem","name":"R\u00e9gions"}},{"@type":"ListItem","@id":"https:\/\/www.immo-invest.ch\/fr\/categories\/regions\/suisse\/region-lemanique\/#listItem","position":4,"name":"R\u00e9gion l\u00e9manique","item":"https:\/\/www.immo-invest.ch\/fr\/categories\/regions\/suisse\/region-lemanique\/","nextItem":{"@type":"ListItem","@id":"https:\/\/www.immo-invest.ch\/fr\/categories\/regions\/suisse\/region-lemanique\/genf-fr\/#listItem","name":"Genf"},"previousItem":{"@type":"ListItem","@id":"https:\/\/www.immo-invest.ch\/fr\/categories\/regions\/suisse\/#listItem","name":"Suisse"}},{"@type":"ListItem","@id":"https:\/\/www.immo-invest.ch\/fr\/categories\/regions\/suisse\/region-lemanique\/genf-fr\/#listItem","position":5,"name":"Genf","item":"https:\/\/www.immo-invest.ch\/fr\/categories\/regions\/suisse\/region-lemanique\/genf-fr\/","nextItem":{"@type":"ListItem","@id":"https:\/\/www.immo-invest.ch\/fr\/le-museum-dhistoire-naturelle-de-geneve-devoile-sa-vision-energetique\/#listItem","name":"Le Mus\u00e9um d&rsquo;histoire naturelle de Gen\u00e8ve d\u00e9voile sa vision \u00e9nerg\u00e9tique"},"previousItem":{"@type":"ListItem","@id":"https:\/\/www.immo-invest.ch\/fr\/categories\/regions\/suisse\/region-lemanique\/#listItem","name":"R\u00e9gion l\u00e9manique"}},{"@type":"ListItem","@id":"https:\/\/www.immo-invest.ch\/fr\/le-museum-dhistoire-naturelle-de-geneve-devoile-sa-vision-energetique\/#listItem","position":6,"name":"Le Mus\u00e9um d&rsquo;histoire naturelle de Gen\u00e8ve d\u00e9voile sa vision \u00e9nerg\u00e9tique","previousItem":{"@type":"ListItem","@id":"https:\/\/www.immo-invest.ch\/fr\/categories\/regions\/suisse\/region-lemanique\/genf-fr\/#listItem","name":"Genf"}}]},{"@type":"Organization","@id":"https:\/\/www.immo-invest.ch\/fr\/#organization","name":"immo!nvest - Die Plattform f\u00fcr Standorte und Immobilien","description":"Die\u00a0Plattform f\u00fcr Standorte und Immobilien","url":"https:\/\/www.immo-invest.ch\/fr\/","email":"admin@immomedia.ag","telephone":"+41444420002","logo":{"@type":"ImageObject","url":"https:\/\/www.immo-invest.ch\/wp-content\/uploads\/2024\/09\/immoinvest_sm-scaled.jpg","@id":"https:\/\/www.immo-invest.ch\/fr\/le-museum-dhistoire-naturelle-de-geneve-devoile-sa-vision-energetique\/#organizationLogo","width":2560,"height":1340},"image":{"@id":"https:\/\/www.immo-invest.ch\/fr\/le-museum-dhistoire-naturelle-de-geneve-devoile-sa-vision-energetique\/#organizationLogo"},"sameAs":["https:\/\/www.facebook.com\/people\/Immoinvest\/100077962920504\/","https:\/\/x.com\/i\/flow\/login?redirect_after_login=immoinvest_ch","https:\/\/www.instagram.com\/immoinvest_ch\/","https:\/\/www.linkedin.com\/company\/immoinvest-swiss"]},{"@type":"Person","@id":"https:\/\/www.immo-invest.ch\/fr\/author\/immovestuser\/#author","url":"https:\/\/www.immo-invest.ch\/fr\/author\/immovestuser\/","name":"immovestuser","image":{"@type":"ImageObject","@id":"https:\/\/www.immo-invest.ch\/fr\/le-museum-dhistoire-naturelle-de-geneve-devoile-sa-vision-energetique\/#authorImage","url":"https:\/\/secure.gravatar.com\/avatar\/8e01f4d99f2eeea7a362ebb93305e1172a70e9293ba250f897a65c39f54cdd1e?s=96&d=mm&r=g","width":96,"height":96,"caption":"immovestuser"}},{"@type":"WebPage","@id":"https:\/\/www.immo-invest.ch\/fr\/le-museum-dhistoire-naturelle-de-geneve-devoile-sa-vision-energetique\/#webpage","url":"https:\/\/www.immo-invest.ch\/fr\/le-museum-dhistoire-naturelle-de-geneve-devoile-sa-vision-energetique\/","name":"Le Mus\u00e9um d\u2019histoire naturelle de Gen\u00e8ve d\u00e9voile sa vision \u00e9nerg\u00e9tique - immo!nvest - Die Plattform f\u00fcr Standorte und Immobilien","description":"Le Mus\u00e9um d'histoire naturelle de Gen\u00e8ve a ferm\u00e9 ses portes le 1er janvier 2024 pour une ann\u00e9e afin de proc\u00e9der \u00e0 d'importants travaux de r\u00e9novation. Cette transformation concerne non seulement les salles d'exposition, mais aussi l'extension du b\u00e2timent pour accueillir la collection et les installations de recherche. L'objectif est de cr\u00e9er d'ici 2027 une infrastructure moderne et durable, capable de r\u00e9pondre aux besoins croissants.","inLanguage":"fr-FR","isPartOf":{"@id":"https:\/\/www.immo-invest.ch\/fr\/#website"},"breadcrumb":{"@id":"https:\/\/www.immo-invest.ch\/fr\/le-museum-dhistoire-naturelle-de-geneve-devoile-sa-vision-energetique\/#breadcrumblist"},"author":{"@id":"https:\/\/www.immo-invest.ch\/fr\/author\/immovestuser\/#author"},"creator":{"@id":"https:\/\/www.immo-invest.ch\/fr\/author\/immovestuser\/#author"},"image":{"@type":"ImageObject","url":"https:\/\/www.immo-invest.ch\/wp-content\/uploads\/2024\/07\/206672-5.png","@id":"https:\/\/www.immo-invest.ch\/fr\/le-museum-dhistoire-naturelle-de-geneve-devoile-sa-vision-energetique\/#mainImage","width":850,"height":640},"primaryImageOfPage":{"@id":"https:\/\/www.immo-invest.ch\/fr\/le-museum-dhistoire-naturelle-de-geneve-devoile-sa-vision-energetique\/#mainImage"},"datePublished":"2024-07-05T16:24:22+02:00","dateModified":"2024-07-05T16:24:23+02:00"},{"@type":"WebSite","@id":"https:\/\/www.immo-invest.ch\/fr\/#website","url":"https:\/\/www.immo-invest.ch\/fr\/","name":"immo!nvest - Die Plattform f\u00fcr Standorte und Immobilien","description":"Die\u00a0Plattform f\u00fcr Standorte und Immobilien","inLanguage":"fr-FR","publisher":{"@id":"https:\/\/www.immo-invest.ch\/fr\/#organization"}}]},"og:locale":"fr_FR","og:site_name":"immo!nvest - Die Plattform f\u00fcr Standorte und Immobilien - Die\u00a0Plattform f\u00fcr Standorte und Immobilien","og:type":"article","og:title":"Le Mus\u00e9um d\u2019histoire naturelle de Gen\u00e8ve d\u00e9voile sa vision \u00e9nerg\u00e9tique - immo!nvest - Die Plattform f\u00fcr Standorte und Immobilien","og:description":"Le Mus\u00e9um d'histoire naturelle de Gen\u00e8ve a ferm\u00e9 ses portes le 1er janvier 2024 pour une ann\u00e9e afin de proc\u00e9der \u00e0 d'importants travaux de r\u00e9novation. Cette transformation concerne non seulement les salles d'exposition, mais aussi l'extension du b\u00e2timent pour accueillir la collection et les installations de recherche. L'objectif est de cr\u00e9er d'ici 2027 une infrastructure moderne et durable, capable de r\u00e9pondre aux besoins croissants.","og:url":"https:\/\/www.immo-invest.ch\/fr\/le-museum-dhistoire-naturelle-de-geneve-devoile-sa-vision-energetique\/","og:image":"https:\/\/www.immo-invest.ch\/wp-content\/uploads\/2024\/07\/206672-5.png","og:image:secure_url":"https:\/\/www.immo-invest.ch\/wp-content\/uploads\/2024\/07\/206672-5.png","og:image:width":850,"og:image:height":640,"article:published_time":"2024-07-05T14:24:22+00:00","article:modified_time":"2024-07-05T14:24:23+00:00","article:publisher":"https:\/\/www.facebook.com\/people\/Immoinvest\/100077962920504\/","twitter:card":"summary_large_image","twitter:site":"@i","twitter:title":"Le Mus\u00e9um d\u2019histoire naturelle de Gen\u00e8ve d\u00e9voile sa vision \u00e9nerg\u00e9tique - immo!nvest - Die Plattform f\u00fcr Standorte und Immobilien","twitter:description":"Le Mus\u00e9um d'histoire naturelle de Gen\u00e8ve a ferm\u00e9 ses portes le 1er janvier 2024 pour une ann\u00e9e afin de proc\u00e9der \u00e0 d'importants travaux de r\u00e9novation. Cette transformation concerne non seulement les salles d'exposition, mais aussi l'extension du b\u00e2timent pour accueillir la collection et les installations de recherche. L'objectif est de cr\u00e9er d'ici 2027 une infrastructure moderne et durable, capable de r\u00e9pondre aux besoins croissants.","twitter:creator":"@i","twitter:image":"https:\/\/www.immo-invest.ch\/wp-content\/uploads\/2024\/07\/206672-5.png"},"aioseo_meta_data":{"post_id":"104899","title":null,"description":null,"keywords":null,"keyphrases":null,"primary_term":null,"canonical_url":null,"og_title":null,"og_description":null,"og_object_type":"default","og_image_type":"default","og_image_url":null,"og_image_width":null,"og_image_height":null,"og_image_custom_url":null,"og_image_custom_fields":null,"og_video":null,"og_custom_url":null,"og_article_section":null,"og_article_tags":null,"twitter_use_og":false,"twitter_card":"default","twitter_image_type":"default","twitter_image_url":null,"twitter_image_custom_url":null,"twitter_image_custom_fields":null,"twitter_title":null,"twitter_description":null,"schema":{"blockGraphs":[],"customGraphs":[],"default":{"data":{"Article":[],"Course":[],"Dataset":[],"FAQPage":[],"Movie":[],"Person":[],"Product":[],"ProductReview":[],"Car":[],"Recipe":[],"Service":[],"SoftwareApplication":[],"WebPage":[]},"graphName":"","isEnabled":true},"graphs":[]},"schema_type":"default","schema_type_options":null,"pillar_content":false,"robots_default":true,"robots_noindex":false,"robots_noarchive":false,"robots_nosnippet":false,"robots_nofollow":false,"robots_noimageindex":false,"robots_noodp":false,"robots_notranslate":false,"robots_max_snippet":null,"robots_max_videopreview":null,"robots_max_imagepreview":"large","priority":null,"frequency":null,"local_seo":null,"breadcrumb_settings":null,"limit_modified_date":false,"ai":null,"created":"2024-09-20 22:56:57","updated":"2025-10-24 05:15:12","seo_analyzer_scan_date":null,"focus_keyword":null,"additional_keywords":null,"truseo_locale":null},"aioseo_breadcrumb":"<div class=\"aioseo-breadcrumbs\"><span class=\"aioseo-breadcrumb\">\n\t\t\t<a href=\"https:\/\/www.immo-invest.ch\/fr\/\" title=\"Home\">Home<\/a>\n\t\t<\/span><span class=\"aioseo-breadcrumb-separator\">&raquo;<\/span><span class=\"aioseo-breadcrumb\">\n\t\t\t<a href=\"https:\/\/www.immo-invest.ch\/fr\/categories\/regions\/\" title=\"R\u00e9gions\">R\u00e9gions<\/a>\n\t\t<\/span><span class=\"aioseo-breadcrumb-separator\">&raquo;<\/span><span class=\"aioseo-breadcrumb\">\n\t\t\t<a href=\"https:\/\/www.immo-invest.ch\/fr\/categories\/regions\/suisse\/\" title=\"Suisse\">Suisse<\/a>\n\t\t<\/span><span class=\"aioseo-breadcrumb-separator\">&raquo;<\/span><span class=\"aioseo-breadcrumb\">\n\t\t\t<a href=\"https:\/\/www.immo-invest.ch\/fr\/categories\/regions\/suisse\/region-lemanique\/\" title=\"R\u00e9gion l\u00e9manique\">R\u00e9gion l\u00e9manique<\/a>\n\t\t<\/span><span class=\"aioseo-breadcrumb-separator\">&raquo;<\/span><span class=\"aioseo-breadcrumb\">\n\t\t\t<a href=\"https:\/\/www.immo-invest.ch\/fr\/categories\/regions\/suisse\/region-lemanique\/genf-fr\/\" title=\"Genf\">Genf<\/a>\n\t\t<\/span><span class=\"aioseo-breadcrumb-separator\">&raquo;<\/span><span class=\"aioseo-breadcrumb\">\n\t\t\tLe Mus\u00e9um d\u2019histoire naturelle de Gen\u00e8ve d\u00e9voile sa vision \u00e9nerg\u00e9tique\n\t\t<\/span><\/div>","aioseo_breadcrumb_json":[{"label":"Home","link":"https:\/\/www.immo-invest.ch\/fr\/"},{"label":"R\u00e9gions","link":"https:\/\/www.immo-invest.ch\/fr\/categories\/regions\/"},{"label":"Suisse","link":"https:\/\/www.immo-invest.ch\/fr\/categories\/regions\/suisse\/"},{"label":"R\u00e9gion l\u00e9manique","link":"https:\/\/www.immo-invest.ch\/fr\/categories\/regions\/suisse\/region-lemanique\/"},{"label":"Genf","link":"https:\/\/www.immo-invest.ch\/fr\/categories\/regions\/suisse\/region-lemanique\/genf-fr\/"},{"label":"Le Mus\u00e9um d&rsquo;histoire naturelle de Gen\u00e8ve d\u00e9voile sa vision \u00e9nerg\u00e9tique","link":"https:\/\/www.immo-invest.ch\/fr\/le-museum-dhistoire-naturelle-de-geneve-devoile-sa-vision-energetique\/"}],"featured_image_src":"https:\/\/www.immo-invest.ch\/wp-content\/uploads\/2024\/07\/206672-5-336x168.png","_links":{"self":[{"href":"https:\/\/www.immo-invest.ch\/fr\/wp-json\/wp\/v2\/posts\/104899","targetHints":{"allow":["GET"]}}],"collection":[{"href":"https:\/\/www.immo-invest.ch\/fr\/wp-json\/wp\/v2\/posts"}],"about":[{"href":"https:\/\/www.immo-invest.ch\/fr\/wp-json\/wp\/v2\/types\/post"}],"author":[{"embeddable":true,"href":"https:\/\/www.immo-invest.ch\/fr\/wp-json\/wp\/v2\/users\/2"}],"replies":[{"embeddable":true,"href":"https:\/\/www.immo-invest.ch\/fr\/wp-json\/wp\/v2\/comments?post=104899"}],"version-history":[{"count":0,"href":"https:\/\/www.immo-invest.ch\/fr\/wp-json\/wp\/v2\/posts\/104899\/revisions"}],"wp:featuredmedia":[{"embeddable":true,"href":"https:\/\/www.immo-invest.ch\/fr\/wp-json\/wp\/v2\/media\/104916"}],"wp:attachment":[{"href":"https:\/\/www.immo-invest.ch\/fr\/wp-json\/wp\/v2\/media?parent=104899"}],"wp:term":[{"taxonomy":"category","embeddable":true,"href":"https:\/\/www.immo-invest.ch\/fr\/wp-json\/wp\/v2\/categories?post=104899"},{"taxonomy":"post_tag","embeddable":true,"href":"https:\/\/www.immo-invest.ch\/fr\/wp-json\/wp\/v2\/tags?post=104899"}],"curies":[{"name":"wp","href":"https:\/\/api.w.org\/{rel}","templated":true}]}}