{"id":104581,"date":"2024-07-05T14:31:04","date_gmt":"2024-07-05T12:31:04","guid":{"rendered":"https:\/\/www.immo-invest.ch\/?p=104581"},"modified":"2024-07-05T14:31:06","modified_gmt":"2024-07-05T12:31:06","slug":"geneve-pose-de-nouveaux-jalons-en-matiere-de-renovation-energetique-des-batiments","status":"publish","type":"post","link":"https:\/\/www.immo-invest.ch\/fr\/geneve-pose-de-nouveaux-jalons-en-matiere-de-renovation-energetique-des-batiments\/","title":{"rendered":"Gen\u00e8ve pose de nouveaux jalons en mati\u00e8re de r\u00e9novation \u00e9nerg\u00e9tique des b\u00e2timents"},"content":{"rendered":"<p class=\"wp-block-paragraph\">Le Grand Conseil de Gen&egrave;ve a approuv&eacute; en mars 2024 des cr&eacute;dits d&rsquo;investissement de 500 millions de francs, financ&eacute;s conjointement par le canton et le programme f&eacute;d&eacute;ral de construction. Cet accord historique confirme l&rsquo;engagement de Gen&egrave;ve en faveur de la r&eacute;novation du patrimoine b&acirc;ti afin d&rsquo;acc&eacute;l&eacute;rer la transition &eacute;nerg&eacute;tique. Il comprend des mesures telles que le maintien de l&rsquo;indice des co&ucirc;ts thermiques et des taux sp&eacute;cifiques pour les propri&eacute;taires de maisons individuelles.<\/p>\n\n\n\n<p class=\"wp-block-paragraph\"><strong>Des subventions plus &eacute;lev&eacute;es pour les r&eacute;novations &eacute;nerg&eacute;tiques<\/strong><br>Les propri&eacute;taires immobiliers peuvent d&eacute;sormais b&eacute;n&eacute;ficier d&rsquo;un soutien financier suppl&eacute;mentaire pour la r&eacute;novation de leurs b&acirc;timents. Les subventions, d&rsquo;un montant de 500 millions de francs, seront principalement attribu&eacute;es aux propri&eacute;taires priv&eacute;s, tandis que 30% b&eacute;n&eacute;ficieront aux communes et aux &eacute;tablissements publics autonomes. Les nouvelles subventions, applicables &agrave; partir du 1er juin 2024, couvrent des mesures telles que l&rsquo;<span class=\"glossaryLink\" aria-describedby=\"tt\" data-cmtooltip=\"&lt;div class=glossaryItemTitle&gt;Isolation&lt;\/div&gt;&lt;div class=glossaryItemBody&gt;Abdichtung zur Verhinderung des Durchgangs von Gas, Wasser, W&auml;rme, Elektrizit&auml;t etc., z.B. Ummantelung von Elektrokabeln oder Rohrleitungen, W&auml;rmeisolation&lt;\/div&gt;\" data-mobile-support=\"0\" data-gt-translate-attributes='[{\"attribute\":\"data-cmtooltip\", \"format\":\"html\"}]' tabindex=\"0\" role=\"link\">isolation<\/span> thermique, l&rsquo;am&eacute;lioration de la classe d&rsquo;efficacit&eacute; &eacute;nerg&eacute;tique et l&rsquo;installation de panneaux solaires.<\/p>\n\n\n\n<p class=\"wp-block-paragraph\"><strong>Nouvelles offres pour l&rsquo;optimisation &eacute;nerg&eacute;tique et la planification des travaux<\/strong><br>Les propri&eacute;taires immobiliers ont d&eacute;sormais la possibilit&eacute; d&rsquo;obtenir les m&ecirc;mes subventions que pour les normes &eacute;nerg&eacute;tiques reconnues en combinant des mesures individuelles. Gr&acirc;ce &agrave; une collaboration avec l&rsquo;Office cantonal de l&rsquo;&eacute;nergie, des plans &eacute;chelonn&eacute;s dans le temps sont &eacute;labor&eacute;s afin de r&eacute;aliser des projets d&rsquo;optimisation &eacute;nerg&eacute;tique. Les propri&eacute;taires individuels b&eacute;n&eacute;ficient des avantages, y compris un bonus pour la norme &eacute;nerg&eacute;tique atteinte et des exon&eacute;rations de taxes suppl&eacute;mentaires.<\/p>\n\n\n\n<p class=\"wp-block-paragraph\"><strong>Une approche sur mesure pour les propri&eacute;taires de maisons individuelles<\/strong><br>Les propri&eacute;taires de maisons individuelles disposent de trois ann&eacute;es suppl&eacute;mentaires pour r&eacute;pondre aux exigences de r&eacute;novation, en tenant compte de leur situation individuelle. Des facteurs tels que l&rsquo;&acirc;ge et la situation financi&egrave;re des propri&eacute;taires, le potentiel de d&eacute;veloppement du voisinage et le statut de bien culturel du b&acirc;timent entrent en ligne de compte. En outre, des pr&ecirc;ts-relais d&rsquo;un montant de 50 millions de francs ont &eacute;t&eacute; mis &agrave; disposition afin de faciliter l&rsquo;acc&egrave;s au financement de projets de r&eacute;novation &eacute;nerg&eacute;tique.<\/p>\n\n\n\n<p class=\"wp-block-paragraph\"><strong>Proc&eacute;dure de demande de subventions<\/strong><br>Les propri&eacute;taires immobiliers int&eacute;ress&eacute;s peuvent soumettre leurs demandes en ligne et, selon le type et les objectifs du projet, des subventions correspondantes peuvent &ecirc;tre accord&eacute;es. Il est important d&rsquo;introduire les demandes avant le d&eacute;but des travaux et de fournir un dossier complet conform&eacute;ment aux exigences du service cantonal de l&rsquo;&eacute;nergie. Cette avanc&eacute;e dans la r&eacute;novation &eacute;nerg&eacute;tique des b&acirc;timents montre l&rsquo;engagement de Gen&egrave;ve &agrave; promouvoir la construction &eacute;nerg&eacute;tiquement efficace et &agrave; faire progresser la ville sur la voie de la durabilit&eacute; et de la transition &eacute;nerg&eacute;tique.<\/p>\n","protected":false},"excerpt":{"rendered":"<p>Gen\u00e8ve a franchi une \u00e9tape importante pour faire progresser la r\u00e9novation \u00e9nerg\u00e9tique des b\u00e2timents. \u00c0 partir du 1er juin 2024, les propri\u00e9taires de biens immobiliers disposeront de nouvelles subventions qui les inciteront \u00e0 rendre leurs b\u00e2timents plus efficaces sur le plan \u00e9-nerg\u00e9tique et \u00e0 les convertir aux \u00e9nergies renouvelables. Des subventions accrues et des approches sur mesure pour diff\u00e9rents types de biens immobiliers permettront d&rsquo;encourager les mesures d&rsquo;efficacit\u00e9 \u00e9nerg\u00e9tique \u00e0 Gen\u00e8ve.<\/p>\n","protected":false},"author":2,"featured_media":104582,"comment_status":"open","ping_status":"open","sticky":false,"template":"","format":"standard","meta":{"pmpro_default_level":"0","inline_featured_image":false,"_monsterinsights_skip_tracking":false,"footnotes":""},"categories":[47523,22357,9652],"tags":[47946,47945,872,3931,47942,47943,47944,47941,47947],"class_list":["post-104581","post","type-post","status-publish","format-standard","has-post-thumbnail","hentry","category-genf-fr","category-industrie-du-batiment","category-renovation","tag-demande-de-subventions","tag-efficacite-energetique","tag-immoinvest-fr","tag-immonews-fr","tag-isolation-thermique","tag-office-cantonal-de-lenergie","tag-optimisation-energetique","tag-panneaux-solaires","tag-prets-relais","pmpro-has-access"],"acf":{"bild_mit_ki_erstellt_worden":[],"lead":"Gen\u00e8ve a franchi une \u00e9tape importante pour faire progresser la r\u00e9novation \u00e9nerg\u00e9tique des b\u00e2timents. \u00c0 partir du 1er juin 2024, les propri\u00e9taires de biens immobiliers disposeront de nouvelles subventions qui les inciteront \u00e0 rendre leurs b\u00e2timents plus efficaces sur le plan \u00e9-nerg\u00e9tique et \u00e0 les convertir aux \u00e9nergies renouvelables. Des subventions accrues et des approches sur mesure pour diff\u00e9rents types de biens immobiliers permettront d'encourager les mesures d'efficacit\u00e9 \u00e9nerg\u00e9tique \u00e0 Gen\u00e8ve.","autor":"Texte: Christoph Gr\u00fcninger, Image: m\u00e0d.","ort":"","bildunterschrift":"","bild_im_grid":false,"gallerie":"","newsim":""},"aioseo_notices":[],"aioseo_head":"\n\t\t<!-- All in One SEO 5.0.0.1 - aioseo.com -->\n\t<meta name=\"description\" content=\"Gen\u00e8ve a franchi une \u00e9tape importante pour faire progresser la r\u00e9novation \u00e9nerg\u00e9tique des b\u00e2timents. \u00c0 partir du 1er juin 2024, les propri\u00e9taires de biens immobiliers disposeront de nouvelles subventions qui les inciteront \u00e0 rendre leurs b\u00e2timents plus efficaces sur le plan \u00e9-nerg\u00e9tique et \u00e0 les convertir aux \u00e9nergies renouvelables. Des subventions accrues et des approches sur mesure pour diff\u00e9rents types de biens immobiliers permettront d&#039;encourager les mesures d&#039;efficacit\u00e9 \u00e9nerg\u00e9tique \u00e0 Gen\u00e8ve.\" \/>\n\t<meta name=\"robots\" content=\"max-image-preview:large\" \/>\n\t<meta name=\"author\" content=\"immovestuser\"\/>\n\t<meta name=\"google-site-verification\" content=\"fHJKvgWpZCR2zVBHWfkQeFXC11qieUSff0HGNYfuyLA\" \/>\n\t<link rel=\"canonical\" href=\"https:\/\/www.immo-invest.ch\/fr\/geneve-pose-de-nouveaux-jalons-en-matiere-de-renovation-energetique-des-batiments\/\" \/>\n\t<meta name=\"generator\" content=\"All in One SEO (AIOSEO) 5.0.0.1\" \/>\n\t\t<meta property=\"og:locale\" content=\"fr_FR\" \/>\n\t\t<meta property=\"og:site_name\" content=\"immo!nvest - Die Plattform f\u00fcr Standorte und Immobilien - Die\u00a0Plattform f\u00fcr Standorte und Immobilien\" \/>\n\t\t<meta property=\"og:type\" content=\"article\" \/>\n\t\t<meta property=\"og:title\" content=\"Gen\u00e8ve pose de nouveaux jalons en mati\u00e8re de r\u00e9novation \u00e9nerg\u00e9tique des b\u00e2timents - immo!nvest - Die Plattform f\u00fcr Standorte und Immobilien\" \/>\n\t\t<meta property=\"og:description\" content=\"Gen\u00e8ve a franchi une \u00e9tape importante pour faire progresser la r\u00e9novation \u00e9nerg\u00e9tique des b\u00e2timents. \u00c0 partir du 1er juin 2024, les propri\u00e9taires de biens immobiliers disposeront de nouvelles subventions qui les inciteront \u00e0 rendre leurs b\u00e2timents plus efficaces sur le plan \u00e9-nerg\u00e9tique et \u00e0 les convertir aux \u00e9nergies renouvelables. Des subventions accrues et des approches sur mesure pour diff\u00e9rents types de biens immobiliers permettront d&#039;encourager les mesures d&#039;efficacit\u00e9 \u00e9nerg\u00e9tique \u00e0 Gen\u00e8ve.\" \/>\n\t\t<meta property=\"og:url\" content=\"https:\/\/www.immo-invest.ch\/fr\/geneve-pose-de-nouveaux-jalons-en-matiere-de-renovation-energetique-des-batiments\/\" \/>\n\t\t<meta property=\"og:image\" content=\"https:\/\/www.immo-invest.ch\/wp-content\/uploads\/2024\/07\/watt-a-lot-gqpuuF3a2tY-unsplash.png\" \/>\n\t\t<meta property=\"og:image:secure_url\" content=\"https:\/\/www.immo-invest.ch\/wp-content\/uploads\/2024\/07\/watt-a-lot-gqpuuF3a2tY-unsplash.png\" \/>\n\t\t<meta property=\"og:image:width\" content=\"3936\" \/>\n\t\t<meta property=\"og:image:height\" content=\"2216\" \/>\n\t\t<meta property=\"article:published_time\" content=\"2024-07-05T12:31:04+00:00\" \/>\n\t\t<meta property=\"article:modified_time\" content=\"2024-07-05T12:31:06+00:00\" \/>\n\t\t<meta property=\"article:publisher\" content=\"https:\/\/www.facebook.com\/people\/Immoinvest\/100077962920504\/\" \/>\n\t\t<meta name=\"twitter:card\" content=\"summary_large_image\" \/>\n\t\t<meta name=\"twitter:site\" content=\"@i\" \/>\n\t\t<meta name=\"twitter:title\" content=\"Gen\u00e8ve pose de nouveaux jalons en mati\u00e8re de r\u00e9novation \u00e9nerg\u00e9tique des b\u00e2timents - immo!nvest - Die Plattform f\u00fcr Standorte und Immobilien\" \/>\n\t\t<meta name=\"twitter:description\" content=\"Gen\u00e8ve a franchi une \u00e9tape importante pour faire progresser la r\u00e9novation \u00e9nerg\u00e9tique des b\u00e2timents. \u00c0 partir du 1er juin 2024, les propri\u00e9taires de biens immobiliers disposeront de nouvelles subventions qui les inciteront \u00e0 rendre leurs b\u00e2timents plus efficaces sur le plan \u00e9-nerg\u00e9tique et \u00e0 les convertir aux \u00e9nergies renouvelables. Des subventions accrues et des approches sur mesure pour diff\u00e9rents types de biens immobiliers permettront d&#039;encourager les mesures d&#039;efficacit\u00e9 \u00e9nerg\u00e9tique \u00e0 Gen\u00e8ve.\" \/>\n\t\t<meta name=\"twitter:creator\" content=\"@i\" \/>\n\t\t<meta name=\"twitter:image\" content=\"https:\/\/www.immo-invest.ch\/wp-content\/uploads\/2024\/07\/watt-a-lot-gqpuuF3a2tY-unsplash.png\" \/>\n\t\t<script type=\"application\/ld+json\" class=\"aioseo-schema\">\n\t\t\t{\"@context\":\"https:\\\/\\\/schema.org\",\"@graph\":[{\"@type\":\"BlogPosting\",\"@id\":\"https:\\\/\\\/www.immo-invest.ch\\\/fr\\\/geneve-pose-de-nouveaux-jalons-en-matiere-de-renovation-energetique-des-batiments\\\/#blogposting\",\"name\":\"Gen\\u00e8ve pose de nouveaux jalons en mati\\u00e8re de r\\u00e9novation \\u00e9nerg\\u00e9tique des b\\u00e2timents - immo!nvest - Die Plattform f\\u00fcr Standorte und Immobilien\",\"headline\":\"Gen\\u00e8ve pose de nouveaux jalons en mati\\u00e8re de r\\u00e9novation \\u00e9nerg\\u00e9tique des b\\u00e2timents\",\"author\":{\"@id\":\"https:\\\/\\\/www.immo-invest.ch\\\/fr\\\/author\\\/immovestuser\\\/#author\"},\"publisher\":{\"@id\":\"https:\\\/\\\/www.immo-invest.ch\\\/fr\\\/#organization\"},\"image\":{\"@type\":\"ImageObject\",\"url\":\"https:\\\/\\\/www.immo-invest.ch\\\/wp-content\\\/uploads\\\/2024\\\/07\\\/watt-a-lot-gqpuuF3a2tY-unsplash.png\",\"width\":3936,\"height\":2216},\"datePublished\":\"2024-07-05T14:31:04+02:00\",\"dateModified\":\"2024-07-05T14:31:06+02:00\",\"inLanguage\":\"fr-FR\",\"mainEntityOfPage\":{\"@id\":\"https:\\\/\\\/www.immo-invest.ch\\\/fr\\\/geneve-pose-de-nouveaux-jalons-en-matiere-de-renovation-energetique-des-batiments\\\/#webpage\"},\"isPartOf\":{\"@id\":\"https:\\\/\\\/www.immo-invest.ch\\\/fr\\\/geneve-pose-de-nouveaux-jalons-en-matiere-de-renovation-energetique-des-batiments\\\/#webpage\"},\"articleSection\":\"Genf, Industrie du b\\u00e2timent, R\\u00e9novation, demande de subventions, efficacit\\u00e9 \\u00e9nerg\\u00e9tique, Immoinvest, immoNews, isolation thermique, Office cantonal de l&#039;\\u00e9nergie, optimisation \\u00e9nerg\\u00e9tique, panneaux solaires, pr\\u00eats-relais, Facultatif\"},{\"@type\":\"BreadcrumbList\",\"@id\":\"https:\\\/\\\/www.immo-invest.ch\\\/fr\\\/geneve-pose-de-nouveaux-jalons-en-matiere-de-renovation-energetique-des-batiments\\\/#breadcrumblist\",\"itemListElement\":[{\"@type\":\"ListItem\",\"@id\":\"https:\\\/\\\/www.immo-invest.ch\\\/fr\\\/#listItem\",\"position\":1,\"name\":\"Home\",\"item\":\"https:\\\/\\\/www.immo-invest.ch\\\/fr\\\/\",\"nextItem\":{\"@type\":\"ListItem\",\"@id\":\"https:\\\/\\\/www.immo-invest.ch\\\/fr\\\/categories\\\/regions\\\/#listItem\",\"name\":\"R\\u00e9gions\"}},{\"@type\":\"ListItem\",\"@id\":\"https:\\\/\\\/www.immo-invest.ch\\\/fr\\\/categories\\\/regions\\\/#listItem\",\"position\":2,\"name\":\"R\\u00e9gions\",\"item\":\"https:\\\/\\\/www.immo-invest.ch\\\/fr\\\/categories\\\/regions\\\/\",\"nextItem\":{\"@type\":\"ListItem\",\"@id\":\"https:\\\/\\\/www.immo-invest.ch\\\/fr\\\/categories\\\/regions\\\/suisse\\\/#listItem\",\"name\":\"Suisse\"},\"previousItem\":{\"@type\":\"ListItem\",\"@id\":\"https:\\\/\\\/www.immo-invest.ch\\\/fr\\\/#listItem\",\"name\":\"Home\"}},{\"@type\":\"ListItem\",\"@id\":\"https:\\\/\\\/www.immo-invest.ch\\\/fr\\\/categories\\\/regions\\\/suisse\\\/#listItem\",\"position\":3,\"name\":\"Suisse\",\"item\":\"https:\\\/\\\/www.immo-invest.ch\\\/fr\\\/categories\\\/regions\\\/suisse\\\/\",\"nextItem\":{\"@type\":\"ListItem\",\"@id\":\"https:\\\/\\\/www.immo-invest.ch\\\/fr\\\/categories\\\/regions\\\/suisse\\\/region-lemanique\\\/#listItem\",\"name\":\"R\\u00e9gion l\\u00e9manique\"},\"previousItem\":{\"@type\":\"ListItem\",\"@id\":\"https:\\\/\\\/www.immo-invest.ch\\\/fr\\\/categories\\\/regions\\\/#listItem\",\"name\":\"R\\u00e9gions\"}},{\"@type\":\"ListItem\",\"@id\":\"https:\\\/\\\/www.immo-invest.ch\\\/fr\\\/categories\\\/regions\\\/suisse\\\/region-lemanique\\\/#listItem\",\"position\":4,\"name\":\"R\\u00e9gion l\\u00e9manique\",\"item\":\"https:\\\/\\\/www.immo-invest.ch\\\/fr\\\/categories\\\/regions\\\/suisse\\\/region-lemanique\\\/\",\"nextItem\":{\"@type\":\"ListItem\",\"@id\":\"https:\\\/\\\/www.immo-invest.ch\\\/fr\\\/categories\\\/regions\\\/suisse\\\/region-lemanique\\\/genf-fr\\\/#listItem\",\"name\":\"Genf\"},\"previousItem\":{\"@type\":\"ListItem\",\"@id\":\"https:\\\/\\\/www.immo-invest.ch\\\/fr\\\/categories\\\/regions\\\/suisse\\\/#listItem\",\"name\":\"Suisse\"}},{\"@type\":\"ListItem\",\"@id\":\"https:\\\/\\\/www.immo-invest.ch\\\/fr\\\/categories\\\/regions\\\/suisse\\\/region-lemanique\\\/genf-fr\\\/#listItem\",\"position\":5,\"name\":\"Genf\",\"item\":\"https:\\\/\\\/www.immo-invest.ch\\\/fr\\\/categories\\\/regions\\\/suisse\\\/region-lemanique\\\/genf-fr\\\/\",\"nextItem\":{\"@type\":\"ListItem\",\"@id\":\"https:\\\/\\\/www.immo-invest.ch\\\/fr\\\/geneve-pose-de-nouveaux-jalons-en-matiere-de-renovation-energetique-des-batiments\\\/#listItem\",\"name\":\"Gen\\u00e8ve pose de nouveaux jalons en mati\\u00e8re de r\\u00e9novation \\u00e9nerg\\u00e9tique des b\\u00e2timents\"},\"previousItem\":{\"@type\":\"ListItem\",\"@id\":\"https:\\\/\\\/www.immo-invest.ch\\\/fr\\\/categories\\\/regions\\\/suisse\\\/region-lemanique\\\/#listItem\",\"name\":\"R\\u00e9gion l\\u00e9manique\"}},{\"@type\":\"ListItem\",\"@id\":\"https:\\\/\\\/www.immo-invest.ch\\\/fr\\\/geneve-pose-de-nouveaux-jalons-en-matiere-de-renovation-energetique-des-batiments\\\/#listItem\",\"position\":6,\"name\":\"Gen\\u00e8ve pose de nouveaux jalons en mati\\u00e8re de r\\u00e9novation \\u00e9nerg\\u00e9tique des b\\u00e2timents\",\"previousItem\":{\"@type\":\"ListItem\",\"@id\":\"https:\\\/\\\/www.immo-invest.ch\\\/fr\\\/categories\\\/regions\\\/suisse\\\/region-lemanique\\\/genf-fr\\\/#listItem\",\"name\":\"Genf\"}}]},{\"@type\":\"Organization\",\"@id\":\"https:\\\/\\\/www.immo-invest.ch\\\/fr\\\/#organization\",\"name\":\"immo!nvest - Die Plattform f\\u00fcr Standorte und Immobilien\",\"description\":\"Die\\u00a0Plattform f\\u00fcr Standorte und Immobilien\",\"url\":\"https:\\\/\\\/www.immo-invest.ch\\\/fr\\\/\",\"email\":\"admin@immomedia.ag\",\"telephone\":\"+41444420002\",\"logo\":{\"@type\":\"ImageObject\",\"url\":\"https:\\\/\\\/www.immo-invest.ch\\\/wp-content\\\/uploads\\\/2024\\\/09\\\/immoinvest_sm-scaled.jpg\",\"@id\":\"https:\\\/\\\/www.immo-invest.ch\\\/fr\\\/geneve-pose-de-nouveaux-jalons-en-matiere-de-renovation-energetique-des-batiments\\\/#organizationLogo\",\"width\":2560,\"height\":1340},\"image\":{\"@id\":\"https:\\\/\\\/www.immo-invest.ch\\\/fr\\\/geneve-pose-de-nouveaux-jalons-en-matiere-de-renovation-energetique-des-batiments\\\/#organizationLogo\"},\"sameAs\":[\"https:\\\/\\\/www.facebook.com\\\/people\\\/Immoinvest\\\/100077962920504\\\/\",\"https:\\\/\\\/x.com\\\/i\\\/flow\\\/login?redirect_after_login=immoinvest_ch\",\"https:\\\/\\\/www.instagram.com\\\/immoinvest_ch\\\/\",\"https:\\\/\\\/www.linkedin.com\\\/company\\\/immoinvest-swiss\"]},{\"@type\":\"Person\",\"@id\":\"https:\\\/\\\/www.immo-invest.ch\\\/fr\\\/author\\\/immovestuser\\\/#author\",\"url\":\"https:\\\/\\\/www.immo-invest.ch\\\/fr\\\/author\\\/immovestuser\\\/\",\"name\":\"immovestuser\",\"image\":{\"@type\":\"ImageObject\",\"@id\":\"https:\\\/\\\/www.immo-invest.ch\\\/fr\\\/geneve-pose-de-nouveaux-jalons-en-matiere-de-renovation-energetique-des-batiments\\\/#authorImage\",\"url\":\"https:\\\/\\\/secure.gravatar.com\\\/avatar\\\/8e01f4d99f2eeea7a362ebb93305e1172a70e9293ba250f897a65c39f54cdd1e?s=96&d=mm&r=g\",\"width\":96,\"height\":96,\"caption\":\"immovestuser\"}},{\"@type\":\"WebPage\",\"@id\":\"https:\\\/\\\/www.immo-invest.ch\\\/fr\\\/geneve-pose-de-nouveaux-jalons-en-matiere-de-renovation-energetique-des-batiments\\\/#webpage\",\"url\":\"https:\\\/\\\/www.immo-invest.ch\\\/fr\\\/geneve-pose-de-nouveaux-jalons-en-matiere-de-renovation-energetique-des-batiments\\\/\",\"name\":\"Gen\\u00e8ve pose de nouveaux jalons en mati\\u00e8re de r\\u00e9novation \\u00e9nerg\\u00e9tique des b\\u00e2timents - immo!nvest - Die Plattform f\\u00fcr Standorte und Immobilien\",\"description\":\"Gen\\u00e8ve a franchi une \\u00e9tape importante pour faire progresser la r\\u00e9novation \\u00e9nerg\\u00e9tique des b\\u00e2timents. \\u00c0 partir du 1er juin 2024, les propri\\u00e9taires de biens immobiliers disposeront de nouvelles subventions qui les inciteront \\u00e0 rendre leurs b\\u00e2timents plus efficaces sur le plan \\u00e9-nerg\\u00e9tique et \\u00e0 les convertir aux \\u00e9nergies renouvelables. Des subventions accrues et des approches sur mesure pour diff\\u00e9rents types de biens immobiliers permettront d'encourager les mesures d'efficacit\\u00e9 \\u00e9nerg\\u00e9tique \\u00e0 Gen\\u00e8ve.\",\"inLanguage\":\"fr-FR\",\"isPartOf\":{\"@id\":\"https:\\\/\\\/www.immo-invest.ch\\\/fr\\\/#website\"},\"breadcrumb\":{\"@id\":\"https:\\\/\\\/www.immo-invest.ch\\\/fr\\\/geneve-pose-de-nouveaux-jalons-en-matiere-de-renovation-energetique-des-batiments\\\/#breadcrumblist\"},\"author\":{\"@id\":\"https:\\\/\\\/www.immo-invest.ch\\\/fr\\\/author\\\/immovestuser\\\/#author\"},\"creator\":{\"@id\":\"https:\\\/\\\/www.immo-invest.ch\\\/fr\\\/author\\\/immovestuser\\\/#author\"},\"image\":{\"@type\":\"ImageObject\",\"url\":\"https:\\\/\\\/www.immo-invest.ch\\\/wp-content\\\/uploads\\\/2024\\\/07\\\/watt-a-lot-gqpuuF3a2tY-unsplash.png\",\"@id\":\"https:\\\/\\\/www.immo-invest.ch\\\/fr\\\/geneve-pose-de-nouveaux-jalons-en-matiere-de-renovation-energetique-des-batiments\\\/#mainImage\",\"width\":3936,\"height\":2216},\"primaryImageOfPage\":{\"@id\":\"https:\\\/\\\/www.immo-invest.ch\\\/fr\\\/geneve-pose-de-nouveaux-jalons-en-matiere-de-renovation-energetique-des-batiments\\\/#mainImage\"},\"datePublished\":\"2024-07-05T14:31:04+02:00\",\"dateModified\":\"2024-07-05T14:31:06+02:00\"},{\"@type\":\"WebSite\",\"@id\":\"https:\\\/\\\/www.immo-invest.ch\\\/fr\\\/#website\",\"url\":\"https:\\\/\\\/www.immo-invest.ch\\\/fr\\\/\",\"name\":\"immo!nvest - Die Plattform f\\u00fcr Standorte und Immobilien\",\"description\":\"Die\\u00a0Plattform f\\u00fcr Standorte und Immobilien\",\"inLanguage\":\"fr-FR\",\"publisher\":{\"@id\":\"https:\\\/\\\/www.immo-invest.ch\\\/fr\\\/#organization\"}}]}\n\t\t<\/script>\n\t\t<!-- All in One SEO -->\n\n","aioseo_head_json":{"title":"Gen\u00e8ve pose de nouveaux jalons en mati\u00e8re de r\u00e9novation \u00e9nerg\u00e9tique des b\u00e2timents - immo!nvest - Die Plattform f\u00fcr Standorte und Immobilien","description":"Gen\u00e8ve a franchi une \u00e9tape importante pour faire progresser la r\u00e9novation \u00e9nerg\u00e9tique des b\u00e2timents. \u00c0 partir du 1er juin 2024, les propri\u00e9taires de biens immobiliers disposeront de nouvelles subventions qui les inciteront \u00e0 rendre leurs b\u00e2timents plus efficaces sur le plan \u00e9-nerg\u00e9tique et \u00e0 les convertir aux \u00e9nergies renouvelables. Des subventions accrues et des approches sur mesure pour diff\u00e9rents types de biens immobiliers permettront d'encourager les mesures d'efficacit\u00e9 \u00e9nerg\u00e9tique \u00e0 Gen\u00e8ve.","canonical_url":"https:\/\/www.immo-invest.ch\/fr\/geneve-pose-de-nouveaux-jalons-en-matiere-de-renovation-energetique-des-batiments\/","robots":"max-image-preview:large","keywords":"","webmasterTools":{"google-site-verification":"fHJKvgWpZCR2zVBHWfkQeFXC11qieUSff0HGNYfuyLA","miscellaneous":""},"schema":{"@context":"https:\/\/schema.org","@graph":[{"@type":"BlogPosting","@id":"https:\/\/www.immo-invest.ch\/fr\/geneve-pose-de-nouveaux-jalons-en-matiere-de-renovation-energetique-des-batiments\/#blogposting","name":"Gen\u00e8ve pose de nouveaux jalons en mati\u00e8re de r\u00e9novation \u00e9nerg\u00e9tique des b\u00e2timents - immo!nvest - Die Plattform f\u00fcr Standorte und Immobilien","headline":"Gen\u00e8ve pose de nouveaux jalons en mati\u00e8re de r\u00e9novation \u00e9nerg\u00e9tique des b\u00e2timents","author":{"@id":"https:\/\/www.immo-invest.ch\/fr\/author\/immovestuser\/#author"},"publisher":{"@id":"https:\/\/www.immo-invest.ch\/fr\/#organization"},"image":{"@type":"ImageObject","url":"https:\/\/www.immo-invest.ch\/wp-content\/uploads\/2024\/07\/watt-a-lot-gqpuuF3a2tY-unsplash.png","width":3936,"height":2216},"datePublished":"2024-07-05T14:31:04+02:00","dateModified":"2024-07-05T14:31:06+02:00","inLanguage":"fr-FR","mainEntityOfPage":{"@id":"https:\/\/www.immo-invest.ch\/fr\/geneve-pose-de-nouveaux-jalons-en-matiere-de-renovation-energetique-des-batiments\/#webpage"},"isPartOf":{"@id":"https:\/\/www.immo-invest.ch\/fr\/geneve-pose-de-nouveaux-jalons-en-matiere-de-renovation-energetique-des-batiments\/#webpage"},"articleSection":"Genf, Industrie du b\u00e2timent, R\u00e9novation, demande de subventions, efficacit\u00e9 \u00e9nerg\u00e9tique, Immoinvest, immoNews, isolation thermique, Office cantonal de l&#039;\u00e9nergie, optimisation \u00e9nerg\u00e9tique, panneaux solaires, pr\u00eats-relais, Facultatif"},{"@type":"BreadcrumbList","@id":"https:\/\/www.immo-invest.ch\/fr\/geneve-pose-de-nouveaux-jalons-en-matiere-de-renovation-energetique-des-batiments\/#breadcrumblist","itemListElement":[{"@type":"ListItem","@id":"https:\/\/www.immo-invest.ch\/fr\/#listItem","position":1,"name":"Home","item":"https:\/\/www.immo-invest.ch\/fr\/","nextItem":{"@type":"ListItem","@id":"https:\/\/www.immo-invest.ch\/fr\/categories\/regions\/#listItem","name":"R\u00e9gions"}},{"@type":"ListItem","@id":"https:\/\/www.immo-invest.ch\/fr\/categories\/regions\/#listItem","position":2,"name":"R\u00e9gions","item":"https:\/\/www.immo-invest.ch\/fr\/categories\/regions\/","nextItem":{"@type":"ListItem","@id":"https:\/\/www.immo-invest.ch\/fr\/categories\/regions\/suisse\/#listItem","name":"Suisse"},"previousItem":{"@type":"ListItem","@id":"https:\/\/www.immo-invest.ch\/fr\/#listItem","name":"Home"}},{"@type":"ListItem","@id":"https:\/\/www.immo-invest.ch\/fr\/categories\/regions\/suisse\/#listItem","position":3,"name":"Suisse","item":"https:\/\/www.immo-invest.ch\/fr\/categories\/regions\/suisse\/","nextItem":{"@type":"ListItem","@id":"https:\/\/www.immo-invest.ch\/fr\/categories\/regions\/suisse\/region-lemanique\/#listItem","name":"R\u00e9gion l\u00e9manique"},"previousItem":{"@type":"ListItem","@id":"https:\/\/www.immo-invest.ch\/fr\/categories\/regions\/#listItem","name":"R\u00e9gions"}},{"@type":"ListItem","@id":"https:\/\/www.immo-invest.ch\/fr\/categories\/regions\/suisse\/region-lemanique\/#listItem","position":4,"name":"R\u00e9gion l\u00e9manique","item":"https:\/\/www.immo-invest.ch\/fr\/categories\/regions\/suisse\/region-lemanique\/","nextItem":{"@type":"ListItem","@id":"https:\/\/www.immo-invest.ch\/fr\/categories\/regions\/suisse\/region-lemanique\/genf-fr\/#listItem","name":"Genf"},"previousItem":{"@type":"ListItem","@id":"https:\/\/www.immo-invest.ch\/fr\/categories\/regions\/suisse\/#listItem","name":"Suisse"}},{"@type":"ListItem","@id":"https:\/\/www.immo-invest.ch\/fr\/categories\/regions\/suisse\/region-lemanique\/genf-fr\/#listItem","position":5,"name":"Genf","item":"https:\/\/www.immo-invest.ch\/fr\/categories\/regions\/suisse\/region-lemanique\/genf-fr\/","nextItem":{"@type":"ListItem","@id":"https:\/\/www.immo-invest.ch\/fr\/geneve-pose-de-nouveaux-jalons-en-matiere-de-renovation-energetique-des-batiments\/#listItem","name":"Gen\u00e8ve pose de nouveaux jalons en mati\u00e8re de r\u00e9novation \u00e9nerg\u00e9tique des b\u00e2timents"},"previousItem":{"@type":"ListItem","@id":"https:\/\/www.immo-invest.ch\/fr\/categories\/regions\/suisse\/region-lemanique\/#listItem","name":"R\u00e9gion l\u00e9manique"}},{"@type":"ListItem","@id":"https:\/\/www.immo-invest.ch\/fr\/geneve-pose-de-nouveaux-jalons-en-matiere-de-renovation-energetique-des-batiments\/#listItem","position":6,"name":"Gen\u00e8ve pose de nouveaux jalons en mati\u00e8re de r\u00e9novation \u00e9nerg\u00e9tique des b\u00e2timents","previousItem":{"@type":"ListItem","@id":"https:\/\/www.immo-invest.ch\/fr\/categories\/regions\/suisse\/region-lemanique\/genf-fr\/#listItem","name":"Genf"}}]},{"@type":"Organization","@id":"https:\/\/www.immo-invest.ch\/fr\/#organization","name":"immo!nvest - Die Plattform f\u00fcr Standorte und Immobilien","description":"Die\u00a0Plattform f\u00fcr Standorte und Immobilien","url":"https:\/\/www.immo-invest.ch\/fr\/","email":"admin@immomedia.ag","telephone":"+41444420002","logo":{"@type":"ImageObject","url":"https:\/\/www.immo-invest.ch\/wp-content\/uploads\/2024\/09\/immoinvest_sm-scaled.jpg","@id":"https:\/\/www.immo-invest.ch\/fr\/geneve-pose-de-nouveaux-jalons-en-matiere-de-renovation-energetique-des-batiments\/#organizationLogo","width":2560,"height":1340},"image":{"@id":"https:\/\/www.immo-invest.ch\/fr\/geneve-pose-de-nouveaux-jalons-en-matiere-de-renovation-energetique-des-batiments\/#organizationLogo"},"sameAs":["https:\/\/www.facebook.com\/people\/Immoinvest\/100077962920504\/","https:\/\/x.com\/i\/flow\/login?redirect_after_login=immoinvest_ch","https:\/\/www.instagram.com\/immoinvest_ch\/","https:\/\/www.linkedin.com\/company\/immoinvest-swiss"]},{"@type":"Person","@id":"https:\/\/www.immo-invest.ch\/fr\/author\/immovestuser\/#author","url":"https:\/\/www.immo-invest.ch\/fr\/author\/immovestuser\/","name":"immovestuser","image":{"@type":"ImageObject","@id":"https:\/\/www.immo-invest.ch\/fr\/geneve-pose-de-nouveaux-jalons-en-matiere-de-renovation-energetique-des-batiments\/#authorImage","url":"https:\/\/secure.gravatar.com\/avatar\/8e01f4d99f2eeea7a362ebb93305e1172a70e9293ba250f897a65c39f54cdd1e?s=96&d=mm&r=g","width":96,"height":96,"caption":"immovestuser"}},{"@type":"WebPage","@id":"https:\/\/www.immo-invest.ch\/fr\/geneve-pose-de-nouveaux-jalons-en-matiere-de-renovation-energetique-des-batiments\/#webpage","url":"https:\/\/www.immo-invest.ch\/fr\/geneve-pose-de-nouveaux-jalons-en-matiere-de-renovation-energetique-des-batiments\/","name":"Gen\u00e8ve pose de nouveaux jalons en mati\u00e8re de r\u00e9novation \u00e9nerg\u00e9tique des b\u00e2timents - immo!nvest - Die Plattform f\u00fcr Standorte und Immobilien","description":"Gen\u00e8ve a franchi une \u00e9tape importante pour faire progresser la r\u00e9novation \u00e9nerg\u00e9tique des b\u00e2timents. \u00c0 partir du 1er juin 2024, les propri\u00e9taires de biens immobiliers disposeront de nouvelles subventions qui les inciteront \u00e0 rendre leurs b\u00e2timents plus efficaces sur le plan \u00e9-nerg\u00e9tique et \u00e0 les convertir aux \u00e9nergies renouvelables. Des subventions accrues et des approches sur mesure pour diff\u00e9rents types de biens immobiliers permettront d'encourager les mesures d'efficacit\u00e9 \u00e9nerg\u00e9tique \u00e0 Gen\u00e8ve.","inLanguage":"fr-FR","isPartOf":{"@id":"https:\/\/www.immo-invest.ch\/fr\/#website"},"breadcrumb":{"@id":"https:\/\/www.immo-invest.ch\/fr\/geneve-pose-de-nouveaux-jalons-en-matiere-de-renovation-energetique-des-batiments\/#breadcrumblist"},"author":{"@id":"https:\/\/www.immo-invest.ch\/fr\/author\/immovestuser\/#author"},"creator":{"@id":"https:\/\/www.immo-invest.ch\/fr\/author\/immovestuser\/#author"},"image":{"@type":"ImageObject","url":"https:\/\/www.immo-invest.ch\/wp-content\/uploads\/2024\/07\/watt-a-lot-gqpuuF3a2tY-unsplash.png","@id":"https:\/\/www.immo-invest.ch\/fr\/geneve-pose-de-nouveaux-jalons-en-matiere-de-renovation-energetique-des-batiments\/#mainImage","width":3936,"height":2216},"primaryImageOfPage":{"@id":"https:\/\/www.immo-invest.ch\/fr\/geneve-pose-de-nouveaux-jalons-en-matiere-de-renovation-energetique-des-batiments\/#mainImage"},"datePublished":"2024-07-05T14:31:04+02:00","dateModified":"2024-07-05T14:31:06+02:00"},{"@type":"WebSite","@id":"https:\/\/www.immo-invest.ch\/fr\/#website","url":"https:\/\/www.immo-invest.ch\/fr\/","name":"immo!nvest - Die Plattform f\u00fcr Standorte und Immobilien","description":"Die\u00a0Plattform f\u00fcr Standorte und Immobilien","inLanguage":"fr-FR","publisher":{"@id":"https:\/\/www.immo-invest.ch\/fr\/#organization"}}]},"og:locale":"fr_FR","og:site_name":"immo!nvest - Die Plattform f\u00fcr Standorte und Immobilien - Die\u00a0Plattform f\u00fcr Standorte und Immobilien","og:type":"article","og:title":"Gen\u00e8ve pose de nouveaux jalons en mati\u00e8re de r\u00e9novation \u00e9nerg\u00e9tique des b\u00e2timents - immo!nvest - Die Plattform f\u00fcr Standorte und Immobilien","og:description":"Gen\u00e8ve a franchi une \u00e9tape importante pour faire progresser la r\u00e9novation \u00e9nerg\u00e9tique des b\u00e2timents. \u00c0 partir du 1er juin 2024, les propri\u00e9taires de biens immobiliers disposeront de nouvelles subventions qui les inciteront \u00e0 rendre leurs b\u00e2timents plus efficaces sur le plan \u00e9-nerg\u00e9tique et \u00e0 les convertir aux \u00e9nergies renouvelables. Des subventions accrues et des approches sur mesure pour diff\u00e9rents types de biens immobiliers permettront d'encourager les mesures d'efficacit\u00e9 \u00e9nerg\u00e9tique \u00e0 Gen\u00e8ve.","og:url":"https:\/\/www.immo-invest.ch\/fr\/geneve-pose-de-nouveaux-jalons-en-matiere-de-renovation-energetique-des-batiments\/","og:image":"https:\/\/www.immo-invest.ch\/wp-content\/uploads\/2024\/07\/watt-a-lot-gqpuuF3a2tY-unsplash.png","og:image:secure_url":"https:\/\/www.immo-invest.ch\/wp-content\/uploads\/2024\/07\/watt-a-lot-gqpuuF3a2tY-unsplash.png","og:image:width":3936,"og:image:height":2216,"article:published_time":"2024-07-05T12:31:04+00:00","article:modified_time":"2024-07-05T12:31:06+00:00","article:publisher":"https:\/\/www.facebook.com\/people\/Immoinvest\/100077962920504\/","twitter:card":"summary_large_image","twitter:site":"@i","twitter:title":"Gen\u00e8ve pose de nouveaux jalons en mati\u00e8re de r\u00e9novation \u00e9nerg\u00e9tique des b\u00e2timents - immo!nvest - Die Plattform f\u00fcr Standorte und Immobilien","twitter:description":"Gen\u00e8ve a franchi une \u00e9tape importante pour faire progresser la r\u00e9novation \u00e9nerg\u00e9tique des b\u00e2timents. \u00c0 partir du 1er juin 2024, les propri\u00e9taires de biens immobiliers disposeront de nouvelles subventions qui les inciteront \u00e0 rendre leurs b\u00e2timents plus efficaces sur le plan \u00e9-nerg\u00e9tique et \u00e0 les convertir aux \u00e9nergies renouvelables. Des subventions accrues et des approches sur mesure pour diff\u00e9rents types de biens immobiliers permettront d'encourager les mesures d'efficacit\u00e9 \u00e9nerg\u00e9tique \u00e0 Gen\u00e8ve.","twitter:creator":"@i","twitter:image":"https:\/\/www.immo-invest.ch\/wp-content\/uploads\/2024\/07\/watt-a-lot-gqpuuF3a2tY-unsplash.png"},"aioseo_meta_data":{"post_id":"104581","title":null,"description":null,"keywords":null,"keyphrases":null,"primary_term":null,"canonical_url":null,"og_title":null,"og_description":null,"og_object_type":"default","og_image_type":"default","og_image_url":null,"og_image_width":null,"og_image_height":null,"og_image_custom_url":null,"og_image_custom_fields":null,"og_video":null,"og_custom_url":null,"og_article_section":null,"og_article_tags":null,"twitter_use_og":false,"twitter_card":"default","twitter_image_type":"default","twitter_image_url":null,"twitter_image_custom_url":null,"twitter_image_custom_fields":null,"twitter_title":null,"twitter_description":null,"schema":{"blockGraphs":[],"customGraphs":[],"default":{"data":{"Article":[],"Course":[],"Dataset":[],"FAQPage":[],"Movie":[],"Person":[],"Product":[],"ProductReview":[],"Car":[],"Recipe":[],"Service":[],"SoftwareApplication":[],"WebPage":[]},"graphName":"","isEnabled":true},"graphs":[]},"schema_type":"default","schema_type_options":null,"pillar_content":false,"robots_default":true,"robots_noindex":false,"robots_noarchive":false,"robots_nosnippet":false,"robots_nofollow":false,"robots_noimageindex":false,"robots_noodp":false,"robots_notranslate":false,"robots_max_snippet":null,"robots_max_videopreview":null,"robots_max_imagepreview":"large","priority":null,"frequency":null,"local_seo":null,"breadcrumb_settings":null,"limit_modified_date":false,"ai":null,"created":"2024-09-20 22:49:58","updated":"2025-10-24 05:08:12","seo_analyzer_scan_date":null,"focus_keyword":null,"additional_keywords":null,"truseo_locale":null},"aioseo_breadcrumb":"<div class=\"aioseo-breadcrumbs\"><span class=\"aioseo-breadcrumb\">\n\t\t\t<a href=\"https:\/\/www.immo-invest.ch\/fr\/\" title=\"Home\">Home<\/a>\n\t\t<\/span><span class=\"aioseo-breadcrumb-separator\">&raquo;<\/span><span class=\"aioseo-breadcrumb\">\n\t\t\t<a href=\"https:\/\/www.immo-invest.ch\/fr\/categories\/regions\/\" title=\"R\u00e9gions\">R\u00e9gions<\/a>\n\t\t<\/span><span class=\"aioseo-breadcrumb-separator\">&raquo;<\/span><span class=\"aioseo-breadcrumb\">\n\t\t\t<a href=\"https:\/\/www.immo-invest.ch\/fr\/categories\/regions\/suisse\/\" title=\"Suisse\">Suisse<\/a>\n\t\t<\/span><span class=\"aioseo-breadcrumb-separator\">&raquo;<\/span><span class=\"aioseo-breadcrumb\">\n\t\t\t<a href=\"https:\/\/www.immo-invest.ch\/fr\/categories\/regions\/suisse\/region-lemanique\/\" title=\"R\u00e9gion l\u00e9manique\">R\u00e9gion l\u00e9manique<\/a>\n\t\t<\/span><span class=\"aioseo-breadcrumb-separator\">&raquo;<\/span><span class=\"aioseo-breadcrumb\">\n\t\t\t<a href=\"https:\/\/www.immo-invest.ch\/fr\/categories\/regions\/suisse\/region-lemanique\/genf-fr\/\" title=\"Genf\">Genf<\/a>\n\t\t<\/span><span class=\"aioseo-breadcrumb-separator\">&raquo;<\/span><span class=\"aioseo-breadcrumb\">\n\t\t\tGen\u00e8ve pose de nouveaux jalons en mati\u00e8re de r\u00e9novation \u00e9nerg\u00e9tique des b\u00e2timents\n\t\t<\/span><\/div>","aioseo_breadcrumb_json":[{"label":"Home","link":"https:\/\/www.immo-invest.ch\/fr\/"},{"label":"R\u00e9gions","link":"https:\/\/www.immo-invest.ch\/fr\/categories\/regions\/"},{"label":"Suisse","link":"https:\/\/www.immo-invest.ch\/fr\/categories\/regions\/suisse\/"},{"label":"R\u00e9gion l\u00e9manique","link":"https:\/\/www.immo-invest.ch\/fr\/categories\/regions\/suisse\/region-lemanique\/"},{"label":"Genf","link":"https:\/\/www.immo-invest.ch\/fr\/categories\/regions\/suisse\/region-lemanique\/genf-fr\/"},{"label":"Gen\u00e8ve pose de nouveaux jalons en mati\u00e8re de r\u00e9novation \u00e9nerg\u00e9tique des b\u00e2timents","link":"https:\/\/www.immo-invest.ch\/fr\/geneve-pose-de-nouveaux-jalons-en-matiere-de-renovation-energetique-des-batiments\/"}],"featured_image_src":"https:\/\/www.immo-invest.ch\/wp-content\/uploads\/2024\/07\/watt-a-lot-gqpuuF3a2tY-unsplash-336x168.png","_links":{"self":[{"href":"https:\/\/www.immo-invest.ch\/fr\/wp-json\/wp\/v2\/posts\/104581","targetHints":{"allow":["GET"]}}],"collection":[{"href":"https:\/\/www.immo-invest.ch\/fr\/wp-json\/wp\/v2\/posts"}],"about":[{"href":"https:\/\/www.immo-invest.ch\/fr\/wp-json\/wp\/v2\/types\/post"}],"author":[{"embeddable":true,"href":"https:\/\/www.immo-invest.ch\/fr\/wp-json\/wp\/v2\/users\/2"}],"replies":[{"embeddable":true,"href":"https:\/\/www.immo-invest.ch\/fr\/wp-json\/wp\/v2\/comments?post=104581"}],"version-history":[{"count":0,"href":"https:\/\/www.immo-invest.ch\/fr\/wp-json\/wp\/v2\/posts\/104581\/revisions"}],"wp:featuredmedia":[{"embeddable":true,"href":"https:\/\/www.immo-invest.ch\/fr\/wp-json\/wp\/v2\/media\/104582"}],"wp:attachment":[{"href":"https:\/\/www.immo-invest.ch\/fr\/wp-json\/wp\/v2\/media?parent=104581"}],"wp:term":[{"taxonomy":"category","embeddable":true,"href":"https:\/\/www.immo-invest.ch\/fr\/wp-json\/wp\/v2\/categories?post=104581"},{"taxonomy":"post_tag","embeddable":true,"href":"https:\/\/www.immo-invest.ch\/fr\/wp-json\/wp\/v2\/tags?post=104581"}],"curies":[{"name":"wp","href":"https:\/\/api.w.org\/{rel}","templated":true}]}}