{"id":104580,"date":"2024-07-05T14:30:21","date_gmt":"2024-07-05T12:30:21","guid":{"rendered":"https:\/\/www.immo-invest.ch\/?p=104580"},"modified":"2024-07-05T14:30:23","modified_gmt":"2024-07-05T12:30:23","slug":"geneve-en-route-vers-la-smart-city-3-0","status":"publish","type":"post","link":"https:\/\/www.immo-invest.ch\/fr\/geneve-en-route-vers-la-smart-city-3-0\/","title":{"rendered":"Gen\u00e8ve en route vers la Smart City 3.0"},"content":{"rendered":"<p class=\"wp-block-paragraph\">Avec l&rsquo;initiative &laquo;Smart Geneva&raquo;, le canton de Gen&egrave;ve a pour objectif de devenir une Smart City 3.0, &agrave; l&rsquo;instar de ce qui se pratique d&eacute;j&agrave; dans les pays scandinaves. Contrairement aux approches top-down, il s&rsquo;agit ici de parvenir &agrave; un changement durable et intelligent par la mise en r&eacute;seau et la promotion de projets concrets. Patrick Montier, Smart City Manager du canton de Gen&egrave;ve, souligne l&rsquo;importance d&rsquo;une approche participative: &laquo;Il s&rsquo;agit de cr&eacute;er un &eacute;cosyst&egrave;me qui stimule l&rsquo;<span class=\"glossaryLink\" aria-describedby=\"tt\" data-cmtooltip=\"&lt;div class=glossaryItemTitle&gt;Innovation&lt;\/div&gt;&lt;div class=glossaryItemBody&gt;Innovation in der heutigen Immobilienwelt bedeutet vor allem Digitalisierung von Prozessen. Zum Beispiel das Eliminieren von Tausenden von Excel-Bl&auml;ttern f&uuml;r Portfolio- und Asset-Manager oder das Erstellen einer Anwendung (App) f&uuml;r alle Formalit&auml;ten rund um die Beziehung zwischen Immobilieneigent&uuml;mern, - verwaltung und -mietern.&lt;\/div&gt;\" data-mobile-support=\"0\" data-gt-translate-attributes='[{\"attribute\":\"data-cmtooltip\", \"format\":\"html\"}]' tabindex=\"0\" role=\"link\">innovation<\/span> en encourageant les projets innovants et en facilitant l&rsquo;acc&egrave;s aux ressources et au financement&raquo;.<\/p>\n\n\n\n<p class=\"wp-block-paragraph\"><strong>Coordination et mise en r&eacute;seau des projets<\/strong><br>Jusqu&rsquo;&agrave; pr&eacute;sent, les projets de smart city &agrave; Gen&egrave;ve &eacute;taient certes prometteurs, mais dispers&eacute;s et peu coordonn&eacute;s. Cela doit d&eacute;sormais changer. Les acteurs priv&eacute;s, &eacute;tatiques et scientifiques seront mis en r&eacute;seau via une plateforme en ligne et diff&eacute;rents &eacute;v&eacute;nements afin de former une communaut&eacute; vivante. Une base de donn&eacute;es centrale doit rassembler et rendre accessibles les informations sur les exp&eacute;riences de la Smart City et les exp&eacute;riences r&eacute;alis&eacute;es.<\/p>\n\n\n\n<p class=\"wp-block-paragraph\"><strong>Promotion par le canton et int&eacute;gration de la communaut&eacute;<\/strong><br>Pour le lancement de l&rsquo;initiative, le canton de Gen&egrave;ve a s&eacute;lectionn&eacute; neuf projets qui seront notamment soutenus sur le plan de la communication. On peut citer par exemple un projet d&rsquo;agriculture urbaine, une plateforme de crowdfunding et un planificateur d&rsquo;itin&eacute;raires pour les pendulaires &agrave; v&eacute;lo. Une plateforme de t&eacute;l&eacute;m&eacute;decine de l&rsquo;h&ocirc;pital universitaire HUG et des projets pilotes avec des arr&ecirc;ts de bus en r&eacute;seau en font &eacute;galement partie.<\/p>\n\n\n\n<p class=\"wp-block-paragraph\"><strong>La technologie au service de la protection du climat<\/strong><br>La vision de Smart City 3.0 met la technologie au service du territoire pour r&eacute;pondre aux d&eacute;fis de l&rsquo;urbanisation et du r&eacute;chauffement climatique. &laquo;Notre vision utilise les technologies num&eacute;riques &agrave; bon escient, en veillant par exemple &agrave; utiliser les capteurs avec parcimonie, car ils peuvent &ecirc;tre tr&egrave;s gourmands en &eacute;nergie&raquo;, explique Montier. Elle vise &agrave; maximiser les b&eacute;n&eacute;fices pour l&rsquo;environnement, la mobilit&eacute;, la sant&eacute;, l&rsquo;&eacute;conomie circulaire et le bien-&ecirc;tre des habitants.<\/p>\n\n\n\n<p class=\"wp-block-paragraph\"><strong>Perspectives d&rsquo;avenir et int&eacute;gration r&eacute;gionale<\/strong><br>L&rsquo;un des objectifs &agrave; long terme de l&rsquo;initiative est d&rsquo;int&eacute;grer &eacute;galement la zone frontali&egrave;re fran&ccedil;aise dans la strat&eacute;gie de la Smart City. Les responsables promettent que Gen&egrave;ve sera une Smart City &agrave; part enti&egrave;re d&rsquo;ici 2030. La mise en &oelig;uvre de l&rsquo;initiative &laquo;Smart Geneva&raquo; repr&eacute;sente un pas important vers un d&eacute;veloppement urbain durable et innovant qui r&eacute;pond aux besoins des habitants tout en relevant les d&eacute;fis du changement climatique.<\/p>\n","protected":false},"excerpt":{"rendered":"<p>Le canton de Gen\u00e8ve lance l&rsquo;initiative \u00abSmart Geneva\u00bb  afin d&rsquo;op\u00e9rer la transition vers la Smart City 3.0, sur le mod\u00e8le scandinave, par la mise en r\u00e9seau et la promotion de projets. L&rsquo;approche vise \u00e0 utiliser la technologie \u00e0 bon escient, au service de l&rsquo;urbanisation et de la lutte contre le changement climatique, et \u00e0 cr\u00e9er une communaut\u00e9 vivante et collaborative.<\/p>\n","protected":false},"author":2,"featured_media":104586,"comment_status":"open","ping_status":"open","sticky":false,"template":"","format":"standard","meta":{"pmpro_default_level":"0","inline_featured_image":false,"_monsterinsights_skip_tracking":false,"footnotes":""},"categories":[22699,8747,47523],"tags":[47936,47706,848,872,3931,47938,47935,47937,47940,47939],"class_list":["post-104580","post","type-post","status-publish","format-standard","has-post-thumbnail","hentry","category-durabilite","category-energie","category-genf-fr","tag-developpement-urbain-durable","tag-economie-circulaire","tag-immobilien-fr","tag-immoinvest-fr","tag-immonews-fr","tag-integration-regionale","tag-protection-du-climat","tag-rechauffement-climatique","tag-technologies-numeriques","tag-urbanisation","pmpro-has-access"],"acf":{"bild_mit_ki_erstellt_worden":[],"lead":"Le canton de Gen\u00e8ve lance l'initiative \u00abSmart Geneva\u00bb  afin d'op\u00e9rer la transition vers la Smart City 3.0, sur le mod\u00e8le scandinave, par la mise en r\u00e9seau et la promotion de projets. L'approche vise \u00e0 utiliser la technologie \u00e0 bon escient, au service de l'urbanisation et de la lutte contre le changement climatique, et \u00e0 cr\u00e9er une communaut\u00e9 vivante et collaborative.","autor":"Texte: Jessica Bill, Image: m\u00e0d.","ort":"","bildunterschrift":"","bild_im_grid":false,"gallerie":"","newsim":""},"aioseo_notices":[],"aioseo_head":"\n\t\t<!-- All in One SEO 5.0.1.1 - aioseo.com -->\n\t<meta name=\"description\" content=\"Le canton de Gen\u00e8ve lance l&#039;initiative \u00abSmart Geneva\u00bb afin d&#039;op\u00e9rer la transition vers la Smart City 3.0, sur le mod\u00e8le scandinave, par la mise en r\u00e9seau et la promotion de projets. L&#039;approche vise \u00e0 utiliser la technologie \u00e0 bon escient, au service de l&#039;urbanisation et de la lutte contre le changement climatique, et \u00e0 cr\u00e9er une communaut\u00e9 vivante et collaborative.\" \/>\n\t<meta name=\"robots\" content=\"max-image-preview:large\" \/>\n\t<meta name=\"author\" content=\"immovestuser\"\/>\n\t<meta name=\"google-site-verification\" content=\"fHJKvgWpZCR2zVBHWfkQeFXC11qieUSff0HGNYfuyLA\" \/>\n\t<link rel=\"canonical\" href=\"https:\/\/www.immo-invest.ch\/fr\/geneve-en-route-vers-la-smart-city-3-0\/\" \/>\n\t<meta name=\"generator\" content=\"All in One SEO (AIOSEO) 5.0.1.1\" \/>\n\t\t<meta property=\"og:locale\" content=\"fr_FR\" \/>\n\t\t<meta property=\"og:site_name\" content=\"immo!nvest - Die Plattform f\u00fcr Standorte und Immobilien - Die\u00a0Plattform f\u00fcr Standorte und Immobilien\" \/>\n\t\t<meta property=\"og:type\" content=\"article\" \/>\n\t\t<meta property=\"og:title\" content=\"Gen\u00e8ve en route vers la Smart City 3.0 - immo!nvest - Die Plattform f\u00fcr Standorte und Immobilien\" \/>\n\t\t<meta property=\"og:description\" content=\"Le canton de Gen\u00e8ve lance l&#039;initiative \u00abSmart Geneva\u00bb afin d&#039;op\u00e9rer la transition vers la Smart City 3.0, sur le mod\u00e8le scandinave, par la mise en r\u00e9seau et la promotion de projets. L&#039;approche vise \u00e0 utiliser la technologie \u00e0 bon escient, au service de l&#039;urbanisation et de la lutte contre le changement climatique, et \u00e0 cr\u00e9er une communaut\u00e9 vivante et collaborative.\" \/>\n\t\t<meta property=\"og:url\" content=\"https:\/\/www.immo-invest.ch\/fr\/geneve-en-route-vers-la-smart-city-3-0\/\" \/>\n\t\t<meta property=\"og:image\" content=\"https:\/\/www.immo-invest.ch\/wp-content\/uploads\/2024\/07\/genf_reitvu.png\" \/>\n\t\t<meta property=\"og:image:secure_url\" content=\"https:\/\/www.immo-invest.ch\/wp-content\/uploads\/2024\/07\/genf_reitvu.png\" \/>\n\t\t<meta property=\"og:image:width\" content=\"1000\" \/>\n\t\t<meta property=\"og:image:height\" content=\"562\" \/>\n\t\t<meta property=\"article:published_time\" content=\"2024-07-05T12:30:21+00:00\" \/>\n\t\t<meta property=\"article:modified_time\" content=\"2024-07-05T12:30:23+00:00\" \/>\n\t\t<meta property=\"article:publisher\" content=\"https:\/\/www.facebook.com\/people\/Immoinvest\/100077962920504\/\" \/>\n\t\t<meta name=\"twitter:card\" content=\"summary_large_image\" \/>\n\t\t<meta name=\"twitter:site\" content=\"@i\" \/>\n\t\t<meta name=\"twitter:title\" content=\"Gen\u00e8ve en route vers la Smart City 3.0 - immo!nvest - Die Plattform f\u00fcr Standorte und Immobilien\" \/>\n\t\t<meta name=\"twitter:description\" content=\"Le canton de Gen\u00e8ve lance l&#039;initiative \u00abSmart Geneva\u00bb afin d&#039;op\u00e9rer la transition vers la Smart City 3.0, sur le mod\u00e8le scandinave, par la mise en r\u00e9seau et la promotion de projets. L&#039;approche vise \u00e0 utiliser la technologie \u00e0 bon escient, au service de l&#039;urbanisation et de la lutte contre le changement climatique, et \u00e0 cr\u00e9er une communaut\u00e9 vivante et collaborative.\" \/>\n\t\t<meta name=\"twitter:creator\" content=\"@i\" \/>\n\t\t<meta name=\"twitter:image\" content=\"https:\/\/www.immo-invest.ch\/wp-content\/uploads\/2024\/07\/genf_reitvu.png\" \/>\n\t\t<script type=\"application\/ld+json\" class=\"aioseo-schema\">\n\t\t\t{\"@context\":\"https:\\\/\\\/schema.org\",\"@graph\":[{\"@type\":\"BlogPosting\",\"@id\":\"https:\\\/\\\/www.immo-invest.ch\\\/fr\\\/geneve-en-route-vers-la-smart-city-3-0\\\/#blogposting\",\"name\":\"Gen\\u00e8ve en route vers la Smart City 3.0 - immo!nvest - Die Plattform f\\u00fcr Standorte und Immobilien\",\"headline\":\"Gen\\u00e8ve en route vers la Smart City 3.0\",\"author\":{\"@id\":\"https:\\\/\\\/www.immo-invest.ch\\\/fr\\\/author\\\/immovestuser\\\/#author\"},\"publisher\":{\"@id\":\"https:\\\/\\\/www.immo-invest.ch\\\/fr\\\/#organization\"},\"image\":{\"@type\":\"ImageObject\",\"url\":\"https:\\\/\\\/www.immo-invest.ch\\\/wp-content\\\/uploads\\\/2024\\\/07\\\/genf_reitvu.png\",\"width\":1000,\"height\":562},\"datePublished\":\"2024-07-05T14:30:21+02:00\",\"dateModified\":\"2024-07-05T14:30:23+02:00\",\"inLanguage\":\"fr-FR\",\"mainEntityOfPage\":{\"@id\":\"https:\\\/\\\/www.immo-invest.ch\\\/fr\\\/geneve-en-route-vers-la-smart-city-3-0\\\/#webpage\"},\"isPartOf\":{\"@id\":\"https:\\\/\\\/www.immo-invest.ch\\\/fr\\\/geneve-en-route-vers-la-smart-city-3-0\\\/#webpage\"},\"articleSection\":\"Durabilit\\u00e9, \\u00c9nergie, Genf, d\\u00e9veloppement urbain durable, \\u00e9conomie circulaire, immobilien, Immoinvest, immoNews, int\\u00e9gration r\\u00e9gionale, protection du climat, r\\u00e9chauffement climatique, technologies num\\u00e9riques, urbanisation, Facultatif\"},{\"@type\":\"BreadcrumbList\",\"@id\":\"https:\\\/\\\/www.immo-invest.ch\\\/fr\\\/geneve-en-route-vers-la-smart-city-3-0\\\/#breadcrumblist\",\"itemListElement\":[{\"@type\":\"ListItem\",\"@id\":\"https:\\\/\\\/www.immo-invest.ch\\\/fr\\\/#listItem\",\"position\":1,\"name\":\"Home\",\"item\":\"https:\\\/\\\/www.immo-invest.ch\\\/fr\\\/\",\"nextItem\":{\"@type\":\"ListItem\",\"@id\":\"https:\\\/\\\/www.immo-invest.ch\\\/fr\\\/categories\\\/regions\\\/#listItem\",\"name\":\"R\\u00e9gions\"}},{\"@type\":\"ListItem\",\"@id\":\"https:\\\/\\\/www.immo-invest.ch\\\/fr\\\/categories\\\/regions\\\/#listItem\",\"position\":2,\"name\":\"R\\u00e9gions\",\"item\":\"https:\\\/\\\/www.immo-invest.ch\\\/fr\\\/categories\\\/regions\\\/\",\"nextItem\":{\"@type\":\"ListItem\",\"@id\":\"https:\\\/\\\/www.immo-invest.ch\\\/fr\\\/categories\\\/regions\\\/suisse\\\/#listItem\",\"name\":\"Suisse\"},\"previousItem\":{\"@type\":\"ListItem\",\"@id\":\"https:\\\/\\\/www.immo-invest.ch\\\/fr\\\/#listItem\",\"name\":\"Home\"}},{\"@type\":\"ListItem\",\"@id\":\"https:\\\/\\\/www.immo-invest.ch\\\/fr\\\/categories\\\/regions\\\/suisse\\\/#listItem\",\"position\":3,\"name\":\"Suisse\",\"item\":\"https:\\\/\\\/www.immo-invest.ch\\\/fr\\\/categories\\\/regions\\\/suisse\\\/\",\"nextItem\":{\"@type\":\"ListItem\",\"@id\":\"https:\\\/\\\/www.immo-invest.ch\\\/fr\\\/categories\\\/regions\\\/suisse\\\/region-lemanique\\\/#listItem\",\"name\":\"R\\u00e9gion l\\u00e9manique\"},\"previousItem\":{\"@type\":\"ListItem\",\"@id\":\"https:\\\/\\\/www.immo-invest.ch\\\/fr\\\/categories\\\/regions\\\/#listItem\",\"name\":\"R\\u00e9gions\"}},{\"@type\":\"ListItem\",\"@id\":\"https:\\\/\\\/www.immo-invest.ch\\\/fr\\\/categories\\\/regions\\\/suisse\\\/region-lemanique\\\/#listItem\",\"position\":4,\"name\":\"R\\u00e9gion l\\u00e9manique\",\"item\":\"https:\\\/\\\/www.immo-invest.ch\\\/fr\\\/categories\\\/regions\\\/suisse\\\/region-lemanique\\\/\",\"nextItem\":{\"@type\":\"ListItem\",\"@id\":\"https:\\\/\\\/www.immo-invest.ch\\\/fr\\\/categories\\\/regions\\\/suisse\\\/region-lemanique\\\/genf-fr\\\/#listItem\",\"name\":\"Genf\"},\"previousItem\":{\"@type\":\"ListItem\",\"@id\":\"https:\\\/\\\/www.immo-invest.ch\\\/fr\\\/categories\\\/regions\\\/suisse\\\/#listItem\",\"name\":\"Suisse\"}},{\"@type\":\"ListItem\",\"@id\":\"https:\\\/\\\/www.immo-invest.ch\\\/fr\\\/categories\\\/regions\\\/suisse\\\/region-lemanique\\\/genf-fr\\\/#listItem\",\"position\":5,\"name\":\"Genf\",\"item\":\"https:\\\/\\\/www.immo-invest.ch\\\/fr\\\/categories\\\/regions\\\/suisse\\\/region-lemanique\\\/genf-fr\\\/\",\"nextItem\":{\"@type\":\"ListItem\",\"@id\":\"https:\\\/\\\/www.immo-invest.ch\\\/fr\\\/geneve-en-route-vers-la-smart-city-3-0\\\/#listItem\",\"name\":\"Gen\\u00e8ve en route vers la Smart City 3.0\"},\"previousItem\":{\"@type\":\"ListItem\",\"@id\":\"https:\\\/\\\/www.immo-invest.ch\\\/fr\\\/categories\\\/regions\\\/suisse\\\/region-lemanique\\\/#listItem\",\"name\":\"R\\u00e9gion l\\u00e9manique\"}},{\"@type\":\"ListItem\",\"@id\":\"https:\\\/\\\/www.immo-invest.ch\\\/fr\\\/geneve-en-route-vers-la-smart-city-3-0\\\/#listItem\",\"position\":6,\"name\":\"Gen\\u00e8ve en route vers la Smart City 3.0\",\"previousItem\":{\"@type\":\"ListItem\",\"@id\":\"https:\\\/\\\/www.immo-invest.ch\\\/fr\\\/categories\\\/regions\\\/suisse\\\/region-lemanique\\\/genf-fr\\\/#listItem\",\"name\":\"Genf\"}}]},{\"@type\":\"Organization\",\"@id\":\"https:\\\/\\\/www.immo-invest.ch\\\/fr\\\/#organization\",\"name\":\"immo!nvest - Die Plattform f\\u00fcr Standorte und Immobilien\",\"description\":\"Die\\u00a0Plattform f\\u00fcr Standorte und Immobilien\",\"url\":\"https:\\\/\\\/www.immo-invest.ch\\\/fr\\\/\",\"email\":\"admin@immomedia.ag\",\"telephone\":\"+41444420002\",\"logo\":{\"@type\":\"ImageObject\",\"url\":\"https:\\\/\\\/www.immo-invest.ch\\\/wp-content\\\/uploads\\\/2024\\\/09\\\/immoinvest_sm-scaled.jpg\",\"@id\":\"https:\\\/\\\/www.immo-invest.ch\\\/fr\\\/geneve-en-route-vers-la-smart-city-3-0\\\/#organizationLogo\",\"width\":2560,\"height\":1340},\"image\":{\"@id\":\"https:\\\/\\\/www.immo-invest.ch\\\/fr\\\/geneve-en-route-vers-la-smart-city-3-0\\\/#organizationLogo\"},\"sameAs\":[\"https:\\\/\\\/www.facebook.com\\\/people\\\/Immoinvest\\\/100077962920504\\\/\",\"https:\\\/\\\/x.com\\\/i\\\/flow\\\/login?redirect_after_login=immoinvest_ch\",\"https:\\\/\\\/www.instagram.com\\\/immoinvest_ch\\\/\",\"https:\\\/\\\/www.linkedin.com\\\/company\\\/immoinvest-swiss\"]},{\"@type\":\"Person\",\"@id\":\"https:\\\/\\\/www.immo-invest.ch\\\/fr\\\/author\\\/immovestuser\\\/#author\",\"url\":\"https:\\\/\\\/www.immo-invest.ch\\\/fr\\\/author\\\/immovestuser\\\/\",\"name\":\"immovestuser\",\"image\":{\"@type\":\"ImageObject\",\"@id\":\"https:\\\/\\\/www.immo-invest.ch\\\/fr\\\/geneve-en-route-vers-la-smart-city-3-0\\\/#authorImage\",\"url\":\"https:\\\/\\\/secure.gravatar.com\\\/avatar\\\/8e01f4d99f2eeea7a362ebb93305e1172a70e9293ba250f897a65c39f54cdd1e?s=96&d=mm&r=g\",\"width\":96,\"height\":96,\"caption\":\"immovestuser\"}},{\"@type\":\"WebPage\",\"@id\":\"https:\\\/\\\/www.immo-invest.ch\\\/fr\\\/geneve-en-route-vers-la-smart-city-3-0\\\/#webpage\",\"url\":\"https:\\\/\\\/www.immo-invest.ch\\\/fr\\\/geneve-en-route-vers-la-smart-city-3-0\\\/\",\"name\":\"Gen\\u00e8ve en route vers la Smart City 3.0 - immo!nvest - Die Plattform f\\u00fcr Standorte und Immobilien\",\"description\":\"Le canton de Gen\\u00e8ve lance l'initiative \\u00abSmart Geneva\\u00bb afin d'op\\u00e9rer la transition vers la Smart City 3.0, sur le mod\\u00e8le scandinave, par la mise en r\\u00e9seau et la promotion de projets. L'approche vise \\u00e0 utiliser la technologie \\u00e0 bon escient, au service de l'urbanisation et de la lutte contre le changement climatique, et \\u00e0 cr\\u00e9er une communaut\\u00e9 vivante et collaborative.\",\"inLanguage\":\"fr-FR\",\"isPartOf\":{\"@id\":\"https:\\\/\\\/www.immo-invest.ch\\\/fr\\\/#website\"},\"breadcrumb\":{\"@id\":\"https:\\\/\\\/www.immo-invest.ch\\\/fr\\\/geneve-en-route-vers-la-smart-city-3-0\\\/#breadcrumblist\"},\"author\":{\"@id\":\"https:\\\/\\\/www.immo-invest.ch\\\/fr\\\/author\\\/immovestuser\\\/#author\"},\"creator\":{\"@id\":\"https:\\\/\\\/www.immo-invest.ch\\\/fr\\\/author\\\/immovestuser\\\/#author\"},\"image\":{\"@type\":\"ImageObject\",\"url\":\"https:\\\/\\\/www.immo-invest.ch\\\/wp-content\\\/uploads\\\/2024\\\/07\\\/genf_reitvu.png\",\"@id\":\"https:\\\/\\\/www.immo-invest.ch\\\/fr\\\/geneve-en-route-vers-la-smart-city-3-0\\\/#mainImage\",\"width\":1000,\"height\":562},\"primaryImageOfPage\":{\"@id\":\"https:\\\/\\\/www.immo-invest.ch\\\/fr\\\/geneve-en-route-vers-la-smart-city-3-0\\\/#mainImage\"},\"datePublished\":\"2024-07-05T14:30:21+02:00\",\"dateModified\":\"2024-07-05T14:30:23+02:00\"},{\"@type\":\"WebSite\",\"@id\":\"https:\\\/\\\/www.immo-invest.ch\\\/fr\\\/#website\",\"url\":\"https:\\\/\\\/www.immo-invest.ch\\\/fr\\\/\",\"name\":\"immo!nvest - Die Plattform f\\u00fcr Standorte und Immobilien\",\"description\":\"Die\\u00a0Plattform f\\u00fcr Standorte und Immobilien\",\"inLanguage\":\"fr-FR\",\"publisher\":{\"@id\":\"https:\\\/\\\/www.immo-invest.ch\\\/fr\\\/#organization\"}}]}\n\t\t<\/script>\n\t\t<!-- All in One SEO -->\n\n","aioseo_head_json":{"title":"Gen\u00e8ve en route vers la Smart City 3.0 - immo!nvest - Die Plattform f\u00fcr Standorte und Immobilien","description":"Le canton de Gen\u00e8ve lance l'initiative \u00abSmart Geneva\u00bb afin d'op\u00e9rer la transition vers la Smart City 3.0, sur le mod\u00e8le scandinave, par la mise en r\u00e9seau et la promotion de projets. L'approche vise \u00e0 utiliser la technologie \u00e0 bon escient, au service de l'urbanisation et de la lutte contre le changement climatique, et \u00e0 cr\u00e9er une communaut\u00e9 vivante et collaborative.","canonical_url":"https:\/\/www.immo-invest.ch\/fr\/geneve-en-route-vers-la-smart-city-3-0\/","robots":"max-image-preview:large","keywords":"","webmasterTools":{"google-site-verification":"fHJKvgWpZCR2zVBHWfkQeFXC11qieUSff0HGNYfuyLA","miscellaneous":""},"schema":{"@context":"https:\/\/schema.org","@graph":[{"@type":"BlogPosting","@id":"https:\/\/www.immo-invest.ch\/fr\/geneve-en-route-vers-la-smart-city-3-0\/#blogposting","name":"Gen\u00e8ve en route vers la Smart City 3.0 - immo!nvest - Die Plattform f\u00fcr Standorte und Immobilien","headline":"Gen\u00e8ve en route vers la Smart City 3.0","author":{"@id":"https:\/\/www.immo-invest.ch\/fr\/author\/immovestuser\/#author"},"publisher":{"@id":"https:\/\/www.immo-invest.ch\/fr\/#organization"},"image":{"@type":"ImageObject","url":"https:\/\/www.immo-invest.ch\/wp-content\/uploads\/2024\/07\/genf_reitvu.png","width":1000,"height":562},"datePublished":"2024-07-05T14:30:21+02:00","dateModified":"2024-07-05T14:30:23+02:00","inLanguage":"fr-FR","mainEntityOfPage":{"@id":"https:\/\/www.immo-invest.ch\/fr\/geneve-en-route-vers-la-smart-city-3-0\/#webpage"},"isPartOf":{"@id":"https:\/\/www.immo-invest.ch\/fr\/geneve-en-route-vers-la-smart-city-3-0\/#webpage"},"articleSection":"Durabilit\u00e9, \u00c9nergie, Genf, d\u00e9veloppement urbain durable, \u00e9conomie circulaire, immobilien, Immoinvest, immoNews, int\u00e9gration r\u00e9gionale, protection du climat, r\u00e9chauffement climatique, technologies num\u00e9riques, urbanisation, Facultatif"},{"@type":"BreadcrumbList","@id":"https:\/\/www.immo-invest.ch\/fr\/geneve-en-route-vers-la-smart-city-3-0\/#breadcrumblist","itemListElement":[{"@type":"ListItem","@id":"https:\/\/www.immo-invest.ch\/fr\/#listItem","position":1,"name":"Home","item":"https:\/\/www.immo-invest.ch\/fr\/","nextItem":{"@type":"ListItem","@id":"https:\/\/www.immo-invest.ch\/fr\/categories\/regions\/#listItem","name":"R\u00e9gions"}},{"@type":"ListItem","@id":"https:\/\/www.immo-invest.ch\/fr\/categories\/regions\/#listItem","position":2,"name":"R\u00e9gions","item":"https:\/\/www.immo-invest.ch\/fr\/categories\/regions\/","nextItem":{"@type":"ListItem","@id":"https:\/\/www.immo-invest.ch\/fr\/categories\/regions\/suisse\/#listItem","name":"Suisse"},"previousItem":{"@type":"ListItem","@id":"https:\/\/www.immo-invest.ch\/fr\/#listItem","name":"Home"}},{"@type":"ListItem","@id":"https:\/\/www.immo-invest.ch\/fr\/categories\/regions\/suisse\/#listItem","position":3,"name":"Suisse","item":"https:\/\/www.immo-invest.ch\/fr\/categories\/regions\/suisse\/","nextItem":{"@type":"ListItem","@id":"https:\/\/www.immo-invest.ch\/fr\/categories\/regions\/suisse\/region-lemanique\/#listItem","name":"R\u00e9gion l\u00e9manique"},"previousItem":{"@type":"ListItem","@id":"https:\/\/www.immo-invest.ch\/fr\/categories\/regions\/#listItem","name":"R\u00e9gions"}},{"@type":"ListItem","@id":"https:\/\/www.immo-invest.ch\/fr\/categories\/regions\/suisse\/region-lemanique\/#listItem","position":4,"name":"R\u00e9gion l\u00e9manique","item":"https:\/\/www.immo-invest.ch\/fr\/categories\/regions\/suisse\/region-lemanique\/","nextItem":{"@type":"ListItem","@id":"https:\/\/www.immo-invest.ch\/fr\/categories\/regions\/suisse\/region-lemanique\/genf-fr\/#listItem","name":"Genf"},"previousItem":{"@type":"ListItem","@id":"https:\/\/www.immo-invest.ch\/fr\/categories\/regions\/suisse\/#listItem","name":"Suisse"}},{"@type":"ListItem","@id":"https:\/\/www.immo-invest.ch\/fr\/categories\/regions\/suisse\/region-lemanique\/genf-fr\/#listItem","position":5,"name":"Genf","item":"https:\/\/www.immo-invest.ch\/fr\/categories\/regions\/suisse\/region-lemanique\/genf-fr\/","nextItem":{"@type":"ListItem","@id":"https:\/\/www.immo-invest.ch\/fr\/geneve-en-route-vers-la-smart-city-3-0\/#listItem","name":"Gen\u00e8ve en route vers la Smart City 3.0"},"previousItem":{"@type":"ListItem","@id":"https:\/\/www.immo-invest.ch\/fr\/categories\/regions\/suisse\/region-lemanique\/#listItem","name":"R\u00e9gion l\u00e9manique"}},{"@type":"ListItem","@id":"https:\/\/www.immo-invest.ch\/fr\/geneve-en-route-vers-la-smart-city-3-0\/#listItem","position":6,"name":"Gen\u00e8ve en route vers la Smart City 3.0","previousItem":{"@type":"ListItem","@id":"https:\/\/www.immo-invest.ch\/fr\/categories\/regions\/suisse\/region-lemanique\/genf-fr\/#listItem","name":"Genf"}}]},{"@type":"Organization","@id":"https:\/\/www.immo-invest.ch\/fr\/#organization","name":"immo!nvest - Die Plattform f\u00fcr Standorte und Immobilien","description":"Die\u00a0Plattform f\u00fcr Standorte und Immobilien","url":"https:\/\/www.immo-invest.ch\/fr\/","email":"admin@immomedia.ag","telephone":"+41444420002","logo":{"@type":"ImageObject","url":"https:\/\/www.immo-invest.ch\/wp-content\/uploads\/2024\/09\/immoinvest_sm-scaled.jpg","@id":"https:\/\/www.immo-invest.ch\/fr\/geneve-en-route-vers-la-smart-city-3-0\/#organizationLogo","width":2560,"height":1340},"image":{"@id":"https:\/\/www.immo-invest.ch\/fr\/geneve-en-route-vers-la-smart-city-3-0\/#organizationLogo"},"sameAs":["https:\/\/www.facebook.com\/people\/Immoinvest\/100077962920504\/","https:\/\/x.com\/i\/flow\/login?redirect_after_login=immoinvest_ch","https:\/\/www.instagram.com\/immoinvest_ch\/","https:\/\/www.linkedin.com\/company\/immoinvest-swiss"]},{"@type":"Person","@id":"https:\/\/www.immo-invest.ch\/fr\/author\/immovestuser\/#author","url":"https:\/\/www.immo-invest.ch\/fr\/author\/immovestuser\/","name":"immovestuser","image":{"@type":"ImageObject","@id":"https:\/\/www.immo-invest.ch\/fr\/geneve-en-route-vers-la-smart-city-3-0\/#authorImage","url":"https:\/\/secure.gravatar.com\/avatar\/8e01f4d99f2eeea7a362ebb93305e1172a70e9293ba250f897a65c39f54cdd1e?s=96&d=mm&r=g","width":96,"height":96,"caption":"immovestuser"}},{"@type":"WebPage","@id":"https:\/\/www.immo-invest.ch\/fr\/geneve-en-route-vers-la-smart-city-3-0\/#webpage","url":"https:\/\/www.immo-invest.ch\/fr\/geneve-en-route-vers-la-smart-city-3-0\/","name":"Gen\u00e8ve en route vers la Smart City 3.0 - immo!nvest - Die Plattform f\u00fcr Standorte und Immobilien","description":"Le canton de Gen\u00e8ve lance l'initiative \u00abSmart Geneva\u00bb afin d'op\u00e9rer la transition vers la Smart City 3.0, sur le mod\u00e8le scandinave, par la mise en r\u00e9seau et la promotion de projets. L'approche vise \u00e0 utiliser la technologie \u00e0 bon escient, au service de l'urbanisation et de la lutte contre le changement climatique, et \u00e0 cr\u00e9er une communaut\u00e9 vivante et collaborative.","inLanguage":"fr-FR","isPartOf":{"@id":"https:\/\/www.immo-invest.ch\/fr\/#website"},"breadcrumb":{"@id":"https:\/\/www.immo-invest.ch\/fr\/geneve-en-route-vers-la-smart-city-3-0\/#breadcrumblist"},"author":{"@id":"https:\/\/www.immo-invest.ch\/fr\/author\/immovestuser\/#author"},"creator":{"@id":"https:\/\/www.immo-invest.ch\/fr\/author\/immovestuser\/#author"},"image":{"@type":"ImageObject","url":"https:\/\/www.immo-invest.ch\/wp-content\/uploads\/2024\/07\/genf_reitvu.png","@id":"https:\/\/www.immo-invest.ch\/fr\/geneve-en-route-vers-la-smart-city-3-0\/#mainImage","width":1000,"height":562},"primaryImageOfPage":{"@id":"https:\/\/www.immo-invest.ch\/fr\/geneve-en-route-vers-la-smart-city-3-0\/#mainImage"},"datePublished":"2024-07-05T14:30:21+02:00","dateModified":"2024-07-05T14:30:23+02:00"},{"@type":"WebSite","@id":"https:\/\/www.immo-invest.ch\/fr\/#website","url":"https:\/\/www.immo-invest.ch\/fr\/","name":"immo!nvest - Die Plattform f\u00fcr Standorte und Immobilien","description":"Die\u00a0Plattform f\u00fcr Standorte und Immobilien","inLanguage":"fr-FR","publisher":{"@id":"https:\/\/www.immo-invest.ch\/fr\/#organization"}}]},"og:locale":"fr_FR","og:site_name":"immo!nvest - Die Plattform f\u00fcr Standorte und Immobilien - Die\u00a0Plattform f\u00fcr Standorte und Immobilien","og:type":"article","og:title":"Gen\u00e8ve en route vers la Smart City 3.0 - immo!nvest - Die Plattform f\u00fcr Standorte und Immobilien","og:description":"Le canton de Gen\u00e8ve lance l'initiative \u00abSmart Geneva\u00bb afin d'op\u00e9rer la transition vers la Smart City 3.0, sur le mod\u00e8le scandinave, par la mise en r\u00e9seau et la promotion de projets. L'approche vise \u00e0 utiliser la technologie \u00e0 bon escient, au service de l'urbanisation et de la lutte contre le changement climatique, et \u00e0 cr\u00e9er une communaut\u00e9 vivante et collaborative.","og:url":"https:\/\/www.immo-invest.ch\/fr\/geneve-en-route-vers-la-smart-city-3-0\/","og:image":"https:\/\/www.immo-invest.ch\/wp-content\/uploads\/2024\/07\/genf_reitvu.png","og:image:secure_url":"https:\/\/www.immo-invest.ch\/wp-content\/uploads\/2024\/07\/genf_reitvu.png","og:image:width":1000,"og:image:height":562,"article:published_time":"2024-07-05T12:30:21+00:00","article:modified_time":"2024-07-05T12:30:23+00:00","article:publisher":"https:\/\/www.facebook.com\/people\/Immoinvest\/100077962920504\/","twitter:card":"summary_large_image","twitter:site":"@i","twitter:title":"Gen\u00e8ve en route vers la Smart City 3.0 - immo!nvest - Die Plattform f\u00fcr Standorte und Immobilien","twitter:description":"Le canton de Gen\u00e8ve lance l'initiative \u00abSmart Geneva\u00bb afin d'op\u00e9rer la transition vers la Smart City 3.0, sur le mod\u00e8le scandinave, par la mise en r\u00e9seau et la promotion de projets. L'approche vise \u00e0 utiliser la technologie \u00e0 bon escient, au service de l'urbanisation et de la lutte contre le changement climatique, et \u00e0 cr\u00e9er une communaut\u00e9 vivante et collaborative.","twitter:creator":"@i","twitter:image":"https:\/\/www.immo-invest.ch\/wp-content\/uploads\/2024\/07\/genf_reitvu.png"},"aioseo_meta_data":{"post_id":"104580","title":null,"description":null,"keywords":null,"keyphrases":null,"primary_term":null,"canonical_url":null,"og_title":null,"og_description":null,"og_object_type":"default","og_image_type":"default","og_image_url":null,"og_image_width":null,"og_image_height":null,"og_image_custom_url":null,"og_image_custom_fields":null,"og_video":null,"og_custom_url":null,"og_article_section":null,"og_article_tags":null,"twitter_use_og":false,"twitter_card":"default","twitter_image_type":"default","twitter_image_url":null,"twitter_image_custom_url":null,"twitter_image_custom_fields":null,"twitter_title":null,"twitter_description":null,"schema":{"blockGraphs":[],"customGraphs":[],"default":{"data":{"Article":[],"Course":[],"Dataset":[],"FAQPage":[],"Movie":[],"Person":[],"Product":[],"ProductReview":[],"Car":[],"Recipe":[],"Service":[],"SoftwareApplication":[],"WebPage":[]},"graphName":"","isEnabled":true},"graphs":[]},"schema_type":"default","schema_type_options":null,"pillar_content":false,"robots_default":true,"robots_noindex":false,"robots_noarchive":false,"robots_nosnippet":false,"robots_nofollow":false,"robots_noimageindex":false,"robots_noodp":false,"robots_notranslate":false,"robots_max_snippet":null,"robots_max_videopreview":null,"robots_max_imagepreview":"large","priority":null,"frequency":null,"local_seo":null,"breadcrumb_settings":null,"limit_modified_date":false,"ai":null,"created":"2024-09-20 22:49:58","updated":"2025-10-24 05:08:12","seo_analyzer_scan_date":null,"focus_keyword":null,"additional_keywords":null,"truseo_locale":null},"aioseo_breadcrumb":"<div class=\"aioseo-breadcrumbs\"><span class=\"aioseo-breadcrumb\">\n\t\t\t<a href=\"https:\/\/www.immo-invest.ch\/fr\/\" title=\"Home\">Home<\/a>\n\t\t<\/span><span class=\"aioseo-breadcrumb-separator\">&raquo;<\/span><span class=\"aioseo-breadcrumb\">\n\t\t\t<a href=\"https:\/\/www.immo-invest.ch\/fr\/categories\/regions\/\" title=\"R\u00e9gions\">R\u00e9gions<\/a>\n\t\t<\/span><span class=\"aioseo-breadcrumb-separator\">&raquo;<\/span><span class=\"aioseo-breadcrumb\">\n\t\t\t<a href=\"https:\/\/www.immo-invest.ch\/fr\/categories\/regions\/suisse\/\" title=\"Suisse\">Suisse<\/a>\n\t\t<\/span><span class=\"aioseo-breadcrumb-separator\">&raquo;<\/span><span class=\"aioseo-breadcrumb\">\n\t\t\t<a href=\"https:\/\/www.immo-invest.ch\/fr\/categories\/regions\/suisse\/region-lemanique\/\" title=\"R\u00e9gion l\u00e9manique\">R\u00e9gion l\u00e9manique<\/a>\n\t\t<\/span><span class=\"aioseo-breadcrumb-separator\">&raquo;<\/span><span class=\"aioseo-breadcrumb\">\n\t\t\t<a href=\"https:\/\/www.immo-invest.ch\/fr\/categories\/regions\/suisse\/region-lemanique\/genf-fr\/\" title=\"Genf\">Genf<\/a>\n\t\t<\/span><span class=\"aioseo-breadcrumb-separator\">&raquo;<\/span><span class=\"aioseo-breadcrumb\">\n\t\t\tGen\u00e8ve en route vers la Smart City 3.0\n\t\t<\/span><\/div>","aioseo_breadcrumb_json":[{"label":"Home","link":"https:\/\/www.immo-invest.ch\/fr\/"},{"label":"R\u00e9gions","link":"https:\/\/www.immo-invest.ch\/fr\/categories\/regions\/"},{"label":"Suisse","link":"https:\/\/www.immo-invest.ch\/fr\/categories\/regions\/suisse\/"},{"label":"R\u00e9gion l\u00e9manique","link":"https:\/\/www.immo-invest.ch\/fr\/categories\/regions\/suisse\/region-lemanique\/"},{"label":"Genf","link":"https:\/\/www.immo-invest.ch\/fr\/categories\/regions\/suisse\/region-lemanique\/genf-fr\/"},{"label":"Gen\u00e8ve en route vers la Smart City 3.0","link":"https:\/\/www.immo-invest.ch\/fr\/geneve-en-route-vers-la-smart-city-3-0\/"}],"featured_image_src":"https:\/\/www.immo-invest.ch\/wp-content\/uploads\/2024\/07\/genf_reitvu-336x168.png","_links":{"self":[{"href":"https:\/\/www.immo-invest.ch\/fr\/wp-json\/wp\/v2\/posts\/104580","targetHints":{"allow":["GET"]}}],"collection":[{"href":"https:\/\/www.immo-invest.ch\/fr\/wp-json\/wp\/v2\/posts"}],"about":[{"href":"https:\/\/www.immo-invest.ch\/fr\/wp-json\/wp\/v2\/types\/post"}],"author":[{"embeddable":true,"href":"https:\/\/www.immo-invest.ch\/fr\/wp-json\/wp\/v2\/users\/2"}],"replies":[{"embeddable":true,"href":"https:\/\/www.immo-invest.ch\/fr\/wp-json\/wp\/v2\/comments?post=104580"}],"version-history":[{"count":0,"href":"https:\/\/www.immo-invest.ch\/fr\/wp-json\/wp\/v2\/posts\/104580\/revisions"}],"wp:featuredmedia":[{"embeddable":true,"href":"https:\/\/www.immo-invest.ch\/fr\/wp-json\/wp\/v2\/media\/104586"}],"wp:attachment":[{"href":"https:\/\/www.immo-invest.ch\/fr\/wp-json\/wp\/v2\/media?parent=104580"}],"wp:term":[{"taxonomy":"category","embeddable":true,"href":"https:\/\/www.immo-invest.ch\/fr\/wp-json\/wp\/v2\/categories?post=104580"},{"taxonomy":"post_tag","embeddable":true,"href":"https:\/\/www.immo-invest.ch\/fr\/wp-json\/wp\/v2\/tags?post=104580"}],"curies":[{"name":"wp","href":"https:\/\/api.w.org\/{rel}","templated":true}]}}