{"id":104442,"date":"2024-07-04T10:40:43","date_gmt":"2024-07-04T08:40:43","guid":{"rendered":"https:\/\/www.immo-invest.ch\/?p=104442"},"modified":"2024-07-04T10:40:45","modified_gmt":"2024-07-04T08:40:45","slug":"un-centre-mondial-de-linternationalite-et-de-linnovation","status":"publish","type":"post","link":"https:\/\/www.immo-invest.ch\/fr\/un-centre-mondial-de-linternationalite-et-de-linnovation\/","title":{"rendered":"Un centre mondial de l&rsquo;internationalit\u00e9 et de l&rsquo;innovation"},"content":{"rendered":"<p class=\"wp-block-paragraph\">Gen&egrave;ve joue un r&ocirc;le central sur la sc&egrave;ne internationale, non seulement en accueillant les Nations unies et pr&egrave;s de 400 ONG, mais aussi en &eacute;tant le si&egrave;ge de nombreuses multinationales, notamment dans les domaines de la recherche et du d&eacute;veloppement. Ce positionnement souligne l&rsquo;importance de Gen&egrave;ve en tant que centre mondial de coop&eacute;ration internationale, soutenu par un paysage acad&eacute;mique qui compte parmi les meilleurs au monde.<\/p>\n\n\n\n<p class=\"wp-block-paragraph\"><strong>L&rsquo;excellence en mati&egrave;re d&rsquo;infrastructures<\/strong><br>&Eacute;tant l&rsquo;une des villes les plus favorables aux affaires en Europe, Gen&egrave;ve dispose d&rsquo;une excellente infrastructure qui attire les congr&egrave;s internationaux et les voyageurs d&rsquo;affaires. L&rsquo;a&eacute;roport international de Gen&egrave;ve, situ&eacute; &agrave; quelques minutes du centre-ville, propose des vols directs vers quelque 150 destinations dans le monde entier. Le r&eacute;seau ferroviaire international bien d&eacute;velopp&eacute;, y compris le TGV, qui atteint Paris en seulement trois heures, et le L&eacute;man Express, le plus grand r&eacute;seau ferroviaire r&eacute;gional d&rsquo;Europe, renforce consid&eacute;rablement l&rsquo;accessibilit&eacute; de Gen&egrave;ve.<\/p>\n\n\n\n<p class=\"wp-block-paragraph\"><strong>Promotion des discussions multilat&eacute;rales<\/strong><br>Gen&egrave;ve accueille d&rsquo;importantes discussions internationales, des Nations unies aux forums &eacute;conomiques mondiaux en passant par le Comit&eacute; international de la Croix-Rouge. Ces discussions font partie de l&rsquo;h&eacute;ritage de Gen&egrave;ve et refl&egrave;tent la ville en tant que carrefour de n&eacute;gociations et d&rsquo;arbitrages internationaux. L&rsquo;Organisation mondiale de la propri&eacute;t&eacute; intellectuelle documente ici les nombreuses innovations issues des centres de recherche et de d&eacute;veloppement locaux.<\/p>\n\n\n\n<p class=\"wp-block-paragraph\"><strong>D&eacute;veloppement urbain durable<\/strong><br>En plus de son r&ocirc;le de centre international, Gen&egrave;ve pose de nouveaux jalons en mati&egrave;re de d&eacute;veloppement urbain durable. Un programme de subventions dot&eacute; d&rsquo;un budget de 500 millions de francs vise &agrave; acc&eacute;l&eacute;rer la r&eacute;novation &eacute;nerg&eacute;tique des b&acirc;timents et &agrave; atteindre les objectifs climatiques. Cet engagement montre que Gen&egrave;ve s&rsquo;efforce d&rsquo;atteindre la neutralit&eacute; climatique d&rsquo;ici 2050 et soutient ainsi les propri&eacute;taires priv&eacute;s et publics dans la modernisation de leurs biens immobiliers.<br>Gen&egrave;ve d&eacute;montre de mani&egrave;re impressionnante comment une ville peut &ecirc;tre &agrave; la fois un centre de politique et d&rsquo;&eacute;conomie internationales et un centre de promotion du d&eacute;veloppement durable. Gr&acirc;ce &agrave; cette dualit&eacute;, Gen&egrave;ve renforce sa position en tant que lieu o&ugrave; les d&eacute;fis mondiaux sont abord&eacute;s de mani&egrave;re innovante et efficace.<\/p>\n","protected":false},"excerpt":{"rendered":"<p>Connue pour abriter de nombreuses organisations internationales et \u00eatre un centre de coop\u00e9ration mondiale, Gen\u00e8ve confirme son statut de ville leader en mati\u00e8re de dialogues et de d\u00e9veloppements mondiaux. Avec une infrastructure impressionnante et une sc\u00e8ne de recherche et d\u00e9veloppement tr\u00e8s d\u00e9velopp\u00e9e, la ville attire continuellement des entreprises multinationales et des congr\u00e8s internationaux.<\/p>\n","protected":false},"author":2,"featured_media":104453,"comment_status":"open","ping_status":"open","sticky":false,"template":"","format":"standard","meta":{"pmpro_default_level":"0","inline_featured_image":false,"_monsterinsights_skip_tracking":false,"footnotes":""},"categories":[47523,22357,22703],"tags":[2573,1818,848,872,3931,47349,2056,2512],"class_list":["post-104442","post","type-post","status-publish","format-standard","has-post-thumbnail","hentry","category-genf-fr","category-industrie-du-batiment","category-mobilite","tag-bauwirtschaft-fr","tag-entwicklung-fr","tag-immobilien-fr","tag-immoinvest-fr","tag-immonews-fr","tag-immovation-fr","tag-nachhaltigkeit-fr","tag-urban-fr","pmpro-has-access"],"acf":{"bild_mit_ki_erstellt_worden":[],"lead":"Connue pour abriter de nombreuses organisations internationales et \u00eatre un centre de coop\u00e9ration mondiale, Gen\u00e8ve confirme son statut de ville leader en mati\u00e8re de dialogues et de d\u00e9veloppements mondiaux. Avec une infrastructure impressionnante et une sc\u00e8ne de recherche et d\u00e9veloppement tr\u00e8s d\u00e9velopp\u00e9e, la ville attire continuellement des entreprises multinationales et des congr\u00e8s internationaux.","autor":"Texte: Christoph Gr\u00fcninger, Image: m\u00e0d.","ort":"","bildunterschrift":"","bild_im_grid":false,"gallerie":"","newsim":""},"aioseo_notices":[],"aioseo_head":"\n\t\t<!-- All in One SEO 5.0.0.1 - aioseo.com -->\n\t<meta name=\"description\" content=\"Connue pour abriter de nombreuses organisations internationales et \u00eatre un centre de coop\u00e9ration mondiale, Gen\u00e8ve confirme son statut de ville leader en mati\u00e8re de dialogues et de d\u00e9veloppements mondiaux. Avec une infrastructure impressionnante et une sc\u00e8ne de recherche et d\u00e9veloppement tr\u00e8s d\u00e9velopp\u00e9e, la ville attire continuellement des entreprises multinationales et des congr\u00e8s internationaux.\" \/>\n\t<meta name=\"robots\" content=\"max-image-preview:large\" \/>\n\t<meta name=\"author\" content=\"immovestuser\"\/>\n\t<meta name=\"google-site-verification\" content=\"fHJKvgWpZCR2zVBHWfkQeFXC11qieUSff0HGNYfuyLA\" \/>\n\t<link rel=\"canonical\" href=\"https:\/\/www.immo-invest.ch\/fr\/un-centre-mondial-de-linternationalite-et-de-linnovation\/\" \/>\n\t<meta name=\"generator\" content=\"All in One SEO (AIOSEO) 5.0.0.1\" \/>\n\t\t<meta property=\"og:locale\" content=\"fr_FR\" \/>\n\t\t<meta property=\"og:site_name\" content=\"immo!nvest - Die Plattform f\u00fcr Standorte und Immobilien - Die\u00a0Plattform f\u00fcr Standorte und Immobilien\" \/>\n\t\t<meta property=\"og:type\" content=\"article\" \/>\n\t\t<meta property=\"og:title\" content=\"Un centre mondial de l\u2019internationalit\u00e9 et de l\u2019innovation - immo!nvest - Die Plattform f\u00fcr Standorte und Immobilien\" \/>\n\t\t<meta property=\"og:description\" content=\"Connue pour abriter de nombreuses organisations internationales et \u00eatre un centre de coop\u00e9ration mondiale, Gen\u00e8ve confirme son statut de ville leader en mati\u00e8re de dialogues et de d\u00e9veloppements mondiaux. Avec une infrastructure impressionnante et une sc\u00e8ne de recherche et d\u00e9veloppement tr\u00e8s d\u00e9velopp\u00e9e, la ville attire continuellement des entreprises multinationales et des congr\u00e8s internationaux.\" \/>\n\t\t<meta property=\"og:url\" content=\"https:\/\/www.immo-invest.ch\/fr\/un-centre-mondial-de-linternationalite-et-de-linnovation\/\" \/>\n\t\t<meta property=\"og:image\" content=\"https:\/\/www.immo-invest.ch\/wp-content\/uploads\/2024\/07\/banoviag_create_a_picture_showing_the_city_of_Geneva_Switzerlan_0b9c1903-9bb8-4593-905f-645ef075638d-e1720082374673.png\" \/>\n\t\t<meta property=\"og:image:secure_url\" content=\"https:\/\/www.immo-invest.ch\/wp-content\/uploads\/2024\/07\/banoviag_create_a_picture_showing_the_city_of_Geneva_Switzerlan_0b9c1903-9bb8-4593-905f-645ef075638d-e1720082374673.png\" \/>\n\t\t<meta property=\"og:image:width\" content=\"1455\" \/>\n\t\t<meta property=\"og:image:height\" content=\"727\" \/>\n\t\t<meta property=\"article:published_time\" content=\"2024-07-04T08:40:43+00:00\" \/>\n\t\t<meta property=\"article:modified_time\" content=\"2024-07-04T08:40:45+00:00\" \/>\n\t\t<meta property=\"article:publisher\" content=\"https:\/\/www.facebook.com\/people\/Immoinvest\/100077962920504\/\" \/>\n\t\t<meta name=\"twitter:card\" content=\"summary_large_image\" \/>\n\t\t<meta name=\"twitter:site\" content=\"@i\" \/>\n\t\t<meta name=\"twitter:title\" content=\"Un centre mondial de l\u2019internationalit\u00e9 et de l\u2019innovation - immo!nvest - Die Plattform f\u00fcr Standorte und Immobilien\" \/>\n\t\t<meta name=\"twitter:description\" content=\"Connue pour abriter de nombreuses organisations internationales et \u00eatre un centre de coop\u00e9ration mondiale, Gen\u00e8ve confirme son statut de ville leader en mati\u00e8re de dialogues et de d\u00e9veloppements mondiaux. Avec une infrastructure impressionnante et une sc\u00e8ne de recherche et d\u00e9veloppement tr\u00e8s d\u00e9velopp\u00e9e, la ville attire continuellement des entreprises multinationales et des congr\u00e8s internationaux.\" \/>\n\t\t<meta name=\"twitter:creator\" content=\"@i\" \/>\n\t\t<meta name=\"twitter:image\" content=\"https:\/\/www.immo-invest.ch\/wp-content\/uploads\/2024\/07\/banoviag_create_a_picture_showing_the_city_of_Geneva_Switzerlan_0b9c1903-9bb8-4593-905f-645ef075638d-e1720082374673.png\" \/>\n\t\t<script type=\"application\/ld+json\" class=\"aioseo-schema\">\n\t\t\t{\"@context\":\"https:\\\/\\\/schema.org\",\"@graph\":[{\"@type\":\"BlogPosting\",\"@id\":\"https:\\\/\\\/www.immo-invest.ch\\\/fr\\\/un-centre-mondial-de-linternationalite-et-de-linnovation\\\/#blogposting\",\"name\":\"Un centre mondial de l\\u2019internationalit\\u00e9 et de l\\u2019innovation - immo!nvest - Die Plattform f\\u00fcr Standorte und Immobilien\",\"headline\":\"Un centre mondial de l&rsquo;internationalit\\u00e9 et de l&rsquo;innovation\",\"author\":{\"@id\":\"https:\\\/\\\/www.immo-invest.ch\\\/fr\\\/author\\\/immovestuser\\\/#author\"},\"publisher\":{\"@id\":\"https:\\\/\\\/www.immo-invest.ch\\\/fr\\\/#organization\"},\"image\":{\"@type\":\"ImageObject\",\"url\":\"https:\\\/\\\/www.immo-invest.ch\\\/wp-content\\\/uploads\\\/2024\\\/07\\\/banoviag_create_a_picture_showing_the_city_of_Geneva_Switzerlan_0b9c1903-9bb8-4593-905f-645ef075638d-e1720082374673.png\",\"width\":1455,\"height\":727},\"datePublished\":\"2024-07-04T10:40:43+02:00\",\"dateModified\":\"2024-07-04T10:40:45+02:00\",\"inLanguage\":\"fr-FR\",\"mainEntityOfPage\":{\"@id\":\"https:\\\/\\\/www.immo-invest.ch\\\/fr\\\/un-centre-mondial-de-linternationalite-et-de-linnovation\\\/#webpage\"},\"isPartOf\":{\"@id\":\"https:\\\/\\\/www.immo-invest.ch\\\/fr\\\/un-centre-mondial-de-linternationalite-et-de-linnovation\\\/#webpage\"},\"articleSection\":\"Genf, Industrie du b\\u00e2timent, Mobilit\\u00e9, Bauwirtschaft, Entwicklung, immobilien, Immoinvest, immoNews, Immovation, Nachhaltigkeit, Urban, Facultatif\"},{\"@type\":\"BreadcrumbList\",\"@id\":\"https:\\\/\\\/www.immo-invest.ch\\\/fr\\\/un-centre-mondial-de-linternationalite-et-de-linnovation\\\/#breadcrumblist\",\"itemListElement\":[{\"@type\":\"ListItem\",\"@id\":\"https:\\\/\\\/www.immo-invest.ch\\\/fr\\\/#listItem\",\"position\":1,\"name\":\"Home\",\"item\":\"https:\\\/\\\/www.immo-invest.ch\\\/fr\\\/\",\"nextItem\":{\"@type\":\"ListItem\",\"@id\":\"https:\\\/\\\/www.immo-invest.ch\\\/fr\\\/categories\\\/regions\\\/#listItem\",\"name\":\"R\\u00e9gions\"}},{\"@type\":\"ListItem\",\"@id\":\"https:\\\/\\\/www.immo-invest.ch\\\/fr\\\/categories\\\/regions\\\/#listItem\",\"position\":2,\"name\":\"R\\u00e9gions\",\"item\":\"https:\\\/\\\/www.immo-invest.ch\\\/fr\\\/categories\\\/regions\\\/\",\"nextItem\":{\"@type\":\"ListItem\",\"@id\":\"https:\\\/\\\/www.immo-invest.ch\\\/fr\\\/categories\\\/regions\\\/suisse\\\/#listItem\",\"name\":\"Suisse\"},\"previousItem\":{\"@type\":\"ListItem\",\"@id\":\"https:\\\/\\\/www.immo-invest.ch\\\/fr\\\/#listItem\",\"name\":\"Home\"}},{\"@type\":\"ListItem\",\"@id\":\"https:\\\/\\\/www.immo-invest.ch\\\/fr\\\/categories\\\/regions\\\/suisse\\\/#listItem\",\"position\":3,\"name\":\"Suisse\",\"item\":\"https:\\\/\\\/www.immo-invest.ch\\\/fr\\\/categories\\\/regions\\\/suisse\\\/\",\"nextItem\":{\"@type\":\"ListItem\",\"@id\":\"https:\\\/\\\/www.immo-invest.ch\\\/fr\\\/categories\\\/regions\\\/suisse\\\/region-lemanique\\\/#listItem\",\"name\":\"R\\u00e9gion l\\u00e9manique\"},\"previousItem\":{\"@type\":\"ListItem\",\"@id\":\"https:\\\/\\\/www.immo-invest.ch\\\/fr\\\/categories\\\/regions\\\/#listItem\",\"name\":\"R\\u00e9gions\"}},{\"@type\":\"ListItem\",\"@id\":\"https:\\\/\\\/www.immo-invest.ch\\\/fr\\\/categories\\\/regions\\\/suisse\\\/region-lemanique\\\/#listItem\",\"position\":4,\"name\":\"R\\u00e9gion l\\u00e9manique\",\"item\":\"https:\\\/\\\/www.immo-invest.ch\\\/fr\\\/categories\\\/regions\\\/suisse\\\/region-lemanique\\\/\",\"nextItem\":{\"@type\":\"ListItem\",\"@id\":\"https:\\\/\\\/www.immo-invest.ch\\\/fr\\\/categories\\\/regions\\\/suisse\\\/region-lemanique\\\/genf-fr\\\/#listItem\",\"name\":\"Genf\"},\"previousItem\":{\"@type\":\"ListItem\",\"@id\":\"https:\\\/\\\/www.immo-invest.ch\\\/fr\\\/categories\\\/regions\\\/suisse\\\/#listItem\",\"name\":\"Suisse\"}},{\"@type\":\"ListItem\",\"@id\":\"https:\\\/\\\/www.immo-invest.ch\\\/fr\\\/categories\\\/regions\\\/suisse\\\/region-lemanique\\\/genf-fr\\\/#listItem\",\"position\":5,\"name\":\"Genf\",\"item\":\"https:\\\/\\\/www.immo-invest.ch\\\/fr\\\/categories\\\/regions\\\/suisse\\\/region-lemanique\\\/genf-fr\\\/\",\"nextItem\":{\"@type\":\"ListItem\",\"@id\":\"https:\\\/\\\/www.immo-invest.ch\\\/fr\\\/un-centre-mondial-de-linternationalite-et-de-linnovation\\\/#listItem\",\"name\":\"Un centre mondial de l&rsquo;internationalit\\u00e9 et de l&rsquo;innovation\"},\"previousItem\":{\"@type\":\"ListItem\",\"@id\":\"https:\\\/\\\/www.immo-invest.ch\\\/fr\\\/categories\\\/regions\\\/suisse\\\/region-lemanique\\\/#listItem\",\"name\":\"R\\u00e9gion l\\u00e9manique\"}},{\"@type\":\"ListItem\",\"@id\":\"https:\\\/\\\/www.immo-invest.ch\\\/fr\\\/un-centre-mondial-de-linternationalite-et-de-linnovation\\\/#listItem\",\"position\":6,\"name\":\"Un centre mondial de l&rsquo;internationalit\\u00e9 et de l&rsquo;innovation\",\"previousItem\":{\"@type\":\"ListItem\",\"@id\":\"https:\\\/\\\/www.immo-invest.ch\\\/fr\\\/categories\\\/regions\\\/suisse\\\/region-lemanique\\\/genf-fr\\\/#listItem\",\"name\":\"Genf\"}}]},{\"@type\":\"Organization\",\"@id\":\"https:\\\/\\\/www.immo-invest.ch\\\/fr\\\/#organization\",\"name\":\"immo!nvest - Die Plattform f\\u00fcr Standorte und Immobilien\",\"description\":\"Die\\u00a0Plattform f\\u00fcr Standorte und Immobilien\",\"url\":\"https:\\\/\\\/www.immo-invest.ch\\\/fr\\\/\",\"email\":\"admin@immomedia.ag\",\"telephone\":\"+41444420002\",\"logo\":{\"@type\":\"ImageObject\",\"url\":\"https:\\\/\\\/www.immo-invest.ch\\\/wp-content\\\/uploads\\\/2024\\\/09\\\/immoinvest_sm-scaled.jpg\",\"@id\":\"https:\\\/\\\/www.immo-invest.ch\\\/fr\\\/un-centre-mondial-de-linternationalite-et-de-linnovation\\\/#organizationLogo\",\"width\":2560,\"height\":1340},\"image\":{\"@id\":\"https:\\\/\\\/www.immo-invest.ch\\\/fr\\\/un-centre-mondial-de-linternationalite-et-de-linnovation\\\/#organizationLogo\"},\"sameAs\":[\"https:\\\/\\\/www.facebook.com\\\/people\\\/Immoinvest\\\/100077962920504\\\/\",\"https:\\\/\\\/x.com\\\/i\\\/flow\\\/login?redirect_after_login=immoinvest_ch\",\"https:\\\/\\\/www.instagram.com\\\/immoinvest_ch\\\/\",\"https:\\\/\\\/www.linkedin.com\\\/company\\\/immoinvest-swiss\"]},{\"@type\":\"Person\",\"@id\":\"https:\\\/\\\/www.immo-invest.ch\\\/fr\\\/author\\\/immovestuser\\\/#author\",\"url\":\"https:\\\/\\\/www.immo-invest.ch\\\/fr\\\/author\\\/immovestuser\\\/\",\"name\":\"immovestuser\",\"image\":{\"@type\":\"ImageObject\",\"@id\":\"https:\\\/\\\/www.immo-invest.ch\\\/fr\\\/un-centre-mondial-de-linternationalite-et-de-linnovation\\\/#authorImage\",\"url\":\"https:\\\/\\\/secure.gravatar.com\\\/avatar\\\/8e01f4d99f2eeea7a362ebb93305e1172a70e9293ba250f897a65c39f54cdd1e?s=96&d=mm&r=g\",\"width\":96,\"height\":96,\"caption\":\"immovestuser\"}},{\"@type\":\"WebPage\",\"@id\":\"https:\\\/\\\/www.immo-invest.ch\\\/fr\\\/un-centre-mondial-de-linternationalite-et-de-linnovation\\\/#webpage\",\"url\":\"https:\\\/\\\/www.immo-invest.ch\\\/fr\\\/un-centre-mondial-de-linternationalite-et-de-linnovation\\\/\",\"name\":\"Un centre mondial de l\\u2019internationalit\\u00e9 et de l\\u2019innovation - immo!nvest - Die Plattform f\\u00fcr Standorte und Immobilien\",\"description\":\"Connue pour abriter de nombreuses organisations internationales et \\u00eatre un centre de coop\\u00e9ration mondiale, Gen\\u00e8ve confirme son statut de ville leader en mati\\u00e8re de dialogues et de d\\u00e9veloppements mondiaux. Avec une infrastructure impressionnante et une sc\\u00e8ne de recherche et d\\u00e9veloppement tr\\u00e8s d\\u00e9velopp\\u00e9e, la ville attire continuellement des entreprises multinationales et des congr\\u00e8s internationaux.\",\"inLanguage\":\"fr-FR\",\"isPartOf\":{\"@id\":\"https:\\\/\\\/www.immo-invest.ch\\\/fr\\\/#website\"},\"breadcrumb\":{\"@id\":\"https:\\\/\\\/www.immo-invest.ch\\\/fr\\\/un-centre-mondial-de-linternationalite-et-de-linnovation\\\/#breadcrumblist\"},\"author\":{\"@id\":\"https:\\\/\\\/www.immo-invest.ch\\\/fr\\\/author\\\/immovestuser\\\/#author\"},\"creator\":{\"@id\":\"https:\\\/\\\/www.immo-invest.ch\\\/fr\\\/author\\\/immovestuser\\\/#author\"},\"image\":{\"@type\":\"ImageObject\",\"url\":\"https:\\\/\\\/www.immo-invest.ch\\\/wp-content\\\/uploads\\\/2024\\\/07\\\/banoviag_create_a_picture_showing_the_city_of_Geneva_Switzerlan_0b9c1903-9bb8-4593-905f-645ef075638d-e1720082374673.png\",\"@id\":\"https:\\\/\\\/www.immo-invest.ch\\\/fr\\\/un-centre-mondial-de-linternationalite-et-de-linnovation\\\/#mainImage\",\"width\":1455,\"height\":727},\"primaryImageOfPage\":{\"@id\":\"https:\\\/\\\/www.immo-invest.ch\\\/fr\\\/un-centre-mondial-de-linternationalite-et-de-linnovation\\\/#mainImage\"},\"datePublished\":\"2024-07-04T10:40:43+02:00\",\"dateModified\":\"2024-07-04T10:40:45+02:00\"},{\"@type\":\"WebSite\",\"@id\":\"https:\\\/\\\/www.immo-invest.ch\\\/fr\\\/#website\",\"url\":\"https:\\\/\\\/www.immo-invest.ch\\\/fr\\\/\",\"name\":\"immo!nvest - Die Plattform f\\u00fcr Standorte und Immobilien\",\"description\":\"Die\\u00a0Plattform f\\u00fcr Standorte und Immobilien\",\"inLanguage\":\"fr-FR\",\"publisher\":{\"@id\":\"https:\\\/\\\/www.immo-invest.ch\\\/fr\\\/#organization\"}}]}\n\t\t<\/script>\n\t\t<!-- All in One SEO -->\n\n","aioseo_head_json":{"title":"Un centre mondial de l\u2019internationalit\u00e9 et de l\u2019innovation - immo!nvest - Die Plattform f\u00fcr Standorte und Immobilien","description":"Connue pour abriter de nombreuses organisations internationales et \u00eatre un centre de coop\u00e9ration mondiale, Gen\u00e8ve confirme son statut de ville leader en mati\u00e8re de dialogues et de d\u00e9veloppements mondiaux. Avec une infrastructure impressionnante et une sc\u00e8ne de recherche et d\u00e9veloppement tr\u00e8s d\u00e9velopp\u00e9e, la ville attire continuellement des entreprises multinationales et des congr\u00e8s internationaux.","canonical_url":"https:\/\/www.immo-invest.ch\/fr\/un-centre-mondial-de-linternationalite-et-de-linnovation\/","robots":"max-image-preview:large","keywords":"","webmasterTools":{"google-site-verification":"fHJKvgWpZCR2zVBHWfkQeFXC11qieUSff0HGNYfuyLA","miscellaneous":""},"schema":{"@context":"https:\/\/schema.org","@graph":[{"@type":"BlogPosting","@id":"https:\/\/www.immo-invest.ch\/fr\/un-centre-mondial-de-linternationalite-et-de-linnovation\/#blogposting","name":"Un centre mondial de l\u2019internationalit\u00e9 et de l\u2019innovation - immo!nvest - Die Plattform f\u00fcr Standorte und Immobilien","headline":"Un centre mondial de l&rsquo;internationalit\u00e9 et de l&rsquo;innovation","author":{"@id":"https:\/\/www.immo-invest.ch\/fr\/author\/immovestuser\/#author"},"publisher":{"@id":"https:\/\/www.immo-invest.ch\/fr\/#organization"},"image":{"@type":"ImageObject","url":"https:\/\/www.immo-invest.ch\/wp-content\/uploads\/2024\/07\/banoviag_create_a_picture_showing_the_city_of_Geneva_Switzerlan_0b9c1903-9bb8-4593-905f-645ef075638d-e1720082374673.png","width":1455,"height":727},"datePublished":"2024-07-04T10:40:43+02:00","dateModified":"2024-07-04T10:40:45+02:00","inLanguage":"fr-FR","mainEntityOfPage":{"@id":"https:\/\/www.immo-invest.ch\/fr\/un-centre-mondial-de-linternationalite-et-de-linnovation\/#webpage"},"isPartOf":{"@id":"https:\/\/www.immo-invest.ch\/fr\/un-centre-mondial-de-linternationalite-et-de-linnovation\/#webpage"},"articleSection":"Genf, Industrie du b\u00e2timent, Mobilit\u00e9, Bauwirtschaft, Entwicklung, immobilien, Immoinvest, immoNews, Immovation, Nachhaltigkeit, Urban, Facultatif"},{"@type":"BreadcrumbList","@id":"https:\/\/www.immo-invest.ch\/fr\/un-centre-mondial-de-linternationalite-et-de-linnovation\/#breadcrumblist","itemListElement":[{"@type":"ListItem","@id":"https:\/\/www.immo-invest.ch\/fr\/#listItem","position":1,"name":"Home","item":"https:\/\/www.immo-invest.ch\/fr\/","nextItem":{"@type":"ListItem","@id":"https:\/\/www.immo-invest.ch\/fr\/categories\/regions\/#listItem","name":"R\u00e9gions"}},{"@type":"ListItem","@id":"https:\/\/www.immo-invest.ch\/fr\/categories\/regions\/#listItem","position":2,"name":"R\u00e9gions","item":"https:\/\/www.immo-invest.ch\/fr\/categories\/regions\/","nextItem":{"@type":"ListItem","@id":"https:\/\/www.immo-invest.ch\/fr\/categories\/regions\/suisse\/#listItem","name":"Suisse"},"previousItem":{"@type":"ListItem","@id":"https:\/\/www.immo-invest.ch\/fr\/#listItem","name":"Home"}},{"@type":"ListItem","@id":"https:\/\/www.immo-invest.ch\/fr\/categories\/regions\/suisse\/#listItem","position":3,"name":"Suisse","item":"https:\/\/www.immo-invest.ch\/fr\/categories\/regions\/suisse\/","nextItem":{"@type":"ListItem","@id":"https:\/\/www.immo-invest.ch\/fr\/categories\/regions\/suisse\/region-lemanique\/#listItem","name":"R\u00e9gion l\u00e9manique"},"previousItem":{"@type":"ListItem","@id":"https:\/\/www.immo-invest.ch\/fr\/categories\/regions\/#listItem","name":"R\u00e9gions"}},{"@type":"ListItem","@id":"https:\/\/www.immo-invest.ch\/fr\/categories\/regions\/suisse\/region-lemanique\/#listItem","position":4,"name":"R\u00e9gion l\u00e9manique","item":"https:\/\/www.immo-invest.ch\/fr\/categories\/regions\/suisse\/region-lemanique\/","nextItem":{"@type":"ListItem","@id":"https:\/\/www.immo-invest.ch\/fr\/categories\/regions\/suisse\/region-lemanique\/genf-fr\/#listItem","name":"Genf"},"previousItem":{"@type":"ListItem","@id":"https:\/\/www.immo-invest.ch\/fr\/categories\/regions\/suisse\/#listItem","name":"Suisse"}},{"@type":"ListItem","@id":"https:\/\/www.immo-invest.ch\/fr\/categories\/regions\/suisse\/region-lemanique\/genf-fr\/#listItem","position":5,"name":"Genf","item":"https:\/\/www.immo-invest.ch\/fr\/categories\/regions\/suisse\/region-lemanique\/genf-fr\/","nextItem":{"@type":"ListItem","@id":"https:\/\/www.immo-invest.ch\/fr\/un-centre-mondial-de-linternationalite-et-de-linnovation\/#listItem","name":"Un centre mondial de l&rsquo;internationalit\u00e9 et de l&rsquo;innovation"},"previousItem":{"@type":"ListItem","@id":"https:\/\/www.immo-invest.ch\/fr\/categories\/regions\/suisse\/region-lemanique\/#listItem","name":"R\u00e9gion l\u00e9manique"}},{"@type":"ListItem","@id":"https:\/\/www.immo-invest.ch\/fr\/un-centre-mondial-de-linternationalite-et-de-linnovation\/#listItem","position":6,"name":"Un centre mondial de l&rsquo;internationalit\u00e9 et de l&rsquo;innovation","previousItem":{"@type":"ListItem","@id":"https:\/\/www.immo-invest.ch\/fr\/categories\/regions\/suisse\/region-lemanique\/genf-fr\/#listItem","name":"Genf"}}]},{"@type":"Organization","@id":"https:\/\/www.immo-invest.ch\/fr\/#organization","name":"immo!nvest - Die Plattform f\u00fcr Standorte und Immobilien","description":"Die\u00a0Plattform f\u00fcr Standorte und Immobilien","url":"https:\/\/www.immo-invest.ch\/fr\/","email":"admin@immomedia.ag","telephone":"+41444420002","logo":{"@type":"ImageObject","url":"https:\/\/www.immo-invest.ch\/wp-content\/uploads\/2024\/09\/immoinvest_sm-scaled.jpg","@id":"https:\/\/www.immo-invest.ch\/fr\/un-centre-mondial-de-linternationalite-et-de-linnovation\/#organizationLogo","width":2560,"height":1340},"image":{"@id":"https:\/\/www.immo-invest.ch\/fr\/un-centre-mondial-de-linternationalite-et-de-linnovation\/#organizationLogo"},"sameAs":["https:\/\/www.facebook.com\/people\/Immoinvest\/100077962920504\/","https:\/\/x.com\/i\/flow\/login?redirect_after_login=immoinvest_ch","https:\/\/www.instagram.com\/immoinvest_ch\/","https:\/\/www.linkedin.com\/company\/immoinvest-swiss"]},{"@type":"Person","@id":"https:\/\/www.immo-invest.ch\/fr\/author\/immovestuser\/#author","url":"https:\/\/www.immo-invest.ch\/fr\/author\/immovestuser\/","name":"immovestuser","image":{"@type":"ImageObject","@id":"https:\/\/www.immo-invest.ch\/fr\/un-centre-mondial-de-linternationalite-et-de-linnovation\/#authorImage","url":"https:\/\/secure.gravatar.com\/avatar\/8e01f4d99f2eeea7a362ebb93305e1172a70e9293ba250f897a65c39f54cdd1e?s=96&d=mm&r=g","width":96,"height":96,"caption":"immovestuser"}},{"@type":"WebPage","@id":"https:\/\/www.immo-invest.ch\/fr\/un-centre-mondial-de-linternationalite-et-de-linnovation\/#webpage","url":"https:\/\/www.immo-invest.ch\/fr\/un-centre-mondial-de-linternationalite-et-de-linnovation\/","name":"Un centre mondial de l\u2019internationalit\u00e9 et de l\u2019innovation - immo!nvest - Die Plattform f\u00fcr Standorte und Immobilien","description":"Connue pour abriter de nombreuses organisations internationales et \u00eatre un centre de coop\u00e9ration mondiale, Gen\u00e8ve confirme son statut de ville leader en mati\u00e8re de dialogues et de d\u00e9veloppements mondiaux. Avec une infrastructure impressionnante et une sc\u00e8ne de recherche et d\u00e9veloppement tr\u00e8s d\u00e9velopp\u00e9e, la ville attire continuellement des entreprises multinationales et des congr\u00e8s internationaux.","inLanguage":"fr-FR","isPartOf":{"@id":"https:\/\/www.immo-invest.ch\/fr\/#website"},"breadcrumb":{"@id":"https:\/\/www.immo-invest.ch\/fr\/un-centre-mondial-de-linternationalite-et-de-linnovation\/#breadcrumblist"},"author":{"@id":"https:\/\/www.immo-invest.ch\/fr\/author\/immovestuser\/#author"},"creator":{"@id":"https:\/\/www.immo-invest.ch\/fr\/author\/immovestuser\/#author"},"image":{"@type":"ImageObject","url":"https:\/\/www.immo-invest.ch\/wp-content\/uploads\/2024\/07\/banoviag_create_a_picture_showing_the_city_of_Geneva_Switzerlan_0b9c1903-9bb8-4593-905f-645ef075638d-e1720082374673.png","@id":"https:\/\/www.immo-invest.ch\/fr\/un-centre-mondial-de-linternationalite-et-de-linnovation\/#mainImage","width":1455,"height":727},"primaryImageOfPage":{"@id":"https:\/\/www.immo-invest.ch\/fr\/un-centre-mondial-de-linternationalite-et-de-linnovation\/#mainImage"},"datePublished":"2024-07-04T10:40:43+02:00","dateModified":"2024-07-04T10:40:45+02:00"},{"@type":"WebSite","@id":"https:\/\/www.immo-invest.ch\/fr\/#website","url":"https:\/\/www.immo-invest.ch\/fr\/","name":"immo!nvest - Die Plattform f\u00fcr Standorte und Immobilien","description":"Die\u00a0Plattform f\u00fcr Standorte und Immobilien","inLanguage":"fr-FR","publisher":{"@id":"https:\/\/www.immo-invest.ch\/fr\/#organization"}}]},"og:locale":"fr_FR","og:site_name":"immo!nvest - Die Plattform f\u00fcr Standorte und Immobilien - Die\u00a0Plattform f\u00fcr Standorte und Immobilien","og:type":"article","og:title":"Un centre mondial de l\u2019internationalit\u00e9 et de l\u2019innovation - immo!nvest - Die Plattform f\u00fcr Standorte und Immobilien","og:description":"Connue pour abriter de nombreuses organisations internationales et \u00eatre un centre de coop\u00e9ration mondiale, Gen\u00e8ve confirme son statut de ville leader en mati\u00e8re de dialogues et de d\u00e9veloppements mondiaux. Avec une infrastructure impressionnante et une sc\u00e8ne de recherche et d\u00e9veloppement tr\u00e8s d\u00e9velopp\u00e9e, la ville attire continuellement des entreprises multinationales et des congr\u00e8s internationaux.","og:url":"https:\/\/www.immo-invest.ch\/fr\/un-centre-mondial-de-linternationalite-et-de-linnovation\/","og:image":"https:\/\/www.immo-invest.ch\/wp-content\/uploads\/2024\/07\/banoviag_create_a_picture_showing_the_city_of_Geneva_Switzerlan_0b9c1903-9bb8-4593-905f-645ef075638d-e1720082374673.png","og:image:secure_url":"https:\/\/www.immo-invest.ch\/wp-content\/uploads\/2024\/07\/banoviag_create_a_picture_showing_the_city_of_Geneva_Switzerlan_0b9c1903-9bb8-4593-905f-645ef075638d-e1720082374673.png","og:image:width":1455,"og:image:height":727,"article:published_time":"2024-07-04T08:40:43+00:00","article:modified_time":"2024-07-04T08:40:45+00:00","article:publisher":"https:\/\/www.facebook.com\/people\/Immoinvest\/100077962920504\/","twitter:card":"summary_large_image","twitter:site":"@i","twitter:title":"Un centre mondial de l\u2019internationalit\u00e9 et de l\u2019innovation - immo!nvest - Die Plattform f\u00fcr Standorte und Immobilien","twitter:description":"Connue pour abriter de nombreuses organisations internationales et \u00eatre un centre de coop\u00e9ration mondiale, Gen\u00e8ve confirme son statut de ville leader en mati\u00e8re de dialogues et de d\u00e9veloppements mondiaux. Avec une infrastructure impressionnante et une sc\u00e8ne de recherche et d\u00e9veloppement tr\u00e8s d\u00e9velopp\u00e9e, la ville attire continuellement des entreprises multinationales et des congr\u00e8s internationaux.","twitter:creator":"@i","twitter:image":"https:\/\/www.immo-invest.ch\/wp-content\/uploads\/2024\/07\/banoviag_create_a_picture_showing_the_city_of_Geneva_Switzerlan_0b9c1903-9bb8-4593-905f-645ef075638d-e1720082374673.png"},"aioseo_meta_data":{"post_id":"104442","title":null,"description":null,"keywords":null,"keyphrases":null,"primary_term":null,"canonical_url":null,"og_title":null,"og_description":null,"og_object_type":"default","og_image_type":"default","og_image_url":null,"og_image_width":null,"og_image_height":null,"og_image_custom_url":null,"og_image_custom_fields":null,"og_video":null,"og_custom_url":null,"og_article_section":null,"og_article_tags":null,"twitter_use_og":false,"twitter_card":"default","twitter_image_type":"default","twitter_image_url":null,"twitter_image_custom_url":null,"twitter_image_custom_fields":null,"twitter_title":null,"twitter_description":null,"schema":{"blockGraphs":[],"customGraphs":[],"default":{"data":{"Article":[],"Course":[],"Dataset":[],"FAQPage":[],"Movie":[],"Person":[],"Product":[],"ProductReview":[],"Car":[],"Recipe":[],"Service":[],"SoftwareApplication":[],"WebPage":[]},"graphName":"","isEnabled":true},"graphs":[]},"schema_type":"default","schema_type_options":null,"pillar_content":false,"robots_default":true,"robots_noindex":false,"robots_noarchive":false,"robots_nosnippet":false,"robots_nofollow":false,"robots_noimageindex":false,"robots_noodp":false,"robots_notranslate":false,"robots_max_snippet":null,"robots_max_videopreview":null,"robots_max_imagepreview":"large","priority":null,"frequency":null,"local_seo":null,"breadcrumb_settings":null,"limit_modified_date":false,"ai":null,"created":"2024-09-20 22:45:58","updated":"2025-10-24 05:04:11","seo_analyzer_scan_date":null,"focus_keyword":null,"additional_keywords":null,"truseo_locale":null},"aioseo_breadcrumb":"<div class=\"aioseo-breadcrumbs\"><span class=\"aioseo-breadcrumb\">\n\t\t\t<a href=\"https:\/\/www.immo-invest.ch\/fr\/\" title=\"Home\">Home<\/a>\n\t\t<\/span><span class=\"aioseo-breadcrumb-separator\">&raquo;<\/span><span class=\"aioseo-breadcrumb\">\n\t\t\t<a href=\"https:\/\/www.immo-invest.ch\/fr\/categories\/regions\/\" title=\"R\u00e9gions\">R\u00e9gions<\/a>\n\t\t<\/span><span class=\"aioseo-breadcrumb-separator\">&raquo;<\/span><span class=\"aioseo-breadcrumb\">\n\t\t\t<a href=\"https:\/\/www.immo-invest.ch\/fr\/categories\/regions\/suisse\/\" title=\"Suisse\">Suisse<\/a>\n\t\t<\/span><span class=\"aioseo-breadcrumb-separator\">&raquo;<\/span><span class=\"aioseo-breadcrumb\">\n\t\t\t<a href=\"https:\/\/www.immo-invest.ch\/fr\/categories\/regions\/suisse\/region-lemanique\/\" title=\"R\u00e9gion l\u00e9manique\">R\u00e9gion l\u00e9manique<\/a>\n\t\t<\/span><span class=\"aioseo-breadcrumb-separator\">&raquo;<\/span><span class=\"aioseo-breadcrumb\">\n\t\t\t<a href=\"https:\/\/www.immo-invest.ch\/fr\/categories\/regions\/suisse\/region-lemanique\/genf-fr\/\" title=\"Genf\">Genf<\/a>\n\t\t<\/span><span class=\"aioseo-breadcrumb-separator\">&raquo;<\/span><span class=\"aioseo-breadcrumb\">\n\t\t\tUn centre mondial de l\u2019internationalit\u00e9 et de l\u2019innovation\n\t\t<\/span><\/div>","aioseo_breadcrumb_json":[{"label":"Home","link":"https:\/\/www.immo-invest.ch\/fr\/"},{"label":"R\u00e9gions","link":"https:\/\/www.immo-invest.ch\/fr\/categories\/regions\/"},{"label":"Suisse","link":"https:\/\/www.immo-invest.ch\/fr\/categories\/regions\/suisse\/"},{"label":"R\u00e9gion l\u00e9manique","link":"https:\/\/www.immo-invest.ch\/fr\/categories\/regions\/suisse\/region-lemanique\/"},{"label":"Genf","link":"https:\/\/www.immo-invest.ch\/fr\/categories\/regions\/suisse\/region-lemanique\/genf-fr\/"},{"label":"Un centre mondial de l&rsquo;internationalit\u00e9 et de l&rsquo;innovation","link":"https:\/\/www.immo-invest.ch\/fr\/un-centre-mondial-de-linternationalite-et-de-linnovation\/"}],"featured_image_src":"https:\/\/www.immo-invest.ch\/wp-content\/uploads\/2024\/07\/banoviag_create_a_picture_showing_the_city_of_Geneva_Switzerlan_0b9c1903-9bb8-4593-905f-645ef075638d-e1720082374673-336x168.png","_links":{"self":[{"href":"https:\/\/www.immo-invest.ch\/fr\/wp-json\/wp\/v2\/posts\/104442","targetHints":{"allow":["GET"]}}],"collection":[{"href":"https:\/\/www.immo-invest.ch\/fr\/wp-json\/wp\/v2\/posts"}],"about":[{"href":"https:\/\/www.immo-invest.ch\/fr\/wp-json\/wp\/v2\/types\/post"}],"author":[{"embeddable":true,"href":"https:\/\/www.immo-invest.ch\/fr\/wp-json\/wp\/v2\/users\/2"}],"replies":[{"embeddable":true,"href":"https:\/\/www.immo-invest.ch\/fr\/wp-json\/wp\/v2\/comments?post=104442"}],"version-history":[{"count":0,"href":"https:\/\/www.immo-invest.ch\/fr\/wp-json\/wp\/v2\/posts\/104442\/revisions"}],"wp:featuredmedia":[{"embeddable":true,"href":"https:\/\/www.immo-invest.ch\/fr\/wp-json\/wp\/v2\/media\/104453"}],"wp:attachment":[{"href":"https:\/\/www.immo-invest.ch\/fr\/wp-json\/wp\/v2\/media?parent=104442"}],"wp:term":[{"taxonomy":"category","embeddable":true,"href":"https:\/\/www.immo-invest.ch\/fr\/wp-json\/wp\/v2\/categories?post=104442"},{"taxonomy":"post_tag","embeddable":true,"href":"https:\/\/www.immo-invest.ch\/fr\/wp-json\/wp\/v2\/tags?post=104442"}],"curies":[{"name":"wp","href":"https:\/\/api.w.org\/{rel}","templated":true}]}}