{"id":104441,"date":"2024-07-04T10:33:43","date_gmt":"2024-07-04T08:33:43","guid":{"rendered":"https:\/\/www.immo-invest.ch\/?p=104441"},"modified":"2024-07-04T10:33:44","modified_gmt":"2024-07-04T08:33:44","slug":"espace-economique-de-geneve-centre-dynamique-de-cooperation-internationale-et-haute-qualite-de-vie","status":"publish","type":"post","link":"https:\/\/www.immo-invest.ch\/fr\/espace-economique-de-geneve-centre-dynamique-de-cooperation-internationale-et-haute-qualite-de-vie\/","title":{"rendered":"Espace \u00e9conomique de Gen\u00e8ve \u2013 Centre dynamique de coop\u00e9ration internationale et haute qualit\u00e9 de vie"},"content":{"rendered":"<p class=\"wp-block-paragraph\">Gen&egrave;ve est au c&oelig;ur de la coop&eacute;ration et de la diplomatie internationales et joue un r&ocirc;le cl&eacute; sur la sc&egrave;ne mondiale. Si&egrave;ge d&rsquo;organisations importantes telles que les Nations unies, le Comit&eacute; international de la Croix-Rouge et le Forum &eacute;conomique mondial, la ville attire les professionnels et constitue un point d&rsquo;attraction pour les visiteurs et les initiatives commerciales.<br><br><strong>Un paysage &eacute;conomique diversifi&eacute;<\/strong><br>L&rsquo;&eacute;conomie de Gen&egrave;ve se caract&eacute;rise par sa diversit&eacute;, avec des secteurs cl&eacute;s tels que le secteur financier, l&rsquo;industrie pharmaceutique et la prestigieuse industrie horlog&egrave;re genevoise. Les montres genevoises sont globalement synonymes de qualit&eacute; et d&rsquo;<span class=\"glossaryLink\" aria-describedby=\"tt\" data-cmtooltip=\"&lt;div class=glossaryItemTitle&gt;Innovation&lt;\/div&gt;&lt;div class=glossaryItemBody&gt;Innovation in der heutigen Immobilienwelt bedeutet vor allem Digitalisierung von Prozessen. Zum Beispiel das Eliminieren von Tausenden von Excel-Bl&auml;ttern f&uuml;r Portfolio- und Asset-Manager oder das Erstellen einer Anwendung (App) f&uuml;r alle Formalit&auml;ten rund um die Beziehung zwischen Immobilieneigent&uuml;mern, - verwaltung und -mietern.&lt;\/div&gt;\" data-mobile-support=\"0\" data-gt-translate-attributes='[{\"attribute\":\"data-cmtooltip\", \"format\":\"html\"}]' tabindex=\"0\" role=\"link\">innovation<\/span>, ce qui fait de la ville un symbole de pr&eacute;cision et d&rsquo;artisanat.<\/p>\n\n\n\n<p class=\"wp-block-paragraph\"><strong>Un cadre &eacute;conomique comp&eacute;titif<\/strong><br>Gen&egrave;ve s&rsquo;appuie sur des taux d&rsquo;imposition comp&eacute;titifs et une main-d&rsquo;&oelig;uvre hautement qualifi&eacute;e, compl&eacute;t&eacute;s par une impressionnante capacit&eacute; d&rsquo;<span class=\"glossaryLink\" aria-describedby=\"tt\" data-cmtooltip=\"&lt;div class=glossaryItemTitle&gt;Innovation&lt;\/div&gt;&lt;div class=glossaryItemBody&gt;Innovation in der heutigen Immobilienwelt bedeutet vor allem Digitalisierung von Prozessen. Zum Beispiel das Eliminieren von Tausenden von Excel-Bl&auml;ttern f&uuml;r Portfolio- und Asset-Manager oder das Erstellen einer Anwendung (App) f&uuml;r alle Formalit&auml;ten rund um die Beziehung zwischen Immobilieneigent&uuml;mern, - verwaltung und -mietern.&lt;\/div&gt;\" data-mobile-support=\"0\" data-gt-translate-attributes='[{\"attribute\":\"data-cmtooltip\", \"format\":\"html\"}]' tabindex=\"0\" role=\"link\">innovation<\/span>, stimul&eacute;e par la pr&eacute;sence de centres de recherche et de d&eacute;veloppement de multinationales et d&rsquo;institutions universitaires de premier plan.<\/p>\n\n\n\n<p class=\"wp-block-paragraph\"><strong>Excellente infrastructure et accessibilit&eacute;<\/strong><br>La ville est r&eacute;put&eacute;e pour sa solide infrastructure et ses excellentes liaisons de transport. L&rsquo;a&eacute;roport international de Gen&egrave;ve permet des vols directs dans le monde entier, et le d&eacute;veloppement du r&eacute;seau ferroviaire r&eacute;gional facilite les d&eacute;placements en Suisse et vers les pays voisins.<br><br><strong>Sites naturels et activit&eacute;s de loisirs<\/strong><br>Situ&eacute;e au bord du pittoresque lac L&eacute;man et entour&eacute;e de majestueuses montagnes, Gen&egrave;ve offre &agrave; ses habitants et &agrave; ses visiteurs une multitude d&rsquo;activit&eacute;s de plein air. De la randonn&eacute;e au <span class=\"glossaryLink\"  aria-describedby=\"tt\"  data-cmtooltip=\"&lt;div class=glossaryItemTitle&gt;SKI&lt;\/div&gt;&lt;div class=glossaryItemBody&gt;Schweizerische Kommission f&uuml;r Immobilien-Fragen, ber&auml;t den Bundesrat in Immobilien-Fragen&lt;\/div&gt;\"  data-mobile-support=\"0\"  data-gt-translate-attributes='[{\"attribute\":\"data-cmtooltip\", \"format\":\"html\"}]' tabindex='0' role='link'>ski<\/span> en passant par les sports nautiques, l&rsquo;environnement naturel de Gen&egrave;ve est un paradis pour les activit&eacute;s de plein air.<\/p>\n\n\n\n<p class=\"wp-block-paragraph\"><strong>L&rsquo;excellence culturelle et &eacute;ducative<\/strong><br>La qualit&eacute; de vie &eacute;lev&eacute;e &agrave; Gen&egrave;ve est soulign&eacute;e par une offre culturelle riche et d&rsquo;excellents &eacute;tablissements d&rsquo;enseignement. La ville abrite de nombreux mus&eacute;es, galeries, salles de concert et th&eacute;&acirc;tres qui proposent un large programme culturel. De plus, des &eacute;tablissements d&rsquo;enseignement renomm&eacute;s tels que l&rsquo;Universit&eacute; de Gen&egrave;ve et des &eacute;coles doctorales sp&eacute;cialis&eacute;es dans les sciences et les relations internationales y sont install&eacute;s.<br>Gr&acirc;ce &agrave; ses nombreux atouts, Gen&egrave;ve s&rsquo;est impos&eacute;e comme un p&ocirc;le &eacute;conomique de premier plan dans la r&eacute;gion, offrant un &eacute;quilibre parfait entre opportunit&eacute;s professionnelles et qualit&eacute; de vie exceptionnelle. Les visiteurs et les nouveaux r&eacute;sidents de la ville seront s&eacute;duits par les nombreuses possibilit&eacute;s et l&rsquo;ambiance charmante de cette m&eacute;tropole cosmopolite.<\/p>\n","protected":false},"excerpt":{"rendered":"<p>Connue dans le monde entier pour sa vitalit\u00e9 \u00e9conomique et son excellent cadre de vie, Gen\u00e8ve attire en permanence des travailleurs hautement qualifi\u00e9s du monde entier. La ville offre une combinaison id\u00e9ale d&rsquo;opportunit\u00e9s professionnelles et d&rsquo;un environnement de premier ordre pour une vie \u00e9panouie.<\/p>\n","protected":false},"author":2,"featured_media":104447,"comment_status":"open","ping_status":"open","sticky":false,"template":"","format":"standard","meta":{"pmpro_default_level":"0","inline_featured_image":false,"_monsterinsights_skip_tracking":false,"footnotes":""},"categories":[47523,743,22703],"tags":[2209,2573,47894,848,872,3931,47893,37863,13922],"class_list":["post-104441","post","type-post","status-publish","format-standard","has-post-thumbnail","hentry","category-genf-fr","category-immonews-fr","category-mobilite","tag-bauwesen-fr","tag-bauwirtschaft-fr","tag-cooperation","tag-immobilien-fr","tag-immoinvest-fr","tag-immonews-fr","tag-okonomie","tag-region-fr","tag-regionalentwicklung-fr","pmpro-has-access"],"acf":{"bild_mit_ki_erstellt_worden":[],"lead":"Connue dans le monde entier pour sa vitalit\u00e9 \u00e9conomique et son excellent cadre de vie, Gen\u00e8ve attire en permanence des travailleurs hautement qualifi\u00e9s du monde entier. La ville offre une combinaison id\u00e9ale d'opportunit\u00e9s professionnelles et d'un environnement de premier ordre pour une vie \u00e9panouie.","autor":"Texte: Christoph Gr\u00fcninger, Image: m\u00e0d.","ort":"","bildunterschrift":"","bild_im_grid":false,"gallerie":"","newsim":""},"aioseo_notices":[],"aioseo_head":"\n\t\t<!-- All in One SEO 5.0.0.1 - aioseo.com -->\n\t<meta name=\"description\" content=\"Connue dans le monde entier pour sa vitalit\u00e9 \u00e9conomique et son excellent cadre de vie, Gen\u00e8ve attire en permanence des travailleurs hautement qualifi\u00e9s du monde entier. La ville offre une combinaison id\u00e9ale d&#039;opportunit\u00e9s professionnelles et d&#039;un environnement de premier ordre pour une vie \u00e9panouie.\" \/>\n\t<meta name=\"robots\" content=\"max-image-preview:large\" \/>\n\t<meta name=\"author\" content=\"immovestuser\"\/>\n\t<meta name=\"google-site-verification\" content=\"fHJKvgWpZCR2zVBHWfkQeFXC11qieUSff0HGNYfuyLA\" \/>\n\t<link rel=\"canonical\" href=\"https:\/\/www.immo-invest.ch\/fr\/espace-economique-de-geneve-centre-dynamique-de-cooperation-internationale-et-haute-qualite-de-vie\/\" \/>\n\t<meta name=\"generator\" content=\"All in One SEO (AIOSEO) 5.0.0.1\" \/>\n\t\t<meta property=\"og:locale\" content=\"fr_FR\" \/>\n\t\t<meta property=\"og:site_name\" content=\"immo!nvest - Die Plattform f\u00fcr Standorte und Immobilien - Die\u00a0Plattform f\u00fcr Standorte und Immobilien\" \/>\n\t\t<meta property=\"og:type\" content=\"article\" \/>\n\t\t<meta property=\"og:title\" content=\"Espace \u00e9conomique de Gen\u00e8ve \u2013 Centre dynamique de coop\u00e9ration internationale et haute qualit\u00e9 de vie - immo!nvest - Die Plattform f\u00fcr Standorte und Immobilien\" \/>\n\t\t<meta property=\"og:description\" content=\"Connue dans le monde entier pour sa vitalit\u00e9 \u00e9conomique et son excellent cadre de vie, Gen\u00e8ve attire en permanence des travailleurs hautement qualifi\u00e9s du monde entier. La ville offre une combinaison id\u00e9ale d&#039;opportunit\u00e9s professionnelles et d&#039;un environnement de premier ordre pour une vie \u00e9panouie.\" \/>\n\t\t<meta property=\"og:url\" content=\"https:\/\/www.immo-invest.ch\/fr\/espace-economique-de-geneve-centre-dynamique-de-cooperation-internationale-et-haute-qualite-de-vie\/\" \/>\n\t\t<meta property=\"og:image\" content=\"https:\/\/www.immo-invest.ch\/wp-content\/uploads\/2024\/07\/visualsoflukas-AWjVCFcUIbY-unsplash-1-scaled-e1720081928972.jpg\" \/>\n\t\t<meta property=\"og:image:secure_url\" content=\"https:\/\/www.immo-invest.ch\/wp-content\/uploads\/2024\/07\/visualsoflukas-AWjVCFcUIbY-unsplash-1-scaled-e1720081928972.jpg\" \/>\n\t\t<meta property=\"og:image:width\" content=\"2560\" \/>\n\t\t<meta property=\"og:image:height\" content=\"1280\" \/>\n\t\t<meta property=\"article:published_time\" content=\"2024-07-04T08:33:43+00:00\" \/>\n\t\t<meta property=\"article:modified_time\" content=\"2024-07-04T08:33:44+00:00\" \/>\n\t\t<meta property=\"article:publisher\" content=\"https:\/\/www.facebook.com\/people\/Immoinvest\/100077962920504\/\" \/>\n\t\t<meta name=\"twitter:card\" content=\"summary_large_image\" \/>\n\t\t<meta name=\"twitter:site\" content=\"@i\" \/>\n\t\t<meta name=\"twitter:title\" content=\"Espace \u00e9conomique de Gen\u00e8ve \u2013 Centre dynamique de coop\u00e9ration internationale et haute qualit\u00e9 de vie - immo!nvest - Die Plattform f\u00fcr Standorte und Immobilien\" \/>\n\t\t<meta name=\"twitter:description\" content=\"Connue dans le monde entier pour sa vitalit\u00e9 \u00e9conomique et son excellent cadre de vie, Gen\u00e8ve attire en permanence des travailleurs hautement qualifi\u00e9s du monde entier. La ville offre une combinaison id\u00e9ale d&#039;opportunit\u00e9s professionnelles et d&#039;un environnement de premier ordre pour une vie \u00e9panouie.\" \/>\n\t\t<meta name=\"twitter:creator\" content=\"@i\" \/>\n\t\t<meta name=\"twitter:image\" content=\"https:\/\/www.immo-invest.ch\/wp-content\/uploads\/2024\/07\/visualsoflukas-AWjVCFcUIbY-unsplash-1-scaled-e1720081928972.jpg\" \/>\n\t\t<script type=\"application\/ld+json\" class=\"aioseo-schema\">\n\t\t\t{\"@context\":\"https:\\\/\\\/schema.org\",\"@graph\":[{\"@type\":\"BlogPosting\",\"@id\":\"https:\\\/\\\/www.immo-invest.ch\\\/fr\\\/espace-economique-de-geneve-centre-dynamique-de-cooperation-internationale-et-haute-qualite-de-vie\\\/#blogposting\",\"name\":\"Espace \\u00e9conomique de Gen\\u00e8ve \\u2013 Centre dynamique de coop\\u00e9ration internationale et haute qualit\\u00e9 de vie - immo!nvest - Die Plattform f\\u00fcr Standorte und Immobilien\",\"headline\":\"Espace \\u00e9conomique de Gen\\u00e8ve \\u2013 Centre dynamique de coop\\u00e9ration internationale et haute qualit\\u00e9 de vie\",\"author\":{\"@id\":\"https:\\\/\\\/www.immo-invest.ch\\\/fr\\\/author\\\/immovestuser\\\/#author\"},\"publisher\":{\"@id\":\"https:\\\/\\\/www.immo-invest.ch\\\/fr\\\/#organization\"},\"image\":{\"@type\":\"ImageObject\",\"url\":\"https:\\\/\\\/www.immo-invest.ch\\\/wp-content\\\/uploads\\\/2024\\\/07\\\/visualsoflukas-AWjVCFcUIbY-unsplash-1-scaled-e1720081928972.jpg\",\"width\":2560,\"height\":1280},\"datePublished\":\"2024-07-04T10:33:43+02:00\",\"dateModified\":\"2024-07-04T10:33:44+02:00\",\"inLanguage\":\"fr-FR\",\"mainEntityOfPage\":{\"@id\":\"https:\\\/\\\/www.immo-invest.ch\\\/fr\\\/espace-economique-de-geneve-centre-dynamique-de-cooperation-internationale-et-haute-qualite-de-vie\\\/#webpage\"},\"isPartOf\":{\"@id\":\"https:\\\/\\\/www.immo-invest.ch\\\/fr\\\/espace-economique-de-geneve-centre-dynamique-de-cooperation-internationale-et-haute-qualite-de-vie\\\/#webpage\"},\"articleSection\":\"Genf, immoNews, Mobilit\\u00e9, Bauwesen, Bauwirtschaft, Cooperation, immobilien, Immoinvest, immoNews, \\u00d6konomie, Region, Regionalentwicklung, Facultatif\"},{\"@type\":\"BreadcrumbList\",\"@id\":\"https:\\\/\\\/www.immo-invest.ch\\\/fr\\\/espace-economique-de-geneve-centre-dynamique-de-cooperation-internationale-et-haute-qualite-de-vie\\\/#breadcrumblist\",\"itemListElement\":[{\"@type\":\"ListItem\",\"@id\":\"https:\\\/\\\/www.immo-invest.ch\\\/fr\\\/#listItem\",\"position\":1,\"name\":\"Home\",\"item\":\"https:\\\/\\\/www.immo-invest.ch\\\/fr\\\/\",\"nextItem\":{\"@type\":\"ListItem\",\"@id\":\"https:\\\/\\\/www.immo-invest.ch\\\/fr\\\/categories\\\/regions\\\/#listItem\",\"name\":\"R\\u00e9gions\"}},{\"@type\":\"ListItem\",\"@id\":\"https:\\\/\\\/www.immo-invest.ch\\\/fr\\\/categories\\\/regions\\\/#listItem\",\"position\":2,\"name\":\"R\\u00e9gions\",\"item\":\"https:\\\/\\\/www.immo-invest.ch\\\/fr\\\/categories\\\/regions\\\/\",\"nextItem\":{\"@type\":\"ListItem\",\"@id\":\"https:\\\/\\\/www.immo-invest.ch\\\/fr\\\/categories\\\/regions\\\/suisse\\\/#listItem\",\"name\":\"Suisse\"},\"previousItem\":{\"@type\":\"ListItem\",\"@id\":\"https:\\\/\\\/www.immo-invest.ch\\\/fr\\\/#listItem\",\"name\":\"Home\"}},{\"@type\":\"ListItem\",\"@id\":\"https:\\\/\\\/www.immo-invest.ch\\\/fr\\\/categories\\\/regions\\\/suisse\\\/#listItem\",\"position\":3,\"name\":\"Suisse\",\"item\":\"https:\\\/\\\/www.immo-invest.ch\\\/fr\\\/categories\\\/regions\\\/suisse\\\/\",\"nextItem\":{\"@type\":\"ListItem\",\"@id\":\"https:\\\/\\\/www.immo-invest.ch\\\/fr\\\/categories\\\/regions\\\/suisse\\\/region-lemanique\\\/#listItem\",\"name\":\"R\\u00e9gion l\\u00e9manique\"},\"previousItem\":{\"@type\":\"ListItem\",\"@id\":\"https:\\\/\\\/www.immo-invest.ch\\\/fr\\\/categories\\\/regions\\\/#listItem\",\"name\":\"R\\u00e9gions\"}},{\"@type\":\"ListItem\",\"@id\":\"https:\\\/\\\/www.immo-invest.ch\\\/fr\\\/categories\\\/regions\\\/suisse\\\/region-lemanique\\\/#listItem\",\"position\":4,\"name\":\"R\\u00e9gion l\\u00e9manique\",\"item\":\"https:\\\/\\\/www.immo-invest.ch\\\/fr\\\/categories\\\/regions\\\/suisse\\\/region-lemanique\\\/\",\"nextItem\":{\"@type\":\"ListItem\",\"@id\":\"https:\\\/\\\/www.immo-invest.ch\\\/fr\\\/categories\\\/regions\\\/suisse\\\/region-lemanique\\\/genf-fr\\\/#listItem\",\"name\":\"Genf\"},\"previousItem\":{\"@type\":\"ListItem\",\"@id\":\"https:\\\/\\\/www.immo-invest.ch\\\/fr\\\/categories\\\/regions\\\/suisse\\\/#listItem\",\"name\":\"Suisse\"}},{\"@type\":\"ListItem\",\"@id\":\"https:\\\/\\\/www.immo-invest.ch\\\/fr\\\/categories\\\/regions\\\/suisse\\\/region-lemanique\\\/genf-fr\\\/#listItem\",\"position\":5,\"name\":\"Genf\",\"item\":\"https:\\\/\\\/www.immo-invest.ch\\\/fr\\\/categories\\\/regions\\\/suisse\\\/region-lemanique\\\/genf-fr\\\/\",\"nextItem\":{\"@type\":\"ListItem\",\"@id\":\"https:\\\/\\\/www.immo-invest.ch\\\/fr\\\/espace-economique-de-geneve-centre-dynamique-de-cooperation-internationale-et-haute-qualite-de-vie\\\/#listItem\",\"name\":\"Espace \\u00e9conomique de Gen\\u00e8ve \\u2013 Centre dynamique de coop\\u00e9ration internationale et haute qualit\\u00e9 de vie\"},\"previousItem\":{\"@type\":\"ListItem\",\"@id\":\"https:\\\/\\\/www.immo-invest.ch\\\/fr\\\/categories\\\/regions\\\/suisse\\\/region-lemanique\\\/#listItem\",\"name\":\"R\\u00e9gion l\\u00e9manique\"}},{\"@type\":\"ListItem\",\"@id\":\"https:\\\/\\\/www.immo-invest.ch\\\/fr\\\/espace-economique-de-geneve-centre-dynamique-de-cooperation-internationale-et-haute-qualite-de-vie\\\/#listItem\",\"position\":6,\"name\":\"Espace \\u00e9conomique de Gen\\u00e8ve \\u2013 Centre dynamique de coop\\u00e9ration internationale et haute qualit\\u00e9 de vie\",\"previousItem\":{\"@type\":\"ListItem\",\"@id\":\"https:\\\/\\\/www.immo-invest.ch\\\/fr\\\/categories\\\/regions\\\/suisse\\\/region-lemanique\\\/genf-fr\\\/#listItem\",\"name\":\"Genf\"}}]},{\"@type\":\"Organization\",\"@id\":\"https:\\\/\\\/www.immo-invest.ch\\\/fr\\\/#organization\",\"name\":\"immo!nvest - Die Plattform f\\u00fcr Standorte und Immobilien\",\"description\":\"Die\\u00a0Plattform f\\u00fcr Standorte und Immobilien\",\"url\":\"https:\\\/\\\/www.immo-invest.ch\\\/fr\\\/\",\"email\":\"admin@immomedia.ag\",\"telephone\":\"+41444420002\",\"logo\":{\"@type\":\"ImageObject\",\"url\":\"https:\\\/\\\/www.immo-invest.ch\\\/wp-content\\\/uploads\\\/2024\\\/09\\\/immoinvest_sm-scaled.jpg\",\"@id\":\"https:\\\/\\\/www.immo-invest.ch\\\/fr\\\/espace-economique-de-geneve-centre-dynamique-de-cooperation-internationale-et-haute-qualite-de-vie\\\/#organizationLogo\",\"width\":2560,\"height\":1340},\"image\":{\"@id\":\"https:\\\/\\\/www.immo-invest.ch\\\/fr\\\/espace-economique-de-geneve-centre-dynamique-de-cooperation-internationale-et-haute-qualite-de-vie\\\/#organizationLogo\"},\"sameAs\":[\"https:\\\/\\\/www.facebook.com\\\/people\\\/Immoinvest\\\/100077962920504\\\/\",\"https:\\\/\\\/x.com\\\/i\\\/flow\\\/login?redirect_after_login=immoinvest_ch\",\"https:\\\/\\\/www.instagram.com\\\/immoinvest_ch\\\/\",\"https:\\\/\\\/www.linkedin.com\\\/company\\\/immoinvest-swiss\"]},{\"@type\":\"Person\",\"@id\":\"https:\\\/\\\/www.immo-invest.ch\\\/fr\\\/author\\\/immovestuser\\\/#author\",\"url\":\"https:\\\/\\\/www.immo-invest.ch\\\/fr\\\/author\\\/immovestuser\\\/\",\"name\":\"immovestuser\",\"image\":{\"@type\":\"ImageObject\",\"@id\":\"https:\\\/\\\/www.immo-invest.ch\\\/fr\\\/espace-economique-de-geneve-centre-dynamique-de-cooperation-internationale-et-haute-qualite-de-vie\\\/#authorImage\",\"url\":\"https:\\\/\\\/secure.gravatar.com\\\/avatar\\\/8e01f4d99f2eeea7a362ebb93305e1172a70e9293ba250f897a65c39f54cdd1e?s=96&d=mm&r=g\",\"width\":96,\"height\":96,\"caption\":\"immovestuser\"}},{\"@type\":\"WebPage\",\"@id\":\"https:\\\/\\\/www.immo-invest.ch\\\/fr\\\/espace-economique-de-geneve-centre-dynamique-de-cooperation-internationale-et-haute-qualite-de-vie\\\/#webpage\",\"url\":\"https:\\\/\\\/www.immo-invest.ch\\\/fr\\\/espace-economique-de-geneve-centre-dynamique-de-cooperation-internationale-et-haute-qualite-de-vie\\\/\",\"name\":\"Espace \\u00e9conomique de Gen\\u00e8ve \\u2013 Centre dynamique de coop\\u00e9ration internationale et haute qualit\\u00e9 de vie - immo!nvest - Die Plattform f\\u00fcr Standorte und Immobilien\",\"description\":\"Connue dans le monde entier pour sa vitalit\\u00e9 \\u00e9conomique et son excellent cadre de vie, Gen\\u00e8ve attire en permanence des travailleurs hautement qualifi\\u00e9s du monde entier. La ville offre une combinaison id\\u00e9ale d'opportunit\\u00e9s professionnelles et d'un environnement de premier ordre pour une vie \\u00e9panouie.\",\"inLanguage\":\"fr-FR\",\"isPartOf\":{\"@id\":\"https:\\\/\\\/www.immo-invest.ch\\\/fr\\\/#website\"},\"breadcrumb\":{\"@id\":\"https:\\\/\\\/www.immo-invest.ch\\\/fr\\\/espace-economique-de-geneve-centre-dynamique-de-cooperation-internationale-et-haute-qualite-de-vie\\\/#breadcrumblist\"},\"author\":{\"@id\":\"https:\\\/\\\/www.immo-invest.ch\\\/fr\\\/author\\\/immovestuser\\\/#author\"},\"creator\":{\"@id\":\"https:\\\/\\\/www.immo-invest.ch\\\/fr\\\/author\\\/immovestuser\\\/#author\"},\"image\":{\"@type\":\"ImageObject\",\"url\":\"https:\\\/\\\/www.immo-invest.ch\\\/wp-content\\\/uploads\\\/2024\\\/07\\\/visualsoflukas-AWjVCFcUIbY-unsplash-1-scaled-e1720081928972.jpg\",\"@id\":\"https:\\\/\\\/www.immo-invest.ch\\\/fr\\\/espace-economique-de-geneve-centre-dynamique-de-cooperation-internationale-et-haute-qualite-de-vie\\\/#mainImage\",\"width\":2560,\"height\":1280},\"primaryImageOfPage\":{\"@id\":\"https:\\\/\\\/www.immo-invest.ch\\\/fr\\\/espace-economique-de-geneve-centre-dynamique-de-cooperation-internationale-et-haute-qualite-de-vie\\\/#mainImage\"},\"datePublished\":\"2024-07-04T10:33:43+02:00\",\"dateModified\":\"2024-07-04T10:33:44+02:00\"},{\"@type\":\"WebSite\",\"@id\":\"https:\\\/\\\/www.immo-invest.ch\\\/fr\\\/#website\",\"url\":\"https:\\\/\\\/www.immo-invest.ch\\\/fr\\\/\",\"name\":\"immo!nvest - Die Plattform f\\u00fcr Standorte und Immobilien\",\"description\":\"Die\\u00a0Plattform f\\u00fcr Standorte und Immobilien\",\"inLanguage\":\"fr-FR\",\"publisher\":{\"@id\":\"https:\\\/\\\/www.immo-invest.ch\\\/fr\\\/#organization\"}}]}\n\t\t<\/script>\n\t\t<!-- All in One SEO -->\n\n","aioseo_head_json":{"title":"Espace \u00e9conomique de Gen\u00e8ve \u2013 Centre dynamique de coop\u00e9ration internationale et haute qualit\u00e9 de vie - immo!nvest - Die Plattform f\u00fcr Standorte und Immobilien","description":"Connue dans le monde entier pour sa vitalit\u00e9 \u00e9conomique et son excellent cadre de vie, Gen\u00e8ve attire en permanence des travailleurs hautement qualifi\u00e9s du monde entier. La ville offre une combinaison id\u00e9ale d'opportunit\u00e9s professionnelles et d'un environnement de premier ordre pour une vie \u00e9panouie.","canonical_url":"https:\/\/www.immo-invest.ch\/fr\/espace-economique-de-geneve-centre-dynamique-de-cooperation-internationale-et-haute-qualite-de-vie\/","robots":"max-image-preview:large","keywords":"","webmasterTools":{"google-site-verification":"fHJKvgWpZCR2zVBHWfkQeFXC11qieUSff0HGNYfuyLA","miscellaneous":""},"schema":{"@context":"https:\/\/schema.org","@graph":[{"@type":"BlogPosting","@id":"https:\/\/www.immo-invest.ch\/fr\/espace-economique-de-geneve-centre-dynamique-de-cooperation-internationale-et-haute-qualite-de-vie\/#blogposting","name":"Espace \u00e9conomique de Gen\u00e8ve \u2013 Centre dynamique de coop\u00e9ration internationale et haute qualit\u00e9 de vie - immo!nvest - Die Plattform f\u00fcr Standorte und Immobilien","headline":"Espace \u00e9conomique de Gen\u00e8ve \u2013 Centre dynamique de coop\u00e9ration internationale et haute qualit\u00e9 de vie","author":{"@id":"https:\/\/www.immo-invest.ch\/fr\/author\/immovestuser\/#author"},"publisher":{"@id":"https:\/\/www.immo-invest.ch\/fr\/#organization"},"image":{"@type":"ImageObject","url":"https:\/\/www.immo-invest.ch\/wp-content\/uploads\/2024\/07\/visualsoflukas-AWjVCFcUIbY-unsplash-1-scaled-e1720081928972.jpg","width":2560,"height":1280},"datePublished":"2024-07-04T10:33:43+02:00","dateModified":"2024-07-04T10:33:44+02:00","inLanguage":"fr-FR","mainEntityOfPage":{"@id":"https:\/\/www.immo-invest.ch\/fr\/espace-economique-de-geneve-centre-dynamique-de-cooperation-internationale-et-haute-qualite-de-vie\/#webpage"},"isPartOf":{"@id":"https:\/\/www.immo-invest.ch\/fr\/espace-economique-de-geneve-centre-dynamique-de-cooperation-internationale-et-haute-qualite-de-vie\/#webpage"},"articleSection":"Genf, immoNews, Mobilit\u00e9, Bauwesen, Bauwirtschaft, Cooperation, immobilien, Immoinvest, immoNews, \u00d6konomie, Region, Regionalentwicklung, Facultatif"},{"@type":"BreadcrumbList","@id":"https:\/\/www.immo-invest.ch\/fr\/espace-economique-de-geneve-centre-dynamique-de-cooperation-internationale-et-haute-qualite-de-vie\/#breadcrumblist","itemListElement":[{"@type":"ListItem","@id":"https:\/\/www.immo-invest.ch\/fr\/#listItem","position":1,"name":"Home","item":"https:\/\/www.immo-invest.ch\/fr\/","nextItem":{"@type":"ListItem","@id":"https:\/\/www.immo-invest.ch\/fr\/categories\/regions\/#listItem","name":"R\u00e9gions"}},{"@type":"ListItem","@id":"https:\/\/www.immo-invest.ch\/fr\/categories\/regions\/#listItem","position":2,"name":"R\u00e9gions","item":"https:\/\/www.immo-invest.ch\/fr\/categories\/regions\/","nextItem":{"@type":"ListItem","@id":"https:\/\/www.immo-invest.ch\/fr\/categories\/regions\/suisse\/#listItem","name":"Suisse"},"previousItem":{"@type":"ListItem","@id":"https:\/\/www.immo-invest.ch\/fr\/#listItem","name":"Home"}},{"@type":"ListItem","@id":"https:\/\/www.immo-invest.ch\/fr\/categories\/regions\/suisse\/#listItem","position":3,"name":"Suisse","item":"https:\/\/www.immo-invest.ch\/fr\/categories\/regions\/suisse\/","nextItem":{"@type":"ListItem","@id":"https:\/\/www.immo-invest.ch\/fr\/categories\/regions\/suisse\/region-lemanique\/#listItem","name":"R\u00e9gion l\u00e9manique"},"previousItem":{"@type":"ListItem","@id":"https:\/\/www.immo-invest.ch\/fr\/categories\/regions\/#listItem","name":"R\u00e9gions"}},{"@type":"ListItem","@id":"https:\/\/www.immo-invest.ch\/fr\/categories\/regions\/suisse\/region-lemanique\/#listItem","position":4,"name":"R\u00e9gion l\u00e9manique","item":"https:\/\/www.immo-invest.ch\/fr\/categories\/regions\/suisse\/region-lemanique\/","nextItem":{"@type":"ListItem","@id":"https:\/\/www.immo-invest.ch\/fr\/categories\/regions\/suisse\/region-lemanique\/genf-fr\/#listItem","name":"Genf"},"previousItem":{"@type":"ListItem","@id":"https:\/\/www.immo-invest.ch\/fr\/categories\/regions\/suisse\/#listItem","name":"Suisse"}},{"@type":"ListItem","@id":"https:\/\/www.immo-invest.ch\/fr\/categories\/regions\/suisse\/region-lemanique\/genf-fr\/#listItem","position":5,"name":"Genf","item":"https:\/\/www.immo-invest.ch\/fr\/categories\/regions\/suisse\/region-lemanique\/genf-fr\/","nextItem":{"@type":"ListItem","@id":"https:\/\/www.immo-invest.ch\/fr\/espace-economique-de-geneve-centre-dynamique-de-cooperation-internationale-et-haute-qualite-de-vie\/#listItem","name":"Espace \u00e9conomique de Gen\u00e8ve \u2013 Centre dynamique de coop\u00e9ration internationale et haute qualit\u00e9 de vie"},"previousItem":{"@type":"ListItem","@id":"https:\/\/www.immo-invest.ch\/fr\/categories\/regions\/suisse\/region-lemanique\/#listItem","name":"R\u00e9gion l\u00e9manique"}},{"@type":"ListItem","@id":"https:\/\/www.immo-invest.ch\/fr\/espace-economique-de-geneve-centre-dynamique-de-cooperation-internationale-et-haute-qualite-de-vie\/#listItem","position":6,"name":"Espace \u00e9conomique de Gen\u00e8ve \u2013 Centre dynamique de coop\u00e9ration internationale et haute qualit\u00e9 de vie","previousItem":{"@type":"ListItem","@id":"https:\/\/www.immo-invest.ch\/fr\/categories\/regions\/suisse\/region-lemanique\/genf-fr\/#listItem","name":"Genf"}}]},{"@type":"Organization","@id":"https:\/\/www.immo-invest.ch\/fr\/#organization","name":"immo!nvest - Die Plattform f\u00fcr Standorte und Immobilien","description":"Die\u00a0Plattform f\u00fcr Standorte und Immobilien","url":"https:\/\/www.immo-invest.ch\/fr\/","email":"admin@immomedia.ag","telephone":"+41444420002","logo":{"@type":"ImageObject","url":"https:\/\/www.immo-invest.ch\/wp-content\/uploads\/2024\/09\/immoinvest_sm-scaled.jpg","@id":"https:\/\/www.immo-invest.ch\/fr\/espace-economique-de-geneve-centre-dynamique-de-cooperation-internationale-et-haute-qualite-de-vie\/#organizationLogo","width":2560,"height":1340},"image":{"@id":"https:\/\/www.immo-invest.ch\/fr\/espace-economique-de-geneve-centre-dynamique-de-cooperation-internationale-et-haute-qualite-de-vie\/#organizationLogo"},"sameAs":["https:\/\/www.facebook.com\/people\/Immoinvest\/100077962920504\/","https:\/\/x.com\/i\/flow\/login?redirect_after_login=immoinvest_ch","https:\/\/www.instagram.com\/immoinvest_ch\/","https:\/\/www.linkedin.com\/company\/immoinvest-swiss"]},{"@type":"Person","@id":"https:\/\/www.immo-invest.ch\/fr\/author\/immovestuser\/#author","url":"https:\/\/www.immo-invest.ch\/fr\/author\/immovestuser\/","name":"immovestuser","image":{"@type":"ImageObject","@id":"https:\/\/www.immo-invest.ch\/fr\/espace-economique-de-geneve-centre-dynamique-de-cooperation-internationale-et-haute-qualite-de-vie\/#authorImage","url":"https:\/\/secure.gravatar.com\/avatar\/8e01f4d99f2eeea7a362ebb93305e1172a70e9293ba250f897a65c39f54cdd1e?s=96&d=mm&r=g","width":96,"height":96,"caption":"immovestuser"}},{"@type":"WebPage","@id":"https:\/\/www.immo-invest.ch\/fr\/espace-economique-de-geneve-centre-dynamique-de-cooperation-internationale-et-haute-qualite-de-vie\/#webpage","url":"https:\/\/www.immo-invest.ch\/fr\/espace-economique-de-geneve-centre-dynamique-de-cooperation-internationale-et-haute-qualite-de-vie\/","name":"Espace \u00e9conomique de Gen\u00e8ve \u2013 Centre dynamique de coop\u00e9ration internationale et haute qualit\u00e9 de vie - immo!nvest - Die Plattform f\u00fcr Standorte und Immobilien","description":"Connue dans le monde entier pour sa vitalit\u00e9 \u00e9conomique et son excellent cadre de vie, Gen\u00e8ve attire en permanence des travailleurs hautement qualifi\u00e9s du monde entier. La ville offre une combinaison id\u00e9ale d'opportunit\u00e9s professionnelles et d'un environnement de premier ordre pour une vie \u00e9panouie.","inLanguage":"fr-FR","isPartOf":{"@id":"https:\/\/www.immo-invest.ch\/fr\/#website"},"breadcrumb":{"@id":"https:\/\/www.immo-invest.ch\/fr\/espace-economique-de-geneve-centre-dynamique-de-cooperation-internationale-et-haute-qualite-de-vie\/#breadcrumblist"},"author":{"@id":"https:\/\/www.immo-invest.ch\/fr\/author\/immovestuser\/#author"},"creator":{"@id":"https:\/\/www.immo-invest.ch\/fr\/author\/immovestuser\/#author"},"image":{"@type":"ImageObject","url":"https:\/\/www.immo-invest.ch\/wp-content\/uploads\/2024\/07\/visualsoflukas-AWjVCFcUIbY-unsplash-1-scaled-e1720081928972.jpg","@id":"https:\/\/www.immo-invest.ch\/fr\/espace-economique-de-geneve-centre-dynamique-de-cooperation-internationale-et-haute-qualite-de-vie\/#mainImage","width":2560,"height":1280},"primaryImageOfPage":{"@id":"https:\/\/www.immo-invest.ch\/fr\/espace-economique-de-geneve-centre-dynamique-de-cooperation-internationale-et-haute-qualite-de-vie\/#mainImage"},"datePublished":"2024-07-04T10:33:43+02:00","dateModified":"2024-07-04T10:33:44+02:00"},{"@type":"WebSite","@id":"https:\/\/www.immo-invest.ch\/fr\/#website","url":"https:\/\/www.immo-invest.ch\/fr\/","name":"immo!nvest - Die Plattform f\u00fcr Standorte und Immobilien","description":"Die\u00a0Plattform f\u00fcr Standorte und Immobilien","inLanguage":"fr-FR","publisher":{"@id":"https:\/\/www.immo-invest.ch\/fr\/#organization"}}]},"og:locale":"fr_FR","og:site_name":"immo!nvest - Die Plattform f\u00fcr Standorte und Immobilien - Die\u00a0Plattform f\u00fcr Standorte und Immobilien","og:type":"article","og:title":"Espace \u00e9conomique de Gen\u00e8ve \u2013 Centre dynamique de coop\u00e9ration internationale et haute qualit\u00e9 de vie - immo!nvest - Die Plattform f\u00fcr Standorte und Immobilien","og:description":"Connue dans le monde entier pour sa vitalit\u00e9 \u00e9conomique et son excellent cadre de vie, Gen\u00e8ve attire en permanence des travailleurs hautement qualifi\u00e9s du monde entier. La ville offre une combinaison id\u00e9ale d'opportunit\u00e9s professionnelles et d'un environnement de premier ordre pour une vie \u00e9panouie.","og:url":"https:\/\/www.immo-invest.ch\/fr\/espace-economique-de-geneve-centre-dynamique-de-cooperation-internationale-et-haute-qualite-de-vie\/","og:image":"https:\/\/www.immo-invest.ch\/wp-content\/uploads\/2024\/07\/visualsoflukas-AWjVCFcUIbY-unsplash-1-scaled-e1720081928972.jpg","og:image:secure_url":"https:\/\/www.immo-invest.ch\/wp-content\/uploads\/2024\/07\/visualsoflukas-AWjVCFcUIbY-unsplash-1-scaled-e1720081928972.jpg","og:image:width":2560,"og:image:height":1280,"article:published_time":"2024-07-04T08:33:43+00:00","article:modified_time":"2024-07-04T08:33:44+00:00","article:publisher":"https:\/\/www.facebook.com\/people\/Immoinvest\/100077962920504\/","twitter:card":"summary_large_image","twitter:site":"@i","twitter:title":"Espace \u00e9conomique de Gen\u00e8ve \u2013 Centre dynamique de coop\u00e9ration internationale et haute qualit\u00e9 de vie - immo!nvest - Die Plattform f\u00fcr Standorte und Immobilien","twitter:description":"Connue dans le monde entier pour sa vitalit\u00e9 \u00e9conomique et son excellent cadre de vie, Gen\u00e8ve attire en permanence des travailleurs hautement qualifi\u00e9s du monde entier. La ville offre une combinaison id\u00e9ale d'opportunit\u00e9s professionnelles et d'un environnement de premier ordre pour une vie \u00e9panouie.","twitter:creator":"@i","twitter:image":"https:\/\/www.immo-invest.ch\/wp-content\/uploads\/2024\/07\/visualsoflukas-AWjVCFcUIbY-unsplash-1-scaled-e1720081928972.jpg"},"aioseo_meta_data":{"post_id":"104441","title":null,"description":null,"keywords":null,"keyphrases":null,"primary_term":null,"canonical_url":null,"og_title":null,"og_description":null,"og_object_type":"default","og_image_type":"default","og_image_url":null,"og_image_width":null,"og_image_height":null,"og_image_custom_url":null,"og_image_custom_fields":null,"og_video":null,"og_custom_url":null,"og_article_section":null,"og_article_tags":null,"twitter_use_og":false,"twitter_card":"default","twitter_image_type":"default","twitter_image_url":null,"twitter_image_custom_url":null,"twitter_image_custom_fields":null,"twitter_title":null,"twitter_description":null,"schema":{"blockGraphs":[],"customGraphs":[],"default":{"data":{"Article":[],"Course":[],"Dataset":[],"FAQPage":[],"Movie":[],"Person":[],"Product":[],"ProductReview":[],"Car":[],"Recipe":[],"Service":[],"SoftwareApplication":[],"WebPage":[]},"graphName":"","isEnabled":true},"graphs":[]},"schema_type":"default","schema_type_options":null,"pillar_content":false,"robots_default":true,"robots_noindex":false,"robots_noarchive":false,"robots_nosnippet":false,"robots_nofollow":false,"robots_noimageindex":false,"robots_noodp":false,"robots_notranslate":false,"robots_max_snippet":null,"robots_max_videopreview":null,"robots_max_imagepreview":"large","priority":null,"frequency":null,"local_seo":null,"breadcrumb_settings":null,"limit_modified_date":false,"ai":null,"created":"2024-09-20 22:45:57","updated":"2025-10-24 05:04:11","seo_analyzer_scan_date":null,"focus_keyword":null,"additional_keywords":null,"truseo_locale":null},"aioseo_breadcrumb":"<div class=\"aioseo-breadcrumbs\"><span class=\"aioseo-breadcrumb\">\n\t\t\t<a href=\"https:\/\/www.immo-invest.ch\/fr\/\" title=\"Home\">Home<\/a>\n\t\t<\/span><span class=\"aioseo-breadcrumb-separator\">&raquo;<\/span><span class=\"aioseo-breadcrumb\">\n\t\t\t<a href=\"https:\/\/www.immo-invest.ch\/fr\/categories\/regions\/\" title=\"R\u00e9gions\">R\u00e9gions<\/a>\n\t\t<\/span><span class=\"aioseo-breadcrumb-separator\">&raquo;<\/span><span class=\"aioseo-breadcrumb\">\n\t\t\t<a href=\"https:\/\/www.immo-invest.ch\/fr\/categories\/regions\/suisse\/\" title=\"Suisse\">Suisse<\/a>\n\t\t<\/span><span class=\"aioseo-breadcrumb-separator\">&raquo;<\/span><span class=\"aioseo-breadcrumb\">\n\t\t\t<a href=\"https:\/\/www.immo-invest.ch\/fr\/categories\/regions\/suisse\/region-lemanique\/\" title=\"R\u00e9gion l\u00e9manique\">R\u00e9gion l\u00e9manique<\/a>\n\t\t<\/span><span class=\"aioseo-breadcrumb-separator\">&raquo;<\/span><span class=\"aioseo-breadcrumb\">\n\t\t\t<a href=\"https:\/\/www.immo-invest.ch\/fr\/categories\/regions\/suisse\/region-lemanique\/genf-fr\/\" title=\"Genf\">Genf<\/a>\n\t\t<\/span><span class=\"aioseo-breadcrumb-separator\">&raquo;<\/span><span class=\"aioseo-breadcrumb\">\n\t\t\tEspace \u00e9conomique de Gen\u00e8ve \u2013 Centre dynamique de coop\u00e9ration internationale et haute qualit\u00e9 de vie\n\t\t<\/span><\/div>","aioseo_breadcrumb_json":[{"label":"Home","link":"https:\/\/www.immo-invest.ch\/fr\/"},{"label":"R\u00e9gions","link":"https:\/\/www.immo-invest.ch\/fr\/categories\/regions\/"},{"label":"Suisse","link":"https:\/\/www.immo-invest.ch\/fr\/categories\/regions\/suisse\/"},{"label":"R\u00e9gion l\u00e9manique","link":"https:\/\/www.immo-invest.ch\/fr\/categories\/regions\/suisse\/region-lemanique\/"},{"label":"Genf","link":"https:\/\/www.immo-invest.ch\/fr\/categories\/regions\/suisse\/region-lemanique\/genf-fr\/"},{"label":"Espace \u00e9conomique de Gen\u00e8ve \u2013 Centre dynamique de coop\u00e9ration internationale et haute qualit\u00e9 de vie","link":"https:\/\/www.immo-invest.ch\/fr\/espace-economique-de-geneve-centre-dynamique-de-cooperation-internationale-et-haute-qualite-de-vie\/"}],"featured_image_src":"https:\/\/www.immo-invest.ch\/wp-content\/uploads\/2024\/07\/visualsoflukas-AWjVCFcUIbY-unsplash-1-scaled-e1720081928972-336x168.jpg","_links":{"self":[{"href":"https:\/\/www.immo-invest.ch\/fr\/wp-json\/wp\/v2\/posts\/104441","targetHints":{"allow":["GET"]}}],"collection":[{"href":"https:\/\/www.immo-invest.ch\/fr\/wp-json\/wp\/v2\/posts"}],"about":[{"href":"https:\/\/www.immo-invest.ch\/fr\/wp-json\/wp\/v2\/types\/post"}],"author":[{"embeddable":true,"href":"https:\/\/www.immo-invest.ch\/fr\/wp-json\/wp\/v2\/users\/2"}],"replies":[{"embeddable":true,"href":"https:\/\/www.immo-invest.ch\/fr\/wp-json\/wp\/v2\/comments?post=104441"}],"version-history":[{"count":0,"href":"https:\/\/www.immo-invest.ch\/fr\/wp-json\/wp\/v2\/posts\/104441\/revisions"}],"wp:featuredmedia":[{"embeddable":true,"href":"https:\/\/www.immo-invest.ch\/fr\/wp-json\/wp\/v2\/media\/104447"}],"wp:attachment":[{"href":"https:\/\/www.immo-invest.ch\/fr\/wp-json\/wp\/v2\/media?parent=104441"}],"wp:term":[{"taxonomy":"category","embeddable":true,"href":"https:\/\/www.immo-invest.ch\/fr\/wp-json\/wp\/v2\/categories?post=104441"},{"taxonomy":"post_tag","embeddable":true,"href":"https:\/\/www.immo-invest.ch\/fr\/wp-json\/wp\/v2\/tags?post=104441"}],"curies":[{"name":"wp","href":"https:\/\/api.w.org\/{rel}","templated":true}]}}