{"id":104430,"date":"2024-07-04T17:15:56","date_gmt":"2024-07-04T15:15:56","guid":{"rendered":"https:\/\/www.immo-invest.ch\/?p=104430"},"modified":"2024-07-04T10:18:28","modified_gmt":"2024-07-04T08:18:28","slug":"burkhalter-gruppe-kauft-gebaeudetechnik-kippel-im-wallis","status":"publish","type":"post","link":"https:\/\/www.immo-invest.ch\/fr\/burkhalter-gruppe-kauft-gebaeudetechnik-kippel-im-wallis\/","title":{"rendered":"Le Groupe Burkhalter ach\u00e8te Geb\u00e4udetechnik Kippel en Valais"},"content":{"rendered":"<p class=\"bodytext\">Selon un <a href=\"https:\/\/mailing-ircockpit.eqs.com\/crm-mailing\/5c262240-ea7c-11e8-902f-2c44fd856d8c\/890047d8-fc6b-4c36-917a-242e30ad1e3b\/5274ff2d-1f2b-4df5-b40e-f6404b5c8e70\/099_Kippel_DE.pdf?inline_display=1\" target=\"_blank\" rel=\"noopener\">communiqu&eacute; de presse<\/a>, le <a href=\"https:\/\/www.burkhalter.ch\/de\/\" target=\"_blank\" rel=\"noopener\">Groupe Burkhalter<\/a> a rachet&eacute; le 1er juillet <a href=\"https:\/\/kippelag.ch\/de\/home\" target=\"_blank\" rel=\"noopener\">Kippel Leo + S&ouml;hne AG<\/a> &agrave; Susten (VS). Kippel op&egrave;re avec succ&egrave;s depuis plus de 50 ans sur le march&eacute; r&eacute;gional du canton du Valais et propose des services dans le domaine du chauffage, des installations sanitaires et de la technique solaire, selon le sp&eacute;cialiste zurichois de la technique du b&acirc;timent. Kippel emploie environ 20 personnes et r&eacute;alise un chiffre d&rsquo;affaires annuel d&rsquo;environ 6 millions de francs.<\/p>\n<p class=\"bodytext\">Kippel Leo + S&ouml;hne AG sera fusionn&eacute;e avec <a href=\"https:\/\/www.lauber-iwisa.ch\/de\" target=\"_blank\" rel=\"noopener\">Lauber IWISA AG<\/a>, qui fait d&eacute;j&agrave; partie du groupe Burkhalter et qui est &eacute;galement bas&eacute;e dans le Haut-Valais, plus pr&eacute;cis&eacute;ment &agrave; Naters, &agrave; compter du 1er janvier 2025. Selon les informations fournies, le site sera maintenu et tous les collaborateurs seront repris. Les propri&eacute;taires actuels, Adolf et Flavian Kippel, continueront &agrave; travailler pour l&rsquo;entreprise. Selon Burkhalter, l&rsquo;acquisition de parts de march&eacute; suppl&eacute;mentaires par le rachat cibl&eacute; d&rsquo;autres entreprises de technique du b&acirc;timent continue de faire partie de la strat&eacute;gie.<\/p>\n<p class=\"bodytext\">Fin 2023, le Groupe Burkhalter employait 5185 collaborateurs, dont 971 apprentis, dans 84 soci&eacute;t&eacute;s du groupe r&eacute;parties sur 158 sites en Suisse et dans la Principaut&eacute; de Liechtenstein. La holding, dont le si&egrave;ge principal est &agrave; Zurich, est cot&eacute;e &agrave; la SIX Swiss Exchange.<\/p>\n","protected":false},"excerpt":{"rendered":"<p>Le groupe Burkhalter a acquis Kippel Leo + S\u00f6hne AG \u00e0 Susten VS le 1er juillet. L&rsquo;entreprise propose des services en chauffage, sanitaire et technologie solaire et fusionnera avec Lauber IWISA AG en 2025.<\/p>\n","protected":false},"author":2,"featured_media":104425,"comment_status":"open","ping_status":"open","sticky":false,"template":"","format":"standard","meta":{"pmpro_default_level":"","inline_featured_image":false,"_monsterinsights_skip_tracking":false,"footnotes":""},"categories":[22696,743,22357,47889],"tags":[25098,872,3931,47890,2002,30255],"class_list":["post-104430","post","type-post","status-publish","format-standard","has-post-thumbnail","hentry","category-entreprise","category-immonews-fr","category-industrie-du-batiment","category-wallis-fr","tag-burkhalter-gruppe-fr","tag-immoinvest-fr","tag-immonews-fr","tag-kippel-leo-soehne-fr","tag-news-fr","tag-uebernahme-2-fr","pmpro-has-access"],"acf":{"bild_mit_ki_erstellt_worden":[],"lead":"Le groupe Burkhalter a acquis Kippel Leo + S\u00f6hne AG \u00e0 Susten VS le 1er juillet. L'entreprise propose des services en chauffage, sanitaire et technologie solaire et fusionnera avec Lauber IWISA AG en 2025.","autor":"ce\/gba","ort":"Z\u00fcrich\/Susten VS","bildunterschrift":"","bild_im_grid":false,"gallerie":"","newsim":""},"aioseo_notices":[],"aioseo_head":"\n\t\t<!-- All in One SEO 5.0.0.1 - aioseo.com -->\n\t<meta name=\"description\" content=\"Le groupe Burkhalter a acquis Kippel Leo + S\u00f6hne AG \u00e0 Susten VS le 1er juillet. L&#039;entreprise propose des services en chauffage, sanitaire et technologie solaire et fusionnera avec Lauber IWISA AG en 2025.\" \/>\n\t<meta name=\"robots\" content=\"max-image-preview:large\" \/>\n\t<meta name=\"author\" content=\"immovestuser\"\/>\n\t<meta name=\"google-site-verification\" content=\"fHJKvgWpZCR2zVBHWfkQeFXC11qieUSff0HGNYfuyLA\" \/>\n\t<link rel=\"canonical\" href=\"https:\/\/www.immo-invest.ch\/fr\/burkhalter-gruppe-kauft-gebaeudetechnik-kippel-im-wallis\/\" \/>\n\t<meta name=\"generator\" content=\"All in One SEO (AIOSEO) 5.0.0.1\" \/>\n\t\t<meta property=\"og:locale\" content=\"fr_FR\" \/>\n\t\t<meta property=\"og:site_name\" content=\"immo!nvest - Die Plattform f\u00fcr Standorte und Immobilien - Die\u00a0Plattform f\u00fcr Standorte und Immobilien\" \/>\n\t\t<meta property=\"og:type\" content=\"article\" \/>\n\t\t<meta property=\"og:title\" content=\"Le Groupe Burkhalter ach\u00e8te Geb\u00e4udetechnik Kippel en Valais - immo!nvest - Die Plattform f\u00fcr Standorte und Immobilien\" \/>\n\t\t<meta property=\"og:description\" content=\"Le groupe Burkhalter a acquis Kippel Leo + S\u00f6hne AG \u00e0 Susten VS le 1er juillet. L&#039;entreprise propose des services en chauffage, sanitaire et technologie solaire et fusionnera avec Lauber IWISA AG en 2025.\" \/>\n\t\t<meta property=\"og:url\" content=\"https:\/\/www.immo-invest.ch\/fr\/burkhalter-gruppe-kauft-gebaeudetechnik-kippel-im-wallis\/\" \/>\n\t\t<meta property=\"og:image\" content=\"https:\/\/www.immo-invest.ch\/wp-content\/uploads\/2024\/07\/Unbenannt-8.png\" \/>\n\t\t<meta property=\"og:image:secure_url\" content=\"https:\/\/www.immo-invest.ch\/wp-content\/uploads\/2024\/07\/Unbenannt-8.png\" \/>\n\t\t<meta property=\"og:image:width\" content=\"1792\" \/>\n\t\t<meta property=\"og:image:height\" content=\"1024\" \/>\n\t\t<meta property=\"article:published_time\" content=\"2024-07-04T15:15:56+00:00\" \/>\n\t\t<meta property=\"article:modified_time\" content=\"2024-07-04T08:18:28+00:00\" \/>\n\t\t<meta property=\"article:publisher\" content=\"https:\/\/www.facebook.com\/people\/Immoinvest\/100077962920504\/\" \/>\n\t\t<meta name=\"twitter:card\" content=\"summary_large_image\" \/>\n\t\t<meta name=\"twitter:site\" content=\"@i\" \/>\n\t\t<meta name=\"twitter:title\" content=\"Le Groupe Burkhalter ach\u00e8te Geb\u00e4udetechnik Kippel en Valais - immo!nvest - Die Plattform f\u00fcr Standorte und Immobilien\" \/>\n\t\t<meta name=\"twitter:description\" content=\"Le groupe Burkhalter a acquis Kippel Leo + S\u00f6hne AG \u00e0 Susten VS le 1er juillet. L&#039;entreprise propose des services en chauffage, sanitaire et technologie solaire et fusionnera avec Lauber IWISA AG en 2025.\" \/>\n\t\t<meta name=\"twitter:creator\" content=\"@i\" \/>\n\t\t<meta name=\"twitter:image\" content=\"https:\/\/www.immo-invest.ch\/wp-content\/uploads\/2024\/07\/Unbenannt-8.png\" \/>\n\t\t<script type=\"application\/ld+json\" class=\"aioseo-schema\">\n\t\t\t{\"@context\":\"https:\\\/\\\/schema.org\",\"@graph\":[{\"@type\":\"BlogPosting\",\"@id\":\"https:\\\/\\\/www.immo-invest.ch\\\/fr\\\/burkhalter-gruppe-kauft-gebaeudetechnik-kippel-im-wallis\\\/#blogposting\",\"name\":\"Le Groupe Burkhalter ach\\u00e8te Geb\\u00e4udetechnik Kippel en Valais - immo!nvest - Die Plattform f\\u00fcr Standorte und Immobilien\",\"headline\":\"Le Groupe Burkhalter ach\\u00e8te Geb\\u00e4udetechnik Kippel en Valais\",\"author\":{\"@id\":\"https:\\\/\\\/www.immo-invest.ch\\\/fr\\\/author\\\/immovestuser\\\/#author\"},\"publisher\":{\"@id\":\"https:\\\/\\\/www.immo-invest.ch\\\/fr\\\/#organization\"},\"image\":{\"@type\":\"ImageObject\",\"url\":\"https:\\\/\\\/www.immo-invest.ch\\\/wp-content\\\/uploads\\\/2024\\\/07\\\/Unbenannt-8.png\",\"width\":1792,\"height\":1024},\"datePublished\":\"2024-07-04T17:15:56+02:00\",\"dateModified\":\"2024-07-04T10:18:28+02:00\",\"inLanguage\":\"fr-FR\",\"mainEntityOfPage\":{\"@id\":\"https:\\\/\\\/www.immo-invest.ch\\\/fr\\\/burkhalter-gruppe-kauft-gebaeudetechnik-kippel-im-wallis\\\/#webpage\"},\"isPartOf\":{\"@id\":\"https:\\\/\\\/www.immo-invest.ch\\\/fr\\\/burkhalter-gruppe-kauft-gebaeudetechnik-kippel-im-wallis\\\/#webpage\"},\"articleSection\":\"Entreprise, immoNews, Industrie du b\\u00e2timent, Wallis, Burkhalter Gruppe, Immoinvest, immoNews, Kippel Leo + S\\u00f6hne, News, \\u00dcbernahme, Facultatif\"},{\"@type\":\"BreadcrumbList\",\"@id\":\"https:\\\/\\\/www.immo-invest.ch\\\/fr\\\/burkhalter-gruppe-kauft-gebaeudetechnik-kippel-im-wallis\\\/#breadcrumblist\",\"itemListElement\":[{\"@type\":\"ListItem\",\"@id\":\"https:\\\/\\\/www.immo-invest.ch\\\/fr\\\/#listItem\",\"position\":1,\"name\":\"Home\",\"item\":\"https:\\\/\\\/www.immo-invest.ch\\\/fr\\\/\",\"nextItem\":{\"@type\":\"ListItem\",\"@id\":\"https:\\\/\\\/www.immo-invest.ch\\\/fr\\\/categories\\\/regions\\\/#listItem\",\"name\":\"R\\u00e9gions\"}},{\"@type\":\"ListItem\",\"@id\":\"https:\\\/\\\/www.immo-invest.ch\\\/fr\\\/categories\\\/regions\\\/#listItem\",\"position\":2,\"name\":\"R\\u00e9gions\",\"item\":\"https:\\\/\\\/www.immo-invest.ch\\\/fr\\\/categories\\\/regions\\\/\",\"nextItem\":{\"@type\":\"ListItem\",\"@id\":\"https:\\\/\\\/www.immo-invest.ch\\\/fr\\\/categories\\\/regions\\\/suisse\\\/#listItem\",\"name\":\"Suisse\"},\"previousItem\":{\"@type\":\"ListItem\",\"@id\":\"https:\\\/\\\/www.immo-invest.ch\\\/fr\\\/#listItem\",\"name\":\"Home\"}},{\"@type\":\"ListItem\",\"@id\":\"https:\\\/\\\/www.immo-invest.ch\\\/fr\\\/categories\\\/regions\\\/suisse\\\/#listItem\",\"position\":3,\"name\":\"Suisse\",\"item\":\"https:\\\/\\\/www.immo-invest.ch\\\/fr\\\/categories\\\/regions\\\/suisse\\\/\",\"nextItem\":{\"@type\":\"ListItem\",\"@id\":\"https:\\\/\\\/www.immo-invest.ch\\\/fr\\\/categories\\\/regions\\\/suisse\\\/region-lemanique\\\/#listItem\",\"name\":\"R\\u00e9gion l\\u00e9manique\"},\"previousItem\":{\"@type\":\"ListItem\",\"@id\":\"https:\\\/\\\/www.immo-invest.ch\\\/fr\\\/categories\\\/regions\\\/#listItem\",\"name\":\"R\\u00e9gions\"}},{\"@type\":\"ListItem\",\"@id\":\"https:\\\/\\\/www.immo-invest.ch\\\/fr\\\/categories\\\/regions\\\/suisse\\\/region-lemanique\\\/#listItem\",\"position\":4,\"name\":\"R\\u00e9gion l\\u00e9manique\",\"item\":\"https:\\\/\\\/www.immo-invest.ch\\\/fr\\\/categories\\\/regions\\\/suisse\\\/region-lemanique\\\/\",\"nextItem\":{\"@type\":\"ListItem\",\"@id\":\"https:\\\/\\\/www.immo-invest.ch\\\/fr\\\/categories\\\/regions\\\/suisse\\\/region-lemanique\\\/wallis-fr\\\/#listItem\",\"name\":\"Wallis\"},\"previousItem\":{\"@type\":\"ListItem\",\"@id\":\"https:\\\/\\\/www.immo-invest.ch\\\/fr\\\/categories\\\/regions\\\/suisse\\\/#listItem\",\"name\":\"Suisse\"}},{\"@type\":\"ListItem\",\"@id\":\"https:\\\/\\\/www.immo-invest.ch\\\/fr\\\/categories\\\/regions\\\/suisse\\\/region-lemanique\\\/wallis-fr\\\/#listItem\",\"position\":5,\"name\":\"Wallis\",\"item\":\"https:\\\/\\\/www.immo-invest.ch\\\/fr\\\/categories\\\/regions\\\/suisse\\\/region-lemanique\\\/wallis-fr\\\/\",\"nextItem\":{\"@type\":\"ListItem\",\"@id\":\"https:\\\/\\\/www.immo-invest.ch\\\/fr\\\/burkhalter-gruppe-kauft-gebaeudetechnik-kippel-im-wallis\\\/#listItem\",\"name\":\"Le Groupe Burkhalter ach\\u00e8te Geb\\u00e4udetechnik Kippel en Valais\"},\"previousItem\":{\"@type\":\"ListItem\",\"@id\":\"https:\\\/\\\/www.immo-invest.ch\\\/fr\\\/categories\\\/regions\\\/suisse\\\/region-lemanique\\\/#listItem\",\"name\":\"R\\u00e9gion l\\u00e9manique\"}},{\"@type\":\"ListItem\",\"@id\":\"https:\\\/\\\/www.immo-invest.ch\\\/fr\\\/burkhalter-gruppe-kauft-gebaeudetechnik-kippel-im-wallis\\\/#listItem\",\"position\":6,\"name\":\"Le Groupe Burkhalter ach\\u00e8te Geb\\u00e4udetechnik Kippel en Valais\",\"previousItem\":{\"@type\":\"ListItem\",\"@id\":\"https:\\\/\\\/www.immo-invest.ch\\\/fr\\\/categories\\\/regions\\\/suisse\\\/region-lemanique\\\/wallis-fr\\\/#listItem\",\"name\":\"Wallis\"}}]},{\"@type\":\"Organization\",\"@id\":\"https:\\\/\\\/www.immo-invest.ch\\\/fr\\\/#organization\",\"name\":\"immo!nvest - Die Plattform f\\u00fcr Standorte und Immobilien\",\"description\":\"Die\\u00a0Plattform f\\u00fcr Standorte und Immobilien\",\"url\":\"https:\\\/\\\/www.immo-invest.ch\\\/fr\\\/\",\"email\":\"admin@immomedia.ag\",\"telephone\":\"+41444420002\",\"logo\":{\"@type\":\"ImageObject\",\"url\":\"https:\\\/\\\/www.immo-invest.ch\\\/wp-content\\\/uploads\\\/2024\\\/09\\\/immoinvest_sm-scaled.jpg\",\"@id\":\"https:\\\/\\\/www.immo-invest.ch\\\/fr\\\/burkhalter-gruppe-kauft-gebaeudetechnik-kippel-im-wallis\\\/#organizationLogo\",\"width\":2560,\"height\":1340},\"image\":{\"@id\":\"https:\\\/\\\/www.immo-invest.ch\\\/fr\\\/burkhalter-gruppe-kauft-gebaeudetechnik-kippel-im-wallis\\\/#organizationLogo\"},\"sameAs\":[\"https:\\\/\\\/www.facebook.com\\\/people\\\/Immoinvest\\\/100077962920504\\\/\",\"https:\\\/\\\/x.com\\\/i\\\/flow\\\/login?redirect_after_login=immoinvest_ch\",\"https:\\\/\\\/www.instagram.com\\\/immoinvest_ch\\\/\",\"https:\\\/\\\/www.linkedin.com\\\/company\\\/immoinvest-swiss\"]},{\"@type\":\"Person\",\"@id\":\"https:\\\/\\\/www.immo-invest.ch\\\/fr\\\/author\\\/immovestuser\\\/#author\",\"url\":\"https:\\\/\\\/www.immo-invest.ch\\\/fr\\\/author\\\/immovestuser\\\/\",\"name\":\"immovestuser\",\"image\":{\"@type\":\"ImageObject\",\"@id\":\"https:\\\/\\\/www.immo-invest.ch\\\/fr\\\/burkhalter-gruppe-kauft-gebaeudetechnik-kippel-im-wallis\\\/#authorImage\",\"url\":\"https:\\\/\\\/secure.gravatar.com\\\/avatar\\\/8e01f4d99f2eeea7a362ebb93305e1172a70e9293ba250f897a65c39f54cdd1e?s=96&d=mm&r=g\",\"width\":96,\"height\":96,\"caption\":\"immovestuser\"}},{\"@type\":\"WebPage\",\"@id\":\"https:\\\/\\\/www.immo-invest.ch\\\/fr\\\/burkhalter-gruppe-kauft-gebaeudetechnik-kippel-im-wallis\\\/#webpage\",\"url\":\"https:\\\/\\\/www.immo-invest.ch\\\/fr\\\/burkhalter-gruppe-kauft-gebaeudetechnik-kippel-im-wallis\\\/\",\"name\":\"Le Groupe Burkhalter ach\\u00e8te Geb\\u00e4udetechnik Kippel en Valais - immo!nvest - Die Plattform f\\u00fcr Standorte und Immobilien\",\"description\":\"Le groupe Burkhalter a acquis Kippel Leo + S\\u00f6hne AG \\u00e0 Susten VS le 1er juillet. L'entreprise propose des services en chauffage, sanitaire et technologie solaire et fusionnera avec Lauber IWISA AG en 2025.\",\"inLanguage\":\"fr-FR\",\"isPartOf\":{\"@id\":\"https:\\\/\\\/www.immo-invest.ch\\\/fr\\\/#website\"},\"breadcrumb\":{\"@id\":\"https:\\\/\\\/www.immo-invest.ch\\\/fr\\\/burkhalter-gruppe-kauft-gebaeudetechnik-kippel-im-wallis\\\/#breadcrumblist\"},\"author\":{\"@id\":\"https:\\\/\\\/www.immo-invest.ch\\\/fr\\\/author\\\/immovestuser\\\/#author\"},\"creator\":{\"@id\":\"https:\\\/\\\/www.immo-invest.ch\\\/fr\\\/author\\\/immovestuser\\\/#author\"},\"image\":{\"@type\":\"ImageObject\",\"url\":\"https:\\\/\\\/www.immo-invest.ch\\\/wp-content\\\/uploads\\\/2024\\\/07\\\/Unbenannt-8.png\",\"@id\":\"https:\\\/\\\/www.immo-invest.ch\\\/fr\\\/burkhalter-gruppe-kauft-gebaeudetechnik-kippel-im-wallis\\\/#mainImage\",\"width\":1792,\"height\":1024},\"primaryImageOfPage\":{\"@id\":\"https:\\\/\\\/www.immo-invest.ch\\\/fr\\\/burkhalter-gruppe-kauft-gebaeudetechnik-kippel-im-wallis\\\/#mainImage\"},\"datePublished\":\"2024-07-04T17:15:56+02:00\",\"dateModified\":\"2024-07-04T10:18:28+02:00\"},{\"@type\":\"WebSite\",\"@id\":\"https:\\\/\\\/www.immo-invest.ch\\\/fr\\\/#website\",\"url\":\"https:\\\/\\\/www.immo-invest.ch\\\/fr\\\/\",\"name\":\"immo!nvest - Die Plattform f\\u00fcr Standorte und Immobilien\",\"description\":\"Die\\u00a0Plattform f\\u00fcr Standorte und Immobilien\",\"inLanguage\":\"fr-FR\",\"publisher\":{\"@id\":\"https:\\\/\\\/www.immo-invest.ch\\\/fr\\\/#organization\"}}]}\n\t\t<\/script>\n\t\t<!-- All in One SEO -->\n\n","aioseo_head_json":{"title":"Le Groupe Burkhalter ach\u00e8te Geb\u00e4udetechnik Kippel en Valais - immo!nvest - Die Plattform f\u00fcr Standorte und Immobilien","description":"Le groupe Burkhalter a acquis Kippel Leo + S\u00f6hne AG \u00e0 Susten VS le 1er juillet. L'entreprise propose des services en chauffage, sanitaire et technologie solaire et fusionnera avec Lauber IWISA AG en 2025.","canonical_url":"https:\/\/www.immo-invest.ch\/fr\/burkhalter-gruppe-kauft-gebaeudetechnik-kippel-im-wallis\/","robots":"max-image-preview:large","keywords":"","webmasterTools":{"google-site-verification":"fHJKvgWpZCR2zVBHWfkQeFXC11qieUSff0HGNYfuyLA","miscellaneous":""},"schema":{"@context":"https:\/\/schema.org","@graph":[{"@type":"BlogPosting","@id":"https:\/\/www.immo-invest.ch\/fr\/burkhalter-gruppe-kauft-gebaeudetechnik-kippel-im-wallis\/#blogposting","name":"Le Groupe Burkhalter ach\u00e8te Geb\u00e4udetechnik Kippel en Valais - immo!nvest - Die Plattform f\u00fcr Standorte und Immobilien","headline":"Le Groupe Burkhalter ach\u00e8te Geb\u00e4udetechnik Kippel en Valais","author":{"@id":"https:\/\/www.immo-invest.ch\/fr\/author\/immovestuser\/#author"},"publisher":{"@id":"https:\/\/www.immo-invest.ch\/fr\/#organization"},"image":{"@type":"ImageObject","url":"https:\/\/www.immo-invest.ch\/wp-content\/uploads\/2024\/07\/Unbenannt-8.png","width":1792,"height":1024},"datePublished":"2024-07-04T17:15:56+02:00","dateModified":"2024-07-04T10:18:28+02:00","inLanguage":"fr-FR","mainEntityOfPage":{"@id":"https:\/\/www.immo-invest.ch\/fr\/burkhalter-gruppe-kauft-gebaeudetechnik-kippel-im-wallis\/#webpage"},"isPartOf":{"@id":"https:\/\/www.immo-invest.ch\/fr\/burkhalter-gruppe-kauft-gebaeudetechnik-kippel-im-wallis\/#webpage"},"articleSection":"Entreprise, immoNews, Industrie du b\u00e2timent, Wallis, Burkhalter Gruppe, Immoinvest, immoNews, Kippel Leo + S\u00f6hne, News, \u00dcbernahme, Facultatif"},{"@type":"BreadcrumbList","@id":"https:\/\/www.immo-invest.ch\/fr\/burkhalter-gruppe-kauft-gebaeudetechnik-kippel-im-wallis\/#breadcrumblist","itemListElement":[{"@type":"ListItem","@id":"https:\/\/www.immo-invest.ch\/fr\/#listItem","position":1,"name":"Home","item":"https:\/\/www.immo-invest.ch\/fr\/","nextItem":{"@type":"ListItem","@id":"https:\/\/www.immo-invest.ch\/fr\/categories\/regions\/#listItem","name":"R\u00e9gions"}},{"@type":"ListItem","@id":"https:\/\/www.immo-invest.ch\/fr\/categories\/regions\/#listItem","position":2,"name":"R\u00e9gions","item":"https:\/\/www.immo-invest.ch\/fr\/categories\/regions\/","nextItem":{"@type":"ListItem","@id":"https:\/\/www.immo-invest.ch\/fr\/categories\/regions\/suisse\/#listItem","name":"Suisse"},"previousItem":{"@type":"ListItem","@id":"https:\/\/www.immo-invest.ch\/fr\/#listItem","name":"Home"}},{"@type":"ListItem","@id":"https:\/\/www.immo-invest.ch\/fr\/categories\/regions\/suisse\/#listItem","position":3,"name":"Suisse","item":"https:\/\/www.immo-invest.ch\/fr\/categories\/regions\/suisse\/","nextItem":{"@type":"ListItem","@id":"https:\/\/www.immo-invest.ch\/fr\/categories\/regions\/suisse\/region-lemanique\/#listItem","name":"R\u00e9gion l\u00e9manique"},"previousItem":{"@type":"ListItem","@id":"https:\/\/www.immo-invest.ch\/fr\/categories\/regions\/#listItem","name":"R\u00e9gions"}},{"@type":"ListItem","@id":"https:\/\/www.immo-invest.ch\/fr\/categories\/regions\/suisse\/region-lemanique\/#listItem","position":4,"name":"R\u00e9gion l\u00e9manique","item":"https:\/\/www.immo-invest.ch\/fr\/categories\/regions\/suisse\/region-lemanique\/","nextItem":{"@type":"ListItem","@id":"https:\/\/www.immo-invest.ch\/fr\/categories\/regions\/suisse\/region-lemanique\/wallis-fr\/#listItem","name":"Wallis"},"previousItem":{"@type":"ListItem","@id":"https:\/\/www.immo-invest.ch\/fr\/categories\/regions\/suisse\/#listItem","name":"Suisse"}},{"@type":"ListItem","@id":"https:\/\/www.immo-invest.ch\/fr\/categories\/regions\/suisse\/region-lemanique\/wallis-fr\/#listItem","position":5,"name":"Wallis","item":"https:\/\/www.immo-invest.ch\/fr\/categories\/regions\/suisse\/region-lemanique\/wallis-fr\/","nextItem":{"@type":"ListItem","@id":"https:\/\/www.immo-invest.ch\/fr\/burkhalter-gruppe-kauft-gebaeudetechnik-kippel-im-wallis\/#listItem","name":"Le Groupe Burkhalter ach\u00e8te Geb\u00e4udetechnik Kippel en Valais"},"previousItem":{"@type":"ListItem","@id":"https:\/\/www.immo-invest.ch\/fr\/categories\/regions\/suisse\/region-lemanique\/#listItem","name":"R\u00e9gion l\u00e9manique"}},{"@type":"ListItem","@id":"https:\/\/www.immo-invest.ch\/fr\/burkhalter-gruppe-kauft-gebaeudetechnik-kippel-im-wallis\/#listItem","position":6,"name":"Le Groupe Burkhalter ach\u00e8te Geb\u00e4udetechnik Kippel en Valais","previousItem":{"@type":"ListItem","@id":"https:\/\/www.immo-invest.ch\/fr\/categories\/regions\/suisse\/region-lemanique\/wallis-fr\/#listItem","name":"Wallis"}}]},{"@type":"Organization","@id":"https:\/\/www.immo-invest.ch\/fr\/#organization","name":"immo!nvest - Die Plattform f\u00fcr Standorte und Immobilien","description":"Die\u00a0Plattform f\u00fcr Standorte und Immobilien","url":"https:\/\/www.immo-invest.ch\/fr\/","email":"admin@immomedia.ag","telephone":"+41444420002","logo":{"@type":"ImageObject","url":"https:\/\/www.immo-invest.ch\/wp-content\/uploads\/2024\/09\/immoinvest_sm-scaled.jpg","@id":"https:\/\/www.immo-invest.ch\/fr\/burkhalter-gruppe-kauft-gebaeudetechnik-kippel-im-wallis\/#organizationLogo","width":2560,"height":1340},"image":{"@id":"https:\/\/www.immo-invest.ch\/fr\/burkhalter-gruppe-kauft-gebaeudetechnik-kippel-im-wallis\/#organizationLogo"},"sameAs":["https:\/\/www.facebook.com\/people\/Immoinvest\/100077962920504\/","https:\/\/x.com\/i\/flow\/login?redirect_after_login=immoinvest_ch","https:\/\/www.instagram.com\/immoinvest_ch\/","https:\/\/www.linkedin.com\/company\/immoinvest-swiss"]},{"@type":"Person","@id":"https:\/\/www.immo-invest.ch\/fr\/author\/immovestuser\/#author","url":"https:\/\/www.immo-invest.ch\/fr\/author\/immovestuser\/","name":"immovestuser","image":{"@type":"ImageObject","@id":"https:\/\/www.immo-invest.ch\/fr\/burkhalter-gruppe-kauft-gebaeudetechnik-kippel-im-wallis\/#authorImage","url":"https:\/\/secure.gravatar.com\/avatar\/8e01f4d99f2eeea7a362ebb93305e1172a70e9293ba250f897a65c39f54cdd1e?s=96&d=mm&r=g","width":96,"height":96,"caption":"immovestuser"}},{"@type":"WebPage","@id":"https:\/\/www.immo-invest.ch\/fr\/burkhalter-gruppe-kauft-gebaeudetechnik-kippel-im-wallis\/#webpage","url":"https:\/\/www.immo-invest.ch\/fr\/burkhalter-gruppe-kauft-gebaeudetechnik-kippel-im-wallis\/","name":"Le Groupe Burkhalter ach\u00e8te Geb\u00e4udetechnik Kippel en Valais - immo!nvest - Die Plattform f\u00fcr Standorte und Immobilien","description":"Le groupe Burkhalter a acquis Kippel Leo + S\u00f6hne AG \u00e0 Susten VS le 1er juillet. L'entreprise propose des services en chauffage, sanitaire et technologie solaire et fusionnera avec Lauber IWISA AG en 2025.","inLanguage":"fr-FR","isPartOf":{"@id":"https:\/\/www.immo-invest.ch\/fr\/#website"},"breadcrumb":{"@id":"https:\/\/www.immo-invest.ch\/fr\/burkhalter-gruppe-kauft-gebaeudetechnik-kippel-im-wallis\/#breadcrumblist"},"author":{"@id":"https:\/\/www.immo-invest.ch\/fr\/author\/immovestuser\/#author"},"creator":{"@id":"https:\/\/www.immo-invest.ch\/fr\/author\/immovestuser\/#author"},"image":{"@type":"ImageObject","url":"https:\/\/www.immo-invest.ch\/wp-content\/uploads\/2024\/07\/Unbenannt-8.png","@id":"https:\/\/www.immo-invest.ch\/fr\/burkhalter-gruppe-kauft-gebaeudetechnik-kippel-im-wallis\/#mainImage","width":1792,"height":1024},"primaryImageOfPage":{"@id":"https:\/\/www.immo-invest.ch\/fr\/burkhalter-gruppe-kauft-gebaeudetechnik-kippel-im-wallis\/#mainImage"},"datePublished":"2024-07-04T17:15:56+02:00","dateModified":"2024-07-04T10:18:28+02:00"},{"@type":"WebSite","@id":"https:\/\/www.immo-invest.ch\/fr\/#website","url":"https:\/\/www.immo-invest.ch\/fr\/","name":"immo!nvest - Die Plattform f\u00fcr Standorte und Immobilien","description":"Die\u00a0Plattform f\u00fcr Standorte und Immobilien","inLanguage":"fr-FR","publisher":{"@id":"https:\/\/www.immo-invest.ch\/fr\/#organization"}}]},"og:locale":"fr_FR","og:site_name":"immo!nvest - Die Plattform f\u00fcr Standorte und Immobilien - Die\u00a0Plattform f\u00fcr Standorte und Immobilien","og:type":"article","og:title":"Le Groupe Burkhalter ach\u00e8te Geb\u00e4udetechnik Kippel en Valais - immo!nvest - Die Plattform f\u00fcr Standorte und Immobilien","og:description":"Le groupe Burkhalter a acquis Kippel Leo + S\u00f6hne AG \u00e0 Susten VS le 1er juillet. L'entreprise propose des services en chauffage, sanitaire et technologie solaire et fusionnera avec Lauber IWISA AG en 2025.","og:url":"https:\/\/www.immo-invest.ch\/fr\/burkhalter-gruppe-kauft-gebaeudetechnik-kippel-im-wallis\/","og:image":"https:\/\/www.immo-invest.ch\/wp-content\/uploads\/2024\/07\/Unbenannt-8.png","og:image:secure_url":"https:\/\/www.immo-invest.ch\/wp-content\/uploads\/2024\/07\/Unbenannt-8.png","og:image:width":1792,"og:image:height":1024,"article:published_time":"2024-07-04T15:15:56+00:00","article:modified_time":"2024-07-04T08:18:28+00:00","article:publisher":"https:\/\/www.facebook.com\/people\/Immoinvest\/100077962920504\/","twitter:card":"summary_large_image","twitter:site":"@i","twitter:title":"Le Groupe Burkhalter ach\u00e8te Geb\u00e4udetechnik Kippel en Valais - immo!nvest - Die Plattform f\u00fcr Standorte und Immobilien","twitter:description":"Le groupe Burkhalter a acquis Kippel Leo + S\u00f6hne AG \u00e0 Susten VS le 1er juillet. L'entreprise propose des services en chauffage, sanitaire et technologie solaire et fusionnera avec Lauber IWISA AG en 2025.","twitter:creator":"@i","twitter:image":"https:\/\/www.immo-invest.ch\/wp-content\/uploads\/2024\/07\/Unbenannt-8.png"},"aioseo_meta_data":{"post_id":"104430","title":null,"description":null,"keywords":null,"keyphrases":null,"primary_term":null,"canonical_url":null,"og_title":null,"og_description":null,"og_object_type":"default","og_image_type":"default","og_image_url":null,"og_image_width":null,"og_image_height":null,"og_image_custom_url":null,"og_image_custom_fields":null,"og_video":null,"og_custom_url":null,"og_article_section":null,"og_article_tags":null,"twitter_use_og":false,"twitter_card":"default","twitter_image_type":"default","twitter_image_url":null,"twitter_image_custom_url":null,"twitter_image_custom_fields":null,"twitter_title":null,"twitter_description":null,"schema":{"blockGraphs":[],"customGraphs":[],"default":{"data":{"Article":[],"Course":[],"Dataset":[],"FAQPage":[],"Movie":[],"Person":[],"Product":[],"ProductReview":[],"Car":[],"Recipe":[],"Service":[],"SoftwareApplication":[],"WebPage":[]},"graphName":"","isEnabled":true},"graphs":[]},"schema_type":"default","schema_type_options":null,"pillar_content":false,"robots_default":true,"robots_noindex":false,"robots_noarchive":false,"robots_nosnippet":false,"robots_nofollow":false,"robots_noimageindex":false,"robots_noodp":false,"robots_notranslate":false,"robots_max_snippet":null,"robots_max_videopreview":null,"robots_max_imagepreview":"large","priority":null,"frequency":null,"local_seo":null,"breadcrumb_settings":null,"limit_modified_date":false,"ai":null,"created":"2024-09-20 22:45:57","updated":"2025-10-24 05:03:12","seo_analyzer_scan_date":null,"focus_keyword":null,"additional_keywords":null,"truseo_locale":null},"aioseo_breadcrumb":"<div class=\"aioseo-breadcrumbs\"><span class=\"aioseo-breadcrumb\">\n\t\t\t<a href=\"https:\/\/www.immo-invest.ch\/fr\/\" title=\"Home\">Home<\/a>\n\t\t<\/span><span class=\"aioseo-breadcrumb-separator\">&raquo;<\/span><span class=\"aioseo-breadcrumb\">\n\t\t\t<a href=\"https:\/\/www.immo-invest.ch\/fr\/categories\/regions\/\" title=\"R\u00e9gions\">R\u00e9gions<\/a>\n\t\t<\/span><span class=\"aioseo-breadcrumb-separator\">&raquo;<\/span><span class=\"aioseo-breadcrumb\">\n\t\t\t<a href=\"https:\/\/www.immo-invest.ch\/fr\/categories\/regions\/suisse\/\" title=\"Suisse\">Suisse<\/a>\n\t\t<\/span><span class=\"aioseo-breadcrumb-separator\">&raquo;<\/span><span class=\"aioseo-breadcrumb\">\n\t\t\t<a href=\"https:\/\/www.immo-invest.ch\/fr\/categories\/regions\/suisse\/region-lemanique\/\" title=\"R\u00e9gion l\u00e9manique\">R\u00e9gion l\u00e9manique<\/a>\n\t\t<\/span><span class=\"aioseo-breadcrumb-separator\">&raquo;<\/span><span class=\"aioseo-breadcrumb\">\n\t\t\t<a href=\"https:\/\/www.immo-invest.ch\/fr\/categories\/regions\/suisse\/region-lemanique\/wallis-fr\/\" title=\"Wallis\">Wallis<\/a>\n\t\t<\/span><span class=\"aioseo-breadcrumb-separator\">&raquo;<\/span><span class=\"aioseo-breadcrumb\">\n\t\t\tLe Groupe Burkhalter ach\u00e8te Geb\u00e4udetechnik Kippel en Valais\n\t\t<\/span><\/div>","aioseo_breadcrumb_json":[{"label":"Home","link":"https:\/\/www.immo-invest.ch\/fr\/"},{"label":"R\u00e9gions","link":"https:\/\/www.immo-invest.ch\/fr\/categories\/regions\/"},{"label":"Suisse","link":"https:\/\/www.immo-invest.ch\/fr\/categories\/regions\/suisse\/"},{"label":"R\u00e9gion l\u00e9manique","link":"https:\/\/www.immo-invest.ch\/fr\/categories\/regions\/suisse\/region-lemanique\/"},{"label":"Wallis","link":"https:\/\/www.immo-invest.ch\/fr\/categories\/regions\/suisse\/region-lemanique\/wallis-fr\/"},{"label":"Le Groupe Burkhalter ach\u00e8te Geb\u00e4udetechnik Kippel en Valais","link":"https:\/\/www.immo-invest.ch\/fr\/burkhalter-gruppe-kauft-gebaeudetechnik-kippel-im-wallis\/"}],"featured_image_src":"https:\/\/www.immo-invest.ch\/wp-content\/uploads\/2024\/07\/Unbenannt-8-336x168.png","_links":{"self":[{"href":"https:\/\/www.immo-invest.ch\/fr\/wp-json\/wp\/v2\/posts\/104430","targetHints":{"allow":["GET"]}}],"collection":[{"href":"https:\/\/www.immo-invest.ch\/fr\/wp-json\/wp\/v2\/posts"}],"about":[{"href":"https:\/\/www.immo-invest.ch\/fr\/wp-json\/wp\/v2\/types\/post"}],"author":[{"embeddable":true,"href":"https:\/\/www.immo-invest.ch\/fr\/wp-json\/wp\/v2\/users\/2"}],"replies":[{"embeddable":true,"href":"https:\/\/www.immo-invest.ch\/fr\/wp-json\/wp\/v2\/comments?post=104430"}],"version-history":[{"count":0,"href":"https:\/\/www.immo-invest.ch\/fr\/wp-json\/wp\/v2\/posts\/104430\/revisions"}],"wp:featuredmedia":[{"embeddable":true,"href":"https:\/\/www.immo-invest.ch\/fr\/wp-json\/wp\/v2\/media\/104425"}],"wp:attachment":[{"href":"https:\/\/www.immo-invest.ch\/fr\/wp-json\/wp\/v2\/media?parent=104430"}],"wp:term":[{"taxonomy":"category","embeddable":true,"href":"https:\/\/www.immo-invest.ch\/fr\/wp-json\/wp\/v2\/categories?post=104430"},{"taxonomy":"post_tag","embeddable":true,"href":"https:\/\/www.immo-invest.ch\/fr\/wp-json\/wp\/v2\/tags?post=104430"}],"curies":[{"name":"wp","href":"https:\/\/api.w.org\/{rel}","templated":true}]}}