{"id":104378,"date":"2024-07-04T11:12:23","date_gmt":"2024-07-04T09:12:23","guid":{"rendered":"https:\/\/www.immo-invest.ch\/?p=104378"},"modified":"2024-07-04T09:19:42","modified_gmt":"2024-07-04T07:19:42","slug":"baugenossenschaften-sollen-selbstbewusster-agieren","status":"publish","type":"post","link":"https:\/\/www.immo-invest.ch\/fr\/baugenossenschaften-sollen-selbstbewusster-agieren\/","title":{"rendered":"Les coop\u00e9ratives de construction doivent agir avec plus d&rsquo;assurance"},"content":{"rendered":"<p class=\"bodytext\">Lors de la 13e assembl&eacute;e ordinaire des d&eacute;l&eacute;gu&eacute;s de <a href=\"https:\/\/www.wohnen-schweiz.ch\/home\" target=\"_blank\" rel=\"noopener\"><span class=\"glossaryLink\" aria-describedby=\"tt\" data-cmtooltip=\"&lt;div class=glossaryItemTitle&gt;Wohnen Schweiz&lt;\/div&gt;&lt;div class=glossaryItemBody&gt;Verband der Baugenossenschaften; entstanden aus der Fusion des Schweizerischen Verbandes Liberaler Baugenossenschaften VLB und des Schweizerischen Verbandes f&uuml;r Wohnbau- und Eigentumsf&ouml;rderung SWE&lt;\/div&gt;\" data-mobile-support=\"0\" data-gt-translate-attributes='[{\"attribute\":\"data-cmtooltip\", \"format\":\"html\"}]' tabindex=\"0\" role=\"link\">Wohnen Schweiz<\/span><\/a>, qui s&rsquo;est tenue le 20 juin au Landhaus de Soleure, le pr&eacute;sident de l&rsquo;association Daniel Burri a accueilli une centaine de d&eacute;l&eacute;gu&eacute;s et d&rsquo;invit&eacute;s, informe l&rsquo;Association des coop&eacute;ratives de construction dans un <a href=\"https:\/\/www.wohnen-schweiz.ch\/news\/branche\/rueckblick-dv-2024\" target=\"_blank\" rel=\"noopener\">communiqu&eacute;<\/a>. Tous &eacute;taient d&rsquo;accord sur le fait que la construction de logements coop&eacute;ratifs est plus n&eacute;cessaire que jamais en raison de la p&eacute;nurie de logements, peut-on y lire. Les responsables devraient donc &laquo;&nbsp;se montrer plus s&ucirc;rs d&rsquo;eux&nbsp;&raquo;.<\/p>\n<p class=\"bodytext\">Dans un message vid&eacute;o, le conseiller f&eacute;d&eacute;ral Guy Parmelin a reconnu aux ma&icirc;tres d&rsquo;ouvrage d&rsquo;utilit&eacute; publique un r&ocirc;le important dans la cr&eacute;ation de logements &agrave; prix mod&eacute;r&eacute;s. La densification, la rationalisation des proc&eacute;dures et la mise &agrave; disposition d&rsquo;un plus grand nombre de logements abordables sont les cl&eacute;s de la r&eacute;solution des probl&egrave;mes de logement, a d&eacute;clar&eacute; Parmelin. Le pr&eacute;sident de l&rsquo;association Burri a demand&eacute; que &laquo;&nbsp;ces d&eacute;clarations soient suivies d&rsquo;actions concr&egrave;tes et que les instruments de l&rsquo;aide indirecte au logement, en particulier le <a href=\"https:\/\/www.wbg-schweiz.ch\/dienstleistungen\/finanzierung\/fonds_de_roulement\" target=\"_blank\" rel=\"noopener\">Fonds de roulement<\/a>, ainsi que le travail des associations soient renforc&eacute;s&nbsp;&raquo;. Habitat Suisse veut notamment s&rsquo;opposer aux r&eacute;ductions pr&eacute;vues dans les contrats de prestations conclus par la Conf&eacute;d&eacute;ration avec les associations fa&icirc;ti&egrave;res.<\/p>\n<p class=\"bodytext\">La <a href=\"https:\/\/wohnen-malters.ch\/\" target=\"_blank\" rel=\"noopener\">coop&eacute;rative wohnen malters<\/a> a re&ccedil;u le prix de reconnaissance de la fondation <span class=\"glossaryLink\" aria-describedby=\"tt\" data-cmtooltip=\"&lt;div class=glossaryItemTitle&gt;Wohnen Schweiz&lt;\/div&gt;&lt;div class=glossaryItemBody&gt;Verband der Baugenossenschaften; entstanden aus der Fusion des Schweizerischen Verbandes Liberaler Baugenossenschaften VLB und des Schweizerischen Verbandes f&uuml;r Wohnbau- und Eigentumsf&ouml;rderung SWE&lt;\/div&gt;\" data-mobile-support=\"0\" data-gt-translate-attributes='[{\"attribute\":\"data-cmtooltip\", \"format\":\"html\"}]' tabindex=\"0\" role=\"link\">Wohnen Schweiz<\/span> dans le cadre de l&rsquo;assembl&eacute;e des d&eacute;l&eacute;gu&eacute;s. L&rsquo;entreprise bas&eacute;e &agrave; Malters (LU) a re&ccedil;u cette distinction, dot&eacute;e de 10 000 francs, pour la r&eacute;novation des immeubles Oberfeld &agrave; Malters.<\/p>\n","protected":false},"excerpt":{"rendered":"<p>Lors de la 13e assembl\u00e9e des d\u00e9l\u00e9gu\u00e9s de Wohnen Schweiz le 20 juin \u00e0 Soleure, le pr\u00e9sident de l&rsquo;association, Daniel Burri, a soulign\u00e9 la n\u00e9cessit\u00e9 du logement coop\u00e9ratif. Le conseiller f\u00e9d\u00e9ral Guy Parmelin a salu\u00e9 les promoteurs \u00e0 but non lucratif et a demand\u00e9 des mesures concr\u00e8tes pour cr\u00e9er des logements abordables.<\/p>\n","protected":false},"author":2,"featured_media":104366,"comment_status":"open","ping_status":"open","sticky":false,"template":"","format":"standard","meta":{"pmpro_default_level":"","inline_featured_image":false,"_monsterinsights_skip_tracking":false,"footnotes":""},"categories":[22696,743,22357,9441],"tags":[47626,872,3931,2002,47884],"class_list":["post-104378","post","type-post","status-publish","format-standard","has-post-thumbnail","hentry","category-entreprise","category-immonews-fr","category-industrie-du-batiment","category-region-soleure","tag-delegiertenversammlung-fr","tag-immoinvest-fr","tag-immonews-fr","tag-news-fr","tag-wohnen-schweiz-fr","pmpro-has-access"],"acf":{"bild_mit_ki_erstellt_worden":[],"lead":"Lors de la 13e assembl\u00e9e des d\u00e9l\u00e9gu\u00e9s de Wohnen Schweiz le 20 juin \u00e0 Soleure, le pr\u00e9sident de l'association, Daniel Burri, a soulign\u00e9 la n\u00e9cessit\u00e9 du logement coop\u00e9ratif. Le conseiller f\u00e9d\u00e9ral Guy Parmelin a salu\u00e9 les promoteurs \u00e0 but non lucratif et a demand\u00e9 des mesures concr\u00e8tes pour cr\u00e9er des logements abordables.","autor":"ce\/hs","ort":"Luzern\/Solothurn","bildunterschrift":"","bild_im_grid":false,"gallerie":"","newsim":""},"aioseo_notices":[],"aioseo_head":"\n\t\t<!-- All in One SEO 5.0.1.1 - aioseo.com -->\n\t<meta name=\"description\" content=\"Lors de la 13e assembl\u00e9e des d\u00e9l\u00e9gu\u00e9s de Wohnen Schweiz le 20 juin \u00e0 Soleure, le pr\u00e9sident de l&#039;association, Daniel Burri, a soulign\u00e9 la n\u00e9cessit\u00e9 du logement coop\u00e9ratif. Le conseiller f\u00e9d\u00e9ral Guy Parmelin a salu\u00e9 les promoteurs \u00e0 but non lucratif et a demand\u00e9 des mesures concr\u00e8tes pour cr\u00e9er des logements abordables.\" \/>\n\t<meta name=\"robots\" content=\"max-image-preview:large\" \/>\n\t<meta name=\"author\" content=\"immovestuser\"\/>\n\t<meta name=\"google-site-verification\" content=\"fHJKvgWpZCR2zVBHWfkQeFXC11qieUSff0HGNYfuyLA\" \/>\n\t<link rel=\"canonical\" href=\"https:\/\/www.immo-invest.ch\/fr\/baugenossenschaften-sollen-selbstbewusster-agieren\/\" \/>\n\t<meta name=\"generator\" content=\"All in One SEO (AIOSEO) 5.0.1.1\" \/>\n\t\t<meta property=\"og:locale\" content=\"fr_FR\" \/>\n\t\t<meta property=\"og:site_name\" content=\"immo!nvest - Die Plattform f\u00fcr Standorte und Immobilien - Die\u00a0Plattform f\u00fcr Standorte und Immobilien\" \/>\n\t\t<meta property=\"og:type\" content=\"article\" \/>\n\t\t<meta property=\"og:title\" content=\"Les coop\u00e9ratives de construction doivent agir avec plus d\u2019assurance - immo!nvest - Die Plattform f\u00fcr Standorte und Immobilien\" \/>\n\t\t<meta property=\"og:description\" content=\"Lors de la 13e assembl\u00e9e des d\u00e9l\u00e9gu\u00e9s de Wohnen Schweiz le 20 juin \u00e0 Soleure, le pr\u00e9sident de l&#039;association, Daniel Burri, a soulign\u00e9 la n\u00e9cessit\u00e9 du logement coop\u00e9ratif. Le conseiller f\u00e9d\u00e9ral Guy Parmelin a salu\u00e9 les promoteurs \u00e0 but non lucratif et a demand\u00e9 des mesures concr\u00e8tes pour cr\u00e9er des logements abordables.\" \/>\n\t\t<meta property=\"og:url\" content=\"https:\/\/www.immo-invest.ch\/fr\/baugenossenschaften-sollen-selbstbewusster-agieren\/\" \/>\n\t\t<meta property=\"og:image\" content=\"https:\/\/www.immo-invest.ch\/wp-content\/uploads\/2024\/07\/Unbenannt-5.png\" \/>\n\t\t<meta property=\"og:image:secure_url\" content=\"https:\/\/www.immo-invest.ch\/wp-content\/uploads\/2024\/07\/Unbenannt-5.png\" \/>\n\t\t<meta property=\"og:image:width\" content=\"1792\" \/>\n\t\t<meta property=\"og:image:height\" content=\"1024\" \/>\n\t\t<meta property=\"article:published_time\" content=\"2024-07-04T09:12:23+00:00\" \/>\n\t\t<meta property=\"article:modified_time\" content=\"2024-07-04T07:19:42+00:00\" \/>\n\t\t<meta property=\"article:publisher\" content=\"https:\/\/www.facebook.com\/people\/Immoinvest\/100077962920504\/\" \/>\n\t\t<meta name=\"twitter:card\" content=\"summary_large_image\" \/>\n\t\t<meta name=\"twitter:site\" content=\"@i\" \/>\n\t\t<meta name=\"twitter:title\" content=\"Les coop\u00e9ratives de construction doivent agir avec plus d\u2019assurance - immo!nvest - Die Plattform f\u00fcr Standorte und Immobilien\" \/>\n\t\t<meta name=\"twitter:description\" content=\"Lors de la 13e assembl\u00e9e des d\u00e9l\u00e9gu\u00e9s de Wohnen Schweiz le 20 juin \u00e0 Soleure, le pr\u00e9sident de l&#039;association, Daniel Burri, a soulign\u00e9 la n\u00e9cessit\u00e9 du logement coop\u00e9ratif. Le conseiller f\u00e9d\u00e9ral Guy Parmelin a salu\u00e9 les promoteurs \u00e0 but non lucratif et a demand\u00e9 des mesures concr\u00e8tes pour cr\u00e9er des logements abordables.\" \/>\n\t\t<meta name=\"twitter:creator\" content=\"@i\" \/>\n\t\t<meta name=\"twitter:image\" content=\"https:\/\/www.immo-invest.ch\/wp-content\/uploads\/2024\/07\/Unbenannt-5.png\" \/>\n\t\t<script type=\"application\/ld+json\" class=\"aioseo-schema\">\n\t\t\t{\"@context\":\"https:\\\/\\\/schema.org\",\"@graph\":[{\"@type\":\"BlogPosting\",\"@id\":\"https:\\\/\\\/www.immo-invest.ch\\\/fr\\\/baugenossenschaften-sollen-selbstbewusster-agieren\\\/#blogposting\",\"name\":\"Les coop\\u00e9ratives de construction doivent agir avec plus d\\u2019assurance - immo!nvest - Die Plattform f\\u00fcr Standorte und Immobilien\",\"headline\":\"Les coop\\u00e9ratives de construction doivent agir avec plus d&rsquo;assurance\",\"author\":{\"@id\":\"https:\\\/\\\/www.immo-invest.ch\\\/fr\\\/author\\\/immovestuser\\\/#author\"},\"publisher\":{\"@id\":\"https:\\\/\\\/www.immo-invest.ch\\\/fr\\\/#organization\"},\"image\":{\"@type\":\"ImageObject\",\"url\":\"https:\\\/\\\/www.immo-invest.ch\\\/wp-content\\\/uploads\\\/2024\\\/07\\\/Unbenannt-5.png\",\"width\":1792,\"height\":1024},\"datePublished\":\"2024-07-04T11:12:23+02:00\",\"dateModified\":\"2024-07-04T09:19:42+02:00\",\"inLanguage\":\"fr-FR\",\"mainEntityOfPage\":{\"@id\":\"https:\\\/\\\/www.immo-invest.ch\\\/fr\\\/baugenossenschaften-sollen-selbstbewusster-agieren\\\/#webpage\"},\"isPartOf\":{\"@id\":\"https:\\\/\\\/www.immo-invest.ch\\\/fr\\\/baugenossenschaften-sollen-selbstbewusster-agieren\\\/#webpage\"},\"articleSection\":\"Entreprise, immoNews, Industrie du b\\u00e2timent, Soleure, Delegiertenversammlung, Immoinvest, immoNews, News, Wohnen Schweiz, Facultatif\"},{\"@type\":\"BreadcrumbList\",\"@id\":\"https:\\\/\\\/www.immo-invest.ch\\\/fr\\\/baugenossenschaften-sollen-selbstbewusster-agieren\\\/#breadcrumblist\",\"itemListElement\":[{\"@type\":\"ListItem\",\"@id\":\"https:\\\/\\\/www.immo-invest.ch\\\/fr\\\/#listItem\",\"position\":1,\"name\":\"Home\",\"item\":\"https:\\\/\\\/www.immo-invest.ch\\\/fr\\\/\",\"nextItem\":{\"@type\":\"ListItem\",\"@id\":\"https:\\\/\\\/www.immo-invest.ch\\\/fr\\\/categories\\\/regions\\\/#listItem\",\"name\":\"R\\u00e9gions\"}},{\"@type\":\"ListItem\",\"@id\":\"https:\\\/\\\/www.immo-invest.ch\\\/fr\\\/categories\\\/regions\\\/#listItem\",\"position\":2,\"name\":\"R\\u00e9gions\",\"item\":\"https:\\\/\\\/www.immo-invest.ch\\\/fr\\\/categories\\\/regions\\\/\",\"nextItem\":{\"@type\":\"ListItem\",\"@id\":\"https:\\\/\\\/www.immo-invest.ch\\\/fr\\\/categories\\\/regions\\\/suisse\\\/#listItem\",\"name\":\"Suisse\"},\"previousItem\":{\"@type\":\"ListItem\",\"@id\":\"https:\\\/\\\/www.immo-invest.ch\\\/fr\\\/#listItem\",\"name\":\"Home\"}},{\"@type\":\"ListItem\",\"@id\":\"https:\\\/\\\/www.immo-invest.ch\\\/fr\\\/categories\\\/regions\\\/suisse\\\/#listItem\",\"position\":3,\"name\":\"Suisse\",\"item\":\"https:\\\/\\\/www.immo-invest.ch\\\/fr\\\/categories\\\/regions\\\/suisse\\\/\",\"nextItem\":{\"@type\":\"ListItem\",\"@id\":\"https:\\\/\\\/www.immo-invest.ch\\\/fr\\\/categories\\\/regions\\\/suisse\\\/espace-mittelland\\\/#listItem\",\"name\":\"Espace Mittelland\"},\"previousItem\":{\"@type\":\"ListItem\",\"@id\":\"https:\\\/\\\/www.immo-invest.ch\\\/fr\\\/categories\\\/regions\\\/#listItem\",\"name\":\"R\\u00e9gions\"}},{\"@type\":\"ListItem\",\"@id\":\"https:\\\/\\\/www.immo-invest.ch\\\/fr\\\/categories\\\/regions\\\/suisse\\\/espace-mittelland\\\/#listItem\",\"position\":4,\"name\":\"Espace Mittelland\",\"item\":\"https:\\\/\\\/www.immo-invest.ch\\\/fr\\\/categories\\\/regions\\\/suisse\\\/espace-mittelland\\\/\",\"nextItem\":{\"@type\":\"ListItem\",\"@id\":\"https:\\\/\\\/www.immo-invest.ch\\\/fr\\\/categories\\\/regions\\\/suisse\\\/espace-mittelland\\\/region-soleure\\\/#listItem\",\"name\":\"Soleure\"},\"previousItem\":{\"@type\":\"ListItem\",\"@id\":\"https:\\\/\\\/www.immo-invest.ch\\\/fr\\\/categories\\\/regions\\\/suisse\\\/#listItem\",\"name\":\"Suisse\"}},{\"@type\":\"ListItem\",\"@id\":\"https:\\\/\\\/www.immo-invest.ch\\\/fr\\\/categories\\\/regions\\\/suisse\\\/espace-mittelland\\\/region-soleure\\\/#listItem\",\"position\":5,\"name\":\"Soleure\",\"item\":\"https:\\\/\\\/www.immo-invest.ch\\\/fr\\\/categories\\\/regions\\\/suisse\\\/espace-mittelland\\\/region-soleure\\\/\",\"nextItem\":{\"@type\":\"ListItem\",\"@id\":\"https:\\\/\\\/www.immo-invest.ch\\\/fr\\\/baugenossenschaften-sollen-selbstbewusster-agieren\\\/#listItem\",\"name\":\"Les coop\\u00e9ratives de construction doivent agir avec plus d&rsquo;assurance\"},\"previousItem\":{\"@type\":\"ListItem\",\"@id\":\"https:\\\/\\\/www.immo-invest.ch\\\/fr\\\/categories\\\/regions\\\/suisse\\\/espace-mittelland\\\/#listItem\",\"name\":\"Espace Mittelland\"}},{\"@type\":\"ListItem\",\"@id\":\"https:\\\/\\\/www.immo-invest.ch\\\/fr\\\/baugenossenschaften-sollen-selbstbewusster-agieren\\\/#listItem\",\"position\":6,\"name\":\"Les coop\\u00e9ratives de construction doivent agir avec plus d&rsquo;assurance\",\"previousItem\":{\"@type\":\"ListItem\",\"@id\":\"https:\\\/\\\/www.immo-invest.ch\\\/fr\\\/categories\\\/regions\\\/suisse\\\/espace-mittelland\\\/region-soleure\\\/#listItem\",\"name\":\"Soleure\"}}]},{\"@type\":\"Organization\",\"@id\":\"https:\\\/\\\/www.immo-invest.ch\\\/fr\\\/#organization\",\"name\":\"immo!nvest - Die Plattform f\\u00fcr Standorte und Immobilien\",\"description\":\"Die\\u00a0Plattform f\\u00fcr Standorte und Immobilien\",\"url\":\"https:\\\/\\\/www.immo-invest.ch\\\/fr\\\/\",\"email\":\"admin@immomedia.ag\",\"telephone\":\"+41444420002\",\"logo\":{\"@type\":\"ImageObject\",\"url\":\"https:\\\/\\\/www.immo-invest.ch\\\/wp-content\\\/uploads\\\/2024\\\/09\\\/immoinvest_sm-scaled.jpg\",\"@id\":\"https:\\\/\\\/www.immo-invest.ch\\\/fr\\\/baugenossenschaften-sollen-selbstbewusster-agieren\\\/#organizationLogo\",\"width\":2560,\"height\":1340},\"image\":{\"@id\":\"https:\\\/\\\/www.immo-invest.ch\\\/fr\\\/baugenossenschaften-sollen-selbstbewusster-agieren\\\/#organizationLogo\"},\"sameAs\":[\"https:\\\/\\\/www.facebook.com\\\/people\\\/Immoinvest\\\/100077962920504\\\/\",\"https:\\\/\\\/x.com\\\/i\\\/flow\\\/login?redirect_after_login=immoinvest_ch\",\"https:\\\/\\\/www.instagram.com\\\/immoinvest_ch\\\/\",\"https:\\\/\\\/www.linkedin.com\\\/company\\\/immoinvest-swiss\"]},{\"@type\":\"Person\",\"@id\":\"https:\\\/\\\/www.immo-invest.ch\\\/fr\\\/author\\\/immovestuser\\\/#author\",\"url\":\"https:\\\/\\\/www.immo-invest.ch\\\/fr\\\/author\\\/immovestuser\\\/\",\"name\":\"immovestuser\",\"image\":{\"@type\":\"ImageObject\",\"@id\":\"https:\\\/\\\/www.immo-invest.ch\\\/fr\\\/baugenossenschaften-sollen-selbstbewusster-agieren\\\/#authorImage\",\"url\":\"https:\\\/\\\/secure.gravatar.com\\\/avatar\\\/8e01f4d99f2eeea7a362ebb93305e1172a70e9293ba250f897a65c39f54cdd1e?s=96&d=mm&r=g\",\"width\":96,\"height\":96,\"caption\":\"immovestuser\"}},{\"@type\":\"WebPage\",\"@id\":\"https:\\\/\\\/www.immo-invest.ch\\\/fr\\\/baugenossenschaften-sollen-selbstbewusster-agieren\\\/#webpage\",\"url\":\"https:\\\/\\\/www.immo-invest.ch\\\/fr\\\/baugenossenschaften-sollen-selbstbewusster-agieren\\\/\",\"name\":\"Les coop\\u00e9ratives de construction doivent agir avec plus d\\u2019assurance - immo!nvest - Die Plattform f\\u00fcr Standorte und Immobilien\",\"description\":\"Lors de la 13e assembl\\u00e9e des d\\u00e9l\\u00e9gu\\u00e9s de Wohnen Schweiz le 20 juin \\u00e0 Soleure, le pr\\u00e9sident de l'association, Daniel Burri, a soulign\\u00e9 la n\\u00e9cessit\\u00e9 du logement coop\\u00e9ratif. Le conseiller f\\u00e9d\\u00e9ral Guy Parmelin a salu\\u00e9 les promoteurs \\u00e0 but non lucratif et a demand\\u00e9 des mesures concr\\u00e8tes pour cr\\u00e9er des logements abordables.\",\"inLanguage\":\"fr-FR\",\"isPartOf\":{\"@id\":\"https:\\\/\\\/www.immo-invest.ch\\\/fr\\\/#website\"},\"breadcrumb\":{\"@id\":\"https:\\\/\\\/www.immo-invest.ch\\\/fr\\\/baugenossenschaften-sollen-selbstbewusster-agieren\\\/#breadcrumblist\"},\"author\":{\"@id\":\"https:\\\/\\\/www.immo-invest.ch\\\/fr\\\/author\\\/immovestuser\\\/#author\"},\"creator\":{\"@id\":\"https:\\\/\\\/www.immo-invest.ch\\\/fr\\\/author\\\/immovestuser\\\/#author\"},\"image\":{\"@type\":\"ImageObject\",\"url\":\"https:\\\/\\\/www.immo-invest.ch\\\/wp-content\\\/uploads\\\/2024\\\/07\\\/Unbenannt-5.png\",\"@id\":\"https:\\\/\\\/www.immo-invest.ch\\\/fr\\\/baugenossenschaften-sollen-selbstbewusster-agieren\\\/#mainImage\",\"width\":1792,\"height\":1024},\"primaryImageOfPage\":{\"@id\":\"https:\\\/\\\/www.immo-invest.ch\\\/fr\\\/baugenossenschaften-sollen-selbstbewusster-agieren\\\/#mainImage\"},\"datePublished\":\"2024-07-04T11:12:23+02:00\",\"dateModified\":\"2024-07-04T09:19:42+02:00\"},{\"@type\":\"WebSite\",\"@id\":\"https:\\\/\\\/www.immo-invest.ch\\\/fr\\\/#website\",\"url\":\"https:\\\/\\\/www.immo-invest.ch\\\/fr\\\/\",\"name\":\"immo!nvest - Die Plattform f\\u00fcr Standorte und Immobilien\",\"description\":\"Die\\u00a0Plattform f\\u00fcr Standorte und Immobilien\",\"inLanguage\":\"fr-FR\",\"publisher\":{\"@id\":\"https:\\\/\\\/www.immo-invest.ch\\\/fr\\\/#organization\"}}]}\n\t\t<\/script>\n\t\t<!-- All in One SEO -->\n\n","aioseo_head_json":{"title":"Les coop\u00e9ratives de construction doivent agir avec plus d\u2019assurance - immo!nvest - Die Plattform f\u00fcr Standorte und Immobilien","description":"Lors de la 13e assembl\u00e9e des d\u00e9l\u00e9gu\u00e9s de Wohnen Schweiz le 20 juin \u00e0 Soleure, le pr\u00e9sident de l'association, Daniel Burri, a soulign\u00e9 la n\u00e9cessit\u00e9 du logement coop\u00e9ratif. Le conseiller f\u00e9d\u00e9ral Guy Parmelin a salu\u00e9 les promoteurs \u00e0 but non lucratif et a demand\u00e9 des mesures concr\u00e8tes pour cr\u00e9er des logements abordables.","canonical_url":"https:\/\/www.immo-invest.ch\/fr\/baugenossenschaften-sollen-selbstbewusster-agieren\/","robots":"max-image-preview:large","keywords":"","webmasterTools":{"google-site-verification":"fHJKvgWpZCR2zVBHWfkQeFXC11qieUSff0HGNYfuyLA","miscellaneous":""},"schema":{"@context":"https:\/\/schema.org","@graph":[{"@type":"BlogPosting","@id":"https:\/\/www.immo-invest.ch\/fr\/baugenossenschaften-sollen-selbstbewusster-agieren\/#blogposting","name":"Les coop\u00e9ratives de construction doivent agir avec plus d\u2019assurance - immo!nvest - Die Plattform f\u00fcr Standorte und Immobilien","headline":"Les coop\u00e9ratives de construction doivent agir avec plus d&rsquo;assurance","author":{"@id":"https:\/\/www.immo-invest.ch\/fr\/author\/immovestuser\/#author"},"publisher":{"@id":"https:\/\/www.immo-invest.ch\/fr\/#organization"},"image":{"@type":"ImageObject","url":"https:\/\/www.immo-invest.ch\/wp-content\/uploads\/2024\/07\/Unbenannt-5.png","width":1792,"height":1024},"datePublished":"2024-07-04T11:12:23+02:00","dateModified":"2024-07-04T09:19:42+02:00","inLanguage":"fr-FR","mainEntityOfPage":{"@id":"https:\/\/www.immo-invest.ch\/fr\/baugenossenschaften-sollen-selbstbewusster-agieren\/#webpage"},"isPartOf":{"@id":"https:\/\/www.immo-invest.ch\/fr\/baugenossenschaften-sollen-selbstbewusster-agieren\/#webpage"},"articleSection":"Entreprise, immoNews, Industrie du b\u00e2timent, Soleure, Delegiertenversammlung, Immoinvest, immoNews, News, Wohnen Schweiz, Facultatif"},{"@type":"BreadcrumbList","@id":"https:\/\/www.immo-invest.ch\/fr\/baugenossenschaften-sollen-selbstbewusster-agieren\/#breadcrumblist","itemListElement":[{"@type":"ListItem","@id":"https:\/\/www.immo-invest.ch\/fr\/#listItem","position":1,"name":"Home","item":"https:\/\/www.immo-invest.ch\/fr\/","nextItem":{"@type":"ListItem","@id":"https:\/\/www.immo-invest.ch\/fr\/categories\/regions\/#listItem","name":"R\u00e9gions"}},{"@type":"ListItem","@id":"https:\/\/www.immo-invest.ch\/fr\/categories\/regions\/#listItem","position":2,"name":"R\u00e9gions","item":"https:\/\/www.immo-invest.ch\/fr\/categories\/regions\/","nextItem":{"@type":"ListItem","@id":"https:\/\/www.immo-invest.ch\/fr\/categories\/regions\/suisse\/#listItem","name":"Suisse"},"previousItem":{"@type":"ListItem","@id":"https:\/\/www.immo-invest.ch\/fr\/#listItem","name":"Home"}},{"@type":"ListItem","@id":"https:\/\/www.immo-invest.ch\/fr\/categories\/regions\/suisse\/#listItem","position":3,"name":"Suisse","item":"https:\/\/www.immo-invest.ch\/fr\/categories\/regions\/suisse\/","nextItem":{"@type":"ListItem","@id":"https:\/\/www.immo-invest.ch\/fr\/categories\/regions\/suisse\/espace-mittelland\/#listItem","name":"Espace Mittelland"},"previousItem":{"@type":"ListItem","@id":"https:\/\/www.immo-invest.ch\/fr\/categories\/regions\/#listItem","name":"R\u00e9gions"}},{"@type":"ListItem","@id":"https:\/\/www.immo-invest.ch\/fr\/categories\/regions\/suisse\/espace-mittelland\/#listItem","position":4,"name":"Espace Mittelland","item":"https:\/\/www.immo-invest.ch\/fr\/categories\/regions\/suisse\/espace-mittelland\/","nextItem":{"@type":"ListItem","@id":"https:\/\/www.immo-invest.ch\/fr\/categories\/regions\/suisse\/espace-mittelland\/region-soleure\/#listItem","name":"Soleure"},"previousItem":{"@type":"ListItem","@id":"https:\/\/www.immo-invest.ch\/fr\/categories\/regions\/suisse\/#listItem","name":"Suisse"}},{"@type":"ListItem","@id":"https:\/\/www.immo-invest.ch\/fr\/categories\/regions\/suisse\/espace-mittelland\/region-soleure\/#listItem","position":5,"name":"Soleure","item":"https:\/\/www.immo-invest.ch\/fr\/categories\/regions\/suisse\/espace-mittelland\/region-soleure\/","nextItem":{"@type":"ListItem","@id":"https:\/\/www.immo-invest.ch\/fr\/baugenossenschaften-sollen-selbstbewusster-agieren\/#listItem","name":"Les coop\u00e9ratives de construction doivent agir avec plus d&rsquo;assurance"},"previousItem":{"@type":"ListItem","@id":"https:\/\/www.immo-invest.ch\/fr\/categories\/regions\/suisse\/espace-mittelland\/#listItem","name":"Espace Mittelland"}},{"@type":"ListItem","@id":"https:\/\/www.immo-invest.ch\/fr\/baugenossenschaften-sollen-selbstbewusster-agieren\/#listItem","position":6,"name":"Les coop\u00e9ratives de construction doivent agir avec plus d&rsquo;assurance","previousItem":{"@type":"ListItem","@id":"https:\/\/www.immo-invest.ch\/fr\/categories\/regions\/suisse\/espace-mittelland\/region-soleure\/#listItem","name":"Soleure"}}]},{"@type":"Organization","@id":"https:\/\/www.immo-invest.ch\/fr\/#organization","name":"immo!nvest - Die Plattform f\u00fcr Standorte und Immobilien","description":"Die\u00a0Plattform f\u00fcr Standorte und Immobilien","url":"https:\/\/www.immo-invest.ch\/fr\/","email":"admin@immomedia.ag","telephone":"+41444420002","logo":{"@type":"ImageObject","url":"https:\/\/www.immo-invest.ch\/wp-content\/uploads\/2024\/09\/immoinvest_sm-scaled.jpg","@id":"https:\/\/www.immo-invest.ch\/fr\/baugenossenschaften-sollen-selbstbewusster-agieren\/#organizationLogo","width":2560,"height":1340},"image":{"@id":"https:\/\/www.immo-invest.ch\/fr\/baugenossenschaften-sollen-selbstbewusster-agieren\/#organizationLogo"},"sameAs":["https:\/\/www.facebook.com\/people\/Immoinvest\/100077962920504\/","https:\/\/x.com\/i\/flow\/login?redirect_after_login=immoinvest_ch","https:\/\/www.instagram.com\/immoinvest_ch\/","https:\/\/www.linkedin.com\/company\/immoinvest-swiss"]},{"@type":"Person","@id":"https:\/\/www.immo-invest.ch\/fr\/author\/immovestuser\/#author","url":"https:\/\/www.immo-invest.ch\/fr\/author\/immovestuser\/","name":"immovestuser","image":{"@type":"ImageObject","@id":"https:\/\/www.immo-invest.ch\/fr\/baugenossenschaften-sollen-selbstbewusster-agieren\/#authorImage","url":"https:\/\/secure.gravatar.com\/avatar\/8e01f4d99f2eeea7a362ebb93305e1172a70e9293ba250f897a65c39f54cdd1e?s=96&d=mm&r=g","width":96,"height":96,"caption":"immovestuser"}},{"@type":"WebPage","@id":"https:\/\/www.immo-invest.ch\/fr\/baugenossenschaften-sollen-selbstbewusster-agieren\/#webpage","url":"https:\/\/www.immo-invest.ch\/fr\/baugenossenschaften-sollen-selbstbewusster-agieren\/","name":"Les coop\u00e9ratives de construction doivent agir avec plus d\u2019assurance - immo!nvest - Die Plattform f\u00fcr Standorte und Immobilien","description":"Lors de la 13e assembl\u00e9e des d\u00e9l\u00e9gu\u00e9s de Wohnen Schweiz le 20 juin \u00e0 Soleure, le pr\u00e9sident de l'association, Daniel Burri, a soulign\u00e9 la n\u00e9cessit\u00e9 du logement coop\u00e9ratif. Le conseiller f\u00e9d\u00e9ral Guy Parmelin a salu\u00e9 les promoteurs \u00e0 but non lucratif et a demand\u00e9 des mesures concr\u00e8tes pour cr\u00e9er des logements abordables.","inLanguage":"fr-FR","isPartOf":{"@id":"https:\/\/www.immo-invest.ch\/fr\/#website"},"breadcrumb":{"@id":"https:\/\/www.immo-invest.ch\/fr\/baugenossenschaften-sollen-selbstbewusster-agieren\/#breadcrumblist"},"author":{"@id":"https:\/\/www.immo-invest.ch\/fr\/author\/immovestuser\/#author"},"creator":{"@id":"https:\/\/www.immo-invest.ch\/fr\/author\/immovestuser\/#author"},"image":{"@type":"ImageObject","url":"https:\/\/www.immo-invest.ch\/wp-content\/uploads\/2024\/07\/Unbenannt-5.png","@id":"https:\/\/www.immo-invest.ch\/fr\/baugenossenschaften-sollen-selbstbewusster-agieren\/#mainImage","width":1792,"height":1024},"primaryImageOfPage":{"@id":"https:\/\/www.immo-invest.ch\/fr\/baugenossenschaften-sollen-selbstbewusster-agieren\/#mainImage"},"datePublished":"2024-07-04T11:12:23+02:00","dateModified":"2024-07-04T09:19:42+02:00"},{"@type":"WebSite","@id":"https:\/\/www.immo-invest.ch\/fr\/#website","url":"https:\/\/www.immo-invest.ch\/fr\/","name":"immo!nvest - Die Plattform f\u00fcr Standorte und Immobilien","description":"Die\u00a0Plattform f\u00fcr Standorte und Immobilien","inLanguage":"fr-FR","publisher":{"@id":"https:\/\/www.immo-invest.ch\/fr\/#organization"}}]},"og:locale":"fr_FR","og:site_name":"immo!nvest - Die Plattform f\u00fcr Standorte und Immobilien - Die\u00a0Plattform f\u00fcr Standorte und Immobilien","og:type":"article","og:title":"Les coop\u00e9ratives de construction doivent agir avec plus d\u2019assurance - immo!nvest - Die Plattform f\u00fcr Standorte und Immobilien","og:description":"Lors de la 13e assembl\u00e9e des d\u00e9l\u00e9gu\u00e9s de Wohnen Schweiz le 20 juin \u00e0 Soleure, le pr\u00e9sident de l'association, Daniel Burri, a soulign\u00e9 la n\u00e9cessit\u00e9 du logement coop\u00e9ratif. Le conseiller f\u00e9d\u00e9ral Guy Parmelin a salu\u00e9 les promoteurs \u00e0 but non lucratif et a demand\u00e9 des mesures concr\u00e8tes pour cr\u00e9er des logements abordables.","og:url":"https:\/\/www.immo-invest.ch\/fr\/baugenossenschaften-sollen-selbstbewusster-agieren\/","og:image":"https:\/\/www.immo-invest.ch\/wp-content\/uploads\/2024\/07\/Unbenannt-5.png","og:image:secure_url":"https:\/\/www.immo-invest.ch\/wp-content\/uploads\/2024\/07\/Unbenannt-5.png","og:image:width":1792,"og:image:height":1024,"article:published_time":"2024-07-04T09:12:23+00:00","article:modified_time":"2024-07-04T07:19:42+00:00","article:publisher":"https:\/\/www.facebook.com\/people\/Immoinvest\/100077962920504\/","twitter:card":"summary_large_image","twitter:site":"@i","twitter:title":"Les coop\u00e9ratives de construction doivent agir avec plus d\u2019assurance - immo!nvest - Die Plattform f\u00fcr Standorte und Immobilien","twitter:description":"Lors de la 13e assembl\u00e9e des d\u00e9l\u00e9gu\u00e9s de Wohnen Schweiz le 20 juin \u00e0 Soleure, le pr\u00e9sident de l'association, Daniel Burri, a soulign\u00e9 la n\u00e9cessit\u00e9 du logement coop\u00e9ratif. Le conseiller f\u00e9d\u00e9ral Guy Parmelin a salu\u00e9 les promoteurs \u00e0 but non lucratif et a demand\u00e9 des mesures concr\u00e8tes pour cr\u00e9er des logements abordables.","twitter:creator":"@i","twitter:image":"https:\/\/www.immo-invest.ch\/wp-content\/uploads\/2024\/07\/Unbenannt-5.png"},"aioseo_meta_data":{"post_id":"104378","title":null,"description":null,"keywords":null,"keyphrases":null,"primary_term":null,"canonical_url":null,"og_title":null,"og_description":null,"og_object_type":"default","og_image_type":"default","og_image_url":null,"og_image_width":null,"og_image_height":null,"og_image_custom_url":null,"og_image_custom_fields":null,"og_video":null,"og_custom_url":null,"og_article_section":null,"og_article_tags":null,"twitter_use_og":false,"twitter_card":"default","twitter_image_type":"default","twitter_image_url":null,"twitter_image_custom_url":null,"twitter_image_custom_fields":null,"twitter_title":null,"twitter_description":null,"schema":{"blockGraphs":[],"customGraphs":[],"default":{"data":{"Article":[],"Course":[],"Dataset":[],"FAQPage":[],"Movie":[],"Person":[],"Product":[],"ProductReview":[],"Car":[],"Recipe":[],"Service":[],"SoftwareApplication":[],"WebPage":[]},"graphName":"","isEnabled":true},"graphs":[]},"schema_type":"default","schema_type_options":null,"pillar_content":false,"robots_default":true,"robots_noindex":false,"robots_noarchive":false,"robots_nosnippet":false,"robots_nofollow":false,"robots_noimageindex":false,"robots_noodp":false,"robots_notranslate":false,"robots_max_snippet":null,"robots_max_videopreview":null,"robots_max_imagepreview":"large","priority":null,"frequency":null,"local_seo":null,"breadcrumb_settings":null,"limit_modified_date":false,"ai":null,"created":"2024-09-20 22:44:01","updated":"2025-10-24 05:02:14","seo_analyzer_scan_date":null,"focus_keyword":null,"additional_keywords":null,"truseo_locale":null},"aioseo_breadcrumb":"<div class=\"aioseo-breadcrumbs\"><span class=\"aioseo-breadcrumb\">\n\t\t\t<a href=\"https:\/\/www.immo-invest.ch\/fr\/\" title=\"Home\">Home<\/a>\n\t\t<\/span><span class=\"aioseo-breadcrumb-separator\">&raquo;<\/span><span class=\"aioseo-breadcrumb\">\n\t\t\t<a href=\"https:\/\/www.immo-invest.ch\/fr\/categories\/regions\/\" title=\"R\u00e9gions\">R\u00e9gions<\/a>\n\t\t<\/span><span class=\"aioseo-breadcrumb-separator\">&raquo;<\/span><span class=\"aioseo-breadcrumb\">\n\t\t\t<a href=\"https:\/\/www.immo-invest.ch\/fr\/categories\/regions\/suisse\/\" title=\"Suisse\">Suisse<\/a>\n\t\t<\/span><span class=\"aioseo-breadcrumb-separator\">&raquo;<\/span><span class=\"aioseo-breadcrumb\">\n\t\t\t<a href=\"https:\/\/www.immo-invest.ch\/fr\/categories\/regions\/suisse\/espace-mittelland\/\" title=\"Espace Mittelland\">Espace Mittelland<\/a>\n\t\t<\/span><span class=\"aioseo-breadcrumb-separator\">&raquo;<\/span><span class=\"aioseo-breadcrumb\">\n\t\t\t<a href=\"https:\/\/www.immo-invest.ch\/fr\/categories\/regions\/suisse\/espace-mittelland\/region-soleure\/\" title=\"Soleure\">Soleure<\/a>\n\t\t<\/span><span class=\"aioseo-breadcrumb-separator\">&raquo;<\/span><span class=\"aioseo-breadcrumb\">\n\t\t\tLes coop\u00e9ratives de construction doivent agir avec plus d\u2019assurance\n\t\t<\/span><\/div>","aioseo_breadcrumb_json":[{"label":"Home","link":"https:\/\/www.immo-invest.ch\/fr\/"},{"label":"R\u00e9gions","link":"https:\/\/www.immo-invest.ch\/fr\/categories\/regions\/"},{"label":"Suisse","link":"https:\/\/www.immo-invest.ch\/fr\/categories\/regions\/suisse\/"},{"label":"Espace Mittelland","link":"https:\/\/www.immo-invest.ch\/fr\/categories\/regions\/suisse\/espace-mittelland\/"},{"label":"Soleure","link":"https:\/\/www.immo-invest.ch\/fr\/categories\/regions\/suisse\/espace-mittelland\/region-soleure\/"},{"label":"Les coop\u00e9ratives de construction doivent agir avec plus d&rsquo;assurance","link":"https:\/\/www.immo-invest.ch\/fr\/baugenossenschaften-sollen-selbstbewusster-agieren\/"}],"featured_image_src":"https:\/\/www.immo-invest.ch\/wp-content\/uploads\/2024\/07\/Unbenannt-5-336x168.png","_links":{"self":[{"href":"https:\/\/www.immo-invest.ch\/fr\/wp-json\/wp\/v2\/posts\/104378","targetHints":{"allow":["GET"]}}],"collection":[{"href":"https:\/\/www.immo-invest.ch\/fr\/wp-json\/wp\/v2\/posts"}],"about":[{"href":"https:\/\/www.immo-invest.ch\/fr\/wp-json\/wp\/v2\/types\/post"}],"author":[{"embeddable":true,"href":"https:\/\/www.immo-invest.ch\/fr\/wp-json\/wp\/v2\/users\/2"}],"replies":[{"embeddable":true,"href":"https:\/\/www.immo-invest.ch\/fr\/wp-json\/wp\/v2\/comments?post=104378"}],"version-history":[{"count":0,"href":"https:\/\/www.immo-invest.ch\/fr\/wp-json\/wp\/v2\/posts\/104378\/revisions"}],"wp:featuredmedia":[{"embeddable":true,"href":"https:\/\/www.immo-invest.ch\/fr\/wp-json\/wp\/v2\/media\/104366"}],"wp:attachment":[{"href":"https:\/\/www.immo-invest.ch\/fr\/wp-json\/wp\/v2\/media?parent=104378"}],"wp:term":[{"taxonomy":"category","embeddable":true,"href":"https:\/\/www.immo-invest.ch\/fr\/wp-json\/wp\/v2\/categories?post=104378"},{"taxonomy":"post_tag","embeddable":true,"href":"https:\/\/www.immo-invest.ch\/fr\/wp-json\/wp\/v2\/tags?post=104378"}],"curies":[{"name":"wp","href":"https:\/\/api.w.org\/{rel}","templated":true}]}}