{"id":104199,"date":"2024-07-03T11:51:32","date_gmt":"2024-07-03T09:51:32","guid":{"rendered":"https:\/\/www.immo-invest.ch\/?p=104199"},"modified":"2024-07-03T08:58:27","modified_gmt":"2024-07-03T06:58:27","slug":"future-perfect-lanciert-projekt-fuer-zirkulaeres-bauen","status":"publish","type":"post","link":"https:\/\/www.immo-invest.ch\/fr\/future-perfect-lanciert-projekt-fuer-zirkulaeres-bauen\/","title":{"rendered":"Future Perfect lance un projet de construction circulaire"},"content":{"rendered":"<p class=\"bodytext\">L&rsquo;association <a href=\"https:\/\/www.future-perfect.ch\/uber-uns\" target=\"_blank\" rel=\"noopener\">Future Perfect<\/a> r&eacute;alise, en collaboration avec l&rsquo;association professionnelle <a href=\"https:\/\/www.plavenir.ch\/de\" target=\"_blank\" rel=\"noopener\">Plavenir<\/a>, l&rsquo;association des enseignants des m&eacute;tiers du dessin Constructa et l&rsquo;&eacute;diteur de mat&eacute;riel p&eacute;dagogique <a href=\"https:\/\/www.lm-a.ch\/de\/ueber-uns\" target=\"_blank\" rel=\"noopener\">LernMedien-Architektur GmbH,<\/a> un projet visant &agrave; int&eacute;grer la construction circulaire dans la formation professionnelle initiale en am&eacute;nagement du territoire et en construction. Le projet Future Perfect Zirkul&auml;res Bauen vise &agrave; transmettre des comp&eacute;tences en mati&egrave;re de r&eacute;utilisation et de recyclage des mat&eacute;riaux et des &eacute;l&eacute;ments de construction, explique Future Perfect dans un <a href=\"https:\/\/www.future-perfect.ch\/blog-post\/medienmitteilung-fp-zirkulares-bauen\" target=\"_blank\" rel=\"noopener\">communiqu&eacute;<\/a>. Un test est pr&eacute;vu pour le semestre de printemps 2025. A partir du semestre d&rsquo;automne 2025, les offres pour les &eacute;coles devraient &ecirc;tre disponibles de mani&egrave;re r&eacute;guli&egrave;re.<\/p>\n<p class=\"bodytext\">Le projet s&rsquo;adresse aussi bien aux apprenants qu&rsquo;aux enseignants de l&rsquo;am&eacute;nagement du territoire et de la construction. Les enseignants recevront une formation d&rsquo;une journ&eacute;e pour s&rsquo;initier &agrave; la construction circulaire et &agrave; l&rsquo;utilisation des outils p&eacute;dagogiques num&eacute;riques de Future Perfect. Les apprenants auront acc&egrave;s &agrave; des cours num&eacute;riques pour l&rsquo;enseignement de base, des s&eacute;minaires de perfectionnement, des travaux de projet et des concours de projets. Le projet est soutenu financi&egrave;rement par la <a href=\"https:\/\/minerva-stiftung.org\/\" target=\"_blank\" rel=\"noopener\">Fondation Minerva<\/a> et l&rsquo;<a href=\"https:\/\/www.bafu.admin.ch\/bafu\/de\/home.html\" target=\"_blank\" rel=\"noopener\">Office f&eacute;d&eacute;ral de l&rsquo;environnement<\/a>.<\/p>\n","protected":false},"excerpt":{"rendered":"<p>L&rsquo;association Future Perfect, en collaboration avec diverses associations professionnelles et un \u00e9diteur de manuels scolaires, lance un projet visant \u00e0 int\u00e9grer la construction circulaire dans la formation professionnelle. L&rsquo;objectif est d&rsquo;enseigner des comp\u00e9tences pour la r\u00e9utilisation et le recyclage des mat\u00e9riaux de construction.<\/p>\n","protected":false},"author":2,"featured_media":104194,"comment_status":"open","ping_status":"open","sticky":false,"template":"","format":"standard","meta":{"pmpro_default_level":"","inline_featured_image":false,"_monsterinsights_skip_tracking":false,"footnotes":""},"categories":[22699,743,22357,9441],"tags":[4192,47858,872,3931,2002,7527],"class_list":["post-104199","post","type-post","status-publish","format-standard","has-post-thumbnail","hentry","category-durabilite","category-immonews-fr","category-industrie-du-batiment","category-region-soleure","tag-baumaterialien-fr","tag-berufliche-grundbildung-fr","tag-immoinvest-fr","tag-immonews-fr","tag-news-fr","tag-zirkulaeres-bauen-fr","pmpro-has-access"],"acf":{"bild_mit_ki_erstellt_worden":[],"lead":"L'association Future Perfect, en collaboration avec diverses associations professionnelles et un \u00e9diteur de manuels scolaires, lance un projet visant \u00e0 int\u00e9grer la construction circulaire dans la formation professionnelle. L'objectif est d'enseigner des comp\u00e9tences pour la r\u00e9utilisation et le recyclage des mat\u00e9riaux de construction.","autor":"ce\/hs","ort":"Olten SO","bildunterschrift":"","bild_im_grid":false,"gallerie":"","newsim":""},"aioseo_notices":[],"aioseo_head":"\n\t\t<!-- All in One SEO 5.0.1.1 - aioseo.com -->\n\t<meta name=\"description\" content=\"L&#039;association Future Perfect, en collaboration avec diverses associations professionnelles et un \u00e9diteur de manuels scolaires, lance un projet visant \u00e0 int\u00e9grer la construction circulaire dans la formation professionnelle. L&#039;objectif est d&#039;enseigner des comp\u00e9tences pour la r\u00e9utilisation et le recyclage des mat\u00e9riaux de construction.\" \/>\n\t<meta name=\"robots\" content=\"max-image-preview:large\" \/>\n\t<meta name=\"author\" content=\"immovestuser\"\/>\n\t<meta name=\"google-site-verification\" content=\"fHJKvgWpZCR2zVBHWfkQeFXC11qieUSff0HGNYfuyLA\" \/>\n\t<link rel=\"canonical\" href=\"https:\/\/www.immo-invest.ch\/fr\/future-perfect-lanciert-projekt-fuer-zirkulaeres-bauen\/\" \/>\n\t<meta name=\"generator\" content=\"All in One SEO (AIOSEO) 5.0.1.1\" \/>\n\t\t<meta property=\"og:locale\" content=\"fr_FR\" \/>\n\t\t<meta property=\"og:site_name\" content=\"immo!nvest - Die Plattform f\u00fcr Standorte und Immobilien - Die\u00a0Plattform f\u00fcr Standorte und Immobilien\" \/>\n\t\t<meta property=\"og:type\" content=\"article\" \/>\n\t\t<meta property=\"og:title\" content=\"Future Perfect lance un projet de construction circulaire - immo!nvest - Die Plattform f\u00fcr Standorte und Immobilien\" \/>\n\t\t<meta property=\"og:description\" content=\"L&#039;association Future Perfect, en collaboration avec diverses associations professionnelles et un \u00e9diteur de manuels scolaires, lance un projet visant \u00e0 int\u00e9grer la construction circulaire dans la formation professionnelle. L&#039;objectif est d&#039;enseigner des comp\u00e9tences pour la r\u00e9utilisation et le recyclage des mat\u00e9riaux de construction.\" \/>\n\t\t<meta property=\"og:url\" content=\"https:\/\/www.immo-invest.ch\/fr\/future-perfect-lanciert-projekt-fuer-zirkulaeres-bauen\/\" \/>\n\t\t<meta property=\"og:image\" content=\"https:\/\/www.immo-invest.ch\/wp-content\/uploads\/2024\/07\/Unbenannt-1.png\" \/>\n\t\t<meta property=\"og:image:secure_url\" content=\"https:\/\/www.immo-invest.ch\/wp-content\/uploads\/2024\/07\/Unbenannt-1.png\" \/>\n\t\t<meta property=\"og:image:width\" content=\"1792\" \/>\n\t\t<meta property=\"og:image:height\" content=\"1024\" \/>\n\t\t<meta property=\"article:published_time\" content=\"2024-07-03T09:51:32+00:00\" \/>\n\t\t<meta property=\"article:modified_time\" content=\"2024-07-03T06:58:27+00:00\" \/>\n\t\t<meta property=\"article:publisher\" content=\"https:\/\/www.facebook.com\/people\/Immoinvest\/100077962920504\/\" \/>\n\t\t<meta name=\"twitter:card\" content=\"summary_large_image\" \/>\n\t\t<meta name=\"twitter:site\" content=\"@i\" \/>\n\t\t<meta name=\"twitter:title\" content=\"Future Perfect lance un projet de construction circulaire - immo!nvest - Die Plattform f\u00fcr Standorte und Immobilien\" \/>\n\t\t<meta name=\"twitter:description\" content=\"L&#039;association Future Perfect, en collaboration avec diverses associations professionnelles et un \u00e9diteur de manuels scolaires, lance un projet visant \u00e0 int\u00e9grer la construction circulaire dans la formation professionnelle. L&#039;objectif est d&#039;enseigner des comp\u00e9tences pour la r\u00e9utilisation et le recyclage des mat\u00e9riaux de construction.\" \/>\n\t\t<meta name=\"twitter:creator\" content=\"@i\" \/>\n\t\t<meta name=\"twitter:image\" content=\"https:\/\/www.immo-invest.ch\/wp-content\/uploads\/2024\/07\/Unbenannt-1.png\" \/>\n\t\t<script type=\"application\/ld+json\" class=\"aioseo-schema\">\n\t\t\t{\"@context\":\"https:\\\/\\\/schema.org\",\"@graph\":[{\"@type\":\"BlogPosting\",\"@id\":\"https:\\\/\\\/www.immo-invest.ch\\\/fr\\\/future-perfect-lanciert-projekt-fuer-zirkulaeres-bauen\\\/#blogposting\",\"name\":\"Future Perfect lance un projet de construction circulaire - immo!nvest - Die Plattform f\\u00fcr Standorte und Immobilien\",\"headline\":\"Future Perfect lance un projet de construction circulaire\",\"author\":{\"@id\":\"https:\\\/\\\/www.immo-invest.ch\\\/fr\\\/author\\\/immovestuser\\\/#author\"},\"publisher\":{\"@id\":\"https:\\\/\\\/www.immo-invest.ch\\\/fr\\\/#organization\"},\"image\":{\"@type\":\"ImageObject\",\"url\":\"https:\\\/\\\/www.immo-invest.ch\\\/wp-content\\\/uploads\\\/2024\\\/07\\\/Unbenannt-1.png\",\"width\":1792,\"height\":1024},\"datePublished\":\"2024-07-03T11:51:32+02:00\",\"dateModified\":\"2024-07-03T08:58:27+02:00\",\"inLanguage\":\"fr-FR\",\"mainEntityOfPage\":{\"@id\":\"https:\\\/\\\/www.immo-invest.ch\\\/fr\\\/future-perfect-lanciert-projekt-fuer-zirkulaeres-bauen\\\/#webpage\"},\"isPartOf\":{\"@id\":\"https:\\\/\\\/www.immo-invest.ch\\\/fr\\\/future-perfect-lanciert-projekt-fuer-zirkulaeres-bauen\\\/#webpage\"},\"articleSection\":\"Durabilit\\u00e9, immoNews, Industrie du b\\u00e2timent, Soleure, baumaterialien, berufliche Grundbildung, Immoinvest, immoNews, News, zirkul\\u00e4res Bauen, Facultatif\"},{\"@type\":\"BreadcrumbList\",\"@id\":\"https:\\\/\\\/www.immo-invest.ch\\\/fr\\\/future-perfect-lanciert-projekt-fuer-zirkulaeres-bauen\\\/#breadcrumblist\",\"itemListElement\":[{\"@type\":\"ListItem\",\"@id\":\"https:\\\/\\\/www.immo-invest.ch\\\/fr\\\/#listItem\",\"position\":1,\"name\":\"Home\",\"item\":\"https:\\\/\\\/www.immo-invest.ch\\\/fr\\\/\",\"nextItem\":{\"@type\":\"ListItem\",\"@id\":\"https:\\\/\\\/www.immo-invest.ch\\\/fr\\\/categories\\\/regions\\\/#listItem\",\"name\":\"R\\u00e9gions\"}},{\"@type\":\"ListItem\",\"@id\":\"https:\\\/\\\/www.immo-invest.ch\\\/fr\\\/categories\\\/regions\\\/#listItem\",\"position\":2,\"name\":\"R\\u00e9gions\",\"item\":\"https:\\\/\\\/www.immo-invest.ch\\\/fr\\\/categories\\\/regions\\\/\",\"nextItem\":{\"@type\":\"ListItem\",\"@id\":\"https:\\\/\\\/www.immo-invest.ch\\\/fr\\\/categories\\\/regions\\\/suisse\\\/#listItem\",\"name\":\"Suisse\"},\"previousItem\":{\"@type\":\"ListItem\",\"@id\":\"https:\\\/\\\/www.immo-invest.ch\\\/fr\\\/#listItem\",\"name\":\"Home\"}},{\"@type\":\"ListItem\",\"@id\":\"https:\\\/\\\/www.immo-invest.ch\\\/fr\\\/categories\\\/regions\\\/suisse\\\/#listItem\",\"position\":3,\"name\":\"Suisse\",\"item\":\"https:\\\/\\\/www.immo-invest.ch\\\/fr\\\/categories\\\/regions\\\/suisse\\\/\",\"nextItem\":{\"@type\":\"ListItem\",\"@id\":\"https:\\\/\\\/www.immo-invest.ch\\\/fr\\\/categories\\\/regions\\\/suisse\\\/espace-mittelland\\\/#listItem\",\"name\":\"Espace Mittelland\"},\"previousItem\":{\"@type\":\"ListItem\",\"@id\":\"https:\\\/\\\/www.immo-invest.ch\\\/fr\\\/categories\\\/regions\\\/#listItem\",\"name\":\"R\\u00e9gions\"}},{\"@type\":\"ListItem\",\"@id\":\"https:\\\/\\\/www.immo-invest.ch\\\/fr\\\/categories\\\/regions\\\/suisse\\\/espace-mittelland\\\/#listItem\",\"position\":4,\"name\":\"Espace Mittelland\",\"item\":\"https:\\\/\\\/www.immo-invest.ch\\\/fr\\\/categories\\\/regions\\\/suisse\\\/espace-mittelland\\\/\",\"nextItem\":{\"@type\":\"ListItem\",\"@id\":\"https:\\\/\\\/www.immo-invest.ch\\\/fr\\\/categories\\\/regions\\\/suisse\\\/espace-mittelland\\\/region-soleure\\\/#listItem\",\"name\":\"Soleure\"},\"previousItem\":{\"@type\":\"ListItem\",\"@id\":\"https:\\\/\\\/www.immo-invest.ch\\\/fr\\\/categories\\\/regions\\\/suisse\\\/#listItem\",\"name\":\"Suisse\"}},{\"@type\":\"ListItem\",\"@id\":\"https:\\\/\\\/www.immo-invest.ch\\\/fr\\\/categories\\\/regions\\\/suisse\\\/espace-mittelland\\\/region-soleure\\\/#listItem\",\"position\":5,\"name\":\"Soleure\",\"item\":\"https:\\\/\\\/www.immo-invest.ch\\\/fr\\\/categories\\\/regions\\\/suisse\\\/espace-mittelland\\\/region-soleure\\\/\",\"nextItem\":{\"@type\":\"ListItem\",\"@id\":\"https:\\\/\\\/www.immo-invest.ch\\\/fr\\\/future-perfect-lanciert-projekt-fuer-zirkulaeres-bauen\\\/#listItem\",\"name\":\"Future Perfect lance un projet de construction circulaire\"},\"previousItem\":{\"@type\":\"ListItem\",\"@id\":\"https:\\\/\\\/www.immo-invest.ch\\\/fr\\\/categories\\\/regions\\\/suisse\\\/espace-mittelland\\\/#listItem\",\"name\":\"Espace Mittelland\"}},{\"@type\":\"ListItem\",\"@id\":\"https:\\\/\\\/www.immo-invest.ch\\\/fr\\\/future-perfect-lanciert-projekt-fuer-zirkulaeres-bauen\\\/#listItem\",\"position\":6,\"name\":\"Future Perfect lance un projet de construction circulaire\",\"previousItem\":{\"@type\":\"ListItem\",\"@id\":\"https:\\\/\\\/www.immo-invest.ch\\\/fr\\\/categories\\\/regions\\\/suisse\\\/espace-mittelland\\\/region-soleure\\\/#listItem\",\"name\":\"Soleure\"}}]},{\"@type\":\"Organization\",\"@id\":\"https:\\\/\\\/www.immo-invest.ch\\\/fr\\\/#organization\",\"name\":\"immo!nvest - Die Plattform f\\u00fcr Standorte und Immobilien\",\"description\":\"Die\\u00a0Plattform f\\u00fcr Standorte und Immobilien\",\"url\":\"https:\\\/\\\/www.immo-invest.ch\\\/fr\\\/\",\"email\":\"admin@immomedia.ag\",\"telephone\":\"+41444420002\",\"logo\":{\"@type\":\"ImageObject\",\"url\":\"https:\\\/\\\/www.immo-invest.ch\\\/wp-content\\\/uploads\\\/2024\\\/09\\\/immoinvest_sm-scaled.jpg\",\"@id\":\"https:\\\/\\\/www.immo-invest.ch\\\/fr\\\/future-perfect-lanciert-projekt-fuer-zirkulaeres-bauen\\\/#organizationLogo\",\"width\":2560,\"height\":1340},\"image\":{\"@id\":\"https:\\\/\\\/www.immo-invest.ch\\\/fr\\\/future-perfect-lanciert-projekt-fuer-zirkulaeres-bauen\\\/#organizationLogo\"},\"sameAs\":[\"https:\\\/\\\/www.facebook.com\\\/people\\\/Immoinvest\\\/100077962920504\\\/\",\"https:\\\/\\\/x.com\\\/i\\\/flow\\\/login?redirect_after_login=immoinvest_ch\",\"https:\\\/\\\/www.instagram.com\\\/immoinvest_ch\\\/\",\"https:\\\/\\\/www.linkedin.com\\\/company\\\/immoinvest-swiss\"]},{\"@type\":\"Person\",\"@id\":\"https:\\\/\\\/www.immo-invest.ch\\\/fr\\\/author\\\/immovestuser\\\/#author\",\"url\":\"https:\\\/\\\/www.immo-invest.ch\\\/fr\\\/author\\\/immovestuser\\\/\",\"name\":\"immovestuser\",\"image\":{\"@type\":\"ImageObject\",\"@id\":\"https:\\\/\\\/www.immo-invest.ch\\\/fr\\\/future-perfect-lanciert-projekt-fuer-zirkulaeres-bauen\\\/#authorImage\",\"url\":\"https:\\\/\\\/secure.gravatar.com\\\/avatar\\\/8e01f4d99f2eeea7a362ebb93305e1172a70e9293ba250f897a65c39f54cdd1e?s=96&d=mm&r=g\",\"width\":96,\"height\":96,\"caption\":\"immovestuser\"}},{\"@type\":\"WebPage\",\"@id\":\"https:\\\/\\\/www.immo-invest.ch\\\/fr\\\/future-perfect-lanciert-projekt-fuer-zirkulaeres-bauen\\\/#webpage\",\"url\":\"https:\\\/\\\/www.immo-invest.ch\\\/fr\\\/future-perfect-lanciert-projekt-fuer-zirkulaeres-bauen\\\/\",\"name\":\"Future Perfect lance un projet de construction circulaire - immo!nvest - Die Plattform f\\u00fcr Standorte und Immobilien\",\"description\":\"L'association Future Perfect, en collaboration avec diverses associations professionnelles et un \\u00e9diteur de manuels scolaires, lance un projet visant \\u00e0 int\\u00e9grer la construction circulaire dans la formation professionnelle. L'objectif est d'enseigner des comp\\u00e9tences pour la r\\u00e9utilisation et le recyclage des mat\\u00e9riaux de construction.\",\"inLanguage\":\"fr-FR\",\"isPartOf\":{\"@id\":\"https:\\\/\\\/www.immo-invest.ch\\\/fr\\\/#website\"},\"breadcrumb\":{\"@id\":\"https:\\\/\\\/www.immo-invest.ch\\\/fr\\\/future-perfect-lanciert-projekt-fuer-zirkulaeres-bauen\\\/#breadcrumblist\"},\"author\":{\"@id\":\"https:\\\/\\\/www.immo-invest.ch\\\/fr\\\/author\\\/immovestuser\\\/#author\"},\"creator\":{\"@id\":\"https:\\\/\\\/www.immo-invest.ch\\\/fr\\\/author\\\/immovestuser\\\/#author\"},\"image\":{\"@type\":\"ImageObject\",\"url\":\"https:\\\/\\\/www.immo-invest.ch\\\/wp-content\\\/uploads\\\/2024\\\/07\\\/Unbenannt-1.png\",\"@id\":\"https:\\\/\\\/www.immo-invest.ch\\\/fr\\\/future-perfect-lanciert-projekt-fuer-zirkulaeres-bauen\\\/#mainImage\",\"width\":1792,\"height\":1024},\"primaryImageOfPage\":{\"@id\":\"https:\\\/\\\/www.immo-invest.ch\\\/fr\\\/future-perfect-lanciert-projekt-fuer-zirkulaeres-bauen\\\/#mainImage\"},\"datePublished\":\"2024-07-03T11:51:32+02:00\",\"dateModified\":\"2024-07-03T08:58:27+02:00\"},{\"@type\":\"WebSite\",\"@id\":\"https:\\\/\\\/www.immo-invest.ch\\\/fr\\\/#website\",\"url\":\"https:\\\/\\\/www.immo-invest.ch\\\/fr\\\/\",\"name\":\"immo!nvest - Die Plattform f\\u00fcr Standorte und Immobilien\",\"description\":\"Die\\u00a0Plattform f\\u00fcr Standorte und Immobilien\",\"inLanguage\":\"fr-FR\",\"publisher\":{\"@id\":\"https:\\\/\\\/www.immo-invest.ch\\\/fr\\\/#organization\"}}]}\n\t\t<\/script>\n\t\t<!-- All in One SEO -->\n\n","aioseo_head_json":{"title":"Future Perfect lance un projet de construction circulaire - immo!nvest - Die Plattform f\u00fcr Standorte und Immobilien","description":"L'association Future Perfect, en collaboration avec diverses associations professionnelles et un \u00e9diteur de manuels scolaires, lance un projet visant \u00e0 int\u00e9grer la construction circulaire dans la formation professionnelle. L'objectif est d'enseigner des comp\u00e9tences pour la r\u00e9utilisation et le recyclage des mat\u00e9riaux de construction.","canonical_url":"https:\/\/www.immo-invest.ch\/fr\/future-perfect-lanciert-projekt-fuer-zirkulaeres-bauen\/","robots":"max-image-preview:large","keywords":"","webmasterTools":{"google-site-verification":"fHJKvgWpZCR2zVBHWfkQeFXC11qieUSff0HGNYfuyLA","miscellaneous":""},"schema":{"@context":"https:\/\/schema.org","@graph":[{"@type":"BlogPosting","@id":"https:\/\/www.immo-invest.ch\/fr\/future-perfect-lanciert-projekt-fuer-zirkulaeres-bauen\/#blogposting","name":"Future Perfect lance un projet de construction circulaire - immo!nvest - Die Plattform f\u00fcr Standorte und Immobilien","headline":"Future Perfect lance un projet de construction circulaire","author":{"@id":"https:\/\/www.immo-invest.ch\/fr\/author\/immovestuser\/#author"},"publisher":{"@id":"https:\/\/www.immo-invest.ch\/fr\/#organization"},"image":{"@type":"ImageObject","url":"https:\/\/www.immo-invest.ch\/wp-content\/uploads\/2024\/07\/Unbenannt-1.png","width":1792,"height":1024},"datePublished":"2024-07-03T11:51:32+02:00","dateModified":"2024-07-03T08:58:27+02:00","inLanguage":"fr-FR","mainEntityOfPage":{"@id":"https:\/\/www.immo-invest.ch\/fr\/future-perfect-lanciert-projekt-fuer-zirkulaeres-bauen\/#webpage"},"isPartOf":{"@id":"https:\/\/www.immo-invest.ch\/fr\/future-perfect-lanciert-projekt-fuer-zirkulaeres-bauen\/#webpage"},"articleSection":"Durabilit\u00e9, immoNews, Industrie du b\u00e2timent, Soleure, baumaterialien, berufliche Grundbildung, Immoinvest, immoNews, News, zirkul\u00e4res Bauen, Facultatif"},{"@type":"BreadcrumbList","@id":"https:\/\/www.immo-invest.ch\/fr\/future-perfect-lanciert-projekt-fuer-zirkulaeres-bauen\/#breadcrumblist","itemListElement":[{"@type":"ListItem","@id":"https:\/\/www.immo-invest.ch\/fr\/#listItem","position":1,"name":"Home","item":"https:\/\/www.immo-invest.ch\/fr\/","nextItem":{"@type":"ListItem","@id":"https:\/\/www.immo-invest.ch\/fr\/categories\/regions\/#listItem","name":"R\u00e9gions"}},{"@type":"ListItem","@id":"https:\/\/www.immo-invest.ch\/fr\/categories\/regions\/#listItem","position":2,"name":"R\u00e9gions","item":"https:\/\/www.immo-invest.ch\/fr\/categories\/regions\/","nextItem":{"@type":"ListItem","@id":"https:\/\/www.immo-invest.ch\/fr\/categories\/regions\/suisse\/#listItem","name":"Suisse"},"previousItem":{"@type":"ListItem","@id":"https:\/\/www.immo-invest.ch\/fr\/#listItem","name":"Home"}},{"@type":"ListItem","@id":"https:\/\/www.immo-invest.ch\/fr\/categories\/regions\/suisse\/#listItem","position":3,"name":"Suisse","item":"https:\/\/www.immo-invest.ch\/fr\/categories\/regions\/suisse\/","nextItem":{"@type":"ListItem","@id":"https:\/\/www.immo-invest.ch\/fr\/categories\/regions\/suisse\/espace-mittelland\/#listItem","name":"Espace Mittelland"},"previousItem":{"@type":"ListItem","@id":"https:\/\/www.immo-invest.ch\/fr\/categories\/regions\/#listItem","name":"R\u00e9gions"}},{"@type":"ListItem","@id":"https:\/\/www.immo-invest.ch\/fr\/categories\/regions\/suisse\/espace-mittelland\/#listItem","position":4,"name":"Espace Mittelland","item":"https:\/\/www.immo-invest.ch\/fr\/categories\/regions\/suisse\/espace-mittelland\/","nextItem":{"@type":"ListItem","@id":"https:\/\/www.immo-invest.ch\/fr\/categories\/regions\/suisse\/espace-mittelland\/region-soleure\/#listItem","name":"Soleure"},"previousItem":{"@type":"ListItem","@id":"https:\/\/www.immo-invest.ch\/fr\/categories\/regions\/suisse\/#listItem","name":"Suisse"}},{"@type":"ListItem","@id":"https:\/\/www.immo-invest.ch\/fr\/categories\/regions\/suisse\/espace-mittelland\/region-soleure\/#listItem","position":5,"name":"Soleure","item":"https:\/\/www.immo-invest.ch\/fr\/categories\/regions\/suisse\/espace-mittelland\/region-soleure\/","nextItem":{"@type":"ListItem","@id":"https:\/\/www.immo-invest.ch\/fr\/future-perfect-lanciert-projekt-fuer-zirkulaeres-bauen\/#listItem","name":"Future Perfect lance un projet de construction circulaire"},"previousItem":{"@type":"ListItem","@id":"https:\/\/www.immo-invest.ch\/fr\/categories\/regions\/suisse\/espace-mittelland\/#listItem","name":"Espace Mittelland"}},{"@type":"ListItem","@id":"https:\/\/www.immo-invest.ch\/fr\/future-perfect-lanciert-projekt-fuer-zirkulaeres-bauen\/#listItem","position":6,"name":"Future Perfect lance un projet de construction circulaire","previousItem":{"@type":"ListItem","@id":"https:\/\/www.immo-invest.ch\/fr\/categories\/regions\/suisse\/espace-mittelland\/region-soleure\/#listItem","name":"Soleure"}}]},{"@type":"Organization","@id":"https:\/\/www.immo-invest.ch\/fr\/#organization","name":"immo!nvest - Die Plattform f\u00fcr Standorte und Immobilien","description":"Die\u00a0Plattform f\u00fcr Standorte und Immobilien","url":"https:\/\/www.immo-invest.ch\/fr\/","email":"admin@immomedia.ag","telephone":"+41444420002","logo":{"@type":"ImageObject","url":"https:\/\/www.immo-invest.ch\/wp-content\/uploads\/2024\/09\/immoinvest_sm-scaled.jpg","@id":"https:\/\/www.immo-invest.ch\/fr\/future-perfect-lanciert-projekt-fuer-zirkulaeres-bauen\/#organizationLogo","width":2560,"height":1340},"image":{"@id":"https:\/\/www.immo-invest.ch\/fr\/future-perfect-lanciert-projekt-fuer-zirkulaeres-bauen\/#organizationLogo"},"sameAs":["https:\/\/www.facebook.com\/people\/Immoinvest\/100077962920504\/","https:\/\/x.com\/i\/flow\/login?redirect_after_login=immoinvest_ch","https:\/\/www.instagram.com\/immoinvest_ch\/","https:\/\/www.linkedin.com\/company\/immoinvest-swiss"]},{"@type":"Person","@id":"https:\/\/www.immo-invest.ch\/fr\/author\/immovestuser\/#author","url":"https:\/\/www.immo-invest.ch\/fr\/author\/immovestuser\/","name":"immovestuser","image":{"@type":"ImageObject","@id":"https:\/\/www.immo-invest.ch\/fr\/future-perfect-lanciert-projekt-fuer-zirkulaeres-bauen\/#authorImage","url":"https:\/\/secure.gravatar.com\/avatar\/8e01f4d99f2eeea7a362ebb93305e1172a70e9293ba250f897a65c39f54cdd1e?s=96&d=mm&r=g","width":96,"height":96,"caption":"immovestuser"}},{"@type":"WebPage","@id":"https:\/\/www.immo-invest.ch\/fr\/future-perfect-lanciert-projekt-fuer-zirkulaeres-bauen\/#webpage","url":"https:\/\/www.immo-invest.ch\/fr\/future-perfect-lanciert-projekt-fuer-zirkulaeres-bauen\/","name":"Future Perfect lance un projet de construction circulaire - immo!nvest - Die Plattform f\u00fcr Standorte und Immobilien","description":"L'association Future Perfect, en collaboration avec diverses associations professionnelles et un \u00e9diteur de manuels scolaires, lance un projet visant \u00e0 int\u00e9grer la construction circulaire dans la formation professionnelle. L'objectif est d'enseigner des comp\u00e9tences pour la r\u00e9utilisation et le recyclage des mat\u00e9riaux de construction.","inLanguage":"fr-FR","isPartOf":{"@id":"https:\/\/www.immo-invest.ch\/fr\/#website"},"breadcrumb":{"@id":"https:\/\/www.immo-invest.ch\/fr\/future-perfect-lanciert-projekt-fuer-zirkulaeres-bauen\/#breadcrumblist"},"author":{"@id":"https:\/\/www.immo-invest.ch\/fr\/author\/immovestuser\/#author"},"creator":{"@id":"https:\/\/www.immo-invest.ch\/fr\/author\/immovestuser\/#author"},"image":{"@type":"ImageObject","url":"https:\/\/www.immo-invest.ch\/wp-content\/uploads\/2024\/07\/Unbenannt-1.png","@id":"https:\/\/www.immo-invest.ch\/fr\/future-perfect-lanciert-projekt-fuer-zirkulaeres-bauen\/#mainImage","width":1792,"height":1024},"primaryImageOfPage":{"@id":"https:\/\/www.immo-invest.ch\/fr\/future-perfect-lanciert-projekt-fuer-zirkulaeres-bauen\/#mainImage"},"datePublished":"2024-07-03T11:51:32+02:00","dateModified":"2024-07-03T08:58:27+02:00"},{"@type":"WebSite","@id":"https:\/\/www.immo-invest.ch\/fr\/#website","url":"https:\/\/www.immo-invest.ch\/fr\/","name":"immo!nvest - Die Plattform f\u00fcr Standorte und Immobilien","description":"Die\u00a0Plattform f\u00fcr Standorte und Immobilien","inLanguage":"fr-FR","publisher":{"@id":"https:\/\/www.immo-invest.ch\/fr\/#organization"}}]},"og:locale":"fr_FR","og:site_name":"immo!nvest - Die Plattform f\u00fcr Standorte und Immobilien - Die\u00a0Plattform f\u00fcr Standorte und Immobilien","og:type":"article","og:title":"Future Perfect lance un projet de construction circulaire - immo!nvest - Die Plattform f\u00fcr Standorte und Immobilien","og:description":"L'association Future Perfect, en collaboration avec diverses associations professionnelles et un \u00e9diteur de manuels scolaires, lance un projet visant \u00e0 int\u00e9grer la construction circulaire dans la formation professionnelle. L'objectif est d'enseigner des comp\u00e9tences pour la r\u00e9utilisation et le recyclage des mat\u00e9riaux de construction.","og:url":"https:\/\/www.immo-invest.ch\/fr\/future-perfect-lanciert-projekt-fuer-zirkulaeres-bauen\/","og:image":"https:\/\/www.immo-invest.ch\/wp-content\/uploads\/2024\/07\/Unbenannt-1.png","og:image:secure_url":"https:\/\/www.immo-invest.ch\/wp-content\/uploads\/2024\/07\/Unbenannt-1.png","og:image:width":1792,"og:image:height":1024,"article:published_time":"2024-07-03T09:51:32+00:00","article:modified_time":"2024-07-03T06:58:27+00:00","article:publisher":"https:\/\/www.facebook.com\/people\/Immoinvest\/100077962920504\/","twitter:card":"summary_large_image","twitter:site":"@i","twitter:title":"Future Perfect lance un projet de construction circulaire - immo!nvest - Die Plattform f\u00fcr Standorte und Immobilien","twitter:description":"L'association Future Perfect, en collaboration avec diverses associations professionnelles et un \u00e9diteur de manuels scolaires, lance un projet visant \u00e0 int\u00e9grer la construction circulaire dans la formation professionnelle. L'objectif est d'enseigner des comp\u00e9tences pour la r\u00e9utilisation et le recyclage des mat\u00e9riaux de construction.","twitter:creator":"@i","twitter:image":"https:\/\/www.immo-invest.ch\/wp-content\/uploads\/2024\/07\/Unbenannt-1.png"},"aioseo_meta_data":{"post_id":"104199","title":null,"description":null,"keywords":null,"keyphrases":null,"primary_term":null,"canonical_url":null,"og_title":null,"og_description":null,"og_object_type":"default","og_image_type":"default","og_image_url":null,"og_image_width":null,"og_image_height":null,"og_image_custom_url":null,"og_image_custom_fields":null,"og_video":null,"og_custom_url":null,"og_article_section":null,"og_article_tags":null,"twitter_use_og":false,"twitter_card":"default","twitter_image_type":"default","twitter_image_url":null,"twitter_image_custom_url":null,"twitter_image_custom_fields":null,"twitter_title":null,"twitter_description":null,"schema":{"blockGraphs":[],"customGraphs":[],"default":{"data":{"Article":[],"Course":[],"Dataset":[],"FAQPage":[],"Movie":[],"Person":[],"Product":[],"ProductReview":[],"Car":[],"Recipe":[],"Service":[],"SoftwareApplication":[],"WebPage":[]},"graphName":"","isEnabled":true},"graphs":[]},"schema_type":"default","schema_type_options":null,"pillar_content":false,"robots_default":true,"robots_noindex":false,"robots_noarchive":false,"robots_nosnippet":false,"robots_nofollow":false,"robots_noimageindex":false,"robots_noodp":false,"robots_notranslate":false,"robots_max_snippet":null,"robots_max_videopreview":null,"robots_max_imagepreview":"large","priority":null,"frequency":null,"local_seo":null,"breadcrumb_settings":null,"limit_modified_date":false,"ai":null,"created":"2024-09-20 22:39:58","updated":"2025-10-24 04:58:16","seo_analyzer_scan_date":null,"focus_keyword":null,"additional_keywords":null,"truseo_locale":null},"aioseo_breadcrumb":"<div class=\"aioseo-breadcrumbs\"><span class=\"aioseo-breadcrumb\">\n\t\t\t<a href=\"https:\/\/www.immo-invest.ch\/fr\/\" title=\"Home\">Home<\/a>\n\t\t<\/span><span class=\"aioseo-breadcrumb-separator\">&raquo;<\/span><span class=\"aioseo-breadcrumb\">\n\t\t\t<a href=\"https:\/\/www.immo-invest.ch\/fr\/categories\/regions\/\" title=\"R\u00e9gions\">R\u00e9gions<\/a>\n\t\t<\/span><span class=\"aioseo-breadcrumb-separator\">&raquo;<\/span><span class=\"aioseo-breadcrumb\">\n\t\t\t<a href=\"https:\/\/www.immo-invest.ch\/fr\/categories\/regions\/suisse\/\" title=\"Suisse\">Suisse<\/a>\n\t\t<\/span><span class=\"aioseo-breadcrumb-separator\">&raquo;<\/span><span class=\"aioseo-breadcrumb\">\n\t\t\t<a href=\"https:\/\/www.immo-invest.ch\/fr\/categories\/regions\/suisse\/espace-mittelland\/\" title=\"Espace Mittelland\">Espace Mittelland<\/a>\n\t\t<\/span><span class=\"aioseo-breadcrumb-separator\">&raquo;<\/span><span class=\"aioseo-breadcrumb\">\n\t\t\t<a href=\"https:\/\/www.immo-invest.ch\/fr\/categories\/regions\/suisse\/espace-mittelland\/region-soleure\/\" title=\"Soleure\">Soleure<\/a>\n\t\t<\/span><span class=\"aioseo-breadcrumb-separator\">&raquo;<\/span><span class=\"aioseo-breadcrumb\">\n\t\t\tFuture Perfect lance un projet de construction circulaire\n\t\t<\/span><\/div>","aioseo_breadcrumb_json":[{"label":"Home","link":"https:\/\/www.immo-invest.ch\/fr\/"},{"label":"R\u00e9gions","link":"https:\/\/www.immo-invest.ch\/fr\/categories\/regions\/"},{"label":"Suisse","link":"https:\/\/www.immo-invest.ch\/fr\/categories\/regions\/suisse\/"},{"label":"Espace Mittelland","link":"https:\/\/www.immo-invest.ch\/fr\/categories\/regions\/suisse\/espace-mittelland\/"},{"label":"Soleure","link":"https:\/\/www.immo-invest.ch\/fr\/categories\/regions\/suisse\/espace-mittelland\/region-soleure\/"},{"label":"Future Perfect lance un projet de construction circulaire","link":"https:\/\/www.immo-invest.ch\/fr\/future-perfect-lanciert-projekt-fuer-zirkulaeres-bauen\/"}],"featured_image_src":"https:\/\/www.immo-invest.ch\/wp-content\/uploads\/2024\/07\/Unbenannt-1-336x168.png","_links":{"self":[{"href":"https:\/\/www.immo-invest.ch\/fr\/wp-json\/wp\/v2\/posts\/104199","targetHints":{"allow":["GET"]}}],"collection":[{"href":"https:\/\/www.immo-invest.ch\/fr\/wp-json\/wp\/v2\/posts"}],"about":[{"href":"https:\/\/www.immo-invest.ch\/fr\/wp-json\/wp\/v2\/types\/post"}],"author":[{"embeddable":true,"href":"https:\/\/www.immo-invest.ch\/fr\/wp-json\/wp\/v2\/users\/2"}],"replies":[{"embeddable":true,"href":"https:\/\/www.immo-invest.ch\/fr\/wp-json\/wp\/v2\/comments?post=104199"}],"version-history":[{"count":0,"href":"https:\/\/www.immo-invest.ch\/fr\/wp-json\/wp\/v2\/posts\/104199\/revisions"}],"wp:featuredmedia":[{"embeddable":true,"href":"https:\/\/www.immo-invest.ch\/fr\/wp-json\/wp\/v2\/media\/104194"}],"wp:attachment":[{"href":"https:\/\/www.immo-invest.ch\/fr\/wp-json\/wp\/v2\/media?parent=104199"}],"wp:term":[{"taxonomy":"category","embeddable":true,"href":"https:\/\/www.immo-invest.ch\/fr\/wp-json\/wp\/v2\/categories?post=104199"},{"taxonomy":"post_tag","embeddable":true,"href":"https:\/\/www.immo-invest.ch\/fr\/wp-json\/wp\/v2\/tags?post=104199"}],"curies":[{"name":"wp","href":"https:\/\/api.w.org\/{rel}","templated":true}]}}