{"id":101995,"date":"2024-06-21T15:49:30","date_gmt":"2024-06-21T13:49:30","guid":{"rendered":"https:\/\/www.immo-invest.ch\/?p=101995"},"modified":"2024-06-21T16:29:23","modified_gmt":"2024-06-21T14:29:23","slug":"p-a-w-hub-stellt-innovationszentrum-fuer-luzern-nord-vor","status":"publish","type":"post","link":"https:\/\/www.immo-invest.ch\/fr\/p-a-w-hub-stellt-innovationszentrum-fuer-luzern-nord-vor\/","title":{"rendered":"Le P.A.W. Hub pr\u00e9sente un centre d&rsquo;innovation pour Lucerne Nord"},"content":{"rendered":"<p class=\"bodytext\">La <a href=\"https:\/\/www.paw-hub.ch\/\" target=\"_blank\" rel=\"noopener\">soci&eacute;t&eacute; P.A.W. Hub AG<\/a> a pr&eacute;sent&eacute; un nouveau projet de centre &eacute;conomique national et international au nord de Lucerne. Selon un communiqu&eacute;, il s&rsquo;agit de cr&eacute;er sur le site un centre qui associe des solutions &eacute;conomiques cr&eacute;atives &agrave; des &eacute;tablissements d&rsquo;enseignement et &agrave; des b&acirc;timents r&eacute;sidentiels et commerciaux. Apr&egrave;s la concr&eacute;tisation r&eacute;ussie des plans de construction et l&rsquo;octroi du permis de construire, le projet soutenu par la <a href=\"https:\/\/www.luzern-business.ch\/\" target=\"_blank\" rel=\"noopener\">Promotion &eacute;conomique de Lucerne<\/a> s&rsquo;appr&ecirc;te &agrave; franchir une nouvelle &eacute;tape dans sa r&eacute;alisation. Dans une premi&egrave;re phase, les travaux se concentreront sur les domaines de l&rsquo;&eacute;ducation et de la sant&eacute;. Des centres technologiques seront &eacute;galement implant&eacute;s. Des acteurs r&eacute;gionaux, nationaux et internationaux doivent &ecirc;tre int&eacute;ress&eacute;s par le projet, pr&eacute;cise le communiqu&eacute;. Pour la suite de la r&eacute;alisation, P.A.W. Hub recherche des investisseurs qui souhaitent participer au succ&egrave;s du projet.<\/p>\n<p class=\"bodytext\">&laquo;&nbsp;La Promotion &eacute;conomique de Lucerne soutient fermement le projet du P.A.W. Hub, car il offre une opportunit&eacute; importante pour le d&eacute;veloppement &eacute;conomique de notre r&eacute;gion&nbsp;&raquo;, a d&eacute;clar&eacute; Andreas Zettel, responsable du d&eacute;veloppement des entreprises &agrave; la Promotion &eacute;conomique de Lucerne, cit&eacute; dans le communiqu&eacute;. &laquo;&nbsp;Nous voyons un grand potentiel dans le fait que le hub soutient les entreprises locales, attire des sp&eacute;cialistes et augmente l&rsquo;attractivit&eacute; de la r&eacute;gion pour d&rsquo;autres investissements&nbsp;&raquo;<\/p>\n<p class=\"bodytext\">&laquo;&nbsp;Nous sommes convaincus que le hub va stimuler l&rsquo;&eacute;conomie de Lucerne et positionner la r&eacute;gion comme un lieu attractif pour les investissements et la main-d&rsquo;&oelig;uvre qualifi&eacute;e&nbsp;&raquo;, ajoute Sacha Willemsen, initiateur et cofondateur de P.A.W. Hub AG.<\/p>\n","protected":false},"excerpt":{"rendered":"<p>P.A.W. Hub AG pr\u00e9voit un nouveau centre \u00e9conomique et \u00e9ducatif \u00e0 Luzern Nord. Le projet, qui combine des solutions \u00e9conomiques cr\u00e9atives, des \u00e9tablissements d&rsquo;enseignement et des b\u00e2timents r\u00e9sidentiels et commerciaux, a obtenu les permis de construire et recherche maintenant des investisseurs.<\/p>\n","protected":false},"author":2,"featured_media":17999,"comment_status":"open","ping_status":"open","sticky":false,"template":"","format":"standard","meta":{"pmpro_default_level":"0","inline_featured_image":false,"_monsterinsights_skip_tracking":false,"footnotes":""},"categories":[743,9437,9824,739],"tags":[46911,872,3931,38026,2002,38391],"class_list":["post-101995","post","type-post","status-publish","format-standard","has-post-thumbnail","hentry","category-immonews-fr","category-region-lucerne","category-nouvelle-construction","category-projects","tag-bildungseinrichtungen-fr","tag-immoinvest-fr","tag-immonews-fr","tag-luzern-nord-fr","tag-news-fr","tag-wirtschaftszentrum-fr","pmpro-has-access"],"acf":{"bild_mit_ki_erstellt_worden":[],"lead":"P.A.W. Hub AG pr\u00e9voit un nouveau centre \u00e9conomique et \u00e9ducatif \u00e0 Luzern Nord. Le projet, qui combine des solutions \u00e9conomiques cr\u00e9atives, des \u00e9tablissements d'enseignement et des b\u00e2timents r\u00e9sidentiels et commerciaux, a obtenu les permis de construire et recherche maintenant des investisseurs.","autor":"ce\/ww","ort":"Emmenbr\u00fccke LU","bildunterschrift":"","bild_im_grid":false,"gallerie":"","newsim":""},"aioseo_notices":[],"aioseo_head":"\n\t\t<!-- All in One SEO 5.0.0.1 - aioseo.com -->\n\t<meta name=\"description\" content=\"P.A.W. Hub AG pr\u00e9voit un nouveau centre \u00e9conomique et \u00e9ducatif \u00e0 Luzern Nord. Le projet, qui combine des solutions \u00e9conomiques cr\u00e9atives, des \u00e9tablissements d&#039;enseignement et des b\u00e2timents r\u00e9sidentiels et commerciaux, a obtenu les permis de construire et recherche maintenant des investisseurs.\" \/>\n\t<meta name=\"robots\" content=\"max-image-preview:large\" \/>\n\t<meta name=\"author\" content=\"immovestuser\"\/>\n\t<meta name=\"google-site-verification\" content=\"fHJKvgWpZCR2zVBHWfkQeFXC11qieUSff0HGNYfuyLA\" \/>\n\t<link rel=\"canonical\" href=\"https:\/\/www.immo-invest.ch\/fr\/p-a-w-hub-stellt-innovationszentrum-fuer-luzern-nord-vor\/\" \/>\n\t<meta name=\"generator\" content=\"All in One SEO (AIOSEO) 5.0.0.1\" \/>\n\t\t<meta property=\"og:locale\" content=\"fr_FR\" \/>\n\t\t<meta property=\"og:site_name\" content=\"immo!nvest - Die Plattform f\u00fcr Standorte und Immobilien - Die\u00a0Plattform f\u00fcr Standorte und Immobilien\" \/>\n\t\t<meta property=\"og:type\" content=\"article\" \/>\n\t\t<meta property=\"og:title\" content=\"Le P.A.W. Hub pr\u00e9sente un centre d\u2019innovation pour Lucerne Nord - immo!nvest - Die Plattform f\u00fcr Standorte und Immobilien\" \/>\n\t\t<meta property=\"og:description\" content=\"P.A.W. Hub AG pr\u00e9voit un nouveau centre \u00e9conomique et \u00e9ducatif \u00e0 Luzern Nord. Le projet, qui combine des solutions \u00e9conomiques cr\u00e9atives, des \u00e9tablissements d&#039;enseignement et des b\u00e2timents r\u00e9sidentiels et commerciaux, a obtenu les permis de construire et recherche maintenant des investisseurs.\" \/>\n\t\t<meta property=\"og:url\" content=\"https:\/\/www.immo-invest.ch\/fr\/p-a-w-hub-stellt-innovationszentrum-fuer-luzern-nord-vor\/\" \/>\n\t\t<meta property=\"og:image\" content=\"https:\/\/www.immo-invest.ch\/wp-content\/uploads\/2021\/05\/bauen-10-e1622127578476.png\" \/>\n\t\t<meta property=\"og:image:secure_url\" content=\"https:\/\/www.immo-invest.ch\/wp-content\/uploads\/2021\/05\/bauen-10-e1622127578476.png\" \/>\n\t\t<meta property=\"og:image:width\" content=\"1200\" \/>\n\t\t<meta property=\"og:image:height\" content=\"600\" \/>\n\t\t<meta property=\"article:published_time\" content=\"2024-06-21T13:49:30+00:00\" \/>\n\t\t<meta property=\"article:modified_time\" content=\"2024-06-21T14:29:23+00:00\" \/>\n\t\t<meta property=\"article:publisher\" content=\"https:\/\/www.facebook.com\/people\/Immoinvest\/100077962920504\/\" \/>\n\t\t<meta name=\"twitter:card\" content=\"summary_large_image\" \/>\n\t\t<meta name=\"twitter:site\" content=\"@i\" \/>\n\t\t<meta name=\"twitter:title\" content=\"Le P.A.W. Hub pr\u00e9sente un centre d\u2019innovation pour Lucerne Nord - immo!nvest - Die Plattform f\u00fcr Standorte und Immobilien\" \/>\n\t\t<meta name=\"twitter:description\" content=\"P.A.W. Hub AG pr\u00e9voit un nouveau centre \u00e9conomique et \u00e9ducatif \u00e0 Luzern Nord. Le projet, qui combine des solutions \u00e9conomiques cr\u00e9atives, des \u00e9tablissements d&#039;enseignement et des b\u00e2timents r\u00e9sidentiels et commerciaux, a obtenu les permis de construire et recherche maintenant des investisseurs.\" \/>\n\t\t<meta name=\"twitter:creator\" content=\"@i\" \/>\n\t\t<meta name=\"twitter:image\" content=\"https:\/\/www.immo-invest.ch\/wp-content\/uploads\/2021\/05\/bauen-10-e1622127578476.png\" \/>\n\t\t<script type=\"application\/ld+json\" class=\"aioseo-schema\">\n\t\t\t{\"@context\":\"https:\\\/\\\/schema.org\",\"@graph\":[{\"@type\":\"BlogPosting\",\"@id\":\"https:\\\/\\\/www.immo-invest.ch\\\/fr\\\/p-a-w-hub-stellt-innovationszentrum-fuer-luzern-nord-vor\\\/#blogposting\",\"name\":\"Le P.A.W. Hub pr\\u00e9sente un centre d\\u2019innovation pour Lucerne Nord - immo!nvest - Die Plattform f\\u00fcr Standorte und Immobilien\",\"headline\":\"Le P.A.W. Hub pr\\u00e9sente un centre d&rsquo;innovation pour Lucerne Nord\",\"author\":{\"@id\":\"https:\\\/\\\/www.immo-invest.ch\\\/fr\\\/author\\\/immovestuser\\\/#author\"},\"publisher\":{\"@id\":\"https:\\\/\\\/www.immo-invest.ch\\\/fr\\\/#organization\"},\"image\":{\"@type\":\"ImageObject\",\"url\":\"https:\\\/\\\/www.immo-invest.ch\\\/wp-content\\\/uploads\\\/2021\\\/05\\\/bauen-10-e1622127578476.png\",\"width\":1200,\"height\":600},\"datePublished\":\"2024-06-21T15:49:30+02:00\",\"dateModified\":\"2024-06-21T16:29:23+02:00\",\"inLanguage\":\"fr-FR\",\"mainEntityOfPage\":{\"@id\":\"https:\\\/\\\/www.immo-invest.ch\\\/fr\\\/p-a-w-hub-stellt-innovationszentrum-fuer-luzern-nord-vor\\\/#webpage\"},\"isPartOf\":{\"@id\":\"https:\\\/\\\/www.immo-invest.ch\\\/fr\\\/p-a-w-hub-stellt-innovationszentrum-fuer-luzern-nord-vor\\\/#webpage\"},\"articleSection\":\"immoNews, Lucerne, Nouvelle construction, Projects, Bildungseinrichtungen, Immoinvest, immoNews, Luzern Nord, News, Wirtschaftszentrum, Facultatif\"},{\"@type\":\"BreadcrumbList\",\"@id\":\"https:\\\/\\\/www.immo-invest.ch\\\/fr\\\/p-a-w-hub-stellt-innovationszentrum-fuer-luzern-nord-vor\\\/#breadcrumblist\",\"itemListElement\":[{\"@type\":\"ListItem\",\"@id\":\"https:\\\/\\\/www.immo-invest.ch\\\/fr\\\/#listItem\",\"position\":1,\"name\":\"Home\",\"item\":\"https:\\\/\\\/www.immo-invest.ch\\\/fr\\\/\",\"nextItem\":{\"@type\":\"ListItem\",\"@id\":\"https:\\\/\\\/www.immo-invest.ch\\\/fr\\\/categories\\\/regions\\\/#listItem\",\"name\":\"R\\u00e9gions\"}},{\"@type\":\"ListItem\",\"@id\":\"https:\\\/\\\/www.immo-invest.ch\\\/fr\\\/categories\\\/regions\\\/#listItem\",\"position\":2,\"name\":\"R\\u00e9gions\",\"item\":\"https:\\\/\\\/www.immo-invest.ch\\\/fr\\\/categories\\\/regions\\\/\",\"nextItem\":{\"@type\":\"ListItem\",\"@id\":\"https:\\\/\\\/www.immo-invest.ch\\\/fr\\\/categories\\\/regions\\\/suisse\\\/#listItem\",\"name\":\"Suisse\"},\"previousItem\":{\"@type\":\"ListItem\",\"@id\":\"https:\\\/\\\/www.immo-invest.ch\\\/fr\\\/#listItem\",\"name\":\"Home\"}},{\"@type\":\"ListItem\",\"@id\":\"https:\\\/\\\/www.immo-invest.ch\\\/fr\\\/categories\\\/regions\\\/suisse\\\/#listItem\",\"position\":3,\"name\":\"Suisse\",\"item\":\"https:\\\/\\\/www.immo-invest.ch\\\/fr\\\/categories\\\/regions\\\/suisse\\\/\",\"nextItem\":{\"@type\":\"ListItem\",\"@id\":\"https:\\\/\\\/www.immo-invest.ch\\\/fr\\\/categories\\\/regions\\\/suisse\\\/region-zentralschweiz\\\/#listItem\",\"name\":\"Zentralschweiz\"},\"previousItem\":{\"@type\":\"ListItem\",\"@id\":\"https:\\\/\\\/www.immo-invest.ch\\\/fr\\\/categories\\\/regions\\\/#listItem\",\"name\":\"R\\u00e9gions\"}},{\"@type\":\"ListItem\",\"@id\":\"https:\\\/\\\/www.immo-invest.ch\\\/fr\\\/categories\\\/regions\\\/suisse\\\/region-zentralschweiz\\\/#listItem\",\"position\":4,\"name\":\"Zentralschweiz\",\"item\":\"https:\\\/\\\/www.immo-invest.ch\\\/fr\\\/categories\\\/regions\\\/suisse\\\/region-zentralschweiz\\\/\",\"nextItem\":{\"@type\":\"ListItem\",\"@id\":\"https:\\\/\\\/www.immo-invest.ch\\\/fr\\\/categories\\\/regions\\\/suisse\\\/region-zentralschweiz\\\/region-lucerne\\\/#listItem\",\"name\":\"Lucerne\"},\"previousItem\":{\"@type\":\"ListItem\",\"@id\":\"https:\\\/\\\/www.immo-invest.ch\\\/fr\\\/categories\\\/regions\\\/suisse\\\/#listItem\",\"name\":\"Suisse\"}},{\"@type\":\"ListItem\",\"@id\":\"https:\\\/\\\/www.immo-invest.ch\\\/fr\\\/categories\\\/regions\\\/suisse\\\/region-zentralschweiz\\\/region-lucerne\\\/#listItem\",\"position\":5,\"name\":\"Lucerne\",\"item\":\"https:\\\/\\\/www.immo-invest.ch\\\/fr\\\/categories\\\/regions\\\/suisse\\\/region-zentralschweiz\\\/region-lucerne\\\/\",\"nextItem\":{\"@type\":\"ListItem\",\"@id\":\"https:\\\/\\\/www.immo-invest.ch\\\/fr\\\/p-a-w-hub-stellt-innovationszentrum-fuer-luzern-nord-vor\\\/#listItem\",\"name\":\"Le P.A.W. Hub pr\\u00e9sente un centre d&rsquo;innovation pour Lucerne Nord\"},\"previousItem\":{\"@type\":\"ListItem\",\"@id\":\"https:\\\/\\\/www.immo-invest.ch\\\/fr\\\/categories\\\/regions\\\/suisse\\\/region-zentralschweiz\\\/#listItem\",\"name\":\"Zentralschweiz\"}},{\"@type\":\"ListItem\",\"@id\":\"https:\\\/\\\/www.immo-invest.ch\\\/fr\\\/p-a-w-hub-stellt-innovationszentrum-fuer-luzern-nord-vor\\\/#listItem\",\"position\":6,\"name\":\"Le P.A.W. Hub pr\\u00e9sente un centre d&rsquo;innovation pour Lucerne Nord\",\"previousItem\":{\"@type\":\"ListItem\",\"@id\":\"https:\\\/\\\/www.immo-invest.ch\\\/fr\\\/categories\\\/regions\\\/suisse\\\/region-zentralschweiz\\\/region-lucerne\\\/#listItem\",\"name\":\"Lucerne\"}}]},{\"@type\":\"Organization\",\"@id\":\"https:\\\/\\\/www.immo-invest.ch\\\/fr\\\/#organization\",\"name\":\"immo!nvest - Die Plattform f\\u00fcr Standorte und Immobilien\",\"description\":\"Die\\u00a0Plattform f\\u00fcr Standorte und Immobilien\",\"url\":\"https:\\\/\\\/www.immo-invest.ch\\\/fr\\\/\",\"email\":\"admin@immomedia.ag\",\"telephone\":\"+41444420002\",\"logo\":{\"@type\":\"ImageObject\",\"url\":\"https:\\\/\\\/www.immo-invest.ch\\\/wp-content\\\/uploads\\\/2024\\\/09\\\/immoinvest_sm-scaled.jpg\",\"@id\":\"https:\\\/\\\/www.immo-invest.ch\\\/fr\\\/p-a-w-hub-stellt-innovationszentrum-fuer-luzern-nord-vor\\\/#organizationLogo\",\"width\":2560,\"height\":1340},\"image\":{\"@id\":\"https:\\\/\\\/www.immo-invest.ch\\\/fr\\\/p-a-w-hub-stellt-innovationszentrum-fuer-luzern-nord-vor\\\/#organizationLogo\"},\"sameAs\":[\"https:\\\/\\\/www.facebook.com\\\/people\\\/Immoinvest\\\/100077962920504\\\/\",\"https:\\\/\\\/x.com\\\/i\\\/flow\\\/login?redirect_after_login=immoinvest_ch\",\"https:\\\/\\\/www.instagram.com\\\/immoinvest_ch\\\/\",\"https:\\\/\\\/www.linkedin.com\\\/company\\\/immoinvest-swiss\"]},{\"@type\":\"Person\",\"@id\":\"https:\\\/\\\/www.immo-invest.ch\\\/fr\\\/author\\\/immovestuser\\\/#author\",\"url\":\"https:\\\/\\\/www.immo-invest.ch\\\/fr\\\/author\\\/immovestuser\\\/\",\"name\":\"immovestuser\",\"image\":{\"@type\":\"ImageObject\",\"@id\":\"https:\\\/\\\/www.immo-invest.ch\\\/fr\\\/p-a-w-hub-stellt-innovationszentrum-fuer-luzern-nord-vor\\\/#authorImage\",\"url\":\"https:\\\/\\\/secure.gravatar.com\\\/avatar\\\/8e01f4d99f2eeea7a362ebb93305e1172a70e9293ba250f897a65c39f54cdd1e?s=96&d=mm&r=g\",\"width\":96,\"height\":96,\"caption\":\"immovestuser\"}},{\"@type\":\"WebPage\",\"@id\":\"https:\\\/\\\/www.immo-invest.ch\\\/fr\\\/p-a-w-hub-stellt-innovationszentrum-fuer-luzern-nord-vor\\\/#webpage\",\"url\":\"https:\\\/\\\/www.immo-invest.ch\\\/fr\\\/p-a-w-hub-stellt-innovationszentrum-fuer-luzern-nord-vor\\\/\",\"name\":\"Le P.A.W. Hub pr\\u00e9sente un centre d\\u2019innovation pour Lucerne Nord - immo!nvest - Die Plattform f\\u00fcr Standorte und Immobilien\",\"description\":\"P.A.W. Hub AG pr\\u00e9voit un nouveau centre \\u00e9conomique et \\u00e9ducatif \\u00e0 Luzern Nord. Le projet, qui combine des solutions \\u00e9conomiques cr\\u00e9atives, des \\u00e9tablissements d'enseignement et des b\\u00e2timents r\\u00e9sidentiels et commerciaux, a obtenu les permis de construire et recherche maintenant des investisseurs.\",\"inLanguage\":\"fr-FR\",\"isPartOf\":{\"@id\":\"https:\\\/\\\/www.immo-invest.ch\\\/fr\\\/#website\"},\"breadcrumb\":{\"@id\":\"https:\\\/\\\/www.immo-invest.ch\\\/fr\\\/p-a-w-hub-stellt-innovationszentrum-fuer-luzern-nord-vor\\\/#breadcrumblist\"},\"author\":{\"@id\":\"https:\\\/\\\/www.immo-invest.ch\\\/fr\\\/author\\\/immovestuser\\\/#author\"},\"creator\":{\"@id\":\"https:\\\/\\\/www.immo-invest.ch\\\/fr\\\/author\\\/immovestuser\\\/#author\"},\"image\":{\"@type\":\"ImageObject\",\"url\":\"https:\\\/\\\/www.immo-invest.ch\\\/wp-content\\\/uploads\\\/2021\\\/05\\\/bauen-10-e1622127578476.png\",\"@id\":\"https:\\\/\\\/www.immo-invest.ch\\\/fr\\\/p-a-w-hub-stellt-innovationszentrum-fuer-luzern-nord-vor\\\/#mainImage\",\"width\":1200,\"height\":600},\"primaryImageOfPage\":{\"@id\":\"https:\\\/\\\/www.immo-invest.ch\\\/fr\\\/p-a-w-hub-stellt-innovationszentrum-fuer-luzern-nord-vor\\\/#mainImage\"},\"datePublished\":\"2024-06-21T15:49:30+02:00\",\"dateModified\":\"2024-06-21T16:29:23+02:00\"},{\"@type\":\"WebSite\",\"@id\":\"https:\\\/\\\/www.immo-invest.ch\\\/fr\\\/#website\",\"url\":\"https:\\\/\\\/www.immo-invest.ch\\\/fr\\\/\",\"name\":\"immo!nvest - Die Plattform f\\u00fcr Standorte und Immobilien\",\"description\":\"Die\\u00a0Plattform f\\u00fcr Standorte und Immobilien\",\"inLanguage\":\"fr-FR\",\"publisher\":{\"@id\":\"https:\\\/\\\/www.immo-invest.ch\\\/fr\\\/#organization\"}}]}\n\t\t<\/script>\n\t\t<!-- All in One SEO -->\n\n","aioseo_head_json":{"title":"Le P.A.W. Hub pr\u00e9sente un centre d\u2019innovation pour Lucerne Nord - immo!nvest - Die Plattform f\u00fcr Standorte und Immobilien","description":"P.A.W. Hub AG pr\u00e9voit un nouveau centre \u00e9conomique et \u00e9ducatif \u00e0 Luzern Nord. Le projet, qui combine des solutions \u00e9conomiques cr\u00e9atives, des \u00e9tablissements d'enseignement et des b\u00e2timents r\u00e9sidentiels et commerciaux, a obtenu les permis de construire et recherche maintenant des investisseurs.","canonical_url":"https:\/\/www.immo-invest.ch\/fr\/p-a-w-hub-stellt-innovationszentrum-fuer-luzern-nord-vor\/","robots":"max-image-preview:large","keywords":"","webmasterTools":{"google-site-verification":"fHJKvgWpZCR2zVBHWfkQeFXC11qieUSff0HGNYfuyLA","miscellaneous":""},"schema":{"@context":"https:\/\/schema.org","@graph":[{"@type":"BlogPosting","@id":"https:\/\/www.immo-invest.ch\/fr\/p-a-w-hub-stellt-innovationszentrum-fuer-luzern-nord-vor\/#blogposting","name":"Le P.A.W. Hub pr\u00e9sente un centre d\u2019innovation pour Lucerne Nord - immo!nvest - Die Plattform f\u00fcr Standorte und Immobilien","headline":"Le P.A.W. Hub pr\u00e9sente un centre d&rsquo;innovation pour Lucerne Nord","author":{"@id":"https:\/\/www.immo-invest.ch\/fr\/author\/immovestuser\/#author"},"publisher":{"@id":"https:\/\/www.immo-invest.ch\/fr\/#organization"},"image":{"@type":"ImageObject","url":"https:\/\/www.immo-invest.ch\/wp-content\/uploads\/2021\/05\/bauen-10-e1622127578476.png","width":1200,"height":600},"datePublished":"2024-06-21T15:49:30+02:00","dateModified":"2024-06-21T16:29:23+02:00","inLanguage":"fr-FR","mainEntityOfPage":{"@id":"https:\/\/www.immo-invest.ch\/fr\/p-a-w-hub-stellt-innovationszentrum-fuer-luzern-nord-vor\/#webpage"},"isPartOf":{"@id":"https:\/\/www.immo-invest.ch\/fr\/p-a-w-hub-stellt-innovationszentrum-fuer-luzern-nord-vor\/#webpage"},"articleSection":"immoNews, Lucerne, Nouvelle construction, Projects, Bildungseinrichtungen, Immoinvest, immoNews, Luzern Nord, News, Wirtschaftszentrum, Facultatif"},{"@type":"BreadcrumbList","@id":"https:\/\/www.immo-invest.ch\/fr\/p-a-w-hub-stellt-innovationszentrum-fuer-luzern-nord-vor\/#breadcrumblist","itemListElement":[{"@type":"ListItem","@id":"https:\/\/www.immo-invest.ch\/fr\/#listItem","position":1,"name":"Home","item":"https:\/\/www.immo-invest.ch\/fr\/","nextItem":{"@type":"ListItem","@id":"https:\/\/www.immo-invest.ch\/fr\/categories\/regions\/#listItem","name":"R\u00e9gions"}},{"@type":"ListItem","@id":"https:\/\/www.immo-invest.ch\/fr\/categories\/regions\/#listItem","position":2,"name":"R\u00e9gions","item":"https:\/\/www.immo-invest.ch\/fr\/categories\/regions\/","nextItem":{"@type":"ListItem","@id":"https:\/\/www.immo-invest.ch\/fr\/categories\/regions\/suisse\/#listItem","name":"Suisse"},"previousItem":{"@type":"ListItem","@id":"https:\/\/www.immo-invest.ch\/fr\/#listItem","name":"Home"}},{"@type":"ListItem","@id":"https:\/\/www.immo-invest.ch\/fr\/categories\/regions\/suisse\/#listItem","position":3,"name":"Suisse","item":"https:\/\/www.immo-invest.ch\/fr\/categories\/regions\/suisse\/","nextItem":{"@type":"ListItem","@id":"https:\/\/www.immo-invest.ch\/fr\/categories\/regions\/suisse\/region-zentralschweiz\/#listItem","name":"Zentralschweiz"},"previousItem":{"@type":"ListItem","@id":"https:\/\/www.immo-invest.ch\/fr\/categories\/regions\/#listItem","name":"R\u00e9gions"}},{"@type":"ListItem","@id":"https:\/\/www.immo-invest.ch\/fr\/categories\/regions\/suisse\/region-zentralschweiz\/#listItem","position":4,"name":"Zentralschweiz","item":"https:\/\/www.immo-invest.ch\/fr\/categories\/regions\/suisse\/region-zentralschweiz\/","nextItem":{"@type":"ListItem","@id":"https:\/\/www.immo-invest.ch\/fr\/categories\/regions\/suisse\/region-zentralschweiz\/region-lucerne\/#listItem","name":"Lucerne"},"previousItem":{"@type":"ListItem","@id":"https:\/\/www.immo-invest.ch\/fr\/categories\/regions\/suisse\/#listItem","name":"Suisse"}},{"@type":"ListItem","@id":"https:\/\/www.immo-invest.ch\/fr\/categories\/regions\/suisse\/region-zentralschweiz\/region-lucerne\/#listItem","position":5,"name":"Lucerne","item":"https:\/\/www.immo-invest.ch\/fr\/categories\/regions\/suisse\/region-zentralschweiz\/region-lucerne\/","nextItem":{"@type":"ListItem","@id":"https:\/\/www.immo-invest.ch\/fr\/p-a-w-hub-stellt-innovationszentrum-fuer-luzern-nord-vor\/#listItem","name":"Le P.A.W. Hub pr\u00e9sente un centre d&rsquo;innovation pour Lucerne Nord"},"previousItem":{"@type":"ListItem","@id":"https:\/\/www.immo-invest.ch\/fr\/categories\/regions\/suisse\/region-zentralschweiz\/#listItem","name":"Zentralschweiz"}},{"@type":"ListItem","@id":"https:\/\/www.immo-invest.ch\/fr\/p-a-w-hub-stellt-innovationszentrum-fuer-luzern-nord-vor\/#listItem","position":6,"name":"Le P.A.W. Hub pr\u00e9sente un centre d&rsquo;innovation pour Lucerne Nord","previousItem":{"@type":"ListItem","@id":"https:\/\/www.immo-invest.ch\/fr\/categories\/regions\/suisse\/region-zentralschweiz\/region-lucerne\/#listItem","name":"Lucerne"}}]},{"@type":"Organization","@id":"https:\/\/www.immo-invest.ch\/fr\/#organization","name":"immo!nvest - Die Plattform f\u00fcr Standorte und Immobilien","description":"Die\u00a0Plattform f\u00fcr Standorte und Immobilien","url":"https:\/\/www.immo-invest.ch\/fr\/","email":"admin@immomedia.ag","telephone":"+41444420002","logo":{"@type":"ImageObject","url":"https:\/\/www.immo-invest.ch\/wp-content\/uploads\/2024\/09\/immoinvest_sm-scaled.jpg","@id":"https:\/\/www.immo-invest.ch\/fr\/p-a-w-hub-stellt-innovationszentrum-fuer-luzern-nord-vor\/#organizationLogo","width":2560,"height":1340},"image":{"@id":"https:\/\/www.immo-invest.ch\/fr\/p-a-w-hub-stellt-innovationszentrum-fuer-luzern-nord-vor\/#organizationLogo"},"sameAs":["https:\/\/www.facebook.com\/people\/Immoinvest\/100077962920504\/","https:\/\/x.com\/i\/flow\/login?redirect_after_login=immoinvest_ch","https:\/\/www.instagram.com\/immoinvest_ch\/","https:\/\/www.linkedin.com\/company\/immoinvest-swiss"]},{"@type":"Person","@id":"https:\/\/www.immo-invest.ch\/fr\/author\/immovestuser\/#author","url":"https:\/\/www.immo-invest.ch\/fr\/author\/immovestuser\/","name":"immovestuser","image":{"@type":"ImageObject","@id":"https:\/\/www.immo-invest.ch\/fr\/p-a-w-hub-stellt-innovationszentrum-fuer-luzern-nord-vor\/#authorImage","url":"https:\/\/secure.gravatar.com\/avatar\/8e01f4d99f2eeea7a362ebb93305e1172a70e9293ba250f897a65c39f54cdd1e?s=96&d=mm&r=g","width":96,"height":96,"caption":"immovestuser"}},{"@type":"WebPage","@id":"https:\/\/www.immo-invest.ch\/fr\/p-a-w-hub-stellt-innovationszentrum-fuer-luzern-nord-vor\/#webpage","url":"https:\/\/www.immo-invest.ch\/fr\/p-a-w-hub-stellt-innovationszentrum-fuer-luzern-nord-vor\/","name":"Le P.A.W. Hub pr\u00e9sente un centre d\u2019innovation pour Lucerne Nord - immo!nvest - Die Plattform f\u00fcr Standorte und Immobilien","description":"P.A.W. Hub AG pr\u00e9voit un nouveau centre \u00e9conomique et \u00e9ducatif \u00e0 Luzern Nord. Le projet, qui combine des solutions \u00e9conomiques cr\u00e9atives, des \u00e9tablissements d'enseignement et des b\u00e2timents r\u00e9sidentiels et commerciaux, a obtenu les permis de construire et recherche maintenant des investisseurs.","inLanguage":"fr-FR","isPartOf":{"@id":"https:\/\/www.immo-invest.ch\/fr\/#website"},"breadcrumb":{"@id":"https:\/\/www.immo-invest.ch\/fr\/p-a-w-hub-stellt-innovationszentrum-fuer-luzern-nord-vor\/#breadcrumblist"},"author":{"@id":"https:\/\/www.immo-invest.ch\/fr\/author\/immovestuser\/#author"},"creator":{"@id":"https:\/\/www.immo-invest.ch\/fr\/author\/immovestuser\/#author"},"image":{"@type":"ImageObject","url":"https:\/\/www.immo-invest.ch\/wp-content\/uploads\/2021\/05\/bauen-10-e1622127578476.png","@id":"https:\/\/www.immo-invest.ch\/fr\/p-a-w-hub-stellt-innovationszentrum-fuer-luzern-nord-vor\/#mainImage","width":1200,"height":600},"primaryImageOfPage":{"@id":"https:\/\/www.immo-invest.ch\/fr\/p-a-w-hub-stellt-innovationszentrum-fuer-luzern-nord-vor\/#mainImage"},"datePublished":"2024-06-21T15:49:30+02:00","dateModified":"2024-06-21T16:29:23+02:00"},{"@type":"WebSite","@id":"https:\/\/www.immo-invest.ch\/fr\/#website","url":"https:\/\/www.immo-invest.ch\/fr\/","name":"immo!nvest - Die Plattform f\u00fcr Standorte und Immobilien","description":"Die\u00a0Plattform f\u00fcr Standorte und Immobilien","inLanguage":"fr-FR","publisher":{"@id":"https:\/\/www.immo-invest.ch\/fr\/#organization"}}]},"og:locale":"fr_FR","og:site_name":"immo!nvest - Die Plattform f\u00fcr Standorte und Immobilien - Die\u00a0Plattform f\u00fcr Standorte und Immobilien","og:type":"article","og:title":"Le P.A.W. Hub pr\u00e9sente un centre d\u2019innovation pour Lucerne Nord - immo!nvest - Die Plattform f\u00fcr Standorte und Immobilien","og:description":"P.A.W. Hub AG pr\u00e9voit un nouveau centre \u00e9conomique et \u00e9ducatif \u00e0 Luzern Nord. Le projet, qui combine des solutions \u00e9conomiques cr\u00e9atives, des \u00e9tablissements d'enseignement et des b\u00e2timents r\u00e9sidentiels et commerciaux, a obtenu les permis de construire et recherche maintenant des investisseurs.","og:url":"https:\/\/www.immo-invest.ch\/fr\/p-a-w-hub-stellt-innovationszentrum-fuer-luzern-nord-vor\/","og:image":"https:\/\/www.immo-invest.ch\/wp-content\/uploads\/2021\/05\/bauen-10-e1622127578476.png","og:image:secure_url":"https:\/\/www.immo-invest.ch\/wp-content\/uploads\/2021\/05\/bauen-10-e1622127578476.png","og:image:width":1200,"og:image:height":600,"article:published_time":"2024-06-21T13:49:30+00:00","article:modified_time":"2024-06-21T14:29:23+00:00","article:publisher":"https:\/\/www.facebook.com\/people\/Immoinvest\/100077962920504\/","twitter:card":"summary_large_image","twitter:site":"@i","twitter:title":"Le P.A.W. Hub pr\u00e9sente un centre d\u2019innovation pour Lucerne Nord - immo!nvest - Die Plattform f\u00fcr Standorte und Immobilien","twitter:description":"P.A.W. Hub AG pr\u00e9voit un nouveau centre \u00e9conomique et \u00e9ducatif \u00e0 Luzern Nord. Le projet, qui combine des solutions \u00e9conomiques cr\u00e9atives, des \u00e9tablissements d'enseignement et des b\u00e2timents r\u00e9sidentiels et commerciaux, a obtenu les permis de construire et recherche maintenant des investisseurs.","twitter:creator":"@i","twitter:image":"https:\/\/www.immo-invest.ch\/wp-content\/uploads\/2021\/05\/bauen-10-e1622127578476.png"},"aioseo_meta_data":{"post_id":"101995","title":null,"description":null,"keywords":null,"keyphrases":null,"primary_term":null,"canonical_url":null,"og_title":null,"og_description":null,"og_object_type":"default","og_image_type":"default","og_image_url":null,"og_image_width":null,"og_image_height":null,"og_image_custom_url":null,"og_image_custom_fields":null,"og_video":null,"og_custom_url":null,"og_article_section":null,"og_article_tags":null,"twitter_use_og":false,"twitter_card":"default","twitter_image_type":"default","twitter_image_url":null,"twitter_image_custom_url":null,"twitter_image_custom_fields":null,"twitter_title":null,"twitter_description":null,"schema":{"blockGraphs":[],"customGraphs":[],"default":{"data":{"Article":[],"Course":[],"Dataset":[],"FAQPage":[],"Movie":[],"Person":[],"Product":[],"ProductReview":[],"Car":[],"Recipe":[],"Service":[],"SoftwareApplication":[],"WebPage":[]},"graphName":"","isEnabled":true},"graphs":[]},"schema_type":"default","schema_type_options":null,"pillar_content":false,"robots_default":true,"robots_noindex":false,"robots_noarchive":false,"robots_nosnippet":false,"robots_nofollow":false,"robots_noimageindex":false,"robots_noodp":false,"robots_notranslate":false,"robots_max_snippet":null,"robots_max_videopreview":null,"robots_max_imagepreview":"large","priority":null,"frequency":null,"local_seo":null,"breadcrumb_settings":null,"limit_modified_date":false,"ai":null,"created":"2024-09-20 21:50:58","updated":"2025-10-24 04:09:13","seo_analyzer_scan_date":null,"focus_keyword":null,"additional_keywords":null,"truseo_locale":null},"aioseo_breadcrumb":"<div class=\"aioseo-breadcrumbs\"><span class=\"aioseo-breadcrumb\">\n\t\t\t<a href=\"https:\/\/www.immo-invest.ch\/fr\/\" title=\"Home\">Home<\/a>\n\t\t<\/span><span class=\"aioseo-breadcrumb-separator\">&raquo;<\/span><span class=\"aioseo-breadcrumb\">\n\t\t\t<a href=\"https:\/\/www.immo-invest.ch\/fr\/categories\/regions\/\" title=\"R\u00e9gions\">R\u00e9gions<\/a>\n\t\t<\/span><span class=\"aioseo-breadcrumb-separator\">&raquo;<\/span><span class=\"aioseo-breadcrumb\">\n\t\t\t<a href=\"https:\/\/www.immo-invest.ch\/fr\/categories\/regions\/suisse\/\" title=\"Suisse\">Suisse<\/a>\n\t\t<\/span><span class=\"aioseo-breadcrumb-separator\">&raquo;<\/span><span class=\"aioseo-breadcrumb\">\n\t\t\t<a href=\"https:\/\/www.immo-invest.ch\/fr\/categories\/regions\/suisse\/region-zentralschweiz\/\" title=\"Zentralschweiz\">Zentralschweiz<\/a>\n\t\t<\/span><span class=\"aioseo-breadcrumb-separator\">&raquo;<\/span><span class=\"aioseo-breadcrumb\">\n\t\t\t<a href=\"https:\/\/www.immo-invest.ch\/fr\/categories\/regions\/suisse\/region-zentralschweiz\/region-lucerne\/\" title=\"Lucerne\">Lucerne<\/a>\n\t\t<\/span><span class=\"aioseo-breadcrumb-separator\">&raquo;<\/span><span class=\"aioseo-breadcrumb\">\n\t\t\tLe P.A.W. Hub pr\u00e9sente un centre d\u2019innovation pour Lucerne Nord\n\t\t<\/span><\/div>","aioseo_breadcrumb_json":[{"label":"Home","link":"https:\/\/www.immo-invest.ch\/fr\/"},{"label":"R\u00e9gions","link":"https:\/\/www.immo-invest.ch\/fr\/categories\/regions\/"},{"label":"Suisse","link":"https:\/\/www.immo-invest.ch\/fr\/categories\/regions\/suisse\/"},{"label":"Zentralschweiz","link":"https:\/\/www.immo-invest.ch\/fr\/categories\/regions\/suisse\/region-zentralschweiz\/"},{"label":"Lucerne","link":"https:\/\/www.immo-invest.ch\/fr\/categories\/regions\/suisse\/region-zentralschweiz\/region-lucerne\/"},{"label":"Le P.A.W. Hub pr\u00e9sente un centre d&rsquo;innovation pour Lucerne Nord","link":"https:\/\/www.immo-invest.ch\/fr\/p-a-w-hub-stellt-innovationszentrum-fuer-luzern-nord-vor\/"}],"featured_image_src":"https:\/\/www.immo-invest.ch\/wp-content\/uploads\/2021\/05\/bauen-10-150x150.png","_links":{"self":[{"href":"https:\/\/www.immo-invest.ch\/fr\/wp-json\/wp\/v2\/posts\/101995","targetHints":{"allow":["GET"]}}],"collection":[{"href":"https:\/\/www.immo-invest.ch\/fr\/wp-json\/wp\/v2\/posts"}],"about":[{"href":"https:\/\/www.immo-invest.ch\/fr\/wp-json\/wp\/v2\/types\/post"}],"author":[{"embeddable":true,"href":"https:\/\/www.immo-invest.ch\/fr\/wp-json\/wp\/v2\/users\/2"}],"replies":[{"embeddable":true,"href":"https:\/\/www.immo-invest.ch\/fr\/wp-json\/wp\/v2\/comments?post=101995"}],"version-history":[{"count":0,"href":"https:\/\/www.immo-invest.ch\/fr\/wp-json\/wp\/v2\/posts\/101995\/revisions"}],"wp:featuredmedia":[{"embeddable":true,"href":"https:\/\/www.immo-invest.ch\/fr\/wp-json\/wp\/v2\/media\/17999"}],"wp:attachment":[{"href":"https:\/\/www.immo-invest.ch\/fr\/wp-json\/wp\/v2\/media?parent=101995"}],"wp:term":[{"taxonomy":"category","embeddable":true,"href":"https:\/\/www.immo-invest.ch\/fr\/wp-json\/wp\/v2\/categories?post=101995"},{"taxonomy":"post_tag","embeddable":true,"href":"https:\/\/www.immo-invest.ch\/fr\/wp-json\/wp\/v2\/tags?post=101995"}],"curies":[{"name":"wp","href":"https:\/\/api.w.org\/{rel}","templated":true}]}}