{"id":101869,"date":"2024-06-20T08:28:46","date_gmt":"2024-06-20T06:28:46","guid":{"rendered":"https:\/\/www.immo-invest.ch\/kva-linth-erhaelt-spezialpreis-fuer-co2-abscheidungsprojekt\/"},"modified":"2024-06-20T08:35:52","modified_gmt":"2024-06-20T06:35:52","slug":"kva-linth-erhaelt-spezialpreis-fuer-co2-abscheidungsprojekt","status":"publish","type":"post","link":"https:\/\/www.immo-invest.ch\/fr\/kva-linth-erhaelt-spezialpreis-fuer-co2-abscheidungsprojekt\/","title":{"rendered":"L&rsquo;UIOM Linth re\u00e7oit un prix sp\u00e9cial pour son projet de capture du CO2"},"content":{"rendered":"<p class=\"bodytext\">L&rsquo;usine d&rsquo;incin&eacute;ration des ordures m&eacute;nag&egrave;res de Linth<a href=\"https:\/\/www.kva-linth.ch\/\" target=\"_blank\" rel=\"noopener\">(KVA Linth<\/a>) a re&ccedil;u un prix sp&eacute;cial d&rsquo;<a href=\"https:\/\/infrawatt.ch\/\" target=\"_blank\" rel=\"noopener\">InfraWatt<\/a>. L&rsquo;association vaudoise pour la valorisation &eacute;nerg&eacute;tique des eaux us&eacute;es, des d&eacute;chets, des rejets thermiques et de l&rsquo;eau potable a ainsi r&eacute;compens&eacute; le projet de l&rsquo;UIOM Linth de construire d&rsquo;ici 2029 une grande installation de captage et de stockage du dioxyde de carbone, peut on lire dans un <a href=\"https:\/\/infrawatt.ch\/wp-content\/uploads\/2024\/06\/20240612_Pressemitteilung-InfraWatt-Spezialpreis-KVA-Linth.pdf\" target=\"_blank\" rel=\"noopener\">communiqu&eacute; de presse<\/a>.<\/p>\n<p class=\"bodytext\">De telles installations CCS (Carbon Capture and Storage) permettent de filtrer le dioxyde de carbone de l&rsquo;air de combustion et de l&rsquo;acheminer vers des r&eacute;servoirs sp&eacute;cialement con&ccedil;us &agrave; cet effet. Dans ce cas, le CO2 capt&eacute; dans l&rsquo;installation de l&rsquo;UIOM Linth est comprim&eacute; et liqu&eacute;fi&eacute; &agrave; basse temp&eacute;rature avant d&rsquo;&ecirc;tre transport&eacute; dans des wagons-citernes. L&rsquo;installation de captage de l&rsquo;UIOM Linth devrait atteindre un rendement de 90%, ce qui correspond &agrave; environ 15,5 tonnes de CO2 capt&eacute; par heure. A l&rsquo;ach&egrave;vement de l&rsquo;installation en 2029, 120 000 tonnes de dioxyde de carbone pourront ainsi &ecirc;tre capt&eacute;es et stock&eacute;es chaque ann&eacute;e pour 8000 heures de fonctionnement.<\/p>\n<p class=\"bodytext\">Le projet est &eacute;labor&eacute; en collaboration avec l&rsquo;UIOM Linth et le Centre pour l&rsquo;utilisation durable des d&eacute;chets et des ressources. Toutes les &eacute;tapes de d&eacute;veloppement seront rendues accessibles de mani&egrave;re transparente &agrave; toutes les UIOM de Suisse, qui pourront alors mettre en &oelig;uvre les technologies correspondantes.<\/p>\n","protected":false},"excerpt":{"rendered":"<p>L&rsquo;usine d&rsquo;incin\u00e9ration des d\u00e9chets de Linth a re\u00e7u un prix sp\u00e9cial d&rsquo;InfraWatt pour son projet de capture et de stockage du CO2. D&rsquo;ici 2029, une installation doit \u00eatre construite pour capter et stocker 120&rsquo;000 tonnes de CO2 par an.<\/p>\n","protected":false},"author":2,"featured_media":101864,"comment_status":"open","ping_status":"open","sticky":false,"template":"","format":"standard","meta":{"pmpro_default_level":"","inline_featured_image":false,"_monsterinsights_skip_tracking":false,"footnotes":""},"categories":[22699,8747,743,46427],"tags":[47599,872,3931,1822,2002],"class_list":["post-101869","post","type-post","status-publish","format-standard","has-post-thumbnail","hentry","category-durabilite","category-energie","category-immonews-fr","category-waadt-fr","tag-co2-abscheidung-3-fr","tag-immoinvest-fr","tag-immonews-fr","tag-klimaschutz-fr","tag-news-fr","pmpro-has-access"],"acf":{"bild_mit_ki_erstellt_worden":[],"lead":"L'usine d'incin\u00e9ration des d\u00e9chets de Linth a re\u00e7u un prix sp\u00e9cial d'InfraWatt pour son projet de capture et de stockage du CO2. D'ici 2029, une installation doit \u00eatre construite pour capter et stocker 120'000 tonnes de CO2 par an.","autor":"ce\/ww","ort":"Niederurnen GL\/Yverdon-les-Bains VD","bildunterschrift":"","bild_im_grid":false,"gallerie":"","newsim":""},"aioseo_notices":[],"aioseo_head":"\n\t\t<!-- All in One SEO 5.0.1.1 - aioseo.com -->\n\t<meta name=\"description\" content=\"L&#039;usine d&#039;incin\u00e9ration des d\u00e9chets de Linth a re\u00e7u un prix sp\u00e9cial d&#039;InfraWatt pour son projet de capture et de stockage du CO2. D&#039;ici 2029, une installation doit \u00eatre construite pour capter et stocker 120&#039;000 tonnes de CO2 par an.\" \/>\n\t<meta name=\"robots\" content=\"max-image-preview:large\" \/>\n\t<meta name=\"author\" content=\"immovestuser\"\/>\n\t<meta name=\"google-site-verification\" content=\"fHJKvgWpZCR2zVBHWfkQeFXC11qieUSff0HGNYfuyLA\" \/>\n\t<link rel=\"canonical\" href=\"https:\/\/www.immo-invest.ch\/fr\/kva-linth-erhaelt-spezialpreis-fuer-co2-abscheidungsprojekt\/\" \/>\n\t<meta name=\"generator\" content=\"All in One SEO (AIOSEO) 5.0.1.1\" \/>\n\t\t<meta property=\"og:locale\" content=\"fr_FR\" \/>\n\t\t<meta property=\"og:site_name\" content=\"immo!nvest - Die Plattform f\u00fcr Standorte und Immobilien - Die\u00a0Plattform f\u00fcr Standorte und Immobilien\" \/>\n\t\t<meta property=\"og:type\" content=\"article\" \/>\n\t\t<meta property=\"og:title\" content=\"L\u2019UIOM Linth re\u00e7oit un prix sp\u00e9cial pour son projet de capture du CO2 - immo!nvest - Die Plattform f\u00fcr Standorte und Immobilien\" \/>\n\t\t<meta property=\"og:description\" content=\"L&#039;usine d&#039;incin\u00e9ration des d\u00e9chets de Linth a re\u00e7u un prix sp\u00e9cial d&#039;InfraWatt pour son projet de capture et de stockage du CO2. D&#039;ici 2029, une installation doit \u00eatre construite pour capter et stocker 120&#039;000 tonnes de CO2 par an.\" \/>\n\t\t<meta property=\"og:url\" content=\"https:\/\/www.immo-invest.ch\/fr\/kva-linth-erhaelt-spezialpreis-fuer-co2-abscheidungsprojekt\/\" \/>\n\t\t<meta property=\"og:image\" content=\"https:\/\/www.immo-invest.ch\/wp-content\/uploads\/2024\/06\/Unbenannt-21.png\" \/>\n\t\t<meta property=\"og:image:secure_url\" content=\"https:\/\/www.immo-invest.ch\/wp-content\/uploads\/2024\/06\/Unbenannt-21.png\" \/>\n\t\t<meta property=\"og:image:width\" content=\"1792\" \/>\n\t\t<meta property=\"og:image:height\" content=\"1024\" \/>\n\t\t<meta property=\"article:published_time\" content=\"2024-06-20T06:28:46+00:00\" \/>\n\t\t<meta property=\"article:modified_time\" content=\"2024-06-20T06:35:52+00:00\" \/>\n\t\t<meta property=\"article:publisher\" content=\"https:\/\/www.facebook.com\/people\/Immoinvest\/100077962920504\/\" \/>\n\t\t<meta name=\"twitter:card\" content=\"summary_large_image\" \/>\n\t\t<meta name=\"twitter:site\" content=\"@i\" \/>\n\t\t<meta name=\"twitter:title\" content=\"L\u2019UIOM Linth re\u00e7oit un prix sp\u00e9cial pour son projet de capture du CO2 - immo!nvest - Die Plattform f\u00fcr Standorte und Immobilien\" \/>\n\t\t<meta name=\"twitter:description\" content=\"L&#039;usine d&#039;incin\u00e9ration des d\u00e9chets de Linth a re\u00e7u un prix sp\u00e9cial d&#039;InfraWatt pour son projet de capture et de stockage du CO2. D&#039;ici 2029, une installation doit \u00eatre construite pour capter et stocker 120&#039;000 tonnes de CO2 par an.\" \/>\n\t\t<meta name=\"twitter:creator\" content=\"@i\" \/>\n\t\t<meta name=\"twitter:image\" content=\"https:\/\/www.immo-invest.ch\/wp-content\/uploads\/2024\/06\/Unbenannt-21.png\" \/>\n\t\t<script type=\"application\/ld+json\" class=\"aioseo-schema\">\n\t\t\t{\"@context\":\"https:\\\/\\\/schema.org\",\"@graph\":[{\"@type\":\"BlogPosting\",\"@id\":\"https:\\\/\\\/www.immo-invest.ch\\\/fr\\\/kva-linth-erhaelt-spezialpreis-fuer-co2-abscheidungsprojekt\\\/#blogposting\",\"name\":\"L\\u2019UIOM Linth re\\u00e7oit un prix sp\\u00e9cial pour son projet de capture du CO2 - immo!nvest - Die Plattform f\\u00fcr Standorte und Immobilien\",\"headline\":\"L&rsquo;UIOM Linth re\\u00e7oit un prix sp\\u00e9cial pour son projet de capture du CO2\",\"author\":{\"@id\":\"https:\\\/\\\/www.immo-invest.ch\\\/fr\\\/author\\\/immovestuser\\\/#author\"},\"publisher\":{\"@id\":\"https:\\\/\\\/www.immo-invest.ch\\\/fr\\\/#organization\"},\"image\":{\"@type\":\"ImageObject\",\"url\":\"https:\\\/\\\/www.immo-invest.ch\\\/wp-content\\\/uploads\\\/2024\\\/06\\\/Unbenannt-21.png\",\"width\":1792,\"height\":1024},\"datePublished\":\"2024-06-20T08:28:46+02:00\",\"dateModified\":\"2024-06-20T08:35:52+02:00\",\"inLanguage\":\"fr-FR\",\"mainEntityOfPage\":{\"@id\":\"https:\\\/\\\/www.immo-invest.ch\\\/fr\\\/kva-linth-erhaelt-spezialpreis-fuer-co2-abscheidungsprojekt\\\/#webpage\"},\"isPartOf\":{\"@id\":\"https:\\\/\\\/www.immo-invest.ch\\\/fr\\\/kva-linth-erhaelt-spezialpreis-fuer-co2-abscheidungsprojekt\\\/#webpage\"},\"articleSection\":\"Durabilit\\u00e9, \\u00c9nergie, immoNews, Waadt, CO2-Abscheidung, Immoinvest, immoNews, klimaschutz, News, Facultatif\"},{\"@type\":\"BreadcrumbList\",\"@id\":\"https:\\\/\\\/www.immo-invest.ch\\\/fr\\\/kva-linth-erhaelt-spezialpreis-fuer-co2-abscheidungsprojekt\\\/#breadcrumblist\",\"itemListElement\":[{\"@type\":\"ListItem\",\"@id\":\"https:\\\/\\\/www.immo-invest.ch\\\/fr\\\/#listItem\",\"position\":1,\"name\":\"Home\",\"item\":\"https:\\\/\\\/www.immo-invest.ch\\\/fr\\\/\",\"nextItem\":{\"@type\":\"ListItem\",\"@id\":\"https:\\\/\\\/www.immo-invest.ch\\\/fr\\\/categories\\\/regions\\\/#listItem\",\"name\":\"R\\u00e9gions\"}},{\"@type\":\"ListItem\",\"@id\":\"https:\\\/\\\/www.immo-invest.ch\\\/fr\\\/categories\\\/regions\\\/#listItem\",\"position\":2,\"name\":\"R\\u00e9gions\",\"item\":\"https:\\\/\\\/www.immo-invest.ch\\\/fr\\\/categories\\\/regions\\\/\",\"nextItem\":{\"@type\":\"ListItem\",\"@id\":\"https:\\\/\\\/www.immo-invest.ch\\\/fr\\\/categories\\\/regions\\\/suisse\\\/#listItem\",\"name\":\"Suisse\"},\"previousItem\":{\"@type\":\"ListItem\",\"@id\":\"https:\\\/\\\/www.immo-invest.ch\\\/fr\\\/#listItem\",\"name\":\"Home\"}},{\"@type\":\"ListItem\",\"@id\":\"https:\\\/\\\/www.immo-invest.ch\\\/fr\\\/categories\\\/regions\\\/suisse\\\/#listItem\",\"position\":3,\"name\":\"Suisse\",\"item\":\"https:\\\/\\\/www.immo-invest.ch\\\/fr\\\/categories\\\/regions\\\/suisse\\\/\",\"nextItem\":{\"@type\":\"ListItem\",\"@id\":\"https:\\\/\\\/www.immo-invest.ch\\\/fr\\\/categories\\\/regions\\\/suisse\\\/region-lemanique\\\/#listItem\",\"name\":\"R\\u00e9gion l\\u00e9manique\"},\"previousItem\":{\"@type\":\"ListItem\",\"@id\":\"https:\\\/\\\/www.immo-invest.ch\\\/fr\\\/categories\\\/regions\\\/#listItem\",\"name\":\"R\\u00e9gions\"}},{\"@type\":\"ListItem\",\"@id\":\"https:\\\/\\\/www.immo-invest.ch\\\/fr\\\/categories\\\/regions\\\/suisse\\\/region-lemanique\\\/#listItem\",\"position\":4,\"name\":\"R\\u00e9gion l\\u00e9manique\",\"item\":\"https:\\\/\\\/www.immo-invest.ch\\\/fr\\\/categories\\\/regions\\\/suisse\\\/region-lemanique\\\/\",\"nextItem\":{\"@type\":\"ListItem\",\"@id\":\"https:\\\/\\\/www.immo-invest.ch\\\/fr\\\/categories\\\/regions\\\/suisse\\\/region-lemanique\\\/waadt-fr\\\/#listItem\",\"name\":\"Waadt\"},\"previousItem\":{\"@type\":\"ListItem\",\"@id\":\"https:\\\/\\\/www.immo-invest.ch\\\/fr\\\/categories\\\/regions\\\/suisse\\\/#listItem\",\"name\":\"Suisse\"}},{\"@type\":\"ListItem\",\"@id\":\"https:\\\/\\\/www.immo-invest.ch\\\/fr\\\/categories\\\/regions\\\/suisse\\\/region-lemanique\\\/waadt-fr\\\/#listItem\",\"position\":5,\"name\":\"Waadt\",\"item\":\"https:\\\/\\\/www.immo-invest.ch\\\/fr\\\/categories\\\/regions\\\/suisse\\\/region-lemanique\\\/waadt-fr\\\/\",\"nextItem\":{\"@type\":\"ListItem\",\"@id\":\"https:\\\/\\\/www.immo-invest.ch\\\/fr\\\/kva-linth-erhaelt-spezialpreis-fuer-co2-abscheidungsprojekt\\\/#listItem\",\"name\":\"L&rsquo;UIOM Linth re\\u00e7oit un prix sp\\u00e9cial pour son projet de capture du CO2\"},\"previousItem\":{\"@type\":\"ListItem\",\"@id\":\"https:\\\/\\\/www.immo-invest.ch\\\/fr\\\/categories\\\/regions\\\/suisse\\\/region-lemanique\\\/#listItem\",\"name\":\"R\\u00e9gion l\\u00e9manique\"}},{\"@type\":\"ListItem\",\"@id\":\"https:\\\/\\\/www.immo-invest.ch\\\/fr\\\/kva-linth-erhaelt-spezialpreis-fuer-co2-abscheidungsprojekt\\\/#listItem\",\"position\":6,\"name\":\"L&rsquo;UIOM Linth re\\u00e7oit un prix sp\\u00e9cial pour son projet de capture du CO2\",\"previousItem\":{\"@type\":\"ListItem\",\"@id\":\"https:\\\/\\\/www.immo-invest.ch\\\/fr\\\/categories\\\/regions\\\/suisse\\\/region-lemanique\\\/waadt-fr\\\/#listItem\",\"name\":\"Waadt\"}}]},{\"@type\":\"Organization\",\"@id\":\"https:\\\/\\\/www.immo-invest.ch\\\/fr\\\/#organization\",\"name\":\"immo!nvest - Die Plattform f\\u00fcr Standorte und Immobilien\",\"description\":\"Die\\u00a0Plattform f\\u00fcr Standorte und Immobilien\",\"url\":\"https:\\\/\\\/www.immo-invest.ch\\\/fr\\\/\",\"email\":\"admin@immomedia.ag\",\"telephone\":\"+41444420002\",\"logo\":{\"@type\":\"ImageObject\",\"url\":\"https:\\\/\\\/www.immo-invest.ch\\\/wp-content\\\/uploads\\\/2024\\\/09\\\/immoinvest_sm-scaled.jpg\",\"@id\":\"https:\\\/\\\/www.immo-invest.ch\\\/fr\\\/kva-linth-erhaelt-spezialpreis-fuer-co2-abscheidungsprojekt\\\/#organizationLogo\",\"width\":2560,\"height\":1340},\"image\":{\"@id\":\"https:\\\/\\\/www.immo-invest.ch\\\/fr\\\/kva-linth-erhaelt-spezialpreis-fuer-co2-abscheidungsprojekt\\\/#organizationLogo\"},\"sameAs\":[\"https:\\\/\\\/www.facebook.com\\\/people\\\/Immoinvest\\\/100077962920504\\\/\",\"https:\\\/\\\/x.com\\\/i\\\/flow\\\/login?redirect_after_login=immoinvest_ch\",\"https:\\\/\\\/www.instagram.com\\\/immoinvest_ch\\\/\",\"https:\\\/\\\/www.linkedin.com\\\/company\\\/immoinvest-swiss\"]},{\"@type\":\"Person\",\"@id\":\"https:\\\/\\\/www.immo-invest.ch\\\/fr\\\/author\\\/immovestuser\\\/#author\",\"url\":\"https:\\\/\\\/www.immo-invest.ch\\\/fr\\\/author\\\/immovestuser\\\/\",\"name\":\"immovestuser\",\"image\":{\"@type\":\"ImageObject\",\"@id\":\"https:\\\/\\\/www.immo-invest.ch\\\/fr\\\/kva-linth-erhaelt-spezialpreis-fuer-co2-abscheidungsprojekt\\\/#authorImage\",\"url\":\"https:\\\/\\\/secure.gravatar.com\\\/avatar\\\/8e01f4d99f2eeea7a362ebb93305e1172a70e9293ba250f897a65c39f54cdd1e?s=96&d=mm&r=g\",\"width\":96,\"height\":96,\"caption\":\"immovestuser\"}},{\"@type\":\"WebPage\",\"@id\":\"https:\\\/\\\/www.immo-invest.ch\\\/fr\\\/kva-linth-erhaelt-spezialpreis-fuer-co2-abscheidungsprojekt\\\/#webpage\",\"url\":\"https:\\\/\\\/www.immo-invest.ch\\\/fr\\\/kva-linth-erhaelt-spezialpreis-fuer-co2-abscheidungsprojekt\\\/\",\"name\":\"L\\u2019UIOM Linth re\\u00e7oit un prix sp\\u00e9cial pour son projet de capture du CO2 - immo!nvest - Die Plattform f\\u00fcr Standorte und Immobilien\",\"description\":\"L'usine d'incin\\u00e9ration des d\\u00e9chets de Linth a re\\u00e7u un prix sp\\u00e9cial d'InfraWatt pour son projet de capture et de stockage du CO2. D'ici 2029, une installation doit \\u00eatre construite pour capter et stocker 120'000 tonnes de CO2 par an.\",\"inLanguage\":\"fr-FR\",\"isPartOf\":{\"@id\":\"https:\\\/\\\/www.immo-invest.ch\\\/fr\\\/#website\"},\"breadcrumb\":{\"@id\":\"https:\\\/\\\/www.immo-invest.ch\\\/fr\\\/kva-linth-erhaelt-spezialpreis-fuer-co2-abscheidungsprojekt\\\/#breadcrumblist\"},\"author\":{\"@id\":\"https:\\\/\\\/www.immo-invest.ch\\\/fr\\\/author\\\/immovestuser\\\/#author\"},\"creator\":{\"@id\":\"https:\\\/\\\/www.immo-invest.ch\\\/fr\\\/author\\\/immovestuser\\\/#author\"},\"image\":{\"@type\":\"ImageObject\",\"url\":\"https:\\\/\\\/www.immo-invest.ch\\\/wp-content\\\/uploads\\\/2024\\\/06\\\/Unbenannt-21.png\",\"@id\":\"https:\\\/\\\/www.immo-invest.ch\\\/fr\\\/kva-linth-erhaelt-spezialpreis-fuer-co2-abscheidungsprojekt\\\/#mainImage\",\"width\":1792,\"height\":1024},\"primaryImageOfPage\":{\"@id\":\"https:\\\/\\\/www.immo-invest.ch\\\/fr\\\/kva-linth-erhaelt-spezialpreis-fuer-co2-abscheidungsprojekt\\\/#mainImage\"},\"datePublished\":\"2024-06-20T08:28:46+02:00\",\"dateModified\":\"2024-06-20T08:35:52+02:00\"},{\"@type\":\"WebSite\",\"@id\":\"https:\\\/\\\/www.immo-invest.ch\\\/fr\\\/#website\",\"url\":\"https:\\\/\\\/www.immo-invest.ch\\\/fr\\\/\",\"name\":\"immo!nvest - Die Plattform f\\u00fcr Standorte und Immobilien\",\"description\":\"Die\\u00a0Plattform f\\u00fcr Standorte und Immobilien\",\"inLanguage\":\"fr-FR\",\"publisher\":{\"@id\":\"https:\\\/\\\/www.immo-invest.ch\\\/fr\\\/#organization\"}}]}\n\t\t<\/script>\n\t\t<!-- All in One SEO -->\n\n","aioseo_head_json":{"title":"L\u2019UIOM Linth re\u00e7oit un prix sp\u00e9cial pour son projet de capture du CO2 - immo!nvest - Die Plattform f\u00fcr Standorte und Immobilien","description":"L'usine d'incin\u00e9ration des d\u00e9chets de Linth a re\u00e7u un prix sp\u00e9cial d'InfraWatt pour son projet de capture et de stockage du CO2. D'ici 2029, une installation doit \u00eatre construite pour capter et stocker 120'000 tonnes de CO2 par an.","canonical_url":"https:\/\/www.immo-invest.ch\/fr\/kva-linth-erhaelt-spezialpreis-fuer-co2-abscheidungsprojekt\/","robots":"max-image-preview:large","keywords":"","webmasterTools":{"google-site-verification":"fHJKvgWpZCR2zVBHWfkQeFXC11qieUSff0HGNYfuyLA","miscellaneous":""},"schema":{"@context":"https:\/\/schema.org","@graph":[{"@type":"BlogPosting","@id":"https:\/\/www.immo-invest.ch\/fr\/kva-linth-erhaelt-spezialpreis-fuer-co2-abscheidungsprojekt\/#blogposting","name":"L\u2019UIOM Linth re\u00e7oit un prix sp\u00e9cial pour son projet de capture du CO2 - immo!nvest - Die Plattform f\u00fcr Standorte und Immobilien","headline":"L&rsquo;UIOM Linth re\u00e7oit un prix sp\u00e9cial pour son projet de capture du CO2","author":{"@id":"https:\/\/www.immo-invest.ch\/fr\/author\/immovestuser\/#author"},"publisher":{"@id":"https:\/\/www.immo-invest.ch\/fr\/#organization"},"image":{"@type":"ImageObject","url":"https:\/\/www.immo-invest.ch\/wp-content\/uploads\/2024\/06\/Unbenannt-21.png","width":1792,"height":1024},"datePublished":"2024-06-20T08:28:46+02:00","dateModified":"2024-06-20T08:35:52+02:00","inLanguage":"fr-FR","mainEntityOfPage":{"@id":"https:\/\/www.immo-invest.ch\/fr\/kva-linth-erhaelt-spezialpreis-fuer-co2-abscheidungsprojekt\/#webpage"},"isPartOf":{"@id":"https:\/\/www.immo-invest.ch\/fr\/kva-linth-erhaelt-spezialpreis-fuer-co2-abscheidungsprojekt\/#webpage"},"articleSection":"Durabilit\u00e9, \u00c9nergie, immoNews, Waadt, CO2-Abscheidung, Immoinvest, immoNews, klimaschutz, News, Facultatif"},{"@type":"BreadcrumbList","@id":"https:\/\/www.immo-invest.ch\/fr\/kva-linth-erhaelt-spezialpreis-fuer-co2-abscheidungsprojekt\/#breadcrumblist","itemListElement":[{"@type":"ListItem","@id":"https:\/\/www.immo-invest.ch\/fr\/#listItem","position":1,"name":"Home","item":"https:\/\/www.immo-invest.ch\/fr\/","nextItem":{"@type":"ListItem","@id":"https:\/\/www.immo-invest.ch\/fr\/categories\/regions\/#listItem","name":"R\u00e9gions"}},{"@type":"ListItem","@id":"https:\/\/www.immo-invest.ch\/fr\/categories\/regions\/#listItem","position":2,"name":"R\u00e9gions","item":"https:\/\/www.immo-invest.ch\/fr\/categories\/regions\/","nextItem":{"@type":"ListItem","@id":"https:\/\/www.immo-invest.ch\/fr\/categories\/regions\/suisse\/#listItem","name":"Suisse"},"previousItem":{"@type":"ListItem","@id":"https:\/\/www.immo-invest.ch\/fr\/#listItem","name":"Home"}},{"@type":"ListItem","@id":"https:\/\/www.immo-invest.ch\/fr\/categories\/regions\/suisse\/#listItem","position":3,"name":"Suisse","item":"https:\/\/www.immo-invest.ch\/fr\/categories\/regions\/suisse\/","nextItem":{"@type":"ListItem","@id":"https:\/\/www.immo-invest.ch\/fr\/categories\/regions\/suisse\/region-lemanique\/#listItem","name":"R\u00e9gion l\u00e9manique"},"previousItem":{"@type":"ListItem","@id":"https:\/\/www.immo-invest.ch\/fr\/categories\/regions\/#listItem","name":"R\u00e9gions"}},{"@type":"ListItem","@id":"https:\/\/www.immo-invest.ch\/fr\/categories\/regions\/suisse\/region-lemanique\/#listItem","position":4,"name":"R\u00e9gion l\u00e9manique","item":"https:\/\/www.immo-invest.ch\/fr\/categories\/regions\/suisse\/region-lemanique\/","nextItem":{"@type":"ListItem","@id":"https:\/\/www.immo-invest.ch\/fr\/categories\/regions\/suisse\/region-lemanique\/waadt-fr\/#listItem","name":"Waadt"},"previousItem":{"@type":"ListItem","@id":"https:\/\/www.immo-invest.ch\/fr\/categories\/regions\/suisse\/#listItem","name":"Suisse"}},{"@type":"ListItem","@id":"https:\/\/www.immo-invest.ch\/fr\/categories\/regions\/suisse\/region-lemanique\/waadt-fr\/#listItem","position":5,"name":"Waadt","item":"https:\/\/www.immo-invest.ch\/fr\/categories\/regions\/suisse\/region-lemanique\/waadt-fr\/","nextItem":{"@type":"ListItem","@id":"https:\/\/www.immo-invest.ch\/fr\/kva-linth-erhaelt-spezialpreis-fuer-co2-abscheidungsprojekt\/#listItem","name":"L&rsquo;UIOM Linth re\u00e7oit un prix sp\u00e9cial pour son projet de capture du CO2"},"previousItem":{"@type":"ListItem","@id":"https:\/\/www.immo-invest.ch\/fr\/categories\/regions\/suisse\/region-lemanique\/#listItem","name":"R\u00e9gion l\u00e9manique"}},{"@type":"ListItem","@id":"https:\/\/www.immo-invest.ch\/fr\/kva-linth-erhaelt-spezialpreis-fuer-co2-abscheidungsprojekt\/#listItem","position":6,"name":"L&rsquo;UIOM Linth re\u00e7oit un prix sp\u00e9cial pour son projet de capture du CO2","previousItem":{"@type":"ListItem","@id":"https:\/\/www.immo-invest.ch\/fr\/categories\/regions\/suisse\/region-lemanique\/waadt-fr\/#listItem","name":"Waadt"}}]},{"@type":"Organization","@id":"https:\/\/www.immo-invest.ch\/fr\/#organization","name":"immo!nvest - Die Plattform f\u00fcr Standorte und Immobilien","description":"Die\u00a0Plattform f\u00fcr Standorte und Immobilien","url":"https:\/\/www.immo-invest.ch\/fr\/","email":"admin@immomedia.ag","telephone":"+41444420002","logo":{"@type":"ImageObject","url":"https:\/\/www.immo-invest.ch\/wp-content\/uploads\/2024\/09\/immoinvest_sm-scaled.jpg","@id":"https:\/\/www.immo-invest.ch\/fr\/kva-linth-erhaelt-spezialpreis-fuer-co2-abscheidungsprojekt\/#organizationLogo","width":2560,"height":1340},"image":{"@id":"https:\/\/www.immo-invest.ch\/fr\/kva-linth-erhaelt-spezialpreis-fuer-co2-abscheidungsprojekt\/#organizationLogo"},"sameAs":["https:\/\/www.facebook.com\/people\/Immoinvest\/100077962920504\/","https:\/\/x.com\/i\/flow\/login?redirect_after_login=immoinvest_ch","https:\/\/www.instagram.com\/immoinvest_ch\/","https:\/\/www.linkedin.com\/company\/immoinvest-swiss"]},{"@type":"Person","@id":"https:\/\/www.immo-invest.ch\/fr\/author\/immovestuser\/#author","url":"https:\/\/www.immo-invest.ch\/fr\/author\/immovestuser\/","name":"immovestuser","image":{"@type":"ImageObject","@id":"https:\/\/www.immo-invest.ch\/fr\/kva-linth-erhaelt-spezialpreis-fuer-co2-abscheidungsprojekt\/#authorImage","url":"https:\/\/secure.gravatar.com\/avatar\/8e01f4d99f2eeea7a362ebb93305e1172a70e9293ba250f897a65c39f54cdd1e?s=96&d=mm&r=g","width":96,"height":96,"caption":"immovestuser"}},{"@type":"WebPage","@id":"https:\/\/www.immo-invest.ch\/fr\/kva-linth-erhaelt-spezialpreis-fuer-co2-abscheidungsprojekt\/#webpage","url":"https:\/\/www.immo-invest.ch\/fr\/kva-linth-erhaelt-spezialpreis-fuer-co2-abscheidungsprojekt\/","name":"L\u2019UIOM Linth re\u00e7oit un prix sp\u00e9cial pour son projet de capture du CO2 - immo!nvest - Die Plattform f\u00fcr Standorte und Immobilien","description":"L'usine d'incin\u00e9ration des d\u00e9chets de Linth a re\u00e7u un prix sp\u00e9cial d'InfraWatt pour son projet de capture et de stockage du CO2. D'ici 2029, une installation doit \u00eatre construite pour capter et stocker 120'000 tonnes de CO2 par an.","inLanguage":"fr-FR","isPartOf":{"@id":"https:\/\/www.immo-invest.ch\/fr\/#website"},"breadcrumb":{"@id":"https:\/\/www.immo-invest.ch\/fr\/kva-linth-erhaelt-spezialpreis-fuer-co2-abscheidungsprojekt\/#breadcrumblist"},"author":{"@id":"https:\/\/www.immo-invest.ch\/fr\/author\/immovestuser\/#author"},"creator":{"@id":"https:\/\/www.immo-invest.ch\/fr\/author\/immovestuser\/#author"},"image":{"@type":"ImageObject","url":"https:\/\/www.immo-invest.ch\/wp-content\/uploads\/2024\/06\/Unbenannt-21.png","@id":"https:\/\/www.immo-invest.ch\/fr\/kva-linth-erhaelt-spezialpreis-fuer-co2-abscheidungsprojekt\/#mainImage","width":1792,"height":1024},"primaryImageOfPage":{"@id":"https:\/\/www.immo-invest.ch\/fr\/kva-linth-erhaelt-spezialpreis-fuer-co2-abscheidungsprojekt\/#mainImage"},"datePublished":"2024-06-20T08:28:46+02:00","dateModified":"2024-06-20T08:35:52+02:00"},{"@type":"WebSite","@id":"https:\/\/www.immo-invest.ch\/fr\/#website","url":"https:\/\/www.immo-invest.ch\/fr\/","name":"immo!nvest - Die Plattform f\u00fcr Standorte und Immobilien","description":"Die\u00a0Plattform f\u00fcr Standorte und Immobilien","inLanguage":"fr-FR","publisher":{"@id":"https:\/\/www.immo-invest.ch\/fr\/#organization"}}]},"og:locale":"fr_FR","og:site_name":"immo!nvest - Die Plattform f\u00fcr Standorte und Immobilien - Die\u00a0Plattform f\u00fcr Standorte und Immobilien","og:type":"article","og:title":"L\u2019UIOM Linth re\u00e7oit un prix sp\u00e9cial pour son projet de capture du CO2 - immo!nvest - Die Plattform f\u00fcr Standorte und Immobilien","og:description":"L'usine d'incin\u00e9ration des d\u00e9chets de Linth a re\u00e7u un prix sp\u00e9cial d'InfraWatt pour son projet de capture et de stockage du CO2. D'ici 2029, une installation doit \u00eatre construite pour capter et stocker 120'000 tonnes de CO2 par an.","og:url":"https:\/\/www.immo-invest.ch\/fr\/kva-linth-erhaelt-spezialpreis-fuer-co2-abscheidungsprojekt\/","og:image":"https:\/\/www.immo-invest.ch\/wp-content\/uploads\/2024\/06\/Unbenannt-21.png","og:image:secure_url":"https:\/\/www.immo-invest.ch\/wp-content\/uploads\/2024\/06\/Unbenannt-21.png","og:image:width":1792,"og:image:height":1024,"article:published_time":"2024-06-20T06:28:46+00:00","article:modified_time":"2024-06-20T06:35:52+00:00","article:publisher":"https:\/\/www.facebook.com\/people\/Immoinvest\/100077962920504\/","twitter:card":"summary_large_image","twitter:site":"@i","twitter:title":"L\u2019UIOM Linth re\u00e7oit un prix sp\u00e9cial pour son projet de capture du CO2 - immo!nvest - Die Plattform f\u00fcr Standorte und Immobilien","twitter:description":"L'usine d'incin\u00e9ration des d\u00e9chets de Linth a re\u00e7u un prix sp\u00e9cial d'InfraWatt pour son projet de capture et de stockage du CO2. D'ici 2029, une installation doit \u00eatre construite pour capter et stocker 120'000 tonnes de CO2 par an.","twitter:creator":"@i","twitter:image":"https:\/\/www.immo-invest.ch\/wp-content\/uploads\/2024\/06\/Unbenannt-21.png"},"aioseo_meta_data":{"post_id":"101869","title":null,"description":null,"keywords":null,"keyphrases":null,"primary_term":null,"canonical_url":null,"og_title":null,"og_description":null,"og_object_type":"default","og_image_type":"default","og_image_url":null,"og_image_width":null,"og_image_height":null,"og_image_custom_url":null,"og_image_custom_fields":null,"og_video":null,"og_custom_url":null,"og_article_section":null,"og_article_tags":null,"twitter_use_og":false,"twitter_card":"default","twitter_image_type":"default","twitter_image_url":null,"twitter_image_custom_url":null,"twitter_image_custom_fields":null,"twitter_title":null,"twitter_description":null,"schema":{"blockGraphs":[],"customGraphs":[],"default":{"data":{"Article":[],"Course":[],"Dataset":[],"FAQPage":[],"Movie":[],"Person":[],"Product":[],"ProductReview":[],"Car":[],"Recipe":[],"Service":[],"SoftwareApplication":[],"WebPage":[]},"graphName":"","isEnabled":true},"graphs":[]},"schema_type":"default","schema_type_options":null,"pillar_content":false,"robots_default":true,"robots_noindex":false,"robots_noarchive":false,"robots_nosnippet":false,"robots_nofollow":false,"robots_noimageindex":false,"robots_noodp":false,"robots_notranslate":false,"robots_max_snippet":null,"robots_max_videopreview":null,"robots_max_imagepreview":"large","priority":null,"frequency":null,"local_seo":null,"breadcrumb_settings":null,"limit_modified_date":false,"ai":null,"created":"2024-09-20 21:47:57","updated":"2025-10-24 04:05:11","seo_analyzer_scan_date":null,"focus_keyword":null,"additional_keywords":null,"truseo_locale":null},"aioseo_breadcrumb":"<div class=\"aioseo-breadcrumbs\"><span class=\"aioseo-breadcrumb\">\n\t\t\t<a href=\"https:\/\/www.immo-invest.ch\/fr\/\" title=\"Home\">Home<\/a>\n\t\t<\/span><span class=\"aioseo-breadcrumb-separator\">&raquo;<\/span><span class=\"aioseo-breadcrumb\">\n\t\t\t<a href=\"https:\/\/www.immo-invest.ch\/fr\/categories\/regions\/\" title=\"R\u00e9gions\">R\u00e9gions<\/a>\n\t\t<\/span><span class=\"aioseo-breadcrumb-separator\">&raquo;<\/span><span class=\"aioseo-breadcrumb\">\n\t\t\t<a href=\"https:\/\/www.immo-invest.ch\/fr\/categories\/regions\/suisse\/\" title=\"Suisse\">Suisse<\/a>\n\t\t<\/span><span class=\"aioseo-breadcrumb-separator\">&raquo;<\/span><span class=\"aioseo-breadcrumb\">\n\t\t\t<a href=\"https:\/\/www.immo-invest.ch\/fr\/categories\/regions\/suisse\/region-lemanique\/\" title=\"R\u00e9gion l\u00e9manique\">R\u00e9gion l\u00e9manique<\/a>\n\t\t<\/span><span class=\"aioseo-breadcrumb-separator\">&raquo;<\/span><span class=\"aioseo-breadcrumb\">\n\t\t\t<a href=\"https:\/\/www.immo-invest.ch\/fr\/categories\/regions\/suisse\/region-lemanique\/waadt-fr\/\" title=\"Waadt\">Waadt<\/a>\n\t\t<\/span><span class=\"aioseo-breadcrumb-separator\">&raquo;<\/span><span class=\"aioseo-breadcrumb\">\n\t\t\tL\u2019UIOM Linth re\u00e7oit un prix sp\u00e9cial pour son projet de capture du CO2\n\t\t<\/span><\/div>","aioseo_breadcrumb_json":[{"label":"Home","link":"https:\/\/www.immo-invest.ch\/fr\/"},{"label":"R\u00e9gions","link":"https:\/\/www.immo-invest.ch\/fr\/categories\/regions\/"},{"label":"Suisse","link":"https:\/\/www.immo-invest.ch\/fr\/categories\/regions\/suisse\/"},{"label":"R\u00e9gion l\u00e9manique","link":"https:\/\/www.immo-invest.ch\/fr\/categories\/regions\/suisse\/region-lemanique\/"},{"label":"Waadt","link":"https:\/\/www.immo-invest.ch\/fr\/categories\/regions\/suisse\/region-lemanique\/waadt-fr\/"},{"label":"L&rsquo;UIOM Linth re\u00e7oit un prix sp\u00e9cial pour son projet de capture du CO2","link":"https:\/\/www.immo-invest.ch\/fr\/kva-linth-erhaelt-spezialpreis-fuer-co2-abscheidungsprojekt\/"}],"featured_image_src":"https:\/\/www.immo-invest.ch\/wp-content\/uploads\/2024\/06\/Unbenannt-21-336x168.png","_links":{"self":[{"href":"https:\/\/www.immo-invest.ch\/fr\/wp-json\/wp\/v2\/posts\/101869","targetHints":{"allow":["GET"]}}],"collection":[{"href":"https:\/\/www.immo-invest.ch\/fr\/wp-json\/wp\/v2\/posts"}],"about":[{"href":"https:\/\/www.immo-invest.ch\/fr\/wp-json\/wp\/v2\/types\/post"}],"author":[{"embeddable":true,"href":"https:\/\/www.immo-invest.ch\/fr\/wp-json\/wp\/v2\/users\/2"}],"replies":[{"embeddable":true,"href":"https:\/\/www.immo-invest.ch\/fr\/wp-json\/wp\/v2\/comments?post=101869"}],"version-history":[{"count":0,"href":"https:\/\/www.immo-invest.ch\/fr\/wp-json\/wp\/v2\/posts\/101869\/revisions"}],"wp:featuredmedia":[{"embeddable":true,"href":"https:\/\/www.immo-invest.ch\/fr\/wp-json\/wp\/v2\/media\/101864"}],"wp:attachment":[{"href":"https:\/\/www.immo-invest.ch\/fr\/wp-json\/wp\/v2\/media?parent=101869"}],"wp:term":[{"taxonomy":"category","embeddable":true,"href":"https:\/\/www.immo-invest.ch\/fr\/wp-json\/wp\/v2\/categories?post=101869"},{"taxonomy":"post_tag","embeddable":true,"href":"https:\/\/www.immo-invest.ch\/fr\/wp-json\/wp\/v2\/tags?post=101869"}],"curies":[{"name":"wp","href":"https:\/\/api.w.org\/{rel}","templated":true}]}}