{"id":100537,"date":"2024-06-17T08:47:00","date_gmt":"2024-06-17T06:47:00","guid":{"rendered":"https:\/\/www.immo-invest.ch\/eroeffnungstermin-fuer-neubau-des-kantonsspitals-baden-bekanntgegeben\/"},"modified":"2024-06-17T10:25:35","modified_gmt":"2024-06-17T08:25:35","slug":"eroeffnungstermin-fuer-neubau-des-kantonsspitals-baden-bekanntgegeben","status":"publish","type":"post","link":"https:\/\/www.immo-invest.ch\/fr\/eroeffnungstermin-fuer-neubau-des-kantonsspitals-baden-bekanntgegeben\/","title":{"rendered":"La date d&rsquo;ouverture du nouveau b\u00e2timent de l&rsquo;h\u00f4pital cantonal de Baden est annonc\u00e9e"},"content":{"rendered":"<p class=\"bodytext\">L&rsquo;h&ocirc;pital cantonal de Baden<a href=\"https:\/\/www.kantonsspitalbaden.ch\/\" target=\"_blank\" rel=\"noopener\">(KSB<\/a>) a annonc&eacute; la date d&rsquo;ouverture de son nouveau b&acirc;timent. Selon un <a href=\"https:\/\/www.kantonsspitalbaden.ch\/Meta\/News-Detail-Seite_108672.html\" target=\"_blank\" rel=\"noopener\">communiqu&eacute; de presse<\/a>, le nouveau KSB ouvrira officiellement ses portes le mardi 25 f&eacute;vrier 2025 et le d&eacute;m&eacute;nagement principal aura lieu le week-end suivant. Le nouveau b&acirc;timent a &eacute;t&eacute; achev&eacute; en six ans et demi de travaux. Avec une surface utile de 76 215 m&egrave;tres carr&eacute;s, il offrira environ 30% de surface en plus que le b&acirc;timent qui abrite le KSB depuis 1978.<\/p>\n<p class=\"bodytext\">Le d&eacute;m&eacute;nagement sera r&eacute;alis&eacute; en cinq jours. Au total, 4571 m&egrave;tres cubes de technique m&eacute;dicale et d&rsquo;autres marchandises seront d&eacute;plac&eacute;s, indique le communiqu&eacute; de KSB. Cela correspond au chargement de 76 camions de 40 tonnes chacun. Le projet est divis&eacute; en trois phases, pr&eacute;cise le communiqu&eacute;. Lors du pr&eacute;-d&eacute;m&eacute;nagement, le mat&eacute;riel est d&eacute;plac&eacute; afin que les m&eacute;decins et le personnel soignant puissent imm&eacute;diatement commencer leur travail dans le nouveau b&acirc;timent. Lors du d&eacute;m&eacute;nagement principal, la priorit&eacute; sera donn&eacute;e aux soins intensifs, &agrave; la surveillance, &agrave; la n&eacute;onatologie et aux urgences. Les activit&eacute;s de l&rsquo;h&ocirc;pital se poursuivront normalement.<\/p>\n<p class=\"bodytext\">Le nouveau b&acirc;timent devrait &ecirc;tre termin&eacute; plus t&ocirc;t. Mais la direction du KSB a d&eacute;lib&eacute;r&eacute;ment choisi le mois de f&eacute;vrier comme date de d&eacute;m&eacute;nagement. &laquo;&nbsp;Th&eacute;oriquement, le nouveau b&acirc;timent serait pr&ecirc;t &agrave; &ecirc;tre occup&eacute; d&egrave;s l&rsquo;automne prochain&nbsp;&raquo;, d&eacute;clare Adrian Schmitter, CEO du KSB, cit&eacute; dans le communiqu&eacute;. Il aurait cependant &eacute;t&eacute; difficile de d&eacute;m&eacute;nager avant les vacances d&rsquo;automne. En effet, le b&acirc;timent doit encore &ecirc;tre soumis au pr&eacute;alable &agrave; de nombreux tests complexes. De plus, toutes les autorisations d&rsquo;exploitation doivent &ecirc;tre obtenues.<\/p>\n<p class=\"bodytext\">Comme le KSB est tr&egrave;s occup&eacute; entre octobre et janvier et que de nombreux patients souffrant de maladies infectieuses sont trait&eacute;s pendant les &eacute;pid&eacute;mies de grippe, il a &eacute;t&eacute; d&eacute;cid&eacute; d&rsquo;utiliser la fen&ecirc;tre de temps avec moins de patients &agrave; partir de fin f&eacute;vrier pour le d&eacute;m&eacute;nagement. Pour plus de d&eacute;tails sur le nouveau b&acirc;timent de la CA, consultez le <a href=\"https:\/\/www.kantonsspitalbaden.ch\/Services\/Medien-Corner\/Publikationen\/MagazinDetail_108546.html\" target=\"_blank\" rel=\"noopener\">magazine de la CA 02-2024<\/a>.<\/p>\n","protected":false},"excerpt":{"rendered":"<p>L&rsquo;h\u00f4pital cantonal de Baden (KSB) emm\u00e9nagera dans son nouveau b\u00e2timent en f\u00e9vrier 2025. Avec une surface utile de 76 215 m\u00e8tres carr\u00e9s, il offrira environ 30 pour cent de surface en plus que l&rsquo;ancien b\u00e2timent datant de 1978.<\/p>\n","protected":false},"author":2,"featured_media":100504,"comment_status":"open","ping_status":"open","sticky":false,"template":"","format":"standard","meta":{"pmpro_default_level":"0","inline_featured_image":false,"_monsterinsights_skip_tracking":false,"footnotes":""},"categories":[47467,22357,9824],"tags":[848,872,3931,4163,47468,2225,3557],"class_list":["post-100537","post","type-post","status-publish","format-standard","has-post-thumbnail","hentry","category-baden-fr","category-industrie-du-batiment","category-nouvelle-construction","tag-immobilien-fr","tag-immoinvest-fr","tag-immonews-fr","tag-kantonsspital-fr","tag-krankenhaus-fr","tag-neubau-fr","tag-umzug-fr","pmpro-has-access"],"acf":{"bild_mit_ki_erstellt_worden":[],"lead":"L'h\u00f4pital cantonal de Baden (KSB) emm\u00e9nagera dans son nouveau b\u00e2timent en f\u00e9vrier 2025. Avec une surface utile de 76 215 m\u00e8tres carr\u00e9s, il offrira environ 30 pour cent de surface en plus que l'ancien b\u00e2timent datant de 1978.","autor":"ce\/gba\u00a0","ort":"Baden AG ","bildunterschrift":"","bild_im_grid":false,"gallerie":"","newsim":""},"aioseo_notices":[],"aioseo_head":"\n\t\t<!-- All in One SEO 5.0.0.1 - aioseo.com -->\n\t<meta name=\"description\" content=\"L&#039;h\u00f4pital cantonal de Baden (KSB) emm\u00e9nagera dans son nouveau b\u00e2timent en f\u00e9vrier 2025. Avec une surface utile de 76 215 m\u00e8tres carr\u00e9s, il offrira environ 30 pour cent de surface en plus que l&#039;ancien b\u00e2timent datant de 1978.\" \/>\n\t<meta name=\"robots\" content=\"max-image-preview:large\" \/>\n\t<meta name=\"author\" content=\"immovestuser\"\/>\n\t<meta name=\"google-site-verification\" content=\"fHJKvgWpZCR2zVBHWfkQeFXC11qieUSff0HGNYfuyLA\" \/>\n\t<link rel=\"canonical\" href=\"https:\/\/www.immo-invest.ch\/fr\/eroeffnungstermin-fuer-neubau-des-kantonsspitals-baden-bekanntgegeben\/\" \/>\n\t<meta name=\"generator\" content=\"All in One SEO (AIOSEO) 5.0.0.1\" \/>\n\t\t<meta property=\"og:locale\" content=\"fr_FR\" \/>\n\t\t<meta property=\"og:site_name\" content=\"immo!nvest - Die Plattform f\u00fcr Standorte und Immobilien - Die\u00a0Plattform f\u00fcr Standorte und Immobilien\" \/>\n\t\t<meta property=\"og:type\" content=\"article\" \/>\n\t\t<meta property=\"og:title\" content=\"La date d\u2019ouverture du nouveau b\u00e2timent de l\u2019h\u00f4pital cantonal de Baden est annonc\u00e9e - immo!nvest - Die Plattform f\u00fcr Standorte und Immobilien\" \/>\n\t\t<meta property=\"og:description\" content=\"L&#039;h\u00f4pital cantonal de Baden (KSB) emm\u00e9nagera dans son nouveau b\u00e2timent en f\u00e9vrier 2025. Avec une surface utile de 76 215 m\u00e8tres carr\u00e9s, il offrira environ 30 pour cent de surface en plus que l&#039;ancien b\u00e2timent datant de 1978.\" \/>\n\t\t<meta property=\"og:url\" content=\"https:\/\/www.immo-invest.ch\/fr\/eroeffnungstermin-fuer-neubau-des-kantonsspitals-baden-bekanntgegeben\/\" \/>\n\t\t<meta property=\"og:image\" content=\"https:\/\/www.immo-invest.ch\/wp-content\/uploads\/2024\/06\/Krankenhaus-scaled-e1718610921328.jpg\" \/>\n\t\t<meta property=\"og:image:secure_url\" content=\"https:\/\/www.immo-invest.ch\/wp-content\/uploads\/2024\/06\/Krankenhaus-scaled-e1718610921328.jpg\" \/>\n\t\t<meta property=\"og:image:width\" content=\"2560\" \/>\n\t\t<meta property=\"og:image:height\" content=\"1280\" \/>\n\t\t<meta property=\"article:published_time\" content=\"2024-06-17T06:47:00+00:00\" \/>\n\t\t<meta property=\"article:modified_time\" content=\"2024-06-17T08:25:35+00:00\" \/>\n\t\t<meta property=\"article:publisher\" content=\"https:\/\/www.facebook.com\/people\/Immoinvest\/100077962920504\/\" \/>\n\t\t<meta name=\"twitter:card\" content=\"summary_large_image\" \/>\n\t\t<meta name=\"twitter:site\" content=\"@i\" \/>\n\t\t<meta name=\"twitter:title\" content=\"La date d\u2019ouverture du nouveau b\u00e2timent de l\u2019h\u00f4pital cantonal de Baden est annonc\u00e9e - immo!nvest - Die Plattform f\u00fcr Standorte und Immobilien\" \/>\n\t\t<meta name=\"twitter:description\" content=\"L&#039;h\u00f4pital cantonal de Baden (KSB) emm\u00e9nagera dans son nouveau b\u00e2timent en f\u00e9vrier 2025. Avec une surface utile de 76 215 m\u00e8tres carr\u00e9s, il offrira environ 30 pour cent de surface en plus que l&#039;ancien b\u00e2timent datant de 1978.\" \/>\n\t\t<meta name=\"twitter:creator\" content=\"@i\" \/>\n\t\t<meta name=\"twitter:image\" content=\"https:\/\/www.immo-invest.ch\/wp-content\/uploads\/2024\/06\/Krankenhaus-scaled-e1718610921328.jpg\" \/>\n\t\t<script type=\"application\/ld+json\" class=\"aioseo-schema\">\n\t\t\t{\"@context\":\"https:\\\/\\\/schema.org\",\"@graph\":[{\"@type\":\"BlogPosting\",\"@id\":\"https:\\\/\\\/www.immo-invest.ch\\\/fr\\\/eroeffnungstermin-fuer-neubau-des-kantonsspitals-baden-bekanntgegeben\\\/#blogposting\",\"name\":\"La date d\\u2019ouverture du nouveau b\\u00e2timent de l\\u2019h\\u00f4pital cantonal de Baden est annonc\\u00e9e - immo!nvest - Die Plattform f\\u00fcr Standorte und Immobilien\",\"headline\":\"La date d&rsquo;ouverture du nouveau b\\u00e2timent de l&rsquo;h\\u00f4pital cantonal de Baden est annonc\\u00e9e\",\"author\":{\"@id\":\"https:\\\/\\\/www.immo-invest.ch\\\/fr\\\/author\\\/immovestuser\\\/#author\"},\"publisher\":{\"@id\":\"https:\\\/\\\/www.immo-invest.ch\\\/fr\\\/#organization\"},\"image\":{\"@type\":\"ImageObject\",\"url\":\"https:\\\/\\\/www.immo-invest.ch\\\/wp-content\\\/uploads\\\/2024\\\/06\\\/Krankenhaus-scaled-e1718610921328.jpg\",\"width\":2560,\"height\":1280},\"datePublished\":\"2024-06-17T08:47:00+02:00\",\"dateModified\":\"2024-06-17T10:25:35+02:00\",\"inLanguage\":\"fr-FR\",\"mainEntityOfPage\":{\"@id\":\"https:\\\/\\\/www.immo-invest.ch\\\/fr\\\/eroeffnungstermin-fuer-neubau-des-kantonsspitals-baden-bekanntgegeben\\\/#webpage\"},\"isPartOf\":{\"@id\":\"https:\\\/\\\/www.immo-invest.ch\\\/fr\\\/eroeffnungstermin-fuer-neubau-des-kantonsspitals-baden-bekanntgegeben\\\/#webpage\"},\"articleSection\":\"Baden, Industrie du b\\u00e2timent, Nouvelle construction, immobilien, Immoinvest, immoNews, Kantonsspital, Krankenhaus, Neubau, Umzug, Facultatif\"},{\"@type\":\"BreadcrumbList\",\"@id\":\"https:\\\/\\\/www.immo-invest.ch\\\/fr\\\/eroeffnungstermin-fuer-neubau-des-kantonsspitals-baden-bekanntgegeben\\\/#breadcrumblist\",\"itemListElement\":[{\"@type\":\"ListItem\",\"@id\":\"https:\\\/\\\/www.immo-invest.ch\\\/fr\\\/#listItem\",\"position\":1,\"name\":\"Home\",\"item\":\"https:\\\/\\\/www.immo-invest.ch\\\/fr\\\/\",\"nextItem\":{\"@type\":\"ListItem\",\"@id\":\"https:\\\/\\\/www.immo-invest.ch\\\/fr\\\/categories\\\/regions\\\/#listItem\",\"name\":\"R\\u00e9gions\"}},{\"@type\":\"ListItem\",\"@id\":\"https:\\\/\\\/www.immo-invest.ch\\\/fr\\\/categories\\\/regions\\\/#listItem\",\"position\":2,\"name\":\"R\\u00e9gions\",\"item\":\"https:\\\/\\\/www.immo-invest.ch\\\/fr\\\/categories\\\/regions\\\/\",\"nextItem\":{\"@type\":\"ListItem\",\"@id\":\"https:\\\/\\\/www.immo-invest.ch\\\/fr\\\/categories\\\/regions\\\/suisse\\\/#listItem\",\"name\":\"Suisse\"},\"previousItem\":{\"@type\":\"ListItem\",\"@id\":\"https:\\\/\\\/www.immo-invest.ch\\\/fr\\\/#listItem\",\"name\":\"Home\"}},{\"@type\":\"ListItem\",\"@id\":\"https:\\\/\\\/www.immo-invest.ch\\\/fr\\\/categories\\\/regions\\\/suisse\\\/#listItem\",\"position\":3,\"name\":\"Suisse\",\"item\":\"https:\\\/\\\/www.immo-invest.ch\\\/fr\\\/categories\\\/regions\\\/suisse\\\/\",\"nextItem\":{\"@type\":\"ListItem\",\"@id\":\"https:\\\/\\\/www.immo-invest.ch\\\/fr\\\/categories\\\/regions\\\/suisse\\\/suisse-du-nord-ouest\\\/#listItem\",\"name\":\"Suisse du Nord-Ouest\"},\"previousItem\":{\"@type\":\"ListItem\",\"@id\":\"https:\\\/\\\/www.immo-invest.ch\\\/fr\\\/categories\\\/regions\\\/#listItem\",\"name\":\"R\\u00e9gions\"}},{\"@type\":\"ListItem\",\"@id\":\"https:\\\/\\\/www.immo-invest.ch\\\/fr\\\/categories\\\/regions\\\/suisse\\\/suisse-du-nord-ouest\\\/#listItem\",\"position\":4,\"name\":\"Suisse du Nord-Ouest\",\"item\":\"https:\\\/\\\/www.immo-invest.ch\\\/fr\\\/categories\\\/regions\\\/suisse\\\/suisse-du-nord-ouest\\\/\",\"nextItem\":{\"@type\":\"ListItem\",\"@id\":\"https:\\\/\\\/www.immo-invest.ch\\\/fr\\\/categories\\\/regions\\\/suisse\\\/suisse-du-nord-ouest\\\/region-aarau\\\/#listItem\",\"name\":\"Aargau\"},\"previousItem\":{\"@type\":\"ListItem\",\"@id\":\"https:\\\/\\\/www.immo-invest.ch\\\/fr\\\/categories\\\/regions\\\/suisse\\\/#listItem\",\"name\":\"Suisse\"}},{\"@type\":\"ListItem\",\"@id\":\"https:\\\/\\\/www.immo-invest.ch\\\/fr\\\/categories\\\/regions\\\/suisse\\\/suisse-du-nord-ouest\\\/region-aarau\\\/#listItem\",\"position\":5,\"name\":\"Aargau\",\"item\":\"https:\\\/\\\/www.immo-invest.ch\\\/fr\\\/categories\\\/regions\\\/suisse\\\/suisse-du-nord-ouest\\\/region-aarau\\\/\",\"nextItem\":{\"@type\":\"ListItem\",\"@id\":\"https:\\\/\\\/www.immo-invest.ch\\\/fr\\\/categories\\\/regions\\\/suisse\\\/suisse-du-nord-ouest\\\/region-aarau\\\/baden-fr\\\/#listItem\",\"name\":\"Baden\"},\"previousItem\":{\"@type\":\"ListItem\",\"@id\":\"https:\\\/\\\/www.immo-invest.ch\\\/fr\\\/categories\\\/regions\\\/suisse\\\/suisse-du-nord-ouest\\\/#listItem\",\"name\":\"Suisse du Nord-Ouest\"}},{\"@type\":\"ListItem\",\"@id\":\"https:\\\/\\\/www.immo-invest.ch\\\/fr\\\/categories\\\/regions\\\/suisse\\\/suisse-du-nord-ouest\\\/region-aarau\\\/baden-fr\\\/#listItem\",\"position\":6,\"name\":\"Baden\",\"item\":\"https:\\\/\\\/www.immo-invest.ch\\\/fr\\\/categories\\\/regions\\\/suisse\\\/suisse-du-nord-ouest\\\/region-aarau\\\/baden-fr\\\/\",\"nextItem\":{\"@type\":\"ListItem\",\"@id\":\"https:\\\/\\\/www.immo-invest.ch\\\/fr\\\/eroeffnungstermin-fuer-neubau-des-kantonsspitals-baden-bekanntgegeben\\\/#listItem\",\"name\":\"La date d&rsquo;ouverture du nouveau b\\u00e2timent de l&rsquo;h\\u00f4pital cantonal de Baden est annonc\\u00e9e\"},\"previousItem\":{\"@type\":\"ListItem\",\"@id\":\"https:\\\/\\\/www.immo-invest.ch\\\/fr\\\/categories\\\/regions\\\/suisse\\\/suisse-du-nord-ouest\\\/region-aarau\\\/#listItem\",\"name\":\"Aargau\"}},{\"@type\":\"ListItem\",\"@id\":\"https:\\\/\\\/www.immo-invest.ch\\\/fr\\\/eroeffnungstermin-fuer-neubau-des-kantonsspitals-baden-bekanntgegeben\\\/#listItem\",\"position\":7,\"name\":\"La date d&rsquo;ouverture du nouveau b\\u00e2timent de l&rsquo;h\\u00f4pital cantonal de Baden est annonc\\u00e9e\",\"previousItem\":{\"@type\":\"ListItem\",\"@id\":\"https:\\\/\\\/www.immo-invest.ch\\\/fr\\\/categories\\\/regions\\\/suisse\\\/suisse-du-nord-ouest\\\/region-aarau\\\/baden-fr\\\/#listItem\",\"name\":\"Baden\"}}]},{\"@type\":\"Organization\",\"@id\":\"https:\\\/\\\/www.immo-invest.ch\\\/fr\\\/#organization\",\"name\":\"immo!nvest - Die Plattform f\\u00fcr Standorte und Immobilien\",\"description\":\"Die\\u00a0Plattform f\\u00fcr Standorte und Immobilien\",\"url\":\"https:\\\/\\\/www.immo-invest.ch\\\/fr\\\/\",\"email\":\"admin@immomedia.ag\",\"telephone\":\"+41444420002\",\"logo\":{\"@type\":\"ImageObject\",\"url\":\"https:\\\/\\\/www.immo-invest.ch\\\/wp-content\\\/uploads\\\/2024\\\/09\\\/immoinvest_sm-scaled.jpg\",\"@id\":\"https:\\\/\\\/www.immo-invest.ch\\\/fr\\\/eroeffnungstermin-fuer-neubau-des-kantonsspitals-baden-bekanntgegeben\\\/#organizationLogo\",\"width\":2560,\"height\":1340},\"image\":{\"@id\":\"https:\\\/\\\/www.immo-invest.ch\\\/fr\\\/eroeffnungstermin-fuer-neubau-des-kantonsspitals-baden-bekanntgegeben\\\/#organizationLogo\"},\"sameAs\":[\"https:\\\/\\\/www.facebook.com\\\/people\\\/Immoinvest\\\/100077962920504\\\/\",\"https:\\\/\\\/x.com\\\/i\\\/flow\\\/login?redirect_after_login=immoinvest_ch\",\"https:\\\/\\\/www.instagram.com\\\/immoinvest_ch\\\/\",\"https:\\\/\\\/www.linkedin.com\\\/company\\\/immoinvest-swiss\"]},{\"@type\":\"Person\",\"@id\":\"https:\\\/\\\/www.immo-invest.ch\\\/fr\\\/author\\\/immovestuser\\\/#author\",\"url\":\"https:\\\/\\\/www.immo-invest.ch\\\/fr\\\/author\\\/immovestuser\\\/\",\"name\":\"immovestuser\",\"image\":{\"@type\":\"ImageObject\",\"@id\":\"https:\\\/\\\/www.immo-invest.ch\\\/fr\\\/eroeffnungstermin-fuer-neubau-des-kantonsspitals-baden-bekanntgegeben\\\/#authorImage\",\"url\":\"https:\\\/\\\/secure.gravatar.com\\\/avatar\\\/8e01f4d99f2eeea7a362ebb93305e1172a70e9293ba250f897a65c39f54cdd1e?s=96&d=mm&r=g\",\"width\":96,\"height\":96,\"caption\":\"immovestuser\"}},{\"@type\":\"WebPage\",\"@id\":\"https:\\\/\\\/www.immo-invest.ch\\\/fr\\\/eroeffnungstermin-fuer-neubau-des-kantonsspitals-baden-bekanntgegeben\\\/#webpage\",\"url\":\"https:\\\/\\\/www.immo-invest.ch\\\/fr\\\/eroeffnungstermin-fuer-neubau-des-kantonsspitals-baden-bekanntgegeben\\\/\",\"name\":\"La date d\\u2019ouverture du nouveau b\\u00e2timent de l\\u2019h\\u00f4pital cantonal de Baden est annonc\\u00e9e - immo!nvest - Die Plattform f\\u00fcr Standorte und Immobilien\",\"description\":\"L'h\\u00f4pital cantonal de Baden (KSB) emm\\u00e9nagera dans son nouveau b\\u00e2timent en f\\u00e9vrier 2025. Avec une surface utile de 76 215 m\\u00e8tres carr\\u00e9s, il offrira environ 30 pour cent de surface en plus que l'ancien b\\u00e2timent datant de 1978.\",\"inLanguage\":\"fr-FR\",\"isPartOf\":{\"@id\":\"https:\\\/\\\/www.immo-invest.ch\\\/fr\\\/#website\"},\"breadcrumb\":{\"@id\":\"https:\\\/\\\/www.immo-invest.ch\\\/fr\\\/eroeffnungstermin-fuer-neubau-des-kantonsspitals-baden-bekanntgegeben\\\/#breadcrumblist\"},\"author\":{\"@id\":\"https:\\\/\\\/www.immo-invest.ch\\\/fr\\\/author\\\/immovestuser\\\/#author\"},\"creator\":{\"@id\":\"https:\\\/\\\/www.immo-invest.ch\\\/fr\\\/author\\\/immovestuser\\\/#author\"},\"image\":{\"@type\":\"ImageObject\",\"url\":\"https:\\\/\\\/www.immo-invest.ch\\\/wp-content\\\/uploads\\\/2024\\\/06\\\/Krankenhaus-scaled-e1718610921328.jpg\",\"@id\":\"https:\\\/\\\/www.immo-invest.ch\\\/fr\\\/eroeffnungstermin-fuer-neubau-des-kantonsspitals-baden-bekanntgegeben\\\/#mainImage\",\"width\":2560,\"height\":1280},\"primaryImageOfPage\":{\"@id\":\"https:\\\/\\\/www.immo-invest.ch\\\/fr\\\/eroeffnungstermin-fuer-neubau-des-kantonsspitals-baden-bekanntgegeben\\\/#mainImage\"},\"datePublished\":\"2024-06-17T08:47:00+02:00\",\"dateModified\":\"2024-06-17T10:25:35+02:00\"},{\"@type\":\"WebSite\",\"@id\":\"https:\\\/\\\/www.immo-invest.ch\\\/fr\\\/#website\",\"url\":\"https:\\\/\\\/www.immo-invest.ch\\\/fr\\\/\",\"name\":\"immo!nvest - Die Plattform f\\u00fcr Standorte und Immobilien\",\"description\":\"Die\\u00a0Plattform f\\u00fcr Standorte und Immobilien\",\"inLanguage\":\"fr-FR\",\"publisher\":{\"@id\":\"https:\\\/\\\/www.immo-invest.ch\\\/fr\\\/#organization\"}}]}\n\t\t<\/script>\n\t\t<!-- All in One SEO -->\n\n","aioseo_head_json":{"title":"La date d\u2019ouverture du nouveau b\u00e2timent de l\u2019h\u00f4pital cantonal de Baden est annonc\u00e9e - immo!nvest - Die Plattform f\u00fcr Standorte und Immobilien","description":"L'h\u00f4pital cantonal de Baden (KSB) emm\u00e9nagera dans son nouveau b\u00e2timent en f\u00e9vrier 2025. Avec une surface utile de 76 215 m\u00e8tres carr\u00e9s, il offrira environ 30 pour cent de surface en plus que l'ancien b\u00e2timent datant de 1978.","canonical_url":"https:\/\/www.immo-invest.ch\/fr\/eroeffnungstermin-fuer-neubau-des-kantonsspitals-baden-bekanntgegeben\/","robots":"max-image-preview:large","keywords":"","webmasterTools":{"google-site-verification":"fHJKvgWpZCR2zVBHWfkQeFXC11qieUSff0HGNYfuyLA","miscellaneous":""},"schema":{"@context":"https:\/\/schema.org","@graph":[{"@type":"BlogPosting","@id":"https:\/\/www.immo-invest.ch\/fr\/eroeffnungstermin-fuer-neubau-des-kantonsspitals-baden-bekanntgegeben\/#blogposting","name":"La date d\u2019ouverture du nouveau b\u00e2timent de l\u2019h\u00f4pital cantonal de Baden est annonc\u00e9e - immo!nvest - Die Plattform f\u00fcr Standorte und Immobilien","headline":"La date d&rsquo;ouverture du nouveau b\u00e2timent de l&rsquo;h\u00f4pital cantonal de Baden est annonc\u00e9e","author":{"@id":"https:\/\/www.immo-invest.ch\/fr\/author\/immovestuser\/#author"},"publisher":{"@id":"https:\/\/www.immo-invest.ch\/fr\/#organization"},"image":{"@type":"ImageObject","url":"https:\/\/www.immo-invest.ch\/wp-content\/uploads\/2024\/06\/Krankenhaus-scaled-e1718610921328.jpg","width":2560,"height":1280},"datePublished":"2024-06-17T08:47:00+02:00","dateModified":"2024-06-17T10:25:35+02:00","inLanguage":"fr-FR","mainEntityOfPage":{"@id":"https:\/\/www.immo-invest.ch\/fr\/eroeffnungstermin-fuer-neubau-des-kantonsspitals-baden-bekanntgegeben\/#webpage"},"isPartOf":{"@id":"https:\/\/www.immo-invest.ch\/fr\/eroeffnungstermin-fuer-neubau-des-kantonsspitals-baden-bekanntgegeben\/#webpage"},"articleSection":"Baden, Industrie du b\u00e2timent, Nouvelle construction, immobilien, Immoinvest, immoNews, Kantonsspital, Krankenhaus, Neubau, Umzug, Facultatif"},{"@type":"BreadcrumbList","@id":"https:\/\/www.immo-invest.ch\/fr\/eroeffnungstermin-fuer-neubau-des-kantonsspitals-baden-bekanntgegeben\/#breadcrumblist","itemListElement":[{"@type":"ListItem","@id":"https:\/\/www.immo-invest.ch\/fr\/#listItem","position":1,"name":"Home","item":"https:\/\/www.immo-invest.ch\/fr\/","nextItem":{"@type":"ListItem","@id":"https:\/\/www.immo-invest.ch\/fr\/categories\/regions\/#listItem","name":"R\u00e9gions"}},{"@type":"ListItem","@id":"https:\/\/www.immo-invest.ch\/fr\/categories\/regions\/#listItem","position":2,"name":"R\u00e9gions","item":"https:\/\/www.immo-invest.ch\/fr\/categories\/regions\/","nextItem":{"@type":"ListItem","@id":"https:\/\/www.immo-invest.ch\/fr\/categories\/regions\/suisse\/#listItem","name":"Suisse"},"previousItem":{"@type":"ListItem","@id":"https:\/\/www.immo-invest.ch\/fr\/#listItem","name":"Home"}},{"@type":"ListItem","@id":"https:\/\/www.immo-invest.ch\/fr\/categories\/regions\/suisse\/#listItem","position":3,"name":"Suisse","item":"https:\/\/www.immo-invest.ch\/fr\/categories\/regions\/suisse\/","nextItem":{"@type":"ListItem","@id":"https:\/\/www.immo-invest.ch\/fr\/categories\/regions\/suisse\/suisse-du-nord-ouest\/#listItem","name":"Suisse du Nord-Ouest"},"previousItem":{"@type":"ListItem","@id":"https:\/\/www.immo-invest.ch\/fr\/categories\/regions\/#listItem","name":"R\u00e9gions"}},{"@type":"ListItem","@id":"https:\/\/www.immo-invest.ch\/fr\/categories\/regions\/suisse\/suisse-du-nord-ouest\/#listItem","position":4,"name":"Suisse du Nord-Ouest","item":"https:\/\/www.immo-invest.ch\/fr\/categories\/regions\/suisse\/suisse-du-nord-ouest\/","nextItem":{"@type":"ListItem","@id":"https:\/\/www.immo-invest.ch\/fr\/categories\/regions\/suisse\/suisse-du-nord-ouest\/region-aarau\/#listItem","name":"Aargau"},"previousItem":{"@type":"ListItem","@id":"https:\/\/www.immo-invest.ch\/fr\/categories\/regions\/suisse\/#listItem","name":"Suisse"}},{"@type":"ListItem","@id":"https:\/\/www.immo-invest.ch\/fr\/categories\/regions\/suisse\/suisse-du-nord-ouest\/region-aarau\/#listItem","position":5,"name":"Aargau","item":"https:\/\/www.immo-invest.ch\/fr\/categories\/regions\/suisse\/suisse-du-nord-ouest\/region-aarau\/","nextItem":{"@type":"ListItem","@id":"https:\/\/www.immo-invest.ch\/fr\/categories\/regions\/suisse\/suisse-du-nord-ouest\/region-aarau\/baden-fr\/#listItem","name":"Baden"},"previousItem":{"@type":"ListItem","@id":"https:\/\/www.immo-invest.ch\/fr\/categories\/regions\/suisse\/suisse-du-nord-ouest\/#listItem","name":"Suisse du Nord-Ouest"}},{"@type":"ListItem","@id":"https:\/\/www.immo-invest.ch\/fr\/categories\/regions\/suisse\/suisse-du-nord-ouest\/region-aarau\/baden-fr\/#listItem","position":6,"name":"Baden","item":"https:\/\/www.immo-invest.ch\/fr\/categories\/regions\/suisse\/suisse-du-nord-ouest\/region-aarau\/baden-fr\/","nextItem":{"@type":"ListItem","@id":"https:\/\/www.immo-invest.ch\/fr\/eroeffnungstermin-fuer-neubau-des-kantonsspitals-baden-bekanntgegeben\/#listItem","name":"La date d&rsquo;ouverture du nouveau b\u00e2timent de l&rsquo;h\u00f4pital cantonal de Baden est annonc\u00e9e"},"previousItem":{"@type":"ListItem","@id":"https:\/\/www.immo-invest.ch\/fr\/categories\/regions\/suisse\/suisse-du-nord-ouest\/region-aarau\/#listItem","name":"Aargau"}},{"@type":"ListItem","@id":"https:\/\/www.immo-invest.ch\/fr\/eroeffnungstermin-fuer-neubau-des-kantonsspitals-baden-bekanntgegeben\/#listItem","position":7,"name":"La date d&rsquo;ouverture du nouveau b\u00e2timent de l&rsquo;h\u00f4pital cantonal de Baden est annonc\u00e9e","previousItem":{"@type":"ListItem","@id":"https:\/\/www.immo-invest.ch\/fr\/categories\/regions\/suisse\/suisse-du-nord-ouest\/region-aarau\/baden-fr\/#listItem","name":"Baden"}}]},{"@type":"Organization","@id":"https:\/\/www.immo-invest.ch\/fr\/#organization","name":"immo!nvest - Die Plattform f\u00fcr Standorte und Immobilien","description":"Die\u00a0Plattform f\u00fcr Standorte und Immobilien","url":"https:\/\/www.immo-invest.ch\/fr\/","email":"admin@immomedia.ag","telephone":"+41444420002","logo":{"@type":"ImageObject","url":"https:\/\/www.immo-invest.ch\/wp-content\/uploads\/2024\/09\/immoinvest_sm-scaled.jpg","@id":"https:\/\/www.immo-invest.ch\/fr\/eroeffnungstermin-fuer-neubau-des-kantonsspitals-baden-bekanntgegeben\/#organizationLogo","width":2560,"height":1340},"image":{"@id":"https:\/\/www.immo-invest.ch\/fr\/eroeffnungstermin-fuer-neubau-des-kantonsspitals-baden-bekanntgegeben\/#organizationLogo"},"sameAs":["https:\/\/www.facebook.com\/people\/Immoinvest\/100077962920504\/","https:\/\/x.com\/i\/flow\/login?redirect_after_login=immoinvest_ch","https:\/\/www.instagram.com\/immoinvest_ch\/","https:\/\/www.linkedin.com\/company\/immoinvest-swiss"]},{"@type":"Person","@id":"https:\/\/www.immo-invest.ch\/fr\/author\/immovestuser\/#author","url":"https:\/\/www.immo-invest.ch\/fr\/author\/immovestuser\/","name":"immovestuser","image":{"@type":"ImageObject","@id":"https:\/\/www.immo-invest.ch\/fr\/eroeffnungstermin-fuer-neubau-des-kantonsspitals-baden-bekanntgegeben\/#authorImage","url":"https:\/\/secure.gravatar.com\/avatar\/8e01f4d99f2eeea7a362ebb93305e1172a70e9293ba250f897a65c39f54cdd1e?s=96&d=mm&r=g","width":96,"height":96,"caption":"immovestuser"}},{"@type":"WebPage","@id":"https:\/\/www.immo-invest.ch\/fr\/eroeffnungstermin-fuer-neubau-des-kantonsspitals-baden-bekanntgegeben\/#webpage","url":"https:\/\/www.immo-invest.ch\/fr\/eroeffnungstermin-fuer-neubau-des-kantonsspitals-baden-bekanntgegeben\/","name":"La date d\u2019ouverture du nouveau b\u00e2timent de l\u2019h\u00f4pital cantonal de Baden est annonc\u00e9e - immo!nvest - Die Plattform f\u00fcr Standorte und Immobilien","description":"L'h\u00f4pital cantonal de Baden (KSB) emm\u00e9nagera dans son nouveau b\u00e2timent en f\u00e9vrier 2025. Avec une surface utile de 76 215 m\u00e8tres carr\u00e9s, il offrira environ 30 pour cent de surface en plus que l'ancien b\u00e2timent datant de 1978.","inLanguage":"fr-FR","isPartOf":{"@id":"https:\/\/www.immo-invest.ch\/fr\/#website"},"breadcrumb":{"@id":"https:\/\/www.immo-invest.ch\/fr\/eroeffnungstermin-fuer-neubau-des-kantonsspitals-baden-bekanntgegeben\/#breadcrumblist"},"author":{"@id":"https:\/\/www.immo-invest.ch\/fr\/author\/immovestuser\/#author"},"creator":{"@id":"https:\/\/www.immo-invest.ch\/fr\/author\/immovestuser\/#author"},"image":{"@type":"ImageObject","url":"https:\/\/www.immo-invest.ch\/wp-content\/uploads\/2024\/06\/Krankenhaus-scaled-e1718610921328.jpg","@id":"https:\/\/www.immo-invest.ch\/fr\/eroeffnungstermin-fuer-neubau-des-kantonsspitals-baden-bekanntgegeben\/#mainImage","width":2560,"height":1280},"primaryImageOfPage":{"@id":"https:\/\/www.immo-invest.ch\/fr\/eroeffnungstermin-fuer-neubau-des-kantonsspitals-baden-bekanntgegeben\/#mainImage"},"datePublished":"2024-06-17T08:47:00+02:00","dateModified":"2024-06-17T10:25:35+02:00"},{"@type":"WebSite","@id":"https:\/\/www.immo-invest.ch\/fr\/#website","url":"https:\/\/www.immo-invest.ch\/fr\/","name":"immo!nvest - Die Plattform f\u00fcr Standorte und Immobilien","description":"Die\u00a0Plattform f\u00fcr Standorte und Immobilien","inLanguage":"fr-FR","publisher":{"@id":"https:\/\/www.immo-invest.ch\/fr\/#organization"}}]},"og:locale":"fr_FR","og:site_name":"immo!nvest - Die Plattform f\u00fcr Standorte und Immobilien - Die\u00a0Plattform f\u00fcr Standorte und Immobilien","og:type":"article","og:title":"La date d\u2019ouverture du nouveau b\u00e2timent de l\u2019h\u00f4pital cantonal de Baden est annonc\u00e9e - immo!nvest - Die Plattform f\u00fcr Standorte und Immobilien","og:description":"L'h\u00f4pital cantonal de Baden (KSB) emm\u00e9nagera dans son nouveau b\u00e2timent en f\u00e9vrier 2025. Avec une surface utile de 76 215 m\u00e8tres carr\u00e9s, il offrira environ 30 pour cent de surface en plus que l'ancien b\u00e2timent datant de 1978.","og:url":"https:\/\/www.immo-invest.ch\/fr\/eroeffnungstermin-fuer-neubau-des-kantonsspitals-baden-bekanntgegeben\/","og:image":"https:\/\/www.immo-invest.ch\/wp-content\/uploads\/2024\/06\/Krankenhaus-scaled-e1718610921328.jpg","og:image:secure_url":"https:\/\/www.immo-invest.ch\/wp-content\/uploads\/2024\/06\/Krankenhaus-scaled-e1718610921328.jpg","og:image:width":2560,"og:image:height":1280,"article:published_time":"2024-06-17T06:47:00+00:00","article:modified_time":"2024-06-17T08:25:35+00:00","article:publisher":"https:\/\/www.facebook.com\/people\/Immoinvest\/100077962920504\/","twitter:card":"summary_large_image","twitter:site":"@i","twitter:title":"La date d\u2019ouverture du nouveau b\u00e2timent de l\u2019h\u00f4pital cantonal de Baden est annonc\u00e9e - immo!nvest - Die Plattform f\u00fcr Standorte und Immobilien","twitter:description":"L'h\u00f4pital cantonal de Baden (KSB) emm\u00e9nagera dans son nouveau b\u00e2timent en f\u00e9vrier 2025. Avec une surface utile de 76 215 m\u00e8tres carr\u00e9s, il offrira environ 30 pour cent de surface en plus que l'ancien b\u00e2timent datant de 1978.","twitter:creator":"@i","twitter:image":"https:\/\/www.immo-invest.ch\/wp-content\/uploads\/2024\/06\/Krankenhaus-scaled-e1718610921328.jpg"},"aioseo_meta_data":{"post_id":"100537","title":null,"description":null,"keywords":null,"keyphrases":null,"primary_term":null,"canonical_url":null,"og_title":null,"og_description":null,"og_object_type":"default","og_image_type":"default","og_image_url":null,"og_image_width":null,"og_image_height":null,"og_image_custom_url":null,"og_image_custom_fields":null,"og_video":null,"og_custom_url":null,"og_article_section":null,"og_article_tags":null,"twitter_use_og":false,"twitter_card":"default","twitter_image_type":"default","twitter_image_url":null,"twitter_image_custom_url":null,"twitter_image_custom_fields":null,"twitter_title":null,"twitter_description":null,"schema":{"blockGraphs":[],"customGraphs":[],"default":{"data":{"Article":[],"Course":[],"Dataset":[],"FAQPage":[],"Movie":[],"Person":[],"Product":[],"ProductReview":[],"Car":[],"Recipe":[],"Service":[],"SoftwareApplication":[],"WebPage":[]},"graphName":"","isEnabled":true},"graphs":[]},"schema_type":"default","schema_type_options":null,"pillar_content":false,"robots_default":true,"robots_noindex":false,"robots_noarchive":false,"robots_nosnippet":false,"robots_nofollow":false,"robots_noimageindex":false,"robots_noodp":false,"robots_notranslate":false,"robots_max_snippet":null,"robots_max_videopreview":null,"robots_max_imagepreview":"large","priority":null,"frequency":null,"local_seo":null,"breadcrumb_settings":null,"limit_modified_date":false,"ai":null,"created":"2024-09-20 21:34:58","updated":"2025-10-24 03:53:15","seo_analyzer_scan_date":null,"focus_keyword":null,"additional_keywords":null,"truseo_locale":null},"aioseo_breadcrumb":"<div class=\"aioseo-breadcrumbs\"><span class=\"aioseo-breadcrumb\">\n\t\t\t<a href=\"https:\/\/www.immo-invest.ch\/fr\/\" title=\"Home\">Home<\/a>\n\t\t<\/span><span class=\"aioseo-breadcrumb-separator\">&raquo;<\/span><span class=\"aioseo-breadcrumb\">\n\t\t\t<a href=\"https:\/\/www.immo-invest.ch\/fr\/categories\/regions\/\" title=\"R\u00e9gions\">R\u00e9gions<\/a>\n\t\t<\/span><span class=\"aioseo-breadcrumb-separator\">&raquo;<\/span><span class=\"aioseo-breadcrumb\">\n\t\t\t<a href=\"https:\/\/www.immo-invest.ch\/fr\/categories\/regions\/suisse\/\" title=\"Suisse\">Suisse<\/a>\n\t\t<\/span><span class=\"aioseo-breadcrumb-separator\">&raquo;<\/span><span class=\"aioseo-breadcrumb\">\n\t\t\t<a href=\"https:\/\/www.immo-invest.ch\/fr\/categories\/regions\/suisse\/suisse-du-nord-ouest\/\" title=\"Suisse du Nord-Ouest\">Suisse du Nord-Ouest<\/a>\n\t\t<\/span><span class=\"aioseo-breadcrumb-separator\">&raquo;<\/span><span class=\"aioseo-breadcrumb\">\n\t\t\t<a href=\"https:\/\/www.immo-invest.ch\/fr\/categories\/regions\/suisse\/suisse-du-nord-ouest\/region-aarau\/\" title=\"Aargau\">Aargau<\/a>\n\t\t<\/span><span class=\"aioseo-breadcrumb-separator\">&raquo;<\/span><span class=\"aioseo-breadcrumb\">\n\t\t\t<a href=\"https:\/\/www.immo-invest.ch\/fr\/categories\/regions\/suisse\/suisse-du-nord-ouest\/region-aarau\/baden-fr\/\" title=\"Baden\">Baden<\/a>\n\t\t<\/span><span class=\"aioseo-breadcrumb-separator\">&raquo;<\/span><span class=\"aioseo-breadcrumb\">\n\t\t\tLa date d\u2019ouverture du nouveau b\u00e2timent de l\u2019h\u00f4pital cantonal de Baden est annonc\u00e9e\n\t\t<\/span><\/div>","aioseo_breadcrumb_json":[{"label":"Home","link":"https:\/\/www.immo-invest.ch\/fr\/"},{"label":"R\u00e9gions","link":"https:\/\/www.immo-invest.ch\/fr\/categories\/regions\/"},{"label":"Suisse","link":"https:\/\/www.immo-invest.ch\/fr\/categories\/regions\/suisse\/"},{"label":"Suisse du Nord-Ouest","link":"https:\/\/www.immo-invest.ch\/fr\/categories\/regions\/suisse\/suisse-du-nord-ouest\/"},{"label":"Aargau","link":"https:\/\/www.immo-invest.ch\/fr\/categories\/regions\/suisse\/suisse-du-nord-ouest\/region-aarau\/"},{"label":"Baden","link":"https:\/\/www.immo-invest.ch\/fr\/categories\/regions\/suisse\/suisse-du-nord-ouest\/region-aarau\/baden-fr\/"},{"label":"La date d&rsquo;ouverture du nouveau b\u00e2timent de l&rsquo;h\u00f4pital cantonal de Baden est annonc\u00e9e","link":"https:\/\/www.immo-invest.ch\/fr\/eroeffnungstermin-fuer-neubau-des-kantonsspitals-baden-bekanntgegeben\/"}],"featured_image_src":"https:\/\/www.immo-invest.ch\/wp-content\/uploads\/2024\/06\/Krankenhaus-336x168.jpg","_links":{"self":[{"href":"https:\/\/www.immo-invest.ch\/fr\/wp-json\/wp\/v2\/posts\/100537","targetHints":{"allow":["GET"]}}],"collection":[{"href":"https:\/\/www.immo-invest.ch\/fr\/wp-json\/wp\/v2\/posts"}],"about":[{"href":"https:\/\/www.immo-invest.ch\/fr\/wp-json\/wp\/v2\/types\/post"}],"author":[{"embeddable":true,"href":"https:\/\/www.immo-invest.ch\/fr\/wp-json\/wp\/v2\/users\/2"}],"replies":[{"embeddable":true,"href":"https:\/\/www.immo-invest.ch\/fr\/wp-json\/wp\/v2\/comments?post=100537"}],"version-history":[{"count":0,"href":"https:\/\/www.immo-invest.ch\/fr\/wp-json\/wp\/v2\/posts\/100537\/revisions"}],"wp:featuredmedia":[{"embeddable":true,"href":"https:\/\/www.immo-invest.ch\/fr\/wp-json\/wp\/v2\/media\/100504"}],"wp:attachment":[{"href":"https:\/\/www.immo-invest.ch\/fr\/wp-json\/wp\/v2\/media?parent=100537"}],"wp:term":[{"taxonomy":"category","embeddable":true,"href":"https:\/\/www.immo-invest.ch\/fr\/wp-json\/wp\/v2\/categories?post=100537"},{"taxonomy":"post_tag","embeddable":true,"href":"https:\/\/www.immo-invest.ch\/fr\/wp-json\/wp\/v2\/tags?post=100537"}],"curies":[{"name":"wp","href":"https:\/\/api.w.org\/{rel}","templated":true}]}}