{"id":90313,"date":"2024-05-07T10:50:21","date_gmt":"2024-05-07T08:50:21","guid":{"rendered":"https:\/\/www.immo-invest.ch\/fortsetzung-des-baselbieter-energiepakets-bis-2025-geplant\/"},"modified":"2024-05-07T13:24:13","modified_gmt":"2024-05-07T11:24:13","slug":"fortsetzung-des-baselbieter-energiepakets-bis-2025-geplant","status":"publish","type":"post","link":"https:\/\/www.immo-invest.ch\/en\/fortsetzung-des-baselbieter-energiepakets-bis-2025-geplant\/","title":{"rendered":"Continuation of the Basel region&#8217;s energy package planned until 2025"},"content":{"rendered":"<p class=\"wp-block-paragraph\">In order to ensure the continuity of the Basel-Landschaft energy package, the cantonal government has proposed an increase in the expenditure authorisation and a supplementary credit for 2024 to the cantonal parliament. This procedure is intended to ensure that the programme to promote energy-efficient building renovations and the use of renewable energies in the building sector can continue seamlessly. A supplementary credit of CHF 2.28 million has been requested for 2024, and the total expenditure authorisation until the end of 2025 is to be increased to CHF 42.16 million.<\/p>\n\n\n\n<p class=\"wp-block-paragraph\">The energy package has proven to be particularly effective thanks to the high willingness of building owners to invest. Despite demand stabilising at a high level after a record year in 2022, the subsidy programme remains very effective in an intercantonal comparison. These results were presented in detail in the latest interim report from the cantonal government to the cantonal council.<\/p>\n\n\n\n<p class=\"wp-block-paragraph\">Due to the current financial bottlenecks, the cantonal government is planning a moderate reduction in contribution rates from 1 January 2025. This adjustment reflects the above-average rates compared to other Swiss cantons and will be cushioned by the recently introduced energy premium, which offers income- and asset-based support. At the same time, the new national impulse programme, which will be launched at the beginning of 2025, will offer further financial support for the conversion of heating systems and comprehensive <span class=\"glossaryLink\" aria-describedby=\"tt\" data-cmtooltip=\"&lt;div class=glossaryItemTitle&gt;Renovation&lt;\/div&gt;&lt;div class=glossaryItemBody&gt;Massnahmen zur Behebung von M&auml;ngeln, die durch Abnutzung oder Witterungseinfl&uuml;sse entstanden sind; Wiederherstellung des urspr&uuml;nglichen Zustands eines Geb&auml;udes oder von Teilen davon&lt;\/div&gt;\" data-mobile-support=\"0\" data-gt-translate-attributes='[{\"attribute\":\"data-cmtooltip\", \"format\":\"html\"}]' tabindex=\"0\" role=\"link\">renovation<\/span> of building envelopes.<\/p>\n\n\n\n<p class=\"wp-block-paragraph\">For the next planning periods from 2026 to 2030, the Government Council is preparing a separate bill based on the findings of the 2022 energy planning report and other parliamentary mandates. This initiative is intended to further strengthen the focus and effectiveness of the funding programme and adapt it to the dynamic needs of the energy market.<\/p>\n\n\n\n<p class=\"wp-block-paragraph\">Finally, based on the Cantonal Energy Act, the interim report emphasises the importance of regularly reviewing and adapting the support measures in order to effectively support CO2 reduction and meet legislative requirements. The cantonal government remains committed to a sustainable and energy-efficient future for Basel-Landschaft.<\/p>\n","protected":false},"excerpt":{"rendered":"<p>The cantonal government of Basel-Landschaft is in favour of continuing the successful Basel-Landschaft energy package until the end of 2025. In view of the ongoing successes and the current financial challenges, it is proposing adjustments to the contribution rates and additional funding.<\/p>\n","protected":false},"author":2,"featured_media":90289,"comment_status":"open","ping_status":"open","sticky":false,"template":"","format":"standard","meta":{"pmpro_default_level":"0","inline_featured_image":false,"_monsterinsights_skip_tracking":false,"footnotes":""},"categories":[12494,12481,22358,12482,12476,12485,22698],"tags":[12520,46365,20524,46366,45985,12564,12526,12770,12819],"class_list":["post-90313","post","type-post","status-publish","format-standard","has-post-thumbnail","hentry","category-region-basel-en","category-business-en","category-construction","category-energy","category-immonews","category-projects-en","category-sustainability","tag-energie-en","tag-energiepacket-en","tag-foerderprogramm-en","tag-gebaeudeeigentuemer-en","tag-heizsysteme-en","tag-immobilien-en","tag-immonews-en","tag-investition-en","tag-sanierung-en","pmpro-has-access"],"acf":{"bild_mit_ki_erstellt_worden":[],"lead":"The cantonal government of Basel-Landschaft is in favour of continuing the successful Basel-Landschaft energy package until the end of 2025. In view of the ongoing successes and the current financial challenges, it is proposing adjustments to the contribution rates and additional funding.","autor":"Quelle: Basel Landschaft","ort":"","bildunterschrift":"","bild_im_grid":false,"gallerie":"","newsim":""},"aioseo_notices":[],"aioseo_head":"\n\t\t<!-- All in One SEO 5.0.0.1 - aioseo.com -->\n\t<meta name=\"description\" content=\"The cantonal government of Basel-Landschaft is in favour of continuing the successful Basel-Landschaft energy package until the end of 2025. In view of the ongoing successes and the current financial challenges, it is proposing adjustments to the contribution rates and additional funding.\" \/>\n\t<meta name=\"robots\" content=\"max-image-preview:large\" \/>\n\t<meta name=\"author\" content=\"immovestuser\"\/>\n\t<meta name=\"google-site-verification\" content=\"fHJKvgWpZCR2zVBHWfkQeFXC11qieUSff0HGNYfuyLA\" \/>\n\t<link rel=\"canonical\" href=\"https:\/\/www.immo-invest.ch\/en\/fortsetzung-des-baselbieter-energiepakets-bis-2025-geplant\/\" \/>\n\t<meta name=\"generator\" content=\"All in One SEO (AIOSEO) 5.0.0.1\" \/>\n\t\t<meta property=\"og:locale\" content=\"en_US\" \/>\n\t\t<meta property=\"og:site_name\" content=\"immo!nvest - Die Plattform f\u00fcr Standorte und Immobilien - Die\u00a0Plattform f\u00fcr Standorte und Immobilien\" \/>\n\t\t<meta property=\"og:type\" content=\"article\" \/>\n\t\t<meta property=\"og:title\" content=\"Continuation of the Basel region\u2019s energy package planned until 2025 - immo!nvest - Die Plattform f\u00fcr Standorte und Immobilien\" \/>\n\t\t<meta property=\"og:description\" content=\"The cantonal government of Basel-Landschaft is in favour of continuing the successful Basel-Landschaft energy package until the end of 2025. In view of the ongoing successes and the current financial challenges, it is proposing adjustments to the contribution rates and additional funding.\" \/>\n\t\t<meta property=\"og:url\" content=\"https:\/\/www.immo-invest.ch\/en\/fortsetzung-des-baselbieter-energiepakets-bis-2025-geplant\/\" \/>\n\t\t<meta property=\"og:image\" content=\"https:\/\/www.immo-invest.ch\/wp-content\/uploads\/2024\/05\/Solar_2-scaled-1.png\" \/>\n\t\t<meta property=\"og:image:secure_url\" content=\"https:\/\/www.immo-invest.ch\/wp-content\/uploads\/2024\/05\/Solar_2-scaled-1.png\" \/>\n\t\t<meta property=\"og:image:width\" content=\"2560\" \/>\n\t\t<meta property=\"og:image:height\" content=\"1705\" \/>\n\t\t<meta property=\"article:published_time\" content=\"2024-05-07T08:50:21+00:00\" \/>\n\t\t<meta property=\"article:modified_time\" content=\"2024-05-07T11:24:13+00:00\" \/>\n\t\t<meta property=\"article:publisher\" content=\"https:\/\/www.facebook.com\/people\/Immoinvest\/100077962920504\/\" \/>\n\t\t<meta name=\"twitter:card\" content=\"summary_large_image\" \/>\n\t\t<meta name=\"twitter:site\" content=\"@i\" \/>\n\t\t<meta name=\"twitter:title\" content=\"Continuation of the Basel region\u2019s energy package planned until 2025 - immo!nvest - Die Plattform f\u00fcr Standorte und Immobilien\" \/>\n\t\t<meta name=\"twitter:description\" content=\"The cantonal government of Basel-Landschaft is in favour of continuing the successful Basel-Landschaft energy package until the end of 2025. In view of the ongoing successes and the current financial challenges, it is proposing adjustments to the contribution rates and additional funding.\" \/>\n\t\t<meta name=\"twitter:creator\" content=\"@i\" \/>\n\t\t<meta name=\"twitter:image\" content=\"https:\/\/www.immo-invest.ch\/wp-content\/uploads\/2024\/05\/Solar_2-scaled-1.png\" \/>\n\t\t<script type=\"application\/ld+json\" class=\"aioseo-schema\">\n\t\t\t{\"@context\":\"https:\\\/\\\/schema.org\",\"@graph\":[{\"@type\":\"BlogPosting\",\"@id\":\"https:\\\/\\\/www.immo-invest.ch\\\/en\\\/fortsetzung-des-baselbieter-energiepakets-bis-2025-geplant\\\/#blogposting\",\"name\":\"Continuation of the Basel region\\u2019s energy package planned until 2025 - immo!nvest - Die Plattform f\\u00fcr Standorte und Immobilien\",\"headline\":\"Continuation of the Basel region&#8217;s energy package planned until 2025\",\"author\":{\"@id\":\"https:\\\/\\\/www.immo-invest.ch\\\/en\\\/author\\\/immovestuser\\\/#author\"},\"publisher\":{\"@id\":\"https:\\\/\\\/www.immo-invest.ch\\\/en\\\/#organization\"},\"image\":{\"@type\":\"ImageObject\",\"url\":\"https:\\\/\\\/www.immo-invest.ch\\\/wp-content\\\/uploads\\\/2024\\\/05\\\/Solar_2-scaled-1.png\",\"width\":2560,\"height\":1705},\"datePublished\":\"2024-05-07T10:50:21+02:00\",\"dateModified\":\"2024-05-07T13:24:13+02:00\",\"inLanguage\":\"en-US\",\"mainEntityOfPage\":{\"@id\":\"https:\\\/\\\/www.immo-invest.ch\\\/en\\\/fortsetzung-des-baselbieter-energiepakets-bis-2025-geplant\\\/#webpage\"},\"isPartOf\":{\"@id\":\"https:\\\/\\\/www.immo-invest.ch\\\/en\\\/fortsetzung-des-baselbieter-energiepakets-bis-2025-geplant\\\/#webpage\"},\"articleSection\":\"Basel, Business, Construction, Energy, immoNews, Projects, Sustainability, Energie, Energiepacket, F\\u00f6rderprogramm, Geb\\u00e4udeeigent\\u00fcmer, Heizsysteme, immobilien, immoNews, Investition, Sanierung, Optional\"},{\"@type\":\"BreadcrumbList\",\"@id\":\"https:\\\/\\\/www.immo-invest.ch\\\/en\\\/fortsetzung-des-baselbieter-energiepakets-bis-2025-geplant\\\/#breadcrumblist\",\"itemListElement\":[{\"@type\":\"ListItem\",\"@id\":\"https:\\\/\\\/www.immo-invest.ch\\\/en\\\/#listItem\",\"position\":1,\"name\":\"Home\",\"item\":\"https:\\\/\\\/www.immo-invest.ch\\\/en\\\/\",\"nextItem\":{\"@type\":\"ListItem\",\"@id\":\"https:\\\/\\\/www.immo-invest.ch\\\/en\\\/category\\\/regions-en\\\/#listItem\",\"name\":\"Regions\"}},{\"@type\":\"ListItem\",\"@id\":\"https:\\\/\\\/www.immo-invest.ch\\\/en\\\/category\\\/regions-en\\\/#listItem\",\"position\":2,\"name\":\"Regions\",\"item\":\"https:\\\/\\\/www.immo-invest.ch\\\/en\\\/category\\\/regions-en\\\/\",\"nextItem\":{\"@type\":\"ListItem\",\"@id\":\"https:\\\/\\\/www.immo-invest.ch\\\/en\\\/category\\\/regions-en\\\/switzerland\\\/#listItem\",\"name\":\"Switzerland\"},\"previousItem\":{\"@type\":\"ListItem\",\"@id\":\"https:\\\/\\\/www.immo-invest.ch\\\/en\\\/#listItem\",\"name\":\"Home\"}},{\"@type\":\"ListItem\",\"@id\":\"https:\\\/\\\/www.immo-invest.ch\\\/en\\\/category\\\/regions-en\\\/switzerland\\\/#listItem\",\"position\":3,\"name\":\"Switzerland\",\"item\":\"https:\\\/\\\/www.immo-invest.ch\\\/en\\\/category\\\/regions-en\\\/switzerland\\\/\",\"nextItem\":{\"@type\":\"ListItem\",\"@id\":\"https:\\\/\\\/www.immo-invest.ch\\\/en\\\/category\\\/regions-en\\\/switzerland\\\/northwestern-switzerland\\\/#listItem\",\"name\":\"Northwestern Switzerland\"},\"previousItem\":{\"@type\":\"ListItem\",\"@id\":\"https:\\\/\\\/www.immo-invest.ch\\\/en\\\/category\\\/regions-en\\\/#listItem\",\"name\":\"Regions\"}},{\"@type\":\"ListItem\",\"@id\":\"https:\\\/\\\/www.immo-invest.ch\\\/en\\\/category\\\/regions-en\\\/switzerland\\\/northwestern-switzerland\\\/#listItem\",\"position\":4,\"name\":\"Northwestern Switzerland\",\"item\":\"https:\\\/\\\/www.immo-invest.ch\\\/en\\\/category\\\/regions-en\\\/switzerland\\\/northwestern-switzerland\\\/\",\"nextItem\":{\"@type\":\"ListItem\",\"@id\":\"https:\\\/\\\/www.immo-invest.ch\\\/en\\\/category\\\/regions-en\\\/switzerland\\\/northwestern-switzerland\\\/region-basel-en\\\/#listItem\",\"name\":\"Basel\"},\"previousItem\":{\"@type\":\"ListItem\",\"@id\":\"https:\\\/\\\/www.immo-invest.ch\\\/en\\\/category\\\/regions-en\\\/switzerland\\\/#listItem\",\"name\":\"Switzerland\"}},{\"@type\":\"ListItem\",\"@id\":\"https:\\\/\\\/www.immo-invest.ch\\\/en\\\/category\\\/regions-en\\\/switzerland\\\/northwestern-switzerland\\\/region-basel-en\\\/#listItem\",\"position\":5,\"name\":\"Basel\",\"item\":\"https:\\\/\\\/www.immo-invest.ch\\\/en\\\/category\\\/regions-en\\\/switzerland\\\/northwestern-switzerland\\\/region-basel-en\\\/\",\"nextItem\":{\"@type\":\"ListItem\",\"@id\":\"https:\\\/\\\/www.immo-invest.ch\\\/en\\\/fortsetzung-des-baselbieter-energiepakets-bis-2025-geplant\\\/#listItem\",\"name\":\"Continuation of the Basel region&#8217;s energy package planned until 2025\"},\"previousItem\":{\"@type\":\"ListItem\",\"@id\":\"https:\\\/\\\/www.immo-invest.ch\\\/en\\\/category\\\/regions-en\\\/switzerland\\\/northwestern-switzerland\\\/#listItem\",\"name\":\"Northwestern Switzerland\"}},{\"@type\":\"ListItem\",\"@id\":\"https:\\\/\\\/www.immo-invest.ch\\\/en\\\/fortsetzung-des-baselbieter-energiepakets-bis-2025-geplant\\\/#listItem\",\"position\":6,\"name\":\"Continuation of the Basel region&#8217;s energy package planned until 2025\",\"previousItem\":{\"@type\":\"ListItem\",\"@id\":\"https:\\\/\\\/www.immo-invest.ch\\\/en\\\/category\\\/regions-en\\\/switzerland\\\/northwestern-switzerland\\\/region-basel-en\\\/#listItem\",\"name\":\"Basel\"}}]},{\"@type\":\"Organization\",\"@id\":\"https:\\\/\\\/www.immo-invest.ch\\\/en\\\/#organization\",\"name\":\"immo!nvest - Die Plattform f\\u00fcr Standorte und Immobilien\",\"description\":\"Die\\u00a0Plattform f\\u00fcr Standorte und Immobilien\",\"url\":\"https:\\\/\\\/www.immo-invest.ch\\\/en\\\/\",\"email\":\"admin@immomedia.ag\",\"telephone\":\"+41444420002\",\"logo\":{\"@type\":\"ImageObject\",\"url\":\"https:\\\/\\\/www.immo-invest.ch\\\/wp-content\\\/uploads\\\/2024\\\/09\\\/immoinvest_sm-scaled.jpg\",\"@id\":\"https:\\\/\\\/www.immo-invest.ch\\\/en\\\/fortsetzung-des-baselbieter-energiepakets-bis-2025-geplant\\\/#organizationLogo\",\"width\":2560,\"height\":1340},\"image\":{\"@id\":\"https:\\\/\\\/www.immo-invest.ch\\\/en\\\/fortsetzung-des-baselbieter-energiepakets-bis-2025-geplant\\\/#organizationLogo\"},\"sameAs\":[\"https:\\\/\\\/www.facebook.com\\\/people\\\/Immoinvest\\\/100077962920504\\\/\",\"https:\\\/\\\/x.com\\\/i\\\/flow\\\/login?redirect_after_login=immoinvest_ch\",\"https:\\\/\\\/www.instagram.com\\\/immoinvest_ch\\\/\",\"https:\\\/\\\/www.linkedin.com\\\/company\\\/immoinvest-swiss\"]},{\"@type\":\"Person\",\"@id\":\"https:\\\/\\\/www.immo-invest.ch\\\/en\\\/author\\\/immovestuser\\\/#author\",\"url\":\"https:\\\/\\\/www.immo-invest.ch\\\/en\\\/author\\\/immovestuser\\\/\",\"name\":\"immovestuser\",\"image\":{\"@type\":\"ImageObject\",\"@id\":\"https:\\\/\\\/www.immo-invest.ch\\\/en\\\/fortsetzung-des-baselbieter-energiepakets-bis-2025-geplant\\\/#authorImage\",\"url\":\"https:\\\/\\\/secure.gravatar.com\\\/avatar\\\/8e01f4d99f2eeea7a362ebb93305e1172a70e9293ba250f897a65c39f54cdd1e?s=96&d=mm&r=g\",\"width\":96,\"height\":96,\"caption\":\"immovestuser\"}},{\"@type\":\"WebPage\",\"@id\":\"https:\\\/\\\/www.immo-invest.ch\\\/en\\\/fortsetzung-des-baselbieter-energiepakets-bis-2025-geplant\\\/#webpage\",\"url\":\"https:\\\/\\\/www.immo-invest.ch\\\/en\\\/fortsetzung-des-baselbieter-energiepakets-bis-2025-geplant\\\/\",\"name\":\"Continuation of the Basel region\\u2019s energy package planned until 2025 - immo!nvest - Die Plattform f\\u00fcr Standorte und Immobilien\",\"description\":\"The cantonal government of Basel-Landschaft is in favour of continuing the successful Basel-Landschaft energy package until the end of 2025. In view of the ongoing successes and the current financial challenges, it is proposing adjustments to the contribution rates and additional funding.\",\"inLanguage\":\"en-US\",\"isPartOf\":{\"@id\":\"https:\\\/\\\/www.immo-invest.ch\\\/en\\\/#website\"},\"breadcrumb\":{\"@id\":\"https:\\\/\\\/www.immo-invest.ch\\\/en\\\/fortsetzung-des-baselbieter-energiepakets-bis-2025-geplant\\\/#breadcrumblist\"},\"author\":{\"@id\":\"https:\\\/\\\/www.immo-invest.ch\\\/en\\\/author\\\/immovestuser\\\/#author\"},\"creator\":{\"@id\":\"https:\\\/\\\/www.immo-invest.ch\\\/en\\\/author\\\/immovestuser\\\/#author\"},\"image\":{\"@type\":\"ImageObject\",\"url\":\"https:\\\/\\\/www.immo-invest.ch\\\/wp-content\\\/uploads\\\/2024\\\/05\\\/Solar_2-scaled-1.png\",\"@id\":\"https:\\\/\\\/www.immo-invest.ch\\\/en\\\/fortsetzung-des-baselbieter-energiepakets-bis-2025-geplant\\\/#mainImage\",\"width\":2560,\"height\":1705},\"primaryImageOfPage\":{\"@id\":\"https:\\\/\\\/www.immo-invest.ch\\\/en\\\/fortsetzung-des-baselbieter-energiepakets-bis-2025-geplant\\\/#mainImage\"},\"datePublished\":\"2024-05-07T10:50:21+02:00\",\"dateModified\":\"2024-05-07T13:24:13+02:00\"},{\"@type\":\"WebSite\",\"@id\":\"https:\\\/\\\/www.immo-invest.ch\\\/en\\\/#website\",\"url\":\"https:\\\/\\\/www.immo-invest.ch\\\/en\\\/\",\"name\":\"immo!nvest - Die Plattform f\\u00fcr Standorte und Immobilien\",\"description\":\"Die\\u00a0Plattform f\\u00fcr Standorte und Immobilien\",\"inLanguage\":\"en-US\",\"publisher\":{\"@id\":\"https:\\\/\\\/www.immo-invest.ch\\\/en\\\/#organization\"}}]}\n\t\t<\/script>\n\t\t<!-- All in One SEO -->\n\n","aioseo_head_json":{"title":"Continuation of the Basel region\u2019s energy package planned until 2025 - immo!nvest - Die Plattform f\u00fcr Standorte und Immobilien","description":"The cantonal government of Basel-Landschaft is in favour of continuing the successful Basel-Landschaft energy package until the end of 2025. In view of the ongoing successes and the current financial challenges, it is proposing adjustments to the contribution rates and additional funding.","canonical_url":"https:\/\/www.immo-invest.ch\/en\/fortsetzung-des-baselbieter-energiepakets-bis-2025-geplant\/","robots":"max-image-preview:large","keywords":"","webmasterTools":{"google-site-verification":"fHJKvgWpZCR2zVBHWfkQeFXC11qieUSff0HGNYfuyLA","miscellaneous":""},"schema":{"@context":"https:\/\/schema.org","@graph":[{"@type":"BlogPosting","@id":"https:\/\/www.immo-invest.ch\/en\/fortsetzung-des-baselbieter-energiepakets-bis-2025-geplant\/#blogposting","name":"Continuation of the Basel region\u2019s energy package planned until 2025 - immo!nvest - Die Plattform f\u00fcr Standorte und Immobilien","headline":"Continuation of the Basel region&#8217;s energy package planned until 2025","author":{"@id":"https:\/\/www.immo-invest.ch\/en\/author\/immovestuser\/#author"},"publisher":{"@id":"https:\/\/www.immo-invest.ch\/en\/#organization"},"image":{"@type":"ImageObject","url":"https:\/\/www.immo-invest.ch\/wp-content\/uploads\/2024\/05\/Solar_2-scaled-1.png","width":2560,"height":1705},"datePublished":"2024-05-07T10:50:21+02:00","dateModified":"2024-05-07T13:24:13+02:00","inLanguage":"en-US","mainEntityOfPage":{"@id":"https:\/\/www.immo-invest.ch\/en\/fortsetzung-des-baselbieter-energiepakets-bis-2025-geplant\/#webpage"},"isPartOf":{"@id":"https:\/\/www.immo-invest.ch\/en\/fortsetzung-des-baselbieter-energiepakets-bis-2025-geplant\/#webpage"},"articleSection":"Basel, Business, Construction, Energy, immoNews, Projects, Sustainability, Energie, Energiepacket, F\u00f6rderprogramm, Geb\u00e4udeeigent\u00fcmer, Heizsysteme, immobilien, immoNews, Investition, Sanierung, Optional"},{"@type":"BreadcrumbList","@id":"https:\/\/www.immo-invest.ch\/en\/fortsetzung-des-baselbieter-energiepakets-bis-2025-geplant\/#breadcrumblist","itemListElement":[{"@type":"ListItem","@id":"https:\/\/www.immo-invest.ch\/en\/#listItem","position":1,"name":"Home","item":"https:\/\/www.immo-invest.ch\/en\/","nextItem":{"@type":"ListItem","@id":"https:\/\/www.immo-invest.ch\/en\/category\/regions-en\/#listItem","name":"Regions"}},{"@type":"ListItem","@id":"https:\/\/www.immo-invest.ch\/en\/category\/regions-en\/#listItem","position":2,"name":"Regions","item":"https:\/\/www.immo-invest.ch\/en\/category\/regions-en\/","nextItem":{"@type":"ListItem","@id":"https:\/\/www.immo-invest.ch\/en\/category\/regions-en\/switzerland\/#listItem","name":"Switzerland"},"previousItem":{"@type":"ListItem","@id":"https:\/\/www.immo-invest.ch\/en\/#listItem","name":"Home"}},{"@type":"ListItem","@id":"https:\/\/www.immo-invest.ch\/en\/category\/regions-en\/switzerland\/#listItem","position":3,"name":"Switzerland","item":"https:\/\/www.immo-invest.ch\/en\/category\/regions-en\/switzerland\/","nextItem":{"@type":"ListItem","@id":"https:\/\/www.immo-invest.ch\/en\/category\/regions-en\/switzerland\/northwestern-switzerland\/#listItem","name":"Northwestern Switzerland"},"previousItem":{"@type":"ListItem","@id":"https:\/\/www.immo-invest.ch\/en\/category\/regions-en\/#listItem","name":"Regions"}},{"@type":"ListItem","@id":"https:\/\/www.immo-invest.ch\/en\/category\/regions-en\/switzerland\/northwestern-switzerland\/#listItem","position":4,"name":"Northwestern Switzerland","item":"https:\/\/www.immo-invest.ch\/en\/category\/regions-en\/switzerland\/northwestern-switzerland\/","nextItem":{"@type":"ListItem","@id":"https:\/\/www.immo-invest.ch\/en\/category\/regions-en\/switzerland\/northwestern-switzerland\/region-basel-en\/#listItem","name":"Basel"},"previousItem":{"@type":"ListItem","@id":"https:\/\/www.immo-invest.ch\/en\/category\/regions-en\/switzerland\/#listItem","name":"Switzerland"}},{"@type":"ListItem","@id":"https:\/\/www.immo-invest.ch\/en\/category\/regions-en\/switzerland\/northwestern-switzerland\/region-basel-en\/#listItem","position":5,"name":"Basel","item":"https:\/\/www.immo-invest.ch\/en\/category\/regions-en\/switzerland\/northwestern-switzerland\/region-basel-en\/","nextItem":{"@type":"ListItem","@id":"https:\/\/www.immo-invest.ch\/en\/fortsetzung-des-baselbieter-energiepakets-bis-2025-geplant\/#listItem","name":"Continuation of the Basel region&#8217;s energy package planned until 2025"},"previousItem":{"@type":"ListItem","@id":"https:\/\/www.immo-invest.ch\/en\/category\/regions-en\/switzerland\/northwestern-switzerland\/#listItem","name":"Northwestern Switzerland"}},{"@type":"ListItem","@id":"https:\/\/www.immo-invest.ch\/en\/fortsetzung-des-baselbieter-energiepakets-bis-2025-geplant\/#listItem","position":6,"name":"Continuation of the Basel region&#8217;s energy package planned until 2025","previousItem":{"@type":"ListItem","@id":"https:\/\/www.immo-invest.ch\/en\/category\/regions-en\/switzerland\/northwestern-switzerland\/region-basel-en\/#listItem","name":"Basel"}}]},{"@type":"Organization","@id":"https:\/\/www.immo-invest.ch\/en\/#organization","name":"immo!nvest - Die Plattform f\u00fcr Standorte und Immobilien","description":"Die\u00a0Plattform f\u00fcr Standorte und Immobilien","url":"https:\/\/www.immo-invest.ch\/en\/","email":"admin@immomedia.ag","telephone":"+41444420002","logo":{"@type":"ImageObject","url":"https:\/\/www.immo-invest.ch\/wp-content\/uploads\/2024\/09\/immoinvest_sm-scaled.jpg","@id":"https:\/\/www.immo-invest.ch\/en\/fortsetzung-des-baselbieter-energiepakets-bis-2025-geplant\/#organizationLogo","width":2560,"height":1340},"image":{"@id":"https:\/\/www.immo-invest.ch\/en\/fortsetzung-des-baselbieter-energiepakets-bis-2025-geplant\/#organizationLogo"},"sameAs":["https:\/\/www.facebook.com\/people\/Immoinvest\/100077962920504\/","https:\/\/x.com\/i\/flow\/login?redirect_after_login=immoinvest_ch","https:\/\/www.instagram.com\/immoinvest_ch\/","https:\/\/www.linkedin.com\/company\/immoinvest-swiss"]},{"@type":"Person","@id":"https:\/\/www.immo-invest.ch\/en\/author\/immovestuser\/#author","url":"https:\/\/www.immo-invest.ch\/en\/author\/immovestuser\/","name":"immovestuser","image":{"@type":"ImageObject","@id":"https:\/\/www.immo-invest.ch\/en\/fortsetzung-des-baselbieter-energiepakets-bis-2025-geplant\/#authorImage","url":"https:\/\/secure.gravatar.com\/avatar\/8e01f4d99f2eeea7a362ebb93305e1172a70e9293ba250f897a65c39f54cdd1e?s=96&d=mm&r=g","width":96,"height":96,"caption":"immovestuser"}},{"@type":"WebPage","@id":"https:\/\/www.immo-invest.ch\/en\/fortsetzung-des-baselbieter-energiepakets-bis-2025-geplant\/#webpage","url":"https:\/\/www.immo-invest.ch\/en\/fortsetzung-des-baselbieter-energiepakets-bis-2025-geplant\/","name":"Continuation of the Basel region\u2019s energy package planned until 2025 - immo!nvest - Die Plattform f\u00fcr Standorte und Immobilien","description":"The cantonal government of Basel-Landschaft is in favour of continuing the successful Basel-Landschaft energy package until the end of 2025. In view of the ongoing successes and the current financial challenges, it is proposing adjustments to the contribution rates and additional funding.","inLanguage":"en-US","isPartOf":{"@id":"https:\/\/www.immo-invest.ch\/en\/#website"},"breadcrumb":{"@id":"https:\/\/www.immo-invest.ch\/en\/fortsetzung-des-baselbieter-energiepakets-bis-2025-geplant\/#breadcrumblist"},"author":{"@id":"https:\/\/www.immo-invest.ch\/en\/author\/immovestuser\/#author"},"creator":{"@id":"https:\/\/www.immo-invest.ch\/en\/author\/immovestuser\/#author"},"image":{"@type":"ImageObject","url":"https:\/\/www.immo-invest.ch\/wp-content\/uploads\/2024\/05\/Solar_2-scaled-1.png","@id":"https:\/\/www.immo-invest.ch\/en\/fortsetzung-des-baselbieter-energiepakets-bis-2025-geplant\/#mainImage","width":2560,"height":1705},"primaryImageOfPage":{"@id":"https:\/\/www.immo-invest.ch\/en\/fortsetzung-des-baselbieter-energiepakets-bis-2025-geplant\/#mainImage"},"datePublished":"2024-05-07T10:50:21+02:00","dateModified":"2024-05-07T13:24:13+02:00"},{"@type":"WebSite","@id":"https:\/\/www.immo-invest.ch\/en\/#website","url":"https:\/\/www.immo-invest.ch\/en\/","name":"immo!nvest - Die Plattform f\u00fcr Standorte und Immobilien","description":"Die\u00a0Plattform f\u00fcr Standorte und Immobilien","inLanguage":"en-US","publisher":{"@id":"https:\/\/www.immo-invest.ch\/en\/#organization"}}]},"og:locale":"en_US","og:site_name":"immo!nvest - Die Plattform f\u00fcr Standorte und Immobilien - Die\u00a0Plattform f\u00fcr Standorte und Immobilien","og:type":"article","og:title":"Continuation of the Basel region\u2019s energy package planned until 2025 - immo!nvest - Die Plattform f\u00fcr Standorte und Immobilien","og:description":"The cantonal government of Basel-Landschaft is in favour of continuing the successful Basel-Landschaft energy package until the end of 2025. In view of the ongoing successes and the current financial challenges, it is proposing adjustments to the contribution rates and additional funding.","og:url":"https:\/\/www.immo-invest.ch\/en\/fortsetzung-des-baselbieter-energiepakets-bis-2025-geplant\/","og:image":"https:\/\/www.immo-invest.ch\/wp-content\/uploads\/2024\/05\/Solar_2-scaled-1.png","og:image:secure_url":"https:\/\/www.immo-invest.ch\/wp-content\/uploads\/2024\/05\/Solar_2-scaled-1.png","og:image:width":2560,"og:image:height":1705,"article:published_time":"2024-05-07T08:50:21+00:00","article:modified_time":"2024-05-07T11:24:13+00:00","article:publisher":"https:\/\/www.facebook.com\/people\/Immoinvest\/100077962920504\/","twitter:card":"summary_large_image","twitter:site":"@i","twitter:title":"Continuation of the Basel region\u2019s energy package planned until 2025 - immo!nvest - Die Plattform f\u00fcr Standorte und Immobilien","twitter:description":"The cantonal government of Basel-Landschaft is in favour of continuing the successful Basel-Landschaft energy package until the end of 2025. In view of the ongoing successes and the current financial challenges, it is proposing adjustments to the contribution rates and additional funding.","twitter:creator":"@i","twitter:image":"https:\/\/www.immo-invest.ch\/wp-content\/uploads\/2024\/05\/Solar_2-scaled-1.png"},"aioseo_meta_data":{"post_id":"90313","title":null,"description":null,"keywords":null,"keyphrases":null,"primary_term":null,"canonical_url":null,"og_title":null,"og_description":null,"og_object_type":"default","og_image_type":"default","og_image_url":null,"og_image_width":null,"og_image_height":null,"og_image_custom_url":null,"og_image_custom_fields":null,"og_video":null,"og_custom_url":null,"og_article_section":null,"og_article_tags":null,"twitter_use_og":false,"twitter_card":"default","twitter_image_type":"default","twitter_image_url":null,"twitter_image_custom_url":null,"twitter_image_custom_fields":null,"twitter_title":null,"twitter_description":null,"schema":{"blockGraphs":[],"customGraphs":[],"default":{"data":{"Article":[],"Course":[],"Dataset":[],"FAQPage":[],"Movie":[],"Person":[],"Product":[],"ProductReview":[],"Car":[],"Recipe":[],"Service":[],"SoftwareApplication":[],"WebPage":[]},"graphName":"","isEnabled":true},"graphs":[]},"schema_type":"default","schema_type_options":null,"pillar_content":false,"robots_default":true,"robots_noindex":false,"robots_noarchive":false,"robots_nosnippet":false,"robots_nofollow":false,"robots_noimageindex":false,"robots_noodp":false,"robots_notranslate":false,"robots_max_snippet":null,"robots_max_videopreview":null,"robots_max_imagepreview":"large","priority":null,"frequency":null,"local_seo":null,"breadcrumb_settings":null,"limit_modified_date":false,"ai":null,"created":"2024-09-20 19:27:00","updated":"2025-10-24 01:45:13","seo_analyzer_scan_date":null,"focus_keyword":null,"additional_keywords":null,"truseo_locale":null},"aioseo_breadcrumb":"<div class=\"aioseo-breadcrumbs\"><span class=\"aioseo-breadcrumb\">\n\t\t\t<a href=\"https:\/\/www.immo-invest.ch\/en\/\" title=\"Home\">Home<\/a>\n\t\t<\/span><span class=\"aioseo-breadcrumb-separator\">&raquo;<\/span><span class=\"aioseo-breadcrumb\">\n\t\t\t<a href=\"https:\/\/www.immo-invest.ch\/en\/category\/regions-en\/\" title=\"Regions\">Regions<\/a>\n\t\t<\/span><span class=\"aioseo-breadcrumb-separator\">&raquo;<\/span><span class=\"aioseo-breadcrumb\">\n\t\t\t<a href=\"https:\/\/www.immo-invest.ch\/en\/category\/regions-en\/switzerland\/\" title=\"Switzerland\">Switzerland<\/a>\n\t\t<\/span><span class=\"aioseo-breadcrumb-separator\">&raquo;<\/span><span class=\"aioseo-breadcrumb\">\n\t\t\t<a href=\"https:\/\/www.immo-invest.ch\/en\/category\/regions-en\/switzerland\/northwestern-switzerland\/\" title=\"Northwestern Switzerland\">Northwestern Switzerland<\/a>\n\t\t<\/span><span class=\"aioseo-breadcrumb-separator\">&raquo;<\/span><span class=\"aioseo-breadcrumb\">\n\t\t\t<a href=\"https:\/\/www.immo-invest.ch\/en\/category\/regions-en\/switzerland\/northwestern-switzerland\/region-basel-en\/\" title=\"Basel\">Basel<\/a>\n\t\t<\/span><span class=\"aioseo-breadcrumb-separator\">&raquo;<\/span><span class=\"aioseo-breadcrumb\">\n\t\t\tContinuation of the Basel region\u2019s energy package planned until 2025\n\t\t<\/span><\/div>","aioseo_breadcrumb_json":[{"label":"Home","link":"https:\/\/www.immo-invest.ch\/en\/"},{"label":"Regions","link":"https:\/\/www.immo-invest.ch\/en\/category\/regions-en\/"},{"label":"Switzerland","link":"https:\/\/www.immo-invest.ch\/en\/category\/regions-en\/switzerland\/"},{"label":"Northwestern Switzerland","link":"https:\/\/www.immo-invest.ch\/en\/category\/regions-en\/switzerland\/northwestern-switzerland\/"},{"label":"Basel","link":"https:\/\/www.immo-invest.ch\/en\/category\/regions-en\/switzerland\/northwestern-switzerland\/region-basel-en\/"},{"label":"Continuation of the Basel region&#8217;s energy package planned until 2025","link":"https:\/\/www.immo-invest.ch\/en\/fortsetzung-des-baselbieter-energiepakets-bis-2025-geplant\/"}],"featured_image_src":"https:\/\/www.immo-invest.ch\/wp-content\/uploads\/2024\/05\/Solar_2-scaled-1-336x168.png","_links":{"self":[{"href":"https:\/\/www.immo-invest.ch\/en\/wp-json\/wp\/v2\/posts\/90313","targetHints":{"allow":["GET"]}}],"collection":[{"href":"https:\/\/www.immo-invest.ch\/en\/wp-json\/wp\/v2\/posts"}],"about":[{"href":"https:\/\/www.immo-invest.ch\/en\/wp-json\/wp\/v2\/types\/post"}],"author":[{"embeddable":true,"href":"https:\/\/www.immo-invest.ch\/en\/wp-json\/wp\/v2\/users\/2"}],"replies":[{"embeddable":true,"href":"https:\/\/www.immo-invest.ch\/en\/wp-json\/wp\/v2\/comments?post=90313"}],"version-history":[{"count":0,"href":"https:\/\/www.immo-invest.ch\/en\/wp-json\/wp\/v2\/posts\/90313\/revisions"}],"wp:featuredmedia":[{"embeddable":true,"href":"https:\/\/www.immo-invest.ch\/en\/wp-json\/wp\/v2\/media\/90289"}],"wp:attachment":[{"href":"https:\/\/www.immo-invest.ch\/en\/wp-json\/wp\/v2\/media?parent=90313"}],"wp:term":[{"taxonomy":"category","embeddable":true,"href":"https:\/\/www.immo-invest.ch\/en\/wp-json\/wp\/v2\/categories?post=90313"},{"taxonomy":"post_tag","embeddable":true,"href":"https:\/\/www.immo-invest.ch\/en\/wp-json\/wp\/v2\/tags?post=90313"}],"curies":[{"name":"wp","href":"https:\/\/api.w.org\/{rel}","templated":true}]}}