{"id":80857,"date":"2024-03-12T14:45:11","date_gmt":"2024-03-12T13:45:11","guid":{"rendered":"https:\/\/www.immo-invest.ch\/abwaerme-von-fassaden-wird-zu-strom\/"},"modified":"2024-04-08T11:07:16","modified_gmt":"2024-04-08T09:07:16","slug":"abwaerme-von-fassaden-wird-zu-strom","status":"publish","type":"post","link":"https:\/\/www.immo-invest.ch\/en\/abwaerme-von-fassaden-wird-zu-strom\/","title":{"rendered":"Abw\u00e4rme von Fassaden wird zu Strom"},"content":{"rendered":"<p class=\"wp-block-paragraph\">Die Frage, ob die Abw&auml;rme von Fassadenverkleidungen aus Nanomaterialien k&uuml;nftig zur Stromerzeugung genutzt werden kann, besch&auml;ftigt Forscher weltweit. Ein Team der TU Darmstadt hat nun einen vielversprechenden Ansatz vorgestellt, der dies erm&ouml;glichen k&ouml;nnte. Mithilfe von Nanokan&auml;len und Salzl&ouml;sungen gelingt es, auch Abw&auml;rme geringerer Temperaturen in elektrische Energie umzuwandeln.<\/p>\n\n\n\n<p class=\"wp-block-paragraph\">Die Energieumwandlung basiert auf einem Material mit mikroskopisch kleinen Kan&auml;len, die eine hochkonzentrierte Salzl&ouml;sung enthalten. Ein minimaler Temperaturunterschied zwischen den Seiten des Materials f&uuml;hrt zu einem thermoelektrischen Effekt, der eine &uuml;berraschend hohe elektrische Spannung erzeugt. Dieser Mechanismus k&ouml;nnte die effiziente Nutzung von Abw&auml;rme unter 100 Grad Celsius revolutionieren.<\/p>\n\n\n\n<p class=\"wp-block-paragraph\">Das Forschungsteam erkl&auml;rt, dass die Stromerzeugung in den Nanokan&auml;len und der Salzl&ouml;sung auf der Bewegung von Ionen und der Bildung von ladungsneutralen Clustern basiert. Wenn ein Bereich des Materials erw&auml;rmt wird, zerfallen die <span class=\"glossaryLink\" aria-describedby=\"tt\" data-cmtooltip=\"&lt;div class=glossaryItemTitle&gt;Cluster&lt;\/div&gt;&lt;div class=glossaryItemBody&gt;Marketingbegriff f&uuml;r eine Nutzergruppe mit &auml;hnlichen Anforderungen an eine Immobilie. In der Standortf&ouml;rderung spricht man von Cluster, wenn Unternehmen aus der gleichen Branche vernetzt werden&lt;\/div&gt;\" data-mobile-support=\"0\" data-gt-translate-attributes='[{\"attribute\":\"data-cmtooltip\", \"format\":\"html\"}]' tabindex=\"0\" role=\"link\">Cluster<\/span> und erzeugen Ladungen, die zur k&auml;lteren Seite wandern und dabei eine hohe elektrische Spannung erzeugen.<\/p>\n\n\n\n<p class=\"wp-block-paragraph\">Aktuell arbeiten die Forscher daran, ihr theoretisches <span class=\"glossaryLink\" aria-describedby=\"tt\" data-cmtooltip=\"&lt;div class=glossaryItemTitle&gt;Modell&lt;\/div&gt;&lt;div class=glossaryItemBody&gt;Mit einem dreimensionalen Modell visualisieren Architekten ihre Ideen. Es erm&ouml;glicht eine optimale Anschauung&lt;\/div&gt;\" data-mobile-support=\"0\" data-gt-translate-attributes='[{\"attribute\":\"data-cmtooltip\", \"format\":\"html\"}]' tabindex=\"0\" role=\"link\">Modell<\/span> mit experimentellen Ergebnissen in Einklang zu bringen. Dazu kooperieren sie mit einem Team vom University College Cork, das die beschriebenen Ph&auml;nomene experimentell untersucht. Obwohl die Technologie noch nicht marktreif ist, sind die Forscher optimistisch und sehen ein grosses Potenzial f&uuml;r zuk&uuml;nftige Anwendungen. Eine m&ouml;gliche Anwendung k&ouml;nnte eine Fassadenverkleidung aus speziellem Nanomaterial sein, die einen Teil der Abw&auml;rme eines Geb&auml;udes in elektrischen Strom umwandeln kann.<\/p>\n\n\n\n<p class=\"wp-block-paragraph\">Obwohl die Entwicklung noch in den Anf&auml;ngen steht, halten die Forscher die Verfolgung dieser Vision f&uuml;r entscheidend. Angesichts der Energieverschwendung durch ungenutzte Abw&auml;rme in Industrie und Haushalten ist die Suche nach effizienten L&ouml;sungen dringend geboten.<\/p>\n","protected":false},"excerpt":{"rendered":"<p>Die Nutzung von Abw\u00e4rme unter 100 Grad Celsius galt bisher als ineffizient. Doch dank Nanotechnik und  Verwendung von Salzl\u00f6sungen k\u00f6nnte sich dies bald \u00e4ndern. Ein Forschungsteam der TU Darmstadt beschreibt die vielversprechenden M\u00f6glichkeiten, Abw\u00e4rme von Fassadenverkleidungen in elektrischen Strom umzuwandeln.<\/p>\n","protected":false},"author":2,"featured_media":85638,"comment_status":"open","ping_status":"open","sticky":false,"template":"","format":"standard","meta":{"pmpro_default_level":"0","inline_featured_image":false,"_monsterinsights_skip_tracking":false,"footnotes":""},"categories":[12482],"tags":[12520,45342,13397,45343,12752],"class_list":["post-80857","post","type-post","status-publish","format-standard","has-post-thumbnail","hentry","category-energy","tag-energie-en","tag-energieverschwendung-en","tag-entwicklung-en","tag-fassadenverkleidung-en","tag-strom-en","pmpro-has-access"],"acf":{"bild_mit_ki_erstellt_worden":[],"lead":"Die Nutzung von Abw\u00e4rme unter 100 Grad Celsius galt bisher als ineffizient. Doch dank Nanotechnik und  Verwendung von Salzl\u00f6sungen k\u00f6nnte sich dies bald \u00e4ndern. Ein Forschungsteam der TU Darmstadt beschreibt die vielversprechenden M\u00f6glichkeiten, Abw\u00e4rme von Fassadenverkleidungen in elektrischen Strom umzuwandeln.","autor":"Quelle: Ingenieur","ort":"","bildunterschrift":"","bild_im_grid":false,"gallerie":"","newsim":""},"aioseo_notices":[],"aioseo_head":"\n\t\t<!-- All in One SEO 5.0.1.1 - aioseo.com -->\n\t<meta name=\"description\" content=\"Die Nutzung von Abw\u00e4rme unter 100 Grad Celsius galt bisher als ineffizient. Doch dank Nanotechnik und Verwendung von Salzl\u00f6sungen k\u00f6nnte sich dies bald \u00e4ndern. Ein Forschungsteam der TU Darmstadt beschreibt die vielversprechenden M\u00f6glichkeiten, Abw\u00e4rme von Fassadenverkleidungen in elektrischen Strom umzuwandeln.\" \/>\n\t<meta name=\"robots\" content=\"max-image-preview:large\" \/>\n\t<meta name=\"author\" content=\"immovestuser\"\/>\n\t<meta name=\"google-site-verification\" content=\"fHJKvgWpZCR2zVBHWfkQeFXC11qieUSff0HGNYfuyLA\" \/>\n\t<link rel=\"canonical\" href=\"https:\/\/www.immo-invest.ch\/en\/abwaerme-von-fassaden-wird-zu-strom\/\" \/>\n\t<meta name=\"generator\" content=\"All in One SEO (AIOSEO) 5.0.1.1\" \/>\n\t\t<meta property=\"og:locale\" content=\"en_US\" \/>\n\t\t<meta property=\"og:site_name\" content=\"immo!nvest - Die Plattform f\u00fcr Standorte und Immobilien - Die\u00a0Plattform f\u00fcr Standorte und Immobilien\" \/>\n\t\t<meta property=\"og:type\" content=\"article\" \/>\n\t\t<meta property=\"og:title\" content=\"Abw\u00e4rme von Fassaden wird zu Strom - immo!nvest - Die Plattform f\u00fcr Standorte und Immobilien\" \/>\n\t\t<meta property=\"og:description\" content=\"Die Nutzung von Abw\u00e4rme unter 100 Grad Celsius galt bisher als ineffizient. Doch dank Nanotechnik und Verwendung von Salzl\u00f6sungen k\u00f6nnte sich dies bald \u00e4ndern. Ein Forschungsteam der TU Darmstadt beschreibt die vielversprechenden M\u00f6glichkeiten, Abw\u00e4rme von Fassadenverkleidungen in elektrischen Strom umzuwandeln.\" \/>\n\t\t<meta property=\"og:url\" content=\"https:\/\/www.immo-invest.ch\/en\/abwaerme-von-fassaden-wird-zu-strom\/\" \/>\n\t\t<meta property=\"og:image\" content=\"https:\/\/www.immo-invest.ch\/wp-content\/uploads\/2024\/03\/scott-webb-WXIvO6j66P8-unsplash-scaled.jpg\" \/>\n\t\t<meta property=\"og:image:secure_url\" content=\"https:\/\/www.immo-invest.ch\/wp-content\/uploads\/2024\/03\/scott-webb-WXIvO6j66P8-unsplash-scaled.jpg\" \/>\n\t\t<meta property=\"og:image:width\" content=\"2560\" \/>\n\t\t<meta property=\"og:image:height\" content=\"1707\" \/>\n\t\t<meta property=\"article:published_time\" content=\"2024-03-12T13:45:11+00:00\" \/>\n\t\t<meta property=\"article:modified_time\" content=\"2024-04-08T09:07:16+00:00\" \/>\n\t\t<meta property=\"article:publisher\" content=\"https:\/\/www.facebook.com\/people\/Immoinvest\/100077962920504\/\" \/>\n\t\t<meta name=\"twitter:card\" content=\"summary_large_image\" \/>\n\t\t<meta name=\"twitter:site\" content=\"@i\" \/>\n\t\t<meta name=\"twitter:title\" content=\"Abw\u00e4rme von Fassaden wird zu Strom - immo!nvest - Die Plattform f\u00fcr Standorte und Immobilien\" \/>\n\t\t<meta name=\"twitter:description\" content=\"Die Nutzung von Abw\u00e4rme unter 100 Grad Celsius galt bisher als ineffizient. Doch dank Nanotechnik und Verwendung von Salzl\u00f6sungen k\u00f6nnte sich dies bald \u00e4ndern. Ein Forschungsteam der TU Darmstadt beschreibt die vielversprechenden M\u00f6glichkeiten, Abw\u00e4rme von Fassadenverkleidungen in elektrischen Strom umzuwandeln.\" \/>\n\t\t<meta name=\"twitter:creator\" content=\"@i\" \/>\n\t\t<meta name=\"twitter:image\" content=\"https:\/\/www.immo-invest.ch\/wp-content\/uploads\/2024\/03\/scott-webb-WXIvO6j66P8-unsplash-scaled.jpg\" \/>\n\t\t<script type=\"application\/ld+json\" class=\"aioseo-schema\">\n\t\t\t{\"@context\":\"https:\\\/\\\/schema.org\",\"@graph\":[{\"@type\":\"BlogPosting\",\"@id\":\"https:\\\/\\\/www.immo-invest.ch\\\/en\\\/abwaerme-von-fassaden-wird-zu-strom\\\/#blogposting\",\"name\":\"Abw\\u00e4rme von Fassaden wird zu Strom - immo!nvest - Die Plattform f\\u00fcr Standorte und Immobilien\",\"headline\":\"Abw\\u00e4rme von Fassaden wird zu Strom\",\"author\":{\"@id\":\"https:\\\/\\\/www.immo-invest.ch\\\/en\\\/author\\\/immovestuser\\\/#author\"},\"publisher\":{\"@id\":\"https:\\\/\\\/www.immo-invest.ch\\\/en\\\/#organization\"},\"image\":{\"@type\":\"ImageObject\",\"url\":\"https:\\\/\\\/www.immo-invest.ch\\\/wp-content\\\/uploads\\\/2024\\\/03\\\/scott-webb-WXIvO6j66P8-unsplash-scaled.jpg\",\"width\":2560,\"height\":1707},\"datePublished\":\"2024-03-12T14:45:11+01:00\",\"dateModified\":\"2024-04-08T11:07:16+02:00\",\"inLanguage\":\"en-US\",\"mainEntityOfPage\":{\"@id\":\"https:\\\/\\\/www.immo-invest.ch\\\/en\\\/abwaerme-von-fassaden-wird-zu-strom\\\/#webpage\"},\"isPartOf\":{\"@id\":\"https:\\\/\\\/www.immo-invest.ch\\\/en\\\/abwaerme-von-fassaden-wird-zu-strom\\\/#webpage\"},\"articleSection\":\"Energy, Energie, Energieverschwendung, Entwicklung, Fassadenverkleidung, Strom, Optional\"},{\"@type\":\"BreadcrumbList\",\"@id\":\"https:\\\/\\\/www.immo-invest.ch\\\/en\\\/abwaerme-von-fassaden-wird-zu-strom\\\/#breadcrumblist\",\"itemListElement\":[{\"@type\":\"ListItem\",\"@id\":\"https:\\\/\\\/www.immo-invest.ch\\\/en\\\/#listItem\",\"position\":1,\"name\":\"Home\",\"item\":\"https:\\\/\\\/www.immo-invest.ch\\\/en\\\/\",\"nextItem\":{\"@type\":\"ListItem\",\"@id\":\"https:\\\/\\\/www.immo-invest.ch\\\/en\\\/category\\\/energy\\\/#listItem\",\"name\":\"Energy\"}},{\"@type\":\"ListItem\",\"@id\":\"https:\\\/\\\/www.immo-invest.ch\\\/en\\\/category\\\/energy\\\/#listItem\",\"position\":2,\"name\":\"Energy\",\"item\":\"https:\\\/\\\/www.immo-invest.ch\\\/en\\\/category\\\/energy\\\/\",\"nextItem\":{\"@type\":\"ListItem\",\"@id\":\"https:\\\/\\\/www.immo-invest.ch\\\/en\\\/abwaerme-von-fassaden-wird-zu-strom\\\/#listItem\",\"name\":\"Abw\\u00e4rme von Fassaden wird zu Strom\"},\"previousItem\":{\"@type\":\"ListItem\",\"@id\":\"https:\\\/\\\/www.immo-invest.ch\\\/en\\\/#listItem\",\"name\":\"Home\"}},{\"@type\":\"ListItem\",\"@id\":\"https:\\\/\\\/www.immo-invest.ch\\\/en\\\/abwaerme-von-fassaden-wird-zu-strom\\\/#listItem\",\"position\":3,\"name\":\"Abw\\u00e4rme von Fassaden wird zu Strom\",\"previousItem\":{\"@type\":\"ListItem\",\"@id\":\"https:\\\/\\\/www.immo-invest.ch\\\/en\\\/category\\\/energy\\\/#listItem\",\"name\":\"Energy\"}}]},{\"@type\":\"Organization\",\"@id\":\"https:\\\/\\\/www.immo-invest.ch\\\/en\\\/#organization\",\"name\":\"immo!nvest - Die Plattform f\\u00fcr Standorte und Immobilien\",\"description\":\"Die\\u00a0Plattform f\\u00fcr Standorte und Immobilien\",\"url\":\"https:\\\/\\\/www.immo-invest.ch\\\/en\\\/\",\"email\":\"admin@immomedia.ag\",\"telephone\":\"+41444420002\",\"logo\":{\"@type\":\"ImageObject\",\"url\":\"https:\\\/\\\/www.immo-invest.ch\\\/wp-content\\\/uploads\\\/2024\\\/09\\\/immoinvest_sm-scaled.jpg\",\"@id\":\"https:\\\/\\\/www.immo-invest.ch\\\/en\\\/abwaerme-von-fassaden-wird-zu-strom\\\/#organizationLogo\",\"width\":2560,\"height\":1340},\"image\":{\"@id\":\"https:\\\/\\\/www.immo-invest.ch\\\/en\\\/abwaerme-von-fassaden-wird-zu-strom\\\/#organizationLogo\"},\"sameAs\":[\"https:\\\/\\\/www.facebook.com\\\/people\\\/Immoinvest\\\/100077962920504\\\/\",\"https:\\\/\\\/x.com\\\/i\\\/flow\\\/login?redirect_after_login=immoinvest_ch\",\"https:\\\/\\\/www.instagram.com\\\/immoinvest_ch\\\/\",\"https:\\\/\\\/www.linkedin.com\\\/company\\\/immoinvest-swiss\"]},{\"@type\":\"Person\",\"@id\":\"https:\\\/\\\/www.immo-invest.ch\\\/en\\\/author\\\/immovestuser\\\/#author\",\"url\":\"https:\\\/\\\/www.immo-invest.ch\\\/en\\\/author\\\/immovestuser\\\/\",\"name\":\"immovestuser\",\"image\":{\"@type\":\"ImageObject\",\"@id\":\"https:\\\/\\\/www.immo-invest.ch\\\/en\\\/abwaerme-von-fassaden-wird-zu-strom\\\/#authorImage\",\"url\":\"https:\\\/\\\/secure.gravatar.com\\\/avatar\\\/8e01f4d99f2eeea7a362ebb93305e1172a70e9293ba250f897a65c39f54cdd1e?s=96&d=mm&r=g\",\"width\":96,\"height\":96,\"caption\":\"immovestuser\"}},{\"@type\":\"WebPage\",\"@id\":\"https:\\\/\\\/www.immo-invest.ch\\\/en\\\/abwaerme-von-fassaden-wird-zu-strom\\\/#webpage\",\"url\":\"https:\\\/\\\/www.immo-invest.ch\\\/en\\\/abwaerme-von-fassaden-wird-zu-strom\\\/\",\"name\":\"Abw\\u00e4rme von Fassaden wird zu Strom - immo!nvest - Die Plattform f\\u00fcr Standorte und Immobilien\",\"description\":\"Die Nutzung von Abw\\u00e4rme unter 100 Grad Celsius galt bisher als ineffizient. Doch dank Nanotechnik und Verwendung von Salzl\\u00f6sungen k\\u00f6nnte sich dies bald \\u00e4ndern. Ein Forschungsteam der TU Darmstadt beschreibt die vielversprechenden M\\u00f6glichkeiten, Abw\\u00e4rme von Fassadenverkleidungen in elektrischen Strom umzuwandeln.\",\"inLanguage\":\"en-US\",\"isPartOf\":{\"@id\":\"https:\\\/\\\/www.immo-invest.ch\\\/en\\\/#website\"},\"breadcrumb\":{\"@id\":\"https:\\\/\\\/www.immo-invest.ch\\\/en\\\/abwaerme-von-fassaden-wird-zu-strom\\\/#breadcrumblist\"},\"author\":{\"@id\":\"https:\\\/\\\/www.immo-invest.ch\\\/en\\\/author\\\/immovestuser\\\/#author\"},\"creator\":{\"@id\":\"https:\\\/\\\/www.immo-invest.ch\\\/en\\\/author\\\/immovestuser\\\/#author\"},\"image\":{\"@type\":\"ImageObject\",\"url\":\"https:\\\/\\\/www.immo-invest.ch\\\/wp-content\\\/uploads\\\/2024\\\/03\\\/scott-webb-WXIvO6j66P8-unsplash-scaled.jpg\",\"@id\":\"https:\\\/\\\/www.immo-invest.ch\\\/en\\\/abwaerme-von-fassaden-wird-zu-strom\\\/#mainImage\",\"width\":2560,\"height\":1707},\"primaryImageOfPage\":{\"@id\":\"https:\\\/\\\/www.immo-invest.ch\\\/en\\\/abwaerme-von-fassaden-wird-zu-strom\\\/#mainImage\"},\"datePublished\":\"2024-03-12T14:45:11+01:00\",\"dateModified\":\"2024-04-08T11:07:16+02:00\"},{\"@type\":\"WebSite\",\"@id\":\"https:\\\/\\\/www.immo-invest.ch\\\/en\\\/#website\",\"url\":\"https:\\\/\\\/www.immo-invest.ch\\\/en\\\/\",\"name\":\"immo!nvest - Die Plattform f\\u00fcr Standorte und Immobilien\",\"description\":\"Die\\u00a0Plattform f\\u00fcr Standorte und Immobilien\",\"inLanguage\":\"en-US\",\"publisher\":{\"@id\":\"https:\\\/\\\/www.immo-invest.ch\\\/en\\\/#organization\"}}]}\n\t\t<\/script>\n\t\t<!-- All in One SEO -->\n\n","aioseo_head_json":{"title":"Abw\u00e4rme von Fassaden wird zu Strom - immo!nvest - Die Plattform f\u00fcr Standorte und Immobilien","description":"Die Nutzung von Abw\u00e4rme unter 100 Grad Celsius galt bisher als ineffizient. Doch dank Nanotechnik und Verwendung von Salzl\u00f6sungen k\u00f6nnte sich dies bald \u00e4ndern. Ein Forschungsteam der TU Darmstadt beschreibt die vielversprechenden M\u00f6glichkeiten, Abw\u00e4rme von Fassadenverkleidungen in elektrischen Strom umzuwandeln.","canonical_url":"https:\/\/www.immo-invest.ch\/en\/abwaerme-von-fassaden-wird-zu-strom\/","robots":"max-image-preview:large","keywords":"","webmasterTools":{"google-site-verification":"fHJKvgWpZCR2zVBHWfkQeFXC11qieUSff0HGNYfuyLA","miscellaneous":""},"schema":{"@context":"https:\/\/schema.org","@graph":[{"@type":"BlogPosting","@id":"https:\/\/www.immo-invest.ch\/en\/abwaerme-von-fassaden-wird-zu-strom\/#blogposting","name":"Abw\u00e4rme von Fassaden wird zu Strom - immo!nvest - Die Plattform f\u00fcr Standorte und Immobilien","headline":"Abw\u00e4rme von Fassaden wird zu Strom","author":{"@id":"https:\/\/www.immo-invest.ch\/en\/author\/immovestuser\/#author"},"publisher":{"@id":"https:\/\/www.immo-invest.ch\/en\/#organization"},"image":{"@type":"ImageObject","url":"https:\/\/www.immo-invest.ch\/wp-content\/uploads\/2024\/03\/scott-webb-WXIvO6j66P8-unsplash-scaled.jpg","width":2560,"height":1707},"datePublished":"2024-03-12T14:45:11+01:00","dateModified":"2024-04-08T11:07:16+02:00","inLanguage":"en-US","mainEntityOfPage":{"@id":"https:\/\/www.immo-invest.ch\/en\/abwaerme-von-fassaden-wird-zu-strom\/#webpage"},"isPartOf":{"@id":"https:\/\/www.immo-invest.ch\/en\/abwaerme-von-fassaden-wird-zu-strom\/#webpage"},"articleSection":"Energy, Energie, Energieverschwendung, Entwicklung, Fassadenverkleidung, Strom, Optional"},{"@type":"BreadcrumbList","@id":"https:\/\/www.immo-invest.ch\/en\/abwaerme-von-fassaden-wird-zu-strom\/#breadcrumblist","itemListElement":[{"@type":"ListItem","@id":"https:\/\/www.immo-invest.ch\/en\/#listItem","position":1,"name":"Home","item":"https:\/\/www.immo-invest.ch\/en\/","nextItem":{"@type":"ListItem","@id":"https:\/\/www.immo-invest.ch\/en\/category\/energy\/#listItem","name":"Energy"}},{"@type":"ListItem","@id":"https:\/\/www.immo-invest.ch\/en\/category\/energy\/#listItem","position":2,"name":"Energy","item":"https:\/\/www.immo-invest.ch\/en\/category\/energy\/","nextItem":{"@type":"ListItem","@id":"https:\/\/www.immo-invest.ch\/en\/abwaerme-von-fassaden-wird-zu-strom\/#listItem","name":"Abw\u00e4rme von Fassaden wird zu Strom"},"previousItem":{"@type":"ListItem","@id":"https:\/\/www.immo-invest.ch\/en\/#listItem","name":"Home"}},{"@type":"ListItem","@id":"https:\/\/www.immo-invest.ch\/en\/abwaerme-von-fassaden-wird-zu-strom\/#listItem","position":3,"name":"Abw\u00e4rme von Fassaden wird zu Strom","previousItem":{"@type":"ListItem","@id":"https:\/\/www.immo-invest.ch\/en\/category\/energy\/#listItem","name":"Energy"}}]},{"@type":"Organization","@id":"https:\/\/www.immo-invest.ch\/en\/#organization","name":"immo!nvest - Die Plattform f\u00fcr Standorte und Immobilien","description":"Die\u00a0Plattform f\u00fcr Standorte und Immobilien","url":"https:\/\/www.immo-invest.ch\/en\/","email":"admin@immomedia.ag","telephone":"+41444420002","logo":{"@type":"ImageObject","url":"https:\/\/www.immo-invest.ch\/wp-content\/uploads\/2024\/09\/immoinvest_sm-scaled.jpg","@id":"https:\/\/www.immo-invest.ch\/en\/abwaerme-von-fassaden-wird-zu-strom\/#organizationLogo","width":2560,"height":1340},"image":{"@id":"https:\/\/www.immo-invest.ch\/en\/abwaerme-von-fassaden-wird-zu-strom\/#organizationLogo"},"sameAs":["https:\/\/www.facebook.com\/people\/Immoinvest\/100077962920504\/","https:\/\/x.com\/i\/flow\/login?redirect_after_login=immoinvest_ch","https:\/\/www.instagram.com\/immoinvest_ch\/","https:\/\/www.linkedin.com\/company\/immoinvest-swiss"]},{"@type":"Person","@id":"https:\/\/www.immo-invest.ch\/en\/author\/immovestuser\/#author","url":"https:\/\/www.immo-invest.ch\/en\/author\/immovestuser\/","name":"immovestuser","image":{"@type":"ImageObject","@id":"https:\/\/www.immo-invest.ch\/en\/abwaerme-von-fassaden-wird-zu-strom\/#authorImage","url":"https:\/\/secure.gravatar.com\/avatar\/8e01f4d99f2eeea7a362ebb93305e1172a70e9293ba250f897a65c39f54cdd1e?s=96&d=mm&r=g","width":96,"height":96,"caption":"immovestuser"}},{"@type":"WebPage","@id":"https:\/\/www.immo-invest.ch\/en\/abwaerme-von-fassaden-wird-zu-strom\/#webpage","url":"https:\/\/www.immo-invest.ch\/en\/abwaerme-von-fassaden-wird-zu-strom\/","name":"Abw\u00e4rme von Fassaden wird zu Strom - immo!nvest - Die Plattform f\u00fcr Standorte und Immobilien","description":"Die Nutzung von Abw\u00e4rme unter 100 Grad Celsius galt bisher als ineffizient. Doch dank Nanotechnik und Verwendung von Salzl\u00f6sungen k\u00f6nnte sich dies bald \u00e4ndern. Ein Forschungsteam der TU Darmstadt beschreibt die vielversprechenden M\u00f6glichkeiten, Abw\u00e4rme von Fassadenverkleidungen in elektrischen Strom umzuwandeln.","inLanguage":"en-US","isPartOf":{"@id":"https:\/\/www.immo-invest.ch\/en\/#website"},"breadcrumb":{"@id":"https:\/\/www.immo-invest.ch\/en\/abwaerme-von-fassaden-wird-zu-strom\/#breadcrumblist"},"author":{"@id":"https:\/\/www.immo-invest.ch\/en\/author\/immovestuser\/#author"},"creator":{"@id":"https:\/\/www.immo-invest.ch\/en\/author\/immovestuser\/#author"},"image":{"@type":"ImageObject","url":"https:\/\/www.immo-invest.ch\/wp-content\/uploads\/2024\/03\/scott-webb-WXIvO6j66P8-unsplash-scaled.jpg","@id":"https:\/\/www.immo-invest.ch\/en\/abwaerme-von-fassaden-wird-zu-strom\/#mainImage","width":2560,"height":1707},"primaryImageOfPage":{"@id":"https:\/\/www.immo-invest.ch\/en\/abwaerme-von-fassaden-wird-zu-strom\/#mainImage"},"datePublished":"2024-03-12T14:45:11+01:00","dateModified":"2024-04-08T11:07:16+02:00"},{"@type":"WebSite","@id":"https:\/\/www.immo-invest.ch\/en\/#website","url":"https:\/\/www.immo-invest.ch\/en\/","name":"immo!nvest - Die Plattform f\u00fcr Standorte und Immobilien","description":"Die\u00a0Plattform f\u00fcr Standorte und Immobilien","inLanguage":"en-US","publisher":{"@id":"https:\/\/www.immo-invest.ch\/en\/#organization"}}]},"og:locale":"en_US","og:site_name":"immo!nvest - Die Plattform f\u00fcr Standorte und Immobilien - Die\u00a0Plattform f\u00fcr Standorte und Immobilien","og:type":"article","og:title":"Abw\u00e4rme von Fassaden wird zu Strom - immo!nvest - Die Plattform f\u00fcr Standorte und Immobilien","og:description":"Die Nutzung von Abw\u00e4rme unter 100 Grad Celsius galt bisher als ineffizient. Doch dank Nanotechnik und Verwendung von Salzl\u00f6sungen k\u00f6nnte sich dies bald \u00e4ndern. Ein Forschungsteam der TU Darmstadt beschreibt die vielversprechenden M\u00f6glichkeiten, Abw\u00e4rme von Fassadenverkleidungen in elektrischen Strom umzuwandeln.","og:url":"https:\/\/www.immo-invest.ch\/en\/abwaerme-von-fassaden-wird-zu-strom\/","og:image":"https:\/\/www.immo-invest.ch\/wp-content\/uploads\/2024\/03\/scott-webb-WXIvO6j66P8-unsplash-scaled.jpg","og:image:secure_url":"https:\/\/www.immo-invest.ch\/wp-content\/uploads\/2024\/03\/scott-webb-WXIvO6j66P8-unsplash-scaled.jpg","og:image:width":2560,"og:image:height":1707,"article:published_time":"2024-03-12T13:45:11+00:00","article:modified_time":"2024-04-08T09:07:16+00:00","article:publisher":"https:\/\/www.facebook.com\/people\/Immoinvest\/100077962920504\/","twitter:card":"summary_large_image","twitter:site":"@i","twitter:title":"Abw\u00e4rme von Fassaden wird zu Strom - immo!nvest - Die Plattform f\u00fcr Standorte und Immobilien","twitter:description":"Die Nutzung von Abw\u00e4rme unter 100 Grad Celsius galt bisher als ineffizient. Doch dank Nanotechnik und Verwendung von Salzl\u00f6sungen k\u00f6nnte sich dies bald \u00e4ndern. Ein Forschungsteam der TU Darmstadt beschreibt die vielversprechenden M\u00f6glichkeiten, Abw\u00e4rme von Fassadenverkleidungen in elektrischen Strom umzuwandeln.","twitter:creator":"@i","twitter:image":"https:\/\/www.immo-invest.ch\/wp-content\/uploads\/2024\/03\/scott-webb-WXIvO6j66P8-unsplash-scaled.jpg"},"aioseo_meta_data":{"post_id":"80857","title":null,"description":null,"keywords":null,"keyphrases":null,"primary_term":null,"canonical_url":null,"og_title":null,"og_description":null,"og_object_type":"default","og_image_type":"default","og_image_url":null,"og_image_width":null,"og_image_height":null,"og_image_custom_url":null,"og_image_custom_fields":null,"og_video":null,"og_custom_url":null,"og_article_section":null,"og_article_tags":null,"twitter_use_og":false,"twitter_card":"default","twitter_image_type":"default","twitter_image_url":null,"twitter_image_custom_url":null,"twitter_image_custom_fields":null,"twitter_title":null,"twitter_description":null,"schema":{"blockGraphs":[],"customGraphs":[],"default":{"data":{"Article":[],"Course":[],"Dataset":[],"FAQPage":[],"Movie":[],"Person":[],"Product":[],"ProductReview":[],"Car":[],"Recipe":[],"Service":[],"SoftwareApplication":[],"WebPage":[]},"graphName":"","isEnabled":true},"graphs":[]},"schema_type":"default","schema_type_options":null,"pillar_content":false,"robots_default":true,"robots_noindex":false,"robots_noarchive":false,"robots_nosnippet":false,"robots_nofollow":false,"robots_noimageindex":false,"robots_noodp":false,"robots_notranslate":false,"robots_max_snippet":null,"robots_max_videopreview":null,"robots_max_imagepreview":"large","priority":null,"frequency":null,"local_seo":null,"breadcrumb_settings":null,"limit_modified_date":false,"ai":null,"created":"2024-09-20 17:00:58","updated":"2025-10-23 23:18:12","seo_analyzer_scan_date":null,"focus_keyword":null,"additional_keywords":null,"truseo_locale":null},"aioseo_breadcrumb":"<div class=\"aioseo-breadcrumbs\"><span class=\"aioseo-breadcrumb\">\n\t\t\t<a href=\"https:\/\/www.immo-invest.ch\/en\/\" title=\"Home\">Home<\/a>\n\t\t<\/span><span class=\"aioseo-breadcrumb-separator\">&raquo;<\/span><span class=\"aioseo-breadcrumb\">\n\t\t\t<a href=\"https:\/\/www.immo-invest.ch\/en\/category\/energy\/\" title=\"Energy\">Energy<\/a>\n\t\t<\/span><span class=\"aioseo-breadcrumb-separator\">&raquo;<\/span><span class=\"aioseo-breadcrumb\">\n\t\t\tAbw\u00e4rme von Fassaden wird zu Strom\n\t\t<\/span><\/div>","aioseo_breadcrumb_json":[{"label":"Home","link":"https:\/\/www.immo-invest.ch\/en\/"},{"label":"Energy","link":"https:\/\/www.immo-invest.ch\/en\/category\/energy\/"},{"label":"Abw\u00e4rme von Fassaden wird zu Strom","link":"https:\/\/www.immo-invest.ch\/en\/abwaerme-von-fassaden-wird-zu-strom\/"}],"featured_image_src":"https:\/\/www.immo-invest.ch\/wp-content\/uploads\/2024\/03\/scott-webb-WXIvO6j66P8-unsplash-336x168.jpg","_links":{"self":[{"href":"https:\/\/www.immo-invest.ch\/en\/wp-json\/wp\/v2\/posts\/80857","targetHints":{"allow":["GET"]}}],"collection":[{"href":"https:\/\/www.immo-invest.ch\/en\/wp-json\/wp\/v2\/posts"}],"about":[{"href":"https:\/\/www.immo-invest.ch\/en\/wp-json\/wp\/v2\/types\/post"}],"author":[{"embeddable":true,"href":"https:\/\/www.immo-invest.ch\/en\/wp-json\/wp\/v2\/users\/2"}],"replies":[{"embeddable":true,"href":"https:\/\/www.immo-invest.ch\/en\/wp-json\/wp\/v2\/comments?post=80857"}],"version-history":[{"count":0,"href":"https:\/\/www.immo-invest.ch\/en\/wp-json\/wp\/v2\/posts\/80857\/revisions"}],"wp:featuredmedia":[{"embeddable":true,"href":"https:\/\/www.immo-invest.ch\/en\/wp-json\/wp\/v2\/media\/85638"}],"wp:attachment":[{"href":"https:\/\/www.immo-invest.ch\/en\/wp-json\/wp\/v2\/media?parent=80857"}],"wp:term":[{"taxonomy":"category","embeddable":true,"href":"https:\/\/www.immo-invest.ch\/en\/wp-json\/wp\/v2\/categories?post=80857"},{"taxonomy":"post_tag","embeddable":true,"href":"https:\/\/www.immo-invest.ch\/en\/wp-json\/wp\/v2\/tags?post=80857"}],"curies":[{"name":"wp","href":"https:\/\/api.w.org\/{rel}","templated":true}]}}