{"id":79914,"date":"2024-03-06T16:13:44","date_gmt":"2024-03-06T15:13:44","guid":{"rendered":"https:\/\/www.immo-invest.ch\/bernapark-und-winterthur-stellen-sich-standortfoerderern-vor\/"},"modified":"2024-03-06T16:18:27","modified_gmt":"2024-03-06T15:18:27","slug":"bernapark-und-winterthur-stellen-sich-standortfoerderern-vor","status":"publish","type":"post","link":"https:\/\/www.immo-invest.ch\/en\/bernapark-und-winterthur-stellen-sich-standortfoerderern-vor\/","title":{"rendered":"Bernapark and Winterthur present themselves to location promoters"},"content":{"rendered":"<p class=\"bodytext\">The Swiss Association for Site Management<a href=\"https:\/\/svsm-standortmanagement.ch\" target=\"_blank\" rel=\"noopener\">(<span class=\"glossaryLink\"  aria-describedby=\"tt\"  data-cmtooltip=\"&lt;div class=glossaryItemTitle&gt;SVSM&lt;\/div&gt;&lt;div class=glossaryItemBody&gt;Schweizerische Vereinigung f&uuml;r Standortmanagement&lt;\/div&gt;\"  data-mobile-support=\"0\"  data-gt-translate-attributes='[{\"attribute\":\"data-cmtooltip\", \"format\":\"html\"}]' tabindex='0' role='link'>SVSM<\/span><\/a>) is holding its traditional <a href=\"https:\/\/svsm-standortmanagement.ch\/anlaesse\" target=\"_blank\" rel=\"noopener\">Dialogue Site Management conference<\/a> on 12 March. According to a <a href=\"https:\/\/svsm-standortmanagement.ch\/media\/attachments\/2024\/02\/05\/2024_svsm_dialog_standortmanagement.pdf\" target=\"_blank\" rel=\"noopener\">press release<\/a>, this time the network for experts from location and business development and the property industry will focus on urban and site development.<\/p>\n<p class=\"bodytext\">Bettina Furrer will provide insights into Winterthur&rsquo;s integral site development. The head of the city&rsquo;s <a href=\"https:\/\/stadt.winterthur.ch\/gemeinde\/verwaltung\/kulturelles-und-dienste\/stadtentwicklung\/organisation\" target=\"_blank\" rel=\"noopener\">Urban Development Office<\/a> is responsible for economic and site development, housing policy and Winterthur&rsquo;s Smart City programme. The former industrial city has developed into a location at the interface of industry, services, health and culture. With Smart Machines, Smart Energy and Smart Health, <a href=\"https:\/\/winterthur.com\/de\/wirtschaftsstandort\/innovation\/cluster.html\" target=\"_blank\" rel=\"noopener\">three clusters<\/a> for the intelligent further development of the economy have been established on the basis of the location&rsquo;s existing strengths.<\/p>\n<p class=\"bodytext\">Caroline Forte presents the development of the site of the former cardboard factory in the Bernese suburb of Stettlen into the <a href=\"https:\/\/www.bernapark.ch\/\" target=\"_blank\" rel=\"noopener\">Bernapark<\/a> area. The neighbourhood combines living and working, education and leisure, culture and <span class=\"glossaryLink\" aria-describedby=\"tt\" data-cmtooltip=\"&lt;div class=glossaryItemTitle&gt;Innovation&lt;\/div&gt;&lt;div class=glossaryItemBody&gt;Innovation in der heutigen Immobilienwelt bedeutet vor allem Digitalisierung von Prozessen. Zum Beispiel das Eliminieren von Tausenden von Excel-Bl&auml;ttern f&uuml;r Portfolio- und Asset-Manager oder das Erstellen einer Anwendung (App) f&uuml;r alle Formalit&auml;ten rund um die Beziehung zwischen Immobilieneigent&uuml;mern, - verwaltung und -mietern.&lt;\/div&gt;\" data-mobile-support=\"0\" data-gt-translate-attributes='[{\"attribute\":\"data-cmtooltip\", \"format\":\"html\"}]' tabindex=\"0\" role=\"link\">innovation<\/span> in historic buildings and new constructions. As a member of the management and board of directors of Bernapark AG, Caroline Forte is responsible for communication and project management.<\/p>\n<p class=\"bodytext\">The symposium will take place in the Gleisarena Zurich, starts at 4 pm and is open to the public. It will be preceded by the <span class=\"glossaryLink\"  aria-describedby=\"tt\"  data-cmtooltip=\"&lt;div class=glossaryItemTitle&gt;SVSM&lt;\/div&gt;&lt;div class=glossaryItemBody&gt;Schweizerische Vereinigung f&uuml;r Standortmanagement&lt;\/div&gt;\"  data-mobile-support=\"0\"  data-gt-translate-attributes='[{\"attribute\":\"data-cmtooltip\", \"format\":\"html\"}]' tabindex='0' role='link'>SVSM<\/span> Annual General Meeting. A decision will also be taken on the renaming of the organisation to Network Location Switzerland. The new name is intended to reflect the intended expansion of the association&rsquo;s activities to the whole of Switzerland.<\/p>\n","protected":false},"excerpt":{"rendered":"<p>Der Wandel von der Industrie- zur Dienstleistungsgesellschaft schafft Chancen f\u00fcr Quartiere und ganze St\u00e4dte. Die Fachtagung Dialog Standortmanagement geht am 12. M\u00e4rz auf die integrale Standortentwicklung Winterthurs und auf die Umnutzung der ehemaligen Kartonfabrik zum Bernapark ein.<\/p>\n","protected":false},"author":2,"featured_media":79909,"comment_status":"open","ping_status":"open","sticky":false,"template":"","format":"standard","meta":{"pmpro_default_level":"","inline_featured_image":false,"_monsterinsights_skip_tracking":false,"footnotes":""},"categories":[12476,22341],"tags":[45206,12525,12526,12528,12555,12963],"class_list":["post-79914","post","type-post","status-publish","format-standard","has-post-thumbnail","hentry","category-immonews","category-thurgau-en","tag-bernapark-en","tag-immoinvest-en","tag-immonews-en","tag-news-en","tag-standortqualitaet-en","tag-winterthur-en","pmpro-has-access"],"acf":{"bild_mit_ki_erstellt_worden":[],"lead":"Der Wandel von der Industrie- zur Dienstleistungsgesellschaft schafft Chancen f\u00fcr Quartiere und ganze St\u00e4dte. Die Fachtagung Dialog Standortmanagement geht am 12. M\u00e4rz auf die integrale Standortentwicklung Winterthurs und auf die Umnutzung der ehemaligen Kartonfabrik zum Bernapark ein.","autor":"ce\/stk","ort":"Z\u00fcrich","bildunterschrift":"","bild_im_grid":false,"gallerie":"","newsim":""},"aioseo_notices":[],"aioseo_head":"\n\t\t<!-- All in One SEO 5.0.0.1 - aioseo.com -->\n\t<meta name=\"description\" content=\"Der Wandel von der Industrie- zur Dienstleistungsgesellschaft schafft Chancen f\u00fcr Quartiere und ganze St\u00e4dte. Die Fachtagung Dialog Standortmanagement geht am 12. M\u00e4rz auf die integrale Standortentwicklung Winterthurs und auf die Umnutzung der ehemaligen Kartonfabrik zum Bernapark ein.\" \/>\n\t<meta name=\"robots\" content=\"max-image-preview:large\" \/>\n\t<meta name=\"author\" content=\"immovestuser\"\/>\n\t<meta name=\"google-site-verification\" content=\"fHJKvgWpZCR2zVBHWfkQeFXC11qieUSff0HGNYfuyLA\" \/>\n\t<link rel=\"canonical\" href=\"https:\/\/www.immo-invest.ch\/en\/bernapark-und-winterthur-stellen-sich-standortfoerderern-vor\/\" \/>\n\t<meta name=\"generator\" content=\"All in One SEO (AIOSEO) 5.0.0.1\" \/>\n\t\t<meta property=\"og:locale\" content=\"en_US\" \/>\n\t\t<meta property=\"og:site_name\" content=\"immo!nvest - Die Plattform f\u00fcr Standorte und Immobilien - Die\u00a0Plattform f\u00fcr Standorte und Immobilien\" \/>\n\t\t<meta property=\"og:type\" content=\"article\" \/>\n\t\t<meta property=\"og:title\" content=\"Bernapark and Winterthur present themselves to location promoters - immo!nvest - Die Plattform f\u00fcr Standorte und Immobilien\" \/>\n\t\t<meta property=\"og:description\" content=\"Der Wandel von der Industrie- zur Dienstleistungsgesellschaft schafft Chancen f\u00fcr Quartiere und ganze St\u00e4dte. Die Fachtagung Dialog Standortmanagement geht am 12. M\u00e4rz auf die integrale Standortentwicklung Winterthurs und auf die Umnutzung der ehemaligen Kartonfabrik zum Bernapark ein.\" \/>\n\t\t<meta property=\"og:url\" content=\"https:\/\/www.immo-invest.ch\/en\/bernapark-und-winterthur-stellen-sich-standortfoerderern-vor\/\" \/>\n\t\t<meta property=\"og:image\" content=\"https:\/\/www.immo-invest.ch\/wp-content\/uploads\/2024\/03\/Unbenannt-5.png\" \/>\n\t\t<meta property=\"og:image:secure_url\" content=\"https:\/\/www.immo-invest.ch\/wp-content\/uploads\/2024\/03\/Unbenannt-5.png\" \/>\n\t\t<meta property=\"og:image:width\" content=\"1024\" \/>\n\t\t<meta property=\"og:image:height\" content=\"1024\" \/>\n\t\t<meta property=\"article:published_time\" content=\"2024-03-06T15:13:44+00:00\" \/>\n\t\t<meta property=\"article:modified_time\" content=\"2024-03-06T15:18:27+00:00\" \/>\n\t\t<meta property=\"article:publisher\" content=\"https:\/\/www.facebook.com\/people\/Immoinvest\/100077962920504\/\" \/>\n\t\t<meta name=\"twitter:card\" content=\"summary_large_image\" \/>\n\t\t<meta name=\"twitter:site\" content=\"@i\" \/>\n\t\t<meta name=\"twitter:title\" content=\"Bernapark and Winterthur present themselves to location promoters - immo!nvest - Die Plattform f\u00fcr Standorte und Immobilien\" \/>\n\t\t<meta name=\"twitter:description\" content=\"Der Wandel von der Industrie- zur Dienstleistungsgesellschaft schafft Chancen f\u00fcr Quartiere und ganze St\u00e4dte. Die Fachtagung Dialog Standortmanagement geht am 12. M\u00e4rz auf die integrale Standortentwicklung Winterthurs und auf die Umnutzung der ehemaligen Kartonfabrik zum Bernapark ein.\" \/>\n\t\t<meta name=\"twitter:creator\" content=\"@i\" \/>\n\t\t<meta name=\"twitter:image\" content=\"https:\/\/www.immo-invest.ch\/wp-content\/uploads\/2024\/03\/Unbenannt-5.png\" \/>\n\t\t<script type=\"application\/ld+json\" class=\"aioseo-schema\">\n\t\t\t{\"@context\":\"https:\\\/\\\/schema.org\",\"@graph\":[{\"@type\":\"BlogPosting\",\"@id\":\"https:\\\/\\\/www.immo-invest.ch\\\/en\\\/bernapark-und-winterthur-stellen-sich-standortfoerderern-vor\\\/#blogposting\",\"name\":\"Bernapark and Winterthur present themselves to location promoters - immo!nvest - Die Plattform f\\u00fcr Standorte und Immobilien\",\"headline\":\"Bernapark and Winterthur present themselves to location promoters\",\"author\":{\"@id\":\"https:\\\/\\\/www.immo-invest.ch\\\/en\\\/author\\\/immovestuser\\\/#author\"},\"publisher\":{\"@id\":\"https:\\\/\\\/www.immo-invest.ch\\\/en\\\/#organization\"},\"image\":{\"@type\":\"ImageObject\",\"url\":\"https:\\\/\\\/www.immo-invest.ch\\\/wp-content\\\/uploads\\\/2024\\\/03\\\/Unbenannt-5.png\",\"width\":1024,\"height\":1024},\"datePublished\":\"2024-03-06T16:13:44+01:00\",\"dateModified\":\"2024-03-06T16:18:27+01:00\",\"inLanguage\":\"en-US\",\"mainEntityOfPage\":{\"@id\":\"https:\\\/\\\/www.immo-invest.ch\\\/en\\\/bernapark-und-winterthur-stellen-sich-standortfoerderern-vor\\\/#webpage\"},\"isPartOf\":{\"@id\":\"https:\\\/\\\/www.immo-invest.ch\\\/en\\\/bernapark-und-winterthur-stellen-sich-standortfoerderern-vor\\\/#webpage\"},\"articleSection\":\"immoNews, Thurgau, Bernapark, Immoinvest, immoNews, News, Standortqualit\\u00e4t, Winterthur, Optional\"},{\"@type\":\"BreadcrumbList\",\"@id\":\"https:\\\/\\\/www.immo-invest.ch\\\/en\\\/bernapark-und-winterthur-stellen-sich-standortfoerderern-vor\\\/#breadcrumblist\",\"itemListElement\":[{\"@type\":\"ListItem\",\"@id\":\"https:\\\/\\\/www.immo-invest.ch\\\/en\\\/#listItem\",\"position\":1,\"name\":\"Home\",\"item\":\"https:\\\/\\\/www.immo-invest.ch\\\/en\\\/\",\"nextItem\":{\"@type\":\"ListItem\",\"@id\":\"https:\\\/\\\/www.immo-invest.ch\\\/en\\\/category\\\/regions-en\\\/#listItem\",\"name\":\"Regions\"}},{\"@type\":\"ListItem\",\"@id\":\"https:\\\/\\\/www.immo-invest.ch\\\/en\\\/category\\\/regions-en\\\/#listItem\",\"position\":2,\"name\":\"Regions\",\"item\":\"https:\\\/\\\/www.immo-invest.ch\\\/en\\\/category\\\/regions-en\\\/\",\"nextItem\":{\"@type\":\"ListItem\",\"@id\":\"https:\\\/\\\/www.immo-invest.ch\\\/en\\\/category\\\/regions-en\\\/switzerland\\\/#listItem\",\"name\":\"Switzerland\"},\"previousItem\":{\"@type\":\"ListItem\",\"@id\":\"https:\\\/\\\/www.immo-invest.ch\\\/en\\\/#listItem\",\"name\":\"Home\"}},{\"@type\":\"ListItem\",\"@id\":\"https:\\\/\\\/www.immo-invest.ch\\\/en\\\/category\\\/regions-en\\\/switzerland\\\/#listItem\",\"position\":3,\"name\":\"Switzerland\",\"item\":\"https:\\\/\\\/www.immo-invest.ch\\\/en\\\/category\\\/regions-en\\\/switzerland\\\/\",\"nextItem\":{\"@type\":\"ListItem\",\"@id\":\"https:\\\/\\\/www.immo-invest.ch\\\/en\\\/category\\\/regions-en\\\/switzerland\\\/eastern-switzerland\\\/#listItem\",\"name\":\"Eastern Switzerland\"},\"previousItem\":{\"@type\":\"ListItem\",\"@id\":\"https:\\\/\\\/www.immo-invest.ch\\\/en\\\/category\\\/regions-en\\\/#listItem\",\"name\":\"Regions\"}},{\"@type\":\"ListItem\",\"@id\":\"https:\\\/\\\/www.immo-invest.ch\\\/en\\\/category\\\/regions-en\\\/switzerland\\\/eastern-switzerland\\\/#listItem\",\"position\":4,\"name\":\"Eastern Switzerland\",\"item\":\"https:\\\/\\\/www.immo-invest.ch\\\/en\\\/category\\\/regions-en\\\/switzerland\\\/eastern-switzerland\\\/\",\"nextItem\":{\"@type\":\"ListItem\",\"@id\":\"https:\\\/\\\/www.immo-invest.ch\\\/en\\\/category\\\/regions-en\\\/switzerland\\\/eastern-switzerland\\\/thurgau-en\\\/#listItem\",\"name\":\"Thurgau\"},\"previousItem\":{\"@type\":\"ListItem\",\"@id\":\"https:\\\/\\\/www.immo-invest.ch\\\/en\\\/category\\\/regions-en\\\/switzerland\\\/#listItem\",\"name\":\"Switzerland\"}},{\"@type\":\"ListItem\",\"@id\":\"https:\\\/\\\/www.immo-invest.ch\\\/en\\\/category\\\/regions-en\\\/switzerland\\\/eastern-switzerland\\\/thurgau-en\\\/#listItem\",\"position\":5,\"name\":\"Thurgau\",\"item\":\"https:\\\/\\\/www.immo-invest.ch\\\/en\\\/category\\\/regions-en\\\/switzerland\\\/eastern-switzerland\\\/thurgau-en\\\/\",\"nextItem\":{\"@type\":\"ListItem\",\"@id\":\"https:\\\/\\\/www.immo-invest.ch\\\/en\\\/bernapark-und-winterthur-stellen-sich-standortfoerderern-vor\\\/#listItem\",\"name\":\"Bernapark and Winterthur present themselves to location promoters\"},\"previousItem\":{\"@type\":\"ListItem\",\"@id\":\"https:\\\/\\\/www.immo-invest.ch\\\/en\\\/category\\\/regions-en\\\/switzerland\\\/eastern-switzerland\\\/#listItem\",\"name\":\"Eastern Switzerland\"}},{\"@type\":\"ListItem\",\"@id\":\"https:\\\/\\\/www.immo-invest.ch\\\/en\\\/bernapark-und-winterthur-stellen-sich-standortfoerderern-vor\\\/#listItem\",\"position\":6,\"name\":\"Bernapark and Winterthur present themselves to location promoters\",\"previousItem\":{\"@type\":\"ListItem\",\"@id\":\"https:\\\/\\\/www.immo-invest.ch\\\/en\\\/category\\\/regions-en\\\/switzerland\\\/eastern-switzerland\\\/thurgau-en\\\/#listItem\",\"name\":\"Thurgau\"}}]},{\"@type\":\"Organization\",\"@id\":\"https:\\\/\\\/www.immo-invest.ch\\\/en\\\/#organization\",\"name\":\"immo!nvest - Die Plattform f\\u00fcr Standorte und Immobilien\",\"description\":\"Die\\u00a0Plattform f\\u00fcr Standorte und Immobilien\",\"url\":\"https:\\\/\\\/www.immo-invest.ch\\\/en\\\/\",\"email\":\"admin@immomedia.ag\",\"telephone\":\"+41444420002\",\"logo\":{\"@type\":\"ImageObject\",\"url\":\"https:\\\/\\\/www.immo-invest.ch\\\/wp-content\\\/uploads\\\/2024\\\/09\\\/immoinvest_sm-scaled.jpg\",\"@id\":\"https:\\\/\\\/www.immo-invest.ch\\\/en\\\/bernapark-und-winterthur-stellen-sich-standortfoerderern-vor\\\/#organizationLogo\",\"width\":2560,\"height\":1340},\"image\":{\"@id\":\"https:\\\/\\\/www.immo-invest.ch\\\/en\\\/bernapark-und-winterthur-stellen-sich-standortfoerderern-vor\\\/#organizationLogo\"},\"sameAs\":[\"https:\\\/\\\/www.facebook.com\\\/people\\\/Immoinvest\\\/100077962920504\\\/\",\"https:\\\/\\\/x.com\\\/i\\\/flow\\\/login?redirect_after_login=immoinvest_ch\",\"https:\\\/\\\/www.instagram.com\\\/immoinvest_ch\\\/\",\"https:\\\/\\\/www.linkedin.com\\\/company\\\/immoinvest-swiss\"]},{\"@type\":\"Person\",\"@id\":\"https:\\\/\\\/www.immo-invest.ch\\\/en\\\/author\\\/immovestuser\\\/#author\",\"url\":\"https:\\\/\\\/www.immo-invest.ch\\\/en\\\/author\\\/immovestuser\\\/\",\"name\":\"immovestuser\",\"image\":{\"@type\":\"ImageObject\",\"@id\":\"https:\\\/\\\/www.immo-invest.ch\\\/en\\\/bernapark-und-winterthur-stellen-sich-standortfoerderern-vor\\\/#authorImage\",\"url\":\"https:\\\/\\\/secure.gravatar.com\\\/avatar\\\/8e01f4d99f2eeea7a362ebb93305e1172a70e9293ba250f897a65c39f54cdd1e?s=96&d=mm&r=g\",\"width\":96,\"height\":96,\"caption\":\"immovestuser\"}},{\"@type\":\"WebPage\",\"@id\":\"https:\\\/\\\/www.immo-invest.ch\\\/en\\\/bernapark-und-winterthur-stellen-sich-standortfoerderern-vor\\\/#webpage\",\"url\":\"https:\\\/\\\/www.immo-invest.ch\\\/en\\\/bernapark-und-winterthur-stellen-sich-standortfoerderern-vor\\\/\",\"name\":\"Bernapark and Winterthur present themselves to location promoters - immo!nvest - Die Plattform f\\u00fcr Standorte und Immobilien\",\"description\":\"Der Wandel von der Industrie- zur Dienstleistungsgesellschaft schafft Chancen f\\u00fcr Quartiere und ganze St\\u00e4dte. Die Fachtagung Dialog Standortmanagement geht am 12. M\\u00e4rz auf die integrale Standortentwicklung Winterthurs und auf die Umnutzung der ehemaligen Kartonfabrik zum Bernapark ein.\",\"inLanguage\":\"en-US\",\"isPartOf\":{\"@id\":\"https:\\\/\\\/www.immo-invest.ch\\\/en\\\/#website\"},\"breadcrumb\":{\"@id\":\"https:\\\/\\\/www.immo-invest.ch\\\/en\\\/bernapark-und-winterthur-stellen-sich-standortfoerderern-vor\\\/#breadcrumblist\"},\"author\":{\"@id\":\"https:\\\/\\\/www.immo-invest.ch\\\/en\\\/author\\\/immovestuser\\\/#author\"},\"creator\":{\"@id\":\"https:\\\/\\\/www.immo-invest.ch\\\/en\\\/author\\\/immovestuser\\\/#author\"},\"image\":{\"@type\":\"ImageObject\",\"url\":\"https:\\\/\\\/www.immo-invest.ch\\\/wp-content\\\/uploads\\\/2024\\\/03\\\/Unbenannt-5.png\",\"@id\":\"https:\\\/\\\/www.immo-invest.ch\\\/en\\\/bernapark-und-winterthur-stellen-sich-standortfoerderern-vor\\\/#mainImage\",\"width\":1024,\"height\":1024},\"primaryImageOfPage\":{\"@id\":\"https:\\\/\\\/www.immo-invest.ch\\\/en\\\/bernapark-und-winterthur-stellen-sich-standortfoerderern-vor\\\/#mainImage\"},\"datePublished\":\"2024-03-06T16:13:44+01:00\",\"dateModified\":\"2024-03-06T16:18:27+01:00\"},{\"@type\":\"WebSite\",\"@id\":\"https:\\\/\\\/www.immo-invest.ch\\\/en\\\/#website\",\"url\":\"https:\\\/\\\/www.immo-invest.ch\\\/en\\\/\",\"name\":\"immo!nvest - Die Plattform f\\u00fcr Standorte und Immobilien\",\"description\":\"Die\\u00a0Plattform f\\u00fcr Standorte und Immobilien\",\"inLanguage\":\"en-US\",\"publisher\":{\"@id\":\"https:\\\/\\\/www.immo-invest.ch\\\/en\\\/#organization\"}}]}\n\t\t<\/script>\n\t\t<!-- All in One SEO -->\n\n","aioseo_head_json":{"title":"Bernapark and Winterthur present themselves to location promoters - immo!nvest - Die Plattform f\u00fcr Standorte und Immobilien","description":"Der Wandel von der Industrie- zur Dienstleistungsgesellschaft schafft Chancen f\u00fcr Quartiere und ganze St\u00e4dte. Die Fachtagung Dialog Standortmanagement geht am 12. M\u00e4rz auf die integrale Standortentwicklung Winterthurs und auf die Umnutzung der ehemaligen Kartonfabrik zum Bernapark ein.","canonical_url":"https:\/\/www.immo-invest.ch\/en\/bernapark-und-winterthur-stellen-sich-standortfoerderern-vor\/","robots":"max-image-preview:large","keywords":"","webmasterTools":{"google-site-verification":"fHJKvgWpZCR2zVBHWfkQeFXC11qieUSff0HGNYfuyLA","miscellaneous":""},"schema":{"@context":"https:\/\/schema.org","@graph":[{"@type":"BlogPosting","@id":"https:\/\/www.immo-invest.ch\/en\/bernapark-und-winterthur-stellen-sich-standortfoerderern-vor\/#blogposting","name":"Bernapark and Winterthur present themselves to location promoters - immo!nvest - Die Plattform f\u00fcr Standorte und Immobilien","headline":"Bernapark and Winterthur present themselves to location promoters","author":{"@id":"https:\/\/www.immo-invest.ch\/en\/author\/immovestuser\/#author"},"publisher":{"@id":"https:\/\/www.immo-invest.ch\/en\/#organization"},"image":{"@type":"ImageObject","url":"https:\/\/www.immo-invest.ch\/wp-content\/uploads\/2024\/03\/Unbenannt-5.png","width":1024,"height":1024},"datePublished":"2024-03-06T16:13:44+01:00","dateModified":"2024-03-06T16:18:27+01:00","inLanguage":"en-US","mainEntityOfPage":{"@id":"https:\/\/www.immo-invest.ch\/en\/bernapark-und-winterthur-stellen-sich-standortfoerderern-vor\/#webpage"},"isPartOf":{"@id":"https:\/\/www.immo-invest.ch\/en\/bernapark-und-winterthur-stellen-sich-standortfoerderern-vor\/#webpage"},"articleSection":"immoNews, Thurgau, Bernapark, Immoinvest, immoNews, News, Standortqualit\u00e4t, Winterthur, Optional"},{"@type":"BreadcrumbList","@id":"https:\/\/www.immo-invest.ch\/en\/bernapark-und-winterthur-stellen-sich-standortfoerderern-vor\/#breadcrumblist","itemListElement":[{"@type":"ListItem","@id":"https:\/\/www.immo-invest.ch\/en\/#listItem","position":1,"name":"Home","item":"https:\/\/www.immo-invest.ch\/en\/","nextItem":{"@type":"ListItem","@id":"https:\/\/www.immo-invest.ch\/en\/category\/regions-en\/#listItem","name":"Regions"}},{"@type":"ListItem","@id":"https:\/\/www.immo-invest.ch\/en\/category\/regions-en\/#listItem","position":2,"name":"Regions","item":"https:\/\/www.immo-invest.ch\/en\/category\/regions-en\/","nextItem":{"@type":"ListItem","@id":"https:\/\/www.immo-invest.ch\/en\/category\/regions-en\/switzerland\/#listItem","name":"Switzerland"},"previousItem":{"@type":"ListItem","@id":"https:\/\/www.immo-invest.ch\/en\/#listItem","name":"Home"}},{"@type":"ListItem","@id":"https:\/\/www.immo-invest.ch\/en\/category\/regions-en\/switzerland\/#listItem","position":3,"name":"Switzerland","item":"https:\/\/www.immo-invest.ch\/en\/category\/regions-en\/switzerland\/","nextItem":{"@type":"ListItem","@id":"https:\/\/www.immo-invest.ch\/en\/category\/regions-en\/switzerland\/eastern-switzerland\/#listItem","name":"Eastern Switzerland"},"previousItem":{"@type":"ListItem","@id":"https:\/\/www.immo-invest.ch\/en\/category\/regions-en\/#listItem","name":"Regions"}},{"@type":"ListItem","@id":"https:\/\/www.immo-invest.ch\/en\/category\/regions-en\/switzerland\/eastern-switzerland\/#listItem","position":4,"name":"Eastern Switzerland","item":"https:\/\/www.immo-invest.ch\/en\/category\/regions-en\/switzerland\/eastern-switzerland\/","nextItem":{"@type":"ListItem","@id":"https:\/\/www.immo-invest.ch\/en\/category\/regions-en\/switzerland\/eastern-switzerland\/thurgau-en\/#listItem","name":"Thurgau"},"previousItem":{"@type":"ListItem","@id":"https:\/\/www.immo-invest.ch\/en\/category\/regions-en\/switzerland\/#listItem","name":"Switzerland"}},{"@type":"ListItem","@id":"https:\/\/www.immo-invest.ch\/en\/category\/regions-en\/switzerland\/eastern-switzerland\/thurgau-en\/#listItem","position":5,"name":"Thurgau","item":"https:\/\/www.immo-invest.ch\/en\/category\/regions-en\/switzerland\/eastern-switzerland\/thurgau-en\/","nextItem":{"@type":"ListItem","@id":"https:\/\/www.immo-invest.ch\/en\/bernapark-und-winterthur-stellen-sich-standortfoerderern-vor\/#listItem","name":"Bernapark and Winterthur present themselves to location promoters"},"previousItem":{"@type":"ListItem","@id":"https:\/\/www.immo-invest.ch\/en\/category\/regions-en\/switzerland\/eastern-switzerland\/#listItem","name":"Eastern Switzerland"}},{"@type":"ListItem","@id":"https:\/\/www.immo-invest.ch\/en\/bernapark-und-winterthur-stellen-sich-standortfoerderern-vor\/#listItem","position":6,"name":"Bernapark and Winterthur present themselves to location promoters","previousItem":{"@type":"ListItem","@id":"https:\/\/www.immo-invest.ch\/en\/category\/regions-en\/switzerland\/eastern-switzerland\/thurgau-en\/#listItem","name":"Thurgau"}}]},{"@type":"Organization","@id":"https:\/\/www.immo-invest.ch\/en\/#organization","name":"immo!nvest - Die Plattform f\u00fcr Standorte und Immobilien","description":"Die\u00a0Plattform f\u00fcr Standorte und Immobilien","url":"https:\/\/www.immo-invest.ch\/en\/","email":"admin@immomedia.ag","telephone":"+41444420002","logo":{"@type":"ImageObject","url":"https:\/\/www.immo-invest.ch\/wp-content\/uploads\/2024\/09\/immoinvest_sm-scaled.jpg","@id":"https:\/\/www.immo-invest.ch\/en\/bernapark-und-winterthur-stellen-sich-standortfoerderern-vor\/#organizationLogo","width":2560,"height":1340},"image":{"@id":"https:\/\/www.immo-invest.ch\/en\/bernapark-und-winterthur-stellen-sich-standortfoerderern-vor\/#organizationLogo"},"sameAs":["https:\/\/www.facebook.com\/people\/Immoinvest\/100077962920504\/","https:\/\/x.com\/i\/flow\/login?redirect_after_login=immoinvest_ch","https:\/\/www.instagram.com\/immoinvest_ch\/","https:\/\/www.linkedin.com\/company\/immoinvest-swiss"]},{"@type":"Person","@id":"https:\/\/www.immo-invest.ch\/en\/author\/immovestuser\/#author","url":"https:\/\/www.immo-invest.ch\/en\/author\/immovestuser\/","name":"immovestuser","image":{"@type":"ImageObject","@id":"https:\/\/www.immo-invest.ch\/en\/bernapark-und-winterthur-stellen-sich-standortfoerderern-vor\/#authorImage","url":"https:\/\/secure.gravatar.com\/avatar\/8e01f4d99f2eeea7a362ebb93305e1172a70e9293ba250f897a65c39f54cdd1e?s=96&d=mm&r=g","width":96,"height":96,"caption":"immovestuser"}},{"@type":"WebPage","@id":"https:\/\/www.immo-invest.ch\/en\/bernapark-und-winterthur-stellen-sich-standortfoerderern-vor\/#webpage","url":"https:\/\/www.immo-invest.ch\/en\/bernapark-und-winterthur-stellen-sich-standortfoerderern-vor\/","name":"Bernapark and Winterthur present themselves to location promoters - immo!nvest - Die Plattform f\u00fcr Standorte und Immobilien","description":"Der Wandel von der Industrie- zur Dienstleistungsgesellschaft schafft Chancen f\u00fcr Quartiere und ganze St\u00e4dte. Die Fachtagung Dialog Standortmanagement geht am 12. M\u00e4rz auf die integrale Standortentwicklung Winterthurs und auf die Umnutzung der ehemaligen Kartonfabrik zum Bernapark ein.","inLanguage":"en-US","isPartOf":{"@id":"https:\/\/www.immo-invest.ch\/en\/#website"},"breadcrumb":{"@id":"https:\/\/www.immo-invest.ch\/en\/bernapark-und-winterthur-stellen-sich-standortfoerderern-vor\/#breadcrumblist"},"author":{"@id":"https:\/\/www.immo-invest.ch\/en\/author\/immovestuser\/#author"},"creator":{"@id":"https:\/\/www.immo-invest.ch\/en\/author\/immovestuser\/#author"},"image":{"@type":"ImageObject","url":"https:\/\/www.immo-invest.ch\/wp-content\/uploads\/2024\/03\/Unbenannt-5.png","@id":"https:\/\/www.immo-invest.ch\/en\/bernapark-und-winterthur-stellen-sich-standortfoerderern-vor\/#mainImage","width":1024,"height":1024},"primaryImageOfPage":{"@id":"https:\/\/www.immo-invest.ch\/en\/bernapark-und-winterthur-stellen-sich-standortfoerderern-vor\/#mainImage"},"datePublished":"2024-03-06T16:13:44+01:00","dateModified":"2024-03-06T16:18:27+01:00"},{"@type":"WebSite","@id":"https:\/\/www.immo-invest.ch\/en\/#website","url":"https:\/\/www.immo-invest.ch\/en\/","name":"immo!nvest - Die Plattform f\u00fcr Standorte und Immobilien","description":"Die\u00a0Plattform f\u00fcr Standorte und Immobilien","inLanguage":"en-US","publisher":{"@id":"https:\/\/www.immo-invest.ch\/en\/#organization"}}]},"og:locale":"en_US","og:site_name":"immo!nvest - Die Plattform f\u00fcr Standorte und Immobilien - Die\u00a0Plattform f\u00fcr Standorte und Immobilien","og:type":"article","og:title":"Bernapark and Winterthur present themselves to location promoters - immo!nvest - Die Plattform f\u00fcr Standorte und Immobilien","og:description":"Der Wandel von der Industrie- zur Dienstleistungsgesellschaft schafft Chancen f\u00fcr Quartiere und ganze St\u00e4dte. Die Fachtagung Dialog Standortmanagement geht am 12. M\u00e4rz auf die integrale Standortentwicklung Winterthurs und auf die Umnutzung der ehemaligen Kartonfabrik zum Bernapark ein.","og:url":"https:\/\/www.immo-invest.ch\/en\/bernapark-und-winterthur-stellen-sich-standortfoerderern-vor\/","og:image":"https:\/\/www.immo-invest.ch\/wp-content\/uploads\/2024\/03\/Unbenannt-5.png","og:image:secure_url":"https:\/\/www.immo-invest.ch\/wp-content\/uploads\/2024\/03\/Unbenannt-5.png","og:image:width":1024,"og:image:height":1024,"article:published_time":"2024-03-06T15:13:44+00:00","article:modified_time":"2024-03-06T15:18:27+00:00","article:publisher":"https:\/\/www.facebook.com\/people\/Immoinvest\/100077962920504\/","twitter:card":"summary_large_image","twitter:site":"@i","twitter:title":"Bernapark and Winterthur present themselves to location promoters - immo!nvest - Die Plattform f\u00fcr Standorte und Immobilien","twitter:description":"Der Wandel von der Industrie- zur Dienstleistungsgesellschaft schafft Chancen f\u00fcr Quartiere und ganze St\u00e4dte. Die Fachtagung Dialog Standortmanagement geht am 12. M\u00e4rz auf die integrale Standortentwicklung Winterthurs und auf die Umnutzung der ehemaligen Kartonfabrik zum Bernapark ein.","twitter:creator":"@i","twitter:image":"https:\/\/www.immo-invest.ch\/wp-content\/uploads\/2024\/03\/Unbenannt-5.png"},"aioseo_meta_data":{"post_id":"79914","title":null,"description":null,"keywords":null,"keyphrases":null,"primary_term":null,"canonical_url":null,"og_title":null,"og_description":null,"og_object_type":"default","og_image_type":"default","og_image_url":null,"og_image_width":null,"og_image_height":null,"og_image_custom_url":null,"og_image_custom_fields":null,"og_video":null,"og_custom_url":null,"og_article_section":null,"og_article_tags":null,"twitter_use_og":false,"twitter_card":"default","twitter_image_type":"default","twitter_image_url":null,"twitter_image_custom_url":null,"twitter_image_custom_fields":null,"twitter_title":null,"twitter_description":null,"schema":{"blockGraphs":[],"customGraphs":[],"default":{"data":{"Article":[],"Course":[],"Dataset":[],"FAQPage":[],"Movie":[],"Person":[],"Product":[],"ProductReview":[],"Car":[],"Recipe":[],"Service":[],"SoftwareApplication":[],"WebPage":[]},"graphName":"","isEnabled":true},"graphs":[]},"schema_type":"default","schema_type_options":null,"pillar_content":false,"robots_default":true,"robots_noindex":false,"robots_noarchive":false,"robots_nosnippet":false,"robots_nofollow":false,"robots_noimageindex":false,"robots_noodp":false,"robots_notranslate":false,"robots_max_snippet":null,"robots_max_videopreview":null,"robots_max_imagepreview":"large","priority":null,"frequency":null,"local_seo":null,"breadcrumb_settings":null,"limit_modified_date":false,"ai":null,"created":"2024-09-20 16:39:58","updated":"2025-10-23 22:57:14","seo_analyzer_scan_date":null,"focus_keyword":null,"additional_keywords":null,"truseo_locale":null},"aioseo_breadcrumb":"<div class=\"aioseo-breadcrumbs\"><span class=\"aioseo-breadcrumb\">\n\t\t\t<a href=\"https:\/\/www.immo-invest.ch\/en\/\" title=\"Home\">Home<\/a>\n\t\t<\/span><span class=\"aioseo-breadcrumb-separator\">&raquo;<\/span><span class=\"aioseo-breadcrumb\">\n\t\t\t<a href=\"https:\/\/www.immo-invest.ch\/en\/category\/regions-en\/\" title=\"Regions\">Regions<\/a>\n\t\t<\/span><span class=\"aioseo-breadcrumb-separator\">&raquo;<\/span><span class=\"aioseo-breadcrumb\">\n\t\t\t<a href=\"https:\/\/www.immo-invest.ch\/en\/category\/regions-en\/switzerland\/\" title=\"Switzerland\">Switzerland<\/a>\n\t\t<\/span><span class=\"aioseo-breadcrumb-separator\">&raquo;<\/span><span class=\"aioseo-breadcrumb\">\n\t\t\t<a href=\"https:\/\/www.immo-invest.ch\/en\/category\/regions-en\/switzerland\/eastern-switzerland\/\" title=\"Eastern Switzerland\">Eastern Switzerland<\/a>\n\t\t<\/span><span class=\"aioseo-breadcrumb-separator\">&raquo;<\/span><span class=\"aioseo-breadcrumb\">\n\t\t\t<a href=\"https:\/\/www.immo-invest.ch\/en\/category\/regions-en\/switzerland\/eastern-switzerland\/thurgau-en\/\" title=\"Thurgau\">Thurgau<\/a>\n\t\t<\/span><span class=\"aioseo-breadcrumb-separator\">&raquo;<\/span><span class=\"aioseo-breadcrumb\">\n\t\t\tBernapark and Winterthur present themselves to location promoters\n\t\t<\/span><\/div>","aioseo_breadcrumb_json":[{"label":"Home","link":"https:\/\/www.immo-invest.ch\/en\/"},{"label":"Regions","link":"https:\/\/www.immo-invest.ch\/en\/category\/regions-en\/"},{"label":"Switzerland","link":"https:\/\/www.immo-invest.ch\/en\/category\/regions-en\/switzerland\/"},{"label":"Eastern Switzerland","link":"https:\/\/www.immo-invest.ch\/en\/category\/regions-en\/switzerland\/eastern-switzerland\/"},{"label":"Thurgau","link":"https:\/\/www.immo-invest.ch\/en\/category\/regions-en\/switzerland\/eastern-switzerland\/thurgau-en\/"},{"label":"Bernapark and Winterthur present themselves to location promoters","link":"https:\/\/www.immo-invest.ch\/en\/bernapark-und-winterthur-stellen-sich-standortfoerderern-vor\/"}],"featured_image_src":"https:\/\/www.immo-invest.ch\/wp-content\/uploads\/2024\/03\/Unbenannt-5-336x168.png","_links":{"self":[{"href":"https:\/\/www.immo-invest.ch\/en\/wp-json\/wp\/v2\/posts\/79914","targetHints":{"allow":["GET"]}}],"collection":[{"href":"https:\/\/www.immo-invest.ch\/en\/wp-json\/wp\/v2\/posts"}],"about":[{"href":"https:\/\/www.immo-invest.ch\/en\/wp-json\/wp\/v2\/types\/post"}],"author":[{"embeddable":true,"href":"https:\/\/www.immo-invest.ch\/en\/wp-json\/wp\/v2\/users\/2"}],"replies":[{"embeddable":true,"href":"https:\/\/www.immo-invest.ch\/en\/wp-json\/wp\/v2\/comments?post=79914"}],"version-history":[{"count":0,"href":"https:\/\/www.immo-invest.ch\/en\/wp-json\/wp\/v2\/posts\/79914\/revisions"}],"wp:featuredmedia":[{"embeddable":true,"href":"https:\/\/www.immo-invest.ch\/en\/wp-json\/wp\/v2\/media\/79909"}],"wp:attachment":[{"href":"https:\/\/www.immo-invest.ch\/en\/wp-json\/wp\/v2\/media?parent=79914"}],"wp:term":[{"taxonomy":"category","embeddable":true,"href":"https:\/\/www.immo-invest.ch\/en\/wp-json\/wp\/v2\/categories?post=79914"},{"taxonomy":"post_tag","embeddable":true,"href":"https:\/\/www.immo-invest.ch\/en\/wp-json\/wp\/v2\/tags?post=79914"}],"curies":[{"name":"wp","href":"https:\/\/api.w.org\/{rel}","templated":true}]}}