{"id":78775,"date":"2024-03-01T15:55:33","date_gmt":"2024-03-01T14:55:33","guid":{"rendered":"https:\/\/www.immo-invest.ch\/accelleron-holt-in-baden-strom-vom-dach\/"},"modified":"2024-03-01T16:04:56","modified_gmt":"2024-03-01T15:04:56","slug":"accelleron-holt-in-baden-strom-vom-dach","status":"publish","type":"post","link":"https:\/\/www.immo-invest.ch\/en\/accelleron-holt-in-baden-strom-vom-dach\/","title":{"rendered":"Accelleron gets electricity from the roof in Baden"},"content":{"rendered":"<p class=\"bodytext\">According to a <a href=\"https:\/\/www.linkedin.com\/company\/accelleron-industries\/posts\/?feedView=all\" target=\"_blank\" rel=\"noopener\">press release<\/a>, <a href=\"https:\/\/accelleron-industries.com\/\" target=\"_blank\" rel=\"noopener\">Accelleron Industries AG<\/a> has inaugurated the city&rsquo;s largest photovoltaic system at its headquarters in Baden in the presence of Mayor Markus Schneider. The system was put into operation in December. It is spread across four roofs of company buildings with 2533 modules and a capacity of 1 megawatt peak output and is expected to produce around 1 gigawatt hour per year. According to the company, this corresponds to the annual energy requirements of 400 households or 150 journeys around the world in an electric car. Accelleron now covers 10 per cent of its annual electricity requirements in Baden with green energy, the statement continues.<\/p>\n<p class=\"bodytext\">&ldquo;As a leading company in the turbocharger industry, Accelleron is committed to decarbonisation and is making a positive contribution to sustainability,&rdquo; said Herbert M&uuml;ller, President of Accelleron&rsquo;s High Speed Division and Co-Managing Director of the subsidiary Turbo Systems Switzerland. With this project, Accelleron Switzerland is playing a pioneering role in the use of renewable energies, M&uuml;ller continued. Markus Schneider was the guest of honour at the inauguration ceremony. &ldquo;I would like to thank Accelleron as an important Baden-based company for this commitment to renewable energies. This is exactly the kind of project we need on the roofs of companies in Baden,&rdquo; Schneider is quoted as saying.<\/p>\n<p class=\"bodytext\">According to the company press release, it took less than eight months from the internal project approval to the commissioning of the plant in December 2023. Although the project is still in an early operating phase, important insights have already been gained, such as the effects of snow conditions on electricity production with solar installations, according to Accelleron.<\/p>\n","protected":false},"excerpt":{"rendered":"<p>Turboladerspezialist Accelleron hat seine neue Photovoltaikanlage auf den D\u00e4chern der Firmengeb\u00e4ude eingeweiht. Sie ist die gr\u00f6sste in Baden und verteilt sich mit 2533 Modulen und einer Kapazit\u00e4t von 1 Megawatt auf vier D\u00e4cher.<\/p>\n","protected":false},"author":2,"featured_media":78755,"comment_status":"open","ping_status":"open","sticky":false,"template":"","format":"standard","meta":{"pmpro_default_level":"","inline_featured_image":false,"_monsterinsights_skip_tracking":false,"footnotes":""},"categories":[12482,12476,22698],"tags":[40232,12521,12525,12526,12611,12528,17425],"class_list":["post-78775","post","type-post","status-publish","format-standard","has-post-thumbnail","hentry","category-energy","category-immonews","category-sustainability","tag-erneuerbare-energien-en","tag-erneuerbareenergien-en","tag-immoinvest-en","tag-immonews-en","tag-innovative-technologie-en","tag-news-en","tag-umweltschutz-en","pmpro-has-access"],"acf":{"bild_mit_ki_erstellt_worden":[],"lead":"Turboladerspezialist Accelleron hat seine neue Photovoltaikanlage auf den D\u00e4chern der Firmengeb\u00e4ude eingeweiht. Sie ist die gr\u00f6sste in Baden und verteilt sich mit 2533 Modulen und einer Kapazit\u00e4t von 1 Megawatt auf vier D\u00e4cher.","autor":"ce\/gba","ort":"Baden AG","bildunterschrift":"","bild_im_grid":false,"gallerie":"","newsim":""},"aioseo_notices":[],"aioseo_head":"\n\t\t<!-- All in One SEO 5.0.1.1 - aioseo.com -->\n\t<meta name=\"description\" content=\"Turboladerspezialist Accelleron hat seine neue Photovoltaikanlage auf den D\u00e4chern der Firmengeb\u00e4ude eingeweiht. Sie ist die gr\u00f6sste in Baden und verteilt sich mit 2533 Modulen und einer Kapazit\u00e4t von 1 Megawatt auf vier D\u00e4cher.\" \/>\n\t<meta name=\"robots\" content=\"max-image-preview:large\" \/>\n\t<meta name=\"author\" content=\"immovestuser\"\/>\n\t<meta name=\"google-site-verification\" content=\"fHJKvgWpZCR2zVBHWfkQeFXC11qieUSff0HGNYfuyLA\" \/>\n\t<link rel=\"canonical\" href=\"https:\/\/www.immo-invest.ch\/en\/accelleron-holt-in-baden-strom-vom-dach\/\" \/>\n\t<meta name=\"generator\" content=\"All in One SEO (AIOSEO) 5.0.1.1\" \/>\n\t\t<meta property=\"og:locale\" content=\"en_US\" \/>\n\t\t<meta property=\"og:site_name\" content=\"immo!nvest - Die Plattform f\u00fcr Standorte und Immobilien - Die\u00a0Plattform f\u00fcr Standorte und Immobilien\" \/>\n\t\t<meta property=\"og:type\" content=\"article\" \/>\n\t\t<meta property=\"og:title\" content=\"Accelleron gets electricity from the roof in Baden - immo!nvest - Die Plattform f\u00fcr Standorte und Immobilien\" \/>\n\t\t<meta property=\"og:description\" content=\"Turboladerspezialist Accelleron hat seine neue Photovoltaikanlage auf den D\u00e4chern der Firmengeb\u00e4ude eingeweiht. Sie ist die gr\u00f6sste in Baden und verteilt sich mit 2533 Modulen und einer Kapazit\u00e4t von 1 Megawatt auf vier D\u00e4cher.\" \/>\n\t\t<meta property=\"og:url\" content=\"https:\/\/www.immo-invest.ch\/en\/accelleron-holt-in-baden-strom-vom-dach\/\" \/>\n\t\t<meta property=\"og:image\" content=\"https:\/\/www.immo-invest.ch\/wp-content\/uploads\/2024\/03\/Unbenannt-2.png\" \/>\n\t\t<meta property=\"og:image:secure_url\" content=\"https:\/\/www.immo-invest.ch\/wp-content\/uploads\/2024\/03\/Unbenannt-2.png\" \/>\n\t\t<meta property=\"og:image:width\" content=\"1024\" \/>\n\t\t<meta property=\"og:image:height\" content=\"1024\" \/>\n\t\t<meta property=\"article:published_time\" content=\"2024-03-01T14:55:33+00:00\" \/>\n\t\t<meta property=\"article:modified_time\" content=\"2024-03-01T15:04:56+00:00\" \/>\n\t\t<meta property=\"article:publisher\" content=\"https:\/\/www.facebook.com\/people\/Immoinvest\/100077962920504\/\" \/>\n\t\t<meta name=\"twitter:card\" content=\"summary_large_image\" \/>\n\t\t<meta name=\"twitter:site\" content=\"@i\" \/>\n\t\t<meta name=\"twitter:title\" content=\"Accelleron gets electricity from the roof in Baden - immo!nvest - Die Plattform f\u00fcr Standorte und Immobilien\" \/>\n\t\t<meta name=\"twitter:description\" content=\"Turboladerspezialist Accelleron hat seine neue Photovoltaikanlage auf den D\u00e4chern der Firmengeb\u00e4ude eingeweiht. Sie ist die gr\u00f6sste in Baden und verteilt sich mit 2533 Modulen und einer Kapazit\u00e4t von 1 Megawatt auf vier D\u00e4cher.\" \/>\n\t\t<meta name=\"twitter:creator\" content=\"@i\" \/>\n\t\t<meta name=\"twitter:image\" content=\"https:\/\/www.immo-invest.ch\/wp-content\/uploads\/2024\/03\/Unbenannt-2.png\" \/>\n\t\t<script type=\"application\/ld+json\" class=\"aioseo-schema\">\n\t\t\t{\"@context\":\"https:\\\/\\\/schema.org\",\"@graph\":[{\"@type\":\"BlogPosting\",\"@id\":\"https:\\\/\\\/www.immo-invest.ch\\\/en\\\/accelleron-holt-in-baden-strom-vom-dach\\\/#blogposting\",\"name\":\"Accelleron gets electricity from the roof in Baden - immo!nvest - Die Plattform f\\u00fcr Standorte und Immobilien\",\"headline\":\"Accelleron gets electricity from the roof in Baden\",\"author\":{\"@id\":\"https:\\\/\\\/www.immo-invest.ch\\\/en\\\/author\\\/immovestuser\\\/#author\"},\"publisher\":{\"@id\":\"https:\\\/\\\/www.immo-invest.ch\\\/en\\\/#organization\"},\"image\":{\"@type\":\"ImageObject\",\"url\":\"https:\\\/\\\/www.immo-invest.ch\\\/wp-content\\\/uploads\\\/2024\\\/03\\\/Unbenannt-2.png\",\"width\":1024,\"height\":1024},\"datePublished\":\"2024-03-01T15:55:33+01:00\",\"dateModified\":\"2024-03-01T16:04:56+01:00\",\"inLanguage\":\"en-US\",\"mainEntityOfPage\":{\"@id\":\"https:\\\/\\\/www.immo-invest.ch\\\/en\\\/accelleron-holt-in-baden-strom-vom-dach\\\/#webpage\"},\"isPartOf\":{\"@id\":\"https:\\\/\\\/www.immo-invest.ch\\\/en\\\/accelleron-holt-in-baden-strom-vom-dach\\\/#webpage\"},\"articleSection\":\"Energy, immoNews, Sustainability, Erneuerbare Energien, ErneuerbareEnergien, Immoinvest, immoNews, innovative Technologie, News, Umweltschutz, Optional\"},{\"@type\":\"BreadcrumbList\",\"@id\":\"https:\\\/\\\/www.immo-invest.ch\\\/en\\\/accelleron-holt-in-baden-strom-vom-dach\\\/#breadcrumblist\",\"itemListElement\":[{\"@type\":\"ListItem\",\"@id\":\"https:\\\/\\\/www.immo-invest.ch\\\/en\\\/#listItem\",\"position\":1,\"name\":\"Home\",\"item\":\"https:\\\/\\\/www.immo-invest.ch\\\/en\\\/\",\"nextItem\":{\"@type\":\"ListItem\",\"@id\":\"https:\\\/\\\/www.immo-invest.ch\\\/en\\\/category\\\/trends-en\\\/#listItem\",\"name\":\"Trends\"}},{\"@type\":\"ListItem\",\"@id\":\"https:\\\/\\\/www.immo-invest.ch\\\/en\\\/category\\\/trends-en\\\/#listItem\",\"position\":2,\"name\":\"Trends\",\"item\":\"https:\\\/\\\/www.immo-invest.ch\\\/en\\\/category\\\/trends-en\\\/\",\"nextItem\":{\"@type\":\"ListItem\",\"@id\":\"https:\\\/\\\/www.immo-invest.ch\\\/en\\\/category\\\/trends-en\\\/sustainability\\\/#listItem\",\"name\":\"Sustainability\"},\"previousItem\":{\"@type\":\"ListItem\",\"@id\":\"https:\\\/\\\/www.immo-invest.ch\\\/en\\\/#listItem\",\"name\":\"Home\"}},{\"@type\":\"ListItem\",\"@id\":\"https:\\\/\\\/www.immo-invest.ch\\\/en\\\/category\\\/trends-en\\\/sustainability\\\/#listItem\",\"position\":3,\"name\":\"Sustainability\",\"item\":\"https:\\\/\\\/www.immo-invest.ch\\\/en\\\/category\\\/trends-en\\\/sustainability\\\/\",\"nextItem\":{\"@type\":\"ListItem\",\"@id\":\"https:\\\/\\\/www.immo-invest.ch\\\/en\\\/accelleron-holt-in-baden-strom-vom-dach\\\/#listItem\",\"name\":\"Accelleron gets electricity from the roof in Baden\"},\"previousItem\":{\"@type\":\"ListItem\",\"@id\":\"https:\\\/\\\/www.immo-invest.ch\\\/en\\\/category\\\/trends-en\\\/#listItem\",\"name\":\"Trends\"}},{\"@type\":\"ListItem\",\"@id\":\"https:\\\/\\\/www.immo-invest.ch\\\/en\\\/accelleron-holt-in-baden-strom-vom-dach\\\/#listItem\",\"position\":4,\"name\":\"Accelleron gets electricity from the roof in Baden\",\"previousItem\":{\"@type\":\"ListItem\",\"@id\":\"https:\\\/\\\/www.immo-invest.ch\\\/en\\\/category\\\/trends-en\\\/sustainability\\\/#listItem\",\"name\":\"Sustainability\"}}]},{\"@type\":\"Organization\",\"@id\":\"https:\\\/\\\/www.immo-invest.ch\\\/en\\\/#organization\",\"name\":\"immo!nvest - Die Plattform f\\u00fcr Standorte und Immobilien\",\"description\":\"Die\\u00a0Plattform f\\u00fcr Standorte und Immobilien\",\"url\":\"https:\\\/\\\/www.immo-invest.ch\\\/en\\\/\",\"email\":\"admin@immomedia.ag\",\"telephone\":\"+41444420002\",\"logo\":{\"@type\":\"ImageObject\",\"url\":\"https:\\\/\\\/www.immo-invest.ch\\\/wp-content\\\/uploads\\\/2024\\\/09\\\/immoinvest_sm-scaled.jpg\",\"@id\":\"https:\\\/\\\/www.immo-invest.ch\\\/en\\\/accelleron-holt-in-baden-strom-vom-dach\\\/#organizationLogo\",\"width\":2560,\"height\":1340},\"image\":{\"@id\":\"https:\\\/\\\/www.immo-invest.ch\\\/en\\\/accelleron-holt-in-baden-strom-vom-dach\\\/#organizationLogo\"},\"sameAs\":[\"https:\\\/\\\/www.facebook.com\\\/people\\\/Immoinvest\\\/100077962920504\\\/\",\"https:\\\/\\\/x.com\\\/i\\\/flow\\\/login?redirect_after_login=immoinvest_ch\",\"https:\\\/\\\/www.instagram.com\\\/immoinvest_ch\\\/\",\"https:\\\/\\\/www.linkedin.com\\\/company\\\/immoinvest-swiss\"]},{\"@type\":\"Person\",\"@id\":\"https:\\\/\\\/www.immo-invest.ch\\\/en\\\/author\\\/immovestuser\\\/#author\",\"url\":\"https:\\\/\\\/www.immo-invest.ch\\\/en\\\/author\\\/immovestuser\\\/\",\"name\":\"immovestuser\",\"image\":{\"@type\":\"ImageObject\",\"@id\":\"https:\\\/\\\/www.immo-invest.ch\\\/en\\\/accelleron-holt-in-baden-strom-vom-dach\\\/#authorImage\",\"url\":\"https:\\\/\\\/secure.gravatar.com\\\/avatar\\\/8e01f4d99f2eeea7a362ebb93305e1172a70e9293ba250f897a65c39f54cdd1e?s=96&d=mm&r=g\",\"width\":96,\"height\":96,\"caption\":\"immovestuser\"}},{\"@type\":\"WebPage\",\"@id\":\"https:\\\/\\\/www.immo-invest.ch\\\/en\\\/accelleron-holt-in-baden-strom-vom-dach\\\/#webpage\",\"url\":\"https:\\\/\\\/www.immo-invest.ch\\\/en\\\/accelleron-holt-in-baden-strom-vom-dach\\\/\",\"name\":\"Accelleron gets electricity from the roof in Baden - immo!nvest - Die Plattform f\\u00fcr Standorte und Immobilien\",\"description\":\"Turboladerspezialist Accelleron hat seine neue Photovoltaikanlage auf den D\\u00e4chern der Firmengeb\\u00e4ude eingeweiht. Sie ist die gr\\u00f6sste in Baden und verteilt sich mit 2533 Modulen und einer Kapazit\\u00e4t von 1 Megawatt auf vier D\\u00e4cher.\",\"inLanguage\":\"en-US\",\"isPartOf\":{\"@id\":\"https:\\\/\\\/www.immo-invest.ch\\\/en\\\/#website\"},\"breadcrumb\":{\"@id\":\"https:\\\/\\\/www.immo-invest.ch\\\/en\\\/accelleron-holt-in-baden-strom-vom-dach\\\/#breadcrumblist\"},\"author\":{\"@id\":\"https:\\\/\\\/www.immo-invest.ch\\\/en\\\/author\\\/immovestuser\\\/#author\"},\"creator\":{\"@id\":\"https:\\\/\\\/www.immo-invest.ch\\\/en\\\/author\\\/immovestuser\\\/#author\"},\"image\":{\"@type\":\"ImageObject\",\"url\":\"https:\\\/\\\/www.immo-invest.ch\\\/wp-content\\\/uploads\\\/2024\\\/03\\\/Unbenannt-2.png\",\"@id\":\"https:\\\/\\\/www.immo-invest.ch\\\/en\\\/accelleron-holt-in-baden-strom-vom-dach\\\/#mainImage\",\"width\":1024,\"height\":1024},\"primaryImageOfPage\":{\"@id\":\"https:\\\/\\\/www.immo-invest.ch\\\/en\\\/accelleron-holt-in-baden-strom-vom-dach\\\/#mainImage\"},\"datePublished\":\"2024-03-01T15:55:33+01:00\",\"dateModified\":\"2024-03-01T16:04:56+01:00\"},{\"@type\":\"WebSite\",\"@id\":\"https:\\\/\\\/www.immo-invest.ch\\\/en\\\/#website\",\"url\":\"https:\\\/\\\/www.immo-invest.ch\\\/en\\\/\",\"name\":\"immo!nvest - Die Plattform f\\u00fcr Standorte und Immobilien\",\"description\":\"Die\\u00a0Plattform f\\u00fcr Standorte und Immobilien\",\"inLanguage\":\"en-US\",\"publisher\":{\"@id\":\"https:\\\/\\\/www.immo-invest.ch\\\/en\\\/#organization\"}}]}\n\t\t<\/script>\n\t\t<!-- All in One SEO -->\n\n","aioseo_head_json":{"title":"Accelleron gets electricity from the roof in Baden - immo!nvest - Die Plattform f\u00fcr Standorte und Immobilien","description":"Turboladerspezialist Accelleron hat seine neue Photovoltaikanlage auf den D\u00e4chern der Firmengeb\u00e4ude eingeweiht. Sie ist die gr\u00f6sste in Baden und verteilt sich mit 2533 Modulen und einer Kapazit\u00e4t von 1 Megawatt auf vier D\u00e4cher.","canonical_url":"https:\/\/www.immo-invest.ch\/en\/accelleron-holt-in-baden-strom-vom-dach\/","robots":"max-image-preview:large","keywords":"","webmasterTools":{"google-site-verification":"fHJKvgWpZCR2zVBHWfkQeFXC11qieUSff0HGNYfuyLA","miscellaneous":""},"schema":{"@context":"https:\/\/schema.org","@graph":[{"@type":"BlogPosting","@id":"https:\/\/www.immo-invest.ch\/en\/accelleron-holt-in-baden-strom-vom-dach\/#blogposting","name":"Accelleron gets electricity from the roof in Baden - immo!nvest - Die Plattform f\u00fcr Standorte und Immobilien","headline":"Accelleron gets electricity from the roof in Baden","author":{"@id":"https:\/\/www.immo-invest.ch\/en\/author\/immovestuser\/#author"},"publisher":{"@id":"https:\/\/www.immo-invest.ch\/en\/#organization"},"image":{"@type":"ImageObject","url":"https:\/\/www.immo-invest.ch\/wp-content\/uploads\/2024\/03\/Unbenannt-2.png","width":1024,"height":1024},"datePublished":"2024-03-01T15:55:33+01:00","dateModified":"2024-03-01T16:04:56+01:00","inLanguage":"en-US","mainEntityOfPage":{"@id":"https:\/\/www.immo-invest.ch\/en\/accelleron-holt-in-baden-strom-vom-dach\/#webpage"},"isPartOf":{"@id":"https:\/\/www.immo-invest.ch\/en\/accelleron-holt-in-baden-strom-vom-dach\/#webpage"},"articleSection":"Energy, immoNews, Sustainability, Erneuerbare Energien, ErneuerbareEnergien, Immoinvest, immoNews, innovative Technologie, News, Umweltschutz, Optional"},{"@type":"BreadcrumbList","@id":"https:\/\/www.immo-invest.ch\/en\/accelleron-holt-in-baden-strom-vom-dach\/#breadcrumblist","itemListElement":[{"@type":"ListItem","@id":"https:\/\/www.immo-invest.ch\/en\/#listItem","position":1,"name":"Home","item":"https:\/\/www.immo-invest.ch\/en\/","nextItem":{"@type":"ListItem","@id":"https:\/\/www.immo-invest.ch\/en\/category\/trends-en\/#listItem","name":"Trends"}},{"@type":"ListItem","@id":"https:\/\/www.immo-invest.ch\/en\/category\/trends-en\/#listItem","position":2,"name":"Trends","item":"https:\/\/www.immo-invest.ch\/en\/category\/trends-en\/","nextItem":{"@type":"ListItem","@id":"https:\/\/www.immo-invest.ch\/en\/category\/trends-en\/sustainability\/#listItem","name":"Sustainability"},"previousItem":{"@type":"ListItem","@id":"https:\/\/www.immo-invest.ch\/en\/#listItem","name":"Home"}},{"@type":"ListItem","@id":"https:\/\/www.immo-invest.ch\/en\/category\/trends-en\/sustainability\/#listItem","position":3,"name":"Sustainability","item":"https:\/\/www.immo-invest.ch\/en\/category\/trends-en\/sustainability\/","nextItem":{"@type":"ListItem","@id":"https:\/\/www.immo-invest.ch\/en\/accelleron-holt-in-baden-strom-vom-dach\/#listItem","name":"Accelleron gets electricity from the roof in Baden"},"previousItem":{"@type":"ListItem","@id":"https:\/\/www.immo-invest.ch\/en\/category\/trends-en\/#listItem","name":"Trends"}},{"@type":"ListItem","@id":"https:\/\/www.immo-invest.ch\/en\/accelleron-holt-in-baden-strom-vom-dach\/#listItem","position":4,"name":"Accelleron gets electricity from the roof in Baden","previousItem":{"@type":"ListItem","@id":"https:\/\/www.immo-invest.ch\/en\/category\/trends-en\/sustainability\/#listItem","name":"Sustainability"}}]},{"@type":"Organization","@id":"https:\/\/www.immo-invest.ch\/en\/#organization","name":"immo!nvest - Die Plattform f\u00fcr Standorte und Immobilien","description":"Die\u00a0Plattform f\u00fcr Standorte und Immobilien","url":"https:\/\/www.immo-invest.ch\/en\/","email":"admin@immomedia.ag","telephone":"+41444420002","logo":{"@type":"ImageObject","url":"https:\/\/www.immo-invest.ch\/wp-content\/uploads\/2024\/09\/immoinvest_sm-scaled.jpg","@id":"https:\/\/www.immo-invest.ch\/en\/accelleron-holt-in-baden-strom-vom-dach\/#organizationLogo","width":2560,"height":1340},"image":{"@id":"https:\/\/www.immo-invest.ch\/en\/accelleron-holt-in-baden-strom-vom-dach\/#organizationLogo"},"sameAs":["https:\/\/www.facebook.com\/people\/Immoinvest\/100077962920504\/","https:\/\/x.com\/i\/flow\/login?redirect_after_login=immoinvest_ch","https:\/\/www.instagram.com\/immoinvest_ch\/","https:\/\/www.linkedin.com\/company\/immoinvest-swiss"]},{"@type":"Person","@id":"https:\/\/www.immo-invest.ch\/en\/author\/immovestuser\/#author","url":"https:\/\/www.immo-invest.ch\/en\/author\/immovestuser\/","name":"immovestuser","image":{"@type":"ImageObject","@id":"https:\/\/www.immo-invest.ch\/en\/accelleron-holt-in-baden-strom-vom-dach\/#authorImage","url":"https:\/\/secure.gravatar.com\/avatar\/8e01f4d99f2eeea7a362ebb93305e1172a70e9293ba250f897a65c39f54cdd1e?s=96&d=mm&r=g","width":96,"height":96,"caption":"immovestuser"}},{"@type":"WebPage","@id":"https:\/\/www.immo-invest.ch\/en\/accelleron-holt-in-baden-strom-vom-dach\/#webpage","url":"https:\/\/www.immo-invest.ch\/en\/accelleron-holt-in-baden-strom-vom-dach\/","name":"Accelleron gets electricity from the roof in Baden - immo!nvest - Die Plattform f\u00fcr Standorte und Immobilien","description":"Turboladerspezialist Accelleron hat seine neue Photovoltaikanlage auf den D\u00e4chern der Firmengeb\u00e4ude eingeweiht. Sie ist die gr\u00f6sste in Baden und verteilt sich mit 2533 Modulen und einer Kapazit\u00e4t von 1 Megawatt auf vier D\u00e4cher.","inLanguage":"en-US","isPartOf":{"@id":"https:\/\/www.immo-invest.ch\/en\/#website"},"breadcrumb":{"@id":"https:\/\/www.immo-invest.ch\/en\/accelleron-holt-in-baden-strom-vom-dach\/#breadcrumblist"},"author":{"@id":"https:\/\/www.immo-invest.ch\/en\/author\/immovestuser\/#author"},"creator":{"@id":"https:\/\/www.immo-invest.ch\/en\/author\/immovestuser\/#author"},"image":{"@type":"ImageObject","url":"https:\/\/www.immo-invest.ch\/wp-content\/uploads\/2024\/03\/Unbenannt-2.png","@id":"https:\/\/www.immo-invest.ch\/en\/accelleron-holt-in-baden-strom-vom-dach\/#mainImage","width":1024,"height":1024},"primaryImageOfPage":{"@id":"https:\/\/www.immo-invest.ch\/en\/accelleron-holt-in-baden-strom-vom-dach\/#mainImage"},"datePublished":"2024-03-01T15:55:33+01:00","dateModified":"2024-03-01T16:04:56+01:00"},{"@type":"WebSite","@id":"https:\/\/www.immo-invest.ch\/en\/#website","url":"https:\/\/www.immo-invest.ch\/en\/","name":"immo!nvest - Die Plattform f\u00fcr Standorte und Immobilien","description":"Die\u00a0Plattform f\u00fcr Standorte und Immobilien","inLanguage":"en-US","publisher":{"@id":"https:\/\/www.immo-invest.ch\/en\/#organization"}}]},"og:locale":"en_US","og:site_name":"immo!nvest - Die Plattform f\u00fcr Standorte und Immobilien - Die\u00a0Plattform f\u00fcr Standorte und Immobilien","og:type":"article","og:title":"Accelleron gets electricity from the roof in Baden - immo!nvest - Die Plattform f\u00fcr Standorte und Immobilien","og:description":"Turboladerspezialist Accelleron hat seine neue Photovoltaikanlage auf den D\u00e4chern der Firmengeb\u00e4ude eingeweiht. Sie ist die gr\u00f6sste in Baden und verteilt sich mit 2533 Modulen und einer Kapazit\u00e4t von 1 Megawatt auf vier D\u00e4cher.","og:url":"https:\/\/www.immo-invest.ch\/en\/accelleron-holt-in-baden-strom-vom-dach\/","og:image":"https:\/\/www.immo-invest.ch\/wp-content\/uploads\/2024\/03\/Unbenannt-2.png","og:image:secure_url":"https:\/\/www.immo-invest.ch\/wp-content\/uploads\/2024\/03\/Unbenannt-2.png","og:image:width":1024,"og:image:height":1024,"article:published_time":"2024-03-01T14:55:33+00:00","article:modified_time":"2024-03-01T15:04:56+00:00","article:publisher":"https:\/\/www.facebook.com\/people\/Immoinvest\/100077962920504\/","twitter:card":"summary_large_image","twitter:site":"@i","twitter:title":"Accelleron gets electricity from the roof in Baden - immo!nvest - Die Plattform f\u00fcr Standorte und Immobilien","twitter:description":"Turboladerspezialist Accelleron hat seine neue Photovoltaikanlage auf den D\u00e4chern der Firmengeb\u00e4ude eingeweiht. Sie ist die gr\u00f6sste in Baden und verteilt sich mit 2533 Modulen und einer Kapazit\u00e4t von 1 Megawatt auf vier D\u00e4cher.","twitter:creator":"@i","twitter:image":"https:\/\/www.immo-invest.ch\/wp-content\/uploads\/2024\/03\/Unbenannt-2.png"},"aioseo_meta_data":{"post_id":"78775","title":null,"description":null,"keywords":null,"keyphrases":null,"primary_term":null,"canonical_url":null,"og_title":null,"og_description":null,"og_object_type":"default","og_image_type":"default","og_image_url":null,"og_image_width":null,"og_image_height":null,"og_image_custom_url":null,"og_image_custom_fields":null,"og_video":null,"og_custom_url":null,"og_article_section":null,"og_article_tags":null,"twitter_use_og":false,"twitter_card":"default","twitter_image_type":"default","twitter_image_url":null,"twitter_image_custom_url":null,"twitter_image_custom_fields":null,"twitter_title":null,"twitter_description":null,"schema":{"blockGraphs":[],"customGraphs":[],"default":{"data":{"Article":[],"Course":[],"Dataset":[],"FAQPage":[],"Movie":[],"Person":[],"Product":[],"ProductReview":[],"Car":[],"Recipe":[],"Service":[],"SoftwareApplication":[],"WebPage":[]},"graphName":"","isEnabled":true},"graphs":[]},"schema_type":"default","schema_type_options":null,"pillar_content":false,"robots_default":true,"robots_noindex":false,"robots_noarchive":false,"robots_nosnippet":false,"robots_nofollow":false,"robots_noimageindex":false,"robots_noodp":false,"robots_notranslate":false,"robots_max_snippet":null,"robots_max_videopreview":null,"robots_max_imagepreview":"large","priority":null,"frequency":null,"local_seo":null,"breadcrumb_settings":null,"limit_modified_date":false,"ai":null,"created":"2024-09-20 16:27:05","updated":"2025-10-23 22:45:11","seo_analyzer_scan_date":null,"focus_keyword":null,"additional_keywords":null,"truseo_locale":null},"aioseo_breadcrumb":"<div class=\"aioseo-breadcrumbs\"><span class=\"aioseo-breadcrumb\">\n\t\t\t<a href=\"https:\/\/www.immo-invest.ch\/en\/\" title=\"Home\">Home<\/a>\n\t\t<\/span><span class=\"aioseo-breadcrumb-separator\">&raquo;<\/span><span class=\"aioseo-breadcrumb\">\n\t\t\t<a href=\"https:\/\/www.immo-invest.ch\/en\/category\/trends-en\/\" title=\"Trends\">Trends<\/a>\n\t\t<\/span><span class=\"aioseo-breadcrumb-separator\">&raquo;<\/span><span class=\"aioseo-breadcrumb\">\n\t\t\t<a href=\"https:\/\/www.immo-invest.ch\/en\/category\/trends-en\/sustainability\/\" title=\"Sustainability\">Sustainability<\/a>\n\t\t<\/span><span class=\"aioseo-breadcrumb-separator\">&raquo;<\/span><span class=\"aioseo-breadcrumb\">\n\t\t\tAccelleron gets electricity from the roof in Baden\n\t\t<\/span><\/div>","aioseo_breadcrumb_json":[{"label":"Home","link":"https:\/\/www.immo-invest.ch\/en\/"},{"label":"Trends","link":"https:\/\/www.immo-invest.ch\/en\/category\/trends-en\/"},{"label":"Sustainability","link":"https:\/\/www.immo-invest.ch\/en\/category\/trends-en\/sustainability\/"},{"label":"Accelleron gets electricity from the roof in Baden","link":"https:\/\/www.immo-invest.ch\/en\/accelleron-holt-in-baden-strom-vom-dach\/"}],"featured_image_src":"https:\/\/www.immo-invest.ch\/wp-content\/uploads\/2024\/03\/Unbenannt-2-336x168.png","_links":{"self":[{"href":"https:\/\/www.immo-invest.ch\/en\/wp-json\/wp\/v2\/posts\/78775","targetHints":{"allow":["GET"]}}],"collection":[{"href":"https:\/\/www.immo-invest.ch\/en\/wp-json\/wp\/v2\/posts"}],"about":[{"href":"https:\/\/www.immo-invest.ch\/en\/wp-json\/wp\/v2\/types\/post"}],"author":[{"embeddable":true,"href":"https:\/\/www.immo-invest.ch\/en\/wp-json\/wp\/v2\/users\/2"}],"replies":[{"embeddable":true,"href":"https:\/\/www.immo-invest.ch\/en\/wp-json\/wp\/v2\/comments?post=78775"}],"version-history":[{"count":0,"href":"https:\/\/www.immo-invest.ch\/en\/wp-json\/wp\/v2\/posts\/78775\/revisions"}],"wp:featuredmedia":[{"embeddable":true,"href":"https:\/\/www.immo-invest.ch\/en\/wp-json\/wp\/v2\/media\/78755"}],"wp:attachment":[{"href":"https:\/\/www.immo-invest.ch\/en\/wp-json\/wp\/v2\/media?parent=78775"}],"wp:term":[{"taxonomy":"category","embeddable":true,"href":"https:\/\/www.immo-invest.ch\/en\/wp-json\/wp\/v2\/categories?post=78775"},{"taxonomy":"post_tag","embeddable":true,"href":"https:\/\/www.immo-invest.ch\/en\/wp-json\/wp\/v2\/tags?post=78775"}],"curies":[{"name":"wp","href":"https:\/\/api.w.org\/{rel}","templated":true}]}}