{"id":78041,"date":"2024-02-27T09:55:55","date_gmt":"2024-02-27T08:55:55","guid":{"rendered":"https:\/\/www.immo-invest.ch\/gesamtverkehrskonzept-fuer-den-raum-baden-und-umgebung\/"},"modified":"2024-02-27T11:13:00","modified_gmt":"2024-02-27T10:13:00","slug":"gesamtverkehrskonzept-fuer-den-raum-baden-und-umgebung","status":"publish","type":"post","link":"https:\/\/www.immo-invest.ch\/en\/gesamtverkehrskonzept-fuer-den-raum-baden-und-umgebung\/","title":{"rendered":"Overall transport concept for Baden and the surrounding area"},"content":{"rendered":"<p class=\"wp-block-paragraph\">Im Rahmen des ambitionierten Gesamtverkehrskonzepts f&uuml;r den <span class=\"glossaryLink\"  aria-describedby=\"tt\"  data-cmtooltip=\"&lt;div class=glossaryItemTitle&gt;Raum&lt;\/div&gt;&lt;div class=glossaryItemBody&gt;Architektur schafft, gestaltet und gliedert Innen- und Aussenr&auml;ume; im engeren Sinne ein Zimmer&lt;\/div&gt;\"  data-mobile-support=\"0\"  data-gt-translate-attributes='[{\"attribute\":\"data-cmtooltip\", \"format\":\"html\"}]' tabindex='0' role='link'>Raum<\/span> Baden haben zehn beteiligte Gemeinden einen entscheidenden Schritt vollzogen. Diese Ziele, ausgerichtet bis zum Jahr 2040, zielen darauf ab, die Mobilit&auml;t im <span class=\"glossaryLink\"  aria-describedby=\"tt\"  data-cmtooltip=\"&lt;div class=glossaryItemTitle&gt;Raum&lt;\/div&gt;&lt;div class=glossaryItemBody&gt;Architektur schafft, gestaltet und gliedert Innen- und Aussenr&auml;ume; im engeren Sinne ein Zimmer&lt;\/div&gt;\"  data-mobile-support=\"0\"  data-gt-translate-attributes='[{\"attribute\":\"data-cmtooltip\", \"format\":\"html\"}]' tabindex='0' role='link'>Raum<\/span> Baden effizienter, umweltschonender und zukunftsf&auml;higer zu gestalten. Zu den Kernpunkten geh&ouml;ren die F&ouml;rderung einer fl&auml;chensparenden Mobilit&auml;t, die Schaffung attraktiver Bedingungen f&uuml;r den Arbeits- und Bildungsverkehr und die Sicherstellung einer stabilen Erreichbarkeit f&uuml;r den Autoverkehr. Die Planungen unterst&uuml;tzen zudem eine <span class=\"glossaryLink\" aria-describedby=\"tt\" data-cmtooltip=\"&lt;div class=glossaryItemTitle&gt;Siedlungsentwicklung&lt;\/div&gt;&lt;div class=glossaryItemBody&gt;Vorausblickende Siedlungsplanung zur Vermeidung von Konflikten, Schonung von Ressourcen und zur Sicherung von attraktiven, qualitativ hochwertigen Lebens- und Wirtschaftsr&auml;umen&lt;\/div&gt;\" data-mobile-support=\"0\" data-gt-translate-attributes='[{\"attribute\":\"data-cmtooltip\", \"format\":\"html\"}]' tabindex=\"0\" role=\"link\">Siedlungsentwicklung<\/span> in gut mit dem &ouml;ffentlichen Verkehr erschlossenen Gebieten.<\/p>\n\n<p class=\"wp-block-paragraph\">Ein besonderes Augenmerk gilt dem Transit-Schwerverkehr, f&uuml;r welchen spezifische Erfolgskriterien hinzugef&uuml;gt wurden, um die Siedlungsgebiete zu schonen. Dies folgt einem Antrag der Gemeinde Obersiggenthal, der eine Zunahme des Transitschwerverkehrs verhindern m&ouml;chte.<\/p>\n\n<p class=\"wp-block-paragraph\">Mit dem Abschluss der ersten beiden Planungsschritte hat die Beh&ouml;rdendelegation eine solide Grundlage f&uuml;r die nachfolgenden Fachplanungen geschaffen. Abschlie&szlig;end ist es das Ziel des Kantons Aargau, in Kooperation mit den lokalen Akteuren, ein vorausschauendes und integriertes Mobilit&auml;tsangebot zu entwickeln. Die Ergebnisse der GVK-Planung sollen bis 2025 in den kantonalen Richtplan aufgenommen werden, um die Weichen f&uuml;r zuk&uuml;nftige Mobilit&auml;tsbed&uuml;rfnisse rechtzeitig zu stellen.<\/p>\n","protected":false},"excerpt":{"rendered":"<p>Die Entwicklung des Gesamtverkehrskonzepts (GVK) f\u00fcr den Raum Baden und seine angrenzenden Gemeinden nimmt Gestalt an: Eine umfassende Lagebeurteilung und festgelegte Ziele markieren einen wesentlichen Fortschritt in der regionalen Verkehrsplanung.<\/p>\n","protected":false},"author":2,"featured_media":77942,"comment_status":"open","ping_status":"open","sticky":false,"template":"","format":"standard","meta":{"pmpro_default_level":"0","inline_featured_image":false,"_monsterinsights_skip_tracking":false,"footnotes":""},"categories":[22702],"tags":[16967,15119,12598,44992,44993,13601],"class_list":["post-78041","post","type-post","status-publish","format-standard","has-post-thumbnail","hentry","category-mobility","tag-behoerden-en","tag-gesamtverkehrskonzept-en","tag-mobilitaet-en","tag-mobilitaetsangebot-en","tag-planungsschritte-en","tag-verkehr-en","pmpro-has-access"],"acf":{"bild_mit_ki_erstellt_worden":[],"lead":"Die Entwicklung des Gesamtverkehrskonzepts (GVK) f\u00fcr den Raum Baden und seine angrenzenden Gemeinden nimmt Gestalt an: Eine umfassende Lagebeurteilung und festgelegte Ziele markieren einen wesentlichen Fortschritt in der regionalen Verkehrsplanung.","autor":"Quelle: AG, Bild: badenertagblatt.ch","ort":"","bildunterschrift":"","bild_im_grid":false,"gallerie":"","newsim":""},"aioseo_notices":[],"aioseo_head":"\n\t\t<!-- All in One SEO 5.0.1.1 - aioseo.com -->\n\t<meta name=\"description\" content=\"Die Entwicklung des Gesamtverkehrskonzepts (GVK) f\u00fcr den Raum Baden und seine angrenzenden Gemeinden nimmt Gestalt an: Eine umfassende Lagebeurteilung und festgelegte Ziele markieren einen wesentlichen Fortschritt in der regionalen Verkehrsplanung.\" \/>\n\t<meta name=\"robots\" content=\"max-image-preview:large\" \/>\n\t<meta name=\"author\" content=\"immovestuser\"\/>\n\t<meta name=\"google-site-verification\" content=\"fHJKvgWpZCR2zVBHWfkQeFXC11qieUSff0HGNYfuyLA\" \/>\n\t<link rel=\"canonical\" href=\"https:\/\/www.immo-invest.ch\/en\/gesamtverkehrskonzept-fuer-den-raum-baden-und-umgebung\/\" \/>\n\t<meta name=\"generator\" content=\"All in One SEO (AIOSEO) 5.0.1.1\" \/>\n\t\t<meta property=\"og:locale\" content=\"en_US\" \/>\n\t\t<meta property=\"og:site_name\" content=\"immo!nvest - Die Plattform f\u00fcr Standorte und Immobilien - Die\u00a0Plattform f\u00fcr Standorte und Immobilien\" \/>\n\t\t<meta property=\"og:type\" content=\"article\" \/>\n\t\t<meta property=\"og:title\" content=\"Overall transport concept for Baden and the surrounding area - immo!nvest - Die Plattform f\u00fcr Standorte und Immobilien\" \/>\n\t\t<meta property=\"og:description\" content=\"Die Entwicklung des Gesamtverkehrskonzepts (GVK) f\u00fcr den Raum Baden und seine angrenzenden Gemeinden nimmt Gestalt an: Eine umfassende Lagebeurteilung und festgelegte Ziele markieren einen wesentlichen Fortschritt in der regionalen Verkehrsplanung.\" \/>\n\t\t<meta property=\"og:url\" content=\"https:\/\/www.immo-invest.ch\/en\/gesamtverkehrskonzept-fuer-den-raum-baden-und-umgebung\/\" \/>\n\t\t<meta property=\"og:image\" content=\"https:\/\/www.immo-invest.ch\/wp-content\/uploads\/2024\/02\/2024-02-27-09_52_57-Radarfalle-Nach-herber-Schlappe-im-Blitzer-Streit_-Stadtrat-Baden-prueft-rechtl.png\" \/>\n\t\t<meta property=\"og:image:secure_url\" content=\"https:\/\/www.immo-invest.ch\/wp-content\/uploads\/2024\/02\/2024-02-27-09_52_57-Radarfalle-Nach-herber-Schlappe-im-Blitzer-Streit_-Stadtrat-Baden-prueft-rechtl.png\" \/>\n\t\t<meta property=\"og:image:width\" content=\"1916\" \/>\n\t\t<meta property=\"og:image:height\" content=\"1079\" \/>\n\t\t<meta property=\"article:published_time\" content=\"2024-02-27T08:55:55+00:00\" \/>\n\t\t<meta property=\"article:modified_time\" content=\"2024-02-27T10:13:00+00:00\" \/>\n\t\t<meta property=\"article:publisher\" content=\"https:\/\/www.facebook.com\/people\/Immoinvest\/100077962920504\/\" \/>\n\t\t<meta name=\"twitter:card\" content=\"summary_large_image\" \/>\n\t\t<meta name=\"twitter:site\" content=\"@i\" \/>\n\t\t<meta name=\"twitter:title\" content=\"Overall transport concept for Baden and the surrounding area - immo!nvest - Die Plattform f\u00fcr Standorte und Immobilien\" \/>\n\t\t<meta name=\"twitter:description\" content=\"Die Entwicklung des Gesamtverkehrskonzepts (GVK) f\u00fcr den Raum Baden und seine angrenzenden Gemeinden nimmt Gestalt an: Eine umfassende Lagebeurteilung und festgelegte Ziele markieren einen wesentlichen Fortschritt in der regionalen Verkehrsplanung.\" \/>\n\t\t<meta name=\"twitter:creator\" content=\"@i\" \/>\n\t\t<meta name=\"twitter:image\" content=\"https:\/\/www.immo-invest.ch\/wp-content\/uploads\/2024\/02\/2024-02-27-09_52_57-Radarfalle-Nach-herber-Schlappe-im-Blitzer-Streit_-Stadtrat-Baden-prueft-rechtl.png\" \/>\n\t\t<script type=\"application\/ld+json\" class=\"aioseo-schema\">\n\t\t\t{\"@context\":\"https:\\\/\\\/schema.org\",\"@graph\":[{\"@type\":\"BlogPosting\",\"@id\":\"https:\\\/\\\/www.immo-invest.ch\\\/en\\\/gesamtverkehrskonzept-fuer-den-raum-baden-und-umgebung\\\/#blogposting\",\"name\":\"Overall transport concept for Baden and the surrounding area - immo!nvest - Die Plattform f\\u00fcr Standorte und Immobilien\",\"headline\":\"Overall transport concept for Baden and the surrounding area\",\"author\":{\"@id\":\"https:\\\/\\\/www.immo-invest.ch\\\/en\\\/author\\\/immovestuser\\\/#author\"},\"publisher\":{\"@id\":\"https:\\\/\\\/www.immo-invest.ch\\\/en\\\/#organization\"},\"image\":{\"@type\":\"ImageObject\",\"url\":\"https:\\\/\\\/www.immo-invest.ch\\\/wp-content\\\/uploads\\\/2024\\\/02\\\/2024-02-27-09_52_57-Radarfalle-Nach-herber-Schlappe-im-Blitzer-Streit_-Stadtrat-Baden-prueft-rechtl.png\",\"width\":1916,\"height\":1079},\"datePublished\":\"2024-02-27T09:55:55+01:00\",\"dateModified\":\"2024-02-27T11:13:00+01:00\",\"inLanguage\":\"en-US\",\"mainEntityOfPage\":{\"@id\":\"https:\\\/\\\/www.immo-invest.ch\\\/en\\\/gesamtverkehrskonzept-fuer-den-raum-baden-und-umgebung\\\/#webpage\"},\"isPartOf\":{\"@id\":\"https:\\\/\\\/www.immo-invest.ch\\\/en\\\/gesamtverkehrskonzept-fuer-den-raum-baden-und-umgebung\\\/#webpage\"},\"articleSection\":\"Mobility, Beh\\u00f6rden, Gesamtverkehrskonzept, Mobilit\\u00e4t, Mobilit\\u00e4tsangebot, planungsschritte, Verkehr, Optional\"},{\"@type\":\"BreadcrumbList\",\"@id\":\"https:\\\/\\\/www.immo-invest.ch\\\/en\\\/gesamtverkehrskonzept-fuer-den-raum-baden-und-umgebung\\\/#breadcrumblist\",\"itemListElement\":[{\"@type\":\"ListItem\",\"@id\":\"https:\\\/\\\/www.immo-invest.ch\\\/en\\\/#listItem\",\"position\":1,\"name\":\"Home\",\"item\":\"https:\\\/\\\/www.immo-invest.ch\\\/en\\\/\",\"nextItem\":{\"@type\":\"ListItem\",\"@id\":\"https:\\\/\\\/www.immo-invest.ch\\\/en\\\/category\\\/trends-en\\\/#listItem\",\"name\":\"Trends\"}},{\"@type\":\"ListItem\",\"@id\":\"https:\\\/\\\/www.immo-invest.ch\\\/en\\\/category\\\/trends-en\\\/#listItem\",\"position\":2,\"name\":\"Trends\",\"item\":\"https:\\\/\\\/www.immo-invest.ch\\\/en\\\/category\\\/trends-en\\\/\",\"nextItem\":{\"@type\":\"ListItem\",\"@id\":\"https:\\\/\\\/www.immo-invest.ch\\\/en\\\/category\\\/trends-en\\\/mobility\\\/#listItem\",\"name\":\"Mobility\"},\"previousItem\":{\"@type\":\"ListItem\",\"@id\":\"https:\\\/\\\/www.immo-invest.ch\\\/en\\\/#listItem\",\"name\":\"Home\"}},{\"@type\":\"ListItem\",\"@id\":\"https:\\\/\\\/www.immo-invest.ch\\\/en\\\/category\\\/trends-en\\\/mobility\\\/#listItem\",\"position\":3,\"name\":\"Mobility\",\"item\":\"https:\\\/\\\/www.immo-invest.ch\\\/en\\\/category\\\/trends-en\\\/mobility\\\/\",\"nextItem\":{\"@type\":\"ListItem\",\"@id\":\"https:\\\/\\\/www.immo-invest.ch\\\/en\\\/gesamtverkehrskonzept-fuer-den-raum-baden-und-umgebung\\\/#listItem\",\"name\":\"Overall transport concept for Baden and the surrounding area\"},\"previousItem\":{\"@type\":\"ListItem\",\"@id\":\"https:\\\/\\\/www.immo-invest.ch\\\/en\\\/category\\\/trends-en\\\/#listItem\",\"name\":\"Trends\"}},{\"@type\":\"ListItem\",\"@id\":\"https:\\\/\\\/www.immo-invest.ch\\\/en\\\/gesamtverkehrskonzept-fuer-den-raum-baden-und-umgebung\\\/#listItem\",\"position\":4,\"name\":\"Overall transport concept for Baden and the surrounding area\",\"previousItem\":{\"@type\":\"ListItem\",\"@id\":\"https:\\\/\\\/www.immo-invest.ch\\\/en\\\/category\\\/trends-en\\\/mobility\\\/#listItem\",\"name\":\"Mobility\"}}]},{\"@type\":\"Organization\",\"@id\":\"https:\\\/\\\/www.immo-invest.ch\\\/en\\\/#organization\",\"name\":\"immo!nvest - Die Plattform f\\u00fcr Standorte und Immobilien\",\"description\":\"Die\\u00a0Plattform f\\u00fcr Standorte und Immobilien\",\"url\":\"https:\\\/\\\/www.immo-invest.ch\\\/en\\\/\",\"email\":\"admin@immomedia.ag\",\"telephone\":\"+41444420002\",\"logo\":{\"@type\":\"ImageObject\",\"url\":\"https:\\\/\\\/www.immo-invest.ch\\\/wp-content\\\/uploads\\\/2024\\\/09\\\/immoinvest_sm-scaled.jpg\",\"@id\":\"https:\\\/\\\/www.immo-invest.ch\\\/en\\\/gesamtverkehrskonzept-fuer-den-raum-baden-und-umgebung\\\/#organizationLogo\",\"width\":2560,\"height\":1340},\"image\":{\"@id\":\"https:\\\/\\\/www.immo-invest.ch\\\/en\\\/gesamtverkehrskonzept-fuer-den-raum-baden-und-umgebung\\\/#organizationLogo\"},\"sameAs\":[\"https:\\\/\\\/www.facebook.com\\\/people\\\/Immoinvest\\\/100077962920504\\\/\",\"https:\\\/\\\/x.com\\\/i\\\/flow\\\/login?redirect_after_login=immoinvest_ch\",\"https:\\\/\\\/www.instagram.com\\\/immoinvest_ch\\\/\",\"https:\\\/\\\/www.linkedin.com\\\/company\\\/immoinvest-swiss\"]},{\"@type\":\"Person\",\"@id\":\"https:\\\/\\\/www.immo-invest.ch\\\/en\\\/author\\\/immovestuser\\\/#author\",\"url\":\"https:\\\/\\\/www.immo-invest.ch\\\/en\\\/author\\\/immovestuser\\\/\",\"name\":\"immovestuser\",\"image\":{\"@type\":\"ImageObject\",\"@id\":\"https:\\\/\\\/www.immo-invest.ch\\\/en\\\/gesamtverkehrskonzept-fuer-den-raum-baden-und-umgebung\\\/#authorImage\",\"url\":\"https:\\\/\\\/secure.gravatar.com\\\/avatar\\\/8e01f4d99f2eeea7a362ebb93305e1172a70e9293ba250f897a65c39f54cdd1e?s=96&d=mm&r=g\",\"width\":96,\"height\":96,\"caption\":\"immovestuser\"}},{\"@type\":\"WebPage\",\"@id\":\"https:\\\/\\\/www.immo-invest.ch\\\/en\\\/gesamtverkehrskonzept-fuer-den-raum-baden-und-umgebung\\\/#webpage\",\"url\":\"https:\\\/\\\/www.immo-invest.ch\\\/en\\\/gesamtverkehrskonzept-fuer-den-raum-baden-und-umgebung\\\/\",\"name\":\"Overall transport concept for Baden and the surrounding area - immo!nvest - Die Plattform f\\u00fcr Standorte und Immobilien\",\"description\":\"Die Entwicklung des Gesamtverkehrskonzepts (GVK) f\\u00fcr den Raum Baden und seine angrenzenden Gemeinden nimmt Gestalt an: Eine umfassende Lagebeurteilung und festgelegte Ziele markieren einen wesentlichen Fortschritt in der regionalen Verkehrsplanung.\",\"inLanguage\":\"en-US\",\"isPartOf\":{\"@id\":\"https:\\\/\\\/www.immo-invest.ch\\\/en\\\/#website\"},\"breadcrumb\":{\"@id\":\"https:\\\/\\\/www.immo-invest.ch\\\/en\\\/gesamtverkehrskonzept-fuer-den-raum-baden-und-umgebung\\\/#breadcrumblist\"},\"author\":{\"@id\":\"https:\\\/\\\/www.immo-invest.ch\\\/en\\\/author\\\/immovestuser\\\/#author\"},\"creator\":{\"@id\":\"https:\\\/\\\/www.immo-invest.ch\\\/en\\\/author\\\/immovestuser\\\/#author\"},\"image\":{\"@type\":\"ImageObject\",\"url\":\"https:\\\/\\\/www.immo-invest.ch\\\/wp-content\\\/uploads\\\/2024\\\/02\\\/2024-02-27-09_52_57-Radarfalle-Nach-herber-Schlappe-im-Blitzer-Streit_-Stadtrat-Baden-prueft-rechtl.png\",\"@id\":\"https:\\\/\\\/www.immo-invest.ch\\\/en\\\/gesamtverkehrskonzept-fuer-den-raum-baden-und-umgebung\\\/#mainImage\",\"width\":1916,\"height\":1079},\"primaryImageOfPage\":{\"@id\":\"https:\\\/\\\/www.immo-invest.ch\\\/en\\\/gesamtverkehrskonzept-fuer-den-raum-baden-und-umgebung\\\/#mainImage\"},\"datePublished\":\"2024-02-27T09:55:55+01:00\",\"dateModified\":\"2024-02-27T11:13:00+01:00\"},{\"@type\":\"WebSite\",\"@id\":\"https:\\\/\\\/www.immo-invest.ch\\\/en\\\/#website\",\"url\":\"https:\\\/\\\/www.immo-invest.ch\\\/en\\\/\",\"name\":\"immo!nvest - Die Plattform f\\u00fcr Standorte und Immobilien\",\"description\":\"Die\\u00a0Plattform f\\u00fcr Standorte und Immobilien\",\"inLanguage\":\"en-US\",\"publisher\":{\"@id\":\"https:\\\/\\\/www.immo-invest.ch\\\/en\\\/#organization\"}}]}\n\t\t<\/script>\n\t\t<!-- All in One SEO -->\n\n","aioseo_head_json":{"title":"Overall transport concept for Baden and the surrounding area - immo!nvest - Die Plattform f\u00fcr Standorte und Immobilien","description":"Die Entwicklung des Gesamtverkehrskonzepts (GVK) f\u00fcr den Raum Baden und seine angrenzenden Gemeinden nimmt Gestalt an: Eine umfassende Lagebeurteilung und festgelegte Ziele markieren einen wesentlichen Fortschritt in der regionalen Verkehrsplanung.","canonical_url":"https:\/\/www.immo-invest.ch\/en\/gesamtverkehrskonzept-fuer-den-raum-baden-und-umgebung\/","robots":"max-image-preview:large","keywords":"","webmasterTools":{"google-site-verification":"fHJKvgWpZCR2zVBHWfkQeFXC11qieUSff0HGNYfuyLA","miscellaneous":""},"schema":{"@context":"https:\/\/schema.org","@graph":[{"@type":"BlogPosting","@id":"https:\/\/www.immo-invest.ch\/en\/gesamtverkehrskonzept-fuer-den-raum-baden-und-umgebung\/#blogposting","name":"Overall transport concept for Baden and the surrounding area - immo!nvest - Die Plattform f\u00fcr Standorte und Immobilien","headline":"Overall transport concept for Baden and the surrounding area","author":{"@id":"https:\/\/www.immo-invest.ch\/en\/author\/immovestuser\/#author"},"publisher":{"@id":"https:\/\/www.immo-invest.ch\/en\/#organization"},"image":{"@type":"ImageObject","url":"https:\/\/www.immo-invest.ch\/wp-content\/uploads\/2024\/02\/2024-02-27-09_52_57-Radarfalle-Nach-herber-Schlappe-im-Blitzer-Streit_-Stadtrat-Baden-prueft-rechtl.png","width":1916,"height":1079},"datePublished":"2024-02-27T09:55:55+01:00","dateModified":"2024-02-27T11:13:00+01:00","inLanguage":"en-US","mainEntityOfPage":{"@id":"https:\/\/www.immo-invest.ch\/en\/gesamtverkehrskonzept-fuer-den-raum-baden-und-umgebung\/#webpage"},"isPartOf":{"@id":"https:\/\/www.immo-invest.ch\/en\/gesamtverkehrskonzept-fuer-den-raum-baden-und-umgebung\/#webpage"},"articleSection":"Mobility, Beh\u00f6rden, Gesamtverkehrskonzept, Mobilit\u00e4t, Mobilit\u00e4tsangebot, planungsschritte, Verkehr, Optional"},{"@type":"BreadcrumbList","@id":"https:\/\/www.immo-invest.ch\/en\/gesamtverkehrskonzept-fuer-den-raum-baden-und-umgebung\/#breadcrumblist","itemListElement":[{"@type":"ListItem","@id":"https:\/\/www.immo-invest.ch\/en\/#listItem","position":1,"name":"Home","item":"https:\/\/www.immo-invest.ch\/en\/","nextItem":{"@type":"ListItem","@id":"https:\/\/www.immo-invest.ch\/en\/category\/trends-en\/#listItem","name":"Trends"}},{"@type":"ListItem","@id":"https:\/\/www.immo-invest.ch\/en\/category\/trends-en\/#listItem","position":2,"name":"Trends","item":"https:\/\/www.immo-invest.ch\/en\/category\/trends-en\/","nextItem":{"@type":"ListItem","@id":"https:\/\/www.immo-invest.ch\/en\/category\/trends-en\/mobility\/#listItem","name":"Mobility"},"previousItem":{"@type":"ListItem","@id":"https:\/\/www.immo-invest.ch\/en\/#listItem","name":"Home"}},{"@type":"ListItem","@id":"https:\/\/www.immo-invest.ch\/en\/category\/trends-en\/mobility\/#listItem","position":3,"name":"Mobility","item":"https:\/\/www.immo-invest.ch\/en\/category\/trends-en\/mobility\/","nextItem":{"@type":"ListItem","@id":"https:\/\/www.immo-invest.ch\/en\/gesamtverkehrskonzept-fuer-den-raum-baden-und-umgebung\/#listItem","name":"Overall transport concept for Baden and the surrounding area"},"previousItem":{"@type":"ListItem","@id":"https:\/\/www.immo-invest.ch\/en\/category\/trends-en\/#listItem","name":"Trends"}},{"@type":"ListItem","@id":"https:\/\/www.immo-invest.ch\/en\/gesamtverkehrskonzept-fuer-den-raum-baden-und-umgebung\/#listItem","position":4,"name":"Overall transport concept for Baden and the surrounding area","previousItem":{"@type":"ListItem","@id":"https:\/\/www.immo-invest.ch\/en\/category\/trends-en\/mobility\/#listItem","name":"Mobility"}}]},{"@type":"Organization","@id":"https:\/\/www.immo-invest.ch\/en\/#organization","name":"immo!nvest - Die Plattform f\u00fcr Standorte und Immobilien","description":"Die\u00a0Plattform f\u00fcr Standorte und Immobilien","url":"https:\/\/www.immo-invest.ch\/en\/","email":"admin@immomedia.ag","telephone":"+41444420002","logo":{"@type":"ImageObject","url":"https:\/\/www.immo-invest.ch\/wp-content\/uploads\/2024\/09\/immoinvest_sm-scaled.jpg","@id":"https:\/\/www.immo-invest.ch\/en\/gesamtverkehrskonzept-fuer-den-raum-baden-und-umgebung\/#organizationLogo","width":2560,"height":1340},"image":{"@id":"https:\/\/www.immo-invest.ch\/en\/gesamtverkehrskonzept-fuer-den-raum-baden-und-umgebung\/#organizationLogo"},"sameAs":["https:\/\/www.facebook.com\/people\/Immoinvest\/100077962920504\/","https:\/\/x.com\/i\/flow\/login?redirect_after_login=immoinvest_ch","https:\/\/www.instagram.com\/immoinvest_ch\/","https:\/\/www.linkedin.com\/company\/immoinvest-swiss"]},{"@type":"Person","@id":"https:\/\/www.immo-invest.ch\/en\/author\/immovestuser\/#author","url":"https:\/\/www.immo-invest.ch\/en\/author\/immovestuser\/","name":"immovestuser","image":{"@type":"ImageObject","@id":"https:\/\/www.immo-invest.ch\/en\/gesamtverkehrskonzept-fuer-den-raum-baden-und-umgebung\/#authorImage","url":"https:\/\/secure.gravatar.com\/avatar\/8e01f4d99f2eeea7a362ebb93305e1172a70e9293ba250f897a65c39f54cdd1e?s=96&d=mm&r=g","width":96,"height":96,"caption":"immovestuser"}},{"@type":"WebPage","@id":"https:\/\/www.immo-invest.ch\/en\/gesamtverkehrskonzept-fuer-den-raum-baden-und-umgebung\/#webpage","url":"https:\/\/www.immo-invest.ch\/en\/gesamtverkehrskonzept-fuer-den-raum-baden-und-umgebung\/","name":"Overall transport concept for Baden and the surrounding area - immo!nvest - Die Plattform f\u00fcr Standorte und Immobilien","description":"Die Entwicklung des Gesamtverkehrskonzepts (GVK) f\u00fcr den Raum Baden und seine angrenzenden Gemeinden nimmt Gestalt an: Eine umfassende Lagebeurteilung und festgelegte Ziele markieren einen wesentlichen Fortschritt in der regionalen Verkehrsplanung.","inLanguage":"en-US","isPartOf":{"@id":"https:\/\/www.immo-invest.ch\/en\/#website"},"breadcrumb":{"@id":"https:\/\/www.immo-invest.ch\/en\/gesamtverkehrskonzept-fuer-den-raum-baden-und-umgebung\/#breadcrumblist"},"author":{"@id":"https:\/\/www.immo-invest.ch\/en\/author\/immovestuser\/#author"},"creator":{"@id":"https:\/\/www.immo-invest.ch\/en\/author\/immovestuser\/#author"},"image":{"@type":"ImageObject","url":"https:\/\/www.immo-invest.ch\/wp-content\/uploads\/2024\/02\/2024-02-27-09_52_57-Radarfalle-Nach-herber-Schlappe-im-Blitzer-Streit_-Stadtrat-Baden-prueft-rechtl.png","@id":"https:\/\/www.immo-invest.ch\/en\/gesamtverkehrskonzept-fuer-den-raum-baden-und-umgebung\/#mainImage","width":1916,"height":1079},"primaryImageOfPage":{"@id":"https:\/\/www.immo-invest.ch\/en\/gesamtverkehrskonzept-fuer-den-raum-baden-und-umgebung\/#mainImage"},"datePublished":"2024-02-27T09:55:55+01:00","dateModified":"2024-02-27T11:13:00+01:00"},{"@type":"WebSite","@id":"https:\/\/www.immo-invest.ch\/en\/#website","url":"https:\/\/www.immo-invest.ch\/en\/","name":"immo!nvest - Die Plattform f\u00fcr Standorte und Immobilien","description":"Die\u00a0Plattform f\u00fcr Standorte und Immobilien","inLanguage":"en-US","publisher":{"@id":"https:\/\/www.immo-invest.ch\/en\/#organization"}}]},"og:locale":"en_US","og:site_name":"immo!nvest - Die Plattform f\u00fcr Standorte und Immobilien - Die\u00a0Plattform f\u00fcr Standorte und Immobilien","og:type":"article","og:title":"Overall transport concept for Baden and the surrounding area - immo!nvest - Die Plattform f\u00fcr Standorte und Immobilien","og:description":"Die Entwicklung des Gesamtverkehrskonzepts (GVK) f\u00fcr den Raum Baden und seine angrenzenden Gemeinden nimmt Gestalt an: Eine umfassende Lagebeurteilung und festgelegte Ziele markieren einen wesentlichen Fortschritt in der regionalen Verkehrsplanung.","og:url":"https:\/\/www.immo-invest.ch\/en\/gesamtverkehrskonzept-fuer-den-raum-baden-und-umgebung\/","og:image":"https:\/\/www.immo-invest.ch\/wp-content\/uploads\/2024\/02\/2024-02-27-09_52_57-Radarfalle-Nach-herber-Schlappe-im-Blitzer-Streit_-Stadtrat-Baden-prueft-rechtl.png","og:image:secure_url":"https:\/\/www.immo-invest.ch\/wp-content\/uploads\/2024\/02\/2024-02-27-09_52_57-Radarfalle-Nach-herber-Schlappe-im-Blitzer-Streit_-Stadtrat-Baden-prueft-rechtl.png","og:image:width":1916,"og:image:height":1079,"article:published_time":"2024-02-27T08:55:55+00:00","article:modified_time":"2024-02-27T10:13:00+00:00","article:publisher":"https:\/\/www.facebook.com\/people\/Immoinvest\/100077962920504\/","twitter:card":"summary_large_image","twitter:site":"@i","twitter:title":"Overall transport concept for Baden and the surrounding area - immo!nvest - Die Plattform f\u00fcr Standorte und Immobilien","twitter:description":"Die Entwicklung des Gesamtverkehrskonzepts (GVK) f\u00fcr den Raum Baden und seine angrenzenden Gemeinden nimmt Gestalt an: Eine umfassende Lagebeurteilung und festgelegte Ziele markieren einen wesentlichen Fortschritt in der regionalen Verkehrsplanung.","twitter:creator":"@i","twitter:image":"https:\/\/www.immo-invest.ch\/wp-content\/uploads\/2024\/02\/2024-02-27-09_52_57-Radarfalle-Nach-herber-Schlappe-im-Blitzer-Streit_-Stadtrat-Baden-prueft-rechtl.png"},"aioseo_meta_data":{"post_id":"78041","title":null,"description":null,"keywords":null,"keyphrases":null,"primary_term":null,"canonical_url":null,"og_title":null,"og_description":null,"og_object_type":"default","og_image_type":"default","og_image_url":null,"og_image_width":null,"og_image_height":null,"og_image_custom_url":null,"og_image_custom_fields":null,"og_video":null,"og_custom_url":null,"og_article_section":null,"og_article_tags":null,"twitter_use_og":false,"twitter_card":"default","twitter_image_type":"default","twitter_image_url":null,"twitter_image_custom_url":null,"twitter_image_custom_fields":null,"twitter_title":null,"twitter_description":null,"schema":{"blockGraphs":[],"customGraphs":[],"default":{"data":{"Article":[],"Course":[],"Dataset":[],"FAQPage":[],"Movie":[],"Person":[],"Product":[],"ProductReview":[],"Car":[],"Recipe":[],"Service":[],"SoftwareApplication":[],"WebPage":[]},"graphName":"","isEnabled":true},"graphs":[]},"schema_type":"default","schema_type_options":null,"pillar_content":false,"robots_default":true,"robots_noindex":false,"robots_noarchive":false,"robots_nosnippet":false,"robots_nofollow":false,"robots_noimageindex":false,"robots_noodp":false,"robots_notranslate":false,"robots_max_snippet":null,"robots_max_videopreview":null,"robots_max_imagepreview":"large","priority":null,"frequency":null,"local_seo":null,"breadcrumb_settings":null,"limit_modified_date":false,"ai":null,"created":"2024-09-20 16:14:58","updated":"2025-10-23 22:32:12","seo_analyzer_scan_date":null,"focus_keyword":null,"additional_keywords":null,"truseo_locale":null},"aioseo_breadcrumb":"<div class=\"aioseo-breadcrumbs\"><span class=\"aioseo-breadcrumb\">\n\t\t\t<a href=\"https:\/\/www.immo-invest.ch\/en\/\" title=\"Home\">Home<\/a>\n\t\t<\/span><span class=\"aioseo-breadcrumb-separator\">&raquo;<\/span><span class=\"aioseo-breadcrumb\">\n\t\t\t<a href=\"https:\/\/www.immo-invest.ch\/en\/category\/trends-en\/\" title=\"Trends\">Trends<\/a>\n\t\t<\/span><span class=\"aioseo-breadcrumb-separator\">&raquo;<\/span><span class=\"aioseo-breadcrumb\">\n\t\t\t<a href=\"https:\/\/www.immo-invest.ch\/en\/category\/trends-en\/mobility\/\" title=\"Mobility\">Mobility<\/a>\n\t\t<\/span><span class=\"aioseo-breadcrumb-separator\">&raquo;<\/span><span class=\"aioseo-breadcrumb\">\n\t\t\tOverall transport concept for Baden and the surrounding area\n\t\t<\/span><\/div>","aioseo_breadcrumb_json":[{"label":"Home","link":"https:\/\/www.immo-invest.ch\/en\/"},{"label":"Trends","link":"https:\/\/www.immo-invest.ch\/en\/category\/trends-en\/"},{"label":"Mobility","link":"https:\/\/www.immo-invest.ch\/en\/category\/trends-en\/mobility\/"},{"label":"Overall transport concept for Baden and the surrounding area","link":"https:\/\/www.immo-invest.ch\/en\/gesamtverkehrskonzept-fuer-den-raum-baden-und-umgebung\/"}],"featured_image_src":"https:\/\/www.immo-invest.ch\/wp-content\/uploads\/2024\/02\/2024-02-27-09_52_57-Radarfalle-Nach-herber-Schlappe-im-Blitzer-Streit_-Stadtrat-Baden-prueft-rechtl-336x168.png","_links":{"self":[{"href":"https:\/\/www.immo-invest.ch\/en\/wp-json\/wp\/v2\/posts\/78041","targetHints":{"allow":["GET"]}}],"collection":[{"href":"https:\/\/www.immo-invest.ch\/en\/wp-json\/wp\/v2\/posts"}],"about":[{"href":"https:\/\/www.immo-invest.ch\/en\/wp-json\/wp\/v2\/types\/post"}],"author":[{"embeddable":true,"href":"https:\/\/www.immo-invest.ch\/en\/wp-json\/wp\/v2\/users\/2"}],"replies":[{"embeddable":true,"href":"https:\/\/www.immo-invest.ch\/en\/wp-json\/wp\/v2\/comments?post=78041"}],"version-history":[{"count":0,"href":"https:\/\/www.immo-invest.ch\/en\/wp-json\/wp\/v2\/posts\/78041\/revisions"}],"wp:featuredmedia":[{"embeddable":true,"href":"https:\/\/www.immo-invest.ch\/en\/wp-json\/wp\/v2\/media\/77942"}],"wp:attachment":[{"href":"https:\/\/www.immo-invest.ch\/en\/wp-json\/wp\/v2\/media?parent=78041"}],"wp:term":[{"taxonomy":"category","embeddable":true,"href":"https:\/\/www.immo-invest.ch\/en\/wp-json\/wp\/v2\/categories?post=78041"},{"taxonomy":"post_tag","embeddable":true,"href":"https:\/\/www.immo-invest.ch\/en\/wp-json\/wp\/v2\/tags?post=78041"}],"curies":[{"name":"wp","href":"https:\/\/api.w.org\/{rel}","templated":true}]}}