{"id":73053,"date":"2024-01-24T15:00:00","date_gmt":"2024-01-24T14:00:00","guid":{"rendered":"https:\/\/www.immo-invest.ch\/?p=73053"},"modified":"2024-01-24T15:00:05","modified_gmt":"2024-01-24T14:00:05","slug":"basler-baubranche-in-der-krise-appell-an-die-regierung","status":"publish","type":"post","link":"https:\/\/www.immo-invest.ch\/en\/basler-baubranche-in-der-krise-appell-an-die-regierung\/","title":{"rendered":"Basler Baubranche in der Krise &#8211; Appell an die Regierung"},"content":{"rendered":"<p class=\"wp-block-paragraph\">Die Basler Baubranche, vertreten durch Oscar Elias, CEO der Stamm Bau AG, richtet einen dringenden Appell an die Regierung, um auf die wachsenden Herausforderungen im Wohnungsbau aufmerksam zu machen. In einem pers&ouml;nlichen Schreiben an Regierungsrat Kaspar Sutter verdeutlicht Elias die Sorgen der Branche, die durch das neue Wohnschutzgesetz und einen deutlichen R&uuml;ckgang von Sanierungs- und Umbauprojekten stark betroffen ist.<\/p>\n\n\n\n<p class=\"wp-block-paragraph\">Die Stamm Bau AG, die 2023 ihr 180-j&auml;hriges Bestehen feiert, hat ihren Sitz in Arlesheim, erh&auml;lt jedoch die Mehrheit ihrer Auftr&auml;ge aus Basel. Elias betont, dass insbesondere Sanierungsprojekte, die f&uuml;r zwei Drittel des Umsatzes der Firma verantwortlich sind, durch das Wohnschutzgesetz komplett zum Stillstand gekommen seien. Dies f&uuml;hrt zu einer signifikanten Planungsunsicherheit, wodurch Projekte unberechenbar und risikoreich werden.<\/p>\n\n\n\n<p class=\"wp-block-paragraph\">Der Brief beleuchtet die Notwendigkeit eines Handlungsbedarfs, da die Baubranche bereits die negativen Auswirkungen des Gesetzes auf die Wirtschaft und den Arbeitsmarkt sp&uuml;rt. Elias &auml;u&szlig;ert seine Bedenken, dass die momentane Situation die Bausubstanz der Stadt und den Wohnungsmarkt gef&auml;hrdet. Er fordert von der Regierung eine Lockerung der Regularien f&uuml;r Wohnen und Bauen, eine Einschr&auml;nkung der Einsprachem&ouml;glichkeiten sowie Anreize f&uuml;r mehr Sanierungen und die Schaffung von neuem Wohnraum.<\/p>\n\n\n\n<p class=\"wp-block-paragraph\">Die Reaktion des Mieterverbands und des Kantons deutet darauf hin, dass eine Anpassung der Praxis und eine aktivere Information &uuml;ber das Wohnschutzgesetz notwendig sind, um die Investitionsbereitschaft der Eigent&uuml;mer wiederherzustellen. Der Kanton Basel-Stadt ist aktuell mit der Evaluation der Auswirkungen des Wohnschutzes besch&auml;ftigt, und Regierungsrat Sutter signalisiert in seiner Antwort an Elias die Bereitschaft, bei Bedarf Korrekturen vorzunehmen.<\/p>\n\n\n\n<p class=\"wp-block-paragraph\">F&uuml;r Elias und die Basler Baubranche ist jedoch klar: Es besteht dringender Handlungsbedarf, um die Herausforderungen im Wohnungsbau zu meistern und die Planungssicherheit f&uuml;r Eigent&uuml;mer und Investoren wiederherzustellen.<\/p>\n","protected":false},"excerpt":{"rendered":"<p>Oscar Elias, CEO von Stamm Bau AG, \u00e4u\u00dfert in einem Brief an Regierungsrat Kaspar Sutter seine Besorgnisse \u00fcber die aktuelle Situation in der Basler Baubranche, beeintr\u00e4chtigt durch das Wohnschutzgesetz und den R\u00fcckgang von Sanierungsprojekten.<\/p>\n","protected":false},"author":2,"featured_media":73044,"comment_status":"open","ping_status":"open","sticky":false,"template":"","format":"standard","meta":{"pmpro_default_level":"","inline_featured_image":false,"_monsterinsights_skip_tracking":false,"footnotes":""},"categories":[12494,22358],"tags":[13177,12534,13916,21683],"class_list":["post-73053","post","type-post","status-publish","format-standard","has-post-thumbnail","hentry","category-region-basel-en","category-construction","tag-basel-en","tag-baubranche-en","tag-regierungsrat-en","tag-wohnungsbau-en","pmpro-has-access"],"acf":{"bild_mit_ki_erstellt_worden":[],"lead":"Oscar Elias, CEO von Stamm Bau AG, \u00e4u\u00dfert in einem Brief an Regierungsrat Kaspar Sutter seine Besorgnisse \u00fcber die aktuelle Situation in der Basler Baubranche, beeintr\u00e4chtigt durch das Wohnschutzgesetz und den R\u00fcckgang von Sanierungsprojekten.","autor":"Basler Wirtschaft","ort":"","bildunterschrift":"","bild_im_grid":false,"gallerie":"","newsim":""},"aioseo_notices":[],"aioseo_head":"\n\t\t<!-- All in One SEO 5.0.0.1 - aioseo.com -->\n\t<meta name=\"description\" content=\"Oscar Elias, CEO von Stamm Bau AG, \u00e4u\u00dfert in einem Brief an Regierungsrat Kaspar Sutter seine Besorgnisse \u00fcber die aktuelle Situation in der Basler Baubranche, beeintr\u00e4chtigt durch das Wohnschutzgesetz und den R\u00fcckgang von Sanierungsprojekten.\" \/>\n\t<meta name=\"robots\" content=\"max-image-preview:large\" \/>\n\t<meta name=\"author\" content=\"immovestuser\"\/>\n\t<meta name=\"google-site-verification\" content=\"fHJKvgWpZCR2zVBHWfkQeFXC11qieUSff0HGNYfuyLA\" \/>\n\t<link rel=\"canonical\" href=\"https:\/\/www.immo-invest.ch\/en\/basler-baubranche-in-der-krise-appell-an-die-regierung\/\" \/>\n\t<meta name=\"generator\" content=\"All in One SEO (AIOSEO) 5.0.0.1\" \/>\n\t\t<meta property=\"og:locale\" content=\"en_US\" \/>\n\t\t<meta property=\"og:site_name\" content=\"immo!nvest - Die Plattform f\u00fcr Standorte und Immobilien - Die\u00a0Plattform f\u00fcr Standorte und Immobilien\" \/>\n\t\t<meta property=\"og:type\" content=\"article\" \/>\n\t\t<meta property=\"og:title\" content=\"Basler Baubranche in der Krise \u2013 Appell an die Regierung - immo!nvest - Die Plattform f\u00fcr Standorte und Immobilien\" \/>\n\t\t<meta property=\"og:description\" content=\"Oscar Elias, CEO von Stamm Bau AG, \u00e4u\u00dfert in einem Brief an Regierungsrat Kaspar Sutter seine Besorgnisse \u00fcber die aktuelle Situation in der Basler Baubranche, beeintr\u00e4chtigt durch das Wohnschutzgesetz und den R\u00fcckgang von Sanierungsprojekten.\" \/>\n\t\t<meta property=\"og:url\" content=\"https:\/\/www.immo-invest.ch\/en\/basler-baubranche-in-der-krise-appell-an-die-regierung\/\" \/>\n\t\t<meta property=\"og:image\" content=\"https:\/\/www.immo-invest.ch\/wp-content\/uploads\/2024\/01\/Bild1-6.jpg\" \/>\n\t\t<meta property=\"og:image:secure_url\" content=\"https:\/\/www.immo-invest.ch\/wp-content\/uploads\/2024\/01\/Bild1-6.jpg\" \/>\n\t\t<meta property=\"og:image:width\" content=\"788\" \/>\n\t\t<meta property=\"og:image:height\" content=\"525\" \/>\n\t\t<meta property=\"article:published_time\" content=\"2024-01-24T14:00:00+00:00\" \/>\n\t\t<meta property=\"article:modified_time\" content=\"2024-01-24T14:00:05+00:00\" \/>\n\t\t<meta property=\"article:publisher\" content=\"https:\/\/www.facebook.com\/people\/Immoinvest\/100077962920504\/\" \/>\n\t\t<meta name=\"twitter:card\" content=\"summary_large_image\" \/>\n\t\t<meta name=\"twitter:site\" content=\"@i\" \/>\n\t\t<meta name=\"twitter:title\" content=\"Basler Baubranche in der Krise \u2013 Appell an die Regierung - immo!nvest - Die Plattform f\u00fcr Standorte und Immobilien\" \/>\n\t\t<meta name=\"twitter:description\" content=\"Oscar Elias, CEO von Stamm Bau AG, \u00e4u\u00dfert in einem Brief an Regierungsrat Kaspar Sutter seine Besorgnisse \u00fcber die aktuelle Situation in der Basler Baubranche, beeintr\u00e4chtigt durch das Wohnschutzgesetz und den R\u00fcckgang von Sanierungsprojekten.\" \/>\n\t\t<meta name=\"twitter:creator\" content=\"@i\" \/>\n\t\t<meta name=\"twitter:image\" content=\"https:\/\/www.immo-invest.ch\/wp-content\/uploads\/2024\/01\/Bild1-6.jpg\" \/>\n\t\t<script type=\"application\/ld+json\" class=\"aioseo-schema\">\n\t\t\t{\"@context\":\"https:\\\/\\\/schema.org\",\"@graph\":[{\"@type\":\"BlogPosting\",\"@id\":\"https:\\\/\\\/www.immo-invest.ch\\\/en\\\/basler-baubranche-in-der-krise-appell-an-die-regierung\\\/#blogposting\",\"name\":\"Basler Baubranche in der Krise \\u2013 Appell an die Regierung - immo!nvest - Die Plattform f\\u00fcr Standorte und Immobilien\",\"headline\":\"Basler Baubranche in der Krise &#8211; Appell an die Regierung\",\"author\":{\"@id\":\"https:\\\/\\\/www.immo-invest.ch\\\/en\\\/author\\\/immovestuser\\\/#author\"},\"publisher\":{\"@id\":\"https:\\\/\\\/www.immo-invest.ch\\\/en\\\/#organization\"},\"image\":{\"@type\":\"ImageObject\",\"url\":\"https:\\\/\\\/www.immo-invest.ch\\\/wp-content\\\/uploads\\\/2024\\\/01\\\/Bild1-6.jpg\",\"width\":788,\"height\":525},\"datePublished\":\"2024-01-24T15:00:00+01:00\",\"dateModified\":\"2024-01-24T15:00:05+01:00\",\"inLanguage\":\"en-US\",\"mainEntityOfPage\":{\"@id\":\"https:\\\/\\\/www.immo-invest.ch\\\/en\\\/basler-baubranche-in-der-krise-appell-an-die-regierung\\\/#webpage\"},\"isPartOf\":{\"@id\":\"https:\\\/\\\/www.immo-invest.ch\\\/en\\\/basler-baubranche-in-der-krise-appell-an-die-regierung\\\/#webpage\"},\"articleSection\":\"Basel, Construction, Basel, Baubranche, Regierungsrat, Wohnungsbau, Optional\"},{\"@type\":\"BreadcrumbList\",\"@id\":\"https:\\\/\\\/www.immo-invest.ch\\\/en\\\/basler-baubranche-in-der-krise-appell-an-die-regierung\\\/#breadcrumblist\",\"itemListElement\":[{\"@type\":\"ListItem\",\"@id\":\"https:\\\/\\\/www.immo-invest.ch\\\/en\\\/#listItem\",\"position\":1,\"name\":\"Home\",\"item\":\"https:\\\/\\\/www.immo-invest.ch\\\/en\\\/\",\"nextItem\":{\"@type\":\"ListItem\",\"@id\":\"https:\\\/\\\/www.immo-invest.ch\\\/en\\\/category\\\/regions-en\\\/#listItem\",\"name\":\"Regions\"}},{\"@type\":\"ListItem\",\"@id\":\"https:\\\/\\\/www.immo-invest.ch\\\/en\\\/category\\\/regions-en\\\/#listItem\",\"position\":2,\"name\":\"Regions\",\"item\":\"https:\\\/\\\/www.immo-invest.ch\\\/en\\\/category\\\/regions-en\\\/\",\"nextItem\":{\"@type\":\"ListItem\",\"@id\":\"https:\\\/\\\/www.immo-invest.ch\\\/en\\\/category\\\/regions-en\\\/switzerland\\\/#listItem\",\"name\":\"Switzerland\"},\"previousItem\":{\"@type\":\"ListItem\",\"@id\":\"https:\\\/\\\/www.immo-invest.ch\\\/en\\\/#listItem\",\"name\":\"Home\"}},{\"@type\":\"ListItem\",\"@id\":\"https:\\\/\\\/www.immo-invest.ch\\\/en\\\/category\\\/regions-en\\\/switzerland\\\/#listItem\",\"position\":3,\"name\":\"Switzerland\",\"item\":\"https:\\\/\\\/www.immo-invest.ch\\\/en\\\/category\\\/regions-en\\\/switzerland\\\/\",\"nextItem\":{\"@type\":\"ListItem\",\"@id\":\"https:\\\/\\\/www.immo-invest.ch\\\/en\\\/category\\\/regions-en\\\/switzerland\\\/northwestern-switzerland\\\/#listItem\",\"name\":\"Northwestern Switzerland\"},\"previousItem\":{\"@type\":\"ListItem\",\"@id\":\"https:\\\/\\\/www.immo-invest.ch\\\/en\\\/category\\\/regions-en\\\/#listItem\",\"name\":\"Regions\"}},{\"@type\":\"ListItem\",\"@id\":\"https:\\\/\\\/www.immo-invest.ch\\\/en\\\/category\\\/regions-en\\\/switzerland\\\/northwestern-switzerland\\\/#listItem\",\"position\":4,\"name\":\"Northwestern Switzerland\",\"item\":\"https:\\\/\\\/www.immo-invest.ch\\\/en\\\/category\\\/regions-en\\\/switzerland\\\/northwestern-switzerland\\\/\",\"nextItem\":{\"@type\":\"ListItem\",\"@id\":\"https:\\\/\\\/www.immo-invest.ch\\\/en\\\/category\\\/regions-en\\\/switzerland\\\/northwestern-switzerland\\\/region-basel-en\\\/#listItem\",\"name\":\"Basel\"},\"previousItem\":{\"@type\":\"ListItem\",\"@id\":\"https:\\\/\\\/www.immo-invest.ch\\\/en\\\/category\\\/regions-en\\\/switzerland\\\/#listItem\",\"name\":\"Switzerland\"}},{\"@type\":\"ListItem\",\"@id\":\"https:\\\/\\\/www.immo-invest.ch\\\/en\\\/category\\\/regions-en\\\/switzerland\\\/northwestern-switzerland\\\/region-basel-en\\\/#listItem\",\"position\":5,\"name\":\"Basel\",\"item\":\"https:\\\/\\\/www.immo-invest.ch\\\/en\\\/category\\\/regions-en\\\/switzerland\\\/northwestern-switzerland\\\/region-basel-en\\\/\",\"nextItem\":{\"@type\":\"ListItem\",\"@id\":\"https:\\\/\\\/www.immo-invest.ch\\\/en\\\/basler-baubranche-in-der-krise-appell-an-die-regierung\\\/#listItem\",\"name\":\"Basler Baubranche in der Krise &#8211; Appell an die Regierung\"},\"previousItem\":{\"@type\":\"ListItem\",\"@id\":\"https:\\\/\\\/www.immo-invest.ch\\\/en\\\/category\\\/regions-en\\\/switzerland\\\/northwestern-switzerland\\\/#listItem\",\"name\":\"Northwestern Switzerland\"}},{\"@type\":\"ListItem\",\"@id\":\"https:\\\/\\\/www.immo-invest.ch\\\/en\\\/basler-baubranche-in-der-krise-appell-an-die-regierung\\\/#listItem\",\"position\":6,\"name\":\"Basler Baubranche in der Krise &#8211; Appell an die Regierung\",\"previousItem\":{\"@type\":\"ListItem\",\"@id\":\"https:\\\/\\\/www.immo-invest.ch\\\/en\\\/category\\\/regions-en\\\/switzerland\\\/northwestern-switzerland\\\/region-basel-en\\\/#listItem\",\"name\":\"Basel\"}}]},{\"@type\":\"Organization\",\"@id\":\"https:\\\/\\\/www.immo-invest.ch\\\/en\\\/#organization\",\"name\":\"immo!nvest - Die Plattform f\\u00fcr Standorte und Immobilien\",\"description\":\"Die\\u00a0Plattform f\\u00fcr Standorte und Immobilien\",\"url\":\"https:\\\/\\\/www.immo-invest.ch\\\/en\\\/\",\"email\":\"admin@immomedia.ag\",\"telephone\":\"+41444420002\",\"logo\":{\"@type\":\"ImageObject\",\"url\":\"https:\\\/\\\/www.immo-invest.ch\\\/wp-content\\\/uploads\\\/2024\\\/09\\\/immoinvest_sm-scaled.jpg\",\"@id\":\"https:\\\/\\\/www.immo-invest.ch\\\/en\\\/basler-baubranche-in-der-krise-appell-an-die-regierung\\\/#organizationLogo\",\"width\":2560,\"height\":1340},\"image\":{\"@id\":\"https:\\\/\\\/www.immo-invest.ch\\\/en\\\/basler-baubranche-in-der-krise-appell-an-die-regierung\\\/#organizationLogo\"},\"sameAs\":[\"https:\\\/\\\/www.facebook.com\\\/people\\\/Immoinvest\\\/100077962920504\\\/\",\"https:\\\/\\\/x.com\\\/i\\\/flow\\\/login?redirect_after_login=immoinvest_ch\",\"https:\\\/\\\/www.instagram.com\\\/immoinvest_ch\\\/\",\"https:\\\/\\\/www.linkedin.com\\\/company\\\/immoinvest-swiss\"]},{\"@type\":\"Person\",\"@id\":\"https:\\\/\\\/www.immo-invest.ch\\\/en\\\/author\\\/immovestuser\\\/#author\",\"url\":\"https:\\\/\\\/www.immo-invest.ch\\\/en\\\/author\\\/immovestuser\\\/\",\"name\":\"immovestuser\",\"image\":{\"@type\":\"ImageObject\",\"@id\":\"https:\\\/\\\/www.immo-invest.ch\\\/en\\\/basler-baubranche-in-der-krise-appell-an-die-regierung\\\/#authorImage\",\"url\":\"https:\\\/\\\/secure.gravatar.com\\\/avatar\\\/8e01f4d99f2eeea7a362ebb93305e1172a70e9293ba250f897a65c39f54cdd1e?s=96&d=mm&r=g\",\"width\":96,\"height\":96,\"caption\":\"immovestuser\"}},{\"@type\":\"WebPage\",\"@id\":\"https:\\\/\\\/www.immo-invest.ch\\\/en\\\/basler-baubranche-in-der-krise-appell-an-die-regierung\\\/#webpage\",\"url\":\"https:\\\/\\\/www.immo-invest.ch\\\/en\\\/basler-baubranche-in-der-krise-appell-an-die-regierung\\\/\",\"name\":\"Basler Baubranche in der Krise \\u2013 Appell an die Regierung - immo!nvest - Die Plattform f\\u00fcr Standorte und Immobilien\",\"description\":\"Oscar Elias, CEO von Stamm Bau AG, \\u00e4u\\u00dfert in einem Brief an Regierungsrat Kaspar Sutter seine Besorgnisse \\u00fcber die aktuelle Situation in der Basler Baubranche, beeintr\\u00e4chtigt durch das Wohnschutzgesetz und den R\\u00fcckgang von Sanierungsprojekten.\",\"inLanguage\":\"en-US\",\"isPartOf\":{\"@id\":\"https:\\\/\\\/www.immo-invest.ch\\\/en\\\/#website\"},\"breadcrumb\":{\"@id\":\"https:\\\/\\\/www.immo-invest.ch\\\/en\\\/basler-baubranche-in-der-krise-appell-an-die-regierung\\\/#breadcrumblist\"},\"author\":{\"@id\":\"https:\\\/\\\/www.immo-invest.ch\\\/en\\\/author\\\/immovestuser\\\/#author\"},\"creator\":{\"@id\":\"https:\\\/\\\/www.immo-invest.ch\\\/en\\\/author\\\/immovestuser\\\/#author\"},\"image\":{\"@type\":\"ImageObject\",\"url\":\"https:\\\/\\\/www.immo-invest.ch\\\/wp-content\\\/uploads\\\/2024\\\/01\\\/Bild1-6.jpg\",\"@id\":\"https:\\\/\\\/www.immo-invest.ch\\\/en\\\/basler-baubranche-in-der-krise-appell-an-die-regierung\\\/#mainImage\",\"width\":788,\"height\":525},\"primaryImageOfPage\":{\"@id\":\"https:\\\/\\\/www.immo-invest.ch\\\/en\\\/basler-baubranche-in-der-krise-appell-an-die-regierung\\\/#mainImage\"},\"datePublished\":\"2024-01-24T15:00:00+01:00\",\"dateModified\":\"2024-01-24T15:00:05+01:00\"},{\"@type\":\"WebSite\",\"@id\":\"https:\\\/\\\/www.immo-invest.ch\\\/en\\\/#website\",\"url\":\"https:\\\/\\\/www.immo-invest.ch\\\/en\\\/\",\"name\":\"immo!nvest - Die Plattform f\\u00fcr Standorte und Immobilien\",\"description\":\"Die\\u00a0Plattform f\\u00fcr Standorte und Immobilien\",\"inLanguage\":\"en-US\",\"publisher\":{\"@id\":\"https:\\\/\\\/www.immo-invest.ch\\\/en\\\/#organization\"}}]}\n\t\t<\/script>\n\t\t<!-- All in One SEO -->\n\n","aioseo_head_json":{"title":"Basler Baubranche in der Krise \u2013 Appell an die Regierung - immo!nvest - Die Plattform f\u00fcr Standorte und Immobilien","description":"Oscar Elias, CEO von Stamm Bau AG, \u00e4u\u00dfert in einem Brief an Regierungsrat Kaspar Sutter seine Besorgnisse \u00fcber die aktuelle Situation in der Basler Baubranche, beeintr\u00e4chtigt durch das Wohnschutzgesetz und den R\u00fcckgang von Sanierungsprojekten.","canonical_url":"https:\/\/www.immo-invest.ch\/en\/basler-baubranche-in-der-krise-appell-an-die-regierung\/","robots":"max-image-preview:large","keywords":"","webmasterTools":{"google-site-verification":"fHJKvgWpZCR2zVBHWfkQeFXC11qieUSff0HGNYfuyLA","miscellaneous":""},"schema":{"@context":"https:\/\/schema.org","@graph":[{"@type":"BlogPosting","@id":"https:\/\/www.immo-invest.ch\/en\/basler-baubranche-in-der-krise-appell-an-die-regierung\/#blogposting","name":"Basler Baubranche in der Krise \u2013 Appell an die Regierung - immo!nvest - Die Plattform f\u00fcr Standorte und Immobilien","headline":"Basler Baubranche in der Krise &#8211; Appell an die Regierung","author":{"@id":"https:\/\/www.immo-invest.ch\/en\/author\/immovestuser\/#author"},"publisher":{"@id":"https:\/\/www.immo-invest.ch\/en\/#organization"},"image":{"@type":"ImageObject","url":"https:\/\/www.immo-invest.ch\/wp-content\/uploads\/2024\/01\/Bild1-6.jpg","width":788,"height":525},"datePublished":"2024-01-24T15:00:00+01:00","dateModified":"2024-01-24T15:00:05+01:00","inLanguage":"en-US","mainEntityOfPage":{"@id":"https:\/\/www.immo-invest.ch\/en\/basler-baubranche-in-der-krise-appell-an-die-regierung\/#webpage"},"isPartOf":{"@id":"https:\/\/www.immo-invest.ch\/en\/basler-baubranche-in-der-krise-appell-an-die-regierung\/#webpage"},"articleSection":"Basel, Construction, Basel, Baubranche, Regierungsrat, Wohnungsbau, Optional"},{"@type":"BreadcrumbList","@id":"https:\/\/www.immo-invest.ch\/en\/basler-baubranche-in-der-krise-appell-an-die-regierung\/#breadcrumblist","itemListElement":[{"@type":"ListItem","@id":"https:\/\/www.immo-invest.ch\/en\/#listItem","position":1,"name":"Home","item":"https:\/\/www.immo-invest.ch\/en\/","nextItem":{"@type":"ListItem","@id":"https:\/\/www.immo-invest.ch\/en\/category\/regions-en\/#listItem","name":"Regions"}},{"@type":"ListItem","@id":"https:\/\/www.immo-invest.ch\/en\/category\/regions-en\/#listItem","position":2,"name":"Regions","item":"https:\/\/www.immo-invest.ch\/en\/category\/regions-en\/","nextItem":{"@type":"ListItem","@id":"https:\/\/www.immo-invest.ch\/en\/category\/regions-en\/switzerland\/#listItem","name":"Switzerland"},"previousItem":{"@type":"ListItem","@id":"https:\/\/www.immo-invest.ch\/en\/#listItem","name":"Home"}},{"@type":"ListItem","@id":"https:\/\/www.immo-invest.ch\/en\/category\/regions-en\/switzerland\/#listItem","position":3,"name":"Switzerland","item":"https:\/\/www.immo-invest.ch\/en\/category\/regions-en\/switzerland\/","nextItem":{"@type":"ListItem","@id":"https:\/\/www.immo-invest.ch\/en\/category\/regions-en\/switzerland\/northwestern-switzerland\/#listItem","name":"Northwestern Switzerland"},"previousItem":{"@type":"ListItem","@id":"https:\/\/www.immo-invest.ch\/en\/category\/regions-en\/#listItem","name":"Regions"}},{"@type":"ListItem","@id":"https:\/\/www.immo-invest.ch\/en\/category\/regions-en\/switzerland\/northwestern-switzerland\/#listItem","position":4,"name":"Northwestern Switzerland","item":"https:\/\/www.immo-invest.ch\/en\/category\/regions-en\/switzerland\/northwestern-switzerland\/","nextItem":{"@type":"ListItem","@id":"https:\/\/www.immo-invest.ch\/en\/category\/regions-en\/switzerland\/northwestern-switzerland\/region-basel-en\/#listItem","name":"Basel"},"previousItem":{"@type":"ListItem","@id":"https:\/\/www.immo-invest.ch\/en\/category\/regions-en\/switzerland\/#listItem","name":"Switzerland"}},{"@type":"ListItem","@id":"https:\/\/www.immo-invest.ch\/en\/category\/regions-en\/switzerland\/northwestern-switzerland\/region-basel-en\/#listItem","position":5,"name":"Basel","item":"https:\/\/www.immo-invest.ch\/en\/category\/regions-en\/switzerland\/northwestern-switzerland\/region-basel-en\/","nextItem":{"@type":"ListItem","@id":"https:\/\/www.immo-invest.ch\/en\/basler-baubranche-in-der-krise-appell-an-die-regierung\/#listItem","name":"Basler Baubranche in der Krise &#8211; Appell an die Regierung"},"previousItem":{"@type":"ListItem","@id":"https:\/\/www.immo-invest.ch\/en\/category\/regions-en\/switzerland\/northwestern-switzerland\/#listItem","name":"Northwestern Switzerland"}},{"@type":"ListItem","@id":"https:\/\/www.immo-invest.ch\/en\/basler-baubranche-in-der-krise-appell-an-die-regierung\/#listItem","position":6,"name":"Basler Baubranche in der Krise &#8211; Appell an die Regierung","previousItem":{"@type":"ListItem","@id":"https:\/\/www.immo-invest.ch\/en\/category\/regions-en\/switzerland\/northwestern-switzerland\/region-basel-en\/#listItem","name":"Basel"}}]},{"@type":"Organization","@id":"https:\/\/www.immo-invest.ch\/en\/#organization","name":"immo!nvest - Die Plattform f\u00fcr Standorte und Immobilien","description":"Die\u00a0Plattform f\u00fcr Standorte und Immobilien","url":"https:\/\/www.immo-invest.ch\/en\/","email":"admin@immomedia.ag","telephone":"+41444420002","logo":{"@type":"ImageObject","url":"https:\/\/www.immo-invest.ch\/wp-content\/uploads\/2024\/09\/immoinvest_sm-scaled.jpg","@id":"https:\/\/www.immo-invest.ch\/en\/basler-baubranche-in-der-krise-appell-an-die-regierung\/#organizationLogo","width":2560,"height":1340},"image":{"@id":"https:\/\/www.immo-invest.ch\/en\/basler-baubranche-in-der-krise-appell-an-die-regierung\/#organizationLogo"},"sameAs":["https:\/\/www.facebook.com\/people\/Immoinvest\/100077962920504\/","https:\/\/x.com\/i\/flow\/login?redirect_after_login=immoinvest_ch","https:\/\/www.instagram.com\/immoinvest_ch\/","https:\/\/www.linkedin.com\/company\/immoinvest-swiss"]},{"@type":"Person","@id":"https:\/\/www.immo-invest.ch\/en\/author\/immovestuser\/#author","url":"https:\/\/www.immo-invest.ch\/en\/author\/immovestuser\/","name":"immovestuser","image":{"@type":"ImageObject","@id":"https:\/\/www.immo-invest.ch\/en\/basler-baubranche-in-der-krise-appell-an-die-regierung\/#authorImage","url":"https:\/\/secure.gravatar.com\/avatar\/8e01f4d99f2eeea7a362ebb93305e1172a70e9293ba250f897a65c39f54cdd1e?s=96&d=mm&r=g","width":96,"height":96,"caption":"immovestuser"}},{"@type":"WebPage","@id":"https:\/\/www.immo-invest.ch\/en\/basler-baubranche-in-der-krise-appell-an-die-regierung\/#webpage","url":"https:\/\/www.immo-invest.ch\/en\/basler-baubranche-in-der-krise-appell-an-die-regierung\/","name":"Basler Baubranche in der Krise \u2013 Appell an die Regierung - immo!nvest - Die Plattform f\u00fcr Standorte und Immobilien","description":"Oscar Elias, CEO von Stamm Bau AG, \u00e4u\u00dfert in einem Brief an Regierungsrat Kaspar Sutter seine Besorgnisse \u00fcber die aktuelle Situation in der Basler Baubranche, beeintr\u00e4chtigt durch das Wohnschutzgesetz und den R\u00fcckgang von Sanierungsprojekten.","inLanguage":"en-US","isPartOf":{"@id":"https:\/\/www.immo-invest.ch\/en\/#website"},"breadcrumb":{"@id":"https:\/\/www.immo-invest.ch\/en\/basler-baubranche-in-der-krise-appell-an-die-regierung\/#breadcrumblist"},"author":{"@id":"https:\/\/www.immo-invest.ch\/en\/author\/immovestuser\/#author"},"creator":{"@id":"https:\/\/www.immo-invest.ch\/en\/author\/immovestuser\/#author"},"image":{"@type":"ImageObject","url":"https:\/\/www.immo-invest.ch\/wp-content\/uploads\/2024\/01\/Bild1-6.jpg","@id":"https:\/\/www.immo-invest.ch\/en\/basler-baubranche-in-der-krise-appell-an-die-regierung\/#mainImage","width":788,"height":525},"primaryImageOfPage":{"@id":"https:\/\/www.immo-invest.ch\/en\/basler-baubranche-in-der-krise-appell-an-die-regierung\/#mainImage"},"datePublished":"2024-01-24T15:00:00+01:00","dateModified":"2024-01-24T15:00:05+01:00"},{"@type":"WebSite","@id":"https:\/\/www.immo-invest.ch\/en\/#website","url":"https:\/\/www.immo-invest.ch\/en\/","name":"immo!nvest - Die Plattform f\u00fcr Standorte und Immobilien","description":"Die\u00a0Plattform f\u00fcr Standorte und Immobilien","inLanguage":"en-US","publisher":{"@id":"https:\/\/www.immo-invest.ch\/en\/#organization"}}]},"og:locale":"en_US","og:site_name":"immo!nvest - Die Plattform f\u00fcr Standorte und Immobilien - Die\u00a0Plattform f\u00fcr Standorte und Immobilien","og:type":"article","og:title":"Basler Baubranche in der Krise \u2013 Appell an die Regierung - immo!nvest - Die Plattform f\u00fcr Standorte und Immobilien","og:description":"Oscar Elias, CEO von Stamm Bau AG, \u00e4u\u00dfert in einem Brief an Regierungsrat Kaspar Sutter seine Besorgnisse \u00fcber die aktuelle Situation in der Basler Baubranche, beeintr\u00e4chtigt durch das Wohnschutzgesetz und den R\u00fcckgang von Sanierungsprojekten.","og:url":"https:\/\/www.immo-invest.ch\/en\/basler-baubranche-in-der-krise-appell-an-die-regierung\/","og:image":"https:\/\/www.immo-invest.ch\/wp-content\/uploads\/2024\/01\/Bild1-6.jpg","og:image:secure_url":"https:\/\/www.immo-invest.ch\/wp-content\/uploads\/2024\/01\/Bild1-6.jpg","og:image:width":788,"og:image:height":525,"article:published_time":"2024-01-24T14:00:00+00:00","article:modified_time":"2024-01-24T14:00:05+00:00","article:publisher":"https:\/\/www.facebook.com\/people\/Immoinvest\/100077962920504\/","twitter:card":"summary_large_image","twitter:site":"@i","twitter:title":"Basler Baubranche in der Krise \u2013 Appell an die Regierung - immo!nvest - Die Plattform f\u00fcr Standorte und Immobilien","twitter:description":"Oscar Elias, CEO von Stamm Bau AG, \u00e4u\u00dfert in einem Brief an Regierungsrat Kaspar Sutter seine Besorgnisse \u00fcber die aktuelle Situation in der Basler Baubranche, beeintr\u00e4chtigt durch das Wohnschutzgesetz und den R\u00fcckgang von Sanierungsprojekten.","twitter:creator":"@i","twitter:image":"https:\/\/www.immo-invest.ch\/wp-content\/uploads\/2024\/01\/Bild1-6.jpg"},"aioseo_meta_data":{"post_id":"73053","title":null,"description":null,"keywords":null,"keyphrases":null,"primary_term":null,"canonical_url":null,"og_title":null,"og_description":null,"og_object_type":"default","og_image_type":"default","og_image_url":null,"og_image_width":null,"og_image_height":null,"og_image_custom_url":null,"og_image_custom_fields":null,"og_video":null,"og_custom_url":null,"og_article_section":null,"og_article_tags":null,"twitter_use_og":false,"twitter_card":"default","twitter_image_type":"default","twitter_image_url":null,"twitter_image_custom_url":null,"twitter_image_custom_fields":null,"twitter_title":null,"twitter_description":null,"schema":{"blockGraphs":[],"customGraphs":[],"default":{"data":{"Article":[],"Course":[],"Dataset":[],"FAQPage":[],"Movie":[],"Person":[],"Product":[],"ProductReview":[],"Car":[],"Recipe":[],"Service":[],"SoftwareApplication":[],"WebPage":[]},"graphName":"","isEnabled":true},"graphs":[]},"schema_type":"default","schema_type_options":null,"pillar_content":false,"robots_default":true,"robots_noindex":false,"robots_noarchive":false,"robots_nosnippet":false,"robots_nofollow":false,"robots_noimageindex":false,"robots_noodp":false,"robots_notranslate":false,"robots_max_snippet":null,"robots_max_videopreview":null,"robots_max_imagepreview":"large","priority":null,"frequency":null,"local_seo":null,"breadcrumb_settings":null,"limit_modified_date":false,"ai":null,"created":"2024-09-20 14:45:02","updated":"2025-10-23 20:42:13","seo_analyzer_scan_date":null,"focus_keyword":null,"additional_keywords":null,"truseo_locale":null},"aioseo_breadcrumb":"<div class=\"aioseo-breadcrumbs\"><span class=\"aioseo-breadcrumb\">\n\t\t\t<a href=\"https:\/\/www.immo-invest.ch\/en\/\" title=\"Home\">Home<\/a>\n\t\t<\/span><span class=\"aioseo-breadcrumb-separator\">&raquo;<\/span><span class=\"aioseo-breadcrumb\">\n\t\t\t<a href=\"https:\/\/www.immo-invest.ch\/en\/category\/regions-en\/\" title=\"Regions\">Regions<\/a>\n\t\t<\/span><span class=\"aioseo-breadcrumb-separator\">&raquo;<\/span><span class=\"aioseo-breadcrumb\">\n\t\t\t<a href=\"https:\/\/www.immo-invest.ch\/en\/category\/regions-en\/switzerland\/\" title=\"Switzerland\">Switzerland<\/a>\n\t\t<\/span><span class=\"aioseo-breadcrumb-separator\">&raquo;<\/span><span class=\"aioseo-breadcrumb\">\n\t\t\t<a href=\"https:\/\/www.immo-invest.ch\/en\/category\/regions-en\/switzerland\/northwestern-switzerland\/\" title=\"Northwestern Switzerland\">Northwestern Switzerland<\/a>\n\t\t<\/span><span class=\"aioseo-breadcrumb-separator\">&raquo;<\/span><span class=\"aioseo-breadcrumb\">\n\t\t\t<a href=\"https:\/\/www.immo-invest.ch\/en\/category\/regions-en\/switzerland\/northwestern-switzerland\/region-basel-en\/\" title=\"Basel\">Basel<\/a>\n\t\t<\/span><span class=\"aioseo-breadcrumb-separator\">&raquo;<\/span><span class=\"aioseo-breadcrumb\">\n\t\t\tBasler Baubranche in der Krise \u2013 Appell an die Regierung\n\t\t<\/span><\/div>","aioseo_breadcrumb_json":[{"label":"Home","link":"https:\/\/www.immo-invest.ch\/en\/"},{"label":"Regions","link":"https:\/\/www.immo-invest.ch\/en\/category\/regions-en\/"},{"label":"Switzerland","link":"https:\/\/www.immo-invest.ch\/en\/category\/regions-en\/switzerland\/"},{"label":"Northwestern Switzerland","link":"https:\/\/www.immo-invest.ch\/en\/category\/regions-en\/switzerland\/northwestern-switzerland\/"},{"label":"Basel","link":"https:\/\/www.immo-invest.ch\/en\/category\/regions-en\/switzerland\/northwestern-switzerland\/region-basel-en\/"},{"label":"Basler Baubranche in der Krise &#8211; Appell an die Regierung","link":"https:\/\/www.immo-invest.ch\/en\/basler-baubranche-in-der-krise-appell-an-die-regierung\/"}],"featured_image_src":"https:\/\/www.immo-invest.ch\/wp-content\/uploads\/2024\/01\/Bild1-6-336x168.jpg","_links":{"self":[{"href":"https:\/\/www.immo-invest.ch\/en\/wp-json\/wp\/v2\/posts\/73053","targetHints":{"allow":["GET"]}}],"collection":[{"href":"https:\/\/www.immo-invest.ch\/en\/wp-json\/wp\/v2\/posts"}],"about":[{"href":"https:\/\/www.immo-invest.ch\/en\/wp-json\/wp\/v2\/types\/post"}],"author":[{"embeddable":true,"href":"https:\/\/www.immo-invest.ch\/en\/wp-json\/wp\/v2\/users\/2"}],"replies":[{"embeddable":true,"href":"https:\/\/www.immo-invest.ch\/en\/wp-json\/wp\/v2\/comments?post=73053"}],"version-history":[{"count":0,"href":"https:\/\/www.immo-invest.ch\/en\/wp-json\/wp\/v2\/posts\/73053\/revisions"}],"wp:featuredmedia":[{"embeddable":true,"href":"https:\/\/www.immo-invest.ch\/en\/wp-json\/wp\/v2\/media\/73044"}],"wp:attachment":[{"href":"https:\/\/www.immo-invest.ch\/en\/wp-json\/wp\/v2\/media?parent=73053"}],"wp:term":[{"taxonomy":"category","embeddable":true,"href":"https:\/\/www.immo-invest.ch\/en\/wp-json\/wp\/v2\/categories?post=73053"},{"taxonomy":"post_tag","embeddable":true,"href":"https:\/\/www.immo-invest.ch\/en\/wp-json\/wp\/v2\/tags?post=73053"}],"curies":[{"name":"wp","href":"https:\/\/api.w.org\/{rel}","templated":true}]}}