{"id":66988,"date":"2023-11-08T09:17:49","date_gmt":"2023-11-08T08:17:49","guid":{"rendered":"https:\/\/www.immo-invest.ch\/amag-baut-photovoltaik-aus\/"},"modified":"2023-11-08T09:22:30","modified_gmt":"2023-11-08T08:22:30","slug":"amag-baut-photovoltaik-aus","status":"publish","type":"post","link":"https:\/\/www.immo-invest.ch\/en\/amag-baut-photovoltaik-aus\/","title":{"rendered":"AMAG expands photovoltaics"},"content":{"rendered":"<p class=\"bodytext\"><a href=\"https:\/\/www.amag-group.ch\/de.html\" target=\"_blank\" rel=\"noopener\">AMAG<\/a> has put a new photovoltaic system into operation at its Ch&acirc;telaine site in Vernier near Geneva. According to a <a href=\"https:\/\/amag.media-corner.ch\/press\/inbetriebnahme-einer-photovoltaikanlage-bei-der-amag-chatelaine-vernier\" target=\"_blank\" rel=\"noopener\">press release<\/a> issued by the company, a total of 891 solar panels have been installed on the roof of the Audi, Seat and Cupra building, covering an area of 1,737 square metres. In total, the new photovoltaic system in Vernier is expected to produce around 400,000 kilowatt hours of energy per year. This will be used on site for the company&rsquo;s own requirements. Any excess production will be fed into the public power grid, according to the press release.<\/p>\n<p class=\"bodytext\">&ldquo;The fact that we have also received a photovoltaic system fills me with great joy and pride,&rdquo; Francine Varga, Managing Director of AMAG Ch&acirc;telaine, is quoted as saying in the press release. &ldquo;I consider it extremely sensible and sustainable to utilise the power of the sun to cover the majority of our company&rsquo;s electricity requirements.&rdquo;<\/p>\n<p class=\"bodytext\">By 2025, 75,000 square metres of the roofs of AMAG plants are to be equipped with solar panels. The AMAG Group has gradually expanded its solar capacities in recent years. As a result, corresponding systems have been installed on the roofs of numerous plants.<\/p>\n","protected":false},"excerpt":{"rendered":"<p>Die Mobilit\u00e4tsanbieterin AMAG hat eine neue Photovoltaikanlage in Vernier bei Genf in Betrieb genommen. Mit der Inbetriebnahme setzt AMAG die Nachhaltigkeits- und Klimastrategie des Unternehmens fort.<\/p>\n","protected":false},"author":2,"featured_media":66983,"comment_status":"open","ping_status":"open","sticky":false,"template":"","format":"standard","meta":{"pmpro_default_level":"","inline_featured_image":false,"_monsterinsights_skip_tracking":false,"footnotes":""},"categories":[12482,12476],"tags":[12521,13068,12525,12526,12528],"class_list":["post-66988","post","type-post","status-publish","format-standard","has-post-thumbnail","hentry","category-energy","category-immonews","tag-erneuerbareenergien-en","tag-genf-en","tag-immoinvest-en","tag-immonews-en","tag-news-en","pmpro-has-access"],"acf":{"bild_mit_ki_erstellt_worden":[],"lead":"Cham ZG\/Vernier GE - Die Mobilit\u00e4tsanbieterin AMAG hat eine neue Photovoltaikanlage in Vernier bei Genf in Betrieb genommen. Mit der Inbetriebnahme setzt AMAG die Nachhaltigkeits- und Klimastrategie des Unternehmens fort.","autor":"ce\/ww","ort":"Cham ZG\/Vernier GE","bildunterschrift":"","bild_im_grid":false,"gallerie":"","newsim":""},"aioseo_notices":[],"aioseo_head":"\n\t\t<!-- All in One SEO 5.0.1.1 - aioseo.com -->\n\t<meta name=\"description\" content=\"Die Mobilit\u00e4tsanbieterin AMAG hat eine neue Photovoltaikanlage in Vernier bei Genf in Betrieb genommen. Mit der Inbetriebnahme setzt AMAG die Nachhaltigkeits- und Klimastrategie des Unternehmens fort.\" \/>\n\t<meta name=\"robots\" content=\"max-image-preview:large\" \/>\n\t<meta name=\"author\" content=\"immovestuser\"\/>\n\t<meta name=\"google-site-verification\" content=\"fHJKvgWpZCR2zVBHWfkQeFXC11qieUSff0HGNYfuyLA\" \/>\n\t<link rel=\"canonical\" href=\"https:\/\/www.immo-invest.ch\/en\/amag-baut-photovoltaik-aus\/\" \/>\n\t<meta name=\"generator\" content=\"All in One SEO (AIOSEO) 5.0.1.1\" \/>\n\t\t<meta property=\"og:locale\" content=\"en_US\" \/>\n\t\t<meta property=\"og:site_name\" content=\"immo!nvest - Die Plattform f\u00fcr Standorte und Immobilien - Die\u00a0Plattform f\u00fcr Standorte und Immobilien\" \/>\n\t\t<meta property=\"og:type\" content=\"article\" \/>\n\t\t<meta property=\"og:title\" content=\"AMAG expands photovoltaics - immo!nvest - Die Plattform f\u00fcr Standorte und Immobilien\" \/>\n\t\t<meta property=\"og:description\" content=\"Die Mobilit\u00e4tsanbieterin AMAG hat eine neue Photovoltaikanlage in Vernier bei Genf in Betrieb genommen. Mit der Inbetriebnahme setzt AMAG die Nachhaltigkeits- und Klimastrategie des Unternehmens fort.\" \/>\n\t\t<meta property=\"og:url\" content=\"https:\/\/www.immo-invest.ch\/en\/amag-baut-photovoltaik-aus\/\" \/>\n\t\t<meta property=\"og:image\" content=\"https:\/\/www.immo-invest.ch\/wp-content\/uploads\/2023\/11\/nissa06_Editorial_Photography_of_a_little_solar_panel_near_a_ca_c9738c05-9146-41b0-9ae4-6a670cef58c4.png\" \/>\n\t\t<meta property=\"og:image:secure_url\" content=\"https:\/\/www.immo-invest.ch\/wp-content\/uploads\/2023\/11\/nissa06_Editorial_Photography_of_a_little_solar_panel_near_a_ca_c9738c05-9146-41b0-9ae4-6a670cef58c4.png\" \/>\n\t\t<meta property=\"og:image:width\" content=\"1456\" \/>\n\t\t<meta property=\"og:image:height\" content=\"816\" \/>\n\t\t<meta property=\"article:published_time\" content=\"2023-11-08T08:17:49+00:00\" \/>\n\t\t<meta property=\"article:modified_time\" content=\"2023-11-08T08:22:30+00:00\" \/>\n\t\t<meta property=\"article:publisher\" content=\"https:\/\/www.facebook.com\/people\/Immoinvest\/100077962920504\/\" \/>\n\t\t<meta name=\"twitter:card\" content=\"summary_large_image\" \/>\n\t\t<meta name=\"twitter:site\" content=\"@i\" \/>\n\t\t<meta name=\"twitter:title\" content=\"AMAG expands photovoltaics - immo!nvest - Die Plattform f\u00fcr Standorte und Immobilien\" \/>\n\t\t<meta name=\"twitter:description\" content=\"Die Mobilit\u00e4tsanbieterin AMAG hat eine neue Photovoltaikanlage in Vernier bei Genf in Betrieb genommen. Mit der Inbetriebnahme setzt AMAG die Nachhaltigkeits- und Klimastrategie des Unternehmens fort.\" \/>\n\t\t<meta name=\"twitter:creator\" content=\"@i\" \/>\n\t\t<meta name=\"twitter:image\" content=\"https:\/\/www.immo-invest.ch\/wp-content\/uploads\/2023\/11\/nissa06_Editorial_Photography_of_a_little_solar_panel_near_a_ca_c9738c05-9146-41b0-9ae4-6a670cef58c4.png\" \/>\n\t\t<script type=\"application\/ld+json\" class=\"aioseo-schema\">\n\t\t\t{\"@context\":\"https:\\\/\\\/schema.org\",\"@graph\":[{\"@type\":\"BlogPosting\",\"@id\":\"https:\\\/\\\/www.immo-invest.ch\\\/en\\\/amag-baut-photovoltaik-aus\\\/#blogposting\",\"name\":\"AMAG expands photovoltaics - immo!nvest - Die Plattform f\\u00fcr Standorte und Immobilien\",\"headline\":\"AMAG expands photovoltaics\",\"author\":{\"@id\":\"https:\\\/\\\/www.immo-invest.ch\\\/en\\\/author\\\/immovestuser\\\/#author\"},\"publisher\":{\"@id\":\"https:\\\/\\\/www.immo-invest.ch\\\/en\\\/#organization\"},\"image\":{\"@type\":\"ImageObject\",\"url\":\"https:\\\/\\\/www.immo-invest.ch\\\/wp-content\\\/uploads\\\/2023\\\/11\\\/nissa06_Editorial_Photography_of_a_little_solar_panel_near_a_ca_c9738c05-9146-41b0-9ae4-6a670cef58c4.png\",\"width\":1456,\"height\":816},\"datePublished\":\"2023-11-08T09:17:49+01:00\",\"dateModified\":\"2023-11-08T09:22:30+01:00\",\"inLanguage\":\"en-US\",\"mainEntityOfPage\":{\"@id\":\"https:\\\/\\\/www.immo-invest.ch\\\/en\\\/amag-baut-photovoltaik-aus\\\/#webpage\"},\"isPartOf\":{\"@id\":\"https:\\\/\\\/www.immo-invest.ch\\\/en\\\/amag-baut-photovoltaik-aus\\\/#webpage\"},\"articleSection\":\"Energy, immoNews, ErneuerbareEnergien, Genf, Immoinvest, immoNews, News, Optional\"},{\"@type\":\"BreadcrumbList\",\"@id\":\"https:\\\/\\\/www.immo-invest.ch\\\/en\\\/amag-baut-photovoltaik-aus\\\/#breadcrumblist\",\"itemListElement\":[{\"@type\":\"ListItem\",\"@id\":\"https:\\\/\\\/www.immo-invest.ch\\\/en\\\/#listItem\",\"position\":1,\"name\":\"Home\",\"item\":\"https:\\\/\\\/www.immo-invest.ch\\\/en\\\/\",\"nextItem\":{\"@type\":\"ListItem\",\"@id\":\"https:\\\/\\\/www.immo-invest.ch\\\/en\\\/category\\\/immonews\\\/#listItem\",\"name\":\"immoNews\"}},{\"@type\":\"ListItem\",\"@id\":\"https:\\\/\\\/www.immo-invest.ch\\\/en\\\/category\\\/immonews\\\/#listItem\",\"position\":2,\"name\":\"immoNews\",\"item\":\"https:\\\/\\\/www.immo-invest.ch\\\/en\\\/category\\\/immonews\\\/\",\"nextItem\":{\"@type\":\"ListItem\",\"@id\":\"https:\\\/\\\/www.immo-invest.ch\\\/en\\\/amag-baut-photovoltaik-aus\\\/#listItem\",\"name\":\"AMAG expands photovoltaics\"},\"previousItem\":{\"@type\":\"ListItem\",\"@id\":\"https:\\\/\\\/www.immo-invest.ch\\\/en\\\/#listItem\",\"name\":\"Home\"}},{\"@type\":\"ListItem\",\"@id\":\"https:\\\/\\\/www.immo-invest.ch\\\/en\\\/amag-baut-photovoltaik-aus\\\/#listItem\",\"position\":3,\"name\":\"AMAG expands photovoltaics\",\"previousItem\":{\"@type\":\"ListItem\",\"@id\":\"https:\\\/\\\/www.immo-invest.ch\\\/en\\\/category\\\/immonews\\\/#listItem\",\"name\":\"immoNews\"}}]},{\"@type\":\"Organization\",\"@id\":\"https:\\\/\\\/www.immo-invest.ch\\\/en\\\/#organization\",\"name\":\"immo!nvest - Die Plattform f\\u00fcr Standorte und Immobilien\",\"description\":\"Die\\u00a0Plattform f\\u00fcr Standorte und Immobilien\",\"url\":\"https:\\\/\\\/www.immo-invest.ch\\\/en\\\/\",\"email\":\"admin@immomedia.ag\",\"telephone\":\"+41444420002\",\"logo\":{\"@type\":\"ImageObject\",\"url\":\"https:\\\/\\\/www.immo-invest.ch\\\/wp-content\\\/uploads\\\/2024\\\/09\\\/immoinvest_sm-scaled.jpg\",\"@id\":\"https:\\\/\\\/www.immo-invest.ch\\\/en\\\/amag-baut-photovoltaik-aus\\\/#organizationLogo\",\"width\":2560,\"height\":1340},\"image\":{\"@id\":\"https:\\\/\\\/www.immo-invest.ch\\\/en\\\/amag-baut-photovoltaik-aus\\\/#organizationLogo\"},\"sameAs\":[\"https:\\\/\\\/www.facebook.com\\\/people\\\/Immoinvest\\\/100077962920504\\\/\",\"https:\\\/\\\/x.com\\\/i\\\/flow\\\/login?redirect_after_login=immoinvest_ch\",\"https:\\\/\\\/www.instagram.com\\\/immoinvest_ch\\\/\",\"https:\\\/\\\/www.linkedin.com\\\/company\\\/immoinvest-swiss\"]},{\"@type\":\"Person\",\"@id\":\"https:\\\/\\\/www.immo-invest.ch\\\/en\\\/author\\\/immovestuser\\\/#author\",\"url\":\"https:\\\/\\\/www.immo-invest.ch\\\/en\\\/author\\\/immovestuser\\\/\",\"name\":\"immovestuser\",\"image\":{\"@type\":\"ImageObject\",\"@id\":\"https:\\\/\\\/www.immo-invest.ch\\\/en\\\/amag-baut-photovoltaik-aus\\\/#authorImage\",\"url\":\"https:\\\/\\\/secure.gravatar.com\\\/avatar\\\/8e01f4d99f2eeea7a362ebb93305e1172a70e9293ba250f897a65c39f54cdd1e?s=96&d=mm&r=g\",\"width\":96,\"height\":96,\"caption\":\"immovestuser\"}},{\"@type\":\"WebPage\",\"@id\":\"https:\\\/\\\/www.immo-invest.ch\\\/en\\\/amag-baut-photovoltaik-aus\\\/#webpage\",\"url\":\"https:\\\/\\\/www.immo-invest.ch\\\/en\\\/amag-baut-photovoltaik-aus\\\/\",\"name\":\"AMAG expands photovoltaics - immo!nvest - Die Plattform f\\u00fcr Standorte und Immobilien\",\"description\":\"Die Mobilit\\u00e4tsanbieterin AMAG hat eine neue Photovoltaikanlage in Vernier bei Genf in Betrieb genommen. Mit der Inbetriebnahme setzt AMAG die Nachhaltigkeits- und Klimastrategie des Unternehmens fort.\",\"inLanguage\":\"en-US\",\"isPartOf\":{\"@id\":\"https:\\\/\\\/www.immo-invest.ch\\\/en\\\/#website\"},\"breadcrumb\":{\"@id\":\"https:\\\/\\\/www.immo-invest.ch\\\/en\\\/amag-baut-photovoltaik-aus\\\/#breadcrumblist\"},\"author\":{\"@id\":\"https:\\\/\\\/www.immo-invest.ch\\\/en\\\/author\\\/immovestuser\\\/#author\"},\"creator\":{\"@id\":\"https:\\\/\\\/www.immo-invest.ch\\\/en\\\/author\\\/immovestuser\\\/#author\"},\"image\":{\"@type\":\"ImageObject\",\"url\":\"https:\\\/\\\/www.immo-invest.ch\\\/wp-content\\\/uploads\\\/2023\\\/11\\\/nissa06_Editorial_Photography_of_a_little_solar_panel_near_a_ca_c9738c05-9146-41b0-9ae4-6a670cef58c4.png\",\"@id\":\"https:\\\/\\\/www.immo-invest.ch\\\/en\\\/amag-baut-photovoltaik-aus\\\/#mainImage\",\"width\":1456,\"height\":816},\"primaryImageOfPage\":{\"@id\":\"https:\\\/\\\/www.immo-invest.ch\\\/en\\\/amag-baut-photovoltaik-aus\\\/#mainImage\"},\"datePublished\":\"2023-11-08T09:17:49+01:00\",\"dateModified\":\"2023-11-08T09:22:30+01:00\"},{\"@type\":\"WebSite\",\"@id\":\"https:\\\/\\\/www.immo-invest.ch\\\/en\\\/#website\",\"url\":\"https:\\\/\\\/www.immo-invest.ch\\\/en\\\/\",\"name\":\"immo!nvest - Die Plattform f\\u00fcr Standorte und Immobilien\",\"description\":\"Die\\u00a0Plattform f\\u00fcr Standorte und Immobilien\",\"inLanguage\":\"en-US\",\"publisher\":{\"@id\":\"https:\\\/\\\/www.immo-invest.ch\\\/en\\\/#organization\"}}]}\n\t\t<\/script>\n\t\t<!-- All in One SEO -->\n\n","aioseo_head_json":{"title":"AMAG expands photovoltaics - immo!nvest - Die Plattform f\u00fcr Standorte und Immobilien","description":"Die Mobilit\u00e4tsanbieterin AMAG hat eine neue Photovoltaikanlage in Vernier bei Genf in Betrieb genommen. Mit der Inbetriebnahme setzt AMAG die Nachhaltigkeits- und Klimastrategie des Unternehmens fort.","canonical_url":"https:\/\/www.immo-invest.ch\/en\/amag-baut-photovoltaik-aus\/","robots":"max-image-preview:large","keywords":"","webmasterTools":{"google-site-verification":"fHJKvgWpZCR2zVBHWfkQeFXC11qieUSff0HGNYfuyLA","miscellaneous":""},"schema":{"@context":"https:\/\/schema.org","@graph":[{"@type":"BlogPosting","@id":"https:\/\/www.immo-invest.ch\/en\/amag-baut-photovoltaik-aus\/#blogposting","name":"AMAG expands photovoltaics - immo!nvest - Die Plattform f\u00fcr Standorte und Immobilien","headline":"AMAG expands photovoltaics","author":{"@id":"https:\/\/www.immo-invest.ch\/en\/author\/immovestuser\/#author"},"publisher":{"@id":"https:\/\/www.immo-invest.ch\/en\/#organization"},"image":{"@type":"ImageObject","url":"https:\/\/www.immo-invest.ch\/wp-content\/uploads\/2023\/11\/nissa06_Editorial_Photography_of_a_little_solar_panel_near_a_ca_c9738c05-9146-41b0-9ae4-6a670cef58c4.png","width":1456,"height":816},"datePublished":"2023-11-08T09:17:49+01:00","dateModified":"2023-11-08T09:22:30+01:00","inLanguage":"en-US","mainEntityOfPage":{"@id":"https:\/\/www.immo-invest.ch\/en\/amag-baut-photovoltaik-aus\/#webpage"},"isPartOf":{"@id":"https:\/\/www.immo-invest.ch\/en\/amag-baut-photovoltaik-aus\/#webpage"},"articleSection":"Energy, immoNews, ErneuerbareEnergien, Genf, Immoinvest, immoNews, News, Optional"},{"@type":"BreadcrumbList","@id":"https:\/\/www.immo-invest.ch\/en\/amag-baut-photovoltaik-aus\/#breadcrumblist","itemListElement":[{"@type":"ListItem","@id":"https:\/\/www.immo-invest.ch\/en\/#listItem","position":1,"name":"Home","item":"https:\/\/www.immo-invest.ch\/en\/","nextItem":{"@type":"ListItem","@id":"https:\/\/www.immo-invest.ch\/en\/category\/immonews\/#listItem","name":"immoNews"}},{"@type":"ListItem","@id":"https:\/\/www.immo-invest.ch\/en\/category\/immonews\/#listItem","position":2,"name":"immoNews","item":"https:\/\/www.immo-invest.ch\/en\/category\/immonews\/","nextItem":{"@type":"ListItem","@id":"https:\/\/www.immo-invest.ch\/en\/amag-baut-photovoltaik-aus\/#listItem","name":"AMAG expands photovoltaics"},"previousItem":{"@type":"ListItem","@id":"https:\/\/www.immo-invest.ch\/en\/#listItem","name":"Home"}},{"@type":"ListItem","@id":"https:\/\/www.immo-invest.ch\/en\/amag-baut-photovoltaik-aus\/#listItem","position":3,"name":"AMAG expands photovoltaics","previousItem":{"@type":"ListItem","@id":"https:\/\/www.immo-invest.ch\/en\/category\/immonews\/#listItem","name":"immoNews"}}]},{"@type":"Organization","@id":"https:\/\/www.immo-invest.ch\/en\/#organization","name":"immo!nvest - Die Plattform f\u00fcr Standorte und Immobilien","description":"Die\u00a0Plattform f\u00fcr Standorte und Immobilien","url":"https:\/\/www.immo-invest.ch\/en\/","email":"admin@immomedia.ag","telephone":"+41444420002","logo":{"@type":"ImageObject","url":"https:\/\/www.immo-invest.ch\/wp-content\/uploads\/2024\/09\/immoinvest_sm-scaled.jpg","@id":"https:\/\/www.immo-invest.ch\/en\/amag-baut-photovoltaik-aus\/#organizationLogo","width":2560,"height":1340},"image":{"@id":"https:\/\/www.immo-invest.ch\/en\/amag-baut-photovoltaik-aus\/#organizationLogo"},"sameAs":["https:\/\/www.facebook.com\/people\/Immoinvest\/100077962920504\/","https:\/\/x.com\/i\/flow\/login?redirect_after_login=immoinvest_ch","https:\/\/www.instagram.com\/immoinvest_ch\/","https:\/\/www.linkedin.com\/company\/immoinvest-swiss"]},{"@type":"Person","@id":"https:\/\/www.immo-invest.ch\/en\/author\/immovestuser\/#author","url":"https:\/\/www.immo-invest.ch\/en\/author\/immovestuser\/","name":"immovestuser","image":{"@type":"ImageObject","@id":"https:\/\/www.immo-invest.ch\/en\/amag-baut-photovoltaik-aus\/#authorImage","url":"https:\/\/secure.gravatar.com\/avatar\/8e01f4d99f2eeea7a362ebb93305e1172a70e9293ba250f897a65c39f54cdd1e?s=96&d=mm&r=g","width":96,"height":96,"caption":"immovestuser"}},{"@type":"WebPage","@id":"https:\/\/www.immo-invest.ch\/en\/amag-baut-photovoltaik-aus\/#webpage","url":"https:\/\/www.immo-invest.ch\/en\/amag-baut-photovoltaik-aus\/","name":"AMAG expands photovoltaics - immo!nvest - Die Plattform f\u00fcr Standorte und Immobilien","description":"Die Mobilit\u00e4tsanbieterin AMAG hat eine neue Photovoltaikanlage in Vernier bei Genf in Betrieb genommen. Mit der Inbetriebnahme setzt AMAG die Nachhaltigkeits- und Klimastrategie des Unternehmens fort.","inLanguage":"en-US","isPartOf":{"@id":"https:\/\/www.immo-invest.ch\/en\/#website"},"breadcrumb":{"@id":"https:\/\/www.immo-invest.ch\/en\/amag-baut-photovoltaik-aus\/#breadcrumblist"},"author":{"@id":"https:\/\/www.immo-invest.ch\/en\/author\/immovestuser\/#author"},"creator":{"@id":"https:\/\/www.immo-invest.ch\/en\/author\/immovestuser\/#author"},"image":{"@type":"ImageObject","url":"https:\/\/www.immo-invest.ch\/wp-content\/uploads\/2023\/11\/nissa06_Editorial_Photography_of_a_little_solar_panel_near_a_ca_c9738c05-9146-41b0-9ae4-6a670cef58c4.png","@id":"https:\/\/www.immo-invest.ch\/en\/amag-baut-photovoltaik-aus\/#mainImage","width":1456,"height":816},"primaryImageOfPage":{"@id":"https:\/\/www.immo-invest.ch\/en\/amag-baut-photovoltaik-aus\/#mainImage"},"datePublished":"2023-11-08T09:17:49+01:00","dateModified":"2023-11-08T09:22:30+01:00"},{"@type":"WebSite","@id":"https:\/\/www.immo-invest.ch\/en\/#website","url":"https:\/\/www.immo-invest.ch\/en\/","name":"immo!nvest - Die Plattform f\u00fcr Standorte und Immobilien","description":"Die\u00a0Plattform f\u00fcr Standorte und Immobilien","inLanguage":"en-US","publisher":{"@id":"https:\/\/www.immo-invest.ch\/en\/#organization"}}]},"og:locale":"en_US","og:site_name":"immo!nvest - Die Plattform f\u00fcr Standorte und Immobilien - Die\u00a0Plattform f\u00fcr Standorte und Immobilien","og:type":"article","og:title":"AMAG expands photovoltaics - immo!nvest - Die Plattform f\u00fcr Standorte und Immobilien","og:description":"Die Mobilit\u00e4tsanbieterin AMAG hat eine neue Photovoltaikanlage in Vernier bei Genf in Betrieb genommen. Mit der Inbetriebnahme setzt AMAG die Nachhaltigkeits- und Klimastrategie des Unternehmens fort.","og:url":"https:\/\/www.immo-invest.ch\/en\/amag-baut-photovoltaik-aus\/","og:image":"https:\/\/www.immo-invest.ch\/wp-content\/uploads\/2023\/11\/nissa06_Editorial_Photography_of_a_little_solar_panel_near_a_ca_c9738c05-9146-41b0-9ae4-6a670cef58c4.png","og:image:secure_url":"https:\/\/www.immo-invest.ch\/wp-content\/uploads\/2023\/11\/nissa06_Editorial_Photography_of_a_little_solar_panel_near_a_ca_c9738c05-9146-41b0-9ae4-6a670cef58c4.png","og:image:width":1456,"og:image:height":816,"article:published_time":"2023-11-08T08:17:49+00:00","article:modified_time":"2023-11-08T08:22:30+00:00","article:publisher":"https:\/\/www.facebook.com\/people\/Immoinvest\/100077962920504\/","twitter:card":"summary_large_image","twitter:site":"@i","twitter:title":"AMAG expands photovoltaics - immo!nvest - Die Plattform f\u00fcr Standorte und Immobilien","twitter:description":"Die Mobilit\u00e4tsanbieterin AMAG hat eine neue Photovoltaikanlage in Vernier bei Genf in Betrieb genommen. Mit der Inbetriebnahme setzt AMAG die Nachhaltigkeits- und Klimastrategie des Unternehmens fort.","twitter:creator":"@i","twitter:image":"https:\/\/www.immo-invest.ch\/wp-content\/uploads\/2023\/11\/nissa06_Editorial_Photography_of_a_little_solar_panel_near_a_ca_c9738c05-9146-41b0-9ae4-6a670cef58c4.png"},"aioseo_meta_data":{"post_id":"66988","title":null,"description":null,"keywords":null,"keyphrases":null,"primary_term":null,"canonical_url":null,"og_title":null,"og_description":null,"og_object_type":"default","og_image_type":"default","og_image_url":null,"og_image_width":null,"og_image_height":null,"og_image_custom_url":null,"og_image_custom_fields":null,"og_video":null,"og_custom_url":null,"og_article_section":null,"og_article_tags":null,"twitter_use_og":false,"twitter_card":"default","twitter_image_type":"default","twitter_image_url":null,"twitter_image_custom_url":null,"twitter_image_custom_fields":null,"twitter_title":null,"twitter_description":null,"schema":{"blockGraphs":[],"customGraphs":[],"default":{"data":{"Article":[],"Course":[],"Dataset":[],"FAQPage":[],"Movie":[],"Person":[],"Product":[],"ProductReview":[],"Car":[],"Recipe":[],"Service":[],"SoftwareApplication":[],"WebPage":[]},"graphName":"","isEnabled":true},"graphs":[]},"schema_type":"default","schema_type_options":null,"pillar_content":false,"robots_default":true,"robots_noindex":false,"robots_noarchive":false,"robots_nosnippet":false,"robots_nofollow":false,"robots_noimageindex":false,"robots_noodp":false,"robots_notranslate":false,"robots_max_snippet":null,"robots_max_videopreview":null,"robots_max_imagepreview":"large","priority":null,"frequency":null,"local_seo":null,"breadcrumb_settings":null,"limit_modified_date":false,"ai":null,"created":"2024-09-20 11:44:57","updated":"2025-10-23 17:39:17","seo_analyzer_scan_date":null,"focus_keyword":null,"additional_keywords":null,"truseo_locale":null},"aioseo_breadcrumb":"<div class=\"aioseo-breadcrumbs\"><span class=\"aioseo-breadcrumb\">\n\t\t\t<a href=\"https:\/\/www.immo-invest.ch\/en\/\" title=\"Home\">Home<\/a>\n\t\t<\/span><span class=\"aioseo-breadcrumb-separator\">&raquo;<\/span><span class=\"aioseo-breadcrumb\">\n\t\t\t<a href=\"https:\/\/www.immo-invest.ch\/en\/category\/immonews\/\" title=\"immoNews\">immoNews<\/a>\n\t\t<\/span><span class=\"aioseo-breadcrumb-separator\">&raquo;<\/span><span class=\"aioseo-breadcrumb\">\n\t\t\tAMAG expands photovoltaics\n\t\t<\/span><\/div>","aioseo_breadcrumb_json":[{"label":"Home","link":"https:\/\/www.immo-invest.ch\/en\/"},{"label":"immoNews","link":"https:\/\/www.immo-invest.ch\/en\/category\/immonews\/"},{"label":"AMAG expands photovoltaics","link":"https:\/\/www.immo-invest.ch\/en\/amag-baut-photovoltaik-aus\/"}],"featured_image_src":"https:\/\/www.immo-invest.ch\/wp-content\/uploads\/2023\/11\/nissa06_Editorial_Photography_of_a_little_solar_panel_near_a_ca_c9738c05-9146-41b0-9ae4-6a670cef58c4-336x168.png","_links":{"self":[{"href":"https:\/\/www.immo-invest.ch\/en\/wp-json\/wp\/v2\/posts\/66988","targetHints":{"allow":["GET"]}}],"collection":[{"href":"https:\/\/www.immo-invest.ch\/en\/wp-json\/wp\/v2\/posts"}],"about":[{"href":"https:\/\/www.immo-invest.ch\/en\/wp-json\/wp\/v2\/types\/post"}],"author":[{"embeddable":true,"href":"https:\/\/www.immo-invest.ch\/en\/wp-json\/wp\/v2\/users\/2"}],"replies":[{"embeddable":true,"href":"https:\/\/www.immo-invest.ch\/en\/wp-json\/wp\/v2\/comments?post=66988"}],"version-history":[{"count":0,"href":"https:\/\/www.immo-invest.ch\/en\/wp-json\/wp\/v2\/posts\/66988\/revisions"}],"wp:featuredmedia":[{"embeddable":true,"href":"https:\/\/www.immo-invest.ch\/en\/wp-json\/wp\/v2\/media\/66983"}],"wp:attachment":[{"href":"https:\/\/www.immo-invest.ch\/en\/wp-json\/wp\/v2\/media?parent=66988"}],"wp:term":[{"taxonomy":"category","embeddable":true,"href":"https:\/\/www.immo-invest.ch\/en\/wp-json\/wp\/v2\/categories?post=66988"},{"taxonomy":"post_tag","embeddable":true,"href":"https:\/\/www.immo-invest.ch\/en\/wp-json\/wp\/v2\/tags?post=66988"}],"curies":[{"name":"wp","href":"https:\/\/api.w.org\/{rel}","templated":true}]}}