{"id":66536,"date":"2023-10-31T13:31:21","date_gmt":"2023-10-31T12:31:21","guid":{"rendered":"https:\/\/www.immo-invest.ch\/das-buendner-solarfaltdach-goes-global\/"},"modified":"2023-10-31T13:31:21","modified_gmt":"2023-10-31T12:31:21","slug":"das-buendner-solarfaltdach-goes-global","status":"publish","type":"post","link":"https:\/\/www.immo-invest.ch\/en\/das-buendner-solarfaltdach-goes-global\/","title":{"rendered":"Das B\u00fcndner Solarfaltdach goes global"},"content":{"rendered":"<p class=\"wp-block-paragraph\">Mit dem Solarfaltdach &laquo;HORIZON&raquo; hat dhp ein Produkt entwickelt, mit dem bestehende Infrastrukturfl&auml;chen f&uuml;r die Solarstromproduktion genutzt werden k&ouml;nnen. Dies bedeutet, dass die darunter liegende Fl&auml;che weiter ohne Einschr&auml;nkung genutzt werden kann, w&auml;hrend gleichzeitig Solarstrom produziert wird. Anwendungsbereiche f&uuml;r das Solarfaltdach sind Kl&auml;ranlagen, Parkpl&auml;tze, Logistikareale und anderes mehr. Die Stromeigenversorgung dieser Anlagen kann dank &laquo;HORIZON&raquo; deutlich erh&ouml;ht werden.<br><br><strong>Ein Solarfaltdach f&uuml;r 45 Autobahnrastpl&auml;tze<\/strong><br>Die Kerntechnologie ist eine &auml;sthetische Leichtbaukonstruktion. Diese ist nicht nur platzsparend, sondern auch &ouml;kologischer, da bis zu 50% weniger Material verbaut wird. Das Einfalten der Modulbahnen verhindert das Einwirken von Kr&auml;ften, die durch Sturm, Hagel und starken Schneefall entstehen. In schneereichen Regionen fallen damit Winterverluste <span class=\"glossaryLink\"  aria-describedby=\"tt\"  data-cmtooltip=\"&lt;div class=glossaryItemTitle&gt;WEG&lt;\/div&gt;&lt;div class=glossaryItemBody&gt;Wohnbau- und Eigentumsf&ouml;rderungsgesetz; Vorg&auml;ngergesetz des WFG&lt;\/div&gt;\"  data-mobile-support=\"0\"  data-gt-translate-attributes='[{\"attribute\":\"data-cmtooltip\", \"format\":\"html\"}]' tabindex='0' role='link'>weg<\/span>, denn die Module bleiben schneefrei und produzieren mit den ersten Sonnenstrahlen wieder Strom.<br><br>Vor kurzem wurde bekannt, dass das Solarfaltdach &uuml;ber 45 Autobahnrastpl&auml;tzen in der Romandie und in den Kantonen Wallis und Bern installiert werden soll. Den Zuschlag erhielt das Solarfaltdach deshalb, weil es grosse H&ouml;hen &uuml;ber Boden (&gt;6 m) und weite St&uuml;tzenabst&auml;nde erm&ouml;glicht. Dies ist wichtig f&uuml;r grosse Fahrzeuge wie LKW, Sattelschlepper oder Cars, die die Rastpl&auml;tze nutzen.<br><br><strong>Bereits neun Projekte in Deutschland<\/strong><br>&laquo;Das Interesse aus dem EU-Raum ist gross und fast t&auml;glich kommen Anfragen aus aller Welt in Zizers an&raquo;, sagt Gian Andri Diem, Co-Founder und gesch&auml;ftsf&uuml;hrender Partner von dhp. Stand heute sind 16 Schweizer Solarfaltd&auml;cher realisiert, davon drei im Kanton Graub&uuml;nden. In Deutschland werden dieses Jahr 2023 die ersten Projekte in Betrieb gehen. Rund 40 weitere Projekte stehen in unterschiedlichen Planungs- und Ausf&uuml;hrungsstadien. Das Solarfaltdach wurde unter anderem ausgezeichnet mit dem Watt d&rsquo;Or, dem Schweizer Solarpreis und dem Schweizer Zukunftspreis.<\/p>\n","protected":false},"excerpt":{"rendered":"<p>Unser Lebensraum verdichtet sich zunehmend, der Bau von Solar-Freifl\u00e4chenanlagen ist in weiten Teilen Europas problematisch. Ein junges Unternehmen aus Zizers gibt eine Antwort darauf, wie nachhaltiger Solarstrom produziert werden kann, ohne Natur und Landschaft zus\u00e4tzlich zu belasten.<\/p>\n","protected":false},"author":2,"featured_media":66425,"comment_status":"open","ping_status":"open","sticky":false,"template":"","format":"standard","meta":{"pmpro_default_level":"","inline_featured_image":false,"_monsterinsights_skip_tracking":false,"footnotes":""},"categories":[12482,22349],"tags":[42857,42859,14089,12530,40655],"class_list":["post-66536","post","type-post","status-publish","format-standard","has-post-thumbnail","hentry","category-energy","category-graubuenden-en","tag-faltdach-en","tag-infrastrukturflaeche-en","tag-photovoltaikanlagen-en","tag-solar-en","tag-solarstromproduktion-en","pmpro-has-access"],"acf":{"bild_mit_ki_erstellt_worden":[],"lead":"Unser Lebensraum verdichtet sich zunehmend, der Bau von Solar-Freifl\u00e4chenanlagen ist in weiten Teilen Europas problematisch. Ein junges Unternehmen aus Zizers gibt eine Antwort darauf, wie nachhaltiger Solarstrom produziert werden kann, ohne Natur und Landschaft zus\u00e4tzlich zu belasten.","autor":"Text: Jessica Bill, Bild: zVg.","ort":"","bildunterschrift":"","bild_im_grid":false,"gallerie":"","newsim":""},"aioseo_notices":[],"aioseo_head":"\n\t\t<!-- All in One SEO 5.0.0.1 - aioseo.com -->\n\t<meta name=\"description\" content=\"Unser Lebensraum verdichtet sich zunehmend, der Bau von Solar-Freifl\u00e4chenanlagen ist in weiten Teilen Europas problematisch. Ein junges Unternehmen aus Zizers gibt eine Antwort darauf, wie nachhaltiger Solarstrom produziert werden kann, ohne Natur und Landschaft zus\u00e4tzlich zu belasten.\" \/>\n\t<meta name=\"robots\" content=\"max-image-preview:large\" \/>\n\t<meta name=\"author\" content=\"immovestuser\"\/>\n\t<meta name=\"google-site-verification\" content=\"fHJKvgWpZCR2zVBHWfkQeFXC11qieUSff0HGNYfuyLA\" \/>\n\t<link rel=\"canonical\" href=\"https:\/\/www.immo-invest.ch\/en\/das-buendner-solarfaltdach-goes-global\/\" \/>\n\t<meta name=\"generator\" content=\"All in One SEO (AIOSEO) 5.0.0.1\" \/>\n\t\t<meta property=\"og:locale\" content=\"en_US\" \/>\n\t\t<meta property=\"og:site_name\" content=\"immo!nvest - Die Plattform f\u00fcr Standorte und Immobilien - Die\u00a0Plattform f\u00fcr Standorte und Immobilien\" \/>\n\t\t<meta property=\"og:type\" content=\"article\" \/>\n\t\t<meta property=\"og:title\" content=\"Das B\u00fcndner Solarfaltdach goes global - immo!nvest - Die Plattform f\u00fcr Standorte und Immobilien\" \/>\n\t\t<meta property=\"og:description\" content=\"Unser Lebensraum verdichtet sich zunehmend, der Bau von Solar-Freifl\u00e4chenanlagen ist in weiten Teilen Europas problematisch. Ein junges Unternehmen aus Zizers gibt eine Antwort darauf, wie nachhaltiger Solarstrom produziert werden kann, ohne Natur und Landschaft zus\u00e4tzlich zu belasten.\" \/>\n\t\t<meta property=\"og:url\" content=\"https:\/\/www.immo-invest.ch\/en\/das-buendner-solarfaltdach-goes-global\/\" \/>\n\t\t<meta property=\"og:image\" content=\"https:\/\/www.immo-invest.ch\/wp-content\/uploads\/2023\/10\/DJI_0127-scaled.jpg\" \/>\n\t\t<meta property=\"og:image:secure_url\" content=\"https:\/\/www.immo-invest.ch\/wp-content\/uploads\/2023\/10\/DJI_0127-scaled.jpg\" \/>\n\t\t<meta property=\"og:image:width\" content=\"2560\" \/>\n\t\t<meta property=\"og:image:height\" content=\"1706\" \/>\n\t\t<meta property=\"article:published_time\" content=\"2023-10-31T12:31:21+00:00\" \/>\n\t\t<meta property=\"article:modified_time\" content=\"2023-10-31T12:31:21+00:00\" \/>\n\t\t<meta property=\"article:publisher\" content=\"https:\/\/www.facebook.com\/people\/Immoinvest\/100077962920504\/\" \/>\n\t\t<meta name=\"twitter:card\" content=\"summary_large_image\" \/>\n\t\t<meta name=\"twitter:site\" content=\"@i\" \/>\n\t\t<meta name=\"twitter:title\" content=\"Das B\u00fcndner Solarfaltdach goes global - immo!nvest - Die Plattform f\u00fcr Standorte und Immobilien\" \/>\n\t\t<meta name=\"twitter:description\" content=\"Unser Lebensraum verdichtet sich zunehmend, der Bau von Solar-Freifl\u00e4chenanlagen ist in weiten Teilen Europas problematisch. Ein junges Unternehmen aus Zizers gibt eine Antwort darauf, wie nachhaltiger Solarstrom produziert werden kann, ohne Natur und Landschaft zus\u00e4tzlich zu belasten.\" \/>\n\t\t<meta name=\"twitter:creator\" content=\"@i\" \/>\n\t\t<meta name=\"twitter:image\" content=\"https:\/\/www.immo-invest.ch\/wp-content\/uploads\/2023\/10\/DJI_0127-scaled.jpg\" \/>\n\t\t<script type=\"application\/ld+json\" class=\"aioseo-schema\">\n\t\t\t{\"@context\":\"https:\\\/\\\/schema.org\",\"@graph\":[{\"@type\":\"BlogPosting\",\"@id\":\"https:\\\/\\\/www.immo-invest.ch\\\/en\\\/das-buendner-solarfaltdach-goes-global\\\/#blogposting\",\"name\":\"Das B\\u00fcndner Solarfaltdach goes global - immo!nvest - Die Plattform f\\u00fcr Standorte und Immobilien\",\"headline\":\"Das B\\u00fcndner Solarfaltdach goes global\",\"author\":{\"@id\":\"https:\\\/\\\/www.immo-invest.ch\\\/en\\\/author\\\/immovestuser\\\/#author\"},\"publisher\":{\"@id\":\"https:\\\/\\\/www.immo-invest.ch\\\/en\\\/#organization\"},\"image\":{\"@type\":\"ImageObject\",\"url\":\"https:\\\/\\\/www.immo-invest.ch\\\/wp-content\\\/uploads\\\/2023\\\/10\\\/DJI_0127-scaled.jpg\",\"width\":2560,\"height\":1706},\"datePublished\":\"2023-10-31T13:31:21+01:00\",\"dateModified\":\"2023-10-31T13:31:21+01:00\",\"inLanguage\":\"en-US\",\"mainEntityOfPage\":{\"@id\":\"https:\\\/\\\/www.immo-invest.ch\\\/en\\\/das-buendner-solarfaltdach-goes-global\\\/#webpage\"},\"isPartOf\":{\"@id\":\"https:\\\/\\\/www.immo-invest.ch\\\/en\\\/das-buendner-solarfaltdach-goes-global\\\/#webpage\"},\"articleSection\":\"Energy, Graub\\u00fcnden, Faltdach, Infrastrukturfl\\u00e4che, Photovoltaikanlagen, Solar, Solarstromproduktion, Optional\"},{\"@type\":\"BreadcrumbList\",\"@id\":\"https:\\\/\\\/www.immo-invest.ch\\\/en\\\/das-buendner-solarfaltdach-goes-global\\\/#breadcrumblist\",\"itemListElement\":[{\"@type\":\"ListItem\",\"@id\":\"https:\\\/\\\/www.immo-invest.ch\\\/en\\\/#listItem\",\"position\":1,\"name\":\"Home\",\"item\":\"https:\\\/\\\/www.immo-invest.ch\\\/en\\\/\",\"nextItem\":{\"@type\":\"ListItem\",\"@id\":\"https:\\\/\\\/www.immo-invest.ch\\\/en\\\/category\\\/regions-en\\\/#listItem\",\"name\":\"Regions\"}},{\"@type\":\"ListItem\",\"@id\":\"https:\\\/\\\/www.immo-invest.ch\\\/en\\\/category\\\/regions-en\\\/#listItem\",\"position\":2,\"name\":\"Regions\",\"item\":\"https:\\\/\\\/www.immo-invest.ch\\\/en\\\/category\\\/regions-en\\\/\",\"nextItem\":{\"@type\":\"ListItem\",\"@id\":\"https:\\\/\\\/www.immo-invest.ch\\\/en\\\/category\\\/regions-en\\\/switzerland\\\/#listItem\",\"name\":\"Switzerland\"},\"previousItem\":{\"@type\":\"ListItem\",\"@id\":\"https:\\\/\\\/www.immo-invest.ch\\\/en\\\/#listItem\",\"name\":\"Home\"}},{\"@type\":\"ListItem\",\"@id\":\"https:\\\/\\\/www.immo-invest.ch\\\/en\\\/category\\\/regions-en\\\/switzerland\\\/#listItem\",\"position\":3,\"name\":\"Switzerland\",\"item\":\"https:\\\/\\\/www.immo-invest.ch\\\/en\\\/category\\\/regions-en\\\/switzerland\\\/\",\"nextItem\":{\"@type\":\"ListItem\",\"@id\":\"https:\\\/\\\/www.immo-invest.ch\\\/en\\\/category\\\/regions-en\\\/switzerland\\\/eastern-switzerland\\\/#listItem\",\"name\":\"Eastern Switzerland\"},\"previousItem\":{\"@type\":\"ListItem\",\"@id\":\"https:\\\/\\\/www.immo-invest.ch\\\/en\\\/category\\\/regions-en\\\/#listItem\",\"name\":\"Regions\"}},{\"@type\":\"ListItem\",\"@id\":\"https:\\\/\\\/www.immo-invest.ch\\\/en\\\/category\\\/regions-en\\\/switzerland\\\/eastern-switzerland\\\/#listItem\",\"position\":4,\"name\":\"Eastern Switzerland\",\"item\":\"https:\\\/\\\/www.immo-invest.ch\\\/en\\\/category\\\/regions-en\\\/switzerland\\\/eastern-switzerland\\\/\",\"nextItem\":{\"@type\":\"ListItem\",\"@id\":\"https:\\\/\\\/www.immo-invest.ch\\\/en\\\/category\\\/regions-en\\\/switzerland\\\/eastern-switzerland\\\/graubuenden-en\\\/#listItem\",\"name\":\"Graub\\u00fcnden\"},\"previousItem\":{\"@type\":\"ListItem\",\"@id\":\"https:\\\/\\\/www.immo-invest.ch\\\/en\\\/category\\\/regions-en\\\/switzerland\\\/#listItem\",\"name\":\"Switzerland\"}},{\"@type\":\"ListItem\",\"@id\":\"https:\\\/\\\/www.immo-invest.ch\\\/en\\\/category\\\/regions-en\\\/switzerland\\\/eastern-switzerland\\\/graubuenden-en\\\/#listItem\",\"position\":5,\"name\":\"Graub\\u00fcnden\",\"item\":\"https:\\\/\\\/www.immo-invest.ch\\\/en\\\/category\\\/regions-en\\\/switzerland\\\/eastern-switzerland\\\/graubuenden-en\\\/\",\"nextItem\":{\"@type\":\"ListItem\",\"@id\":\"https:\\\/\\\/www.immo-invest.ch\\\/en\\\/das-buendner-solarfaltdach-goes-global\\\/#listItem\",\"name\":\"Das B\\u00fcndner Solarfaltdach goes global\"},\"previousItem\":{\"@type\":\"ListItem\",\"@id\":\"https:\\\/\\\/www.immo-invest.ch\\\/en\\\/category\\\/regions-en\\\/switzerland\\\/eastern-switzerland\\\/#listItem\",\"name\":\"Eastern Switzerland\"}},{\"@type\":\"ListItem\",\"@id\":\"https:\\\/\\\/www.immo-invest.ch\\\/en\\\/das-buendner-solarfaltdach-goes-global\\\/#listItem\",\"position\":6,\"name\":\"Das B\\u00fcndner Solarfaltdach goes global\",\"previousItem\":{\"@type\":\"ListItem\",\"@id\":\"https:\\\/\\\/www.immo-invest.ch\\\/en\\\/category\\\/regions-en\\\/switzerland\\\/eastern-switzerland\\\/graubuenden-en\\\/#listItem\",\"name\":\"Graub\\u00fcnden\"}}]},{\"@type\":\"Organization\",\"@id\":\"https:\\\/\\\/www.immo-invest.ch\\\/en\\\/#organization\",\"name\":\"immo!nvest - Die Plattform f\\u00fcr Standorte und Immobilien\",\"description\":\"Die\\u00a0Plattform f\\u00fcr Standorte und Immobilien\",\"url\":\"https:\\\/\\\/www.immo-invest.ch\\\/en\\\/\",\"email\":\"admin@immomedia.ag\",\"telephone\":\"+41444420002\",\"logo\":{\"@type\":\"ImageObject\",\"url\":\"https:\\\/\\\/www.immo-invest.ch\\\/wp-content\\\/uploads\\\/2024\\\/09\\\/immoinvest_sm-scaled.jpg\",\"@id\":\"https:\\\/\\\/www.immo-invest.ch\\\/en\\\/das-buendner-solarfaltdach-goes-global\\\/#organizationLogo\",\"width\":2560,\"height\":1340},\"image\":{\"@id\":\"https:\\\/\\\/www.immo-invest.ch\\\/en\\\/das-buendner-solarfaltdach-goes-global\\\/#organizationLogo\"},\"sameAs\":[\"https:\\\/\\\/www.facebook.com\\\/people\\\/Immoinvest\\\/100077962920504\\\/\",\"https:\\\/\\\/x.com\\\/i\\\/flow\\\/login?redirect_after_login=immoinvest_ch\",\"https:\\\/\\\/www.instagram.com\\\/immoinvest_ch\\\/\",\"https:\\\/\\\/www.linkedin.com\\\/company\\\/immoinvest-swiss\"]},{\"@type\":\"Person\",\"@id\":\"https:\\\/\\\/www.immo-invest.ch\\\/en\\\/author\\\/immovestuser\\\/#author\",\"url\":\"https:\\\/\\\/www.immo-invest.ch\\\/en\\\/author\\\/immovestuser\\\/\",\"name\":\"immovestuser\",\"image\":{\"@type\":\"ImageObject\",\"@id\":\"https:\\\/\\\/www.immo-invest.ch\\\/en\\\/das-buendner-solarfaltdach-goes-global\\\/#authorImage\",\"url\":\"https:\\\/\\\/secure.gravatar.com\\\/avatar\\\/8e01f4d99f2eeea7a362ebb93305e1172a70e9293ba250f897a65c39f54cdd1e?s=96&d=mm&r=g\",\"width\":96,\"height\":96,\"caption\":\"immovestuser\"}},{\"@type\":\"WebPage\",\"@id\":\"https:\\\/\\\/www.immo-invest.ch\\\/en\\\/das-buendner-solarfaltdach-goes-global\\\/#webpage\",\"url\":\"https:\\\/\\\/www.immo-invest.ch\\\/en\\\/das-buendner-solarfaltdach-goes-global\\\/\",\"name\":\"Das B\\u00fcndner Solarfaltdach goes global - immo!nvest - Die Plattform f\\u00fcr Standorte und Immobilien\",\"description\":\"Unser Lebensraum verdichtet sich zunehmend, der Bau von Solar-Freifl\\u00e4chenanlagen ist in weiten Teilen Europas problematisch. Ein junges Unternehmen aus Zizers gibt eine Antwort darauf, wie nachhaltiger Solarstrom produziert werden kann, ohne Natur und Landschaft zus\\u00e4tzlich zu belasten.\",\"inLanguage\":\"en-US\",\"isPartOf\":{\"@id\":\"https:\\\/\\\/www.immo-invest.ch\\\/en\\\/#website\"},\"breadcrumb\":{\"@id\":\"https:\\\/\\\/www.immo-invest.ch\\\/en\\\/das-buendner-solarfaltdach-goes-global\\\/#breadcrumblist\"},\"author\":{\"@id\":\"https:\\\/\\\/www.immo-invest.ch\\\/en\\\/author\\\/immovestuser\\\/#author\"},\"creator\":{\"@id\":\"https:\\\/\\\/www.immo-invest.ch\\\/en\\\/author\\\/immovestuser\\\/#author\"},\"image\":{\"@type\":\"ImageObject\",\"url\":\"https:\\\/\\\/www.immo-invest.ch\\\/wp-content\\\/uploads\\\/2023\\\/10\\\/DJI_0127-scaled.jpg\",\"@id\":\"https:\\\/\\\/www.immo-invest.ch\\\/en\\\/das-buendner-solarfaltdach-goes-global\\\/#mainImage\",\"width\":2560,\"height\":1706},\"primaryImageOfPage\":{\"@id\":\"https:\\\/\\\/www.immo-invest.ch\\\/en\\\/das-buendner-solarfaltdach-goes-global\\\/#mainImage\"},\"datePublished\":\"2023-10-31T13:31:21+01:00\",\"dateModified\":\"2023-10-31T13:31:21+01:00\"},{\"@type\":\"WebSite\",\"@id\":\"https:\\\/\\\/www.immo-invest.ch\\\/en\\\/#website\",\"url\":\"https:\\\/\\\/www.immo-invest.ch\\\/en\\\/\",\"name\":\"immo!nvest - Die Plattform f\\u00fcr Standorte und Immobilien\",\"description\":\"Die\\u00a0Plattform f\\u00fcr Standorte und Immobilien\",\"inLanguage\":\"en-US\",\"publisher\":{\"@id\":\"https:\\\/\\\/www.immo-invest.ch\\\/en\\\/#organization\"}}]}\n\t\t<\/script>\n\t\t<!-- All in One SEO -->\n\n","aioseo_head_json":{"title":"Das B\u00fcndner Solarfaltdach goes global - immo!nvest - Die Plattform f\u00fcr Standorte und Immobilien","description":"Unser Lebensraum verdichtet sich zunehmend, der Bau von Solar-Freifl\u00e4chenanlagen ist in weiten Teilen Europas problematisch. Ein junges Unternehmen aus Zizers gibt eine Antwort darauf, wie nachhaltiger Solarstrom produziert werden kann, ohne Natur und Landschaft zus\u00e4tzlich zu belasten.","canonical_url":"https:\/\/www.immo-invest.ch\/en\/das-buendner-solarfaltdach-goes-global\/","robots":"max-image-preview:large","keywords":"","webmasterTools":{"google-site-verification":"fHJKvgWpZCR2zVBHWfkQeFXC11qieUSff0HGNYfuyLA","miscellaneous":""},"schema":{"@context":"https:\/\/schema.org","@graph":[{"@type":"BlogPosting","@id":"https:\/\/www.immo-invest.ch\/en\/das-buendner-solarfaltdach-goes-global\/#blogposting","name":"Das B\u00fcndner Solarfaltdach goes global - immo!nvest - Die Plattform f\u00fcr Standorte und Immobilien","headline":"Das B\u00fcndner Solarfaltdach goes global","author":{"@id":"https:\/\/www.immo-invest.ch\/en\/author\/immovestuser\/#author"},"publisher":{"@id":"https:\/\/www.immo-invest.ch\/en\/#organization"},"image":{"@type":"ImageObject","url":"https:\/\/www.immo-invest.ch\/wp-content\/uploads\/2023\/10\/DJI_0127-scaled.jpg","width":2560,"height":1706},"datePublished":"2023-10-31T13:31:21+01:00","dateModified":"2023-10-31T13:31:21+01:00","inLanguage":"en-US","mainEntityOfPage":{"@id":"https:\/\/www.immo-invest.ch\/en\/das-buendner-solarfaltdach-goes-global\/#webpage"},"isPartOf":{"@id":"https:\/\/www.immo-invest.ch\/en\/das-buendner-solarfaltdach-goes-global\/#webpage"},"articleSection":"Energy, Graub\u00fcnden, Faltdach, Infrastrukturfl\u00e4che, Photovoltaikanlagen, Solar, Solarstromproduktion, Optional"},{"@type":"BreadcrumbList","@id":"https:\/\/www.immo-invest.ch\/en\/das-buendner-solarfaltdach-goes-global\/#breadcrumblist","itemListElement":[{"@type":"ListItem","@id":"https:\/\/www.immo-invest.ch\/en\/#listItem","position":1,"name":"Home","item":"https:\/\/www.immo-invest.ch\/en\/","nextItem":{"@type":"ListItem","@id":"https:\/\/www.immo-invest.ch\/en\/category\/regions-en\/#listItem","name":"Regions"}},{"@type":"ListItem","@id":"https:\/\/www.immo-invest.ch\/en\/category\/regions-en\/#listItem","position":2,"name":"Regions","item":"https:\/\/www.immo-invest.ch\/en\/category\/regions-en\/","nextItem":{"@type":"ListItem","@id":"https:\/\/www.immo-invest.ch\/en\/category\/regions-en\/switzerland\/#listItem","name":"Switzerland"},"previousItem":{"@type":"ListItem","@id":"https:\/\/www.immo-invest.ch\/en\/#listItem","name":"Home"}},{"@type":"ListItem","@id":"https:\/\/www.immo-invest.ch\/en\/category\/regions-en\/switzerland\/#listItem","position":3,"name":"Switzerland","item":"https:\/\/www.immo-invest.ch\/en\/category\/regions-en\/switzerland\/","nextItem":{"@type":"ListItem","@id":"https:\/\/www.immo-invest.ch\/en\/category\/regions-en\/switzerland\/eastern-switzerland\/#listItem","name":"Eastern Switzerland"},"previousItem":{"@type":"ListItem","@id":"https:\/\/www.immo-invest.ch\/en\/category\/regions-en\/#listItem","name":"Regions"}},{"@type":"ListItem","@id":"https:\/\/www.immo-invest.ch\/en\/category\/regions-en\/switzerland\/eastern-switzerland\/#listItem","position":4,"name":"Eastern Switzerland","item":"https:\/\/www.immo-invest.ch\/en\/category\/regions-en\/switzerland\/eastern-switzerland\/","nextItem":{"@type":"ListItem","@id":"https:\/\/www.immo-invest.ch\/en\/category\/regions-en\/switzerland\/eastern-switzerland\/graubuenden-en\/#listItem","name":"Graub\u00fcnden"},"previousItem":{"@type":"ListItem","@id":"https:\/\/www.immo-invest.ch\/en\/category\/regions-en\/switzerland\/#listItem","name":"Switzerland"}},{"@type":"ListItem","@id":"https:\/\/www.immo-invest.ch\/en\/category\/regions-en\/switzerland\/eastern-switzerland\/graubuenden-en\/#listItem","position":5,"name":"Graub\u00fcnden","item":"https:\/\/www.immo-invest.ch\/en\/category\/regions-en\/switzerland\/eastern-switzerland\/graubuenden-en\/","nextItem":{"@type":"ListItem","@id":"https:\/\/www.immo-invest.ch\/en\/das-buendner-solarfaltdach-goes-global\/#listItem","name":"Das B\u00fcndner Solarfaltdach goes global"},"previousItem":{"@type":"ListItem","@id":"https:\/\/www.immo-invest.ch\/en\/category\/regions-en\/switzerland\/eastern-switzerland\/#listItem","name":"Eastern Switzerland"}},{"@type":"ListItem","@id":"https:\/\/www.immo-invest.ch\/en\/das-buendner-solarfaltdach-goes-global\/#listItem","position":6,"name":"Das B\u00fcndner Solarfaltdach goes global","previousItem":{"@type":"ListItem","@id":"https:\/\/www.immo-invest.ch\/en\/category\/regions-en\/switzerland\/eastern-switzerland\/graubuenden-en\/#listItem","name":"Graub\u00fcnden"}}]},{"@type":"Organization","@id":"https:\/\/www.immo-invest.ch\/en\/#organization","name":"immo!nvest - Die Plattform f\u00fcr Standorte und Immobilien","description":"Die\u00a0Plattform f\u00fcr Standorte und Immobilien","url":"https:\/\/www.immo-invest.ch\/en\/","email":"admin@immomedia.ag","telephone":"+41444420002","logo":{"@type":"ImageObject","url":"https:\/\/www.immo-invest.ch\/wp-content\/uploads\/2024\/09\/immoinvest_sm-scaled.jpg","@id":"https:\/\/www.immo-invest.ch\/en\/das-buendner-solarfaltdach-goes-global\/#organizationLogo","width":2560,"height":1340},"image":{"@id":"https:\/\/www.immo-invest.ch\/en\/das-buendner-solarfaltdach-goes-global\/#organizationLogo"},"sameAs":["https:\/\/www.facebook.com\/people\/Immoinvest\/100077962920504\/","https:\/\/x.com\/i\/flow\/login?redirect_after_login=immoinvest_ch","https:\/\/www.instagram.com\/immoinvest_ch\/","https:\/\/www.linkedin.com\/company\/immoinvest-swiss"]},{"@type":"Person","@id":"https:\/\/www.immo-invest.ch\/en\/author\/immovestuser\/#author","url":"https:\/\/www.immo-invest.ch\/en\/author\/immovestuser\/","name":"immovestuser","image":{"@type":"ImageObject","@id":"https:\/\/www.immo-invest.ch\/en\/das-buendner-solarfaltdach-goes-global\/#authorImage","url":"https:\/\/secure.gravatar.com\/avatar\/8e01f4d99f2eeea7a362ebb93305e1172a70e9293ba250f897a65c39f54cdd1e?s=96&d=mm&r=g","width":96,"height":96,"caption":"immovestuser"}},{"@type":"WebPage","@id":"https:\/\/www.immo-invest.ch\/en\/das-buendner-solarfaltdach-goes-global\/#webpage","url":"https:\/\/www.immo-invest.ch\/en\/das-buendner-solarfaltdach-goes-global\/","name":"Das B\u00fcndner Solarfaltdach goes global - immo!nvest - Die Plattform f\u00fcr Standorte und Immobilien","description":"Unser Lebensraum verdichtet sich zunehmend, der Bau von Solar-Freifl\u00e4chenanlagen ist in weiten Teilen Europas problematisch. Ein junges Unternehmen aus Zizers gibt eine Antwort darauf, wie nachhaltiger Solarstrom produziert werden kann, ohne Natur und Landschaft zus\u00e4tzlich zu belasten.","inLanguage":"en-US","isPartOf":{"@id":"https:\/\/www.immo-invest.ch\/en\/#website"},"breadcrumb":{"@id":"https:\/\/www.immo-invest.ch\/en\/das-buendner-solarfaltdach-goes-global\/#breadcrumblist"},"author":{"@id":"https:\/\/www.immo-invest.ch\/en\/author\/immovestuser\/#author"},"creator":{"@id":"https:\/\/www.immo-invest.ch\/en\/author\/immovestuser\/#author"},"image":{"@type":"ImageObject","url":"https:\/\/www.immo-invest.ch\/wp-content\/uploads\/2023\/10\/DJI_0127-scaled.jpg","@id":"https:\/\/www.immo-invest.ch\/en\/das-buendner-solarfaltdach-goes-global\/#mainImage","width":2560,"height":1706},"primaryImageOfPage":{"@id":"https:\/\/www.immo-invest.ch\/en\/das-buendner-solarfaltdach-goes-global\/#mainImage"},"datePublished":"2023-10-31T13:31:21+01:00","dateModified":"2023-10-31T13:31:21+01:00"},{"@type":"WebSite","@id":"https:\/\/www.immo-invest.ch\/en\/#website","url":"https:\/\/www.immo-invest.ch\/en\/","name":"immo!nvest - Die Plattform f\u00fcr Standorte und Immobilien","description":"Die\u00a0Plattform f\u00fcr Standorte und Immobilien","inLanguage":"en-US","publisher":{"@id":"https:\/\/www.immo-invest.ch\/en\/#organization"}}]},"og:locale":"en_US","og:site_name":"immo!nvest - Die Plattform f\u00fcr Standorte und Immobilien - Die\u00a0Plattform f\u00fcr Standorte und Immobilien","og:type":"article","og:title":"Das B\u00fcndner Solarfaltdach goes global - immo!nvest - Die Plattform f\u00fcr Standorte und Immobilien","og:description":"Unser Lebensraum verdichtet sich zunehmend, der Bau von Solar-Freifl\u00e4chenanlagen ist in weiten Teilen Europas problematisch. Ein junges Unternehmen aus Zizers gibt eine Antwort darauf, wie nachhaltiger Solarstrom produziert werden kann, ohne Natur und Landschaft zus\u00e4tzlich zu belasten.","og:url":"https:\/\/www.immo-invest.ch\/en\/das-buendner-solarfaltdach-goes-global\/","og:image":"https:\/\/www.immo-invest.ch\/wp-content\/uploads\/2023\/10\/DJI_0127-scaled.jpg","og:image:secure_url":"https:\/\/www.immo-invest.ch\/wp-content\/uploads\/2023\/10\/DJI_0127-scaled.jpg","og:image:width":2560,"og:image:height":1706,"article:published_time":"2023-10-31T12:31:21+00:00","article:modified_time":"2023-10-31T12:31:21+00:00","article:publisher":"https:\/\/www.facebook.com\/people\/Immoinvest\/100077962920504\/","twitter:card":"summary_large_image","twitter:site":"@i","twitter:title":"Das B\u00fcndner Solarfaltdach goes global - immo!nvest - Die Plattform f\u00fcr Standorte und Immobilien","twitter:description":"Unser Lebensraum verdichtet sich zunehmend, der Bau von Solar-Freifl\u00e4chenanlagen ist in weiten Teilen Europas problematisch. Ein junges Unternehmen aus Zizers gibt eine Antwort darauf, wie nachhaltiger Solarstrom produziert werden kann, ohne Natur und Landschaft zus\u00e4tzlich zu belasten.","twitter:creator":"@i","twitter:image":"https:\/\/www.immo-invest.ch\/wp-content\/uploads\/2023\/10\/DJI_0127-scaled.jpg"},"aioseo_meta_data":{"post_id":"66536","title":null,"description":null,"keywords":null,"keyphrases":null,"primary_term":null,"canonical_url":null,"og_title":null,"og_description":null,"og_object_type":"default","og_image_type":"default","og_image_url":null,"og_image_width":null,"og_image_height":null,"og_image_custom_url":null,"og_image_custom_fields":null,"og_video":null,"og_custom_url":null,"og_article_section":null,"og_article_tags":null,"twitter_use_og":false,"twitter_card":"default","twitter_image_type":"default","twitter_image_url":null,"twitter_image_custom_url":null,"twitter_image_custom_fields":null,"twitter_title":null,"twitter_description":null,"schema":{"blockGraphs":[],"customGraphs":[],"default":{"data":{"Article":[],"Course":[],"Dataset":[],"FAQPage":[],"Movie":[],"Person":[],"Product":[],"ProductReview":[],"Car":[],"Recipe":[],"Service":[],"SoftwareApplication":[],"WebPage":[]},"graphName":"","isEnabled":true},"graphs":[]},"schema_type":"default","schema_type_options":null,"pillar_content":false,"robots_default":true,"robots_noindex":false,"robots_noarchive":false,"robots_nosnippet":false,"robots_nofollow":false,"robots_noimageindex":false,"robots_noodp":false,"robots_notranslate":false,"robots_max_snippet":null,"robots_max_videopreview":null,"robots_max_imagepreview":"large","priority":null,"frequency":null,"local_seo":null,"breadcrumb_settings":null,"limit_modified_date":false,"ai":null,"created":"2024-09-20 11:24:49","updated":"2025-10-23 17:19:12","seo_analyzer_scan_date":null,"focus_keyword":null,"additional_keywords":null,"truseo_locale":null},"aioseo_breadcrumb":"<div class=\"aioseo-breadcrumbs\"><span class=\"aioseo-breadcrumb\">\n\t\t\t<a href=\"https:\/\/www.immo-invest.ch\/en\/\" title=\"Home\">Home<\/a>\n\t\t<\/span><span class=\"aioseo-breadcrumb-separator\">&raquo;<\/span><span class=\"aioseo-breadcrumb\">\n\t\t\t<a href=\"https:\/\/www.immo-invest.ch\/en\/category\/regions-en\/\" title=\"Regions\">Regions<\/a>\n\t\t<\/span><span class=\"aioseo-breadcrumb-separator\">&raquo;<\/span><span class=\"aioseo-breadcrumb\">\n\t\t\t<a href=\"https:\/\/www.immo-invest.ch\/en\/category\/regions-en\/switzerland\/\" title=\"Switzerland\">Switzerland<\/a>\n\t\t<\/span><span class=\"aioseo-breadcrumb-separator\">&raquo;<\/span><span class=\"aioseo-breadcrumb\">\n\t\t\t<a href=\"https:\/\/www.immo-invest.ch\/en\/category\/regions-en\/switzerland\/eastern-switzerland\/\" title=\"Eastern Switzerland\">Eastern Switzerland<\/a>\n\t\t<\/span><span class=\"aioseo-breadcrumb-separator\">&raquo;<\/span><span class=\"aioseo-breadcrumb\">\n\t\t\t<a href=\"https:\/\/www.immo-invest.ch\/en\/category\/regions-en\/switzerland\/eastern-switzerland\/graubuenden-en\/\" title=\"Graub\u00fcnden\">Graub\u00fcnden<\/a>\n\t\t<\/span><span class=\"aioseo-breadcrumb-separator\">&raquo;<\/span><span class=\"aioseo-breadcrumb\">\n\t\t\tDas B\u00fcndner Solarfaltdach goes global\n\t\t<\/span><\/div>","aioseo_breadcrumb_json":[{"label":"Home","link":"https:\/\/www.immo-invest.ch\/en\/"},{"label":"Regions","link":"https:\/\/www.immo-invest.ch\/en\/category\/regions-en\/"},{"label":"Switzerland","link":"https:\/\/www.immo-invest.ch\/en\/category\/regions-en\/switzerland\/"},{"label":"Eastern Switzerland","link":"https:\/\/www.immo-invest.ch\/en\/category\/regions-en\/switzerland\/eastern-switzerland\/"},{"label":"Graub\u00fcnden","link":"https:\/\/www.immo-invest.ch\/en\/category\/regions-en\/switzerland\/eastern-switzerland\/graubuenden-en\/"},{"label":"Das B\u00fcndner Solarfaltdach goes global","link":"https:\/\/www.immo-invest.ch\/en\/das-buendner-solarfaltdach-goes-global\/"}],"featured_image_src":"https:\/\/www.immo-invest.ch\/wp-content\/uploads\/2023\/10\/DJI_0127-336x168.jpg","_links":{"self":[{"href":"https:\/\/www.immo-invest.ch\/en\/wp-json\/wp\/v2\/posts\/66536","targetHints":{"allow":["GET"]}}],"collection":[{"href":"https:\/\/www.immo-invest.ch\/en\/wp-json\/wp\/v2\/posts"}],"about":[{"href":"https:\/\/www.immo-invest.ch\/en\/wp-json\/wp\/v2\/types\/post"}],"author":[{"embeddable":true,"href":"https:\/\/www.immo-invest.ch\/en\/wp-json\/wp\/v2\/users\/2"}],"replies":[{"embeddable":true,"href":"https:\/\/www.immo-invest.ch\/en\/wp-json\/wp\/v2\/comments?post=66536"}],"version-history":[{"count":0,"href":"https:\/\/www.immo-invest.ch\/en\/wp-json\/wp\/v2\/posts\/66536\/revisions"}],"wp:featuredmedia":[{"embeddable":true,"href":"https:\/\/www.immo-invest.ch\/en\/wp-json\/wp\/v2\/media\/66425"}],"wp:attachment":[{"href":"https:\/\/www.immo-invest.ch\/en\/wp-json\/wp\/v2\/media?parent=66536"}],"wp:term":[{"taxonomy":"category","embeddable":true,"href":"https:\/\/www.immo-invest.ch\/en\/wp-json\/wp\/v2\/categories?post=66536"},{"taxonomy":"post_tag","embeddable":true,"href":"https:\/\/www.immo-invest.ch\/en\/wp-json\/wp\/v2\/tags?post=66536"}],"curies":[{"name":"wp","href":"https:\/\/api.w.org\/{rel}","templated":true}]}}