{"id":66517,"date":"2023-10-31T15:11:32","date_gmt":"2023-10-31T14:11:32","guid":{"rendered":"https:\/\/www.immo-invest.ch\/bergeller-bevoelkerung-befuerwortet-vorzeitige-erneuerung-der-ewz-konzession\/"},"modified":"2023-10-31T15:11:32","modified_gmt":"2023-10-31T14:11:32","slug":"bergeller-bevoelkerung-befuerwortet-vorzeitige-erneuerung-der-ewz-konzession","status":"publish","type":"post","link":"https:\/\/www.immo-invest.ch\/en\/bergeller-bevoelkerung-befuerwortet-vorzeitige-erneuerung-der-ewz-konzession\/","title":{"rendered":"Bergeller Bev\u00f6lkerung bef\u00fcrwortet vorzeitige Erneuerung der ewz-Konzession"},"content":{"rendered":"<p class=\"wp-block-paragraph\">Die Konzession von ewz zur Nutzung der Wasserkraft im Bergell ist noch bis Ende 2039 g&uuml;ltig. Seit einigen Jahren verhandelt ewz mit der Gemeinde Bregaglia &uuml;ber eine vorzeitige Rekonzessionierung, mit dem Ziel, diese im Jahr 2026 zu erteilen, um sie ab 2035 in Kraft treten zu lassen. In der konsultativen Gemeindeabstimmung vom 26. Oktober 2023 wurde dieses gemeinsame Vorhaben von der Bergeller Bev&ouml;lkerung best&auml;tigt.<\/p>\n\n\n\n<p class=\"wp-block-paragraph\">Stadtrat Michael Baumer, Vorsteher des Departements der Industriellen Betriebe, zu dem auch ewz geh&ouml;rt, &auml;u&szlig;erte sich erfreut &uuml;ber dieses Signal und betonte die langj&auml;hrige Partnerschaft zwischen dem Bergell und der Stadt Z&uuml;rich.<\/p>\n\n\n\n<p class=\"wp-block-paragraph\">Die Gemeinde Bregaglia und der Kanton f&uuml;hren derzeit Abkl&auml;rungen im Hinblick auf den <span class=\"glossaryLink\" aria-describedby=\"tt\" data-cmtooltip=\"&lt;div class=glossaryItemTitle&gt;Heimfall&lt;\/div&gt;&lt;div class=glossaryItemBody&gt;Am Ende der Baurechtsdauer geht das Eigentum an einem im Baurecht errichteten Bauwerk auf den Grundeigent&uuml;mer &uuml;ber. Der Grundeigent&uuml;mer hat dem Bauberechtigten eine angemessene Entsch&auml;digung (Heimfallentsch&auml;digung) zu leisten&lt;\/div&gt;\" data-mobile-support=\"0\" data-gt-translate-attributes='[{\"attribute\":\"data-cmtooltip\", \"format\":\"html\"}]' tabindex=\"0\" role=\"link\">Heimfall<\/span> und die Konzessionierung durch. ewz steht bereit, diese Bem&uuml;hungen zu unterst&uuml;tzen und konkrete Verhandlungen aufzunehmen, um das Verfahren bis Ende 2026 abzuschlie&szlig;en.<\/p>\n\n\n\n<p class=\"wp-block-paragraph\">Die Vorbereitungen f&uuml;r die vorzeitige Rekonzessionierung laufen bereits seit 2014, einschlie&szlig;lich der Erstellung einer Schutz- und Nutzungsplanung in Zusammenarbeit mit einer Begleitgruppe. F&uuml;r ewz ist eine optimierte Energieproduktion bei gleichzeitigem Schutz der Gew&auml;sser von gro&szlig;er Bedeutung.<\/p>\n\n\n\n<p class=\"wp-block-paragraph\">Seit 1959 produziert das Unternehmen Strom im Bergell und betreibt f&uuml;nf Wasserkraftwerke sowie den Stausee Albigna. Diese Anlagen erzeugen j&auml;hrlich etwa 440 GWh Strom, was dem Durchschnittsverbrauch von rund 168.000 Vierzimmer-Haushalten entspricht. Eine vorzeitige Rekonzessionierung w&uuml;rde die Arbeitspl&auml;tze sichern und erm&ouml;glichte es, sein Engagement im Bergell fortzusetzen, einschlie&szlig;lich Elektroladestationen und einer hochalpinen PV-Anlage auf der Albigna-Staumauer.<\/p>\n\n\n\n<p class=\"wp-block-paragraph\">Sie investiert in erneuerbare Energien, wo die nat&uuml;rlichen Ressourcen optimal genutzt werden k&ouml;nnen und die wirtschaftlichen, umweltvertr&auml;glichen und akzeptablen Anforderungen erf&uuml;llt sind. Die Rekonzessionierung bestehender Wasserkraftanlagen spielt eine wichtige Rolle bei der F&ouml;rderung dieser erneuerbaren Energiequelle in der Schweiz.<\/p>\n","protected":false},"excerpt":{"rendered":"<p>Am 26. Oktober 2023 hat die Bergeller Bev\u00f6lkerung in einer konsultativen Gemeindeabstimmung die vorzeitige Rekonzessionierung an ewz best\u00e4tigt. Dieser positive Entscheid zeigt das Vertrauen der Bev\u00f6lkerung in das Vorhaben.<\/p>\n","protected":false},"author":2,"featured_media":66500,"comment_status":"open","ping_status":"open","sticky":false,"template":"","format":"standard","meta":{"pmpro_default_level":"","inline_featured_image":false,"_monsterinsights_skip_tracking":false,"footnotes":""},"categories":[12482,12476],"tags":[18331,15608,39457,15701,42813,42814,42815,12752,42816],"class_list":["post-66517","post","type-post","status-publish","format-standard","has-post-thumbnail","hentry","category-energy","category-immonews","tag-alpen-en","tag-energieproduktion-en","tag-gemeinde-en","tag-gewaesser-en","tag-konzession-en","tag-schutz-und-nutzungsplanung-en","tag-stausee-en","tag-strom-en","tag-wasserkraftwerke-en","pmpro-has-access"],"acf":{"bild_mit_ki_erstellt_worden":[],"lead":"Am 26. Oktober 2023 hat die Bergeller Bev\u00f6lkerung in einer konsultativen Gemeindeabstimmung die vorzeitige Rekonzessionierung an ewz best\u00e4tigt. Dieser positive Entscheid zeigt das Vertrauen der Bev\u00f6lkerung in das Vorhaben.","autor":"Quelle: EWZ","ort":"","bildunterschrift":"","bild_im_grid":false,"gallerie":"","newsim":""},"aioseo_notices":[],"aioseo_head":"\n\t\t<!-- All in One SEO 5.0.1.1 - aioseo.com -->\n\t<meta name=\"description\" content=\"Am 26. Oktober 2023 hat die Bergeller Bev\u00f6lkerung in einer konsultativen Gemeindeabstimmung die vorzeitige Rekonzessionierung an ewz best\u00e4tigt. Dieser positive Entscheid zeigt das Vertrauen der Bev\u00f6lkerung in das Vorhaben.\" \/>\n\t<meta name=\"robots\" content=\"max-image-preview:large\" \/>\n\t<meta name=\"author\" content=\"immovestuser\"\/>\n\t<meta name=\"google-site-verification\" content=\"fHJKvgWpZCR2zVBHWfkQeFXC11qieUSff0HGNYfuyLA\" \/>\n\t<link rel=\"canonical\" href=\"https:\/\/www.immo-invest.ch\/en\/bergeller-bevoelkerung-befuerwortet-vorzeitige-erneuerung-der-ewz-konzession\/\" \/>\n\t<meta name=\"generator\" content=\"All in One SEO (AIOSEO) 5.0.1.1\" \/>\n\t\t<meta property=\"og:locale\" content=\"en_US\" \/>\n\t\t<meta property=\"og:site_name\" content=\"immo!nvest - Die Plattform f\u00fcr Standorte und Immobilien - Die\u00a0Plattform f\u00fcr Standorte und Immobilien\" \/>\n\t\t<meta property=\"og:type\" content=\"article\" \/>\n\t\t<meta property=\"og:title\" content=\"Bergeller Bev\u00f6lkerung bef\u00fcrwortet vorzeitige Erneuerung der ewz-Konzession - immo!nvest - Die Plattform f\u00fcr Standorte und Immobilien\" \/>\n\t\t<meta property=\"og:description\" content=\"Am 26. Oktober 2023 hat die Bergeller Bev\u00f6lkerung in einer konsultativen Gemeindeabstimmung die vorzeitige Rekonzessionierung an ewz best\u00e4tigt. Dieser positive Entscheid zeigt das Vertrauen der Bev\u00f6lkerung in das Vorhaben.\" \/>\n\t\t<meta property=\"og:url\" content=\"https:\/\/www.immo-invest.ch\/en\/bergeller-bevoelkerung-befuerwortet-vorzeitige-erneuerung-der-ewz-konzession\/\" \/>\n\t\t<meta property=\"og:image\" content=\"https:\/\/www.immo-invest.ch\/wp-content\/uploads\/2023\/10\/christopher-politano-QCwiGB5F-HY-unsplash-scaled.jpg\" \/>\n\t\t<meta property=\"og:image:secure_url\" content=\"https:\/\/www.immo-invest.ch\/wp-content\/uploads\/2023\/10\/christopher-politano-QCwiGB5F-HY-unsplash-scaled.jpg\" \/>\n\t\t<meta property=\"og:image:width\" content=\"2560\" \/>\n\t\t<meta property=\"og:image:height\" content=\"1442\" \/>\n\t\t<meta property=\"article:published_time\" content=\"2023-10-31T14:11:32+00:00\" \/>\n\t\t<meta property=\"article:modified_time\" content=\"2023-10-31T14:11:32+00:00\" \/>\n\t\t<meta property=\"article:publisher\" content=\"https:\/\/www.facebook.com\/people\/Immoinvest\/100077962920504\/\" \/>\n\t\t<meta name=\"twitter:card\" content=\"summary_large_image\" \/>\n\t\t<meta name=\"twitter:site\" content=\"@i\" \/>\n\t\t<meta name=\"twitter:title\" content=\"Bergeller Bev\u00f6lkerung bef\u00fcrwortet vorzeitige Erneuerung der ewz-Konzession - immo!nvest - Die Plattform f\u00fcr Standorte und Immobilien\" \/>\n\t\t<meta name=\"twitter:description\" content=\"Am 26. Oktober 2023 hat die Bergeller Bev\u00f6lkerung in einer konsultativen Gemeindeabstimmung die vorzeitige Rekonzessionierung an ewz best\u00e4tigt. Dieser positive Entscheid zeigt das Vertrauen der Bev\u00f6lkerung in das Vorhaben.\" \/>\n\t\t<meta name=\"twitter:creator\" content=\"@i\" \/>\n\t\t<meta name=\"twitter:image\" content=\"https:\/\/www.immo-invest.ch\/wp-content\/uploads\/2023\/10\/christopher-politano-QCwiGB5F-HY-unsplash-scaled.jpg\" \/>\n\t\t<script type=\"application\/ld+json\" class=\"aioseo-schema\">\n\t\t\t{\"@context\":\"https:\\\/\\\/schema.org\",\"@graph\":[{\"@type\":\"BlogPosting\",\"@id\":\"https:\\\/\\\/www.immo-invest.ch\\\/en\\\/bergeller-bevoelkerung-befuerwortet-vorzeitige-erneuerung-der-ewz-konzession\\\/#blogposting\",\"name\":\"Bergeller Bev\\u00f6lkerung bef\\u00fcrwortet vorzeitige Erneuerung der ewz-Konzession - immo!nvest - Die Plattform f\\u00fcr Standorte und Immobilien\",\"headline\":\"Bergeller Bev\\u00f6lkerung bef\\u00fcrwortet vorzeitige Erneuerung der ewz-Konzession\",\"author\":{\"@id\":\"https:\\\/\\\/www.immo-invest.ch\\\/en\\\/author\\\/immovestuser\\\/#author\"},\"publisher\":{\"@id\":\"https:\\\/\\\/www.immo-invest.ch\\\/en\\\/#organization\"},\"image\":{\"@type\":\"ImageObject\",\"url\":\"https:\\\/\\\/www.immo-invest.ch\\\/wp-content\\\/uploads\\\/2023\\\/10\\\/christopher-politano-QCwiGB5F-HY-unsplash-scaled.jpg\",\"width\":2560,\"height\":1442},\"datePublished\":\"2023-10-31T15:11:32+01:00\",\"dateModified\":\"2023-10-31T15:11:32+01:00\",\"inLanguage\":\"en-US\",\"mainEntityOfPage\":{\"@id\":\"https:\\\/\\\/www.immo-invest.ch\\\/en\\\/bergeller-bevoelkerung-befuerwortet-vorzeitige-erneuerung-der-ewz-konzession\\\/#webpage\"},\"isPartOf\":{\"@id\":\"https:\\\/\\\/www.immo-invest.ch\\\/en\\\/bergeller-bevoelkerung-befuerwortet-vorzeitige-erneuerung-der-ewz-konzession\\\/#webpage\"},\"articleSection\":\"Energy, immoNews, Alpen, Energieproduktion, Gemeinde, Gew\\u00e4sser, Konzession, Schutz- und Nutzungsplanung, Stausee, Strom, Wasserkraftwerke, Optional\"},{\"@type\":\"BreadcrumbList\",\"@id\":\"https:\\\/\\\/www.immo-invest.ch\\\/en\\\/bergeller-bevoelkerung-befuerwortet-vorzeitige-erneuerung-der-ewz-konzession\\\/#breadcrumblist\",\"itemListElement\":[{\"@type\":\"ListItem\",\"@id\":\"https:\\\/\\\/www.immo-invest.ch\\\/en\\\/#listItem\",\"position\":1,\"name\":\"Home\",\"item\":\"https:\\\/\\\/www.immo-invest.ch\\\/en\\\/\",\"nextItem\":{\"@type\":\"ListItem\",\"@id\":\"https:\\\/\\\/www.immo-invest.ch\\\/en\\\/category\\\/immonews\\\/#listItem\",\"name\":\"immoNews\"}},{\"@type\":\"ListItem\",\"@id\":\"https:\\\/\\\/www.immo-invest.ch\\\/en\\\/category\\\/immonews\\\/#listItem\",\"position\":2,\"name\":\"immoNews\",\"item\":\"https:\\\/\\\/www.immo-invest.ch\\\/en\\\/category\\\/immonews\\\/\",\"nextItem\":{\"@type\":\"ListItem\",\"@id\":\"https:\\\/\\\/www.immo-invest.ch\\\/en\\\/bergeller-bevoelkerung-befuerwortet-vorzeitige-erneuerung-der-ewz-konzession\\\/#listItem\",\"name\":\"Bergeller Bev\\u00f6lkerung bef\\u00fcrwortet vorzeitige Erneuerung der ewz-Konzession\"},\"previousItem\":{\"@type\":\"ListItem\",\"@id\":\"https:\\\/\\\/www.immo-invest.ch\\\/en\\\/#listItem\",\"name\":\"Home\"}},{\"@type\":\"ListItem\",\"@id\":\"https:\\\/\\\/www.immo-invest.ch\\\/en\\\/bergeller-bevoelkerung-befuerwortet-vorzeitige-erneuerung-der-ewz-konzession\\\/#listItem\",\"position\":3,\"name\":\"Bergeller Bev\\u00f6lkerung bef\\u00fcrwortet vorzeitige Erneuerung der ewz-Konzession\",\"previousItem\":{\"@type\":\"ListItem\",\"@id\":\"https:\\\/\\\/www.immo-invest.ch\\\/en\\\/category\\\/immonews\\\/#listItem\",\"name\":\"immoNews\"}}]},{\"@type\":\"Organization\",\"@id\":\"https:\\\/\\\/www.immo-invest.ch\\\/en\\\/#organization\",\"name\":\"immo!nvest - Die Plattform f\\u00fcr Standorte und Immobilien\",\"description\":\"Die\\u00a0Plattform f\\u00fcr Standorte und Immobilien\",\"url\":\"https:\\\/\\\/www.immo-invest.ch\\\/en\\\/\",\"email\":\"admin@immomedia.ag\",\"telephone\":\"+41444420002\",\"logo\":{\"@type\":\"ImageObject\",\"url\":\"https:\\\/\\\/www.immo-invest.ch\\\/wp-content\\\/uploads\\\/2024\\\/09\\\/immoinvest_sm-scaled.jpg\",\"@id\":\"https:\\\/\\\/www.immo-invest.ch\\\/en\\\/bergeller-bevoelkerung-befuerwortet-vorzeitige-erneuerung-der-ewz-konzession\\\/#organizationLogo\",\"width\":2560,\"height\":1340},\"image\":{\"@id\":\"https:\\\/\\\/www.immo-invest.ch\\\/en\\\/bergeller-bevoelkerung-befuerwortet-vorzeitige-erneuerung-der-ewz-konzession\\\/#organizationLogo\"},\"sameAs\":[\"https:\\\/\\\/www.facebook.com\\\/people\\\/Immoinvest\\\/100077962920504\\\/\",\"https:\\\/\\\/x.com\\\/i\\\/flow\\\/login?redirect_after_login=immoinvest_ch\",\"https:\\\/\\\/www.instagram.com\\\/immoinvest_ch\\\/\",\"https:\\\/\\\/www.linkedin.com\\\/company\\\/immoinvest-swiss\"]},{\"@type\":\"Person\",\"@id\":\"https:\\\/\\\/www.immo-invest.ch\\\/en\\\/author\\\/immovestuser\\\/#author\",\"url\":\"https:\\\/\\\/www.immo-invest.ch\\\/en\\\/author\\\/immovestuser\\\/\",\"name\":\"immovestuser\",\"image\":{\"@type\":\"ImageObject\",\"@id\":\"https:\\\/\\\/www.immo-invest.ch\\\/en\\\/bergeller-bevoelkerung-befuerwortet-vorzeitige-erneuerung-der-ewz-konzession\\\/#authorImage\",\"url\":\"https:\\\/\\\/secure.gravatar.com\\\/avatar\\\/8e01f4d99f2eeea7a362ebb93305e1172a70e9293ba250f897a65c39f54cdd1e?s=96&d=mm&r=g\",\"width\":96,\"height\":96,\"caption\":\"immovestuser\"}},{\"@type\":\"WebPage\",\"@id\":\"https:\\\/\\\/www.immo-invest.ch\\\/en\\\/bergeller-bevoelkerung-befuerwortet-vorzeitige-erneuerung-der-ewz-konzession\\\/#webpage\",\"url\":\"https:\\\/\\\/www.immo-invest.ch\\\/en\\\/bergeller-bevoelkerung-befuerwortet-vorzeitige-erneuerung-der-ewz-konzession\\\/\",\"name\":\"Bergeller Bev\\u00f6lkerung bef\\u00fcrwortet vorzeitige Erneuerung der ewz-Konzession - immo!nvest - Die Plattform f\\u00fcr Standorte und Immobilien\",\"description\":\"Am 26. Oktober 2023 hat die Bergeller Bev\\u00f6lkerung in einer konsultativen Gemeindeabstimmung die vorzeitige Rekonzessionierung an ewz best\\u00e4tigt. Dieser positive Entscheid zeigt das Vertrauen der Bev\\u00f6lkerung in das Vorhaben.\",\"inLanguage\":\"en-US\",\"isPartOf\":{\"@id\":\"https:\\\/\\\/www.immo-invest.ch\\\/en\\\/#website\"},\"breadcrumb\":{\"@id\":\"https:\\\/\\\/www.immo-invest.ch\\\/en\\\/bergeller-bevoelkerung-befuerwortet-vorzeitige-erneuerung-der-ewz-konzession\\\/#breadcrumblist\"},\"author\":{\"@id\":\"https:\\\/\\\/www.immo-invest.ch\\\/en\\\/author\\\/immovestuser\\\/#author\"},\"creator\":{\"@id\":\"https:\\\/\\\/www.immo-invest.ch\\\/en\\\/author\\\/immovestuser\\\/#author\"},\"image\":{\"@type\":\"ImageObject\",\"url\":\"https:\\\/\\\/www.immo-invest.ch\\\/wp-content\\\/uploads\\\/2023\\\/10\\\/christopher-politano-QCwiGB5F-HY-unsplash-scaled.jpg\",\"@id\":\"https:\\\/\\\/www.immo-invest.ch\\\/en\\\/bergeller-bevoelkerung-befuerwortet-vorzeitige-erneuerung-der-ewz-konzession\\\/#mainImage\",\"width\":2560,\"height\":1442},\"primaryImageOfPage\":{\"@id\":\"https:\\\/\\\/www.immo-invest.ch\\\/en\\\/bergeller-bevoelkerung-befuerwortet-vorzeitige-erneuerung-der-ewz-konzession\\\/#mainImage\"},\"datePublished\":\"2023-10-31T15:11:32+01:00\",\"dateModified\":\"2023-10-31T15:11:32+01:00\"},{\"@type\":\"WebSite\",\"@id\":\"https:\\\/\\\/www.immo-invest.ch\\\/en\\\/#website\",\"url\":\"https:\\\/\\\/www.immo-invest.ch\\\/en\\\/\",\"name\":\"immo!nvest - Die Plattform f\\u00fcr Standorte und Immobilien\",\"description\":\"Die\\u00a0Plattform f\\u00fcr Standorte und Immobilien\",\"inLanguage\":\"en-US\",\"publisher\":{\"@id\":\"https:\\\/\\\/www.immo-invest.ch\\\/en\\\/#organization\"}}]}\n\t\t<\/script>\n\t\t<!-- All in One SEO -->\n\n","aioseo_head_json":{"title":"Bergeller Bev\u00f6lkerung bef\u00fcrwortet vorzeitige Erneuerung der ewz-Konzession - immo!nvest - Die Plattform f\u00fcr Standorte und Immobilien","description":"Am 26. Oktober 2023 hat die Bergeller Bev\u00f6lkerung in einer konsultativen Gemeindeabstimmung die vorzeitige Rekonzessionierung an ewz best\u00e4tigt. Dieser positive Entscheid zeigt das Vertrauen der Bev\u00f6lkerung in das Vorhaben.","canonical_url":"https:\/\/www.immo-invest.ch\/en\/bergeller-bevoelkerung-befuerwortet-vorzeitige-erneuerung-der-ewz-konzession\/","robots":"max-image-preview:large","keywords":"","webmasterTools":{"google-site-verification":"fHJKvgWpZCR2zVBHWfkQeFXC11qieUSff0HGNYfuyLA","miscellaneous":""},"schema":{"@context":"https:\/\/schema.org","@graph":[{"@type":"BlogPosting","@id":"https:\/\/www.immo-invest.ch\/en\/bergeller-bevoelkerung-befuerwortet-vorzeitige-erneuerung-der-ewz-konzession\/#blogposting","name":"Bergeller Bev\u00f6lkerung bef\u00fcrwortet vorzeitige Erneuerung der ewz-Konzession - immo!nvest - Die Plattform f\u00fcr Standorte und Immobilien","headline":"Bergeller Bev\u00f6lkerung bef\u00fcrwortet vorzeitige Erneuerung der ewz-Konzession","author":{"@id":"https:\/\/www.immo-invest.ch\/en\/author\/immovestuser\/#author"},"publisher":{"@id":"https:\/\/www.immo-invest.ch\/en\/#organization"},"image":{"@type":"ImageObject","url":"https:\/\/www.immo-invest.ch\/wp-content\/uploads\/2023\/10\/christopher-politano-QCwiGB5F-HY-unsplash-scaled.jpg","width":2560,"height":1442},"datePublished":"2023-10-31T15:11:32+01:00","dateModified":"2023-10-31T15:11:32+01:00","inLanguage":"en-US","mainEntityOfPage":{"@id":"https:\/\/www.immo-invest.ch\/en\/bergeller-bevoelkerung-befuerwortet-vorzeitige-erneuerung-der-ewz-konzession\/#webpage"},"isPartOf":{"@id":"https:\/\/www.immo-invest.ch\/en\/bergeller-bevoelkerung-befuerwortet-vorzeitige-erneuerung-der-ewz-konzession\/#webpage"},"articleSection":"Energy, immoNews, Alpen, Energieproduktion, Gemeinde, Gew\u00e4sser, Konzession, Schutz- und Nutzungsplanung, Stausee, Strom, Wasserkraftwerke, Optional"},{"@type":"BreadcrumbList","@id":"https:\/\/www.immo-invest.ch\/en\/bergeller-bevoelkerung-befuerwortet-vorzeitige-erneuerung-der-ewz-konzession\/#breadcrumblist","itemListElement":[{"@type":"ListItem","@id":"https:\/\/www.immo-invest.ch\/en\/#listItem","position":1,"name":"Home","item":"https:\/\/www.immo-invest.ch\/en\/","nextItem":{"@type":"ListItem","@id":"https:\/\/www.immo-invest.ch\/en\/category\/immonews\/#listItem","name":"immoNews"}},{"@type":"ListItem","@id":"https:\/\/www.immo-invest.ch\/en\/category\/immonews\/#listItem","position":2,"name":"immoNews","item":"https:\/\/www.immo-invest.ch\/en\/category\/immonews\/","nextItem":{"@type":"ListItem","@id":"https:\/\/www.immo-invest.ch\/en\/bergeller-bevoelkerung-befuerwortet-vorzeitige-erneuerung-der-ewz-konzession\/#listItem","name":"Bergeller Bev\u00f6lkerung bef\u00fcrwortet vorzeitige Erneuerung der ewz-Konzession"},"previousItem":{"@type":"ListItem","@id":"https:\/\/www.immo-invest.ch\/en\/#listItem","name":"Home"}},{"@type":"ListItem","@id":"https:\/\/www.immo-invest.ch\/en\/bergeller-bevoelkerung-befuerwortet-vorzeitige-erneuerung-der-ewz-konzession\/#listItem","position":3,"name":"Bergeller Bev\u00f6lkerung bef\u00fcrwortet vorzeitige Erneuerung der ewz-Konzession","previousItem":{"@type":"ListItem","@id":"https:\/\/www.immo-invest.ch\/en\/category\/immonews\/#listItem","name":"immoNews"}}]},{"@type":"Organization","@id":"https:\/\/www.immo-invest.ch\/en\/#organization","name":"immo!nvest - Die Plattform f\u00fcr Standorte und Immobilien","description":"Die\u00a0Plattform f\u00fcr Standorte und Immobilien","url":"https:\/\/www.immo-invest.ch\/en\/","email":"admin@immomedia.ag","telephone":"+41444420002","logo":{"@type":"ImageObject","url":"https:\/\/www.immo-invest.ch\/wp-content\/uploads\/2024\/09\/immoinvest_sm-scaled.jpg","@id":"https:\/\/www.immo-invest.ch\/en\/bergeller-bevoelkerung-befuerwortet-vorzeitige-erneuerung-der-ewz-konzession\/#organizationLogo","width":2560,"height":1340},"image":{"@id":"https:\/\/www.immo-invest.ch\/en\/bergeller-bevoelkerung-befuerwortet-vorzeitige-erneuerung-der-ewz-konzession\/#organizationLogo"},"sameAs":["https:\/\/www.facebook.com\/people\/Immoinvest\/100077962920504\/","https:\/\/x.com\/i\/flow\/login?redirect_after_login=immoinvest_ch","https:\/\/www.instagram.com\/immoinvest_ch\/","https:\/\/www.linkedin.com\/company\/immoinvest-swiss"]},{"@type":"Person","@id":"https:\/\/www.immo-invest.ch\/en\/author\/immovestuser\/#author","url":"https:\/\/www.immo-invest.ch\/en\/author\/immovestuser\/","name":"immovestuser","image":{"@type":"ImageObject","@id":"https:\/\/www.immo-invest.ch\/en\/bergeller-bevoelkerung-befuerwortet-vorzeitige-erneuerung-der-ewz-konzession\/#authorImage","url":"https:\/\/secure.gravatar.com\/avatar\/8e01f4d99f2eeea7a362ebb93305e1172a70e9293ba250f897a65c39f54cdd1e?s=96&d=mm&r=g","width":96,"height":96,"caption":"immovestuser"}},{"@type":"WebPage","@id":"https:\/\/www.immo-invest.ch\/en\/bergeller-bevoelkerung-befuerwortet-vorzeitige-erneuerung-der-ewz-konzession\/#webpage","url":"https:\/\/www.immo-invest.ch\/en\/bergeller-bevoelkerung-befuerwortet-vorzeitige-erneuerung-der-ewz-konzession\/","name":"Bergeller Bev\u00f6lkerung bef\u00fcrwortet vorzeitige Erneuerung der ewz-Konzession - immo!nvest - Die Plattform f\u00fcr Standorte und Immobilien","description":"Am 26. Oktober 2023 hat die Bergeller Bev\u00f6lkerung in einer konsultativen Gemeindeabstimmung die vorzeitige Rekonzessionierung an ewz best\u00e4tigt. Dieser positive Entscheid zeigt das Vertrauen der Bev\u00f6lkerung in das Vorhaben.","inLanguage":"en-US","isPartOf":{"@id":"https:\/\/www.immo-invest.ch\/en\/#website"},"breadcrumb":{"@id":"https:\/\/www.immo-invest.ch\/en\/bergeller-bevoelkerung-befuerwortet-vorzeitige-erneuerung-der-ewz-konzession\/#breadcrumblist"},"author":{"@id":"https:\/\/www.immo-invest.ch\/en\/author\/immovestuser\/#author"},"creator":{"@id":"https:\/\/www.immo-invest.ch\/en\/author\/immovestuser\/#author"},"image":{"@type":"ImageObject","url":"https:\/\/www.immo-invest.ch\/wp-content\/uploads\/2023\/10\/christopher-politano-QCwiGB5F-HY-unsplash-scaled.jpg","@id":"https:\/\/www.immo-invest.ch\/en\/bergeller-bevoelkerung-befuerwortet-vorzeitige-erneuerung-der-ewz-konzession\/#mainImage","width":2560,"height":1442},"primaryImageOfPage":{"@id":"https:\/\/www.immo-invest.ch\/en\/bergeller-bevoelkerung-befuerwortet-vorzeitige-erneuerung-der-ewz-konzession\/#mainImage"},"datePublished":"2023-10-31T15:11:32+01:00","dateModified":"2023-10-31T15:11:32+01:00"},{"@type":"WebSite","@id":"https:\/\/www.immo-invest.ch\/en\/#website","url":"https:\/\/www.immo-invest.ch\/en\/","name":"immo!nvest - Die Plattform f\u00fcr Standorte und Immobilien","description":"Die\u00a0Plattform f\u00fcr Standorte und Immobilien","inLanguage":"en-US","publisher":{"@id":"https:\/\/www.immo-invest.ch\/en\/#organization"}}]},"og:locale":"en_US","og:site_name":"immo!nvest - Die Plattform f\u00fcr Standorte und Immobilien - Die\u00a0Plattform f\u00fcr Standorte und Immobilien","og:type":"article","og:title":"Bergeller Bev\u00f6lkerung bef\u00fcrwortet vorzeitige Erneuerung der ewz-Konzession - immo!nvest - Die Plattform f\u00fcr Standorte und Immobilien","og:description":"Am 26. Oktober 2023 hat die Bergeller Bev\u00f6lkerung in einer konsultativen Gemeindeabstimmung die vorzeitige Rekonzessionierung an ewz best\u00e4tigt. Dieser positive Entscheid zeigt das Vertrauen der Bev\u00f6lkerung in das Vorhaben.","og:url":"https:\/\/www.immo-invest.ch\/en\/bergeller-bevoelkerung-befuerwortet-vorzeitige-erneuerung-der-ewz-konzession\/","og:image":"https:\/\/www.immo-invest.ch\/wp-content\/uploads\/2023\/10\/christopher-politano-QCwiGB5F-HY-unsplash-scaled.jpg","og:image:secure_url":"https:\/\/www.immo-invest.ch\/wp-content\/uploads\/2023\/10\/christopher-politano-QCwiGB5F-HY-unsplash-scaled.jpg","og:image:width":2560,"og:image:height":1442,"article:published_time":"2023-10-31T14:11:32+00:00","article:modified_time":"2023-10-31T14:11:32+00:00","article:publisher":"https:\/\/www.facebook.com\/people\/Immoinvest\/100077962920504\/","twitter:card":"summary_large_image","twitter:site":"@i","twitter:title":"Bergeller Bev\u00f6lkerung bef\u00fcrwortet vorzeitige Erneuerung der ewz-Konzession - immo!nvest - Die Plattform f\u00fcr Standorte und Immobilien","twitter:description":"Am 26. Oktober 2023 hat die Bergeller Bev\u00f6lkerung in einer konsultativen Gemeindeabstimmung die vorzeitige Rekonzessionierung an ewz best\u00e4tigt. Dieser positive Entscheid zeigt das Vertrauen der Bev\u00f6lkerung in das Vorhaben.","twitter:creator":"@i","twitter:image":"https:\/\/www.immo-invest.ch\/wp-content\/uploads\/2023\/10\/christopher-politano-QCwiGB5F-HY-unsplash-scaled.jpg"},"aioseo_meta_data":{"post_id":"66517","title":null,"description":null,"keywords":null,"keyphrases":null,"primary_term":null,"canonical_url":null,"og_title":null,"og_description":null,"og_object_type":"default","og_image_type":"default","og_image_url":null,"og_image_width":null,"og_image_height":null,"og_image_custom_url":null,"og_image_custom_fields":null,"og_video":null,"og_custom_url":null,"og_article_section":null,"og_article_tags":null,"twitter_use_og":false,"twitter_card":"default","twitter_image_type":"default","twitter_image_url":null,"twitter_image_custom_url":null,"twitter_image_custom_fields":null,"twitter_title":null,"twitter_description":null,"schema":{"blockGraphs":[],"customGraphs":[],"default":{"data":{"Article":[],"Course":[],"Dataset":[],"FAQPage":[],"Movie":[],"Person":[],"Product":[],"ProductReview":[],"Car":[],"Recipe":[],"Service":[],"SoftwareApplication":[],"WebPage":[]},"graphName":"","isEnabled":true},"graphs":[]},"schema_type":"default","schema_type_options":null,"pillar_content":false,"robots_default":true,"robots_noindex":false,"robots_noarchive":false,"robots_nosnippet":false,"robots_nofollow":false,"robots_noimageindex":false,"robots_noodp":false,"robots_notranslate":false,"robots_max_snippet":null,"robots_max_videopreview":null,"robots_max_imagepreview":"large","priority":null,"frequency":null,"local_seo":null,"breadcrumb_settings":null,"limit_modified_date":false,"ai":null,"created":"2024-09-20 11:23:00","updated":"2025-10-23 17:17:13","seo_analyzer_scan_date":null,"focus_keyword":null,"additional_keywords":null,"truseo_locale":null},"aioseo_breadcrumb":"<div class=\"aioseo-breadcrumbs\"><span class=\"aioseo-breadcrumb\">\n\t\t\t<a href=\"https:\/\/www.immo-invest.ch\/en\/\" title=\"Home\">Home<\/a>\n\t\t<\/span><span class=\"aioseo-breadcrumb-separator\">&raquo;<\/span><span class=\"aioseo-breadcrumb\">\n\t\t\t<a href=\"https:\/\/www.immo-invest.ch\/en\/category\/immonews\/\" title=\"immoNews\">immoNews<\/a>\n\t\t<\/span><span class=\"aioseo-breadcrumb-separator\">&raquo;<\/span><span class=\"aioseo-breadcrumb\">\n\t\t\tBergeller Bev\u00f6lkerung bef\u00fcrwortet vorzeitige Erneuerung der ewz-Konzession\n\t\t<\/span><\/div>","aioseo_breadcrumb_json":[{"label":"Home","link":"https:\/\/www.immo-invest.ch\/en\/"},{"label":"immoNews","link":"https:\/\/www.immo-invest.ch\/en\/category\/immonews\/"},{"label":"Bergeller Bev\u00f6lkerung bef\u00fcrwortet vorzeitige Erneuerung der ewz-Konzession","link":"https:\/\/www.immo-invest.ch\/en\/bergeller-bevoelkerung-befuerwortet-vorzeitige-erneuerung-der-ewz-konzession\/"}],"featured_image_src":"https:\/\/www.immo-invest.ch\/wp-content\/uploads\/2023\/10\/christopher-politano-QCwiGB5F-HY-unsplash-336x168.jpg","_links":{"self":[{"href":"https:\/\/www.immo-invest.ch\/en\/wp-json\/wp\/v2\/posts\/66517","targetHints":{"allow":["GET"]}}],"collection":[{"href":"https:\/\/www.immo-invest.ch\/en\/wp-json\/wp\/v2\/posts"}],"about":[{"href":"https:\/\/www.immo-invest.ch\/en\/wp-json\/wp\/v2\/types\/post"}],"author":[{"embeddable":true,"href":"https:\/\/www.immo-invest.ch\/en\/wp-json\/wp\/v2\/users\/2"}],"replies":[{"embeddable":true,"href":"https:\/\/www.immo-invest.ch\/en\/wp-json\/wp\/v2\/comments?post=66517"}],"version-history":[{"count":0,"href":"https:\/\/www.immo-invest.ch\/en\/wp-json\/wp\/v2\/posts\/66517\/revisions"}],"wp:featuredmedia":[{"embeddable":true,"href":"https:\/\/www.immo-invest.ch\/en\/wp-json\/wp\/v2\/media\/66500"}],"wp:attachment":[{"href":"https:\/\/www.immo-invest.ch\/en\/wp-json\/wp\/v2\/media?parent=66517"}],"wp:term":[{"taxonomy":"category","embeddable":true,"href":"https:\/\/www.immo-invest.ch\/en\/wp-json\/wp\/v2\/categories?post=66517"},{"taxonomy":"post_tag","embeddable":true,"href":"https:\/\/www.immo-invest.ch\/en\/wp-json\/wp\/v2\/tags?post=66517"}],"curies":[{"name":"wp","href":"https:\/\/api.w.org\/{rel}","templated":true}]}}