{"id":66026,"date":"2023-10-18T12:03:00","date_gmt":"2023-10-18T10:03:00","guid":{"rendered":"https:\/\/www.immo-invest.ch\/?p=66026"},"modified":"2023-10-18T10:58:33","modified_gmt":"2023-10-18T08:58:33","slug":"steiner-baut-basler-ex-ubs-gebaeude-um-und-aus","status":"publish","type":"post","link":"https:\/\/www.immo-invest.ch\/en\/steiner-baut-basler-ex-ubs-gebaeude-um-und-aus\/","title":{"rendered":"Steiner converts and expands Basel&#8217;s ex-UBS building"},"content":{"rendered":"<p class=\"bodytext\">The former UBS building at Aeschenplatz 6 in Basel will be further developed into a &ldquo;versatile urban building block&rdquo;. <a href=\"https:\/\/www.steiner.ch\/de.html\" target=\"_blank\" rel=\"noopener\">Steiner AG<\/a> announced this in a <a href=\"https:\/\/www.linkedin.com\/posts\/steiner-ag_aeschenplatz-6-linkedin-activity-7115776004303773697-Rvjm\/?utm_source=share&amp;utm_medium=member_desktop\" target=\"_blank\" rel=\"noopener\">message<\/a> on <span class=\"glossaryLink\" aria-describedby=\"tt\" data-cmtooltip=\"&lt;div class=glossaryItemTitle&gt;LinkedIn&lt;\/div&gt;&lt;div class=glossaryItemBody&gt;Social-Media-Plattform f&uuml;r Fach- und F&uuml;hrungskr&auml;fte&lt;\/div&gt;\" data-mobile-support=\"0\" data-gt-translate-attributes='[{\"attribute\":\"data-cmtooltip\", \"format\":\"html\"}]' tabindex=\"0\" role=\"link\">LinkedIn<\/span>. Through conversions and extensions, it will in future offer attractive space for living, working and relaxing for people of all ages and population groups.<\/p>\n<p class=\"bodytext\">&ldquo;Located in the pulsating heart of Basel, at the entrance to the city centre, within walking distance of the railway station and close to the St. Alban and Gellert quarters, this site represents an exciting challenge for us,&rdquo; says the Zurich-based <span class=\"glossaryLink\" aria-describedby=\"tt\" data-cmtooltip=\"&lt;div class=glossaryItemTitle&gt;Real Estate&lt;\/div&gt;&lt;div class=glossaryItemBody&gt;Engl. f&uuml;r Immobilien&lt;\/div&gt;\" data-mobile-support=\"0\" data-gt-translate-attributes='[{\"attribute\":\"data-cmtooltip\", \"format\":\"html\"}]' tabindex=\"0\" role=\"link\">real estate<\/span> service provider, which also has a location at this very Basel address.<\/p>\n<p class=\"bodytext\">According to the information provided, the project focuses on the efficient and careful use of resources. The planned preservation of the existing building will make a significant contribution to optimising the ecological footprint. The added new construction is intended to exploit previously unused potential and provide attractive, new living space.<\/p>\n<p class=\"bodytext\">During the development process, Steiner will provide continuous <a href=\"https:\/\/lnkd.in\/eghuPJQy\" target=\"_blank\" rel=\"noopener\">online<\/a> updates on the project. Construction is scheduled to begin in 2028, with completion planned for 2030.<\/p>\n","protected":false},"excerpt":{"rendered":"<p>Die Immobilienfirma und Totalunternehmerin Steiner AG k\u00fcndigt am Aeschenplatz 6 in Basel grosse Ver\u00e4nderungen an: Das ehemalige UBS-Geb\u00e4ude soll ab 2028 zu einem vielseitigen Stadtbaustein zum Wohnen, Arbeiten und Entspannen f\u00fcr alle Alters- und Bev\u00f6lkerungsgruppen werden.<\/p>\n","protected":false},"author":2,"featured_media":66021,"comment_status":"open","ping_status":"open","sticky":false,"template":"","format":"standard","meta":{"pmpro_default_level":"","inline_featured_image":false,"_monsterinsights_skip_tracking":false,"footnotes":""},"categories":[12494,22697,22358,12476],"tags":[13177,12536,12525,12526,12528,12988],"class_list":["post-66026","post","type-post","status-publish","format-standard","has-post-thumbnail","hentry","category-region-basel-en","category-company","category-construction","category-immonews","tag-basel-en","tag-bauwesen-en","tag-immoinvest-en","tag-immonews-en","tag-news-en","tag-ubs-en","pmpro-has-access"],"acf":{"bild_mit_ki_erstellt_worden":[],"lead":"Z\u00fcrich - Die Immobilienfirma und Totalunternehmerin Steiner AG k\u00fcndigt am Aeschenplatz 6 in Basel grosse Ver\u00e4nderungen an: Das ehemalige UBS-Geb\u00e4ude soll ab 2028 zu einem vielseitigen Stadtbaustein zum Wohnen, Arbeiten und Entspannen f\u00fcr alle Alters- und Bev\u00f6lkerungsgruppen werden.","autor":"ce\/mm","ort":"Z\u00fcrich","bildunterschrift":"","bild_im_grid":false,"gallerie":"","newsim":""},"aioseo_notices":[],"aioseo_head":"\n\t\t<!-- All in One SEO 5.0.0.1 - aioseo.com -->\n\t<meta name=\"description\" content=\"Die Immobilienfirma und Totalunternehmerin Steiner AG k\u00fcndigt am Aeschenplatz 6 in Basel grosse Ver\u00e4nderungen an: Das ehemalige UBS-Geb\u00e4ude soll ab 2028 zu einem vielseitigen Stadtbaustein zum Wohnen, Arbeiten und Entspannen f\u00fcr alle Alters- und Bev\u00f6lkerungsgruppen werden.\" \/>\n\t<meta name=\"robots\" content=\"max-image-preview:large\" \/>\n\t<meta name=\"author\" content=\"immovestuser\"\/>\n\t<meta name=\"google-site-verification\" content=\"fHJKvgWpZCR2zVBHWfkQeFXC11qieUSff0HGNYfuyLA\" \/>\n\t<link rel=\"canonical\" href=\"https:\/\/www.immo-invest.ch\/en\/steiner-baut-basler-ex-ubs-gebaeude-um-und-aus\/\" \/>\n\t<meta name=\"generator\" content=\"All in One SEO (AIOSEO) 5.0.0.1\" \/>\n\t\t<meta property=\"og:locale\" content=\"en_US\" \/>\n\t\t<meta property=\"og:site_name\" content=\"immo!nvest - Die Plattform f\u00fcr Standorte und Immobilien - Die\u00a0Plattform f\u00fcr Standorte und Immobilien\" \/>\n\t\t<meta property=\"og:type\" content=\"article\" \/>\n\t\t<meta property=\"og:title\" content=\"Steiner converts and expands Basel\u2019s ex-UBS building - immo!nvest - Die Plattform f\u00fcr Standorte und Immobilien\" \/>\n\t\t<meta property=\"og:description\" content=\"Die Immobilienfirma und Totalunternehmerin Steiner AG k\u00fcndigt am Aeschenplatz 6 in Basel grosse Ver\u00e4nderungen an: Das ehemalige UBS-Geb\u00e4ude soll ab 2028 zu einem vielseitigen Stadtbaustein zum Wohnen, Arbeiten und Entspannen f\u00fcr alle Alters- und Bev\u00f6lkerungsgruppen werden.\" \/>\n\t\t<meta property=\"og:url\" content=\"https:\/\/www.immo-invest.ch\/en\/steiner-baut-basler-ex-ubs-gebaeude-um-und-aus\/\" \/>\n\t\t<meta property=\"og:image\" content=\"https:\/\/www.immo-invest.ch\/wp-content\/uploads\/2023\/10\/architecture-22039_1280.jpg\" \/>\n\t\t<meta property=\"og:image:secure_url\" content=\"https:\/\/www.immo-invest.ch\/wp-content\/uploads\/2023\/10\/architecture-22039_1280.jpg\" \/>\n\t\t<meta property=\"og:image:width\" content=\"1280\" \/>\n\t\t<meta property=\"og:image:height\" content=\"853\" \/>\n\t\t<meta property=\"article:published_time\" content=\"2023-10-18T10:03:00+00:00\" \/>\n\t\t<meta property=\"article:modified_time\" content=\"2023-10-18T08:58:33+00:00\" \/>\n\t\t<meta property=\"article:publisher\" content=\"https:\/\/www.facebook.com\/people\/Immoinvest\/100077962920504\/\" \/>\n\t\t<meta name=\"twitter:card\" content=\"summary_large_image\" \/>\n\t\t<meta name=\"twitter:site\" content=\"@i\" \/>\n\t\t<meta name=\"twitter:title\" content=\"Steiner converts and expands Basel\u2019s ex-UBS building - immo!nvest - Die Plattform f\u00fcr Standorte und Immobilien\" \/>\n\t\t<meta name=\"twitter:description\" content=\"Die Immobilienfirma und Totalunternehmerin Steiner AG k\u00fcndigt am Aeschenplatz 6 in Basel grosse Ver\u00e4nderungen an: Das ehemalige UBS-Geb\u00e4ude soll ab 2028 zu einem vielseitigen Stadtbaustein zum Wohnen, Arbeiten und Entspannen f\u00fcr alle Alters- und Bev\u00f6lkerungsgruppen werden.\" \/>\n\t\t<meta name=\"twitter:creator\" content=\"@i\" \/>\n\t\t<meta name=\"twitter:image\" content=\"https:\/\/www.immo-invest.ch\/wp-content\/uploads\/2023\/10\/architecture-22039_1280.jpg\" \/>\n\t\t<script type=\"application\/ld+json\" class=\"aioseo-schema\">\n\t\t\t{\"@context\":\"https:\\\/\\\/schema.org\",\"@graph\":[{\"@type\":\"BlogPosting\",\"@id\":\"https:\\\/\\\/www.immo-invest.ch\\\/en\\\/steiner-baut-basler-ex-ubs-gebaeude-um-und-aus\\\/#blogposting\",\"name\":\"Steiner converts and expands Basel\\u2019s ex-UBS building - immo!nvest - Die Plattform f\\u00fcr Standorte und Immobilien\",\"headline\":\"Steiner converts and expands Basel&#8217;s ex-UBS building\",\"author\":{\"@id\":\"https:\\\/\\\/www.immo-invest.ch\\\/en\\\/author\\\/immovestuser\\\/#author\"},\"publisher\":{\"@id\":\"https:\\\/\\\/www.immo-invest.ch\\\/en\\\/#organization\"},\"image\":{\"@type\":\"ImageObject\",\"url\":\"https:\\\/\\\/www.immo-invest.ch\\\/wp-content\\\/uploads\\\/2023\\\/10\\\/architecture-22039_1280.jpg\",\"width\":1280,\"height\":853},\"datePublished\":\"2023-10-18T12:03:00+02:00\",\"dateModified\":\"2023-10-18T10:58:33+02:00\",\"inLanguage\":\"en-US\",\"mainEntityOfPage\":{\"@id\":\"https:\\\/\\\/www.immo-invest.ch\\\/en\\\/steiner-baut-basler-ex-ubs-gebaeude-um-und-aus\\\/#webpage\"},\"isPartOf\":{\"@id\":\"https:\\\/\\\/www.immo-invest.ch\\\/en\\\/steiner-baut-basler-ex-ubs-gebaeude-um-und-aus\\\/#webpage\"},\"articleSection\":\"Basel, Company, Construction, immoNews, Basel, Bauwesen, Immoinvest, immoNews, News, UBS, Optional\"},{\"@type\":\"BreadcrumbList\",\"@id\":\"https:\\\/\\\/www.immo-invest.ch\\\/en\\\/steiner-baut-basler-ex-ubs-gebaeude-um-und-aus\\\/#breadcrumblist\",\"itemListElement\":[{\"@type\":\"ListItem\",\"@id\":\"https:\\\/\\\/www.immo-invest.ch\\\/en\\\/#listItem\",\"position\":1,\"name\":\"Home\",\"item\":\"https:\\\/\\\/www.immo-invest.ch\\\/en\\\/\",\"nextItem\":{\"@type\":\"ListItem\",\"@id\":\"https:\\\/\\\/www.immo-invest.ch\\\/en\\\/category\\\/regions-en\\\/#listItem\",\"name\":\"Regions\"}},{\"@type\":\"ListItem\",\"@id\":\"https:\\\/\\\/www.immo-invest.ch\\\/en\\\/category\\\/regions-en\\\/#listItem\",\"position\":2,\"name\":\"Regions\",\"item\":\"https:\\\/\\\/www.immo-invest.ch\\\/en\\\/category\\\/regions-en\\\/\",\"nextItem\":{\"@type\":\"ListItem\",\"@id\":\"https:\\\/\\\/www.immo-invest.ch\\\/en\\\/category\\\/regions-en\\\/switzerland\\\/#listItem\",\"name\":\"Switzerland\"},\"previousItem\":{\"@type\":\"ListItem\",\"@id\":\"https:\\\/\\\/www.immo-invest.ch\\\/en\\\/#listItem\",\"name\":\"Home\"}},{\"@type\":\"ListItem\",\"@id\":\"https:\\\/\\\/www.immo-invest.ch\\\/en\\\/category\\\/regions-en\\\/switzerland\\\/#listItem\",\"position\":3,\"name\":\"Switzerland\",\"item\":\"https:\\\/\\\/www.immo-invest.ch\\\/en\\\/category\\\/regions-en\\\/switzerland\\\/\",\"nextItem\":{\"@type\":\"ListItem\",\"@id\":\"https:\\\/\\\/www.immo-invest.ch\\\/en\\\/category\\\/regions-en\\\/switzerland\\\/northwestern-switzerland\\\/#listItem\",\"name\":\"Northwestern Switzerland\"},\"previousItem\":{\"@type\":\"ListItem\",\"@id\":\"https:\\\/\\\/www.immo-invest.ch\\\/en\\\/category\\\/regions-en\\\/#listItem\",\"name\":\"Regions\"}},{\"@type\":\"ListItem\",\"@id\":\"https:\\\/\\\/www.immo-invest.ch\\\/en\\\/category\\\/regions-en\\\/switzerland\\\/northwestern-switzerland\\\/#listItem\",\"position\":4,\"name\":\"Northwestern Switzerland\",\"item\":\"https:\\\/\\\/www.immo-invest.ch\\\/en\\\/category\\\/regions-en\\\/switzerland\\\/northwestern-switzerland\\\/\",\"nextItem\":{\"@type\":\"ListItem\",\"@id\":\"https:\\\/\\\/www.immo-invest.ch\\\/en\\\/category\\\/regions-en\\\/switzerland\\\/northwestern-switzerland\\\/region-basel-en\\\/#listItem\",\"name\":\"Basel\"},\"previousItem\":{\"@type\":\"ListItem\",\"@id\":\"https:\\\/\\\/www.immo-invest.ch\\\/en\\\/category\\\/regions-en\\\/switzerland\\\/#listItem\",\"name\":\"Switzerland\"}},{\"@type\":\"ListItem\",\"@id\":\"https:\\\/\\\/www.immo-invest.ch\\\/en\\\/category\\\/regions-en\\\/switzerland\\\/northwestern-switzerland\\\/region-basel-en\\\/#listItem\",\"position\":5,\"name\":\"Basel\",\"item\":\"https:\\\/\\\/www.immo-invest.ch\\\/en\\\/category\\\/regions-en\\\/switzerland\\\/northwestern-switzerland\\\/region-basel-en\\\/\",\"nextItem\":{\"@type\":\"ListItem\",\"@id\":\"https:\\\/\\\/www.immo-invest.ch\\\/en\\\/steiner-baut-basler-ex-ubs-gebaeude-um-und-aus\\\/#listItem\",\"name\":\"Steiner converts and expands Basel&#8217;s ex-UBS building\"},\"previousItem\":{\"@type\":\"ListItem\",\"@id\":\"https:\\\/\\\/www.immo-invest.ch\\\/en\\\/category\\\/regions-en\\\/switzerland\\\/northwestern-switzerland\\\/#listItem\",\"name\":\"Northwestern Switzerland\"}},{\"@type\":\"ListItem\",\"@id\":\"https:\\\/\\\/www.immo-invest.ch\\\/en\\\/steiner-baut-basler-ex-ubs-gebaeude-um-und-aus\\\/#listItem\",\"position\":6,\"name\":\"Steiner converts and expands Basel&#8217;s ex-UBS building\",\"previousItem\":{\"@type\":\"ListItem\",\"@id\":\"https:\\\/\\\/www.immo-invest.ch\\\/en\\\/category\\\/regions-en\\\/switzerland\\\/northwestern-switzerland\\\/region-basel-en\\\/#listItem\",\"name\":\"Basel\"}}]},{\"@type\":\"Organization\",\"@id\":\"https:\\\/\\\/www.immo-invest.ch\\\/en\\\/#organization\",\"name\":\"immo!nvest - Die Plattform f\\u00fcr Standorte und Immobilien\",\"description\":\"Die\\u00a0Plattform f\\u00fcr Standorte und Immobilien\",\"url\":\"https:\\\/\\\/www.immo-invest.ch\\\/en\\\/\",\"email\":\"admin@immomedia.ag\",\"telephone\":\"+41444420002\",\"logo\":{\"@type\":\"ImageObject\",\"url\":\"https:\\\/\\\/www.immo-invest.ch\\\/wp-content\\\/uploads\\\/2024\\\/09\\\/immoinvest_sm-scaled.jpg\",\"@id\":\"https:\\\/\\\/www.immo-invest.ch\\\/en\\\/steiner-baut-basler-ex-ubs-gebaeude-um-und-aus\\\/#organizationLogo\",\"width\":2560,\"height\":1340},\"image\":{\"@id\":\"https:\\\/\\\/www.immo-invest.ch\\\/en\\\/steiner-baut-basler-ex-ubs-gebaeude-um-und-aus\\\/#organizationLogo\"},\"sameAs\":[\"https:\\\/\\\/www.facebook.com\\\/people\\\/Immoinvest\\\/100077962920504\\\/\",\"https:\\\/\\\/x.com\\\/i\\\/flow\\\/login?redirect_after_login=immoinvest_ch\",\"https:\\\/\\\/www.instagram.com\\\/immoinvest_ch\\\/\",\"https:\\\/\\\/www.linkedin.com\\\/company\\\/immoinvest-swiss\"]},{\"@type\":\"Person\",\"@id\":\"https:\\\/\\\/www.immo-invest.ch\\\/en\\\/author\\\/immovestuser\\\/#author\",\"url\":\"https:\\\/\\\/www.immo-invest.ch\\\/en\\\/author\\\/immovestuser\\\/\",\"name\":\"immovestuser\",\"image\":{\"@type\":\"ImageObject\",\"@id\":\"https:\\\/\\\/www.immo-invest.ch\\\/en\\\/steiner-baut-basler-ex-ubs-gebaeude-um-und-aus\\\/#authorImage\",\"url\":\"https:\\\/\\\/secure.gravatar.com\\\/avatar\\\/8e01f4d99f2eeea7a362ebb93305e1172a70e9293ba250f897a65c39f54cdd1e?s=96&d=mm&r=g\",\"width\":96,\"height\":96,\"caption\":\"immovestuser\"}},{\"@type\":\"WebPage\",\"@id\":\"https:\\\/\\\/www.immo-invest.ch\\\/en\\\/steiner-baut-basler-ex-ubs-gebaeude-um-und-aus\\\/#webpage\",\"url\":\"https:\\\/\\\/www.immo-invest.ch\\\/en\\\/steiner-baut-basler-ex-ubs-gebaeude-um-und-aus\\\/\",\"name\":\"Steiner converts and expands Basel\\u2019s ex-UBS building - immo!nvest - Die Plattform f\\u00fcr Standorte und Immobilien\",\"description\":\"Die Immobilienfirma und Totalunternehmerin Steiner AG k\\u00fcndigt am Aeschenplatz 6 in Basel grosse Ver\\u00e4nderungen an: Das ehemalige UBS-Geb\\u00e4ude soll ab 2028 zu einem vielseitigen Stadtbaustein zum Wohnen, Arbeiten und Entspannen f\\u00fcr alle Alters- und Bev\\u00f6lkerungsgruppen werden.\",\"inLanguage\":\"en-US\",\"isPartOf\":{\"@id\":\"https:\\\/\\\/www.immo-invest.ch\\\/en\\\/#website\"},\"breadcrumb\":{\"@id\":\"https:\\\/\\\/www.immo-invest.ch\\\/en\\\/steiner-baut-basler-ex-ubs-gebaeude-um-und-aus\\\/#breadcrumblist\"},\"author\":{\"@id\":\"https:\\\/\\\/www.immo-invest.ch\\\/en\\\/author\\\/immovestuser\\\/#author\"},\"creator\":{\"@id\":\"https:\\\/\\\/www.immo-invest.ch\\\/en\\\/author\\\/immovestuser\\\/#author\"},\"image\":{\"@type\":\"ImageObject\",\"url\":\"https:\\\/\\\/www.immo-invest.ch\\\/wp-content\\\/uploads\\\/2023\\\/10\\\/architecture-22039_1280.jpg\",\"@id\":\"https:\\\/\\\/www.immo-invest.ch\\\/en\\\/steiner-baut-basler-ex-ubs-gebaeude-um-und-aus\\\/#mainImage\",\"width\":1280,\"height\":853},\"primaryImageOfPage\":{\"@id\":\"https:\\\/\\\/www.immo-invest.ch\\\/en\\\/steiner-baut-basler-ex-ubs-gebaeude-um-und-aus\\\/#mainImage\"},\"datePublished\":\"2023-10-18T12:03:00+02:00\",\"dateModified\":\"2023-10-18T10:58:33+02:00\"},{\"@type\":\"WebSite\",\"@id\":\"https:\\\/\\\/www.immo-invest.ch\\\/en\\\/#website\",\"url\":\"https:\\\/\\\/www.immo-invest.ch\\\/en\\\/\",\"name\":\"immo!nvest - Die Plattform f\\u00fcr Standorte und Immobilien\",\"description\":\"Die\\u00a0Plattform f\\u00fcr Standorte und Immobilien\",\"inLanguage\":\"en-US\",\"publisher\":{\"@id\":\"https:\\\/\\\/www.immo-invest.ch\\\/en\\\/#organization\"}}]}\n\t\t<\/script>\n\t\t<!-- All in One SEO -->\n\n","aioseo_head_json":{"title":"Steiner converts and expands Basel\u2019s ex-UBS building - immo!nvest - Die Plattform f\u00fcr Standorte und Immobilien","description":"Die Immobilienfirma und Totalunternehmerin Steiner AG k\u00fcndigt am Aeschenplatz 6 in Basel grosse Ver\u00e4nderungen an: Das ehemalige UBS-Geb\u00e4ude soll ab 2028 zu einem vielseitigen Stadtbaustein zum Wohnen, Arbeiten und Entspannen f\u00fcr alle Alters- und Bev\u00f6lkerungsgruppen werden.","canonical_url":"https:\/\/www.immo-invest.ch\/en\/steiner-baut-basler-ex-ubs-gebaeude-um-und-aus\/","robots":"max-image-preview:large","keywords":"","webmasterTools":{"google-site-verification":"fHJKvgWpZCR2zVBHWfkQeFXC11qieUSff0HGNYfuyLA","miscellaneous":""},"schema":{"@context":"https:\/\/schema.org","@graph":[{"@type":"BlogPosting","@id":"https:\/\/www.immo-invest.ch\/en\/steiner-baut-basler-ex-ubs-gebaeude-um-und-aus\/#blogposting","name":"Steiner converts and expands Basel\u2019s ex-UBS building - immo!nvest - Die Plattform f\u00fcr Standorte und Immobilien","headline":"Steiner converts and expands Basel&#8217;s ex-UBS building","author":{"@id":"https:\/\/www.immo-invest.ch\/en\/author\/immovestuser\/#author"},"publisher":{"@id":"https:\/\/www.immo-invest.ch\/en\/#organization"},"image":{"@type":"ImageObject","url":"https:\/\/www.immo-invest.ch\/wp-content\/uploads\/2023\/10\/architecture-22039_1280.jpg","width":1280,"height":853},"datePublished":"2023-10-18T12:03:00+02:00","dateModified":"2023-10-18T10:58:33+02:00","inLanguage":"en-US","mainEntityOfPage":{"@id":"https:\/\/www.immo-invest.ch\/en\/steiner-baut-basler-ex-ubs-gebaeude-um-und-aus\/#webpage"},"isPartOf":{"@id":"https:\/\/www.immo-invest.ch\/en\/steiner-baut-basler-ex-ubs-gebaeude-um-und-aus\/#webpage"},"articleSection":"Basel, Company, Construction, immoNews, Basel, Bauwesen, Immoinvest, immoNews, News, UBS, Optional"},{"@type":"BreadcrumbList","@id":"https:\/\/www.immo-invest.ch\/en\/steiner-baut-basler-ex-ubs-gebaeude-um-und-aus\/#breadcrumblist","itemListElement":[{"@type":"ListItem","@id":"https:\/\/www.immo-invest.ch\/en\/#listItem","position":1,"name":"Home","item":"https:\/\/www.immo-invest.ch\/en\/","nextItem":{"@type":"ListItem","@id":"https:\/\/www.immo-invest.ch\/en\/category\/regions-en\/#listItem","name":"Regions"}},{"@type":"ListItem","@id":"https:\/\/www.immo-invest.ch\/en\/category\/regions-en\/#listItem","position":2,"name":"Regions","item":"https:\/\/www.immo-invest.ch\/en\/category\/regions-en\/","nextItem":{"@type":"ListItem","@id":"https:\/\/www.immo-invest.ch\/en\/category\/regions-en\/switzerland\/#listItem","name":"Switzerland"},"previousItem":{"@type":"ListItem","@id":"https:\/\/www.immo-invest.ch\/en\/#listItem","name":"Home"}},{"@type":"ListItem","@id":"https:\/\/www.immo-invest.ch\/en\/category\/regions-en\/switzerland\/#listItem","position":3,"name":"Switzerland","item":"https:\/\/www.immo-invest.ch\/en\/category\/regions-en\/switzerland\/","nextItem":{"@type":"ListItem","@id":"https:\/\/www.immo-invest.ch\/en\/category\/regions-en\/switzerland\/northwestern-switzerland\/#listItem","name":"Northwestern Switzerland"},"previousItem":{"@type":"ListItem","@id":"https:\/\/www.immo-invest.ch\/en\/category\/regions-en\/#listItem","name":"Regions"}},{"@type":"ListItem","@id":"https:\/\/www.immo-invest.ch\/en\/category\/regions-en\/switzerland\/northwestern-switzerland\/#listItem","position":4,"name":"Northwestern Switzerland","item":"https:\/\/www.immo-invest.ch\/en\/category\/regions-en\/switzerland\/northwestern-switzerland\/","nextItem":{"@type":"ListItem","@id":"https:\/\/www.immo-invest.ch\/en\/category\/regions-en\/switzerland\/northwestern-switzerland\/region-basel-en\/#listItem","name":"Basel"},"previousItem":{"@type":"ListItem","@id":"https:\/\/www.immo-invest.ch\/en\/category\/regions-en\/switzerland\/#listItem","name":"Switzerland"}},{"@type":"ListItem","@id":"https:\/\/www.immo-invest.ch\/en\/category\/regions-en\/switzerland\/northwestern-switzerland\/region-basel-en\/#listItem","position":5,"name":"Basel","item":"https:\/\/www.immo-invest.ch\/en\/category\/regions-en\/switzerland\/northwestern-switzerland\/region-basel-en\/","nextItem":{"@type":"ListItem","@id":"https:\/\/www.immo-invest.ch\/en\/steiner-baut-basler-ex-ubs-gebaeude-um-und-aus\/#listItem","name":"Steiner converts and expands Basel&#8217;s ex-UBS building"},"previousItem":{"@type":"ListItem","@id":"https:\/\/www.immo-invest.ch\/en\/category\/regions-en\/switzerland\/northwestern-switzerland\/#listItem","name":"Northwestern Switzerland"}},{"@type":"ListItem","@id":"https:\/\/www.immo-invest.ch\/en\/steiner-baut-basler-ex-ubs-gebaeude-um-und-aus\/#listItem","position":6,"name":"Steiner converts and expands Basel&#8217;s ex-UBS building","previousItem":{"@type":"ListItem","@id":"https:\/\/www.immo-invest.ch\/en\/category\/regions-en\/switzerland\/northwestern-switzerland\/region-basel-en\/#listItem","name":"Basel"}}]},{"@type":"Organization","@id":"https:\/\/www.immo-invest.ch\/en\/#organization","name":"immo!nvest - Die Plattform f\u00fcr Standorte und Immobilien","description":"Die\u00a0Plattform f\u00fcr Standorte und Immobilien","url":"https:\/\/www.immo-invest.ch\/en\/","email":"admin@immomedia.ag","telephone":"+41444420002","logo":{"@type":"ImageObject","url":"https:\/\/www.immo-invest.ch\/wp-content\/uploads\/2024\/09\/immoinvest_sm-scaled.jpg","@id":"https:\/\/www.immo-invest.ch\/en\/steiner-baut-basler-ex-ubs-gebaeude-um-und-aus\/#organizationLogo","width":2560,"height":1340},"image":{"@id":"https:\/\/www.immo-invest.ch\/en\/steiner-baut-basler-ex-ubs-gebaeude-um-und-aus\/#organizationLogo"},"sameAs":["https:\/\/www.facebook.com\/people\/Immoinvest\/100077962920504\/","https:\/\/x.com\/i\/flow\/login?redirect_after_login=immoinvest_ch","https:\/\/www.instagram.com\/immoinvest_ch\/","https:\/\/www.linkedin.com\/company\/immoinvest-swiss"]},{"@type":"Person","@id":"https:\/\/www.immo-invest.ch\/en\/author\/immovestuser\/#author","url":"https:\/\/www.immo-invest.ch\/en\/author\/immovestuser\/","name":"immovestuser","image":{"@type":"ImageObject","@id":"https:\/\/www.immo-invest.ch\/en\/steiner-baut-basler-ex-ubs-gebaeude-um-und-aus\/#authorImage","url":"https:\/\/secure.gravatar.com\/avatar\/8e01f4d99f2eeea7a362ebb93305e1172a70e9293ba250f897a65c39f54cdd1e?s=96&d=mm&r=g","width":96,"height":96,"caption":"immovestuser"}},{"@type":"WebPage","@id":"https:\/\/www.immo-invest.ch\/en\/steiner-baut-basler-ex-ubs-gebaeude-um-und-aus\/#webpage","url":"https:\/\/www.immo-invest.ch\/en\/steiner-baut-basler-ex-ubs-gebaeude-um-und-aus\/","name":"Steiner converts and expands Basel\u2019s ex-UBS building - immo!nvest - Die Plattform f\u00fcr Standorte und Immobilien","description":"Die Immobilienfirma und Totalunternehmerin Steiner AG k\u00fcndigt am Aeschenplatz 6 in Basel grosse Ver\u00e4nderungen an: Das ehemalige UBS-Geb\u00e4ude soll ab 2028 zu einem vielseitigen Stadtbaustein zum Wohnen, Arbeiten und Entspannen f\u00fcr alle Alters- und Bev\u00f6lkerungsgruppen werden.","inLanguage":"en-US","isPartOf":{"@id":"https:\/\/www.immo-invest.ch\/en\/#website"},"breadcrumb":{"@id":"https:\/\/www.immo-invest.ch\/en\/steiner-baut-basler-ex-ubs-gebaeude-um-und-aus\/#breadcrumblist"},"author":{"@id":"https:\/\/www.immo-invest.ch\/en\/author\/immovestuser\/#author"},"creator":{"@id":"https:\/\/www.immo-invest.ch\/en\/author\/immovestuser\/#author"},"image":{"@type":"ImageObject","url":"https:\/\/www.immo-invest.ch\/wp-content\/uploads\/2023\/10\/architecture-22039_1280.jpg","@id":"https:\/\/www.immo-invest.ch\/en\/steiner-baut-basler-ex-ubs-gebaeude-um-und-aus\/#mainImage","width":1280,"height":853},"primaryImageOfPage":{"@id":"https:\/\/www.immo-invest.ch\/en\/steiner-baut-basler-ex-ubs-gebaeude-um-und-aus\/#mainImage"},"datePublished":"2023-10-18T12:03:00+02:00","dateModified":"2023-10-18T10:58:33+02:00"},{"@type":"WebSite","@id":"https:\/\/www.immo-invest.ch\/en\/#website","url":"https:\/\/www.immo-invest.ch\/en\/","name":"immo!nvest - Die Plattform f\u00fcr Standorte und Immobilien","description":"Die\u00a0Plattform f\u00fcr Standorte und Immobilien","inLanguage":"en-US","publisher":{"@id":"https:\/\/www.immo-invest.ch\/en\/#organization"}}]},"og:locale":"en_US","og:site_name":"immo!nvest - Die Plattform f\u00fcr Standorte und Immobilien - Die\u00a0Plattform f\u00fcr Standorte und Immobilien","og:type":"article","og:title":"Steiner converts and expands Basel\u2019s ex-UBS building - immo!nvest - Die Plattform f\u00fcr Standorte und Immobilien","og:description":"Die Immobilienfirma und Totalunternehmerin Steiner AG k\u00fcndigt am Aeschenplatz 6 in Basel grosse Ver\u00e4nderungen an: Das ehemalige UBS-Geb\u00e4ude soll ab 2028 zu einem vielseitigen Stadtbaustein zum Wohnen, Arbeiten und Entspannen f\u00fcr alle Alters- und Bev\u00f6lkerungsgruppen werden.","og:url":"https:\/\/www.immo-invest.ch\/en\/steiner-baut-basler-ex-ubs-gebaeude-um-und-aus\/","og:image":"https:\/\/www.immo-invest.ch\/wp-content\/uploads\/2023\/10\/architecture-22039_1280.jpg","og:image:secure_url":"https:\/\/www.immo-invest.ch\/wp-content\/uploads\/2023\/10\/architecture-22039_1280.jpg","og:image:width":1280,"og:image:height":853,"article:published_time":"2023-10-18T10:03:00+00:00","article:modified_time":"2023-10-18T08:58:33+00:00","article:publisher":"https:\/\/www.facebook.com\/people\/Immoinvest\/100077962920504\/","twitter:card":"summary_large_image","twitter:site":"@i","twitter:title":"Steiner converts and expands Basel\u2019s ex-UBS building - immo!nvest - Die Plattform f\u00fcr Standorte und Immobilien","twitter:description":"Die Immobilienfirma und Totalunternehmerin Steiner AG k\u00fcndigt am Aeschenplatz 6 in Basel grosse Ver\u00e4nderungen an: Das ehemalige UBS-Geb\u00e4ude soll ab 2028 zu einem vielseitigen Stadtbaustein zum Wohnen, Arbeiten und Entspannen f\u00fcr alle Alters- und Bev\u00f6lkerungsgruppen werden.","twitter:creator":"@i","twitter:image":"https:\/\/www.immo-invest.ch\/wp-content\/uploads\/2023\/10\/architecture-22039_1280.jpg"},"aioseo_meta_data":{"post_id":"66026","title":null,"description":null,"keywords":null,"keyphrases":null,"primary_term":null,"canonical_url":null,"og_title":null,"og_description":null,"og_object_type":"default","og_image_type":"default","og_image_url":null,"og_image_width":null,"og_image_height":null,"og_image_custom_url":null,"og_image_custom_fields":null,"og_video":null,"og_custom_url":null,"og_article_section":null,"og_article_tags":null,"twitter_use_og":false,"twitter_card":"default","twitter_image_type":"default","twitter_image_url":null,"twitter_image_custom_url":null,"twitter_image_custom_fields":null,"twitter_title":null,"twitter_description":null,"schema":{"blockGraphs":[],"customGraphs":[],"default":{"data":{"Article":[],"Course":[],"Dataset":[],"FAQPage":[],"Movie":[],"Person":[],"Product":[],"ProductReview":[],"Car":[],"Recipe":[],"Service":[],"SoftwareApplication":[],"WebPage":[]},"graphName":"","isEnabled":true},"graphs":[]},"schema_type":"default","schema_type_options":null,"pillar_content":false,"robots_default":true,"robots_noindex":false,"robots_noarchive":false,"robots_nosnippet":false,"robots_nofollow":false,"robots_noimageindex":false,"robots_noodp":false,"robots_notranslate":false,"robots_max_snippet":null,"robots_max_videopreview":null,"robots_max_imagepreview":"large","priority":null,"frequency":null,"local_seo":null,"breadcrumb_settings":null,"limit_modified_date":false,"ai":null,"created":"2024-09-20 11:03:59","updated":"2025-10-23 16:58:12","seo_analyzer_scan_date":null,"focus_keyword":null,"additional_keywords":null,"truseo_locale":null},"aioseo_breadcrumb":"<div class=\"aioseo-breadcrumbs\"><span class=\"aioseo-breadcrumb\">\n\t\t\t<a href=\"https:\/\/www.immo-invest.ch\/en\/\" title=\"Home\">Home<\/a>\n\t\t<\/span><span class=\"aioseo-breadcrumb-separator\">&raquo;<\/span><span class=\"aioseo-breadcrumb\">\n\t\t\t<a href=\"https:\/\/www.immo-invest.ch\/en\/category\/regions-en\/\" title=\"Regions\">Regions<\/a>\n\t\t<\/span><span class=\"aioseo-breadcrumb-separator\">&raquo;<\/span><span class=\"aioseo-breadcrumb\">\n\t\t\t<a href=\"https:\/\/www.immo-invest.ch\/en\/category\/regions-en\/switzerland\/\" title=\"Switzerland\">Switzerland<\/a>\n\t\t<\/span><span class=\"aioseo-breadcrumb-separator\">&raquo;<\/span><span class=\"aioseo-breadcrumb\">\n\t\t\t<a href=\"https:\/\/www.immo-invest.ch\/en\/category\/regions-en\/switzerland\/northwestern-switzerland\/\" title=\"Northwestern Switzerland\">Northwestern Switzerland<\/a>\n\t\t<\/span><span class=\"aioseo-breadcrumb-separator\">&raquo;<\/span><span class=\"aioseo-breadcrumb\">\n\t\t\t<a href=\"https:\/\/www.immo-invest.ch\/en\/category\/regions-en\/switzerland\/northwestern-switzerland\/region-basel-en\/\" title=\"Basel\">Basel<\/a>\n\t\t<\/span><span class=\"aioseo-breadcrumb-separator\">&raquo;<\/span><span class=\"aioseo-breadcrumb\">\n\t\t\tSteiner converts and expands Basel\u2019s ex-UBS building\n\t\t<\/span><\/div>","aioseo_breadcrumb_json":[{"label":"Home","link":"https:\/\/www.immo-invest.ch\/en\/"},{"label":"Regions","link":"https:\/\/www.immo-invest.ch\/en\/category\/regions-en\/"},{"label":"Switzerland","link":"https:\/\/www.immo-invest.ch\/en\/category\/regions-en\/switzerland\/"},{"label":"Northwestern Switzerland","link":"https:\/\/www.immo-invest.ch\/en\/category\/regions-en\/switzerland\/northwestern-switzerland\/"},{"label":"Basel","link":"https:\/\/www.immo-invest.ch\/en\/category\/regions-en\/switzerland\/northwestern-switzerland\/region-basel-en\/"},{"label":"Steiner converts and expands Basel&#8217;s ex-UBS building","link":"https:\/\/www.immo-invest.ch\/en\/steiner-baut-basler-ex-ubs-gebaeude-um-und-aus\/"}],"featured_image_src":"https:\/\/www.immo-invest.ch\/wp-content\/uploads\/2023\/10\/architecture-22039_1280-336x168.jpg","_links":{"self":[{"href":"https:\/\/www.immo-invest.ch\/en\/wp-json\/wp\/v2\/posts\/66026","targetHints":{"allow":["GET"]}}],"collection":[{"href":"https:\/\/www.immo-invest.ch\/en\/wp-json\/wp\/v2\/posts"}],"about":[{"href":"https:\/\/www.immo-invest.ch\/en\/wp-json\/wp\/v2\/types\/post"}],"author":[{"embeddable":true,"href":"https:\/\/www.immo-invest.ch\/en\/wp-json\/wp\/v2\/users\/2"}],"replies":[{"embeddable":true,"href":"https:\/\/www.immo-invest.ch\/en\/wp-json\/wp\/v2\/comments?post=66026"}],"version-history":[{"count":0,"href":"https:\/\/www.immo-invest.ch\/en\/wp-json\/wp\/v2\/posts\/66026\/revisions"}],"wp:featuredmedia":[{"embeddable":true,"href":"https:\/\/www.immo-invest.ch\/en\/wp-json\/wp\/v2\/media\/66021"}],"wp:attachment":[{"href":"https:\/\/www.immo-invest.ch\/en\/wp-json\/wp\/v2\/media?parent=66026"}],"wp:term":[{"taxonomy":"category","embeddable":true,"href":"https:\/\/www.immo-invest.ch\/en\/wp-json\/wp\/v2\/categories?post=66026"},{"taxonomy":"post_tag","embeddable":true,"href":"https:\/\/www.immo-invest.ch\/en\/wp-json\/wp\/v2\/tags?post=66026"}],"curies":[{"name":"wp","href":"https:\/\/api.w.org\/{rel}","templated":true}]}}