{"id":66014,"date":"2023-10-18T10:28:08","date_gmt":"2023-10-18T08:28:08","guid":{"rendered":"https:\/\/www.immo-invest.ch\/ikea-feiert-richtfest-im-wallis\/"},"modified":"2023-10-18T10:32:52","modified_gmt":"2023-10-18T08:32:52","slug":"ikea-feiert-richtfest-im-wallis","status":"publish","type":"post","link":"https:\/\/www.immo-invest.ch\/en\/ikea-feiert-richtfest-im-wallis\/","title":{"rendered":"IKEA celebrates topping-out ceremony in Valais"},"content":{"rendered":"<p class=\"bodytext\"><a href=\"https:\/\/www.ikea.com\/ch\/de\/\" target=\"_blank\" rel=\"noopener\">IKEA Switzerland<\/a>, headquartered in Spreitenbach, is building its first store in the canton of Valais. After only seven months of construction, the topping-out ceremony was celebrated on the building site in Les Morand near Riddes with around 150 construction workers and representatives of authorities, partners and IKEA employees, according to a <a href=\"https:\/\/www.ikea.com\/ch\/de\/newsroom\/corporate-news\/richtfest-in-riddes-ikea-auf-der-zielgeraden-pub72ae0fd0\" target=\"_blank\" rel=\"noopener\">media release<\/a>.<\/p>\n<p class=\"bodytext\">Since the groundbreaking ceremony in March, the shell for the 23,000 square meters of store space on two floors on the total 49,000 square meters of land has been completed on schedule. In total, the investment amounts to more than 100 million Swiss francs. After opening in 2024, IKEA will then have ten stores and two planning studios in Switzerland with around 3300 employees.<\/p>\n<p class=\"bodytext\">This will be IKEA&rsquo;s first foray into the Swiss mountain region with a large store, according to a media release. &ldquo;The opening of the IKEA store in spring 2024 is a great opportunity for the municipality of Riddes and of particular economic importance for the entire canton of Valais,&rdquo; Riddes municipal president Christel Duc is quoted as saying.<\/p>\n<p class=\"bodytext\">Recruitment for around 200 jobs at IKEA Riddes has been underway since September. The most modern and sustainable IKEA store in Switzerland is being built there, featuring a zero-waste approach and a huge solar installation, among other features, the statement said. The next steps include technical installations inside the building and the removal of the unloading ramps for the storage racks; the storage and self-service hall is the first area to be built. At the end of November, the construction of the furniture exhibition and market hall departments will begin in stages. The installation of the photovoltaic system is expected to start in November, once the roof is completed.<\/p>\n","protected":false},"excerpt":{"rendered":"<p>Spreitenbach AG\/Riddes VS &#8211; IKEA Schweiz hat das Richtfest f\u00fcr ein neues Einrichtungshaus in Riddes im Kanton Wallis gefeiert. Der Bau mit 23\u2018000 Quadratmetern Ladenfl\u00e4che auf zwei Etagen soll im Fr\u00fchjahr 2024 er\u00f6ffnet werden. <\/p>\n","protected":false},"author":2,"featured_media":66009,"comment_status":"open","ping_status":"open","sticky":false,"template":"","format":"standard","meta":{"pmpro_default_level":"","inline_featured_image":false,"_monsterinsights_skip_tracking":false,"footnotes":""},"categories":[12491,12476],"tags":[12536,14322,12525,12526],"class_list":["post-66014","post","type-post","status-publish","format-standard","has-post-thumbnail","hentry","category-aargau-en","category-immonews","tag-bauwesen-en","tag-ikea-en","tag-immoinvest-en","tag-immonews-en","pmpro-has-access"],"acf":{"bild_mit_ki_erstellt_worden":[],"lead":"Spreitenbach AG\/Riddes VS - IKEA Schweiz hat das Richtfest f\u00fcr ein neues Einrichtungshaus in Riddes im Kanton Wallis gefeiert. Der Bau mit 23\u2018000 Quadratmetern Ladenfl\u00e4che auf zwei Etagen soll im Fr\u00fchjahr 2024 er\u00f6ffnet werden.","autor":"ce\/gba","ort":"Spreitenbach AG\/Riddes VS","bildunterschrift":"","bild_im_grid":false,"gallerie":"","newsim":""},"aioseo_notices":[],"aioseo_head":"\n\t\t<!-- All in One SEO 5.0.0.1 - aioseo.com -->\n\t<meta name=\"description\" content=\"Spreitenbach AG\/Riddes VS \u2013 IKEA Schweiz hat das Richtfest f\u00fcr ein neues Einrichtungshaus in Riddes im Kanton Wallis gefeiert. Der Bau mit 23\u2018000 Quadratmetern Ladenfl\u00e4che auf zwei Etagen soll im Fr\u00fchjahr 2024 er\u00f6ffnet werden.\" \/>\n\t<meta name=\"robots\" content=\"max-image-preview:large\" \/>\n\t<meta name=\"author\" content=\"immovestuser\"\/>\n\t<meta name=\"google-site-verification\" content=\"fHJKvgWpZCR2zVBHWfkQeFXC11qieUSff0HGNYfuyLA\" \/>\n\t<link rel=\"canonical\" href=\"https:\/\/www.immo-invest.ch\/en\/ikea-feiert-richtfest-im-wallis\/\" \/>\n\t<meta name=\"generator\" content=\"All in One SEO (AIOSEO) 5.0.0.1\" \/>\n\t\t<meta property=\"og:locale\" content=\"en_US\" \/>\n\t\t<meta property=\"og:site_name\" content=\"immo!nvest - Die Plattform f\u00fcr Standorte und Immobilien - Die\u00a0Plattform f\u00fcr Standorte und Immobilien\" \/>\n\t\t<meta property=\"og:type\" content=\"article\" \/>\n\t\t<meta property=\"og:title\" content=\"IKEA celebrates topping-out ceremony in Valais - immo!nvest - Die Plattform f\u00fcr Standorte und Immobilien\" \/>\n\t\t<meta property=\"og:description\" content=\"Spreitenbach AG\/Riddes VS \u2013 IKEA Schweiz hat das Richtfest f\u00fcr ein neues Einrichtungshaus in Riddes im Kanton Wallis gefeiert. Der Bau mit 23\u2018000 Quadratmetern Ladenfl\u00e4che auf zwei Etagen soll im Fr\u00fchjahr 2024 er\u00f6ffnet werden.\" \/>\n\t\t<meta property=\"og:url\" content=\"https:\/\/www.immo-invest.ch\/en\/ikea-feiert-richtfest-im-wallis\/\" \/>\n\t\t<meta property=\"og:image\" content=\"https:\/\/www.immo-invest.ch\/wp-content\/uploads\/2023\/10\/kitchen-6916199_1280.jpg\" \/>\n\t\t<meta property=\"og:image:secure_url\" content=\"https:\/\/www.immo-invest.ch\/wp-content\/uploads\/2023\/10\/kitchen-6916199_1280.jpg\" \/>\n\t\t<meta property=\"og:image:width\" content=\"1280\" \/>\n\t\t<meta property=\"og:image:height\" content=\"855\" \/>\n\t\t<meta property=\"article:published_time\" content=\"2023-10-18T08:28:08+00:00\" \/>\n\t\t<meta property=\"article:modified_time\" content=\"2023-10-18T08:32:52+00:00\" \/>\n\t\t<meta property=\"article:publisher\" content=\"https:\/\/www.facebook.com\/people\/Immoinvest\/100077962920504\/\" \/>\n\t\t<meta name=\"twitter:card\" content=\"summary_large_image\" \/>\n\t\t<meta name=\"twitter:site\" content=\"@i\" \/>\n\t\t<meta name=\"twitter:title\" content=\"IKEA celebrates topping-out ceremony in Valais - immo!nvest - Die Plattform f\u00fcr Standorte und Immobilien\" \/>\n\t\t<meta name=\"twitter:description\" content=\"Spreitenbach AG\/Riddes VS \u2013 IKEA Schweiz hat das Richtfest f\u00fcr ein neues Einrichtungshaus in Riddes im Kanton Wallis gefeiert. Der Bau mit 23\u2018000 Quadratmetern Ladenfl\u00e4che auf zwei Etagen soll im Fr\u00fchjahr 2024 er\u00f6ffnet werden.\" \/>\n\t\t<meta name=\"twitter:creator\" content=\"@i\" \/>\n\t\t<meta name=\"twitter:image\" content=\"https:\/\/www.immo-invest.ch\/wp-content\/uploads\/2023\/10\/kitchen-6916199_1280.jpg\" \/>\n\t\t<script type=\"application\/ld+json\" class=\"aioseo-schema\">\n\t\t\t{\"@context\":\"https:\\\/\\\/schema.org\",\"@graph\":[{\"@type\":\"BlogPosting\",\"@id\":\"https:\\\/\\\/www.immo-invest.ch\\\/en\\\/ikea-feiert-richtfest-im-wallis\\\/#blogposting\",\"name\":\"IKEA celebrates topping-out ceremony in Valais - immo!nvest - Die Plattform f\\u00fcr Standorte und Immobilien\",\"headline\":\"IKEA celebrates topping-out ceremony in Valais\",\"author\":{\"@id\":\"https:\\\/\\\/www.immo-invest.ch\\\/en\\\/author\\\/immovestuser\\\/#author\"},\"publisher\":{\"@id\":\"https:\\\/\\\/www.immo-invest.ch\\\/en\\\/#organization\"},\"image\":{\"@type\":\"ImageObject\",\"url\":\"https:\\\/\\\/www.immo-invest.ch\\\/wp-content\\\/uploads\\\/2023\\\/10\\\/kitchen-6916199_1280.jpg\",\"width\":1280,\"height\":855},\"datePublished\":\"2023-10-18T10:28:08+02:00\",\"dateModified\":\"2023-10-18T10:32:52+02:00\",\"inLanguage\":\"en-US\",\"mainEntityOfPage\":{\"@id\":\"https:\\\/\\\/www.immo-invest.ch\\\/en\\\/ikea-feiert-richtfest-im-wallis\\\/#webpage\"},\"isPartOf\":{\"@id\":\"https:\\\/\\\/www.immo-invest.ch\\\/en\\\/ikea-feiert-richtfest-im-wallis\\\/#webpage\"},\"articleSection\":\"Aargau, immoNews, Bauwesen, IKEA, Immoinvest, immoNews, Optional\"},{\"@type\":\"BreadcrumbList\",\"@id\":\"https:\\\/\\\/www.immo-invest.ch\\\/en\\\/ikea-feiert-richtfest-im-wallis\\\/#breadcrumblist\",\"itemListElement\":[{\"@type\":\"ListItem\",\"@id\":\"https:\\\/\\\/www.immo-invest.ch\\\/en\\\/#listItem\",\"position\":1,\"name\":\"Home\",\"item\":\"https:\\\/\\\/www.immo-invest.ch\\\/en\\\/\",\"nextItem\":{\"@type\":\"ListItem\",\"@id\":\"https:\\\/\\\/www.immo-invest.ch\\\/en\\\/category\\\/regions-en\\\/#listItem\",\"name\":\"Regions\"}},{\"@type\":\"ListItem\",\"@id\":\"https:\\\/\\\/www.immo-invest.ch\\\/en\\\/category\\\/regions-en\\\/#listItem\",\"position\":2,\"name\":\"Regions\",\"item\":\"https:\\\/\\\/www.immo-invest.ch\\\/en\\\/category\\\/regions-en\\\/\",\"nextItem\":{\"@type\":\"ListItem\",\"@id\":\"https:\\\/\\\/www.immo-invest.ch\\\/en\\\/category\\\/regions-en\\\/switzerland\\\/#listItem\",\"name\":\"Switzerland\"},\"previousItem\":{\"@type\":\"ListItem\",\"@id\":\"https:\\\/\\\/www.immo-invest.ch\\\/en\\\/#listItem\",\"name\":\"Home\"}},{\"@type\":\"ListItem\",\"@id\":\"https:\\\/\\\/www.immo-invest.ch\\\/en\\\/category\\\/regions-en\\\/switzerland\\\/#listItem\",\"position\":3,\"name\":\"Switzerland\",\"item\":\"https:\\\/\\\/www.immo-invest.ch\\\/en\\\/category\\\/regions-en\\\/switzerland\\\/\",\"nextItem\":{\"@type\":\"ListItem\",\"@id\":\"https:\\\/\\\/www.immo-invest.ch\\\/en\\\/category\\\/regions-en\\\/switzerland\\\/northwestern-switzerland\\\/#listItem\",\"name\":\"Northwestern Switzerland\"},\"previousItem\":{\"@type\":\"ListItem\",\"@id\":\"https:\\\/\\\/www.immo-invest.ch\\\/en\\\/category\\\/regions-en\\\/#listItem\",\"name\":\"Regions\"}},{\"@type\":\"ListItem\",\"@id\":\"https:\\\/\\\/www.immo-invest.ch\\\/en\\\/category\\\/regions-en\\\/switzerland\\\/northwestern-switzerland\\\/#listItem\",\"position\":4,\"name\":\"Northwestern Switzerland\",\"item\":\"https:\\\/\\\/www.immo-invest.ch\\\/en\\\/category\\\/regions-en\\\/switzerland\\\/northwestern-switzerland\\\/\",\"nextItem\":{\"@type\":\"ListItem\",\"@id\":\"https:\\\/\\\/www.immo-invest.ch\\\/en\\\/category\\\/regions-en\\\/switzerland\\\/northwestern-switzerland\\\/aargau-en\\\/#listItem\",\"name\":\"Aargau\"},\"previousItem\":{\"@type\":\"ListItem\",\"@id\":\"https:\\\/\\\/www.immo-invest.ch\\\/en\\\/category\\\/regions-en\\\/switzerland\\\/#listItem\",\"name\":\"Switzerland\"}},{\"@type\":\"ListItem\",\"@id\":\"https:\\\/\\\/www.immo-invest.ch\\\/en\\\/category\\\/regions-en\\\/switzerland\\\/northwestern-switzerland\\\/aargau-en\\\/#listItem\",\"position\":5,\"name\":\"Aargau\",\"item\":\"https:\\\/\\\/www.immo-invest.ch\\\/en\\\/category\\\/regions-en\\\/switzerland\\\/northwestern-switzerland\\\/aargau-en\\\/\",\"nextItem\":{\"@type\":\"ListItem\",\"@id\":\"https:\\\/\\\/www.immo-invest.ch\\\/en\\\/ikea-feiert-richtfest-im-wallis\\\/#listItem\",\"name\":\"IKEA celebrates topping-out ceremony in Valais\"},\"previousItem\":{\"@type\":\"ListItem\",\"@id\":\"https:\\\/\\\/www.immo-invest.ch\\\/en\\\/category\\\/regions-en\\\/switzerland\\\/northwestern-switzerland\\\/#listItem\",\"name\":\"Northwestern Switzerland\"}},{\"@type\":\"ListItem\",\"@id\":\"https:\\\/\\\/www.immo-invest.ch\\\/en\\\/ikea-feiert-richtfest-im-wallis\\\/#listItem\",\"position\":6,\"name\":\"IKEA celebrates topping-out ceremony in Valais\",\"previousItem\":{\"@type\":\"ListItem\",\"@id\":\"https:\\\/\\\/www.immo-invest.ch\\\/en\\\/category\\\/regions-en\\\/switzerland\\\/northwestern-switzerland\\\/aargau-en\\\/#listItem\",\"name\":\"Aargau\"}}]},{\"@type\":\"Organization\",\"@id\":\"https:\\\/\\\/www.immo-invest.ch\\\/en\\\/#organization\",\"name\":\"immo!nvest - Die Plattform f\\u00fcr Standorte und Immobilien\",\"description\":\"Die\\u00a0Plattform f\\u00fcr Standorte und Immobilien\",\"url\":\"https:\\\/\\\/www.immo-invest.ch\\\/en\\\/\",\"email\":\"admin@immomedia.ag\",\"telephone\":\"+41444420002\",\"logo\":{\"@type\":\"ImageObject\",\"url\":\"https:\\\/\\\/www.immo-invest.ch\\\/wp-content\\\/uploads\\\/2024\\\/09\\\/immoinvest_sm-scaled.jpg\",\"@id\":\"https:\\\/\\\/www.immo-invest.ch\\\/en\\\/ikea-feiert-richtfest-im-wallis\\\/#organizationLogo\",\"width\":2560,\"height\":1340},\"image\":{\"@id\":\"https:\\\/\\\/www.immo-invest.ch\\\/en\\\/ikea-feiert-richtfest-im-wallis\\\/#organizationLogo\"},\"sameAs\":[\"https:\\\/\\\/www.facebook.com\\\/people\\\/Immoinvest\\\/100077962920504\\\/\",\"https:\\\/\\\/x.com\\\/i\\\/flow\\\/login?redirect_after_login=immoinvest_ch\",\"https:\\\/\\\/www.instagram.com\\\/immoinvest_ch\\\/\",\"https:\\\/\\\/www.linkedin.com\\\/company\\\/immoinvest-swiss\"]},{\"@type\":\"Person\",\"@id\":\"https:\\\/\\\/www.immo-invest.ch\\\/en\\\/author\\\/immovestuser\\\/#author\",\"url\":\"https:\\\/\\\/www.immo-invest.ch\\\/en\\\/author\\\/immovestuser\\\/\",\"name\":\"immovestuser\",\"image\":{\"@type\":\"ImageObject\",\"@id\":\"https:\\\/\\\/www.immo-invest.ch\\\/en\\\/ikea-feiert-richtfest-im-wallis\\\/#authorImage\",\"url\":\"https:\\\/\\\/secure.gravatar.com\\\/avatar\\\/8e01f4d99f2eeea7a362ebb93305e1172a70e9293ba250f897a65c39f54cdd1e?s=96&d=mm&r=g\",\"width\":96,\"height\":96,\"caption\":\"immovestuser\"}},{\"@type\":\"WebPage\",\"@id\":\"https:\\\/\\\/www.immo-invest.ch\\\/en\\\/ikea-feiert-richtfest-im-wallis\\\/#webpage\",\"url\":\"https:\\\/\\\/www.immo-invest.ch\\\/en\\\/ikea-feiert-richtfest-im-wallis\\\/\",\"name\":\"IKEA celebrates topping-out ceremony in Valais - immo!nvest - Die Plattform f\\u00fcr Standorte und Immobilien\",\"description\":\"Spreitenbach AG\\\/Riddes VS \\u2013 IKEA Schweiz hat das Richtfest f\\u00fcr ein neues Einrichtungshaus in Riddes im Kanton Wallis gefeiert. Der Bau mit 23\\u2018000 Quadratmetern Ladenfl\\u00e4che auf zwei Etagen soll im Fr\\u00fchjahr 2024 er\\u00f6ffnet werden.\",\"inLanguage\":\"en-US\",\"isPartOf\":{\"@id\":\"https:\\\/\\\/www.immo-invest.ch\\\/en\\\/#website\"},\"breadcrumb\":{\"@id\":\"https:\\\/\\\/www.immo-invest.ch\\\/en\\\/ikea-feiert-richtfest-im-wallis\\\/#breadcrumblist\"},\"author\":{\"@id\":\"https:\\\/\\\/www.immo-invest.ch\\\/en\\\/author\\\/immovestuser\\\/#author\"},\"creator\":{\"@id\":\"https:\\\/\\\/www.immo-invest.ch\\\/en\\\/author\\\/immovestuser\\\/#author\"},\"image\":{\"@type\":\"ImageObject\",\"url\":\"https:\\\/\\\/www.immo-invest.ch\\\/wp-content\\\/uploads\\\/2023\\\/10\\\/kitchen-6916199_1280.jpg\",\"@id\":\"https:\\\/\\\/www.immo-invest.ch\\\/en\\\/ikea-feiert-richtfest-im-wallis\\\/#mainImage\",\"width\":1280,\"height\":855},\"primaryImageOfPage\":{\"@id\":\"https:\\\/\\\/www.immo-invest.ch\\\/en\\\/ikea-feiert-richtfest-im-wallis\\\/#mainImage\"},\"datePublished\":\"2023-10-18T10:28:08+02:00\",\"dateModified\":\"2023-10-18T10:32:52+02:00\"},{\"@type\":\"WebSite\",\"@id\":\"https:\\\/\\\/www.immo-invest.ch\\\/en\\\/#website\",\"url\":\"https:\\\/\\\/www.immo-invest.ch\\\/en\\\/\",\"name\":\"immo!nvest - Die Plattform f\\u00fcr Standorte und Immobilien\",\"description\":\"Die\\u00a0Plattform f\\u00fcr Standorte und Immobilien\",\"inLanguage\":\"en-US\",\"publisher\":{\"@id\":\"https:\\\/\\\/www.immo-invest.ch\\\/en\\\/#organization\"}}]}\n\t\t<\/script>\n\t\t<!-- All in One SEO -->\n\n","aioseo_head_json":{"title":"IKEA celebrates topping-out ceremony in Valais - immo!nvest - Die Plattform f\u00fcr Standorte und Immobilien","description":"Spreitenbach AG\/Riddes VS \u2013 IKEA Schweiz hat das Richtfest f\u00fcr ein neues Einrichtungshaus in Riddes im Kanton Wallis gefeiert. Der Bau mit 23\u2018000 Quadratmetern Ladenfl\u00e4che auf zwei Etagen soll im Fr\u00fchjahr 2024 er\u00f6ffnet werden.","canonical_url":"https:\/\/www.immo-invest.ch\/en\/ikea-feiert-richtfest-im-wallis\/","robots":"max-image-preview:large","keywords":"","webmasterTools":{"google-site-verification":"fHJKvgWpZCR2zVBHWfkQeFXC11qieUSff0HGNYfuyLA","miscellaneous":""},"schema":{"@context":"https:\/\/schema.org","@graph":[{"@type":"BlogPosting","@id":"https:\/\/www.immo-invest.ch\/en\/ikea-feiert-richtfest-im-wallis\/#blogposting","name":"IKEA celebrates topping-out ceremony in Valais - immo!nvest - Die Plattform f\u00fcr Standorte und Immobilien","headline":"IKEA celebrates topping-out ceremony in Valais","author":{"@id":"https:\/\/www.immo-invest.ch\/en\/author\/immovestuser\/#author"},"publisher":{"@id":"https:\/\/www.immo-invest.ch\/en\/#organization"},"image":{"@type":"ImageObject","url":"https:\/\/www.immo-invest.ch\/wp-content\/uploads\/2023\/10\/kitchen-6916199_1280.jpg","width":1280,"height":855},"datePublished":"2023-10-18T10:28:08+02:00","dateModified":"2023-10-18T10:32:52+02:00","inLanguage":"en-US","mainEntityOfPage":{"@id":"https:\/\/www.immo-invest.ch\/en\/ikea-feiert-richtfest-im-wallis\/#webpage"},"isPartOf":{"@id":"https:\/\/www.immo-invest.ch\/en\/ikea-feiert-richtfest-im-wallis\/#webpage"},"articleSection":"Aargau, immoNews, Bauwesen, IKEA, Immoinvest, immoNews, Optional"},{"@type":"BreadcrumbList","@id":"https:\/\/www.immo-invest.ch\/en\/ikea-feiert-richtfest-im-wallis\/#breadcrumblist","itemListElement":[{"@type":"ListItem","@id":"https:\/\/www.immo-invest.ch\/en\/#listItem","position":1,"name":"Home","item":"https:\/\/www.immo-invest.ch\/en\/","nextItem":{"@type":"ListItem","@id":"https:\/\/www.immo-invest.ch\/en\/category\/regions-en\/#listItem","name":"Regions"}},{"@type":"ListItem","@id":"https:\/\/www.immo-invest.ch\/en\/category\/regions-en\/#listItem","position":2,"name":"Regions","item":"https:\/\/www.immo-invest.ch\/en\/category\/regions-en\/","nextItem":{"@type":"ListItem","@id":"https:\/\/www.immo-invest.ch\/en\/category\/regions-en\/switzerland\/#listItem","name":"Switzerland"},"previousItem":{"@type":"ListItem","@id":"https:\/\/www.immo-invest.ch\/en\/#listItem","name":"Home"}},{"@type":"ListItem","@id":"https:\/\/www.immo-invest.ch\/en\/category\/regions-en\/switzerland\/#listItem","position":3,"name":"Switzerland","item":"https:\/\/www.immo-invest.ch\/en\/category\/regions-en\/switzerland\/","nextItem":{"@type":"ListItem","@id":"https:\/\/www.immo-invest.ch\/en\/category\/regions-en\/switzerland\/northwestern-switzerland\/#listItem","name":"Northwestern Switzerland"},"previousItem":{"@type":"ListItem","@id":"https:\/\/www.immo-invest.ch\/en\/category\/regions-en\/#listItem","name":"Regions"}},{"@type":"ListItem","@id":"https:\/\/www.immo-invest.ch\/en\/category\/regions-en\/switzerland\/northwestern-switzerland\/#listItem","position":4,"name":"Northwestern Switzerland","item":"https:\/\/www.immo-invest.ch\/en\/category\/regions-en\/switzerland\/northwestern-switzerland\/","nextItem":{"@type":"ListItem","@id":"https:\/\/www.immo-invest.ch\/en\/category\/regions-en\/switzerland\/northwestern-switzerland\/aargau-en\/#listItem","name":"Aargau"},"previousItem":{"@type":"ListItem","@id":"https:\/\/www.immo-invest.ch\/en\/category\/regions-en\/switzerland\/#listItem","name":"Switzerland"}},{"@type":"ListItem","@id":"https:\/\/www.immo-invest.ch\/en\/category\/regions-en\/switzerland\/northwestern-switzerland\/aargau-en\/#listItem","position":5,"name":"Aargau","item":"https:\/\/www.immo-invest.ch\/en\/category\/regions-en\/switzerland\/northwestern-switzerland\/aargau-en\/","nextItem":{"@type":"ListItem","@id":"https:\/\/www.immo-invest.ch\/en\/ikea-feiert-richtfest-im-wallis\/#listItem","name":"IKEA celebrates topping-out ceremony in Valais"},"previousItem":{"@type":"ListItem","@id":"https:\/\/www.immo-invest.ch\/en\/category\/regions-en\/switzerland\/northwestern-switzerland\/#listItem","name":"Northwestern Switzerland"}},{"@type":"ListItem","@id":"https:\/\/www.immo-invest.ch\/en\/ikea-feiert-richtfest-im-wallis\/#listItem","position":6,"name":"IKEA celebrates topping-out ceremony in Valais","previousItem":{"@type":"ListItem","@id":"https:\/\/www.immo-invest.ch\/en\/category\/regions-en\/switzerland\/northwestern-switzerland\/aargau-en\/#listItem","name":"Aargau"}}]},{"@type":"Organization","@id":"https:\/\/www.immo-invest.ch\/en\/#organization","name":"immo!nvest - Die Plattform f\u00fcr Standorte und Immobilien","description":"Die\u00a0Plattform f\u00fcr Standorte und Immobilien","url":"https:\/\/www.immo-invest.ch\/en\/","email":"admin@immomedia.ag","telephone":"+41444420002","logo":{"@type":"ImageObject","url":"https:\/\/www.immo-invest.ch\/wp-content\/uploads\/2024\/09\/immoinvest_sm-scaled.jpg","@id":"https:\/\/www.immo-invest.ch\/en\/ikea-feiert-richtfest-im-wallis\/#organizationLogo","width":2560,"height":1340},"image":{"@id":"https:\/\/www.immo-invest.ch\/en\/ikea-feiert-richtfest-im-wallis\/#organizationLogo"},"sameAs":["https:\/\/www.facebook.com\/people\/Immoinvest\/100077962920504\/","https:\/\/x.com\/i\/flow\/login?redirect_after_login=immoinvest_ch","https:\/\/www.instagram.com\/immoinvest_ch\/","https:\/\/www.linkedin.com\/company\/immoinvest-swiss"]},{"@type":"Person","@id":"https:\/\/www.immo-invest.ch\/en\/author\/immovestuser\/#author","url":"https:\/\/www.immo-invest.ch\/en\/author\/immovestuser\/","name":"immovestuser","image":{"@type":"ImageObject","@id":"https:\/\/www.immo-invest.ch\/en\/ikea-feiert-richtfest-im-wallis\/#authorImage","url":"https:\/\/secure.gravatar.com\/avatar\/8e01f4d99f2eeea7a362ebb93305e1172a70e9293ba250f897a65c39f54cdd1e?s=96&d=mm&r=g","width":96,"height":96,"caption":"immovestuser"}},{"@type":"WebPage","@id":"https:\/\/www.immo-invest.ch\/en\/ikea-feiert-richtfest-im-wallis\/#webpage","url":"https:\/\/www.immo-invest.ch\/en\/ikea-feiert-richtfest-im-wallis\/","name":"IKEA celebrates topping-out ceremony in Valais - immo!nvest - Die Plattform f\u00fcr Standorte und Immobilien","description":"Spreitenbach AG\/Riddes VS \u2013 IKEA Schweiz hat das Richtfest f\u00fcr ein neues Einrichtungshaus in Riddes im Kanton Wallis gefeiert. Der Bau mit 23\u2018000 Quadratmetern Ladenfl\u00e4che auf zwei Etagen soll im Fr\u00fchjahr 2024 er\u00f6ffnet werden.","inLanguage":"en-US","isPartOf":{"@id":"https:\/\/www.immo-invest.ch\/en\/#website"},"breadcrumb":{"@id":"https:\/\/www.immo-invest.ch\/en\/ikea-feiert-richtfest-im-wallis\/#breadcrumblist"},"author":{"@id":"https:\/\/www.immo-invest.ch\/en\/author\/immovestuser\/#author"},"creator":{"@id":"https:\/\/www.immo-invest.ch\/en\/author\/immovestuser\/#author"},"image":{"@type":"ImageObject","url":"https:\/\/www.immo-invest.ch\/wp-content\/uploads\/2023\/10\/kitchen-6916199_1280.jpg","@id":"https:\/\/www.immo-invest.ch\/en\/ikea-feiert-richtfest-im-wallis\/#mainImage","width":1280,"height":855},"primaryImageOfPage":{"@id":"https:\/\/www.immo-invest.ch\/en\/ikea-feiert-richtfest-im-wallis\/#mainImage"},"datePublished":"2023-10-18T10:28:08+02:00","dateModified":"2023-10-18T10:32:52+02:00"},{"@type":"WebSite","@id":"https:\/\/www.immo-invest.ch\/en\/#website","url":"https:\/\/www.immo-invest.ch\/en\/","name":"immo!nvest - Die Plattform f\u00fcr Standorte und Immobilien","description":"Die\u00a0Plattform f\u00fcr Standorte und Immobilien","inLanguage":"en-US","publisher":{"@id":"https:\/\/www.immo-invest.ch\/en\/#organization"}}]},"og:locale":"en_US","og:site_name":"immo!nvest - Die Plattform f\u00fcr Standorte und Immobilien - Die\u00a0Plattform f\u00fcr Standorte und Immobilien","og:type":"article","og:title":"IKEA celebrates topping-out ceremony in Valais - immo!nvest - Die Plattform f\u00fcr Standorte und Immobilien","og:description":"Spreitenbach AG\/Riddes VS \u2013 IKEA Schweiz hat das Richtfest f\u00fcr ein neues Einrichtungshaus in Riddes im Kanton Wallis gefeiert. Der Bau mit 23\u2018000 Quadratmetern Ladenfl\u00e4che auf zwei Etagen soll im Fr\u00fchjahr 2024 er\u00f6ffnet werden.","og:url":"https:\/\/www.immo-invest.ch\/en\/ikea-feiert-richtfest-im-wallis\/","og:image":"https:\/\/www.immo-invest.ch\/wp-content\/uploads\/2023\/10\/kitchen-6916199_1280.jpg","og:image:secure_url":"https:\/\/www.immo-invest.ch\/wp-content\/uploads\/2023\/10\/kitchen-6916199_1280.jpg","og:image:width":1280,"og:image:height":855,"article:published_time":"2023-10-18T08:28:08+00:00","article:modified_time":"2023-10-18T08:32:52+00:00","article:publisher":"https:\/\/www.facebook.com\/people\/Immoinvest\/100077962920504\/","twitter:card":"summary_large_image","twitter:site":"@i","twitter:title":"IKEA celebrates topping-out ceremony in Valais - immo!nvest - Die Plattform f\u00fcr Standorte und Immobilien","twitter:description":"Spreitenbach AG\/Riddes VS \u2013 IKEA Schweiz hat das Richtfest f\u00fcr ein neues Einrichtungshaus in Riddes im Kanton Wallis gefeiert. Der Bau mit 23\u2018000 Quadratmetern Ladenfl\u00e4che auf zwei Etagen soll im Fr\u00fchjahr 2024 er\u00f6ffnet werden.","twitter:creator":"@i","twitter:image":"https:\/\/www.immo-invest.ch\/wp-content\/uploads\/2023\/10\/kitchen-6916199_1280.jpg"},"aioseo_meta_data":{"post_id":"66014","title":null,"description":null,"keywords":null,"keyphrases":null,"primary_term":null,"canonical_url":null,"og_title":null,"og_description":null,"og_object_type":"default","og_image_type":"default","og_image_url":null,"og_image_width":null,"og_image_height":null,"og_image_custom_url":null,"og_image_custom_fields":null,"og_video":null,"og_custom_url":null,"og_article_section":null,"og_article_tags":null,"twitter_use_og":false,"twitter_card":"default","twitter_image_type":"default","twitter_image_url":null,"twitter_image_custom_url":null,"twitter_image_custom_fields":null,"twitter_title":null,"twitter_description":null,"schema":{"blockGraphs":[],"customGraphs":[],"default":{"data":{"Article":[],"Course":[],"Dataset":[],"FAQPage":[],"Movie":[],"Person":[],"Product":[],"ProductReview":[],"Car":[],"Recipe":[],"Service":[],"SoftwareApplication":[],"WebPage":[]},"graphName":"","isEnabled":true},"graphs":[]},"schema_type":"default","schema_type_options":null,"pillar_content":false,"robots_default":true,"robots_noindex":false,"robots_noarchive":false,"robots_nosnippet":false,"robots_nofollow":false,"robots_noimageindex":false,"robots_noodp":false,"robots_notranslate":false,"robots_max_snippet":null,"robots_max_videopreview":null,"robots_max_imagepreview":"large","priority":null,"frequency":null,"local_seo":null,"breadcrumb_settings":null,"limit_modified_date":false,"ai":null,"created":"2024-09-20 11:03:59","updated":"2025-10-23 16:57:14","seo_analyzer_scan_date":null,"focus_keyword":null,"additional_keywords":null,"truseo_locale":null},"aioseo_breadcrumb":"<div class=\"aioseo-breadcrumbs\"><span class=\"aioseo-breadcrumb\">\n\t\t\t<a href=\"https:\/\/www.immo-invest.ch\/en\/\" title=\"Home\">Home<\/a>\n\t\t<\/span><span class=\"aioseo-breadcrumb-separator\">&raquo;<\/span><span class=\"aioseo-breadcrumb\">\n\t\t\t<a href=\"https:\/\/www.immo-invest.ch\/en\/category\/regions-en\/\" title=\"Regions\">Regions<\/a>\n\t\t<\/span><span class=\"aioseo-breadcrumb-separator\">&raquo;<\/span><span class=\"aioseo-breadcrumb\">\n\t\t\t<a href=\"https:\/\/www.immo-invest.ch\/en\/category\/regions-en\/switzerland\/\" title=\"Switzerland\">Switzerland<\/a>\n\t\t<\/span><span class=\"aioseo-breadcrumb-separator\">&raquo;<\/span><span class=\"aioseo-breadcrumb\">\n\t\t\t<a href=\"https:\/\/www.immo-invest.ch\/en\/category\/regions-en\/switzerland\/northwestern-switzerland\/\" title=\"Northwestern Switzerland\">Northwestern Switzerland<\/a>\n\t\t<\/span><span class=\"aioseo-breadcrumb-separator\">&raquo;<\/span><span class=\"aioseo-breadcrumb\">\n\t\t\t<a href=\"https:\/\/www.immo-invest.ch\/en\/category\/regions-en\/switzerland\/northwestern-switzerland\/aargau-en\/\" title=\"Aargau\">Aargau<\/a>\n\t\t<\/span><span class=\"aioseo-breadcrumb-separator\">&raquo;<\/span><span class=\"aioseo-breadcrumb\">\n\t\t\tIKEA celebrates topping-out ceremony in Valais\n\t\t<\/span><\/div>","aioseo_breadcrumb_json":[{"label":"Home","link":"https:\/\/www.immo-invest.ch\/en\/"},{"label":"Regions","link":"https:\/\/www.immo-invest.ch\/en\/category\/regions-en\/"},{"label":"Switzerland","link":"https:\/\/www.immo-invest.ch\/en\/category\/regions-en\/switzerland\/"},{"label":"Northwestern Switzerland","link":"https:\/\/www.immo-invest.ch\/en\/category\/regions-en\/switzerland\/northwestern-switzerland\/"},{"label":"Aargau","link":"https:\/\/www.immo-invest.ch\/en\/category\/regions-en\/switzerland\/northwestern-switzerland\/aargau-en\/"},{"label":"IKEA celebrates topping-out ceremony in Valais","link":"https:\/\/www.immo-invest.ch\/en\/ikea-feiert-richtfest-im-wallis\/"}],"featured_image_src":"https:\/\/www.immo-invest.ch\/wp-content\/uploads\/2023\/10\/kitchen-6916199_1280-336x168.jpg","_links":{"self":[{"href":"https:\/\/www.immo-invest.ch\/en\/wp-json\/wp\/v2\/posts\/66014","targetHints":{"allow":["GET"]}}],"collection":[{"href":"https:\/\/www.immo-invest.ch\/en\/wp-json\/wp\/v2\/posts"}],"about":[{"href":"https:\/\/www.immo-invest.ch\/en\/wp-json\/wp\/v2\/types\/post"}],"author":[{"embeddable":true,"href":"https:\/\/www.immo-invest.ch\/en\/wp-json\/wp\/v2\/users\/2"}],"replies":[{"embeddable":true,"href":"https:\/\/www.immo-invest.ch\/en\/wp-json\/wp\/v2\/comments?post=66014"}],"version-history":[{"count":0,"href":"https:\/\/www.immo-invest.ch\/en\/wp-json\/wp\/v2\/posts\/66014\/revisions"}],"wp:featuredmedia":[{"embeddable":true,"href":"https:\/\/www.immo-invest.ch\/en\/wp-json\/wp\/v2\/media\/66009"}],"wp:attachment":[{"href":"https:\/\/www.immo-invest.ch\/en\/wp-json\/wp\/v2\/media?parent=66014"}],"wp:term":[{"taxonomy":"category","embeddable":true,"href":"https:\/\/www.immo-invest.ch\/en\/wp-json\/wp\/v2\/categories?post=66014"},{"taxonomy":"post_tag","embeddable":true,"href":"https:\/\/www.immo-invest.ch\/en\/wp-json\/wp\/v2\/tags?post=66014"}],"curies":[{"name":"wp","href":"https:\/\/api.w.org\/{rel}","templated":true}]}}