{"id":64330,"date":"2023-09-21T17:29:00","date_gmt":"2023-09-21T15:29:00","guid":{"rendered":"https:\/\/www.immo-invest.ch\/?p=64330"},"modified":"2023-09-21T11:41:44","modified_gmt":"2023-09-21T09:41:44","slug":"halter-treibt-projekt-in-bischofszell-voran","status":"publish","type":"post","link":"https:\/\/www.immo-invest.ch\/en\/halter-treibt-projekt-in-bischofszell-voran\/","title":{"rendered":"Halter pushes ahead with project in Bischofszell"},"content":{"rendered":"<p class=\"bodytext\"><a href=\"https:\/\/www.halter.ch\/\" target=\"_blank\" rel=\"noopener\">Halter AG of<\/a> Schlierem has pushed ahead with the Sch&uuml;tzeng&uuml;tli site project in two steps, according to a <a href=\"https:\/\/www.halter.ch\/de\/medien\/mitteilungen\/studienauftrag-zum-schuetzenguetli-areal-in-bischofszell-erfolgreich-abgeschlossen\" target=\"_blank\" rel=\"noopener\">media release<\/a>. After the urban planning, a study contract was awarded for the architectural planning. Of the six participating teams, <a href=\"https:\/\/www.cavelti-arch.ch\/\" target=\"_blank\" rel=\"noopener\">Daniel Cavelti <span class=\"glossaryLink\" aria-describedby=\"tt\" data-cmtooltip=\"&lt;div class=glossaryItemTitle&gt;Architektur&lt;\/div&gt;&lt;div class=glossaryItemBody&gt;Entwurf und Gestaltung von Bauwerken unter Ber&uuml;cksichtigung &auml;sthetischer, technischer, sozialer, wirtschaftlicher und &ouml;kologischer Belange. Im Unterschied zum &laquo;blossen&raquo; Bauen bem&uuml;ht sich Architektur um die Koordination vielf&auml;ltiger Werte, Anspr&uuml;che und Erfahrungen&lt;\/div&gt;\" data-mobile-support=\"0\" data-gt-translate-attributes='[{\"attribute\":\"data-cmtooltip\", \"format\":\"html\"}]' tabindex=\"0\" role=\"link\">Architektur<\/span> AG<\/a> from St.Gallen came out on top. The study, called Zauberwald, will now be further developed.<\/p>\n<p class=\"bodytext\">In addition to representatives of the municipality and landowner Halter, the jury also included several experts. They agreed that the winning design fits perfectly into the surrounding neighbourhood. In addition to 54 condominiums, which will be realised in several buildings, the design envisages a spacious inner courtyard that will be lushly planted in accordance with its name, Zauberwald. If construction begins in 2026, the flats could be completed in 2028.<\/p>\n<p class=\"bodytext\">Until a few years ago, the site was used for production by the Laumann und Co malt factory and fruit pressing plant. The plans by Daniel Cavelti <span class=\"glossaryLink\" aria-describedby=\"tt\" data-cmtooltip=\"&lt;div class=glossaryItemTitle&gt;Architektur&lt;\/div&gt;&lt;div class=glossaryItemBody&gt;Entwurf und Gestaltung von Bauwerken unter Ber&uuml;cksichtigung &auml;sthetischer, technischer, sozialer, wirtschaftlicher und &ouml;kologischer Belange. Im Unterschied zum &laquo;blossen&raquo; Bauen bem&uuml;ht sich Architektur um die Koordination vielf&auml;ltiger Werte, Anspr&uuml;che und Erfahrungen&lt;\/div&gt;\" data-mobile-support=\"0\" data-gt-translate-attributes='[{\"attribute\":\"data-cmtooltip\", \"format\":\"html\"}]' tabindex=\"0\" role=\"link\">Architektur<\/span> call for a chimney to be retained as a reminder of the previous use of the Sch&uuml;tzeng&uuml;tli site. Halter AG acquired the site in 2022. ce\/jh<\/p>\n","protected":false},"excerpt":{"rendered":"<p>Die Daniel Cavelti Architektur AG ist Gewinnerin eines Studienauftrages f\u00fcr das Sch\u00fctzeng\u00fctli-Areal in Bischofszell. Dort plant die Immobilienfirma Halter eine hochwertige Arealentwicklung mit hoher Lebens- und Wohnqualit\u00e4t.<\/p>\n","protected":false},"author":2,"featured_media":64325,"comment_status":"open","ping_status":"open","sticky":false,"template":"","format":"standard","meta":{"pmpro_default_level":"","inline_featured_image":false,"_monsterinsights_skip_tracking":false,"footnotes":""},"categories":[12476,12501,22341,12493],"tags":[12536,36799,12917,12564,12525,12526,12528],"class_list":["post-64330","post","type-post","status-publish","format-standard","has-post-thumbnail","hentry","category-immonews","category-region-st-gallen-en","category-thurgau-en","category-region-zurich-en","tag-bauwesen-en","tag-bischofszell-en","tag-halter-ag-en","tag-immobilien-en","tag-immoinvest-en","tag-immonews-en","tag-news-en","pmpro-has-access"],"acf":{"bild_mit_ki_erstellt_worden":[],"lead":"Schlieren ZH\/Bischofszell TG - Die Daniel Cavelti Architektur AG ist Gewinnerin eines Studienauftrages f\u00fcr das Sch\u00fctzeng\u00fctli-Areal in Bischofszell. Dort plant die Immobilienfirma Halter eine hochwertige Arealentwicklung mit hoher Lebens- und Wohnqualit\u00e4t.","autor":"","ort":"Schlieren ZH\/Bischofszell TG","bildunterschrift":"","bild_im_grid":false,"gallerie":"","newsim":""},"aioseo_notices":[],"aioseo_head":"\n\t\t<!-- All in One SEO 5.0.0.1 - aioseo.com -->\n\t<meta name=\"description\" content=\"Die Daniel Cavelti Architektur AG ist Gewinnerin eines Studienauftrages f\u00fcr das Sch\u00fctzeng\u00fctli-Areal in Bischofszell. Dort plant die Immobilienfirma Halter eine hochwertige Arealentwicklung mit hoher Lebens- und Wohnqualit\u00e4t.\" \/>\n\t<meta name=\"robots\" content=\"max-image-preview:large\" \/>\n\t<meta name=\"author\" content=\"immovestuser\"\/>\n\t<meta name=\"google-site-verification\" content=\"fHJKvgWpZCR2zVBHWfkQeFXC11qieUSff0HGNYfuyLA\" \/>\n\t<link rel=\"canonical\" href=\"https:\/\/www.immo-invest.ch\/en\/halter-treibt-projekt-in-bischofszell-voran\/\" \/>\n\t<meta name=\"generator\" content=\"All in One SEO (AIOSEO) 5.0.0.1\" \/>\n\t\t<meta property=\"og:locale\" content=\"en_US\" \/>\n\t\t<meta property=\"og:site_name\" content=\"immo!nvest - Die Plattform f\u00fcr Standorte und Immobilien - Die\u00a0Plattform f\u00fcr Standorte und Immobilien\" \/>\n\t\t<meta property=\"og:type\" content=\"article\" \/>\n\t\t<meta property=\"og:title\" content=\"Halter pushes ahead with project in Bischofszell - immo!nvest - Die Plattform f\u00fcr Standorte und Immobilien\" \/>\n\t\t<meta property=\"og:description\" content=\"Die Daniel Cavelti Architektur AG ist Gewinnerin eines Studienauftrages f\u00fcr das Sch\u00fctzeng\u00fctli-Areal in Bischofszell. Dort plant die Immobilienfirma Halter eine hochwertige Arealentwicklung mit hoher Lebens- und Wohnqualit\u00e4t.\" \/>\n\t\t<meta property=\"og:url\" content=\"https:\/\/www.immo-invest.ch\/en\/halter-treibt-projekt-in-bischofszell-voran\/\" \/>\n\t\t<meta property=\"og:image\" content=\"https:\/\/www.immo-invest.ch\/wp-content\/uploads\/2023\/09\/city-740820_1280.jpg\" \/>\n\t\t<meta property=\"og:image:secure_url\" content=\"https:\/\/www.immo-invest.ch\/wp-content\/uploads\/2023\/09\/city-740820_1280.jpg\" \/>\n\t\t<meta property=\"og:image:width\" content=\"1280\" \/>\n\t\t<meta property=\"og:image:height\" content=\"849\" \/>\n\t\t<meta property=\"article:published_time\" content=\"2023-09-21T15:29:00+00:00\" \/>\n\t\t<meta property=\"article:modified_time\" content=\"2023-09-21T09:41:44+00:00\" \/>\n\t\t<meta property=\"article:publisher\" content=\"https:\/\/www.facebook.com\/people\/Immoinvest\/100077962920504\/\" \/>\n\t\t<meta name=\"twitter:card\" content=\"summary_large_image\" \/>\n\t\t<meta name=\"twitter:site\" content=\"@i\" \/>\n\t\t<meta name=\"twitter:title\" content=\"Halter pushes ahead with project in Bischofszell - immo!nvest - Die Plattform f\u00fcr Standorte und Immobilien\" \/>\n\t\t<meta name=\"twitter:description\" content=\"Die Daniel Cavelti Architektur AG ist Gewinnerin eines Studienauftrages f\u00fcr das Sch\u00fctzeng\u00fctli-Areal in Bischofszell. Dort plant die Immobilienfirma Halter eine hochwertige Arealentwicklung mit hoher Lebens- und Wohnqualit\u00e4t.\" \/>\n\t\t<meta name=\"twitter:creator\" content=\"@i\" \/>\n\t\t<meta name=\"twitter:image\" content=\"https:\/\/www.immo-invest.ch\/wp-content\/uploads\/2023\/09\/city-740820_1280.jpg\" \/>\n\t\t<script type=\"application\/ld+json\" class=\"aioseo-schema\">\n\t\t\t{\"@context\":\"https:\\\/\\\/schema.org\",\"@graph\":[{\"@type\":\"BlogPosting\",\"@id\":\"https:\\\/\\\/www.immo-invest.ch\\\/en\\\/halter-treibt-projekt-in-bischofszell-voran\\\/#blogposting\",\"name\":\"Halter pushes ahead with project in Bischofszell - immo!nvest - Die Plattform f\\u00fcr Standorte und Immobilien\",\"headline\":\"Halter pushes ahead with project in Bischofszell\",\"author\":{\"@id\":\"https:\\\/\\\/www.immo-invest.ch\\\/en\\\/author\\\/immovestuser\\\/#author\"},\"publisher\":{\"@id\":\"https:\\\/\\\/www.immo-invest.ch\\\/en\\\/#organization\"},\"image\":{\"@type\":\"ImageObject\",\"url\":\"https:\\\/\\\/www.immo-invest.ch\\\/wp-content\\\/uploads\\\/2023\\\/09\\\/city-740820_1280.jpg\",\"width\":1280,\"height\":849},\"datePublished\":\"2023-09-21T17:29:00+02:00\",\"dateModified\":\"2023-09-21T11:41:44+02:00\",\"inLanguage\":\"en-US\",\"mainEntityOfPage\":{\"@id\":\"https:\\\/\\\/www.immo-invest.ch\\\/en\\\/halter-treibt-projekt-in-bischofszell-voran\\\/#webpage\"},\"isPartOf\":{\"@id\":\"https:\\\/\\\/www.immo-invest.ch\\\/en\\\/halter-treibt-projekt-in-bischofszell-voran\\\/#webpage\"},\"articleSection\":\"immoNews, St. Gallen, Thurgau, Zurich, Bauwesen, Bischofszell, Halter AG, immobilien, Immoinvest, immoNews, News, Optional\"},{\"@type\":\"BreadcrumbList\",\"@id\":\"https:\\\/\\\/www.immo-invest.ch\\\/en\\\/halter-treibt-projekt-in-bischofszell-voran\\\/#breadcrumblist\",\"itemListElement\":[{\"@type\":\"ListItem\",\"@id\":\"https:\\\/\\\/www.immo-invest.ch\\\/en\\\/#listItem\",\"position\":1,\"name\":\"Home\",\"item\":\"https:\\\/\\\/www.immo-invest.ch\\\/en\\\/\",\"nextItem\":{\"@type\":\"ListItem\",\"@id\":\"https:\\\/\\\/www.immo-invest.ch\\\/en\\\/category\\\/regions-en\\\/#listItem\",\"name\":\"Regions\"}},{\"@type\":\"ListItem\",\"@id\":\"https:\\\/\\\/www.immo-invest.ch\\\/en\\\/category\\\/regions-en\\\/#listItem\",\"position\":2,\"name\":\"Regions\",\"item\":\"https:\\\/\\\/www.immo-invest.ch\\\/en\\\/category\\\/regions-en\\\/\",\"nextItem\":{\"@type\":\"ListItem\",\"@id\":\"https:\\\/\\\/www.immo-invest.ch\\\/en\\\/category\\\/regions-en\\\/switzerland\\\/#listItem\",\"name\":\"Switzerland\"},\"previousItem\":{\"@type\":\"ListItem\",\"@id\":\"https:\\\/\\\/www.immo-invest.ch\\\/en\\\/#listItem\",\"name\":\"Home\"}},{\"@type\":\"ListItem\",\"@id\":\"https:\\\/\\\/www.immo-invest.ch\\\/en\\\/category\\\/regions-en\\\/switzerland\\\/#listItem\",\"position\":3,\"name\":\"Switzerland\",\"item\":\"https:\\\/\\\/www.immo-invest.ch\\\/en\\\/category\\\/regions-en\\\/switzerland\\\/\",\"nextItem\":{\"@type\":\"ListItem\",\"@id\":\"https:\\\/\\\/www.immo-invest.ch\\\/en\\\/category\\\/regions-en\\\/switzerland\\\/eastern-switzerland\\\/#listItem\",\"name\":\"Eastern Switzerland\"},\"previousItem\":{\"@type\":\"ListItem\",\"@id\":\"https:\\\/\\\/www.immo-invest.ch\\\/en\\\/category\\\/regions-en\\\/#listItem\",\"name\":\"Regions\"}},{\"@type\":\"ListItem\",\"@id\":\"https:\\\/\\\/www.immo-invest.ch\\\/en\\\/category\\\/regions-en\\\/switzerland\\\/eastern-switzerland\\\/#listItem\",\"position\":4,\"name\":\"Eastern Switzerland\",\"item\":\"https:\\\/\\\/www.immo-invest.ch\\\/en\\\/category\\\/regions-en\\\/switzerland\\\/eastern-switzerland\\\/\",\"nextItem\":{\"@type\":\"ListItem\",\"@id\":\"https:\\\/\\\/www.immo-invest.ch\\\/en\\\/category\\\/regions-en\\\/switzerland\\\/eastern-switzerland\\\/region-st-gallen-en\\\/#listItem\",\"name\":\"St. Gallen\"},\"previousItem\":{\"@type\":\"ListItem\",\"@id\":\"https:\\\/\\\/www.immo-invest.ch\\\/en\\\/category\\\/regions-en\\\/switzerland\\\/#listItem\",\"name\":\"Switzerland\"}},{\"@type\":\"ListItem\",\"@id\":\"https:\\\/\\\/www.immo-invest.ch\\\/en\\\/category\\\/regions-en\\\/switzerland\\\/eastern-switzerland\\\/region-st-gallen-en\\\/#listItem\",\"position\":5,\"name\":\"St. Gallen\",\"item\":\"https:\\\/\\\/www.immo-invest.ch\\\/en\\\/category\\\/regions-en\\\/switzerland\\\/eastern-switzerland\\\/region-st-gallen-en\\\/\",\"nextItem\":{\"@type\":\"ListItem\",\"@id\":\"https:\\\/\\\/www.immo-invest.ch\\\/en\\\/halter-treibt-projekt-in-bischofszell-voran\\\/#listItem\",\"name\":\"Halter pushes ahead with project in Bischofszell\"},\"previousItem\":{\"@type\":\"ListItem\",\"@id\":\"https:\\\/\\\/www.immo-invest.ch\\\/en\\\/category\\\/regions-en\\\/switzerland\\\/eastern-switzerland\\\/#listItem\",\"name\":\"Eastern Switzerland\"}},{\"@type\":\"ListItem\",\"@id\":\"https:\\\/\\\/www.immo-invest.ch\\\/en\\\/halter-treibt-projekt-in-bischofszell-voran\\\/#listItem\",\"position\":6,\"name\":\"Halter pushes ahead with project in Bischofszell\",\"previousItem\":{\"@type\":\"ListItem\",\"@id\":\"https:\\\/\\\/www.immo-invest.ch\\\/en\\\/category\\\/regions-en\\\/switzerland\\\/eastern-switzerland\\\/region-st-gallen-en\\\/#listItem\",\"name\":\"St. Gallen\"}}]},{\"@type\":\"Organization\",\"@id\":\"https:\\\/\\\/www.immo-invest.ch\\\/en\\\/#organization\",\"name\":\"immo!nvest - Die Plattform f\\u00fcr Standorte und Immobilien\",\"description\":\"Die\\u00a0Plattform f\\u00fcr Standorte und Immobilien\",\"url\":\"https:\\\/\\\/www.immo-invest.ch\\\/en\\\/\",\"email\":\"admin@immomedia.ag\",\"telephone\":\"+41444420002\",\"logo\":{\"@type\":\"ImageObject\",\"url\":\"https:\\\/\\\/www.immo-invest.ch\\\/wp-content\\\/uploads\\\/2024\\\/09\\\/immoinvest_sm-scaled.jpg\",\"@id\":\"https:\\\/\\\/www.immo-invest.ch\\\/en\\\/halter-treibt-projekt-in-bischofszell-voran\\\/#organizationLogo\",\"width\":2560,\"height\":1340},\"image\":{\"@id\":\"https:\\\/\\\/www.immo-invest.ch\\\/en\\\/halter-treibt-projekt-in-bischofszell-voran\\\/#organizationLogo\"},\"sameAs\":[\"https:\\\/\\\/www.facebook.com\\\/people\\\/Immoinvest\\\/100077962920504\\\/\",\"https:\\\/\\\/x.com\\\/i\\\/flow\\\/login?redirect_after_login=immoinvest_ch\",\"https:\\\/\\\/www.instagram.com\\\/immoinvest_ch\\\/\",\"https:\\\/\\\/www.linkedin.com\\\/company\\\/immoinvest-swiss\"]},{\"@type\":\"Person\",\"@id\":\"https:\\\/\\\/www.immo-invest.ch\\\/en\\\/author\\\/immovestuser\\\/#author\",\"url\":\"https:\\\/\\\/www.immo-invest.ch\\\/en\\\/author\\\/immovestuser\\\/\",\"name\":\"immovestuser\",\"image\":{\"@type\":\"ImageObject\",\"@id\":\"https:\\\/\\\/www.immo-invest.ch\\\/en\\\/halter-treibt-projekt-in-bischofszell-voran\\\/#authorImage\",\"url\":\"https:\\\/\\\/secure.gravatar.com\\\/avatar\\\/8e01f4d99f2eeea7a362ebb93305e1172a70e9293ba250f897a65c39f54cdd1e?s=96&d=mm&r=g\",\"width\":96,\"height\":96,\"caption\":\"immovestuser\"}},{\"@type\":\"WebPage\",\"@id\":\"https:\\\/\\\/www.immo-invest.ch\\\/en\\\/halter-treibt-projekt-in-bischofszell-voran\\\/#webpage\",\"url\":\"https:\\\/\\\/www.immo-invest.ch\\\/en\\\/halter-treibt-projekt-in-bischofszell-voran\\\/\",\"name\":\"Halter pushes ahead with project in Bischofszell - immo!nvest - Die Plattform f\\u00fcr Standorte und Immobilien\",\"description\":\"Die Daniel Cavelti Architektur AG ist Gewinnerin eines Studienauftrages f\\u00fcr das Sch\\u00fctzeng\\u00fctli-Areal in Bischofszell. Dort plant die Immobilienfirma Halter eine hochwertige Arealentwicklung mit hoher Lebens- und Wohnqualit\\u00e4t.\",\"inLanguage\":\"en-US\",\"isPartOf\":{\"@id\":\"https:\\\/\\\/www.immo-invest.ch\\\/en\\\/#website\"},\"breadcrumb\":{\"@id\":\"https:\\\/\\\/www.immo-invest.ch\\\/en\\\/halter-treibt-projekt-in-bischofszell-voran\\\/#breadcrumblist\"},\"author\":{\"@id\":\"https:\\\/\\\/www.immo-invest.ch\\\/en\\\/author\\\/immovestuser\\\/#author\"},\"creator\":{\"@id\":\"https:\\\/\\\/www.immo-invest.ch\\\/en\\\/author\\\/immovestuser\\\/#author\"},\"image\":{\"@type\":\"ImageObject\",\"url\":\"https:\\\/\\\/www.immo-invest.ch\\\/wp-content\\\/uploads\\\/2023\\\/09\\\/city-740820_1280.jpg\",\"@id\":\"https:\\\/\\\/www.immo-invest.ch\\\/en\\\/halter-treibt-projekt-in-bischofszell-voran\\\/#mainImage\",\"width\":1280,\"height\":849},\"primaryImageOfPage\":{\"@id\":\"https:\\\/\\\/www.immo-invest.ch\\\/en\\\/halter-treibt-projekt-in-bischofszell-voran\\\/#mainImage\"},\"datePublished\":\"2023-09-21T17:29:00+02:00\",\"dateModified\":\"2023-09-21T11:41:44+02:00\"},{\"@type\":\"WebSite\",\"@id\":\"https:\\\/\\\/www.immo-invest.ch\\\/en\\\/#website\",\"url\":\"https:\\\/\\\/www.immo-invest.ch\\\/en\\\/\",\"name\":\"immo!nvest - Die Plattform f\\u00fcr Standorte und Immobilien\",\"description\":\"Die\\u00a0Plattform f\\u00fcr Standorte und Immobilien\",\"inLanguage\":\"en-US\",\"publisher\":{\"@id\":\"https:\\\/\\\/www.immo-invest.ch\\\/en\\\/#organization\"}}]}\n\t\t<\/script>\n\t\t<!-- All in One SEO -->\n\n","aioseo_head_json":{"title":"Halter pushes ahead with project in Bischofszell - immo!nvest - Die Plattform f\u00fcr Standorte und Immobilien","description":"Die Daniel Cavelti Architektur AG ist Gewinnerin eines Studienauftrages f\u00fcr das Sch\u00fctzeng\u00fctli-Areal in Bischofszell. Dort plant die Immobilienfirma Halter eine hochwertige Arealentwicklung mit hoher Lebens- und Wohnqualit\u00e4t.","canonical_url":"https:\/\/www.immo-invest.ch\/en\/halter-treibt-projekt-in-bischofszell-voran\/","robots":"max-image-preview:large","keywords":"","webmasterTools":{"google-site-verification":"fHJKvgWpZCR2zVBHWfkQeFXC11qieUSff0HGNYfuyLA","miscellaneous":""},"schema":{"@context":"https:\/\/schema.org","@graph":[{"@type":"BlogPosting","@id":"https:\/\/www.immo-invest.ch\/en\/halter-treibt-projekt-in-bischofszell-voran\/#blogposting","name":"Halter pushes ahead with project in Bischofszell - immo!nvest - Die Plattform f\u00fcr Standorte und Immobilien","headline":"Halter pushes ahead with project in Bischofszell","author":{"@id":"https:\/\/www.immo-invest.ch\/en\/author\/immovestuser\/#author"},"publisher":{"@id":"https:\/\/www.immo-invest.ch\/en\/#organization"},"image":{"@type":"ImageObject","url":"https:\/\/www.immo-invest.ch\/wp-content\/uploads\/2023\/09\/city-740820_1280.jpg","width":1280,"height":849},"datePublished":"2023-09-21T17:29:00+02:00","dateModified":"2023-09-21T11:41:44+02:00","inLanguage":"en-US","mainEntityOfPage":{"@id":"https:\/\/www.immo-invest.ch\/en\/halter-treibt-projekt-in-bischofszell-voran\/#webpage"},"isPartOf":{"@id":"https:\/\/www.immo-invest.ch\/en\/halter-treibt-projekt-in-bischofszell-voran\/#webpage"},"articleSection":"immoNews, St. Gallen, Thurgau, Zurich, Bauwesen, Bischofszell, Halter AG, immobilien, Immoinvest, immoNews, News, Optional"},{"@type":"BreadcrumbList","@id":"https:\/\/www.immo-invest.ch\/en\/halter-treibt-projekt-in-bischofszell-voran\/#breadcrumblist","itemListElement":[{"@type":"ListItem","@id":"https:\/\/www.immo-invest.ch\/en\/#listItem","position":1,"name":"Home","item":"https:\/\/www.immo-invest.ch\/en\/","nextItem":{"@type":"ListItem","@id":"https:\/\/www.immo-invest.ch\/en\/category\/regions-en\/#listItem","name":"Regions"}},{"@type":"ListItem","@id":"https:\/\/www.immo-invest.ch\/en\/category\/regions-en\/#listItem","position":2,"name":"Regions","item":"https:\/\/www.immo-invest.ch\/en\/category\/regions-en\/","nextItem":{"@type":"ListItem","@id":"https:\/\/www.immo-invest.ch\/en\/category\/regions-en\/switzerland\/#listItem","name":"Switzerland"},"previousItem":{"@type":"ListItem","@id":"https:\/\/www.immo-invest.ch\/en\/#listItem","name":"Home"}},{"@type":"ListItem","@id":"https:\/\/www.immo-invest.ch\/en\/category\/regions-en\/switzerland\/#listItem","position":3,"name":"Switzerland","item":"https:\/\/www.immo-invest.ch\/en\/category\/regions-en\/switzerland\/","nextItem":{"@type":"ListItem","@id":"https:\/\/www.immo-invest.ch\/en\/category\/regions-en\/switzerland\/eastern-switzerland\/#listItem","name":"Eastern Switzerland"},"previousItem":{"@type":"ListItem","@id":"https:\/\/www.immo-invest.ch\/en\/category\/regions-en\/#listItem","name":"Regions"}},{"@type":"ListItem","@id":"https:\/\/www.immo-invest.ch\/en\/category\/regions-en\/switzerland\/eastern-switzerland\/#listItem","position":4,"name":"Eastern Switzerland","item":"https:\/\/www.immo-invest.ch\/en\/category\/regions-en\/switzerland\/eastern-switzerland\/","nextItem":{"@type":"ListItem","@id":"https:\/\/www.immo-invest.ch\/en\/category\/regions-en\/switzerland\/eastern-switzerland\/region-st-gallen-en\/#listItem","name":"St. Gallen"},"previousItem":{"@type":"ListItem","@id":"https:\/\/www.immo-invest.ch\/en\/category\/regions-en\/switzerland\/#listItem","name":"Switzerland"}},{"@type":"ListItem","@id":"https:\/\/www.immo-invest.ch\/en\/category\/regions-en\/switzerland\/eastern-switzerland\/region-st-gallen-en\/#listItem","position":5,"name":"St. Gallen","item":"https:\/\/www.immo-invest.ch\/en\/category\/regions-en\/switzerland\/eastern-switzerland\/region-st-gallen-en\/","nextItem":{"@type":"ListItem","@id":"https:\/\/www.immo-invest.ch\/en\/halter-treibt-projekt-in-bischofszell-voran\/#listItem","name":"Halter pushes ahead with project in Bischofszell"},"previousItem":{"@type":"ListItem","@id":"https:\/\/www.immo-invest.ch\/en\/category\/regions-en\/switzerland\/eastern-switzerland\/#listItem","name":"Eastern Switzerland"}},{"@type":"ListItem","@id":"https:\/\/www.immo-invest.ch\/en\/halter-treibt-projekt-in-bischofszell-voran\/#listItem","position":6,"name":"Halter pushes ahead with project in Bischofszell","previousItem":{"@type":"ListItem","@id":"https:\/\/www.immo-invest.ch\/en\/category\/regions-en\/switzerland\/eastern-switzerland\/region-st-gallen-en\/#listItem","name":"St. Gallen"}}]},{"@type":"Organization","@id":"https:\/\/www.immo-invest.ch\/en\/#organization","name":"immo!nvest - Die Plattform f\u00fcr Standorte und Immobilien","description":"Die\u00a0Plattform f\u00fcr Standorte und Immobilien","url":"https:\/\/www.immo-invest.ch\/en\/","email":"admin@immomedia.ag","telephone":"+41444420002","logo":{"@type":"ImageObject","url":"https:\/\/www.immo-invest.ch\/wp-content\/uploads\/2024\/09\/immoinvest_sm-scaled.jpg","@id":"https:\/\/www.immo-invest.ch\/en\/halter-treibt-projekt-in-bischofszell-voran\/#organizationLogo","width":2560,"height":1340},"image":{"@id":"https:\/\/www.immo-invest.ch\/en\/halter-treibt-projekt-in-bischofszell-voran\/#organizationLogo"},"sameAs":["https:\/\/www.facebook.com\/people\/Immoinvest\/100077962920504\/","https:\/\/x.com\/i\/flow\/login?redirect_after_login=immoinvest_ch","https:\/\/www.instagram.com\/immoinvest_ch\/","https:\/\/www.linkedin.com\/company\/immoinvest-swiss"]},{"@type":"Person","@id":"https:\/\/www.immo-invest.ch\/en\/author\/immovestuser\/#author","url":"https:\/\/www.immo-invest.ch\/en\/author\/immovestuser\/","name":"immovestuser","image":{"@type":"ImageObject","@id":"https:\/\/www.immo-invest.ch\/en\/halter-treibt-projekt-in-bischofszell-voran\/#authorImage","url":"https:\/\/secure.gravatar.com\/avatar\/8e01f4d99f2eeea7a362ebb93305e1172a70e9293ba250f897a65c39f54cdd1e?s=96&d=mm&r=g","width":96,"height":96,"caption":"immovestuser"}},{"@type":"WebPage","@id":"https:\/\/www.immo-invest.ch\/en\/halter-treibt-projekt-in-bischofszell-voran\/#webpage","url":"https:\/\/www.immo-invest.ch\/en\/halter-treibt-projekt-in-bischofszell-voran\/","name":"Halter pushes ahead with project in Bischofszell - immo!nvest - Die Plattform f\u00fcr Standorte und Immobilien","description":"Die Daniel Cavelti Architektur AG ist Gewinnerin eines Studienauftrages f\u00fcr das Sch\u00fctzeng\u00fctli-Areal in Bischofszell. Dort plant die Immobilienfirma Halter eine hochwertige Arealentwicklung mit hoher Lebens- und Wohnqualit\u00e4t.","inLanguage":"en-US","isPartOf":{"@id":"https:\/\/www.immo-invest.ch\/en\/#website"},"breadcrumb":{"@id":"https:\/\/www.immo-invest.ch\/en\/halter-treibt-projekt-in-bischofszell-voran\/#breadcrumblist"},"author":{"@id":"https:\/\/www.immo-invest.ch\/en\/author\/immovestuser\/#author"},"creator":{"@id":"https:\/\/www.immo-invest.ch\/en\/author\/immovestuser\/#author"},"image":{"@type":"ImageObject","url":"https:\/\/www.immo-invest.ch\/wp-content\/uploads\/2023\/09\/city-740820_1280.jpg","@id":"https:\/\/www.immo-invest.ch\/en\/halter-treibt-projekt-in-bischofszell-voran\/#mainImage","width":1280,"height":849},"primaryImageOfPage":{"@id":"https:\/\/www.immo-invest.ch\/en\/halter-treibt-projekt-in-bischofszell-voran\/#mainImage"},"datePublished":"2023-09-21T17:29:00+02:00","dateModified":"2023-09-21T11:41:44+02:00"},{"@type":"WebSite","@id":"https:\/\/www.immo-invest.ch\/en\/#website","url":"https:\/\/www.immo-invest.ch\/en\/","name":"immo!nvest - Die Plattform f\u00fcr Standorte und Immobilien","description":"Die\u00a0Plattform f\u00fcr Standorte und Immobilien","inLanguage":"en-US","publisher":{"@id":"https:\/\/www.immo-invest.ch\/en\/#organization"}}]},"og:locale":"en_US","og:site_name":"immo!nvest - Die Plattform f\u00fcr Standorte und Immobilien - Die\u00a0Plattform f\u00fcr Standorte und Immobilien","og:type":"article","og:title":"Halter pushes ahead with project in Bischofszell - immo!nvest - Die Plattform f\u00fcr Standorte und Immobilien","og:description":"Die Daniel Cavelti Architektur AG ist Gewinnerin eines Studienauftrages f\u00fcr das Sch\u00fctzeng\u00fctli-Areal in Bischofszell. Dort plant die Immobilienfirma Halter eine hochwertige Arealentwicklung mit hoher Lebens- und Wohnqualit\u00e4t.","og:url":"https:\/\/www.immo-invest.ch\/en\/halter-treibt-projekt-in-bischofszell-voran\/","og:image":"https:\/\/www.immo-invest.ch\/wp-content\/uploads\/2023\/09\/city-740820_1280.jpg","og:image:secure_url":"https:\/\/www.immo-invest.ch\/wp-content\/uploads\/2023\/09\/city-740820_1280.jpg","og:image:width":1280,"og:image:height":849,"article:published_time":"2023-09-21T15:29:00+00:00","article:modified_time":"2023-09-21T09:41:44+00:00","article:publisher":"https:\/\/www.facebook.com\/people\/Immoinvest\/100077962920504\/","twitter:card":"summary_large_image","twitter:site":"@i","twitter:title":"Halter pushes ahead with project in Bischofszell - immo!nvest - Die Plattform f\u00fcr Standorte und Immobilien","twitter:description":"Die Daniel Cavelti Architektur AG ist Gewinnerin eines Studienauftrages f\u00fcr das Sch\u00fctzeng\u00fctli-Areal in Bischofszell. Dort plant die Immobilienfirma Halter eine hochwertige Arealentwicklung mit hoher Lebens- und Wohnqualit\u00e4t.","twitter:creator":"@i","twitter:image":"https:\/\/www.immo-invest.ch\/wp-content\/uploads\/2023\/09\/city-740820_1280.jpg"},"aioseo_meta_data":{"post_id":"64330","title":null,"description":null,"keywords":null,"keyphrases":null,"primary_term":null,"canonical_url":null,"og_title":null,"og_description":null,"og_object_type":"default","og_image_type":"default","og_image_url":null,"og_image_width":null,"og_image_height":null,"og_image_custom_url":null,"og_image_custom_fields":null,"og_video":null,"og_custom_url":null,"og_article_section":null,"og_article_tags":null,"twitter_use_og":false,"twitter_card":"default","twitter_image_type":"default","twitter_image_url":null,"twitter_image_custom_url":null,"twitter_image_custom_fields":null,"twitter_title":null,"twitter_description":null,"schema":{"blockGraphs":[],"customGraphs":[],"default":{"data":{"Article":[],"Course":[],"Dataset":[],"FAQPage":[],"Movie":[],"Person":[],"Product":[],"ProductReview":[],"Car":[],"Recipe":[],"Service":[],"SoftwareApplication":[],"WebPage":[]},"graphName":"","isEnabled":true},"graphs":[]},"schema_type":"default","schema_type_options":null,"pillar_content":false,"robots_default":true,"robots_noindex":false,"robots_noarchive":false,"robots_nosnippet":false,"robots_nofollow":false,"robots_noimageindex":false,"robots_noodp":false,"robots_notranslate":false,"robots_max_snippet":null,"robots_max_videopreview":null,"robots_max_imagepreview":"large","priority":null,"frequency":null,"local_seo":null,"breadcrumb_settings":null,"limit_modified_date":false,"ai":null,"created":"2024-09-20 09:41:58","updated":"2025-10-23 15:34:13","seo_analyzer_scan_date":null,"focus_keyword":null,"additional_keywords":null,"truseo_locale":null},"aioseo_breadcrumb":"<div class=\"aioseo-breadcrumbs\"><span class=\"aioseo-breadcrumb\">\n\t\t\t<a href=\"https:\/\/www.immo-invest.ch\/en\/\" title=\"Home\">Home<\/a>\n\t\t<\/span><span class=\"aioseo-breadcrumb-separator\">&raquo;<\/span><span class=\"aioseo-breadcrumb\">\n\t\t\t<a href=\"https:\/\/www.immo-invest.ch\/en\/category\/regions-en\/\" title=\"Regions\">Regions<\/a>\n\t\t<\/span><span class=\"aioseo-breadcrumb-separator\">&raquo;<\/span><span class=\"aioseo-breadcrumb\">\n\t\t\t<a href=\"https:\/\/www.immo-invest.ch\/en\/category\/regions-en\/switzerland\/\" title=\"Switzerland\">Switzerland<\/a>\n\t\t<\/span><span class=\"aioseo-breadcrumb-separator\">&raquo;<\/span><span class=\"aioseo-breadcrumb\">\n\t\t\t<a href=\"https:\/\/www.immo-invest.ch\/en\/category\/regions-en\/switzerland\/eastern-switzerland\/\" title=\"Eastern Switzerland\">Eastern Switzerland<\/a>\n\t\t<\/span><span class=\"aioseo-breadcrumb-separator\">&raquo;<\/span><span class=\"aioseo-breadcrumb\">\n\t\t\t<a href=\"https:\/\/www.immo-invest.ch\/en\/category\/regions-en\/switzerland\/eastern-switzerland\/region-st-gallen-en\/\" title=\"St. Gallen\">St. Gallen<\/a>\n\t\t<\/span><span class=\"aioseo-breadcrumb-separator\">&raquo;<\/span><span class=\"aioseo-breadcrumb\">\n\t\t\tHalter pushes ahead with project in Bischofszell\n\t\t<\/span><\/div>","aioseo_breadcrumb_json":[{"label":"Home","link":"https:\/\/www.immo-invest.ch\/en\/"},{"label":"Regions","link":"https:\/\/www.immo-invest.ch\/en\/category\/regions-en\/"},{"label":"Switzerland","link":"https:\/\/www.immo-invest.ch\/en\/category\/regions-en\/switzerland\/"},{"label":"Eastern Switzerland","link":"https:\/\/www.immo-invest.ch\/en\/category\/regions-en\/switzerland\/eastern-switzerland\/"},{"label":"St. Gallen","link":"https:\/\/www.immo-invest.ch\/en\/category\/regions-en\/switzerland\/eastern-switzerland\/region-st-gallen-en\/"},{"label":"Halter pushes ahead with project in Bischofszell","link":"https:\/\/www.immo-invest.ch\/en\/halter-treibt-projekt-in-bischofszell-voran\/"}],"featured_image_src":"https:\/\/www.immo-invest.ch\/wp-content\/uploads\/2023\/09\/city-740820_1280-336x168.jpg","_links":{"self":[{"href":"https:\/\/www.immo-invest.ch\/en\/wp-json\/wp\/v2\/posts\/64330","targetHints":{"allow":["GET"]}}],"collection":[{"href":"https:\/\/www.immo-invest.ch\/en\/wp-json\/wp\/v2\/posts"}],"about":[{"href":"https:\/\/www.immo-invest.ch\/en\/wp-json\/wp\/v2\/types\/post"}],"author":[{"embeddable":true,"href":"https:\/\/www.immo-invest.ch\/en\/wp-json\/wp\/v2\/users\/2"}],"replies":[{"embeddable":true,"href":"https:\/\/www.immo-invest.ch\/en\/wp-json\/wp\/v2\/comments?post=64330"}],"version-history":[{"count":0,"href":"https:\/\/www.immo-invest.ch\/en\/wp-json\/wp\/v2\/posts\/64330\/revisions"}],"wp:featuredmedia":[{"embeddable":true,"href":"https:\/\/www.immo-invest.ch\/en\/wp-json\/wp\/v2\/media\/64325"}],"wp:attachment":[{"href":"https:\/\/www.immo-invest.ch\/en\/wp-json\/wp\/v2\/media?parent=64330"}],"wp:term":[{"taxonomy":"category","embeddable":true,"href":"https:\/\/www.immo-invest.ch\/en\/wp-json\/wp\/v2\/categories?post=64330"},{"taxonomy":"post_tag","embeddable":true,"href":"https:\/\/www.immo-invest.ch\/en\/wp-json\/wp\/v2\/tags?post=64330"}],"curies":[{"name":"wp","href":"https:\/\/api.w.org\/{rel}","templated":true}]}}