{"id":63950,"date":"2023-09-15T10:11:40","date_gmt":"2023-09-15T08:11:40","guid":{"rendered":"https:\/\/www.immo-invest.ch\/siemens-nimmt-klimaneutralen-campus-in-betrieb\/"},"modified":"2023-09-15T10:18:03","modified_gmt":"2023-09-15T08:18:03","slug":"siemens-nimmt-klimaneutralen-campus-in-betrieb","status":"publish","type":"post","link":"https:\/\/www.immo-invest.ch\/en\/siemens-nimmt-klimaneutralen-campus-in-betrieb\/","title":{"rendered":"Siemens puts climate-neutral campus into operation"},"content":{"rendered":"<p class=\"bodytext\"><a href=\"https:\/\/www.siemens.com\/ch\/de.html\" target=\"_blank\" rel=\"noopener\">Siemens<\/a> has officially opened the new research and development building at the global headquarters of its <a href=\"https:\/\/www.siemens.com\/de\/de\/unternehmen\/themenfelder\/smart-infrastructure.html\" target=\"_blank\" rel=\"noopener\">Siemens Smart Infrastructure<\/a> Division in Zug. The climate-neutral campus for 1700 employees is now complete after seven years of construction, according to a <a href=\"https:\/\/press.siemens.com\/ch\/de\/pressemitteilung\/klimaneutraler-siemens-campus-zug-steht-fuer-investitionen-spitzentechnologie-und\" target=\"_blank\" rel=\"noopener\">media release<\/a>. The German technology group has invested around 250 million Swiss francs in cutting-edge technology and in Switzerland.<\/p>\n<p class=\"bodytext\">Zug is an important location for the development of building technologies. Every year, about 80 new patents are registered from there. The technology company sees the campus, which consists of three buildings, as a model for its new digital business platform <a href=\"https:\/\/www.siemens.com\/ch\/de\/produkte\/xcelerator.html\" target=\"_blank\" rel=\"noopener\">Siemens Xcelerator<\/a> for sustainable building technologies. One part of this is <a href=\"https:\/\/www.siemens.com\/de\/de\/produkte\/gebaeudetechnik\/building-x.html\" target=\"_blank\" rel=\"noopener\">Building X<\/a>. At the opening ceremony, the participants also had the opportunity to experience Building X on a tour. The scalable digital building platform from Siemens helps to digitise, manage and optimise building operations.<\/p>\n<p class=\"bodytext\">&ldquo;Siemens uniquely connects the real and digital worlds,&rdquo; Matthias Rebellius, CEO of Smart Infrastructure and Member of the Managing Board of Siemens AG, is quoted as saying in the release. &ldquo;The new Siemens Campus in Zug is an excellent example of this. Using the latest technologies from our portfolio to improve building operations and achieve maximum efficiency, the campus will be operated in a completely climate-neutral manner.&rdquo; This means that the company is already achieving the goal to which it committed two years ago.<\/p>\n","protected":false},"excerpt":{"rendered":"<p>Siemens Smart Infrastructure hat an seinem globalen Hauptsitz in der Greater Zurich Area ein modernisiertes Geb\u00e4ude f\u00fcr Forschung und Entwicklung eingeweiht. Damit ist nach siebenj\u00e4hriger Bauzeit und einer Investition von 250 Millionen Franken der klimaneutrale Campus offiziell fertiggestellt.<\/p>\n","protected":false},"author":2,"featured_media":63945,"comment_status":"open","ping_status":"open","sticky":false,"template":"","format":"standard","meta":{"pmpro_default_level":"","inline_featured_image":false,"_monsterinsights_skip_tracking":false,"footnotes":""},"categories":[12476,12504],"tags":[12536,12564,12525,12526,12901,12528,15004],"class_list":["post-63950","post","type-post","status-publish","format-standard","has-post-thumbnail","hentry","category-immonews","category-region-zug-en","tag-bauwesen-en","tag-immobilien-en","tag-immoinvest-en","tag-immonews-en","tag-klimaneutral-en","tag-news-en","tag-siemens-en","pmpro-has-access"],"acf":{"bild_mit_ki_erstellt_worden":[],"lead":"Zug - Siemens Smart Infrastructure hat an seinem globalen Hauptsitz in der Greater Zurich Area ein modernisiertes Geb\u00e4ude f\u00fcr Forschung und Entwicklung eingeweiht. Damit ist nach siebenj\u00e4hriger Bauzeit und einer Investition von 250 Millionen Franken der klimaneutrale Campus offiziell fertiggestellt.","autor":"ce\/mm","ort":"Zug","bildunterschrift":"","bild_im_grid":false,"gallerie":"","newsim":""},"aioseo_notices":[],"aioseo_head":"\n\t\t<!-- All in One SEO 5.0.0.1 - aioseo.com -->\n\t<meta name=\"description\" content=\"Siemens Smart Infrastructure hat an seinem globalen Hauptsitz in der Greater Zurich Area ein modernisiertes Geb\u00e4ude f\u00fcr Forschung und Entwicklung eingeweiht. Damit ist nach siebenj\u00e4hriger Bauzeit und einer Investition von 250 Millionen Franken der klimaneutrale Campus offiziell fertiggestellt.\" \/>\n\t<meta name=\"robots\" content=\"max-image-preview:large\" \/>\n\t<meta name=\"author\" content=\"immovestuser\"\/>\n\t<meta name=\"google-site-verification\" content=\"fHJKvgWpZCR2zVBHWfkQeFXC11qieUSff0HGNYfuyLA\" \/>\n\t<link rel=\"canonical\" href=\"https:\/\/www.immo-invest.ch\/en\/siemens-nimmt-klimaneutralen-campus-in-betrieb\/\" \/>\n\t<meta name=\"generator\" content=\"All in One SEO (AIOSEO) 5.0.0.1\" \/>\n\t\t<meta property=\"og:locale\" content=\"en_US\" \/>\n\t\t<meta property=\"og:site_name\" content=\"immo!nvest - Die Plattform f\u00fcr Standorte und Immobilien - Die\u00a0Plattform f\u00fcr Standorte und Immobilien\" \/>\n\t\t<meta property=\"og:type\" content=\"article\" \/>\n\t\t<meta property=\"og:title\" content=\"Siemens puts climate-neutral campus into operation - immo!nvest - Die Plattform f\u00fcr Standorte und Immobilien\" \/>\n\t\t<meta property=\"og:description\" content=\"Siemens Smart Infrastructure hat an seinem globalen Hauptsitz in der Greater Zurich Area ein modernisiertes Geb\u00e4ude f\u00fcr Forschung und Entwicklung eingeweiht. Damit ist nach siebenj\u00e4hriger Bauzeit und einer Investition von 250 Millionen Franken der klimaneutrale Campus offiziell fertiggestellt.\" \/>\n\t\t<meta property=\"og:url\" content=\"https:\/\/www.immo-invest.ch\/en\/siemens-nimmt-klimaneutralen-campus-in-betrieb\/\" \/>\n\t\t<meta property=\"og:image\" content=\"https:\/\/www.immo-invest.ch\/wp-content\/uploads\/2023\/09\/city-8080609_1280.jpg\" \/>\n\t\t<meta property=\"og:image:secure_url\" content=\"https:\/\/www.immo-invest.ch\/wp-content\/uploads\/2023\/09\/city-8080609_1280.jpg\" \/>\n\t\t<meta property=\"og:image:width\" content=\"1280\" \/>\n\t\t<meta property=\"og:image:height\" content=\"853\" \/>\n\t\t<meta property=\"article:published_time\" content=\"2023-09-15T08:11:40+00:00\" \/>\n\t\t<meta property=\"article:modified_time\" content=\"2023-09-15T08:18:03+00:00\" \/>\n\t\t<meta property=\"article:publisher\" content=\"https:\/\/www.facebook.com\/people\/Immoinvest\/100077962920504\/\" \/>\n\t\t<meta name=\"twitter:card\" content=\"summary_large_image\" \/>\n\t\t<meta name=\"twitter:site\" content=\"@i\" \/>\n\t\t<meta name=\"twitter:title\" content=\"Siemens puts climate-neutral campus into operation - immo!nvest - Die Plattform f\u00fcr Standorte und Immobilien\" \/>\n\t\t<meta name=\"twitter:description\" content=\"Siemens Smart Infrastructure hat an seinem globalen Hauptsitz in der Greater Zurich Area ein modernisiertes Geb\u00e4ude f\u00fcr Forschung und Entwicklung eingeweiht. Damit ist nach siebenj\u00e4hriger Bauzeit und einer Investition von 250 Millionen Franken der klimaneutrale Campus offiziell fertiggestellt.\" \/>\n\t\t<meta name=\"twitter:creator\" content=\"@i\" \/>\n\t\t<meta name=\"twitter:image\" content=\"https:\/\/www.immo-invest.ch\/wp-content\/uploads\/2023\/09\/city-8080609_1280.jpg\" \/>\n\t\t<script type=\"application\/ld+json\" class=\"aioseo-schema\">\n\t\t\t{\"@context\":\"https:\\\/\\\/schema.org\",\"@graph\":[{\"@type\":\"BlogPosting\",\"@id\":\"https:\\\/\\\/www.immo-invest.ch\\\/en\\\/siemens-nimmt-klimaneutralen-campus-in-betrieb\\\/#blogposting\",\"name\":\"Siemens puts climate-neutral campus into operation - immo!nvest - Die Plattform f\\u00fcr Standorte und Immobilien\",\"headline\":\"Siemens puts climate-neutral campus into operation\",\"author\":{\"@id\":\"https:\\\/\\\/www.immo-invest.ch\\\/en\\\/author\\\/immovestuser\\\/#author\"},\"publisher\":{\"@id\":\"https:\\\/\\\/www.immo-invest.ch\\\/en\\\/#organization\"},\"image\":{\"@type\":\"ImageObject\",\"url\":\"https:\\\/\\\/www.immo-invest.ch\\\/wp-content\\\/uploads\\\/2023\\\/09\\\/city-8080609_1280.jpg\",\"width\":1280,\"height\":853},\"datePublished\":\"2023-09-15T10:11:40+02:00\",\"dateModified\":\"2023-09-15T10:18:03+02:00\",\"inLanguage\":\"en-US\",\"mainEntityOfPage\":{\"@id\":\"https:\\\/\\\/www.immo-invest.ch\\\/en\\\/siemens-nimmt-klimaneutralen-campus-in-betrieb\\\/#webpage\"},\"isPartOf\":{\"@id\":\"https:\\\/\\\/www.immo-invest.ch\\\/en\\\/siemens-nimmt-klimaneutralen-campus-in-betrieb\\\/#webpage\"},\"articleSection\":\"immoNews, Zug, Bauwesen, immobilien, Immoinvest, immoNews, klimaneutral, News, Siemens, Optional\"},{\"@type\":\"BreadcrumbList\",\"@id\":\"https:\\\/\\\/www.immo-invest.ch\\\/en\\\/siemens-nimmt-klimaneutralen-campus-in-betrieb\\\/#breadcrumblist\",\"itemListElement\":[{\"@type\":\"ListItem\",\"@id\":\"https:\\\/\\\/www.immo-invest.ch\\\/en\\\/#listItem\",\"position\":1,\"name\":\"Home\",\"item\":\"https:\\\/\\\/www.immo-invest.ch\\\/en\\\/\",\"nextItem\":{\"@type\":\"ListItem\",\"@id\":\"https:\\\/\\\/www.immo-invest.ch\\\/en\\\/category\\\/regions-en\\\/#listItem\",\"name\":\"Regions\"}},{\"@type\":\"ListItem\",\"@id\":\"https:\\\/\\\/www.immo-invest.ch\\\/en\\\/category\\\/regions-en\\\/#listItem\",\"position\":2,\"name\":\"Regions\",\"item\":\"https:\\\/\\\/www.immo-invest.ch\\\/en\\\/category\\\/regions-en\\\/\",\"nextItem\":{\"@type\":\"ListItem\",\"@id\":\"https:\\\/\\\/www.immo-invest.ch\\\/en\\\/category\\\/regions-en\\\/switzerland\\\/#listItem\",\"name\":\"Switzerland\"},\"previousItem\":{\"@type\":\"ListItem\",\"@id\":\"https:\\\/\\\/www.immo-invest.ch\\\/en\\\/#listItem\",\"name\":\"Home\"}},{\"@type\":\"ListItem\",\"@id\":\"https:\\\/\\\/www.immo-invest.ch\\\/en\\\/category\\\/regions-en\\\/switzerland\\\/#listItem\",\"position\":3,\"name\":\"Switzerland\",\"item\":\"https:\\\/\\\/www.immo-invest.ch\\\/en\\\/category\\\/regions-en\\\/switzerland\\\/\",\"nextItem\":{\"@type\":\"ListItem\",\"@id\":\"https:\\\/\\\/www.immo-invest.ch\\\/en\\\/category\\\/regions-en\\\/switzerland\\\/region-zentralschweiz-en\\\/#listItem\",\"name\":\"Zentralschweiz\"},\"previousItem\":{\"@type\":\"ListItem\",\"@id\":\"https:\\\/\\\/www.immo-invest.ch\\\/en\\\/category\\\/regions-en\\\/#listItem\",\"name\":\"Regions\"}},{\"@type\":\"ListItem\",\"@id\":\"https:\\\/\\\/www.immo-invest.ch\\\/en\\\/category\\\/regions-en\\\/switzerland\\\/region-zentralschweiz-en\\\/#listItem\",\"position\":4,\"name\":\"Zentralschweiz\",\"item\":\"https:\\\/\\\/www.immo-invest.ch\\\/en\\\/category\\\/regions-en\\\/switzerland\\\/region-zentralschweiz-en\\\/\",\"nextItem\":{\"@type\":\"ListItem\",\"@id\":\"https:\\\/\\\/www.immo-invest.ch\\\/en\\\/category\\\/regions-en\\\/switzerland\\\/region-zentralschweiz-en\\\/region-zug-en\\\/#listItem\",\"name\":\"Zug\"},\"previousItem\":{\"@type\":\"ListItem\",\"@id\":\"https:\\\/\\\/www.immo-invest.ch\\\/en\\\/category\\\/regions-en\\\/switzerland\\\/#listItem\",\"name\":\"Switzerland\"}},{\"@type\":\"ListItem\",\"@id\":\"https:\\\/\\\/www.immo-invest.ch\\\/en\\\/category\\\/regions-en\\\/switzerland\\\/region-zentralschweiz-en\\\/region-zug-en\\\/#listItem\",\"position\":5,\"name\":\"Zug\",\"item\":\"https:\\\/\\\/www.immo-invest.ch\\\/en\\\/category\\\/regions-en\\\/switzerland\\\/region-zentralschweiz-en\\\/region-zug-en\\\/\",\"nextItem\":{\"@type\":\"ListItem\",\"@id\":\"https:\\\/\\\/www.immo-invest.ch\\\/en\\\/siemens-nimmt-klimaneutralen-campus-in-betrieb\\\/#listItem\",\"name\":\"Siemens puts climate-neutral campus into operation\"},\"previousItem\":{\"@type\":\"ListItem\",\"@id\":\"https:\\\/\\\/www.immo-invest.ch\\\/en\\\/category\\\/regions-en\\\/switzerland\\\/region-zentralschweiz-en\\\/#listItem\",\"name\":\"Zentralschweiz\"}},{\"@type\":\"ListItem\",\"@id\":\"https:\\\/\\\/www.immo-invest.ch\\\/en\\\/siemens-nimmt-klimaneutralen-campus-in-betrieb\\\/#listItem\",\"position\":6,\"name\":\"Siemens puts climate-neutral campus into operation\",\"previousItem\":{\"@type\":\"ListItem\",\"@id\":\"https:\\\/\\\/www.immo-invest.ch\\\/en\\\/category\\\/regions-en\\\/switzerland\\\/region-zentralschweiz-en\\\/region-zug-en\\\/#listItem\",\"name\":\"Zug\"}}]},{\"@type\":\"Organization\",\"@id\":\"https:\\\/\\\/www.immo-invest.ch\\\/en\\\/#organization\",\"name\":\"immo!nvest - Die Plattform f\\u00fcr Standorte und Immobilien\",\"description\":\"Die\\u00a0Plattform f\\u00fcr Standorte und Immobilien\",\"url\":\"https:\\\/\\\/www.immo-invest.ch\\\/en\\\/\",\"email\":\"admin@immomedia.ag\",\"telephone\":\"+41444420002\",\"logo\":{\"@type\":\"ImageObject\",\"url\":\"https:\\\/\\\/www.immo-invest.ch\\\/wp-content\\\/uploads\\\/2024\\\/09\\\/immoinvest_sm-scaled.jpg\",\"@id\":\"https:\\\/\\\/www.immo-invest.ch\\\/en\\\/siemens-nimmt-klimaneutralen-campus-in-betrieb\\\/#organizationLogo\",\"width\":2560,\"height\":1340},\"image\":{\"@id\":\"https:\\\/\\\/www.immo-invest.ch\\\/en\\\/siemens-nimmt-klimaneutralen-campus-in-betrieb\\\/#organizationLogo\"},\"sameAs\":[\"https:\\\/\\\/www.facebook.com\\\/people\\\/Immoinvest\\\/100077962920504\\\/\",\"https:\\\/\\\/x.com\\\/i\\\/flow\\\/login?redirect_after_login=immoinvest_ch\",\"https:\\\/\\\/www.instagram.com\\\/immoinvest_ch\\\/\",\"https:\\\/\\\/www.linkedin.com\\\/company\\\/immoinvest-swiss\"]},{\"@type\":\"Person\",\"@id\":\"https:\\\/\\\/www.immo-invest.ch\\\/en\\\/author\\\/immovestuser\\\/#author\",\"url\":\"https:\\\/\\\/www.immo-invest.ch\\\/en\\\/author\\\/immovestuser\\\/\",\"name\":\"immovestuser\",\"image\":{\"@type\":\"ImageObject\",\"@id\":\"https:\\\/\\\/www.immo-invest.ch\\\/en\\\/siemens-nimmt-klimaneutralen-campus-in-betrieb\\\/#authorImage\",\"url\":\"https:\\\/\\\/secure.gravatar.com\\\/avatar\\\/8e01f4d99f2eeea7a362ebb93305e1172a70e9293ba250f897a65c39f54cdd1e?s=96&d=mm&r=g\",\"width\":96,\"height\":96,\"caption\":\"immovestuser\"}},{\"@type\":\"WebPage\",\"@id\":\"https:\\\/\\\/www.immo-invest.ch\\\/en\\\/siemens-nimmt-klimaneutralen-campus-in-betrieb\\\/#webpage\",\"url\":\"https:\\\/\\\/www.immo-invest.ch\\\/en\\\/siemens-nimmt-klimaneutralen-campus-in-betrieb\\\/\",\"name\":\"Siemens puts climate-neutral campus into operation - immo!nvest - Die Plattform f\\u00fcr Standorte und Immobilien\",\"description\":\"Siemens Smart Infrastructure hat an seinem globalen Hauptsitz in der Greater Zurich Area ein modernisiertes Geb\\u00e4ude f\\u00fcr Forschung und Entwicklung eingeweiht. Damit ist nach siebenj\\u00e4hriger Bauzeit und einer Investition von 250 Millionen Franken der klimaneutrale Campus offiziell fertiggestellt.\",\"inLanguage\":\"en-US\",\"isPartOf\":{\"@id\":\"https:\\\/\\\/www.immo-invest.ch\\\/en\\\/#website\"},\"breadcrumb\":{\"@id\":\"https:\\\/\\\/www.immo-invest.ch\\\/en\\\/siemens-nimmt-klimaneutralen-campus-in-betrieb\\\/#breadcrumblist\"},\"author\":{\"@id\":\"https:\\\/\\\/www.immo-invest.ch\\\/en\\\/author\\\/immovestuser\\\/#author\"},\"creator\":{\"@id\":\"https:\\\/\\\/www.immo-invest.ch\\\/en\\\/author\\\/immovestuser\\\/#author\"},\"image\":{\"@type\":\"ImageObject\",\"url\":\"https:\\\/\\\/www.immo-invest.ch\\\/wp-content\\\/uploads\\\/2023\\\/09\\\/city-8080609_1280.jpg\",\"@id\":\"https:\\\/\\\/www.immo-invest.ch\\\/en\\\/siemens-nimmt-klimaneutralen-campus-in-betrieb\\\/#mainImage\",\"width\":1280,\"height\":853},\"primaryImageOfPage\":{\"@id\":\"https:\\\/\\\/www.immo-invest.ch\\\/en\\\/siemens-nimmt-klimaneutralen-campus-in-betrieb\\\/#mainImage\"},\"datePublished\":\"2023-09-15T10:11:40+02:00\",\"dateModified\":\"2023-09-15T10:18:03+02:00\"},{\"@type\":\"WebSite\",\"@id\":\"https:\\\/\\\/www.immo-invest.ch\\\/en\\\/#website\",\"url\":\"https:\\\/\\\/www.immo-invest.ch\\\/en\\\/\",\"name\":\"immo!nvest - Die Plattform f\\u00fcr Standorte und Immobilien\",\"description\":\"Die\\u00a0Plattform f\\u00fcr Standorte und Immobilien\",\"inLanguage\":\"en-US\",\"publisher\":{\"@id\":\"https:\\\/\\\/www.immo-invest.ch\\\/en\\\/#organization\"}}]}\n\t\t<\/script>\n\t\t<!-- All in One SEO -->\n\n","aioseo_head_json":{"title":"Siemens puts climate-neutral campus into operation - immo!nvest - Die Plattform f\u00fcr Standorte und Immobilien","description":"Siemens Smart Infrastructure hat an seinem globalen Hauptsitz in der Greater Zurich Area ein modernisiertes Geb\u00e4ude f\u00fcr Forschung und Entwicklung eingeweiht. Damit ist nach siebenj\u00e4hriger Bauzeit und einer Investition von 250 Millionen Franken der klimaneutrale Campus offiziell fertiggestellt.","canonical_url":"https:\/\/www.immo-invest.ch\/en\/siemens-nimmt-klimaneutralen-campus-in-betrieb\/","robots":"max-image-preview:large","keywords":"","webmasterTools":{"google-site-verification":"fHJKvgWpZCR2zVBHWfkQeFXC11qieUSff0HGNYfuyLA","miscellaneous":""},"schema":{"@context":"https:\/\/schema.org","@graph":[{"@type":"BlogPosting","@id":"https:\/\/www.immo-invest.ch\/en\/siemens-nimmt-klimaneutralen-campus-in-betrieb\/#blogposting","name":"Siemens puts climate-neutral campus into operation - immo!nvest - Die Plattform f\u00fcr Standorte und Immobilien","headline":"Siemens puts climate-neutral campus into operation","author":{"@id":"https:\/\/www.immo-invest.ch\/en\/author\/immovestuser\/#author"},"publisher":{"@id":"https:\/\/www.immo-invest.ch\/en\/#organization"},"image":{"@type":"ImageObject","url":"https:\/\/www.immo-invest.ch\/wp-content\/uploads\/2023\/09\/city-8080609_1280.jpg","width":1280,"height":853},"datePublished":"2023-09-15T10:11:40+02:00","dateModified":"2023-09-15T10:18:03+02:00","inLanguage":"en-US","mainEntityOfPage":{"@id":"https:\/\/www.immo-invest.ch\/en\/siemens-nimmt-klimaneutralen-campus-in-betrieb\/#webpage"},"isPartOf":{"@id":"https:\/\/www.immo-invest.ch\/en\/siemens-nimmt-klimaneutralen-campus-in-betrieb\/#webpage"},"articleSection":"immoNews, Zug, Bauwesen, immobilien, Immoinvest, immoNews, klimaneutral, News, Siemens, Optional"},{"@type":"BreadcrumbList","@id":"https:\/\/www.immo-invest.ch\/en\/siemens-nimmt-klimaneutralen-campus-in-betrieb\/#breadcrumblist","itemListElement":[{"@type":"ListItem","@id":"https:\/\/www.immo-invest.ch\/en\/#listItem","position":1,"name":"Home","item":"https:\/\/www.immo-invest.ch\/en\/","nextItem":{"@type":"ListItem","@id":"https:\/\/www.immo-invest.ch\/en\/category\/regions-en\/#listItem","name":"Regions"}},{"@type":"ListItem","@id":"https:\/\/www.immo-invest.ch\/en\/category\/regions-en\/#listItem","position":2,"name":"Regions","item":"https:\/\/www.immo-invest.ch\/en\/category\/regions-en\/","nextItem":{"@type":"ListItem","@id":"https:\/\/www.immo-invest.ch\/en\/category\/regions-en\/switzerland\/#listItem","name":"Switzerland"},"previousItem":{"@type":"ListItem","@id":"https:\/\/www.immo-invest.ch\/en\/#listItem","name":"Home"}},{"@type":"ListItem","@id":"https:\/\/www.immo-invest.ch\/en\/category\/regions-en\/switzerland\/#listItem","position":3,"name":"Switzerland","item":"https:\/\/www.immo-invest.ch\/en\/category\/regions-en\/switzerland\/","nextItem":{"@type":"ListItem","@id":"https:\/\/www.immo-invest.ch\/en\/category\/regions-en\/switzerland\/region-zentralschweiz-en\/#listItem","name":"Zentralschweiz"},"previousItem":{"@type":"ListItem","@id":"https:\/\/www.immo-invest.ch\/en\/category\/regions-en\/#listItem","name":"Regions"}},{"@type":"ListItem","@id":"https:\/\/www.immo-invest.ch\/en\/category\/regions-en\/switzerland\/region-zentralschweiz-en\/#listItem","position":4,"name":"Zentralschweiz","item":"https:\/\/www.immo-invest.ch\/en\/category\/regions-en\/switzerland\/region-zentralschweiz-en\/","nextItem":{"@type":"ListItem","@id":"https:\/\/www.immo-invest.ch\/en\/category\/regions-en\/switzerland\/region-zentralschweiz-en\/region-zug-en\/#listItem","name":"Zug"},"previousItem":{"@type":"ListItem","@id":"https:\/\/www.immo-invest.ch\/en\/category\/regions-en\/switzerland\/#listItem","name":"Switzerland"}},{"@type":"ListItem","@id":"https:\/\/www.immo-invest.ch\/en\/category\/regions-en\/switzerland\/region-zentralschweiz-en\/region-zug-en\/#listItem","position":5,"name":"Zug","item":"https:\/\/www.immo-invest.ch\/en\/category\/regions-en\/switzerland\/region-zentralschweiz-en\/region-zug-en\/","nextItem":{"@type":"ListItem","@id":"https:\/\/www.immo-invest.ch\/en\/siemens-nimmt-klimaneutralen-campus-in-betrieb\/#listItem","name":"Siemens puts climate-neutral campus into operation"},"previousItem":{"@type":"ListItem","@id":"https:\/\/www.immo-invest.ch\/en\/category\/regions-en\/switzerland\/region-zentralschweiz-en\/#listItem","name":"Zentralschweiz"}},{"@type":"ListItem","@id":"https:\/\/www.immo-invest.ch\/en\/siemens-nimmt-klimaneutralen-campus-in-betrieb\/#listItem","position":6,"name":"Siemens puts climate-neutral campus into operation","previousItem":{"@type":"ListItem","@id":"https:\/\/www.immo-invest.ch\/en\/category\/regions-en\/switzerland\/region-zentralschweiz-en\/region-zug-en\/#listItem","name":"Zug"}}]},{"@type":"Organization","@id":"https:\/\/www.immo-invest.ch\/en\/#organization","name":"immo!nvest - Die Plattform f\u00fcr Standorte und Immobilien","description":"Die\u00a0Plattform f\u00fcr Standorte und Immobilien","url":"https:\/\/www.immo-invest.ch\/en\/","email":"admin@immomedia.ag","telephone":"+41444420002","logo":{"@type":"ImageObject","url":"https:\/\/www.immo-invest.ch\/wp-content\/uploads\/2024\/09\/immoinvest_sm-scaled.jpg","@id":"https:\/\/www.immo-invest.ch\/en\/siemens-nimmt-klimaneutralen-campus-in-betrieb\/#organizationLogo","width":2560,"height":1340},"image":{"@id":"https:\/\/www.immo-invest.ch\/en\/siemens-nimmt-klimaneutralen-campus-in-betrieb\/#organizationLogo"},"sameAs":["https:\/\/www.facebook.com\/people\/Immoinvest\/100077962920504\/","https:\/\/x.com\/i\/flow\/login?redirect_after_login=immoinvest_ch","https:\/\/www.instagram.com\/immoinvest_ch\/","https:\/\/www.linkedin.com\/company\/immoinvest-swiss"]},{"@type":"Person","@id":"https:\/\/www.immo-invest.ch\/en\/author\/immovestuser\/#author","url":"https:\/\/www.immo-invest.ch\/en\/author\/immovestuser\/","name":"immovestuser","image":{"@type":"ImageObject","@id":"https:\/\/www.immo-invest.ch\/en\/siemens-nimmt-klimaneutralen-campus-in-betrieb\/#authorImage","url":"https:\/\/secure.gravatar.com\/avatar\/8e01f4d99f2eeea7a362ebb93305e1172a70e9293ba250f897a65c39f54cdd1e?s=96&d=mm&r=g","width":96,"height":96,"caption":"immovestuser"}},{"@type":"WebPage","@id":"https:\/\/www.immo-invest.ch\/en\/siemens-nimmt-klimaneutralen-campus-in-betrieb\/#webpage","url":"https:\/\/www.immo-invest.ch\/en\/siemens-nimmt-klimaneutralen-campus-in-betrieb\/","name":"Siemens puts climate-neutral campus into operation - immo!nvest - Die Plattform f\u00fcr Standorte und Immobilien","description":"Siemens Smart Infrastructure hat an seinem globalen Hauptsitz in der Greater Zurich Area ein modernisiertes Geb\u00e4ude f\u00fcr Forschung und Entwicklung eingeweiht. Damit ist nach siebenj\u00e4hriger Bauzeit und einer Investition von 250 Millionen Franken der klimaneutrale Campus offiziell fertiggestellt.","inLanguage":"en-US","isPartOf":{"@id":"https:\/\/www.immo-invest.ch\/en\/#website"},"breadcrumb":{"@id":"https:\/\/www.immo-invest.ch\/en\/siemens-nimmt-klimaneutralen-campus-in-betrieb\/#breadcrumblist"},"author":{"@id":"https:\/\/www.immo-invest.ch\/en\/author\/immovestuser\/#author"},"creator":{"@id":"https:\/\/www.immo-invest.ch\/en\/author\/immovestuser\/#author"},"image":{"@type":"ImageObject","url":"https:\/\/www.immo-invest.ch\/wp-content\/uploads\/2023\/09\/city-8080609_1280.jpg","@id":"https:\/\/www.immo-invest.ch\/en\/siemens-nimmt-klimaneutralen-campus-in-betrieb\/#mainImage","width":1280,"height":853},"primaryImageOfPage":{"@id":"https:\/\/www.immo-invest.ch\/en\/siemens-nimmt-klimaneutralen-campus-in-betrieb\/#mainImage"},"datePublished":"2023-09-15T10:11:40+02:00","dateModified":"2023-09-15T10:18:03+02:00"},{"@type":"WebSite","@id":"https:\/\/www.immo-invest.ch\/en\/#website","url":"https:\/\/www.immo-invest.ch\/en\/","name":"immo!nvest - Die Plattform f\u00fcr Standorte und Immobilien","description":"Die\u00a0Plattform f\u00fcr Standorte und Immobilien","inLanguage":"en-US","publisher":{"@id":"https:\/\/www.immo-invest.ch\/en\/#organization"}}]},"og:locale":"en_US","og:site_name":"immo!nvest - Die Plattform f\u00fcr Standorte und Immobilien - Die\u00a0Plattform f\u00fcr Standorte und Immobilien","og:type":"article","og:title":"Siemens puts climate-neutral campus into operation - immo!nvest - Die Plattform f\u00fcr Standorte und Immobilien","og:description":"Siemens Smart Infrastructure hat an seinem globalen Hauptsitz in der Greater Zurich Area ein modernisiertes Geb\u00e4ude f\u00fcr Forschung und Entwicklung eingeweiht. Damit ist nach siebenj\u00e4hriger Bauzeit und einer Investition von 250 Millionen Franken der klimaneutrale Campus offiziell fertiggestellt.","og:url":"https:\/\/www.immo-invest.ch\/en\/siemens-nimmt-klimaneutralen-campus-in-betrieb\/","og:image":"https:\/\/www.immo-invest.ch\/wp-content\/uploads\/2023\/09\/city-8080609_1280.jpg","og:image:secure_url":"https:\/\/www.immo-invest.ch\/wp-content\/uploads\/2023\/09\/city-8080609_1280.jpg","og:image:width":1280,"og:image:height":853,"article:published_time":"2023-09-15T08:11:40+00:00","article:modified_time":"2023-09-15T08:18:03+00:00","article:publisher":"https:\/\/www.facebook.com\/people\/Immoinvest\/100077962920504\/","twitter:card":"summary_large_image","twitter:site":"@i","twitter:title":"Siemens puts climate-neutral campus into operation - immo!nvest - Die Plattform f\u00fcr Standorte und Immobilien","twitter:description":"Siemens Smart Infrastructure hat an seinem globalen Hauptsitz in der Greater Zurich Area ein modernisiertes Geb\u00e4ude f\u00fcr Forschung und Entwicklung eingeweiht. Damit ist nach siebenj\u00e4hriger Bauzeit und einer Investition von 250 Millionen Franken der klimaneutrale Campus offiziell fertiggestellt.","twitter:creator":"@i","twitter:image":"https:\/\/www.immo-invest.ch\/wp-content\/uploads\/2023\/09\/city-8080609_1280.jpg"},"aioseo_meta_data":{"post_id":"63950","title":null,"description":null,"keywords":null,"keyphrases":null,"primary_term":null,"canonical_url":null,"og_title":null,"og_description":null,"og_object_type":"default","og_image_type":"default","og_image_url":null,"og_image_width":null,"og_image_height":null,"og_image_custom_url":null,"og_image_custom_fields":null,"og_video":null,"og_custom_url":null,"og_article_section":null,"og_article_tags":null,"twitter_use_og":false,"twitter_card":"default","twitter_image_type":"default","twitter_image_url":null,"twitter_image_custom_url":null,"twitter_image_custom_fields":null,"twitter_title":null,"twitter_description":null,"schema":{"blockGraphs":[],"customGraphs":[],"default":{"data":{"Article":[],"Course":[],"Dataset":[],"FAQPage":[],"Movie":[],"Person":[],"Product":[],"ProductReview":[],"Car":[],"Recipe":[],"Service":[],"SoftwareApplication":[],"WebPage":[]},"graphName":"","isEnabled":true},"graphs":[]},"schema_type":"default","schema_type_options":null,"pillar_content":false,"robots_default":true,"robots_noindex":false,"robots_noarchive":false,"robots_nosnippet":false,"robots_nofollow":false,"robots_noimageindex":false,"robots_noodp":false,"robots_notranslate":false,"robots_max_snippet":null,"robots_max_videopreview":null,"robots_max_imagepreview":"large","priority":null,"frequency":null,"local_seo":null,"breadcrumb_settings":null,"limit_modified_date":false,"ai":null,"created":"2024-09-20 09:25:05","updated":"2025-10-23 15:17:12","seo_analyzer_scan_date":null,"focus_keyword":null,"additional_keywords":null,"truseo_locale":null},"aioseo_breadcrumb":"<div class=\"aioseo-breadcrumbs\"><span class=\"aioseo-breadcrumb\">\n\t\t\t<a href=\"https:\/\/www.immo-invest.ch\/en\/\" title=\"Home\">Home<\/a>\n\t\t<\/span><span class=\"aioseo-breadcrumb-separator\">&raquo;<\/span><span class=\"aioseo-breadcrumb\">\n\t\t\t<a href=\"https:\/\/www.immo-invest.ch\/en\/category\/regions-en\/\" title=\"Regions\">Regions<\/a>\n\t\t<\/span><span class=\"aioseo-breadcrumb-separator\">&raquo;<\/span><span class=\"aioseo-breadcrumb\">\n\t\t\t<a href=\"https:\/\/www.immo-invest.ch\/en\/category\/regions-en\/switzerland\/\" title=\"Switzerland\">Switzerland<\/a>\n\t\t<\/span><span class=\"aioseo-breadcrumb-separator\">&raquo;<\/span><span class=\"aioseo-breadcrumb\">\n\t\t\t<a href=\"https:\/\/www.immo-invest.ch\/en\/category\/regions-en\/switzerland\/region-zentralschweiz-en\/\" title=\"Zentralschweiz\">Zentralschweiz<\/a>\n\t\t<\/span><span class=\"aioseo-breadcrumb-separator\">&raquo;<\/span><span class=\"aioseo-breadcrumb\">\n\t\t\t<a href=\"https:\/\/www.immo-invest.ch\/en\/category\/regions-en\/switzerland\/region-zentralschweiz-en\/region-zug-en\/\" title=\"Zug\">Zug<\/a>\n\t\t<\/span><span class=\"aioseo-breadcrumb-separator\">&raquo;<\/span><span class=\"aioseo-breadcrumb\">\n\t\t\tSiemens puts climate-neutral campus into operation\n\t\t<\/span><\/div>","aioseo_breadcrumb_json":[{"label":"Home","link":"https:\/\/www.immo-invest.ch\/en\/"},{"label":"Regions","link":"https:\/\/www.immo-invest.ch\/en\/category\/regions-en\/"},{"label":"Switzerland","link":"https:\/\/www.immo-invest.ch\/en\/category\/regions-en\/switzerland\/"},{"label":"Zentralschweiz","link":"https:\/\/www.immo-invest.ch\/en\/category\/regions-en\/switzerland\/region-zentralschweiz-en\/"},{"label":"Zug","link":"https:\/\/www.immo-invest.ch\/en\/category\/regions-en\/switzerland\/region-zentralschweiz-en\/region-zug-en\/"},{"label":"Siemens puts climate-neutral campus into operation","link":"https:\/\/www.immo-invest.ch\/en\/siemens-nimmt-klimaneutralen-campus-in-betrieb\/"}],"featured_image_src":"https:\/\/www.immo-invest.ch\/wp-content\/uploads\/2023\/09\/city-8080609_1280-336x168.jpg","_links":{"self":[{"href":"https:\/\/www.immo-invest.ch\/en\/wp-json\/wp\/v2\/posts\/63950","targetHints":{"allow":["GET"]}}],"collection":[{"href":"https:\/\/www.immo-invest.ch\/en\/wp-json\/wp\/v2\/posts"}],"about":[{"href":"https:\/\/www.immo-invest.ch\/en\/wp-json\/wp\/v2\/types\/post"}],"author":[{"embeddable":true,"href":"https:\/\/www.immo-invest.ch\/en\/wp-json\/wp\/v2\/users\/2"}],"replies":[{"embeddable":true,"href":"https:\/\/www.immo-invest.ch\/en\/wp-json\/wp\/v2\/comments?post=63950"}],"version-history":[{"count":0,"href":"https:\/\/www.immo-invest.ch\/en\/wp-json\/wp\/v2\/posts\/63950\/revisions"}],"wp:featuredmedia":[{"embeddable":true,"href":"https:\/\/www.immo-invest.ch\/en\/wp-json\/wp\/v2\/media\/63945"}],"wp:attachment":[{"href":"https:\/\/www.immo-invest.ch\/en\/wp-json\/wp\/v2\/media?parent=63950"}],"wp:term":[{"taxonomy":"category","embeddable":true,"href":"https:\/\/www.immo-invest.ch\/en\/wp-json\/wp\/v2\/categories?post=63950"},{"taxonomy":"post_tag","embeddable":true,"href":"https:\/\/www.immo-invest.ch\/en\/wp-json\/wp\/v2\/tags?post=63950"}],"curies":[{"name":"wp","href":"https:\/\/api.w.org\/{rel}","templated":true}]}}